{"id":2641,"date":"2025-02-15T17:50:29","date_gmt":"2025-02-15T16:50:29","guid":{"rendered":"https:\/\/nordnesrepublikken.no\/index.php\/2025\/02\/15\/norsk-sanger-for-a-representere-irland-i-eurovision\/"},"modified":"2025-02-15T17:50:30","modified_gmt":"2025-02-15T16:50:30","slug":"norsk-sanger-for-a-representere-irland-i-eurovision","status":"publish","type":"post","link":"https:\/\/nordnesrepublikken.no\/index.php\/2025\/02\/15\/norsk-sanger-for-a-representere-irland-i-eurovision\/","title":{"rendered":"Norsk sanger for \u00e5 representere Irland i Eurovision"},"content":{"rendered":"<p><\/p>\n<div class=\"wordpress-content\">\n                    <!-- Article Start --><\/p>\n<p><strong>P\u00e5 en gang ble det forventet at deltakere som kom inn i Eurovision Song -konkurransen, ville blitt f\u00f8dt i landet de representerte, men det endret seg for en tid tilbake.<\/strong><\/p>\n<p>Den siste irske oppf\u00f8ringen vil v\u00e6re Emmy (fullt navn Emmy Kristine Guttulsrud Kristiansen) som faktisk ble f\u00f8dt i Norge og til og med dukket opp i det norske TV -showet som valgte landets deltaker for 2021 Eurovision, men ikke var vellykket.<\/p>\n<p>Hun har v\u00e6rt en produktiv ut\u00f8ver som ga ut ikke mindre enn 34 singler de siste 10 \u00e5rene og er tilknyttet Warner -merker og kreativ lisensiering.<\/p>\n<div class=\"sra_unit\"><link rel=\"stylesheet\" id=\"block-sra\" href=\"https:\/\/euroweeklynews.com\/wp-content\/plugins\/snack-related-articles\/dist\/css\/snack-related.min.css?230514-44157\" type=\"text\/css\" media=\"all\">\n<\/div>\n<p>Under irske regler er hun kvalifisert til \u00e5 representere Irland fordi hun skrev sangen med Larissa Tormey, selv opprinnelig fra det tidligere Sovjetunionen, men bosatte seg i republikken i 2001.<\/p>\n<p>Hennes vinnende sang har tittelen  <em>Laika Party <\/em>og er en hyllest til Laika den f\u00f8rste hunden i verdensrommet, som ble lansert av Sovjetunionen i 1957, som dessverre d\u00f8de av hypertermi -timer inn i flyturen, p\u00e5 h\u00e5ndverkets fjerde bane.<\/p>\n<p>Med en typisk Eurobeat er sangen fengende og vil bli ledsaget av et bakteppe av et nesten psykedelisk lysshow.<\/p>\n<h2>Norsk sanger valgt av Irland for Eurovision Entry etter intens TV -stemme<\/h2>\n<p>For \u00e5 f\u00e5 denne utmerkelsen, var Emmy en av seks artister som presenterte sangene sine p\u00e5 <em>avd\u00f8de sene show Eurosong Special<\/em> Vert av Patrick Kielty med gjestedommer som Bambie Thug, fjor\u00e5rets irske inngang.<\/p>\n<p>Etter \u00e5 ha sl\u00e5tt ut fire av de seks sangere, var det et &laquo;spill&raquo; mellom Emmy og den irske sangeren Samantha Mumba, men Emmy vant flest stemmer fra en nasjonal og internasjonal jury, og dermed s\u00f8rget for hennes plass i Eurovision 2025 som blir holdt i Basle Sveits .<\/p>\n<h2>Norsk sanger vil representere Irland p\u00e5 Eurovision Semifinal 15. mai i Basle<\/h2>\n<p>Det blir semifinale 13. og 15. mai (med Irland som deltar i den andre semifinalen), da vil 25 av de 37 konkurrerende landene g\u00e5 gjennom til Grand Final som finner sted l\u00f8rdag 17. mai.<\/p>\n<p>Irland har allerede rekord for de mest individuelle seire med tre oppn\u00e5dd av Johnny Logan pluss ytterligere tre seire av andre sangere.<\/p>\n<p>                    <!-- Article End --><\/p><\/div>\n","protected":false},"excerpt":{"rendered":"<p>P\u00e5 en gang ble det forventet at deltakere som kom inn i Eurovision Song -konkurransen,<\/p>\n","protected":false},"author":1,"featured_media":2643,"comment_status":"closed","ping_status":"open","sticky":false,"template":"","format":"standard","meta":{"footnotes":""},"categories":[22],"tags":[133,132,129,131,130],"class_list":["post-2641","post","type-post","status-publish","format-standard","has-post-thumbnail","hentry","category-nasjonal","tag-eurovision","tag-irland","tag-norsk","tag-representere","tag-sanger","generate-columns","tablet-grid-50","mobile-grid-100","grid-parent","grid-33","resize-featured-image"],"yoast_head":"<!-- This site is optimized with the Yoast SEO plugin v24.4 - https:\/\/yoast.com\/wordpress\/plugins\/seo\/ -->\n<title>Norsk sanger for \u00e5 representere Irland i Eurovision - Nordnesrepublikken<\/title>\n<meta name=\"robots\" content=\"index, follow, max-snippet:-1, max-image-preview:large, max-video-preview:-1\" \/>\n<link rel=\"canonical\" href=\"https:\/\/nordnesrepublikken.no\/index.php\/2025\/02\/15\/norsk-sanger-for-a-representere-irland-i-eurovision\/\" \/>\n<meta property=\"og:locale\" content=\"nb_NO\" \/>\n<meta property=\"og:type\" content=\"article\" \/>\n<meta property=\"og:title\" content=\"Norsk sanger for \u00e5 representere Irland i Eurovision - Nordnesrepublikken\" \/>\n<meta property=\"og:description\" content=\"P\u00e5 en gang ble det forventet at deltakere som kom inn i Eurovision Song -konkurransen,\" \/>\n<meta property=\"og:url\" content=\"https:\/\/nordnesrepublikken.no\/index.php\/2025\/02\/15\/norsk-sanger-for-a-representere-irland-i-eurovision\/\" \/>\n<meta property=\"og:site_name\" content=\"Nordnesrepublikken\" \/>\n<meta property=\"article:published_time\" content=\"2025-02-15T16:50:29+00:00\" \/>\n<meta property=\"article:modified_time\" content=\"2025-02-15T16:50:30+00:00\" \/>\n<meta property=\"og:image\" content=\"https:\/\/nordnesrepublikken.no\/wp-content\/uploads\/2025\/02\/1739638230_Norsk-sanger-for-a-representere-Irland-i-Eurovision.jpg\" \/>\n\t<meta property=\"og:image:width\" content=\"1200\" \/>\n\t<meta property=\"og:image:height\" content=\"800\" \/>\n\t<meta property=\"og:image:type\" content=\"image\/jpeg\" \/>\n<meta name=\"author\" content=\"Ole Andersen\" \/>\n<meta name=\"twitter:card\" content=\"summary_large_image\" \/>\n<meta name=\"twitter:label1\" content=\"Skrevet av\" \/>\n\t<meta name=\"twitter:data1\" content=\"Ole Andersen\" \/>\n\t<meta name=\"twitter:label2\" content=\"Ansl. lesetid\" \/>\n\t<meta name=\"twitter:data2\" content=\"2 minutter\" \/>\n<script type=\"application\/ld+json\" class=\"yoast-schema-graph\">{\"@context\":\"https:\/\/schema.org\",\"@graph\":[{\"@type\":\"Article\",\"@id\":\"https:\/\/nordnesrepublikken.no\/index.php\/2025\/02\/15\/norsk-sanger-for-a-representere-irland-i-eurovision\/#article\",\"isPartOf\":{\"@id\":\"https:\/\/nordnesrepublikken.no\/index.php\/2025\/02\/15\/norsk-sanger-for-a-representere-irland-i-eurovision\/\"},\"author\":{\"name\":\"Ole Andersen\",\"@id\":\"https:\/\/nordnesrepublikken.no\/#\/schema\/person\/2e7e81935bab77882fffb79296240ff1\"},\"headline\":\"Norsk sanger for \u00e5 representere Irland i Eurovision\",\"datePublished\":\"2025-02-15T16:50:29+00:00\",\"dateModified\":\"2025-02-15T16:50:30+00:00\",\"mainEntityOfPage\":{\"@id\":\"https:\/\/nordnesrepublikken.no\/index.php\/2025\/02\/15\/norsk-sanger-for-a-representere-irland-i-eurovision\/\"},\"wordCount\":352,\"publisher\":{\"@id\":\"https:\/\/nordnesrepublikken.no\/#organization\"},\"image\":{\"@id\":\"https:\/\/nordnesrepublikken.no\/index.php\/2025\/02\/15\/norsk-sanger-for-a-representere-irland-i-eurovision\/#primaryimage\"},\"thumbnailUrl\":\"https:\/\/nordnesrepublikken.no\/wp-content\/uploads\/2025\/02\/1739638230_Norsk-sanger-for-a-representere-Irland-i-Eurovision.jpg\",\"keywords\":[\"Eurovision\",\"Irland\",\"Norsk\",\"representere\",\"sanger\"],\"articleSection\":[\"Nasjonal\"],\"inLanguage\":\"nb-NO\"},{\"@type\":\"WebPage\",\"@id\":\"https:\/\/nordnesrepublikken.no\/index.php\/2025\/02\/15\/norsk-sanger-for-a-representere-irland-i-eurovision\/\",\"url\":\"https:\/\/nordnesrepublikken.no\/index.php\/2025\/02\/15\/norsk-sanger-for-a-representere-irland-i-eurovision\/\",\"name\":\"Norsk sanger for \u00e5 representere Irland i Eurovision - Nordnesrepublikken\",\"isPartOf\":{\"@id\":\"https:\/\/nordnesrepublikken.no\/#website\"},\"primaryImageOfPage\":{\"@id\":\"https:\/\/nordnesrepublikken.no\/index.php\/2025\/02\/15\/norsk-sanger-for-a-representere-irland-i-eurovision\/#primaryimage\"},\"image\":{\"@id\":\"https:\/\/nordnesrepublikken.no\/index.php\/2025\/02\/15\/norsk-sanger-for-a-representere-irland-i-eurovision\/#primaryimage\"},\"thumbnailUrl\":\"https:\/\/nordnesrepublikken.no\/wp-content\/uploads\/2025\/02\/1739638230_Norsk-sanger-for-a-representere-Irland-i-Eurovision.jpg\",\"datePublished\":\"2025-02-15T16:50:29+00:00\",\"dateModified\":\"2025-02-15T16:50:30+00:00\",\"breadcrumb\":{\"@id\":\"https:\/\/nordnesrepublikken.no\/index.php\/2025\/02\/15\/norsk-sanger-for-a-representere-irland-i-eurovision\/#breadcrumb\"},\"inLanguage\":\"nb-NO\",\"potentialAction\":[{\"@type\":\"ReadAction\",\"target\":[\"https:\/\/nordnesrepublikken.no\/index.php\/2025\/02\/15\/norsk-sanger-for-a-representere-irland-i-eurovision\/\"]}]},{\"@type\":\"ImageObject\",\"inLanguage\":\"nb-NO\",\"@id\":\"https:\/\/nordnesrepublikken.no\/index.php\/2025\/02\/15\/norsk-sanger-for-a-representere-irland-i-eurovision\/#primaryimage\",\"url\":\"https:\/\/nordnesrepublikken.no\/wp-content\/uploads\/2025\/02\/1739638230_Norsk-sanger-for-a-representere-Irland-i-Eurovision.jpg\",\"contentUrl\":\"https:\/\/nordnesrepublikken.no\/wp-content\/uploads\/2025\/02\/1739638230_Norsk-sanger-for-a-representere-Irland-i-Eurovision.jpg\",\"width\":1200,\"height\":800,\"caption\":\"Norsk sanger for \u00e5 representere Irland i Eurovision\"},{\"@type\":\"BreadcrumbList\",\"@id\":\"https:\/\/nordnesrepublikken.no\/index.php\/2025\/02\/15\/norsk-sanger-for-a-representere-irland-i-eurovision\/#breadcrumb\",\"itemListElement\":[{\"@type\":\"ListItem\",\"position\":1,\"name\":\"Home\",\"item\":\"https:\/\/nordnesrepublikken.no\/\"},{\"@type\":\"ListItem\",\"position\":2,\"name\":\"Norsk sanger for \u00e5 representere Irland i Eurovision\"}]},{\"@type\":\"WebSite\",\"@id\":\"https:\/\/nordnesrepublikken.no\/#website\",\"url\":\"https:\/\/nordnesrepublikken.no\/\",\"name\":\"Nordnesrepublikken\",\"description\":\"Stemmer og Visjoner fra Republikkens Hjerte\",\"publisher\":{\"@id\":\"https:\/\/nordnesrepublikken.no\/#organization\"},\"potentialAction\":[{\"@type\":\"SearchAction\",\"target\":{\"@type\":\"EntryPoint\",\"urlTemplate\":\"https:\/\/nordnesrepublikken.no\/?s={search_term_string}\"},\"query-input\":{\"@type\":\"PropertyValueSpecification\",\"valueRequired\":true,\"valueName\":\"search_term_string\"}}],\"inLanguage\":\"nb-NO\"},{\"@type\":\"Organization\",\"@id\":\"https:\/\/nordnesrepublikken.no\/#organization\",\"name\":\"Nordnesrepublikken\",\"url\":\"https:\/\/nordnesrepublikken.no\/\",\"logo\":{\"@type\":\"ImageObject\",\"inLanguage\":\"nb-NO\",\"@id\":\"https:\/\/nordnesrepublikken.no\/#\/schema\/logo\/image\/\",\"url\":\"https:\/\/nordnesrepublikken.no\/wp-content\/uploads\/2025\/02\/cropped-nordnesrepublikken-2.png\",\"contentUrl\":\"https:\/\/nordnesrepublikken.no\/wp-content\/uploads\/2025\/02\/cropped-nordnesrepublikken-2.png\",\"width\":1248,\"height\":362,\"caption\":\"Nordnesrepublikken\"},\"image\":{\"@id\":\"https:\/\/nordnesrepublikken.no\/#\/schema\/logo\/image\/\"}},{\"@type\":\"Person\",\"@id\":\"https:\/\/nordnesrepublikken.no\/#\/schema\/person\/2e7e81935bab77882fffb79296240ff1\",\"name\":\"Ole Andersen\",\"image\":{\"@type\":\"ImageObject\",\"inLanguage\":\"nb-NO\",\"@id\":\"https:\/\/nordnesrepublikken.no\/#\/schema\/person\/image\/\",\"url\":\"https:\/\/nordnesrepublikken.no\/wp-content\/uploads\/2025\/02\/nordnesrepublikken-2-2-150x150.jpg\",\"contentUrl\":\"https:\/\/nordnesrepublikken.no\/wp-content\/uploads\/2025\/02\/nordnesrepublikken-2-2-150x150.jpg\",\"caption\":\"Ole Andersen\"},\"description\":\"Ettersom jeg vokste opp i Oslo, har jeg alltid v\u00e6rt fascinert av ordenes kraft og deres evne til \u00e5 skape endringer. Etter \u00e5 ha fullf\u00f8rt min utdannelse i kommunikasjon ved Universitetet i Bergen, fikk jeg muligheten til \u00e5 jobbe innen ulike medier, der jeg har s\u00f8kt \u00e5 belyse viktige samfunnssp\u00f8rsm\u00e5l. I dag, som redakt\u00f8r for Nordnesrepublikken, pr\u00f8ver jeg \u00e5 forene min kj\u00e6rlighet for journalistikk med min lidenskap for innovasjon og eventyr.\",\"sameAs\":[\"https:\/\/nordnesrepublikken.no\/\"]}]}<\/script>\n<!-- \/ Yoast SEO plugin. -->","yoast_head_json":{"title":"Norsk sanger for \u00e5 representere Irland i Eurovision - Nordnesrepublikken","robots":{"index":"index","follow":"follow","max-snippet":"max-snippet:-1","max-image-preview":"max-image-preview:large","max-video-preview":"max-video-preview:-1"},"canonical":"https:\/\/nordnesrepublikken.no\/index.php\/2025\/02\/15\/norsk-sanger-for-a-representere-irland-i-eurovision\/","og_locale":"nb_NO","og_type":"article","og_title":"Norsk sanger for \u00e5 representere Irland i Eurovision - Nordnesrepublikken","og_description":"P\u00e5 en gang ble det forventet at deltakere som kom inn i Eurovision Song -konkurransen,","og_url":"https:\/\/nordnesrepublikken.no\/index.php\/2025\/02\/15\/norsk-sanger-for-a-representere-irland-i-eurovision\/","og_site_name":"Nordnesrepublikken","article_published_time":"2025-02-15T16:50:29+00:00","article_modified_time":"2025-02-15T16:50:30+00:00","og_image":[{"width":1200,"height":800,"url":"https:\/\/nordnesrepublikken.no\/wp-content\/uploads\/2025\/02\/1739638230_Norsk-sanger-for-a-representere-Irland-i-Eurovision.jpg","type":"image\/jpeg"}],"author":"Ole Andersen","twitter_card":"summary_large_image","twitter_misc":{"Skrevet av":"Ole Andersen","Ansl. lesetid":"2 minutter"},"schema":{"@context":"https:\/\/schema.org","@graph":[{"@type":"Article","@id":"https:\/\/nordnesrepublikken.no\/index.php\/2025\/02\/15\/norsk-sanger-for-a-representere-irland-i-eurovision\/#article","isPartOf":{"@id":"https:\/\/nordnesrepublikken.no\/index.php\/2025\/02\/15\/norsk-sanger-for-a-representere-irland-i-eurovision\/"},"author":{"name":"Ole Andersen","@id":"https:\/\/nordnesrepublikken.no\/#\/schema\/person\/2e7e81935bab77882fffb79296240ff1"},"headline":"Norsk sanger for \u00e5 representere Irland i Eurovision","datePublished":"2025-02-15T16:50:29+00:00","dateModified":"2025-02-15T16:50:30+00:00","mainEntityOfPage":{"@id":"https:\/\/nordnesrepublikken.no\/index.php\/2025\/02\/15\/norsk-sanger-for-a-representere-irland-i-eurovision\/"},"wordCount":352,"publisher":{"@id":"https:\/\/nordnesrepublikken.no\/#organization"},"image":{"@id":"https:\/\/nordnesrepublikken.no\/index.php\/2025\/02\/15\/norsk-sanger-for-a-representere-irland-i-eurovision\/#primaryimage"},"thumbnailUrl":"https:\/\/nordnesrepublikken.no\/wp-content\/uploads\/2025\/02\/1739638230_Norsk-sanger-for-a-representere-Irland-i-Eurovision.jpg","keywords":["Eurovision","Irland","Norsk","representere","sanger"],"articleSection":["Nasjonal"],"inLanguage":"nb-NO"},{"@type":"WebPage","@id":"https:\/\/nordnesrepublikken.no\/index.php\/2025\/02\/15\/norsk-sanger-for-a-representere-irland-i-eurovision\/","url":"https:\/\/nordnesrepublikken.no\/index.php\/2025\/02\/15\/norsk-sanger-for-a-representere-irland-i-eurovision\/","name":"Norsk sanger for \u00e5 representere Irland i Eurovision - Nordnesrepublikken","isPartOf":{"@id":"https:\/\/nordnesrepublikken.no\/#website"},"primaryImageOfPage":{"@id":"https:\/\/nordnesrepublikken.no\/index.php\/2025\/02\/15\/norsk-sanger-for-a-representere-irland-i-eurovision\/#primaryimage"},"image":{"@id":"https:\/\/nordnesrepublikken.no\/index.php\/2025\/02\/15\/norsk-sanger-for-a-representere-irland-i-eurovision\/#primaryimage"},"thumbnailUrl":"https:\/\/nordnesrepublikken.no\/wp-content\/uploads\/2025\/02\/1739638230_Norsk-sanger-for-a-representere-Irland-i-Eurovision.jpg","datePublished":"2025-02-15T16:50:29+00:00","dateModified":"2025-02-15T16:50:30+00:00","breadcrumb":{"@id":"https:\/\/nordnesrepublikken.no\/index.php\/2025\/02\/15\/norsk-sanger-for-a-representere-irland-i-eurovision\/#breadcrumb"},"inLanguage":"nb-NO","potentialAction":[{"@type":"ReadAction","target":["https:\/\/nordnesrepublikken.no\/index.php\/2025\/02\/15\/norsk-sanger-for-a-representere-irland-i-eurovision\/"]}]},{"@type":"ImageObject","inLanguage":"nb-NO","@id":"https:\/\/nordnesrepublikken.no\/index.php\/2025\/02\/15\/norsk-sanger-for-a-representere-irland-i-eurovision\/#primaryimage","url":"https:\/\/nordnesrepublikken.no\/wp-content\/uploads\/2025\/02\/1739638230_Norsk-sanger-for-a-representere-Irland-i-Eurovision.jpg","contentUrl":"https:\/\/nordnesrepublikken.no\/wp-content\/uploads\/2025\/02\/1739638230_Norsk-sanger-for-a-representere-Irland-i-Eurovision.jpg","width":1200,"height":800,"caption":"Norsk sanger for \u00e5 representere Irland i Eurovision"},{"@type":"BreadcrumbList","@id":"https:\/\/nordnesrepublikken.no\/index.php\/2025\/02\/15\/norsk-sanger-for-a-representere-irland-i-eurovision\/#breadcrumb","itemListElement":[{"@type":"ListItem","position":1,"name":"Home","item":"https:\/\/nordnesrepublikken.no\/"},{"@type":"ListItem","position":2,"name":"Norsk sanger for \u00e5 representere Irland i Eurovision"}]},{"@type":"WebSite","@id":"https:\/\/nordnesrepublikken.no\/#website","url":"https:\/\/nordnesrepublikken.no\/","name":"Nordnesrepublikken","description":"Stemmer og Visjoner fra Republikkens Hjerte","publisher":{"@id":"https:\/\/nordnesrepublikken.no\/#organization"},"potentialAction":[{"@type":"SearchAction","target":{"@type":"EntryPoint","urlTemplate":"https:\/\/nordnesrepublikken.no\/?s={search_term_string}"},"query-input":{"@type":"PropertyValueSpecification","valueRequired":true,"valueName":"search_term_string"}}],"inLanguage":"nb-NO"},{"@type":"Organization","@id":"https:\/\/nordnesrepublikken.no\/#organization","name":"Nordnesrepublikken","url":"https:\/\/nordnesrepublikken.no\/","logo":{"@type":"ImageObject","inLanguage":"nb-NO","@id":"https:\/\/nordnesrepublikken.no\/#\/schema\/logo\/image\/","url":"https:\/\/nordnesrepublikken.no\/wp-content\/uploads\/2025\/02\/cropped-nordnesrepublikken-2.png","contentUrl":"https:\/\/nordnesrepublikken.no\/wp-content\/uploads\/2025\/02\/cropped-nordnesrepublikken-2.png","width":1248,"height":362,"caption":"Nordnesrepublikken"},"image":{"@id":"https:\/\/nordnesrepublikken.no\/#\/schema\/logo\/image\/"}},{"@type":"Person","@id":"https:\/\/nordnesrepublikken.no\/#\/schema\/person\/2e7e81935bab77882fffb79296240ff1","name":"Ole Andersen","image":{"@type":"ImageObject","inLanguage":"nb-NO","@id":"https:\/\/nordnesrepublikken.no\/#\/schema\/person\/image\/","url":"https:\/\/nordnesrepublikken.no\/wp-content\/uploads\/2025\/02\/nordnesrepublikken-2-2-150x150.jpg","contentUrl":"https:\/\/nordnesrepublikken.no\/wp-content\/uploads\/2025\/02\/nordnesrepublikken-2-2-150x150.jpg","caption":"Ole Andersen"},"description":"Ettersom jeg vokste opp i Oslo, har jeg alltid v\u00e6rt fascinert av ordenes kraft og deres evne til \u00e5 skape endringer. Etter \u00e5 ha fullf\u00f8rt min utdannelse i kommunikasjon ved Universitetet i Bergen, fikk jeg muligheten til \u00e5 jobbe innen ulike medier, der jeg har s\u00f8kt \u00e5 belyse viktige samfunnssp\u00f8rsm\u00e5l. I dag, som redakt\u00f8r for Nordnesrepublikken, pr\u00f8ver jeg \u00e5 forene min kj\u00e6rlighet for journalistikk med min lidenskap for innovasjon og eventyr.","sameAs":["https:\/\/nordnesrepublikken.no\/"]}]}},"_links":{"self":[{"href":"https:\/\/nordnesrepublikken.no\/index.php\/wp-json\/wp\/v2\/posts\/2641","targetHints":{"allow":["GET"]}}],"collection":[{"href":"https:\/\/nordnesrepublikken.no\/index.php\/wp-json\/wp\/v2\/posts"}],"about":[{"href":"https:\/\/nordnesrepublikken.no\/index.php\/wp-json\/wp\/v2\/types\/post"}],"author":[{"embeddable":true,"href":"https:\/\/nordnesrepublikken.no\/index.php\/wp-json\/wp\/v2\/users\/1"}],"replies":[{"embeddable":true,"href":"https:\/\/nordnesrepublikken.no\/index.php\/wp-json\/wp\/v2\/comments?post=2641"}],"version-history":[{"count":1,"href":"https:\/\/nordnesrepublikken.no\/index.php\/wp-json\/wp\/v2\/posts\/2641\/revisions"}],"predecessor-version":[{"id":2645,"href":"https:\/\/nordnesrepublikken.no\/index.php\/wp-json\/wp\/v2\/posts\/2641\/revisions\/2645"}],"wp:featuredmedia":[{"embeddable":true,"href":"https:\/\/nordnesrepublikken.no\/index.php\/wp-json\/wp\/v2\/media\/2643"}],"wp:attachment":[{"href":"https:\/\/nordnesrepublikken.no\/index.php\/wp-json\/wp\/v2\/media?parent=2641"}],"wp:term":[{"taxonomy":"category","embeddable":true,"href":"https:\/\/nordnesrepublikken.no\/index.php\/wp-json\/wp\/v2\/categories?post=2641"},{"taxonomy":"post_tag","embeddable":true,"href":"https:\/\/nordnesrepublikken.no\/index.php\/wp-json\/wp\/v2\/tags?post=2641"}],"curies":[{"name":"wp","href":"https:\/\/api.w.org\/{rel}","templated":true}]}}