{"id":2582,"date":"2025-02-14T17:22:31","date_gmt":"2025-02-14T16:22:31","guid":{"rendered":"https:\/\/nordnesrepublikken.no\/index.php\/2025\/02\/14\/hvem-var-og-hvorfor-det-feires-14-februar\/"},"modified":"2025-02-14T17:22:42","modified_gmt":"2025-02-14T16:22:42","slug":"hvem-var-og-hvorfor-det-feires-14-februar","status":"publish","type":"post","link":"https:\/\/nordnesrepublikken.no\/index.php\/2025\/02\/14\/hvem-var-og-hvorfor-det-feires-14-februar\/","title":{"rendered":"Hvem var og hvorfor det feires 14. februar"},"content":{"rendered":"<div>\n      <!-- CONTENT --><\/p>\n<div class=\"cp_wrapper cp_wrapper--fw mb-30 mb-20@tablet\">\n<figure class=\"mm\"><picture class=\"img\" style=\"padding-top:56.25%\"><source  media=\"(min-width: 1024px)\"><source  media=\"(min-width: 768px)\"><\/source><\/source><\/picture><\/figure>\n<\/p><\/div>\n<p>Dagen for<strong> Saint Valentine <\/strong>Det er et jubileum som feires hvert \u00e5r <strong>14. februar<\/strong> For \u00e5 feire kj\u00e6rlighet og forening mellom par og elskere. Selv om det ikke er en ferie i noe land, regnes det som et offisielt parti i <strong>Anglikansk nattverd<\/strong> og i <strong>Lutherske kirke<\/strong>. Feiringen ville ta navnet sitt fra <strong>Valentinsdag, biskop av Terni<\/strong>Historisk skikkelse som ville v\u00e6re knyttet til spredning av kj\u00e6rlighet og velvilje.<\/p>\n<h2>Som var Valentinsdag og fordi det er den hellige av elskere: legender<\/h2>\n<p><strong>Valentino di terni <\/strong>Han var biskop av den umbriske byen, bodde i det tredje \u00e5rhundre og martyrert rundt 347 e.Kr. C. ser ut til \u00e5 ha blitt invitert til Roma for <strong>helbrede<\/strong> Den syke s\u00f8nnen til en hedensk filosof som heter <strong>Brak<\/strong>. Etter \u00e5 ha krevd om konvertering av faren i bytte mot \u00e5 helbrede miraklet fant sted, men ogs\u00e5 denne gangen hans handlinger for\u00e5rsaket de romerske myndighetene som det <strong>De halshugget<\/strong>. En annen tolkning av kildene snakker om hans d\u00f8d ved \u00e5 bringe den tilbake til vanen til biskopen av <strong>Feir bryllup<\/strong> Mellom kristne og hedninger, en praksis som markerte de keiserlige redigeringene. I dette tilfellet kan hans skikkelse og hans d\u00f8d v\u00e6re n\u00e6rmere <strong>Saint Valentine<\/strong> at vi alle forbinder med ideen om romantisk kj\u00e6rlighet.  Terni proklamerte ham<strong> Skytshelgen<\/strong> Av byen i 1644. Det ser ut til at nyere historiografiske studier har bekreftet eksistensen av Valentino, biskop av Terni, selv om hypotesen om at helgen faktisk var en annen Valentino, romersk prest, ikke kan utelukkes.<\/p>\n<div class=\"cp_wrapper cp_wrapper--fw mb-50\">\n<figure class=\"mm\"><picture class=\"img\" style=\"padding-top:75%\"><source  media=\"(min-width: 1024px)\"><source  media=\"(min-width: 768px)\"><img decoding=\"async\" loading=\"lazy\" src=\"https:\/\/nordnesrepublikken.no\/wp-content\/uploads\/2025\/02\/1739550151_773_Hvem-var-og-hvorfor-det-feires-14-februar.jpg\" alt=\"Valentinsdag Terni\" width=\"640\" height=\"480\"><\/source><\/source><\/picture><\/figure>\n<\/p><\/div>\n<p>De <strong>legender<\/strong> som forklarer hvorfor helgenen vil bli betrodd elskere er mye mer poetisk enn den hagiografiske informasjonen vi kjenner. Det sies at Valentino elsket \u00e5 donere <strong>rose<\/strong> til unge mennesker, favoriserer elskere og deretter velsigne fagforeningene hver fjorten av m\u00e5neden. En annen overbevisende historie forteller at han forente en ung kristen i ekteskapet, <strong>Serapia<\/strong>og den romerske legion\u00e6re <strong>Sabine<\/strong>Til tross for hennes familie, i strid med deres forening p\u00e5 grunn av Sabinos hedenske tro. Hindringen ble overvunnet da legion\u00e6ren, for kj\u00e6rlighet, bestemte seg for \u00e5 konvertere til kristendommen, og dermed tillate \u00e5 feire bryllupet. Under seremonien forbedret jenta &#8211; pasienten til Tisi &#8211; imidlertid sitt siste pust, og Valentino, og reagerte p\u00e5 Sabinos b\u00f8nn som ikke gikk med p\u00e5 \u00e5 leve uten henne, velsigne de to kristne ektefellene, tillot dem \u00e5 sovne sammen i en <strong>evig s\u00f8vn<\/strong>. Det sies at nettopp for denne gesten, i \u00e5pen ulydighet mot datidens begrensninger, ford\u00f8mte keiser Claudio II ham i hjel og anklaget ham for oppr\u00f8r.<\/p>\n<h2><strong>For 14. februar feires partiet av elskere<\/strong><\/h2>\n<p>Valentino var<strong> henrettet 14. februar 270 e.Kr.<\/strong>og derfor ble datoen 14. februar opprettet for \u00e5 feire den hellige. Med tanke p\u00e5 denne hellige tilknytning til kj\u00e6rlighet, ble han faktisk beskytter og beskytter av elskere.<\/p>\n<p>Det som er sikkert er at Valentinsdagen er et jubileum <strong>veldig eldgamle<\/strong>: Det antas at den f\u00f8rste feiringen stammer fra 496 e.Kr., da pave Gelasio bestemte seg for \u00e5 erstatte <strong>Lupercalia<\/strong>en gammel hedensk feiring av fruktbarhet dedikert til guden <strong>LuPetco<\/strong>med et kristent jubileum inspirert av kj\u00e6rlighet. Siden den gang <strong>14. februar<\/strong> Han var assosiert med Valentinsdag og kj\u00e6rlighetsf\u00f8lelse.<\/p>\n<h2>Valentinsdag 2025: Dagen for elskere i dag<\/h2>\n<p>I dag feires figuren av Valentinsdagen over hele verden: byen <strong>Terni<\/strong>Hans hjemby, er en pilegrimsreisem\u00e5l for par som \u00f8nsker \u00e5 utveksle l\u00f8fter om kj\u00e6rlighet eller fornye ekteskapsstemmer i basilikaen hans. Ikonografien representerer ham ofte som en biskop eller prest, med martyrd\u00f8dens h\u00e5ndflate eller m\u00f8rket i torturen. Enten vi tror p\u00e5 legender eller ikke, en ting er sikkert: Valentinsdag har blitt den <strong>Universelt symbol p\u00e5 kj\u00e6rlighet<\/strong>om det er knyttet til kristendommen eller livlig levd.<\/p>\n<\/p><\/div>\n","protected":false},"excerpt":{"rendered":"<p>Dagen for Saint Valentine Det er et jubileum som feires hvert \u00e5r 14. februar For<\/p>\n","protected":false},"author":1,"featured_media":2583,"comment_status":"closed","ping_status":"open","sticky":false,"template":"","format":"standard","meta":{"footnotes":""},"categories":[25],"tags":[66,103,102,99,101,100],"class_list":["post-2582","post","type-post","status-publish","format-standard","has-post-thumbnail","hentry","category-teknologi","tag-det","tag-februar","tag-feires","tag-hvem","tag-hvorfor","tag-var","generate-columns","tablet-grid-50","mobile-grid-100","grid-parent","grid-33","resize-featured-image"],"yoast_head":"<!-- This site is optimized with the Yoast SEO plugin v24.4 - https:\/\/yoast.com\/wordpress\/plugins\/seo\/ -->\n<title>Hvem var og hvorfor det feires 14. februar - Nordnesrepublikken<\/title>\n<meta name=\"robots\" content=\"index, follow, max-snippet:-1, max-image-preview:large, max-video-preview:-1\" \/>\n<link rel=\"canonical\" href=\"https:\/\/nordnesrepublikken.no\/index.php\/2025\/02\/14\/hvem-var-og-hvorfor-det-feires-14-februar\/\" \/>\n<meta property=\"og:locale\" content=\"nb_NO\" \/>\n<meta property=\"og:type\" content=\"article\" \/>\n<meta property=\"og:title\" content=\"Hvem var og hvorfor det feires 14. februar - Nordnesrepublikken\" \/>\n<meta property=\"og:description\" content=\"Dagen for Saint Valentine Det er et jubileum som feires hvert \u00e5r 14. februar For\" \/>\n<meta property=\"og:url\" content=\"https:\/\/nordnesrepublikken.no\/index.php\/2025\/02\/14\/hvem-var-og-hvorfor-det-feires-14-februar\/\" \/>\n<meta property=\"og:site_name\" content=\"Nordnesrepublikken\" \/>\n<meta property=\"article:published_time\" content=\"2025-02-14T16:22:31+00:00\" \/>\n<meta property=\"article:modified_time\" content=\"2025-02-14T16:22:42+00:00\" \/>\n<meta property=\"og:image\" content=\"https:\/\/nordnesrepublikken.no\/wp-content\/uploads\/2025\/02\/1739550152_Hvem-var-og-hvorfor-det-feires-14-februar-scaled.jpg\" \/>\n\t<meta property=\"og:image:width\" content=\"2560\" \/>\n\t<meta property=\"og:image:height\" content=\"1707\" \/>\n\t<meta property=\"og:image:type\" content=\"image\/jpeg\" \/>\n<meta name=\"author\" content=\"Ole Andersen\" \/>\n<meta name=\"twitter:card\" content=\"summary_large_image\" \/>\n<meta name=\"twitter:label1\" content=\"Skrevet av\" \/>\n\t<meta name=\"twitter:data1\" content=\"Ole Andersen\" \/>\n\t<meta name=\"twitter:label2\" content=\"Ansl. lesetid\" \/>\n\t<meta name=\"twitter:data2\" content=\"3 minutter\" \/>\n<script type=\"application\/ld+json\" class=\"yoast-schema-graph\">{\"@context\":\"https:\/\/schema.org\",\"@graph\":[{\"@type\":\"Article\",\"@id\":\"https:\/\/nordnesrepublikken.no\/index.php\/2025\/02\/14\/hvem-var-og-hvorfor-det-feires-14-februar\/#article\",\"isPartOf\":{\"@id\":\"https:\/\/nordnesrepublikken.no\/index.php\/2025\/02\/14\/hvem-var-og-hvorfor-det-feires-14-februar\/\"},\"author\":{\"name\":\"Ole Andersen\",\"@id\":\"https:\/\/nordnesrepublikken.no\/#\/schema\/person\/2e7e81935bab77882fffb79296240ff1\"},\"headline\":\"Hvem var og hvorfor det feires 14. februar\",\"datePublished\":\"2025-02-14T16:22:31+00:00\",\"dateModified\":\"2025-02-14T16:22:42+00:00\",\"mainEntityOfPage\":{\"@id\":\"https:\/\/nordnesrepublikken.no\/index.php\/2025\/02\/14\/hvem-var-og-hvorfor-det-feires-14-februar\/\"},\"wordCount\":605,\"publisher\":{\"@id\":\"https:\/\/nordnesrepublikken.no\/#organization\"},\"image\":{\"@id\":\"https:\/\/nordnesrepublikken.no\/index.php\/2025\/02\/14\/hvem-var-og-hvorfor-det-feires-14-februar\/#primaryimage\"},\"thumbnailUrl\":\"https:\/\/nordnesrepublikken.no\/wp-content\/uploads\/2025\/02\/1739550152_Hvem-var-og-hvorfor-det-feires-14-februar-scaled.jpg\",\"keywords\":[\"Det\",\"februar\",\"feires\",\"Hvem\",\"hvorfor\",\"var\"],\"articleSection\":[\"Teknologi\"],\"inLanguage\":\"nb-NO\"},{\"@type\":\"WebPage\",\"@id\":\"https:\/\/nordnesrepublikken.no\/index.php\/2025\/02\/14\/hvem-var-og-hvorfor-det-feires-14-februar\/\",\"url\":\"https:\/\/nordnesrepublikken.no\/index.php\/2025\/02\/14\/hvem-var-og-hvorfor-det-feires-14-februar\/\",\"name\":\"Hvem var og hvorfor det feires 14. februar - Nordnesrepublikken\",\"isPartOf\":{\"@id\":\"https:\/\/nordnesrepublikken.no\/#website\"},\"primaryImageOfPage\":{\"@id\":\"https:\/\/nordnesrepublikken.no\/index.php\/2025\/02\/14\/hvem-var-og-hvorfor-det-feires-14-februar\/#primaryimage\"},\"image\":{\"@id\":\"https:\/\/nordnesrepublikken.no\/index.php\/2025\/02\/14\/hvem-var-og-hvorfor-det-feires-14-februar\/#primaryimage\"},\"thumbnailUrl\":\"https:\/\/nordnesrepublikken.no\/wp-content\/uploads\/2025\/02\/1739550152_Hvem-var-og-hvorfor-det-feires-14-februar-scaled.jpg\",\"datePublished\":\"2025-02-14T16:22:31+00:00\",\"dateModified\":\"2025-02-14T16:22:42+00:00\",\"breadcrumb\":{\"@id\":\"https:\/\/nordnesrepublikken.no\/index.php\/2025\/02\/14\/hvem-var-og-hvorfor-det-feires-14-februar\/#breadcrumb\"},\"inLanguage\":\"nb-NO\",\"potentialAction\":[{\"@type\":\"ReadAction\",\"target\":[\"https:\/\/nordnesrepublikken.no\/index.php\/2025\/02\/14\/hvem-var-og-hvorfor-det-feires-14-februar\/\"]}]},{\"@type\":\"ImageObject\",\"inLanguage\":\"nb-NO\",\"@id\":\"https:\/\/nordnesrepublikken.no\/index.php\/2025\/02\/14\/hvem-var-og-hvorfor-det-feires-14-februar\/#primaryimage\",\"url\":\"https:\/\/nordnesrepublikken.no\/wp-content\/uploads\/2025\/02\/1739550152_Hvem-var-og-hvorfor-det-feires-14-februar-scaled.jpg\",\"contentUrl\":\"https:\/\/nordnesrepublikken.no\/wp-content\/uploads\/2025\/02\/1739550152_Hvem-var-og-hvorfor-det-feires-14-februar-scaled.jpg\",\"width\":2560,\"height\":1707,\"caption\":\"san valentino\"},{\"@type\":\"BreadcrumbList\",\"@id\":\"https:\/\/nordnesrepublikken.no\/index.php\/2025\/02\/14\/hvem-var-og-hvorfor-det-feires-14-februar\/#breadcrumb\",\"itemListElement\":[{\"@type\":\"ListItem\",\"position\":1,\"name\":\"Home\",\"item\":\"https:\/\/nordnesrepublikken.no\/\"},{\"@type\":\"ListItem\",\"position\":2,\"name\":\"Hvem var og hvorfor det feires 14. februar\"}]},{\"@type\":\"WebSite\",\"@id\":\"https:\/\/nordnesrepublikken.no\/#website\",\"url\":\"https:\/\/nordnesrepublikken.no\/\",\"name\":\"Nordnesrepublikken\",\"description\":\"Stemmer og Visjoner fra Republikkens Hjerte\",\"publisher\":{\"@id\":\"https:\/\/nordnesrepublikken.no\/#organization\"},\"potentialAction\":[{\"@type\":\"SearchAction\",\"target\":{\"@type\":\"EntryPoint\",\"urlTemplate\":\"https:\/\/nordnesrepublikken.no\/?s={search_term_string}\"},\"query-input\":{\"@type\":\"PropertyValueSpecification\",\"valueRequired\":true,\"valueName\":\"search_term_string\"}}],\"inLanguage\":\"nb-NO\"},{\"@type\":\"Organization\",\"@id\":\"https:\/\/nordnesrepublikken.no\/#organization\",\"name\":\"Nordnesrepublikken\",\"url\":\"https:\/\/nordnesrepublikken.no\/\",\"logo\":{\"@type\":\"ImageObject\",\"inLanguage\":\"nb-NO\",\"@id\":\"https:\/\/nordnesrepublikken.no\/#\/schema\/logo\/image\/\",\"url\":\"https:\/\/nordnesrepublikken.no\/wp-content\/uploads\/2025\/02\/cropped-nordnesrepublikken-2.png\",\"contentUrl\":\"https:\/\/nordnesrepublikken.no\/wp-content\/uploads\/2025\/02\/cropped-nordnesrepublikken-2.png\",\"width\":1248,\"height\":362,\"caption\":\"Nordnesrepublikken\"},\"image\":{\"@id\":\"https:\/\/nordnesrepublikken.no\/#\/schema\/logo\/image\/\"}},{\"@type\":\"Person\",\"@id\":\"https:\/\/nordnesrepublikken.no\/#\/schema\/person\/2e7e81935bab77882fffb79296240ff1\",\"name\":\"Ole Andersen\",\"image\":{\"@type\":\"ImageObject\",\"inLanguage\":\"nb-NO\",\"@id\":\"https:\/\/nordnesrepublikken.no\/#\/schema\/person\/image\/\",\"url\":\"https:\/\/nordnesrepublikken.no\/wp-content\/uploads\/2025\/02\/nordnesrepublikken-2-2-150x150.jpg\",\"contentUrl\":\"https:\/\/nordnesrepublikken.no\/wp-content\/uploads\/2025\/02\/nordnesrepublikken-2-2-150x150.jpg\",\"caption\":\"Ole Andersen\"},\"description\":\"Ettersom jeg vokste opp i Oslo, har jeg alltid v\u00e6rt fascinert av ordenes kraft og deres evne til \u00e5 skape endringer. Etter \u00e5 ha fullf\u00f8rt min utdannelse i kommunikasjon ved Universitetet i Bergen, fikk jeg muligheten til \u00e5 jobbe innen ulike medier, der jeg har s\u00f8kt \u00e5 belyse viktige samfunnssp\u00f8rsm\u00e5l. I dag, som redakt\u00f8r for Nordnesrepublikken, pr\u00f8ver jeg \u00e5 forene min kj\u00e6rlighet for journalistikk med min lidenskap for innovasjon og eventyr.\",\"sameAs\":[\"https:\/\/nordnesrepublikken.no\/\"]}]}<\/script>\n<!-- \/ Yoast SEO plugin. -->","yoast_head_json":{"title":"Hvem var og hvorfor det feires 14. februar - Nordnesrepublikken","robots":{"index":"index","follow":"follow","max-snippet":"max-snippet:-1","max-image-preview":"max-image-preview:large","max-video-preview":"max-video-preview:-1"},"canonical":"https:\/\/nordnesrepublikken.no\/index.php\/2025\/02\/14\/hvem-var-og-hvorfor-det-feires-14-februar\/","og_locale":"nb_NO","og_type":"article","og_title":"Hvem var og hvorfor det feires 14. februar - Nordnesrepublikken","og_description":"Dagen for Saint Valentine Det er et jubileum som feires hvert \u00e5r 14. februar For","og_url":"https:\/\/nordnesrepublikken.no\/index.php\/2025\/02\/14\/hvem-var-og-hvorfor-det-feires-14-februar\/","og_site_name":"Nordnesrepublikken","article_published_time":"2025-02-14T16:22:31+00:00","article_modified_time":"2025-02-14T16:22:42+00:00","og_image":[{"width":2560,"height":1707,"url":"https:\/\/nordnesrepublikken.no\/wp-content\/uploads\/2025\/02\/1739550152_Hvem-var-og-hvorfor-det-feires-14-februar-scaled.jpg","type":"image\/jpeg"}],"author":"Ole Andersen","twitter_card":"summary_large_image","twitter_misc":{"Skrevet av":"Ole Andersen","Ansl. lesetid":"3 minutter"},"schema":{"@context":"https:\/\/schema.org","@graph":[{"@type":"Article","@id":"https:\/\/nordnesrepublikken.no\/index.php\/2025\/02\/14\/hvem-var-og-hvorfor-det-feires-14-februar\/#article","isPartOf":{"@id":"https:\/\/nordnesrepublikken.no\/index.php\/2025\/02\/14\/hvem-var-og-hvorfor-det-feires-14-februar\/"},"author":{"name":"Ole Andersen","@id":"https:\/\/nordnesrepublikken.no\/#\/schema\/person\/2e7e81935bab77882fffb79296240ff1"},"headline":"Hvem var og hvorfor det feires 14. februar","datePublished":"2025-02-14T16:22:31+00:00","dateModified":"2025-02-14T16:22:42+00:00","mainEntityOfPage":{"@id":"https:\/\/nordnesrepublikken.no\/index.php\/2025\/02\/14\/hvem-var-og-hvorfor-det-feires-14-februar\/"},"wordCount":605,"publisher":{"@id":"https:\/\/nordnesrepublikken.no\/#organization"},"image":{"@id":"https:\/\/nordnesrepublikken.no\/index.php\/2025\/02\/14\/hvem-var-og-hvorfor-det-feires-14-februar\/#primaryimage"},"thumbnailUrl":"https:\/\/nordnesrepublikken.no\/wp-content\/uploads\/2025\/02\/1739550152_Hvem-var-og-hvorfor-det-feires-14-februar-scaled.jpg","keywords":["Det","februar","feires","Hvem","hvorfor","var"],"articleSection":["Teknologi"],"inLanguage":"nb-NO"},{"@type":"WebPage","@id":"https:\/\/nordnesrepublikken.no\/index.php\/2025\/02\/14\/hvem-var-og-hvorfor-det-feires-14-februar\/","url":"https:\/\/nordnesrepublikken.no\/index.php\/2025\/02\/14\/hvem-var-og-hvorfor-det-feires-14-februar\/","name":"Hvem var og hvorfor det feires 14. februar - Nordnesrepublikken","isPartOf":{"@id":"https:\/\/nordnesrepublikken.no\/#website"},"primaryImageOfPage":{"@id":"https:\/\/nordnesrepublikken.no\/index.php\/2025\/02\/14\/hvem-var-og-hvorfor-det-feires-14-februar\/#primaryimage"},"image":{"@id":"https:\/\/nordnesrepublikken.no\/index.php\/2025\/02\/14\/hvem-var-og-hvorfor-det-feires-14-februar\/#primaryimage"},"thumbnailUrl":"https:\/\/nordnesrepublikken.no\/wp-content\/uploads\/2025\/02\/1739550152_Hvem-var-og-hvorfor-det-feires-14-februar-scaled.jpg","datePublished":"2025-02-14T16:22:31+00:00","dateModified":"2025-02-14T16:22:42+00:00","breadcrumb":{"@id":"https:\/\/nordnesrepublikken.no\/index.php\/2025\/02\/14\/hvem-var-og-hvorfor-det-feires-14-februar\/#breadcrumb"},"inLanguage":"nb-NO","potentialAction":[{"@type":"ReadAction","target":["https:\/\/nordnesrepublikken.no\/index.php\/2025\/02\/14\/hvem-var-og-hvorfor-det-feires-14-februar\/"]}]},{"@type":"ImageObject","inLanguage":"nb-NO","@id":"https:\/\/nordnesrepublikken.no\/index.php\/2025\/02\/14\/hvem-var-og-hvorfor-det-feires-14-februar\/#primaryimage","url":"https:\/\/nordnesrepublikken.no\/wp-content\/uploads\/2025\/02\/1739550152_Hvem-var-og-hvorfor-det-feires-14-februar-scaled.jpg","contentUrl":"https:\/\/nordnesrepublikken.no\/wp-content\/uploads\/2025\/02\/1739550152_Hvem-var-og-hvorfor-det-feires-14-februar-scaled.jpg","width":2560,"height":1707,"caption":"san valentino"},{"@type":"BreadcrumbList","@id":"https:\/\/nordnesrepublikken.no\/index.php\/2025\/02\/14\/hvem-var-og-hvorfor-det-feires-14-februar\/#breadcrumb","itemListElement":[{"@type":"ListItem","position":1,"name":"Home","item":"https:\/\/nordnesrepublikken.no\/"},{"@type":"ListItem","position":2,"name":"Hvem var og hvorfor det feires 14. februar"}]},{"@type":"WebSite","@id":"https:\/\/nordnesrepublikken.no\/#website","url":"https:\/\/nordnesrepublikken.no\/","name":"Nordnesrepublikken","description":"Stemmer og Visjoner fra Republikkens Hjerte","publisher":{"@id":"https:\/\/nordnesrepublikken.no\/#organization"},"potentialAction":[{"@type":"SearchAction","target":{"@type":"EntryPoint","urlTemplate":"https:\/\/nordnesrepublikken.no\/?s={search_term_string}"},"query-input":{"@type":"PropertyValueSpecification","valueRequired":true,"valueName":"search_term_string"}}],"inLanguage":"nb-NO"},{"@type":"Organization","@id":"https:\/\/nordnesrepublikken.no\/#organization","name":"Nordnesrepublikken","url":"https:\/\/nordnesrepublikken.no\/","logo":{"@type":"ImageObject","inLanguage":"nb-NO","@id":"https:\/\/nordnesrepublikken.no\/#\/schema\/logo\/image\/","url":"https:\/\/nordnesrepublikken.no\/wp-content\/uploads\/2025\/02\/cropped-nordnesrepublikken-2.png","contentUrl":"https:\/\/nordnesrepublikken.no\/wp-content\/uploads\/2025\/02\/cropped-nordnesrepublikken-2.png","width":1248,"height":362,"caption":"Nordnesrepublikken"},"image":{"@id":"https:\/\/nordnesrepublikken.no\/#\/schema\/logo\/image\/"}},{"@type":"Person","@id":"https:\/\/nordnesrepublikken.no\/#\/schema\/person\/2e7e81935bab77882fffb79296240ff1","name":"Ole Andersen","image":{"@type":"ImageObject","inLanguage":"nb-NO","@id":"https:\/\/nordnesrepublikken.no\/#\/schema\/person\/image\/","url":"https:\/\/nordnesrepublikken.no\/wp-content\/uploads\/2025\/02\/nordnesrepublikken-2-2-150x150.jpg","contentUrl":"https:\/\/nordnesrepublikken.no\/wp-content\/uploads\/2025\/02\/nordnesrepublikken-2-2-150x150.jpg","caption":"Ole Andersen"},"description":"Ettersom jeg vokste opp i Oslo, har jeg alltid v\u00e6rt fascinert av ordenes kraft og deres evne til \u00e5 skape endringer. Etter \u00e5 ha fullf\u00f8rt min utdannelse i kommunikasjon ved Universitetet i Bergen, fikk jeg muligheten til \u00e5 jobbe innen ulike medier, der jeg har s\u00f8kt \u00e5 belyse viktige samfunnssp\u00f8rsm\u00e5l. I dag, som redakt\u00f8r for Nordnesrepublikken, pr\u00f8ver jeg \u00e5 forene min kj\u00e6rlighet for journalistikk med min lidenskap for innovasjon og eventyr.","sameAs":["https:\/\/nordnesrepublikken.no\/"]}]}},"_links":{"self":[{"href":"https:\/\/nordnesrepublikken.no\/index.php\/wp-json\/wp\/v2\/posts\/2582","targetHints":{"allow":["GET"]}}],"collection":[{"href":"https:\/\/nordnesrepublikken.no\/index.php\/wp-json\/wp\/v2\/posts"}],"about":[{"href":"https:\/\/nordnesrepublikken.no\/index.php\/wp-json\/wp\/v2\/types\/post"}],"author":[{"embeddable":true,"href":"https:\/\/nordnesrepublikken.no\/index.php\/wp-json\/wp\/v2\/users\/1"}],"replies":[{"embeddable":true,"href":"https:\/\/nordnesrepublikken.no\/index.php\/wp-json\/wp\/v2\/comments?post=2582"}],"version-history":[{"count":1,"href":"https:\/\/nordnesrepublikken.no\/index.php\/wp-json\/wp\/v2\/posts\/2582\/revisions"}],"predecessor-version":[{"id":2584,"href":"https:\/\/nordnesrepublikken.no\/index.php\/wp-json\/wp\/v2\/posts\/2582\/revisions\/2584"}],"wp:featuredmedia":[{"embeddable":true,"href":"https:\/\/nordnesrepublikken.no\/index.php\/wp-json\/wp\/v2\/media\/2583"}],"wp:attachment":[{"href":"https:\/\/nordnesrepublikken.no\/index.php\/wp-json\/wp\/v2\/media?parent=2582"}],"wp:term":[{"taxonomy":"category","embeddable":true,"href":"https:\/\/nordnesrepublikken.no\/index.php\/wp-json\/wp\/v2\/categories?post=2582"},{"taxonomy":"post_tag","embeddable":true,"href":"https:\/\/nordnesrepublikken.no\/index.php\/wp-json\/wp\/v2\/tags?post=2582"}],"curies":[{"name":"wp","href":"https:\/\/api.w.org\/{rel}","templated":true}]}}