{"id":2574,"date":"2025-02-14T17:20:12","date_gmt":"2025-02-14T16:20:12","guid":{"rendered":"https:\/\/nordnesrepublikken.no\/index.php\/2025\/02\/14\/fordi-trump-planen-for-gaza-pa-riviera-del-middle-east-er-vanskelig-a-lage\/"},"modified":"2025-02-14T17:20:13","modified_gmt":"2025-02-14T16:20:13","slug":"fordi-trump-planen-for-gaza-pa-riviera-del-middle-east-er-vanskelig-a-lage","status":"publish","type":"post","link":"https:\/\/nordnesrepublikken.no\/index.php\/2025\/02\/14\/fordi-trump-planen-for-gaza-pa-riviera-del-middle-east-er-vanskelig-a-lage\/","title":{"rendered":"Fordi Trump -planen for Gaza p\u00e5 &laquo;Riviera del Middle East&raquo; er vanskelig \u00e5 lage"},"content":{"rendered":"<div>\n      <!-- CONTENT --><\/p>\n<div class=\"cp_wrapper cp_wrapper--fw mb-30 mb-20@tablet\">\n<figure class=\"mm\"><picture class=\"img\" style=\"padding-top:56.25%\"><source  media=\"(min-width: 1024px)\"><source  media=\"(min-width: 768px)\"><\/source><\/source><\/picture><\/figure>\n<\/p><\/div>\n<p>I l\u00f8pet av de siste dagene forslaget til <strong>Donald Trump<\/strong> Han fikk hele verden til \u00e5 diskutere: USAs president snakket om den konkrete muligheten for \u00e5 ta kontroll over <strong>Gazastrip<\/strong> Og etter \u00e5 ha forventet omtrent to millioner palestinere som er bosatt der, forvandler omr\u00e5det til en slags &laquo;<strong>Riviera i Midt -\u00d8sten<\/strong>&laquo;. Det er en id\u00e9 som har forlatt opinionemedisinen og heiser <strong>Enorme sp\u00f8rsm\u00e5l<\/strong>begge fra synspunktet til <strong>Internasjonal lov<\/strong>fordi det vil bety \u00e5 krenke <strong>Fjerde Gen\u00e8ve -stevne,<\/strong> enn praktisk gjennomf\u00f8rbarhet. Denne avtalen for<strong> &laquo;Beskyttelsen av sivile mennesker i krigstid&raquo;<\/strong> (godkjent i 1949, tr\u00e5dte offisielt i kraft i <strong>1950<\/strong>) forbyr faktisk uttrykkelig tvangsoverf\u00f8ring av befolkninger fra et okkupert territorium. Vi anser ogs\u00e5 at Trump beordret <strong>USAID<\/strong> (Det amerikanske byr\u00e5et for bistand) for \u00e5 opph\u00f8re aktiviteter og vende tilbake til USA og avbryte viktige programmer.<\/p>\n<h2>Fra Saudi -Arabia til Europa: Reaksjoner<\/h2>\n<p>Reaksjonen av <strong>dissens av det internasjonale samfunnet<\/strong> Det var sterkt: Fra Paris til Berlin, fra London til de arabiske landene som Egypt, Jordan, Saudi -Arabia og De forente arabiske emirater, ford\u00f8mte mange ideen ved \u00e5 understreke risikoen for destabilisering for hele regionen.<\/p>\n<p>Ikke alle internasjonale akt\u00f8rer er i strid med forslaget. Staten <strong>Israel<\/strong> Spesielt erkl\u00e6rte han seg fullstendig for den amerikanske planen. Israelsk statsminister <strong>Benjamin Netanyahu<\/strong> Han \u00f8nsket Trumps forslag velkommen positivt og kalte det &laquo;<strong>en ekstraordin\u00e6r id\u00e9<\/strong>&laquo;; til og med den israelske forsvarsministeren, <strong>Israel Katz,<\/strong> Han beordret til og med de v\u00e6pnede styrkene til \u00e5 utvikle en plan for \u00e5 tillate &laquo;<strong>Frivillig avgang<\/strong>&laquo;Av de palestinske araberne fra Gaza.<\/p>\n<p>P\u00e5 den annen side den arabiske-palestinske organisasjonen <strong>Hamas<\/strong> Han inviterte befolkningen i stripen for \u00e5 lage en vegg mot Trumps forslag.<\/p>\n<h2>Vanskelighetene i realiseringen av Trumps plan for Gaza<\/h2>\n<p>Donald Trumps forslag om \u00e5 utvise de palestinske araberne fra Gazastripen er full av <strong>Enorme praktiske vanskeligheter<\/strong>Siden overf\u00f8ring av rundt to millioner mennesker ville kreve en enorm logistisk organisasjon, var enorme kostnader og utfordringer for \u00e5 finne land som er villige til \u00e5 im\u00f8tekomme flyktninger. DE&#8217;<strong>Egypt<\/strong> og <strong>Jordan<\/strong>som allerede er vert for mange palestinske arabere, har <strong>\u00c5pent imot<\/strong> Ideen om \u00e5 \u00f8nske andre velkommen. I tillegg vil det \u00e5 h\u00e5ndtere situasjonen inneb\u00e6re bruk av titusenvis av <strong>Amerikanske soldater<\/strong> P\u00e5 feltet, som strider mot Trumps l\u00f8fter om \u00e5 redusere tilstedev\u00e6relsen av USA i Midt -\u00d8sten. Planen ville ogs\u00e5 forutsi <strong>Enorme \u00f8konomiske investeringer<\/strong> \u00c5 transformere Gaza til et turistm\u00e5l, men lokale infrastrukturer, som allerede er alvorlig skadet av kriger, vil ikke v\u00e6re egnet for en drift av denne rekkevidden, bortsett fra etter en gjenoppbyggingsinngrep. Til alt dette vil legge motstanden fra mange arabiske land og muligheten for en alvorlig humanit\u00e6r krise, med <strong>Folk tvunget til \u00e5 forlate landet sitt under dramatiske forhold<\/strong>Situasjon som gjenspeiler allerede ford\u00f8mte hendelser i moderne og samtidshistorie, uten \u00e5 ogs\u00e5 vurdere problemet med \u00e5 h\u00e5ndtere forlatte egenskaper og vanskeligheter med transport av mennesker og deres varer.<\/p>\n<p>Kort sagt, ideen om Trump vil virke som et prosjekt som, hvis utf\u00f8rt, ville ha enorme konsekvenser, begge p\u00e5 <strong>Humanit\u00e6r plan<\/strong> enn p\u00e5 det <strong>politisk<\/strong>. Men gitt den harde internasjonale opposisjonen, jeg <strong>Juridiske problemer og logistikkkompleksitet<\/strong>dette forslaget, i det minste for n\u00e5, virker bestemt til \u00e5 forbli <strong>Bare en hypotese<\/strong>.<\/p>\n<p>Transformasjonen av Gazastripen til en <strong>Turistnav<\/strong> Det er ikke en ny id\u00e9: Trump og hans entourage, inkludert s\u00f8nn -i -Law <strong>Jared Kushner<\/strong>har snakket om det \u00f8konomiske potensialet i omr\u00e5det i noen tid, og forestilt seg det som en <strong>luksuri\u00f8s sted<\/strong>full av internasjonale resorts og investeringer. Presidenten sa at Gaza etter 15 \u00e5rs utkastelses- og gjenoppbyggingsarbeid kan v\u00e6re <strong>repopulert<\/strong> fra <strong>borgere fra hele verden<\/strong>som ville leve i skyskrapere med utsikt over havet. Et slikt prosjekt vil imidlertid trenge en stabil politisk og milit\u00e6r kontroll, en situasjon som er ekstremt ekstremt <strong>vanskelig \u00e5 lage.<\/strong><\/p>\n<p>Trump og Netanyahu deler en <strong>nasjonalistisk visjon<\/strong> og av ekstrem sikkerhet mot det palestinske sp\u00f8rsm\u00e5let. Dette forslaget gjenspeiler deres strategiske tilpasning: Begge politiske ledere har vedtatt <strong>Ensidige tiln\u00e6rminger<\/strong> og plasser sentrum i sentrum <strong>Statens suverenitet<\/strong> og <strong>Nasjonal sikkerhet<\/strong>. Trump, selv under hans tidligere presidentoppdrag, tok symbolske avgj\u00f8relser av stor betydning. I 2017 st\u00f8ttet han forslaget til <strong>Jerusalem<\/strong> som <strong>Israels hovedstad<\/strong>markere en radikal endring i amerikansk politikk mot <strong>Israelsk-palestinsk konflikt<\/strong>og i 2020 st\u00f8ttet han &laquo;<strong>\u00c5rhundretsplan<\/strong>&laquo;, Som s\u00f8rget for en palestinsk stat med reduserte grenser og under israelsk kontroll, en id\u00e9 som Netanyahu st\u00f8ttet for \u00e5 befeste hans utvidelsespolitikk. Selv om b\u00e5de Palestina og det internasjonale samfunnet har avvist det kraftig, har teoretiseringen av planen \u00f8kt st\u00f8tten til Netanyahu og styrket bildet av <strong>Trump som en sterk alliert av Israel<\/strong>. I tr\u00e5d med denne visjonen har den undertrykkende politikken som er vedtatt av b\u00e5de USA og fra Israel (for eksempel vi tenker p\u00e5 kutting av midlene til Urwa av Trump intensiveringen av den milit\u00e6re operasjonen av Netanyahu) har forverret den humanit\u00e6re situasjonen i den Palestinske omr\u00e5der. Forslaget om utvisning av de palestinske araberne fra Gaza, spesielt, er en del av et rammeverk for territoriell kontroll og kompromissl\u00f8s sikkerhet.<\/p>\n<\/p><\/div>\n","protected":false},"excerpt":{"rendered":"<p>I l\u00f8pet av de siste dagene forslaget til Donald Trump Han fikk hele verden til<\/p>\n","protected":false},"author":1,"featured_media":2575,"comment_status":"closed","ping_status":"open","sticky":false,"template":"","format":"standard","meta":{"footnotes":""},"categories":[23],"tags":[87,89,83,85,91,88,81,84,86,61,90],"class_list":["post-2574","post","type-post","status-publish","format-standard","has-post-thumbnail","hentry","category-politikk","tag-del","tag-east","tag-fordi","tag-gaza","tag-lage","tag-middle","tag-pa","tag-planen","tag-riviera","tag-trump","tag-vanskelig","generate-columns","tablet-grid-50","mobile-grid-100","grid-parent","grid-33","resize-featured-image"],"yoast_head":"<!-- This site is optimized with the Yoast SEO plugin v24.4 - https:\/\/yoast.com\/wordpress\/plugins\/seo\/ -->\n<title>Fordi Trump -planen for Gaza p\u00e5 &quot;Riviera del Middle East&quot; er vanskelig \u00e5 lage - Nordnesrepublikken<\/title>\n<meta name=\"robots\" content=\"index, follow, max-snippet:-1, max-image-preview:large, max-video-preview:-1\" \/>\n<link rel=\"canonical\" href=\"https:\/\/nordnesrepublikken.no\/index.php\/2025\/02\/14\/fordi-trump-planen-for-gaza-pa-riviera-del-middle-east-er-vanskelig-a-lage\/\" \/>\n<meta property=\"og:locale\" content=\"nb_NO\" \/>\n<meta property=\"og:type\" content=\"article\" \/>\n<meta property=\"og:title\" content=\"Fordi Trump -planen for Gaza p\u00e5 &quot;Riviera del Middle East&quot; er vanskelig \u00e5 lage - Nordnesrepublikken\" \/>\n<meta property=\"og:description\" content=\"I l\u00f8pet av de siste dagene forslaget til Donald Trump Han fikk hele verden til\" \/>\n<meta property=\"og:url\" content=\"https:\/\/nordnesrepublikken.no\/index.php\/2025\/02\/14\/fordi-trump-planen-for-gaza-pa-riviera-del-middle-east-er-vanskelig-a-lage\/\" \/>\n<meta property=\"og:site_name\" content=\"Nordnesrepublikken\" \/>\n<meta property=\"article:published_time\" content=\"2025-02-14T16:20:12+00:00\" \/>\n<meta property=\"article:modified_time\" content=\"2025-02-14T16:20:13+00:00\" \/>\n<meta property=\"og:image\" content=\"https:\/\/nordnesrepublikken.no\/wp-content\/uploads\/2025\/02\/1739550013_Fordi-Trump-planen-for-Gaza-pa-Riviera-del-Middle-East.jpg\" \/>\n\t<meta property=\"og:image:width\" content=\"640\" \/>\n\t<meta property=\"og:image:height\" content=\"427\" \/>\n\t<meta property=\"og:image:type\" content=\"image\/jpeg\" \/>\n<meta name=\"author\" content=\"Ole Andersen\" \/>\n<meta name=\"twitter:card\" content=\"summary_large_image\" \/>\n<meta name=\"twitter:label1\" content=\"Skrevet av\" \/>\n\t<meta name=\"twitter:data1\" content=\"Ole Andersen\" \/>\n\t<meta name=\"twitter:label2\" content=\"Ansl. lesetid\" \/>\n\t<meta name=\"twitter:data2\" content=\"4 minutter\" \/>\n<script type=\"application\/ld+json\" class=\"yoast-schema-graph\">{\"@context\":\"https:\/\/schema.org\",\"@graph\":[{\"@type\":\"Article\",\"@id\":\"https:\/\/nordnesrepublikken.no\/index.php\/2025\/02\/14\/fordi-trump-planen-for-gaza-pa-riviera-del-middle-east-er-vanskelig-a-lage\/#article\",\"isPartOf\":{\"@id\":\"https:\/\/nordnesrepublikken.no\/index.php\/2025\/02\/14\/fordi-trump-planen-for-gaza-pa-riviera-del-middle-east-er-vanskelig-a-lage\/\"},\"author\":{\"name\":\"Ole Andersen\",\"@id\":\"https:\/\/nordnesrepublikken.no\/#\/schema\/person\/2e7e81935bab77882fffb79296240ff1\"},\"headline\":\"Fordi Trump -planen for Gaza p\u00e5 &laquo;Riviera del Middle East&raquo; er vanskelig \u00e5 lage\",\"datePublished\":\"2025-02-14T16:20:12+00:00\",\"dateModified\":\"2025-02-14T16:20:13+00:00\",\"mainEntityOfPage\":{\"@id\":\"https:\/\/nordnesrepublikken.no\/index.php\/2025\/02\/14\/fordi-trump-planen-for-gaza-pa-riviera-del-middle-east-er-vanskelig-a-lage\/\"},\"wordCount\":842,\"publisher\":{\"@id\":\"https:\/\/nordnesrepublikken.no\/#organization\"},\"image\":{\"@id\":\"https:\/\/nordnesrepublikken.no\/index.php\/2025\/02\/14\/fordi-trump-planen-for-gaza-pa-riviera-del-middle-east-er-vanskelig-a-lage\/#primaryimage\"},\"thumbnailUrl\":\"https:\/\/nordnesrepublikken.no\/wp-content\/uploads\/2025\/02\/1739550013_Fordi-Trump-planen-for-Gaza-pa-Riviera-del-Middle-East.jpg\",\"keywords\":[\"del\",\"East\",\"Fordi\",\"Gaza\",\"lage\",\"Middle\",\"p\u00e5\",\"planen\",\"Riviera\",\"Trump\",\"vanskelig\"],\"articleSection\":[\"Politikk\"],\"inLanguage\":\"nb-NO\"},{\"@type\":\"WebPage\",\"@id\":\"https:\/\/nordnesrepublikken.no\/index.php\/2025\/02\/14\/fordi-trump-planen-for-gaza-pa-riviera-del-middle-east-er-vanskelig-a-lage\/\",\"url\":\"https:\/\/nordnesrepublikken.no\/index.php\/2025\/02\/14\/fordi-trump-planen-for-gaza-pa-riviera-del-middle-east-er-vanskelig-a-lage\/\",\"name\":\"Fordi Trump -planen for Gaza p\u00e5 \\\"Riviera del Middle East\\\" er vanskelig \u00e5 lage - Nordnesrepublikken\",\"isPartOf\":{\"@id\":\"https:\/\/nordnesrepublikken.no\/#website\"},\"primaryImageOfPage\":{\"@id\":\"https:\/\/nordnesrepublikken.no\/index.php\/2025\/02\/14\/fordi-trump-planen-for-gaza-pa-riviera-del-middle-east-er-vanskelig-a-lage\/#primaryimage\"},\"image\":{\"@id\":\"https:\/\/nordnesrepublikken.no\/index.php\/2025\/02\/14\/fordi-trump-planen-for-gaza-pa-riviera-del-middle-east-er-vanskelig-a-lage\/#primaryimage\"},\"thumbnailUrl\":\"https:\/\/nordnesrepublikken.no\/wp-content\/uploads\/2025\/02\/1739550013_Fordi-Trump-planen-for-Gaza-pa-Riviera-del-Middle-East.jpg\",\"datePublished\":\"2025-02-14T16:20:12+00:00\",\"dateModified\":\"2025-02-14T16:20:13+00:00\",\"breadcrumb\":{\"@id\":\"https:\/\/nordnesrepublikken.no\/index.php\/2025\/02\/14\/fordi-trump-planen-for-gaza-pa-riviera-del-middle-east-er-vanskelig-a-lage\/#breadcrumb\"},\"inLanguage\":\"nb-NO\",\"potentialAction\":[{\"@type\":\"ReadAction\",\"target\":[\"https:\/\/nordnesrepublikken.no\/index.php\/2025\/02\/14\/fordi-trump-planen-for-gaza-pa-riviera-del-middle-east-er-vanskelig-a-lage\/\"]}]},{\"@type\":\"ImageObject\",\"inLanguage\":\"nb-NO\",\"@id\":\"https:\/\/nordnesrepublikken.no\/index.php\/2025\/02\/14\/fordi-trump-planen-for-gaza-pa-riviera-del-middle-east-er-vanskelig-a-lage\/#primaryimage\",\"url\":\"https:\/\/nordnesrepublikken.no\/wp-content\/uploads\/2025\/02\/1739550013_Fordi-Trump-planen-for-Gaza-pa-Riviera-del-Middle-East.jpg\",\"contentUrl\":\"https:\/\/nordnesrepublikken.no\/wp-content\/uploads\/2025\/02\/1739550013_Fordi-Trump-planen-for-Gaza-pa-Riviera-del-Middle-East.jpg\",\"width\":640,\"height\":427,\"caption\":\"Trump e Netanyahu\"},{\"@type\":\"BreadcrumbList\",\"@id\":\"https:\/\/nordnesrepublikken.no\/index.php\/2025\/02\/14\/fordi-trump-planen-for-gaza-pa-riviera-del-middle-east-er-vanskelig-a-lage\/#breadcrumb\",\"itemListElement\":[{\"@type\":\"ListItem\",\"position\":1,\"name\":\"Home\",\"item\":\"https:\/\/nordnesrepublikken.no\/\"},{\"@type\":\"ListItem\",\"position\":2,\"name\":\"Fordi Trump -planen for Gaza p\u00e5 &laquo;Riviera del Middle East&raquo; er vanskelig \u00e5 lage\"}]},{\"@type\":\"WebSite\",\"@id\":\"https:\/\/nordnesrepublikken.no\/#website\",\"url\":\"https:\/\/nordnesrepublikken.no\/\",\"name\":\"Nordnesrepublikken\",\"description\":\"Stemmer og Visjoner fra Republikkens Hjerte\",\"publisher\":{\"@id\":\"https:\/\/nordnesrepublikken.no\/#organization\"},\"potentialAction\":[{\"@type\":\"SearchAction\",\"target\":{\"@type\":\"EntryPoint\",\"urlTemplate\":\"https:\/\/nordnesrepublikken.no\/?s={search_term_string}\"},\"query-input\":{\"@type\":\"PropertyValueSpecification\",\"valueRequired\":true,\"valueName\":\"search_term_string\"}}],\"inLanguage\":\"nb-NO\"},{\"@type\":\"Organization\",\"@id\":\"https:\/\/nordnesrepublikken.no\/#organization\",\"name\":\"Nordnesrepublikken\",\"url\":\"https:\/\/nordnesrepublikken.no\/\",\"logo\":{\"@type\":\"ImageObject\",\"inLanguage\":\"nb-NO\",\"@id\":\"https:\/\/nordnesrepublikken.no\/#\/schema\/logo\/image\/\",\"url\":\"https:\/\/nordnesrepublikken.no\/wp-content\/uploads\/2025\/02\/cropped-nordnesrepublikken-2.png\",\"contentUrl\":\"https:\/\/nordnesrepublikken.no\/wp-content\/uploads\/2025\/02\/cropped-nordnesrepublikken-2.png\",\"width\":1248,\"height\":362,\"caption\":\"Nordnesrepublikken\"},\"image\":{\"@id\":\"https:\/\/nordnesrepublikken.no\/#\/schema\/logo\/image\/\"}},{\"@type\":\"Person\",\"@id\":\"https:\/\/nordnesrepublikken.no\/#\/schema\/person\/2e7e81935bab77882fffb79296240ff1\",\"name\":\"Ole Andersen\",\"image\":{\"@type\":\"ImageObject\",\"inLanguage\":\"nb-NO\",\"@id\":\"https:\/\/nordnesrepublikken.no\/#\/schema\/person\/image\/\",\"url\":\"https:\/\/nordnesrepublikken.no\/wp-content\/uploads\/2025\/02\/nordnesrepublikken-2-2-150x150.jpg\",\"contentUrl\":\"https:\/\/nordnesrepublikken.no\/wp-content\/uploads\/2025\/02\/nordnesrepublikken-2-2-150x150.jpg\",\"caption\":\"Ole Andersen\"},\"description\":\"Ettersom jeg vokste opp i Oslo, har jeg alltid v\u00e6rt fascinert av ordenes kraft og deres evne til \u00e5 skape endringer. Etter \u00e5 ha fullf\u00f8rt min utdannelse i kommunikasjon ved Universitetet i Bergen, fikk jeg muligheten til \u00e5 jobbe innen ulike medier, der jeg har s\u00f8kt \u00e5 belyse viktige samfunnssp\u00f8rsm\u00e5l. I dag, som redakt\u00f8r for Nordnesrepublikken, pr\u00f8ver jeg \u00e5 forene min kj\u00e6rlighet for journalistikk med min lidenskap for innovasjon og eventyr.\",\"sameAs\":[\"https:\/\/nordnesrepublikken.no\/\"]}]}<\/script>\n<!-- \/ Yoast SEO plugin. -->","yoast_head_json":{"title":"Fordi Trump -planen for Gaza p\u00e5 \"Riviera del Middle East\" er vanskelig \u00e5 lage - Nordnesrepublikken","robots":{"index":"index","follow":"follow","max-snippet":"max-snippet:-1","max-image-preview":"max-image-preview:large","max-video-preview":"max-video-preview:-1"},"canonical":"https:\/\/nordnesrepublikken.no\/index.php\/2025\/02\/14\/fordi-trump-planen-for-gaza-pa-riviera-del-middle-east-er-vanskelig-a-lage\/","og_locale":"nb_NO","og_type":"article","og_title":"Fordi Trump -planen for Gaza p\u00e5 \"Riviera del Middle East\" er vanskelig \u00e5 lage - Nordnesrepublikken","og_description":"I l\u00f8pet av de siste dagene forslaget til Donald Trump Han fikk hele verden til","og_url":"https:\/\/nordnesrepublikken.no\/index.php\/2025\/02\/14\/fordi-trump-planen-for-gaza-pa-riviera-del-middle-east-er-vanskelig-a-lage\/","og_site_name":"Nordnesrepublikken","article_published_time":"2025-02-14T16:20:12+00:00","article_modified_time":"2025-02-14T16:20:13+00:00","og_image":[{"width":640,"height":427,"url":"https:\/\/nordnesrepublikken.no\/wp-content\/uploads\/2025\/02\/1739550013_Fordi-Trump-planen-for-Gaza-pa-Riviera-del-Middle-East.jpg","type":"image\/jpeg"}],"author":"Ole Andersen","twitter_card":"summary_large_image","twitter_misc":{"Skrevet av":"Ole Andersen","Ansl. lesetid":"4 minutter"},"schema":{"@context":"https:\/\/schema.org","@graph":[{"@type":"Article","@id":"https:\/\/nordnesrepublikken.no\/index.php\/2025\/02\/14\/fordi-trump-planen-for-gaza-pa-riviera-del-middle-east-er-vanskelig-a-lage\/#article","isPartOf":{"@id":"https:\/\/nordnesrepublikken.no\/index.php\/2025\/02\/14\/fordi-trump-planen-for-gaza-pa-riviera-del-middle-east-er-vanskelig-a-lage\/"},"author":{"name":"Ole Andersen","@id":"https:\/\/nordnesrepublikken.no\/#\/schema\/person\/2e7e81935bab77882fffb79296240ff1"},"headline":"Fordi Trump -planen for Gaza p\u00e5 &laquo;Riviera del Middle East&raquo; er vanskelig \u00e5 lage","datePublished":"2025-02-14T16:20:12+00:00","dateModified":"2025-02-14T16:20:13+00:00","mainEntityOfPage":{"@id":"https:\/\/nordnesrepublikken.no\/index.php\/2025\/02\/14\/fordi-trump-planen-for-gaza-pa-riviera-del-middle-east-er-vanskelig-a-lage\/"},"wordCount":842,"publisher":{"@id":"https:\/\/nordnesrepublikken.no\/#organization"},"image":{"@id":"https:\/\/nordnesrepublikken.no\/index.php\/2025\/02\/14\/fordi-trump-planen-for-gaza-pa-riviera-del-middle-east-er-vanskelig-a-lage\/#primaryimage"},"thumbnailUrl":"https:\/\/nordnesrepublikken.no\/wp-content\/uploads\/2025\/02\/1739550013_Fordi-Trump-planen-for-Gaza-pa-Riviera-del-Middle-East.jpg","keywords":["del","East","Fordi","Gaza","lage","Middle","p\u00e5","planen","Riviera","Trump","vanskelig"],"articleSection":["Politikk"],"inLanguage":"nb-NO"},{"@type":"WebPage","@id":"https:\/\/nordnesrepublikken.no\/index.php\/2025\/02\/14\/fordi-trump-planen-for-gaza-pa-riviera-del-middle-east-er-vanskelig-a-lage\/","url":"https:\/\/nordnesrepublikken.no\/index.php\/2025\/02\/14\/fordi-trump-planen-for-gaza-pa-riviera-del-middle-east-er-vanskelig-a-lage\/","name":"Fordi Trump -planen for Gaza p\u00e5 \"Riviera del Middle East\" er vanskelig \u00e5 lage - Nordnesrepublikken","isPartOf":{"@id":"https:\/\/nordnesrepublikken.no\/#website"},"primaryImageOfPage":{"@id":"https:\/\/nordnesrepublikken.no\/index.php\/2025\/02\/14\/fordi-trump-planen-for-gaza-pa-riviera-del-middle-east-er-vanskelig-a-lage\/#primaryimage"},"image":{"@id":"https:\/\/nordnesrepublikken.no\/index.php\/2025\/02\/14\/fordi-trump-planen-for-gaza-pa-riviera-del-middle-east-er-vanskelig-a-lage\/#primaryimage"},"thumbnailUrl":"https:\/\/nordnesrepublikken.no\/wp-content\/uploads\/2025\/02\/1739550013_Fordi-Trump-planen-for-Gaza-pa-Riviera-del-Middle-East.jpg","datePublished":"2025-02-14T16:20:12+00:00","dateModified":"2025-02-14T16:20:13+00:00","breadcrumb":{"@id":"https:\/\/nordnesrepublikken.no\/index.php\/2025\/02\/14\/fordi-trump-planen-for-gaza-pa-riviera-del-middle-east-er-vanskelig-a-lage\/#breadcrumb"},"inLanguage":"nb-NO","potentialAction":[{"@type":"ReadAction","target":["https:\/\/nordnesrepublikken.no\/index.php\/2025\/02\/14\/fordi-trump-planen-for-gaza-pa-riviera-del-middle-east-er-vanskelig-a-lage\/"]}]},{"@type":"ImageObject","inLanguage":"nb-NO","@id":"https:\/\/nordnesrepublikken.no\/index.php\/2025\/02\/14\/fordi-trump-planen-for-gaza-pa-riviera-del-middle-east-er-vanskelig-a-lage\/#primaryimage","url":"https:\/\/nordnesrepublikken.no\/wp-content\/uploads\/2025\/02\/1739550013_Fordi-Trump-planen-for-Gaza-pa-Riviera-del-Middle-East.jpg","contentUrl":"https:\/\/nordnesrepublikken.no\/wp-content\/uploads\/2025\/02\/1739550013_Fordi-Trump-planen-for-Gaza-pa-Riviera-del-Middle-East.jpg","width":640,"height":427,"caption":"Trump e Netanyahu"},{"@type":"BreadcrumbList","@id":"https:\/\/nordnesrepublikken.no\/index.php\/2025\/02\/14\/fordi-trump-planen-for-gaza-pa-riviera-del-middle-east-er-vanskelig-a-lage\/#breadcrumb","itemListElement":[{"@type":"ListItem","position":1,"name":"Home","item":"https:\/\/nordnesrepublikken.no\/"},{"@type":"ListItem","position":2,"name":"Fordi Trump -planen for Gaza p\u00e5 &laquo;Riviera del Middle East&raquo; er vanskelig \u00e5 lage"}]},{"@type":"WebSite","@id":"https:\/\/nordnesrepublikken.no\/#website","url":"https:\/\/nordnesrepublikken.no\/","name":"Nordnesrepublikken","description":"Stemmer og Visjoner fra Republikkens Hjerte","publisher":{"@id":"https:\/\/nordnesrepublikken.no\/#organization"},"potentialAction":[{"@type":"SearchAction","target":{"@type":"EntryPoint","urlTemplate":"https:\/\/nordnesrepublikken.no\/?s={search_term_string}"},"query-input":{"@type":"PropertyValueSpecification","valueRequired":true,"valueName":"search_term_string"}}],"inLanguage":"nb-NO"},{"@type":"Organization","@id":"https:\/\/nordnesrepublikken.no\/#organization","name":"Nordnesrepublikken","url":"https:\/\/nordnesrepublikken.no\/","logo":{"@type":"ImageObject","inLanguage":"nb-NO","@id":"https:\/\/nordnesrepublikken.no\/#\/schema\/logo\/image\/","url":"https:\/\/nordnesrepublikken.no\/wp-content\/uploads\/2025\/02\/cropped-nordnesrepublikken-2.png","contentUrl":"https:\/\/nordnesrepublikken.no\/wp-content\/uploads\/2025\/02\/cropped-nordnesrepublikken-2.png","width":1248,"height":362,"caption":"Nordnesrepublikken"},"image":{"@id":"https:\/\/nordnesrepublikken.no\/#\/schema\/logo\/image\/"}},{"@type":"Person","@id":"https:\/\/nordnesrepublikken.no\/#\/schema\/person\/2e7e81935bab77882fffb79296240ff1","name":"Ole Andersen","image":{"@type":"ImageObject","inLanguage":"nb-NO","@id":"https:\/\/nordnesrepublikken.no\/#\/schema\/person\/image\/","url":"https:\/\/nordnesrepublikken.no\/wp-content\/uploads\/2025\/02\/nordnesrepublikken-2-2-150x150.jpg","contentUrl":"https:\/\/nordnesrepublikken.no\/wp-content\/uploads\/2025\/02\/nordnesrepublikken-2-2-150x150.jpg","caption":"Ole Andersen"},"description":"Ettersom jeg vokste opp i Oslo, har jeg alltid v\u00e6rt fascinert av ordenes kraft og deres evne til \u00e5 skape endringer. Etter \u00e5 ha fullf\u00f8rt min utdannelse i kommunikasjon ved Universitetet i Bergen, fikk jeg muligheten til \u00e5 jobbe innen ulike medier, der jeg har s\u00f8kt \u00e5 belyse viktige samfunnssp\u00f8rsm\u00e5l. I dag, som redakt\u00f8r for Nordnesrepublikken, pr\u00f8ver jeg \u00e5 forene min kj\u00e6rlighet for journalistikk med min lidenskap for innovasjon og eventyr.","sameAs":["https:\/\/nordnesrepublikken.no\/"]}]}},"_links":{"self":[{"href":"https:\/\/nordnesrepublikken.no\/index.php\/wp-json\/wp\/v2\/posts\/2574","targetHints":{"allow":["GET"]}}],"collection":[{"href":"https:\/\/nordnesrepublikken.no\/index.php\/wp-json\/wp\/v2\/posts"}],"about":[{"href":"https:\/\/nordnesrepublikken.no\/index.php\/wp-json\/wp\/v2\/types\/post"}],"author":[{"embeddable":true,"href":"https:\/\/nordnesrepublikken.no\/index.php\/wp-json\/wp\/v2\/users\/1"}],"replies":[{"embeddable":true,"href":"https:\/\/nordnesrepublikken.no\/index.php\/wp-json\/wp\/v2\/comments?post=2574"}],"version-history":[{"count":1,"href":"https:\/\/nordnesrepublikken.no\/index.php\/wp-json\/wp\/v2\/posts\/2574\/revisions"}],"predecessor-version":[{"id":2576,"href":"https:\/\/nordnesrepublikken.no\/index.php\/wp-json\/wp\/v2\/posts\/2574\/revisions\/2576"}],"wp:featuredmedia":[{"embeddable":true,"href":"https:\/\/nordnesrepublikken.no\/index.php\/wp-json\/wp\/v2\/media\/2575"}],"wp:attachment":[{"href":"https:\/\/nordnesrepublikken.no\/index.php\/wp-json\/wp\/v2\/media?parent=2574"}],"wp:term":[{"taxonomy":"category","embeddable":true,"href":"https:\/\/nordnesrepublikken.no\/index.php\/wp-json\/wp\/v2\/categories?post=2574"},{"taxonomy":"post_tag","embeddable":true,"href":"https:\/\/nordnesrepublikken.no\/index.php\/wp-json\/wp\/v2\/tags?post=2574"}],"curies":[{"name":"wp","href":"https:\/\/api.w.org\/{rel}","templated":true}]}}