{"id":21859,"date":"2026-09-06T22:03:03","date_gmt":"2026-09-06T20:03:03","guid":{"rendered":"https:\/\/nordnesrepublikken.no\/index.php\/2026\/09\/06\/elcanos-victoria-var-det-forste-skipet-som-seilte-verden-rundt-det-eneste-som-kom-tilbake-fra-magellan-ekspedisjonen\/"},"modified":"2026-09-06T22:03:05","modified_gmt":"2026-09-06T20:03:05","slug":"elcanos-victoria-var-det-forste-skipet-som-seilte-verden-rundt-det-eneste-som-kom-tilbake-fra-magellan-ekspedisjonen","status":"publish","type":"post","link":"https:\/\/nordnesrepublikken.no\/index.php\/2026\/09\/06\/elcanos-victoria-var-det-forste-skipet-som-seilte-verden-rundt-det-eneste-som-kom-tilbake-fra-magellan-ekspedisjonen\/","title":{"rendered":"Elcanos Victoria var det f\u00f8rste skipet som seilte verden rundt: det eneste som kom tilbake fra Magellan-ekspedisjonen"},"content":{"rendered":"<div>\n<div class=\"cp_wrapper cp_wrapper--fw mb-30 mb-20@tablet\">\n<figure class=\"mm\"><picture class=\"img\" style=\"padding-top:56.25%\"><source  media=\"(min-width: 1024px)\"><source  media=\"(min-width: 768px)\"><\/source><\/source><\/picture><\/figure>\n<\/p><\/div>\n<p>Der <b>skip Victoria <\/b>det var et av de fem skipene som utgjorde fl\u00e5ten som Magellan i 1519 forlot Spania med for <b>n\u00e5 Molukkene<\/b>i Indonesia, passerer fra vest p\u00e5 ordre fra Charles V. Il <b>6. september 1522<\/b> Victoria, kommandert av <strong>Juan Sebastian Elcano<\/strong> etter Magellans d\u00f8d, <b>det var den eneste som landet p\u00e5 de spanske kysten igjen<\/b>etter \u00e5 ha omg\u00e5tt kloden. De fire andre skipene klarte ikke \u00e5 returnere fordi de under reisen ble \u00f8delagt eller alvorlig skadet.<\/p>\n<p>Etter \u00e5 ha reist vestover, da Victoria landet igjen i Spania etter tre \u00e5r, var mennene om bord overbevist om at det var 7. september, ikke den 6.: de hadde telt dagene om bord riktig, men tydeligvis gikk de vestover, gradvis &laquo;tilbake&raquo; i henhold til solens bevegelser, s\u00e5 gikk de tilbake og seilte \u00f8stover, <b>derfor \u00abtaper\u00bb en dag p\u00e5 kalenderen<\/b>.<\/p>\n<h2>Magellans ekspedisjon og rollen til skipet Victoria<\/h2>\n<p>De <b>20. september 1519<\/b>fra de spanske kysten av Sevilla, forlot ekspedisjonen &#8211; p\u00e5 oppdrag av kongen av Spania Charles V &#8211; kommandert av portugiserne <b>Ferdinand Magellan<\/b>med sikte p\u00e5 \u00e5 \u00e5pne <b>en vestlig rute til Maluku-\u00f8yene<\/b>kalt Krydder\u00f8yene, i Indonesia, uten \u00e5 m\u00e5tte passere gjennom Afrika.<\/p>\n<p>Den \u00f8stlige ruten, som derfor gikk gjennom Kapp det gode h\u00e5p, var faktisk under portugisisk kontroll, slik den ble etablert ved Tordesillas-traktaten som i 1494 klart hadde delt rutene mellom de to sj\u00f8maktene. Magellan var portugisisk, men han seilte i Spanias tjeneste: hans, og hans menns, oppgave var \u00e5 \u00e5pne en ny handelsrute <b>passerer gjennom Stillehavet<\/b>.<\/p>\n<p>Ekspedisjonen dro fra <b>Sanl\u00facar<\/b> med fem skip \u2013 <b>Trinidad, San Antonio, Concepci\u00f3n, Santiago<\/b> og, nettopp, den <b>Victoria, <\/b>kommandert av <b>Luis de Mendoza <\/b>\u2013 og om <b>237 menn<\/b>. Den l\u00e6rde og reisende fra Vicenza seilte ogs\u00e5 om bord <b>Antonio Pigafetta<\/b> som under reisen f\u00f8rte dagbok over ekspedisjonen som har kommet ned til oss.<\/p>\n<p>Den 27. april 1521, etter to \u00e5rs navigasjon,<b> Magellan d\u00f8de<\/b> under et sammenst\u00f8t p\u00e5 \u00f8ya Mactan p\u00e5 Filippinene: kommandoen over ekspedisjonen ble etter noen f\u00e5 skritt overlatt til baskeren<b> Juan Sebastian Elcano<\/b>offiser for Concepci\u00f3n. De n\u00e5dde deretter Molukkene <b>bare Victoria og Trinidad<\/b>men sistnevnte var for skadet, og han kunne ikke reise hjem.<\/p>\n<p>Skipet Victoria derimot, <b>seilte vestover<\/b> den 21. desember 1521 og etter \u00e5 ha passert Kapp det gode h\u00e5p,<b> den 6. september 1522 landet Victoria i Sanl\u00facar <\/b>\u2013 og deretter 8. september i Sevilla \u2013 med bare 18 mann om bord, inkludert Elcano og Pigafetta. Der <b>Victoria, <\/b>ledet av sjefen <b>Elcano<\/b> hadde faktisk, for f\u00f8rste gang i historien, <b>omringet kloden. <\/b><\/p>\n<p>Kong Charles V ga ham et v\u00e5penskjold med den latinske frasen &laquo;<em><strong>s<\/strong><\/em><b><em>rimus circumdedisti meg<\/em>&laquo;<\/b>bokstavelig talt&raquo;<b>du gikk f\u00f8rst rundt meg<\/b>&laquo;.<\/p>\n<h2>Det f\u00f8rste skipet som fullf\u00f8rte jorden rundt-turen som &laquo;bommet&raquo; en dag<\/h2>\n<p>Da skipet Victoria landet i Sanl\u00facar, var det for mennene om bord <b>7. september<\/b>men han var p\u00e5 bakken <b>&laquo;igjen&raquo; den 6<\/b>en dato som offisielt huskes som \u00e5rsdagen for skipets ankomst. Dette skyldes det faktum at, seiling vestover <b>de &laquo;klatret&raquo; bakover med hensyn til solens bevegelse, <\/b>Det er derfor i dag, hvis du g\u00e5r fra Europa til Vesten, m\u00e5 du stille klokken tilbake.<\/p>\n<p>Antonio Pigafetta noterte datoene i dagboken sin, og hadde \u00e5penbart ikke utgjort dette problemet: da de dro tilbake og fullf\u00f8rte turen, landet de i juli 1522 p\u00e5 Kapp Verde, hvor de var overbevist om at det var<b> 9. juli<\/b>Mens<b> der var det &laquo;allerede&raquo; den 10<\/b>. Rett og slett mennene om bord p\u00e5 skipene, uten \u00e5 ta hensyn til det faktum at i forskjellige deler av jorden st\u00e5r solen opp til forskjellige tider, <b>de hadde telt en soloppgang mindre<\/b>.<\/p>\n<h2>En kopi av den gikk nok en gang rundt kloden<\/h2>\n<p>I dag er det tre kopier av Victoria-skipet: den f\u00f8rste, <b>bygget i Spania i 1991<\/b> etter \u00e5r med n\u00f8ye historisk forskning, reiste den verden rundt mellom 2004 og 2006.<\/p>\n<p>I dag forvaltes denne imponerende rekonstruksjonen av<b> Fundacion Nao Victoria<\/b> og har ikke fast plassering, men reiser til ulike havner som et historisk vitnesbyrd.<\/p>\n<p>Du kan imidlertid bes\u00f8ke den p\u00e5 <b>Sevilla<\/b>ved Guadalquivir-bryggen i Exploraterra-rommet, en annen fast kopi, den<b> Nao Victoria 500<\/b>bygget i 2019.<\/p>\n<p>TIL <b>Punta Arenas<\/b>i Chile, ved Magellanstredet, \u00e5pnet Nao Victoria-museet for publikum i 2011, hvor du kan bes\u00f8ke en annen kopi av det ber\u00f8mte skipet.<\/p>\n<\/p><\/div>\n","protected":false},"excerpt":{"rendered":"<p>Der skip Victoria det var et av de fem skipene som utgjorde fl\u00e5ten som Magellan<\/p>\n","protected":false},"author":1,"featured_media":21860,"comment_status":"closed","ping_status":"open","sticky":false,"template":"","format":"standard","meta":{"footnotes":""},"categories":[104],"tags":[66,14310,1923,67,125,3912,14313,2693,14312,1774,31,825,100,598,14311],"class_list":["post-21859","post","type-post","status-publish","format-standard","has-post-thumbnail","hentry","category-samfunn","tag-det","tag-elcanos","tag-eneste","tag-forste","tag-fra","tag-kom","tag-magellanekspedisjonen","tag-rundt","tag-seilte","tag-skipet","tag-som","tag-tilbake","tag-var","tag-verden","tag-victoria","generate-columns","tablet-grid-50","mobile-grid-100","grid-parent","grid-33","resize-featured-image"],"yoast_head":"<!-- This site is optimized with the Yoast SEO plugin v24.4 - https:\/\/yoast.com\/wordpress\/plugins\/seo\/ -->\n<title>Elcanos Victoria var det f\u00f8rste skipet som seilte verden rundt: det eneste som kom tilbake fra Magellan-ekspedisjonen - Nordnesrepublikken<\/title>\n<meta name=\"robots\" content=\"index, follow, max-snippet:-1, max-image-preview:large, max-video-preview:-1\" \/>\n<link rel=\"canonical\" href=\"https:\/\/nordnesrepublikken.no\/index.php\/2026\/09\/06\/elcanos-victoria-var-det-forste-skipet-som-seilte-verden-rundt-det-eneste-som-kom-tilbake-fra-magellan-ekspedisjonen\/\" \/>\n<meta property=\"og:locale\" content=\"nb_NO\" \/>\n<meta property=\"og:type\" content=\"article\" \/>\n<meta property=\"og:title\" content=\"Elcanos Victoria var det f\u00f8rste skipet som seilte verden rundt: det eneste som kom tilbake fra Magellan-ekspedisjonen - Nordnesrepublikken\" \/>\n<meta property=\"og:description\" content=\"Der skip Victoria det var et av de fem skipene som utgjorde fl\u00e5ten som Magellan\" \/>\n<meta property=\"og:url\" content=\"https:\/\/nordnesrepublikken.no\/index.php\/2026\/09\/06\/elcanos-victoria-var-det-forste-skipet-som-seilte-verden-rundt-det-eneste-som-kom-tilbake-fra-magellan-ekspedisjonen\/\" \/>\n<meta property=\"og:site_name\" content=\"Nordnesrepublikken\" \/>\n<meta property=\"article:published_time\" content=\"2026-09-06T20:03:03+00:00\" \/>\n<meta property=\"article:modified_time\" content=\"2026-09-06T20:03:05+00:00\" \/>\n<meta property=\"og:image\" content=\"https:\/\/nordnesrepublikken.no\/wp-content\/uploads\/2026\/09\/1788724985_Elcanos-Victoria-var-det-forste-skipet-som-seilte-verden-rundt.jpg\" \/>\n\t<meta property=\"og:image:width\" content=\"768\" \/>\n\t<meta property=\"og:image:height\" content=\"512\" \/>\n\t<meta property=\"og:image:type\" content=\"image\/jpeg\" \/>\n<meta name=\"author\" content=\"Ole Andersen\" \/>\n<meta name=\"twitter:card\" content=\"summary_large_image\" \/>\n<meta name=\"twitter:label1\" content=\"Skrevet av\" \/>\n\t<meta name=\"twitter:data1\" content=\"Ole Andersen\" \/>\n\t<meta name=\"twitter:label2\" content=\"Ansl. lesetid\" \/>\n\t<meta name=\"twitter:data2\" content=\"3 minutter\" \/>\n<script type=\"application\/ld+json\" class=\"yoast-schema-graph\">{\"@context\":\"https:\/\/schema.org\",\"@graph\":[{\"@type\":\"Article\",\"@id\":\"https:\/\/nordnesrepublikken.no\/index.php\/2026\/09\/06\/elcanos-victoria-var-det-forste-skipet-som-seilte-verden-rundt-det-eneste-som-kom-tilbake-fra-magellan-ekspedisjonen\/#article\",\"isPartOf\":{\"@id\":\"https:\/\/nordnesrepublikken.no\/index.php\/2026\/09\/06\/elcanos-victoria-var-det-forste-skipet-som-seilte-verden-rundt-det-eneste-som-kom-tilbake-fra-magellan-ekspedisjonen\/\"},\"author\":{\"name\":\"Ole Andersen\",\"@id\":\"https:\/\/nordnesrepublikken.no\/#\/schema\/person\/2e7e81935bab77882fffb79296240ff1\"},\"headline\":\"Elcanos Victoria var det f\u00f8rste skipet som seilte verden rundt: det eneste som kom tilbake fra Magellan-ekspedisjonen\",\"datePublished\":\"2026-09-06T20:03:03+00:00\",\"dateModified\":\"2026-09-06T20:03:05+00:00\",\"mainEntityOfPage\":{\"@id\":\"https:\/\/nordnesrepublikken.no\/index.php\/2026\/09\/06\/elcanos-victoria-var-det-forste-skipet-som-seilte-verden-rundt-det-eneste-som-kom-tilbake-fra-magellan-ekspedisjonen\/\"},\"wordCount\":700,\"publisher\":{\"@id\":\"https:\/\/nordnesrepublikken.no\/#organization\"},\"image\":{\"@id\":\"https:\/\/nordnesrepublikken.no\/index.php\/2026\/09\/06\/elcanos-victoria-var-det-forste-skipet-som-seilte-verden-rundt-det-eneste-som-kom-tilbake-fra-magellan-ekspedisjonen\/#primaryimage\"},\"thumbnailUrl\":\"https:\/\/nordnesrepublikken.no\/wp-content\/uploads\/2026\/09\/1788724985_Elcanos-Victoria-var-det-forste-skipet-som-seilte-verden-rundt.jpg\",\"keywords\":[\"Det\",\"Elcanos\",\"eneste\",\"f\u00f8rste\",\"fra\",\"kom\",\"Magellanekspedisjonen\",\"rundt\",\"seilte\",\"skipet\",\"som\",\"tilbake\",\"var\",\"verden\",\"Victoria\"],\"articleSection\":[\"Samfunn\"],\"inLanguage\":\"nb-NO\"},{\"@type\":\"WebPage\",\"@id\":\"https:\/\/nordnesrepublikken.no\/index.php\/2026\/09\/06\/elcanos-victoria-var-det-forste-skipet-som-seilte-verden-rundt-det-eneste-som-kom-tilbake-fra-magellan-ekspedisjonen\/\",\"url\":\"https:\/\/nordnesrepublikken.no\/index.php\/2026\/09\/06\/elcanos-victoria-var-det-forste-skipet-som-seilte-verden-rundt-det-eneste-som-kom-tilbake-fra-magellan-ekspedisjonen\/\",\"name\":\"Elcanos Victoria var det f\u00f8rste skipet som seilte verden rundt: det eneste som kom tilbake fra Magellan-ekspedisjonen - Nordnesrepublikken\",\"isPartOf\":{\"@id\":\"https:\/\/nordnesrepublikken.no\/#website\"},\"primaryImageOfPage\":{\"@id\":\"https:\/\/nordnesrepublikken.no\/index.php\/2026\/09\/06\/elcanos-victoria-var-det-forste-skipet-som-seilte-verden-rundt-det-eneste-som-kom-tilbake-fra-magellan-ekspedisjonen\/#primaryimage\"},\"image\":{\"@id\":\"https:\/\/nordnesrepublikken.no\/index.php\/2026\/09\/06\/elcanos-victoria-var-det-forste-skipet-som-seilte-verden-rundt-det-eneste-som-kom-tilbake-fra-magellan-ekspedisjonen\/#primaryimage\"},\"thumbnailUrl\":\"https:\/\/nordnesrepublikken.no\/wp-content\/uploads\/2026\/09\/1788724985_Elcanos-Victoria-var-det-forste-skipet-som-seilte-verden-rundt.jpg\",\"datePublished\":\"2026-09-06T20:03:03+00:00\",\"dateModified\":\"2026-09-06T20:03:05+00:00\",\"breadcrumb\":{\"@id\":\"https:\/\/nordnesrepublikken.no\/index.php\/2026\/09\/06\/elcanos-victoria-var-det-forste-skipet-som-seilte-verden-rundt-det-eneste-som-kom-tilbake-fra-magellan-ekspedisjonen\/#breadcrumb\"},\"inLanguage\":\"nb-NO\",\"potentialAction\":[{\"@type\":\"ReadAction\",\"target\":[\"https:\/\/nordnesrepublikken.no\/index.php\/2026\/09\/06\/elcanos-victoria-var-det-forste-skipet-som-seilte-verden-rundt-det-eneste-som-kom-tilbake-fra-magellan-ekspedisjonen\/\"]}]},{\"@type\":\"ImageObject\",\"inLanguage\":\"nb-NO\",\"@id\":\"https:\/\/nordnesrepublikken.no\/index.php\/2026\/09\/06\/elcanos-victoria-var-det-forste-skipet-som-seilte-verden-rundt-det-eneste-som-kom-tilbake-fra-magellan-ekspedisjonen\/#primaryimage\",\"url\":\"https:\/\/nordnesrepublikken.no\/wp-content\/uploads\/2026\/09\/1788724985_Elcanos-Victoria-var-det-forste-skipet-som-seilte-verden-rundt.jpg\",\"contentUrl\":\"https:\/\/nordnesrepublikken.no\/wp-content\/uploads\/2026\/09\/1788724985_Elcanos-Victoria-var-det-forste-skipet-som-seilte-verden-rundt.jpg\",\"width\":768,\"height\":512,\"caption\":\"Elcanos Victoria var det f\u00f8rste skipet som seilte verden rundt: det eneste som kom tilbake fra Magellan-ekspedisjonen\"},{\"@type\":\"BreadcrumbList\",\"@id\":\"https:\/\/nordnesrepublikken.no\/index.php\/2026\/09\/06\/elcanos-victoria-var-det-forste-skipet-som-seilte-verden-rundt-det-eneste-som-kom-tilbake-fra-magellan-ekspedisjonen\/#breadcrumb\",\"itemListElement\":[{\"@type\":\"ListItem\",\"position\":1,\"name\":\"Home\",\"item\":\"https:\/\/nordnesrepublikken.no\/\"},{\"@type\":\"ListItem\",\"position\":2,\"name\":\"Elcanos Victoria var det f\u00f8rste skipet som seilte verden rundt: det eneste som kom tilbake fra Magellan-ekspedisjonen\"}]},{\"@type\":\"WebSite\",\"@id\":\"https:\/\/nordnesrepublikken.no\/#website\",\"url\":\"https:\/\/nordnesrepublikken.no\/\",\"name\":\"Nordnesrepublikken\",\"description\":\"Stemmer og Visjoner fra Republikkens Hjerte\",\"publisher\":{\"@id\":\"https:\/\/nordnesrepublikken.no\/#organization\"},\"potentialAction\":[{\"@type\":\"SearchAction\",\"target\":{\"@type\":\"EntryPoint\",\"urlTemplate\":\"https:\/\/nordnesrepublikken.no\/?s={search_term_string}\"},\"query-input\":{\"@type\":\"PropertyValueSpecification\",\"valueRequired\":true,\"valueName\":\"search_term_string\"}}],\"inLanguage\":\"nb-NO\"},{\"@type\":\"Organization\",\"@id\":\"https:\/\/nordnesrepublikken.no\/#organization\",\"name\":\"Nordnesrepublikken\",\"url\":\"https:\/\/nordnesrepublikken.no\/\",\"logo\":{\"@type\":\"ImageObject\",\"inLanguage\":\"nb-NO\",\"@id\":\"https:\/\/nordnesrepublikken.no\/#\/schema\/logo\/image\/\",\"url\":\"https:\/\/nordnesrepublikken.no\/wp-content\/uploads\/2025\/02\/cropped-nordnesrepublikken-2.png\",\"contentUrl\":\"https:\/\/nordnesrepublikken.no\/wp-content\/uploads\/2025\/02\/cropped-nordnesrepublikken-2.png\",\"width\":1248,\"height\":362,\"caption\":\"Nordnesrepublikken\"},\"image\":{\"@id\":\"https:\/\/nordnesrepublikken.no\/#\/schema\/logo\/image\/\"}},{\"@type\":\"Person\",\"@id\":\"https:\/\/nordnesrepublikken.no\/#\/schema\/person\/2e7e81935bab77882fffb79296240ff1\",\"name\":\"Ole Andersen\",\"image\":{\"@type\":\"ImageObject\",\"inLanguage\":\"nb-NO\",\"@id\":\"https:\/\/nordnesrepublikken.no\/#\/schema\/person\/image\/\",\"url\":\"https:\/\/nordnesrepublikken.no\/wp-content\/uploads\/2025\/02\/nordnesrepublikken-2-2-150x150.jpg\",\"contentUrl\":\"https:\/\/nordnesrepublikken.no\/wp-content\/uploads\/2025\/02\/nordnesrepublikken-2-2-150x150.jpg\",\"caption\":\"Ole Andersen\"},\"description\":\"Ettersom jeg vokste opp i Oslo, har jeg alltid v\u00e6rt fascinert av ordenes kraft og deres evne til \u00e5 skape endringer. Etter \u00e5 ha fullf\u00f8rt min utdannelse i kommunikasjon ved Universitetet i Bergen, fikk jeg muligheten til \u00e5 jobbe innen ulike medier, der jeg har s\u00f8kt \u00e5 belyse viktige samfunnssp\u00f8rsm\u00e5l. I dag, som redakt\u00f8r for Nordnesrepublikken, pr\u00f8ver jeg \u00e5 forene min kj\u00e6rlighet for journalistikk med min lidenskap for innovasjon og eventyr.\",\"sameAs\":[\"https:\/\/nordnesrepublikken.no\/\"]}]}<\/script>\n<!-- \/ Yoast SEO plugin. -->","yoast_head_json":{"title":"Elcanos Victoria var det f\u00f8rste skipet som seilte verden rundt: det eneste som kom tilbake fra Magellan-ekspedisjonen - Nordnesrepublikken","robots":{"index":"index","follow":"follow","max-snippet":"max-snippet:-1","max-image-preview":"max-image-preview:large","max-video-preview":"max-video-preview:-1"},"canonical":"https:\/\/nordnesrepublikken.no\/index.php\/2026\/09\/06\/elcanos-victoria-var-det-forste-skipet-som-seilte-verden-rundt-det-eneste-som-kom-tilbake-fra-magellan-ekspedisjonen\/","og_locale":"nb_NO","og_type":"article","og_title":"Elcanos Victoria var det f\u00f8rste skipet som seilte verden rundt: det eneste som kom tilbake fra Magellan-ekspedisjonen - Nordnesrepublikken","og_description":"Der skip Victoria det var et av de fem skipene som utgjorde fl\u00e5ten som Magellan","og_url":"https:\/\/nordnesrepublikken.no\/index.php\/2026\/09\/06\/elcanos-victoria-var-det-forste-skipet-som-seilte-verden-rundt-det-eneste-som-kom-tilbake-fra-magellan-ekspedisjonen\/","og_site_name":"Nordnesrepublikken","article_published_time":"2026-09-06T20:03:03+00:00","article_modified_time":"2026-09-06T20:03:05+00:00","og_image":[{"width":768,"height":512,"url":"https:\/\/nordnesrepublikken.no\/wp-content\/uploads\/2026\/09\/1788724985_Elcanos-Victoria-var-det-forste-skipet-som-seilte-verden-rundt.jpg","type":"image\/jpeg"}],"author":"Ole Andersen","twitter_card":"summary_large_image","twitter_misc":{"Skrevet av":"Ole Andersen","Ansl. lesetid":"3 minutter"},"schema":{"@context":"https:\/\/schema.org","@graph":[{"@type":"Article","@id":"https:\/\/nordnesrepublikken.no\/index.php\/2026\/09\/06\/elcanos-victoria-var-det-forste-skipet-som-seilte-verden-rundt-det-eneste-som-kom-tilbake-fra-magellan-ekspedisjonen\/#article","isPartOf":{"@id":"https:\/\/nordnesrepublikken.no\/index.php\/2026\/09\/06\/elcanos-victoria-var-det-forste-skipet-som-seilte-verden-rundt-det-eneste-som-kom-tilbake-fra-magellan-ekspedisjonen\/"},"author":{"name":"Ole Andersen","@id":"https:\/\/nordnesrepublikken.no\/#\/schema\/person\/2e7e81935bab77882fffb79296240ff1"},"headline":"Elcanos Victoria var det f\u00f8rste skipet som seilte verden rundt: det eneste som kom tilbake fra Magellan-ekspedisjonen","datePublished":"2026-09-06T20:03:03+00:00","dateModified":"2026-09-06T20:03:05+00:00","mainEntityOfPage":{"@id":"https:\/\/nordnesrepublikken.no\/index.php\/2026\/09\/06\/elcanos-victoria-var-det-forste-skipet-som-seilte-verden-rundt-det-eneste-som-kom-tilbake-fra-magellan-ekspedisjonen\/"},"wordCount":700,"publisher":{"@id":"https:\/\/nordnesrepublikken.no\/#organization"},"image":{"@id":"https:\/\/nordnesrepublikken.no\/index.php\/2026\/09\/06\/elcanos-victoria-var-det-forste-skipet-som-seilte-verden-rundt-det-eneste-som-kom-tilbake-fra-magellan-ekspedisjonen\/#primaryimage"},"thumbnailUrl":"https:\/\/nordnesrepublikken.no\/wp-content\/uploads\/2026\/09\/1788724985_Elcanos-Victoria-var-det-forste-skipet-som-seilte-verden-rundt.jpg","keywords":["Det","Elcanos","eneste","f\u00f8rste","fra","kom","Magellanekspedisjonen","rundt","seilte","skipet","som","tilbake","var","verden","Victoria"],"articleSection":["Samfunn"],"inLanguage":"nb-NO"},{"@type":"WebPage","@id":"https:\/\/nordnesrepublikken.no\/index.php\/2026\/09\/06\/elcanos-victoria-var-det-forste-skipet-som-seilte-verden-rundt-det-eneste-som-kom-tilbake-fra-magellan-ekspedisjonen\/","url":"https:\/\/nordnesrepublikken.no\/index.php\/2026\/09\/06\/elcanos-victoria-var-det-forste-skipet-som-seilte-verden-rundt-det-eneste-som-kom-tilbake-fra-magellan-ekspedisjonen\/","name":"Elcanos Victoria var det f\u00f8rste skipet som seilte verden rundt: det eneste som kom tilbake fra Magellan-ekspedisjonen - Nordnesrepublikken","isPartOf":{"@id":"https:\/\/nordnesrepublikken.no\/#website"},"primaryImageOfPage":{"@id":"https:\/\/nordnesrepublikken.no\/index.php\/2026\/09\/06\/elcanos-victoria-var-det-forste-skipet-som-seilte-verden-rundt-det-eneste-som-kom-tilbake-fra-magellan-ekspedisjonen\/#primaryimage"},"image":{"@id":"https:\/\/nordnesrepublikken.no\/index.php\/2026\/09\/06\/elcanos-victoria-var-det-forste-skipet-som-seilte-verden-rundt-det-eneste-som-kom-tilbake-fra-magellan-ekspedisjonen\/#primaryimage"},"thumbnailUrl":"https:\/\/nordnesrepublikken.no\/wp-content\/uploads\/2026\/09\/1788724985_Elcanos-Victoria-var-det-forste-skipet-som-seilte-verden-rundt.jpg","datePublished":"2026-09-06T20:03:03+00:00","dateModified":"2026-09-06T20:03:05+00:00","breadcrumb":{"@id":"https:\/\/nordnesrepublikken.no\/index.php\/2026\/09\/06\/elcanos-victoria-var-det-forste-skipet-som-seilte-verden-rundt-det-eneste-som-kom-tilbake-fra-magellan-ekspedisjonen\/#breadcrumb"},"inLanguage":"nb-NO","potentialAction":[{"@type":"ReadAction","target":["https:\/\/nordnesrepublikken.no\/index.php\/2026\/09\/06\/elcanos-victoria-var-det-forste-skipet-som-seilte-verden-rundt-det-eneste-som-kom-tilbake-fra-magellan-ekspedisjonen\/"]}]},{"@type":"ImageObject","inLanguage":"nb-NO","@id":"https:\/\/nordnesrepublikken.no\/index.php\/2026\/09\/06\/elcanos-victoria-var-det-forste-skipet-som-seilte-verden-rundt-det-eneste-som-kom-tilbake-fra-magellan-ekspedisjonen\/#primaryimage","url":"https:\/\/nordnesrepublikken.no\/wp-content\/uploads\/2026\/09\/1788724985_Elcanos-Victoria-var-det-forste-skipet-som-seilte-verden-rundt.jpg","contentUrl":"https:\/\/nordnesrepublikken.no\/wp-content\/uploads\/2026\/09\/1788724985_Elcanos-Victoria-var-det-forste-skipet-som-seilte-verden-rundt.jpg","width":768,"height":512,"caption":"Elcanos Victoria var det f\u00f8rste skipet som seilte verden rundt: det eneste som kom tilbake fra Magellan-ekspedisjonen"},{"@type":"BreadcrumbList","@id":"https:\/\/nordnesrepublikken.no\/index.php\/2026\/09\/06\/elcanos-victoria-var-det-forste-skipet-som-seilte-verden-rundt-det-eneste-som-kom-tilbake-fra-magellan-ekspedisjonen\/#breadcrumb","itemListElement":[{"@type":"ListItem","position":1,"name":"Home","item":"https:\/\/nordnesrepublikken.no\/"},{"@type":"ListItem","position":2,"name":"Elcanos Victoria var det f\u00f8rste skipet som seilte verden rundt: det eneste som kom tilbake fra Magellan-ekspedisjonen"}]},{"@type":"WebSite","@id":"https:\/\/nordnesrepublikken.no\/#website","url":"https:\/\/nordnesrepublikken.no\/","name":"Nordnesrepublikken","description":"Stemmer og Visjoner fra Republikkens Hjerte","publisher":{"@id":"https:\/\/nordnesrepublikken.no\/#organization"},"potentialAction":[{"@type":"SearchAction","target":{"@type":"EntryPoint","urlTemplate":"https:\/\/nordnesrepublikken.no\/?s={search_term_string}"},"query-input":{"@type":"PropertyValueSpecification","valueRequired":true,"valueName":"search_term_string"}}],"inLanguage":"nb-NO"},{"@type":"Organization","@id":"https:\/\/nordnesrepublikken.no\/#organization","name":"Nordnesrepublikken","url":"https:\/\/nordnesrepublikken.no\/","logo":{"@type":"ImageObject","inLanguage":"nb-NO","@id":"https:\/\/nordnesrepublikken.no\/#\/schema\/logo\/image\/","url":"https:\/\/nordnesrepublikken.no\/wp-content\/uploads\/2025\/02\/cropped-nordnesrepublikken-2.png","contentUrl":"https:\/\/nordnesrepublikken.no\/wp-content\/uploads\/2025\/02\/cropped-nordnesrepublikken-2.png","width":1248,"height":362,"caption":"Nordnesrepublikken"},"image":{"@id":"https:\/\/nordnesrepublikken.no\/#\/schema\/logo\/image\/"}},{"@type":"Person","@id":"https:\/\/nordnesrepublikken.no\/#\/schema\/person\/2e7e81935bab77882fffb79296240ff1","name":"Ole Andersen","image":{"@type":"ImageObject","inLanguage":"nb-NO","@id":"https:\/\/nordnesrepublikken.no\/#\/schema\/person\/image\/","url":"https:\/\/nordnesrepublikken.no\/wp-content\/uploads\/2025\/02\/nordnesrepublikken-2-2-150x150.jpg","contentUrl":"https:\/\/nordnesrepublikken.no\/wp-content\/uploads\/2025\/02\/nordnesrepublikken-2-2-150x150.jpg","caption":"Ole Andersen"},"description":"Ettersom jeg vokste opp i Oslo, har jeg alltid v\u00e6rt fascinert av ordenes kraft og deres evne til \u00e5 skape endringer. Etter \u00e5 ha fullf\u00f8rt min utdannelse i kommunikasjon ved Universitetet i Bergen, fikk jeg muligheten til \u00e5 jobbe innen ulike medier, der jeg har s\u00f8kt \u00e5 belyse viktige samfunnssp\u00f8rsm\u00e5l. I dag, som redakt\u00f8r for Nordnesrepublikken, pr\u00f8ver jeg \u00e5 forene min kj\u00e6rlighet for journalistikk med min lidenskap for innovasjon og eventyr.","sameAs":["https:\/\/nordnesrepublikken.no\/"]}]}},"_links":{"self":[{"href":"https:\/\/nordnesrepublikken.no\/index.php\/wp-json\/wp\/v2\/posts\/21859","targetHints":{"allow":["GET"]}}],"collection":[{"href":"https:\/\/nordnesrepublikken.no\/index.php\/wp-json\/wp\/v2\/posts"}],"about":[{"href":"https:\/\/nordnesrepublikken.no\/index.php\/wp-json\/wp\/v2\/types\/post"}],"author":[{"embeddable":true,"href":"https:\/\/nordnesrepublikken.no\/index.php\/wp-json\/wp\/v2\/users\/1"}],"replies":[{"embeddable":true,"href":"https:\/\/nordnesrepublikken.no\/index.php\/wp-json\/wp\/v2\/comments?post=21859"}],"version-history":[{"count":1,"href":"https:\/\/nordnesrepublikken.no\/index.php\/wp-json\/wp\/v2\/posts\/21859\/revisions"}],"predecessor-version":[{"id":21861,"href":"https:\/\/nordnesrepublikken.no\/index.php\/wp-json\/wp\/v2\/posts\/21859\/revisions\/21861"}],"wp:featuredmedia":[{"embeddable":true,"href":"https:\/\/nordnesrepublikken.no\/index.php\/wp-json\/wp\/v2\/media\/21860"}],"wp:attachment":[{"href":"https:\/\/nordnesrepublikken.no\/index.php\/wp-json\/wp\/v2\/media?parent=21859"}],"wp:term":[{"taxonomy":"category","embeddable":true,"href":"https:\/\/nordnesrepublikken.no\/index.php\/wp-json\/wp\/v2\/categories?post=21859"},{"taxonomy":"post_tag","embeddable":true,"href":"https:\/\/nordnesrepublikken.no\/index.php\/wp-json\/wp\/v2\/tags?post=21859"}],"curies":[{"name":"wp","href":"https:\/\/api.w.org\/{rel}","templated":true}]}}