{"id":21856,"date":"2026-09-06T19:02:36","date_gmt":"2026-09-06T17:02:36","guid":{"rendered":"https:\/\/nordnesrepublikken.no\/index.php\/2026\/09\/06\/katastrofen-i-nepal-viser-den-okende-ustabiliteten-til-isbreer-men-a-skylde-pa-el-nino-er-usannsynlig\/"},"modified":"2026-09-06T19:02:38","modified_gmt":"2026-09-06T17:02:38","slug":"katastrofen-i-nepal-viser-den-okende-ustabiliteten-til-isbreer-men-a-skylde-pa-el-nino-er-usannsynlig","status":"publish","type":"post","link":"https:\/\/nordnesrepublikken.no\/index.php\/2026\/09\/06\/katastrofen-i-nepal-viser-den-okende-ustabiliteten-til-isbreer-men-a-skylde-pa-el-nino-er-usannsynlig\/","title":{"rendered":"Katastrofen i Nepal viser den \u00f8kende ustabiliteten til isbreer, men \u00e5 skylde p\u00e5 El Ni\u00f1o er usannsynlig"},"content":{"rendered":"<div>\n<div class=\"cp_wrapper cp_wrapper--fw mb-30 mb-20@tablet\">\n<figure class=\"mm\"><picture class=\"img\" style=\"padding-top:56.25%\"><source  media=\"(min-width: 1024px)\"><source  media=\"(min-width: 768px)\"><\/source><\/source><\/picture><\/figure>\n<\/p><\/div>\n<p>De<strong> Katastrofe i Nepal<\/strong> har nok en gang trukket verdens oppmerksomhet til de \u00f8deleggende effektene av <strong>klimaendringer<\/strong> p\u00e5 milj\u00f8 og populasjoner. Sammenfallende med starten p\u00e5 en av de mest intense <strong>El Ni\u00f1o<\/strong> aldri spilt inn, lurer man p\u00e5 om dette kan ha spilt noen rolle i <strong>termiske anomalier<\/strong> observert p\u00e5 over 5100 meter over havet p\u00e5<strong>Himalaya<\/strong> og f\u00f8lgelig i utl\u00f8sningen av <strong>skred av rusk<\/strong> som han ville ha <strong>drepte over 1000 mennesker<\/strong>.<\/p>\n<p>Et sikkert svar kan imidlertid enn\u00e5 ikke formuleres b\u00e5de p\u00e5 grunn av mangelen p\u00e5 tilstrekkelige data og vanskeligheten med \u00e5 forutsi effektene som denne nye <strong>&laquo;super&raquo; El Ni\u00f1o<\/strong> kunne ha i store h\u00f8yder. Noen eksperter ser imidlertid ut til \u00e5 v\u00e6re enige om at det er det, ettersom det fortsatt er under utvikling<strong> usannsynlig <\/strong>gi den en <strong>avgj\u00f8rende rolle i Nepal-katastrofen<\/strong>.<\/p>\n<p>Derimot ville de observerte termiske anomaliene v\u00e6re mer konsistente med <strong>progressiv temperatur\u00f8kning<\/strong> sett de siste ti\u00e5rene og for\u00e5rsaket av menneskeutl\u00f8ste klimaendringer.<\/p>\n<h2><strong>Rollen til h\u00f8ye temperaturer i store h\u00f8yder<\/strong><\/h2>\n<p>Litt over en uke etter katastrofen i Nepal var den avgj\u00f8rende rollen til <strong>klimaendringer<\/strong> og av <strong>temperaturer godt over gjennomsnittssesongene<\/strong> i l\u00f8srivelsen av breen, som skjedde ca <strong>5.200 meter<\/strong> h\u00f8yde, noe som ville ha utl\u00f8st ruskstr\u00f8mmen. Data samlet inn av sensorer plassert i og i umiddelbar n\u00e6rhet av en innsj\u00f8 a<strong> 5.100 meter<\/strong> h\u00f8yde, omtrent ti kilometer unna, avsl\u00f8rte de <strong>\u00e5rets h\u00f8yeste vanntemperatur<\/strong> nettopp p\u00e5 dagen for katastrofen og den h\u00f8yeste jord <strong>av de to siste \u00e5rene <\/strong>bare to dager tidligere. Det er derfor den varmeste perioden p\u00e5 \u00e5ret i h\u00f8yden.<\/p>\n<p>Dr. Hamish Pritchard, en glasiolog fra British Antarctic Survey som var den f\u00f8rste som publiserte disse dataene, sa:<\/p>\n<blockquote>\n<p>Disse h\u00f8ye temperaturene ville ha svekket sn\u00f8pakken, fylt sprekkene med vann og l\u00f8st opp b\u00e5ndene mellom is og stein som holder disse isbreene p\u00e5 plass.<\/p>\n<\/blockquote>\n<p>Himalaya er imidlertid ikke det eneste stedet der helserelaterte risikoer <strong>\u00f8ker ustabiliteten til isbreer<\/strong> \u00f8ke med tiden. Fra <strong>Norge<\/strong> ved <strong>Ny<\/strong> <strong>Sj\u00e6lland<\/strong>fra den chilenske cordillera til <strong>Alpene<\/strong> <strong>italiensk<\/strong>er det flere og flere isbreer rundt om i verden <strong>s\u00e5rbar<\/strong> p\u00e5 grunn av menneskeskapt klimadestabilisering. Det synes derfor klart at hendelser som den i Nepal ikke lenger representerer isolerte tilfeller, og at de over tid kan bli <strong>stadig hyppigere<\/strong>. Og nettopp i denne perioden der effektene av klimaendringer p\u00e5 milj\u00f8et og samfunnet n\u00e5 er synlige for alle, dukker det opp en ytterligere bekymring, knyttet til \u00absuper\u00bb El Ni\u00f1o 2026-27 og dens potensielle effekter p\u00e5 h\u00f8yh\u00f8ydeomr\u00e5der.<\/p>\n<div class=\"cp_wrapper cp_wrapper--fw mb-50\">\n<figure class=\"mm\"><picture class=\"img\" style=\"padding-top:66.5%\"><source  media=\"(min-width: 1024px)\"><source  media=\"(min-width: 768px)\"><img decoding=\"async\" loading=\"lazy\" src=\"https:\/\/nordnesrepublikken.no\/wp-content\/uploads\/2026\/09\/1788714155_598_Katastrofen-i-Nepal-viser-den-okende-ustabiliteten-til-isbreer-men.jpg\" alt=\"el-nino-kopernikus\" width=\"1000\" height=\"665\"\/><\/source><\/source><\/picture><\/figure>\n<\/p><\/div>\n<h2><strong>El Ni\u00f1o-fenomenet og dets konsekvenser i 2026-2027<\/strong><\/h2>\n<p><strong>El Ni\u00f1o-s\u00f8rlig oscillasjon (ENSO)<\/strong> det er et syklisk klimafenomen preget av variasjoner i temperatur <strong>vann<\/strong> <strong>overfladisk<\/strong> og guder <strong>vinder<\/strong> i&#8217;<strong>Stillehavet <\/strong>tropisk. Effektene av El Ni\u00f1o er flere og i mange regioner i verden stort sett forutsigbare.<\/p>\n<p>Blant disse er ENSO hovedansvarlig for <strong>bleking<\/strong> <strong>av koraller<\/strong> i tropiske omr\u00e5der, utvikling av omfattende <strong>branner<\/strong> i indonesiske regioner, og av <strong>kraftig nedb\u00f8r<\/strong> i S\u00f8r-Amerika. I store h\u00f8yder, som i Himalaya, er virkningene av El Ni\u00f1o enn\u00e5 ikke helt klare. Generelt inkluderer disse lufttemperaturer over det normale om sommeren etter toppen og en<strong> t\u00f8rrere monsunsesong.<\/strong><\/p>\n<div class=\"cp_wrapper cp_wrapper--fw mb-50\">\n<figure class=\"mm\"><picture class=\"img\" style=\"padding-top:74.837310195228%\"><source  media=\"(min-width: 1024px)\"><source  media=\"(min-width: 768px)\"><img decoding=\"async\" loading=\"lazy\" src=\"https:\/\/nordnesrepublikken.no\/wp-content\/uploads\/2026\/09\/1788714156_478_Katastrofen-i-Nepal-viser-den-okende-ustabiliteten-til-isbreer-men.jpg\" alt=\"Bilde\" width=\"461\" height=\"345\" class=\"js-seedtag-img\"\/><\/source><\/source><\/picture><\/figure>\n<\/p><\/div>\n<p><strong>Kaustubh Thirumalai<\/strong>f\u00f8rsteamanuensis ved Institutt for geovitenskap ved University of Arizona, i et intervju gitt den <em>Vitenskapelig amerikansk <\/em>forklart:<\/p>\n<blockquote>\n<p><em>Ved \u00e5 analysere gjennomsnittet av El Ni\u00f1o-hendelser registrert over de siste 50 \u00e5rene, observerer vi at dette fenomenet har en tendens til \u00e5 bringe h\u00f8yere enn normale temperaturer til regionen i l\u00f8pet av den boreale sommeren (juni, juli og august), og det er nettopp i denne perioden vi trenger \u00e5 bekymre oss for smeltingsfenomener og hendelser av denne typen.<\/em><\/p>\n<\/blockquote>\n<p>Imidlertid regnes ikke 2026-2027 som en normal El Ni\u00f1o. Tallrik <strong>klimamodeller<\/strong> indikerer at overflatetemperaturanomalien kan n\u00e5 i <strong>+3,6 grader i det ekvatoriale Stillehavet<\/strong> mellom september og november, mer enn 1 \u00b0C h\u00f8yere enn 2024-arrangementet, noe som gj\u00f8r det til en av begivenhetene<strong> sterkeste noensinne registrert <\/strong>i moderne tid, derav den journalistiske betegnelsen p\u00e5 <strong>\u201csuper El Ni\u00f1o\u201d<\/strong>. Effektene av denne nye hendelsen i h\u00f8ye omr\u00e5der blir derfor enda st\u00f8rre <strong>vanskelig \u00e5 forutsi<\/strong>.<\/p>\n<blockquote>\n<p><em>El Ni\u00f1o antar enorme proporsjoner foran \u00f8ynene v\u00e5re. Vitenskapen gir ikke rom for tvil: planeten er i ukjent farvann, og vannet varmes opp.<\/em><\/p>\n<\/blockquote>\n<p>erkl\u00e6rte FNs generalsekret\u00e6r, <strong>Antonio Guterres<\/strong>i en pressemelding utstedt den<strong> 3. september 2026<\/strong> fra<strong>Verdens klimaorganisasjon (WTO)<\/strong>. Guterres legger ogs\u00e5 til:<\/p>\n<blockquote>\n<p><em>Havoverflatetemperaturen stiger, temperaturen fortsetter \u00e5 stige, og verden er i faresonen for ekstreme v\u00e6rhendelser. Kappl\u00f8pet g\u00e5r n\u00e5 mellom \u00f8kende risiko og v\u00e5r forpliktelse til klimatiltak og beskyttelse av mennesker.<\/em><\/p>\n<\/blockquote>\n<p>I f\u00f8lge de siste WTO-prognosene er det en usedvanlig h\u00f8y sannsynlighet, <strong>n\u00e6r 100 %<\/strong>at ENSO vedvarer til <strong>februar 2027<\/strong>.<\/p>\n<div class=\"cp_wrapper cp_wrapper--fw mb-50\">\n<figure class=\"mm\"><picture class=\"img\" style=\"padding-top:66.666666666667%\"><source  media=\"(min-width: 1024px)\"><source  media=\"(min-width: 768px)\"><img decoding=\"async\" loading=\"lazy\" src=\"https:\/\/nordnesrepublikken.no\/wp-content\/uploads\/2026\/09\/1788714156_98_Katastrofen-i-Nepal-viser-den-okende-ustabiliteten-til-isbreer-men.jpg\" alt=\"Katastrofe i Nepal\" width=\"3864\" height=\"2576\"\/><\/source><\/source><\/picture><\/figure>\n<\/p><\/div>\n<h2>Effektene av ENSO i Nepal<\/h2>\n<p>Det er derfor en <strong>forbindelse mellom El Ni\u00f1o og Nepal-katastrofen?<\/strong> Dette legitime sp\u00f8rsm\u00e5let har dukket opp i utallige samtaler og intervjuer den siste uken. Men til dags dato, forskere <strong>de ikke har<\/strong> mer av <strong>tilstrekkelig informasjon<\/strong> for \u00e5 fastsl\u00e5 om El Ni\u00f1o-fenomenet, i ferd med \u00e5 dannes, hadde noen rolle i Nepal-katastrofen.<\/p>\n<p>Det som er sikkert er at august 2026 var en <strong>unormalt varm m\u00e5ned<\/strong>en tilstand som absolutt bidro til \u00e5 destabilisere breen.<\/p>\n<blockquote>\n<p><em>Det er imidlertid mye mindre sikkert at oppvarmingen registrert i august er direkte knyttet til El Ni\u00f1o.<\/em><\/p>\n<\/blockquote>\n<p>erkl\u00e6rte han <strong>Mingfang Ting<\/strong>professor ved Columbia Climate School.<\/p>\n<\/p><\/div>\n","protected":false},"excerpt":{"rendered":"<p>De Katastrofe i Nepal har nok en gang trukket verdens oppmerksomhet til de \u00f8deleggende effektene<\/p>\n","protected":false},"author":1,"featured_media":21857,"comment_status":"closed","ping_status":"open","sticky":false,"template":"","format":"standard","meta":{"footnotes":""},"categories":[26],"tags":[74,725,329,355,6203,12332,3481,81,2543,117,5843,12737,5790],"class_list":["post-21856","post","type-post","status-publish","format-standard","has-post-thumbnail","hentry","category-miljo","tag-den","tag-isbreer","tag-katastrofen","tag-men","tag-nepal","tag-nino","tag-okende","tag-pa","tag-skylde","tag-til","tag-usannsynlig","tag-ustabiliteten","tag-viser","generate-columns","tablet-grid-50","mobile-grid-100","grid-parent","grid-33","resize-featured-image"],"yoast_head":"<!-- This site is optimized with the Yoast SEO plugin v24.4 - https:\/\/yoast.com\/wordpress\/plugins\/seo\/ -->\n<title>Katastrofen i Nepal viser den \u00f8kende ustabiliteten til isbreer, men \u00e5 skylde p\u00e5 El Ni\u00f1o er usannsynlig - Nordnesrepublikken<\/title>\n<meta name=\"robots\" content=\"index, follow, max-snippet:-1, max-image-preview:large, max-video-preview:-1\" \/>\n<link rel=\"canonical\" href=\"https:\/\/nordnesrepublikken.no\/index.php\/2026\/09\/06\/katastrofen-i-nepal-viser-den-okende-ustabiliteten-til-isbreer-men-a-skylde-pa-el-nino-er-usannsynlig\/\" \/>\n<meta property=\"og:locale\" content=\"nb_NO\" \/>\n<meta property=\"og:type\" content=\"article\" \/>\n<meta property=\"og:title\" content=\"Katastrofen i Nepal viser den \u00f8kende ustabiliteten til isbreer, men \u00e5 skylde p\u00e5 El Ni\u00f1o er usannsynlig - Nordnesrepublikken\" \/>\n<meta property=\"og:description\" content=\"De Katastrofe i Nepal har nok en gang trukket verdens oppmerksomhet til de \u00f8deleggende effektene\" \/>\n<meta property=\"og:url\" content=\"https:\/\/nordnesrepublikken.no\/index.php\/2026\/09\/06\/katastrofen-i-nepal-viser-den-okende-ustabiliteten-til-isbreer-men-a-skylde-pa-el-nino-er-usannsynlig\/\" \/>\n<meta property=\"og:site_name\" content=\"Nordnesrepublikken\" \/>\n<meta property=\"article:published_time\" content=\"2026-09-06T17:02:36+00:00\" \/>\n<meta property=\"article:modified_time\" content=\"2026-09-06T17:02:38+00:00\" \/>\n<meta property=\"og:image\" content=\"https:\/\/nordnesrepublikken.no\/wp-content\/uploads\/2026\/09\/1788714157_Katastrofen-i-Nepal-viser-den-okende-ustabiliteten-til-isbreer-men.jpg\" \/>\n\t<meta property=\"og:image:width\" content=\"1376\" \/>\n\t<meta property=\"og:image:height\" content=\"768\" \/>\n\t<meta property=\"og:image:type\" content=\"image\/jpeg\" \/>\n<meta name=\"author\" content=\"Ole Andersen\" \/>\n<meta name=\"twitter:card\" content=\"summary_large_image\" \/>\n<meta name=\"twitter:label1\" content=\"Skrevet av\" \/>\n\t<meta name=\"twitter:data1\" content=\"Ole Andersen\" \/>\n\t<meta name=\"twitter:label2\" content=\"Ansl. lesetid\" \/>\n\t<meta name=\"twitter:data2\" content=\"4 minutter\" \/>\n<script type=\"application\/ld+json\" class=\"yoast-schema-graph\">{\"@context\":\"https:\/\/schema.org\",\"@graph\":[{\"@type\":\"Article\",\"@id\":\"https:\/\/nordnesrepublikken.no\/index.php\/2026\/09\/06\/katastrofen-i-nepal-viser-den-okende-ustabiliteten-til-isbreer-men-a-skylde-pa-el-nino-er-usannsynlig\/#article\",\"isPartOf\":{\"@id\":\"https:\/\/nordnesrepublikken.no\/index.php\/2026\/09\/06\/katastrofen-i-nepal-viser-den-okende-ustabiliteten-til-isbreer-men-a-skylde-pa-el-nino-er-usannsynlig\/\"},\"author\":{\"name\":\"Ole Andersen\",\"@id\":\"https:\/\/nordnesrepublikken.no\/#\/schema\/person\/2e7e81935bab77882fffb79296240ff1\"},\"headline\":\"Katastrofen i Nepal viser den \u00f8kende ustabiliteten til isbreer, men \u00e5 skylde p\u00e5 El Ni\u00f1o er usannsynlig\",\"datePublished\":\"2026-09-06T17:02:36+00:00\",\"dateModified\":\"2026-09-06T17:02:38+00:00\",\"mainEntityOfPage\":{\"@id\":\"https:\/\/nordnesrepublikken.no\/index.php\/2026\/09\/06\/katastrofen-i-nepal-viser-den-okende-ustabiliteten-til-isbreer-men-a-skylde-pa-el-nino-er-usannsynlig\/\"},\"wordCount\":911,\"publisher\":{\"@id\":\"https:\/\/nordnesrepublikken.no\/#organization\"},\"image\":{\"@id\":\"https:\/\/nordnesrepublikken.no\/index.php\/2026\/09\/06\/katastrofen-i-nepal-viser-den-okende-ustabiliteten-til-isbreer-men-a-skylde-pa-el-nino-er-usannsynlig\/#primaryimage\"},\"thumbnailUrl\":\"https:\/\/nordnesrepublikken.no\/wp-content\/uploads\/2026\/09\/1788714157_Katastrofen-i-Nepal-viser-den-okende-ustabiliteten-til-isbreer-men.jpg\",\"keywords\":[\"den\",\"isbreer\",\"Katastrofen\",\"men\",\"Nepal\",\"Ni\u00f1o\",\"\u00f8kende\",\"p\u00e5\",\"skylde\",\"til\",\"usannsynlig\",\"ustabiliteten\",\"viser\"],\"articleSection\":[\"Milj\u00f8\"],\"inLanguage\":\"nb-NO\"},{\"@type\":\"WebPage\",\"@id\":\"https:\/\/nordnesrepublikken.no\/index.php\/2026\/09\/06\/katastrofen-i-nepal-viser-den-okende-ustabiliteten-til-isbreer-men-a-skylde-pa-el-nino-er-usannsynlig\/\",\"url\":\"https:\/\/nordnesrepublikken.no\/index.php\/2026\/09\/06\/katastrofen-i-nepal-viser-den-okende-ustabiliteten-til-isbreer-men-a-skylde-pa-el-nino-er-usannsynlig\/\",\"name\":\"Katastrofen i Nepal viser den \u00f8kende ustabiliteten til isbreer, men \u00e5 skylde p\u00e5 El Ni\u00f1o er usannsynlig - Nordnesrepublikken\",\"isPartOf\":{\"@id\":\"https:\/\/nordnesrepublikken.no\/#website\"},\"primaryImageOfPage\":{\"@id\":\"https:\/\/nordnesrepublikken.no\/index.php\/2026\/09\/06\/katastrofen-i-nepal-viser-den-okende-ustabiliteten-til-isbreer-men-a-skylde-pa-el-nino-er-usannsynlig\/#primaryimage\"},\"image\":{\"@id\":\"https:\/\/nordnesrepublikken.no\/index.php\/2026\/09\/06\/katastrofen-i-nepal-viser-den-okende-ustabiliteten-til-isbreer-men-a-skylde-pa-el-nino-er-usannsynlig\/#primaryimage\"},\"thumbnailUrl\":\"https:\/\/nordnesrepublikken.no\/wp-content\/uploads\/2026\/09\/1788714157_Katastrofen-i-Nepal-viser-den-okende-ustabiliteten-til-isbreer-men.jpg\",\"datePublished\":\"2026-09-06T17:02:36+00:00\",\"dateModified\":\"2026-09-06T17:02:38+00:00\",\"breadcrumb\":{\"@id\":\"https:\/\/nordnesrepublikken.no\/index.php\/2026\/09\/06\/katastrofen-i-nepal-viser-den-okende-ustabiliteten-til-isbreer-men-a-skylde-pa-el-nino-er-usannsynlig\/#breadcrumb\"},\"inLanguage\":\"nb-NO\",\"potentialAction\":[{\"@type\":\"ReadAction\",\"target\":[\"https:\/\/nordnesrepublikken.no\/index.php\/2026\/09\/06\/katastrofen-i-nepal-viser-den-okende-ustabiliteten-til-isbreer-men-a-skylde-pa-el-nino-er-usannsynlig\/\"]}]},{\"@type\":\"ImageObject\",\"inLanguage\":\"nb-NO\",\"@id\":\"https:\/\/nordnesrepublikken.no\/index.php\/2026\/09\/06\/katastrofen-i-nepal-viser-den-okende-ustabiliteten-til-isbreer-men-a-skylde-pa-el-nino-er-usannsynlig\/#primaryimage\",\"url\":\"https:\/\/nordnesrepublikken.no\/wp-content\/uploads\/2026\/09\/1788714157_Katastrofen-i-Nepal-viser-den-okende-ustabiliteten-til-isbreer-men.jpg\",\"contentUrl\":\"https:\/\/nordnesrepublikken.no\/wp-content\/uploads\/2026\/09\/1788714157_Katastrofen-i-Nepal-viser-den-okende-ustabiliteten-til-isbreer-men.jpg\",\"width\":1376,\"height\":768,\"caption\":\"Katastrofen i Nepal viser den \u00f8kende ustabiliteten til isbreer, men \u00e5 skylde p\u00e5 El Ni\u00f1o er usannsynlig\"},{\"@type\":\"BreadcrumbList\",\"@id\":\"https:\/\/nordnesrepublikken.no\/index.php\/2026\/09\/06\/katastrofen-i-nepal-viser-den-okende-ustabiliteten-til-isbreer-men-a-skylde-pa-el-nino-er-usannsynlig\/#breadcrumb\",\"itemListElement\":[{\"@type\":\"ListItem\",\"position\":1,\"name\":\"Home\",\"item\":\"https:\/\/nordnesrepublikken.no\/\"},{\"@type\":\"ListItem\",\"position\":2,\"name\":\"Katastrofen i Nepal viser den \u00f8kende ustabiliteten til isbreer, men \u00e5 skylde p\u00e5 El Ni\u00f1o er usannsynlig\"}]},{\"@type\":\"WebSite\",\"@id\":\"https:\/\/nordnesrepublikken.no\/#website\",\"url\":\"https:\/\/nordnesrepublikken.no\/\",\"name\":\"Nordnesrepublikken\",\"description\":\"Stemmer og Visjoner fra Republikkens Hjerte\",\"publisher\":{\"@id\":\"https:\/\/nordnesrepublikken.no\/#organization\"},\"potentialAction\":[{\"@type\":\"SearchAction\",\"target\":{\"@type\":\"EntryPoint\",\"urlTemplate\":\"https:\/\/nordnesrepublikken.no\/?s={search_term_string}\"},\"query-input\":{\"@type\":\"PropertyValueSpecification\",\"valueRequired\":true,\"valueName\":\"search_term_string\"}}],\"inLanguage\":\"nb-NO\"},{\"@type\":\"Organization\",\"@id\":\"https:\/\/nordnesrepublikken.no\/#organization\",\"name\":\"Nordnesrepublikken\",\"url\":\"https:\/\/nordnesrepublikken.no\/\",\"logo\":{\"@type\":\"ImageObject\",\"inLanguage\":\"nb-NO\",\"@id\":\"https:\/\/nordnesrepublikken.no\/#\/schema\/logo\/image\/\",\"url\":\"https:\/\/nordnesrepublikken.no\/wp-content\/uploads\/2025\/02\/cropped-nordnesrepublikken-2.png\",\"contentUrl\":\"https:\/\/nordnesrepublikken.no\/wp-content\/uploads\/2025\/02\/cropped-nordnesrepublikken-2.png\",\"width\":1248,\"height\":362,\"caption\":\"Nordnesrepublikken\"},\"image\":{\"@id\":\"https:\/\/nordnesrepublikken.no\/#\/schema\/logo\/image\/\"}},{\"@type\":\"Person\",\"@id\":\"https:\/\/nordnesrepublikken.no\/#\/schema\/person\/2e7e81935bab77882fffb79296240ff1\",\"name\":\"Ole Andersen\",\"image\":{\"@type\":\"ImageObject\",\"inLanguage\":\"nb-NO\",\"@id\":\"https:\/\/nordnesrepublikken.no\/#\/schema\/person\/image\/\",\"url\":\"https:\/\/nordnesrepublikken.no\/wp-content\/uploads\/2025\/02\/nordnesrepublikken-2-2-150x150.jpg\",\"contentUrl\":\"https:\/\/nordnesrepublikken.no\/wp-content\/uploads\/2025\/02\/nordnesrepublikken-2-2-150x150.jpg\",\"caption\":\"Ole Andersen\"},\"description\":\"Ettersom jeg vokste opp i Oslo, har jeg alltid v\u00e6rt fascinert av ordenes kraft og deres evne til \u00e5 skape endringer. Etter \u00e5 ha fullf\u00f8rt min utdannelse i kommunikasjon ved Universitetet i Bergen, fikk jeg muligheten til \u00e5 jobbe innen ulike medier, der jeg har s\u00f8kt \u00e5 belyse viktige samfunnssp\u00f8rsm\u00e5l. I dag, som redakt\u00f8r for Nordnesrepublikken, pr\u00f8ver jeg \u00e5 forene min kj\u00e6rlighet for journalistikk med min lidenskap for innovasjon og eventyr.\",\"sameAs\":[\"https:\/\/nordnesrepublikken.no\/\"]}]}<\/script>\n<!-- \/ Yoast SEO plugin. -->","yoast_head_json":{"title":"Katastrofen i Nepal viser den \u00f8kende ustabiliteten til isbreer, men \u00e5 skylde p\u00e5 El Ni\u00f1o er usannsynlig - Nordnesrepublikken","robots":{"index":"index","follow":"follow","max-snippet":"max-snippet:-1","max-image-preview":"max-image-preview:large","max-video-preview":"max-video-preview:-1"},"canonical":"https:\/\/nordnesrepublikken.no\/index.php\/2026\/09\/06\/katastrofen-i-nepal-viser-den-okende-ustabiliteten-til-isbreer-men-a-skylde-pa-el-nino-er-usannsynlig\/","og_locale":"nb_NO","og_type":"article","og_title":"Katastrofen i Nepal viser den \u00f8kende ustabiliteten til isbreer, men \u00e5 skylde p\u00e5 El Ni\u00f1o er usannsynlig - Nordnesrepublikken","og_description":"De Katastrofe i Nepal har nok en gang trukket verdens oppmerksomhet til de \u00f8deleggende effektene","og_url":"https:\/\/nordnesrepublikken.no\/index.php\/2026\/09\/06\/katastrofen-i-nepal-viser-den-okende-ustabiliteten-til-isbreer-men-a-skylde-pa-el-nino-er-usannsynlig\/","og_site_name":"Nordnesrepublikken","article_published_time":"2026-09-06T17:02:36+00:00","article_modified_time":"2026-09-06T17:02:38+00:00","og_image":[{"width":1376,"height":768,"url":"https:\/\/nordnesrepublikken.no\/wp-content\/uploads\/2026\/09\/1788714157_Katastrofen-i-Nepal-viser-den-okende-ustabiliteten-til-isbreer-men.jpg","type":"image\/jpeg"}],"author":"Ole Andersen","twitter_card":"summary_large_image","twitter_misc":{"Skrevet av":"Ole Andersen","Ansl. lesetid":"4 minutter"},"schema":{"@context":"https:\/\/schema.org","@graph":[{"@type":"Article","@id":"https:\/\/nordnesrepublikken.no\/index.php\/2026\/09\/06\/katastrofen-i-nepal-viser-den-okende-ustabiliteten-til-isbreer-men-a-skylde-pa-el-nino-er-usannsynlig\/#article","isPartOf":{"@id":"https:\/\/nordnesrepublikken.no\/index.php\/2026\/09\/06\/katastrofen-i-nepal-viser-den-okende-ustabiliteten-til-isbreer-men-a-skylde-pa-el-nino-er-usannsynlig\/"},"author":{"name":"Ole Andersen","@id":"https:\/\/nordnesrepublikken.no\/#\/schema\/person\/2e7e81935bab77882fffb79296240ff1"},"headline":"Katastrofen i Nepal viser den \u00f8kende ustabiliteten til isbreer, men \u00e5 skylde p\u00e5 El Ni\u00f1o er usannsynlig","datePublished":"2026-09-06T17:02:36+00:00","dateModified":"2026-09-06T17:02:38+00:00","mainEntityOfPage":{"@id":"https:\/\/nordnesrepublikken.no\/index.php\/2026\/09\/06\/katastrofen-i-nepal-viser-den-okende-ustabiliteten-til-isbreer-men-a-skylde-pa-el-nino-er-usannsynlig\/"},"wordCount":911,"publisher":{"@id":"https:\/\/nordnesrepublikken.no\/#organization"},"image":{"@id":"https:\/\/nordnesrepublikken.no\/index.php\/2026\/09\/06\/katastrofen-i-nepal-viser-den-okende-ustabiliteten-til-isbreer-men-a-skylde-pa-el-nino-er-usannsynlig\/#primaryimage"},"thumbnailUrl":"https:\/\/nordnesrepublikken.no\/wp-content\/uploads\/2026\/09\/1788714157_Katastrofen-i-Nepal-viser-den-okende-ustabiliteten-til-isbreer-men.jpg","keywords":["den","isbreer","Katastrofen","men","Nepal","Ni\u00f1o","\u00f8kende","p\u00e5","skylde","til","usannsynlig","ustabiliteten","viser"],"articleSection":["Milj\u00f8"],"inLanguage":"nb-NO"},{"@type":"WebPage","@id":"https:\/\/nordnesrepublikken.no\/index.php\/2026\/09\/06\/katastrofen-i-nepal-viser-den-okende-ustabiliteten-til-isbreer-men-a-skylde-pa-el-nino-er-usannsynlig\/","url":"https:\/\/nordnesrepublikken.no\/index.php\/2026\/09\/06\/katastrofen-i-nepal-viser-den-okende-ustabiliteten-til-isbreer-men-a-skylde-pa-el-nino-er-usannsynlig\/","name":"Katastrofen i Nepal viser den \u00f8kende ustabiliteten til isbreer, men \u00e5 skylde p\u00e5 El Ni\u00f1o er usannsynlig - Nordnesrepublikken","isPartOf":{"@id":"https:\/\/nordnesrepublikken.no\/#website"},"primaryImageOfPage":{"@id":"https:\/\/nordnesrepublikken.no\/index.php\/2026\/09\/06\/katastrofen-i-nepal-viser-den-okende-ustabiliteten-til-isbreer-men-a-skylde-pa-el-nino-er-usannsynlig\/#primaryimage"},"image":{"@id":"https:\/\/nordnesrepublikken.no\/index.php\/2026\/09\/06\/katastrofen-i-nepal-viser-den-okende-ustabiliteten-til-isbreer-men-a-skylde-pa-el-nino-er-usannsynlig\/#primaryimage"},"thumbnailUrl":"https:\/\/nordnesrepublikken.no\/wp-content\/uploads\/2026\/09\/1788714157_Katastrofen-i-Nepal-viser-den-okende-ustabiliteten-til-isbreer-men.jpg","datePublished":"2026-09-06T17:02:36+00:00","dateModified":"2026-09-06T17:02:38+00:00","breadcrumb":{"@id":"https:\/\/nordnesrepublikken.no\/index.php\/2026\/09\/06\/katastrofen-i-nepal-viser-den-okende-ustabiliteten-til-isbreer-men-a-skylde-pa-el-nino-er-usannsynlig\/#breadcrumb"},"inLanguage":"nb-NO","potentialAction":[{"@type":"ReadAction","target":["https:\/\/nordnesrepublikken.no\/index.php\/2026\/09\/06\/katastrofen-i-nepal-viser-den-okende-ustabiliteten-til-isbreer-men-a-skylde-pa-el-nino-er-usannsynlig\/"]}]},{"@type":"ImageObject","inLanguage":"nb-NO","@id":"https:\/\/nordnesrepublikken.no\/index.php\/2026\/09\/06\/katastrofen-i-nepal-viser-den-okende-ustabiliteten-til-isbreer-men-a-skylde-pa-el-nino-er-usannsynlig\/#primaryimage","url":"https:\/\/nordnesrepublikken.no\/wp-content\/uploads\/2026\/09\/1788714157_Katastrofen-i-Nepal-viser-den-okende-ustabiliteten-til-isbreer-men.jpg","contentUrl":"https:\/\/nordnesrepublikken.no\/wp-content\/uploads\/2026\/09\/1788714157_Katastrofen-i-Nepal-viser-den-okende-ustabiliteten-til-isbreer-men.jpg","width":1376,"height":768,"caption":"Katastrofen i Nepal viser den \u00f8kende ustabiliteten til isbreer, men \u00e5 skylde p\u00e5 El Ni\u00f1o er usannsynlig"},{"@type":"BreadcrumbList","@id":"https:\/\/nordnesrepublikken.no\/index.php\/2026\/09\/06\/katastrofen-i-nepal-viser-den-okende-ustabiliteten-til-isbreer-men-a-skylde-pa-el-nino-er-usannsynlig\/#breadcrumb","itemListElement":[{"@type":"ListItem","position":1,"name":"Home","item":"https:\/\/nordnesrepublikken.no\/"},{"@type":"ListItem","position":2,"name":"Katastrofen i Nepal viser den \u00f8kende ustabiliteten til isbreer, men \u00e5 skylde p\u00e5 El Ni\u00f1o er usannsynlig"}]},{"@type":"WebSite","@id":"https:\/\/nordnesrepublikken.no\/#website","url":"https:\/\/nordnesrepublikken.no\/","name":"Nordnesrepublikken","description":"Stemmer og Visjoner fra Republikkens Hjerte","publisher":{"@id":"https:\/\/nordnesrepublikken.no\/#organization"},"potentialAction":[{"@type":"SearchAction","target":{"@type":"EntryPoint","urlTemplate":"https:\/\/nordnesrepublikken.no\/?s={search_term_string}"},"query-input":{"@type":"PropertyValueSpecification","valueRequired":true,"valueName":"search_term_string"}}],"inLanguage":"nb-NO"},{"@type":"Organization","@id":"https:\/\/nordnesrepublikken.no\/#organization","name":"Nordnesrepublikken","url":"https:\/\/nordnesrepublikken.no\/","logo":{"@type":"ImageObject","inLanguage":"nb-NO","@id":"https:\/\/nordnesrepublikken.no\/#\/schema\/logo\/image\/","url":"https:\/\/nordnesrepublikken.no\/wp-content\/uploads\/2025\/02\/cropped-nordnesrepublikken-2.png","contentUrl":"https:\/\/nordnesrepublikken.no\/wp-content\/uploads\/2025\/02\/cropped-nordnesrepublikken-2.png","width":1248,"height":362,"caption":"Nordnesrepublikken"},"image":{"@id":"https:\/\/nordnesrepublikken.no\/#\/schema\/logo\/image\/"}},{"@type":"Person","@id":"https:\/\/nordnesrepublikken.no\/#\/schema\/person\/2e7e81935bab77882fffb79296240ff1","name":"Ole Andersen","image":{"@type":"ImageObject","inLanguage":"nb-NO","@id":"https:\/\/nordnesrepublikken.no\/#\/schema\/person\/image\/","url":"https:\/\/nordnesrepublikken.no\/wp-content\/uploads\/2025\/02\/nordnesrepublikken-2-2-150x150.jpg","contentUrl":"https:\/\/nordnesrepublikken.no\/wp-content\/uploads\/2025\/02\/nordnesrepublikken-2-2-150x150.jpg","caption":"Ole Andersen"},"description":"Ettersom jeg vokste opp i Oslo, har jeg alltid v\u00e6rt fascinert av ordenes kraft og deres evne til \u00e5 skape endringer. Etter \u00e5 ha fullf\u00f8rt min utdannelse i kommunikasjon ved Universitetet i Bergen, fikk jeg muligheten til \u00e5 jobbe innen ulike medier, der jeg har s\u00f8kt \u00e5 belyse viktige samfunnssp\u00f8rsm\u00e5l. I dag, som redakt\u00f8r for Nordnesrepublikken, pr\u00f8ver jeg \u00e5 forene min kj\u00e6rlighet for journalistikk med min lidenskap for innovasjon og eventyr.","sameAs":["https:\/\/nordnesrepublikken.no\/"]}]}},"_links":{"self":[{"href":"https:\/\/nordnesrepublikken.no\/index.php\/wp-json\/wp\/v2\/posts\/21856","targetHints":{"allow":["GET"]}}],"collection":[{"href":"https:\/\/nordnesrepublikken.no\/index.php\/wp-json\/wp\/v2\/posts"}],"about":[{"href":"https:\/\/nordnesrepublikken.no\/index.php\/wp-json\/wp\/v2\/types\/post"}],"author":[{"embeddable":true,"href":"https:\/\/nordnesrepublikken.no\/index.php\/wp-json\/wp\/v2\/users\/1"}],"replies":[{"embeddable":true,"href":"https:\/\/nordnesrepublikken.no\/index.php\/wp-json\/wp\/v2\/comments?post=21856"}],"version-history":[{"count":1,"href":"https:\/\/nordnesrepublikken.no\/index.php\/wp-json\/wp\/v2\/posts\/21856\/revisions"}],"predecessor-version":[{"id":21858,"href":"https:\/\/nordnesrepublikken.no\/index.php\/wp-json\/wp\/v2\/posts\/21856\/revisions\/21858"}],"wp:featuredmedia":[{"embeddable":true,"href":"https:\/\/nordnesrepublikken.no\/index.php\/wp-json\/wp\/v2\/media\/21857"}],"wp:attachment":[{"href":"https:\/\/nordnesrepublikken.no\/index.php\/wp-json\/wp\/v2\/media?parent=21856"}],"wp:term":[{"taxonomy":"category","embeddable":true,"href":"https:\/\/nordnesrepublikken.no\/index.php\/wp-json\/wp\/v2\/categories?post=21856"},{"taxonomy":"post_tag","embeddable":true,"href":"https:\/\/nordnesrepublikken.no\/index.php\/wp-json\/wp\/v2\/tags?post=21856"}],"curies":[{"name":"wp","href":"https:\/\/api.w.org\/{rel}","templated":true}]}}