{"id":21832,"date":"2026-09-06T04:02:45","date_gmt":"2026-09-06T02:02:45","guid":{"rendered":"https:\/\/nordnesrepublikken.no\/index.php\/2026\/09\/06\/hvorfor-har-noen-vinduer-buede-rister-i-arkitektur-brukes-de-til-a-ha-utvendig-plass-og-ventilasjon\/"},"modified":"2026-09-06T04:02:47","modified_gmt":"2026-09-06T02:02:47","slug":"hvorfor-har-noen-vinduer-buede-rister-i-arkitektur-brukes-de-til-a-ha-utvendig-plass-og-ventilasjon","status":"publish","type":"post","link":"https:\/\/nordnesrepublikken.no\/index.php\/2026\/09\/06\/hvorfor-har-noen-vinduer-buede-rister-i-arkitektur-brukes-de-til-a-ha-utvendig-plass-og-ventilasjon\/","title":{"rendered":"Hvorfor har noen vinduer buede rister: i arkitektur brukes de til \u00e5 ha utvendig plass og ventilasjon"},"content":{"rendered":"<div>\n<div class=\"cp_wrapper cp_wrapper--fw mb-30 mb-20@tablet\">\n<figure class=\"mm\"><picture class=\"img\" style=\"padding-top:56.25%\"><source  media=\"(min-width: 1024px)\"><source  media=\"(min-width: 768px)\"><\/source><\/source><\/picture><\/figure>\n<\/p><\/div>\n<p>Noen vinduer, spesielt i f\u00f8rste etasje i bygninger med utsikt over gaten, men ikke bare, har en <b>avrundet rist<\/b>kalt &laquo;<em><b>potbelly grill<\/b><\/em>&raquo; (bokstavelig talt &laquo;mage&raquo; eller &laquo;mage&raquo; rist). Vanligvis assosiert med<strong>Europeisk arkitektur<\/strong>veldig tilstede blant <b>Italia, Frankrike og Spania<\/b>vinduer med buede gitter ble popul\u00e6re mellom renessansen og barokken.<\/p>\n<p>Det er ikke bare et estetisk valg: denne spesielle formen har ogs\u00e5 <b>spesifikke funksjoner<\/b>inkludert \u00e5 se ut, sikre ventilasjon og resirkulering av frisk luft, legge til rette for beskyttelse og sikkerhet mot innbrudd og, som svar p\u00e5 nyere behov, kan den fungere som et installasjonsrom for klimaanlegget eller for \u00e5 sette inn blomster. Videre skal det ikke undervurderes at, spesielt hvis disse ristene plasseres p\u00e5 vinduer i h\u00f8ye etasjer, garanterer de ytterligere beskyttelse mot fall.<\/p>\n<h2>De avrundede og buede ristene p\u00e5 vinduene letter ventilasjon og friskhet<\/h2>\n<p>Hvis vi reflekterer over det faktum at denne typen rister er sv\u00e6rt utbredt, spesielt i Italia, Frankrike og Spania, men ogs\u00e5 i Latin-Amerika, innser vi at i enkelte omr\u00e5der av disse landene kan sommertemperaturene v\u00e6re sv\u00e6rt h\u00f8ye.<\/p>\n<p>Det buede gitteret skaper et stort rom du kan plassere i <b>plasser potter med blomster og planter, ogs\u00e5 store<\/b>. Hvis vi i dag ganske enkelt kan senke lukkeren eller sl\u00e5 p\u00e5 klimaanlegget, var dette ikke tilfelle tidligere, og \u00e5 installere gr\u00f8nne planter p\u00e5 vinduene tillot oss \u00e5 lage en <b>skyggefull plass<\/b>og dermed lette <b>ventilasjon og kj\u00f8lighet<\/b> av det indre av huset.<\/p>\n<h2><b>De forbedrer beskyttelsen og sikkerheten<\/b><\/h2>\n<p>Smijernsrekkverket er en av oppfinnelsene som garanterer mest <b>beskyttelse og sikkerhet mot inngrep<\/b>. Smijern har gjennom \u00e5rhundrene alltid v\u00e6rt grunnleggende innen konstruksjon og arkitektur, de ulike funksjonene har g\u00e5tt h\u00e5nd i h\u00e5nd b\u00e5de med teknologisk innovasjon og med s\u00f8ken etter former som er b\u00e5de nyttige og fryd for \u00f8yet. N\u00e5r vi f\u00f8rst og fremst tenker p\u00e5 tidligere sammenhenger, forst\u00e5r vi hvordan <em>potbelly grill<\/em> gj\u00f8r inngrep spesielt vanskelig, og nettopp derfor har det alltid v\u00e6rt h\u00f8yt verdsatt og valgt spesielt i f\u00f8rste etasje.<\/p>\n<h2><b>Et rom er laget for klimaanlegget<\/b><\/h2>\n<p>Hvis det er sant at beskyttelsen mot kriminelle de siste \u00e5rene absolutt har blitt mindre presserende, er det ogs\u00e5 riktig at det har oppst\u00e5tt nye behov, tett knyttet til <b>nye vaner og teknologier<\/b>. Blant disse er det plassering av <b>utend\u00f8rs klimaanlegg maskin<\/b>: det er derfor ikke uvanlig \u00e5 se at ristenes camber brukes til \u00e5 installere dette elementet, som ofte er ganske klumpete i st\u00f8rrelse.<\/p>\n<h2><b>De garanterer beskyttelse mot fall <\/b><\/h2>\n<p>Sist, men ikke minst, gir det konvekse gitteret st\u00f8rre beskyttelse hvis du lener deg ut av vinduet. Den beskytter ikke bare mot en reell risiko for \u00e5 falle, men ogs\u00e5 mot fallende gjenstander: Ettersom det er mer plass mellom vinduet og gitteret, har enhver gjenstand st\u00f8rre sjanse for \u00e5 falle. <b>fall ved krumningen<\/b>og forblir derfor beskyttet.<\/p>\n<\/p><\/div>\n","protected":false},"excerpt":{"rendered":"<p>Noen vinduer, spesielt i f\u00f8rste etasje i bygninger med utsikt over gaten, men ikke bare,<\/p>\n","protected":false},"author":1,"featured_media":21833,"comment_status":"closed","ping_status":"open","sticky":false,"template":"","format":"standard","meta":{"footnotes":""},"categories":[24],"tags":[2172,396,14283,179,101,676,4603,5082,117,14284,14285,7374],"class_list":["post-21832","post","type-post","status-publish","format-standard","has-post-thumbnail","hentry","category-vitenskap","tag-arkitektur","tag-brukes","tag-buede","tag-har","tag-hvorfor","tag-noen","tag-plass","tag-rister","tag-til","tag-utvendig","tag-ventilasjon","tag-vinduer","generate-columns","tablet-grid-50","mobile-grid-100","grid-parent","grid-33","resize-featured-image"],"yoast_head":"<!-- This site is optimized with the Yoast SEO plugin v24.4 - https:\/\/yoast.com\/wordpress\/plugins\/seo\/ -->\n<title>Hvorfor har noen vinduer buede rister: i arkitektur brukes de til \u00e5 ha utvendig plass og ventilasjon - Nordnesrepublikken<\/title>\n<meta name=\"robots\" content=\"index, follow, max-snippet:-1, max-image-preview:large, max-video-preview:-1\" \/>\n<link rel=\"canonical\" href=\"https:\/\/nordnesrepublikken.no\/index.php\/2026\/09\/06\/hvorfor-har-noen-vinduer-buede-rister-i-arkitektur-brukes-de-til-a-ha-utvendig-plass-og-ventilasjon\/\" \/>\n<meta property=\"og:locale\" content=\"nb_NO\" \/>\n<meta property=\"og:type\" content=\"article\" \/>\n<meta property=\"og:title\" content=\"Hvorfor har noen vinduer buede rister: i arkitektur brukes de til \u00e5 ha utvendig plass og ventilasjon - Nordnesrepublikken\" \/>\n<meta property=\"og:description\" content=\"Noen vinduer, spesielt i f\u00f8rste etasje i bygninger med utsikt over gaten, men ikke bare,\" \/>\n<meta property=\"og:url\" content=\"https:\/\/nordnesrepublikken.no\/index.php\/2026\/09\/06\/hvorfor-har-noen-vinduer-buede-rister-i-arkitektur-brukes-de-til-a-ha-utvendig-plass-og-ventilasjon\/\" \/>\n<meta property=\"og:site_name\" content=\"Nordnesrepublikken\" \/>\n<meta property=\"article:published_time\" content=\"2026-09-06T02:02:45+00:00\" \/>\n<meta property=\"article:modified_time\" content=\"2026-09-06T02:02:47+00:00\" \/>\n<meta property=\"og:image\" content=\"https:\/\/nordnesrepublikken.no\/wp-content\/uploads\/2026\/09\/1788660166_Hvorfor-har-noen-vinduer-buede-rister-i-arkitektur-brukes-de.jpeg\" \/>\n\t<meta property=\"og:image:width\" content=\"1600\" \/>\n\t<meta property=\"og:image:height\" content=\"1200\" \/>\n\t<meta property=\"og:image:type\" content=\"image\/jpeg\" \/>\n<meta name=\"author\" content=\"Ole Andersen\" \/>\n<meta name=\"twitter:card\" content=\"summary_large_image\" \/>\n<meta name=\"twitter:label1\" content=\"Skrevet av\" \/>\n\t<meta name=\"twitter:data1\" content=\"Ole Andersen\" \/>\n\t<meta name=\"twitter:label2\" content=\"Ansl. lesetid\" \/>\n\t<meta name=\"twitter:data2\" content=\"2 minutter\" \/>\n<script type=\"application\/ld+json\" class=\"yoast-schema-graph\">{\"@context\":\"https:\/\/schema.org\",\"@graph\":[{\"@type\":\"Article\",\"@id\":\"https:\/\/nordnesrepublikken.no\/index.php\/2026\/09\/06\/hvorfor-har-noen-vinduer-buede-rister-i-arkitektur-brukes-de-til-a-ha-utvendig-plass-og-ventilasjon\/#article\",\"isPartOf\":{\"@id\":\"https:\/\/nordnesrepublikken.no\/index.php\/2026\/09\/06\/hvorfor-har-noen-vinduer-buede-rister-i-arkitektur-brukes-de-til-a-ha-utvendig-plass-og-ventilasjon\/\"},\"author\":{\"name\":\"Ole Andersen\",\"@id\":\"https:\/\/nordnesrepublikken.no\/#\/schema\/person\/2e7e81935bab77882fffb79296240ff1\"},\"headline\":\"Hvorfor har noen vinduer buede rister: i arkitektur brukes de til \u00e5 ha utvendig plass og ventilasjon\",\"datePublished\":\"2026-09-06T02:02:45+00:00\",\"dateModified\":\"2026-09-06T02:02:47+00:00\",\"mainEntityOfPage\":{\"@id\":\"https:\/\/nordnesrepublikken.no\/index.php\/2026\/09\/06\/hvorfor-har-noen-vinduer-buede-rister-i-arkitektur-brukes-de-til-a-ha-utvendig-plass-og-ventilasjon\/\"},\"wordCount\":486,\"publisher\":{\"@id\":\"https:\/\/nordnesrepublikken.no\/#organization\"},\"image\":{\"@id\":\"https:\/\/nordnesrepublikken.no\/index.php\/2026\/09\/06\/hvorfor-har-noen-vinduer-buede-rister-i-arkitektur-brukes-de-til-a-ha-utvendig-plass-og-ventilasjon\/#primaryimage\"},\"thumbnailUrl\":\"https:\/\/nordnesrepublikken.no\/wp-content\/uploads\/2026\/09\/1788660166_Hvorfor-har-noen-vinduer-buede-rister-i-arkitektur-brukes-de.jpeg\",\"keywords\":[\"arkitektur\",\"brukes\",\"buede\",\"har\",\"hvorfor\",\"noen\",\"plass\",\"rister\",\"til\",\"utvendig\",\"ventilasjon\",\"vinduer\"],\"articleSection\":[\"Vitenskap\"],\"inLanguage\":\"nb-NO\"},{\"@type\":\"WebPage\",\"@id\":\"https:\/\/nordnesrepublikken.no\/index.php\/2026\/09\/06\/hvorfor-har-noen-vinduer-buede-rister-i-arkitektur-brukes-de-til-a-ha-utvendig-plass-og-ventilasjon\/\",\"url\":\"https:\/\/nordnesrepublikken.no\/index.php\/2026\/09\/06\/hvorfor-har-noen-vinduer-buede-rister-i-arkitektur-brukes-de-til-a-ha-utvendig-plass-og-ventilasjon\/\",\"name\":\"Hvorfor har noen vinduer buede rister: i arkitektur brukes de til \u00e5 ha utvendig plass og ventilasjon - Nordnesrepublikken\",\"isPartOf\":{\"@id\":\"https:\/\/nordnesrepublikken.no\/#website\"},\"primaryImageOfPage\":{\"@id\":\"https:\/\/nordnesrepublikken.no\/index.php\/2026\/09\/06\/hvorfor-har-noen-vinduer-buede-rister-i-arkitektur-brukes-de-til-a-ha-utvendig-plass-og-ventilasjon\/#primaryimage\"},\"image\":{\"@id\":\"https:\/\/nordnesrepublikken.no\/index.php\/2026\/09\/06\/hvorfor-har-noen-vinduer-buede-rister-i-arkitektur-brukes-de-til-a-ha-utvendig-plass-og-ventilasjon\/#primaryimage\"},\"thumbnailUrl\":\"https:\/\/nordnesrepublikken.no\/wp-content\/uploads\/2026\/09\/1788660166_Hvorfor-har-noen-vinduer-buede-rister-i-arkitektur-brukes-de.jpeg\",\"datePublished\":\"2026-09-06T02:02:45+00:00\",\"dateModified\":\"2026-09-06T02:02:47+00:00\",\"breadcrumb\":{\"@id\":\"https:\/\/nordnesrepublikken.no\/index.php\/2026\/09\/06\/hvorfor-har-noen-vinduer-buede-rister-i-arkitektur-brukes-de-til-a-ha-utvendig-plass-og-ventilasjon\/#breadcrumb\"},\"inLanguage\":\"nb-NO\",\"potentialAction\":[{\"@type\":\"ReadAction\",\"target\":[\"https:\/\/nordnesrepublikken.no\/index.php\/2026\/09\/06\/hvorfor-har-noen-vinduer-buede-rister-i-arkitektur-brukes-de-til-a-ha-utvendig-plass-og-ventilasjon\/\"]}]},{\"@type\":\"ImageObject\",\"inLanguage\":\"nb-NO\",\"@id\":\"https:\/\/nordnesrepublikken.no\/index.php\/2026\/09\/06\/hvorfor-har-noen-vinduer-buede-rister-i-arkitektur-brukes-de-til-a-ha-utvendig-plass-og-ventilasjon\/#primaryimage\",\"url\":\"https:\/\/nordnesrepublikken.no\/wp-content\/uploads\/2026\/09\/1788660166_Hvorfor-har-noen-vinduer-buede-rister-i-arkitektur-brukes-de.jpeg\",\"contentUrl\":\"https:\/\/nordnesrepublikken.no\/wp-content\/uploads\/2026\/09\/1788660166_Hvorfor-har-noen-vinduer-buede-rister-i-arkitektur-brukes-de.jpeg\",\"width\":1600,\"height\":1200,\"caption\":\"Hvorfor har noen vinduer buede rister: i arkitektur brukes de til \u00e5 ha utvendig plass og ventilasjon\"},{\"@type\":\"BreadcrumbList\",\"@id\":\"https:\/\/nordnesrepublikken.no\/index.php\/2026\/09\/06\/hvorfor-har-noen-vinduer-buede-rister-i-arkitektur-brukes-de-til-a-ha-utvendig-plass-og-ventilasjon\/#breadcrumb\",\"itemListElement\":[{\"@type\":\"ListItem\",\"position\":1,\"name\":\"Home\",\"item\":\"https:\/\/nordnesrepublikken.no\/\"},{\"@type\":\"ListItem\",\"position\":2,\"name\":\"Hvorfor har noen vinduer buede rister: i arkitektur brukes de til \u00e5 ha utvendig plass og ventilasjon\"}]},{\"@type\":\"WebSite\",\"@id\":\"https:\/\/nordnesrepublikken.no\/#website\",\"url\":\"https:\/\/nordnesrepublikken.no\/\",\"name\":\"Nordnesrepublikken\",\"description\":\"Stemmer og Visjoner fra Republikkens Hjerte\",\"publisher\":{\"@id\":\"https:\/\/nordnesrepublikken.no\/#organization\"},\"potentialAction\":[{\"@type\":\"SearchAction\",\"target\":{\"@type\":\"EntryPoint\",\"urlTemplate\":\"https:\/\/nordnesrepublikken.no\/?s={search_term_string}\"},\"query-input\":{\"@type\":\"PropertyValueSpecification\",\"valueRequired\":true,\"valueName\":\"search_term_string\"}}],\"inLanguage\":\"nb-NO\"},{\"@type\":\"Organization\",\"@id\":\"https:\/\/nordnesrepublikken.no\/#organization\",\"name\":\"Nordnesrepublikken\",\"url\":\"https:\/\/nordnesrepublikken.no\/\",\"logo\":{\"@type\":\"ImageObject\",\"inLanguage\":\"nb-NO\",\"@id\":\"https:\/\/nordnesrepublikken.no\/#\/schema\/logo\/image\/\",\"url\":\"https:\/\/nordnesrepublikken.no\/wp-content\/uploads\/2025\/02\/cropped-nordnesrepublikken-2.png\",\"contentUrl\":\"https:\/\/nordnesrepublikken.no\/wp-content\/uploads\/2025\/02\/cropped-nordnesrepublikken-2.png\",\"width\":1248,\"height\":362,\"caption\":\"Nordnesrepublikken\"},\"image\":{\"@id\":\"https:\/\/nordnesrepublikken.no\/#\/schema\/logo\/image\/\"}},{\"@type\":\"Person\",\"@id\":\"https:\/\/nordnesrepublikken.no\/#\/schema\/person\/2e7e81935bab77882fffb79296240ff1\",\"name\":\"Ole Andersen\",\"image\":{\"@type\":\"ImageObject\",\"inLanguage\":\"nb-NO\",\"@id\":\"https:\/\/nordnesrepublikken.no\/#\/schema\/person\/image\/\",\"url\":\"https:\/\/nordnesrepublikken.no\/wp-content\/uploads\/2025\/02\/nordnesrepublikken-2-2-150x150.jpg\",\"contentUrl\":\"https:\/\/nordnesrepublikken.no\/wp-content\/uploads\/2025\/02\/nordnesrepublikken-2-2-150x150.jpg\",\"caption\":\"Ole Andersen\"},\"description\":\"Ettersom jeg vokste opp i Oslo, har jeg alltid v\u00e6rt fascinert av ordenes kraft og deres evne til \u00e5 skape endringer. Etter \u00e5 ha fullf\u00f8rt min utdannelse i kommunikasjon ved Universitetet i Bergen, fikk jeg muligheten til \u00e5 jobbe innen ulike medier, der jeg har s\u00f8kt \u00e5 belyse viktige samfunnssp\u00f8rsm\u00e5l. I dag, som redakt\u00f8r for Nordnesrepublikken, pr\u00f8ver jeg \u00e5 forene min kj\u00e6rlighet for journalistikk med min lidenskap for innovasjon og eventyr.\",\"sameAs\":[\"https:\/\/nordnesrepublikken.no\/\"]}]}<\/script>\n<!-- \/ Yoast SEO plugin. -->","yoast_head_json":{"title":"Hvorfor har noen vinduer buede rister: i arkitektur brukes de til \u00e5 ha utvendig plass og ventilasjon - Nordnesrepublikken","robots":{"index":"index","follow":"follow","max-snippet":"max-snippet:-1","max-image-preview":"max-image-preview:large","max-video-preview":"max-video-preview:-1"},"canonical":"https:\/\/nordnesrepublikken.no\/index.php\/2026\/09\/06\/hvorfor-har-noen-vinduer-buede-rister-i-arkitektur-brukes-de-til-a-ha-utvendig-plass-og-ventilasjon\/","og_locale":"nb_NO","og_type":"article","og_title":"Hvorfor har noen vinduer buede rister: i arkitektur brukes de til \u00e5 ha utvendig plass og ventilasjon - Nordnesrepublikken","og_description":"Noen vinduer, spesielt i f\u00f8rste etasje i bygninger med utsikt over gaten, men ikke bare,","og_url":"https:\/\/nordnesrepublikken.no\/index.php\/2026\/09\/06\/hvorfor-har-noen-vinduer-buede-rister-i-arkitektur-brukes-de-til-a-ha-utvendig-plass-og-ventilasjon\/","og_site_name":"Nordnesrepublikken","article_published_time":"2026-09-06T02:02:45+00:00","article_modified_time":"2026-09-06T02:02:47+00:00","og_image":[{"width":1600,"height":1200,"url":"https:\/\/nordnesrepublikken.no\/wp-content\/uploads\/2026\/09\/1788660166_Hvorfor-har-noen-vinduer-buede-rister-i-arkitektur-brukes-de.jpeg","type":"image\/jpeg"}],"author":"Ole Andersen","twitter_card":"summary_large_image","twitter_misc":{"Skrevet av":"Ole Andersen","Ansl. lesetid":"2 minutter"},"schema":{"@context":"https:\/\/schema.org","@graph":[{"@type":"Article","@id":"https:\/\/nordnesrepublikken.no\/index.php\/2026\/09\/06\/hvorfor-har-noen-vinduer-buede-rister-i-arkitektur-brukes-de-til-a-ha-utvendig-plass-og-ventilasjon\/#article","isPartOf":{"@id":"https:\/\/nordnesrepublikken.no\/index.php\/2026\/09\/06\/hvorfor-har-noen-vinduer-buede-rister-i-arkitektur-brukes-de-til-a-ha-utvendig-plass-og-ventilasjon\/"},"author":{"name":"Ole Andersen","@id":"https:\/\/nordnesrepublikken.no\/#\/schema\/person\/2e7e81935bab77882fffb79296240ff1"},"headline":"Hvorfor har noen vinduer buede rister: i arkitektur brukes de til \u00e5 ha utvendig plass og ventilasjon","datePublished":"2026-09-06T02:02:45+00:00","dateModified":"2026-09-06T02:02:47+00:00","mainEntityOfPage":{"@id":"https:\/\/nordnesrepublikken.no\/index.php\/2026\/09\/06\/hvorfor-har-noen-vinduer-buede-rister-i-arkitektur-brukes-de-til-a-ha-utvendig-plass-og-ventilasjon\/"},"wordCount":486,"publisher":{"@id":"https:\/\/nordnesrepublikken.no\/#organization"},"image":{"@id":"https:\/\/nordnesrepublikken.no\/index.php\/2026\/09\/06\/hvorfor-har-noen-vinduer-buede-rister-i-arkitektur-brukes-de-til-a-ha-utvendig-plass-og-ventilasjon\/#primaryimage"},"thumbnailUrl":"https:\/\/nordnesrepublikken.no\/wp-content\/uploads\/2026\/09\/1788660166_Hvorfor-har-noen-vinduer-buede-rister-i-arkitektur-brukes-de.jpeg","keywords":["arkitektur","brukes","buede","har","hvorfor","noen","plass","rister","til","utvendig","ventilasjon","vinduer"],"articleSection":["Vitenskap"],"inLanguage":"nb-NO"},{"@type":"WebPage","@id":"https:\/\/nordnesrepublikken.no\/index.php\/2026\/09\/06\/hvorfor-har-noen-vinduer-buede-rister-i-arkitektur-brukes-de-til-a-ha-utvendig-plass-og-ventilasjon\/","url":"https:\/\/nordnesrepublikken.no\/index.php\/2026\/09\/06\/hvorfor-har-noen-vinduer-buede-rister-i-arkitektur-brukes-de-til-a-ha-utvendig-plass-og-ventilasjon\/","name":"Hvorfor har noen vinduer buede rister: i arkitektur brukes de til \u00e5 ha utvendig plass og ventilasjon - Nordnesrepublikken","isPartOf":{"@id":"https:\/\/nordnesrepublikken.no\/#website"},"primaryImageOfPage":{"@id":"https:\/\/nordnesrepublikken.no\/index.php\/2026\/09\/06\/hvorfor-har-noen-vinduer-buede-rister-i-arkitektur-brukes-de-til-a-ha-utvendig-plass-og-ventilasjon\/#primaryimage"},"image":{"@id":"https:\/\/nordnesrepublikken.no\/index.php\/2026\/09\/06\/hvorfor-har-noen-vinduer-buede-rister-i-arkitektur-brukes-de-til-a-ha-utvendig-plass-og-ventilasjon\/#primaryimage"},"thumbnailUrl":"https:\/\/nordnesrepublikken.no\/wp-content\/uploads\/2026\/09\/1788660166_Hvorfor-har-noen-vinduer-buede-rister-i-arkitektur-brukes-de.jpeg","datePublished":"2026-09-06T02:02:45+00:00","dateModified":"2026-09-06T02:02:47+00:00","breadcrumb":{"@id":"https:\/\/nordnesrepublikken.no\/index.php\/2026\/09\/06\/hvorfor-har-noen-vinduer-buede-rister-i-arkitektur-brukes-de-til-a-ha-utvendig-plass-og-ventilasjon\/#breadcrumb"},"inLanguage":"nb-NO","potentialAction":[{"@type":"ReadAction","target":["https:\/\/nordnesrepublikken.no\/index.php\/2026\/09\/06\/hvorfor-har-noen-vinduer-buede-rister-i-arkitektur-brukes-de-til-a-ha-utvendig-plass-og-ventilasjon\/"]}]},{"@type":"ImageObject","inLanguage":"nb-NO","@id":"https:\/\/nordnesrepublikken.no\/index.php\/2026\/09\/06\/hvorfor-har-noen-vinduer-buede-rister-i-arkitektur-brukes-de-til-a-ha-utvendig-plass-og-ventilasjon\/#primaryimage","url":"https:\/\/nordnesrepublikken.no\/wp-content\/uploads\/2026\/09\/1788660166_Hvorfor-har-noen-vinduer-buede-rister-i-arkitektur-brukes-de.jpeg","contentUrl":"https:\/\/nordnesrepublikken.no\/wp-content\/uploads\/2026\/09\/1788660166_Hvorfor-har-noen-vinduer-buede-rister-i-arkitektur-brukes-de.jpeg","width":1600,"height":1200,"caption":"Hvorfor har noen vinduer buede rister: i arkitektur brukes de til \u00e5 ha utvendig plass og ventilasjon"},{"@type":"BreadcrumbList","@id":"https:\/\/nordnesrepublikken.no\/index.php\/2026\/09\/06\/hvorfor-har-noen-vinduer-buede-rister-i-arkitektur-brukes-de-til-a-ha-utvendig-plass-og-ventilasjon\/#breadcrumb","itemListElement":[{"@type":"ListItem","position":1,"name":"Home","item":"https:\/\/nordnesrepublikken.no\/"},{"@type":"ListItem","position":2,"name":"Hvorfor har noen vinduer buede rister: i arkitektur brukes de til \u00e5 ha utvendig plass og ventilasjon"}]},{"@type":"WebSite","@id":"https:\/\/nordnesrepublikken.no\/#website","url":"https:\/\/nordnesrepublikken.no\/","name":"Nordnesrepublikken","description":"Stemmer og Visjoner fra Republikkens Hjerte","publisher":{"@id":"https:\/\/nordnesrepublikken.no\/#organization"},"potentialAction":[{"@type":"SearchAction","target":{"@type":"EntryPoint","urlTemplate":"https:\/\/nordnesrepublikken.no\/?s={search_term_string}"},"query-input":{"@type":"PropertyValueSpecification","valueRequired":true,"valueName":"search_term_string"}}],"inLanguage":"nb-NO"},{"@type":"Organization","@id":"https:\/\/nordnesrepublikken.no\/#organization","name":"Nordnesrepublikken","url":"https:\/\/nordnesrepublikken.no\/","logo":{"@type":"ImageObject","inLanguage":"nb-NO","@id":"https:\/\/nordnesrepublikken.no\/#\/schema\/logo\/image\/","url":"https:\/\/nordnesrepublikken.no\/wp-content\/uploads\/2025\/02\/cropped-nordnesrepublikken-2.png","contentUrl":"https:\/\/nordnesrepublikken.no\/wp-content\/uploads\/2025\/02\/cropped-nordnesrepublikken-2.png","width":1248,"height":362,"caption":"Nordnesrepublikken"},"image":{"@id":"https:\/\/nordnesrepublikken.no\/#\/schema\/logo\/image\/"}},{"@type":"Person","@id":"https:\/\/nordnesrepublikken.no\/#\/schema\/person\/2e7e81935bab77882fffb79296240ff1","name":"Ole Andersen","image":{"@type":"ImageObject","inLanguage":"nb-NO","@id":"https:\/\/nordnesrepublikken.no\/#\/schema\/person\/image\/","url":"https:\/\/nordnesrepublikken.no\/wp-content\/uploads\/2025\/02\/nordnesrepublikken-2-2-150x150.jpg","contentUrl":"https:\/\/nordnesrepublikken.no\/wp-content\/uploads\/2025\/02\/nordnesrepublikken-2-2-150x150.jpg","caption":"Ole Andersen"},"description":"Ettersom jeg vokste opp i Oslo, har jeg alltid v\u00e6rt fascinert av ordenes kraft og deres evne til \u00e5 skape endringer. Etter \u00e5 ha fullf\u00f8rt min utdannelse i kommunikasjon ved Universitetet i Bergen, fikk jeg muligheten til \u00e5 jobbe innen ulike medier, der jeg har s\u00f8kt \u00e5 belyse viktige samfunnssp\u00f8rsm\u00e5l. I dag, som redakt\u00f8r for Nordnesrepublikken, pr\u00f8ver jeg \u00e5 forene min kj\u00e6rlighet for journalistikk med min lidenskap for innovasjon og eventyr.","sameAs":["https:\/\/nordnesrepublikken.no\/"]}]}},"_links":{"self":[{"href":"https:\/\/nordnesrepublikken.no\/index.php\/wp-json\/wp\/v2\/posts\/21832","targetHints":{"allow":["GET"]}}],"collection":[{"href":"https:\/\/nordnesrepublikken.no\/index.php\/wp-json\/wp\/v2\/posts"}],"about":[{"href":"https:\/\/nordnesrepublikken.no\/index.php\/wp-json\/wp\/v2\/types\/post"}],"author":[{"embeddable":true,"href":"https:\/\/nordnesrepublikken.no\/index.php\/wp-json\/wp\/v2\/users\/1"}],"replies":[{"embeddable":true,"href":"https:\/\/nordnesrepublikken.no\/index.php\/wp-json\/wp\/v2\/comments?post=21832"}],"version-history":[{"count":1,"href":"https:\/\/nordnesrepublikken.no\/index.php\/wp-json\/wp\/v2\/posts\/21832\/revisions"}],"predecessor-version":[{"id":21834,"href":"https:\/\/nordnesrepublikken.no\/index.php\/wp-json\/wp\/v2\/posts\/21832\/revisions\/21834"}],"wp:featuredmedia":[{"embeddable":true,"href":"https:\/\/nordnesrepublikken.no\/index.php\/wp-json\/wp\/v2\/media\/21833"}],"wp:attachment":[{"href":"https:\/\/nordnesrepublikken.no\/index.php\/wp-json\/wp\/v2\/media?parent=21832"}],"wp:term":[{"taxonomy":"category","embeddable":true,"href":"https:\/\/nordnesrepublikken.no\/index.php\/wp-json\/wp\/v2\/categories?post=21832"},{"taxonomy":"post_tag","embeddable":true,"href":"https:\/\/nordnesrepublikken.no\/index.php\/wp-json\/wp\/v2\/tags?post=21832"}],"curies":[{"name":"wp","href":"https:\/\/api.w.org\/{rel}","templated":true}]}}