{"id":21820,"date":"2026-09-05T18:02:53","date_gmt":"2026-09-05T16:02:53","guid":{"rendered":"https:\/\/nordnesrepublikken.no\/index.php\/2026\/09\/05\/san-marino-er-republikken-pa-61-km%c2%b2-i-italia-som-fyller-1725-ar-i-dag-er-det-den-eldste-i-verden\/"},"modified":"2026-09-05T18:03:01","modified_gmt":"2026-09-05T16:03:01","slug":"san-marino-er-republikken-pa-61-km%c2%b2-i-italia-som-fyller-1725-ar-i-dag-er-det-den-eldste-i-verden","status":"publish","type":"post","link":"https:\/\/nordnesrepublikken.no\/index.php\/2026\/09\/05\/san-marino-er-republikken-pa-61-km%C2%B2-i-italia-som-fyller-1725-ar-i-dag-er-det-den-eldste-i-verden\/","title":{"rendered":"San Marino er republikken p\u00e5 61 km\u00b2 i Italia som fyller 1725 \u00e5r i dag: er det den eldste i verden?"},"content":{"rendered":"<div>\n<div class=\"cp_wrapper cp_wrapper--fw mb-30 mb-20@tablet\">\n<figure class=\"mm\"><picture class=\"img\" style=\"padding-top:56.25%\"><source  media=\"(min-width: 1024px)\"><source  media=\"(min-width: 768px)\"><\/source><\/source><\/picture><\/figure>\n<\/p><\/div>\n<p>Republikken San Marino, som ligger mellom Emilia-Romagna og Marche og med et overflateareal p\u00e5 61,19 kvadratkilometer, regnes som den eldste republikken i verden fordi den ble grunnlagt i henhold til en ukontrollerbar tradisjon, <strong>som et klostersamfunn<\/strong>i \u00e5r 301 e.Kr. C. Grunnlegger var <strong>Marine<\/strong>en steinhugger av den kristne religion fra forf\u00f8lgelsene bestilt av keiser Diokletian. Imidlertid er det ingen sikre kilder ang\u00e5ende f\u00f8dselen av samfunnet, hvis <strong>eksistens attesteres med sikkerhet f\u00f8rst fra det 9. \u00e5rhundre<\/strong>. Republikanske institusjoner, derimot, dateres tilbake til <strong>XIII \u00e5rhundre<\/strong>da listen over begynte <strong>kapteiner regent<\/strong> (opprinnelig kalt konsuler) og paven anerkjente formelt statens uavhengighet. Siden den gang har San Marino alltid v\u00e6rt uavhengig \u2013 og i dag har faktisk ikke alle som er f\u00f8dt her automatisk italiensk statsborgerskap, siden det er en fremmed og uavhengig stat. P\u00e5 det nittende \u00e5rhundre, takket v\u00e6re prestisje av dets institusjoner og diplomati, var det ikke involvert i prosessen med italiensk forening. I dag er San Marino, med sine dr\u00f8yt 34 000 innbyggere, en av de minst folkerike statene blant medlemmene av Europar\u00e5det og FN.<\/p>\n<h2><strong>Grunnlaget for San Marino<\/strong><\/h2>\n<p>Den tradisjonelle datoen for grunnleggelsen av San Marino er <strong>3. september 301<\/strong>. P\u00e5 den datoen grunnla Marino, en steinhugger av kristen religion hjemmeh\u00f8rende p\u00e5 \u00f8ya Rab (i dag i Kroatia), p\u00e5 flukt fra de antikristne forf\u00f8lgelsene av Diokletian, en <strong>klostersamfunn p\u00e5 Titano-fjellet<\/strong>den h\u00f8yeste av \u00e5sene som republikken st\u00e5r p\u00e5 i dag. Etter Marinos d\u00f8d, som skjedde i 366, tok territoriet navnet p\u00e5 <strong>Landet San Marino<\/strong>. Imidlertid er det ingen kilder som er samtidige med grunnlaget for fellesskapet; datoen 301 <strong>har etablert seg i moderne tid<\/strong>.<\/p>\n<p>Tradisjonen sier ogs\u00e5 at f\u00f8r man d\u00f8r, <strong>Marino garanterte territoriets uavhengighet<\/strong> med f\u00f8lgende ord: <em>Relinquo vos liberos ab utroque mann<\/em>det vil si \u00abJeg lar deg fri fra begge menn\u00bb, keiseren og paven. Uttrykket er i dag et av mottoene til republikken, men <strong>ble oppfunnet senere<\/strong>med tanke p\u00e5 at det ikke ville ha gitt mening p\u00e5 400-tallet, siden \u00abdyarkiet\u00bb mellom imperium og paved\u00f8mme f\u00f8rst etablerte seg i middelalderen. Faktum er at territoriet til Titan f\u00f8rst ble innlemmet i<strong>Romerriket <\/strong>og etter hans fall, <strong>i eksarkatet til Ravenna<\/strong>den politiske enheten grunnlagt av det bysantinske riket p\u00e5 halv\u00f8ya.<\/p>\n<div class=\"cp_wrapper cp_wrapper--fw mb-50\">\n<figure class=\"mm\"><picture class=\"img\" style=\"padding-top:110.234375%\"><source  media=\"(min-width: 1024px)\"><source  media=\"(min-width: 768px)\"><img decoding=\"async\" loading=\"lazy\" src=\"https:\/\/nordnesrepublikken.no\/wp-content\/uploads\/2026\/09\/1788624171_690_San-Marino-er-republikken-pa-61-km\u00b2-i-Italia-som.jpg\" alt=\"Italia p\u00e5 800-tallet, med Exarchate (Wikimedia Commons) kopi\" width=\"1280\" height=\"1411\"\/><\/source><\/source><\/picture><\/figure>\n<\/p><\/div>\n<h2><strong>Opprettelsen av republikken<\/strong><\/h2>\n<p>Den f\u00f8rste attesten p\u00e5 eksistensen av et uavhengig klostersamfunn i Titano-omr\u00e5det dateres tilbake til<strong>\u00e5r<\/strong> <strong>885<\/strong>da det ble nevnt i<strong> Placito Feretrano<\/strong><strong>en rettslig dom som den ble anerkjent med <\/strong>abbeden i San Marino ga uavhengighet fra kirken, og avviste p\u00e5standene til biskopen av Rimini, som hevdet eierskap til noe land p\u00e5 Titan. Placitus demonstrerer at samfunnet ikke var avhengig av biskopenes makt.<\/p>\n<p><strong>Eksistensen av republikanske institusjoner er senere<\/strong>. Institusjoner utviklet <strong>p\u00e5 1200-tallet<\/strong>p\u00e5 h\u00f8yden av kommunealderen, da lignende magistrater ble f\u00f8dt <strong>p\u00e5 antall steder i det sentrale-nordlige Italia<\/strong>. Den f\u00f8rste omtalen av gudene dateres tilbake til 1244 (1243 if\u00f8lge andre kilder). <strong>konsuler<\/strong> (forgjengerne til <strong>Kapteiner Regent<\/strong>). I 1291 fant en viktigere begivenhet sted: innbyggerne i San Marino appellerte til biskopen av Arezzo mot skatteforesp\u00f8rslene fra vikaren i Montefeltro og fikk total fritak for skatter. Det var i hovedsak anerkjennelsen av<strong> San Marinos uavhengighet<\/strong>.<\/p>\n<div class=\"cp_wrapper cp_wrapper--fw mb-50\">\n<figure class=\"mm\"><picture class=\"img\" style=\"padding-top:131.5625%\"><source  media=\"(min-width: 1024px)\"><source  media=\"(min-width: 768px)\"><img decoding=\"async\" loading=\"lazy\" src=\"https:\/\/nordnesrepublikken.no\/wp-content\/uploads\/2026\/09\/1788624171_296_San-Marino-er-republikken-pa-61-km\u00b2-i-Italia-som.jpg\" alt=\"The Throne of the Captains Regent ved Palazzo Valloni (WIkimedia Commons)\" width=\"960\" height=\"1263\" class=\"js-seedtag-img\"\/><\/source><\/source><\/picture><\/figure>\n<\/p><\/div>\n<h2><strong>S\u00e5 er San Marino den eldste republikken i verden?<\/strong><\/h2>\n<p>Institusjonene i San Marino, som vi har sett, <strong>de var ikke et unikt tilfelle<\/strong>; tvert imot lignet de p\u00e5 de som ble utviklet i fellestiden p\u00e5 en rekke andre lokaliteter. Det s\u00e6regne ved republikken er at de kommunale institusjonene, i motsetning til det som skjedde i andre lokaliteter, <strong>de overlevde<\/strong>: mens de andre middelalderkommunene <strong>de forvandlet seg til herred\u00f8mmer<\/strong> og ble senere annektert av st\u00f8rre stater, <strong>San Marino forble uavhengig<\/strong>.<\/p>\n<div class=\"cp_wrapper cp_wrapper--fw mb-50\">\n<figure class=\"mm\"><picture class=\"img\" style=\"padding-top:97.228915662651%\"><source  media=\"(min-width: 1024px)\"><source  media=\"(min-width: 768px)\"><img decoding=\"async\" loading=\"lazy\" src=\"https:\/\/nordnesrepublikken.no\/wp-content\/uploads\/2026\/09\/1788624173_338_San-Marino-er-republikken-pa-61-km\u00b2-i-Italia-som.jpg\" alt=\"De italienske kommunene (kreditt - italiensk heraldisk genealogisk studie)\" width=\"830\" height=\"807\"\/><\/source><\/source><\/picture><\/figure>\n<\/p><\/div>\n<p>Si derfor at det er det <strong>den eldste republikken i verden er formelt korrekt<\/strong>men med tanke p\u00e5 at det er den eldste blant republikkene som fortsatt eksisterer (andre republikanske stater hadde allerede eksistert tidligere, for eksempel den greske poleis eller republikken Roma) og at det er <strong>f\u00f8dt p\u00e5 1200-tallet og ikke i \u00e5r 301<\/strong>.<\/p>\n<h2><strong>Fordi San Marino ikke ble annektert til Italia<\/strong><\/h2>\n<p>Republikken beholdt sin uavhengighet gjennom middelalderen og moderne tid. I 1600 <strong>Vedtekter<\/strong>som fortsatt er i kraft i dag.<\/p>\n<p>Uavhengighet ble bekreftet i 1797 av Napoleon, som kom ned p\u00e5 halv\u00f8ya for den italienske kampanjen: franskmennenes fremtidige keiser <strong>han beundret republikkens institusjoner<\/strong> til det punktet at han \u00f8nsket \u00e5 utvide grensene til havet (et forslag som ble avvist av San Marino-folket). Wienerkongressen 1814-15, som tegnet kartet over Europa p\u00e5 nytt, bekreftet ogs\u00e5 republikkens uavhengighet.<\/p>\n<div class=\"cp_wrapper cp_wrapper--fw mb-50\">\n<figure class=\"mm\"><picture class=\"img\" style=\"padding-top:141.40350877193%\"><source  media=\"(min-width: 1024px)\"><source  media=\"(min-width: 768px)\"><img decoding=\"async\" loading=\"lazy\" src=\"https:\/\/nordnesrepublikken.no\/wp-content\/uploads\/2026\/09\/1788624173_36_San-Marino-er-republikken-pa-61-km\u00b2-i-Italia-som.jpg\" alt=\"Statuttene for 1600 (Wikimedia Commons)\" width=\"285\" height=\"403\" class=\"js-seedtag-img\"\/><\/source><\/source><\/picture><\/figure>\n<\/p><\/div>\n<p>Under Risorgimento, San Marino<strong> det var det eneste territoriet p\u00e5 halv\u00f8ya som ikke var inkludert i det italienske foreningsprosjektet<\/strong>: den eldgamle uavhengigheten, det dyktige diplomatiet til dens herskere og den geografiske plasseringen gjorde at republikken ikke var involvert i Risorgimento-krigene og at territoriet ikke ble annektert til kongeriket Italia. San Marino st\u00f8ttet dessuten patriotene til Risorgimento, og i 1849, da den romerske republikken ble styrtet, ga den ogs\u00e5 asyl til Garibaldi.<\/p>\n<p>I 1862 signerte republikken og det nyopprettede kongeriket Italia en <strong>vennskapsavtale<\/strong>: Republikkens uavhengighet ble dermed definitivt anerkjent.<\/p>\n<\/p><\/div>\n","protected":false},"excerpt":{"rendered":"<p>Republikken San Marino, som ligger mellom Emilia-Romagna og Marche og med et overflateareal p\u00e5 61,19<\/p>\n","protected":false},"author":1,"featured_media":21821,"comment_status":"closed","ping_status":"open","sticky":false,"template":"","format":"standard","meta":{"footnotes":""},"categories":[104],"tags":[595,568,74,66,1189,6173,437,10076,13921,81,9585,1166,31,598],"class_list":["post-21820","post","type-post","status-publish","format-standard","has-post-thumbnail","hentry","category-samfunn","tag-ar","tag-dag","tag-den","tag-det","tag-eldste","tag-fyller","tag-italia","tag-km","tag-marino","tag-pa","tag-republikken","tag-san","tag-som","tag-verden","generate-columns","tablet-grid-50","mobile-grid-100","grid-parent","grid-33","resize-featured-image"],"yoast_head":"<!-- This site is optimized with the Yoast SEO plugin v24.4 - https:\/\/yoast.com\/wordpress\/plugins\/seo\/ -->\n<title>San Marino er republikken p\u00e5 61 km\u00b2 i Italia som fyller 1725 \u00e5r i dag: er det den eldste i verden? - Nordnesrepublikken<\/title>\n<meta name=\"robots\" content=\"index, follow, max-snippet:-1, max-image-preview:large, max-video-preview:-1\" \/>\n<link rel=\"canonical\" href=\"https:\/\/nordnesrepublikken.no\/index.php\/2026\/09\/05\/san-marino-er-republikken-pa-61-km\u00b2-i-italia-som-fyller-1725-ar-i-dag-er-det-den-eldste-i-verden\/\" \/>\n<meta property=\"og:locale\" content=\"nb_NO\" \/>\n<meta property=\"og:type\" content=\"article\" \/>\n<meta property=\"og:title\" content=\"San Marino er republikken p\u00e5 61 km\u00b2 i Italia som fyller 1725 \u00e5r i dag: er det den eldste i verden? - Nordnesrepublikken\" \/>\n<meta property=\"og:description\" content=\"Republikken San Marino, som ligger mellom Emilia-Romagna og Marche og med et overflateareal p\u00e5 61,19\" \/>\n<meta property=\"og:url\" content=\"https:\/\/nordnesrepublikken.no\/index.php\/2026\/09\/05\/san-marino-er-republikken-pa-61-km\u00b2-i-italia-som-fyller-1725-ar-i-dag-er-det-den-eldste-i-verden\/\" \/>\n<meta property=\"og:site_name\" content=\"Nordnesrepublikken\" \/>\n<meta property=\"article:published_time\" content=\"2026-09-05T16:02:53+00:00\" \/>\n<meta property=\"article:modified_time\" content=\"2026-09-05T16:03:01+00:00\" \/>\n<meta property=\"og:image\" content=\"https:\/\/nordnesrepublikken.no\/wp-content\/uploads\/2026\/09\/1788624175_San-Marino-er-republikken-pa-61-km\u00b2-i-Italia-som-scaled.jpg\" \/>\n\t<meta property=\"og:image:width\" content=\"2560\" \/>\n\t<meta property=\"og:image:height\" content=\"1708\" \/>\n\t<meta property=\"og:image:type\" content=\"image\/jpeg\" \/>\n<meta name=\"author\" content=\"Ole Andersen\" \/>\n<meta name=\"twitter:card\" content=\"summary_large_image\" \/>\n<meta name=\"twitter:label1\" content=\"Skrevet av\" \/>\n\t<meta name=\"twitter:data1\" content=\"Ole Andersen\" \/>\n\t<meta name=\"twitter:label2\" content=\"Ansl. lesetid\" \/>\n\t<meta name=\"twitter:data2\" content=\"4 minutter\" \/>\n<script type=\"application\/ld+json\" class=\"yoast-schema-graph\">{\"@context\":\"https:\/\/schema.org\",\"@graph\":[{\"@type\":\"Article\",\"@id\":\"https:\/\/nordnesrepublikken.no\/index.php\/2026\/09\/05\/san-marino-er-republikken-pa-61-km%C2%B2-i-italia-som-fyller-1725-ar-i-dag-er-det-den-eldste-i-verden\/#article\",\"isPartOf\":{\"@id\":\"https:\/\/nordnesrepublikken.no\/index.php\/2026\/09\/05\/san-marino-er-republikken-pa-61-km%C2%B2-i-italia-som-fyller-1725-ar-i-dag-er-det-den-eldste-i-verden\/\"},\"author\":{\"name\":\"Ole Andersen\",\"@id\":\"https:\/\/nordnesrepublikken.no\/#\/schema\/person\/2e7e81935bab77882fffb79296240ff1\"},\"headline\":\"San Marino er republikken p\u00e5 61 km\u00b2 i Italia som fyller 1725 \u00e5r i dag: er det den eldste i verden?\",\"datePublished\":\"2026-09-05T16:02:53+00:00\",\"dateModified\":\"2026-09-05T16:03:01+00:00\",\"mainEntityOfPage\":{\"@id\":\"https:\/\/nordnesrepublikken.no\/index.php\/2026\/09\/05\/san-marino-er-republikken-pa-61-km%C2%B2-i-italia-som-fyller-1725-ar-i-dag-er-det-den-eldste-i-verden\/\"},\"wordCount\":840,\"publisher\":{\"@id\":\"https:\/\/nordnesrepublikken.no\/#organization\"},\"image\":{\"@id\":\"https:\/\/nordnesrepublikken.no\/index.php\/2026\/09\/05\/san-marino-er-republikken-pa-61-km%C2%B2-i-italia-som-fyller-1725-ar-i-dag-er-det-den-eldste-i-verden\/#primaryimage\"},\"thumbnailUrl\":\"https:\/\/nordnesrepublikken.no\/wp-content\/uploads\/2026\/09\/1788624175_San-Marino-er-republikken-pa-61-km\u00b2-i-Italia-som-scaled.jpg\",\"keywords\":[\"\u00e5r\",\"dag\",\"den\",\"Det\",\"eldste\",\"fyller\",\"Italia\",\"km\u00b2\",\"Marino\",\"p\u00e5\",\"republikken\",\"San\",\"som\",\"verden\"],\"articleSection\":[\"Samfunn\"],\"inLanguage\":\"nb-NO\"},{\"@type\":\"WebPage\",\"@id\":\"https:\/\/nordnesrepublikken.no\/index.php\/2026\/09\/05\/san-marino-er-republikken-pa-61-km%C2%B2-i-italia-som-fyller-1725-ar-i-dag-er-det-den-eldste-i-verden\/\",\"url\":\"https:\/\/nordnesrepublikken.no\/index.php\/2026\/09\/05\/san-marino-er-republikken-pa-61-km%C2%B2-i-italia-som-fyller-1725-ar-i-dag-er-det-den-eldste-i-verden\/\",\"name\":\"San Marino er republikken p\u00e5 61 km\u00b2 i Italia som fyller 1725 \u00e5r i dag: er det den eldste i verden? - Nordnesrepublikken\",\"isPartOf\":{\"@id\":\"https:\/\/nordnesrepublikken.no\/#website\"},\"primaryImageOfPage\":{\"@id\":\"https:\/\/nordnesrepublikken.no\/index.php\/2026\/09\/05\/san-marino-er-republikken-pa-61-km%C2%B2-i-italia-som-fyller-1725-ar-i-dag-er-det-den-eldste-i-verden\/#primaryimage\"},\"image\":{\"@id\":\"https:\/\/nordnesrepublikken.no\/index.php\/2026\/09\/05\/san-marino-er-republikken-pa-61-km%C2%B2-i-italia-som-fyller-1725-ar-i-dag-er-det-den-eldste-i-verden\/#primaryimage\"},\"thumbnailUrl\":\"https:\/\/nordnesrepublikken.no\/wp-content\/uploads\/2026\/09\/1788624175_San-Marino-er-republikken-pa-61-km\u00b2-i-Italia-som-scaled.jpg\",\"datePublished\":\"2026-09-05T16:02:53+00:00\",\"dateModified\":\"2026-09-05T16:03:01+00:00\",\"breadcrumb\":{\"@id\":\"https:\/\/nordnesrepublikken.no\/index.php\/2026\/09\/05\/san-marino-er-republikken-pa-61-km%C2%B2-i-italia-som-fyller-1725-ar-i-dag-er-det-den-eldste-i-verden\/#breadcrumb\"},\"inLanguage\":\"nb-NO\",\"potentialAction\":[{\"@type\":\"ReadAction\",\"target\":[\"https:\/\/nordnesrepublikken.no\/index.php\/2026\/09\/05\/san-marino-er-republikken-pa-61-km%C2%B2-i-italia-som-fyller-1725-ar-i-dag-er-det-den-eldste-i-verden\/\"]}]},{\"@type\":\"ImageObject\",\"inLanguage\":\"nb-NO\",\"@id\":\"https:\/\/nordnesrepublikken.no\/index.php\/2026\/09\/05\/san-marino-er-republikken-pa-61-km%C2%B2-i-italia-som-fyller-1725-ar-i-dag-er-det-den-eldste-i-verden\/#primaryimage\",\"url\":\"https:\/\/nordnesrepublikken.no\/wp-content\/uploads\/2026\/09\/1788624175_San-Marino-er-republikken-pa-61-km\u00b2-i-Italia-som-scaled.jpg\",\"contentUrl\":\"https:\/\/nordnesrepublikken.no\/wp-content\/uploads\/2026\/09\/1788624175_San-Marino-er-republikken-pa-61-km\u00b2-i-Italia-som-scaled.jpg\",\"width\":2560,\"height\":1708,\"caption\":\"San Marino er republikken p\u00e5 61 km\u00b2 i Italia som fyller 1725 \u00e5r i dag: er det den eldste i verden?\"},{\"@type\":\"BreadcrumbList\",\"@id\":\"https:\/\/nordnesrepublikken.no\/index.php\/2026\/09\/05\/san-marino-er-republikken-pa-61-km%C2%B2-i-italia-som-fyller-1725-ar-i-dag-er-det-den-eldste-i-verden\/#breadcrumb\",\"itemListElement\":[{\"@type\":\"ListItem\",\"position\":1,\"name\":\"Home\",\"item\":\"https:\/\/nordnesrepublikken.no\/\"},{\"@type\":\"ListItem\",\"position\":2,\"name\":\"San Marino er republikken p\u00e5 61 km\u00b2 i Italia som fyller 1725 \u00e5r i dag: er det den eldste i verden?\"}]},{\"@type\":\"WebSite\",\"@id\":\"https:\/\/nordnesrepublikken.no\/#website\",\"url\":\"https:\/\/nordnesrepublikken.no\/\",\"name\":\"Nordnesrepublikken\",\"description\":\"Stemmer og Visjoner fra Republikkens Hjerte\",\"publisher\":{\"@id\":\"https:\/\/nordnesrepublikken.no\/#organization\"},\"potentialAction\":[{\"@type\":\"SearchAction\",\"target\":{\"@type\":\"EntryPoint\",\"urlTemplate\":\"https:\/\/nordnesrepublikken.no\/?s={search_term_string}\"},\"query-input\":{\"@type\":\"PropertyValueSpecification\",\"valueRequired\":true,\"valueName\":\"search_term_string\"}}],\"inLanguage\":\"nb-NO\"},{\"@type\":\"Organization\",\"@id\":\"https:\/\/nordnesrepublikken.no\/#organization\",\"name\":\"Nordnesrepublikken\",\"url\":\"https:\/\/nordnesrepublikken.no\/\",\"logo\":{\"@type\":\"ImageObject\",\"inLanguage\":\"nb-NO\",\"@id\":\"https:\/\/nordnesrepublikken.no\/#\/schema\/logo\/image\/\",\"url\":\"https:\/\/nordnesrepublikken.no\/wp-content\/uploads\/2025\/02\/cropped-nordnesrepublikken-2.png\",\"contentUrl\":\"https:\/\/nordnesrepublikken.no\/wp-content\/uploads\/2025\/02\/cropped-nordnesrepublikken-2.png\",\"width\":1248,\"height\":362,\"caption\":\"Nordnesrepublikken\"},\"image\":{\"@id\":\"https:\/\/nordnesrepublikken.no\/#\/schema\/logo\/image\/\"}},{\"@type\":\"Person\",\"@id\":\"https:\/\/nordnesrepublikken.no\/#\/schema\/person\/2e7e81935bab77882fffb79296240ff1\",\"name\":\"Ole Andersen\",\"image\":{\"@type\":\"ImageObject\",\"inLanguage\":\"nb-NO\",\"@id\":\"https:\/\/nordnesrepublikken.no\/#\/schema\/person\/image\/\",\"url\":\"https:\/\/nordnesrepublikken.no\/wp-content\/uploads\/2025\/02\/nordnesrepublikken-2-2-150x150.jpg\",\"contentUrl\":\"https:\/\/nordnesrepublikken.no\/wp-content\/uploads\/2025\/02\/nordnesrepublikken-2-2-150x150.jpg\",\"caption\":\"Ole Andersen\"},\"description\":\"Ettersom jeg vokste opp i Oslo, har jeg alltid v\u00e6rt fascinert av ordenes kraft og deres evne til \u00e5 skape endringer. Etter \u00e5 ha fullf\u00f8rt min utdannelse i kommunikasjon ved Universitetet i Bergen, fikk jeg muligheten til \u00e5 jobbe innen ulike medier, der jeg har s\u00f8kt \u00e5 belyse viktige samfunnssp\u00f8rsm\u00e5l. I dag, som redakt\u00f8r for Nordnesrepublikken, pr\u00f8ver jeg \u00e5 forene min kj\u00e6rlighet for journalistikk med min lidenskap for innovasjon og eventyr.\",\"sameAs\":[\"https:\/\/nordnesrepublikken.no\/\"]}]}<\/script>\n<!-- \/ Yoast SEO plugin. -->","yoast_head_json":{"title":"San Marino er republikken p\u00e5 61 km\u00b2 i Italia som fyller 1725 \u00e5r i dag: er det den eldste i verden? - Nordnesrepublikken","robots":{"index":"index","follow":"follow","max-snippet":"max-snippet:-1","max-image-preview":"max-image-preview:large","max-video-preview":"max-video-preview:-1"},"canonical":"https:\/\/nordnesrepublikken.no\/index.php\/2026\/09\/05\/san-marino-er-republikken-pa-61-km\u00b2-i-italia-som-fyller-1725-ar-i-dag-er-det-den-eldste-i-verden\/","og_locale":"nb_NO","og_type":"article","og_title":"San Marino er republikken p\u00e5 61 km\u00b2 i Italia som fyller 1725 \u00e5r i dag: er det den eldste i verden? - Nordnesrepublikken","og_description":"Republikken San Marino, som ligger mellom Emilia-Romagna og Marche og med et overflateareal p\u00e5 61,19","og_url":"https:\/\/nordnesrepublikken.no\/index.php\/2026\/09\/05\/san-marino-er-republikken-pa-61-km\u00b2-i-italia-som-fyller-1725-ar-i-dag-er-det-den-eldste-i-verden\/","og_site_name":"Nordnesrepublikken","article_published_time":"2026-09-05T16:02:53+00:00","article_modified_time":"2026-09-05T16:03:01+00:00","og_image":[{"width":2560,"height":1708,"url":"https:\/\/nordnesrepublikken.no\/wp-content\/uploads\/2026\/09\/1788624175_San-Marino-er-republikken-pa-61-km\u00b2-i-Italia-som-scaled.jpg","type":"image\/jpeg"}],"author":"Ole Andersen","twitter_card":"summary_large_image","twitter_misc":{"Skrevet av":"Ole Andersen","Ansl. lesetid":"4 minutter"},"schema":{"@context":"https:\/\/schema.org","@graph":[{"@type":"Article","@id":"https:\/\/nordnesrepublikken.no\/index.php\/2026\/09\/05\/san-marino-er-republikken-pa-61-km%C2%B2-i-italia-som-fyller-1725-ar-i-dag-er-det-den-eldste-i-verden\/#article","isPartOf":{"@id":"https:\/\/nordnesrepublikken.no\/index.php\/2026\/09\/05\/san-marino-er-republikken-pa-61-km%C2%B2-i-italia-som-fyller-1725-ar-i-dag-er-det-den-eldste-i-verden\/"},"author":{"name":"Ole Andersen","@id":"https:\/\/nordnesrepublikken.no\/#\/schema\/person\/2e7e81935bab77882fffb79296240ff1"},"headline":"San Marino er republikken p\u00e5 61 km\u00b2 i Italia som fyller 1725 \u00e5r i dag: er det den eldste i verden?","datePublished":"2026-09-05T16:02:53+00:00","dateModified":"2026-09-05T16:03:01+00:00","mainEntityOfPage":{"@id":"https:\/\/nordnesrepublikken.no\/index.php\/2026\/09\/05\/san-marino-er-republikken-pa-61-km%C2%B2-i-italia-som-fyller-1725-ar-i-dag-er-det-den-eldste-i-verden\/"},"wordCount":840,"publisher":{"@id":"https:\/\/nordnesrepublikken.no\/#organization"},"image":{"@id":"https:\/\/nordnesrepublikken.no\/index.php\/2026\/09\/05\/san-marino-er-republikken-pa-61-km%C2%B2-i-italia-som-fyller-1725-ar-i-dag-er-det-den-eldste-i-verden\/#primaryimage"},"thumbnailUrl":"https:\/\/nordnesrepublikken.no\/wp-content\/uploads\/2026\/09\/1788624175_San-Marino-er-republikken-pa-61-km\u00b2-i-Italia-som-scaled.jpg","keywords":["\u00e5r","dag","den","Det","eldste","fyller","Italia","km\u00b2","Marino","p\u00e5","republikken","San","som","verden"],"articleSection":["Samfunn"],"inLanguage":"nb-NO"},{"@type":"WebPage","@id":"https:\/\/nordnesrepublikken.no\/index.php\/2026\/09\/05\/san-marino-er-republikken-pa-61-km%C2%B2-i-italia-som-fyller-1725-ar-i-dag-er-det-den-eldste-i-verden\/","url":"https:\/\/nordnesrepublikken.no\/index.php\/2026\/09\/05\/san-marino-er-republikken-pa-61-km%C2%B2-i-italia-som-fyller-1725-ar-i-dag-er-det-den-eldste-i-verden\/","name":"San Marino er republikken p\u00e5 61 km\u00b2 i Italia som fyller 1725 \u00e5r i dag: er det den eldste i verden? - Nordnesrepublikken","isPartOf":{"@id":"https:\/\/nordnesrepublikken.no\/#website"},"primaryImageOfPage":{"@id":"https:\/\/nordnesrepublikken.no\/index.php\/2026\/09\/05\/san-marino-er-republikken-pa-61-km%C2%B2-i-italia-som-fyller-1725-ar-i-dag-er-det-den-eldste-i-verden\/#primaryimage"},"image":{"@id":"https:\/\/nordnesrepublikken.no\/index.php\/2026\/09\/05\/san-marino-er-republikken-pa-61-km%C2%B2-i-italia-som-fyller-1725-ar-i-dag-er-det-den-eldste-i-verden\/#primaryimage"},"thumbnailUrl":"https:\/\/nordnesrepublikken.no\/wp-content\/uploads\/2026\/09\/1788624175_San-Marino-er-republikken-pa-61-km\u00b2-i-Italia-som-scaled.jpg","datePublished":"2026-09-05T16:02:53+00:00","dateModified":"2026-09-05T16:03:01+00:00","breadcrumb":{"@id":"https:\/\/nordnesrepublikken.no\/index.php\/2026\/09\/05\/san-marino-er-republikken-pa-61-km%C2%B2-i-italia-som-fyller-1725-ar-i-dag-er-det-den-eldste-i-verden\/#breadcrumb"},"inLanguage":"nb-NO","potentialAction":[{"@type":"ReadAction","target":["https:\/\/nordnesrepublikken.no\/index.php\/2026\/09\/05\/san-marino-er-republikken-pa-61-km%C2%B2-i-italia-som-fyller-1725-ar-i-dag-er-det-den-eldste-i-verden\/"]}]},{"@type":"ImageObject","inLanguage":"nb-NO","@id":"https:\/\/nordnesrepublikken.no\/index.php\/2026\/09\/05\/san-marino-er-republikken-pa-61-km%C2%B2-i-italia-som-fyller-1725-ar-i-dag-er-det-den-eldste-i-verden\/#primaryimage","url":"https:\/\/nordnesrepublikken.no\/wp-content\/uploads\/2026\/09\/1788624175_San-Marino-er-republikken-pa-61-km\u00b2-i-Italia-som-scaled.jpg","contentUrl":"https:\/\/nordnesrepublikken.no\/wp-content\/uploads\/2026\/09\/1788624175_San-Marino-er-republikken-pa-61-km\u00b2-i-Italia-som-scaled.jpg","width":2560,"height":1708,"caption":"San Marino er republikken p\u00e5 61 km\u00b2 i Italia som fyller 1725 \u00e5r i dag: er det den eldste i verden?"},{"@type":"BreadcrumbList","@id":"https:\/\/nordnesrepublikken.no\/index.php\/2026\/09\/05\/san-marino-er-republikken-pa-61-km%C2%B2-i-italia-som-fyller-1725-ar-i-dag-er-det-den-eldste-i-verden\/#breadcrumb","itemListElement":[{"@type":"ListItem","position":1,"name":"Home","item":"https:\/\/nordnesrepublikken.no\/"},{"@type":"ListItem","position":2,"name":"San Marino er republikken p\u00e5 61 km\u00b2 i Italia som fyller 1725 \u00e5r i dag: er det den eldste i verden?"}]},{"@type":"WebSite","@id":"https:\/\/nordnesrepublikken.no\/#website","url":"https:\/\/nordnesrepublikken.no\/","name":"Nordnesrepublikken","description":"Stemmer og Visjoner fra Republikkens Hjerte","publisher":{"@id":"https:\/\/nordnesrepublikken.no\/#organization"},"potentialAction":[{"@type":"SearchAction","target":{"@type":"EntryPoint","urlTemplate":"https:\/\/nordnesrepublikken.no\/?s={search_term_string}"},"query-input":{"@type":"PropertyValueSpecification","valueRequired":true,"valueName":"search_term_string"}}],"inLanguage":"nb-NO"},{"@type":"Organization","@id":"https:\/\/nordnesrepublikken.no\/#organization","name":"Nordnesrepublikken","url":"https:\/\/nordnesrepublikken.no\/","logo":{"@type":"ImageObject","inLanguage":"nb-NO","@id":"https:\/\/nordnesrepublikken.no\/#\/schema\/logo\/image\/","url":"https:\/\/nordnesrepublikken.no\/wp-content\/uploads\/2025\/02\/cropped-nordnesrepublikken-2.png","contentUrl":"https:\/\/nordnesrepublikken.no\/wp-content\/uploads\/2025\/02\/cropped-nordnesrepublikken-2.png","width":1248,"height":362,"caption":"Nordnesrepublikken"},"image":{"@id":"https:\/\/nordnesrepublikken.no\/#\/schema\/logo\/image\/"}},{"@type":"Person","@id":"https:\/\/nordnesrepublikken.no\/#\/schema\/person\/2e7e81935bab77882fffb79296240ff1","name":"Ole Andersen","image":{"@type":"ImageObject","inLanguage":"nb-NO","@id":"https:\/\/nordnesrepublikken.no\/#\/schema\/person\/image\/","url":"https:\/\/nordnesrepublikken.no\/wp-content\/uploads\/2025\/02\/nordnesrepublikken-2-2-150x150.jpg","contentUrl":"https:\/\/nordnesrepublikken.no\/wp-content\/uploads\/2025\/02\/nordnesrepublikken-2-2-150x150.jpg","caption":"Ole Andersen"},"description":"Ettersom jeg vokste opp i Oslo, har jeg alltid v\u00e6rt fascinert av ordenes kraft og deres evne til \u00e5 skape endringer. Etter \u00e5 ha fullf\u00f8rt min utdannelse i kommunikasjon ved Universitetet i Bergen, fikk jeg muligheten til \u00e5 jobbe innen ulike medier, der jeg har s\u00f8kt \u00e5 belyse viktige samfunnssp\u00f8rsm\u00e5l. I dag, som redakt\u00f8r for Nordnesrepublikken, pr\u00f8ver jeg \u00e5 forene min kj\u00e6rlighet for journalistikk med min lidenskap for innovasjon og eventyr.","sameAs":["https:\/\/nordnesrepublikken.no\/"]}]}},"_links":{"self":[{"href":"https:\/\/nordnesrepublikken.no\/index.php\/wp-json\/wp\/v2\/posts\/21820","targetHints":{"allow":["GET"]}}],"collection":[{"href":"https:\/\/nordnesrepublikken.no\/index.php\/wp-json\/wp\/v2\/posts"}],"about":[{"href":"https:\/\/nordnesrepublikken.no\/index.php\/wp-json\/wp\/v2\/types\/post"}],"author":[{"embeddable":true,"href":"https:\/\/nordnesrepublikken.no\/index.php\/wp-json\/wp\/v2\/users\/1"}],"replies":[{"embeddable":true,"href":"https:\/\/nordnesrepublikken.no\/index.php\/wp-json\/wp\/v2\/comments?post=21820"}],"version-history":[{"count":1,"href":"https:\/\/nordnesrepublikken.no\/index.php\/wp-json\/wp\/v2\/posts\/21820\/revisions"}],"predecessor-version":[{"id":21822,"href":"https:\/\/nordnesrepublikken.no\/index.php\/wp-json\/wp\/v2\/posts\/21820\/revisions\/21822"}],"wp:featuredmedia":[{"embeddable":true,"href":"https:\/\/nordnesrepublikken.no\/index.php\/wp-json\/wp\/v2\/media\/21821"}],"wp:attachment":[{"href":"https:\/\/nordnesrepublikken.no\/index.php\/wp-json\/wp\/v2\/media?parent=21820"}],"wp:term":[{"taxonomy":"category","embeddable":true,"href":"https:\/\/nordnesrepublikken.no\/index.php\/wp-json\/wp\/v2\/categories?post=21820"},{"taxonomy":"post_tag","embeddable":true,"href":"https:\/\/nordnesrepublikken.no\/index.php\/wp-json\/wp\/v2\/tags?post=21820"}],"curies":[{"name":"wp","href":"https:\/\/api.w.org\/{rel}","templated":true}]}}