{"id":21817,"date":"2026-09-05T14:02:51","date_gmt":"2026-09-05T12:02:51","guid":{"rendered":"https:\/\/nordnesrepublikken.no\/index.php\/2026\/09\/05\/kule-fortau-er-veidekker-som-demper-varmeoyer-men-forarsaker-dekkslitasje\/"},"modified":"2026-09-05T14:02:55","modified_gmt":"2026-09-05T12:02:55","slug":"kule-fortau-er-veidekker-som-demper-varmeoyer-men-forarsaker-dekkslitasje","status":"publish","type":"post","link":"https:\/\/nordnesrepublikken.no\/index.php\/2026\/09\/05\/kule-fortau-er-veidekker-som-demper-varmeoyer-men-forarsaker-dekkslitasje\/","title":{"rendered":"Kule fortau er veidekker som demper varme\u00f8yer, men for\u00e5rsaker dekkslitasje"},"content":{"rendered":"<div>\n<div class=\"cp_wrapper cp_wrapper--fw mb-30 mb-20@tablet\">\n<figure class=\"mm\"><picture class=\"img\" style=\"padding-top:56.25%\"><source  media=\"(min-width: 1024px)\"><source  media=\"(min-width: 768px)\"><\/source><\/source><\/picture><\/figure>\n<\/p><\/div>\n<p>Heteb\u00f8lger forvandler byene v\u00e5re til ekte friluftsovner. Blant hovedelementene som forverrer dette problemet finner vi <strong>bitumin\u00f8st konglomerat<\/strong>vanligvis kalt asfalt og tradisjonelt brukt til \u00e5 bygge veier. Den dekker veldig store deler av byens territorium, og oppf\u00f8rer seg som en <strong>svamp fra et termisk synspunkt<\/strong>. Dens varmeabsorpsjon kan faktisk n\u00e5 opptil 90 % av den innfallende solstr\u00e5lingen, med en p\u00e5f\u00f8lgende \u00f8kning i temperaturen p\u00e5 veibanen med sluttverdier mellom 60 \u00b0C og 70 \u00b0C. For \u00e5 motvirke dette uunng\u00e5elige fenomenet, den s\u00e5kalte <strong>kule fortau<\/strong>innovative konglomerater for veibelegg med tilsetningsstoffer, som f.eks <strong>reflekterende maling<\/strong>som absorberer mindre varme og favoriserer spredningen. Ved \u00e5 redusere overflatetemperaturer kan disse l\u00f8sningene hjelpe <strong>dempe varme\u00f8yeffekten<\/strong> og \u00e5 forbedre termisk komfort i urbane rom; Det er imidlertid noen kritiske problemer.<\/p>\n<h2>Hvorfor \u00f8ker asfalt temperaturen?<\/h2>\n<p>Det vi vanligvis kaller <strong>asfalt<\/strong> det er, mer korrekt, en <strong>bitumin\u00f8s blanding <\/strong>dannet av<strong> steintilslag og et bindemiddel, <\/strong>dvs. bitumen. Men b\u00e5de p\u00e5 grunn av dens m\u00f8rke farge (p\u00e5 grunn av nettopp bruken av bitumen) og p\u00e5 grunn av dens spesifikasjoner<strong> termofysiske egenskaper<\/strong>dette materialet oppf\u00f8rer seg som en svamp og beholder en sv\u00e6rt h\u00f8y andel av solstr\u00e5lingen. Varmen som lagres i l\u00f8pet av dagen, p\u00e5 grunn av dens evne til \u00e5 absorbere og holde p\u00e5 den, frigj\u00f8res sakte av str\u00e5ling i l\u00f8pet av nattetimene: denne restvarmen er den f\u00f8rste drivstoffkilden for det velkjente fenomenet Urban Heat Island, dvs.<strong>temperatur\u00f8kning i urbane omr\u00e5der<\/strong> sammenlignet med landlige.<\/p>\n<h2>Hvordan &laquo;cool pavement&raquo;-teknologi fungerer<\/h2>\n<p>Kule fortau er konglomerater for veidekker som inneholder tilsetningsstoffer rettet mot \u00e5 reflektere sollys, absorbere mindre varme og fremme spredningen. Spesielt er denne teknologien basert p\u00e5 anvendelse av <strong>h\u00f8yreflekterende maling og belegg<\/strong> p\u00e5 eksisterende fortau som gj\u00f8r at veidekket kan skjermes mot solinnstr\u00e5ling og samtidig reduserer termisk absorpsjon av det bitumin\u00f8se konglomeratet. Det fysiske prinsippet som ligger til grunn for disse malingene er modifikasjonen av<b>albedo<\/b>det vil si <strong>reflekterende kraft til en overflate<\/strong>. Konkret best\u00e5r den av <strong>prosent av solstr\u00e5lingen som reflekteres sammenlignet med den som absorberes<\/strong>.<\/p>\n<p>Mens<strong>Konvensjonell asfalt har en veldig lav albedo<\/strong>typisk mellom 0,05 og 0,10, \u00f8ker p\u00e5f\u00f8ring av reflekterende maling denne verdien opp til 0,30 \u2013 0,50. I hovedsak \u00f8ker disse malingene det bitumin\u00f8se konglomeratets evne til \u00e5 reflektere solstr\u00e5ling. Kjemisk er disse beleggene vanligvis formulert som <strong>vandige emulsjoner, epoksy eller akrylharpikser<\/strong>. Spesifikke forbindelser er spredt inne i dem, for eksempel titandioksid (TiO<sub>2<\/sub>), spesielle polymerer, hule mikrosf\u00e6rer og nanoteknologiske forbindelser. Spesielt sistnevnte representerer grunnleggende tillegg for \u00e5 maksimere konglomeratets reflekterende evner uten imidlertid \u00e5 p\u00e5virke dets adhesjonsegenskaper.<\/p>\n<p>Disse malingene er ogs\u00e5 designet for f\u00f8rst og fremst \u00e5 reflektere <strong>b\u00f8lgelengder p\u00e5<\/strong><b>infrar\u00f8d<\/b>dvs. de som transporterer mesteparten av den termiske energien, og opprettholder i stedet en beskjeden \u00f8kning i den reflekterende kapasiteten til str\u00e5ling i det synlige frekvensspekteret, et grunnleggende teknisk tiltak for <strong>unng\u00e5 en farlig blendende effekt<\/strong> til ugunst for bilistene. Den virkelige effektiviteten til kj\u00f8lige fortau har blitt validert i felten av viktige overv\u00e5kingskampanjer, med utgangspunkt i den betydelige reduksjonen i overflate- og atmosf\u00e6riske temperaturer som er registrert. Publiserte vitenskapelige resultater har faktisk sertifiserte reduksjoner i jordoverflatetemperaturen p\u00e5 opptil 9\u00b0C, med p\u00e5f\u00f8lgende fordelaktige reduksjoner i den omgivende lufttemperaturen p\u00e5 opptil 2\u00b0C.<\/p>\n<h2>Kritiske problemer og grenser for kald veidekke<\/h2>\n<p>Selv kule fortau har imidlertid noen <strong>objektive kritiske problemer \u00e5 h\u00e5ndtere<\/strong> n\u00f8ye i designfasen. F\u00f8rst av alt er de svake punktene <b>termisk stress for fotgjengere<\/b>. Faktisk, siden energi ikke kan forsvinne, men ganske enkelt ikke absorberes av gulvet, er det <strong>det reflekteres uunng\u00e5elig mot omgivelsene<\/strong>. F\u00f8lgelig er <strong>Gjennomsnittlig str\u00e5lingstemperatur (MRT)<\/strong> \u00f8ker. Dette betyr at fotgjengeren vil bli truffet av varme i to retninger: ovenfra (direkte str\u00e5ling) og nedenfra (reflektert termisk str\u00e5ling).<\/p>\n<p>F\u00f8lelsen av varme oppfattet av menneskekroppen n\u00e5r den g\u00e5r p\u00e5 behandlet asfalt kan v\u00e6re st\u00f8rre enn den som f\u00f8les p\u00e5 tradisjonell asfalt. For \u00e5 n\u00f8ytralisere den negative effekten av reflektert str\u00e5ling p\u00e5 fotgjengere, m\u00e5 kj\u00f8lige fortau n\u00f8dvendigvis settes inn i en <strong>integrert byplanstrategi<\/strong>. Planting av tr\u00e6r og gr\u00f8nn infrastruktur, som er i stand til \u00e5 fange opp reflektert solstr\u00e5ling og generere skygge, kan ikke erstattes av eksklusiv bruk av disse malingene, som for eksempel. i tilfellet med Green Corridor-prosjektet i Medellin, Colombia (post X nedenfor).<\/p>\n<p>Et annet problem gjelder et aspekt ved <strong>natur<\/strong> <strong>mekanikk<\/strong>: Flere ingeni\u00f8rstudier har observert det <strong>legge til lag <\/strong>av maling for\u00e5rsaker en p\u00e5f\u00f8lgende reduksjon i overflatehullene til konglomeratet etter installasjon, <strong>redusere <\/strong><b>overflateruhet<\/b>. Denne tilstanden p\u00e5virker veigrepsverdiene direkte, og p\u00e5virker bremselengden negativt. Til slutt er det viktig \u00e5 p\u00e5peke det <strong>den termiske ytelsen til disse malingene er ikke evig<\/strong>: trafikk, smuss og slitasje p\u00e5 dekk reduserer albedoen over m\u00e5nedene, og genererer naturlig slitasje p\u00e5 det behandlede overflatelaget. Nyere studier har registrert en nedgang i dens evner fra de f\u00f8rste 38 % til verdier i st\u00f8rrelsesorden 19 % \u2013 30 % i l\u00f8pet av bare 10 m\u00e5neder.<\/p>\n<\/p><\/div>\n","protected":false},"excerpt":{"rendered":"<p>Heteb\u00f8lger forvandler byene v\u00e5re til ekte friluftsovner. Blant hovedelementene som forverrer dette problemet finner vi<\/p>\n","protected":false},"author":1,"featured_media":21818,"comment_status":"closed","ping_status":"open","sticky":false,"template":"","format":"standard","meta":{"footnotes":""},"categories":[24],"tags":[14275,14273,1656,14271,14270,355,31,14274,14272],"class_list":["post-21817","post","type-post","status-publish","format-standard","has-post-thumbnail","hentry","category-vitenskap","tag-dekkslitasje","tag-demper","tag-forarsaker","tag-fortau","tag-kule","tag-men","tag-som","tag-varmeoyer","tag-veidekker","generate-columns","tablet-grid-50","mobile-grid-100","grid-parent","grid-33","resize-featured-image"],"yoast_head":"<!-- This site is optimized with the Yoast SEO plugin v24.4 - https:\/\/yoast.com\/wordpress\/plugins\/seo\/ -->\n<title>Kule fortau er veidekker som demper varme\u00f8yer, men for\u00e5rsaker dekkslitasje - Nordnesrepublikken<\/title>\n<meta name=\"robots\" content=\"index, follow, max-snippet:-1, max-image-preview:large, max-video-preview:-1\" \/>\n<link rel=\"canonical\" href=\"https:\/\/nordnesrepublikken.no\/index.php\/2026\/09\/05\/kule-fortau-er-veidekker-som-demper-varmeoyer-men-forarsaker-dekkslitasje\/\" \/>\n<meta property=\"og:locale\" content=\"nb_NO\" \/>\n<meta property=\"og:type\" content=\"article\" \/>\n<meta property=\"og:title\" content=\"Kule fortau er veidekker som demper varme\u00f8yer, men for\u00e5rsaker dekkslitasje - Nordnesrepublikken\" \/>\n<meta property=\"og:description\" content=\"Heteb\u00f8lger forvandler byene v\u00e5re til ekte friluftsovner. Blant hovedelementene som forverrer dette problemet finner vi\" \/>\n<meta property=\"og:url\" content=\"https:\/\/nordnesrepublikken.no\/index.php\/2026\/09\/05\/kule-fortau-er-veidekker-som-demper-varmeoyer-men-forarsaker-dekkslitasje\/\" \/>\n<meta property=\"og:site_name\" content=\"Nordnesrepublikken\" \/>\n<meta property=\"article:published_time\" content=\"2026-09-05T12:02:51+00:00\" \/>\n<meta property=\"article:modified_time\" content=\"2026-09-05T12:02:55+00:00\" \/>\n<meta property=\"og:image\" content=\"https:\/\/nordnesrepublikken.no\/wp-content\/uploads\/2026\/09\/1788609774_Kule-fortau-er-veidekker-som-demper-varmeoyer-men-forarsaker-dekkslitasje.jpg\" \/>\n\t<meta property=\"og:image:width\" content=\"1800\" \/>\n\t<meta property=\"og:image:height\" content=\"1350\" \/>\n\t<meta property=\"og:image:type\" content=\"image\/jpeg\" \/>\n<meta name=\"author\" content=\"Ole Andersen\" \/>\n<meta name=\"twitter:card\" content=\"summary_large_image\" \/>\n<meta name=\"twitter:label1\" content=\"Skrevet av\" \/>\n\t<meta name=\"twitter:data1\" content=\"Ole Andersen\" \/>\n\t<meta name=\"twitter:label2\" content=\"Ansl. lesetid\" \/>\n\t<meta name=\"twitter:data2\" content=\"4 minutter\" \/>\n<script type=\"application\/ld+json\" class=\"yoast-schema-graph\">{\"@context\":\"https:\/\/schema.org\",\"@graph\":[{\"@type\":\"Article\",\"@id\":\"https:\/\/nordnesrepublikken.no\/index.php\/2026\/09\/05\/kule-fortau-er-veidekker-som-demper-varmeoyer-men-forarsaker-dekkslitasje\/#article\",\"isPartOf\":{\"@id\":\"https:\/\/nordnesrepublikken.no\/index.php\/2026\/09\/05\/kule-fortau-er-veidekker-som-demper-varmeoyer-men-forarsaker-dekkslitasje\/\"},\"author\":{\"name\":\"Ole Andersen\",\"@id\":\"https:\/\/nordnesrepublikken.no\/#\/schema\/person\/2e7e81935bab77882fffb79296240ff1\"},\"headline\":\"Kule fortau er veidekker som demper varme\u00f8yer, men for\u00e5rsaker dekkslitasje\",\"datePublished\":\"2026-09-05T12:02:51+00:00\",\"dateModified\":\"2026-09-05T12:02:55+00:00\",\"mainEntityOfPage\":{\"@id\":\"https:\/\/nordnesrepublikken.no\/index.php\/2026\/09\/05\/kule-fortau-er-veidekker-som-demper-varmeoyer-men-forarsaker-dekkslitasje\/\"},\"wordCount\":836,\"publisher\":{\"@id\":\"https:\/\/nordnesrepublikken.no\/#organization\"},\"image\":{\"@id\":\"https:\/\/nordnesrepublikken.no\/index.php\/2026\/09\/05\/kule-fortau-er-veidekker-som-demper-varmeoyer-men-forarsaker-dekkslitasje\/#primaryimage\"},\"thumbnailUrl\":\"https:\/\/nordnesrepublikken.no\/wp-content\/uploads\/2026\/09\/1788609774_Kule-fortau-er-veidekker-som-demper-varmeoyer-men-forarsaker-dekkslitasje.jpg\",\"keywords\":[\"dekkslitasje\",\"demper\",\"for\u00e5rsaker\",\"fortau\",\"Kule\",\"men\",\"som\",\"varme\u00f8yer\",\"veidekker\"],\"articleSection\":[\"Vitenskap\"],\"inLanguage\":\"nb-NO\"},{\"@type\":\"WebPage\",\"@id\":\"https:\/\/nordnesrepublikken.no\/index.php\/2026\/09\/05\/kule-fortau-er-veidekker-som-demper-varmeoyer-men-forarsaker-dekkslitasje\/\",\"url\":\"https:\/\/nordnesrepublikken.no\/index.php\/2026\/09\/05\/kule-fortau-er-veidekker-som-demper-varmeoyer-men-forarsaker-dekkslitasje\/\",\"name\":\"Kule fortau er veidekker som demper varme\u00f8yer, men for\u00e5rsaker dekkslitasje - Nordnesrepublikken\",\"isPartOf\":{\"@id\":\"https:\/\/nordnesrepublikken.no\/#website\"},\"primaryImageOfPage\":{\"@id\":\"https:\/\/nordnesrepublikken.no\/index.php\/2026\/09\/05\/kule-fortau-er-veidekker-som-demper-varmeoyer-men-forarsaker-dekkslitasje\/#primaryimage\"},\"image\":{\"@id\":\"https:\/\/nordnesrepublikken.no\/index.php\/2026\/09\/05\/kule-fortau-er-veidekker-som-demper-varmeoyer-men-forarsaker-dekkslitasje\/#primaryimage\"},\"thumbnailUrl\":\"https:\/\/nordnesrepublikken.no\/wp-content\/uploads\/2026\/09\/1788609774_Kule-fortau-er-veidekker-som-demper-varmeoyer-men-forarsaker-dekkslitasje.jpg\",\"datePublished\":\"2026-09-05T12:02:51+00:00\",\"dateModified\":\"2026-09-05T12:02:55+00:00\",\"breadcrumb\":{\"@id\":\"https:\/\/nordnesrepublikken.no\/index.php\/2026\/09\/05\/kule-fortau-er-veidekker-som-demper-varmeoyer-men-forarsaker-dekkslitasje\/#breadcrumb\"},\"inLanguage\":\"nb-NO\",\"potentialAction\":[{\"@type\":\"ReadAction\",\"target\":[\"https:\/\/nordnesrepublikken.no\/index.php\/2026\/09\/05\/kule-fortau-er-veidekker-som-demper-varmeoyer-men-forarsaker-dekkslitasje\/\"]}]},{\"@type\":\"ImageObject\",\"inLanguage\":\"nb-NO\",\"@id\":\"https:\/\/nordnesrepublikken.no\/index.php\/2026\/09\/05\/kule-fortau-er-veidekker-som-demper-varmeoyer-men-forarsaker-dekkslitasje\/#primaryimage\",\"url\":\"https:\/\/nordnesrepublikken.no\/wp-content\/uploads\/2026\/09\/1788609774_Kule-fortau-er-veidekker-som-demper-varmeoyer-men-forarsaker-dekkslitasje.jpg\",\"contentUrl\":\"https:\/\/nordnesrepublikken.no\/wp-content\/uploads\/2026\/09\/1788609774_Kule-fortau-er-veidekker-som-demper-varmeoyer-men-forarsaker-dekkslitasje.jpg\",\"width\":1800,\"height\":1350,\"caption\":\"Kule fortau er veidekker som demper varme\u00f8yer, men for\u00e5rsaker dekkslitasje\"},{\"@type\":\"BreadcrumbList\",\"@id\":\"https:\/\/nordnesrepublikken.no\/index.php\/2026\/09\/05\/kule-fortau-er-veidekker-som-demper-varmeoyer-men-forarsaker-dekkslitasje\/#breadcrumb\",\"itemListElement\":[{\"@type\":\"ListItem\",\"position\":1,\"name\":\"Home\",\"item\":\"https:\/\/nordnesrepublikken.no\/\"},{\"@type\":\"ListItem\",\"position\":2,\"name\":\"Kule fortau er veidekker som demper varme\u00f8yer, men for\u00e5rsaker dekkslitasje\"}]},{\"@type\":\"WebSite\",\"@id\":\"https:\/\/nordnesrepublikken.no\/#website\",\"url\":\"https:\/\/nordnesrepublikken.no\/\",\"name\":\"Nordnesrepublikken\",\"description\":\"Stemmer og Visjoner fra Republikkens Hjerte\",\"publisher\":{\"@id\":\"https:\/\/nordnesrepublikken.no\/#organization\"},\"potentialAction\":[{\"@type\":\"SearchAction\",\"target\":{\"@type\":\"EntryPoint\",\"urlTemplate\":\"https:\/\/nordnesrepublikken.no\/?s={search_term_string}\"},\"query-input\":{\"@type\":\"PropertyValueSpecification\",\"valueRequired\":true,\"valueName\":\"search_term_string\"}}],\"inLanguage\":\"nb-NO\"},{\"@type\":\"Organization\",\"@id\":\"https:\/\/nordnesrepublikken.no\/#organization\",\"name\":\"Nordnesrepublikken\",\"url\":\"https:\/\/nordnesrepublikken.no\/\",\"logo\":{\"@type\":\"ImageObject\",\"inLanguage\":\"nb-NO\",\"@id\":\"https:\/\/nordnesrepublikken.no\/#\/schema\/logo\/image\/\",\"url\":\"https:\/\/nordnesrepublikken.no\/wp-content\/uploads\/2025\/02\/cropped-nordnesrepublikken-2.png\",\"contentUrl\":\"https:\/\/nordnesrepublikken.no\/wp-content\/uploads\/2025\/02\/cropped-nordnesrepublikken-2.png\",\"width\":1248,\"height\":362,\"caption\":\"Nordnesrepublikken\"},\"image\":{\"@id\":\"https:\/\/nordnesrepublikken.no\/#\/schema\/logo\/image\/\"}},{\"@type\":\"Person\",\"@id\":\"https:\/\/nordnesrepublikken.no\/#\/schema\/person\/2e7e81935bab77882fffb79296240ff1\",\"name\":\"Ole Andersen\",\"image\":{\"@type\":\"ImageObject\",\"inLanguage\":\"nb-NO\",\"@id\":\"https:\/\/nordnesrepublikken.no\/#\/schema\/person\/image\/\",\"url\":\"https:\/\/nordnesrepublikken.no\/wp-content\/uploads\/2025\/02\/nordnesrepublikken-2-2-150x150.jpg\",\"contentUrl\":\"https:\/\/nordnesrepublikken.no\/wp-content\/uploads\/2025\/02\/nordnesrepublikken-2-2-150x150.jpg\",\"caption\":\"Ole Andersen\"},\"description\":\"Ettersom jeg vokste opp i Oslo, har jeg alltid v\u00e6rt fascinert av ordenes kraft og deres evne til \u00e5 skape endringer. Etter \u00e5 ha fullf\u00f8rt min utdannelse i kommunikasjon ved Universitetet i Bergen, fikk jeg muligheten til \u00e5 jobbe innen ulike medier, der jeg har s\u00f8kt \u00e5 belyse viktige samfunnssp\u00f8rsm\u00e5l. I dag, som redakt\u00f8r for Nordnesrepublikken, pr\u00f8ver jeg \u00e5 forene min kj\u00e6rlighet for journalistikk med min lidenskap for innovasjon og eventyr.\",\"sameAs\":[\"https:\/\/nordnesrepublikken.no\/\"]}]}<\/script>\n<!-- \/ Yoast SEO plugin. -->","yoast_head_json":{"title":"Kule fortau er veidekker som demper varme\u00f8yer, men for\u00e5rsaker dekkslitasje - Nordnesrepublikken","robots":{"index":"index","follow":"follow","max-snippet":"max-snippet:-1","max-image-preview":"max-image-preview:large","max-video-preview":"max-video-preview:-1"},"canonical":"https:\/\/nordnesrepublikken.no\/index.php\/2026\/09\/05\/kule-fortau-er-veidekker-som-demper-varmeoyer-men-forarsaker-dekkslitasje\/","og_locale":"nb_NO","og_type":"article","og_title":"Kule fortau er veidekker som demper varme\u00f8yer, men for\u00e5rsaker dekkslitasje - Nordnesrepublikken","og_description":"Heteb\u00f8lger forvandler byene v\u00e5re til ekte friluftsovner. Blant hovedelementene som forverrer dette problemet finner vi","og_url":"https:\/\/nordnesrepublikken.no\/index.php\/2026\/09\/05\/kule-fortau-er-veidekker-som-demper-varmeoyer-men-forarsaker-dekkslitasje\/","og_site_name":"Nordnesrepublikken","article_published_time":"2026-09-05T12:02:51+00:00","article_modified_time":"2026-09-05T12:02:55+00:00","og_image":[{"width":1800,"height":1350,"url":"https:\/\/nordnesrepublikken.no\/wp-content\/uploads\/2026\/09\/1788609774_Kule-fortau-er-veidekker-som-demper-varmeoyer-men-forarsaker-dekkslitasje.jpg","type":"image\/jpeg"}],"author":"Ole Andersen","twitter_card":"summary_large_image","twitter_misc":{"Skrevet av":"Ole Andersen","Ansl. lesetid":"4 minutter"},"schema":{"@context":"https:\/\/schema.org","@graph":[{"@type":"Article","@id":"https:\/\/nordnesrepublikken.no\/index.php\/2026\/09\/05\/kule-fortau-er-veidekker-som-demper-varmeoyer-men-forarsaker-dekkslitasje\/#article","isPartOf":{"@id":"https:\/\/nordnesrepublikken.no\/index.php\/2026\/09\/05\/kule-fortau-er-veidekker-som-demper-varmeoyer-men-forarsaker-dekkslitasje\/"},"author":{"name":"Ole Andersen","@id":"https:\/\/nordnesrepublikken.no\/#\/schema\/person\/2e7e81935bab77882fffb79296240ff1"},"headline":"Kule fortau er veidekker som demper varme\u00f8yer, men for\u00e5rsaker dekkslitasje","datePublished":"2026-09-05T12:02:51+00:00","dateModified":"2026-09-05T12:02:55+00:00","mainEntityOfPage":{"@id":"https:\/\/nordnesrepublikken.no\/index.php\/2026\/09\/05\/kule-fortau-er-veidekker-som-demper-varmeoyer-men-forarsaker-dekkslitasje\/"},"wordCount":836,"publisher":{"@id":"https:\/\/nordnesrepublikken.no\/#organization"},"image":{"@id":"https:\/\/nordnesrepublikken.no\/index.php\/2026\/09\/05\/kule-fortau-er-veidekker-som-demper-varmeoyer-men-forarsaker-dekkslitasje\/#primaryimage"},"thumbnailUrl":"https:\/\/nordnesrepublikken.no\/wp-content\/uploads\/2026\/09\/1788609774_Kule-fortau-er-veidekker-som-demper-varmeoyer-men-forarsaker-dekkslitasje.jpg","keywords":["dekkslitasje","demper","for\u00e5rsaker","fortau","Kule","men","som","varme\u00f8yer","veidekker"],"articleSection":["Vitenskap"],"inLanguage":"nb-NO"},{"@type":"WebPage","@id":"https:\/\/nordnesrepublikken.no\/index.php\/2026\/09\/05\/kule-fortau-er-veidekker-som-demper-varmeoyer-men-forarsaker-dekkslitasje\/","url":"https:\/\/nordnesrepublikken.no\/index.php\/2026\/09\/05\/kule-fortau-er-veidekker-som-demper-varmeoyer-men-forarsaker-dekkslitasje\/","name":"Kule fortau er veidekker som demper varme\u00f8yer, men for\u00e5rsaker dekkslitasje - Nordnesrepublikken","isPartOf":{"@id":"https:\/\/nordnesrepublikken.no\/#website"},"primaryImageOfPage":{"@id":"https:\/\/nordnesrepublikken.no\/index.php\/2026\/09\/05\/kule-fortau-er-veidekker-som-demper-varmeoyer-men-forarsaker-dekkslitasje\/#primaryimage"},"image":{"@id":"https:\/\/nordnesrepublikken.no\/index.php\/2026\/09\/05\/kule-fortau-er-veidekker-som-demper-varmeoyer-men-forarsaker-dekkslitasje\/#primaryimage"},"thumbnailUrl":"https:\/\/nordnesrepublikken.no\/wp-content\/uploads\/2026\/09\/1788609774_Kule-fortau-er-veidekker-som-demper-varmeoyer-men-forarsaker-dekkslitasje.jpg","datePublished":"2026-09-05T12:02:51+00:00","dateModified":"2026-09-05T12:02:55+00:00","breadcrumb":{"@id":"https:\/\/nordnesrepublikken.no\/index.php\/2026\/09\/05\/kule-fortau-er-veidekker-som-demper-varmeoyer-men-forarsaker-dekkslitasje\/#breadcrumb"},"inLanguage":"nb-NO","potentialAction":[{"@type":"ReadAction","target":["https:\/\/nordnesrepublikken.no\/index.php\/2026\/09\/05\/kule-fortau-er-veidekker-som-demper-varmeoyer-men-forarsaker-dekkslitasje\/"]}]},{"@type":"ImageObject","inLanguage":"nb-NO","@id":"https:\/\/nordnesrepublikken.no\/index.php\/2026\/09\/05\/kule-fortau-er-veidekker-som-demper-varmeoyer-men-forarsaker-dekkslitasje\/#primaryimage","url":"https:\/\/nordnesrepublikken.no\/wp-content\/uploads\/2026\/09\/1788609774_Kule-fortau-er-veidekker-som-demper-varmeoyer-men-forarsaker-dekkslitasje.jpg","contentUrl":"https:\/\/nordnesrepublikken.no\/wp-content\/uploads\/2026\/09\/1788609774_Kule-fortau-er-veidekker-som-demper-varmeoyer-men-forarsaker-dekkslitasje.jpg","width":1800,"height":1350,"caption":"Kule fortau er veidekker som demper varme\u00f8yer, men for\u00e5rsaker dekkslitasje"},{"@type":"BreadcrumbList","@id":"https:\/\/nordnesrepublikken.no\/index.php\/2026\/09\/05\/kule-fortau-er-veidekker-som-demper-varmeoyer-men-forarsaker-dekkslitasje\/#breadcrumb","itemListElement":[{"@type":"ListItem","position":1,"name":"Home","item":"https:\/\/nordnesrepublikken.no\/"},{"@type":"ListItem","position":2,"name":"Kule fortau er veidekker som demper varme\u00f8yer, men for\u00e5rsaker dekkslitasje"}]},{"@type":"WebSite","@id":"https:\/\/nordnesrepublikken.no\/#website","url":"https:\/\/nordnesrepublikken.no\/","name":"Nordnesrepublikken","description":"Stemmer og Visjoner fra Republikkens Hjerte","publisher":{"@id":"https:\/\/nordnesrepublikken.no\/#organization"},"potentialAction":[{"@type":"SearchAction","target":{"@type":"EntryPoint","urlTemplate":"https:\/\/nordnesrepublikken.no\/?s={search_term_string}"},"query-input":{"@type":"PropertyValueSpecification","valueRequired":true,"valueName":"search_term_string"}}],"inLanguage":"nb-NO"},{"@type":"Organization","@id":"https:\/\/nordnesrepublikken.no\/#organization","name":"Nordnesrepublikken","url":"https:\/\/nordnesrepublikken.no\/","logo":{"@type":"ImageObject","inLanguage":"nb-NO","@id":"https:\/\/nordnesrepublikken.no\/#\/schema\/logo\/image\/","url":"https:\/\/nordnesrepublikken.no\/wp-content\/uploads\/2025\/02\/cropped-nordnesrepublikken-2.png","contentUrl":"https:\/\/nordnesrepublikken.no\/wp-content\/uploads\/2025\/02\/cropped-nordnesrepublikken-2.png","width":1248,"height":362,"caption":"Nordnesrepublikken"},"image":{"@id":"https:\/\/nordnesrepublikken.no\/#\/schema\/logo\/image\/"}},{"@type":"Person","@id":"https:\/\/nordnesrepublikken.no\/#\/schema\/person\/2e7e81935bab77882fffb79296240ff1","name":"Ole Andersen","image":{"@type":"ImageObject","inLanguage":"nb-NO","@id":"https:\/\/nordnesrepublikken.no\/#\/schema\/person\/image\/","url":"https:\/\/nordnesrepublikken.no\/wp-content\/uploads\/2025\/02\/nordnesrepublikken-2-2-150x150.jpg","contentUrl":"https:\/\/nordnesrepublikken.no\/wp-content\/uploads\/2025\/02\/nordnesrepublikken-2-2-150x150.jpg","caption":"Ole Andersen"},"description":"Ettersom jeg vokste opp i Oslo, har jeg alltid v\u00e6rt fascinert av ordenes kraft og deres evne til \u00e5 skape endringer. Etter \u00e5 ha fullf\u00f8rt min utdannelse i kommunikasjon ved Universitetet i Bergen, fikk jeg muligheten til \u00e5 jobbe innen ulike medier, der jeg har s\u00f8kt \u00e5 belyse viktige samfunnssp\u00f8rsm\u00e5l. I dag, som redakt\u00f8r for Nordnesrepublikken, pr\u00f8ver jeg \u00e5 forene min kj\u00e6rlighet for journalistikk med min lidenskap for innovasjon og eventyr.","sameAs":["https:\/\/nordnesrepublikken.no\/"]}]}},"_links":{"self":[{"href":"https:\/\/nordnesrepublikken.no\/index.php\/wp-json\/wp\/v2\/posts\/21817","targetHints":{"allow":["GET"]}}],"collection":[{"href":"https:\/\/nordnesrepublikken.no\/index.php\/wp-json\/wp\/v2\/posts"}],"about":[{"href":"https:\/\/nordnesrepublikken.no\/index.php\/wp-json\/wp\/v2\/types\/post"}],"author":[{"embeddable":true,"href":"https:\/\/nordnesrepublikken.no\/index.php\/wp-json\/wp\/v2\/users\/1"}],"replies":[{"embeddable":true,"href":"https:\/\/nordnesrepublikken.no\/index.php\/wp-json\/wp\/v2\/comments?post=21817"}],"version-history":[{"count":1,"href":"https:\/\/nordnesrepublikken.no\/index.php\/wp-json\/wp\/v2\/posts\/21817\/revisions"}],"predecessor-version":[{"id":21819,"href":"https:\/\/nordnesrepublikken.no\/index.php\/wp-json\/wp\/v2\/posts\/21817\/revisions\/21819"}],"wp:featuredmedia":[{"embeddable":true,"href":"https:\/\/nordnesrepublikken.no\/index.php\/wp-json\/wp\/v2\/media\/21818"}],"wp:attachment":[{"href":"https:\/\/nordnesrepublikken.no\/index.php\/wp-json\/wp\/v2\/media?parent=21817"}],"wp:term":[{"taxonomy":"category","embeddable":true,"href":"https:\/\/nordnesrepublikken.no\/index.php\/wp-json\/wp\/v2\/categories?post=21817"},{"taxonomy":"post_tag","embeddable":true,"href":"https:\/\/nordnesrepublikken.no\/index.php\/wp-json\/wp\/v2\/tags?post=21817"}],"curies":[{"name":"wp","href":"https:\/\/api.w.org\/{rel}","templated":true}]}}