{"id":21814,"date":"2026-09-05T11:02:49","date_gmt":"2026-09-05T09:02:49","guid":{"rendered":"https:\/\/nordnesrepublikken.no\/index.php\/2026\/09\/05\/fordi-et-29-tonns-odelagt-eiffeltarn-har-dukket-opp-midt-i-nevada-orkenen\/"},"modified":"2026-09-05T11:02:51","modified_gmt":"2026-09-05T09:02:51","slug":"fordi-et-29-tonns-odelagt-eiffeltarn-har-dukket-opp-midt-i-nevada-orkenen","status":"publish","type":"post","link":"https:\/\/nordnesrepublikken.no\/index.php\/2026\/09\/05\/fordi-et-29-tonns-odelagt-eiffeltarn-har-dukket-opp-midt-i-nevada-orkenen\/","title":{"rendered":"Fordi et 29 tonns \u00f8delagt Eiffelt\u00e5rn har dukket opp midt i Nevada-\u00f8rkenen"},"content":{"rendered":"<div>\n<div class=\"cp_wrapper cp_wrapper--fw mb-30 mb-20@tablet\">\n<figure class=\"mm\"><picture class=\"img\" style=\"padding-top:56.25%\"><source  media=\"(min-width: 1024px)\"><source  media=\"(min-width: 768px)\"><\/source><\/source><\/picture><\/figure>\n<\/p><\/div>\n<p>Hvert \u00e5r, i slutten av august, samles titusenvis av mennesker i <strong>Nevada-\u00f8rkenen<\/strong> \u00e5 bygge fra ingenting<strong> en utopisk og midlertidig by<\/strong> som etter en dr\u00f8y uke ble gjort til \u00e5 forsvinne, uten \u00e5 etterlate spor, av den som bygde den og bebodde den i noen dager. Mer enn en festival ser det ut til \u00e5 v\u00e6re et slags sosialt eksperiment, i tillegg til et friluftsmuseum for kunst og arkitektur. Hans navn,<strong> Brennende mann<\/strong>stammer fra riten av <strong>brenning av tremannen<\/strong> (&laquo;mannen&raquo;) som avslutter hver utgave.<\/p>\n<p>Ogs\u00e5 i \u00e5r temasamlingen <em>Akse Mundi <\/em>(verdens akse som i mytologi forbinder jorden, himmelen og underverdenen) finner sted i <strong>Black Rock Desert<\/strong>en eldgammel innsj\u00f8bunn som t\u00f8rket ut omtrent 120 miles (200 kilometer) nord for Reno (i Pershing County, Nevada), fra 30. august til 7. september. Symbolet som g\u00e5r verden rundt er en <strong>Eiffelt\u00e5rnet i skala<\/strong>p\u00e5 omtrent 30 tonn, som dukker opp knust fra bakken.<\/p>\n<h2>Historien om Burning Man: fra en San Francisco-strand til \u00f8rkenen<\/h2>\n<p><strong>22. juni 1986:<\/strong> Larry Harvey og Jerry James, p\u00e5 Baker Beach i San Francisco, bygger en tremann som er dr\u00f8yt to meter h\u00f8y og satte fyr p\u00e5 ham foran et lite publikum av mennesker. En instinktiv gest uten reelle motivasjoner, som Harvey vil definere p\u00e5 en filosofisk m\u00e5te <strong>&laquo;radikalt selvuttrykk&raquo;.<\/strong><\/p>\n<p>Dette ritualet ble gjentatt \u00e5ret etter, og s\u00e5 igjen, med en stadig st\u00f8rre mann: han n\u00e5dde 5 meter i 1987 og nesten 10 meter i 1988, mens stranden n\u00e5 ble for liten til \u00e5 inneholde nysgjerrige og politi som var for tilstede.<\/p>\n<p>I 1990 ble det funnet et nytt sted for b\u00e5let, hvor det ikke ville plage noen, Black Rock Desert, en av de flateste og mest \u00f8de overflatene i Nord-Amerika, hvor det fortsatt finner sted i dag, og tiltrekker seg flere og flere deltakere, med et rekordoppm\u00f8te i 2019 p\u00e5 78 850 mennesker \u2013 selv om det i l\u00f8pet av de siste to \u00e5rene er 20 ugamle billetter for de f\u00f8rste to \u00e5rene, for de f\u00f8rste 21 gangene.<\/p>\n<p>I 2013 ble organisasjonen en ideell organisasjon, &laquo;Burning Man Project&raquo;.<\/p>\n<h2>Slik fungerer festivalen: fra bygging til forsvinning<\/h2>\n<p>Hvert \u00e5r er begivenhetens hjerte <strong>Black Rock City<\/strong>en by som bygges, bit for bit, bebodd i \u00e5tte dager og deretter demontert igjen, bit for bit, innenfor et 15 km langt perimeternettverk, som hjelper til med \u00e5 holde avfall selv i tilfelle vind. I byen, hvor 8 km\/t-grensen er i kraft, beveger du deg rundt om bord <em>mutante kj\u00f8ret\u00f8yer<\/em>kj\u00f8ret\u00f8y godkjent en etter en av organisasjonen og med fantasifulle former, som minner litt om karnevalsfl\u00e5ter, men i liten skala.<\/p>\n<p>Byplanen er n\u00e5 ikonisk: den er en halvsirkel av konsentriske gater kuttet av radielle gater, angitt som timer p\u00e5 en klokke fra 2:00 til 10:00. Han er i sentrum,<strong> Mannen<\/strong>tremannen som blir brent l\u00f8rdagen f\u00f8r festivalslutt. I \u00e5r vil hans &laquo;ofring&raquo; finne sted i dag, 5. september.<\/p>\n<div class=\"cp_wrapper cp_wrapper--fw mb-50\">\n<figure class=\"mm\"><picture class=\"img\" style=\"padding-top:56.156968876861%\"><source  media=\"(min-width: 1024px)\"><source  media=\"(min-width: 768px)\"><img decoding=\"async\" loading=\"lazy\" src=\"https:\/\/nordnesrepublikken.no\/wp-content\/uploads\/2026\/09\/Fordi-et-29-tonns-odelagt-Eiffeltarn-har-dukket-opp-midt.jpeg\" alt=\"Bilde\" width=\"739\" height=\"415\"\/><\/source><\/source><\/picture><\/figure>\n<\/p><\/div>\n<p>Styrende for samfunnet som skapes rundt ritualet er de <strong>Ti prinsipper<\/strong> kodifisert av Harvey i 2004, inkludert den av<strong>gave\u00f8konomi<\/strong> (<em>gaver<\/em>) og <strong>decommodification<\/strong>: faktisk, inne i Black Rock City selges eller kj\u00f8pes praktisk talt ingenting, det er ingen merker, sponsorer eller reklame, men mat, gjenstander og tjenester byttes uten \u00e5 forvente noe tilbake &#8211; med to unntak: is og kaffe. Fra 2022 har salget av kaffe ogs\u00e5 v\u00e6rt kansellert innenfor festivalen.<\/p>\n<p>En annen gylden regel, den <strong>Etterlater ingen spor<\/strong>\u00ableave no trace\u00bb: n\u00e5r byen forsvinner, m\u00e5 \u00f8rkenen tilbake akkurat som den var og uten milj\u00f8p\u00e5virkning. Festivalens slagord lyder: \u00abBurning Man er ikke noe du deltar p\u00e5, det er noe du gj\u00f8r\u00bb.<\/p>\n<p>Blant andre prinsipper er det<strong>radikal inkludering<\/strong> (alle har rett til \u00e5 delta og bli \u00f8nsket velkommen), <strong>den felles innsatsen<\/strong>i samarbeidets og samarbeidets navn, <strong>samfunnsansvar<\/strong>til, <strong>umiddelbarhet<\/strong> (forst\u00e5tt som evnen til \u00e5 gjenkjenne seg selv og den omkringliggende virkeligheten),<strong> radikal selvforsyning<\/strong> og sist men ikke minst, <strong>radikalt selvuttrykk<\/strong>hvorfra alt ble f\u00f8dt.<\/p>\n<p>Og det er ogs\u00e5 en overlevelsesguide, med all informasjonen du trenger for \u00e5 orientere deg i denne opplevelsen.<\/p>\n<h2>De vakreste skulpturene: fra tempelet til stramme vandrere p\u00e5 Eiffelt\u00e5rnet<\/h2>\n<p>I tillegg til tremannen som gir navnet sitt til arrangementet, er den andre store hovedpersonen <strong>tempelet<\/strong>: en ikke-konfesjonell struktur, ofte kunstnerens verk <strong>David Best<\/strong>der deltakerne legger igjen meldinger, bilder og minner om sine avd\u00f8de kj\u00e6re. Det brennes s\u00f8ndag kveld, dagen etter at mannen ble brent, men i stillhet.<\/p>\n<p>Det som gj\u00f8r Burning Man ikonisk er de monumentale installasjonene, delvis finansiert av organisasjonen gjennom Honoraria-fondene: blant de mest kjente, de gigantiske kvinnefigurene i <strong>Marco Cochrane,<\/strong> som <em>Sannhet er skj\u00f8nnhet<\/em> (2013), en st\u00e5lkvinne over 16 meter h\u00f8y, del av en trilogi dedikert til temaet s\u00e5rbarhet og styrke.<\/p>\n<div class=\"cp_wrapper cp_wrapper--fw mb-50\">\n<figure class=\"mm\"><picture class=\"img\" style=\"padding-top:125%\"><source  media=\"(min-width: 1024px)\"><source  media=\"(min-width: 768px)\"><img decoding=\"async\" loading=\"lazy\" src=\"https:\/\/nordnesrepublikken.no\/wp-content\/uploads\/2026\/09\/1788598969_171_Fordi-et-29-tonns-odelagt-Eiffeltarn-har-dukket-opp-midt.jpg\" alt=\"brennende mann\" width=\"768\" height=\"960\" class=\"js-seedtag-img\"\/><\/source><\/source><\/picture><\/figure>\n<\/p><\/div>\n<p>\u00c5rets symbolverk er<strong>Eiffela-Broken Dreams <\/strong>av den franske kunstneren <strong>Philippe Maindron, <\/strong>skalagjengivelse (30 meter lang og 15 meter h\u00f8y) best\u00e5ende av ca <strong>5 000 st\u00e5lstykker og 10 000 bolter<\/strong>for en totalvekt p\u00e5 ca. 30 tonn. Den ble laget p\u00e5 to \u00e5rs arbeid i Frankrike og 72 timers montering p\u00e5 stedet. T\u00e5rnet er <strong>bevisst \u00f8delagt<\/strong>: den nedre delen, if\u00f8lge kunstneren, representerer &laquo;en sivilisasjons fall&raquo;, mens den \u00f8vre delen er h\u00e5p. Den slakke linjen som strekkes mellom de to halvdelene, som tightroperne beveger seg p\u00e5, representerer den skj\u00f8re broen mellom kollaps og gjenf\u00f8delse, en tapt sivilisasjon som st\u00e5r mellom kaos og h\u00e5pet om en bedre fremtid.<\/p>\n<h2>De siste \u00e5renes ulykker: gj\u00f8rme, ukontrollerte flammer og et ul\u00f8st mysterium<\/h2>\n<p>Burning Man er styrt av prinsipper om altruisme og respekt, men <strong>er ikke uten risiko:<\/strong> i 2023 i begynnelsen av september falt det p\u00e5<em> playa <\/em>et regn som forvandlet det alkaliske st\u00f8vet til en gj\u00f8rme som gjorde det umulig \u00e5 bevege seg og tvang veiene til \u00e5 stenges: 70 000 mennesker ble strandet i flere dager, beordret til \u00e5 forbli i leiren og med vann og mat rasjonert. I disse dager skjedde ogs\u00e5 d\u00f8den til Leon Reece, en 32 \u00e5r gammel californisk mann som if\u00f8lge unders\u00f8kelser d\u00f8de av mistenkt rusforgiftning.<\/p>\n<p>Ogs\u00e5 i 2017 var det en dramatisk episode: <strong>Aaron Joel Mitchell<\/strong> Han overvant sikkerhetsvaktene og kastet seg i flammene under brannen og d\u00f8de av brannskader. Hans d\u00f8d ble klassifisert som et selvmord. Den mest urovekkende saken g\u00e5r tilbake til 2025: om kvelden 30. august, under brannen, ble den livl\u00f8se kroppen til Vadim Kruglov, 37 \u00e5r gammel, funnet i en blodp\u00f8l. Drapet, et \u00e5r senere, er fortsatt en ul\u00f8st sak.<\/p>\n<\/p><\/div>\n","protected":false},"excerpt":{"rendered":"<p>Hvert \u00e5r, i slutten av august, samles titusenvis av mennesker i Nevada-\u00f8rkenen \u00e5 bygge fra<\/p>\n","protected":false},"author":1,"featured_media":21815,"comment_status":"closed","ping_status":"open","sticky":false,"template":"","format":"standard","meta":{"footnotes":""},"categories":[104],"tags":[282,2291,83,179,882,14269,297,283,14268],"class_list":["post-21814","post","type-post","status-publish","format-standard","has-post-thumbnail","hentry","category-samfunn","tag-dukket","tag-eiffeltarn","tag-fordi","tag-har","tag-midt","tag-nevadaorkenen","tag-odelagt","tag-opp","tag-tonns","generate-columns","tablet-grid-50","mobile-grid-100","grid-parent","grid-33","resize-featured-image"],"yoast_head":"<!-- This site is optimized with the Yoast SEO plugin v24.4 - https:\/\/yoast.com\/wordpress\/plugins\/seo\/ -->\n<title>Fordi et 29 tonns \u00f8delagt Eiffelt\u00e5rn har dukket opp midt i Nevada-\u00f8rkenen - Nordnesrepublikken<\/title>\n<meta name=\"robots\" content=\"index, follow, max-snippet:-1, max-image-preview:large, max-video-preview:-1\" \/>\n<link rel=\"canonical\" href=\"https:\/\/nordnesrepublikken.no\/index.php\/2026\/09\/05\/fordi-et-29-tonns-odelagt-eiffeltarn-har-dukket-opp-midt-i-nevada-orkenen\/\" \/>\n<meta property=\"og:locale\" content=\"nb_NO\" \/>\n<meta property=\"og:type\" content=\"article\" \/>\n<meta property=\"og:title\" content=\"Fordi et 29 tonns \u00f8delagt Eiffelt\u00e5rn har dukket opp midt i Nevada-\u00f8rkenen - Nordnesrepublikken\" \/>\n<meta property=\"og:description\" content=\"Hvert \u00e5r, i slutten av august, samles titusenvis av mennesker i Nevada-\u00f8rkenen \u00e5 bygge fra\" \/>\n<meta property=\"og:url\" content=\"https:\/\/nordnesrepublikken.no\/index.php\/2026\/09\/05\/fordi-et-29-tonns-odelagt-eiffeltarn-har-dukket-opp-midt-i-nevada-orkenen\/\" \/>\n<meta property=\"og:site_name\" content=\"Nordnesrepublikken\" \/>\n<meta property=\"article:published_time\" content=\"2026-09-05T09:02:49+00:00\" \/>\n<meta property=\"article:modified_time\" content=\"2026-09-05T09:02:51+00:00\" \/>\n<meta property=\"og:image\" content=\"https:\/\/nordnesrepublikken.no\/wp-content\/uploads\/2026\/09\/1788598970_Fordi-et-29-tonns-odelagt-Eiffeltarn-har-dukket-opp-midt.jpg\" \/>\n\t<meta property=\"og:image:width\" content=\"640\" \/>\n\t<meta property=\"og:image:height\" content=\"404\" \/>\n\t<meta property=\"og:image:type\" content=\"image\/jpeg\" \/>\n<meta name=\"author\" content=\"Ole Andersen\" \/>\n<meta name=\"twitter:card\" content=\"summary_large_image\" \/>\n<meta name=\"twitter:label1\" content=\"Skrevet av\" \/>\n\t<meta name=\"twitter:data1\" content=\"Ole Andersen\" \/>\n\t<meta name=\"twitter:label2\" content=\"Ansl. lesetid\" \/>\n\t<meta name=\"twitter:data2\" content=\"5 minutter\" \/>\n<script type=\"application\/ld+json\" class=\"yoast-schema-graph\">{\"@context\":\"https:\/\/schema.org\",\"@graph\":[{\"@type\":\"Article\",\"@id\":\"https:\/\/nordnesrepublikken.no\/index.php\/2026\/09\/05\/fordi-et-29-tonns-odelagt-eiffeltarn-har-dukket-opp-midt-i-nevada-orkenen\/#article\",\"isPartOf\":{\"@id\":\"https:\/\/nordnesrepublikken.no\/index.php\/2026\/09\/05\/fordi-et-29-tonns-odelagt-eiffeltarn-har-dukket-opp-midt-i-nevada-orkenen\/\"},\"author\":{\"name\":\"Ole Andersen\",\"@id\":\"https:\/\/nordnesrepublikken.no\/#\/schema\/person\/2e7e81935bab77882fffb79296240ff1\"},\"headline\":\"Fordi et 29 tonns \u00f8delagt Eiffelt\u00e5rn har dukket opp midt i Nevada-\u00f8rkenen\",\"datePublished\":\"2026-09-05T09:02:49+00:00\",\"dateModified\":\"2026-09-05T09:02:51+00:00\",\"mainEntityOfPage\":{\"@id\":\"https:\/\/nordnesrepublikken.no\/index.php\/2026\/09\/05\/fordi-et-29-tonns-odelagt-eiffeltarn-har-dukket-opp-midt-i-nevada-orkenen\/\"},\"wordCount\":1046,\"publisher\":{\"@id\":\"https:\/\/nordnesrepublikken.no\/#organization\"},\"image\":{\"@id\":\"https:\/\/nordnesrepublikken.no\/index.php\/2026\/09\/05\/fordi-et-29-tonns-odelagt-eiffeltarn-har-dukket-opp-midt-i-nevada-orkenen\/#primaryimage\"},\"thumbnailUrl\":\"https:\/\/nordnesrepublikken.no\/wp-content\/uploads\/2026\/09\/1788598970_Fordi-et-29-tonns-odelagt-Eiffeltarn-har-dukket-opp-midt.jpg\",\"keywords\":[\"dukket\",\"eiffelt\u00e5rn\",\"Fordi\",\"har\",\"midt\",\"Nevada\u00f8rkenen\",\"\u00f8delagt\",\"opp\",\"tonns\"],\"articleSection\":[\"Samfunn\"],\"inLanguage\":\"nb-NO\"},{\"@type\":\"WebPage\",\"@id\":\"https:\/\/nordnesrepublikken.no\/index.php\/2026\/09\/05\/fordi-et-29-tonns-odelagt-eiffeltarn-har-dukket-opp-midt-i-nevada-orkenen\/\",\"url\":\"https:\/\/nordnesrepublikken.no\/index.php\/2026\/09\/05\/fordi-et-29-tonns-odelagt-eiffeltarn-har-dukket-opp-midt-i-nevada-orkenen\/\",\"name\":\"Fordi et 29 tonns \u00f8delagt Eiffelt\u00e5rn har dukket opp midt i Nevada-\u00f8rkenen - Nordnesrepublikken\",\"isPartOf\":{\"@id\":\"https:\/\/nordnesrepublikken.no\/#website\"},\"primaryImageOfPage\":{\"@id\":\"https:\/\/nordnesrepublikken.no\/index.php\/2026\/09\/05\/fordi-et-29-tonns-odelagt-eiffeltarn-har-dukket-opp-midt-i-nevada-orkenen\/#primaryimage\"},\"image\":{\"@id\":\"https:\/\/nordnesrepublikken.no\/index.php\/2026\/09\/05\/fordi-et-29-tonns-odelagt-eiffeltarn-har-dukket-opp-midt-i-nevada-orkenen\/#primaryimage\"},\"thumbnailUrl\":\"https:\/\/nordnesrepublikken.no\/wp-content\/uploads\/2026\/09\/1788598970_Fordi-et-29-tonns-odelagt-Eiffeltarn-har-dukket-opp-midt.jpg\",\"datePublished\":\"2026-09-05T09:02:49+00:00\",\"dateModified\":\"2026-09-05T09:02:51+00:00\",\"breadcrumb\":{\"@id\":\"https:\/\/nordnesrepublikken.no\/index.php\/2026\/09\/05\/fordi-et-29-tonns-odelagt-eiffeltarn-har-dukket-opp-midt-i-nevada-orkenen\/#breadcrumb\"},\"inLanguage\":\"nb-NO\",\"potentialAction\":[{\"@type\":\"ReadAction\",\"target\":[\"https:\/\/nordnesrepublikken.no\/index.php\/2026\/09\/05\/fordi-et-29-tonns-odelagt-eiffeltarn-har-dukket-opp-midt-i-nevada-orkenen\/\"]}]},{\"@type\":\"ImageObject\",\"inLanguage\":\"nb-NO\",\"@id\":\"https:\/\/nordnesrepublikken.no\/index.php\/2026\/09\/05\/fordi-et-29-tonns-odelagt-eiffeltarn-har-dukket-opp-midt-i-nevada-orkenen\/#primaryimage\",\"url\":\"https:\/\/nordnesrepublikken.no\/wp-content\/uploads\/2026\/09\/1788598970_Fordi-et-29-tonns-odelagt-Eiffeltarn-har-dukket-opp-midt.jpg\",\"contentUrl\":\"https:\/\/nordnesrepublikken.no\/wp-content\/uploads\/2026\/09\/1788598970_Fordi-et-29-tonns-odelagt-Eiffeltarn-har-dukket-opp-midt.jpg\",\"width\":640,\"height\":404,\"caption\":\"Fordi et 29 tonns \u00f8delagt Eiffelt\u00e5rn har dukket opp midt i Nevada-\u00f8rkenen\"},{\"@type\":\"BreadcrumbList\",\"@id\":\"https:\/\/nordnesrepublikken.no\/index.php\/2026\/09\/05\/fordi-et-29-tonns-odelagt-eiffeltarn-har-dukket-opp-midt-i-nevada-orkenen\/#breadcrumb\",\"itemListElement\":[{\"@type\":\"ListItem\",\"position\":1,\"name\":\"Home\",\"item\":\"https:\/\/nordnesrepublikken.no\/\"},{\"@type\":\"ListItem\",\"position\":2,\"name\":\"Fordi et 29 tonns \u00f8delagt Eiffelt\u00e5rn har dukket opp midt i Nevada-\u00f8rkenen\"}]},{\"@type\":\"WebSite\",\"@id\":\"https:\/\/nordnesrepublikken.no\/#website\",\"url\":\"https:\/\/nordnesrepublikken.no\/\",\"name\":\"Nordnesrepublikken\",\"description\":\"Stemmer og Visjoner fra Republikkens Hjerte\",\"publisher\":{\"@id\":\"https:\/\/nordnesrepublikken.no\/#organization\"},\"potentialAction\":[{\"@type\":\"SearchAction\",\"target\":{\"@type\":\"EntryPoint\",\"urlTemplate\":\"https:\/\/nordnesrepublikken.no\/?s={search_term_string}\"},\"query-input\":{\"@type\":\"PropertyValueSpecification\",\"valueRequired\":true,\"valueName\":\"search_term_string\"}}],\"inLanguage\":\"nb-NO\"},{\"@type\":\"Organization\",\"@id\":\"https:\/\/nordnesrepublikken.no\/#organization\",\"name\":\"Nordnesrepublikken\",\"url\":\"https:\/\/nordnesrepublikken.no\/\",\"logo\":{\"@type\":\"ImageObject\",\"inLanguage\":\"nb-NO\",\"@id\":\"https:\/\/nordnesrepublikken.no\/#\/schema\/logo\/image\/\",\"url\":\"https:\/\/nordnesrepublikken.no\/wp-content\/uploads\/2025\/02\/cropped-nordnesrepublikken-2.png\",\"contentUrl\":\"https:\/\/nordnesrepublikken.no\/wp-content\/uploads\/2025\/02\/cropped-nordnesrepublikken-2.png\",\"width\":1248,\"height\":362,\"caption\":\"Nordnesrepublikken\"},\"image\":{\"@id\":\"https:\/\/nordnesrepublikken.no\/#\/schema\/logo\/image\/\"}},{\"@type\":\"Person\",\"@id\":\"https:\/\/nordnesrepublikken.no\/#\/schema\/person\/2e7e81935bab77882fffb79296240ff1\",\"name\":\"Ole Andersen\",\"image\":{\"@type\":\"ImageObject\",\"inLanguage\":\"nb-NO\",\"@id\":\"https:\/\/nordnesrepublikken.no\/#\/schema\/person\/image\/\",\"url\":\"https:\/\/nordnesrepublikken.no\/wp-content\/uploads\/2025\/02\/nordnesrepublikken-2-2-150x150.jpg\",\"contentUrl\":\"https:\/\/nordnesrepublikken.no\/wp-content\/uploads\/2025\/02\/nordnesrepublikken-2-2-150x150.jpg\",\"caption\":\"Ole Andersen\"},\"description\":\"Ettersom jeg vokste opp i Oslo, har jeg alltid v\u00e6rt fascinert av ordenes kraft og deres evne til \u00e5 skape endringer. Etter \u00e5 ha fullf\u00f8rt min utdannelse i kommunikasjon ved Universitetet i Bergen, fikk jeg muligheten til \u00e5 jobbe innen ulike medier, der jeg har s\u00f8kt \u00e5 belyse viktige samfunnssp\u00f8rsm\u00e5l. I dag, som redakt\u00f8r for Nordnesrepublikken, pr\u00f8ver jeg \u00e5 forene min kj\u00e6rlighet for journalistikk med min lidenskap for innovasjon og eventyr.\",\"sameAs\":[\"https:\/\/nordnesrepublikken.no\/\"]}]}<\/script>\n<!-- \/ Yoast SEO plugin. -->","yoast_head_json":{"title":"Fordi et 29 tonns \u00f8delagt Eiffelt\u00e5rn har dukket opp midt i Nevada-\u00f8rkenen - Nordnesrepublikken","robots":{"index":"index","follow":"follow","max-snippet":"max-snippet:-1","max-image-preview":"max-image-preview:large","max-video-preview":"max-video-preview:-1"},"canonical":"https:\/\/nordnesrepublikken.no\/index.php\/2026\/09\/05\/fordi-et-29-tonns-odelagt-eiffeltarn-har-dukket-opp-midt-i-nevada-orkenen\/","og_locale":"nb_NO","og_type":"article","og_title":"Fordi et 29 tonns \u00f8delagt Eiffelt\u00e5rn har dukket opp midt i Nevada-\u00f8rkenen - Nordnesrepublikken","og_description":"Hvert \u00e5r, i slutten av august, samles titusenvis av mennesker i Nevada-\u00f8rkenen \u00e5 bygge fra","og_url":"https:\/\/nordnesrepublikken.no\/index.php\/2026\/09\/05\/fordi-et-29-tonns-odelagt-eiffeltarn-har-dukket-opp-midt-i-nevada-orkenen\/","og_site_name":"Nordnesrepublikken","article_published_time":"2026-09-05T09:02:49+00:00","article_modified_time":"2026-09-05T09:02:51+00:00","og_image":[{"width":640,"height":404,"url":"https:\/\/nordnesrepublikken.no\/wp-content\/uploads\/2026\/09\/1788598970_Fordi-et-29-tonns-odelagt-Eiffeltarn-har-dukket-opp-midt.jpg","type":"image\/jpeg"}],"author":"Ole Andersen","twitter_card":"summary_large_image","twitter_misc":{"Skrevet av":"Ole Andersen","Ansl. lesetid":"5 minutter"},"schema":{"@context":"https:\/\/schema.org","@graph":[{"@type":"Article","@id":"https:\/\/nordnesrepublikken.no\/index.php\/2026\/09\/05\/fordi-et-29-tonns-odelagt-eiffeltarn-har-dukket-opp-midt-i-nevada-orkenen\/#article","isPartOf":{"@id":"https:\/\/nordnesrepublikken.no\/index.php\/2026\/09\/05\/fordi-et-29-tonns-odelagt-eiffeltarn-har-dukket-opp-midt-i-nevada-orkenen\/"},"author":{"name":"Ole Andersen","@id":"https:\/\/nordnesrepublikken.no\/#\/schema\/person\/2e7e81935bab77882fffb79296240ff1"},"headline":"Fordi et 29 tonns \u00f8delagt Eiffelt\u00e5rn har dukket opp midt i Nevada-\u00f8rkenen","datePublished":"2026-09-05T09:02:49+00:00","dateModified":"2026-09-05T09:02:51+00:00","mainEntityOfPage":{"@id":"https:\/\/nordnesrepublikken.no\/index.php\/2026\/09\/05\/fordi-et-29-tonns-odelagt-eiffeltarn-har-dukket-opp-midt-i-nevada-orkenen\/"},"wordCount":1046,"publisher":{"@id":"https:\/\/nordnesrepublikken.no\/#organization"},"image":{"@id":"https:\/\/nordnesrepublikken.no\/index.php\/2026\/09\/05\/fordi-et-29-tonns-odelagt-eiffeltarn-har-dukket-opp-midt-i-nevada-orkenen\/#primaryimage"},"thumbnailUrl":"https:\/\/nordnesrepublikken.no\/wp-content\/uploads\/2026\/09\/1788598970_Fordi-et-29-tonns-odelagt-Eiffeltarn-har-dukket-opp-midt.jpg","keywords":["dukket","eiffelt\u00e5rn","Fordi","har","midt","Nevada\u00f8rkenen","\u00f8delagt","opp","tonns"],"articleSection":["Samfunn"],"inLanguage":"nb-NO"},{"@type":"WebPage","@id":"https:\/\/nordnesrepublikken.no\/index.php\/2026\/09\/05\/fordi-et-29-tonns-odelagt-eiffeltarn-har-dukket-opp-midt-i-nevada-orkenen\/","url":"https:\/\/nordnesrepublikken.no\/index.php\/2026\/09\/05\/fordi-et-29-tonns-odelagt-eiffeltarn-har-dukket-opp-midt-i-nevada-orkenen\/","name":"Fordi et 29 tonns \u00f8delagt Eiffelt\u00e5rn har dukket opp midt i Nevada-\u00f8rkenen - Nordnesrepublikken","isPartOf":{"@id":"https:\/\/nordnesrepublikken.no\/#website"},"primaryImageOfPage":{"@id":"https:\/\/nordnesrepublikken.no\/index.php\/2026\/09\/05\/fordi-et-29-tonns-odelagt-eiffeltarn-har-dukket-opp-midt-i-nevada-orkenen\/#primaryimage"},"image":{"@id":"https:\/\/nordnesrepublikken.no\/index.php\/2026\/09\/05\/fordi-et-29-tonns-odelagt-eiffeltarn-har-dukket-opp-midt-i-nevada-orkenen\/#primaryimage"},"thumbnailUrl":"https:\/\/nordnesrepublikken.no\/wp-content\/uploads\/2026\/09\/1788598970_Fordi-et-29-tonns-odelagt-Eiffeltarn-har-dukket-opp-midt.jpg","datePublished":"2026-09-05T09:02:49+00:00","dateModified":"2026-09-05T09:02:51+00:00","breadcrumb":{"@id":"https:\/\/nordnesrepublikken.no\/index.php\/2026\/09\/05\/fordi-et-29-tonns-odelagt-eiffeltarn-har-dukket-opp-midt-i-nevada-orkenen\/#breadcrumb"},"inLanguage":"nb-NO","potentialAction":[{"@type":"ReadAction","target":["https:\/\/nordnesrepublikken.no\/index.php\/2026\/09\/05\/fordi-et-29-tonns-odelagt-eiffeltarn-har-dukket-opp-midt-i-nevada-orkenen\/"]}]},{"@type":"ImageObject","inLanguage":"nb-NO","@id":"https:\/\/nordnesrepublikken.no\/index.php\/2026\/09\/05\/fordi-et-29-tonns-odelagt-eiffeltarn-har-dukket-opp-midt-i-nevada-orkenen\/#primaryimage","url":"https:\/\/nordnesrepublikken.no\/wp-content\/uploads\/2026\/09\/1788598970_Fordi-et-29-tonns-odelagt-Eiffeltarn-har-dukket-opp-midt.jpg","contentUrl":"https:\/\/nordnesrepublikken.no\/wp-content\/uploads\/2026\/09\/1788598970_Fordi-et-29-tonns-odelagt-Eiffeltarn-har-dukket-opp-midt.jpg","width":640,"height":404,"caption":"Fordi et 29 tonns \u00f8delagt Eiffelt\u00e5rn har dukket opp midt i Nevada-\u00f8rkenen"},{"@type":"BreadcrumbList","@id":"https:\/\/nordnesrepublikken.no\/index.php\/2026\/09\/05\/fordi-et-29-tonns-odelagt-eiffeltarn-har-dukket-opp-midt-i-nevada-orkenen\/#breadcrumb","itemListElement":[{"@type":"ListItem","position":1,"name":"Home","item":"https:\/\/nordnesrepublikken.no\/"},{"@type":"ListItem","position":2,"name":"Fordi et 29 tonns \u00f8delagt Eiffelt\u00e5rn har dukket opp midt i Nevada-\u00f8rkenen"}]},{"@type":"WebSite","@id":"https:\/\/nordnesrepublikken.no\/#website","url":"https:\/\/nordnesrepublikken.no\/","name":"Nordnesrepublikken","description":"Stemmer og Visjoner fra Republikkens Hjerte","publisher":{"@id":"https:\/\/nordnesrepublikken.no\/#organization"},"potentialAction":[{"@type":"SearchAction","target":{"@type":"EntryPoint","urlTemplate":"https:\/\/nordnesrepublikken.no\/?s={search_term_string}"},"query-input":{"@type":"PropertyValueSpecification","valueRequired":true,"valueName":"search_term_string"}}],"inLanguage":"nb-NO"},{"@type":"Organization","@id":"https:\/\/nordnesrepublikken.no\/#organization","name":"Nordnesrepublikken","url":"https:\/\/nordnesrepublikken.no\/","logo":{"@type":"ImageObject","inLanguage":"nb-NO","@id":"https:\/\/nordnesrepublikken.no\/#\/schema\/logo\/image\/","url":"https:\/\/nordnesrepublikken.no\/wp-content\/uploads\/2025\/02\/cropped-nordnesrepublikken-2.png","contentUrl":"https:\/\/nordnesrepublikken.no\/wp-content\/uploads\/2025\/02\/cropped-nordnesrepublikken-2.png","width":1248,"height":362,"caption":"Nordnesrepublikken"},"image":{"@id":"https:\/\/nordnesrepublikken.no\/#\/schema\/logo\/image\/"}},{"@type":"Person","@id":"https:\/\/nordnesrepublikken.no\/#\/schema\/person\/2e7e81935bab77882fffb79296240ff1","name":"Ole Andersen","image":{"@type":"ImageObject","inLanguage":"nb-NO","@id":"https:\/\/nordnesrepublikken.no\/#\/schema\/person\/image\/","url":"https:\/\/nordnesrepublikken.no\/wp-content\/uploads\/2025\/02\/nordnesrepublikken-2-2-150x150.jpg","contentUrl":"https:\/\/nordnesrepublikken.no\/wp-content\/uploads\/2025\/02\/nordnesrepublikken-2-2-150x150.jpg","caption":"Ole Andersen"},"description":"Ettersom jeg vokste opp i Oslo, har jeg alltid v\u00e6rt fascinert av ordenes kraft og deres evne til \u00e5 skape endringer. Etter \u00e5 ha fullf\u00f8rt min utdannelse i kommunikasjon ved Universitetet i Bergen, fikk jeg muligheten til \u00e5 jobbe innen ulike medier, der jeg har s\u00f8kt \u00e5 belyse viktige samfunnssp\u00f8rsm\u00e5l. I dag, som redakt\u00f8r for Nordnesrepublikken, pr\u00f8ver jeg \u00e5 forene min kj\u00e6rlighet for journalistikk med min lidenskap for innovasjon og eventyr.","sameAs":["https:\/\/nordnesrepublikken.no\/"]}]}},"_links":{"self":[{"href":"https:\/\/nordnesrepublikken.no\/index.php\/wp-json\/wp\/v2\/posts\/21814","targetHints":{"allow":["GET"]}}],"collection":[{"href":"https:\/\/nordnesrepublikken.no\/index.php\/wp-json\/wp\/v2\/posts"}],"about":[{"href":"https:\/\/nordnesrepublikken.no\/index.php\/wp-json\/wp\/v2\/types\/post"}],"author":[{"embeddable":true,"href":"https:\/\/nordnesrepublikken.no\/index.php\/wp-json\/wp\/v2\/users\/1"}],"replies":[{"embeddable":true,"href":"https:\/\/nordnesrepublikken.no\/index.php\/wp-json\/wp\/v2\/comments?post=21814"}],"version-history":[{"count":1,"href":"https:\/\/nordnesrepublikken.no\/index.php\/wp-json\/wp\/v2\/posts\/21814\/revisions"}],"predecessor-version":[{"id":21816,"href":"https:\/\/nordnesrepublikken.no\/index.php\/wp-json\/wp\/v2\/posts\/21814\/revisions\/21816"}],"wp:featuredmedia":[{"embeddable":true,"href":"https:\/\/nordnesrepublikken.no\/index.php\/wp-json\/wp\/v2\/media\/21815"}],"wp:attachment":[{"href":"https:\/\/nordnesrepublikken.no\/index.php\/wp-json\/wp\/v2\/media?parent=21814"}],"wp:term":[{"taxonomy":"category","embeddable":true,"href":"https:\/\/nordnesrepublikken.no\/index.php\/wp-json\/wp\/v2\/categories?post=21814"},{"taxonomy":"post_tag","embeddable":true,"href":"https:\/\/nordnesrepublikken.no\/index.php\/wp-json\/wp\/v2\/tags?post=21814"}],"curies":[{"name":"wp","href":"https:\/\/api.w.org\/{rel}","templated":true}]}}