{"id":21799,"date":"2026-09-04T18:03:07","date_gmt":"2026-09-04T16:03:07","guid":{"rendered":"https:\/\/nordnesrepublikken.no\/index.php\/2026\/09\/04\/hvorfor-er-det-3-orkaner-sammen-i-stillehavet-pa-grunn-av-el-nino-lowell-karina-og-marie-mot-hawaii\/"},"modified":"2026-09-04T18:03:11","modified_gmt":"2026-09-04T16:03:11","slug":"hvorfor-er-det-3-orkaner-sammen-i-stillehavet-pa-grunn-av-el-nino-lowell-karina-og-marie-mot-hawaii","status":"publish","type":"post","link":"https:\/\/nordnesrepublikken.no\/index.php\/2026\/09\/04\/hvorfor-er-det-3-orkaner-sammen-i-stillehavet-pa-grunn-av-el-nino-lowell-karina-og-marie-mot-hawaii\/","title":{"rendered":"Hvorfor er det 3 orkaner sammen i Stillehavet p\u00e5 grunn av El Ni\u00f1o: Lowell, Karina og Marie mot Hawaii"},"content":{"rendered":"<div>\n<div class=\"cp_wrapper cp_wrapper--fw mb-30 mb-20@tablet\">\n<figure class=\"mm\"><picture class=\"img\" style=\"padding-top:56.25%\"><source  media=\"(min-width: 1024px)\"><source  media=\"(min-width: 768px)\"><\/source><\/source><\/picture><\/figure>\n<\/p><\/div>\n<p><strong>T<\/strong><b>konge orkaner <\/b>jeg er<b> aktiv samtidig<\/b> i hjertet av<strong>Stillehavet<\/strong>der naturen setter opp et show like fascinerende som det er urovekkende: omd\u00f8pt til Lowell, Karina og Marie, g\u00e5r de n\u00e5 mot <strong>Hawaii<\/strong>.<\/p>\n<p>Dette er en ekstraordin\u00e6r synkronhendelse som ikke ble registrert <b>i over ti \u00e5r<\/b>. Faktisk g\u00e5r den siste presedensen tilbake til <b>2015<\/b>et \u00e5r som ikke sammenfaller tilfeldig med en av <b>Super El Ni\u00f1o<\/b> mektigste noensinne dokumentert i nyere historie, da hovedpersonene var Kilo, Ignacio og Jimena som alle tre n\u00e5dde kategori 4.<\/p>\n<p>Denne tilfeldigheten er ikke en enkel tilfeldighet, men den aller f\u00f8rste og h\u00e5ndgripelige <b>empirisk bekreftelse<\/b> at den nye syklusen av <b>El Ni\u00f1o<\/b> Det g\u00e5r inn i sin fase <strong>mer aggressiv<\/strong>begynner \u00e5 slippe ut den enorme mengden energi som er akkumulert i tropiske farvann til atmosf\u00e6ren.<\/p>\n<h2>Banene til Lowell, Karina og Marie: sanntidskartet<\/h2>\n<p>De tre orkanene som fyller Stillehavet har f\u00e5tt navn <b>Lowell, Karina og Marie<\/b>. De beveger seg i serie langs de \u00f8st-sentrale Stillehavsrutene, og f\u00f8lger en bane som tar dem til <b>peker \u00e5pent mot den hawaiiske skj\u00e6rg\u00e5rden<\/b>. Ruten deres kan f\u00f8lges i sanntid p\u00e5 nettsiden <em>Central Pacific Hurricane Center<\/em> av NOAA (det amerikanske byr\u00e5et som studerer klima, atmosf\u00e6re og hav), tilgjengelig p\u00e5 denne lenken. Mer spesifikt:<\/p>\n<ul>\n<li><b>Orkanen Lowell:<\/b> det er den n\u00e6rmeste og mest truende til skj\u00e6rg\u00e5rden. Det har n\u00e5dd den skremmende kraften til <b>Kategori 5<\/b>med vind rundt <b>250 km\/t<\/b>. Ligger noen hundre kilometer s\u00f8r for Hawaii, paraderer den heldigvis uten \u00e5 ber\u00f8re bakken direkte. Den enorme st\u00f8rrelsen reiser imidlertid det stygge hodet <b>b\u00f8lger over 4-5 meter h\u00f8ye<\/b> p\u00e5 kystene som vender mot s\u00f8r, for\u00e5rsaker sterke stormer og sv\u00e6rt farlige ripstr\u00f8mmer.<\/li>\n<\/ul>\n<div class=\"cp_wrapper cp_wrapper--fw mb-50\">\n<figure class=\"mm\"><picture class=\"img\" style=\"padding-top:82.051282051282%\"><source  media=\"(min-width: 1024px)\"><source  media=\"(min-width: 768px)\"><img decoding=\"async\" loading=\"lazy\" src=\"https:\/\/nordnesrepublikken.no\/wp-content\/uploads\/2026\/09\/1788537787_785_Hvorfor-er-det-3-orkaner-sammen-i-Stillehavet-pa-grunn.jpg\" alt=\"Bilde\" width=\"897\" height=\"736\"\/><\/source><\/source><\/picture><\/figure>\n<\/p><\/div>\n<ul>\n<li><b>Orkan <\/b><b>Karina:<\/b> det styrket seg opp til <b>Kategori 4<\/b>bringe tjue til <b>230 km\/t<\/b> midt i havet. Den reiser vest-nordvest og presser massive stormflo mot kysten av <strong>Mexico og California<\/strong>.<\/li>\n<\/ul>\n<div class=\"cp_wrapper cp_wrapper--fw mb-50\">\n<figure class=\"mm\"><picture class=\"img\" style=\"padding-top:82.051282051282%\"><source  media=\"(min-width: 1024px)\"><source  media=\"(min-width: 768px)\"><img decoding=\"async\" loading=\"lazy\" src=\"https:\/\/nordnesrepublikken.no\/wp-content\/uploads\/2026\/09\/1788537787_716_Hvorfor-er-det-3-orkaner-sammen-i-Stillehavet-pa-grunn.jpg\" alt=\"Bilde\" width=\"897\" height=\"736\" class=\"js-seedtag-img\"\/><\/source><\/source><\/picture><\/figure>\n<\/p><\/div>\n<ul>\n<li><b>Orkanen Marie:<\/b> Han er den yngste av trioen. Startet som en enkel storm, vokste den raskt til en kategori 2-orkan med vind som oversteg <b>130 km\/t<\/b>beveger seg oppover den meksikanske kysten og bringer kraftig regn p\u00e5 vei mot <strong>S\u00f8rvestlige USA<\/strong>.<\/li>\n<\/ul>\n<div class=\"cp_wrapper cp_wrapper--fw mb-50\">\n<figure class=\"mm\"><picture class=\"img\" style=\"padding-top:82.051282051282%\"><source  media=\"(min-width: 1024px)\"><source  media=\"(min-width: 768px)\"><img decoding=\"async\" loading=\"lazy\" src=\"https:\/\/nordnesrepublikken.no\/wp-content\/uploads\/2026\/09\/1788537787_230_Hvorfor-er-det-3-orkaner-sammen-i-Stillehavet-pa-grunn.jpg\" alt=\"Bilde\" width=\"897\" height=\"736\"\/><\/source><\/source><\/picture><\/figure>\n<\/p><\/div>\n<h2>Forbindelsen mellom de tre orkanene i Stillehavet til El Ni\u00f1o: hvorfor eksploderte havet?<\/h2>\n<p>Fra et atmosf\u00e6risk fysikkperspektiv krever samtidig dannelse av tre sykloner av denne st\u00f8rrelsesorden to n\u00f8kkelingredienser: <b>overflatevann over 28-29\u00b0C<\/b> og a <b>lav vindskj\u00e6ring<\/b> (dvs <strong>liten variasjon i vind<\/strong> i forskjellige h\u00f8yder, som ellers ville bryte virvlene).<\/p>\n<p>Dette er akkurat &laquo;meltagunen&raquo; lastet av <b>El Ni\u00f1o<\/b>. Ved \u00e5 modifisere den ekvatoriale atmosf\u00e6riske sirkulasjonen, for\u00e5rsaker fenomenet en <b>sterk oppvarming av stillehavsvann<\/b> og bryter ned vindskj\u00e6ring, og skaper det ideelle terrenget for f\u00f8dselen av kontinuerlige sykloner. Sammenlignet med hendelsen i 2015, er den grunnleggende forskjellen i dag at denne El Ni\u00f1o er podet p\u00e5 en global havtemperatur som allerede er p\u00e5 historiske h\u00f8yder p\u00e5 grunn av <b>menneskeskapt oppvarming<\/b>gir atmosf\u00e6ren en grensel\u00f8s tilf\u00f8rsel av potensiell energi.<\/p>\n<\/p><\/div>\n","protected":false},"excerpt":{"rendered":"<p>Tkonge orkaner jeg er aktiv samtidig i hjertet avStillehavetder naturen setter opp et show like<\/p>\n","protected":false},"author":1,"featured_media":21800,"comment_status":"closed","ping_status":"open","sticky":false,"template":"","format":"standard","meta":{"footnotes":""},"categories":[26],"tags":[66,576,4496,101,14258,14257,6121,152,12332,14256,81,301,191],"class_list":["post-21799","post","type-post","status-publish","format-standard","has-post-thumbnail","hentry","category-miljo","tag-det","tag-grunn","tag-hawaii","tag-hvorfor","tag-karina","tag-lowell","tag-marie","tag-mot","tag-nino","tag-orkaner","tag-pa","tag-sammen","tag-stillehavet","generate-columns","tablet-grid-50","mobile-grid-100","grid-parent","grid-33","resize-featured-image"],"yoast_head":"<!-- This site is optimized with the Yoast SEO plugin v24.4 - https:\/\/yoast.com\/wordpress\/plugins\/seo\/ -->\n<title>Hvorfor er det 3 orkaner sammen i Stillehavet p\u00e5 grunn av El Ni\u00f1o: Lowell, Karina og Marie mot Hawaii - Nordnesrepublikken<\/title>\n<meta name=\"robots\" content=\"index, follow, max-snippet:-1, max-image-preview:large, max-video-preview:-1\" \/>\n<link rel=\"canonical\" href=\"https:\/\/nordnesrepublikken.no\/index.php\/2026\/09\/04\/hvorfor-er-det-3-orkaner-sammen-i-stillehavet-pa-grunn-av-el-nino-lowell-karina-og-marie-mot-hawaii\/\" \/>\n<meta property=\"og:locale\" content=\"nb_NO\" \/>\n<meta property=\"og:type\" content=\"article\" \/>\n<meta property=\"og:title\" content=\"Hvorfor er det 3 orkaner sammen i Stillehavet p\u00e5 grunn av El Ni\u00f1o: Lowell, Karina og Marie mot Hawaii - Nordnesrepublikken\" \/>\n<meta property=\"og:description\" content=\"Tkonge orkaner jeg er aktiv samtidig i hjertet avStillehavetder naturen setter opp et show like\" \/>\n<meta property=\"og:url\" content=\"https:\/\/nordnesrepublikken.no\/index.php\/2026\/09\/04\/hvorfor-er-det-3-orkaner-sammen-i-stillehavet-pa-grunn-av-el-nino-lowell-karina-og-marie-mot-hawaii\/\" \/>\n<meta property=\"og:site_name\" content=\"Nordnesrepublikken\" \/>\n<meta property=\"article:published_time\" content=\"2026-09-04T16:03:07+00:00\" \/>\n<meta property=\"article:modified_time\" content=\"2026-09-04T16:03:11+00:00\" \/>\n<meta property=\"og:image\" content=\"https:\/\/nordnesrepublikken.no\/wp-content\/uploads\/2026\/09\/1788537789_Hvorfor-er-det-3-orkaner-sammen-i-Stillehavet-pa-grunn.jpg\" \/>\n\t<meta property=\"og:image:width\" content=\"2387\" \/>\n\t<meta property=\"og:image:height\" content=\"1371\" \/>\n\t<meta property=\"og:image:type\" content=\"image\/jpeg\" \/>\n<meta name=\"author\" content=\"Ole Andersen\" \/>\n<meta name=\"twitter:card\" content=\"summary_large_image\" \/>\n<meta name=\"twitter:label1\" content=\"Skrevet av\" \/>\n\t<meta name=\"twitter:data1\" content=\"Ole Andersen\" \/>\n\t<meta name=\"twitter:label2\" content=\"Ansl. lesetid\" \/>\n\t<meta name=\"twitter:data2\" content=\"3 minutter\" \/>\n<script type=\"application\/ld+json\" class=\"yoast-schema-graph\">{\"@context\":\"https:\/\/schema.org\",\"@graph\":[{\"@type\":\"Article\",\"@id\":\"https:\/\/nordnesrepublikken.no\/index.php\/2026\/09\/04\/hvorfor-er-det-3-orkaner-sammen-i-stillehavet-pa-grunn-av-el-nino-lowell-karina-og-marie-mot-hawaii\/#article\",\"isPartOf\":{\"@id\":\"https:\/\/nordnesrepublikken.no\/index.php\/2026\/09\/04\/hvorfor-er-det-3-orkaner-sammen-i-stillehavet-pa-grunn-av-el-nino-lowell-karina-og-marie-mot-hawaii\/\"},\"author\":{\"name\":\"Ole Andersen\",\"@id\":\"https:\/\/nordnesrepublikken.no\/#\/schema\/person\/2e7e81935bab77882fffb79296240ff1\"},\"headline\":\"Hvorfor er det 3 orkaner sammen i Stillehavet p\u00e5 grunn av El Ni\u00f1o: Lowell, Karina og Marie mot Hawaii\",\"datePublished\":\"2026-09-04T16:03:07+00:00\",\"dateModified\":\"2026-09-04T16:03:11+00:00\",\"mainEntityOfPage\":{\"@id\":\"https:\/\/nordnesrepublikken.no\/index.php\/2026\/09\/04\/hvorfor-er-det-3-orkaner-sammen-i-stillehavet-pa-grunn-av-el-nino-lowell-karina-og-marie-mot-hawaii\/\"},\"wordCount\":520,\"publisher\":{\"@id\":\"https:\/\/nordnesrepublikken.no\/#organization\"},\"image\":{\"@id\":\"https:\/\/nordnesrepublikken.no\/index.php\/2026\/09\/04\/hvorfor-er-det-3-orkaner-sammen-i-stillehavet-pa-grunn-av-el-nino-lowell-karina-og-marie-mot-hawaii\/#primaryimage\"},\"thumbnailUrl\":\"https:\/\/nordnesrepublikken.no\/wp-content\/uploads\/2026\/09\/1788537789_Hvorfor-er-det-3-orkaner-sammen-i-Stillehavet-pa-grunn.jpg\",\"keywords\":[\"Det\",\"grunn\",\"Hawaii\",\"hvorfor\",\"Karina\",\"Lowell\",\"Marie\",\"mot\",\"Ni\u00f1o\",\"orkaner\",\"p\u00e5\",\"sammen\",\"Stillehavet\"],\"articleSection\":[\"Milj\u00f8\"],\"inLanguage\":\"nb-NO\"},{\"@type\":\"WebPage\",\"@id\":\"https:\/\/nordnesrepublikken.no\/index.php\/2026\/09\/04\/hvorfor-er-det-3-orkaner-sammen-i-stillehavet-pa-grunn-av-el-nino-lowell-karina-og-marie-mot-hawaii\/\",\"url\":\"https:\/\/nordnesrepublikken.no\/index.php\/2026\/09\/04\/hvorfor-er-det-3-orkaner-sammen-i-stillehavet-pa-grunn-av-el-nino-lowell-karina-og-marie-mot-hawaii\/\",\"name\":\"Hvorfor er det 3 orkaner sammen i Stillehavet p\u00e5 grunn av El Ni\u00f1o: Lowell, Karina og Marie mot Hawaii - Nordnesrepublikken\",\"isPartOf\":{\"@id\":\"https:\/\/nordnesrepublikken.no\/#website\"},\"primaryImageOfPage\":{\"@id\":\"https:\/\/nordnesrepublikken.no\/index.php\/2026\/09\/04\/hvorfor-er-det-3-orkaner-sammen-i-stillehavet-pa-grunn-av-el-nino-lowell-karina-og-marie-mot-hawaii\/#primaryimage\"},\"image\":{\"@id\":\"https:\/\/nordnesrepublikken.no\/index.php\/2026\/09\/04\/hvorfor-er-det-3-orkaner-sammen-i-stillehavet-pa-grunn-av-el-nino-lowell-karina-og-marie-mot-hawaii\/#primaryimage\"},\"thumbnailUrl\":\"https:\/\/nordnesrepublikken.no\/wp-content\/uploads\/2026\/09\/1788537789_Hvorfor-er-det-3-orkaner-sammen-i-Stillehavet-pa-grunn.jpg\",\"datePublished\":\"2026-09-04T16:03:07+00:00\",\"dateModified\":\"2026-09-04T16:03:11+00:00\",\"breadcrumb\":{\"@id\":\"https:\/\/nordnesrepublikken.no\/index.php\/2026\/09\/04\/hvorfor-er-det-3-orkaner-sammen-i-stillehavet-pa-grunn-av-el-nino-lowell-karina-og-marie-mot-hawaii\/#breadcrumb\"},\"inLanguage\":\"nb-NO\",\"potentialAction\":[{\"@type\":\"ReadAction\",\"target\":[\"https:\/\/nordnesrepublikken.no\/index.php\/2026\/09\/04\/hvorfor-er-det-3-orkaner-sammen-i-stillehavet-pa-grunn-av-el-nino-lowell-karina-og-marie-mot-hawaii\/\"]}]},{\"@type\":\"ImageObject\",\"inLanguage\":\"nb-NO\",\"@id\":\"https:\/\/nordnesrepublikken.no\/index.php\/2026\/09\/04\/hvorfor-er-det-3-orkaner-sammen-i-stillehavet-pa-grunn-av-el-nino-lowell-karina-og-marie-mot-hawaii\/#primaryimage\",\"url\":\"https:\/\/nordnesrepublikken.no\/wp-content\/uploads\/2026\/09\/1788537789_Hvorfor-er-det-3-orkaner-sammen-i-Stillehavet-pa-grunn.jpg\",\"contentUrl\":\"https:\/\/nordnesrepublikken.no\/wp-content\/uploads\/2026\/09\/1788537789_Hvorfor-er-det-3-orkaner-sammen-i-Stillehavet-pa-grunn.jpg\",\"width\":2387,\"height\":1371,\"caption\":\"Hvorfor er det 3 orkaner sammen i Stillehavet p\u00e5 grunn av El Ni\u00f1o: Lowell, Karina og Marie mot Hawaii\"},{\"@type\":\"BreadcrumbList\",\"@id\":\"https:\/\/nordnesrepublikken.no\/index.php\/2026\/09\/04\/hvorfor-er-det-3-orkaner-sammen-i-stillehavet-pa-grunn-av-el-nino-lowell-karina-og-marie-mot-hawaii\/#breadcrumb\",\"itemListElement\":[{\"@type\":\"ListItem\",\"position\":1,\"name\":\"Home\",\"item\":\"https:\/\/nordnesrepublikken.no\/\"},{\"@type\":\"ListItem\",\"position\":2,\"name\":\"Hvorfor er det 3 orkaner sammen i Stillehavet p\u00e5 grunn av El Ni\u00f1o: Lowell, Karina og Marie mot Hawaii\"}]},{\"@type\":\"WebSite\",\"@id\":\"https:\/\/nordnesrepublikken.no\/#website\",\"url\":\"https:\/\/nordnesrepublikken.no\/\",\"name\":\"Nordnesrepublikken\",\"description\":\"Stemmer og Visjoner fra Republikkens Hjerte\",\"publisher\":{\"@id\":\"https:\/\/nordnesrepublikken.no\/#organization\"},\"potentialAction\":[{\"@type\":\"SearchAction\",\"target\":{\"@type\":\"EntryPoint\",\"urlTemplate\":\"https:\/\/nordnesrepublikken.no\/?s={search_term_string}\"},\"query-input\":{\"@type\":\"PropertyValueSpecification\",\"valueRequired\":true,\"valueName\":\"search_term_string\"}}],\"inLanguage\":\"nb-NO\"},{\"@type\":\"Organization\",\"@id\":\"https:\/\/nordnesrepublikken.no\/#organization\",\"name\":\"Nordnesrepublikken\",\"url\":\"https:\/\/nordnesrepublikken.no\/\",\"logo\":{\"@type\":\"ImageObject\",\"inLanguage\":\"nb-NO\",\"@id\":\"https:\/\/nordnesrepublikken.no\/#\/schema\/logo\/image\/\",\"url\":\"https:\/\/nordnesrepublikken.no\/wp-content\/uploads\/2025\/02\/cropped-nordnesrepublikken-2.png\",\"contentUrl\":\"https:\/\/nordnesrepublikken.no\/wp-content\/uploads\/2025\/02\/cropped-nordnesrepublikken-2.png\",\"width\":1248,\"height\":362,\"caption\":\"Nordnesrepublikken\"},\"image\":{\"@id\":\"https:\/\/nordnesrepublikken.no\/#\/schema\/logo\/image\/\"}},{\"@type\":\"Person\",\"@id\":\"https:\/\/nordnesrepublikken.no\/#\/schema\/person\/2e7e81935bab77882fffb79296240ff1\",\"name\":\"Ole Andersen\",\"image\":{\"@type\":\"ImageObject\",\"inLanguage\":\"nb-NO\",\"@id\":\"https:\/\/nordnesrepublikken.no\/#\/schema\/person\/image\/\",\"url\":\"https:\/\/nordnesrepublikken.no\/wp-content\/uploads\/2025\/02\/nordnesrepublikken-2-2-150x150.jpg\",\"contentUrl\":\"https:\/\/nordnesrepublikken.no\/wp-content\/uploads\/2025\/02\/nordnesrepublikken-2-2-150x150.jpg\",\"caption\":\"Ole Andersen\"},\"description\":\"Ettersom jeg vokste opp i Oslo, har jeg alltid v\u00e6rt fascinert av ordenes kraft og deres evne til \u00e5 skape endringer. Etter \u00e5 ha fullf\u00f8rt min utdannelse i kommunikasjon ved Universitetet i Bergen, fikk jeg muligheten til \u00e5 jobbe innen ulike medier, der jeg har s\u00f8kt \u00e5 belyse viktige samfunnssp\u00f8rsm\u00e5l. I dag, som redakt\u00f8r for Nordnesrepublikken, pr\u00f8ver jeg \u00e5 forene min kj\u00e6rlighet for journalistikk med min lidenskap for innovasjon og eventyr.\",\"sameAs\":[\"https:\/\/nordnesrepublikken.no\/\"]}]}<\/script>\n<!-- \/ Yoast SEO plugin. -->","yoast_head_json":{"title":"Hvorfor er det 3 orkaner sammen i Stillehavet p\u00e5 grunn av El Ni\u00f1o: Lowell, Karina og Marie mot Hawaii - Nordnesrepublikken","robots":{"index":"index","follow":"follow","max-snippet":"max-snippet:-1","max-image-preview":"max-image-preview:large","max-video-preview":"max-video-preview:-1"},"canonical":"https:\/\/nordnesrepublikken.no\/index.php\/2026\/09\/04\/hvorfor-er-det-3-orkaner-sammen-i-stillehavet-pa-grunn-av-el-nino-lowell-karina-og-marie-mot-hawaii\/","og_locale":"nb_NO","og_type":"article","og_title":"Hvorfor er det 3 orkaner sammen i Stillehavet p\u00e5 grunn av El Ni\u00f1o: Lowell, Karina og Marie mot Hawaii - Nordnesrepublikken","og_description":"Tkonge orkaner jeg er aktiv samtidig i hjertet avStillehavetder naturen setter opp et show like","og_url":"https:\/\/nordnesrepublikken.no\/index.php\/2026\/09\/04\/hvorfor-er-det-3-orkaner-sammen-i-stillehavet-pa-grunn-av-el-nino-lowell-karina-og-marie-mot-hawaii\/","og_site_name":"Nordnesrepublikken","article_published_time":"2026-09-04T16:03:07+00:00","article_modified_time":"2026-09-04T16:03:11+00:00","og_image":[{"width":2387,"height":1371,"url":"https:\/\/nordnesrepublikken.no\/wp-content\/uploads\/2026\/09\/1788537789_Hvorfor-er-det-3-orkaner-sammen-i-Stillehavet-pa-grunn.jpg","type":"image\/jpeg"}],"author":"Ole Andersen","twitter_card":"summary_large_image","twitter_misc":{"Skrevet av":"Ole Andersen","Ansl. lesetid":"3 minutter"},"schema":{"@context":"https:\/\/schema.org","@graph":[{"@type":"Article","@id":"https:\/\/nordnesrepublikken.no\/index.php\/2026\/09\/04\/hvorfor-er-det-3-orkaner-sammen-i-stillehavet-pa-grunn-av-el-nino-lowell-karina-og-marie-mot-hawaii\/#article","isPartOf":{"@id":"https:\/\/nordnesrepublikken.no\/index.php\/2026\/09\/04\/hvorfor-er-det-3-orkaner-sammen-i-stillehavet-pa-grunn-av-el-nino-lowell-karina-og-marie-mot-hawaii\/"},"author":{"name":"Ole Andersen","@id":"https:\/\/nordnesrepublikken.no\/#\/schema\/person\/2e7e81935bab77882fffb79296240ff1"},"headline":"Hvorfor er det 3 orkaner sammen i Stillehavet p\u00e5 grunn av El Ni\u00f1o: Lowell, Karina og Marie mot Hawaii","datePublished":"2026-09-04T16:03:07+00:00","dateModified":"2026-09-04T16:03:11+00:00","mainEntityOfPage":{"@id":"https:\/\/nordnesrepublikken.no\/index.php\/2026\/09\/04\/hvorfor-er-det-3-orkaner-sammen-i-stillehavet-pa-grunn-av-el-nino-lowell-karina-og-marie-mot-hawaii\/"},"wordCount":520,"publisher":{"@id":"https:\/\/nordnesrepublikken.no\/#organization"},"image":{"@id":"https:\/\/nordnesrepublikken.no\/index.php\/2026\/09\/04\/hvorfor-er-det-3-orkaner-sammen-i-stillehavet-pa-grunn-av-el-nino-lowell-karina-og-marie-mot-hawaii\/#primaryimage"},"thumbnailUrl":"https:\/\/nordnesrepublikken.no\/wp-content\/uploads\/2026\/09\/1788537789_Hvorfor-er-det-3-orkaner-sammen-i-Stillehavet-pa-grunn.jpg","keywords":["Det","grunn","Hawaii","hvorfor","Karina","Lowell","Marie","mot","Ni\u00f1o","orkaner","p\u00e5","sammen","Stillehavet"],"articleSection":["Milj\u00f8"],"inLanguage":"nb-NO"},{"@type":"WebPage","@id":"https:\/\/nordnesrepublikken.no\/index.php\/2026\/09\/04\/hvorfor-er-det-3-orkaner-sammen-i-stillehavet-pa-grunn-av-el-nino-lowell-karina-og-marie-mot-hawaii\/","url":"https:\/\/nordnesrepublikken.no\/index.php\/2026\/09\/04\/hvorfor-er-det-3-orkaner-sammen-i-stillehavet-pa-grunn-av-el-nino-lowell-karina-og-marie-mot-hawaii\/","name":"Hvorfor er det 3 orkaner sammen i Stillehavet p\u00e5 grunn av El Ni\u00f1o: Lowell, Karina og Marie mot Hawaii - Nordnesrepublikken","isPartOf":{"@id":"https:\/\/nordnesrepublikken.no\/#website"},"primaryImageOfPage":{"@id":"https:\/\/nordnesrepublikken.no\/index.php\/2026\/09\/04\/hvorfor-er-det-3-orkaner-sammen-i-stillehavet-pa-grunn-av-el-nino-lowell-karina-og-marie-mot-hawaii\/#primaryimage"},"image":{"@id":"https:\/\/nordnesrepublikken.no\/index.php\/2026\/09\/04\/hvorfor-er-det-3-orkaner-sammen-i-stillehavet-pa-grunn-av-el-nino-lowell-karina-og-marie-mot-hawaii\/#primaryimage"},"thumbnailUrl":"https:\/\/nordnesrepublikken.no\/wp-content\/uploads\/2026\/09\/1788537789_Hvorfor-er-det-3-orkaner-sammen-i-Stillehavet-pa-grunn.jpg","datePublished":"2026-09-04T16:03:07+00:00","dateModified":"2026-09-04T16:03:11+00:00","breadcrumb":{"@id":"https:\/\/nordnesrepublikken.no\/index.php\/2026\/09\/04\/hvorfor-er-det-3-orkaner-sammen-i-stillehavet-pa-grunn-av-el-nino-lowell-karina-og-marie-mot-hawaii\/#breadcrumb"},"inLanguage":"nb-NO","potentialAction":[{"@type":"ReadAction","target":["https:\/\/nordnesrepublikken.no\/index.php\/2026\/09\/04\/hvorfor-er-det-3-orkaner-sammen-i-stillehavet-pa-grunn-av-el-nino-lowell-karina-og-marie-mot-hawaii\/"]}]},{"@type":"ImageObject","inLanguage":"nb-NO","@id":"https:\/\/nordnesrepublikken.no\/index.php\/2026\/09\/04\/hvorfor-er-det-3-orkaner-sammen-i-stillehavet-pa-grunn-av-el-nino-lowell-karina-og-marie-mot-hawaii\/#primaryimage","url":"https:\/\/nordnesrepublikken.no\/wp-content\/uploads\/2026\/09\/1788537789_Hvorfor-er-det-3-orkaner-sammen-i-Stillehavet-pa-grunn.jpg","contentUrl":"https:\/\/nordnesrepublikken.no\/wp-content\/uploads\/2026\/09\/1788537789_Hvorfor-er-det-3-orkaner-sammen-i-Stillehavet-pa-grunn.jpg","width":2387,"height":1371,"caption":"Hvorfor er det 3 orkaner sammen i Stillehavet p\u00e5 grunn av El Ni\u00f1o: Lowell, Karina og Marie mot Hawaii"},{"@type":"BreadcrumbList","@id":"https:\/\/nordnesrepublikken.no\/index.php\/2026\/09\/04\/hvorfor-er-det-3-orkaner-sammen-i-stillehavet-pa-grunn-av-el-nino-lowell-karina-og-marie-mot-hawaii\/#breadcrumb","itemListElement":[{"@type":"ListItem","position":1,"name":"Home","item":"https:\/\/nordnesrepublikken.no\/"},{"@type":"ListItem","position":2,"name":"Hvorfor er det 3 orkaner sammen i Stillehavet p\u00e5 grunn av El Ni\u00f1o: Lowell, Karina og Marie mot Hawaii"}]},{"@type":"WebSite","@id":"https:\/\/nordnesrepublikken.no\/#website","url":"https:\/\/nordnesrepublikken.no\/","name":"Nordnesrepublikken","description":"Stemmer og Visjoner fra Republikkens Hjerte","publisher":{"@id":"https:\/\/nordnesrepublikken.no\/#organization"},"potentialAction":[{"@type":"SearchAction","target":{"@type":"EntryPoint","urlTemplate":"https:\/\/nordnesrepublikken.no\/?s={search_term_string}"},"query-input":{"@type":"PropertyValueSpecification","valueRequired":true,"valueName":"search_term_string"}}],"inLanguage":"nb-NO"},{"@type":"Organization","@id":"https:\/\/nordnesrepublikken.no\/#organization","name":"Nordnesrepublikken","url":"https:\/\/nordnesrepublikken.no\/","logo":{"@type":"ImageObject","inLanguage":"nb-NO","@id":"https:\/\/nordnesrepublikken.no\/#\/schema\/logo\/image\/","url":"https:\/\/nordnesrepublikken.no\/wp-content\/uploads\/2025\/02\/cropped-nordnesrepublikken-2.png","contentUrl":"https:\/\/nordnesrepublikken.no\/wp-content\/uploads\/2025\/02\/cropped-nordnesrepublikken-2.png","width":1248,"height":362,"caption":"Nordnesrepublikken"},"image":{"@id":"https:\/\/nordnesrepublikken.no\/#\/schema\/logo\/image\/"}},{"@type":"Person","@id":"https:\/\/nordnesrepublikken.no\/#\/schema\/person\/2e7e81935bab77882fffb79296240ff1","name":"Ole Andersen","image":{"@type":"ImageObject","inLanguage":"nb-NO","@id":"https:\/\/nordnesrepublikken.no\/#\/schema\/person\/image\/","url":"https:\/\/nordnesrepublikken.no\/wp-content\/uploads\/2025\/02\/nordnesrepublikken-2-2-150x150.jpg","contentUrl":"https:\/\/nordnesrepublikken.no\/wp-content\/uploads\/2025\/02\/nordnesrepublikken-2-2-150x150.jpg","caption":"Ole Andersen"},"description":"Ettersom jeg vokste opp i Oslo, har jeg alltid v\u00e6rt fascinert av ordenes kraft og deres evne til \u00e5 skape endringer. Etter \u00e5 ha fullf\u00f8rt min utdannelse i kommunikasjon ved Universitetet i Bergen, fikk jeg muligheten til \u00e5 jobbe innen ulike medier, der jeg har s\u00f8kt \u00e5 belyse viktige samfunnssp\u00f8rsm\u00e5l. I dag, som redakt\u00f8r for Nordnesrepublikken, pr\u00f8ver jeg \u00e5 forene min kj\u00e6rlighet for journalistikk med min lidenskap for innovasjon og eventyr.","sameAs":["https:\/\/nordnesrepublikken.no\/"]}]}},"_links":{"self":[{"href":"https:\/\/nordnesrepublikken.no\/index.php\/wp-json\/wp\/v2\/posts\/21799","targetHints":{"allow":["GET"]}}],"collection":[{"href":"https:\/\/nordnesrepublikken.no\/index.php\/wp-json\/wp\/v2\/posts"}],"about":[{"href":"https:\/\/nordnesrepublikken.no\/index.php\/wp-json\/wp\/v2\/types\/post"}],"author":[{"embeddable":true,"href":"https:\/\/nordnesrepublikken.no\/index.php\/wp-json\/wp\/v2\/users\/1"}],"replies":[{"embeddable":true,"href":"https:\/\/nordnesrepublikken.no\/index.php\/wp-json\/wp\/v2\/comments?post=21799"}],"version-history":[{"count":1,"href":"https:\/\/nordnesrepublikken.no\/index.php\/wp-json\/wp\/v2\/posts\/21799\/revisions"}],"predecessor-version":[{"id":21801,"href":"https:\/\/nordnesrepublikken.no\/index.php\/wp-json\/wp\/v2\/posts\/21799\/revisions\/21801"}],"wp:featuredmedia":[{"embeddable":true,"href":"https:\/\/nordnesrepublikken.no\/index.php\/wp-json\/wp\/v2\/media\/21800"}],"wp:attachment":[{"href":"https:\/\/nordnesrepublikken.no\/index.php\/wp-json\/wp\/v2\/media?parent=21799"}],"wp:term":[{"taxonomy":"category","embeddable":true,"href":"https:\/\/nordnesrepublikken.no\/index.php\/wp-json\/wp\/v2\/categories?post=21799"},{"taxonomy":"post_tag","embeddable":true,"href":"https:\/\/nordnesrepublikken.no\/index.php\/wp-json\/wp\/v2\/tags?post=21799"}],"curies":[{"name":"wp","href":"https:\/\/api.w.org\/{rel}","templated":true}]}}