{"id":21796,"date":"2026-09-04T17:02:42","date_gmt":"2026-09-04T15:02:42","guid":{"rendered":"https:\/\/nordnesrepublikken.no\/index.php\/2026\/09\/04\/hva-er-risikoen-for-et-ulvangrep-pa-mennesker-data-i-italia-og-ispra-reglene-i-tilfelle-et-mote\/"},"modified":"2026-09-04T17:02:46","modified_gmt":"2026-09-04T15:02:46","slug":"hva-er-risikoen-for-et-ulvangrep-pa-mennesker-data-i-italia-og-ispra-reglene-i-tilfelle-et-mote","status":"publish","type":"post","link":"https:\/\/nordnesrepublikken.no\/index.php\/2026\/09\/04\/hva-er-risikoen-for-et-ulvangrep-pa-mennesker-data-i-italia-og-ispra-reglene-i-tilfelle-et-mote\/","title":{"rendered":"Hva er risikoen for et ulvangrep p\u00e5 mennesker: data i Italia og ISPRA-reglene i tilfelle et m\u00f8te"},"content":{"rendered":"<div>\n<div class=\"cp_wrapper cp_wrapper--fw mb-30 mb-20@tablet\">\n<figure class=\"mm\"><picture class=\"img\" style=\"padding-top:56.25%\"><source  media=\"(min-width: 1024px)\"><source  media=\"(min-width: 768px)\"><\/source><\/source><\/picture><\/figure>\n<\/p><\/div>\n<p>De nylige tilfellene av angrep p\u00e5 noen barn fra en vill canid skjedde i <strong>Noicattaro<\/strong>i Bari-omr\u00e5det, har tiltrukket seg medias oppmerksomhet og gjen\u00e5pnet debatten om temaet ulvens fare for mennesker, og fremhevet <strong>kompleksiteten av sameksistens mellom mennesker og store rovdyr<\/strong>som ulven og bj\u00f8rnen, i antropiserte sammenhenger. Episodene ble gjentatt p\u00e5 de samme stedene og i l\u00f8pet av kort tid: den f\u00f8rste, 4. august, involverte to barn som p\u00e5dro seg ulike skader; den andre, som skjedde rundt klokken 23.00 den 15. august, involverte et 6 \u00e5r gammelt barn som ble angrepet i den samme offentlige parken mens han lekte i n\u00e6rv\u00e6r av familiemedlemmer og andre voksne. For sistnevnte tilfelle, DNA-analysen av <strong>organisk materiale<\/strong> tatt fra barnets kl\u00e6r ved det eksperimentelle zooprofylaktiske instituttet i Lazio og Toscana, <strong>bekreftet at det var en ung apenninsk ulv<\/strong> (<em>Canis lupus italicus<\/em>). I forhold til hendelsen ble det opprettet en arbeidsgruppe av Prefecture of Bari i koordinering med Puglia-regionen, for \u00e5 s\u00f8ke i territoriet, identifisere og fange dyret. I disse tilfellene aktiveres en veldig spesifikk driftsprotokoll for selvsikre ulver utarbeidet av ISPRA (Higher Institute for Environmental Protection and Research) for \u00e5 gripe inn umiddelbart.<\/p>\n<p>Det b\u00f8r gjentas <strong>ulveangrep p\u00e5 mennesker er helt eksepsjonelle hendelser: <\/strong>ulven er et ekstremt unnvikende dyr og <strong>sjenert<\/strong>i stand til \u00e5 sanse menneskets n\u00e6rv\u00e6r selv fra en betydelig avstand takket v\u00e6re dens kraftige luktesans, og har vanligvis en tendens til \u00e5 unng\u00e5 ham. Angrep p\u00e5 mennesker er vanligvis for\u00e5rsaket av <strong>individer med unormal eller for selvsikker oppf\u00f8rsel<\/strong>. Ulvens forhold til hunder er annerledes og oppfattet som potensielle konkurrenter eller lett byttedyr kan angripes hvis den st\u00e5r fri og uten tilsyn. Det er uunng\u00e5elig at med tilbakef\u00f8ringen av rovdyr til territorier bebodd av mennesker, vil eldgamle mann-ulv-konflikter gjenopplives, som imidlertid <strong>kan administreres riktig.<\/strong><\/p>\n<h2>Hvem er de &laquo;fortrolige&raquo; Wolves<\/h2>\n<p>Ulver som gjentatte ganger og frivillig n\u00e6rmer seg mennesker om gangen<strong> avstand innenfor 30 meter<\/strong> (referanseavstand basert p\u00e5 vitenskapelige data), er teknisk definert som &laquo;<strong>Fortrolige<\/strong>&raquo; og som s\u00e5dan m\u00e5 de overv\u00e5kes og holdes under observasjon.<\/p>\n<p>De nye levek\u00e5rene for mange ulver i Europa i dag er ganske forskjellige fra de som preget territoriene frem til slutten av 1950-tallet, en tid da arten var p\u00e5 randen av utryddelse i store deler av v\u00e5rt kontinent. I dag avgj\u00f8r utvidelsen av urbaniserte omr\u00e5der og antropisk tilstedev\u00e6relse i mange sammenhenger <strong>vanskelig sameksistens<\/strong>som kombinert med feil oppf\u00f8rsel fra menneskers side kan forkorte avstandene mellom oss og dyrelivet for mye.<\/p>\n<p>P\u00e5 denne m\u00e5ten kan det skje at sjeldne eksemplarer av ulv, spesielt i<strong> ungdomsfasen<\/strong>de kan <strong>miste den naturlige og karakteristiske mistilliten til mennesket<\/strong> og bli &laquo;Confidants&raquo;, \u00f8ke mulighetene for kontakt med mennesker.<\/p>\n<h2>Hvor mange nylige episoder med aggresjon mot mennesker har det v\u00e6rt: ISPRA-data<\/h2>\n<p>Det m\u00e5 huskes at ulven er et sky dyr, som har en tendens til \u00e5 unng\u00e5 mennesker, derfor er tilfeller av aggresjon mot mennesker <strong>sjeldne hendelser,<\/strong> bekreftet av siste statistikk. Norsk institutt for naturforskning (NINA) har gjennomf\u00f8rt en studie som analyserer <strong>alle kontrollerbare tilfeller <\/strong>av ulveangrep p\u00e5 mennesker <strong>i verden mellom 2002 og 2020,<\/strong> konsultering av vitenskapelige kilder, tekniske rapporter, media og ekspertvitnesbyrd. Totalt <strong>489 p\u00e5litelige saker over 18 \u00e5r<\/strong> hvorav: 67 (9 d\u00f8delige) knyttet til predasjonshendelser, 380 (14 d\u00f8delige) p\u00e5 grunn av dyr som lider av sylvisk rabies, en sykdom som n\u00e5 nesten er utryddet i Vest-Europa, og 42 (hvorav 3 d\u00f8delige) av defensiv karakter av ulv skadet eller manipulert av mennesker.<\/p>\n<p>I Italia er det i perioden fra 2016 til 2024, basert p\u00e5 ISPRA-data, kjent <strong>7 tilfeller av ulv med faktisk aggressiv oppf\u00f8rsel <\/strong>mot mennesker: en i Piemonte i 2017, en i Puglia i Otranto i 2020, to i Vasto i 2022 og 2023 (en sak ansvarlig for 11 angrep), og i 2024 en i Chietino, en i Basilicata, i Potenza, og en i Roma. For \u00e5 ha et sammenligningspunkt, i Italia alene, over en periode p\u00e5 17 \u00e5r (fra 2009 til 2025), totalt <strong>54 tilfeller av d\u00f8delige angrep fra hunder p\u00e5 mennesker<\/strong>. Det b\u00f8r ogs\u00e5 understrekes at mange tilfeller som opprinnelig ble tilskrevet ulv, senere tilskrives<strong> motbevist av genetiske analyser<\/strong> som sv\u00e6rt ofte f\u00f8rer til aggresjon av l\u00f8se eller vilde hunder.<\/p>\n<h2>Hva er de vanligste risikofaktorene for et angrep<\/h2>\n<p>Episoder som den som fant sted i Noicattaro, hvis i det hele tatt <strong>sjelden<\/strong>kan spores tilbake til visse kategorier av risikosituasjoner som dessverre mennesket selv bidrar til \u00e5 generere. Blant risikofaktorene identifiserer vitenskapelig bevis <strong>de<\/strong><strong>rikelig tilstedev\u00e6relse av avfall<\/strong> og forlatte matrester som uunng\u00e5elig tiltrekker ulven, og f\u00f8rer den til hyppige urbane og byn\u00e6re omr\u00e5der hvor det er lett \u00e5 finne mat. Det kan v\u00e6re enda farligere <strong>frivillig valg om \u00e5 la mat v\u00e6re tilgjengelig for ulvevalper<\/strong> for \u00e5 tiltrekke dem kanskje til \u00e5 ta et bilde eller spille inn en video: dette vil endre forfedresinstinktet av mistillit til mennesket, og gj\u00f8re rovdyret selvsikkert.<\/p>\n<p>Et fremvoksende fenomen er at<strong> ulve-hund hybrider:<\/strong> Herrel\u00f8se hunder som er forlatt av eierne og vandrer i \u00e5pne omr\u00e5der, kan pare seg med ulver, og generere hybride individer som delvis har mistet sitt unnvikende instinkt, og viser atferden til \u00e5 n\u00e6rme seg mennesker som er typisk for hunder. <strong>Utvidelsen av urbane omr\u00e5der<\/strong>men ogs\u00e5 av campingplasser og rekreasjonsomr\u00e5der p\u00e5 steder &laquo;for&raquo; n\u00e6r skog og ulvetilfluktsomr\u00e5der kan indusere rovdyret en <strong>territoriell forsvarsadferd<\/strong>spesielt hvis valper er tilstede.<\/p>\n<div class=\"cp_wrapper cp_wrapper--fw mb-50\">\n<figure class=\"mm\"><picture class=\"img\" style=\"padding-top:70.810363836825%\"><source  media=\"(min-width: 1024px)\"><source  media=\"(min-width: 768px)\"><img decoding=\"async\" loading=\"lazy\" src=\"https:\/\/nordnesrepublikken.no\/wp-content\/uploads\/2026\/09\/1788534162_272_Hva-er-risikoen-for-et-ulvangrep-pa-mennesker-data-i.jpg\" alt=\"ulv mor cub forsvar\" width=\"3628\" height=\"2569\"\/><\/source><\/source><\/picture><\/figure>\n<\/p><\/div>\n<p>Vanen med \u00e5 la hundene v\u00e6re fri p\u00e5 landet eller i fjellet utenfor stiene, en forbudt oppf\u00f8rsel, f\u00e5r ofte ulver til \u00e5 n\u00e6rme seg tiltrukket av n\u00e6rv\u00e6ret av v\u00e5r firbeinte venn. Til slutt \u00f8ker den nylige koloniseringen av ulv av enda tettere befolkede lavlandsmilj\u00f8er sammenlignet med fjellomr\u00e5der sannsynligheten for et m\u00f8te.<\/p>\n<h2>Hva du IKKE skal gj\u00f8re: LIFE WOLFALPS EU-regler for \u00e5 unng\u00e5 farer<\/h2>\n<p>For \u00e5 redusere risikoen for at en ulv n\u00e6rmer seg, er det derfor tilr\u00e5delig, som ogs\u00e5 indikert i en h\u00e5ndbok for EU-prosjektet LIFE WOLFALPS: <\/p>\n<ul>\n<li>ikke legg avfall utend\u00f8rs<\/li>\n<li>hold hunden din <strong>b\u00e5nd<\/strong> under turer i skogkledde omr\u00e5der<\/li>\n<li>ikke la hunden din v\u00e6re fri til \u00e5 forlate huset eller hagen, og hold den helst inne om natten<\/li>\n<li>ikke bevisst mate ulver og andre ville dyr<\/li>\n<\/ul>\n<h2>Hva du skal gj\u00f8re hvis du m\u00f8ter en ulv eller en flokk<\/h2>\n<p>Som ISPRA-retningslinjene foresl\u00e5r ved n\u00e6rm\u00f8te, ikke gi mat til dyret og <strong>ikke pr\u00f8v \u00e5 komme n\u00e6rmere,<\/strong> kanskje for en fotoseanse. Det kan v\u00e6re nyttig \u00e5 heve stemmen og lage lyd for \u00e5 f\u00e5 ham til \u00e5 bevege seg bort og bevege seg sakte <strong>g\u00e5 baklengs og unng\u00e5 \u00e5 l\u00f8pe<\/strong>litt som du gj\u00f8r i n\u00e6rv\u00e6r av en gjeterhund i n\u00e6rheten av flokken din.<\/p>\n<p>Det europeiske prosjektet LIFE WOLFALPS EU integrerer disse indikasjonene ved \u00e5 spesifisere at hvis vi er i bilen og vi m\u00f8ter en ulv (eller et annet vilt dyr), er det<strong> Det er absolutt forbudt \u00e5 jage dem med bilen<\/strong>! Den rette oppf\u00f8rselen \u00e5 adoptere er \u00e5 bremse ned eller trekke over og <strong>vent inne<\/strong> av bilen som dyrene fortsetter p\u00e5 sin vei.<\/p>\n<\/p><\/div>\n","protected":false},"excerpt":{"rendered":"<p>De nylige tilfellene av angrep p\u00e5 noen barn fra en vill canid skjedde i Noicattaroi<\/p>\n","protected":false},"author":1,"featured_media":21797,"comment_status":"closed","ping_status":"open","sticky":false,"template":"","format":"standard","meta":{"footnotes":""},"categories":[24],"tags":[3707,144,14255,437,36,156,81,2122,1804,14254],"class_list":["post-21796","post","type-post","status-publish","format-standard","has-post-thumbnail","hentry","category-vitenskap","tag-data","tag-hva","tag-isprareglene","tag-italia","tag-mennesker","tag-mote","tag-pa","tag-risikoen","tag-tilfelle","tag-ulvangrep","generate-columns","tablet-grid-50","mobile-grid-100","grid-parent","grid-33","resize-featured-image"],"yoast_head":"<!-- This site is optimized with the Yoast SEO plugin v24.4 - https:\/\/yoast.com\/wordpress\/plugins\/seo\/ -->\n<title>Hva er risikoen for et ulvangrep p\u00e5 mennesker: data i Italia og ISPRA-reglene i tilfelle et m\u00f8te - Nordnesrepublikken<\/title>\n<meta name=\"robots\" content=\"index, follow, max-snippet:-1, max-image-preview:large, max-video-preview:-1\" \/>\n<link rel=\"canonical\" href=\"https:\/\/nordnesrepublikken.no\/index.php\/2026\/09\/04\/hva-er-risikoen-for-et-ulvangrep-pa-mennesker-data-i-italia-og-ispra-reglene-i-tilfelle-et-mote\/\" \/>\n<meta property=\"og:locale\" content=\"nb_NO\" \/>\n<meta property=\"og:type\" content=\"article\" \/>\n<meta property=\"og:title\" content=\"Hva er risikoen for et ulvangrep p\u00e5 mennesker: data i Italia og ISPRA-reglene i tilfelle et m\u00f8te - Nordnesrepublikken\" \/>\n<meta property=\"og:description\" content=\"De nylige tilfellene av angrep p\u00e5 noen barn fra en vill canid skjedde i Noicattaroi\" \/>\n<meta property=\"og:url\" content=\"https:\/\/nordnesrepublikken.no\/index.php\/2026\/09\/04\/hva-er-risikoen-for-et-ulvangrep-pa-mennesker-data-i-italia-og-ispra-reglene-i-tilfelle-et-mote\/\" \/>\n<meta property=\"og:site_name\" content=\"Nordnesrepublikken\" \/>\n<meta property=\"article:published_time\" content=\"2026-09-04T15:02:42+00:00\" \/>\n<meta property=\"article:modified_time\" content=\"2026-09-04T15:02:46+00:00\" \/>\n<meta property=\"og:image\" content=\"https:\/\/nordnesrepublikken.no\/wp-content\/uploads\/2026\/09\/1788534165_Hva-er-risikoen-for-et-ulvangrep-pa-mennesker-data-i.jpg\" \/>\n\t<meta property=\"og:image:width\" content=\"2047\" \/>\n\t<meta property=\"og:image:height\" content=\"1465\" \/>\n\t<meta property=\"og:image:type\" content=\"image\/jpeg\" \/>\n<meta name=\"author\" content=\"Ole Andersen\" \/>\n<meta name=\"twitter:card\" content=\"summary_large_image\" \/>\n<meta name=\"twitter:label1\" content=\"Skrevet av\" \/>\n\t<meta name=\"twitter:data1\" content=\"Ole Andersen\" \/>\n\t<meta name=\"twitter:label2\" content=\"Ansl. lesetid\" \/>\n\t<meta name=\"twitter:data2\" content=\"6 minutter\" \/>\n<script type=\"application\/ld+json\" class=\"yoast-schema-graph\">{\"@context\":\"https:\/\/schema.org\",\"@graph\":[{\"@type\":\"Article\",\"@id\":\"https:\/\/nordnesrepublikken.no\/index.php\/2026\/09\/04\/hva-er-risikoen-for-et-ulvangrep-pa-mennesker-data-i-italia-og-ispra-reglene-i-tilfelle-et-mote\/#article\",\"isPartOf\":{\"@id\":\"https:\/\/nordnesrepublikken.no\/index.php\/2026\/09\/04\/hva-er-risikoen-for-et-ulvangrep-pa-mennesker-data-i-italia-og-ispra-reglene-i-tilfelle-et-mote\/\"},\"author\":{\"name\":\"Ole Andersen\",\"@id\":\"https:\/\/nordnesrepublikken.no\/#\/schema\/person\/2e7e81935bab77882fffb79296240ff1\"},\"headline\":\"Hva er risikoen for et ulvangrep p\u00e5 mennesker: data i Italia og ISPRA-reglene i tilfelle et m\u00f8te\",\"datePublished\":\"2026-09-04T15:02:42+00:00\",\"dateModified\":\"2026-09-04T15:02:46+00:00\",\"mainEntityOfPage\":{\"@id\":\"https:\/\/nordnesrepublikken.no\/index.php\/2026\/09\/04\/hva-er-risikoen-for-et-ulvangrep-pa-mennesker-data-i-italia-og-ispra-reglene-i-tilfelle-et-mote\/\"},\"wordCount\":1179,\"publisher\":{\"@id\":\"https:\/\/nordnesrepublikken.no\/#organization\"},\"image\":{\"@id\":\"https:\/\/nordnesrepublikken.no\/index.php\/2026\/09\/04\/hva-er-risikoen-for-et-ulvangrep-pa-mennesker-data-i-italia-og-ispra-reglene-i-tilfelle-et-mote\/#primaryimage\"},\"thumbnailUrl\":\"https:\/\/nordnesrepublikken.no\/wp-content\/uploads\/2026\/09\/1788534165_Hva-er-risikoen-for-et-ulvangrep-pa-mennesker-data-i.jpg\",\"keywords\":[\"data\",\"Hva\",\"ISPRAreglene\",\"Italia\",\"mennesker\",\"m\u00f8te\",\"p\u00e5\",\"risikoen\",\"tilfelle\",\"ulvangrep\"],\"articleSection\":[\"Vitenskap\"],\"inLanguage\":\"nb-NO\"},{\"@type\":\"WebPage\",\"@id\":\"https:\/\/nordnesrepublikken.no\/index.php\/2026\/09\/04\/hva-er-risikoen-for-et-ulvangrep-pa-mennesker-data-i-italia-og-ispra-reglene-i-tilfelle-et-mote\/\",\"url\":\"https:\/\/nordnesrepublikken.no\/index.php\/2026\/09\/04\/hva-er-risikoen-for-et-ulvangrep-pa-mennesker-data-i-italia-og-ispra-reglene-i-tilfelle-et-mote\/\",\"name\":\"Hva er risikoen for et ulvangrep p\u00e5 mennesker: data i Italia og ISPRA-reglene i tilfelle et m\u00f8te - Nordnesrepublikken\",\"isPartOf\":{\"@id\":\"https:\/\/nordnesrepublikken.no\/#website\"},\"primaryImageOfPage\":{\"@id\":\"https:\/\/nordnesrepublikken.no\/index.php\/2026\/09\/04\/hva-er-risikoen-for-et-ulvangrep-pa-mennesker-data-i-italia-og-ispra-reglene-i-tilfelle-et-mote\/#primaryimage\"},\"image\":{\"@id\":\"https:\/\/nordnesrepublikken.no\/index.php\/2026\/09\/04\/hva-er-risikoen-for-et-ulvangrep-pa-mennesker-data-i-italia-og-ispra-reglene-i-tilfelle-et-mote\/#primaryimage\"},\"thumbnailUrl\":\"https:\/\/nordnesrepublikken.no\/wp-content\/uploads\/2026\/09\/1788534165_Hva-er-risikoen-for-et-ulvangrep-pa-mennesker-data-i.jpg\",\"datePublished\":\"2026-09-04T15:02:42+00:00\",\"dateModified\":\"2026-09-04T15:02:46+00:00\",\"breadcrumb\":{\"@id\":\"https:\/\/nordnesrepublikken.no\/index.php\/2026\/09\/04\/hva-er-risikoen-for-et-ulvangrep-pa-mennesker-data-i-italia-og-ispra-reglene-i-tilfelle-et-mote\/#breadcrumb\"},\"inLanguage\":\"nb-NO\",\"potentialAction\":[{\"@type\":\"ReadAction\",\"target\":[\"https:\/\/nordnesrepublikken.no\/index.php\/2026\/09\/04\/hva-er-risikoen-for-et-ulvangrep-pa-mennesker-data-i-italia-og-ispra-reglene-i-tilfelle-et-mote\/\"]}]},{\"@type\":\"ImageObject\",\"inLanguage\":\"nb-NO\",\"@id\":\"https:\/\/nordnesrepublikken.no\/index.php\/2026\/09\/04\/hva-er-risikoen-for-et-ulvangrep-pa-mennesker-data-i-italia-og-ispra-reglene-i-tilfelle-et-mote\/#primaryimage\",\"url\":\"https:\/\/nordnesrepublikken.no\/wp-content\/uploads\/2026\/09\/1788534165_Hva-er-risikoen-for-et-ulvangrep-pa-mennesker-data-i.jpg\",\"contentUrl\":\"https:\/\/nordnesrepublikken.no\/wp-content\/uploads\/2026\/09\/1788534165_Hva-er-risikoen-for-et-ulvangrep-pa-mennesker-data-i.jpg\",\"width\":2047,\"height\":1465,\"caption\":\"Hva er risikoen for et ulvangrep p\u00e5 mennesker: data i Italia og ISPRA-reglene i tilfelle et m\u00f8te\"},{\"@type\":\"BreadcrumbList\",\"@id\":\"https:\/\/nordnesrepublikken.no\/index.php\/2026\/09\/04\/hva-er-risikoen-for-et-ulvangrep-pa-mennesker-data-i-italia-og-ispra-reglene-i-tilfelle-et-mote\/#breadcrumb\",\"itemListElement\":[{\"@type\":\"ListItem\",\"position\":1,\"name\":\"Home\",\"item\":\"https:\/\/nordnesrepublikken.no\/\"},{\"@type\":\"ListItem\",\"position\":2,\"name\":\"Hva er risikoen for et ulvangrep p\u00e5 mennesker: data i Italia og ISPRA-reglene i tilfelle et m\u00f8te\"}]},{\"@type\":\"WebSite\",\"@id\":\"https:\/\/nordnesrepublikken.no\/#website\",\"url\":\"https:\/\/nordnesrepublikken.no\/\",\"name\":\"Nordnesrepublikken\",\"description\":\"Stemmer og Visjoner fra Republikkens Hjerte\",\"publisher\":{\"@id\":\"https:\/\/nordnesrepublikken.no\/#organization\"},\"potentialAction\":[{\"@type\":\"SearchAction\",\"target\":{\"@type\":\"EntryPoint\",\"urlTemplate\":\"https:\/\/nordnesrepublikken.no\/?s={search_term_string}\"},\"query-input\":{\"@type\":\"PropertyValueSpecification\",\"valueRequired\":true,\"valueName\":\"search_term_string\"}}],\"inLanguage\":\"nb-NO\"},{\"@type\":\"Organization\",\"@id\":\"https:\/\/nordnesrepublikken.no\/#organization\",\"name\":\"Nordnesrepublikken\",\"url\":\"https:\/\/nordnesrepublikken.no\/\",\"logo\":{\"@type\":\"ImageObject\",\"inLanguage\":\"nb-NO\",\"@id\":\"https:\/\/nordnesrepublikken.no\/#\/schema\/logo\/image\/\",\"url\":\"https:\/\/nordnesrepublikken.no\/wp-content\/uploads\/2025\/02\/cropped-nordnesrepublikken-2.png\",\"contentUrl\":\"https:\/\/nordnesrepublikken.no\/wp-content\/uploads\/2025\/02\/cropped-nordnesrepublikken-2.png\",\"width\":1248,\"height\":362,\"caption\":\"Nordnesrepublikken\"},\"image\":{\"@id\":\"https:\/\/nordnesrepublikken.no\/#\/schema\/logo\/image\/\"}},{\"@type\":\"Person\",\"@id\":\"https:\/\/nordnesrepublikken.no\/#\/schema\/person\/2e7e81935bab77882fffb79296240ff1\",\"name\":\"Ole Andersen\",\"image\":{\"@type\":\"ImageObject\",\"inLanguage\":\"nb-NO\",\"@id\":\"https:\/\/nordnesrepublikken.no\/#\/schema\/person\/image\/\",\"url\":\"https:\/\/nordnesrepublikken.no\/wp-content\/uploads\/2025\/02\/nordnesrepublikken-2-2-150x150.jpg\",\"contentUrl\":\"https:\/\/nordnesrepublikken.no\/wp-content\/uploads\/2025\/02\/nordnesrepublikken-2-2-150x150.jpg\",\"caption\":\"Ole Andersen\"},\"description\":\"Ettersom jeg vokste opp i Oslo, har jeg alltid v\u00e6rt fascinert av ordenes kraft og deres evne til \u00e5 skape endringer. Etter \u00e5 ha fullf\u00f8rt min utdannelse i kommunikasjon ved Universitetet i Bergen, fikk jeg muligheten til \u00e5 jobbe innen ulike medier, der jeg har s\u00f8kt \u00e5 belyse viktige samfunnssp\u00f8rsm\u00e5l. I dag, som redakt\u00f8r for Nordnesrepublikken, pr\u00f8ver jeg \u00e5 forene min kj\u00e6rlighet for journalistikk med min lidenskap for innovasjon og eventyr.\",\"sameAs\":[\"https:\/\/nordnesrepublikken.no\/\"]}]}<\/script>\n<!-- \/ Yoast SEO plugin. -->","yoast_head_json":{"title":"Hva er risikoen for et ulvangrep p\u00e5 mennesker: data i Italia og ISPRA-reglene i tilfelle et m\u00f8te - Nordnesrepublikken","robots":{"index":"index","follow":"follow","max-snippet":"max-snippet:-1","max-image-preview":"max-image-preview:large","max-video-preview":"max-video-preview:-1"},"canonical":"https:\/\/nordnesrepublikken.no\/index.php\/2026\/09\/04\/hva-er-risikoen-for-et-ulvangrep-pa-mennesker-data-i-italia-og-ispra-reglene-i-tilfelle-et-mote\/","og_locale":"nb_NO","og_type":"article","og_title":"Hva er risikoen for et ulvangrep p\u00e5 mennesker: data i Italia og ISPRA-reglene i tilfelle et m\u00f8te - Nordnesrepublikken","og_description":"De nylige tilfellene av angrep p\u00e5 noen barn fra en vill canid skjedde i Noicattaroi","og_url":"https:\/\/nordnesrepublikken.no\/index.php\/2026\/09\/04\/hva-er-risikoen-for-et-ulvangrep-pa-mennesker-data-i-italia-og-ispra-reglene-i-tilfelle-et-mote\/","og_site_name":"Nordnesrepublikken","article_published_time":"2026-09-04T15:02:42+00:00","article_modified_time":"2026-09-04T15:02:46+00:00","og_image":[{"width":2047,"height":1465,"url":"https:\/\/nordnesrepublikken.no\/wp-content\/uploads\/2026\/09\/1788534165_Hva-er-risikoen-for-et-ulvangrep-pa-mennesker-data-i.jpg","type":"image\/jpeg"}],"author":"Ole Andersen","twitter_card":"summary_large_image","twitter_misc":{"Skrevet av":"Ole Andersen","Ansl. lesetid":"6 minutter"},"schema":{"@context":"https:\/\/schema.org","@graph":[{"@type":"Article","@id":"https:\/\/nordnesrepublikken.no\/index.php\/2026\/09\/04\/hva-er-risikoen-for-et-ulvangrep-pa-mennesker-data-i-italia-og-ispra-reglene-i-tilfelle-et-mote\/#article","isPartOf":{"@id":"https:\/\/nordnesrepublikken.no\/index.php\/2026\/09\/04\/hva-er-risikoen-for-et-ulvangrep-pa-mennesker-data-i-italia-og-ispra-reglene-i-tilfelle-et-mote\/"},"author":{"name":"Ole Andersen","@id":"https:\/\/nordnesrepublikken.no\/#\/schema\/person\/2e7e81935bab77882fffb79296240ff1"},"headline":"Hva er risikoen for et ulvangrep p\u00e5 mennesker: data i Italia og ISPRA-reglene i tilfelle et m\u00f8te","datePublished":"2026-09-04T15:02:42+00:00","dateModified":"2026-09-04T15:02:46+00:00","mainEntityOfPage":{"@id":"https:\/\/nordnesrepublikken.no\/index.php\/2026\/09\/04\/hva-er-risikoen-for-et-ulvangrep-pa-mennesker-data-i-italia-og-ispra-reglene-i-tilfelle-et-mote\/"},"wordCount":1179,"publisher":{"@id":"https:\/\/nordnesrepublikken.no\/#organization"},"image":{"@id":"https:\/\/nordnesrepublikken.no\/index.php\/2026\/09\/04\/hva-er-risikoen-for-et-ulvangrep-pa-mennesker-data-i-italia-og-ispra-reglene-i-tilfelle-et-mote\/#primaryimage"},"thumbnailUrl":"https:\/\/nordnesrepublikken.no\/wp-content\/uploads\/2026\/09\/1788534165_Hva-er-risikoen-for-et-ulvangrep-pa-mennesker-data-i.jpg","keywords":["data","Hva","ISPRAreglene","Italia","mennesker","m\u00f8te","p\u00e5","risikoen","tilfelle","ulvangrep"],"articleSection":["Vitenskap"],"inLanguage":"nb-NO"},{"@type":"WebPage","@id":"https:\/\/nordnesrepublikken.no\/index.php\/2026\/09\/04\/hva-er-risikoen-for-et-ulvangrep-pa-mennesker-data-i-italia-og-ispra-reglene-i-tilfelle-et-mote\/","url":"https:\/\/nordnesrepublikken.no\/index.php\/2026\/09\/04\/hva-er-risikoen-for-et-ulvangrep-pa-mennesker-data-i-italia-og-ispra-reglene-i-tilfelle-et-mote\/","name":"Hva er risikoen for et ulvangrep p\u00e5 mennesker: data i Italia og ISPRA-reglene i tilfelle et m\u00f8te - Nordnesrepublikken","isPartOf":{"@id":"https:\/\/nordnesrepublikken.no\/#website"},"primaryImageOfPage":{"@id":"https:\/\/nordnesrepublikken.no\/index.php\/2026\/09\/04\/hva-er-risikoen-for-et-ulvangrep-pa-mennesker-data-i-italia-og-ispra-reglene-i-tilfelle-et-mote\/#primaryimage"},"image":{"@id":"https:\/\/nordnesrepublikken.no\/index.php\/2026\/09\/04\/hva-er-risikoen-for-et-ulvangrep-pa-mennesker-data-i-italia-og-ispra-reglene-i-tilfelle-et-mote\/#primaryimage"},"thumbnailUrl":"https:\/\/nordnesrepublikken.no\/wp-content\/uploads\/2026\/09\/1788534165_Hva-er-risikoen-for-et-ulvangrep-pa-mennesker-data-i.jpg","datePublished":"2026-09-04T15:02:42+00:00","dateModified":"2026-09-04T15:02:46+00:00","breadcrumb":{"@id":"https:\/\/nordnesrepublikken.no\/index.php\/2026\/09\/04\/hva-er-risikoen-for-et-ulvangrep-pa-mennesker-data-i-italia-og-ispra-reglene-i-tilfelle-et-mote\/#breadcrumb"},"inLanguage":"nb-NO","potentialAction":[{"@type":"ReadAction","target":["https:\/\/nordnesrepublikken.no\/index.php\/2026\/09\/04\/hva-er-risikoen-for-et-ulvangrep-pa-mennesker-data-i-italia-og-ispra-reglene-i-tilfelle-et-mote\/"]}]},{"@type":"ImageObject","inLanguage":"nb-NO","@id":"https:\/\/nordnesrepublikken.no\/index.php\/2026\/09\/04\/hva-er-risikoen-for-et-ulvangrep-pa-mennesker-data-i-italia-og-ispra-reglene-i-tilfelle-et-mote\/#primaryimage","url":"https:\/\/nordnesrepublikken.no\/wp-content\/uploads\/2026\/09\/1788534165_Hva-er-risikoen-for-et-ulvangrep-pa-mennesker-data-i.jpg","contentUrl":"https:\/\/nordnesrepublikken.no\/wp-content\/uploads\/2026\/09\/1788534165_Hva-er-risikoen-for-et-ulvangrep-pa-mennesker-data-i.jpg","width":2047,"height":1465,"caption":"Hva er risikoen for et ulvangrep p\u00e5 mennesker: data i Italia og ISPRA-reglene i tilfelle et m\u00f8te"},{"@type":"BreadcrumbList","@id":"https:\/\/nordnesrepublikken.no\/index.php\/2026\/09\/04\/hva-er-risikoen-for-et-ulvangrep-pa-mennesker-data-i-italia-og-ispra-reglene-i-tilfelle-et-mote\/#breadcrumb","itemListElement":[{"@type":"ListItem","position":1,"name":"Home","item":"https:\/\/nordnesrepublikken.no\/"},{"@type":"ListItem","position":2,"name":"Hva er risikoen for et ulvangrep p\u00e5 mennesker: data i Italia og ISPRA-reglene i tilfelle et m\u00f8te"}]},{"@type":"WebSite","@id":"https:\/\/nordnesrepublikken.no\/#website","url":"https:\/\/nordnesrepublikken.no\/","name":"Nordnesrepublikken","description":"Stemmer og Visjoner fra Republikkens Hjerte","publisher":{"@id":"https:\/\/nordnesrepublikken.no\/#organization"},"potentialAction":[{"@type":"SearchAction","target":{"@type":"EntryPoint","urlTemplate":"https:\/\/nordnesrepublikken.no\/?s={search_term_string}"},"query-input":{"@type":"PropertyValueSpecification","valueRequired":true,"valueName":"search_term_string"}}],"inLanguage":"nb-NO"},{"@type":"Organization","@id":"https:\/\/nordnesrepublikken.no\/#organization","name":"Nordnesrepublikken","url":"https:\/\/nordnesrepublikken.no\/","logo":{"@type":"ImageObject","inLanguage":"nb-NO","@id":"https:\/\/nordnesrepublikken.no\/#\/schema\/logo\/image\/","url":"https:\/\/nordnesrepublikken.no\/wp-content\/uploads\/2025\/02\/cropped-nordnesrepublikken-2.png","contentUrl":"https:\/\/nordnesrepublikken.no\/wp-content\/uploads\/2025\/02\/cropped-nordnesrepublikken-2.png","width":1248,"height":362,"caption":"Nordnesrepublikken"},"image":{"@id":"https:\/\/nordnesrepublikken.no\/#\/schema\/logo\/image\/"}},{"@type":"Person","@id":"https:\/\/nordnesrepublikken.no\/#\/schema\/person\/2e7e81935bab77882fffb79296240ff1","name":"Ole Andersen","image":{"@type":"ImageObject","inLanguage":"nb-NO","@id":"https:\/\/nordnesrepublikken.no\/#\/schema\/person\/image\/","url":"https:\/\/nordnesrepublikken.no\/wp-content\/uploads\/2025\/02\/nordnesrepublikken-2-2-150x150.jpg","contentUrl":"https:\/\/nordnesrepublikken.no\/wp-content\/uploads\/2025\/02\/nordnesrepublikken-2-2-150x150.jpg","caption":"Ole Andersen"},"description":"Ettersom jeg vokste opp i Oslo, har jeg alltid v\u00e6rt fascinert av ordenes kraft og deres evne til \u00e5 skape endringer. Etter \u00e5 ha fullf\u00f8rt min utdannelse i kommunikasjon ved Universitetet i Bergen, fikk jeg muligheten til \u00e5 jobbe innen ulike medier, der jeg har s\u00f8kt \u00e5 belyse viktige samfunnssp\u00f8rsm\u00e5l. I dag, som redakt\u00f8r for Nordnesrepublikken, pr\u00f8ver jeg \u00e5 forene min kj\u00e6rlighet for journalistikk med min lidenskap for innovasjon og eventyr.","sameAs":["https:\/\/nordnesrepublikken.no\/"]}]}},"_links":{"self":[{"href":"https:\/\/nordnesrepublikken.no\/index.php\/wp-json\/wp\/v2\/posts\/21796","targetHints":{"allow":["GET"]}}],"collection":[{"href":"https:\/\/nordnesrepublikken.no\/index.php\/wp-json\/wp\/v2\/posts"}],"about":[{"href":"https:\/\/nordnesrepublikken.no\/index.php\/wp-json\/wp\/v2\/types\/post"}],"author":[{"embeddable":true,"href":"https:\/\/nordnesrepublikken.no\/index.php\/wp-json\/wp\/v2\/users\/1"}],"replies":[{"embeddable":true,"href":"https:\/\/nordnesrepublikken.no\/index.php\/wp-json\/wp\/v2\/comments?post=21796"}],"version-history":[{"count":1,"href":"https:\/\/nordnesrepublikken.no\/index.php\/wp-json\/wp\/v2\/posts\/21796\/revisions"}],"predecessor-version":[{"id":21798,"href":"https:\/\/nordnesrepublikken.no\/index.php\/wp-json\/wp\/v2\/posts\/21796\/revisions\/21798"}],"wp:featuredmedia":[{"embeddable":true,"href":"https:\/\/nordnesrepublikken.no\/index.php\/wp-json\/wp\/v2\/media\/21797"}],"wp:attachment":[{"href":"https:\/\/nordnesrepublikken.no\/index.php\/wp-json\/wp\/v2\/media?parent=21796"}],"wp:term":[{"taxonomy":"category","embeddable":true,"href":"https:\/\/nordnesrepublikken.no\/index.php\/wp-json\/wp\/v2\/categories?post=21796"},{"taxonomy":"post_tag","embeddable":true,"href":"https:\/\/nordnesrepublikken.no\/index.php\/wp-json\/wp\/v2\/tags?post=21796"}],"curies":[{"name":"wp","href":"https:\/\/api.w.org\/{rel}","templated":true}]}}