{"id":21787,"date":"2026-09-04T11:02:47","date_gmt":"2026-09-04T09:02:47","guid":{"rendered":"https:\/\/nordnesrepublikken.no\/index.php\/2026\/09\/04\/super-el-nino-til-2027-fns-klimaalarm-varme-og-ekstreme-hendelser-ogsa-mulig-i-italia\/"},"modified":"2026-09-04T11:02:49","modified_gmt":"2026-09-04T09:02:49","slug":"super-el-nino-til-2027-fns-klimaalarm-varme-og-ekstreme-hendelser-ogsa-mulig-i-italia","status":"publish","type":"post","link":"https:\/\/nordnesrepublikken.no\/index.php\/2026\/09\/04\/super-el-nino-til-2027-fns-klimaalarm-varme-og-ekstreme-hendelser-ogsa-mulig-i-italia\/","title":{"rendered":"Super El Ni\u00f1o til 2027, FNs klimaalarm: varme og ekstreme hendelser ogs\u00e5 mulig i Italia"},"content":{"rendered":"<div>\n<div class=\"cp_wrapper cp_wrapper--fw mb-30 mb-20@tablet\">\n<figure class=\"mm\"><picture class=\"img\" style=\"padding-top:56.25%\"><source  media=\"(min-width: 1024px)\"><source  media=\"(min-width: 768px)\"><\/source><\/source><\/picture><\/figure>\n<\/p><\/div>\n<p>FNs generalsekret\u00e6r <strong>Antonio Guterres<\/strong> sl\u00e5r alarm om klimasituasjonen: &laquo;<em>El Ni\u00f1o antar gigantiske proporsjoner. Planeten er i ukjent farvann<\/em>&laquo;. Globale temperaturer fortsetter \u00e5 stige og verden befinner seg fullt ut projisert inn i <strong>faresone for ekstreme v\u00e6rfenomener<\/strong>. Det ansl\u00e5r FNs klimabyr\u00e5 <strong>El Ni\u00f1o er nesten sikker p\u00e5 \u00e5 vedvare til februar 2027<\/strong>truer med \u00e5 gj\u00f8re <strong>neste \u00e5r det hotteste p\u00e5 rekord<\/strong> i jordens historie og presser hele det globale klimasystemet mot nye varmerekorder.<\/p>\n<p>Det er viktig \u00e5 huske det <strong>El Ni\u00f1o<\/strong> fungerer ikke som en deterministisk mekanisk bryter: fra et vitenskapelig synspunkt representerer den en risikofaktor som <strong>endrer de statistiske sannsynlighetene for ekstreme hendelser<\/strong>\u00f8ke frekvensen og intensiteten av visse <strong>meteorologiske anomalier<\/strong> uten \u00e5 garantere en 100 % unik tilknytning for hver enkelt region.<\/p>\n<p>Dette fenomenet vil sannsynligvis produsere noen <strong>indirekte konsekvenser<\/strong> ogs\u00e5 p\u00e5 middelhavsbassenget og <strong>om Italia, <\/strong>med temperaturer over det historiske gjennomsnittet i h\u00f8st- og vinterm\u00e5nedene og ekstreme v\u00e6rhendelser knyttet til et varmere enn normalt Middelhav.<\/p>\n<h2>Hva vil skje med planeten if\u00f8lge FN i 2026-2027<\/h2>\n<p>Drevet av eksepsjonelt h\u00f8ye havoverflatetemperaturer i det ekvatoriale Stillehavet, hvor termiske vannavvik er registrert mellom kl. <b>+1,5 \u00b0C og +2,5 \u00b0C over det historiske gjennomsnittet, <\/b>El Ni\u00f1o b\u00f8r ikke bare betraktes som en naturlig syklisk svingning, men en hendelse forsterket av menneskeskapt global oppvarming som risikerer \u00e5 f\u00f8re til at den kritiske terskelen for temperaturer blir permanent overskredet (som aldri har skjedd f\u00f8r). <b>1,5\u00b0C av global oppvarming<\/b> sammenlignet med f\u00f8rindustriell tid.<\/p>\n<p>Estimater fra Verdens meteorologiske organisasjon (WMO) indikerer en <strong>sannsynlighet n\u00e6r 100%<\/strong> at fenomenet v\u00e6r-klimaendringer <strong>fortsette<\/strong> hans grep <strong>til<\/strong> til f\u00f8rste kvartal av <strong>2027<\/strong>. Drevet av eksepsjonelt h\u00f8ye havoverflatetemperaturer i det tropiske og ekvatoriale Stillehavet, b\u00f8r El Ni\u00f1o ikke betraktes som bare en naturlig syklisk oscillasjon, men en<strong> begivenhet forsterket av menneskeskapt global oppvarming<\/strong>.<\/p>\n<p>Siden dette er et sannsynlighetsscenario, fremhever FNs vitenskapelige samfunn at f\u00f8lgende dynamikk kan forekomme hyppigere p\u00e5 global skala i de kommende m\u00e5nedene:<\/p>\n<ul>\n<li><b>Flom og kraftig nedb\u00f8r:<\/b> i ulike regioner i S\u00f8r-Amerika, Afrikas horn og S\u00f8r-Asia kunne vi se en st\u00f8rre frekvens av intens nedb\u00f8r, noe som \u00f8kte sannsynligheten for hydrogeologisk ustabilitet og overl\u00f8p.<\/li>\n<li><b>Langvarig t\u00f8rke og brannfare:<\/b> tvert imot vil omr\u00e5der som Australia, Indonesia og store deler av Mellom-Amerika se en \u00f8kt risiko for lengre t\u00f8rre perioder og en potensiell gjenoppblomstring av skogbranner.<\/li>\n<li><b>\u00d8kende globale gjennomsnittstemperaturer:<\/b> Siden varmen frigjort fra havene bidrar til den underliggende trenden med klimagasser, vil de kommende \u00e5rene ha stor sannsynlighet for \u00e5 sette nye historiske temperaturrekorder p\u00e5 planetarisk skala.<\/li>\n<\/ul>\n<div class=\"cp_wrapper cp_wrapper--fw mb-50\">\n<figure class=\"mm\"><picture class=\"img\" style=\"padding-top:53.918228279387%\"><source  media=\"(min-width: 1024px)\"><source  media=\"(min-width: 768px)\"><img decoding=\"async\" loading=\"lazy\" src=\"https:\/\/nordnesrepublikken.no\/wp-content\/uploads\/2026\/09\/1788512567_512_Super-El-Nino-til-2027-FNs-klimaalarm-varme-og-ekstreme.jpg\" alt=\"Bilde\" width=\"2348\" height=\"1266\"\/><\/source><\/source><\/picture><\/figure>\n<\/p><\/div>\n<h2>Fordi effektene av El Ni\u00f1o vil strekke seg fra Stillehavet til Italia<\/h2>\n<p>Selv om El Ni\u00f1o har sin opprinnelse i hjertet av det ekvatoriale Stillehavet, fungerer jordens klima som et sterkt sammenkoblet system. Variasjoner i den ekvatoriale atmosf\u00e6riske sirkulasjonen utl\u00f8ser s\u00e5kalte &laquo;<strong>teleforbindelser<\/strong>&raquo; i stand til \u00e5 p\u00e5virke v\u00e6ret p\u00e5 global skala, med mulig <strong>indirekte konsekvenser<\/strong> ogs\u00e5 p\u00e5 middelhavsbassenget og <strong>om Italia<\/strong>.<\/p>\n<p>Endringen av Walker Cell i Stillehavet modifiserer <strong>Jetstr\u00f8mmens bane<\/strong> (den polar-atlantiske jetstr\u00f8mmen) som driver forstyrrelsene mot Europa. F\u00f8lgelig kan f\u00f8lgende sannsynlige scenarier oppst\u00e5 p\u00e5 italiensk og europeisk territorium:<\/p>\n<ul>\n<li><b>Endring av atmosf\u00e6riske forstyrrelser og blokkeringer:<\/b> ethvert avvik i jetstr\u00f8mmen vil \u00f8ke sannsynligheten for lange perioder med blokkering. Dette kan favorisere en irritert veksling mellom unormalt t\u00f8rre faser og episoder med sv\u00e6rt konsentrert nedb\u00f8r i Italia.<\/li>\n<li><b>Sesongmessige termiske anomalier:<\/b> frigj\u00f8ring av varme p\u00e5 global skala vil redusere muligheten for varige kalde perioder, mer sannsynlig \u00e5 favorisere h\u00f8ster og vintre preget av temperaturer over det historiske gjennomsnittet, med mulige negative effekter p\u00e5 sn\u00f8dekket i Alpene.<\/li>\n<li><b>Trykk p\u00e5 den hydrologiske syklusen:<\/b> et Middelhav som muligens er varmere enn normalt ville ha en tendens til \u00e5 frigj\u00f8re en st\u00f8rre mengde vanndamp til atmosf\u00e6ren. Etter hvert som kaldere luftmasser kommer, vil den statistiske risikoen for intense meteorologiske hendelser lokalisert over det nasjonale territoriet \u00f8ke.<\/li>\n<\/ul><\/div>\n","protected":false},"excerpt":{"rendered":"<p>FNs generalsekret\u00e6r Antonio Guterres sl\u00e5r alarm om klimasituasjonen: &laquo;El Ni\u00f1o antar gigantiske proporsjoner. Planeten er<\/p>\n","protected":false},"author":1,"featured_media":21788,"comment_status":"closed","ping_status":"open","sticky":false,"template":"","format":"standard","meta":{"footnotes":""},"categories":[26],"tags":[5116,3359,194,437,14247,316,12332,753,2322,117,2026],"class_list":["post-21787","post","type-post","status-publish","format-standard","has-post-thumbnail","hentry","category-miljo","tag-ekstreme","tag-fns","tag-hendelser","tag-italia","tag-klimaalarm","tag-mulig","tag-nino","tag-ogsa","tag-super","tag-til","tag-varme","generate-columns","tablet-grid-50","mobile-grid-100","grid-parent","grid-33","resize-featured-image"],"yoast_head":"<!-- This site is optimized with the Yoast SEO plugin v24.4 - https:\/\/yoast.com\/wordpress\/plugins\/seo\/ -->\n<title>Super El Ni\u00f1o til 2027, FNs klimaalarm: varme og ekstreme hendelser ogs\u00e5 mulig i Italia - Nordnesrepublikken<\/title>\n<meta name=\"robots\" content=\"index, follow, max-snippet:-1, max-image-preview:large, max-video-preview:-1\" \/>\n<link rel=\"canonical\" href=\"https:\/\/nordnesrepublikken.no\/index.php\/2026\/09\/04\/super-el-nino-til-2027-fns-klimaalarm-varme-og-ekstreme-hendelser-ogsa-mulig-i-italia\/\" \/>\n<meta property=\"og:locale\" content=\"nb_NO\" \/>\n<meta property=\"og:type\" content=\"article\" \/>\n<meta property=\"og:title\" content=\"Super El Ni\u00f1o til 2027, FNs klimaalarm: varme og ekstreme hendelser ogs\u00e5 mulig i Italia - Nordnesrepublikken\" \/>\n<meta property=\"og:description\" content=\"FNs generalsekret\u00e6r Antonio Guterres sl\u00e5r alarm om klimasituasjonen: &laquo;El Ni\u00f1o antar gigantiske proporsjoner. Planeten er\" \/>\n<meta property=\"og:url\" content=\"https:\/\/nordnesrepublikken.no\/index.php\/2026\/09\/04\/super-el-nino-til-2027-fns-klimaalarm-varme-og-ekstreme-hendelser-ogsa-mulig-i-italia\/\" \/>\n<meta property=\"og:site_name\" content=\"Nordnesrepublikken\" \/>\n<meta property=\"article:published_time\" content=\"2026-09-04T09:02:47+00:00\" \/>\n<meta property=\"article:modified_time\" content=\"2026-09-04T09:02:49+00:00\" \/>\n<meta property=\"og:image\" content=\"https:\/\/nordnesrepublikken.no\/wp-content\/uploads\/2026\/09\/1788512568_Super-El-Nino-til-2027-FNs-klimaalarm-varme-og-ekstreme.jpg\" \/>\n\t<meta property=\"og:image:width\" content=\"1000\" \/>\n\t<meta property=\"og:image:height\" content=\"665\" \/>\n\t<meta property=\"og:image:type\" content=\"image\/jpeg\" \/>\n<meta name=\"author\" content=\"Ole Andersen\" \/>\n<meta name=\"twitter:card\" content=\"summary_large_image\" \/>\n<meta name=\"twitter:label1\" content=\"Skrevet av\" \/>\n\t<meta name=\"twitter:data1\" content=\"Ole Andersen\" \/>\n\t<meta name=\"twitter:label2\" content=\"Ansl. lesetid\" \/>\n\t<meta name=\"twitter:data2\" content=\"3 minutter\" \/>\n<script type=\"application\/ld+json\" class=\"yoast-schema-graph\">{\"@context\":\"https:\/\/schema.org\",\"@graph\":[{\"@type\":\"Article\",\"@id\":\"https:\/\/nordnesrepublikken.no\/index.php\/2026\/09\/04\/super-el-nino-til-2027-fns-klimaalarm-varme-og-ekstreme-hendelser-ogsa-mulig-i-italia\/#article\",\"isPartOf\":{\"@id\":\"https:\/\/nordnesrepublikken.no\/index.php\/2026\/09\/04\/super-el-nino-til-2027-fns-klimaalarm-varme-og-ekstreme-hendelser-ogsa-mulig-i-italia\/\"},\"author\":{\"name\":\"Ole Andersen\",\"@id\":\"https:\/\/nordnesrepublikken.no\/#\/schema\/person\/2e7e81935bab77882fffb79296240ff1\"},\"headline\":\"Super El Ni\u00f1o til 2027, FNs klimaalarm: varme og ekstreme hendelser ogs\u00e5 mulig i Italia\",\"datePublished\":\"2026-09-04T09:02:47+00:00\",\"dateModified\":\"2026-09-04T09:02:49+00:00\",\"mainEntityOfPage\":{\"@id\":\"https:\/\/nordnesrepublikken.no\/index.php\/2026\/09\/04\/super-el-nino-til-2027-fns-klimaalarm-varme-og-ekstreme-hendelser-ogsa-mulig-i-italia\/\"},\"wordCount\":669,\"publisher\":{\"@id\":\"https:\/\/nordnesrepublikken.no\/#organization\"},\"image\":{\"@id\":\"https:\/\/nordnesrepublikken.no\/index.php\/2026\/09\/04\/super-el-nino-til-2027-fns-klimaalarm-varme-og-ekstreme-hendelser-ogsa-mulig-i-italia\/#primaryimage\"},\"thumbnailUrl\":\"https:\/\/nordnesrepublikken.no\/wp-content\/uploads\/2026\/09\/1788512568_Super-El-Nino-til-2027-FNs-klimaalarm-varme-og-ekstreme.jpg\",\"keywords\":[\"ekstreme\",\"FNs\",\"hendelser\",\"Italia\",\"klimaalarm\",\"mulig\",\"Ni\u00f1o\",\"ogs\u00e5\",\"Super\",\"til\",\"varme\"],\"articleSection\":[\"Milj\u00f8\"],\"inLanguage\":\"nb-NO\"},{\"@type\":\"WebPage\",\"@id\":\"https:\/\/nordnesrepublikken.no\/index.php\/2026\/09\/04\/super-el-nino-til-2027-fns-klimaalarm-varme-og-ekstreme-hendelser-ogsa-mulig-i-italia\/\",\"url\":\"https:\/\/nordnesrepublikken.no\/index.php\/2026\/09\/04\/super-el-nino-til-2027-fns-klimaalarm-varme-og-ekstreme-hendelser-ogsa-mulig-i-italia\/\",\"name\":\"Super El Ni\u00f1o til 2027, FNs klimaalarm: varme og ekstreme hendelser ogs\u00e5 mulig i Italia - Nordnesrepublikken\",\"isPartOf\":{\"@id\":\"https:\/\/nordnesrepublikken.no\/#website\"},\"primaryImageOfPage\":{\"@id\":\"https:\/\/nordnesrepublikken.no\/index.php\/2026\/09\/04\/super-el-nino-til-2027-fns-klimaalarm-varme-og-ekstreme-hendelser-ogsa-mulig-i-italia\/#primaryimage\"},\"image\":{\"@id\":\"https:\/\/nordnesrepublikken.no\/index.php\/2026\/09\/04\/super-el-nino-til-2027-fns-klimaalarm-varme-og-ekstreme-hendelser-ogsa-mulig-i-italia\/#primaryimage\"},\"thumbnailUrl\":\"https:\/\/nordnesrepublikken.no\/wp-content\/uploads\/2026\/09\/1788512568_Super-El-Nino-til-2027-FNs-klimaalarm-varme-og-ekstreme.jpg\",\"datePublished\":\"2026-09-04T09:02:47+00:00\",\"dateModified\":\"2026-09-04T09:02:49+00:00\",\"breadcrumb\":{\"@id\":\"https:\/\/nordnesrepublikken.no\/index.php\/2026\/09\/04\/super-el-nino-til-2027-fns-klimaalarm-varme-og-ekstreme-hendelser-ogsa-mulig-i-italia\/#breadcrumb\"},\"inLanguage\":\"nb-NO\",\"potentialAction\":[{\"@type\":\"ReadAction\",\"target\":[\"https:\/\/nordnesrepublikken.no\/index.php\/2026\/09\/04\/super-el-nino-til-2027-fns-klimaalarm-varme-og-ekstreme-hendelser-ogsa-mulig-i-italia\/\"]}]},{\"@type\":\"ImageObject\",\"inLanguage\":\"nb-NO\",\"@id\":\"https:\/\/nordnesrepublikken.no\/index.php\/2026\/09\/04\/super-el-nino-til-2027-fns-klimaalarm-varme-og-ekstreme-hendelser-ogsa-mulig-i-italia\/#primaryimage\",\"url\":\"https:\/\/nordnesrepublikken.no\/wp-content\/uploads\/2026\/09\/1788512568_Super-El-Nino-til-2027-FNs-klimaalarm-varme-og-ekstreme.jpg\",\"contentUrl\":\"https:\/\/nordnesrepublikken.no\/wp-content\/uploads\/2026\/09\/1788512568_Super-El-Nino-til-2027-FNs-klimaalarm-varme-og-ekstreme.jpg\",\"width\":1000,\"height\":665,\"caption\":\"Super El Ni\u00f1o til 2027, FNs klimaalarm: varme og ekstreme hendelser ogs\u00e5 mulig i Italia\"},{\"@type\":\"BreadcrumbList\",\"@id\":\"https:\/\/nordnesrepublikken.no\/index.php\/2026\/09\/04\/super-el-nino-til-2027-fns-klimaalarm-varme-og-ekstreme-hendelser-ogsa-mulig-i-italia\/#breadcrumb\",\"itemListElement\":[{\"@type\":\"ListItem\",\"position\":1,\"name\":\"Home\",\"item\":\"https:\/\/nordnesrepublikken.no\/\"},{\"@type\":\"ListItem\",\"position\":2,\"name\":\"Super El Ni\u00f1o til 2027, FNs klimaalarm: varme og ekstreme hendelser ogs\u00e5 mulig i Italia\"}]},{\"@type\":\"WebSite\",\"@id\":\"https:\/\/nordnesrepublikken.no\/#website\",\"url\":\"https:\/\/nordnesrepublikken.no\/\",\"name\":\"Nordnesrepublikken\",\"description\":\"Stemmer og Visjoner fra Republikkens Hjerte\",\"publisher\":{\"@id\":\"https:\/\/nordnesrepublikken.no\/#organization\"},\"potentialAction\":[{\"@type\":\"SearchAction\",\"target\":{\"@type\":\"EntryPoint\",\"urlTemplate\":\"https:\/\/nordnesrepublikken.no\/?s={search_term_string}\"},\"query-input\":{\"@type\":\"PropertyValueSpecification\",\"valueRequired\":true,\"valueName\":\"search_term_string\"}}],\"inLanguage\":\"nb-NO\"},{\"@type\":\"Organization\",\"@id\":\"https:\/\/nordnesrepublikken.no\/#organization\",\"name\":\"Nordnesrepublikken\",\"url\":\"https:\/\/nordnesrepublikken.no\/\",\"logo\":{\"@type\":\"ImageObject\",\"inLanguage\":\"nb-NO\",\"@id\":\"https:\/\/nordnesrepublikken.no\/#\/schema\/logo\/image\/\",\"url\":\"https:\/\/nordnesrepublikken.no\/wp-content\/uploads\/2025\/02\/cropped-nordnesrepublikken-2.png\",\"contentUrl\":\"https:\/\/nordnesrepublikken.no\/wp-content\/uploads\/2025\/02\/cropped-nordnesrepublikken-2.png\",\"width\":1248,\"height\":362,\"caption\":\"Nordnesrepublikken\"},\"image\":{\"@id\":\"https:\/\/nordnesrepublikken.no\/#\/schema\/logo\/image\/\"}},{\"@type\":\"Person\",\"@id\":\"https:\/\/nordnesrepublikken.no\/#\/schema\/person\/2e7e81935bab77882fffb79296240ff1\",\"name\":\"Ole Andersen\",\"image\":{\"@type\":\"ImageObject\",\"inLanguage\":\"nb-NO\",\"@id\":\"https:\/\/nordnesrepublikken.no\/#\/schema\/person\/image\/\",\"url\":\"https:\/\/nordnesrepublikken.no\/wp-content\/uploads\/2025\/02\/nordnesrepublikken-2-2-150x150.jpg\",\"contentUrl\":\"https:\/\/nordnesrepublikken.no\/wp-content\/uploads\/2025\/02\/nordnesrepublikken-2-2-150x150.jpg\",\"caption\":\"Ole Andersen\"},\"description\":\"Ettersom jeg vokste opp i Oslo, har jeg alltid v\u00e6rt fascinert av ordenes kraft og deres evne til \u00e5 skape endringer. Etter \u00e5 ha fullf\u00f8rt min utdannelse i kommunikasjon ved Universitetet i Bergen, fikk jeg muligheten til \u00e5 jobbe innen ulike medier, der jeg har s\u00f8kt \u00e5 belyse viktige samfunnssp\u00f8rsm\u00e5l. I dag, som redakt\u00f8r for Nordnesrepublikken, pr\u00f8ver jeg \u00e5 forene min kj\u00e6rlighet for journalistikk med min lidenskap for innovasjon og eventyr.\",\"sameAs\":[\"https:\/\/nordnesrepublikken.no\/\"]}]}<\/script>\n<!-- \/ Yoast SEO plugin. -->","yoast_head_json":{"title":"Super El Ni\u00f1o til 2027, FNs klimaalarm: varme og ekstreme hendelser ogs\u00e5 mulig i Italia - Nordnesrepublikken","robots":{"index":"index","follow":"follow","max-snippet":"max-snippet:-1","max-image-preview":"max-image-preview:large","max-video-preview":"max-video-preview:-1"},"canonical":"https:\/\/nordnesrepublikken.no\/index.php\/2026\/09\/04\/super-el-nino-til-2027-fns-klimaalarm-varme-og-ekstreme-hendelser-ogsa-mulig-i-italia\/","og_locale":"nb_NO","og_type":"article","og_title":"Super El Ni\u00f1o til 2027, FNs klimaalarm: varme og ekstreme hendelser ogs\u00e5 mulig i Italia - Nordnesrepublikken","og_description":"FNs generalsekret\u00e6r Antonio Guterres sl\u00e5r alarm om klimasituasjonen: &laquo;El Ni\u00f1o antar gigantiske proporsjoner. Planeten er","og_url":"https:\/\/nordnesrepublikken.no\/index.php\/2026\/09\/04\/super-el-nino-til-2027-fns-klimaalarm-varme-og-ekstreme-hendelser-ogsa-mulig-i-italia\/","og_site_name":"Nordnesrepublikken","article_published_time":"2026-09-04T09:02:47+00:00","article_modified_time":"2026-09-04T09:02:49+00:00","og_image":[{"width":1000,"height":665,"url":"https:\/\/nordnesrepublikken.no\/wp-content\/uploads\/2026\/09\/1788512568_Super-El-Nino-til-2027-FNs-klimaalarm-varme-og-ekstreme.jpg","type":"image\/jpeg"}],"author":"Ole Andersen","twitter_card":"summary_large_image","twitter_misc":{"Skrevet av":"Ole Andersen","Ansl. lesetid":"3 minutter"},"schema":{"@context":"https:\/\/schema.org","@graph":[{"@type":"Article","@id":"https:\/\/nordnesrepublikken.no\/index.php\/2026\/09\/04\/super-el-nino-til-2027-fns-klimaalarm-varme-og-ekstreme-hendelser-ogsa-mulig-i-italia\/#article","isPartOf":{"@id":"https:\/\/nordnesrepublikken.no\/index.php\/2026\/09\/04\/super-el-nino-til-2027-fns-klimaalarm-varme-og-ekstreme-hendelser-ogsa-mulig-i-italia\/"},"author":{"name":"Ole Andersen","@id":"https:\/\/nordnesrepublikken.no\/#\/schema\/person\/2e7e81935bab77882fffb79296240ff1"},"headline":"Super El Ni\u00f1o til 2027, FNs klimaalarm: varme og ekstreme hendelser ogs\u00e5 mulig i Italia","datePublished":"2026-09-04T09:02:47+00:00","dateModified":"2026-09-04T09:02:49+00:00","mainEntityOfPage":{"@id":"https:\/\/nordnesrepublikken.no\/index.php\/2026\/09\/04\/super-el-nino-til-2027-fns-klimaalarm-varme-og-ekstreme-hendelser-ogsa-mulig-i-italia\/"},"wordCount":669,"publisher":{"@id":"https:\/\/nordnesrepublikken.no\/#organization"},"image":{"@id":"https:\/\/nordnesrepublikken.no\/index.php\/2026\/09\/04\/super-el-nino-til-2027-fns-klimaalarm-varme-og-ekstreme-hendelser-ogsa-mulig-i-italia\/#primaryimage"},"thumbnailUrl":"https:\/\/nordnesrepublikken.no\/wp-content\/uploads\/2026\/09\/1788512568_Super-El-Nino-til-2027-FNs-klimaalarm-varme-og-ekstreme.jpg","keywords":["ekstreme","FNs","hendelser","Italia","klimaalarm","mulig","Ni\u00f1o","ogs\u00e5","Super","til","varme"],"articleSection":["Milj\u00f8"],"inLanguage":"nb-NO"},{"@type":"WebPage","@id":"https:\/\/nordnesrepublikken.no\/index.php\/2026\/09\/04\/super-el-nino-til-2027-fns-klimaalarm-varme-og-ekstreme-hendelser-ogsa-mulig-i-italia\/","url":"https:\/\/nordnesrepublikken.no\/index.php\/2026\/09\/04\/super-el-nino-til-2027-fns-klimaalarm-varme-og-ekstreme-hendelser-ogsa-mulig-i-italia\/","name":"Super El Ni\u00f1o til 2027, FNs klimaalarm: varme og ekstreme hendelser ogs\u00e5 mulig i Italia - Nordnesrepublikken","isPartOf":{"@id":"https:\/\/nordnesrepublikken.no\/#website"},"primaryImageOfPage":{"@id":"https:\/\/nordnesrepublikken.no\/index.php\/2026\/09\/04\/super-el-nino-til-2027-fns-klimaalarm-varme-og-ekstreme-hendelser-ogsa-mulig-i-italia\/#primaryimage"},"image":{"@id":"https:\/\/nordnesrepublikken.no\/index.php\/2026\/09\/04\/super-el-nino-til-2027-fns-klimaalarm-varme-og-ekstreme-hendelser-ogsa-mulig-i-italia\/#primaryimage"},"thumbnailUrl":"https:\/\/nordnesrepublikken.no\/wp-content\/uploads\/2026\/09\/1788512568_Super-El-Nino-til-2027-FNs-klimaalarm-varme-og-ekstreme.jpg","datePublished":"2026-09-04T09:02:47+00:00","dateModified":"2026-09-04T09:02:49+00:00","breadcrumb":{"@id":"https:\/\/nordnesrepublikken.no\/index.php\/2026\/09\/04\/super-el-nino-til-2027-fns-klimaalarm-varme-og-ekstreme-hendelser-ogsa-mulig-i-italia\/#breadcrumb"},"inLanguage":"nb-NO","potentialAction":[{"@type":"ReadAction","target":["https:\/\/nordnesrepublikken.no\/index.php\/2026\/09\/04\/super-el-nino-til-2027-fns-klimaalarm-varme-og-ekstreme-hendelser-ogsa-mulig-i-italia\/"]}]},{"@type":"ImageObject","inLanguage":"nb-NO","@id":"https:\/\/nordnesrepublikken.no\/index.php\/2026\/09\/04\/super-el-nino-til-2027-fns-klimaalarm-varme-og-ekstreme-hendelser-ogsa-mulig-i-italia\/#primaryimage","url":"https:\/\/nordnesrepublikken.no\/wp-content\/uploads\/2026\/09\/1788512568_Super-El-Nino-til-2027-FNs-klimaalarm-varme-og-ekstreme.jpg","contentUrl":"https:\/\/nordnesrepublikken.no\/wp-content\/uploads\/2026\/09\/1788512568_Super-El-Nino-til-2027-FNs-klimaalarm-varme-og-ekstreme.jpg","width":1000,"height":665,"caption":"Super El Ni\u00f1o til 2027, FNs klimaalarm: varme og ekstreme hendelser ogs\u00e5 mulig i Italia"},{"@type":"BreadcrumbList","@id":"https:\/\/nordnesrepublikken.no\/index.php\/2026\/09\/04\/super-el-nino-til-2027-fns-klimaalarm-varme-og-ekstreme-hendelser-ogsa-mulig-i-italia\/#breadcrumb","itemListElement":[{"@type":"ListItem","position":1,"name":"Home","item":"https:\/\/nordnesrepublikken.no\/"},{"@type":"ListItem","position":2,"name":"Super El Ni\u00f1o til 2027, FNs klimaalarm: varme og ekstreme hendelser ogs\u00e5 mulig i Italia"}]},{"@type":"WebSite","@id":"https:\/\/nordnesrepublikken.no\/#website","url":"https:\/\/nordnesrepublikken.no\/","name":"Nordnesrepublikken","description":"Stemmer og Visjoner fra Republikkens Hjerte","publisher":{"@id":"https:\/\/nordnesrepublikken.no\/#organization"},"potentialAction":[{"@type":"SearchAction","target":{"@type":"EntryPoint","urlTemplate":"https:\/\/nordnesrepublikken.no\/?s={search_term_string}"},"query-input":{"@type":"PropertyValueSpecification","valueRequired":true,"valueName":"search_term_string"}}],"inLanguage":"nb-NO"},{"@type":"Organization","@id":"https:\/\/nordnesrepublikken.no\/#organization","name":"Nordnesrepublikken","url":"https:\/\/nordnesrepublikken.no\/","logo":{"@type":"ImageObject","inLanguage":"nb-NO","@id":"https:\/\/nordnesrepublikken.no\/#\/schema\/logo\/image\/","url":"https:\/\/nordnesrepublikken.no\/wp-content\/uploads\/2025\/02\/cropped-nordnesrepublikken-2.png","contentUrl":"https:\/\/nordnesrepublikken.no\/wp-content\/uploads\/2025\/02\/cropped-nordnesrepublikken-2.png","width":1248,"height":362,"caption":"Nordnesrepublikken"},"image":{"@id":"https:\/\/nordnesrepublikken.no\/#\/schema\/logo\/image\/"}},{"@type":"Person","@id":"https:\/\/nordnesrepublikken.no\/#\/schema\/person\/2e7e81935bab77882fffb79296240ff1","name":"Ole Andersen","image":{"@type":"ImageObject","inLanguage":"nb-NO","@id":"https:\/\/nordnesrepublikken.no\/#\/schema\/person\/image\/","url":"https:\/\/nordnesrepublikken.no\/wp-content\/uploads\/2025\/02\/nordnesrepublikken-2-2-150x150.jpg","contentUrl":"https:\/\/nordnesrepublikken.no\/wp-content\/uploads\/2025\/02\/nordnesrepublikken-2-2-150x150.jpg","caption":"Ole Andersen"},"description":"Ettersom jeg vokste opp i Oslo, har jeg alltid v\u00e6rt fascinert av ordenes kraft og deres evne til \u00e5 skape endringer. Etter \u00e5 ha fullf\u00f8rt min utdannelse i kommunikasjon ved Universitetet i Bergen, fikk jeg muligheten til \u00e5 jobbe innen ulike medier, der jeg har s\u00f8kt \u00e5 belyse viktige samfunnssp\u00f8rsm\u00e5l. I dag, som redakt\u00f8r for Nordnesrepublikken, pr\u00f8ver jeg \u00e5 forene min kj\u00e6rlighet for journalistikk med min lidenskap for innovasjon og eventyr.","sameAs":["https:\/\/nordnesrepublikken.no\/"]}]}},"_links":{"self":[{"href":"https:\/\/nordnesrepublikken.no\/index.php\/wp-json\/wp\/v2\/posts\/21787","targetHints":{"allow":["GET"]}}],"collection":[{"href":"https:\/\/nordnesrepublikken.no\/index.php\/wp-json\/wp\/v2\/posts"}],"about":[{"href":"https:\/\/nordnesrepublikken.no\/index.php\/wp-json\/wp\/v2\/types\/post"}],"author":[{"embeddable":true,"href":"https:\/\/nordnesrepublikken.no\/index.php\/wp-json\/wp\/v2\/users\/1"}],"replies":[{"embeddable":true,"href":"https:\/\/nordnesrepublikken.no\/index.php\/wp-json\/wp\/v2\/comments?post=21787"}],"version-history":[{"count":1,"href":"https:\/\/nordnesrepublikken.no\/index.php\/wp-json\/wp\/v2\/posts\/21787\/revisions"}],"predecessor-version":[{"id":21789,"href":"https:\/\/nordnesrepublikken.no\/index.php\/wp-json\/wp\/v2\/posts\/21787\/revisions\/21789"}],"wp:featuredmedia":[{"embeddable":true,"href":"https:\/\/nordnesrepublikken.no\/index.php\/wp-json\/wp\/v2\/media\/21788"}],"wp:attachment":[{"href":"https:\/\/nordnesrepublikken.no\/index.php\/wp-json\/wp\/v2\/media?parent=21787"}],"wp:term":[{"taxonomy":"category","embeddable":true,"href":"https:\/\/nordnesrepublikken.no\/index.php\/wp-json\/wp\/v2\/categories?post=21787"},{"taxonomy":"post_tag","embeddable":true,"href":"https:\/\/nordnesrepublikken.no\/index.php\/wp-json\/wp\/v2\/tags?post=21787"}],"curies":[{"name":"wp","href":"https:\/\/api.w.org\/{rel}","templated":true}]}}