{"id":21784,"date":"2026-09-04T10:03:10","date_gmt":"2026-09-04T08:03:10","guid":{"rendered":"https:\/\/nordnesrepublikken.no\/index.php\/2026\/09\/04\/verdens-forste-solcelledrevne-tog-er-en-gammel-australsk-konvoi-fra-49-hvordan-fungerer-det-byron-bay\/"},"modified":"2026-09-04T10:03:15","modified_gmt":"2026-09-04T08:03:15","slug":"verdens-forste-solcelledrevne-tog-er-en-gammel-australsk-konvoi-fra-49-hvordan-fungerer-det-byron-bay","status":"publish","type":"post","link":"https:\/\/nordnesrepublikken.no\/index.php\/2026\/09\/04\/verdens-forste-solcelledrevne-tog-er-en-gammel-australsk-konvoi-fra-49-hvordan-fungerer-det-byron-bay\/","title":{"rendered":"Verdens f\u00f8rste solcelledrevne tog er en gammel australsk konvoi fra &#8217;49: hvordan fungerer det Byron Bay"},"content":{"rendered":"<div>\n<div class=\"cp_wrapper cp_wrapper--fw mb-30 mb-20@tablet\">\n<figure class=\"mm\"><picture class=\"img\" style=\"padding-top:56.25%\"><source  media=\"(min-width: 1024px)\"><source  media=\"(min-width: 768px)\"><\/source><\/source><\/picture><\/figure>\n<\/p><\/div>\n<p>I <strong>Australia<\/strong> ble laget p\u00e5 <strong>f\u00f8rst<\/strong> <strong>tog<\/strong> <strong>fra<\/strong> <strong>historie<\/strong> drevet helt av <strong>energi<\/strong> <strong>solenergi<\/strong>: Den <strong>Byron<\/strong> <strong>Bukt<\/strong> <strong>Tog<\/strong>. Det virkelig gale er at dette kj\u00f8ret\u00f8yet ikke ble produsert fra bunnen av, som du forventer, men er ikke noe mer enn en <strong>historisk konvoi<\/strong> to-vogner bygget i 1949 og konvertert f\u00f8rst i 2017.<\/p>\n<p>For \u00e5 fungere er toget installert <strong>solcellepaneler<\/strong>i stand til \u00e5 generere str\u00f8m <strong>opptil 6,5 kW<\/strong>: Den <strong>Byron Bay <\/strong>den reiser 3 km p\u00e5 ca. 10 minutter. Kapasiteten er 92 passasjerer, med ekstra plass brukt til sykler eller surfebrett.<\/p>\n<h2>Hvordan Byron Bay-toget fungerer<\/h2>\n<p>Ideen om \u00e5 konvertere et gammelt dieseltog til et fullstendig solcelledrevet kj\u00f8ret\u00f8y g\u00e5r tilbake til 2013, da Byron Bay Railroad Company, en ideell organisasjon, bestemte seg for \u00e5 ta dette stykket av historien i egne hender og transformere det. Det f\u00f8rste trinnet var <strong>erstatning<\/strong> av den f\u00f8rste av de to originale motorene med <strong>elektriske trekkmotorer<\/strong>, <strong>inverter<\/strong> og a <strong>pakke<\/strong> <strong>Av<\/strong> <strong>batterier<\/strong> litiumion.<br \/>Den andre motoren ble imidlertid heller ikke fjernet <strong>balansere<\/strong> <strong>vektene<\/strong>det v\u00e6re seg hvordan <strong>reservere<\/strong> i n\u00f8dstilfeller &#8211; selv om det til dags dato ser ut til \u00e5 aldri ha blitt brukt, selv ikke i regnv\u00e6rsdager.<\/p>\n<p>Klart et solcelletog m\u00e5 fungere <strong>paneler<\/strong>som i dette tilfellet er montert p\u00e5 taket og kan generere str\u00f8m p\u00e5 opptil <strong>6,5 kW<\/strong>. Men ikke nok med det: I togdepotet er det ogs\u00e5 et solcelleanlegg <strong>30 kW<\/strong> med lagringsbatterier, som raskt kan lade hele konvoien og selge overskuddet til det lokale str\u00f8mnettet. Videre, som i elbiler, er det ogs\u00e5 <strong>bremsing<\/strong> <strong>regenererende<\/strong> som bidrar til \u00e5 \u00f8ke autonomien.<\/p>\n<p>Opptil 1000 passasjerer kan innkvarteres om bord <strong>92 personer<\/strong> og det er ledige plasser for transport av sykler og surfebrett \u2013 vi er fortsatt i Australia.<\/p>\n<h2>Fordeler og ulemper med verdens f\u00f8rste solcelledrevne tog<\/h2>\n<p>Et stunt av denne typen kan f\u00e5 oss til \u00e5 lure p\u00e5 hvorfor alle tog i dag ikke drives av solenergi, og som vi n\u00e5 skal se er det mange svar.<\/p>\n<p>F\u00f8rst og fremst reduseres hastigheten til disse kj\u00f8ret\u00f8yene for \u00e5 optimalisere batteriforbruket, og dessuten <strong>tegnet<\/strong> jeg er <strong>ekstremt liten<\/strong>. Faktisk er togreisen rettferdig<strong> 3 km<\/strong> langs den australske kysten, mellom sentrum av Byron Bay og North Beach. Total reisetid? 10 minutter. Selv i tilfelle av <strong>Quebrada Solar Train<\/strong> (et nyere solcelletog laget i Argentina) avstanden er bare <strong>42 kilometer<\/strong>en verdi langt fra de fleste kommersielle standarder.<\/p>\n<p>S\u00e5 er det i hvert fall forel\u00f8pig <strong>utenkelig<\/strong> bruk denne teknologien alene for \u00e5 drive en <strong>hele toget<\/strong>. Imidlertid er denne tiln\u00e6rmingen perfekt for turisme, gitt frav\u00e6ret av utslipp under reisen og stillheten til motorene.<\/p>\n<\/p><\/div>\n","protected":false},"excerpt":{"rendered":"<p>I Australia ble laget p\u00e5 f\u00f8rst tog fra historie drevet helt av energi solenergi: Den<\/p>\n","protected":false},"author":1,"featured_media":21785,"comment_status":"closed","ping_status":"open","sticky":false,"template":"","format":"standard","meta":{"footnotes":""},"categories":[24],"tags":[14244,3989,14246,66,67,125,581,596,112,14245,14243,1007,341],"class_list":["post-21784","post","type-post","status-publish","format-standard","has-post-thumbnail","hentry","category-vitenskap","tag-australsk","tag-bay","tag-byron","tag-det","tag-forste","tag-fra","tag-fungerer","tag-gammel","tag-hvordan","tag-konvoi","tag-solcelledrevne","tag-tog","tag-verdens","generate-columns","tablet-grid-50","mobile-grid-100","grid-parent","grid-33","resize-featured-image"],"yoast_head":"<!-- This site is optimized with the Yoast SEO plugin v24.4 - https:\/\/yoast.com\/wordpress\/plugins\/seo\/ -->\n<title>Verdens f\u00f8rste solcelledrevne tog er en gammel australsk konvoi fra &#039;49: hvordan fungerer det Byron Bay - Nordnesrepublikken<\/title>\n<meta name=\"robots\" content=\"index, follow, max-snippet:-1, max-image-preview:large, max-video-preview:-1\" \/>\n<link rel=\"canonical\" href=\"https:\/\/nordnesrepublikken.no\/index.php\/2026\/09\/04\/verdens-forste-solcelledrevne-tog-er-en-gammel-australsk-konvoi-fra-49-hvordan-fungerer-det-byron-bay\/\" \/>\n<meta property=\"og:locale\" content=\"nb_NO\" \/>\n<meta property=\"og:type\" content=\"article\" \/>\n<meta property=\"og:title\" content=\"Verdens f\u00f8rste solcelledrevne tog er en gammel australsk konvoi fra &#039;49: hvordan fungerer det Byron Bay - Nordnesrepublikken\" \/>\n<meta property=\"og:description\" content=\"I Australia ble laget p\u00e5 f\u00f8rst tog fra historie drevet helt av energi solenergi: Den\" \/>\n<meta property=\"og:url\" content=\"https:\/\/nordnesrepublikken.no\/index.php\/2026\/09\/04\/verdens-forste-solcelledrevne-tog-er-en-gammel-australsk-konvoi-fra-49-hvordan-fungerer-det-byron-bay\/\" \/>\n<meta property=\"og:site_name\" content=\"Nordnesrepublikken\" \/>\n<meta property=\"article:published_time\" content=\"2026-09-04T08:03:10+00:00\" \/>\n<meta property=\"article:modified_time\" content=\"2026-09-04T08:03:15+00:00\" \/>\n<meta property=\"og:image\" content=\"https:\/\/nordnesrepublikken.no\/wp-content\/uploads\/2026\/09\/1788508992_Verdens-forste-solcelledrevne-tog-er-en-gammel-australsk-konvoi-fra.jpg\" \/>\n\t<meta property=\"og:image:width\" content=\"2549\" \/>\n\t<meta property=\"og:image:height\" content=\"1491\" \/>\n\t<meta property=\"og:image:type\" content=\"image\/jpeg\" \/>\n<meta name=\"author\" content=\"Ole Andersen\" \/>\n<meta name=\"twitter:card\" content=\"summary_large_image\" \/>\n<meta name=\"twitter:label1\" content=\"Skrevet av\" \/>\n\t<meta name=\"twitter:data1\" content=\"Ole Andersen\" \/>\n\t<meta name=\"twitter:label2\" content=\"Ansl. lesetid\" \/>\n\t<meta name=\"twitter:data2\" content=\"2 minutter\" \/>\n<script type=\"application\/ld+json\" class=\"yoast-schema-graph\">{\"@context\":\"https:\/\/schema.org\",\"@graph\":[{\"@type\":\"Article\",\"@id\":\"https:\/\/nordnesrepublikken.no\/index.php\/2026\/09\/04\/verdens-forste-solcelledrevne-tog-er-en-gammel-australsk-konvoi-fra-49-hvordan-fungerer-det-byron-bay\/#article\",\"isPartOf\":{\"@id\":\"https:\/\/nordnesrepublikken.no\/index.php\/2026\/09\/04\/verdens-forste-solcelledrevne-tog-er-en-gammel-australsk-konvoi-fra-49-hvordan-fungerer-det-byron-bay\/\"},\"author\":{\"name\":\"Ole Andersen\",\"@id\":\"https:\/\/nordnesrepublikken.no\/#\/schema\/person\/2e7e81935bab77882fffb79296240ff1\"},\"headline\":\"Verdens f\u00f8rste solcelledrevne tog er en gammel australsk konvoi fra &#8217;49: hvordan fungerer det Byron Bay\",\"datePublished\":\"2026-09-04T08:03:10+00:00\",\"dateModified\":\"2026-09-04T08:03:15+00:00\",\"mainEntityOfPage\":{\"@id\":\"https:\/\/nordnesrepublikken.no\/index.php\/2026\/09\/04\/verdens-forste-solcelledrevne-tog-er-en-gammel-australsk-konvoi-fra-49-hvordan-fungerer-det-byron-bay\/\"},\"wordCount\":436,\"publisher\":{\"@id\":\"https:\/\/nordnesrepublikken.no\/#organization\"},\"image\":{\"@id\":\"https:\/\/nordnesrepublikken.no\/index.php\/2026\/09\/04\/verdens-forste-solcelledrevne-tog-er-en-gammel-australsk-konvoi-fra-49-hvordan-fungerer-det-byron-bay\/#primaryimage\"},\"thumbnailUrl\":\"https:\/\/nordnesrepublikken.no\/wp-content\/uploads\/2026\/09\/1788508992_Verdens-forste-solcelledrevne-tog-er-en-gammel-australsk-konvoi-fra.jpg\",\"keywords\":[\"australsk\",\"Bay\",\"Byron\",\"Det\",\"f\u00f8rste\",\"fra\",\"fungerer\",\"gammel\",\"Hvordan\",\"konvoi\",\"solcelledrevne\",\"tog\",\"Verdens\"],\"articleSection\":[\"Vitenskap\"],\"inLanguage\":\"nb-NO\"},{\"@type\":\"WebPage\",\"@id\":\"https:\/\/nordnesrepublikken.no\/index.php\/2026\/09\/04\/verdens-forste-solcelledrevne-tog-er-en-gammel-australsk-konvoi-fra-49-hvordan-fungerer-det-byron-bay\/\",\"url\":\"https:\/\/nordnesrepublikken.no\/index.php\/2026\/09\/04\/verdens-forste-solcelledrevne-tog-er-en-gammel-australsk-konvoi-fra-49-hvordan-fungerer-det-byron-bay\/\",\"name\":\"Verdens f\u00f8rste solcelledrevne tog er en gammel australsk konvoi fra '49: hvordan fungerer det Byron Bay - Nordnesrepublikken\",\"isPartOf\":{\"@id\":\"https:\/\/nordnesrepublikken.no\/#website\"},\"primaryImageOfPage\":{\"@id\":\"https:\/\/nordnesrepublikken.no\/index.php\/2026\/09\/04\/verdens-forste-solcelledrevne-tog-er-en-gammel-australsk-konvoi-fra-49-hvordan-fungerer-det-byron-bay\/#primaryimage\"},\"image\":{\"@id\":\"https:\/\/nordnesrepublikken.no\/index.php\/2026\/09\/04\/verdens-forste-solcelledrevne-tog-er-en-gammel-australsk-konvoi-fra-49-hvordan-fungerer-det-byron-bay\/#primaryimage\"},\"thumbnailUrl\":\"https:\/\/nordnesrepublikken.no\/wp-content\/uploads\/2026\/09\/1788508992_Verdens-forste-solcelledrevne-tog-er-en-gammel-australsk-konvoi-fra.jpg\",\"datePublished\":\"2026-09-04T08:03:10+00:00\",\"dateModified\":\"2026-09-04T08:03:15+00:00\",\"breadcrumb\":{\"@id\":\"https:\/\/nordnesrepublikken.no\/index.php\/2026\/09\/04\/verdens-forste-solcelledrevne-tog-er-en-gammel-australsk-konvoi-fra-49-hvordan-fungerer-det-byron-bay\/#breadcrumb\"},\"inLanguage\":\"nb-NO\",\"potentialAction\":[{\"@type\":\"ReadAction\",\"target\":[\"https:\/\/nordnesrepublikken.no\/index.php\/2026\/09\/04\/verdens-forste-solcelledrevne-tog-er-en-gammel-australsk-konvoi-fra-49-hvordan-fungerer-det-byron-bay\/\"]}]},{\"@type\":\"ImageObject\",\"inLanguage\":\"nb-NO\",\"@id\":\"https:\/\/nordnesrepublikken.no\/index.php\/2026\/09\/04\/verdens-forste-solcelledrevne-tog-er-en-gammel-australsk-konvoi-fra-49-hvordan-fungerer-det-byron-bay\/#primaryimage\",\"url\":\"https:\/\/nordnesrepublikken.no\/wp-content\/uploads\/2026\/09\/1788508992_Verdens-forste-solcelledrevne-tog-er-en-gammel-australsk-konvoi-fra.jpg\",\"contentUrl\":\"https:\/\/nordnesrepublikken.no\/wp-content\/uploads\/2026\/09\/1788508992_Verdens-forste-solcelledrevne-tog-er-en-gammel-australsk-konvoi-fra.jpg\",\"width\":2549,\"height\":1491,\"caption\":\"Verdens f\u00f8rste solcelledrevne tog er en gammel australsk konvoi fra '49: hvordan fungerer det Byron Bay\"},{\"@type\":\"BreadcrumbList\",\"@id\":\"https:\/\/nordnesrepublikken.no\/index.php\/2026\/09\/04\/verdens-forste-solcelledrevne-tog-er-en-gammel-australsk-konvoi-fra-49-hvordan-fungerer-det-byron-bay\/#breadcrumb\",\"itemListElement\":[{\"@type\":\"ListItem\",\"position\":1,\"name\":\"Home\",\"item\":\"https:\/\/nordnesrepublikken.no\/\"},{\"@type\":\"ListItem\",\"position\":2,\"name\":\"Verdens f\u00f8rste solcelledrevne tog er en gammel australsk konvoi fra &#8217;49: hvordan fungerer det Byron Bay\"}]},{\"@type\":\"WebSite\",\"@id\":\"https:\/\/nordnesrepublikken.no\/#website\",\"url\":\"https:\/\/nordnesrepublikken.no\/\",\"name\":\"Nordnesrepublikken\",\"description\":\"Stemmer og Visjoner fra Republikkens Hjerte\",\"publisher\":{\"@id\":\"https:\/\/nordnesrepublikken.no\/#organization\"},\"potentialAction\":[{\"@type\":\"SearchAction\",\"target\":{\"@type\":\"EntryPoint\",\"urlTemplate\":\"https:\/\/nordnesrepublikken.no\/?s={search_term_string}\"},\"query-input\":{\"@type\":\"PropertyValueSpecification\",\"valueRequired\":true,\"valueName\":\"search_term_string\"}}],\"inLanguage\":\"nb-NO\"},{\"@type\":\"Organization\",\"@id\":\"https:\/\/nordnesrepublikken.no\/#organization\",\"name\":\"Nordnesrepublikken\",\"url\":\"https:\/\/nordnesrepublikken.no\/\",\"logo\":{\"@type\":\"ImageObject\",\"inLanguage\":\"nb-NO\",\"@id\":\"https:\/\/nordnesrepublikken.no\/#\/schema\/logo\/image\/\",\"url\":\"https:\/\/nordnesrepublikken.no\/wp-content\/uploads\/2025\/02\/cropped-nordnesrepublikken-2.png\",\"contentUrl\":\"https:\/\/nordnesrepublikken.no\/wp-content\/uploads\/2025\/02\/cropped-nordnesrepublikken-2.png\",\"width\":1248,\"height\":362,\"caption\":\"Nordnesrepublikken\"},\"image\":{\"@id\":\"https:\/\/nordnesrepublikken.no\/#\/schema\/logo\/image\/\"}},{\"@type\":\"Person\",\"@id\":\"https:\/\/nordnesrepublikken.no\/#\/schema\/person\/2e7e81935bab77882fffb79296240ff1\",\"name\":\"Ole Andersen\",\"image\":{\"@type\":\"ImageObject\",\"inLanguage\":\"nb-NO\",\"@id\":\"https:\/\/nordnesrepublikken.no\/#\/schema\/person\/image\/\",\"url\":\"https:\/\/nordnesrepublikken.no\/wp-content\/uploads\/2025\/02\/nordnesrepublikken-2-2-150x150.jpg\",\"contentUrl\":\"https:\/\/nordnesrepublikken.no\/wp-content\/uploads\/2025\/02\/nordnesrepublikken-2-2-150x150.jpg\",\"caption\":\"Ole Andersen\"},\"description\":\"Ettersom jeg vokste opp i Oslo, har jeg alltid v\u00e6rt fascinert av ordenes kraft og deres evne til \u00e5 skape endringer. Etter \u00e5 ha fullf\u00f8rt min utdannelse i kommunikasjon ved Universitetet i Bergen, fikk jeg muligheten til \u00e5 jobbe innen ulike medier, der jeg har s\u00f8kt \u00e5 belyse viktige samfunnssp\u00f8rsm\u00e5l. I dag, som redakt\u00f8r for Nordnesrepublikken, pr\u00f8ver jeg \u00e5 forene min kj\u00e6rlighet for journalistikk med min lidenskap for innovasjon og eventyr.\",\"sameAs\":[\"https:\/\/nordnesrepublikken.no\/\"]}]}<\/script>\n<!-- \/ Yoast SEO plugin. -->","yoast_head_json":{"title":"Verdens f\u00f8rste solcelledrevne tog er en gammel australsk konvoi fra '49: hvordan fungerer det Byron Bay - Nordnesrepublikken","robots":{"index":"index","follow":"follow","max-snippet":"max-snippet:-1","max-image-preview":"max-image-preview:large","max-video-preview":"max-video-preview:-1"},"canonical":"https:\/\/nordnesrepublikken.no\/index.php\/2026\/09\/04\/verdens-forste-solcelledrevne-tog-er-en-gammel-australsk-konvoi-fra-49-hvordan-fungerer-det-byron-bay\/","og_locale":"nb_NO","og_type":"article","og_title":"Verdens f\u00f8rste solcelledrevne tog er en gammel australsk konvoi fra '49: hvordan fungerer det Byron Bay - Nordnesrepublikken","og_description":"I Australia ble laget p\u00e5 f\u00f8rst tog fra historie drevet helt av energi solenergi: Den","og_url":"https:\/\/nordnesrepublikken.no\/index.php\/2026\/09\/04\/verdens-forste-solcelledrevne-tog-er-en-gammel-australsk-konvoi-fra-49-hvordan-fungerer-det-byron-bay\/","og_site_name":"Nordnesrepublikken","article_published_time":"2026-09-04T08:03:10+00:00","article_modified_time":"2026-09-04T08:03:15+00:00","og_image":[{"width":2549,"height":1491,"url":"https:\/\/nordnesrepublikken.no\/wp-content\/uploads\/2026\/09\/1788508992_Verdens-forste-solcelledrevne-tog-er-en-gammel-australsk-konvoi-fra.jpg","type":"image\/jpeg"}],"author":"Ole Andersen","twitter_card":"summary_large_image","twitter_misc":{"Skrevet av":"Ole Andersen","Ansl. lesetid":"2 minutter"},"schema":{"@context":"https:\/\/schema.org","@graph":[{"@type":"Article","@id":"https:\/\/nordnesrepublikken.no\/index.php\/2026\/09\/04\/verdens-forste-solcelledrevne-tog-er-en-gammel-australsk-konvoi-fra-49-hvordan-fungerer-det-byron-bay\/#article","isPartOf":{"@id":"https:\/\/nordnesrepublikken.no\/index.php\/2026\/09\/04\/verdens-forste-solcelledrevne-tog-er-en-gammel-australsk-konvoi-fra-49-hvordan-fungerer-det-byron-bay\/"},"author":{"name":"Ole Andersen","@id":"https:\/\/nordnesrepublikken.no\/#\/schema\/person\/2e7e81935bab77882fffb79296240ff1"},"headline":"Verdens f\u00f8rste solcelledrevne tog er en gammel australsk konvoi fra &#8217;49: hvordan fungerer det Byron Bay","datePublished":"2026-09-04T08:03:10+00:00","dateModified":"2026-09-04T08:03:15+00:00","mainEntityOfPage":{"@id":"https:\/\/nordnesrepublikken.no\/index.php\/2026\/09\/04\/verdens-forste-solcelledrevne-tog-er-en-gammel-australsk-konvoi-fra-49-hvordan-fungerer-det-byron-bay\/"},"wordCount":436,"publisher":{"@id":"https:\/\/nordnesrepublikken.no\/#organization"},"image":{"@id":"https:\/\/nordnesrepublikken.no\/index.php\/2026\/09\/04\/verdens-forste-solcelledrevne-tog-er-en-gammel-australsk-konvoi-fra-49-hvordan-fungerer-det-byron-bay\/#primaryimage"},"thumbnailUrl":"https:\/\/nordnesrepublikken.no\/wp-content\/uploads\/2026\/09\/1788508992_Verdens-forste-solcelledrevne-tog-er-en-gammel-australsk-konvoi-fra.jpg","keywords":["australsk","Bay","Byron","Det","f\u00f8rste","fra","fungerer","gammel","Hvordan","konvoi","solcelledrevne","tog","Verdens"],"articleSection":["Vitenskap"],"inLanguage":"nb-NO"},{"@type":"WebPage","@id":"https:\/\/nordnesrepublikken.no\/index.php\/2026\/09\/04\/verdens-forste-solcelledrevne-tog-er-en-gammel-australsk-konvoi-fra-49-hvordan-fungerer-det-byron-bay\/","url":"https:\/\/nordnesrepublikken.no\/index.php\/2026\/09\/04\/verdens-forste-solcelledrevne-tog-er-en-gammel-australsk-konvoi-fra-49-hvordan-fungerer-det-byron-bay\/","name":"Verdens f\u00f8rste solcelledrevne tog er en gammel australsk konvoi fra '49: hvordan fungerer det Byron Bay - Nordnesrepublikken","isPartOf":{"@id":"https:\/\/nordnesrepublikken.no\/#website"},"primaryImageOfPage":{"@id":"https:\/\/nordnesrepublikken.no\/index.php\/2026\/09\/04\/verdens-forste-solcelledrevne-tog-er-en-gammel-australsk-konvoi-fra-49-hvordan-fungerer-det-byron-bay\/#primaryimage"},"image":{"@id":"https:\/\/nordnesrepublikken.no\/index.php\/2026\/09\/04\/verdens-forste-solcelledrevne-tog-er-en-gammel-australsk-konvoi-fra-49-hvordan-fungerer-det-byron-bay\/#primaryimage"},"thumbnailUrl":"https:\/\/nordnesrepublikken.no\/wp-content\/uploads\/2026\/09\/1788508992_Verdens-forste-solcelledrevne-tog-er-en-gammel-australsk-konvoi-fra.jpg","datePublished":"2026-09-04T08:03:10+00:00","dateModified":"2026-09-04T08:03:15+00:00","breadcrumb":{"@id":"https:\/\/nordnesrepublikken.no\/index.php\/2026\/09\/04\/verdens-forste-solcelledrevne-tog-er-en-gammel-australsk-konvoi-fra-49-hvordan-fungerer-det-byron-bay\/#breadcrumb"},"inLanguage":"nb-NO","potentialAction":[{"@type":"ReadAction","target":["https:\/\/nordnesrepublikken.no\/index.php\/2026\/09\/04\/verdens-forste-solcelledrevne-tog-er-en-gammel-australsk-konvoi-fra-49-hvordan-fungerer-det-byron-bay\/"]}]},{"@type":"ImageObject","inLanguage":"nb-NO","@id":"https:\/\/nordnesrepublikken.no\/index.php\/2026\/09\/04\/verdens-forste-solcelledrevne-tog-er-en-gammel-australsk-konvoi-fra-49-hvordan-fungerer-det-byron-bay\/#primaryimage","url":"https:\/\/nordnesrepublikken.no\/wp-content\/uploads\/2026\/09\/1788508992_Verdens-forste-solcelledrevne-tog-er-en-gammel-australsk-konvoi-fra.jpg","contentUrl":"https:\/\/nordnesrepublikken.no\/wp-content\/uploads\/2026\/09\/1788508992_Verdens-forste-solcelledrevne-tog-er-en-gammel-australsk-konvoi-fra.jpg","width":2549,"height":1491,"caption":"Verdens f\u00f8rste solcelledrevne tog er en gammel australsk konvoi fra '49: hvordan fungerer det Byron Bay"},{"@type":"BreadcrumbList","@id":"https:\/\/nordnesrepublikken.no\/index.php\/2026\/09\/04\/verdens-forste-solcelledrevne-tog-er-en-gammel-australsk-konvoi-fra-49-hvordan-fungerer-det-byron-bay\/#breadcrumb","itemListElement":[{"@type":"ListItem","position":1,"name":"Home","item":"https:\/\/nordnesrepublikken.no\/"},{"@type":"ListItem","position":2,"name":"Verdens f\u00f8rste solcelledrevne tog er en gammel australsk konvoi fra &#8217;49: hvordan fungerer det Byron Bay"}]},{"@type":"WebSite","@id":"https:\/\/nordnesrepublikken.no\/#website","url":"https:\/\/nordnesrepublikken.no\/","name":"Nordnesrepublikken","description":"Stemmer og Visjoner fra Republikkens Hjerte","publisher":{"@id":"https:\/\/nordnesrepublikken.no\/#organization"},"potentialAction":[{"@type":"SearchAction","target":{"@type":"EntryPoint","urlTemplate":"https:\/\/nordnesrepublikken.no\/?s={search_term_string}"},"query-input":{"@type":"PropertyValueSpecification","valueRequired":true,"valueName":"search_term_string"}}],"inLanguage":"nb-NO"},{"@type":"Organization","@id":"https:\/\/nordnesrepublikken.no\/#organization","name":"Nordnesrepublikken","url":"https:\/\/nordnesrepublikken.no\/","logo":{"@type":"ImageObject","inLanguage":"nb-NO","@id":"https:\/\/nordnesrepublikken.no\/#\/schema\/logo\/image\/","url":"https:\/\/nordnesrepublikken.no\/wp-content\/uploads\/2025\/02\/cropped-nordnesrepublikken-2.png","contentUrl":"https:\/\/nordnesrepublikken.no\/wp-content\/uploads\/2025\/02\/cropped-nordnesrepublikken-2.png","width":1248,"height":362,"caption":"Nordnesrepublikken"},"image":{"@id":"https:\/\/nordnesrepublikken.no\/#\/schema\/logo\/image\/"}},{"@type":"Person","@id":"https:\/\/nordnesrepublikken.no\/#\/schema\/person\/2e7e81935bab77882fffb79296240ff1","name":"Ole Andersen","image":{"@type":"ImageObject","inLanguage":"nb-NO","@id":"https:\/\/nordnesrepublikken.no\/#\/schema\/person\/image\/","url":"https:\/\/nordnesrepublikken.no\/wp-content\/uploads\/2025\/02\/nordnesrepublikken-2-2-150x150.jpg","contentUrl":"https:\/\/nordnesrepublikken.no\/wp-content\/uploads\/2025\/02\/nordnesrepublikken-2-2-150x150.jpg","caption":"Ole Andersen"},"description":"Ettersom jeg vokste opp i Oslo, har jeg alltid v\u00e6rt fascinert av ordenes kraft og deres evne til \u00e5 skape endringer. Etter \u00e5 ha fullf\u00f8rt min utdannelse i kommunikasjon ved Universitetet i Bergen, fikk jeg muligheten til \u00e5 jobbe innen ulike medier, der jeg har s\u00f8kt \u00e5 belyse viktige samfunnssp\u00f8rsm\u00e5l. I dag, som redakt\u00f8r for Nordnesrepublikken, pr\u00f8ver jeg \u00e5 forene min kj\u00e6rlighet for journalistikk med min lidenskap for innovasjon og eventyr.","sameAs":["https:\/\/nordnesrepublikken.no\/"]}]}},"_links":{"self":[{"href":"https:\/\/nordnesrepublikken.no\/index.php\/wp-json\/wp\/v2\/posts\/21784","targetHints":{"allow":["GET"]}}],"collection":[{"href":"https:\/\/nordnesrepublikken.no\/index.php\/wp-json\/wp\/v2\/posts"}],"about":[{"href":"https:\/\/nordnesrepublikken.no\/index.php\/wp-json\/wp\/v2\/types\/post"}],"author":[{"embeddable":true,"href":"https:\/\/nordnesrepublikken.no\/index.php\/wp-json\/wp\/v2\/users\/1"}],"replies":[{"embeddable":true,"href":"https:\/\/nordnesrepublikken.no\/index.php\/wp-json\/wp\/v2\/comments?post=21784"}],"version-history":[{"count":1,"href":"https:\/\/nordnesrepublikken.no\/index.php\/wp-json\/wp\/v2\/posts\/21784\/revisions"}],"predecessor-version":[{"id":21786,"href":"https:\/\/nordnesrepublikken.no\/index.php\/wp-json\/wp\/v2\/posts\/21784\/revisions\/21786"}],"wp:featuredmedia":[{"embeddable":true,"href":"https:\/\/nordnesrepublikken.no\/index.php\/wp-json\/wp\/v2\/media\/21785"}],"wp:attachment":[{"href":"https:\/\/nordnesrepublikken.no\/index.php\/wp-json\/wp\/v2\/media?parent=21784"}],"wp:term":[{"taxonomy":"category","embeddable":true,"href":"https:\/\/nordnesrepublikken.no\/index.php\/wp-json\/wp\/v2\/categories?post=21784"},{"taxonomy":"post_tag","embeddable":true,"href":"https:\/\/nordnesrepublikken.no\/index.php\/wp-json\/wp\/v2\/tags?post=21784"}],"curies":[{"name":"wp","href":"https:\/\/api.w.org\/{rel}","templated":true}]}}