{"id":21781,"date":"2026-09-04T07:02:39","date_gmt":"2026-09-04T05:02:39","guid":{"rendered":"https:\/\/nordnesrepublikken.no\/index.php\/2026\/09\/04\/det-vestromerske-imperiets-fall-for-1550-ar-siden-hvorfor-datoen-for-479-e-kr-er-en-konvensjon\/"},"modified":"2026-09-04T07:02:47","modified_gmt":"2026-09-04T05:02:47","slug":"det-vestromerske-imperiets-fall-for-1550-ar-siden-hvorfor-datoen-for-479-e-kr-er-en-konvensjon","status":"publish","type":"post","link":"https:\/\/nordnesrepublikken.no\/index.php\/2026\/09\/04\/det-vestromerske-imperiets-fall-for-1550-ar-siden-hvorfor-datoen-for-479-e-kr-er-en-konvensjon\/","title":{"rendered":"Det vestromerske imperiets fall for 1550 \u00e5r siden: hvorfor datoen for 479 e.Kr. er en konvensjon"},"content":{"rendered":"<div>\n<div class=\"cp_wrapper cp_wrapper--fw mb-30 mb-20@tablet\">\n<figure class=\"mm\"><picture class=\"img\" style=\"padding-top:56.25%\"><source  media=\"(min-width: 1024px)\"><source  media=\"(min-width: 768px)\"><\/source><\/source><\/picture><\/figure>\n<\/p><\/div>\n<p>De <strong>4. september 476<\/strong> den barbariske lederen <strong>Odoacer<\/strong> avsatte den siste vestlige keiseren, den yngre <strong>Romulus Augustulus<\/strong>og i stedet for \u00e5 utnevne en etterf\u00f8lger, sendte han <strong>keisermaktens insignier i Konstantinopel<\/strong>og anerkjente \u00f8stens ene som den eneste legitime keiseren. Arrangementet regnes som \u00f8yeblikket av <strong>det vestromerske imperiets fall, <\/strong>vestlige delen av Romerriket offisielt f\u00f8dt 395 e.Kr. med d\u00f8den til keiser Theodosius I &#8211; i motsetning til det \u00f8stlige Romerriket. P\u00e5 tidspunktet for fakta var det imidlertid ingen som oppfattet avsetningen av keiseren som en betydelig endring, og f\u00f8rst ettersom \u00e5rene gikk ble det <strong>anerkjent som en viktig begivenhet<\/strong>. I dag anerkjenner historikere kontinuiteten mellom f\u00f8r og etter og anser imperiets fall som en gradvis prosess.<\/p>\n<p>Datoen 4. september 476 e.Kr <strong>det er derfor kun en konvensjon<\/strong>selv om avsetningen av Romulus Augustulus og slutten av rekkef\u00f8lgen av keisere <strong>hadde utgjort et brudd i det minste p\u00e5 et symbolsk niv\u00e5<\/strong>.<\/p>\n<h2>Hva skjedde 4. september 476 og hvem som beseiret det vestromerske riket<\/h2>\n<p>4. september er den konvensjonelle datoen som markerer det vestromerske imperiets fall. I den mest utbredte underavdelingen av historiske epoker representerer datoen slutten av antikken og begynnelsen av middelalderen.<\/p>\n<p>For \u00e5 forst\u00e5 hva som egentlig skjedde den 4. september 476 er det n\u00f8dvendig \u00e5 vurdere forholdene imperiet befant seg i. Siden det 4. \u00e5rhundre har territoriet v\u00e6rt <strong>delt inn i to store uavhengige sektorer<\/strong>: de vestlige og \u00f8stlige imperiene, med Konstantinopel som hovedstad. Det vestlige imperiet p\u00e5 500-tallet var <strong>redusert til en skygge av seg selv<\/strong>: den kontrollerte bare den italienske halv\u00f8ya og m\u00e5tte m\u00f8te \u00f8konomiske vanskeligheter, politisk ustabilitet og angrep fra barbariske folk. Selv <strong>byen Roma var ikke trygg<\/strong>til det punktet at den i 410 ble plyndret av vestgoterne ledet av kong Alarik: det var den f\u00f8rste invasjonen av den evige byen siden angrepet av Senone-gallerne i 390 f.Kr. C., alts\u00e5 <strong>800 \u00e5r f\u00f8r<\/strong>.<\/p>\n<div class=\"cp_wrapper cp_wrapper--fw mb-50\">\n<figure class=\"mm\"><picture class=\"img\" style=\"padding-top:66.111111111111%\"><source  media=\"(min-width: 1024px)\"><source  media=\"(min-width: 768px)\"><img decoding=\"async\" loading=\"lazy\" src=\"https:\/\/nordnesrepublikken.no\/wp-content\/uploads\/2026\/09\/1788498158_840_Det-vestromerske-imperiets-fall-for-1550-ar-siden-hvorfor-datoen.jpg\" alt=\"Imperiet i 410 (Wikimedia Commons)\" width=\"900\" height=\"595\"\/><\/source><\/source><\/picture><\/figure>\n<\/p><\/div>\n<p>P\u00e5 500-tallet fortsatte imperiet formelt \u00e5 eksistere, men den <strong>Keisernes makt ble sterkt redusert<\/strong>. De virkelige autoritetsinnehaverne var <strong>barbariske milit\u00e6rsjefer<\/strong>som kunne avsette keisere etter eget \u00f8nske.<\/p>\n<p>I 476 Odoacer, leder av leiesoldatmilitsene, <strong>ledet et oppr\u00f8r mot keiseren<\/strong>den fjorten \u00e5r gamle Romolo Augustolo (som opptr\u00e5dte p\u00e5 vegne av sin far, generalen <strong>Flavius \u200b\u200bOrestes<\/strong>). Imidlertid, i motsetning til andre barbariske ledere, etter \u00e5 ha avsatt ham <strong>han utnevnte ikke en ny keiser<\/strong>Han p\u00e5tok seg heller ikke den keiserlige tittelen for seg selv, men sendte keisermaktens insignier til Konstantinopel, og anerkjente \u00f8stens ene som den eneste keiseren, dvs. <strong>Zeno<\/strong>. Sistnevnte for \u00f8yeblikket <strong>aksepterte &laquo;kuppet&raquo;<\/strong> av Odoacer, og anerkjente ham faktisk som hans representant i Italia.<\/p>\n<p>Avsetningen av Romulus Augustulus <strong>Ikke<\/strong> <strong>det var et traumatisk brudd<\/strong>men det markerte slutten p\u00e5 rekkef\u00f8lgen av vestlige keisere og hadde <strong>langsiktige konsekvenser<\/strong>.<\/p>\n<div class=\"cp_wrapper cp_wrapper--fw mb-50\">\n<figure class=\"mm\"><picture class=\"img\" style=\"padding-top:94.4%\"><source  media=\"(min-width: 1024px)\"><source  media=\"(min-width: 768px)\"><img decoding=\"async\" loading=\"lazy\" src=\"https:\/\/nordnesrepublikken.no\/wp-content\/uploads\/2026\/09\/1788498158_332_Det-vestromerske-imperiets-fall-for-1550-ar-siden-hvorfor-datoen.jpg\" alt=\"Mynt som viser Romulus Augustulus (Wikimedia Commons)\" width=\"250\" height=\"236\" class=\"js-seedtag-img\"\/><\/source><\/source><\/picture><\/figure>\n<\/p><\/div>\n<h2>Hva representerte avsetningen av den siste keiseren: oppfatningen av kollaps<\/h2>\n<p>For \u00f8yeblikket, <strong>nesten ingen la merke til endringen <\/strong>som Odoacers valg innebar. F\u00f8rst fra det 6. \u00e5rhundre inns\u00e5 noen intellektuelle at avsetningen av Romulus Augustulus representerte en <strong>betydelig hendelse<\/strong>.  Ingen trodde imidlertid at imperiet hadde kollapset: det overlevde faktisk, <strong>det \u00f8stlige imperiet<\/strong> (den gang bare kalt Romerriket), som representerte kontinuitet med fortiden.<\/p>\n<p>Ideen om at 476 utgjorde en endring i sivilisasjonen, med <strong>sammenbruddet av den antikke verden og begynnelsen av middelalderens &laquo;m\u00f8rke middelalder&raquo;.<\/strong>etablerte seg f\u00f8rst i relativt nyere tid, fra det attende \u00e5rhundre og opplysningstiden, og i dag er det <strong>betraktet som bare en konvensjon<\/strong>: det brukes til \u00e5 dele historiske epoker, men det regnes ikke som et radikalt brudd.<\/p>\n<h2>\u00c5rsakene til imperiets fall: en langsom prosess med interne og eksterne kriser<\/h2>\n<p>Den mest autoritative historieskrivningen anerkjenner at imperiets fall var en <strong>gradvis prosess<\/strong>der ytre \u00e5rsaker (fremveksten av barbariske folk) og interne \u00e5rsaker (\u00f8konomisk-sosial krise, politisk ustabilitet, etc.) var assosiert, noe som for\u00e5rsaket, mellom det 4. og 5. \u00e5rhundre, en <strong>langsom, men ub\u00f8nnh\u00f8rlig erosjon av keisermakten, <\/strong>hvis ende f\u00f8rte til at Vest-Europa delte seg i flere romersk-barbariske riker.<\/p>\n<div class=\"cp_wrapper cp_wrapper--fw mb-50\">\n<figure class=\"mm\"><picture class=\"img\" style=\"padding-top:70.729166666667%\"><source  media=\"(min-width: 1024px)\"><source  media=\"(min-width: 768px)\"><img decoding=\"async\" loading=\"lazy\" src=\"https:\/\/nordnesrepublikken.no\/wp-content\/uploads\/2026\/09\/1788498159_477_Det-vestromerske-imperiets-fall-for-1550-ar-siden-hvorfor-datoen.jpg\" alt=\"De barbariske invasjonene (Wikimedia Commons)\" width=\"1920\" height=\"1358\"\/><\/source><\/source><\/picture><\/figure>\n<\/p><\/div>\n<p>Historikere p\u00e5peker dessuten ogs\u00e5 <strong>kontinuitet mellom f\u00f8r og etter<\/strong>: i 476 kollapset ikke en verden for \u00e5 gi plass til en ny og mange ting forble uendret. Det er ingen tilfeldighet at konseptet med <strong>senantikken<\/strong> \u00e5 betegne perioden omtrent mellom det 4. og 6. \u00e5rhundre e.Kr. C., der vi gradvis gikk fra den antikke verden til middelalderen: en epoke preget av den siste vestlige keiserens fall, men ogs\u00e5 av <strong>kontinuitet av en rekke \u00f8konomiske, sosiale og kulturelle egenskaper<\/strong>.<\/p>\n<\/p><\/div>\n","protected":false},"excerpt":{"rendered":"<p>De 4. september 476 den barbariske lederen Odoacer avsatte den siste vestlige keiseren, den yngre<\/p>\n","protected":false},"author":1,"featured_media":21782,"comment_status":"closed","ping_status":"open","sticky":false,"template":"","format":"standard","meta":{"footnotes":""},"categories":[104],"tags":[595,371,66,11366,1390,101,14242,3360,564,14241],"class_list":["post-21781","post","type-post","status-publish","format-standard","has-post-thumbnail","hentry","category-samfunn","tag-ar","tag-datoen","tag-det","tag-e-kr","tag-fall","tag-hvorfor","tag-imperiets","tag-konvensjon","tag-siden","tag-vestromerske","generate-columns","tablet-grid-50","mobile-grid-100","grid-parent","grid-33","resize-featured-image"],"yoast_head":"<!-- This site is optimized with the Yoast SEO plugin v24.4 - https:\/\/yoast.com\/wordpress\/plugins\/seo\/ -->\n<title>Det vestromerske imperiets fall for 1550 \u00e5r siden: hvorfor datoen for 479 e.Kr. er en konvensjon - Nordnesrepublikken<\/title>\n<meta name=\"robots\" content=\"index, follow, max-snippet:-1, max-image-preview:large, max-video-preview:-1\" \/>\n<link rel=\"canonical\" href=\"https:\/\/nordnesrepublikken.no\/index.php\/2026\/09\/04\/det-vestromerske-imperiets-fall-for-1550-ar-siden-hvorfor-datoen-for-479-e-kr-er-en-konvensjon\/\" \/>\n<meta property=\"og:locale\" content=\"nb_NO\" \/>\n<meta property=\"og:type\" content=\"article\" \/>\n<meta property=\"og:title\" content=\"Det vestromerske imperiets fall for 1550 \u00e5r siden: hvorfor datoen for 479 e.Kr. er en konvensjon - Nordnesrepublikken\" \/>\n<meta property=\"og:description\" content=\"De 4. september 476 den barbariske lederen Odoacer avsatte den siste vestlige keiseren, den yngre\" \/>\n<meta property=\"og:url\" content=\"https:\/\/nordnesrepublikken.no\/index.php\/2026\/09\/04\/det-vestromerske-imperiets-fall-for-1550-ar-siden-hvorfor-datoen-for-479-e-kr-er-en-konvensjon\/\" \/>\n<meta property=\"og:site_name\" content=\"Nordnesrepublikken\" \/>\n<meta property=\"article:published_time\" content=\"2026-09-04T05:02:39+00:00\" \/>\n<meta property=\"article:modified_time\" content=\"2026-09-04T05:02:47+00:00\" \/>\n<meta property=\"og:image\" content=\"https:\/\/nordnesrepublikken.no\/wp-content\/uploads\/2026\/09\/1788498162_Det-vestromerske-imperiets-fall-for-1550-ar-siden-hvorfor-datoen-scaled.jpg\" \/>\n\t<meta property=\"og:image:width\" content=\"2560\" \/>\n\t<meta property=\"og:image:height\" content=\"1588\" \/>\n\t<meta property=\"og:image:type\" content=\"image\/jpeg\" \/>\n<meta name=\"author\" content=\"Ole Andersen\" \/>\n<meta name=\"twitter:card\" content=\"summary_large_image\" \/>\n<meta name=\"twitter:label1\" content=\"Skrevet av\" \/>\n\t<meta name=\"twitter:data1\" content=\"Ole Andersen\" \/>\n\t<meta name=\"twitter:label2\" content=\"Ansl. lesetid\" \/>\n\t<meta name=\"twitter:data2\" content=\"4 minutter\" \/>\n<script type=\"application\/ld+json\" class=\"yoast-schema-graph\">{\"@context\":\"https:\/\/schema.org\",\"@graph\":[{\"@type\":\"Article\",\"@id\":\"https:\/\/nordnesrepublikken.no\/index.php\/2026\/09\/04\/det-vestromerske-imperiets-fall-for-1550-ar-siden-hvorfor-datoen-for-479-e-kr-er-en-konvensjon\/#article\",\"isPartOf\":{\"@id\":\"https:\/\/nordnesrepublikken.no\/index.php\/2026\/09\/04\/det-vestromerske-imperiets-fall-for-1550-ar-siden-hvorfor-datoen-for-479-e-kr-er-en-konvensjon\/\"},\"author\":{\"name\":\"Ole Andersen\",\"@id\":\"https:\/\/nordnesrepublikken.no\/#\/schema\/person\/2e7e81935bab77882fffb79296240ff1\"},\"headline\":\"Det vestromerske imperiets fall for 1550 \u00e5r siden: hvorfor datoen for 479 e.Kr. er en konvensjon\",\"datePublished\":\"2026-09-04T05:02:39+00:00\",\"dateModified\":\"2026-09-04T05:02:47+00:00\",\"mainEntityOfPage\":{\"@id\":\"https:\/\/nordnesrepublikken.no\/index.php\/2026\/09\/04\/det-vestromerske-imperiets-fall-for-1550-ar-siden-hvorfor-datoen-for-479-e-kr-er-en-konvensjon\/\"},\"wordCount\":721,\"publisher\":{\"@id\":\"https:\/\/nordnesrepublikken.no\/#organization\"},\"image\":{\"@id\":\"https:\/\/nordnesrepublikken.no\/index.php\/2026\/09\/04\/det-vestromerske-imperiets-fall-for-1550-ar-siden-hvorfor-datoen-for-479-e-kr-er-en-konvensjon\/#primaryimage\"},\"thumbnailUrl\":\"https:\/\/nordnesrepublikken.no\/wp-content\/uploads\/2026\/09\/1788498162_Det-vestromerske-imperiets-fall-for-1550-ar-siden-hvorfor-datoen-scaled.jpg\",\"keywords\":[\"\u00e5r\",\"datoen\",\"Det\",\"e.Kr\",\"Fall\",\"hvorfor\",\"imperiets\",\"konvensjon\",\"siden\",\"vestromerske\"],\"articleSection\":[\"Samfunn\"],\"inLanguage\":\"nb-NO\"},{\"@type\":\"WebPage\",\"@id\":\"https:\/\/nordnesrepublikken.no\/index.php\/2026\/09\/04\/det-vestromerske-imperiets-fall-for-1550-ar-siden-hvorfor-datoen-for-479-e-kr-er-en-konvensjon\/\",\"url\":\"https:\/\/nordnesrepublikken.no\/index.php\/2026\/09\/04\/det-vestromerske-imperiets-fall-for-1550-ar-siden-hvorfor-datoen-for-479-e-kr-er-en-konvensjon\/\",\"name\":\"Det vestromerske imperiets fall for 1550 \u00e5r siden: hvorfor datoen for 479 e.Kr. er en konvensjon - Nordnesrepublikken\",\"isPartOf\":{\"@id\":\"https:\/\/nordnesrepublikken.no\/#website\"},\"primaryImageOfPage\":{\"@id\":\"https:\/\/nordnesrepublikken.no\/index.php\/2026\/09\/04\/det-vestromerske-imperiets-fall-for-1550-ar-siden-hvorfor-datoen-for-479-e-kr-er-en-konvensjon\/#primaryimage\"},\"image\":{\"@id\":\"https:\/\/nordnesrepublikken.no\/index.php\/2026\/09\/04\/det-vestromerske-imperiets-fall-for-1550-ar-siden-hvorfor-datoen-for-479-e-kr-er-en-konvensjon\/#primaryimage\"},\"thumbnailUrl\":\"https:\/\/nordnesrepublikken.no\/wp-content\/uploads\/2026\/09\/1788498162_Det-vestromerske-imperiets-fall-for-1550-ar-siden-hvorfor-datoen-scaled.jpg\",\"datePublished\":\"2026-09-04T05:02:39+00:00\",\"dateModified\":\"2026-09-04T05:02:47+00:00\",\"breadcrumb\":{\"@id\":\"https:\/\/nordnesrepublikken.no\/index.php\/2026\/09\/04\/det-vestromerske-imperiets-fall-for-1550-ar-siden-hvorfor-datoen-for-479-e-kr-er-en-konvensjon\/#breadcrumb\"},\"inLanguage\":\"nb-NO\",\"potentialAction\":[{\"@type\":\"ReadAction\",\"target\":[\"https:\/\/nordnesrepublikken.no\/index.php\/2026\/09\/04\/det-vestromerske-imperiets-fall-for-1550-ar-siden-hvorfor-datoen-for-479-e-kr-er-en-konvensjon\/\"]}]},{\"@type\":\"ImageObject\",\"inLanguage\":\"nb-NO\",\"@id\":\"https:\/\/nordnesrepublikken.no\/index.php\/2026\/09\/04\/det-vestromerske-imperiets-fall-for-1550-ar-siden-hvorfor-datoen-for-479-e-kr-er-en-konvensjon\/#primaryimage\",\"url\":\"https:\/\/nordnesrepublikken.no\/wp-content\/uploads\/2026\/09\/1788498162_Det-vestromerske-imperiets-fall-for-1550-ar-siden-hvorfor-datoen-scaled.jpg\",\"contentUrl\":\"https:\/\/nordnesrepublikken.no\/wp-content\/uploads\/2026\/09\/1788498162_Det-vestromerske-imperiets-fall-for-1550-ar-siden-hvorfor-datoen-scaled.jpg\",\"width\":2560,\"height\":1588,\"caption\":\"Det vestromerske imperiets fall for 1550 \u00e5r siden: hvorfor datoen for 479 e.Kr. er en konvensjon\"},{\"@type\":\"BreadcrumbList\",\"@id\":\"https:\/\/nordnesrepublikken.no\/index.php\/2026\/09\/04\/det-vestromerske-imperiets-fall-for-1550-ar-siden-hvorfor-datoen-for-479-e-kr-er-en-konvensjon\/#breadcrumb\",\"itemListElement\":[{\"@type\":\"ListItem\",\"position\":1,\"name\":\"Home\",\"item\":\"https:\/\/nordnesrepublikken.no\/\"},{\"@type\":\"ListItem\",\"position\":2,\"name\":\"Det vestromerske imperiets fall for 1550 \u00e5r siden: hvorfor datoen for 479 e.Kr. er en konvensjon\"}]},{\"@type\":\"WebSite\",\"@id\":\"https:\/\/nordnesrepublikken.no\/#website\",\"url\":\"https:\/\/nordnesrepublikken.no\/\",\"name\":\"Nordnesrepublikken\",\"description\":\"Stemmer og Visjoner fra Republikkens Hjerte\",\"publisher\":{\"@id\":\"https:\/\/nordnesrepublikken.no\/#organization\"},\"potentialAction\":[{\"@type\":\"SearchAction\",\"target\":{\"@type\":\"EntryPoint\",\"urlTemplate\":\"https:\/\/nordnesrepublikken.no\/?s={search_term_string}\"},\"query-input\":{\"@type\":\"PropertyValueSpecification\",\"valueRequired\":true,\"valueName\":\"search_term_string\"}}],\"inLanguage\":\"nb-NO\"},{\"@type\":\"Organization\",\"@id\":\"https:\/\/nordnesrepublikken.no\/#organization\",\"name\":\"Nordnesrepublikken\",\"url\":\"https:\/\/nordnesrepublikken.no\/\",\"logo\":{\"@type\":\"ImageObject\",\"inLanguage\":\"nb-NO\",\"@id\":\"https:\/\/nordnesrepublikken.no\/#\/schema\/logo\/image\/\",\"url\":\"https:\/\/nordnesrepublikken.no\/wp-content\/uploads\/2025\/02\/cropped-nordnesrepublikken-2.png\",\"contentUrl\":\"https:\/\/nordnesrepublikken.no\/wp-content\/uploads\/2025\/02\/cropped-nordnesrepublikken-2.png\",\"width\":1248,\"height\":362,\"caption\":\"Nordnesrepublikken\"},\"image\":{\"@id\":\"https:\/\/nordnesrepublikken.no\/#\/schema\/logo\/image\/\"}},{\"@type\":\"Person\",\"@id\":\"https:\/\/nordnesrepublikken.no\/#\/schema\/person\/2e7e81935bab77882fffb79296240ff1\",\"name\":\"Ole Andersen\",\"image\":{\"@type\":\"ImageObject\",\"inLanguage\":\"nb-NO\",\"@id\":\"https:\/\/nordnesrepublikken.no\/#\/schema\/person\/image\/\",\"url\":\"https:\/\/nordnesrepublikken.no\/wp-content\/uploads\/2025\/02\/nordnesrepublikken-2-2-150x150.jpg\",\"contentUrl\":\"https:\/\/nordnesrepublikken.no\/wp-content\/uploads\/2025\/02\/nordnesrepublikken-2-2-150x150.jpg\",\"caption\":\"Ole Andersen\"},\"description\":\"Ettersom jeg vokste opp i Oslo, har jeg alltid v\u00e6rt fascinert av ordenes kraft og deres evne til \u00e5 skape endringer. Etter \u00e5 ha fullf\u00f8rt min utdannelse i kommunikasjon ved Universitetet i Bergen, fikk jeg muligheten til \u00e5 jobbe innen ulike medier, der jeg har s\u00f8kt \u00e5 belyse viktige samfunnssp\u00f8rsm\u00e5l. I dag, som redakt\u00f8r for Nordnesrepublikken, pr\u00f8ver jeg \u00e5 forene min kj\u00e6rlighet for journalistikk med min lidenskap for innovasjon og eventyr.\",\"sameAs\":[\"https:\/\/nordnesrepublikken.no\/\"]}]}<\/script>\n<!-- \/ Yoast SEO plugin. -->","yoast_head_json":{"title":"Det vestromerske imperiets fall for 1550 \u00e5r siden: hvorfor datoen for 479 e.Kr. er en konvensjon - Nordnesrepublikken","robots":{"index":"index","follow":"follow","max-snippet":"max-snippet:-1","max-image-preview":"max-image-preview:large","max-video-preview":"max-video-preview:-1"},"canonical":"https:\/\/nordnesrepublikken.no\/index.php\/2026\/09\/04\/det-vestromerske-imperiets-fall-for-1550-ar-siden-hvorfor-datoen-for-479-e-kr-er-en-konvensjon\/","og_locale":"nb_NO","og_type":"article","og_title":"Det vestromerske imperiets fall for 1550 \u00e5r siden: hvorfor datoen for 479 e.Kr. er en konvensjon - Nordnesrepublikken","og_description":"De 4. september 476 den barbariske lederen Odoacer avsatte den siste vestlige keiseren, den yngre","og_url":"https:\/\/nordnesrepublikken.no\/index.php\/2026\/09\/04\/det-vestromerske-imperiets-fall-for-1550-ar-siden-hvorfor-datoen-for-479-e-kr-er-en-konvensjon\/","og_site_name":"Nordnesrepublikken","article_published_time":"2026-09-04T05:02:39+00:00","article_modified_time":"2026-09-04T05:02:47+00:00","og_image":[{"width":2560,"height":1588,"url":"https:\/\/nordnesrepublikken.no\/wp-content\/uploads\/2026\/09\/1788498162_Det-vestromerske-imperiets-fall-for-1550-ar-siden-hvorfor-datoen-scaled.jpg","type":"image\/jpeg"}],"author":"Ole Andersen","twitter_card":"summary_large_image","twitter_misc":{"Skrevet av":"Ole Andersen","Ansl. lesetid":"4 minutter"},"schema":{"@context":"https:\/\/schema.org","@graph":[{"@type":"Article","@id":"https:\/\/nordnesrepublikken.no\/index.php\/2026\/09\/04\/det-vestromerske-imperiets-fall-for-1550-ar-siden-hvorfor-datoen-for-479-e-kr-er-en-konvensjon\/#article","isPartOf":{"@id":"https:\/\/nordnesrepublikken.no\/index.php\/2026\/09\/04\/det-vestromerske-imperiets-fall-for-1550-ar-siden-hvorfor-datoen-for-479-e-kr-er-en-konvensjon\/"},"author":{"name":"Ole Andersen","@id":"https:\/\/nordnesrepublikken.no\/#\/schema\/person\/2e7e81935bab77882fffb79296240ff1"},"headline":"Det vestromerske imperiets fall for 1550 \u00e5r siden: hvorfor datoen for 479 e.Kr. er en konvensjon","datePublished":"2026-09-04T05:02:39+00:00","dateModified":"2026-09-04T05:02:47+00:00","mainEntityOfPage":{"@id":"https:\/\/nordnesrepublikken.no\/index.php\/2026\/09\/04\/det-vestromerske-imperiets-fall-for-1550-ar-siden-hvorfor-datoen-for-479-e-kr-er-en-konvensjon\/"},"wordCount":721,"publisher":{"@id":"https:\/\/nordnesrepublikken.no\/#organization"},"image":{"@id":"https:\/\/nordnesrepublikken.no\/index.php\/2026\/09\/04\/det-vestromerske-imperiets-fall-for-1550-ar-siden-hvorfor-datoen-for-479-e-kr-er-en-konvensjon\/#primaryimage"},"thumbnailUrl":"https:\/\/nordnesrepublikken.no\/wp-content\/uploads\/2026\/09\/1788498162_Det-vestromerske-imperiets-fall-for-1550-ar-siden-hvorfor-datoen-scaled.jpg","keywords":["\u00e5r","datoen","Det","e.Kr","Fall","hvorfor","imperiets","konvensjon","siden","vestromerske"],"articleSection":["Samfunn"],"inLanguage":"nb-NO"},{"@type":"WebPage","@id":"https:\/\/nordnesrepublikken.no\/index.php\/2026\/09\/04\/det-vestromerske-imperiets-fall-for-1550-ar-siden-hvorfor-datoen-for-479-e-kr-er-en-konvensjon\/","url":"https:\/\/nordnesrepublikken.no\/index.php\/2026\/09\/04\/det-vestromerske-imperiets-fall-for-1550-ar-siden-hvorfor-datoen-for-479-e-kr-er-en-konvensjon\/","name":"Det vestromerske imperiets fall for 1550 \u00e5r siden: hvorfor datoen for 479 e.Kr. er en konvensjon - Nordnesrepublikken","isPartOf":{"@id":"https:\/\/nordnesrepublikken.no\/#website"},"primaryImageOfPage":{"@id":"https:\/\/nordnesrepublikken.no\/index.php\/2026\/09\/04\/det-vestromerske-imperiets-fall-for-1550-ar-siden-hvorfor-datoen-for-479-e-kr-er-en-konvensjon\/#primaryimage"},"image":{"@id":"https:\/\/nordnesrepublikken.no\/index.php\/2026\/09\/04\/det-vestromerske-imperiets-fall-for-1550-ar-siden-hvorfor-datoen-for-479-e-kr-er-en-konvensjon\/#primaryimage"},"thumbnailUrl":"https:\/\/nordnesrepublikken.no\/wp-content\/uploads\/2026\/09\/1788498162_Det-vestromerske-imperiets-fall-for-1550-ar-siden-hvorfor-datoen-scaled.jpg","datePublished":"2026-09-04T05:02:39+00:00","dateModified":"2026-09-04T05:02:47+00:00","breadcrumb":{"@id":"https:\/\/nordnesrepublikken.no\/index.php\/2026\/09\/04\/det-vestromerske-imperiets-fall-for-1550-ar-siden-hvorfor-datoen-for-479-e-kr-er-en-konvensjon\/#breadcrumb"},"inLanguage":"nb-NO","potentialAction":[{"@type":"ReadAction","target":["https:\/\/nordnesrepublikken.no\/index.php\/2026\/09\/04\/det-vestromerske-imperiets-fall-for-1550-ar-siden-hvorfor-datoen-for-479-e-kr-er-en-konvensjon\/"]}]},{"@type":"ImageObject","inLanguage":"nb-NO","@id":"https:\/\/nordnesrepublikken.no\/index.php\/2026\/09\/04\/det-vestromerske-imperiets-fall-for-1550-ar-siden-hvorfor-datoen-for-479-e-kr-er-en-konvensjon\/#primaryimage","url":"https:\/\/nordnesrepublikken.no\/wp-content\/uploads\/2026\/09\/1788498162_Det-vestromerske-imperiets-fall-for-1550-ar-siden-hvorfor-datoen-scaled.jpg","contentUrl":"https:\/\/nordnesrepublikken.no\/wp-content\/uploads\/2026\/09\/1788498162_Det-vestromerske-imperiets-fall-for-1550-ar-siden-hvorfor-datoen-scaled.jpg","width":2560,"height":1588,"caption":"Det vestromerske imperiets fall for 1550 \u00e5r siden: hvorfor datoen for 479 e.Kr. er en konvensjon"},{"@type":"BreadcrumbList","@id":"https:\/\/nordnesrepublikken.no\/index.php\/2026\/09\/04\/det-vestromerske-imperiets-fall-for-1550-ar-siden-hvorfor-datoen-for-479-e-kr-er-en-konvensjon\/#breadcrumb","itemListElement":[{"@type":"ListItem","position":1,"name":"Home","item":"https:\/\/nordnesrepublikken.no\/"},{"@type":"ListItem","position":2,"name":"Det vestromerske imperiets fall for 1550 \u00e5r siden: hvorfor datoen for 479 e.Kr. er en konvensjon"}]},{"@type":"WebSite","@id":"https:\/\/nordnesrepublikken.no\/#website","url":"https:\/\/nordnesrepublikken.no\/","name":"Nordnesrepublikken","description":"Stemmer og Visjoner fra Republikkens Hjerte","publisher":{"@id":"https:\/\/nordnesrepublikken.no\/#organization"},"potentialAction":[{"@type":"SearchAction","target":{"@type":"EntryPoint","urlTemplate":"https:\/\/nordnesrepublikken.no\/?s={search_term_string}"},"query-input":{"@type":"PropertyValueSpecification","valueRequired":true,"valueName":"search_term_string"}}],"inLanguage":"nb-NO"},{"@type":"Organization","@id":"https:\/\/nordnesrepublikken.no\/#organization","name":"Nordnesrepublikken","url":"https:\/\/nordnesrepublikken.no\/","logo":{"@type":"ImageObject","inLanguage":"nb-NO","@id":"https:\/\/nordnesrepublikken.no\/#\/schema\/logo\/image\/","url":"https:\/\/nordnesrepublikken.no\/wp-content\/uploads\/2025\/02\/cropped-nordnesrepublikken-2.png","contentUrl":"https:\/\/nordnesrepublikken.no\/wp-content\/uploads\/2025\/02\/cropped-nordnesrepublikken-2.png","width":1248,"height":362,"caption":"Nordnesrepublikken"},"image":{"@id":"https:\/\/nordnesrepublikken.no\/#\/schema\/logo\/image\/"}},{"@type":"Person","@id":"https:\/\/nordnesrepublikken.no\/#\/schema\/person\/2e7e81935bab77882fffb79296240ff1","name":"Ole Andersen","image":{"@type":"ImageObject","inLanguage":"nb-NO","@id":"https:\/\/nordnesrepublikken.no\/#\/schema\/person\/image\/","url":"https:\/\/nordnesrepublikken.no\/wp-content\/uploads\/2025\/02\/nordnesrepublikken-2-2-150x150.jpg","contentUrl":"https:\/\/nordnesrepublikken.no\/wp-content\/uploads\/2025\/02\/nordnesrepublikken-2-2-150x150.jpg","caption":"Ole Andersen"},"description":"Ettersom jeg vokste opp i Oslo, har jeg alltid v\u00e6rt fascinert av ordenes kraft og deres evne til \u00e5 skape endringer. Etter \u00e5 ha fullf\u00f8rt min utdannelse i kommunikasjon ved Universitetet i Bergen, fikk jeg muligheten til \u00e5 jobbe innen ulike medier, der jeg har s\u00f8kt \u00e5 belyse viktige samfunnssp\u00f8rsm\u00e5l. I dag, som redakt\u00f8r for Nordnesrepublikken, pr\u00f8ver jeg \u00e5 forene min kj\u00e6rlighet for journalistikk med min lidenskap for innovasjon og eventyr.","sameAs":["https:\/\/nordnesrepublikken.no\/"]}]}},"_links":{"self":[{"href":"https:\/\/nordnesrepublikken.no\/index.php\/wp-json\/wp\/v2\/posts\/21781","targetHints":{"allow":["GET"]}}],"collection":[{"href":"https:\/\/nordnesrepublikken.no\/index.php\/wp-json\/wp\/v2\/posts"}],"about":[{"href":"https:\/\/nordnesrepublikken.no\/index.php\/wp-json\/wp\/v2\/types\/post"}],"author":[{"embeddable":true,"href":"https:\/\/nordnesrepublikken.no\/index.php\/wp-json\/wp\/v2\/users\/1"}],"replies":[{"embeddable":true,"href":"https:\/\/nordnesrepublikken.no\/index.php\/wp-json\/wp\/v2\/comments?post=21781"}],"version-history":[{"count":1,"href":"https:\/\/nordnesrepublikken.no\/index.php\/wp-json\/wp\/v2\/posts\/21781\/revisions"}],"predecessor-version":[{"id":21783,"href":"https:\/\/nordnesrepublikken.no\/index.php\/wp-json\/wp\/v2\/posts\/21781\/revisions\/21783"}],"wp:featuredmedia":[{"embeddable":true,"href":"https:\/\/nordnesrepublikken.no\/index.php\/wp-json\/wp\/v2\/media\/21782"}],"wp:attachment":[{"href":"https:\/\/nordnesrepublikken.no\/index.php\/wp-json\/wp\/v2\/media?parent=21781"}],"wp:term":[{"taxonomy":"category","embeddable":true,"href":"https:\/\/nordnesrepublikken.no\/index.php\/wp-json\/wp\/v2\/categories?post=21781"},{"taxonomy":"post_tag","embeddable":true,"href":"https:\/\/nordnesrepublikken.no\/index.php\/wp-json\/wp\/v2\/tags?post=21781"}],"curies":[{"name":"wp","href":"https:\/\/api.w.org\/{rel}","templated":true}]}}