{"id":21778,"date":"2026-09-04T05:02:37","date_gmt":"2026-09-04T03:02:37","guid":{"rendered":"https:\/\/nordnesrepublikken.no\/index.php\/2026\/09\/04\/perverte-briller-star-overfor-mulig-forbud-i-norge-ettersom-frykten-for-skjult-kamera-oker\/"},"modified":"2026-09-04T05:02:40","modified_gmt":"2026-09-04T03:02:40","slug":"perverte-briller-star-overfor-mulig-forbud-i-norge-ettersom-frykten-for-skjult-kamera-oker","status":"publish","type":"post","link":"https:\/\/nordnesrepublikken.no\/index.php\/2026\/09\/04\/perverte-briller-star-overfor-mulig-forbud-i-norge-ettersom-frykten-for-skjult-kamera-oker\/","title":{"rendered":"&#8216;Perverte briller&#8217; st\u00e5r overfor mulig forbud i Norge ettersom frykten for skjult kamera \u00f8ker"},"content":{"rendered":"<p><\/p>\n<div class=\"wordpress-content\">\n                    <!-- Article Start --><\/p>\n<p class=\"p1\">Tenk deg \u00e5 bli filmet offentlig uten engang \u00e5 v\u00e6re klar over at det skjer, det er personvernsp\u00f8rsm\u00e5let i hjertet av Norges nylige grep mot smarte briller med kamera, ettersom regjeringen vurderer strammere regler for b\u00e6rbar teknologi som kan ta opp enkeltpersoner uten deres samtykke. Akkurat n\u00e5 unders\u00f8ker den norske regjeringen om de skal forby visse funksjoner ved smarte briller, spesielt de som kan gjenkjenne folk i offentligheten.<\/p>\n<p class=\"p1\">De oppretter ogs\u00e5 en ekspertgruppe som skal gi r\u00e5d om hvordan Norge b\u00f8r regulere smarte briller, \u00f8repropper og andre hverdagsenheter som kommer med kameraer, mikrofoner og kunstig intelligens. Denne diskusjonen skjer etter hvert som vi ser flere kamerautstyrte briller p\u00e5 markedet. Produkter som Metas Ray-Ban smarte briller lar brukere ta bilder og videoer mens de holder hendene fri, men det reiser sp\u00f8rsm\u00e5l om personvern.<\/p>\n<h2 class=\"p2\"><b>Kameraer som kan g\u00e5 ubemerket hen<\/b><\/h2>\n<p class=\"p1\">Et kamera p\u00e5 noens ansikt er mye mindre \u00e5penbart enn en tradisjonell telefon kan v\u00e6re, det er en av de st\u00f8rste bekymringene med denne teknologien. De kan lett passere for vanlige briller, selv om det skjuler seg kameraer og mikrofoner i innfatningen. Noen modeller har et lite lys som indikerer n\u00e5r de spiller inn, men kritikere p\u00e5peker at folk i n\u00e6rheten fortsatt kan v\u00e6re i m\u00f8rke om hva som faktisk skjer.<\/p>\n<div class=\"sra_unit\"><link rel=\"stylesheet\" id=\"block-sra\" href=\"https:\/\/euroweeklynews.com\/wp-content\/plugins\/snack-related-articles\/dist\/css\/snack-related.min.css?250312-193541\" type=\"text\/css\" media=\"all\">\n<\/div>\n<p class=\"p1\"><strong>Denne bekymringen <\/strong>har f\u00f8rt til at noen kamerautstyrte briller har f\u00e5tt kallenavnet &laquo;perverte briller&raquo;, og fremhever frykt for at de kan brukes til \u00e5 filme fremmede i hemmelighet, spesielt kvinner. Norges digitaliseringsminister Karianne <strong>Tung har p\u00e5pekt<\/strong> at teknologien i \u00f8kende grad blander AI med kameraer og mikrofoner i hverdagslige gjenstander. Den st\u00f8rste bekymringen er \u00e5 stoppe disse enhetene fra \u00e5 bli brukt til \u00e5 spionere p\u00e5 folk i offentligheten.<\/p>\n<h2 class=\"p2\"><b>Ansiktsgjenkjenning kan bli forbudt<\/b><\/h2>\n<p class=\"p1\">Norge forbyr ikke smarte briller direkte enn\u00e5, de vurderer strammere regelverk, med Tung som nevner muligheten for \u00e5 forby ansiktsgjenkjenning for folk i offentligheten. Dette er viktig fordi det \u00e5 eie eller bruke kameraaktiverte briller ikke n\u00f8dvendigvis vil v\u00e6re i strid med loven under dette forslaget.<\/p>\n<p class=\"p1\">Fokuset vil v\u00e6re p\u00e5 hva teknologien er i stand til og hvordan den brukes. Regjeringen planlegger \u00e5 la ekspertgruppen se p\u00e5 regler for smarte briller, \u00f8repropper og andre enheter som har kameraer og AI. Deres anbefalinger vil bidra til \u00e5 forme fremtidige forskrifter, som til slutt kan legges ut p\u00e5 offentlig h\u00f8ring.<\/p>\n<h2 class=\"p2\"><b>Smarte briller er mer enn en kjepphest<\/b><\/h2>\n<p class=\"p1\">Denne teknologien utvikler seg raskt. Moderne smarte briller kan blande kameraer, mikrofoner, h\u00f8yttalere og internett til noe som ser ut som et vanlig par briller. Avhengig av modellen kan brukere ta bilder, spille inn videoer, ringe, chatte med AI-assistenter og f\u00e5 informasjon uten \u00e5 m\u00e5tte ta tak i telefonene sine.<\/p>\n<p class=\"p1\">Denne bekvemmeligheten kompliserer imidlertid personvernet. En smarttelefon rettet mot noens ansikt er ganske enkel \u00e5 gjenkjenne som en opptaksenhet. Men smarte briller kan brukes hele dagen, noe som gj\u00f8r det mulig \u00e5 ta bilder, video eller lyd mens du har en vanlig samtale eller g\u00e5r gjennom offentlige rom. Norges regjering mener denne \u00f8kende trenden m\u00e5 takles f\u00f8r disse enhetene blir enda mer popul\u00e6re.<\/p>\n<h2 class=\"p2\"><b>Skoler og arbeidsplasser kan ta ledelsen<\/b><\/h2>\n<p class=\"p1\">Den norske regjeringen oppfordrer ogs\u00e5 organisasjoner til selv \u00e5 finne ut om smarte briller b\u00f8r tillates i deres lokaler. Vi kan se at enkelte arbeidsplasser, offentlige bygninger og andre steder innf\u00f8rer restriksjoner f\u00f8r noen nasjonale lover trer i kraft.<\/p>\n<p class=\"p1\">Norges utdanningsminister har allerede foresl\u00e5tt at skolene b\u00f8r utvikle sine egne regler rundt bruk av smarte briller. Dette gjenspeiler en st\u00f8rre utfordring for bedrifter og organisasjoner: eksisterende personvernregler ble sannsynligvis laget med telefoner, kameraer og datamaskiner i tankene, ikke med b\u00e6rbare enheter som stille kan ta opp og inkludere AI.<\/p>\n<h2 class=\"p2\"><b>Norge er ikke alene<\/b><\/h2>\n<p class=\"p1\">Diskusjonene i Norge kommer som <strong>bekymringer for kamerautstyrte briller sprer seg globalt.<\/strong> Personvernregulatorer, bedrifter og arenaer st\u00e5r i \u00f8kende grad overfor hvordan de skal h\u00e5ndtere disse enhetene, ettersom produsenter har som m\u00e5l \u00e5 gj\u00f8re dem til en del av hverdagen. Australias nettsikkerhetsregulator har for eksempel bedt om at smarte briller skal ha klare opptaksindikatorer og automatisk gj\u00f8re ansikter uskarpe. Noen arenaer har til og med begynt \u00e5 innf\u00f8re egne restriksjoner.<\/p>\n<p class=\"p1\">N\u00e5r det gjelder Norge, er de neste stegene fortsatt i luften. Ekspertgruppen vil unders\u00f8ke mulighetene f\u00f8r regjeringen tar stilling til om det er n\u00f8dvendig med nye regler. Eventuelle foresl\u00e5tte forskrifter vil m\u00e5tte g\u00e5 gjennom ytterligere prosesser f\u00f8r de kan bli lov. S\u00e5 det store sp\u00f8rsm\u00e5let er ikke om smarte briller snart forsvinner fra norske gater. I stedet er det om landet er klar til \u00e5 sette grenser for teknologi som kan gj\u00f8re en normal utseende brille til et b\u00e6rbart kamera, og kanskje til og med et verkt\u00f8y for \u00e5 identifisere menneskene foran det.<\/p>\n<p>                    <!-- Originally published at https:\/\/euroweeklynews.com\/2026\/09\/04\/pervert-glasses-face-possible-ban-in-norway-as-hidden-camera-fears-grow\/ on 04 Sep 2026 at 1:08 by Molly Grace --><br \/>\n                    <!-- Article End -->\n                <\/div>\n","protected":false},"excerpt":{"rendered":"<p>Tenk deg \u00e5 bli filmet offentlig uten engang \u00e5 v\u00e6re klar over at det skjer,<\/p>\n","protected":false},"author":1,"featured_media":21779,"comment_status":"closed","ping_status":"open","sticky":false,"template":"","format":"standard","meta":{"footnotes":""},"categories":[22],"tags":[13294,2870,4103,6165,4047,316,153,313,387,14240,1899,386],"class_list":["post-21778","post","type-post","status-publish","format-standard","has-post-thumbnail","hentry","category-nasjonal","tag-briller","tag-ettersom","tag-forbud","tag-frykten","tag-kamera","tag-mulig","tag-norge","tag-oker","tag-overfor","tag-perverte","tag-skjult","tag-star","generate-columns","tablet-grid-50","mobile-grid-100","grid-parent","grid-33","resize-featured-image"],"yoast_head":"<!-- This site is optimized with the Yoast SEO plugin v24.4 - https:\/\/yoast.com\/wordpress\/plugins\/seo\/ -->\n<title>&#039;Perverte briller&#039; st\u00e5r overfor mulig forbud i Norge ettersom frykten for skjult kamera \u00f8ker - Nordnesrepublikken<\/title>\n<meta name=\"robots\" content=\"index, follow, max-snippet:-1, max-image-preview:large, max-video-preview:-1\" \/>\n<link rel=\"canonical\" href=\"https:\/\/nordnesrepublikken.no\/index.php\/2026\/09\/04\/perverte-briller-star-overfor-mulig-forbud-i-norge-ettersom-frykten-for-skjult-kamera-oker\/\" \/>\n<meta property=\"og:locale\" content=\"nb_NO\" \/>\n<meta property=\"og:type\" content=\"article\" \/>\n<meta property=\"og:title\" content=\"&#039;Perverte briller&#039; st\u00e5r overfor mulig forbud i Norge ettersom frykten for skjult kamera \u00f8ker - Nordnesrepublikken\" \/>\n<meta property=\"og:description\" content=\"Tenk deg \u00e5 bli filmet offentlig uten engang \u00e5 v\u00e6re klar over at det skjer,\" \/>\n<meta property=\"og:url\" content=\"https:\/\/nordnesrepublikken.no\/index.php\/2026\/09\/04\/perverte-briller-star-overfor-mulig-forbud-i-norge-ettersom-frykten-for-skjult-kamera-oker\/\" \/>\n<meta property=\"og:site_name\" content=\"Nordnesrepublikken\" \/>\n<meta property=\"article:published_time\" content=\"2026-09-04T03:02:37+00:00\" \/>\n<meta property=\"article:modified_time\" content=\"2026-09-04T03:02:40+00:00\" \/>\n<meta property=\"og:image\" content=\"https:\/\/nordnesrepublikken.no\/wp-content\/uploads\/2026\/09\/1788490958_Perverte-briller-star-overfor-mulig-forbud-i-Norge-ettersom-frykten.png\" \/>\n\t<meta property=\"og:image:width\" content=\"1347\" \/>\n\t<meta property=\"og:image:height\" content=\"899\" \/>\n\t<meta property=\"og:image:type\" content=\"image\/png\" \/>\n<meta name=\"author\" content=\"Ole Andersen\" \/>\n<meta name=\"twitter:card\" content=\"summary_large_image\" \/>\n<meta name=\"twitter:label1\" content=\"Skrevet av\" \/>\n\t<meta name=\"twitter:data1\" content=\"Ole Andersen\" \/>\n\t<meta name=\"twitter:label2\" content=\"Ansl. lesetid\" \/>\n\t<meta name=\"twitter:data2\" content=\"4 minutter\" \/>\n<script type=\"application\/ld+json\" class=\"yoast-schema-graph\">{\"@context\":\"https:\/\/schema.org\",\"@graph\":[{\"@type\":\"Article\",\"@id\":\"https:\/\/nordnesrepublikken.no\/index.php\/2026\/09\/04\/perverte-briller-star-overfor-mulig-forbud-i-norge-ettersom-frykten-for-skjult-kamera-oker\/#article\",\"isPartOf\":{\"@id\":\"https:\/\/nordnesrepublikken.no\/index.php\/2026\/09\/04\/perverte-briller-star-overfor-mulig-forbud-i-norge-ettersom-frykten-for-skjult-kamera-oker\/\"},\"author\":{\"name\":\"Ole Andersen\",\"@id\":\"https:\/\/nordnesrepublikken.no\/#\/schema\/person\/2e7e81935bab77882fffb79296240ff1\"},\"headline\":\"&#8216;Perverte briller&#8217; st\u00e5r overfor mulig forbud i Norge ettersom frykten for skjult kamera \u00f8ker\",\"datePublished\":\"2026-09-04T03:02:37+00:00\",\"dateModified\":\"2026-09-04T03:02:40+00:00\",\"mainEntityOfPage\":{\"@id\":\"https:\/\/nordnesrepublikken.no\/index.php\/2026\/09\/04\/perverte-briller-star-overfor-mulig-forbud-i-norge-ettersom-frykten-for-skjult-kamera-oker\/\"},\"wordCount\":814,\"publisher\":{\"@id\":\"https:\/\/nordnesrepublikken.no\/#organization\"},\"image\":{\"@id\":\"https:\/\/nordnesrepublikken.no\/index.php\/2026\/09\/04\/perverte-briller-star-overfor-mulig-forbud-i-norge-ettersom-frykten-for-skjult-kamera-oker\/#primaryimage\"},\"thumbnailUrl\":\"https:\/\/nordnesrepublikken.no\/wp-content\/uploads\/2026\/09\/1788490958_Perverte-briller-star-overfor-mulig-forbud-i-Norge-ettersom-frykten.png\",\"keywords\":[\"briller\",\"Ettersom\",\"forbud\",\"frykten\",\"kamera\",\"mulig\",\"Norge\",\"\u00f8ker\",\"overfor\",\"Perverte\",\"skjult\",\"st\u00e5r\"],\"articleSection\":[\"Nasjonal\"],\"inLanguage\":\"nb-NO\"},{\"@type\":\"WebPage\",\"@id\":\"https:\/\/nordnesrepublikken.no\/index.php\/2026\/09\/04\/perverte-briller-star-overfor-mulig-forbud-i-norge-ettersom-frykten-for-skjult-kamera-oker\/\",\"url\":\"https:\/\/nordnesrepublikken.no\/index.php\/2026\/09\/04\/perverte-briller-star-overfor-mulig-forbud-i-norge-ettersom-frykten-for-skjult-kamera-oker\/\",\"name\":\"'Perverte briller' st\u00e5r overfor mulig forbud i Norge ettersom frykten for skjult kamera \u00f8ker - Nordnesrepublikken\",\"isPartOf\":{\"@id\":\"https:\/\/nordnesrepublikken.no\/#website\"},\"primaryImageOfPage\":{\"@id\":\"https:\/\/nordnesrepublikken.no\/index.php\/2026\/09\/04\/perverte-briller-star-overfor-mulig-forbud-i-norge-ettersom-frykten-for-skjult-kamera-oker\/#primaryimage\"},\"image\":{\"@id\":\"https:\/\/nordnesrepublikken.no\/index.php\/2026\/09\/04\/perverte-briller-star-overfor-mulig-forbud-i-norge-ettersom-frykten-for-skjult-kamera-oker\/#primaryimage\"},\"thumbnailUrl\":\"https:\/\/nordnesrepublikken.no\/wp-content\/uploads\/2026\/09\/1788490958_Perverte-briller-star-overfor-mulig-forbud-i-Norge-ettersom-frykten.png\",\"datePublished\":\"2026-09-04T03:02:37+00:00\",\"dateModified\":\"2026-09-04T03:02:40+00:00\",\"breadcrumb\":{\"@id\":\"https:\/\/nordnesrepublikken.no\/index.php\/2026\/09\/04\/perverte-briller-star-overfor-mulig-forbud-i-norge-ettersom-frykten-for-skjult-kamera-oker\/#breadcrumb\"},\"inLanguage\":\"nb-NO\",\"potentialAction\":[{\"@type\":\"ReadAction\",\"target\":[\"https:\/\/nordnesrepublikken.no\/index.php\/2026\/09\/04\/perverte-briller-star-overfor-mulig-forbud-i-norge-ettersom-frykten-for-skjult-kamera-oker\/\"]}]},{\"@type\":\"ImageObject\",\"inLanguage\":\"nb-NO\",\"@id\":\"https:\/\/nordnesrepublikken.no\/index.php\/2026\/09\/04\/perverte-briller-star-overfor-mulig-forbud-i-norge-ettersom-frykten-for-skjult-kamera-oker\/#primaryimage\",\"url\":\"https:\/\/nordnesrepublikken.no\/wp-content\/uploads\/2026\/09\/1788490958_Perverte-briller-star-overfor-mulig-forbud-i-Norge-ettersom-frykten.png\",\"contentUrl\":\"https:\/\/nordnesrepublikken.no\/wp-content\/uploads\/2026\/09\/1788490958_Perverte-briller-star-overfor-mulig-forbud-i-Norge-ettersom-frykten.png\",\"width\":1347,\"height\":899,\"caption\":\"'Perverte briller' st\u00e5r overfor mulig forbud i Norge ettersom frykten for skjult kamera \u00f8ker\"},{\"@type\":\"BreadcrumbList\",\"@id\":\"https:\/\/nordnesrepublikken.no\/index.php\/2026\/09\/04\/perverte-briller-star-overfor-mulig-forbud-i-norge-ettersom-frykten-for-skjult-kamera-oker\/#breadcrumb\",\"itemListElement\":[{\"@type\":\"ListItem\",\"position\":1,\"name\":\"Home\",\"item\":\"https:\/\/nordnesrepublikken.no\/\"},{\"@type\":\"ListItem\",\"position\":2,\"name\":\"&#8216;Perverte briller&#8217; st\u00e5r overfor mulig forbud i Norge ettersom frykten for skjult kamera \u00f8ker\"}]},{\"@type\":\"WebSite\",\"@id\":\"https:\/\/nordnesrepublikken.no\/#website\",\"url\":\"https:\/\/nordnesrepublikken.no\/\",\"name\":\"Nordnesrepublikken\",\"description\":\"Stemmer og Visjoner fra Republikkens Hjerte\",\"publisher\":{\"@id\":\"https:\/\/nordnesrepublikken.no\/#organization\"},\"potentialAction\":[{\"@type\":\"SearchAction\",\"target\":{\"@type\":\"EntryPoint\",\"urlTemplate\":\"https:\/\/nordnesrepublikken.no\/?s={search_term_string}\"},\"query-input\":{\"@type\":\"PropertyValueSpecification\",\"valueRequired\":true,\"valueName\":\"search_term_string\"}}],\"inLanguage\":\"nb-NO\"},{\"@type\":\"Organization\",\"@id\":\"https:\/\/nordnesrepublikken.no\/#organization\",\"name\":\"Nordnesrepublikken\",\"url\":\"https:\/\/nordnesrepublikken.no\/\",\"logo\":{\"@type\":\"ImageObject\",\"inLanguage\":\"nb-NO\",\"@id\":\"https:\/\/nordnesrepublikken.no\/#\/schema\/logo\/image\/\",\"url\":\"https:\/\/nordnesrepublikken.no\/wp-content\/uploads\/2025\/02\/cropped-nordnesrepublikken-2.png\",\"contentUrl\":\"https:\/\/nordnesrepublikken.no\/wp-content\/uploads\/2025\/02\/cropped-nordnesrepublikken-2.png\",\"width\":1248,\"height\":362,\"caption\":\"Nordnesrepublikken\"},\"image\":{\"@id\":\"https:\/\/nordnesrepublikken.no\/#\/schema\/logo\/image\/\"}},{\"@type\":\"Person\",\"@id\":\"https:\/\/nordnesrepublikken.no\/#\/schema\/person\/2e7e81935bab77882fffb79296240ff1\",\"name\":\"Ole Andersen\",\"image\":{\"@type\":\"ImageObject\",\"inLanguage\":\"nb-NO\",\"@id\":\"https:\/\/nordnesrepublikken.no\/#\/schema\/person\/image\/\",\"url\":\"https:\/\/nordnesrepublikken.no\/wp-content\/uploads\/2025\/02\/nordnesrepublikken-2-2-150x150.jpg\",\"contentUrl\":\"https:\/\/nordnesrepublikken.no\/wp-content\/uploads\/2025\/02\/nordnesrepublikken-2-2-150x150.jpg\",\"caption\":\"Ole Andersen\"},\"description\":\"Ettersom jeg vokste opp i Oslo, har jeg alltid v\u00e6rt fascinert av ordenes kraft og deres evne til \u00e5 skape endringer. Etter \u00e5 ha fullf\u00f8rt min utdannelse i kommunikasjon ved Universitetet i Bergen, fikk jeg muligheten til \u00e5 jobbe innen ulike medier, der jeg har s\u00f8kt \u00e5 belyse viktige samfunnssp\u00f8rsm\u00e5l. I dag, som redakt\u00f8r for Nordnesrepublikken, pr\u00f8ver jeg \u00e5 forene min kj\u00e6rlighet for journalistikk med min lidenskap for innovasjon og eventyr.\",\"sameAs\":[\"https:\/\/nordnesrepublikken.no\/\"]}]}<\/script>\n<!-- \/ Yoast SEO plugin. -->","yoast_head_json":{"title":"'Perverte briller' st\u00e5r overfor mulig forbud i Norge ettersom frykten for skjult kamera \u00f8ker - Nordnesrepublikken","robots":{"index":"index","follow":"follow","max-snippet":"max-snippet:-1","max-image-preview":"max-image-preview:large","max-video-preview":"max-video-preview:-1"},"canonical":"https:\/\/nordnesrepublikken.no\/index.php\/2026\/09\/04\/perverte-briller-star-overfor-mulig-forbud-i-norge-ettersom-frykten-for-skjult-kamera-oker\/","og_locale":"nb_NO","og_type":"article","og_title":"'Perverte briller' st\u00e5r overfor mulig forbud i Norge ettersom frykten for skjult kamera \u00f8ker - Nordnesrepublikken","og_description":"Tenk deg \u00e5 bli filmet offentlig uten engang \u00e5 v\u00e6re klar over at det skjer,","og_url":"https:\/\/nordnesrepublikken.no\/index.php\/2026\/09\/04\/perverte-briller-star-overfor-mulig-forbud-i-norge-ettersom-frykten-for-skjult-kamera-oker\/","og_site_name":"Nordnesrepublikken","article_published_time":"2026-09-04T03:02:37+00:00","article_modified_time":"2026-09-04T03:02:40+00:00","og_image":[{"width":1347,"height":899,"url":"https:\/\/nordnesrepublikken.no\/wp-content\/uploads\/2026\/09\/1788490958_Perverte-briller-star-overfor-mulig-forbud-i-Norge-ettersom-frykten.png","type":"image\/png"}],"author":"Ole Andersen","twitter_card":"summary_large_image","twitter_misc":{"Skrevet av":"Ole Andersen","Ansl. lesetid":"4 minutter"},"schema":{"@context":"https:\/\/schema.org","@graph":[{"@type":"Article","@id":"https:\/\/nordnesrepublikken.no\/index.php\/2026\/09\/04\/perverte-briller-star-overfor-mulig-forbud-i-norge-ettersom-frykten-for-skjult-kamera-oker\/#article","isPartOf":{"@id":"https:\/\/nordnesrepublikken.no\/index.php\/2026\/09\/04\/perverte-briller-star-overfor-mulig-forbud-i-norge-ettersom-frykten-for-skjult-kamera-oker\/"},"author":{"name":"Ole Andersen","@id":"https:\/\/nordnesrepublikken.no\/#\/schema\/person\/2e7e81935bab77882fffb79296240ff1"},"headline":"&#8216;Perverte briller&#8217; st\u00e5r overfor mulig forbud i Norge ettersom frykten for skjult kamera \u00f8ker","datePublished":"2026-09-04T03:02:37+00:00","dateModified":"2026-09-04T03:02:40+00:00","mainEntityOfPage":{"@id":"https:\/\/nordnesrepublikken.no\/index.php\/2026\/09\/04\/perverte-briller-star-overfor-mulig-forbud-i-norge-ettersom-frykten-for-skjult-kamera-oker\/"},"wordCount":814,"publisher":{"@id":"https:\/\/nordnesrepublikken.no\/#organization"},"image":{"@id":"https:\/\/nordnesrepublikken.no\/index.php\/2026\/09\/04\/perverte-briller-star-overfor-mulig-forbud-i-norge-ettersom-frykten-for-skjult-kamera-oker\/#primaryimage"},"thumbnailUrl":"https:\/\/nordnesrepublikken.no\/wp-content\/uploads\/2026\/09\/1788490958_Perverte-briller-star-overfor-mulig-forbud-i-Norge-ettersom-frykten.png","keywords":["briller","Ettersom","forbud","frykten","kamera","mulig","Norge","\u00f8ker","overfor","Perverte","skjult","st\u00e5r"],"articleSection":["Nasjonal"],"inLanguage":"nb-NO"},{"@type":"WebPage","@id":"https:\/\/nordnesrepublikken.no\/index.php\/2026\/09\/04\/perverte-briller-star-overfor-mulig-forbud-i-norge-ettersom-frykten-for-skjult-kamera-oker\/","url":"https:\/\/nordnesrepublikken.no\/index.php\/2026\/09\/04\/perverte-briller-star-overfor-mulig-forbud-i-norge-ettersom-frykten-for-skjult-kamera-oker\/","name":"'Perverte briller' st\u00e5r overfor mulig forbud i Norge ettersom frykten for skjult kamera \u00f8ker - Nordnesrepublikken","isPartOf":{"@id":"https:\/\/nordnesrepublikken.no\/#website"},"primaryImageOfPage":{"@id":"https:\/\/nordnesrepublikken.no\/index.php\/2026\/09\/04\/perverte-briller-star-overfor-mulig-forbud-i-norge-ettersom-frykten-for-skjult-kamera-oker\/#primaryimage"},"image":{"@id":"https:\/\/nordnesrepublikken.no\/index.php\/2026\/09\/04\/perverte-briller-star-overfor-mulig-forbud-i-norge-ettersom-frykten-for-skjult-kamera-oker\/#primaryimage"},"thumbnailUrl":"https:\/\/nordnesrepublikken.no\/wp-content\/uploads\/2026\/09\/1788490958_Perverte-briller-star-overfor-mulig-forbud-i-Norge-ettersom-frykten.png","datePublished":"2026-09-04T03:02:37+00:00","dateModified":"2026-09-04T03:02:40+00:00","breadcrumb":{"@id":"https:\/\/nordnesrepublikken.no\/index.php\/2026\/09\/04\/perverte-briller-star-overfor-mulig-forbud-i-norge-ettersom-frykten-for-skjult-kamera-oker\/#breadcrumb"},"inLanguage":"nb-NO","potentialAction":[{"@type":"ReadAction","target":["https:\/\/nordnesrepublikken.no\/index.php\/2026\/09\/04\/perverte-briller-star-overfor-mulig-forbud-i-norge-ettersom-frykten-for-skjult-kamera-oker\/"]}]},{"@type":"ImageObject","inLanguage":"nb-NO","@id":"https:\/\/nordnesrepublikken.no\/index.php\/2026\/09\/04\/perverte-briller-star-overfor-mulig-forbud-i-norge-ettersom-frykten-for-skjult-kamera-oker\/#primaryimage","url":"https:\/\/nordnesrepublikken.no\/wp-content\/uploads\/2026\/09\/1788490958_Perverte-briller-star-overfor-mulig-forbud-i-Norge-ettersom-frykten.png","contentUrl":"https:\/\/nordnesrepublikken.no\/wp-content\/uploads\/2026\/09\/1788490958_Perverte-briller-star-overfor-mulig-forbud-i-Norge-ettersom-frykten.png","width":1347,"height":899,"caption":"'Perverte briller' st\u00e5r overfor mulig forbud i Norge ettersom frykten for skjult kamera \u00f8ker"},{"@type":"BreadcrumbList","@id":"https:\/\/nordnesrepublikken.no\/index.php\/2026\/09\/04\/perverte-briller-star-overfor-mulig-forbud-i-norge-ettersom-frykten-for-skjult-kamera-oker\/#breadcrumb","itemListElement":[{"@type":"ListItem","position":1,"name":"Home","item":"https:\/\/nordnesrepublikken.no\/"},{"@type":"ListItem","position":2,"name":"&#8216;Perverte briller&#8217; st\u00e5r overfor mulig forbud i Norge ettersom frykten for skjult kamera \u00f8ker"}]},{"@type":"WebSite","@id":"https:\/\/nordnesrepublikken.no\/#website","url":"https:\/\/nordnesrepublikken.no\/","name":"Nordnesrepublikken","description":"Stemmer og Visjoner fra Republikkens Hjerte","publisher":{"@id":"https:\/\/nordnesrepublikken.no\/#organization"},"potentialAction":[{"@type":"SearchAction","target":{"@type":"EntryPoint","urlTemplate":"https:\/\/nordnesrepublikken.no\/?s={search_term_string}"},"query-input":{"@type":"PropertyValueSpecification","valueRequired":true,"valueName":"search_term_string"}}],"inLanguage":"nb-NO"},{"@type":"Organization","@id":"https:\/\/nordnesrepublikken.no\/#organization","name":"Nordnesrepublikken","url":"https:\/\/nordnesrepublikken.no\/","logo":{"@type":"ImageObject","inLanguage":"nb-NO","@id":"https:\/\/nordnesrepublikken.no\/#\/schema\/logo\/image\/","url":"https:\/\/nordnesrepublikken.no\/wp-content\/uploads\/2025\/02\/cropped-nordnesrepublikken-2.png","contentUrl":"https:\/\/nordnesrepublikken.no\/wp-content\/uploads\/2025\/02\/cropped-nordnesrepublikken-2.png","width":1248,"height":362,"caption":"Nordnesrepublikken"},"image":{"@id":"https:\/\/nordnesrepublikken.no\/#\/schema\/logo\/image\/"}},{"@type":"Person","@id":"https:\/\/nordnesrepublikken.no\/#\/schema\/person\/2e7e81935bab77882fffb79296240ff1","name":"Ole Andersen","image":{"@type":"ImageObject","inLanguage":"nb-NO","@id":"https:\/\/nordnesrepublikken.no\/#\/schema\/person\/image\/","url":"https:\/\/nordnesrepublikken.no\/wp-content\/uploads\/2025\/02\/nordnesrepublikken-2-2-150x150.jpg","contentUrl":"https:\/\/nordnesrepublikken.no\/wp-content\/uploads\/2025\/02\/nordnesrepublikken-2-2-150x150.jpg","caption":"Ole Andersen"},"description":"Ettersom jeg vokste opp i Oslo, har jeg alltid v\u00e6rt fascinert av ordenes kraft og deres evne til \u00e5 skape endringer. Etter \u00e5 ha fullf\u00f8rt min utdannelse i kommunikasjon ved Universitetet i Bergen, fikk jeg muligheten til \u00e5 jobbe innen ulike medier, der jeg har s\u00f8kt \u00e5 belyse viktige samfunnssp\u00f8rsm\u00e5l. I dag, som redakt\u00f8r for Nordnesrepublikken, pr\u00f8ver jeg \u00e5 forene min kj\u00e6rlighet for journalistikk med min lidenskap for innovasjon og eventyr.","sameAs":["https:\/\/nordnesrepublikken.no\/"]}]}},"_links":{"self":[{"href":"https:\/\/nordnesrepublikken.no\/index.php\/wp-json\/wp\/v2\/posts\/21778","targetHints":{"allow":["GET"]}}],"collection":[{"href":"https:\/\/nordnesrepublikken.no\/index.php\/wp-json\/wp\/v2\/posts"}],"about":[{"href":"https:\/\/nordnesrepublikken.no\/index.php\/wp-json\/wp\/v2\/types\/post"}],"author":[{"embeddable":true,"href":"https:\/\/nordnesrepublikken.no\/index.php\/wp-json\/wp\/v2\/users\/1"}],"replies":[{"embeddable":true,"href":"https:\/\/nordnesrepublikken.no\/index.php\/wp-json\/wp\/v2\/comments?post=21778"}],"version-history":[{"count":1,"href":"https:\/\/nordnesrepublikken.no\/index.php\/wp-json\/wp\/v2\/posts\/21778\/revisions"}],"predecessor-version":[{"id":21780,"href":"https:\/\/nordnesrepublikken.no\/index.php\/wp-json\/wp\/v2\/posts\/21778\/revisions\/21780"}],"wp:featuredmedia":[{"embeddable":true,"href":"https:\/\/nordnesrepublikken.no\/index.php\/wp-json\/wp\/v2\/media\/21779"}],"wp:attachment":[{"href":"https:\/\/nordnesrepublikken.no\/index.php\/wp-json\/wp\/v2\/media?parent=21778"}],"wp:term":[{"taxonomy":"category","embeddable":true,"href":"https:\/\/nordnesrepublikken.no\/index.php\/wp-json\/wp\/v2\/categories?post=21778"},{"taxonomy":"post_tag","embeddable":true,"href":"https:\/\/nordnesrepublikken.no\/index.php\/wp-json\/wp\/v2\/tags?post=21778"}],"curies":[{"name":"wp","href":"https:\/\/api.w.org\/{rel}","templated":true}]}}