{"id":21775,"date":"2026-09-04T03:02:57","date_gmt":"2026-09-04T01:02:57","guid":{"rendered":"https:\/\/nordnesrepublikken.no\/index.php\/2026\/09\/04\/regnsykdom-eller-dermatofilose-arsaker-overforing-og-symptomer-forklart-av-eksperten\/"},"modified":"2026-09-04T03:03:00","modified_gmt":"2026-09-04T01:03:00","slug":"regnsykdom-eller-dermatofilose-arsaker-overforing-og-symptomer-forklart-av-eksperten","status":"publish","type":"post","link":"https:\/\/nordnesrepublikken.no\/index.php\/2026\/09\/04\/regnsykdom-eller-dermatofilose-arsaker-overforing-og-symptomer-forklart-av-eksperten\/","title":{"rendered":"&laquo;Regnsykdom&raquo; eller dermatofilose: \u00e5rsaker, overf\u00f8ring og symptomer forklart av eksperten"},"content":{"rendered":"<div>\n<div class=\"cp_wrapper cp_wrapper--fw mb-30 mb-20@tablet\">\n<figure class=\"mm\"><picture class=\"img\" style=\"padding-top:56.25%\"><source  media=\"(min-width: 1024px)\"><source  media=\"(min-width: 768px)\"><\/source><\/source><\/picture><\/figure>\n<\/p><\/div>\n<p>De siste ukene har europeiske helseradarer fanget opp en epidemiologisk anomali knyttet til en bakteriell infeksjon (<em>Dermatophilus congolensis<\/em>) historisk kjent innen veterin\u00e6romr\u00e5det: den <b>dermatofilose<\/b>kjent p\u00e5 folkemunne som <b>&laquo;regn sykdom&raquo;<\/b>. I f\u00f8lge en fersk rapport fra ECDC (European Centre for Disease Prevention and Control), starter fra slutten av 2025 ca. <strong>123 menneskelige tilfeller<\/strong> distribuert i 10 europeiske land (\u00d8sterrike, Danmark, Frankrike, Tyskland, Nederland, Norge, Spania, Sverige, Sveits, Storbritannia). I Italia er det for \u00f8yeblikket ikke registrert noen tilfeller, og det<strong> risikoen for den generelle befolkningen er fortsatt sv\u00e6rt lav<\/strong>. Imidlertid er oppmerksomheten til det vitenskapelige milj\u00f8et h\u00f8y fordi, hvis tidligere infeksjonen nesten utelukkende rammet dyr, blir mulig dynamikk av menneske-til-menneske smitte n\u00e5 evaluert.<\/p>\n<p>For \u00e5 forst\u00e5 n\u00f8yaktig hva det er, hvordan det overf\u00f8res og hva de virkelige konturene av denne historien er, intervjuet vi professoren <strong>Antonella Castagna<\/strong>leder for infeksjonssykdommer ved IRCCS San Raffaele sykehus i Milano og professor i infeksjonssykdommer ved Vita-Salute San Raffaele University.<\/p>\n<p><b>Hvilken patologi er det og hva er dermatofilose, kjent som &laquo;regnsykdom&raquo;?<\/b><\/p>\n<p>Det er en bakteriell hudinfeksjon for\u00e5rsaket av <em>Dermatophilus congolensis<\/em>en mikroorganisme som er ansvarlig for en <strong>eksudativ dermatitt<\/strong>: en tilstand karakterisert ved utseendet av pustul\u00e6re lesjoner som p\u00e5 et senere tidspunkt har en tendens til \u00e5 danne hudlesjoner. Historisk sett er det en patologi som hovedsakelig p\u00e5virker <strong>kveg<\/strong> Og <strong>sau<\/strong>utvikler seg hovedsakelig i omr\u00e5der preget av tropisk klima.<\/p>\n<p><b>Hva er den biologiske og milj\u00f8messige dynamikken som f\u00f8rer til utviklingen av denne infeksjonen?<\/b><\/p>\n<p>Utviklingen av infeksjonen avhenger i utgangspunktet av to kombinerte faktorer. Den f\u00f8rste er tilstedev\u00e6relsen av <strong>mikros\u00e5r p\u00e5 huden<\/strong>som bakterien klarer \u00e5 trenge gjennom. Inne i disse sm\u00e5 lesjonene, hvis milj\u00f8et er <strong>fuktig<\/strong>de s\u00e5kalte er aktivert <strong>bevegelige zoosporer<\/strong> av bakterien, som trenger inn i epidermis. Ved \u00e5 finne en allerede kompromittert hudbarriere og en tilstand med langvarig fuktighet, spirer sporene og invaderer de overfladiske lagene i huden, og utl\u00f8ser betennelse og den p\u00e5f\u00f8lgende dannelsen av skorper.<\/p>\n<p><b>Hvordan oppsto det popul\u00e6re navnet &laquo;regnsyke&raquo; knyttet til denne patologien?<\/b><\/p>\n<p>Det er viktig \u00e5 presisere dette punktet: det er et begrep i popul\u00e6r bruk, spesielt utbredt i feltet <strong>veterin\u00e6r<\/strong>som kan v\u00e6re misvisende. <strong>Du blir ikke syk bare av \u00e5 &laquo;fange regnet&raquo;<\/strong>. Hos dyr finner bakterien ideelle forhold for spredning n\u00e5r huden, i n\u00e6rv\u00e6r av sm\u00e5 eksisterende lesjoner, forblir fuktig i lang tid. F\u00f8lgelig er infeksjonen mye hyppigere hos dyr som bruker i <strong>regnfulle perioder utend\u00f8rs<\/strong>som navnet stammer fra.<\/p>\n<p><b>Offentlig oppmerksomhet er for tiden stor p\u00e5 grunn av en mulig utvikling av bakterien og nylige rapporter om menneskelige tilfeller i Europa. Hva er den virkelige situasjonen du observerer?<\/b><\/p>\n<p>Det er en utvikling som relevante instanser, som ECDC p\u00e5 europeisk niv\u00e5, vurderer med stor oppmerksomhet. Siden desember i fjor har ca <strong>120 tilfeller hos mennesker<\/strong>distribuert i 10 land. <strong>Italia er for \u00f8yeblikket ikke blant disse<\/strong>som representerer et sterkt element av ro. Vitenskapelig oppmerksomhet ble utl\u00f8st fordi, i tillegg til br\u00f8nnen <strong>kjent zoonotisk smitte<\/strong> (fra dyr til menneske), nyere sekvenseringsstudier av bakterien antyder hypotesen om en <strong>overf\u00f8ring fra menneske til menneske<\/strong> innenfor disse fokusene.<\/p>\n<p><b>P\u00e5 hvilke spesifikke steder eller i hvilke sammenhenger mistenkes denne menneske-til-menneske-overf\u00f8ringen \u00e5 finne sted?<\/b><\/p>\n<p>Infeksjonene skjedde hos personer som bes\u00f8kte varme, fuktige og blandede milj\u00f8er som f.eks <strong>badstuer eller<\/strong><b>  sportsgarderober<\/b>: under disse forholdene, faktisk, hvis hudmikrotraumer er tilstede, finner bakterien det ideelle habitatet for \u00e5 spre seg. Vi unders\u00f8ker derfor for \u00e5 forst\u00e5 om disse klyngene alltid har et resultat av en enkelt dyr-menneske-passasje, eller om det i disse spesifikke sammenhengene har blitt utl\u00f8st en reell overf\u00f8ring fra menneske til menneske. Heldigvis har vi i dag sv\u00e6rt avanserte epidemiologiske verkt\u00f8y som lar oss umiddelbart fange opp n\u00e5r forekomsten av en sykdom avviker fra normen.<\/p>\n<p><b>Hva er hovedsymptomene?<\/b><\/p>\n<p>Fra et klinisk synspunkt er den f\u00f8rste alarmklokken utseendet til hudlesjoner. I nyere europeiske tilfeller har vi observert pustul\u00e6re lesjoner, noen ganger assosiert med episoder med konjunktivitt; i andre tilfeller dukket lesjonene opp i det anale eller perianale omr\u00e5det. Dette reiste hypotesen om at jeg <strong>ubeskyttet samleie<\/strong>kombinert med hudkontakt i fuktige milj\u00f8er som badstuer, kan ha favorisert spredningen i klyngene. Denne dynamikken blir fortsatt verifisert, s\u00e5 det er viktig \u00e5 ikke skape alarmisme og opprettholde en streng vitenskapelig tiln\u00e6rming.<\/p>\n<p><b>Fra et klinisk og visuelt synspunkt, kan hudlesjonene for\u00e5rsaket av denne bakterien forveksles med andre mer vanlige patologier?<\/b><\/p>\n<p>Ja, absolutt. Avhengig av utviklingsstadiet av sykdommen, kan lesjonene likne en vanlig <strong>soppmykose<\/strong>. Under andre omstendigheter, spesielt n\u00e5r de manifesterer seg p\u00e5 kj\u00f8nnsniv\u00e5, kan de lett forveksles med en<strong> herpetisk lesjon<\/strong> (herpes). Dette er de to hyppigste differensialdiagnosene som leger m\u00e5 ta hensyn til.<\/p>\n<p><b>Hvordan diagnostiseres og behandles denne infeksjonen?<\/b><\/p>\n<p>Den kliniske diagnosen er enkel: den utf\u00f8res via en vattpinne eller en biopsi av lesjonen. P\u00e5 den terapeutiske fronten har vi det tilgjengelig<strong> sv\u00e6rt effektive medisiner<\/strong>. Bakterien er f\u00f8lsom for forskjellige klasser av antibiotika (tetracykliner, penicilliner, makrolider) og noen ganger g\u00e5r infeksjonen til og med tilbake spontant. Hos noen pasienter kan helbredelsen g\u00e5 langsommere pga <strong>huden er et d\u00e5rlig vaskularisert organ<\/strong>: de overfladiske lagene i huden (epidermis) er ikke vaskulariserte, dette reduserer orale antibiotikas evne til \u00e5 n\u00e5 disse lagene, mens topiske terapier (kremer) sliter med \u00e5 n\u00e5 de dype lagene i huden (dermis). I noen tilfeller kan det derfor v\u00e6re n\u00f8dvendig \u00e5 forlenge behandlingen, men det er en absolutt helbredelig infeksjon.<\/p>\n<p><b>Hvilke forebyggende tiltak b\u00f8r iverksettes p\u00e5 dette tidspunktet for \u00e5 begrense risikoen for smitte?<\/b><\/p>\n<p>I denne fasen er prioritet <strong>forebygging<\/strong>som er basert p\u00e5 enkle sunn fornuftsregler. Der det er mistanke om risiko for overf\u00f8ring fra menneske til menneske, er dette n\u00f8dvendig <strong>unng\u00e5 direkte kontakt<\/strong> med huden til personer med mistenkelige hudlesjoner. Det er viktig \u00e5 opprettholde en<strong>utmerket personlig hygiene<\/strong>spesielt n\u00e5r du bes\u00f8ker varmt-fuktige milj\u00f8er som idrettsanlegg eller badstuer, enda mer hvis du er i geografiske omr\u00e5der (som de nordiske landene) hvor det er rapportert utbrudd.<\/p>\n<p>For de som jobber i n\u00e6rkontakt med dyr, som veterin\u00e6rer eller oppdrettere, forblir de gylne reglene gyldige: bruk alltid i <strong>personlig verneutstyr<\/strong> Og <strong>ta vare p\u00e5 h\u00e5ndhygiene<\/strong>spesielt i n\u00e6rv\u00e6r av skrubbs\u00e5r. Ogs\u00e5, hvis mistenkelige lesjoner vises p\u00e5 kroppen, er det viktig<strong> ikke del h\u00e5ndkl\u00e6r eller kl\u00e6r<\/strong>spesielt de som er beregnet p\u00e5 ansiktet eller kj\u00f8nnsomr\u00e5det. Situasjonen er i utvikling og m\u00e5 overv\u00e5kes, men den <strong>risikoen for den generelle befolkningen er fortsatt sv\u00e6rt lav<\/strong>.<\/p>\n<p><b>De siste \u00e5rene har virale spillovers blitt mye diskutert, som i tilfellet med Covid eller hantavirus. N\u00e5r det gjelder bakterielle agenser, manifesterer dynamikken til arters hopp og diffusjon seg annerledes?<\/b><\/p>\n<p>Ja, bakterier, p\u00e5 grunn av deres komplekse biologiske struktur, krever ekstremt spesifikke milj\u00f8messige og fysiologiske forhold for \u00e5 spre seg.<\/p>\n<p><b>Vi st\u00e5r ikke overfor det ekspansive potensialet som er typisk for en virusinfeksjon <\/b>spesielt respiratorisk overf\u00f8rte stoffer. I tilfeller av eksplosive virus som overf\u00f8res med aerosol, er vi vitne til utbrudd der patogenet klarer \u00e5 spre seg i sv\u00e6rt h\u00f8y hastighet. N\u00e5r det gjelder bakterier, om enn med noen unntak, <b>diffusjonsdynamikk <\/b><b>i milj\u00f8et <\/b><b>de er mye tregere og mer begrensede<\/b>siden mikroorganismen krever et eksakt sammenfall av faktorer: det perfekte milj\u00f8et, ideelle replikasjonsforhold (som skadet hud og fuktighet) og en presis overf\u00f8ringsm\u00e5te.<\/p>\n<\/p><\/div>\n","protected":false},"excerpt":{"rendered":"<p>De siste ukene har europeiske helseradarer fanget opp en epidemiologisk anomali knyttet til en bakteriell<\/p>\n","protected":false},"author":1,"featured_media":21776,"comment_status":"closed","ping_status":"open","sticky":false,"template":"","format":"standard","meta":{"footnotes":""},"categories":[24],"tags":[621,14239,6465,1156,7583,5418,14238,2131],"class_list":["post-21775","post","type-post","status-publish","format-standard","has-post-thumbnail","hentry","category-vitenskap","tag-arsaker","tag-dermatofilose","tag-eksperten","tag-eller","tag-forklart","tag-overforing","tag-regnsykdom","tag-symptomer","generate-columns","tablet-grid-50","mobile-grid-100","grid-parent","grid-33","resize-featured-image"],"yoast_head":"<!-- This site is optimized with the Yoast SEO plugin v24.4 - https:\/\/yoast.com\/wordpress\/plugins\/seo\/ -->\n<title>&quot;Regnsykdom&quot; eller dermatofilose: \u00e5rsaker, overf\u00f8ring og symptomer forklart av eksperten - Nordnesrepublikken<\/title>\n<meta name=\"robots\" content=\"index, follow, max-snippet:-1, max-image-preview:large, max-video-preview:-1\" \/>\n<link rel=\"canonical\" href=\"https:\/\/nordnesrepublikken.no\/index.php\/2026\/09\/04\/regnsykdom-eller-dermatofilose-arsaker-overforing-og-symptomer-forklart-av-eksperten\/\" \/>\n<meta property=\"og:locale\" content=\"nb_NO\" \/>\n<meta property=\"og:type\" content=\"article\" \/>\n<meta property=\"og:title\" content=\"&quot;Regnsykdom&quot; eller dermatofilose: \u00e5rsaker, overf\u00f8ring og symptomer forklart av eksperten - Nordnesrepublikken\" \/>\n<meta property=\"og:description\" content=\"De siste ukene har europeiske helseradarer fanget opp en epidemiologisk anomali knyttet til en bakteriell\" \/>\n<meta property=\"og:url\" content=\"https:\/\/nordnesrepublikken.no\/index.php\/2026\/09\/04\/regnsykdom-eller-dermatofilose-arsaker-overforing-og-symptomer-forklart-av-eksperten\/\" \/>\n<meta property=\"og:site_name\" content=\"Nordnesrepublikken\" \/>\n<meta property=\"article:published_time\" content=\"2026-09-04T01:02:57+00:00\" \/>\n<meta property=\"article:modified_time\" content=\"2026-09-04T01:03:00+00:00\" \/>\n<meta property=\"og:image\" content=\"https:\/\/nordnesrepublikken.no\/wp-content\/uploads\/2026\/09\/1788483778_Regnsykdom-eller-dermatofilose-arsaker-overforing-og-symptomer-forklart-av-eksperten.jpg\" \/>\n\t<meta property=\"og:image:width\" content=\"2400\" \/>\n\t<meta property=\"og:image:height\" content=\"1350\" \/>\n\t<meta property=\"og:image:type\" content=\"image\/jpeg\" \/>\n<meta name=\"author\" content=\"Ole Andersen\" \/>\n<meta name=\"twitter:card\" content=\"summary_large_image\" \/>\n<meta name=\"twitter:label1\" content=\"Skrevet av\" \/>\n\t<meta name=\"twitter:data1\" content=\"Ole Andersen\" \/>\n\t<meta name=\"twitter:label2\" content=\"Ansl. lesetid\" \/>\n\t<meta name=\"twitter:data2\" content=\"6 minutter\" \/>\n<script type=\"application\/ld+json\" class=\"yoast-schema-graph\">{\"@context\":\"https:\/\/schema.org\",\"@graph\":[{\"@type\":\"Article\",\"@id\":\"https:\/\/nordnesrepublikken.no\/index.php\/2026\/09\/04\/regnsykdom-eller-dermatofilose-arsaker-overforing-og-symptomer-forklart-av-eksperten\/#article\",\"isPartOf\":{\"@id\":\"https:\/\/nordnesrepublikken.no\/index.php\/2026\/09\/04\/regnsykdom-eller-dermatofilose-arsaker-overforing-og-symptomer-forklart-av-eksperten\/\"},\"author\":{\"name\":\"Ole Andersen\",\"@id\":\"https:\/\/nordnesrepublikken.no\/#\/schema\/person\/2e7e81935bab77882fffb79296240ff1\"},\"headline\":\"&laquo;Regnsykdom&raquo; eller dermatofilose: \u00e5rsaker, overf\u00f8ring og symptomer forklart av eksperten\",\"datePublished\":\"2026-09-04T01:02:57+00:00\",\"dateModified\":\"2026-09-04T01:03:00+00:00\",\"mainEntityOfPage\":{\"@id\":\"https:\/\/nordnesrepublikken.no\/index.php\/2026\/09\/04\/regnsykdom-eller-dermatofilose-arsaker-overforing-og-symptomer-forklart-av-eksperten\/\"},\"wordCount\":1226,\"publisher\":{\"@id\":\"https:\/\/nordnesrepublikken.no\/#organization\"},\"image\":{\"@id\":\"https:\/\/nordnesrepublikken.no\/index.php\/2026\/09\/04\/regnsykdom-eller-dermatofilose-arsaker-overforing-og-symptomer-forklart-av-eksperten\/#primaryimage\"},\"thumbnailUrl\":\"https:\/\/nordnesrepublikken.no\/wp-content\/uploads\/2026\/09\/1788483778_Regnsykdom-eller-dermatofilose-arsaker-overforing-og-symptomer-forklart-av-eksperten.jpg\",\"keywords\":[\"\u00e5rsaker\",\"dermatofilose\",\"eksperten\",\"eller\",\"forklart\",\"overf\u00f8ring\",\"Regnsykdom\",\"symptomer\"],\"articleSection\":[\"Vitenskap\"],\"inLanguage\":\"nb-NO\"},{\"@type\":\"WebPage\",\"@id\":\"https:\/\/nordnesrepublikken.no\/index.php\/2026\/09\/04\/regnsykdom-eller-dermatofilose-arsaker-overforing-og-symptomer-forklart-av-eksperten\/\",\"url\":\"https:\/\/nordnesrepublikken.no\/index.php\/2026\/09\/04\/regnsykdom-eller-dermatofilose-arsaker-overforing-og-symptomer-forklart-av-eksperten\/\",\"name\":\"\\\"Regnsykdom\\\" eller dermatofilose: \u00e5rsaker, overf\u00f8ring og symptomer forklart av eksperten - Nordnesrepublikken\",\"isPartOf\":{\"@id\":\"https:\/\/nordnesrepublikken.no\/#website\"},\"primaryImageOfPage\":{\"@id\":\"https:\/\/nordnesrepublikken.no\/index.php\/2026\/09\/04\/regnsykdom-eller-dermatofilose-arsaker-overforing-og-symptomer-forklart-av-eksperten\/#primaryimage\"},\"image\":{\"@id\":\"https:\/\/nordnesrepublikken.no\/index.php\/2026\/09\/04\/regnsykdom-eller-dermatofilose-arsaker-overforing-og-symptomer-forklart-av-eksperten\/#primaryimage\"},\"thumbnailUrl\":\"https:\/\/nordnesrepublikken.no\/wp-content\/uploads\/2026\/09\/1788483778_Regnsykdom-eller-dermatofilose-arsaker-overforing-og-symptomer-forklart-av-eksperten.jpg\",\"datePublished\":\"2026-09-04T01:02:57+00:00\",\"dateModified\":\"2026-09-04T01:03:00+00:00\",\"breadcrumb\":{\"@id\":\"https:\/\/nordnesrepublikken.no\/index.php\/2026\/09\/04\/regnsykdom-eller-dermatofilose-arsaker-overforing-og-symptomer-forklart-av-eksperten\/#breadcrumb\"},\"inLanguage\":\"nb-NO\",\"potentialAction\":[{\"@type\":\"ReadAction\",\"target\":[\"https:\/\/nordnesrepublikken.no\/index.php\/2026\/09\/04\/regnsykdom-eller-dermatofilose-arsaker-overforing-og-symptomer-forklart-av-eksperten\/\"]}]},{\"@type\":\"ImageObject\",\"inLanguage\":\"nb-NO\",\"@id\":\"https:\/\/nordnesrepublikken.no\/index.php\/2026\/09\/04\/regnsykdom-eller-dermatofilose-arsaker-overforing-og-symptomer-forklart-av-eksperten\/#primaryimage\",\"url\":\"https:\/\/nordnesrepublikken.no\/wp-content\/uploads\/2026\/09\/1788483778_Regnsykdom-eller-dermatofilose-arsaker-overforing-og-symptomer-forklart-av-eksperten.jpg\",\"contentUrl\":\"https:\/\/nordnesrepublikken.no\/wp-content\/uploads\/2026\/09\/1788483778_Regnsykdom-eller-dermatofilose-arsaker-overforing-og-symptomer-forklart-av-eksperten.jpg\",\"width\":2400,\"height\":1350,\"caption\":\"\\\"Regnsykdom\\\" eller dermatofilose: \u00e5rsaker, overf\u00f8ring og symptomer forklart av eksperten\"},{\"@type\":\"BreadcrumbList\",\"@id\":\"https:\/\/nordnesrepublikken.no\/index.php\/2026\/09\/04\/regnsykdom-eller-dermatofilose-arsaker-overforing-og-symptomer-forklart-av-eksperten\/#breadcrumb\",\"itemListElement\":[{\"@type\":\"ListItem\",\"position\":1,\"name\":\"Home\",\"item\":\"https:\/\/nordnesrepublikken.no\/\"},{\"@type\":\"ListItem\",\"position\":2,\"name\":\"&laquo;Regnsykdom&raquo; eller dermatofilose: \u00e5rsaker, overf\u00f8ring og symptomer forklart av eksperten\"}]},{\"@type\":\"WebSite\",\"@id\":\"https:\/\/nordnesrepublikken.no\/#website\",\"url\":\"https:\/\/nordnesrepublikken.no\/\",\"name\":\"Nordnesrepublikken\",\"description\":\"Stemmer og Visjoner fra Republikkens Hjerte\",\"publisher\":{\"@id\":\"https:\/\/nordnesrepublikken.no\/#organization\"},\"potentialAction\":[{\"@type\":\"SearchAction\",\"target\":{\"@type\":\"EntryPoint\",\"urlTemplate\":\"https:\/\/nordnesrepublikken.no\/?s={search_term_string}\"},\"query-input\":{\"@type\":\"PropertyValueSpecification\",\"valueRequired\":true,\"valueName\":\"search_term_string\"}}],\"inLanguage\":\"nb-NO\"},{\"@type\":\"Organization\",\"@id\":\"https:\/\/nordnesrepublikken.no\/#organization\",\"name\":\"Nordnesrepublikken\",\"url\":\"https:\/\/nordnesrepublikken.no\/\",\"logo\":{\"@type\":\"ImageObject\",\"inLanguage\":\"nb-NO\",\"@id\":\"https:\/\/nordnesrepublikken.no\/#\/schema\/logo\/image\/\",\"url\":\"https:\/\/nordnesrepublikken.no\/wp-content\/uploads\/2025\/02\/cropped-nordnesrepublikken-2.png\",\"contentUrl\":\"https:\/\/nordnesrepublikken.no\/wp-content\/uploads\/2025\/02\/cropped-nordnesrepublikken-2.png\",\"width\":1248,\"height\":362,\"caption\":\"Nordnesrepublikken\"},\"image\":{\"@id\":\"https:\/\/nordnesrepublikken.no\/#\/schema\/logo\/image\/\"}},{\"@type\":\"Person\",\"@id\":\"https:\/\/nordnesrepublikken.no\/#\/schema\/person\/2e7e81935bab77882fffb79296240ff1\",\"name\":\"Ole Andersen\",\"image\":{\"@type\":\"ImageObject\",\"inLanguage\":\"nb-NO\",\"@id\":\"https:\/\/nordnesrepublikken.no\/#\/schema\/person\/image\/\",\"url\":\"https:\/\/nordnesrepublikken.no\/wp-content\/uploads\/2025\/02\/nordnesrepublikken-2-2-150x150.jpg\",\"contentUrl\":\"https:\/\/nordnesrepublikken.no\/wp-content\/uploads\/2025\/02\/nordnesrepublikken-2-2-150x150.jpg\",\"caption\":\"Ole Andersen\"},\"description\":\"Ettersom jeg vokste opp i Oslo, har jeg alltid v\u00e6rt fascinert av ordenes kraft og deres evne til \u00e5 skape endringer. Etter \u00e5 ha fullf\u00f8rt min utdannelse i kommunikasjon ved Universitetet i Bergen, fikk jeg muligheten til \u00e5 jobbe innen ulike medier, der jeg har s\u00f8kt \u00e5 belyse viktige samfunnssp\u00f8rsm\u00e5l. I dag, som redakt\u00f8r for Nordnesrepublikken, pr\u00f8ver jeg \u00e5 forene min kj\u00e6rlighet for journalistikk med min lidenskap for innovasjon og eventyr.\",\"sameAs\":[\"https:\/\/nordnesrepublikken.no\/\"]}]}<\/script>\n<!-- \/ Yoast SEO plugin. -->","yoast_head_json":{"title":"\"Regnsykdom\" eller dermatofilose: \u00e5rsaker, overf\u00f8ring og symptomer forklart av eksperten - Nordnesrepublikken","robots":{"index":"index","follow":"follow","max-snippet":"max-snippet:-1","max-image-preview":"max-image-preview:large","max-video-preview":"max-video-preview:-1"},"canonical":"https:\/\/nordnesrepublikken.no\/index.php\/2026\/09\/04\/regnsykdom-eller-dermatofilose-arsaker-overforing-og-symptomer-forklart-av-eksperten\/","og_locale":"nb_NO","og_type":"article","og_title":"\"Regnsykdom\" eller dermatofilose: \u00e5rsaker, overf\u00f8ring og symptomer forklart av eksperten - Nordnesrepublikken","og_description":"De siste ukene har europeiske helseradarer fanget opp en epidemiologisk anomali knyttet til en bakteriell","og_url":"https:\/\/nordnesrepublikken.no\/index.php\/2026\/09\/04\/regnsykdom-eller-dermatofilose-arsaker-overforing-og-symptomer-forklart-av-eksperten\/","og_site_name":"Nordnesrepublikken","article_published_time":"2026-09-04T01:02:57+00:00","article_modified_time":"2026-09-04T01:03:00+00:00","og_image":[{"width":2400,"height":1350,"url":"https:\/\/nordnesrepublikken.no\/wp-content\/uploads\/2026\/09\/1788483778_Regnsykdom-eller-dermatofilose-arsaker-overforing-og-symptomer-forklart-av-eksperten.jpg","type":"image\/jpeg"}],"author":"Ole Andersen","twitter_card":"summary_large_image","twitter_misc":{"Skrevet av":"Ole Andersen","Ansl. lesetid":"6 minutter"},"schema":{"@context":"https:\/\/schema.org","@graph":[{"@type":"Article","@id":"https:\/\/nordnesrepublikken.no\/index.php\/2026\/09\/04\/regnsykdom-eller-dermatofilose-arsaker-overforing-og-symptomer-forklart-av-eksperten\/#article","isPartOf":{"@id":"https:\/\/nordnesrepublikken.no\/index.php\/2026\/09\/04\/regnsykdom-eller-dermatofilose-arsaker-overforing-og-symptomer-forklart-av-eksperten\/"},"author":{"name":"Ole Andersen","@id":"https:\/\/nordnesrepublikken.no\/#\/schema\/person\/2e7e81935bab77882fffb79296240ff1"},"headline":"&laquo;Regnsykdom&raquo; eller dermatofilose: \u00e5rsaker, overf\u00f8ring og symptomer forklart av eksperten","datePublished":"2026-09-04T01:02:57+00:00","dateModified":"2026-09-04T01:03:00+00:00","mainEntityOfPage":{"@id":"https:\/\/nordnesrepublikken.no\/index.php\/2026\/09\/04\/regnsykdom-eller-dermatofilose-arsaker-overforing-og-symptomer-forklart-av-eksperten\/"},"wordCount":1226,"publisher":{"@id":"https:\/\/nordnesrepublikken.no\/#organization"},"image":{"@id":"https:\/\/nordnesrepublikken.no\/index.php\/2026\/09\/04\/regnsykdom-eller-dermatofilose-arsaker-overforing-og-symptomer-forklart-av-eksperten\/#primaryimage"},"thumbnailUrl":"https:\/\/nordnesrepublikken.no\/wp-content\/uploads\/2026\/09\/1788483778_Regnsykdom-eller-dermatofilose-arsaker-overforing-og-symptomer-forklart-av-eksperten.jpg","keywords":["\u00e5rsaker","dermatofilose","eksperten","eller","forklart","overf\u00f8ring","Regnsykdom","symptomer"],"articleSection":["Vitenskap"],"inLanguage":"nb-NO"},{"@type":"WebPage","@id":"https:\/\/nordnesrepublikken.no\/index.php\/2026\/09\/04\/regnsykdom-eller-dermatofilose-arsaker-overforing-og-symptomer-forklart-av-eksperten\/","url":"https:\/\/nordnesrepublikken.no\/index.php\/2026\/09\/04\/regnsykdom-eller-dermatofilose-arsaker-overforing-og-symptomer-forklart-av-eksperten\/","name":"\"Regnsykdom\" eller dermatofilose: \u00e5rsaker, overf\u00f8ring og symptomer forklart av eksperten - Nordnesrepublikken","isPartOf":{"@id":"https:\/\/nordnesrepublikken.no\/#website"},"primaryImageOfPage":{"@id":"https:\/\/nordnesrepublikken.no\/index.php\/2026\/09\/04\/regnsykdom-eller-dermatofilose-arsaker-overforing-og-symptomer-forklart-av-eksperten\/#primaryimage"},"image":{"@id":"https:\/\/nordnesrepublikken.no\/index.php\/2026\/09\/04\/regnsykdom-eller-dermatofilose-arsaker-overforing-og-symptomer-forklart-av-eksperten\/#primaryimage"},"thumbnailUrl":"https:\/\/nordnesrepublikken.no\/wp-content\/uploads\/2026\/09\/1788483778_Regnsykdom-eller-dermatofilose-arsaker-overforing-og-symptomer-forklart-av-eksperten.jpg","datePublished":"2026-09-04T01:02:57+00:00","dateModified":"2026-09-04T01:03:00+00:00","breadcrumb":{"@id":"https:\/\/nordnesrepublikken.no\/index.php\/2026\/09\/04\/regnsykdom-eller-dermatofilose-arsaker-overforing-og-symptomer-forklart-av-eksperten\/#breadcrumb"},"inLanguage":"nb-NO","potentialAction":[{"@type":"ReadAction","target":["https:\/\/nordnesrepublikken.no\/index.php\/2026\/09\/04\/regnsykdom-eller-dermatofilose-arsaker-overforing-og-symptomer-forklart-av-eksperten\/"]}]},{"@type":"ImageObject","inLanguage":"nb-NO","@id":"https:\/\/nordnesrepublikken.no\/index.php\/2026\/09\/04\/regnsykdom-eller-dermatofilose-arsaker-overforing-og-symptomer-forklart-av-eksperten\/#primaryimage","url":"https:\/\/nordnesrepublikken.no\/wp-content\/uploads\/2026\/09\/1788483778_Regnsykdom-eller-dermatofilose-arsaker-overforing-og-symptomer-forklart-av-eksperten.jpg","contentUrl":"https:\/\/nordnesrepublikken.no\/wp-content\/uploads\/2026\/09\/1788483778_Regnsykdom-eller-dermatofilose-arsaker-overforing-og-symptomer-forklart-av-eksperten.jpg","width":2400,"height":1350,"caption":"\"Regnsykdom\" eller dermatofilose: \u00e5rsaker, overf\u00f8ring og symptomer forklart av eksperten"},{"@type":"BreadcrumbList","@id":"https:\/\/nordnesrepublikken.no\/index.php\/2026\/09\/04\/regnsykdom-eller-dermatofilose-arsaker-overforing-og-symptomer-forklart-av-eksperten\/#breadcrumb","itemListElement":[{"@type":"ListItem","position":1,"name":"Home","item":"https:\/\/nordnesrepublikken.no\/"},{"@type":"ListItem","position":2,"name":"&laquo;Regnsykdom&raquo; eller dermatofilose: \u00e5rsaker, overf\u00f8ring og symptomer forklart av eksperten"}]},{"@type":"WebSite","@id":"https:\/\/nordnesrepublikken.no\/#website","url":"https:\/\/nordnesrepublikken.no\/","name":"Nordnesrepublikken","description":"Stemmer og Visjoner fra Republikkens Hjerte","publisher":{"@id":"https:\/\/nordnesrepublikken.no\/#organization"},"potentialAction":[{"@type":"SearchAction","target":{"@type":"EntryPoint","urlTemplate":"https:\/\/nordnesrepublikken.no\/?s={search_term_string}"},"query-input":{"@type":"PropertyValueSpecification","valueRequired":true,"valueName":"search_term_string"}}],"inLanguage":"nb-NO"},{"@type":"Organization","@id":"https:\/\/nordnesrepublikken.no\/#organization","name":"Nordnesrepublikken","url":"https:\/\/nordnesrepublikken.no\/","logo":{"@type":"ImageObject","inLanguage":"nb-NO","@id":"https:\/\/nordnesrepublikken.no\/#\/schema\/logo\/image\/","url":"https:\/\/nordnesrepublikken.no\/wp-content\/uploads\/2025\/02\/cropped-nordnesrepublikken-2.png","contentUrl":"https:\/\/nordnesrepublikken.no\/wp-content\/uploads\/2025\/02\/cropped-nordnesrepublikken-2.png","width":1248,"height":362,"caption":"Nordnesrepublikken"},"image":{"@id":"https:\/\/nordnesrepublikken.no\/#\/schema\/logo\/image\/"}},{"@type":"Person","@id":"https:\/\/nordnesrepublikken.no\/#\/schema\/person\/2e7e81935bab77882fffb79296240ff1","name":"Ole Andersen","image":{"@type":"ImageObject","inLanguage":"nb-NO","@id":"https:\/\/nordnesrepublikken.no\/#\/schema\/person\/image\/","url":"https:\/\/nordnesrepublikken.no\/wp-content\/uploads\/2025\/02\/nordnesrepublikken-2-2-150x150.jpg","contentUrl":"https:\/\/nordnesrepublikken.no\/wp-content\/uploads\/2025\/02\/nordnesrepublikken-2-2-150x150.jpg","caption":"Ole Andersen"},"description":"Ettersom jeg vokste opp i Oslo, har jeg alltid v\u00e6rt fascinert av ordenes kraft og deres evne til \u00e5 skape endringer. Etter \u00e5 ha fullf\u00f8rt min utdannelse i kommunikasjon ved Universitetet i Bergen, fikk jeg muligheten til \u00e5 jobbe innen ulike medier, der jeg har s\u00f8kt \u00e5 belyse viktige samfunnssp\u00f8rsm\u00e5l. I dag, som redakt\u00f8r for Nordnesrepublikken, pr\u00f8ver jeg \u00e5 forene min kj\u00e6rlighet for journalistikk med min lidenskap for innovasjon og eventyr.","sameAs":["https:\/\/nordnesrepublikken.no\/"]}]}},"_links":{"self":[{"href":"https:\/\/nordnesrepublikken.no\/index.php\/wp-json\/wp\/v2\/posts\/21775","targetHints":{"allow":["GET"]}}],"collection":[{"href":"https:\/\/nordnesrepublikken.no\/index.php\/wp-json\/wp\/v2\/posts"}],"about":[{"href":"https:\/\/nordnesrepublikken.no\/index.php\/wp-json\/wp\/v2\/types\/post"}],"author":[{"embeddable":true,"href":"https:\/\/nordnesrepublikken.no\/index.php\/wp-json\/wp\/v2\/users\/1"}],"replies":[{"embeddable":true,"href":"https:\/\/nordnesrepublikken.no\/index.php\/wp-json\/wp\/v2\/comments?post=21775"}],"version-history":[{"count":1,"href":"https:\/\/nordnesrepublikken.no\/index.php\/wp-json\/wp\/v2\/posts\/21775\/revisions"}],"predecessor-version":[{"id":21777,"href":"https:\/\/nordnesrepublikken.no\/index.php\/wp-json\/wp\/v2\/posts\/21775\/revisions\/21777"}],"wp:featuredmedia":[{"embeddable":true,"href":"https:\/\/nordnesrepublikken.no\/index.php\/wp-json\/wp\/v2\/media\/21776"}],"wp:attachment":[{"href":"https:\/\/nordnesrepublikken.no\/index.php\/wp-json\/wp\/v2\/media?parent=21775"}],"wp:term":[{"taxonomy":"category","embeddable":true,"href":"https:\/\/nordnesrepublikken.no\/index.php\/wp-json\/wp\/v2\/categories?post=21775"},{"taxonomy":"post_tag","embeddable":true,"href":"https:\/\/nordnesrepublikken.no\/index.php\/wp-json\/wp\/v2\/tags?post=21775"}],"curies":[{"name":"wp","href":"https:\/\/api.w.org\/{rel}","templated":true}]}}