{"id":21772,"date":"2026-09-04T00:02:38","date_gmt":"2026-09-03T22:02:38","guid":{"rendered":"https:\/\/nordnesrepublikken.no\/index.php\/2026\/09\/04\/carlo-alberto-dalla-chiesa-generalen-drept-av-mafiaen-3-september-1982-liv-og-drap\/"},"modified":"2026-09-04T00:02:42","modified_gmt":"2026-09-03T22:02:42","slug":"carlo-alberto-dalla-chiesa-generalen-drept-av-mafiaen-3-september-1982-liv-og-drap","status":"publish","type":"post","link":"https:\/\/nordnesrepublikken.no\/index.php\/2026\/09\/04\/carlo-alberto-dalla-chiesa-generalen-drept-av-mafiaen-3-september-1982-liv-og-drap\/","title":{"rendered":"Carlo Alberto Dalla Chiesa, generalen drept av mafiaen 3. september 1982: liv og drap"},"content":{"rendered":"<div>\n<div class=\"cp_wrapper cp_wrapper--fw mb-30 mb-20@tablet\">\n<figure class=\"mm\"><picture class=\"img\" style=\"padding-top:56.25%\"><source  media=\"(min-width: 1024px)\"><source  media=\"(min-width: 768px)\"><\/source><\/source><\/picture><\/figure>\n<\/p><\/div>\n<p>I dag 3. september er det 44-\u00e5rsjubileum for<strong>angrep inn via Carini<\/strong>: den dagen, i <strong>1982<\/strong>drepte Cosa Nostra Carabinieri-generalen i Palermo <strong>Carlo Alberto Dalla Chiesa<\/strong>prefekt for byen i noen m\u00e5neder, sammen med sin kone <strong>Emanuela Setti Carraro<\/strong> og til eskorteoffiseren <strong>Domenico Russo<\/strong>. Carabiniere, partisan, etterforsker og til slutt prefekt, Dalla Chiesa hadde basert sin karriere p\u00e5 et solid prinsipp: Staten m\u00e5 ikke gi etter for vold, det v\u00e6re seg mafia eller terrorist.<\/p>\n<p>Han ble f\u00f8dt i provinsen Cuneo i 1920, begynte i Carabinieri som 22-\u00e5ring og etter krigen tok han seg av <strong>Corleone mafia<\/strong>. P\u00e5 syttitallet, i Torino, ledet han kampen mot terrorisme <strong>R\u00f8de brigader <\/strong>og i 1982 ble han sendt til Palermo, hvor han ble drept noen m\u00e5neder senere. Hans d\u00f8d presser parlamentet til \u00e5 godkjenne <strong>Rognoni-La Torre-loven<\/strong>som introduserer <strong>forbrytelse av mafiaforeningen<\/strong> (art. 416-bis), og setter fart p\u00e5 rettssesongen som i de p\u00e5f\u00f8lgende \u00e5rene vil f\u00f8re til Palermo maksi-rettssaken initiert av anti-mafiaen til <strong>Giovanni Falcone<\/strong> Og <strong>Paolo Borsellino<\/strong>.<\/p>\n<h2>Carlo Alberto Dalla Chiesa, en skjebne skrevet i h\u00e6ren<\/h2>\n<p>Fra kirken ble f\u00f8dt a <strong>Saluzzo<\/strong>i provinsen<strong> Kile<\/strong>27. september<strong> 1920<\/strong> i en familie som \u00e5ndet en f\u00f8lelse av plikt. Faren hans Romano var en offiser i Carabinieri, og n\u00e5dde rollen som <strong>Nestkommanderende general<\/strong> av h\u00e6ren. Med br\u00f8dre bestemt for str\u00e5lende karrierer (den ene i en bank, den andre ogs\u00e5 en general), vokste Carlo Alberto opp i en kontekst der &laquo;uniform&raquo; betydde ansvar, disiplin, tjeneste.<\/p>\n<p>N\u00e5r det eksploderer <strong>Andre verdenskrig<\/strong>deltar som andrel\u00f8ytnant p\u00e5 Balkan. S\u00e5, i 1942, gikk han offisielt inn i<strong>Carabinieri<\/strong> og \u00e5ret etter ble han uteksaminert i jus i Bari (hvor eksaminatorene hans inkluderte en veldig ung mann <strong>Aldo Moro<\/strong>). Kort tid etter oppn\u00e5dde han ogs\u00e5 en grad i statsvitenskap.<\/p>\n<p>Etter undertegnelsen av v\u00e5penhvilen 8. september <strong>1943<\/strong>Mens Italia er delt i to, nekter Dalla Chiesa \u00e5 samarbeide med nazistene og blir en av de <strong>hovedpersonene i motstandsbevegelsen <\/strong>i Marche. Han skulle senere huske den opplevelsen som en av de viktigste i livet hans: &laquo;Jeg befant meg i spissen for grupper av patrioter og ansvarlig for hele befolkninger.&raquo;<\/p>\n<h2>Generalens kamp mot mafiaen: fra Corleone-\u00e5rene til Palermo<\/h2>\n<p>Etter krigen ble hans milit\u00e6re karriere sammenvevd med familiekarrieren: i 1946 giftet han seg <strong>Dora Fabbo<\/strong>som han vil f\u00e5 tre barn med, inkludert Nando Dalla Chiesa, professor i \u00absosiologi av organisert kriminalitet\u00bb ved Universitetet i Milano og en av sivilsamfunnets viktigste stemmer mot mafiaen.<\/p>\n<p>Det er Doras familie, knyttet til Palermo, som er bakteppet for den f\u00f8rste store anti-mafia-satsingen. Siden 1949, med <strong>Banditry undertrykkelse styrker kommando<\/strong> (CFRB), adresserer Dalla Chiesa den kriminelle virkeligheten til <strong>Corleone<\/strong>. Unders\u00f8k fagforeningsmannens forsvinning <strong>Placido Rizzotto<\/strong>og forst\u00e5r umiddelbart at bak det er ikke den &laquo;gamle sjefen&raquo; Michele Navarra, men den nye unge mannen <strong>Luciano Liggio<\/strong>. Det er det f\u00f8rste trinnet i en metode som vil prege hele livet hans: \u00e5 studere b\u00e5ndene, slektskapene, <strong>mafiakraftnettverk som et system<\/strong>.<\/p>\n<p>P\u00e5 1960-tallet, som oberst i Palermo, styrket han denne visjonen. Utdype <strong>kort p\u00e5 mafiosi<\/strong>sporing av familieb\u00e5nd og komparative forhold. Han tegner til og med kart over Palermo med nabolagene som er kontrollert av gjengene. Hans rapporter om eiendomsspekulasjon og politikere som f.eks <strong>Vito Ciancimino<\/strong> de viser en unders\u00f8kende klarhet som foregriper de store antimafia-poolene p\u00e5 1980-tallet. Men tidens pr\u00f8velser, som fortsatt mangler tilstrekkelig verkt\u00f8y, endte ofte i ingenting. Selv vil han bittert sl\u00e5 fast: \u00abVi er uten spiker\u00bb.<\/p>\n<h2>Terrorens sesong: Spesialenheten og de r\u00f8de brigadene<\/h2>\n<p>I 1973 ble han overf\u00f8rt til Torino og forfremmet til general. Det er perioden hvor Italia st\u00e5r overfor en ny n\u00f8dsituasjon: <strong>r\u00f8d terrorisme<\/strong>. Etter sorenskriverens beslag <strong>Mario Sossi<\/strong>Fra Kirken f\u00e5r han gr\u00f8nt lys til \u00e5 skape <strong>Spesiell antiterrorenhet<\/strong>. Han velger personlig sine menn og trener dem med en gylden regel: absolutt skj\u00f8nn og spesialisering.<\/p>\n<p>Strategien hans fungerer: i <strong>1974<\/strong> de kommer <strong>arrestasjoner<\/strong> av brigadelederne <strong>Curcio og Franceschini<\/strong>takket v\u00e6re infiltrasjonen av <strong>Silvano Girotto<\/strong>den ber\u00f8mte &laquo;gj\u00e6rbroren&raquo;. I de p\u00e5f\u00f8lgende \u00e5rene demonterte enheten gjemmesteder, arresterte dusinvis av militante, bygde en etterforskningsmetode basert p\u00e5 skyggelegging, avlytting og n\u00e6rt samarbeid med rettsvesenet.<\/p>\n<p>Etter dramaet av <strong>kidnapping og drap av Aldo Moro <\/strong>i 1978 ble Dalla Chiesa referansepunktet for den nye antiterrorkoordineringen. Med ham kom konkrete resultater: fra blitzen i Via Monte Nevoso til den f\u00f8rste store angrende i BR, <strong>Patrizio Peci<\/strong>som i 1980 banet vei for et sn\u00f8skred av tilst\u00e5elser og arrestasjoner. I l\u00f8pet av tre \u00e5r ble Red Brigades organisasjon effektivt demontert.<\/p>\n<h2>Returen til Palermo og d\u00f8den 3. september 1982: prefekten &laquo;uten krefter&raquo;<\/h2>\n<p>Etter en karriere full av vanskelige oppdrag, i <strong>1982<\/strong> kommer nominasjonen som vil markere hans skjebne:<strong> prefekt i Palermo<\/strong>. Dalla Chiesa er klar over at byen er midt i <strong>andre mafiakrig<\/strong>med Corleonesi av <strong>Tot\u00f2 Riina<\/strong> Og <strong>Bernardo Provenzano<\/strong> klar til \u00e5 slippe l\u00f8s blodbad. Men her st\u00e5r generalen overfor en bitter sannhet: <strong>Staten gir ham ikke de lovede maktene<\/strong>. I et brev til statsminister Giovanni Spadolini ford\u00f8mmer generalen \u00e5penlyst mangelen p\u00e5 tilstrekkelige verkt\u00f8y for \u00e5 bekjempe en s\u00e5 mektig fiende. Han er isolert, og han er klar over det.<\/p>\n<p>De <strong>3. september 1982<\/strong> Palermo er rystet over et angrep som vil g\u00e5 over i historien. Dalla Chiesa, gift i bare 54 dager med Emanuela Setti Carraro, reiser p\u00e5 sin <strong>Autobianchi A112 Spesial<\/strong> sammen med sin kone. Med seg har de ogs\u00e5 eskorteagenten Domenico Russo, i en Alfetta.<\/p>\n<div class=\"cp_wrapper cp_wrapper--fw mb-50\">\n<figure class=\"mm\"><picture class=\"img\" style=\"padding-top:70.125%\"><source  media=\"(min-width: 1024px)\"><source  media=\"(min-width: 768px)\"><img decoding=\"async\" loading=\"lazy\" src=\"https:\/\/nordnesrepublikken.no\/wp-content\/uploads\/2026\/09\/1788472958_84_Carlo-Alberto-Dalla-Chiesa-generalen-drept-av-mafiaen-3-september.jpg\" alt=\"fra kirken og Emanuela Setti\" width=\"800\" height=\"561\"\/><\/source><\/source><\/picture><\/figure>\n<\/p><\/div>\n<p>Inn via Carini kommer en BMW ved siden av Dalla Chiesas bil, mens en motorsykkel med Pino Greco om bord kommer sammen med Russos Alfetta. AK-47-utbrudd begynner. Det er en henrettelse. Generalen <strong>Fra kirken<\/strong> og hans kone<strong> Emanuela Setti Carraro d\u00f8r momentant, Domenico Russo <\/strong>han d\u00f8de 15 dager senere p\u00e5 sykehus.<\/p>\n<div class=\"cp_wrapper cp_wrapper--fw mb-50\">\n<figure class=\"mm\"><picture class=\"img\" style=\"padding-top:149.0625%\"><source  media=\"(min-width: 1024px)\"><source  media=\"(min-width: 768px)\"><img decoding=\"async\" loading=\"lazy\" src=\"https:\/\/nordnesrepublikken.no\/wp-content\/uploads\/2026\/09\/1788472958_107_Carlo-Alberto-Dalla-Chiesa-generalen-drept-av-mafiaen-3-september.jpg\" alt=\"Domenico_Russo\" width=\"640\" height=\"954\" class=\"js-seedtag-img\"\/><\/source><\/source><\/picture><\/figure>\n<\/p><\/div>\n<p>Italia v\u00e5kner opp til et paradoks: mannen som hadde beseiret terrorisme, sendt til Palermo som et symbol p\u00e5 kampen mot mafiaen, <strong>han hadde blitt alene<\/strong>. Hans d\u00f8d blir et rop, uten sterke lover og en klar politisk vilje, vil organisert kriminalitet fortsette \u00e5 drepe: angrepet presser parlamentet til \u00e5 godkjenne <strong>Rognoni-La Torre-loven<\/strong>som introduserer <strong>forbrytelse av mafiaforeningen<\/strong> (art. 416-bis) og muligheten for \u00e5 beslaglegge f.eks <strong>konfiskere<\/strong> eiendeler ulovlig akkumulert av organisert kriminalitet.<\/p>\n<\/p><\/div>\n","protected":false},"excerpt":{"rendered":"<p>I dag 3. september er det 44-\u00e5rsjubileum forangrep inn via Carini: den dagen, i 1982drepte<\/p>\n","protected":false},"author":1,"featured_media":21773,"comment_status":"closed","ping_status":"open","sticky":false,"template":"","format":"standard","meta":{"footnotes":""},"categories":[104],"tags":[8970,9688,14235,14141,14237,2275,14236,2615,2276,4418],"class_list":["post-21772","post","type-post","status-publish","format-standard","has-post-thumbnail","hentry","category-samfunn","tag-alberto","tag-carlo","tag-chiesa","tag-dalla","tag-drap","tag-drept","tag-generalen","tag-liv","tag-mafiaen","tag-september","generate-columns","tablet-grid-50","mobile-grid-100","grid-parent","grid-33","resize-featured-image"],"yoast_head":"<!-- This site is optimized with the Yoast SEO plugin v24.4 - https:\/\/yoast.com\/wordpress\/plugins\/seo\/ -->\n<title>Carlo Alberto Dalla Chiesa, generalen drept av mafiaen 3. september 1982: liv og drap - Nordnesrepublikken<\/title>\n<meta name=\"robots\" content=\"index, follow, max-snippet:-1, max-image-preview:large, max-video-preview:-1\" \/>\n<link rel=\"canonical\" href=\"https:\/\/nordnesrepublikken.no\/index.php\/2026\/09\/04\/carlo-alberto-dalla-chiesa-generalen-drept-av-mafiaen-3-september-1982-liv-og-drap\/\" \/>\n<meta property=\"og:locale\" content=\"nb_NO\" \/>\n<meta property=\"og:type\" content=\"article\" \/>\n<meta property=\"og:title\" content=\"Carlo Alberto Dalla Chiesa, generalen drept av mafiaen 3. september 1982: liv og drap - Nordnesrepublikken\" \/>\n<meta property=\"og:description\" content=\"I dag 3. september er det 44-\u00e5rsjubileum forangrep inn via Carini: den dagen, i 1982drepte\" \/>\n<meta property=\"og:url\" content=\"https:\/\/nordnesrepublikken.no\/index.php\/2026\/09\/04\/carlo-alberto-dalla-chiesa-generalen-drept-av-mafiaen-3-september-1982-liv-og-drap\/\" \/>\n<meta property=\"og:site_name\" content=\"Nordnesrepublikken\" \/>\n<meta property=\"article:published_time\" content=\"2026-09-03T22:02:38+00:00\" \/>\n<meta property=\"article:modified_time\" content=\"2026-09-03T22:02:42+00:00\" \/>\n<meta property=\"og:image\" content=\"https:\/\/nordnesrepublikken.no\/wp-content\/uploads\/2026\/09\/1788472961_Carlo-Alberto-Dalla-Chiesa-generalen-drept-av-mafiaen-3-september.jpg\" \/>\n\t<meta property=\"og:image:width\" content=\"1376\" \/>\n\t<meta property=\"og:image:height\" content=\"768\" \/>\n\t<meta property=\"og:image:type\" content=\"image\/jpeg\" \/>\n<meta name=\"author\" content=\"Ole Andersen\" \/>\n<meta name=\"twitter:card\" content=\"summary_large_image\" \/>\n<meta name=\"twitter:label1\" content=\"Skrevet av\" \/>\n\t<meta name=\"twitter:data1\" content=\"Ole Andersen\" \/>\n\t<meta name=\"twitter:label2\" content=\"Ansl. lesetid\" \/>\n\t<meta name=\"twitter:data2\" content=\"5 minutter\" \/>\n<script type=\"application\/ld+json\" class=\"yoast-schema-graph\">{\"@context\":\"https:\/\/schema.org\",\"@graph\":[{\"@type\":\"Article\",\"@id\":\"https:\/\/nordnesrepublikken.no\/index.php\/2026\/09\/04\/carlo-alberto-dalla-chiesa-generalen-drept-av-mafiaen-3-september-1982-liv-og-drap\/#article\",\"isPartOf\":{\"@id\":\"https:\/\/nordnesrepublikken.no\/index.php\/2026\/09\/04\/carlo-alberto-dalla-chiesa-generalen-drept-av-mafiaen-3-september-1982-liv-og-drap\/\"},\"author\":{\"name\":\"Ole Andersen\",\"@id\":\"https:\/\/nordnesrepublikken.no\/#\/schema\/person\/2e7e81935bab77882fffb79296240ff1\"},\"headline\":\"Carlo Alberto Dalla Chiesa, generalen drept av mafiaen 3. september 1982: liv og drap\",\"datePublished\":\"2026-09-03T22:02:38+00:00\",\"dateModified\":\"2026-09-03T22:02:42+00:00\",\"mainEntityOfPage\":{\"@id\":\"https:\/\/nordnesrepublikken.no\/index.php\/2026\/09\/04\/carlo-alberto-dalla-chiesa-generalen-drept-av-mafiaen-3-september-1982-liv-og-drap\/\"},\"wordCount\":1024,\"publisher\":{\"@id\":\"https:\/\/nordnesrepublikken.no\/#organization\"},\"image\":{\"@id\":\"https:\/\/nordnesrepublikken.no\/index.php\/2026\/09\/04\/carlo-alberto-dalla-chiesa-generalen-drept-av-mafiaen-3-september-1982-liv-og-drap\/#primaryimage\"},\"thumbnailUrl\":\"https:\/\/nordnesrepublikken.no\/wp-content\/uploads\/2026\/09\/1788472961_Carlo-Alberto-Dalla-Chiesa-generalen-drept-av-mafiaen-3-september.jpg\",\"keywords\":[\"Alberto\",\"Carlo\",\"Chiesa\",\"dalla\",\"drap\",\"drept\",\"generalen\",\"liv\",\"mafiaen\",\"september\"],\"articleSection\":[\"Samfunn\"],\"inLanguage\":\"nb-NO\"},{\"@type\":\"WebPage\",\"@id\":\"https:\/\/nordnesrepublikken.no\/index.php\/2026\/09\/04\/carlo-alberto-dalla-chiesa-generalen-drept-av-mafiaen-3-september-1982-liv-og-drap\/\",\"url\":\"https:\/\/nordnesrepublikken.no\/index.php\/2026\/09\/04\/carlo-alberto-dalla-chiesa-generalen-drept-av-mafiaen-3-september-1982-liv-og-drap\/\",\"name\":\"Carlo Alberto Dalla Chiesa, generalen drept av mafiaen 3. september 1982: liv og drap - Nordnesrepublikken\",\"isPartOf\":{\"@id\":\"https:\/\/nordnesrepublikken.no\/#website\"},\"primaryImageOfPage\":{\"@id\":\"https:\/\/nordnesrepublikken.no\/index.php\/2026\/09\/04\/carlo-alberto-dalla-chiesa-generalen-drept-av-mafiaen-3-september-1982-liv-og-drap\/#primaryimage\"},\"image\":{\"@id\":\"https:\/\/nordnesrepublikken.no\/index.php\/2026\/09\/04\/carlo-alberto-dalla-chiesa-generalen-drept-av-mafiaen-3-september-1982-liv-og-drap\/#primaryimage\"},\"thumbnailUrl\":\"https:\/\/nordnesrepublikken.no\/wp-content\/uploads\/2026\/09\/1788472961_Carlo-Alberto-Dalla-Chiesa-generalen-drept-av-mafiaen-3-september.jpg\",\"datePublished\":\"2026-09-03T22:02:38+00:00\",\"dateModified\":\"2026-09-03T22:02:42+00:00\",\"breadcrumb\":{\"@id\":\"https:\/\/nordnesrepublikken.no\/index.php\/2026\/09\/04\/carlo-alberto-dalla-chiesa-generalen-drept-av-mafiaen-3-september-1982-liv-og-drap\/#breadcrumb\"},\"inLanguage\":\"nb-NO\",\"potentialAction\":[{\"@type\":\"ReadAction\",\"target\":[\"https:\/\/nordnesrepublikken.no\/index.php\/2026\/09\/04\/carlo-alberto-dalla-chiesa-generalen-drept-av-mafiaen-3-september-1982-liv-og-drap\/\"]}]},{\"@type\":\"ImageObject\",\"inLanguage\":\"nb-NO\",\"@id\":\"https:\/\/nordnesrepublikken.no\/index.php\/2026\/09\/04\/carlo-alberto-dalla-chiesa-generalen-drept-av-mafiaen-3-september-1982-liv-og-drap\/#primaryimage\",\"url\":\"https:\/\/nordnesrepublikken.no\/wp-content\/uploads\/2026\/09\/1788472961_Carlo-Alberto-Dalla-Chiesa-generalen-drept-av-mafiaen-3-september.jpg\",\"contentUrl\":\"https:\/\/nordnesrepublikken.no\/wp-content\/uploads\/2026\/09\/1788472961_Carlo-Alberto-Dalla-Chiesa-generalen-drept-av-mafiaen-3-september.jpg\",\"width\":1376,\"height\":768,\"caption\":\"Carlo Alberto Dalla Chiesa, generalen drept av mafiaen 3. september 1982: liv og drap\"},{\"@type\":\"BreadcrumbList\",\"@id\":\"https:\/\/nordnesrepublikken.no\/index.php\/2026\/09\/04\/carlo-alberto-dalla-chiesa-generalen-drept-av-mafiaen-3-september-1982-liv-og-drap\/#breadcrumb\",\"itemListElement\":[{\"@type\":\"ListItem\",\"position\":1,\"name\":\"Home\",\"item\":\"https:\/\/nordnesrepublikken.no\/\"},{\"@type\":\"ListItem\",\"position\":2,\"name\":\"Carlo Alberto Dalla Chiesa, generalen drept av mafiaen 3. september 1982: liv og drap\"}]},{\"@type\":\"WebSite\",\"@id\":\"https:\/\/nordnesrepublikken.no\/#website\",\"url\":\"https:\/\/nordnesrepublikken.no\/\",\"name\":\"Nordnesrepublikken\",\"description\":\"Stemmer og Visjoner fra Republikkens Hjerte\",\"publisher\":{\"@id\":\"https:\/\/nordnesrepublikken.no\/#organization\"},\"potentialAction\":[{\"@type\":\"SearchAction\",\"target\":{\"@type\":\"EntryPoint\",\"urlTemplate\":\"https:\/\/nordnesrepublikken.no\/?s={search_term_string}\"},\"query-input\":{\"@type\":\"PropertyValueSpecification\",\"valueRequired\":true,\"valueName\":\"search_term_string\"}}],\"inLanguage\":\"nb-NO\"},{\"@type\":\"Organization\",\"@id\":\"https:\/\/nordnesrepublikken.no\/#organization\",\"name\":\"Nordnesrepublikken\",\"url\":\"https:\/\/nordnesrepublikken.no\/\",\"logo\":{\"@type\":\"ImageObject\",\"inLanguage\":\"nb-NO\",\"@id\":\"https:\/\/nordnesrepublikken.no\/#\/schema\/logo\/image\/\",\"url\":\"https:\/\/nordnesrepublikken.no\/wp-content\/uploads\/2025\/02\/cropped-nordnesrepublikken-2.png\",\"contentUrl\":\"https:\/\/nordnesrepublikken.no\/wp-content\/uploads\/2025\/02\/cropped-nordnesrepublikken-2.png\",\"width\":1248,\"height\":362,\"caption\":\"Nordnesrepublikken\"},\"image\":{\"@id\":\"https:\/\/nordnesrepublikken.no\/#\/schema\/logo\/image\/\"}},{\"@type\":\"Person\",\"@id\":\"https:\/\/nordnesrepublikken.no\/#\/schema\/person\/2e7e81935bab77882fffb79296240ff1\",\"name\":\"Ole Andersen\",\"image\":{\"@type\":\"ImageObject\",\"inLanguage\":\"nb-NO\",\"@id\":\"https:\/\/nordnesrepublikken.no\/#\/schema\/person\/image\/\",\"url\":\"https:\/\/nordnesrepublikken.no\/wp-content\/uploads\/2025\/02\/nordnesrepublikken-2-2-150x150.jpg\",\"contentUrl\":\"https:\/\/nordnesrepublikken.no\/wp-content\/uploads\/2025\/02\/nordnesrepublikken-2-2-150x150.jpg\",\"caption\":\"Ole Andersen\"},\"description\":\"Ettersom jeg vokste opp i Oslo, har jeg alltid v\u00e6rt fascinert av ordenes kraft og deres evne til \u00e5 skape endringer. Etter \u00e5 ha fullf\u00f8rt min utdannelse i kommunikasjon ved Universitetet i Bergen, fikk jeg muligheten til \u00e5 jobbe innen ulike medier, der jeg har s\u00f8kt \u00e5 belyse viktige samfunnssp\u00f8rsm\u00e5l. I dag, som redakt\u00f8r for Nordnesrepublikken, pr\u00f8ver jeg \u00e5 forene min kj\u00e6rlighet for journalistikk med min lidenskap for innovasjon og eventyr.\",\"sameAs\":[\"https:\/\/nordnesrepublikken.no\/\"]}]}<\/script>\n<!-- \/ Yoast SEO plugin. -->","yoast_head_json":{"title":"Carlo Alberto Dalla Chiesa, generalen drept av mafiaen 3. september 1982: liv og drap - Nordnesrepublikken","robots":{"index":"index","follow":"follow","max-snippet":"max-snippet:-1","max-image-preview":"max-image-preview:large","max-video-preview":"max-video-preview:-1"},"canonical":"https:\/\/nordnesrepublikken.no\/index.php\/2026\/09\/04\/carlo-alberto-dalla-chiesa-generalen-drept-av-mafiaen-3-september-1982-liv-og-drap\/","og_locale":"nb_NO","og_type":"article","og_title":"Carlo Alberto Dalla Chiesa, generalen drept av mafiaen 3. september 1982: liv og drap - Nordnesrepublikken","og_description":"I dag 3. september er det 44-\u00e5rsjubileum forangrep inn via Carini: den dagen, i 1982drepte","og_url":"https:\/\/nordnesrepublikken.no\/index.php\/2026\/09\/04\/carlo-alberto-dalla-chiesa-generalen-drept-av-mafiaen-3-september-1982-liv-og-drap\/","og_site_name":"Nordnesrepublikken","article_published_time":"2026-09-03T22:02:38+00:00","article_modified_time":"2026-09-03T22:02:42+00:00","og_image":[{"width":1376,"height":768,"url":"https:\/\/nordnesrepublikken.no\/wp-content\/uploads\/2026\/09\/1788472961_Carlo-Alberto-Dalla-Chiesa-generalen-drept-av-mafiaen-3-september.jpg","type":"image\/jpeg"}],"author":"Ole Andersen","twitter_card":"summary_large_image","twitter_misc":{"Skrevet av":"Ole Andersen","Ansl. lesetid":"5 minutter"},"schema":{"@context":"https:\/\/schema.org","@graph":[{"@type":"Article","@id":"https:\/\/nordnesrepublikken.no\/index.php\/2026\/09\/04\/carlo-alberto-dalla-chiesa-generalen-drept-av-mafiaen-3-september-1982-liv-og-drap\/#article","isPartOf":{"@id":"https:\/\/nordnesrepublikken.no\/index.php\/2026\/09\/04\/carlo-alberto-dalla-chiesa-generalen-drept-av-mafiaen-3-september-1982-liv-og-drap\/"},"author":{"name":"Ole Andersen","@id":"https:\/\/nordnesrepublikken.no\/#\/schema\/person\/2e7e81935bab77882fffb79296240ff1"},"headline":"Carlo Alberto Dalla Chiesa, generalen drept av mafiaen 3. september 1982: liv og drap","datePublished":"2026-09-03T22:02:38+00:00","dateModified":"2026-09-03T22:02:42+00:00","mainEntityOfPage":{"@id":"https:\/\/nordnesrepublikken.no\/index.php\/2026\/09\/04\/carlo-alberto-dalla-chiesa-generalen-drept-av-mafiaen-3-september-1982-liv-og-drap\/"},"wordCount":1024,"publisher":{"@id":"https:\/\/nordnesrepublikken.no\/#organization"},"image":{"@id":"https:\/\/nordnesrepublikken.no\/index.php\/2026\/09\/04\/carlo-alberto-dalla-chiesa-generalen-drept-av-mafiaen-3-september-1982-liv-og-drap\/#primaryimage"},"thumbnailUrl":"https:\/\/nordnesrepublikken.no\/wp-content\/uploads\/2026\/09\/1788472961_Carlo-Alberto-Dalla-Chiesa-generalen-drept-av-mafiaen-3-september.jpg","keywords":["Alberto","Carlo","Chiesa","dalla","drap","drept","generalen","liv","mafiaen","september"],"articleSection":["Samfunn"],"inLanguage":"nb-NO"},{"@type":"WebPage","@id":"https:\/\/nordnesrepublikken.no\/index.php\/2026\/09\/04\/carlo-alberto-dalla-chiesa-generalen-drept-av-mafiaen-3-september-1982-liv-og-drap\/","url":"https:\/\/nordnesrepublikken.no\/index.php\/2026\/09\/04\/carlo-alberto-dalla-chiesa-generalen-drept-av-mafiaen-3-september-1982-liv-og-drap\/","name":"Carlo Alberto Dalla Chiesa, generalen drept av mafiaen 3. september 1982: liv og drap - Nordnesrepublikken","isPartOf":{"@id":"https:\/\/nordnesrepublikken.no\/#website"},"primaryImageOfPage":{"@id":"https:\/\/nordnesrepublikken.no\/index.php\/2026\/09\/04\/carlo-alberto-dalla-chiesa-generalen-drept-av-mafiaen-3-september-1982-liv-og-drap\/#primaryimage"},"image":{"@id":"https:\/\/nordnesrepublikken.no\/index.php\/2026\/09\/04\/carlo-alberto-dalla-chiesa-generalen-drept-av-mafiaen-3-september-1982-liv-og-drap\/#primaryimage"},"thumbnailUrl":"https:\/\/nordnesrepublikken.no\/wp-content\/uploads\/2026\/09\/1788472961_Carlo-Alberto-Dalla-Chiesa-generalen-drept-av-mafiaen-3-september.jpg","datePublished":"2026-09-03T22:02:38+00:00","dateModified":"2026-09-03T22:02:42+00:00","breadcrumb":{"@id":"https:\/\/nordnesrepublikken.no\/index.php\/2026\/09\/04\/carlo-alberto-dalla-chiesa-generalen-drept-av-mafiaen-3-september-1982-liv-og-drap\/#breadcrumb"},"inLanguage":"nb-NO","potentialAction":[{"@type":"ReadAction","target":["https:\/\/nordnesrepublikken.no\/index.php\/2026\/09\/04\/carlo-alberto-dalla-chiesa-generalen-drept-av-mafiaen-3-september-1982-liv-og-drap\/"]}]},{"@type":"ImageObject","inLanguage":"nb-NO","@id":"https:\/\/nordnesrepublikken.no\/index.php\/2026\/09\/04\/carlo-alberto-dalla-chiesa-generalen-drept-av-mafiaen-3-september-1982-liv-og-drap\/#primaryimage","url":"https:\/\/nordnesrepublikken.no\/wp-content\/uploads\/2026\/09\/1788472961_Carlo-Alberto-Dalla-Chiesa-generalen-drept-av-mafiaen-3-september.jpg","contentUrl":"https:\/\/nordnesrepublikken.no\/wp-content\/uploads\/2026\/09\/1788472961_Carlo-Alberto-Dalla-Chiesa-generalen-drept-av-mafiaen-3-september.jpg","width":1376,"height":768,"caption":"Carlo Alberto Dalla Chiesa, generalen drept av mafiaen 3. september 1982: liv og drap"},{"@type":"BreadcrumbList","@id":"https:\/\/nordnesrepublikken.no\/index.php\/2026\/09\/04\/carlo-alberto-dalla-chiesa-generalen-drept-av-mafiaen-3-september-1982-liv-og-drap\/#breadcrumb","itemListElement":[{"@type":"ListItem","position":1,"name":"Home","item":"https:\/\/nordnesrepublikken.no\/"},{"@type":"ListItem","position":2,"name":"Carlo Alberto Dalla Chiesa, generalen drept av mafiaen 3. september 1982: liv og drap"}]},{"@type":"WebSite","@id":"https:\/\/nordnesrepublikken.no\/#website","url":"https:\/\/nordnesrepublikken.no\/","name":"Nordnesrepublikken","description":"Stemmer og Visjoner fra Republikkens Hjerte","publisher":{"@id":"https:\/\/nordnesrepublikken.no\/#organization"},"potentialAction":[{"@type":"SearchAction","target":{"@type":"EntryPoint","urlTemplate":"https:\/\/nordnesrepublikken.no\/?s={search_term_string}"},"query-input":{"@type":"PropertyValueSpecification","valueRequired":true,"valueName":"search_term_string"}}],"inLanguage":"nb-NO"},{"@type":"Organization","@id":"https:\/\/nordnesrepublikken.no\/#organization","name":"Nordnesrepublikken","url":"https:\/\/nordnesrepublikken.no\/","logo":{"@type":"ImageObject","inLanguage":"nb-NO","@id":"https:\/\/nordnesrepublikken.no\/#\/schema\/logo\/image\/","url":"https:\/\/nordnesrepublikken.no\/wp-content\/uploads\/2025\/02\/cropped-nordnesrepublikken-2.png","contentUrl":"https:\/\/nordnesrepublikken.no\/wp-content\/uploads\/2025\/02\/cropped-nordnesrepublikken-2.png","width":1248,"height":362,"caption":"Nordnesrepublikken"},"image":{"@id":"https:\/\/nordnesrepublikken.no\/#\/schema\/logo\/image\/"}},{"@type":"Person","@id":"https:\/\/nordnesrepublikken.no\/#\/schema\/person\/2e7e81935bab77882fffb79296240ff1","name":"Ole Andersen","image":{"@type":"ImageObject","inLanguage":"nb-NO","@id":"https:\/\/nordnesrepublikken.no\/#\/schema\/person\/image\/","url":"https:\/\/nordnesrepublikken.no\/wp-content\/uploads\/2025\/02\/nordnesrepublikken-2-2-150x150.jpg","contentUrl":"https:\/\/nordnesrepublikken.no\/wp-content\/uploads\/2025\/02\/nordnesrepublikken-2-2-150x150.jpg","caption":"Ole Andersen"},"description":"Ettersom jeg vokste opp i Oslo, har jeg alltid v\u00e6rt fascinert av ordenes kraft og deres evne til \u00e5 skape endringer. Etter \u00e5 ha fullf\u00f8rt min utdannelse i kommunikasjon ved Universitetet i Bergen, fikk jeg muligheten til \u00e5 jobbe innen ulike medier, der jeg har s\u00f8kt \u00e5 belyse viktige samfunnssp\u00f8rsm\u00e5l. I dag, som redakt\u00f8r for Nordnesrepublikken, pr\u00f8ver jeg \u00e5 forene min kj\u00e6rlighet for journalistikk med min lidenskap for innovasjon og eventyr.","sameAs":["https:\/\/nordnesrepublikken.no\/"]}]}},"_links":{"self":[{"href":"https:\/\/nordnesrepublikken.no\/index.php\/wp-json\/wp\/v2\/posts\/21772","targetHints":{"allow":["GET"]}}],"collection":[{"href":"https:\/\/nordnesrepublikken.no\/index.php\/wp-json\/wp\/v2\/posts"}],"about":[{"href":"https:\/\/nordnesrepublikken.no\/index.php\/wp-json\/wp\/v2\/types\/post"}],"author":[{"embeddable":true,"href":"https:\/\/nordnesrepublikken.no\/index.php\/wp-json\/wp\/v2\/users\/1"}],"replies":[{"embeddable":true,"href":"https:\/\/nordnesrepublikken.no\/index.php\/wp-json\/wp\/v2\/comments?post=21772"}],"version-history":[{"count":1,"href":"https:\/\/nordnesrepublikken.no\/index.php\/wp-json\/wp\/v2\/posts\/21772\/revisions"}],"predecessor-version":[{"id":21774,"href":"https:\/\/nordnesrepublikken.no\/index.php\/wp-json\/wp\/v2\/posts\/21772\/revisions\/21774"}],"wp:featuredmedia":[{"embeddable":true,"href":"https:\/\/nordnesrepublikken.no\/index.php\/wp-json\/wp\/v2\/media\/21773"}],"wp:attachment":[{"href":"https:\/\/nordnesrepublikken.no\/index.php\/wp-json\/wp\/v2\/media?parent=21772"}],"wp:term":[{"taxonomy":"category","embeddable":true,"href":"https:\/\/nordnesrepublikken.no\/index.php\/wp-json\/wp\/v2\/categories?post=21772"},{"taxonomy":"post_tag","embeddable":true,"href":"https:\/\/nordnesrepublikken.no\/index.php\/wp-json\/wp\/v2\/tags?post=21772"}],"curies":[{"name":"wp","href":"https:\/\/api.w.org\/{rel}","templated":true}]}}