{"id":21766,"date":"2026-09-03T21:02:50","date_gmt":"2026-09-03T19:02:50","guid":{"rendered":"https:\/\/nordnesrepublikken.no\/index.php\/2026\/09\/03\/de-italienske-alpene-mister-170-km%c2%b2-is-pa-60-ar-montasio-breen-er-ogsa-i-krise\/"},"modified":"2026-09-03T21:02:58","modified_gmt":"2026-09-03T19:02:58","slug":"de-italienske-alpene-mister-170-km%c2%b2-is-pa-60-ar-montasio-breen-er-ogsa-i-krise","status":"publish","type":"post","link":"https:\/\/nordnesrepublikken.no\/index.php\/2026\/09\/03\/de-italienske-alpene-mister-170-km%C2%B2-is-pa-60-ar-montasio-breen-er-ogsa-i-krise\/","title":{"rendered":"De italienske alpene mister 170 km\u00b2 is p\u00e5 60 \u00e5r: Montasio-breen er ogs\u00e5 i krise"},"content":{"rendered":"<div>\n<div class=\"cp_wrapper cp_wrapper--fw mb-30 mb-20@tablet\">\n<figure class=\"mm\"><picture class=\"img\" style=\"padding-top:56.25%\"><source  media=\"(min-width: 1024px)\"><source  media=\"(min-width: 768px)\"><\/source><\/source><\/picture><\/figure>\n<\/p><\/div>\n<p>Der <strong>jordskred<\/strong> som 1. september l\u00f8srevet seg fra <strong>Monviso<\/strong>p\u00e5 omtrent 3500 meter over havet og n\u00e6r <strong>Quintino Sella tilflukt<\/strong>er bare den siste i rekken av skredhendelser som rammet Alpene i l\u00f8pet av sommeren. \u00c5rsaken til disse fenomenene er <strong>stadig h\u00f8yere temperaturer <\/strong>pga<strong> global oppvarming<\/strong>som bestemmer <strong>smeltende isbreer og permafrost<\/strong>bidrar til \u00e5 lage <strong>ustabile bakker<\/strong>. Situasjonens alvor gjenspeiles i Legambientes VI Glacier Caravan-rapport, med tittelen <em>Alpebreer og ekstreme hendelser i et klima i endring<\/em>.<\/p>\n<p>I f\u00f8lge rapporten, <strong>de siste 60 \u00e5rene<\/strong> de italienske alpene tapte <strong>over 170 km\u00b2 breoverflate<\/strong>med en samlet reduksjon p\u00e5 50-60 % i forrige \u00e5rhundre, mens skred er stadig hyppigere: f\u00f8rst i 2025 er de dokumentert <strong>40 skredhendelser i stor h\u00f8yde<\/strong>. Ogs\u00e5 den <strong>vestlige Montasio-breen<\/strong>i de julianske alper, regnet som den laveste og en av de mest motstandsdyktige isbreene i Alpene, viser i dag alvorlig<strong> tegn p\u00e5 lidelse og strukturell kollaps<\/strong>. Ogs\u00e5 som bidrar til ustabiliteten i bakkene er <strong>ekstreme v\u00e6rhendelser<\/strong>stadig flere langs alpebuen: if\u00f8lge rapporten ble de oppdaget i 2025 <strong>154<\/strong>.<\/p>\n<h2><strong>154 ekstremv\u00e6r og 40 jordskred i de italienske alpene i 2025<\/strong><\/h2>\n<p>Alpene, som andre fjellkjeder p\u00e5 planeten, er spesielt f\u00f8lsomme for klimaendringer. Disse omr\u00e5dene <strong>de varmes opp raskere<\/strong> sammenlignet med resten av planeten, fordi issmeltingen avdekker naken stein som, ettersom den er m\u00f8rk, absorberer mye mer varme enn en overflate dekket av is eller vegetasjon. Under de siste heteb\u00f8lgene om sommeren det <strong>frysepunktet har overskredet 4000 m<\/strong>.<\/p>\n<p>Samtidig er <strong>ekstreme v\u00e6rhendelser<\/strong> de er stadig hyppigere selv i store h\u00f8yder, med intens nedb\u00f8r p\u00e5 fjelltoppene. I f\u00f8lge rapporten ble de registrert i regionene i Alpebuen i 2025 <strong>154 ekstremv\u00e6r<\/strong> (i 2024 var det 146) med: 52 tilfeller av flom fra intenst regn, 27 av vindskader, 25 elveflom, 21 skred fra intenst regn. Den hardest rammede regionen var <strong>Lombardia<\/strong>med 50 ekstremv\u00e6r, etterfulgt av Veneto, Piemonte og Liguria. Frekvensen av disse hendelsene, if\u00f8lge nyere studier, kan dobles med en \u00f8kning p\u00e5 2 \u00b0C i regional temperatur.<\/p>\n<div class=\"cp_wrapper cp_wrapper--fw mb-50\">\n<figure class=\"mm\"><picture class=\"img\" style=\"padding-top:133.38461538462%\"><source  media=\"(min-width: 1024px)\"><source  media=\"(min-width: 768px)\"><img decoding=\"async\" loading=\"lazy\" src=\"https:\/\/nordnesrepublikken.no\/wp-content\/uploads\/2026\/06\/1782792191_263_Frysepunktet-har-nadd-over-4500-meter-pa-grunn-av-varmen.jpg\" alt=\"Bilde\" width=\"650\" height=\"867\"\/><\/source><\/source><\/picture><\/figure>\n<\/p><\/div>\n<p>H\u00f8ye temperaturer og intens nedb\u00f8r er opphavet til <strong>akselerert fusjon<\/strong> av isbreene og permafrosten v\u00e5re. Bergartene, fratatt trykket fra isbreene og &laquo;tetningsmassen&raquo; representert av permafrosten, g\u00e5r i oppl\u00f8sning. Smelte- og meteorvann trenger veldig lett dypt inn i sprekkene og de allerede bratte bakkene blir enda mer ustabile. Rapporten melder at de i 2025 ble dokumentert i store h\u00f8yder i Alpene <strong>40 skredhendelser<\/strong>konsentrert om sommeren, fremfor alt <strong>stein kollapser<\/strong> Og <strong>rusk renner<\/strong> (raske str\u00f8mmer best\u00e5ende av vann, gj\u00f8rme og rusk). De mest ber\u00f8rte regionene var Veneto, med 17 arrangementer, og Valle d&#8217;Aosta, med 12. <strong>Mellom 2018 og 2025<\/strong> i regionene av alpebuen ble de godt registrert <strong>671 skredhendelser<\/strong>.<\/p>\n<h2>Isbreene i Alpene blir stadig mer skj\u00f8re og ustabile: 170 km\u00b2 tapt p\u00e5 60 \u00e5r<\/h2>\n<p>I de italienske alpene <strong>de siste 60 \u00e5rene<\/strong> isbreer har <strong>tapt over 170 km<sup>2<\/sup><\/strong>  av overflaten. Vintersn\u00f8fall, selv n\u00e5r det er rikelig, kan ikke kompensere for sommertap p\u00e5 grunn av stadig h\u00f8yere temperaturer. Saken om den er betydelig <strong>North Camp Glacier<\/strong>i Livigno, i Sondrio-provinsen: p\u00e5 2950 m, i juni 2025, var det 170 cm sn\u00f8, fullstendig smeltet allerede i juli, sammen med et ytterligere tap p\u00e5 50 cm is. I samme provins, i Val Malenco, forsyningsbassenget til <strong>Fellaria-breen<\/strong>p\u00e5 3500 meter over havet, mellom juni og juli hadde den mistet 1 m tykkelse, en betydelig verdi tatt i betraktning h\u00f8yden. Samme \u00e5r overflaten av den st\u00f8rste italienske isbreen, den av<strong>Adamello-Mandrone<\/strong>mellom provinsene Brescia og Trento p\u00e5 2600 m over havet, er vi <strong>senkes med 4 m<\/strong>mens fronten er <strong>satt tilbake med 127 m<\/strong>. For isbreene i Trentino er det registrert tykkelsestap p\u00e5 mellom 65 cm og 2,10 m vannekvivalenter.<\/p>\n<p>Generelt var situasjonen i 2025 mer alvorlig for isbreene i <strong>vestlig alpin sektor<\/strong>men reduksjonen i overflateareal (i gjennomsnitt med 18,3 m) og reduksjonen i tykkelse var signifikant for alle isbreene som ble analysert. Totalt sett har Europas dalbreer vist tegn til alvorlig n\u00f8d. Spesielt kritisk er situasjonen<strong>Aletsch<\/strong>i Sveits, den st\u00f8rste isbreen i de europeiske alpene, som trakk seg tilbake med et gjennomsnitt p\u00e5 <strong>40 meter i \u00e5ret<\/strong>.<\/p>\n<div class=\"cp_wrapper cp_wrapper--fw mb-50\">\n<figure class=\"mm\"><picture class=\"img\" style=\"padding-top:66.666666666667%\"><source  media=\"(min-width: 1024px)\"><source  media=\"(min-width: 768px)\"><img decoding=\"async\" loading=\"lazy\" src=\"https:\/\/nordnesrepublikken.no\/wp-content\/uploads\/2026\/09\/1788462170_996_De-italienske-alpene-mister-170-km\u00b2-is-pa-60-ar.jpg\" alt=\"Sveitsisk isbre\" width=\"6000\" height=\"4000\" class=\"js-seedtag-img\"\/><\/source><\/source><\/picture><\/figure>\n<\/p><\/div>\n<p>Den progressive forsvinningen av isbreer har ogs\u00e5 en sterk <strong>innvirkning p\u00e5 alpine elver<\/strong>. Tilstedev\u00e6relsen av rikelige isreserver s\u00f8rget for at de, selv i frav\u00e6r av nedb\u00f8r, ikke ville t\u00f8rke opp, da de ble matet av smeltevannet. N\u00e5 er imidlertid alpine elver stadig t\u00f8rrere, med alvorlige konsekvenser for \u00f8kosystemer og landbruk. Effektene av klimaendringer setter endelig sp\u00f8rsm\u00e5lstegn ved brukbarheten av fjellomr\u00e5der og <strong>infrastruktur knyttet til vinterturisme<\/strong>. I de italienske fjellene telles de <strong>273 utrangerte anlegg<\/strong> og 247 bygninger suspendert eller forlatt i stor h\u00f8yde, mens over 44 % av historiske arenaer dedikert til vintersport kan miste klimap\u00e5litelighet p\u00e5 mindre enn 30 \u00e5r.<\/p>\n<p>Situasjonen til isbreene og alpinbakkene krever en <strong>konstant overv\u00e5king<\/strong>oppdateringen av <strong>breregister <\/strong>og av <strong>kart over permafrostens utbredelse<\/strong> Og <strong>av fare<\/strong> geomorfologisk. Vi trenger ogs\u00e5 tilpasningstiltak som gj\u00f8r at befolkningen kan h\u00e5ndtere virkningene av klimaendringene.<\/p>\n<\/p><\/div>\n","protected":false},"excerpt":{"rendered":"<p>Der jordskred som 1. september l\u00f8srevet seg fra Monvisop\u00e5 omtrent 3500 meter over havet og<\/p>\n","protected":false},"author":1,"featured_media":21767,"comment_status":"closed","ping_status":"open","sticky":false,"template":"","format":"standard","meta":{"footnotes":""},"categories":[26],"tags":[12919,595,782,10076,2504,4834,14232,753,81],"class_list":["post-21766","post","type-post","status-publish","format-standard","has-post-thumbnail","hentry","category-miljo","tag-alpene","tag-ar","tag-italienske","tag-km","tag-krise","tag-mister","tag-montasiobreen","tag-ogsa","tag-pa","generate-columns","tablet-grid-50","mobile-grid-100","grid-parent","grid-33","resize-featured-image"],"yoast_head":"<!-- This site is optimized with the Yoast SEO plugin v24.4 - https:\/\/yoast.com\/wordpress\/plugins\/seo\/ -->\n<title>De italienske alpene mister 170 km\u00b2 is p\u00e5 60 \u00e5r: Montasio-breen er ogs\u00e5 i krise - Nordnesrepublikken<\/title>\n<meta name=\"robots\" content=\"index, follow, max-snippet:-1, max-image-preview:large, max-video-preview:-1\" \/>\n<link rel=\"canonical\" href=\"https:\/\/nordnesrepublikken.no\/index.php\/2026\/09\/03\/de-italienske-alpene-mister-170-km\u00b2-is-pa-60-ar-montasio-breen-er-ogsa-i-krise\/\" \/>\n<meta property=\"og:locale\" content=\"nb_NO\" \/>\n<meta property=\"og:type\" content=\"article\" \/>\n<meta property=\"og:title\" content=\"De italienske alpene mister 170 km\u00b2 is p\u00e5 60 \u00e5r: Montasio-breen er ogs\u00e5 i krise - Nordnesrepublikken\" \/>\n<meta property=\"og:description\" content=\"Der jordskred som 1. september l\u00f8srevet seg fra Monvisop\u00e5 omtrent 3500 meter over havet og\" \/>\n<meta property=\"og:url\" content=\"https:\/\/nordnesrepublikken.no\/index.php\/2026\/09\/03\/de-italienske-alpene-mister-170-km\u00b2-is-pa-60-ar-montasio-breen-er-ogsa-i-krise\/\" \/>\n<meta property=\"og:site_name\" content=\"Nordnesrepublikken\" \/>\n<meta property=\"article:published_time\" content=\"2026-09-03T19:02:50+00:00\" \/>\n<meta property=\"article:modified_time\" content=\"2026-09-03T19:02:58+00:00\" \/>\n<meta property=\"og:image\" content=\"https:\/\/nordnesrepublikken.no\/wp-content\/uploads\/2026\/09\/1788462173_De-italienske-alpene-mister-170-km\u00b2-is-pa-60-ar-scaled.jpg\" \/>\n\t<meta property=\"og:image:width\" content=\"2560\" \/>\n\t<meta property=\"og:image:height\" content=\"1920\" \/>\n\t<meta property=\"og:image:type\" content=\"image\/jpeg\" \/>\n<meta name=\"author\" content=\"Ole Andersen\" \/>\n<meta name=\"twitter:card\" content=\"summary_large_image\" \/>\n<meta name=\"twitter:label1\" content=\"Skrevet av\" \/>\n\t<meta name=\"twitter:data1\" content=\"Ole Andersen\" \/>\n\t<meta name=\"twitter:label2\" content=\"Ansl. lesetid\" \/>\n\t<meta name=\"twitter:data2\" content=\"4 minutter\" \/>\n<script type=\"application\/ld+json\" class=\"yoast-schema-graph\">{\"@context\":\"https:\/\/schema.org\",\"@graph\":[{\"@type\":\"Article\",\"@id\":\"https:\/\/nordnesrepublikken.no\/index.php\/2026\/09\/03\/de-italienske-alpene-mister-170-km%C2%B2-is-pa-60-ar-montasio-breen-er-ogsa-i-krise\/#article\",\"isPartOf\":{\"@id\":\"https:\/\/nordnesrepublikken.no\/index.php\/2026\/09\/03\/de-italienske-alpene-mister-170-km%C2%B2-is-pa-60-ar-montasio-breen-er-ogsa-i-krise\/\"},\"author\":{\"name\":\"Ole Andersen\",\"@id\":\"https:\/\/nordnesrepublikken.no\/#\/schema\/person\/2e7e81935bab77882fffb79296240ff1\"},\"headline\":\"De italienske alpene mister 170 km\u00b2 is p\u00e5 60 \u00e5r: Montasio-breen er ogs\u00e5 i krise\",\"datePublished\":\"2026-09-03T19:02:50+00:00\",\"dateModified\":\"2026-09-03T19:02:58+00:00\",\"mainEntityOfPage\":{\"@id\":\"https:\/\/nordnesrepublikken.no\/index.php\/2026\/09\/03\/de-italienske-alpene-mister-170-km%C2%B2-is-pa-60-ar-montasio-breen-er-ogsa-i-krise\/\"},\"wordCount\":801,\"publisher\":{\"@id\":\"https:\/\/nordnesrepublikken.no\/#organization\"},\"image\":{\"@id\":\"https:\/\/nordnesrepublikken.no\/index.php\/2026\/09\/03\/de-italienske-alpene-mister-170-km%C2%B2-is-pa-60-ar-montasio-breen-er-ogsa-i-krise\/#primaryimage\"},\"thumbnailUrl\":\"https:\/\/nordnesrepublikken.no\/wp-content\/uploads\/2026\/09\/1788462173_De-italienske-alpene-mister-170-km\u00b2-is-pa-60-ar-scaled.jpg\",\"keywords\":[\"Alpene\",\"\u00e5r\",\"italienske\",\"km\u00b2\",\"krise\",\"mister\",\"Montasiobreen\",\"ogs\u00e5\",\"p\u00e5\"],\"articleSection\":[\"Milj\u00f8\"],\"inLanguage\":\"nb-NO\"},{\"@type\":\"WebPage\",\"@id\":\"https:\/\/nordnesrepublikken.no\/index.php\/2026\/09\/03\/de-italienske-alpene-mister-170-km%C2%B2-is-pa-60-ar-montasio-breen-er-ogsa-i-krise\/\",\"url\":\"https:\/\/nordnesrepublikken.no\/index.php\/2026\/09\/03\/de-italienske-alpene-mister-170-km%C2%B2-is-pa-60-ar-montasio-breen-er-ogsa-i-krise\/\",\"name\":\"De italienske alpene mister 170 km\u00b2 is p\u00e5 60 \u00e5r: Montasio-breen er ogs\u00e5 i krise - Nordnesrepublikken\",\"isPartOf\":{\"@id\":\"https:\/\/nordnesrepublikken.no\/#website\"},\"primaryImageOfPage\":{\"@id\":\"https:\/\/nordnesrepublikken.no\/index.php\/2026\/09\/03\/de-italienske-alpene-mister-170-km%C2%B2-is-pa-60-ar-montasio-breen-er-ogsa-i-krise\/#primaryimage\"},\"image\":{\"@id\":\"https:\/\/nordnesrepublikken.no\/index.php\/2026\/09\/03\/de-italienske-alpene-mister-170-km%C2%B2-is-pa-60-ar-montasio-breen-er-ogsa-i-krise\/#primaryimage\"},\"thumbnailUrl\":\"https:\/\/nordnesrepublikken.no\/wp-content\/uploads\/2026\/09\/1788462173_De-italienske-alpene-mister-170-km\u00b2-is-pa-60-ar-scaled.jpg\",\"datePublished\":\"2026-09-03T19:02:50+00:00\",\"dateModified\":\"2026-09-03T19:02:58+00:00\",\"breadcrumb\":{\"@id\":\"https:\/\/nordnesrepublikken.no\/index.php\/2026\/09\/03\/de-italienske-alpene-mister-170-km%C2%B2-is-pa-60-ar-montasio-breen-er-ogsa-i-krise\/#breadcrumb\"},\"inLanguage\":\"nb-NO\",\"potentialAction\":[{\"@type\":\"ReadAction\",\"target\":[\"https:\/\/nordnesrepublikken.no\/index.php\/2026\/09\/03\/de-italienske-alpene-mister-170-km%C2%B2-is-pa-60-ar-montasio-breen-er-ogsa-i-krise\/\"]}]},{\"@type\":\"ImageObject\",\"inLanguage\":\"nb-NO\",\"@id\":\"https:\/\/nordnesrepublikken.no\/index.php\/2026\/09\/03\/de-italienske-alpene-mister-170-km%C2%B2-is-pa-60-ar-montasio-breen-er-ogsa-i-krise\/#primaryimage\",\"url\":\"https:\/\/nordnesrepublikken.no\/wp-content\/uploads\/2026\/09\/1788462173_De-italienske-alpene-mister-170-km\u00b2-is-pa-60-ar-scaled.jpg\",\"contentUrl\":\"https:\/\/nordnesrepublikken.no\/wp-content\/uploads\/2026\/09\/1788462173_De-italienske-alpene-mister-170-km\u00b2-is-pa-60-ar-scaled.jpg\",\"width\":2560,\"height\":1920,\"caption\":\"De italienske alpene mister 170 km\u00b2 is p\u00e5 60 \u00e5r: Montasio-breen er ogs\u00e5 i krise\"},{\"@type\":\"BreadcrumbList\",\"@id\":\"https:\/\/nordnesrepublikken.no\/index.php\/2026\/09\/03\/de-italienske-alpene-mister-170-km%C2%B2-is-pa-60-ar-montasio-breen-er-ogsa-i-krise\/#breadcrumb\",\"itemListElement\":[{\"@type\":\"ListItem\",\"position\":1,\"name\":\"Home\",\"item\":\"https:\/\/nordnesrepublikken.no\/\"},{\"@type\":\"ListItem\",\"position\":2,\"name\":\"De italienske alpene mister 170 km\u00b2 is p\u00e5 60 \u00e5r: Montasio-breen er ogs\u00e5 i krise\"}]},{\"@type\":\"WebSite\",\"@id\":\"https:\/\/nordnesrepublikken.no\/#website\",\"url\":\"https:\/\/nordnesrepublikken.no\/\",\"name\":\"Nordnesrepublikken\",\"description\":\"Stemmer og Visjoner fra Republikkens Hjerte\",\"publisher\":{\"@id\":\"https:\/\/nordnesrepublikken.no\/#organization\"},\"potentialAction\":[{\"@type\":\"SearchAction\",\"target\":{\"@type\":\"EntryPoint\",\"urlTemplate\":\"https:\/\/nordnesrepublikken.no\/?s={search_term_string}\"},\"query-input\":{\"@type\":\"PropertyValueSpecification\",\"valueRequired\":true,\"valueName\":\"search_term_string\"}}],\"inLanguage\":\"nb-NO\"},{\"@type\":\"Organization\",\"@id\":\"https:\/\/nordnesrepublikken.no\/#organization\",\"name\":\"Nordnesrepublikken\",\"url\":\"https:\/\/nordnesrepublikken.no\/\",\"logo\":{\"@type\":\"ImageObject\",\"inLanguage\":\"nb-NO\",\"@id\":\"https:\/\/nordnesrepublikken.no\/#\/schema\/logo\/image\/\",\"url\":\"https:\/\/nordnesrepublikken.no\/wp-content\/uploads\/2025\/02\/cropped-nordnesrepublikken-2.png\",\"contentUrl\":\"https:\/\/nordnesrepublikken.no\/wp-content\/uploads\/2025\/02\/cropped-nordnesrepublikken-2.png\",\"width\":1248,\"height\":362,\"caption\":\"Nordnesrepublikken\"},\"image\":{\"@id\":\"https:\/\/nordnesrepublikken.no\/#\/schema\/logo\/image\/\"}},{\"@type\":\"Person\",\"@id\":\"https:\/\/nordnesrepublikken.no\/#\/schema\/person\/2e7e81935bab77882fffb79296240ff1\",\"name\":\"Ole Andersen\",\"image\":{\"@type\":\"ImageObject\",\"inLanguage\":\"nb-NO\",\"@id\":\"https:\/\/nordnesrepublikken.no\/#\/schema\/person\/image\/\",\"url\":\"https:\/\/nordnesrepublikken.no\/wp-content\/uploads\/2025\/02\/nordnesrepublikken-2-2-150x150.jpg\",\"contentUrl\":\"https:\/\/nordnesrepublikken.no\/wp-content\/uploads\/2025\/02\/nordnesrepublikken-2-2-150x150.jpg\",\"caption\":\"Ole Andersen\"},\"description\":\"Ettersom jeg vokste opp i Oslo, har jeg alltid v\u00e6rt fascinert av ordenes kraft og deres evne til \u00e5 skape endringer. Etter \u00e5 ha fullf\u00f8rt min utdannelse i kommunikasjon ved Universitetet i Bergen, fikk jeg muligheten til \u00e5 jobbe innen ulike medier, der jeg har s\u00f8kt \u00e5 belyse viktige samfunnssp\u00f8rsm\u00e5l. I dag, som redakt\u00f8r for Nordnesrepublikken, pr\u00f8ver jeg \u00e5 forene min kj\u00e6rlighet for journalistikk med min lidenskap for innovasjon og eventyr.\",\"sameAs\":[\"https:\/\/nordnesrepublikken.no\/\"]}]}<\/script>\n<!-- \/ Yoast SEO plugin. -->","yoast_head_json":{"title":"De italienske alpene mister 170 km\u00b2 is p\u00e5 60 \u00e5r: Montasio-breen er ogs\u00e5 i krise - Nordnesrepublikken","robots":{"index":"index","follow":"follow","max-snippet":"max-snippet:-1","max-image-preview":"max-image-preview:large","max-video-preview":"max-video-preview:-1"},"canonical":"https:\/\/nordnesrepublikken.no\/index.php\/2026\/09\/03\/de-italienske-alpene-mister-170-km\u00b2-is-pa-60-ar-montasio-breen-er-ogsa-i-krise\/","og_locale":"nb_NO","og_type":"article","og_title":"De italienske alpene mister 170 km\u00b2 is p\u00e5 60 \u00e5r: Montasio-breen er ogs\u00e5 i krise - Nordnesrepublikken","og_description":"Der jordskred som 1. september l\u00f8srevet seg fra Monvisop\u00e5 omtrent 3500 meter over havet og","og_url":"https:\/\/nordnesrepublikken.no\/index.php\/2026\/09\/03\/de-italienske-alpene-mister-170-km\u00b2-is-pa-60-ar-montasio-breen-er-ogsa-i-krise\/","og_site_name":"Nordnesrepublikken","article_published_time":"2026-09-03T19:02:50+00:00","article_modified_time":"2026-09-03T19:02:58+00:00","og_image":[{"width":2560,"height":1920,"url":"https:\/\/nordnesrepublikken.no\/wp-content\/uploads\/2026\/09\/1788462173_De-italienske-alpene-mister-170-km\u00b2-is-pa-60-ar-scaled.jpg","type":"image\/jpeg"}],"author":"Ole Andersen","twitter_card":"summary_large_image","twitter_misc":{"Skrevet av":"Ole Andersen","Ansl. lesetid":"4 minutter"},"schema":{"@context":"https:\/\/schema.org","@graph":[{"@type":"Article","@id":"https:\/\/nordnesrepublikken.no\/index.php\/2026\/09\/03\/de-italienske-alpene-mister-170-km%C2%B2-is-pa-60-ar-montasio-breen-er-ogsa-i-krise\/#article","isPartOf":{"@id":"https:\/\/nordnesrepublikken.no\/index.php\/2026\/09\/03\/de-italienske-alpene-mister-170-km%C2%B2-is-pa-60-ar-montasio-breen-er-ogsa-i-krise\/"},"author":{"name":"Ole Andersen","@id":"https:\/\/nordnesrepublikken.no\/#\/schema\/person\/2e7e81935bab77882fffb79296240ff1"},"headline":"De italienske alpene mister 170 km\u00b2 is p\u00e5 60 \u00e5r: Montasio-breen er ogs\u00e5 i krise","datePublished":"2026-09-03T19:02:50+00:00","dateModified":"2026-09-03T19:02:58+00:00","mainEntityOfPage":{"@id":"https:\/\/nordnesrepublikken.no\/index.php\/2026\/09\/03\/de-italienske-alpene-mister-170-km%C2%B2-is-pa-60-ar-montasio-breen-er-ogsa-i-krise\/"},"wordCount":801,"publisher":{"@id":"https:\/\/nordnesrepublikken.no\/#organization"},"image":{"@id":"https:\/\/nordnesrepublikken.no\/index.php\/2026\/09\/03\/de-italienske-alpene-mister-170-km%C2%B2-is-pa-60-ar-montasio-breen-er-ogsa-i-krise\/#primaryimage"},"thumbnailUrl":"https:\/\/nordnesrepublikken.no\/wp-content\/uploads\/2026\/09\/1788462173_De-italienske-alpene-mister-170-km\u00b2-is-pa-60-ar-scaled.jpg","keywords":["Alpene","\u00e5r","italienske","km\u00b2","krise","mister","Montasiobreen","ogs\u00e5","p\u00e5"],"articleSection":["Milj\u00f8"],"inLanguage":"nb-NO"},{"@type":"WebPage","@id":"https:\/\/nordnesrepublikken.no\/index.php\/2026\/09\/03\/de-italienske-alpene-mister-170-km%C2%B2-is-pa-60-ar-montasio-breen-er-ogsa-i-krise\/","url":"https:\/\/nordnesrepublikken.no\/index.php\/2026\/09\/03\/de-italienske-alpene-mister-170-km%C2%B2-is-pa-60-ar-montasio-breen-er-ogsa-i-krise\/","name":"De italienske alpene mister 170 km\u00b2 is p\u00e5 60 \u00e5r: Montasio-breen er ogs\u00e5 i krise - Nordnesrepublikken","isPartOf":{"@id":"https:\/\/nordnesrepublikken.no\/#website"},"primaryImageOfPage":{"@id":"https:\/\/nordnesrepublikken.no\/index.php\/2026\/09\/03\/de-italienske-alpene-mister-170-km%C2%B2-is-pa-60-ar-montasio-breen-er-ogsa-i-krise\/#primaryimage"},"image":{"@id":"https:\/\/nordnesrepublikken.no\/index.php\/2026\/09\/03\/de-italienske-alpene-mister-170-km%C2%B2-is-pa-60-ar-montasio-breen-er-ogsa-i-krise\/#primaryimage"},"thumbnailUrl":"https:\/\/nordnesrepublikken.no\/wp-content\/uploads\/2026\/09\/1788462173_De-italienske-alpene-mister-170-km\u00b2-is-pa-60-ar-scaled.jpg","datePublished":"2026-09-03T19:02:50+00:00","dateModified":"2026-09-03T19:02:58+00:00","breadcrumb":{"@id":"https:\/\/nordnesrepublikken.no\/index.php\/2026\/09\/03\/de-italienske-alpene-mister-170-km%C2%B2-is-pa-60-ar-montasio-breen-er-ogsa-i-krise\/#breadcrumb"},"inLanguage":"nb-NO","potentialAction":[{"@type":"ReadAction","target":["https:\/\/nordnesrepublikken.no\/index.php\/2026\/09\/03\/de-italienske-alpene-mister-170-km%C2%B2-is-pa-60-ar-montasio-breen-er-ogsa-i-krise\/"]}]},{"@type":"ImageObject","inLanguage":"nb-NO","@id":"https:\/\/nordnesrepublikken.no\/index.php\/2026\/09\/03\/de-italienske-alpene-mister-170-km%C2%B2-is-pa-60-ar-montasio-breen-er-ogsa-i-krise\/#primaryimage","url":"https:\/\/nordnesrepublikken.no\/wp-content\/uploads\/2026\/09\/1788462173_De-italienske-alpene-mister-170-km\u00b2-is-pa-60-ar-scaled.jpg","contentUrl":"https:\/\/nordnesrepublikken.no\/wp-content\/uploads\/2026\/09\/1788462173_De-italienske-alpene-mister-170-km\u00b2-is-pa-60-ar-scaled.jpg","width":2560,"height":1920,"caption":"De italienske alpene mister 170 km\u00b2 is p\u00e5 60 \u00e5r: Montasio-breen er ogs\u00e5 i krise"},{"@type":"BreadcrumbList","@id":"https:\/\/nordnesrepublikken.no\/index.php\/2026\/09\/03\/de-italienske-alpene-mister-170-km%C2%B2-is-pa-60-ar-montasio-breen-er-ogsa-i-krise\/#breadcrumb","itemListElement":[{"@type":"ListItem","position":1,"name":"Home","item":"https:\/\/nordnesrepublikken.no\/"},{"@type":"ListItem","position":2,"name":"De italienske alpene mister 170 km\u00b2 is p\u00e5 60 \u00e5r: Montasio-breen er ogs\u00e5 i krise"}]},{"@type":"WebSite","@id":"https:\/\/nordnesrepublikken.no\/#website","url":"https:\/\/nordnesrepublikken.no\/","name":"Nordnesrepublikken","description":"Stemmer og Visjoner fra Republikkens Hjerte","publisher":{"@id":"https:\/\/nordnesrepublikken.no\/#organization"},"potentialAction":[{"@type":"SearchAction","target":{"@type":"EntryPoint","urlTemplate":"https:\/\/nordnesrepublikken.no\/?s={search_term_string}"},"query-input":{"@type":"PropertyValueSpecification","valueRequired":true,"valueName":"search_term_string"}}],"inLanguage":"nb-NO"},{"@type":"Organization","@id":"https:\/\/nordnesrepublikken.no\/#organization","name":"Nordnesrepublikken","url":"https:\/\/nordnesrepublikken.no\/","logo":{"@type":"ImageObject","inLanguage":"nb-NO","@id":"https:\/\/nordnesrepublikken.no\/#\/schema\/logo\/image\/","url":"https:\/\/nordnesrepublikken.no\/wp-content\/uploads\/2025\/02\/cropped-nordnesrepublikken-2.png","contentUrl":"https:\/\/nordnesrepublikken.no\/wp-content\/uploads\/2025\/02\/cropped-nordnesrepublikken-2.png","width":1248,"height":362,"caption":"Nordnesrepublikken"},"image":{"@id":"https:\/\/nordnesrepublikken.no\/#\/schema\/logo\/image\/"}},{"@type":"Person","@id":"https:\/\/nordnesrepublikken.no\/#\/schema\/person\/2e7e81935bab77882fffb79296240ff1","name":"Ole Andersen","image":{"@type":"ImageObject","inLanguage":"nb-NO","@id":"https:\/\/nordnesrepublikken.no\/#\/schema\/person\/image\/","url":"https:\/\/nordnesrepublikken.no\/wp-content\/uploads\/2025\/02\/nordnesrepublikken-2-2-150x150.jpg","contentUrl":"https:\/\/nordnesrepublikken.no\/wp-content\/uploads\/2025\/02\/nordnesrepublikken-2-2-150x150.jpg","caption":"Ole Andersen"},"description":"Ettersom jeg vokste opp i Oslo, har jeg alltid v\u00e6rt fascinert av ordenes kraft og deres evne til \u00e5 skape endringer. Etter \u00e5 ha fullf\u00f8rt min utdannelse i kommunikasjon ved Universitetet i Bergen, fikk jeg muligheten til \u00e5 jobbe innen ulike medier, der jeg har s\u00f8kt \u00e5 belyse viktige samfunnssp\u00f8rsm\u00e5l. I dag, som redakt\u00f8r for Nordnesrepublikken, pr\u00f8ver jeg \u00e5 forene min kj\u00e6rlighet for journalistikk med min lidenskap for innovasjon og eventyr.","sameAs":["https:\/\/nordnesrepublikken.no\/"]}]}},"_links":{"self":[{"href":"https:\/\/nordnesrepublikken.no\/index.php\/wp-json\/wp\/v2\/posts\/21766","targetHints":{"allow":["GET"]}}],"collection":[{"href":"https:\/\/nordnesrepublikken.no\/index.php\/wp-json\/wp\/v2\/posts"}],"about":[{"href":"https:\/\/nordnesrepublikken.no\/index.php\/wp-json\/wp\/v2\/types\/post"}],"author":[{"embeddable":true,"href":"https:\/\/nordnesrepublikken.no\/index.php\/wp-json\/wp\/v2\/users\/1"}],"replies":[{"embeddable":true,"href":"https:\/\/nordnesrepublikken.no\/index.php\/wp-json\/wp\/v2\/comments?post=21766"}],"version-history":[{"count":1,"href":"https:\/\/nordnesrepublikken.no\/index.php\/wp-json\/wp\/v2\/posts\/21766\/revisions"}],"predecessor-version":[{"id":21768,"href":"https:\/\/nordnesrepublikken.no\/index.php\/wp-json\/wp\/v2\/posts\/21766\/revisions\/21768"}],"wp:featuredmedia":[{"embeddable":true,"href":"https:\/\/nordnesrepublikken.no\/index.php\/wp-json\/wp\/v2\/media\/21767"}],"wp:attachment":[{"href":"https:\/\/nordnesrepublikken.no\/index.php\/wp-json\/wp\/v2\/media?parent=21766"}],"wp:term":[{"taxonomy":"category","embeddable":true,"href":"https:\/\/nordnesrepublikken.no\/index.php\/wp-json\/wp\/v2\/categories?post=21766"},{"taxonomy":"post_tag","embeddable":true,"href":"https:\/\/nordnesrepublikken.no\/index.php\/wp-json\/wp\/v2\/tags?post=21766"}],"curies":[{"name":"wp","href":"https:\/\/api.w.org\/{rel}","templated":true}]}}