{"id":21757,"date":"2026-09-03T17:02:36","date_gmt":"2026-09-03T15:02:36","guid":{"rendered":"https:\/\/nordnesrepublikken.no\/index.php\/2026\/09\/03\/meloni-regjeringen-er-den-lengstlevende-i-republikken-med-1-413-dager-de-10-lengstvarende-lederne\/"},"modified":"2026-09-03T17:02:42","modified_gmt":"2026-09-03T15:02:42","slug":"meloni-regjeringen-er-den-lengstlevende-i-republikken-med-1-413-dager-de-10-lengstvarende-lederne","status":"publish","type":"post","link":"https:\/\/nordnesrepublikken.no\/index.php\/2026\/09\/03\/meloni-regjeringen-er-den-lengstlevende-i-republikken-med-1-413-dager-de-10-lengstvarende-lederne\/","title":{"rendered":"Meloni-regjeringen er den lengstlevende i republikken, med 1 413 dager: de 10 lengstvarende lederne"},"content":{"rendered":"<div>\n<div class=\"cp_wrapper cp_wrapper--fw mb-30 mb-20@tablet\">\n<figure class=\"mm\"><picture class=\"img\" style=\"padding-top:56.25%\"><source  media=\"(min-width: 1024px)\"><source  media=\"(min-width: 768px)\"><\/source><\/source><\/picture><\/figure>\n<\/p><\/div>\n<p>De <strong>regjering ledet av Giorgia Meloni<\/strong> det er offisielt <strong>lengre levetid<\/strong> i den italienske republikkens historie: med <strong>1.413 dager<\/strong> g\u00e5tt siden tiltredelsen, den n\u00e5v\u00e6rende ut\u00f8vende myndigheten (den f\u00f8rste i Italias historie som ble ledet av en <strong>kvinne<\/strong>) overtok definitivt den andre regjeringen <strong>Berlusconi<\/strong>som hadde hatt rekorden siden 2005.<\/p>\n<p>En ting b\u00f8r imidlertid fremheves <strong>teknisk detalj<\/strong>ogs\u00e5 rapportert av Pagella Politica: n\u00e5r du utf\u00f8rer denne tellingen, ville det v\u00e6re mer riktig \u00e5 vurdere bl.a <strong>dager<\/strong> der den ut\u00f8vende har <strong>faktisk<\/strong> <strong>ferdig<\/strong> sine egne <strong>funksjoner<\/strong> av regjeringen, og ekskluderer derfor perioden hvor Ministerr\u00e5det allerede har trukket seg, men forblir i vervet bare for \u00e5 h\u00e5ndtere de mest presserende sakene f\u00f8r den neste tiltrer. Tatt i betraktning at de faktiske dagene for den andre Berlusconi-regjeringen var 1409 dager (pluss tre etter avgang), ville statsminister Meloni allerede ha overskredet denne terskelen sist mandag 31. august 2026, og n\u00e5dd 1410 faktiske dager.<\/p>\n<p>I l\u00f8pet av sin historie har v\u00e5r republikk (som i \u00e5r markerer 80-\u00e5rsjubileet for sin f\u00f8dsel) sett <strong>68 regjeringer<\/strong>et tall som demonstrerer prek\u00e6riteten til italienske ledere, spesielt under &laquo;Den f\u00f8rste republikken&raquo;. Ogs\u00e5 takket v\u00e6re <strong>solid flertall i Stortinget<\/strong> (sentrum-h\u00f8yre-koalisjonen har absolutt flertall i b\u00e5de kammeret og senatet), Meloni-regjeringen har oppn\u00e5dd ny rekord, mens andre europeiske land som Frankrike og Storbritannia (alltid ansett som stabile) har skiftet flere ledere de siste 5 \u00e5rene.<\/p>\n<p>S\u00e5 la oss se <strong>ti regjeringer som har sittet lengst<\/strong> av republikkens historie basert p\u00e5 de faktiske dagene av varighet (derfor ekskludert perioden hvor lederne utf\u00f8rte funksjoner etter fratredelse), allerede synlig i grafen nedenfor:<\/p>\n<p> <!-- SUMMARY --><\/p>\n<div class=\"cp_wrapper mb-20 mb-40@desktop\">\n<div class=\"smy\" data-sticky-btn-text=\"\">\n<p>De 10 lengst tjente regjeringene i den italienske republikken<\/p>\n<\/div>\n<\/div>\n<h2 id=\"governo-meloni-1413-giorni\">Meloni-regjeringen: 1 413 dager<\/h2>\n<p>President for r\u00e5det: <strong>Giorgia Meloni<\/strong>leder av <strong>Br\u00f8dre av Italia<\/strong>. Den ble innviet 22. oktober 2022, og n\u00e5dde 1413 dager 3. september 2026, og ble den lengstvarende ut\u00f8vende makten noensinne i republikansk historie, samt den f\u00f8rste regjeringen i Italias historie ledet av en kvinne.<\/p>\n<p>Meloni-regjeringens levetid kan ogs\u00e5 tilskrives <strong>solid flertall<\/strong> av sentrum-h\u00f8yre i parlamentet. Italia er faktisk en parlamentarisk republikk: dette betyr at innbyggerne ikke direkte velger regjeringen, men stemmer for \u00e5 velge medlemmene av parlamentet. Normalt er statsministeren leder for det mest valgte partiet, selv om dette ikke er en fast regel (tenk bare p\u00e5 tekniske regjeringer). I alle fall, n\u00e5r regjeringen er dannet, etableres et forhold mellom den ut\u00f8vende og parlamentet <strong>tillitsforhold.<\/strong><\/p>\n<p>Det er et b\u00e5nd som kan brytes n\u00e5r som helst: Parlamentet har faktisk makt til \u00e5 avgi en mistillitsvotum til regjeringen. Det sier seg selv at uten et stort flertall i huset og senatet, blir det mye vanskeligere \u00e5 overvinne den avstemningen, og det er nettopp her styrke i antall utgj\u00f8r forskjellen for en mer eller mindre varig regjering. For tiden eier sentrum-h\u00f8yre <strong>absolutt flertall<\/strong> i begge kamrene.<\/p>\n<p><iframe title=\"I 10 governi pi\u00f9 longevi della Repubblica Italiana\" aria-label=\"Grafico a colonne\" id=\"datawrapper-chart-VKSSh\" scrolling=\"no\" frameborder=\"0\" style=\"border: none;\" width=\"100%\" height=\"588\" data-external=\"1\" data-type=\"generic-iframe\" data-src=\"https:\/\/datawrapper.dwcdn.net\/VKSSh\/3\/\" class=\"js-parse-embed\"><\/iframe><\/p>\n<h2 id=\"secondo-governo-berlusconi-1409-giorni-effettivi\">Andre Berlusconi-regjering: 1409 effektive dager<\/h2>\n<p>President for r\u00e5det: <strong>Silvio Berlusconi<\/strong>grunnlegger av Forza Italia. Han tiltr\u00e5dte 11. juni 2001, st\u00f8ttet av en bred koalisjon (Forza Italia, Alleanza Nazionale, Lega Nord og sentrumspartier som Union of the Center og New Socialist Party). Han trakk seg 20. april 2005, for \u00e9n <strong>intern krise i flertallet<\/strong> ankom etter det tunge nederlaget til sentrum-h\u00f8yre i regionvalget.<\/p>\n<p>Berlusconi hadde imidlertid allerede avtalen mellom partene klar for en ny leder med tilsvarende flertall og ble sittende i den ordin\u00e6re administrasjonen i ytterligere tre dager, frem til 23. april, da den tredje Berlusconi-regjeringen tiltr\u00e5dte. Det var den lengstsittende regjeringen i republikken frem til Melonis forbikj\u00f8ring.<\/p>\n<h2 id=\"quarto-governo-berlusconi-1283-giorni\">Fjerde Berlusconi-regjering: 1 283 dager<\/h2>\n<p>President for r\u00e5det: <strong>Silvio Berlusconi<\/strong>. I embetet fra 8. mai 2008 til 16. november 2011. Med denne lederen bekreftes et faktum registrert av kilder: F\u00f8r Meloni-tiden hadde de to regjeringene som hadde regjert lengst i republikkens historie begge blitt ledet av Berlusconi.<\/p>\n<h2 id=\"primo-governo-craxi-1058-giorni\">F\u00f8rste Craxi-regjering: 1 058 dager<\/h2>\n<p>President for r\u00e5det: <strong>Bettino Craxi<\/strong>sekret\u00e6r for det italienske sosialistpartiet. I vervet fra 4. august 1983 til 1. august 1986, er det den eldste regjeringen som har opptr\u00e5dt i de \u00f8verste posisjonene i rangeringen og den eneste fra mindre nyere tid som innehar <strong>sammenligning med de mer stabile lederne<\/strong> de siste \u00e5rene. Craxi selv er et godt eksempel for \u00e5 forst\u00e5 hvor viktig tellemetoden er: hans &laquo;effektive&raquo; arbeidsdager er 1058, men hvis vi ogs\u00e5 regner med de som ble brukt i ordin\u00e6r administrasjon etter at han gikk av, kommer vi til 1093. Craxi-regjeringen var hovedpersonen i en av de mest alvorlige diplomatiske krisene mellom Italia og USA, med<strong> Sigonella-krise<\/strong> fra 1985.<\/p>\n<h2 id=\"governo-renzi-1024-giorni\">Renzi-regjeringen: 1 019 dager<\/h2>\n<p>President for r\u00e5det: <strong>Matteo Renzi<\/strong>. I embetet fra 22. februar 2014 til 12. desember 2016. Det var den fjerde lengstlevende regjeringen i republikansk historie frem til august 2025, da Meloni-regjeringen overgikk den og n\u00e5dde 1025 dager. Lederen falt etter at Matteo Renzi trakk seg etter nederlaget ved <strong>konstitusjonell folkeavstemning i desember 2016.<\/strong><\/p>\n<h2 id=\"primo-governo-prodi-887-giorni\">F\u00f8rste Prodi-regjering: 874 dager<\/h2>\n<p>President for r\u00e5det: <strong>Romano Prodi<\/strong>. I vervet fra 17. mai 1996 til 21. oktober 1998 var det den f\u00f8rste regjeringen til Ulivo, sentrum-venstre-koalisjonen som Prodi selv hadde fremmet og som vant valget i 1996, st\u00f8ttet i parlamentet ogs\u00e5 av ekstern st\u00f8tte fra Rifondazione Comunista. Dens hovedm\u00e5l var <strong>konsolidering av offentlige finanser<\/strong> \u00e5 overholde EU-parameterne for <strong>Maastricht-traktaten<\/strong>: milep\u00e6l n\u00e5dd i mai 1998, da Italia ble tatt opp blant de f\u00f8rste <strong>Euroland.<\/strong> Han falt akkurat da Rifondazione Comunista tok fra ham st\u00f8tten, noe som fikk ham til \u00e5 miste tilliten til parlamentet.<\/p>\n<h2 id=\"terzo-governo-moro-852-giorni\">Tredje Moro-regjering: 832 dager<\/h2>\n<p>President for r\u00e5det: <strong>Aldo Moro<\/strong>blant grunnleggerne av Kristendemokratiet og mange\u00e5rig sekret\u00e6r i partiet. I embetet fra 23. februar 1966 til 24. juni 1968 var det den lengstvarende av de tre p\u00e5f\u00f8lgende regjeringene ledet av Moro i sesongen av den f\u00f8rste &laquo;organiske&raquo; sentrum-venstre, med en koalisjon som forente DC, PSI, PSDI og PRI og med Pietro Nenni som visepresidentskap.<\/p>\n<h2 id=\"settimo-governo-de-gasperi-712-giorni\">Syvende De Gasperi-regjering: 704 dager<\/h2>\n<p>President for r\u00e5det: <strong>Alcide De Gasperi<\/strong>grunnlegger av kristendemokratene og sentral skikkelse av italiensk gjenoppbygging etter andre verdenskrig. I embetet fra 26. juli 1951 til 7. juli 1953 med en DC-PRI-koalisjon, var han den siste av dens fulltidsledere. Med tanke p\u00e5 valget i 1953 fremmet regjeringen en valgreform i majorit\u00e6r forstand, kalt &laquo;svindelloven&raquo; av motstanderne, som imidlertid ikke ga den \u00f8nskede effekten. Det var nettopp under denne regjeringen at i juli 1951, en <strong>kvinne<\/strong> kom inn for f\u00f8rste gang<strong>italiensk leder<\/strong>kristendemokraten Angela Maria Guidi Cingolani, som undersekret\u00e6r.<\/p>\n<h2 id=\"primo-governo-segni-679-giorni\">F\u00f8rste Segni-regjering: 670 dager<\/h2>\n<p>President for r\u00e5det: <strong>Antonio Segni<\/strong>eksponent for Kristdemokraterna som noen \u00e5r senere skulle bli den <strong>republikkens fjerde president<\/strong>. I embetet fra 6. juli 1955 til 15. mai 1957 med en sentristisk koalisjon (DC, PSDI og PLI, pluss ekstern st\u00f8tte fra PRI), var det en usedvanlig lang regjering etter datidens standarder. Under hans mandat tr\u00e5dte forfatningsdomstolen i drift, Italia ble tatt opp i FN og 25. mars 1957 ble Roma-traktatene undertegnet som ga opphav til Det europeiske \u00f8konomiske fellesskap.<\/p>\n<h2 id=\"secondo-governo-prodi-720-giorni\">Andre Prodi-regjering: 617 dager<\/h2>\n<p>President for r\u00e5det: <strong>Romano Prodi<\/strong>. I vervet siden 17. mai 2006, ble den f\u00f8dt fra seieren til unionskoalisjonen i valget det \u00e5ret, der sentrum-venstre overtok sentrum-h\u00f8yre med en h\u00e5ndfull stemmer. Dette var nettopp hans svake punkt: tallenes skj\u00f8rhet, kombinert med kontinua <strong>indre konflikter<\/strong> til en sv\u00e6rt bred koalisjon, svekket sin handling. Regjeringen falt 24. januar 2008, da senatet nektet den tillit, og forble i vervet for aktuelle saker til etterf\u00f8lgeren tiltr\u00e5dte.<\/p>\n<h2 id=\"perche-un-tempo-i-governi-italiani-duravano-cosi-poco\" class=\"not-in-summary\">For en gang i tiden holdt italienske regjeringer ut s\u00e5 lite<\/h2>\n<p>N\u00e5r man ser p\u00e5 denne rangeringen, er det en detalj som umiddelbart fanger \u00f8yet: de lengstlevende regjeringene i republikkens historie er stort sett konsentrert etter 1990-tallet, mens de korteste tilh\u00f8rer de s\u00e5kalte &laquo;<strong>F\u00f8rste republikk<\/strong>&laquo;, som g\u00e5r <strong>fra 1948 til 1992<\/strong>. I l\u00f8pet av denne perioden av italiensk historie genererte fragmenteringen av partier og en valglov med et proporsjonalt system <strong>svake regjeringer<\/strong>ofte resultatet av<strong> skj\u00f8re kompromisser mellom ulike partikrefter<\/strong>med et snaut flertall i parlamentet: regjeringskriser var derfor sv\u00e6rt hyppige og ledere hadde kort varighet.<\/p>\n<p>Ting endret seg delvis p\u00e5 nittitallet, med &laquo;Den andre republikken&raquo;: den <strong>valgreformer<\/strong> og den st\u00f8rre sentraliteten til politiske ledere har favorisert regjeringer som har en tendens til \u00e5 v\u00e6re mer stabile, selv om de fleste av disse ikke har n\u00e5dd slutten av lovgiveren (som varer 5 \u00e5r fra valget).<\/p>\n<\/p><\/div>\n","protected":false},"excerpt":{"rendered":"<p>De regjering ledet av Giorgia Meloni det er offisielt lengre levetid i den italienske republikkens<\/p>\n","protected":false},"author":1,"featured_media":21758,"comment_status":"closed","ping_status":"open","sticky":false,"template":"","format":"standard","meta":{"footnotes":""},"categories":[104],"tags":[1866,74,1571,14228,14229,79,14227,9585],"class_list":["post-21757","post","type-post","status-publish","format-standard","has-post-thumbnail","hentry","category-samfunn","tag-dager","tag-den","tag-lederne","tag-lengstlevende","tag-lengstvarende","tag-med","tag-meloniregjeringen","tag-republikken","generate-columns","tablet-grid-50","mobile-grid-100","grid-parent","grid-33","resize-featured-image"],"yoast_head":"<!-- This site is optimized with the Yoast SEO plugin v24.4 - https:\/\/yoast.com\/wordpress\/plugins\/seo\/ -->\n<title>Meloni-regjeringen er den lengstlevende i republikken, med 1 413 dager: de 10 lengstvarende lederne - Nordnesrepublikken<\/title>\n<meta name=\"robots\" content=\"index, follow, max-snippet:-1, max-image-preview:large, max-video-preview:-1\" \/>\n<link rel=\"canonical\" href=\"https:\/\/nordnesrepublikken.no\/index.php\/2026\/09\/03\/meloni-regjeringen-er-den-lengstlevende-i-republikken-med-1-413-dager-de-10-lengstvarende-lederne\/\" \/>\n<meta property=\"og:locale\" content=\"nb_NO\" \/>\n<meta property=\"og:type\" content=\"article\" \/>\n<meta property=\"og:title\" content=\"Meloni-regjeringen er den lengstlevende i republikken, med 1 413 dager: de 10 lengstvarende lederne - Nordnesrepublikken\" \/>\n<meta property=\"og:description\" content=\"De regjering ledet av Giorgia Meloni det er offisielt lengre levetid i den italienske republikkens\" \/>\n<meta property=\"og:url\" content=\"https:\/\/nordnesrepublikken.no\/index.php\/2026\/09\/03\/meloni-regjeringen-er-den-lengstlevende-i-republikken-med-1-413-dager-de-10-lengstvarende-lederne\/\" \/>\n<meta property=\"og:site_name\" content=\"Nordnesrepublikken\" \/>\n<meta property=\"article:published_time\" content=\"2026-09-03T15:02:36+00:00\" \/>\n<meta property=\"article:modified_time\" content=\"2026-09-03T15:02:42+00:00\" \/>\n<meta property=\"og:image\" content=\"https:\/\/nordnesrepublikken.no\/wp-content\/uploads\/2026\/09\/1788447759_Meloni-regjeringen-er-den-lengstlevende-i-republikken-med-1-413-dager.jpeg\" \/>\n\t<meta property=\"og:image:width\" content=\"2560\" \/>\n\t<meta property=\"og:image:height\" content=\"1707\" \/>\n\t<meta property=\"og:image:type\" content=\"image\/jpeg\" \/>\n<meta name=\"author\" content=\"Ole Andersen\" \/>\n<meta name=\"twitter:card\" content=\"summary_large_image\" \/>\n<meta name=\"twitter:label1\" content=\"Skrevet av\" \/>\n\t<meta name=\"twitter:data1\" content=\"Ole Andersen\" \/>\n\t<meta name=\"twitter:label2\" content=\"Ansl. lesetid\" \/>\n\t<meta name=\"twitter:data2\" content=\"7 minutter\" \/>\n<script type=\"application\/ld+json\" class=\"yoast-schema-graph\">{\"@context\":\"https:\/\/schema.org\",\"@graph\":[{\"@type\":\"Article\",\"@id\":\"https:\/\/nordnesrepublikken.no\/index.php\/2026\/09\/03\/meloni-regjeringen-er-den-lengstlevende-i-republikken-med-1-413-dager-de-10-lengstvarende-lederne\/#article\",\"isPartOf\":{\"@id\":\"https:\/\/nordnesrepublikken.no\/index.php\/2026\/09\/03\/meloni-regjeringen-er-den-lengstlevende-i-republikken-med-1-413-dager-de-10-lengstvarende-lederne\/\"},\"author\":{\"name\":\"Ole Andersen\",\"@id\":\"https:\/\/nordnesrepublikken.no\/#\/schema\/person\/2e7e81935bab77882fffb79296240ff1\"},\"headline\":\"Meloni-regjeringen er den lengstlevende i republikken, med 1 413 dager: de 10 lengstvarende lederne\",\"datePublished\":\"2026-09-03T15:02:36+00:00\",\"dateModified\":\"2026-09-03T15:02:42+00:00\",\"mainEntityOfPage\":{\"@id\":\"https:\/\/nordnesrepublikken.no\/index.php\/2026\/09\/03\/meloni-regjeringen-er-den-lengstlevende-i-republikken-med-1-413-dager-de-10-lengstvarende-lederne\/\"},\"wordCount\":1336,\"publisher\":{\"@id\":\"https:\/\/nordnesrepublikken.no\/#organization\"},\"image\":{\"@id\":\"https:\/\/nordnesrepublikken.no\/index.php\/2026\/09\/03\/meloni-regjeringen-er-den-lengstlevende-i-republikken-med-1-413-dager-de-10-lengstvarende-lederne\/#primaryimage\"},\"thumbnailUrl\":\"https:\/\/nordnesrepublikken.no\/wp-content\/uploads\/2026\/09\/1788447759_Meloni-regjeringen-er-den-lengstlevende-i-republikken-med-1-413-dager.jpeg\",\"keywords\":[\"dager\",\"den\",\"lederne\",\"lengstlevende\",\"lengstvarende\",\"med\",\"Meloniregjeringen\",\"republikken\"],\"articleSection\":[\"Samfunn\"],\"inLanguage\":\"nb-NO\"},{\"@type\":\"WebPage\",\"@id\":\"https:\/\/nordnesrepublikken.no\/index.php\/2026\/09\/03\/meloni-regjeringen-er-den-lengstlevende-i-republikken-med-1-413-dager-de-10-lengstvarende-lederne\/\",\"url\":\"https:\/\/nordnesrepublikken.no\/index.php\/2026\/09\/03\/meloni-regjeringen-er-den-lengstlevende-i-republikken-med-1-413-dager-de-10-lengstvarende-lederne\/\",\"name\":\"Meloni-regjeringen er den lengstlevende i republikken, med 1 413 dager: de 10 lengstvarende lederne - Nordnesrepublikken\",\"isPartOf\":{\"@id\":\"https:\/\/nordnesrepublikken.no\/#website\"},\"primaryImageOfPage\":{\"@id\":\"https:\/\/nordnesrepublikken.no\/index.php\/2026\/09\/03\/meloni-regjeringen-er-den-lengstlevende-i-republikken-med-1-413-dager-de-10-lengstvarende-lederne\/#primaryimage\"},\"image\":{\"@id\":\"https:\/\/nordnesrepublikken.no\/index.php\/2026\/09\/03\/meloni-regjeringen-er-den-lengstlevende-i-republikken-med-1-413-dager-de-10-lengstvarende-lederne\/#primaryimage\"},\"thumbnailUrl\":\"https:\/\/nordnesrepublikken.no\/wp-content\/uploads\/2026\/09\/1788447759_Meloni-regjeringen-er-den-lengstlevende-i-republikken-med-1-413-dager.jpeg\",\"datePublished\":\"2026-09-03T15:02:36+00:00\",\"dateModified\":\"2026-09-03T15:02:42+00:00\",\"breadcrumb\":{\"@id\":\"https:\/\/nordnesrepublikken.no\/index.php\/2026\/09\/03\/meloni-regjeringen-er-den-lengstlevende-i-republikken-med-1-413-dager-de-10-lengstvarende-lederne\/#breadcrumb\"},\"inLanguage\":\"nb-NO\",\"potentialAction\":[{\"@type\":\"ReadAction\",\"target\":[\"https:\/\/nordnesrepublikken.no\/index.php\/2026\/09\/03\/meloni-regjeringen-er-den-lengstlevende-i-republikken-med-1-413-dager-de-10-lengstvarende-lederne\/\"]}]},{\"@type\":\"ImageObject\",\"inLanguage\":\"nb-NO\",\"@id\":\"https:\/\/nordnesrepublikken.no\/index.php\/2026\/09\/03\/meloni-regjeringen-er-den-lengstlevende-i-republikken-med-1-413-dager-de-10-lengstvarende-lederne\/#primaryimage\",\"url\":\"https:\/\/nordnesrepublikken.no\/wp-content\/uploads\/2026\/09\/1788447759_Meloni-regjeringen-er-den-lengstlevende-i-republikken-med-1-413-dager.jpeg\",\"contentUrl\":\"https:\/\/nordnesrepublikken.no\/wp-content\/uploads\/2026\/09\/1788447759_Meloni-regjeringen-er-den-lengstlevende-i-republikken-med-1-413-dager.jpeg\",\"width\":2560,\"height\":1707,\"caption\":\"Meloni-regjeringen er den lengstlevende i republikken, med 1 413 dager: de 10 lengstvarende lederne\"},{\"@type\":\"BreadcrumbList\",\"@id\":\"https:\/\/nordnesrepublikken.no\/index.php\/2026\/09\/03\/meloni-regjeringen-er-den-lengstlevende-i-republikken-med-1-413-dager-de-10-lengstvarende-lederne\/#breadcrumb\",\"itemListElement\":[{\"@type\":\"ListItem\",\"position\":1,\"name\":\"Home\",\"item\":\"https:\/\/nordnesrepublikken.no\/\"},{\"@type\":\"ListItem\",\"position\":2,\"name\":\"Meloni-regjeringen er den lengstlevende i republikken, med 1 413 dager: de 10 lengstvarende lederne\"}]},{\"@type\":\"WebSite\",\"@id\":\"https:\/\/nordnesrepublikken.no\/#website\",\"url\":\"https:\/\/nordnesrepublikken.no\/\",\"name\":\"Nordnesrepublikken\",\"description\":\"Stemmer og Visjoner fra Republikkens Hjerte\",\"publisher\":{\"@id\":\"https:\/\/nordnesrepublikken.no\/#organization\"},\"potentialAction\":[{\"@type\":\"SearchAction\",\"target\":{\"@type\":\"EntryPoint\",\"urlTemplate\":\"https:\/\/nordnesrepublikken.no\/?s={search_term_string}\"},\"query-input\":{\"@type\":\"PropertyValueSpecification\",\"valueRequired\":true,\"valueName\":\"search_term_string\"}}],\"inLanguage\":\"nb-NO\"},{\"@type\":\"Organization\",\"@id\":\"https:\/\/nordnesrepublikken.no\/#organization\",\"name\":\"Nordnesrepublikken\",\"url\":\"https:\/\/nordnesrepublikken.no\/\",\"logo\":{\"@type\":\"ImageObject\",\"inLanguage\":\"nb-NO\",\"@id\":\"https:\/\/nordnesrepublikken.no\/#\/schema\/logo\/image\/\",\"url\":\"https:\/\/nordnesrepublikken.no\/wp-content\/uploads\/2025\/02\/cropped-nordnesrepublikken-2.png\",\"contentUrl\":\"https:\/\/nordnesrepublikken.no\/wp-content\/uploads\/2025\/02\/cropped-nordnesrepublikken-2.png\",\"width\":1248,\"height\":362,\"caption\":\"Nordnesrepublikken\"},\"image\":{\"@id\":\"https:\/\/nordnesrepublikken.no\/#\/schema\/logo\/image\/\"}},{\"@type\":\"Person\",\"@id\":\"https:\/\/nordnesrepublikken.no\/#\/schema\/person\/2e7e81935bab77882fffb79296240ff1\",\"name\":\"Ole Andersen\",\"image\":{\"@type\":\"ImageObject\",\"inLanguage\":\"nb-NO\",\"@id\":\"https:\/\/nordnesrepublikken.no\/#\/schema\/person\/image\/\",\"url\":\"https:\/\/nordnesrepublikken.no\/wp-content\/uploads\/2025\/02\/nordnesrepublikken-2-2-150x150.jpg\",\"contentUrl\":\"https:\/\/nordnesrepublikken.no\/wp-content\/uploads\/2025\/02\/nordnesrepublikken-2-2-150x150.jpg\",\"caption\":\"Ole Andersen\"},\"description\":\"Ettersom jeg vokste opp i Oslo, har jeg alltid v\u00e6rt fascinert av ordenes kraft og deres evne til \u00e5 skape endringer. Etter \u00e5 ha fullf\u00f8rt min utdannelse i kommunikasjon ved Universitetet i Bergen, fikk jeg muligheten til \u00e5 jobbe innen ulike medier, der jeg har s\u00f8kt \u00e5 belyse viktige samfunnssp\u00f8rsm\u00e5l. I dag, som redakt\u00f8r for Nordnesrepublikken, pr\u00f8ver jeg \u00e5 forene min kj\u00e6rlighet for journalistikk med min lidenskap for innovasjon og eventyr.\",\"sameAs\":[\"https:\/\/nordnesrepublikken.no\/\"]}]}<\/script>\n<!-- \/ Yoast SEO plugin. -->","yoast_head_json":{"title":"Meloni-regjeringen er den lengstlevende i republikken, med 1 413 dager: de 10 lengstvarende lederne - Nordnesrepublikken","robots":{"index":"index","follow":"follow","max-snippet":"max-snippet:-1","max-image-preview":"max-image-preview:large","max-video-preview":"max-video-preview:-1"},"canonical":"https:\/\/nordnesrepublikken.no\/index.php\/2026\/09\/03\/meloni-regjeringen-er-den-lengstlevende-i-republikken-med-1-413-dager-de-10-lengstvarende-lederne\/","og_locale":"nb_NO","og_type":"article","og_title":"Meloni-regjeringen er den lengstlevende i republikken, med 1 413 dager: de 10 lengstvarende lederne - Nordnesrepublikken","og_description":"De regjering ledet av Giorgia Meloni det er offisielt lengre levetid i den italienske republikkens","og_url":"https:\/\/nordnesrepublikken.no\/index.php\/2026\/09\/03\/meloni-regjeringen-er-den-lengstlevende-i-republikken-med-1-413-dager-de-10-lengstvarende-lederne\/","og_site_name":"Nordnesrepublikken","article_published_time":"2026-09-03T15:02:36+00:00","article_modified_time":"2026-09-03T15:02:42+00:00","og_image":[{"width":2560,"height":1707,"url":"https:\/\/nordnesrepublikken.no\/wp-content\/uploads\/2026\/09\/1788447759_Meloni-regjeringen-er-den-lengstlevende-i-republikken-med-1-413-dager.jpeg","type":"image\/jpeg"}],"author":"Ole Andersen","twitter_card":"summary_large_image","twitter_misc":{"Skrevet av":"Ole Andersen","Ansl. lesetid":"7 minutter"},"schema":{"@context":"https:\/\/schema.org","@graph":[{"@type":"Article","@id":"https:\/\/nordnesrepublikken.no\/index.php\/2026\/09\/03\/meloni-regjeringen-er-den-lengstlevende-i-republikken-med-1-413-dager-de-10-lengstvarende-lederne\/#article","isPartOf":{"@id":"https:\/\/nordnesrepublikken.no\/index.php\/2026\/09\/03\/meloni-regjeringen-er-den-lengstlevende-i-republikken-med-1-413-dager-de-10-lengstvarende-lederne\/"},"author":{"name":"Ole Andersen","@id":"https:\/\/nordnesrepublikken.no\/#\/schema\/person\/2e7e81935bab77882fffb79296240ff1"},"headline":"Meloni-regjeringen er den lengstlevende i republikken, med 1 413 dager: de 10 lengstvarende lederne","datePublished":"2026-09-03T15:02:36+00:00","dateModified":"2026-09-03T15:02:42+00:00","mainEntityOfPage":{"@id":"https:\/\/nordnesrepublikken.no\/index.php\/2026\/09\/03\/meloni-regjeringen-er-den-lengstlevende-i-republikken-med-1-413-dager-de-10-lengstvarende-lederne\/"},"wordCount":1336,"publisher":{"@id":"https:\/\/nordnesrepublikken.no\/#organization"},"image":{"@id":"https:\/\/nordnesrepublikken.no\/index.php\/2026\/09\/03\/meloni-regjeringen-er-den-lengstlevende-i-republikken-med-1-413-dager-de-10-lengstvarende-lederne\/#primaryimage"},"thumbnailUrl":"https:\/\/nordnesrepublikken.no\/wp-content\/uploads\/2026\/09\/1788447759_Meloni-regjeringen-er-den-lengstlevende-i-republikken-med-1-413-dager.jpeg","keywords":["dager","den","lederne","lengstlevende","lengstvarende","med","Meloniregjeringen","republikken"],"articleSection":["Samfunn"],"inLanguage":"nb-NO"},{"@type":"WebPage","@id":"https:\/\/nordnesrepublikken.no\/index.php\/2026\/09\/03\/meloni-regjeringen-er-den-lengstlevende-i-republikken-med-1-413-dager-de-10-lengstvarende-lederne\/","url":"https:\/\/nordnesrepublikken.no\/index.php\/2026\/09\/03\/meloni-regjeringen-er-den-lengstlevende-i-republikken-med-1-413-dager-de-10-lengstvarende-lederne\/","name":"Meloni-regjeringen er den lengstlevende i republikken, med 1 413 dager: de 10 lengstvarende lederne - Nordnesrepublikken","isPartOf":{"@id":"https:\/\/nordnesrepublikken.no\/#website"},"primaryImageOfPage":{"@id":"https:\/\/nordnesrepublikken.no\/index.php\/2026\/09\/03\/meloni-regjeringen-er-den-lengstlevende-i-republikken-med-1-413-dager-de-10-lengstvarende-lederne\/#primaryimage"},"image":{"@id":"https:\/\/nordnesrepublikken.no\/index.php\/2026\/09\/03\/meloni-regjeringen-er-den-lengstlevende-i-republikken-med-1-413-dager-de-10-lengstvarende-lederne\/#primaryimage"},"thumbnailUrl":"https:\/\/nordnesrepublikken.no\/wp-content\/uploads\/2026\/09\/1788447759_Meloni-regjeringen-er-den-lengstlevende-i-republikken-med-1-413-dager.jpeg","datePublished":"2026-09-03T15:02:36+00:00","dateModified":"2026-09-03T15:02:42+00:00","breadcrumb":{"@id":"https:\/\/nordnesrepublikken.no\/index.php\/2026\/09\/03\/meloni-regjeringen-er-den-lengstlevende-i-republikken-med-1-413-dager-de-10-lengstvarende-lederne\/#breadcrumb"},"inLanguage":"nb-NO","potentialAction":[{"@type":"ReadAction","target":["https:\/\/nordnesrepublikken.no\/index.php\/2026\/09\/03\/meloni-regjeringen-er-den-lengstlevende-i-republikken-med-1-413-dager-de-10-lengstvarende-lederne\/"]}]},{"@type":"ImageObject","inLanguage":"nb-NO","@id":"https:\/\/nordnesrepublikken.no\/index.php\/2026\/09\/03\/meloni-regjeringen-er-den-lengstlevende-i-republikken-med-1-413-dager-de-10-lengstvarende-lederne\/#primaryimage","url":"https:\/\/nordnesrepublikken.no\/wp-content\/uploads\/2026\/09\/1788447759_Meloni-regjeringen-er-den-lengstlevende-i-republikken-med-1-413-dager.jpeg","contentUrl":"https:\/\/nordnesrepublikken.no\/wp-content\/uploads\/2026\/09\/1788447759_Meloni-regjeringen-er-den-lengstlevende-i-republikken-med-1-413-dager.jpeg","width":2560,"height":1707,"caption":"Meloni-regjeringen er den lengstlevende i republikken, med 1 413 dager: de 10 lengstvarende lederne"},{"@type":"BreadcrumbList","@id":"https:\/\/nordnesrepublikken.no\/index.php\/2026\/09\/03\/meloni-regjeringen-er-den-lengstlevende-i-republikken-med-1-413-dager-de-10-lengstvarende-lederne\/#breadcrumb","itemListElement":[{"@type":"ListItem","position":1,"name":"Home","item":"https:\/\/nordnesrepublikken.no\/"},{"@type":"ListItem","position":2,"name":"Meloni-regjeringen er den lengstlevende i republikken, med 1 413 dager: de 10 lengstvarende lederne"}]},{"@type":"WebSite","@id":"https:\/\/nordnesrepublikken.no\/#website","url":"https:\/\/nordnesrepublikken.no\/","name":"Nordnesrepublikken","description":"Stemmer og Visjoner fra Republikkens Hjerte","publisher":{"@id":"https:\/\/nordnesrepublikken.no\/#organization"},"potentialAction":[{"@type":"SearchAction","target":{"@type":"EntryPoint","urlTemplate":"https:\/\/nordnesrepublikken.no\/?s={search_term_string}"},"query-input":{"@type":"PropertyValueSpecification","valueRequired":true,"valueName":"search_term_string"}}],"inLanguage":"nb-NO"},{"@type":"Organization","@id":"https:\/\/nordnesrepublikken.no\/#organization","name":"Nordnesrepublikken","url":"https:\/\/nordnesrepublikken.no\/","logo":{"@type":"ImageObject","inLanguage":"nb-NO","@id":"https:\/\/nordnesrepublikken.no\/#\/schema\/logo\/image\/","url":"https:\/\/nordnesrepublikken.no\/wp-content\/uploads\/2025\/02\/cropped-nordnesrepublikken-2.png","contentUrl":"https:\/\/nordnesrepublikken.no\/wp-content\/uploads\/2025\/02\/cropped-nordnesrepublikken-2.png","width":1248,"height":362,"caption":"Nordnesrepublikken"},"image":{"@id":"https:\/\/nordnesrepublikken.no\/#\/schema\/logo\/image\/"}},{"@type":"Person","@id":"https:\/\/nordnesrepublikken.no\/#\/schema\/person\/2e7e81935bab77882fffb79296240ff1","name":"Ole Andersen","image":{"@type":"ImageObject","inLanguage":"nb-NO","@id":"https:\/\/nordnesrepublikken.no\/#\/schema\/person\/image\/","url":"https:\/\/nordnesrepublikken.no\/wp-content\/uploads\/2025\/02\/nordnesrepublikken-2-2-150x150.jpg","contentUrl":"https:\/\/nordnesrepublikken.no\/wp-content\/uploads\/2025\/02\/nordnesrepublikken-2-2-150x150.jpg","caption":"Ole Andersen"},"description":"Ettersom jeg vokste opp i Oslo, har jeg alltid v\u00e6rt fascinert av ordenes kraft og deres evne til \u00e5 skape endringer. Etter \u00e5 ha fullf\u00f8rt min utdannelse i kommunikasjon ved Universitetet i Bergen, fikk jeg muligheten til \u00e5 jobbe innen ulike medier, der jeg har s\u00f8kt \u00e5 belyse viktige samfunnssp\u00f8rsm\u00e5l. I dag, som redakt\u00f8r for Nordnesrepublikken, pr\u00f8ver jeg \u00e5 forene min kj\u00e6rlighet for journalistikk med min lidenskap for innovasjon og eventyr.","sameAs":["https:\/\/nordnesrepublikken.no\/"]}]}},"_links":{"self":[{"href":"https:\/\/nordnesrepublikken.no\/index.php\/wp-json\/wp\/v2\/posts\/21757","targetHints":{"allow":["GET"]}}],"collection":[{"href":"https:\/\/nordnesrepublikken.no\/index.php\/wp-json\/wp\/v2\/posts"}],"about":[{"href":"https:\/\/nordnesrepublikken.no\/index.php\/wp-json\/wp\/v2\/types\/post"}],"author":[{"embeddable":true,"href":"https:\/\/nordnesrepublikken.no\/index.php\/wp-json\/wp\/v2\/users\/1"}],"replies":[{"embeddable":true,"href":"https:\/\/nordnesrepublikken.no\/index.php\/wp-json\/wp\/v2\/comments?post=21757"}],"version-history":[{"count":1,"href":"https:\/\/nordnesrepublikken.no\/index.php\/wp-json\/wp\/v2\/posts\/21757\/revisions"}],"predecessor-version":[{"id":21759,"href":"https:\/\/nordnesrepublikken.no\/index.php\/wp-json\/wp\/v2\/posts\/21757\/revisions\/21759"}],"wp:featuredmedia":[{"embeddable":true,"href":"https:\/\/nordnesrepublikken.no\/index.php\/wp-json\/wp\/v2\/media\/21758"}],"wp:attachment":[{"href":"https:\/\/nordnesrepublikken.no\/index.php\/wp-json\/wp\/v2\/media?parent=21757"}],"wp:term":[{"taxonomy":"category","embeddable":true,"href":"https:\/\/nordnesrepublikken.no\/index.php\/wp-json\/wp\/v2\/categories?post=21757"},{"taxonomy":"post_tag","embeddable":true,"href":"https:\/\/nordnesrepublikken.no\/index.php\/wp-json\/wp\/v2\/tags?post=21757"}],"curies":[{"name":"wp","href":"https:\/\/api.w.org\/{rel}","templated":true}]}}