{"id":21754,"date":"2026-09-03T16:02:37","date_gmt":"2026-09-03T14:02:37","guid":{"rendered":"https:\/\/nordnesrepublikken.no\/index.php\/2026\/09\/03\/ta-vare-pa-oynene-dine-klare-rad-personlig-pleie-og-tryggheten-til-baviera-over-hele-europa\/"},"modified":"2026-09-03T16:02:39","modified_gmt":"2026-09-03T14:02:39","slug":"ta-vare-pa-oynene-dine-klare-rad-personlig-pleie-og-tryggheten-til-baviera-over-hele-europa","status":"publish","type":"post","link":"https:\/\/nordnesrepublikken.no\/index.php\/2026\/09\/03\/ta-vare-pa-oynene-dine-klare-rad-personlig-pleie-og-tryggheten-til-baviera-over-hele-europa\/","title":{"rendered":"Ta vare p\u00e5 \u00f8ynene dine: Klare r\u00e5d, personlig pleie og tryggheten til Baviera over hele Europa"},"content":{"rendered":"<p><\/p>\n<div class=\"wordpress-content\">\n                    <!-- Article Start --><\/p>\n<h2><b>SOMMER \u00d8YEPLEIE \u2022 VISUELL FRIHET \u2022 OMSORG P\u00c5 OVER OVER EUROPA<\/b><\/h2>\n<pre><strong>By Baviera International<\/strong><\/pre>\n<h2><\/h2>\n<h2>Sommeren er for \u00e5 nyte<\/h2>\n<p>Det er mye \u00e5 elske med sommeren i Spania: lange solfylte dager, havet, bassenget og sene kvelder utend\u00f8rs. Men \u00f8ynene v\u00e5re nyter ikke alltid varmen like mye som vi gj\u00f8r.<\/p>\n<p>Varmt v\u00e6r, t\u00f8rr luft og klimaanlegg kan f\u00e5 t\u00e5rene til \u00e5 fordampe raskere, slik at \u00f8ynene blir t\u00f8rre, irriterte eller grisete. Skjermer kan \u00f8ke problemet. N\u00e5r vi ser p\u00e5 en telefon, nettbrett eller datamaskin, blinker vi ofte mindre, noe som kan gj\u00f8re ubehaget verre.<\/p>\n<h2>\n<p>Litt omsorg kan gj\u00f8re en reell forskjell<\/h2>\n<p>Ta jevnlige pauser fra skjermer. Blink oftere. Hold deg godt hydrert og unng\u00e5 \u00e5 sitte rett foran klimaanlegget. Dette er enkle vaner, men de kan hjelpe.<\/p>\n<div class=\"sra_unit\"><link rel=\"stylesheet\" id=\"block-sra\" href=\"https:\/\/euroweeklynews.com\/wp-content\/plugins\/snack-related-articles\/dist\/css\/snack-related.min.css?250312-193541\" type=\"text\/css\" media=\"all\">\n<\/div>\n<p>Hvis ubehaget ikke blir bedre, ikke bare t\u00e5l det. V\u00e5re \u00f8yeleger kan vurdere \u00f8ynene dine, forklare hva som kan for\u00e5rsake symptomene og anbefale den mest passende behandlingen. Tydelig informasjon er ofte det f\u00f8rste skrittet mot \u00e5 f\u00f8le seg bedre.<\/p>\n<h2>\n<p>Og hva med briller og kontaktlinser?<\/h2>\n<p>Sommeren kan ogs\u00e5 gj\u00f8re oss mer bevisste p\u00e5 hvor mye vi er avhengige av dem: Briller som sklir ned p\u00e5 en varm dag, kontaktlinser p\u00e5 stranden, klor i bassenget eller leting etter briller s\u00e5 snart vi v\u00e5kner.<\/p>\n<p>For egnede pasienter med n\u00e6rsynthet, hypermetropi eller astigmatisme kan refraktiv kirurgi redusere avhengigheten av briller og kontaktlinser. Det viktige ordet er passende. Det finnes ingen behandling som passer for alle, derfor begynner reisen med en fullstendig synsunders\u00f8kelse og en \u00e6rlig samtale om \u00f8ynene dine, livsstilen og forventningene dine.<\/p>\n<h2>\n<p>En behandling designet rundt deg<\/h2>\n<p>V\u00e5re leger tar seg tid til \u00e5 lytte, unders\u00f8ke og forklare. Hvis laser- eller intraokul\u00e6r kirurgi er et passende alternativ, er anbefalingen basert p\u00e5 dine individuelle behov \u2013 ikke p\u00e5 en standardl\u00f8sning.<\/p>\n<p>Selve prosedyren er vanligvis rask, smertefri og poliklinisk, uten sykehusopphold. Men v\u00e5r omsorg slutter ikke n\u00e5r prosedyren gj\u00f8r det. Vi f\u00f8lger deg gjennom oppf\u00f8lgingsprosessen, svarer p\u00e5 sp\u00f8rsm\u00e5lene dine og overv\u00e5ker restitusjonen din. Operasjonen kan v\u00e6re rask; v\u00e5rt engasjement varer gjennom hele reisen.<\/p>\n<h2>\n<p>En p\u00e5litelig kontakt i M\u00e1laga<\/h2>\n<p>For internasjonale pasienter kan det \u00e5 motta medisinsk behandling i et annet land skape ekstra sp\u00f8rsm\u00e5l. Derfor gir v\u00e5r internasjonale pasienttjeneste i M\u00e1laga et tydelig kontaktpunkt fra f\u00f8rste samtale til siste oppf\u00f8lging.<\/p>\n<p>Vi koordinerer med det medisinske teamet, hjelper pasienten med \u00e5 forst\u00e5 hvert trinn og, n\u00e5r det er n\u00f8dvendig, kobler vi deres omsorg med v\u00e5re klinikker andre steder i Europa. M\u00e5let er enkelt: du skal aldri f\u00f8le at du styrer prosessen alene.<\/p>\n<h2>\n<p>Omsorg som reiser med deg<\/h2>\n<p>Baviera er en del av et ledende europeisk oftalmologinettverk med klinikker i Spania, Storbritannia, Tyskland, \u00d8sterrike og Italia, inkludert Optimax i Storbritannia og Care Vision i Tyskland, \u00d8sterrike og Italia.<\/p>\n<p>Dette betyr at en pasient kan opereres i M\u00e1laga og, n\u00e5r det er hensiktsmessig, fortsette oppf\u00f8lgingen n\u00e6rmere hjemmet. \u00c5 v\u00e6re internasjonal handler ikke bare om \u00e5 ha klinikker i forskjellige land. Det handler om \u00e5 tilby kontinuitet, dele riktig klinisk informasjon og holde pasienten i sentrum uansett hvor de er.<\/p>\n<h2>\n<p>Se sommeren friere<\/h2>\n<p>Sommeren er for \u00e5 bade, reise, le, utforske og lage minner. For egnede pasienter kan st\u00f8rre visuell uavhengighet gj\u00f8re at de hverdagslige \u00f8yeblikkene f\u00f8les lettere.<\/p>\n<p>Det handler ikke bare om \u00e5 se bedre. Det handler om \u00e5 f\u00f8le seg friere \u2013 og ha tryggheten om at uansett hvor livet tar deg, er det noen der for \u00e5 passe p\u00e5 \u00f8ynene dine.<\/p>\n<div><\/div>\n<div><b>Baviera. Europeiske oftalmologispesialister. Med deg hvert steg p\u00e5 reisen.<\/b><\/div>\n<div><strong>www.clinicabaviera.com<\/strong><\/div>\n<p>                    <!-- Originally published at https:\/\/euroweeklynews.com\/2026\/09\/03\/take-care-of-your-eyes-clear-advice-personal-care-and-the-reassurance-of-baviera-across-europe\/ on 03 Sep 2026 at 15:56 by Penny --><br \/>\n                    <!-- Article End -->\n                <\/div>\n","protected":false},"excerpt":{"rendered":"<p>SOMMER \u00d8YEPLEIE \u2022 VISUELL FRIHET \u2022 OMSORG P\u00c5 OVER OVER EUROPA By Baviera International Sommeren<\/p>\n","protected":false},"author":1,"featured_media":21755,"comment_status":"closed","ping_status":"open","sticky":false,"template":"","format":"standard","meta":{"footnotes":""},"categories":[105],"tags":[9801,1113,642,3372,1985,2393,81,8662,14225,2903,117,14226,3824],"class_list":["post-21754","post","type-post","status-publish","format-standard","has-post-thumbnail","hentry","category-livsstil","tag-baviera","tag-dine","tag-europa","tag-hele","tag-klare","tag-oynene","tag-pa","tag-personlig","tag-pleie","tag-rad","tag-til","tag-tryggheten","tag-vare","generate-columns","tablet-grid-50","mobile-grid-100","grid-parent","grid-33","resize-featured-image"],"yoast_head":"<!-- This site is optimized with the Yoast SEO plugin v24.4 - https:\/\/yoast.com\/wordpress\/plugins\/seo\/ -->\n<title>Ta vare p\u00e5 \u00f8ynene dine: Klare r\u00e5d, personlig pleie og tryggheten til Baviera over hele Europa - Nordnesrepublikken<\/title>\n<meta name=\"robots\" content=\"index, follow, max-snippet:-1, max-image-preview:large, max-video-preview:-1\" \/>\n<link rel=\"canonical\" href=\"https:\/\/nordnesrepublikken.no\/index.php\/2026\/09\/03\/ta-vare-pa-oynene-dine-klare-rad-personlig-pleie-og-tryggheten-til-baviera-over-hele-europa\/\" \/>\n<meta property=\"og:locale\" content=\"nb_NO\" \/>\n<meta property=\"og:type\" content=\"article\" \/>\n<meta property=\"og:title\" content=\"Ta vare p\u00e5 \u00f8ynene dine: Klare r\u00e5d, personlig pleie og tryggheten til Baviera over hele Europa - Nordnesrepublikken\" \/>\n<meta property=\"og:description\" content=\"SOMMER \u00d8YEPLEIE \u2022 VISUELL FRIHET \u2022 OMSORG P\u00c5 OVER OVER EUROPA By Baviera International Sommeren\" \/>\n<meta property=\"og:url\" content=\"https:\/\/nordnesrepublikken.no\/index.php\/2026\/09\/03\/ta-vare-pa-oynene-dine-klare-rad-personlig-pleie-og-tryggheten-til-baviera-over-hele-europa\/\" \/>\n<meta property=\"og:site_name\" content=\"Nordnesrepublikken\" \/>\n<meta property=\"article:published_time\" content=\"2026-09-03T14:02:37+00:00\" \/>\n<meta property=\"article:modified_time\" content=\"2026-09-03T14:02:39+00:00\" \/>\n<meta property=\"og:image\" content=\"https:\/\/nordnesrepublikken.no\/wp-content\/uploads\/2026\/09\/1788444158_Ta-vare-pa-oynene-dine-Klare-rad-personlig-pleie-og.png\" \/>\n\t<meta property=\"og:image:width\" content=\"1096\" \/>\n\t<meta property=\"og:image:height\" content=\"762\" \/>\n\t<meta property=\"og:image:type\" content=\"image\/png\" \/>\n<meta name=\"author\" content=\"Ole Andersen\" \/>\n<meta name=\"twitter:card\" content=\"summary_large_image\" \/>\n<meta name=\"twitter:label1\" content=\"Skrevet av\" \/>\n\t<meta name=\"twitter:data1\" content=\"Ole Andersen\" \/>\n\t<meta name=\"twitter:label2\" content=\"Ansl. lesetid\" \/>\n\t<meta name=\"twitter:data2\" content=\"3 minutter\" \/>\n<script type=\"application\/ld+json\" class=\"yoast-schema-graph\">{\"@context\":\"https:\/\/schema.org\",\"@graph\":[{\"@type\":\"Article\",\"@id\":\"https:\/\/nordnesrepublikken.no\/index.php\/2026\/09\/03\/ta-vare-pa-oynene-dine-klare-rad-personlig-pleie-og-tryggheten-til-baviera-over-hele-europa\/#article\",\"isPartOf\":{\"@id\":\"https:\/\/nordnesrepublikken.no\/index.php\/2026\/09\/03\/ta-vare-pa-oynene-dine-klare-rad-personlig-pleie-og-tryggheten-til-baviera-over-hele-europa\/\"},\"author\":{\"name\":\"Ole Andersen\",\"@id\":\"https:\/\/nordnesrepublikken.no\/#\/schema\/person\/2e7e81935bab77882fffb79296240ff1\"},\"headline\":\"Ta vare p\u00e5 \u00f8ynene dine: Klare r\u00e5d, personlig pleie og tryggheten til Baviera over hele Europa\",\"datePublished\":\"2026-09-03T14:02:37+00:00\",\"dateModified\":\"2026-09-03T14:02:39+00:00\",\"mainEntityOfPage\":{\"@id\":\"https:\/\/nordnesrepublikken.no\/index.php\/2026\/09\/03\/ta-vare-pa-oynene-dine-klare-rad-personlig-pleie-og-tryggheten-til-baviera-over-hele-europa\/\"},\"wordCount\":624,\"publisher\":{\"@id\":\"https:\/\/nordnesrepublikken.no\/#organization\"},\"image\":{\"@id\":\"https:\/\/nordnesrepublikken.no\/index.php\/2026\/09\/03\/ta-vare-pa-oynene-dine-klare-rad-personlig-pleie-og-tryggheten-til-baviera-over-hele-europa\/#primaryimage\"},\"thumbnailUrl\":\"https:\/\/nordnesrepublikken.no\/wp-content\/uploads\/2026\/09\/1788444158_Ta-vare-pa-oynene-dine-Klare-rad-personlig-pleie-og.png\",\"keywords\":[\"Baviera\",\"dine\",\"Europa\",\"hele\",\"klare\",\"\u00f8ynene\",\"p\u00e5\",\"personlig\",\"pleie\",\"r\u00e5d\",\"til\",\"tryggheten\",\"v\u00e5re\"],\"articleSection\":[\"Livsstil\"],\"inLanguage\":\"nb-NO\"},{\"@type\":\"WebPage\",\"@id\":\"https:\/\/nordnesrepublikken.no\/index.php\/2026\/09\/03\/ta-vare-pa-oynene-dine-klare-rad-personlig-pleie-og-tryggheten-til-baviera-over-hele-europa\/\",\"url\":\"https:\/\/nordnesrepublikken.no\/index.php\/2026\/09\/03\/ta-vare-pa-oynene-dine-klare-rad-personlig-pleie-og-tryggheten-til-baviera-over-hele-europa\/\",\"name\":\"Ta vare p\u00e5 \u00f8ynene dine: Klare r\u00e5d, personlig pleie og tryggheten til Baviera over hele Europa - Nordnesrepublikken\",\"isPartOf\":{\"@id\":\"https:\/\/nordnesrepublikken.no\/#website\"},\"primaryImageOfPage\":{\"@id\":\"https:\/\/nordnesrepublikken.no\/index.php\/2026\/09\/03\/ta-vare-pa-oynene-dine-klare-rad-personlig-pleie-og-tryggheten-til-baviera-over-hele-europa\/#primaryimage\"},\"image\":{\"@id\":\"https:\/\/nordnesrepublikken.no\/index.php\/2026\/09\/03\/ta-vare-pa-oynene-dine-klare-rad-personlig-pleie-og-tryggheten-til-baviera-over-hele-europa\/#primaryimage\"},\"thumbnailUrl\":\"https:\/\/nordnesrepublikken.no\/wp-content\/uploads\/2026\/09\/1788444158_Ta-vare-pa-oynene-dine-Klare-rad-personlig-pleie-og.png\",\"datePublished\":\"2026-09-03T14:02:37+00:00\",\"dateModified\":\"2026-09-03T14:02:39+00:00\",\"breadcrumb\":{\"@id\":\"https:\/\/nordnesrepublikken.no\/index.php\/2026\/09\/03\/ta-vare-pa-oynene-dine-klare-rad-personlig-pleie-og-tryggheten-til-baviera-over-hele-europa\/#breadcrumb\"},\"inLanguage\":\"nb-NO\",\"potentialAction\":[{\"@type\":\"ReadAction\",\"target\":[\"https:\/\/nordnesrepublikken.no\/index.php\/2026\/09\/03\/ta-vare-pa-oynene-dine-klare-rad-personlig-pleie-og-tryggheten-til-baviera-over-hele-europa\/\"]}]},{\"@type\":\"ImageObject\",\"inLanguage\":\"nb-NO\",\"@id\":\"https:\/\/nordnesrepublikken.no\/index.php\/2026\/09\/03\/ta-vare-pa-oynene-dine-klare-rad-personlig-pleie-og-tryggheten-til-baviera-over-hele-europa\/#primaryimage\",\"url\":\"https:\/\/nordnesrepublikken.no\/wp-content\/uploads\/2026\/09\/1788444158_Ta-vare-pa-oynene-dine-Klare-rad-personlig-pleie-og.png\",\"contentUrl\":\"https:\/\/nordnesrepublikken.no\/wp-content\/uploads\/2026\/09\/1788444158_Ta-vare-pa-oynene-dine-Klare-rad-personlig-pleie-og.png\",\"width\":1096,\"height\":762,\"caption\":\"Ta vare p\u00e5 \u00f8ynene dine: Klare r\u00e5d, personlig pleie og tryggheten til Baviera over hele Europa\"},{\"@type\":\"BreadcrumbList\",\"@id\":\"https:\/\/nordnesrepublikken.no\/index.php\/2026\/09\/03\/ta-vare-pa-oynene-dine-klare-rad-personlig-pleie-og-tryggheten-til-baviera-over-hele-europa\/#breadcrumb\",\"itemListElement\":[{\"@type\":\"ListItem\",\"position\":1,\"name\":\"Home\",\"item\":\"https:\/\/nordnesrepublikken.no\/\"},{\"@type\":\"ListItem\",\"position\":2,\"name\":\"Ta vare p\u00e5 \u00f8ynene dine: Klare r\u00e5d, personlig pleie og tryggheten til Baviera over hele Europa\"}]},{\"@type\":\"WebSite\",\"@id\":\"https:\/\/nordnesrepublikken.no\/#website\",\"url\":\"https:\/\/nordnesrepublikken.no\/\",\"name\":\"Nordnesrepublikken\",\"description\":\"Stemmer og Visjoner fra Republikkens Hjerte\",\"publisher\":{\"@id\":\"https:\/\/nordnesrepublikken.no\/#organization\"},\"potentialAction\":[{\"@type\":\"SearchAction\",\"target\":{\"@type\":\"EntryPoint\",\"urlTemplate\":\"https:\/\/nordnesrepublikken.no\/?s={search_term_string}\"},\"query-input\":{\"@type\":\"PropertyValueSpecification\",\"valueRequired\":true,\"valueName\":\"search_term_string\"}}],\"inLanguage\":\"nb-NO\"},{\"@type\":\"Organization\",\"@id\":\"https:\/\/nordnesrepublikken.no\/#organization\",\"name\":\"Nordnesrepublikken\",\"url\":\"https:\/\/nordnesrepublikken.no\/\",\"logo\":{\"@type\":\"ImageObject\",\"inLanguage\":\"nb-NO\",\"@id\":\"https:\/\/nordnesrepublikken.no\/#\/schema\/logo\/image\/\",\"url\":\"https:\/\/nordnesrepublikken.no\/wp-content\/uploads\/2025\/02\/cropped-nordnesrepublikken-2.png\",\"contentUrl\":\"https:\/\/nordnesrepublikken.no\/wp-content\/uploads\/2025\/02\/cropped-nordnesrepublikken-2.png\",\"width\":1248,\"height\":362,\"caption\":\"Nordnesrepublikken\"},\"image\":{\"@id\":\"https:\/\/nordnesrepublikken.no\/#\/schema\/logo\/image\/\"}},{\"@type\":\"Person\",\"@id\":\"https:\/\/nordnesrepublikken.no\/#\/schema\/person\/2e7e81935bab77882fffb79296240ff1\",\"name\":\"Ole Andersen\",\"image\":{\"@type\":\"ImageObject\",\"inLanguage\":\"nb-NO\",\"@id\":\"https:\/\/nordnesrepublikken.no\/#\/schema\/person\/image\/\",\"url\":\"https:\/\/nordnesrepublikken.no\/wp-content\/uploads\/2025\/02\/nordnesrepublikken-2-2-150x150.jpg\",\"contentUrl\":\"https:\/\/nordnesrepublikken.no\/wp-content\/uploads\/2025\/02\/nordnesrepublikken-2-2-150x150.jpg\",\"caption\":\"Ole Andersen\"},\"description\":\"Ettersom jeg vokste opp i Oslo, har jeg alltid v\u00e6rt fascinert av ordenes kraft og deres evne til \u00e5 skape endringer. Etter \u00e5 ha fullf\u00f8rt min utdannelse i kommunikasjon ved Universitetet i Bergen, fikk jeg muligheten til \u00e5 jobbe innen ulike medier, der jeg har s\u00f8kt \u00e5 belyse viktige samfunnssp\u00f8rsm\u00e5l. I dag, som redakt\u00f8r for Nordnesrepublikken, pr\u00f8ver jeg \u00e5 forene min kj\u00e6rlighet for journalistikk med min lidenskap for innovasjon og eventyr.\",\"sameAs\":[\"https:\/\/nordnesrepublikken.no\/\"]}]}<\/script>\n<!-- \/ Yoast SEO plugin. -->","yoast_head_json":{"title":"Ta vare p\u00e5 \u00f8ynene dine: Klare r\u00e5d, personlig pleie og tryggheten til Baviera over hele Europa - Nordnesrepublikken","robots":{"index":"index","follow":"follow","max-snippet":"max-snippet:-1","max-image-preview":"max-image-preview:large","max-video-preview":"max-video-preview:-1"},"canonical":"https:\/\/nordnesrepublikken.no\/index.php\/2026\/09\/03\/ta-vare-pa-oynene-dine-klare-rad-personlig-pleie-og-tryggheten-til-baviera-over-hele-europa\/","og_locale":"nb_NO","og_type":"article","og_title":"Ta vare p\u00e5 \u00f8ynene dine: Klare r\u00e5d, personlig pleie og tryggheten til Baviera over hele Europa - Nordnesrepublikken","og_description":"SOMMER \u00d8YEPLEIE \u2022 VISUELL FRIHET \u2022 OMSORG P\u00c5 OVER OVER EUROPA By Baviera International Sommeren","og_url":"https:\/\/nordnesrepublikken.no\/index.php\/2026\/09\/03\/ta-vare-pa-oynene-dine-klare-rad-personlig-pleie-og-tryggheten-til-baviera-over-hele-europa\/","og_site_name":"Nordnesrepublikken","article_published_time":"2026-09-03T14:02:37+00:00","article_modified_time":"2026-09-03T14:02:39+00:00","og_image":[{"width":1096,"height":762,"url":"https:\/\/nordnesrepublikken.no\/wp-content\/uploads\/2026\/09\/1788444158_Ta-vare-pa-oynene-dine-Klare-rad-personlig-pleie-og.png","type":"image\/png"}],"author":"Ole Andersen","twitter_card":"summary_large_image","twitter_misc":{"Skrevet av":"Ole Andersen","Ansl. lesetid":"3 minutter"},"schema":{"@context":"https:\/\/schema.org","@graph":[{"@type":"Article","@id":"https:\/\/nordnesrepublikken.no\/index.php\/2026\/09\/03\/ta-vare-pa-oynene-dine-klare-rad-personlig-pleie-og-tryggheten-til-baviera-over-hele-europa\/#article","isPartOf":{"@id":"https:\/\/nordnesrepublikken.no\/index.php\/2026\/09\/03\/ta-vare-pa-oynene-dine-klare-rad-personlig-pleie-og-tryggheten-til-baviera-over-hele-europa\/"},"author":{"name":"Ole Andersen","@id":"https:\/\/nordnesrepublikken.no\/#\/schema\/person\/2e7e81935bab77882fffb79296240ff1"},"headline":"Ta vare p\u00e5 \u00f8ynene dine: Klare r\u00e5d, personlig pleie og tryggheten til Baviera over hele Europa","datePublished":"2026-09-03T14:02:37+00:00","dateModified":"2026-09-03T14:02:39+00:00","mainEntityOfPage":{"@id":"https:\/\/nordnesrepublikken.no\/index.php\/2026\/09\/03\/ta-vare-pa-oynene-dine-klare-rad-personlig-pleie-og-tryggheten-til-baviera-over-hele-europa\/"},"wordCount":624,"publisher":{"@id":"https:\/\/nordnesrepublikken.no\/#organization"},"image":{"@id":"https:\/\/nordnesrepublikken.no\/index.php\/2026\/09\/03\/ta-vare-pa-oynene-dine-klare-rad-personlig-pleie-og-tryggheten-til-baviera-over-hele-europa\/#primaryimage"},"thumbnailUrl":"https:\/\/nordnesrepublikken.no\/wp-content\/uploads\/2026\/09\/1788444158_Ta-vare-pa-oynene-dine-Klare-rad-personlig-pleie-og.png","keywords":["Baviera","dine","Europa","hele","klare","\u00f8ynene","p\u00e5","personlig","pleie","r\u00e5d","til","tryggheten","v\u00e5re"],"articleSection":["Livsstil"],"inLanguage":"nb-NO"},{"@type":"WebPage","@id":"https:\/\/nordnesrepublikken.no\/index.php\/2026\/09\/03\/ta-vare-pa-oynene-dine-klare-rad-personlig-pleie-og-tryggheten-til-baviera-over-hele-europa\/","url":"https:\/\/nordnesrepublikken.no\/index.php\/2026\/09\/03\/ta-vare-pa-oynene-dine-klare-rad-personlig-pleie-og-tryggheten-til-baviera-over-hele-europa\/","name":"Ta vare p\u00e5 \u00f8ynene dine: Klare r\u00e5d, personlig pleie og tryggheten til Baviera over hele Europa - Nordnesrepublikken","isPartOf":{"@id":"https:\/\/nordnesrepublikken.no\/#website"},"primaryImageOfPage":{"@id":"https:\/\/nordnesrepublikken.no\/index.php\/2026\/09\/03\/ta-vare-pa-oynene-dine-klare-rad-personlig-pleie-og-tryggheten-til-baviera-over-hele-europa\/#primaryimage"},"image":{"@id":"https:\/\/nordnesrepublikken.no\/index.php\/2026\/09\/03\/ta-vare-pa-oynene-dine-klare-rad-personlig-pleie-og-tryggheten-til-baviera-over-hele-europa\/#primaryimage"},"thumbnailUrl":"https:\/\/nordnesrepublikken.no\/wp-content\/uploads\/2026\/09\/1788444158_Ta-vare-pa-oynene-dine-Klare-rad-personlig-pleie-og.png","datePublished":"2026-09-03T14:02:37+00:00","dateModified":"2026-09-03T14:02:39+00:00","breadcrumb":{"@id":"https:\/\/nordnesrepublikken.no\/index.php\/2026\/09\/03\/ta-vare-pa-oynene-dine-klare-rad-personlig-pleie-og-tryggheten-til-baviera-over-hele-europa\/#breadcrumb"},"inLanguage":"nb-NO","potentialAction":[{"@type":"ReadAction","target":["https:\/\/nordnesrepublikken.no\/index.php\/2026\/09\/03\/ta-vare-pa-oynene-dine-klare-rad-personlig-pleie-og-tryggheten-til-baviera-over-hele-europa\/"]}]},{"@type":"ImageObject","inLanguage":"nb-NO","@id":"https:\/\/nordnesrepublikken.no\/index.php\/2026\/09\/03\/ta-vare-pa-oynene-dine-klare-rad-personlig-pleie-og-tryggheten-til-baviera-over-hele-europa\/#primaryimage","url":"https:\/\/nordnesrepublikken.no\/wp-content\/uploads\/2026\/09\/1788444158_Ta-vare-pa-oynene-dine-Klare-rad-personlig-pleie-og.png","contentUrl":"https:\/\/nordnesrepublikken.no\/wp-content\/uploads\/2026\/09\/1788444158_Ta-vare-pa-oynene-dine-Klare-rad-personlig-pleie-og.png","width":1096,"height":762,"caption":"Ta vare p\u00e5 \u00f8ynene dine: Klare r\u00e5d, personlig pleie og tryggheten til Baviera over hele Europa"},{"@type":"BreadcrumbList","@id":"https:\/\/nordnesrepublikken.no\/index.php\/2026\/09\/03\/ta-vare-pa-oynene-dine-klare-rad-personlig-pleie-og-tryggheten-til-baviera-over-hele-europa\/#breadcrumb","itemListElement":[{"@type":"ListItem","position":1,"name":"Home","item":"https:\/\/nordnesrepublikken.no\/"},{"@type":"ListItem","position":2,"name":"Ta vare p\u00e5 \u00f8ynene dine: Klare r\u00e5d, personlig pleie og tryggheten til Baviera over hele Europa"}]},{"@type":"WebSite","@id":"https:\/\/nordnesrepublikken.no\/#website","url":"https:\/\/nordnesrepublikken.no\/","name":"Nordnesrepublikken","description":"Stemmer og Visjoner fra Republikkens Hjerte","publisher":{"@id":"https:\/\/nordnesrepublikken.no\/#organization"},"potentialAction":[{"@type":"SearchAction","target":{"@type":"EntryPoint","urlTemplate":"https:\/\/nordnesrepublikken.no\/?s={search_term_string}"},"query-input":{"@type":"PropertyValueSpecification","valueRequired":true,"valueName":"search_term_string"}}],"inLanguage":"nb-NO"},{"@type":"Organization","@id":"https:\/\/nordnesrepublikken.no\/#organization","name":"Nordnesrepublikken","url":"https:\/\/nordnesrepublikken.no\/","logo":{"@type":"ImageObject","inLanguage":"nb-NO","@id":"https:\/\/nordnesrepublikken.no\/#\/schema\/logo\/image\/","url":"https:\/\/nordnesrepublikken.no\/wp-content\/uploads\/2025\/02\/cropped-nordnesrepublikken-2.png","contentUrl":"https:\/\/nordnesrepublikken.no\/wp-content\/uploads\/2025\/02\/cropped-nordnesrepublikken-2.png","width":1248,"height":362,"caption":"Nordnesrepublikken"},"image":{"@id":"https:\/\/nordnesrepublikken.no\/#\/schema\/logo\/image\/"}},{"@type":"Person","@id":"https:\/\/nordnesrepublikken.no\/#\/schema\/person\/2e7e81935bab77882fffb79296240ff1","name":"Ole Andersen","image":{"@type":"ImageObject","inLanguage":"nb-NO","@id":"https:\/\/nordnesrepublikken.no\/#\/schema\/person\/image\/","url":"https:\/\/nordnesrepublikken.no\/wp-content\/uploads\/2025\/02\/nordnesrepublikken-2-2-150x150.jpg","contentUrl":"https:\/\/nordnesrepublikken.no\/wp-content\/uploads\/2025\/02\/nordnesrepublikken-2-2-150x150.jpg","caption":"Ole Andersen"},"description":"Ettersom jeg vokste opp i Oslo, har jeg alltid v\u00e6rt fascinert av ordenes kraft og deres evne til \u00e5 skape endringer. Etter \u00e5 ha fullf\u00f8rt min utdannelse i kommunikasjon ved Universitetet i Bergen, fikk jeg muligheten til \u00e5 jobbe innen ulike medier, der jeg har s\u00f8kt \u00e5 belyse viktige samfunnssp\u00f8rsm\u00e5l. I dag, som redakt\u00f8r for Nordnesrepublikken, pr\u00f8ver jeg \u00e5 forene min kj\u00e6rlighet for journalistikk med min lidenskap for innovasjon og eventyr.","sameAs":["https:\/\/nordnesrepublikken.no\/"]}]}},"_links":{"self":[{"href":"https:\/\/nordnesrepublikken.no\/index.php\/wp-json\/wp\/v2\/posts\/21754","targetHints":{"allow":["GET"]}}],"collection":[{"href":"https:\/\/nordnesrepublikken.no\/index.php\/wp-json\/wp\/v2\/posts"}],"about":[{"href":"https:\/\/nordnesrepublikken.no\/index.php\/wp-json\/wp\/v2\/types\/post"}],"author":[{"embeddable":true,"href":"https:\/\/nordnesrepublikken.no\/index.php\/wp-json\/wp\/v2\/users\/1"}],"replies":[{"embeddable":true,"href":"https:\/\/nordnesrepublikken.no\/index.php\/wp-json\/wp\/v2\/comments?post=21754"}],"version-history":[{"count":1,"href":"https:\/\/nordnesrepublikken.no\/index.php\/wp-json\/wp\/v2\/posts\/21754\/revisions"}],"predecessor-version":[{"id":21756,"href":"https:\/\/nordnesrepublikken.no\/index.php\/wp-json\/wp\/v2\/posts\/21754\/revisions\/21756"}],"wp:featuredmedia":[{"embeddable":true,"href":"https:\/\/nordnesrepublikken.no\/index.php\/wp-json\/wp\/v2\/media\/21755"}],"wp:attachment":[{"href":"https:\/\/nordnesrepublikken.no\/index.php\/wp-json\/wp\/v2\/media?parent=21754"}],"wp:term":[{"taxonomy":"category","embeddable":true,"href":"https:\/\/nordnesrepublikken.no\/index.php\/wp-json\/wp\/v2\/categories?post=21754"},{"taxonomy":"post_tag","embeddable":true,"href":"https:\/\/nordnesrepublikken.no\/index.php\/wp-json\/wp\/v2\/tags?post=21754"}],"curies":[{"name":"wp","href":"https:\/\/api.w.org\/{rel}","templated":true}]}}