{"id":21751,"date":"2026-09-03T14:02:37","date_gmt":"2026-09-03T12:02:37","guid":{"rendered":"https:\/\/nordnesrepublikken.no\/index.php\/2026\/09\/03\/global-oppvarming-fordi-vi-risikerer-a-overstige-15c-raskere-enn-forventet-fn-rapporten\/"},"modified":"2026-09-03T14:02:42","modified_gmt":"2026-09-03T12:02:42","slug":"global-oppvarming-fordi-vi-risikerer-a-overstige-15c-raskere-enn-forventet-fn-rapporten","status":"publish","type":"post","link":"https:\/\/nordnesrepublikken.no\/index.php\/2026\/09\/03\/global-oppvarming-fordi-vi-risikerer-a-overstige-15c-raskere-enn-forventet-fn-rapporten\/","title":{"rendered":"Global oppvarming, fordi vi risikerer \u00e5 overstige 1,5\u00b0C raskere enn forventet: FN-rapporten"},"content":{"rendered":"<div>\n<div class=\"cp_wrapper cp_wrapper--fw mb-30 mb-20@tablet\">\n<figure class=\"mm\"><picture class=\"img\" style=\"padding-top:56.25%\"><source  media=\"(min-width: 1024px)\"><source  media=\"(min-width: 768px)\"><\/source><\/source><\/picture><\/figure>\n<\/p><\/div>\n<p>De siste \u00e5rene har <strong>alarmer<\/strong> av det vitenskapelige samfunnet og <strong>FN<\/strong> de ble mer og mer presserende. De klimatologiske rapportene og bevisene i feltet, fra den dramatiske smeltingen av alpine isbreer til de alvorlige lidelsene til vannveiene, bekrefter ett faktum: <b>global oppvarming<\/b> kj\u00f8rer raskere enn tidligere estimater. Terskelen til <b>1,5\u00b0C<\/b> over f\u00f8rindustrielt niv\u00e5, satt av <strong>Paris-avtaler<\/strong> som en sikkerhetsgrense for \u00e5 unng\u00e5 i <strong>poeng uten retur<\/strong> av klimaet, risikerer \u00e5 bli permanent overskredet i \u00e5rene som kommer, ogs\u00e5 takket v\u00e6re konsekvensene av det intense <strong>El Ni\u00f1o<\/strong> utviklet i Stillehavet.<\/p>\n<p>Men hva er \u00e5rsaken til denne akselerasjonen? Og fremfor alt, hva er de konkrete konsekvensene p\u00e5 v\u00e5rt territorium, med utgangspunkt i elvene som mater landbruket og byene v\u00e5re?<\/p>\n<h2>Hva betyr det \u00e5 overskride 1,5\u00b0C-grensen fastsatt i Paris<\/h2>\n<p>Terskelen p\u00e5 1,5\u00b0C <strong>det er ikke et vilk\u00e5rlig tall<\/strong>. Den representerer grenseverdien som jordens \u00f8kologiske og klimatiske systemer risikerer \u00e5 overskride den s\u00e5kalte <em><b>vippepunkter<\/b><\/em>  (points of no return), som utl\u00f8ser irreversible endringer.<\/p>\n<p>Verdens meteorologiske organisasjon (WMO) og FN fremhever at den globale gjennomsnittstemperaturen fortsetter \u00e5 sette rekord etter rekord. Den midlertidige eller definitive overskridelsen av dette m\u00e5let i de kommende \u00e5rene betyr at <strong>ekstreme v\u00e6rhendelser<\/strong>som <b>langvarige heteb\u00f8lger<\/b>den <strong>t\u00f8rke<\/strong> hei <b>stormer,<\/b> vil bli normen, med direkte innvirkning p\u00e5 vannressursene til hele nasjoner.<\/p>\n<h2>Hvorfor endrer klimaet seg raskere enn forventet?<\/h2>\n<p>For \u00e5 forst\u00e5 hastigheten p\u00e5 fenomenet er det n\u00f8dvendig \u00e5 analysere den grunnleggende forskjellen mellom klimaendringene som har skjedd i jordens historie og den n\u00e5v\u00e6rende:<\/p>\n<ul>\n<li><b>Naturlige sykluser <\/b>(<em>Milankovi\u0107 sykler<\/em>): i l\u00f8pet av <strong>geologiske epoker<\/strong>klimaet har variert p\u00e5 grunn av eksentrisiteten til jordens bane og helningen til aksen. Imidlertid oppsto disse variasjonene i <b>tidsskala p\u00e5 titalls eller hundretusener av \u00e5r<\/b>slik at \u00f8kosystemene kan tilpasse seg.<\/li>\n<li><b>Den antropiske effekten:<\/b> siden begynnelsen av den industrielle revolusjonen, forbrenningen av <b>fossilt brensel<\/b> (olje, kull og gass) har sluppet ut milliarder av tonn i atmosf\u00e6ren <strong>karbondioksid<\/strong><b> (CO2)<\/b> og metan i en hastighet som aldri er sett f\u00f8r. Den n\u00e5v\u00e6rende temperatur\u00f8kningen skjedde i <b>mindre enn to \u00e5rhundrer<\/b>et blunk fra et geologisk synspunkt.<\/li>\n<\/ul>\n<h2>Hva er &laquo;positiv tilbakemelding&raquo; og hvorfor akselererer det oppvarmingen?<\/h2>\n<p>Den antropiske opprinnelsen gj\u00f8r oppvarming til en ekstremt rask prosess som unnslipper lineariteten til tradisjonelle matematiske modeller. Dette skjer p\u00e5 grunn av mekanismene til <b>positive tilbakemeldinger (<em>tilbakemeldingssl\u00f8yfe<\/em>)<\/b>:<\/p>\n<ul>\n<li><b>Albedoeffekt og bresmelting:<\/b> is og sn\u00f8 reflekterer opptil 80 % av solstr\u00e5lingen tilbake til verdensrommet. N\u00e5r isbreer smelter, eksponerer de m\u00f8rke steiner eller sj\u00f8vann, som absorberer varme i stedet for \u00e5 reflektere den. Jo mer planeten varmes opp, jo mindre is er igjen, og jo mer akselererer prosessen.<\/li>\n<li><b>Lidelse av elver og vanntilgjengelighet:<\/b> bortfallet av bremagasiner i fjellet reduserer tilf\u00f8rselen av ferskvann til elvene i sommersesongen. Dette for\u00e5rsaker ikke bare vannkriser for landbruks- og drikkeform\u00e5l, men endrer vannveienes evne til \u00e5 termoregulere de omkringliggende territoriene.<\/li>\n<li><b>Gassutslipp fra permafrost:<\/b> Tining av evig frossen jord frigj\u00f8r enorme mengder fanget metan, en klimagass med en klimaendrende kraft som er titalls ganger st\u00f8rre enn CO2.<\/li>\n<\/ul>\n<div class=\"cp_wrapper cp_wrapper--fw mb-50\">\n<figure class=\"mm\"><picture class=\"img\" style=\"padding-top:54.294720252167%\"><source  media=\"(min-width: 1024px)\"><source  media=\"(min-width: 768px)\"><img decoding=\"async\" loading=\"lazy\" src=\"https:\/\/nordnesrepublikken.no\/wp-content\/uploads\/2026\/09\/1788436957_505_Global-oppvarming-fordi-vi-risikerer-a-overstige-15\u00b0C-raskere-enn.jpg\" alt=\"Bilde\" width=\"2538\" height=\"1378\"\/><\/source><\/source><\/picture><\/figure>\n<\/p><\/div>\n<h2>&laquo;Mediterraneanization&raquo; av alpine elver: en tjue\u00e5rig trend<\/h2>\n<p>Virkningen av menneskeskapt oppvarming er spesielt synlig p\u00e5 <b>Alpene<\/b>. Et emblematisk eksempel kommer fra den nylige etappen av Legambiente&#8217;s Glacier Caravan 2026 i bakkene av <b>Monviso<\/b>n\u00e6r Coolidge-breen, n\u00e5 redusert til en gjenv\u00e6rende opphopning av sn\u00f8 og is.<\/p>\n<p>Som forklart av prof. <b>Stefano Fenoglio<\/b>professor i zoologi ved Universitetet i Torino og blant grunnleggerne av forskningssenteret AlpStream, st\u00e5r vi overfor en virkelig prosess. <b>&laquo;Mediterraneanization&raquo; av alpine elver<\/b>.<\/p>\n<p><b>Hvorfor skjer dette?<\/b> Tidligere fungerte forekomstene av sn\u00f8 og is akkumulert om vinteren som en <b>statisk vannreserve<\/b>. Selv under t\u00f8rre somre s\u00f8rget den gradvise smeltingen i h\u00f8yden for en konstant vannf\u00f8ring i bekkene. Hva skjer<b> I dag<\/b>? Selv n\u00e5r det sn\u00f8r mye om vinteren, for\u00e5rsaker de h\u00f8ye gjennomsnittstemperaturene <strong>sn\u00f8<\/strong> det smelter <strong>ogs\u00e5<\/strong> <strong>raskt<\/strong>.<\/p>\n<p>Uten &laquo;tilf\u00f8rselen&raquo; av breene har elvene kun vann n\u00e5r det regner, og holder seg s\u00e5 t\u00f8rre eller nesten t\u00f8rre i t\u00f8rre perioder. <b>Dette er ikke en isolert hendelse:<\/b> allerede i 2017 hadde kildene til Po t\u00f8rket opp. Vi st\u00e5r ikke overfor et eneste uheldig \u00e5r, men med et <b>strukturell trend<\/b> som har p\u00e5g\u00e5tt i minst tjue \u00e5r.<\/p>\n<h2>En vitenskapelig sikkerhet: det er ikke en naturlig syklus<\/h2>\n<p>\u00c5 tilskrive str\u00f8moppvarming til en naturlig oscillasjon av jorden er vitenskapelig feil. <strong>Ingen naturlige faktorer<\/strong> (solaktivitet, vulkanutbrudd eller banesykluser) er i stand til \u00e5 forklare \u00f8kningen i temperaturer registrert de siste 150 \u00e5rene.<\/p>\n<div class=\"cp_wrapper cp_wrapper--fw mb-50\">\n<figure class=\"mm\"><picture class=\"img\" style=\"padding-top:75.557461406518%\"><source  media=\"(min-width: 1024px)\"><source  media=\"(min-width: 768px)\"><img decoding=\"async\" loading=\"lazy\" src=\"https:\/\/nordnesrepublikken.no\/wp-content\/uploads\/2026\/09\/Global-oppvarming-fordi-vi-risikerer-a-overstige-15\u00b0C-raskere-enn.jpeg\" alt=\"solar-syklus-klimaendringer-\" width=\"1166\" height=\"881\" class=\"js-seedtag-img\"\/><\/source><\/source><\/picture><\/figure>\n<\/p><\/div>\n<p>Alle data stemmer overens: den prim\u00e6re \u00e5rsaken er akkumulering av <b>menneskeskapte klimagasser<\/b>. \u00c5 forst\u00e5 den menneskelige matrisen for fenomenet er det f\u00f8rste trinnet i \u00e5 gripe inn i energiovergangen f\u00f8r punktene uten retur blir definitivt krysset.<\/p>\n<\/p><\/div>\n","protected":false},"excerpt":{"rendered":"<p>De siste \u00e5rene har alarmer av det vitenskapelige samfunnet og FN de ble mer og<\/p>\n","protected":false},"author":1,"featured_media":21752,"comment_status":"closed","ping_status":"open","sticky":false,"template":"","format":"standard","meta":{"footnotes":""},"categories":[26],"tags":[14224,380,7854,83,4077,165,10428,9876,2956,3178],"class_list":["post-21751","post","type-post","status-publish","format-standard","has-post-thumbnail","hentry","category-miljo","tag-15c","tag-enn","tag-fnrapporten","tag-fordi","tag-forventet","tag-global","tag-oppvarming","tag-overstige","tag-raskere","tag-risikerer","generate-columns","tablet-grid-50","mobile-grid-100","grid-parent","grid-33","resize-featured-image"],"yoast_head":"<!-- This site is optimized with the Yoast SEO plugin v24.4 - https:\/\/yoast.com\/wordpress\/plugins\/seo\/ -->\n<title>Global oppvarming, fordi vi risikerer \u00e5 overstige 1,5\u00b0C raskere enn forventet: FN-rapporten - Nordnesrepublikken<\/title>\n<meta name=\"robots\" content=\"index, follow, max-snippet:-1, max-image-preview:large, max-video-preview:-1\" \/>\n<link rel=\"canonical\" href=\"https:\/\/nordnesrepublikken.no\/index.php\/2026\/09\/03\/global-oppvarming-fordi-vi-risikerer-a-overstige-15c-raskere-enn-forventet-fn-rapporten\/\" \/>\n<meta property=\"og:locale\" content=\"nb_NO\" \/>\n<meta property=\"og:type\" content=\"article\" \/>\n<meta property=\"og:title\" content=\"Global oppvarming, fordi vi risikerer \u00e5 overstige 1,5\u00b0C raskere enn forventet: FN-rapporten - Nordnesrepublikken\" \/>\n<meta property=\"og:description\" content=\"De siste \u00e5rene har alarmer av det vitenskapelige samfunnet og FN de ble mer og\" \/>\n<meta property=\"og:url\" content=\"https:\/\/nordnesrepublikken.no\/index.php\/2026\/09\/03\/global-oppvarming-fordi-vi-risikerer-a-overstige-15c-raskere-enn-forventet-fn-rapporten\/\" \/>\n<meta property=\"og:site_name\" content=\"Nordnesrepublikken\" \/>\n<meta property=\"article:published_time\" content=\"2026-09-03T12:02:37+00:00\" \/>\n<meta property=\"article:modified_time\" content=\"2026-09-03T12:02:42+00:00\" \/>\n<meta property=\"og:image\" content=\"https:\/\/nordnesrepublikken.no\/wp-content\/uploads\/2026\/09\/1788436959_Global-oppvarming-fordi-vi-risikerer-a-overstige-15\u00b0C-raskere-enn.jpg\" \/>\n\t<meta property=\"og:image:width\" content=\"2119\" \/>\n\t<meta property=\"og:image:height\" content=\"1415\" \/>\n\t<meta property=\"og:image:type\" content=\"image\/jpeg\" \/>\n<meta name=\"author\" content=\"Ole Andersen\" \/>\n<meta name=\"twitter:card\" content=\"summary_large_image\" \/>\n<meta name=\"twitter:label1\" content=\"Skrevet av\" \/>\n\t<meta name=\"twitter:data1\" content=\"Ole Andersen\" \/>\n\t<meta name=\"twitter:label2\" content=\"Ansl. lesetid\" \/>\n\t<meta name=\"twitter:data2\" content=\"4 minutter\" \/>\n<script type=\"application\/ld+json\" class=\"yoast-schema-graph\">{\"@context\":\"https:\/\/schema.org\",\"@graph\":[{\"@type\":\"Article\",\"@id\":\"https:\/\/nordnesrepublikken.no\/index.php\/2026\/09\/03\/global-oppvarming-fordi-vi-risikerer-a-overstige-15c-raskere-enn-forventet-fn-rapporten\/#article\",\"isPartOf\":{\"@id\":\"https:\/\/nordnesrepublikken.no\/index.php\/2026\/09\/03\/global-oppvarming-fordi-vi-risikerer-a-overstige-15c-raskere-enn-forventet-fn-rapporten\/\"},\"author\":{\"name\":\"Ole Andersen\",\"@id\":\"https:\/\/nordnesrepublikken.no\/#\/schema\/person\/2e7e81935bab77882fffb79296240ff1\"},\"headline\":\"Global oppvarming, fordi vi risikerer \u00e5 overstige 1,5\u00b0C raskere enn forventet: FN-rapporten\",\"datePublished\":\"2026-09-03T12:02:37+00:00\",\"dateModified\":\"2026-09-03T12:02:42+00:00\",\"mainEntityOfPage\":{\"@id\":\"https:\/\/nordnesrepublikken.no\/index.php\/2026\/09\/03\/global-oppvarming-fordi-vi-risikerer-a-overstige-15c-raskere-enn-forventet-fn-rapporten\/\"},\"wordCount\":788,\"publisher\":{\"@id\":\"https:\/\/nordnesrepublikken.no\/#organization\"},\"image\":{\"@id\":\"https:\/\/nordnesrepublikken.no\/index.php\/2026\/09\/03\/global-oppvarming-fordi-vi-risikerer-a-overstige-15c-raskere-enn-forventet-fn-rapporten\/#primaryimage\"},\"thumbnailUrl\":\"https:\/\/nordnesrepublikken.no\/wp-content\/uploads\/2026\/09\/1788436959_Global-oppvarming-fordi-vi-risikerer-a-overstige-15\u00b0C-raskere-enn.jpg\",\"keywords\":[\"15C\",\"enn\",\"FNrapporten\",\"Fordi\",\"forventet\",\"global\",\"oppvarming\",\"overstige\",\"raskere\",\"risikerer\"],\"articleSection\":[\"Milj\u00f8\"],\"inLanguage\":\"nb-NO\"},{\"@type\":\"WebPage\",\"@id\":\"https:\/\/nordnesrepublikken.no\/index.php\/2026\/09\/03\/global-oppvarming-fordi-vi-risikerer-a-overstige-15c-raskere-enn-forventet-fn-rapporten\/\",\"url\":\"https:\/\/nordnesrepublikken.no\/index.php\/2026\/09\/03\/global-oppvarming-fordi-vi-risikerer-a-overstige-15c-raskere-enn-forventet-fn-rapporten\/\",\"name\":\"Global oppvarming, fordi vi risikerer \u00e5 overstige 1,5\u00b0C raskere enn forventet: FN-rapporten - Nordnesrepublikken\",\"isPartOf\":{\"@id\":\"https:\/\/nordnesrepublikken.no\/#website\"},\"primaryImageOfPage\":{\"@id\":\"https:\/\/nordnesrepublikken.no\/index.php\/2026\/09\/03\/global-oppvarming-fordi-vi-risikerer-a-overstige-15c-raskere-enn-forventet-fn-rapporten\/#primaryimage\"},\"image\":{\"@id\":\"https:\/\/nordnesrepublikken.no\/index.php\/2026\/09\/03\/global-oppvarming-fordi-vi-risikerer-a-overstige-15c-raskere-enn-forventet-fn-rapporten\/#primaryimage\"},\"thumbnailUrl\":\"https:\/\/nordnesrepublikken.no\/wp-content\/uploads\/2026\/09\/1788436959_Global-oppvarming-fordi-vi-risikerer-a-overstige-15\u00b0C-raskere-enn.jpg\",\"datePublished\":\"2026-09-03T12:02:37+00:00\",\"dateModified\":\"2026-09-03T12:02:42+00:00\",\"breadcrumb\":{\"@id\":\"https:\/\/nordnesrepublikken.no\/index.php\/2026\/09\/03\/global-oppvarming-fordi-vi-risikerer-a-overstige-15c-raskere-enn-forventet-fn-rapporten\/#breadcrumb\"},\"inLanguage\":\"nb-NO\",\"potentialAction\":[{\"@type\":\"ReadAction\",\"target\":[\"https:\/\/nordnesrepublikken.no\/index.php\/2026\/09\/03\/global-oppvarming-fordi-vi-risikerer-a-overstige-15c-raskere-enn-forventet-fn-rapporten\/\"]}]},{\"@type\":\"ImageObject\",\"inLanguage\":\"nb-NO\",\"@id\":\"https:\/\/nordnesrepublikken.no\/index.php\/2026\/09\/03\/global-oppvarming-fordi-vi-risikerer-a-overstige-15c-raskere-enn-forventet-fn-rapporten\/#primaryimage\",\"url\":\"https:\/\/nordnesrepublikken.no\/wp-content\/uploads\/2026\/09\/1788436959_Global-oppvarming-fordi-vi-risikerer-a-overstige-15\u00b0C-raskere-enn.jpg\",\"contentUrl\":\"https:\/\/nordnesrepublikken.no\/wp-content\/uploads\/2026\/09\/1788436959_Global-oppvarming-fordi-vi-risikerer-a-overstige-15\u00b0C-raskere-enn.jpg\",\"width\":2119,\"height\":1415,\"caption\":\"Global oppvarming, fordi vi risikerer \u00e5 overstige 1,5\u00b0C raskere enn forventet: FN-rapporten\"},{\"@type\":\"BreadcrumbList\",\"@id\":\"https:\/\/nordnesrepublikken.no\/index.php\/2026\/09\/03\/global-oppvarming-fordi-vi-risikerer-a-overstige-15c-raskere-enn-forventet-fn-rapporten\/#breadcrumb\",\"itemListElement\":[{\"@type\":\"ListItem\",\"position\":1,\"name\":\"Home\",\"item\":\"https:\/\/nordnesrepublikken.no\/\"},{\"@type\":\"ListItem\",\"position\":2,\"name\":\"Global oppvarming, fordi vi risikerer \u00e5 overstige 1,5\u00b0C raskere enn forventet: FN-rapporten\"}]},{\"@type\":\"WebSite\",\"@id\":\"https:\/\/nordnesrepublikken.no\/#website\",\"url\":\"https:\/\/nordnesrepublikken.no\/\",\"name\":\"Nordnesrepublikken\",\"description\":\"Stemmer og Visjoner fra Republikkens Hjerte\",\"publisher\":{\"@id\":\"https:\/\/nordnesrepublikken.no\/#organization\"},\"potentialAction\":[{\"@type\":\"SearchAction\",\"target\":{\"@type\":\"EntryPoint\",\"urlTemplate\":\"https:\/\/nordnesrepublikken.no\/?s={search_term_string}\"},\"query-input\":{\"@type\":\"PropertyValueSpecification\",\"valueRequired\":true,\"valueName\":\"search_term_string\"}}],\"inLanguage\":\"nb-NO\"},{\"@type\":\"Organization\",\"@id\":\"https:\/\/nordnesrepublikken.no\/#organization\",\"name\":\"Nordnesrepublikken\",\"url\":\"https:\/\/nordnesrepublikken.no\/\",\"logo\":{\"@type\":\"ImageObject\",\"inLanguage\":\"nb-NO\",\"@id\":\"https:\/\/nordnesrepublikken.no\/#\/schema\/logo\/image\/\",\"url\":\"https:\/\/nordnesrepublikken.no\/wp-content\/uploads\/2025\/02\/cropped-nordnesrepublikken-2.png\",\"contentUrl\":\"https:\/\/nordnesrepublikken.no\/wp-content\/uploads\/2025\/02\/cropped-nordnesrepublikken-2.png\",\"width\":1248,\"height\":362,\"caption\":\"Nordnesrepublikken\"},\"image\":{\"@id\":\"https:\/\/nordnesrepublikken.no\/#\/schema\/logo\/image\/\"}},{\"@type\":\"Person\",\"@id\":\"https:\/\/nordnesrepublikken.no\/#\/schema\/person\/2e7e81935bab77882fffb79296240ff1\",\"name\":\"Ole Andersen\",\"image\":{\"@type\":\"ImageObject\",\"inLanguage\":\"nb-NO\",\"@id\":\"https:\/\/nordnesrepublikken.no\/#\/schema\/person\/image\/\",\"url\":\"https:\/\/nordnesrepublikken.no\/wp-content\/uploads\/2025\/02\/nordnesrepublikken-2-2-150x150.jpg\",\"contentUrl\":\"https:\/\/nordnesrepublikken.no\/wp-content\/uploads\/2025\/02\/nordnesrepublikken-2-2-150x150.jpg\",\"caption\":\"Ole Andersen\"},\"description\":\"Ettersom jeg vokste opp i Oslo, har jeg alltid v\u00e6rt fascinert av ordenes kraft og deres evne til \u00e5 skape endringer. Etter \u00e5 ha fullf\u00f8rt min utdannelse i kommunikasjon ved Universitetet i Bergen, fikk jeg muligheten til \u00e5 jobbe innen ulike medier, der jeg har s\u00f8kt \u00e5 belyse viktige samfunnssp\u00f8rsm\u00e5l. I dag, som redakt\u00f8r for Nordnesrepublikken, pr\u00f8ver jeg \u00e5 forene min kj\u00e6rlighet for journalistikk med min lidenskap for innovasjon og eventyr.\",\"sameAs\":[\"https:\/\/nordnesrepublikken.no\/\"]}]}<\/script>\n<!-- \/ Yoast SEO plugin. -->","yoast_head_json":{"title":"Global oppvarming, fordi vi risikerer \u00e5 overstige 1,5\u00b0C raskere enn forventet: FN-rapporten - Nordnesrepublikken","robots":{"index":"index","follow":"follow","max-snippet":"max-snippet:-1","max-image-preview":"max-image-preview:large","max-video-preview":"max-video-preview:-1"},"canonical":"https:\/\/nordnesrepublikken.no\/index.php\/2026\/09\/03\/global-oppvarming-fordi-vi-risikerer-a-overstige-15c-raskere-enn-forventet-fn-rapporten\/","og_locale":"nb_NO","og_type":"article","og_title":"Global oppvarming, fordi vi risikerer \u00e5 overstige 1,5\u00b0C raskere enn forventet: FN-rapporten - Nordnesrepublikken","og_description":"De siste \u00e5rene har alarmer av det vitenskapelige samfunnet og FN de ble mer og","og_url":"https:\/\/nordnesrepublikken.no\/index.php\/2026\/09\/03\/global-oppvarming-fordi-vi-risikerer-a-overstige-15c-raskere-enn-forventet-fn-rapporten\/","og_site_name":"Nordnesrepublikken","article_published_time":"2026-09-03T12:02:37+00:00","article_modified_time":"2026-09-03T12:02:42+00:00","og_image":[{"width":2119,"height":1415,"url":"https:\/\/nordnesrepublikken.no\/wp-content\/uploads\/2026\/09\/1788436959_Global-oppvarming-fordi-vi-risikerer-a-overstige-15\u00b0C-raskere-enn.jpg","type":"image\/jpeg"}],"author":"Ole Andersen","twitter_card":"summary_large_image","twitter_misc":{"Skrevet av":"Ole Andersen","Ansl. lesetid":"4 minutter"},"schema":{"@context":"https:\/\/schema.org","@graph":[{"@type":"Article","@id":"https:\/\/nordnesrepublikken.no\/index.php\/2026\/09\/03\/global-oppvarming-fordi-vi-risikerer-a-overstige-15c-raskere-enn-forventet-fn-rapporten\/#article","isPartOf":{"@id":"https:\/\/nordnesrepublikken.no\/index.php\/2026\/09\/03\/global-oppvarming-fordi-vi-risikerer-a-overstige-15c-raskere-enn-forventet-fn-rapporten\/"},"author":{"name":"Ole Andersen","@id":"https:\/\/nordnesrepublikken.no\/#\/schema\/person\/2e7e81935bab77882fffb79296240ff1"},"headline":"Global oppvarming, fordi vi risikerer \u00e5 overstige 1,5\u00b0C raskere enn forventet: FN-rapporten","datePublished":"2026-09-03T12:02:37+00:00","dateModified":"2026-09-03T12:02:42+00:00","mainEntityOfPage":{"@id":"https:\/\/nordnesrepublikken.no\/index.php\/2026\/09\/03\/global-oppvarming-fordi-vi-risikerer-a-overstige-15c-raskere-enn-forventet-fn-rapporten\/"},"wordCount":788,"publisher":{"@id":"https:\/\/nordnesrepublikken.no\/#organization"},"image":{"@id":"https:\/\/nordnesrepublikken.no\/index.php\/2026\/09\/03\/global-oppvarming-fordi-vi-risikerer-a-overstige-15c-raskere-enn-forventet-fn-rapporten\/#primaryimage"},"thumbnailUrl":"https:\/\/nordnesrepublikken.no\/wp-content\/uploads\/2026\/09\/1788436959_Global-oppvarming-fordi-vi-risikerer-a-overstige-15\u00b0C-raskere-enn.jpg","keywords":["15C","enn","FNrapporten","Fordi","forventet","global","oppvarming","overstige","raskere","risikerer"],"articleSection":["Milj\u00f8"],"inLanguage":"nb-NO"},{"@type":"WebPage","@id":"https:\/\/nordnesrepublikken.no\/index.php\/2026\/09\/03\/global-oppvarming-fordi-vi-risikerer-a-overstige-15c-raskere-enn-forventet-fn-rapporten\/","url":"https:\/\/nordnesrepublikken.no\/index.php\/2026\/09\/03\/global-oppvarming-fordi-vi-risikerer-a-overstige-15c-raskere-enn-forventet-fn-rapporten\/","name":"Global oppvarming, fordi vi risikerer \u00e5 overstige 1,5\u00b0C raskere enn forventet: FN-rapporten - Nordnesrepublikken","isPartOf":{"@id":"https:\/\/nordnesrepublikken.no\/#website"},"primaryImageOfPage":{"@id":"https:\/\/nordnesrepublikken.no\/index.php\/2026\/09\/03\/global-oppvarming-fordi-vi-risikerer-a-overstige-15c-raskere-enn-forventet-fn-rapporten\/#primaryimage"},"image":{"@id":"https:\/\/nordnesrepublikken.no\/index.php\/2026\/09\/03\/global-oppvarming-fordi-vi-risikerer-a-overstige-15c-raskere-enn-forventet-fn-rapporten\/#primaryimage"},"thumbnailUrl":"https:\/\/nordnesrepublikken.no\/wp-content\/uploads\/2026\/09\/1788436959_Global-oppvarming-fordi-vi-risikerer-a-overstige-15\u00b0C-raskere-enn.jpg","datePublished":"2026-09-03T12:02:37+00:00","dateModified":"2026-09-03T12:02:42+00:00","breadcrumb":{"@id":"https:\/\/nordnesrepublikken.no\/index.php\/2026\/09\/03\/global-oppvarming-fordi-vi-risikerer-a-overstige-15c-raskere-enn-forventet-fn-rapporten\/#breadcrumb"},"inLanguage":"nb-NO","potentialAction":[{"@type":"ReadAction","target":["https:\/\/nordnesrepublikken.no\/index.php\/2026\/09\/03\/global-oppvarming-fordi-vi-risikerer-a-overstige-15c-raskere-enn-forventet-fn-rapporten\/"]}]},{"@type":"ImageObject","inLanguage":"nb-NO","@id":"https:\/\/nordnesrepublikken.no\/index.php\/2026\/09\/03\/global-oppvarming-fordi-vi-risikerer-a-overstige-15c-raskere-enn-forventet-fn-rapporten\/#primaryimage","url":"https:\/\/nordnesrepublikken.no\/wp-content\/uploads\/2026\/09\/1788436959_Global-oppvarming-fordi-vi-risikerer-a-overstige-15\u00b0C-raskere-enn.jpg","contentUrl":"https:\/\/nordnesrepublikken.no\/wp-content\/uploads\/2026\/09\/1788436959_Global-oppvarming-fordi-vi-risikerer-a-overstige-15\u00b0C-raskere-enn.jpg","width":2119,"height":1415,"caption":"Global oppvarming, fordi vi risikerer \u00e5 overstige 1,5\u00b0C raskere enn forventet: FN-rapporten"},{"@type":"BreadcrumbList","@id":"https:\/\/nordnesrepublikken.no\/index.php\/2026\/09\/03\/global-oppvarming-fordi-vi-risikerer-a-overstige-15c-raskere-enn-forventet-fn-rapporten\/#breadcrumb","itemListElement":[{"@type":"ListItem","position":1,"name":"Home","item":"https:\/\/nordnesrepublikken.no\/"},{"@type":"ListItem","position":2,"name":"Global oppvarming, fordi vi risikerer \u00e5 overstige 1,5\u00b0C raskere enn forventet: FN-rapporten"}]},{"@type":"WebSite","@id":"https:\/\/nordnesrepublikken.no\/#website","url":"https:\/\/nordnesrepublikken.no\/","name":"Nordnesrepublikken","description":"Stemmer og Visjoner fra Republikkens Hjerte","publisher":{"@id":"https:\/\/nordnesrepublikken.no\/#organization"},"potentialAction":[{"@type":"SearchAction","target":{"@type":"EntryPoint","urlTemplate":"https:\/\/nordnesrepublikken.no\/?s={search_term_string}"},"query-input":{"@type":"PropertyValueSpecification","valueRequired":true,"valueName":"search_term_string"}}],"inLanguage":"nb-NO"},{"@type":"Organization","@id":"https:\/\/nordnesrepublikken.no\/#organization","name":"Nordnesrepublikken","url":"https:\/\/nordnesrepublikken.no\/","logo":{"@type":"ImageObject","inLanguage":"nb-NO","@id":"https:\/\/nordnesrepublikken.no\/#\/schema\/logo\/image\/","url":"https:\/\/nordnesrepublikken.no\/wp-content\/uploads\/2025\/02\/cropped-nordnesrepublikken-2.png","contentUrl":"https:\/\/nordnesrepublikken.no\/wp-content\/uploads\/2025\/02\/cropped-nordnesrepublikken-2.png","width":1248,"height":362,"caption":"Nordnesrepublikken"},"image":{"@id":"https:\/\/nordnesrepublikken.no\/#\/schema\/logo\/image\/"}},{"@type":"Person","@id":"https:\/\/nordnesrepublikken.no\/#\/schema\/person\/2e7e81935bab77882fffb79296240ff1","name":"Ole Andersen","image":{"@type":"ImageObject","inLanguage":"nb-NO","@id":"https:\/\/nordnesrepublikken.no\/#\/schema\/person\/image\/","url":"https:\/\/nordnesrepublikken.no\/wp-content\/uploads\/2025\/02\/nordnesrepublikken-2-2-150x150.jpg","contentUrl":"https:\/\/nordnesrepublikken.no\/wp-content\/uploads\/2025\/02\/nordnesrepublikken-2-2-150x150.jpg","caption":"Ole Andersen"},"description":"Ettersom jeg vokste opp i Oslo, har jeg alltid v\u00e6rt fascinert av ordenes kraft og deres evne til \u00e5 skape endringer. Etter \u00e5 ha fullf\u00f8rt min utdannelse i kommunikasjon ved Universitetet i Bergen, fikk jeg muligheten til \u00e5 jobbe innen ulike medier, der jeg har s\u00f8kt \u00e5 belyse viktige samfunnssp\u00f8rsm\u00e5l. I dag, som redakt\u00f8r for Nordnesrepublikken, pr\u00f8ver jeg \u00e5 forene min kj\u00e6rlighet for journalistikk med min lidenskap for innovasjon og eventyr.","sameAs":["https:\/\/nordnesrepublikken.no\/"]}]}},"_links":{"self":[{"href":"https:\/\/nordnesrepublikken.no\/index.php\/wp-json\/wp\/v2\/posts\/21751","targetHints":{"allow":["GET"]}}],"collection":[{"href":"https:\/\/nordnesrepublikken.no\/index.php\/wp-json\/wp\/v2\/posts"}],"about":[{"href":"https:\/\/nordnesrepublikken.no\/index.php\/wp-json\/wp\/v2\/types\/post"}],"author":[{"embeddable":true,"href":"https:\/\/nordnesrepublikken.no\/index.php\/wp-json\/wp\/v2\/users\/1"}],"replies":[{"embeddable":true,"href":"https:\/\/nordnesrepublikken.no\/index.php\/wp-json\/wp\/v2\/comments?post=21751"}],"version-history":[{"count":1,"href":"https:\/\/nordnesrepublikken.no\/index.php\/wp-json\/wp\/v2\/posts\/21751\/revisions"}],"predecessor-version":[{"id":21753,"href":"https:\/\/nordnesrepublikken.no\/index.php\/wp-json\/wp\/v2\/posts\/21751\/revisions\/21753"}],"wp:featuredmedia":[{"embeddable":true,"href":"https:\/\/nordnesrepublikken.no\/index.php\/wp-json\/wp\/v2\/media\/21752"}],"wp:attachment":[{"href":"https:\/\/nordnesrepublikken.no\/index.php\/wp-json\/wp\/v2\/media?parent=21751"}],"wp:term":[{"taxonomy":"category","embeddable":true,"href":"https:\/\/nordnesrepublikken.no\/index.php\/wp-json\/wp\/v2\/categories?post=21751"},{"taxonomy":"post_tag","embeddable":true,"href":"https:\/\/nordnesrepublikken.no\/index.php\/wp-json\/wp\/v2\/tags?post=21751"}],"curies":[{"name":"wp","href":"https:\/\/api.w.org\/{rel}","templated":true}]}}