{"id":21745,"date":"2026-09-03T11:02:37","date_gmt":"2026-09-03T09:02:37","guid":{"rendered":"https:\/\/nordnesrepublikken.no\/index.php\/2026\/09\/03\/whatsapp-vil-ikke-lenger-vaere-tilgjengelig-pa-noen-eldre-android-smarttelefoner-fra-8-september-hva-du-skal-gjore\/"},"modified":"2026-09-03T11:02:40","modified_gmt":"2026-09-03T09:02:40","slug":"whatsapp-vil-ikke-lenger-vaere-tilgjengelig-pa-noen-eldre-android-smarttelefoner-fra-8-september-hva-du-skal-gjore","status":"publish","type":"post","link":"https:\/\/nordnesrepublikken.no\/index.php\/2026\/09\/03\/whatsapp-vil-ikke-lenger-vaere-tilgjengelig-pa-noen-eldre-android-smarttelefoner-fra-8-september-hva-du-skal-gjore\/","title":{"rendered":"WhatsApp vil ikke lenger v\u00e6re tilgjengelig p\u00e5 noen eldre Android-smarttelefoner fra 8. september: hva du skal gj\u00f8re"},"content":{"rendered":"<div>\n<div class=\"cp_wrapper cp_wrapper--fw mb-30 mb-20@tablet\">\n<figure class=\"mm\"><picture class=\"img\" style=\"padding-top:56.25%\"><source  media=\"(min-width: 1024px)\"><source  media=\"(min-width: 768px)\"><\/source><\/source><\/picture><\/figure>\n<\/p><\/div>\n<p><strong>WhatsApp slutter \u00e5 fungere<\/strong> p\u00e5 noen eldre smarttelefoner <strong>Android<\/strong> starter fra<strong>8. september 2026<\/strong>. Nyhetene gjelder spesielt bl <strong>enheter som kj\u00f8rer Android 5.0 eller 5.1<\/strong>to versjoner av operativsystemet n\u00e5 <strong>for datert<\/strong> for \u00e5 oppfylle minimumskravene som meldingsappen krever for \u00e5 v\u00e6re installert og brukt. Hvis du har en smarttelefon som fortsatt kj\u00f8rer med disse gamle versjonene av \u00abden gr\u00f8nne roboten\u00bb om bord, har du liten tid igjen til \u00e5 sjekke hvilken versjon av Android som er installert og sikre chattene dine.<\/p>\n<p>Modellene som er involvert er imidlertid de eldre, som Galaxy Ace 4, LG-enhetene i Optimus-linjen og de gamle Sony Xperia-modellene. Endringen p\u00e5virker begge <strong>WhatsApp Messenger og WhatsApp Business<\/strong>. De to applikasjonene deler faktisk samme kildekode, og f\u00f8lgelig p\u00e5virker det nye minimumskravet begge.<\/p>\n<p>Hvis du er Apple-bruker, p\u00e5virker ikke nyheten deg det minste, i hvert fall ikke for \u00f8yeblikket. WhatsApp vil fortsette \u00e5 st\u00f8tte iPhones med iOS 15.1 eller nyere og iPads med iPadOS 15.1 eller nyere frem til <strong>30. november 2026<\/strong>. Etter den datoen vil iPhone og iPad ogs\u00e5 m\u00e5tte oppdateres til litt nyere versjoner av programvaren, for \u00e5 v\u00e6re presis <strong>iOS 15.5<\/strong> Og <strong>iPadOS 15.5<\/strong>.<\/p>\n<h2>Hvorfor WhatsApp avslutter st\u00f8tten p\u00e5 eldre versjoner av Android<\/h2>\n<p>N\u00e5r WhatsApp bestemmer seg for \u00e5 kutte b\u00e5nd med en versjon av Android (eller til og med iOS), er sp\u00f8rsm\u00e5let mange stiller hvorfor gj\u00f8re noe slikt. Svaret ligger i det faktum at meldingsplattformen utviklet av Meta m\u00e5<strong> opprettholde en viss balanse<\/strong> mellom utgivelsen av nye funksjoner og <strong>tekniske egenskaper til de mange st\u00f8ttede enhetene<\/strong>. Hver gang WhatsApp utvikler en ny funksjon, m\u00e5 apputviklingsteamet s\u00f8rge for at den ogs\u00e5 kan fungere p\u00e5 eldre versjoner av Android. Og, du forst\u00e5r godt, at jo eldre et operativsystem er, jo st\u00f8rre er risikoen for at enkelte teknologier og funksjoner blir problematiske, for \u00e5 si det s\u00e5nn. Fortsetter \u00e5 garantere st\u00f8tte for sv\u00e6rt gamle enheter kan derfor <strong>gj\u00f8re applikasjonsutvikling vanskeligere og dyrere<\/strong>.<\/p>\n<p>For \u00f8yeblikket krever WhatsApp for Android et minimumskrav <strong>Android 5.0<\/strong>. Med oppdateringen planlagt til 8. september vil imidlertid minimumskravet v\u00e6re Android 6.0 og dette betyr at alle tidligere versjoner av operativsystemet ikke lenger vil bli st\u00f8ttet. Enkelt sagt, hvis smarttelefonen din fungerer med Android 5.0 eller Android 5.1, vil du fra 8. september og utover ikke lenger kunne bruke WhatsApp p\u00e5 den enheten.<\/p>\n<p>Appen informerer allerede ber\u00f8rte brukere gjennom et varsel som vises direkte i den. Ogs\u00e5 p\u00e5 denne st\u00f8ttesiden p\u00e5 WhatsApp-nettstedet kunngj\u00f8r den det samme, som du kan forst\u00e5 fra f\u00f8lgende skjermbilde.<\/p>\n<div class=\"cp_wrapper cp_wrapper--fw mb-50\">\n<figure class=\"mm\"><picture class=\"img\" style=\"padding-top:37.333333333333%\"><source  media=\"(min-width: 1024px)\"><source  media=\"(min-width: 768px)\"><img decoding=\"async\" loading=\"lazy\" src=\"https:\/\/nordnesrepublikken.no\/wp-content\/uploads\/2026\/09\/1788426157_365_WhatsApp-vil-ikke-lenger-vaere-tilgjengelig-pa-noen-eldre-Android-smarttelefoner.jpg\" alt=\"Bilde\" width=\"1200\" height=\"448\"\/><\/source><\/source><\/picture><\/figure>\n<\/p><\/div>\n<h2>Hva du skal gj\u00f8re for \u00e5 lagre chattene dine f\u00f8r 8. september<\/h2>\n<p>Hvis du har en gammel telefon med <strong>Android 5.0 eller 5.1<\/strong>f\u00f8r 8. september b\u00f8r du bekymre deg <strong>sikre chattene dine<\/strong>. Du kan gj\u00f8re dette ved f\u00f8rst \u00e5 ta en sikkerhetskopi av samtalehistorikken din direkte fra WhatsApp-innstillingene.<\/p>\n<p>For \u00e5 fortsette \u00e5 bruke WhatsApp etter slutten av st\u00f8tten m\u00e5 du oppdatere operativsystemet, hvis enheten din tillater det, eller bytte til en kompatibel smarttelefon med en nyere versjon av Android. For \u00e5 sjekke <strong>operativsystemversjon<\/strong> bare logg inn p\u00e5 <strong>innstillinger<\/strong> p\u00e5 telefonen og velg alternativet &laquo;<strong>Info p\u00e5 telefonen<\/strong>&laquo;.<\/p>\n<p>Den andre muligheten blir n\u00f8dvendig n\u00e5r produsenten ikke gj\u00f8r oppdateringer tilgjengelig for modellen din. Og \u00e5 gj\u00f8re det, for \u00e5 v\u00e6re \u00e6rlig, tjener ikke bare til \u00e5 tilfredsstille minimumskravet for \u00e5 bruke WhatsApp, men \u00f8ker ogs\u00e5 IT-sikkerheten din, gitt at gamle versjoner av et operativsystem kan v\u00e6re mer s\u00e5rbare for cyberangrep.<\/p>\n<\/p><\/div>\n","protected":false},"excerpt":{"rendered":"<p>WhatsApp slutter \u00e5 fungere p\u00e5 noen eldre smarttelefoner Android starter fra8. september 2026. Nyhetene gjelder<\/p>\n","protected":false},"author":1,"featured_media":21746,"comment_status":"closed","ping_status":"open","sticky":false,"template":"","format":"standard","meta":{"footnotes":""},"categories":[25],"tags":[12273,3857,125,713,144,187,1909,676,81,4418,741,1836,290,149,899],"class_list":["post-21745","post","type-post","status-publish","format-standard","has-post-thumbnail","hentry","category-teknologi","tag-androidsmarttelefoner","tag-eldre","tag-fra","tag-gjore","tag-hva","tag-ikke","tag-lenger","tag-noen","tag-pa","tag-september","tag-skal","tag-tilgjengelig","tag-vaere","tag-vil","tag-whatsapp","generate-columns","tablet-grid-50","mobile-grid-100","grid-parent","grid-33","resize-featured-image"],"yoast_head":"<!-- This site is optimized with the Yoast SEO plugin v24.4 - https:\/\/yoast.com\/wordpress\/plugins\/seo\/ -->\n<title>WhatsApp vil ikke lenger v\u00e6re tilgjengelig p\u00e5 noen eldre Android-smarttelefoner fra 8. september: hva du skal gj\u00f8re - Nordnesrepublikken<\/title>\n<meta name=\"robots\" content=\"index, follow, max-snippet:-1, max-image-preview:large, max-video-preview:-1\" \/>\n<link rel=\"canonical\" href=\"https:\/\/nordnesrepublikken.no\/index.php\/2026\/09\/03\/whatsapp-vil-ikke-lenger-vaere-tilgjengelig-pa-noen-eldre-android-smarttelefoner-fra-8-september-hva-du-skal-gjore\/\" \/>\n<meta property=\"og:locale\" content=\"nb_NO\" \/>\n<meta property=\"og:type\" content=\"article\" \/>\n<meta property=\"og:title\" content=\"WhatsApp vil ikke lenger v\u00e6re tilgjengelig p\u00e5 noen eldre Android-smarttelefoner fra 8. september: hva du skal gj\u00f8re - Nordnesrepublikken\" \/>\n<meta property=\"og:description\" content=\"WhatsApp slutter \u00e5 fungere p\u00e5 noen eldre smarttelefoner Android starter fra8. september 2026. Nyhetene gjelder\" \/>\n<meta property=\"og:url\" content=\"https:\/\/nordnesrepublikken.no\/index.php\/2026\/09\/03\/whatsapp-vil-ikke-lenger-vaere-tilgjengelig-pa-noen-eldre-android-smarttelefoner-fra-8-september-hva-du-skal-gjore\/\" \/>\n<meta property=\"og:site_name\" content=\"Nordnesrepublikken\" \/>\n<meta property=\"article:published_time\" content=\"2026-09-03T09:02:37+00:00\" \/>\n<meta property=\"article:modified_time\" content=\"2026-09-03T09:02:40+00:00\" \/>\n<meta property=\"og:image\" content=\"https:\/\/nordnesrepublikken.no\/wp-content\/uploads\/2026\/09\/1788426159_WhatsApp-vil-ikke-lenger-vaere-tilgjengelig-pa-noen-eldre-Android-smarttelefoner.jpg\" \/>\n\t<meta property=\"og:image:width\" content=\"1200\" \/>\n\t<meta property=\"og:image:height\" content=\"600\" \/>\n\t<meta property=\"og:image:type\" content=\"image\/jpeg\" \/>\n<meta name=\"author\" content=\"Ole Andersen\" \/>\n<meta name=\"twitter:card\" content=\"summary_large_image\" \/>\n<meta name=\"twitter:label1\" content=\"Skrevet av\" \/>\n\t<meta name=\"twitter:data1\" content=\"Ole Andersen\" \/>\n\t<meta name=\"twitter:label2\" content=\"Ansl. lesetid\" \/>\n\t<meta name=\"twitter:data2\" content=\"3 minutter\" \/>\n<script type=\"application\/ld+json\" class=\"yoast-schema-graph\">{\"@context\":\"https:\/\/schema.org\",\"@graph\":[{\"@type\":\"Article\",\"@id\":\"https:\/\/nordnesrepublikken.no\/index.php\/2026\/09\/03\/whatsapp-vil-ikke-lenger-vaere-tilgjengelig-pa-noen-eldre-android-smarttelefoner-fra-8-september-hva-du-skal-gjore\/#article\",\"isPartOf\":{\"@id\":\"https:\/\/nordnesrepublikken.no\/index.php\/2026\/09\/03\/whatsapp-vil-ikke-lenger-vaere-tilgjengelig-pa-noen-eldre-android-smarttelefoner-fra-8-september-hva-du-skal-gjore\/\"},\"author\":{\"name\":\"Ole Andersen\",\"@id\":\"https:\/\/nordnesrepublikken.no\/#\/schema\/person\/2e7e81935bab77882fffb79296240ff1\"},\"headline\":\"WhatsApp vil ikke lenger v\u00e6re tilgjengelig p\u00e5 noen eldre Android-smarttelefoner fra 8. september: hva du skal gj\u00f8re\",\"datePublished\":\"2026-09-03T09:02:37+00:00\",\"dateModified\":\"2026-09-03T09:02:40+00:00\",\"mainEntityOfPage\":{\"@id\":\"https:\/\/nordnesrepublikken.no\/index.php\/2026\/09\/03\/whatsapp-vil-ikke-lenger-vaere-tilgjengelig-pa-noen-eldre-android-smarttelefoner-fra-8-september-hva-du-skal-gjore\/\"},\"wordCount\":579,\"publisher\":{\"@id\":\"https:\/\/nordnesrepublikken.no\/#organization\"},\"image\":{\"@id\":\"https:\/\/nordnesrepublikken.no\/index.php\/2026\/09\/03\/whatsapp-vil-ikke-lenger-vaere-tilgjengelig-pa-noen-eldre-android-smarttelefoner-fra-8-september-hva-du-skal-gjore\/#primaryimage\"},\"thumbnailUrl\":\"https:\/\/nordnesrepublikken.no\/wp-content\/uploads\/2026\/09\/1788426159_WhatsApp-vil-ikke-lenger-vaere-tilgjengelig-pa-noen-eldre-Android-smarttelefoner.jpg\",\"keywords\":[\"Androidsmarttelefoner\",\"eldre\",\"fra\",\"gj\u00f8re\",\"Hva\",\"ikke\",\"lenger\",\"noen\",\"p\u00e5\",\"september\",\"skal\",\"tilgjengelig\",\"v\u00e6re\",\"vil\",\"WhatsApp\"],\"articleSection\":[\"Teknologi\"],\"inLanguage\":\"nb-NO\"},{\"@type\":\"WebPage\",\"@id\":\"https:\/\/nordnesrepublikken.no\/index.php\/2026\/09\/03\/whatsapp-vil-ikke-lenger-vaere-tilgjengelig-pa-noen-eldre-android-smarttelefoner-fra-8-september-hva-du-skal-gjore\/\",\"url\":\"https:\/\/nordnesrepublikken.no\/index.php\/2026\/09\/03\/whatsapp-vil-ikke-lenger-vaere-tilgjengelig-pa-noen-eldre-android-smarttelefoner-fra-8-september-hva-du-skal-gjore\/\",\"name\":\"WhatsApp vil ikke lenger v\u00e6re tilgjengelig p\u00e5 noen eldre Android-smarttelefoner fra 8. september: hva du skal gj\u00f8re - Nordnesrepublikken\",\"isPartOf\":{\"@id\":\"https:\/\/nordnesrepublikken.no\/#website\"},\"primaryImageOfPage\":{\"@id\":\"https:\/\/nordnesrepublikken.no\/index.php\/2026\/09\/03\/whatsapp-vil-ikke-lenger-vaere-tilgjengelig-pa-noen-eldre-android-smarttelefoner-fra-8-september-hva-du-skal-gjore\/#primaryimage\"},\"image\":{\"@id\":\"https:\/\/nordnesrepublikken.no\/index.php\/2026\/09\/03\/whatsapp-vil-ikke-lenger-vaere-tilgjengelig-pa-noen-eldre-android-smarttelefoner-fra-8-september-hva-du-skal-gjore\/#primaryimage\"},\"thumbnailUrl\":\"https:\/\/nordnesrepublikken.no\/wp-content\/uploads\/2026\/09\/1788426159_WhatsApp-vil-ikke-lenger-vaere-tilgjengelig-pa-noen-eldre-Android-smarttelefoner.jpg\",\"datePublished\":\"2026-09-03T09:02:37+00:00\",\"dateModified\":\"2026-09-03T09:02:40+00:00\",\"breadcrumb\":{\"@id\":\"https:\/\/nordnesrepublikken.no\/index.php\/2026\/09\/03\/whatsapp-vil-ikke-lenger-vaere-tilgjengelig-pa-noen-eldre-android-smarttelefoner-fra-8-september-hva-du-skal-gjore\/#breadcrumb\"},\"inLanguage\":\"nb-NO\",\"potentialAction\":[{\"@type\":\"ReadAction\",\"target\":[\"https:\/\/nordnesrepublikken.no\/index.php\/2026\/09\/03\/whatsapp-vil-ikke-lenger-vaere-tilgjengelig-pa-noen-eldre-android-smarttelefoner-fra-8-september-hva-du-skal-gjore\/\"]}]},{\"@type\":\"ImageObject\",\"inLanguage\":\"nb-NO\",\"@id\":\"https:\/\/nordnesrepublikken.no\/index.php\/2026\/09\/03\/whatsapp-vil-ikke-lenger-vaere-tilgjengelig-pa-noen-eldre-android-smarttelefoner-fra-8-september-hva-du-skal-gjore\/#primaryimage\",\"url\":\"https:\/\/nordnesrepublikken.no\/wp-content\/uploads\/2026\/09\/1788426159_WhatsApp-vil-ikke-lenger-vaere-tilgjengelig-pa-noen-eldre-Android-smarttelefoner.jpg\",\"contentUrl\":\"https:\/\/nordnesrepublikken.no\/wp-content\/uploads\/2026\/09\/1788426159_WhatsApp-vil-ikke-lenger-vaere-tilgjengelig-pa-noen-eldre-Android-smarttelefoner.jpg\",\"width\":1200,\"height\":600,\"caption\":\"WhatsApp vil ikke lenger v\u00e6re tilgjengelig p\u00e5 noen eldre Android-smarttelefoner fra 8. september: hva du skal gj\u00f8re\"},{\"@type\":\"BreadcrumbList\",\"@id\":\"https:\/\/nordnesrepublikken.no\/index.php\/2026\/09\/03\/whatsapp-vil-ikke-lenger-vaere-tilgjengelig-pa-noen-eldre-android-smarttelefoner-fra-8-september-hva-du-skal-gjore\/#breadcrumb\",\"itemListElement\":[{\"@type\":\"ListItem\",\"position\":1,\"name\":\"Home\",\"item\":\"https:\/\/nordnesrepublikken.no\/\"},{\"@type\":\"ListItem\",\"position\":2,\"name\":\"WhatsApp vil ikke lenger v\u00e6re tilgjengelig p\u00e5 noen eldre Android-smarttelefoner fra 8. september: hva du skal gj\u00f8re\"}]},{\"@type\":\"WebSite\",\"@id\":\"https:\/\/nordnesrepublikken.no\/#website\",\"url\":\"https:\/\/nordnesrepublikken.no\/\",\"name\":\"Nordnesrepublikken\",\"description\":\"Stemmer og Visjoner fra Republikkens Hjerte\",\"publisher\":{\"@id\":\"https:\/\/nordnesrepublikken.no\/#organization\"},\"potentialAction\":[{\"@type\":\"SearchAction\",\"target\":{\"@type\":\"EntryPoint\",\"urlTemplate\":\"https:\/\/nordnesrepublikken.no\/?s={search_term_string}\"},\"query-input\":{\"@type\":\"PropertyValueSpecification\",\"valueRequired\":true,\"valueName\":\"search_term_string\"}}],\"inLanguage\":\"nb-NO\"},{\"@type\":\"Organization\",\"@id\":\"https:\/\/nordnesrepublikken.no\/#organization\",\"name\":\"Nordnesrepublikken\",\"url\":\"https:\/\/nordnesrepublikken.no\/\",\"logo\":{\"@type\":\"ImageObject\",\"inLanguage\":\"nb-NO\",\"@id\":\"https:\/\/nordnesrepublikken.no\/#\/schema\/logo\/image\/\",\"url\":\"https:\/\/nordnesrepublikken.no\/wp-content\/uploads\/2025\/02\/cropped-nordnesrepublikken-2.png\",\"contentUrl\":\"https:\/\/nordnesrepublikken.no\/wp-content\/uploads\/2025\/02\/cropped-nordnesrepublikken-2.png\",\"width\":1248,\"height\":362,\"caption\":\"Nordnesrepublikken\"},\"image\":{\"@id\":\"https:\/\/nordnesrepublikken.no\/#\/schema\/logo\/image\/\"}},{\"@type\":\"Person\",\"@id\":\"https:\/\/nordnesrepublikken.no\/#\/schema\/person\/2e7e81935bab77882fffb79296240ff1\",\"name\":\"Ole Andersen\",\"image\":{\"@type\":\"ImageObject\",\"inLanguage\":\"nb-NO\",\"@id\":\"https:\/\/nordnesrepublikken.no\/#\/schema\/person\/image\/\",\"url\":\"https:\/\/nordnesrepublikken.no\/wp-content\/uploads\/2025\/02\/nordnesrepublikken-2-2-150x150.jpg\",\"contentUrl\":\"https:\/\/nordnesrepublikken.no\/wp-content\/uploads\/2025\/02\/nordnesrepublikken-2-2-150x150.jpg\",\"caption\":\"Ole Andersen\"},\"description\":\"Ettersom jeg vokste opp i Oslo, har jeg alltid v\u00e6rt fascinert av ordenes kraft og deres evne til \u00e5 skape endringer. Etter \u00e5 ha fullf\u00f8rt min utdannelse i kommunikasjon ved Universitetet i Bergen, fikk jeg muligheten til \u00e5 jobbe innen ulike medier, der jeg har s\u00f8kt \u00e5 belyse viktige samfunnssp\u00f8rsm\u00e5l. I dag, som redakt\u00f8r for Nordnesrepublikken, pr\u00f8ver jeg \u00e5 forene min kj\u00e6rlighet for journalistikk med min lidenskap for innovasjon og eventyr.\",\"sameAs\":[\"https:\/\/nordnesrepublikken.no\/\"]}]}<\/script>\n<!-- \/ Yoast SEO plugin. -->","yoast_head_json":{"title":"WhatsApp vil ikke lenger v\u00e6re tilgjengelig p\u00e5 noen eldre Android-smarttelefoner fra 8. september: hva du skal gj\u00f8re - Nordnesrepublikken","robots":{"index":"index","follow":"follow","max-snippet":"max-snippet:-1","max-image-preview":"max-image-preview:large","max-video-preview":"max-video-preview:-1"},"canonical":"https:\/\/nordnesrepublikken.no\/index.php\/2026\/09\/03\/whatsapp-vil-ikke-lenger-vaere-tilgjengelig-pa-noen-eldre-android-smarttelefoner-fra-8-september-hva-du-skal-gjore\/","og_locale":"nb_NO","og_type":"article","og_title":"WhatsApp vil ikke lenger v\u00e6re tilgjengelig p\u00e5 noen eldre Android-smarttelefoner fra 8. september: hva du skal gj\u00f8re - Nordnesrepublikken","og_description":"WhatsApp slutter \u00e5 fungere p\u00e5 noen eldre smarttelefoner Android starter fra8. september 2026. Nyhetene gjelder","og_url":"https:\/\/nordnesrepublikken.no\/index.php\/2026\/09\/03\/whatsapp-vil-ikke-lenger-vaere-tilgjengelig-pa-noen-eldre-android-smarttelefoner-fra-8-september-hva-du-skal-gjore\/","og_site_name":"Nordnesrepublikken","article_published_time":"2026-09-03T09:02:37+00:00","article_modified_time":"2026-09-03T09:02:40+00:00","og_image":[{"width":1200,"height":600,"url":"https:\/\/nordnesrepublikken.no\/wp-content\/uploads\/2026\/09\/1788426159_WhatsApp-vil-ikke-lenger-vaere-tilgjengelig-pa-noen-eldre-Android-smarttelefoner.jpg","type":"image\/jpeg"}],"author":"Ole Andersen","twitter_card":"summary_large_image","twitter_misc":{"Skrevet av":"Ole Andersen","Ansl. lesetid":"3 minutter"},"schema":{"@context":"https:\/\/schema.org","@graph":[{"@type":"Article","@id":"https:\/\/nordnesrepublikken.no\/index.php\/2026\/09\/03\/whatsapp-vil-ikke-lenger-vaere-tilgjengelig-pa-noen-eldre-android-smarttelefoner-fra-8-september-hva-du-skal-gjore\/#article","isPartOf":{"@id":"https:\/\/nordnesrepublikken.no\/index.php\/2026\/09\/03\/whatsapp-vil-ikke-lenger-vaere-tilgjengelig-pa-noen-eldre-android-smarttelefoner-fra-8-september-hva-du-skal-gjore\/"},"author":{"name":"Ole Andersen","@id":"https:\/\/nordnesrepublikken.no\/#\/schema\/person\/2e7e81935bab77882fffb79296240ff1"},"headline":"WhatsApp vil ikke lenger v\u00e6re tilgjengelig p\u00e5 noen eldre Android-smarttelefoner fra 8. september: hva du skal gj\u00f8re","datePublished":"2026-09-03T09:02:37+00:00","dateModified":"2026-09-03T09:02:40+00:00","mainEntityOfPage":{"@id":"https:\/\/nordnesrepublikken.no\/index.php\/2026\/09\/03\/whatsapp-vil-ikke-lenger-vaere-tilgjengelig-pa-noen-eldre-android-smarttelefoner-fra-8-september-hva-du-skal-gjore\/"},"wordCount":579,"publisher":{"@id":"https:\/\/nordnesrepublikken.no\/#organization"},"image":{"@id":"https:\/\/nordnesrepublikken.no\/index.php\/2026\/09\/03\/whatsapp-vil-ikke-lenger-vaere-tilgjengelig-pa-noen-eldre-android-smarttelefoner-fra-8-september-hva-du-skal-gjore\/#primaryimage"},"thumbnailUrl":"https:\/\/nordnesrepublikken.no\/wp-content\/uploads\/2026\/09\/1788426159_WhatsApp-vil-ikke-lenger-vaere-tilgjengelig-pa-noen-eldre-Android-smarttelefoner.jpg","keywords":["Androidsmarttelefoner","eldre","fra","gj\u00f8re","Hva","ikke","lenger","noen","p\u00e5","september","skal","tilgjengelig","v\u00e6re","vil","WhatsApp"],"articleSection":["Teknologi"],"inLanguage":"nb-NO"},{"@type":"WebPage","@id":"https:\/\/nordnesrepublikken.no\/index.php\/2026\/09\/03\/whatsapp-vil-ikke-lenger-vaere-tilgjengelig-pa-noen-eldre-android-smarttelefoner-fra-8-september-hva-du-skal-gjore\/","url":"https:\/\/nordnesrepublikken.no\/index.php\/2026\/09\/03\/whatsapp-vil-ikke-lenger-vaere-tilgjengelig-pa-noen-eldre-android-smarttelefoner-fra-8-september-hva-du-skal-gjore\/","name":"WhatsApp vil ikke lenger v\u00e6re tilgjengelig p\u00e5 noen eldre Android-smarttelefoner fra 8. september: hva du skal gj\u00f8re - Nordnesrepublikken","isPartOf":{"@id":"https:\/\/nordnesrepublikken.no\/#website"},"primaryImageOfPage":{"@id":"https:\/\/nordnesrepublikken.no\/index.php\/2026\/09\/03\/whatsapp-vil-ikke-lenger-vaere-tilgjengelig-pa-noen-eldre-android-smarttelefoner-fra-8-september-hva-du-skal-gjore\/#primaryimage"},"image":{"@id":"https:\/\/nordnesrepublikken.no\/index.php\/2026\/09\/03\/whatsapp-vil-ikke-lenger-vaere-tilgjengelig-pa-noen-eldre-android-smarttelefoner-fra-8-september-hva-du-skal-gjore\/#primaryimage"},"thumbnailUrl":"https:\/\/nordnesrepublikken.no\/wp-content\/uploads\/2026\/09\/1788426159_WhatsApp-vil-ikke-lenger-vaere-tilgjengelig-pa-noen-eldre-Android-smarttelefoner.jpg","datePublished":"2026-09-03T09:02:37+00:00","dateModified":"2026-09-03T09:02:40+00:00","breadcrumb":{"@id":"https:\/\/nordnesrepublikken.no\/index.php\/2026\/09\/03\/whatsapp-vil-ikke-lenger-vaere-tilgjengelig-pa-noen-eldre-android-smarttelefoner-fra-8-september-hva-du-skal-gjore\/#breadcrumb"},"inLanguage":"nb-NO","potentialAction":[{"@type":"ReadAction","target":["https:\/\/nordnesrepublikken.no\/index.php\/2026\/09\/03\/whatsapp-vil-ikke-lenger-vaere-tilgjengelig-pa-noen-eldre-android-smarttelefoner-fra-8-september-hva-du-skal-gjore\/"]}]},{"@type":"ImageObject","inLanguage":"nb-NO","@id":"https:\/\/nordnesrepublikken.no\/index.php\/2026\/09\/03\/whatsapp-vil-ikke-lenger-vaere-tilgjengelig-pa-noen-eldre-android-smarttelefoner-fra-8-september-hva-du-skal-gjore\/#primaryimage","url":"https:\/\/nordnesrepublikken.no\/wp-content\/uploads\/2026\/09\/1788426159_WhatsApp-vil-ikke-lenger-vaere-tilgjengelig-pa-noen-eldre-Android-smarttelefoner.jpg","contentUrl":"https:\/\/nordnesrepublikken.no\/wp-content\/uploads\/2026\/09\/1788426159_WhatsApp-vil-ikke-lenger-vaere-tilgjengelig-pa-noen-eldre-Android-smarttelefoner.jpg","width":1200,"height":600,"caption":"WhatsApp vil ikke lenger v\u00e6re tilgjengelig p\u00e5 noen eldre Android-smarttelefoner fra 8. september: hva du skal gj\u00f8re"},{"@type":"BreadcrumbList","@id":"https:\/\/nordnesrepublikken.no\/index.php\/2026\/09\/03\/whatsapp-vil-ikke-lenger-vaere-tilgjengelig-pa-noen-eldre-android-smarttelefoner-fra-8-september-hva-du-skal-gjore\/#breadcrumb","itemListElement":[{"@type":"ListItem","position":1,"name":"Home","item":"https:\/\/nordnesrepublikken.no\/"},{"@type":"ListItem","position":2,"name":"WhatsApp vil ikke lenger v\u00e6re tilgjengelig p\u00e5 noen eldre Android-smarttelefoner fra 8. september: hva du skal gj\u00f8re"}]},{"@type":"WebSite","@id":"https:\/\/nordnesrepublikken.no\/#website","url":"https:\/\/nordnesrepublikken.no\/","name":"Nordnesrepublikken","description":"Stemmer og Visjoner fra Republikkens Hjerte","publisher":{"@id":"https:\/\/nordnesrepublikken.no\/#organization"},"potentialAction":[{"@type":"SearchAction","target":{"@type":"EntryPoint","urlTemplate":"https:\/\/nordnesrepublikken.no\/?s={search_term_string}"},"query-input":{"@type":"PropertyValueSpecification","valueRequired":true,"valueName":"search_term_string"}}],"inLanguage":"nb-NO"},{"@type":"Organization","@id":"https:\/\/nordnesrepublikken.no\/#organization","name":"Nordnesrepublikken","url":"https:\/\/nordnesrepublikken.no\/","logo":{"@type":"ImageObject","inLanguage":"nb-NO","@id":"https:\/\/nordnesrepublikken.no\/#\/schema\/logo\/image\/","url":"https:\/\/nordnesrepublikken.no\/wp-content\/uploads\/2025\/02\/cropped-nordnesrepublikken-2.png","contentUrl":"https:\/\/nordnesrepublikken.no\/wp-content\/uploads\/2025\/02\/cropped-nordnesrepublikken-2.png","width":1248,"height":362,"caption":"Nordnesrepublikken"},"image":{"@id":"https:\/\/nordnesrepublikken.no\/#\/schema\/logo\/image\/"}},{"@type":"Person","@id":"https:\/\/nordnesrepublikken.no\/#\/schema\/person\/2e7e81935bab77882fffb79296240ff1","name":"Ole Andersen","image":{"@type":"ImageObject","inLanguage":"nb-NO","@id":"https:\/\/nordnesrepublikken.no\/#\/schema\/person\/image\/","url":"https:\/\/nordnesrepublikken.no\/wp-content\/uploads\/2025\/02\/nordnesrepublikken-2-2-150x150.jpg","contentUrl":"https:\/\/nordnesrepublikken.no\/wp-content\/uploads\/2025\/02\/nordnesrepublikken-2-2-150x150.jpg","caption":"Ole Andersen"},"description":"Ettersom jeg vokste opp i Oslo, har jeg alltid v\u00e6rt fascinert av ordenes kraft og deres evne til \u00e5 skape endringer. Etter \u00e5 ha fullf\u00f8rt min utdannelse i kommunikasjon ved Universitetet i Bergen, fikk jeg muligheten til \u00e5 jobbe innen ulike medier, der jeg har s\u00f8kt \u00e5 belyse viktige samfunnssp\u00f8rsm\u00e5l. I dag, som redakt\u00f8r for Nordnesrepublikken, pr\u00f8ver jeg \u00e5 forene min kj\u00e6rlighet for journalistikk med min lidenskap for innovasjon og eventyr.","sameAs":["https:\/\/nordnesrepublikken.no\/"]}]}},"_links":{"self":[{"href":"https:\/\/nordnesrepublikken.no\/index.php\/wp-json\/wp\/v2\/posts\/21745","targetHints":{"allow":["GET"]}}],"collection":[{"href":"https:\/\/nordnesrepublikken.no\/index.php\/wp-json\/wp\/v2\/posts"}],"about":[{"href":"https:\/\/nordnesrepublikken.no\/index.php\/wp-json\/wp\/v2\/types\/post"}],"author":[{"embeddable":true,"href":"https:\/\/nordnesrepublikken.no\/index.php\/wp-json\/wp\/v2\/users\/1"}],"replies":[{"embeddable":true,"href":"https:\/\/nordnesrepublikken.no\/index.php\/wp-json\/wp\/v2\/comments?post=21745"}],"version-history":[{"count":1,"href":"https:\/\/nordnesrepublikken.no\/index.php\/wp-json\/wp\/v2\/posts\/21745\/revisions"}],"predecessor-version":[{"id":21747,"href":"https:\/\/nordnesrepublikken.no\/index.php\/wp-json\/wp\/v2\/posts\/21745\/revisions\/21747"}],"wp:featuredmedia":[{"embeddable":true,"href":"https:\/\/nordnesrepublikken.no\/index.php\/wp-json\/wp\/v2\/media\/21746"}],"wp:attachment":[{"href":"https:\/\/nordnesrepublikken.no\/index.php\/wp-json\/wp\/v2\/media?parent=21745"}],"wp:term":[{"taxonomy":"category","embeddable":true,"href":"https:\/\/nordnesrepublikken.no\/index.php\/wp-json\/wp\/v2\/categories?post=21745"},{"taxonomy":"post_tag","embeddable":true,"href":"https:\/\/nordnesrepublikken.no\/index.php\/wp-json\/wp\/v2\/tags?post=21745"}],"curies":[{"name":"wp","href":"https:\/\/api.w.org\/{rel}","templated":true}]}}