{"id":21742,"date":"2026-09-03T10:02:42","date_gmt":"2026-09-03T08:02:42","guid":{"rendered":"https:\/\/nordnesrepublikken.no\/index.php\/2026\/09\/03\/graven-til-en-pastatt-vampyr-fra-1600-tallet-begravet-med-lja-og-hengelas-funnet-i-polen\/"},"modified":"2026-09-03T10:02:45","modified_gmt":"2026-09-03T08:02:45","slug":"graven-til-en-pastatt-vampyr-fra-1600-tallet-begravet-med-lja-og-hengelas-funnet-i-polen","status":"publish","type":"post","link":"https:\/\/nordnesrepublikken.no\/index.php\/2026\/09\/03\/graven-til-en-pastatt-vampyr-fra-1600-tallet-begravet-med-lja-og-hengelas-funnet-i-polen\/","title":{"rendered":"Graven til en p\u00e5st\u00e5tt &laquo;vampyr&raquo; fra 1600-tallet begravet med lj\u00e5 og hengel\u00e5s funnet i Polen"},"content":{"rendered":"<div>\n<div class=\"cp_wrapper cp_wrapper--fw mb-30 mb-20@tablet\">\n<figure class=\"mm\"><picture class=\"img\" style=\"padding-top:56.25%\"><source  media=\"(min-width: 1024px)\"><source  media=\"(min-width: 768px)\"><\/source><\/source><\/picture><\/figure>\n<\/p><\/div>\n<p>I landsbyen <strong>Pie\u0144<\/strong>i <strong>Sentral-nordlige Polen<\/strong>har arkeologer identifisert en <strong>1600-tallsbegravelse<\/strong> bestemt til \u00e5 bli en av de mest enest\u00e5ende sakene p\u00e5 kirkeg\u00e5rden. Graven, identifisert med nummer <strong>75<\/strong><strong>,<\/strong> tilh\u00f8rte en <strong>ung kvinne<\/strong> og inneholdt en kombinasjon av objekter som, if\u00f8lge forfatterne av en ny tverrfaglig studie, dokumenterer rituelle praksiser <strong>\u00e5 beskytte de levende mot en mulig fare representert av avd\u00f8de<\/strong>. Dette er et sannsynlig tilfelle av p\u00e5st\u00e5tt <strong>vampyrisme<\/strong> eller i det minste frykt for <strong>vand\u00f8de<\/strong>.<\/p>\n<p>Studien om grav 75, publisert i 2022 p\u00e5 <strong><em>Journal of Archaeological Science: Rapporter<\/em><\/strong>ble utf\u00f8rt av et polsk team, ledet av <strong>Dariusz Poli\u0144ski<\/strong> ved Institutt for arkeologi ved Nicolaus Copernicus-universitetet i Toru\u0144. Kirkeg\u00e5rden er en del av et omr\u00e5de der de har blitt anerkjent <strong>to distinkte begravelseskomplekser<\/strong>: en <strong>middelaldersk<\/strong>daterbar<strong> mellom det 10. og 11. \u00e5rhundre<\/strong>og en <strong>postmiddelalderen<\/strong>del <strong>1600-tallet<\/strong>. Unders\u00f8kelser av denne siste delen av komplekset har gitt resultater <strong>101 graver etter middelalderen<\/strong>. Blant disse er 75 uten tvil den mest interessante.<\/p>\n<div class=\"cp_wrapper cp_wrapper--fw mb-50\">\n<figure class=\"mm\"><picture class=\"img\" style=\"padding-top:123.31189710611%\"><source  media=\"(min-width: 1024px)\"><source  media=\"(min-width: 768px)\"><img decoding=\"async\" loading=\"lazy\" src=\"https:\/\/nordnesrepublikken.no\/wp-content\/uploads\/2026\/09\/1788422562_7_Graven-til-en-pastatt-vampyr-fra-1600-tallet-begravet-med-lja.jpg\" alt=\"Bilde\" width=\"622\" height=\"767\"\/><\/source><\/source><\/picture><\/figure>\n<\/p><\/div>\n<p>Grav 75 var grunn og hadde <strong>tegn p\u00e5 endring<\/strong> etter den f\u00f8rste deponeringen, som om noen hadde \u00e5pnet den igjen etter begravelsen. Det avsatte individet, etter osteologiske, DNA- og isotopanalyser, ble funnet \u00e5 v\u00e6re en <strong>ung kvinne<\/strong>omtrent h\u00f8y <strong>165 cm<\/strong>avd\u00f8de <strong>mellom 17 og 19 \u00e5r<\/strong> (det var ikke mulig \u00e5 identifisere d\u00f8ds\u00e5rsakene), uten tegn p\u00e5 underern\u00e6ring, oppvokst i omr\u00e5det, men med nyere forfedre fra <strong>Skandinavia<\/strong>.<\/p>\n<p>Analysene kl <strong>radiokarbon<\/strong> de anslo at begravelsen hadde funnet sted <strong>p\u00e5 midten av 1600-tallet<\/strong>. Kroppen ble plassert liggende, i samsvar med datidens kristne ritual, men den ekstraordin\u00e6re karakteren av avsetningen ligger i gjenstandene som ble funnet i assosiasjon med individet. <strong>En stor lj\u00e5 hadde blitt plassert p\u00e5 halsen hans<\/strong>med bladet mot halsen. EN <strong>trekantet hengel\u00e5s<\/strong> det ble i stedet hengende p\u00e5<strong>stort\u00e5 p\u00e5 venstre fot<\/strong>. Post-middelalderbegravelser med lj\u00e5er og hengel\u00e5ser er kjent i den arkeologiske journalen, men til n\u00e5 aldri sammen. Det er nettopp den spesielle kombinasjonen, sammen med plasseringen av de to objektene, som gj\u00f8r saken eksepsjonell: Forfatterne hadde ikke funnet en annen begravelse med begge disse praksisene i den publiserte arkeologiske litteraturen.<\/p>\n<div class=\"cp_wrapper cp_wrapper--fw mb-50\">\n<figure class=\"mm\"><picture class=\"img\" style=\"padding-top:84.55772113943%\"><source  media=\"(min-width: 1024px)\"><source  media=\"(min-width: 768px)\"><img decoding=\"async\" loading=\"lazy\" src=\"https:\/\/nordnesrepublikken.no\/wp-content\/uploads\/2026\/09\/1788422562_84_Graven-til-en-pastatt-vampyr-fra-1600-tallet-begravet-med-lja.jpg\" alt=\"Bilde\" width=\"667\" height=\"564\" class=\"js-seedtag-img\"\/><\/source><\/source><\/picture><\/figure>\n<\/p><\/div>\n<p>L\u00e5sen tolkes ikke som et enkelt funksjonelt objekt. Hans tilstedev\u00e6relse i graven faller, if\u00f8lge forfatterne, til ett <strong>symbolsk og apotropaisk tradisjon<\/strong>. Dens betydning kunne v\u00e6rt den av <strong>\u00ablukke\u00bb forholdet mellom levende og d\u00f8de eller hindre den avd\u00f8de i \u00e5 skade de levende<\/strong>enheter. Sammenlignende analyse viser at hengel\u00e5ser i graver ogs\u00e5 er dokumentert i <strong>J\u00f8diske sammenhenger<\/strong> i Polen p\u00e5 den tiden, men forfatterne utelukker at Pie\u0144-kirkeg\u00e5rden var j\u00f8disk: faktisk mangler andre karakteristiske elementer ved j\u00f8diske nekropoler, og den generelle konteksten st\u00f8tter det ikke, og anser det som mer sannsynlig at det var en kirkeg\u00e5rd <strong>protestantisk<\/strong>. L\u00e5sen m\u00e5 derfor tolkes innenfor den bredere rammen av begravelsespraksis i Sentral- og \u00d8st-Europa etter middelalderen.<\/p>\n<p>Funksjonen til den fremst\u00e5r enda mer eksplisitt <strong>sigd<\/strong>. Posisjonen p\u00e5 halsen minner om praksis som har til hensikt \u00e5 hindre de d\u00f8de i \u00e5 komme tilbake eller skade de levende. Arkeologer tror ogs\u00e5 det er mulig at graven ble gjen\u00e5pnet etter den opprinnelige avsetningen: gropen presenterer faktisk uregelmessigheter, omarbeidede lag og endringer i kroppens struktur. Lj\u00e5en kan ha blitt lagt til under denne andre manipulasjonen, som et ytterligere beskyttelsestiltak.<\/p>\n<div class=\"cp_wrapper cp_wrapper--fw mb-50\">\n<figure class=\"mm\"><picture class=\"img\" style=\"padding-top:119.04047976012%\"><source  media=\"(min-width: 1024px)\"><source  media=\"(min-width: 768px)\"><img decoding=\"async\" loading=\"lazy\" src=\"https:\/\/nordnesrepublikken.no\/wp-content\/uploads\/2026\/09\/1788422562_211_Graven-til-en-pastatt-vampyr-fra-1600-tallet-begravet-med-lja.jpg\" alt=\"Bilde\" width=\"667\" height=\"794\"\/><\/source><\/source><\/picture><\/figure>\n<\/p><\/div>\n<p>Begravelsesobjektene, samt<strong> frav\u00e6r av tegn p\u00e5 underern\u00e6ring<\/strong> (ganske sjelden i Sentral-Europa p\u00e5 den tiden) gir endelig ledetr\u00e5der til hans sosiale status. Bare fragmenter av silke- og metalltr\u00e5der har overlevd av begravelsesplagget, trolig tilh\u00f8rende dekorasjonen av en hodeplagg. Forfatterne tolker dette elementet som et dyrt og fasjonabelt element p\u00e5 1600-tallet, kompatibelt med en <strong>h\u00f8y sosial status<\/strong>.<\/p>\n<p>Bildet som tegner seg er derfor sammensatt: en ung kvinne sannsynligvis av h\u00f8y status, kanskje med en familiehistorie som ikke var helt lokal, som d\u00f8de av enn\u00e5 ukjente \u00e5rsaker og i utgangspunktet ble gravlagt p\u00e5 relativt vanlige m\u00e5ter. Etterp\u00e5<strong>kan graven ha blitt gjen\u00e5pnet og forvandlet gjennom tilsetning av lj\u00e5en<\/strong>mens hengel\u00e5sen allerede var plassert p\u00e5 foten. For forfatterne tilh\u00f8rer begge praksisene et repertoar av atferd <strong>apotropaisk eller antidemonisk<\/strong> dokumentert i Sentral-Europa p\u00e5 1600-tallet, et uttrykk for frykten for at noen d\u00f8dsfall fortsatt kan representere en <strong>trussel mot de levende<\/strong>.<\/p>\n<div class=\"cp_wrapper cp_wrapper--fw mb-50\">\n<figure class=\"mm\"><picture class=\"img\" style=\"padding-top:68.141592920354%\"><source  media=\"(min-width: 1024px)\"><source  media=\"(min-width: 768px)\"><img decoding=\"async\" loading=\"lazy\" src=\"https:\/\/nordnesrepublikken.no\/wp-content\/uploads\/2026\/09\/1788422562_659_Graven-til-en-pastatt-vampyr-fra-1600-tallet-begravet-med-lja.jpg\" alt=\"Bilde\" width=\"791\" height=\"539\" class=\"js-seedtag-img\"\/><\/source><\/source><\/picture><\/figure>\n<\/p><\/div>\n<p>Grav 75<strong> den demonstrerer derfor ikke eksistensen av en &laquo;vampyr&raquo; i moderne betydning av begrepet<\/strong>. Snarere dokumenterer den, med en kombinasjon av usedvanlig godt bevarte data fra arkeologi, antropologi, genetikk og isotopanalyser, m\u00e5ten et 1600-tallssamfunn kunne <strong>reagere p\u00e5 frykten for en d\u00f8d person som oppfattes som farlig<\/strong>.<\/p>\n<\/p><\/div>\n","protected":false},"excerpt":{"rendered":"<p>I landsbyen Pie\u0144i Sentral-nordlige Polenhar arkeologer identifisert en 1600-tallsbegravelse bestemt til \u00e5 bli en av<\/p>\n","protected":false},"author":1,"featured_media":21743,"comment_status":"closed","ping_status":"open","sticky":false,"template":"","format":"standard","meta":{"footnotes":""},"categories":[104],"tags":[14220,2774,125,811,6224,14222,14221,79,14218,3908,117,14219],"class_list":["post-21742","post","type-post","status-publish","format-standard","has-post-thumbnail","hentry","category-samfunn","tag-1600tallet","tag-begravet","tag-fra","tag-funnet","tag-graven","tag-hengelas","tag-lja","tag-med","tag-pastatt","tag-polen","tag-til","tag-vampyr","generate-columns","tablet-grid-50","mobile-grid-100","grid-parent","grid-33","resize-featured-image"],"yoast_head":"<!-- This site is optimized with the Yoast SEO plugin v24.4 - https:\/\/yoast.com\/wordpress\/plugins\/seo\/ -->\n<title>Graven til en p\u00e5st\u00e5tt &quot;vampyr&quot; fra 1600-tallet begravet med lj\u00e5 og hengel\u00e5s funnet i Polen - Nordnesrepublikken<\/title>\n<meta name=\"robots\" content=\"index, follow, max-snippet:-1, max-image-preview:large, max-video-preview:-1\" \/>\n<link rel=\"canonical\" href=\"https:\/\/nordnesrepublikken.no\/index.php\/2026\/09\/03\/graven-til-en-pastatt-vampyr-fra-1600-tallet-begravet-med-lja-og-hengelas-funnet-i-polen\/\" \/>\n<meta property=\"og:locale\" content=\"nb_NO\" \/>\n<meta property=\"og:type\" content=\"article\" \/>\n<meta property=\"og:title\" content=\"Graven til en p\u00e5st\u00e5tt &quot;vampyr&quot; fra 1600-tallet begravet med lj\u00e5 og hengel\u00e5s funnet i Polen - Nordnesrepublikken\" \/>\n<meta property=\"og:description\" content=\"I landsbyen Pie\u0144i Sentral-nordlige Polenhar arkeologer identifisert en 1600-tallsbegravelse bestemt til \u00e5 bli en av\" \/>\n<meta property=\"og:url\" content=\"https:\/\/nordnesrepublikken.no\/index.php\/2026\/09\/03\/graven-til-en-pastatt-vampyr-fra-1600-tallet-begravet-med-lja-og-hengelas-funnet-i-polen\/\" \/>\n<meta property=\"og:site_name\" content=\"Nordnesrepublikken\" \/>\n<meta property=\"article:published_time\" content=\"2026-09-03T08:02:42+00:00\" \/>\n<meta property=\"article:modified_time\" content=\"2026-09-03T08:02:45+00:00\" \/>\n<meta property=\"og:image\" content=\"https:\/\/nordnesrepublikken.no\/wp-content\/uploads\/2026\/09\/1788422564_Graven-til-en-pastatt-vampyr-fra-1600-tallet-begravet-med-lja.jpg\" \/>\n\t<meta property=\"og:image:width\" content=\"1408\" \/>\n\t<meta property=\"og:image:height\" content=\"768\" \/>\n\t<meta property=\"og:image:type\" content=\"image\/jpeg\" \/>\n<meta name=\"author\" content=\"Ole Andersen\" \/>\n<meta name=\"twitter:card\" content=\"summary_large_image\" \/>\n<meta name=\"twitter:label1\" content=\"Skrevet av\" \/>\n\t<meta name=\"twitter:data1\" content=\"Ole Andersen\" \/>\n\t<meta name=\"twitter:label2\" content=\"Ansl. lesetid\" \/>\n\t<meta name=\"twitter:data2\" content=\"4 minutter\" \/>\n<script type=\"application\/ld+json\" class=\"yoast-schema-graph\">{\"@context\":\"https:\/\/schema.org\",\"@graph\":[{\"@type\":\"Article\",\"@id\":\"https:\/\/nordnesrepublikken.no\/index.php\/2026\/09\/03\/graven-til-en-pastatt-vampyr-fra-1600-tallet-begravet-med-lja-og-hengelas-funnet-i-polen\/#article\",\"isPartOf\":{\"@id\":\"https:\/\/nordnesrepublikken.no\/index.php\/2026\/09\/03\/graven-til-en-pastatt-vampyr-fra-1600-tallet-begravet-med-lja-og-hengelas-funnet-i-polen\/\"},\"author\":{\"name\":\"Ole Andersen\",\"@id\":\"https:\/\/nordnesrepublikken.no\/#\/schema\/person\/2e7e81935bab77882fffb79296240ff1\"},\"headline\":\"Graven til en p\u00e5st\u00e5tt &laquo;vampyr&raquo; fra 1600-tallet begravet med lj\u00e5 og hengel\u00e5s funnet i Polen\",\"datePublished\":\"2026-09-03T08:02:42+00:00\",\"dateModified\":\"2026-09-03T08:02:45+00:00\",\"mainEntityOfPage\":{\"@id\":\"https:\/\/nordnesrepublikken.no\/index.php\/2026\/09\/03\/graven-til-en-pastatt-vampyr-fra-1600-tallet-begravet-med-lja-og-hengelas-funnet-i-polen\/\"},\"wordCount\":764,\"publisher\":{\"@id\":\"https:\/\/nordnesrepublikken.no\/#organization\"},\"image\":{\"@id\":\"https:\/\/nordnesrepublikken.no\/index.php\/2026\/09\/03\/graven-til-en-pastatt-vampyr-fra-1600-tallet-begravet-med-lja-og-hengelas-funnet-i-polen\/#primaryimage\"},\"thumbnailUrl\":\"https:\/\/nordnesrepublikken.no\/wp-content\/uploads\/2026\/09\/1788422564_Graven-til-en-pastatt-vampyr-fra-1600-tallet-begravet-med-lja.jpg\",\"keywords\":[\"1600tallet\",\"begravet\",\"fra\",\"funnet\",\"Graven\",\"hengel\u00e5s\",\"lj\u00e5\",\"med\",\"p\u00e5st\u00e5tt\",\"Polen\",\"til\",\"vampyr\"],\"articleSection\":[\"Samfunn\"],\"inLanguage\":\"nb-NO\"},{\"@type\":\"WebPage\",\"@id\":\"https:\/\/nordnesrepublikken.no\/index.php\/2026\/09\/03\/graven-til-en-pastatt-vampyr-fra-1600-tallet-begravet-med-lja-og-hengelas-funnet-i-polen\/\",\"url\":\"https:\/\/nordnesrepublikken.no\/index.php\/2026\/09\/03\/graven-til-en-pastatt-vampyr-fra-1600-tallet-begravet-med-lja-og-hengelas-funnet-i-polen\/\",\"name\":\"Graven til en p\u00e5st\u00e5tt \\\"vampyr\\\" fra 1600-tallet begravet med lj\u00e5 og hengel\u00e5s funnet i Polen - Nordnesrepublikken\",\"isPartOf\":{\"@id\":\"https:\/\/nordnesrepublikken.no\/#website\"},\"primaryImageOfPage\":{\"@id\":\"https:\/\/nordnesrepublikken.no\/index.php\/2026\/09\/03\/graven-til-en-pastatt-vampyr-fra-1600-tallet-begravet-med-lja-og-hengelas-funnet-i-polen\/#primaryimage\"},\"image\":{\"@id\":\"https:\/\/nordnesrepublikken.no\/index.php\/2026\/09\/03\/graven-til-en-pastatt-vampyr-fra-1600-tallet-begravet-med-lja-og-hengelas-funnet-i-polen\/#primaryimage\"},\"thumbnailUrl\":\"https:\/\/nordnesrepublikken.no\/wp-content\/uploads\/2026\/09\/1788422564_Graven-til-en-pastatt-vampyr-fra-1600-tallet-begravet-med-lja.jpg\",\"datePublished\":\"2026-09-03T08:02:42+00:00\",\"dateModified\":\"2026-09-03T08:02:45+00:00\",\"breadcrumb\":{\"@id\":\"https:\/\/nordnesrepublikken.no\/index.php\/2026\/09\/03\/graven-til-en-pastatt-vampyr-fra-1600-tallet-begravet-med-lja-og-hengelas-funnet-i-polen\/#breadcrumb\"},\"inLanguage\":\"nb-NO\",\"potentialAction\":[{\"@type\":\"ReadAction\",\"target\":[\"https:\/\/nordnesrepublikken.no\/index.php\/2026\/09\/03\/graven-til-en-pastatt-vampyr-fra-1600-tallet-begravet-med-lja-og-hengelas-funnet-i-polen\/\"]}]},{\"@type\":\"ImageObject\",\"inLanguage\":\"nb-NO\",\"@id\":\"https:\/\/nordnesrepublikken.no\/index.php\/2026\/09\/03\/graven-til-en-pastatt-vampyr-fra-1600-tallet-begravet-med-lja-og-hengelas-funnet-i-polen\/#primaryimage\",\"url\":\"https:\/\/nordnesrepublikken.no\/wp-content\/uploads\/2026\/09\/1788422564_Graven-til-en-pastatt-vampyr-fra-1600-tallet-begravet-med-lja.jpg\",\"contentUrl\":\"https:\/\/nordnesrepublikken.no\/wp-content\/uploads\/2026\/09\/1788422564_Graven-til-en-pastatt-vampyr-fra-1600-tallet-begravet-med-lja.jpg\",\"width\":1408,\"height\":768,\"caption\":\"Graven til en p\u00e5st\u00e5tt \\\"vampyr\\\" fra 1600-tallet begravet med lj\u00e5 og hengel\u00e5s funnet i Polen\"},{\"@type\":\"BreadcrumbList\",\"@id\":\"https:\/\/nordnesrepublikken.no\/index.php\/2026\/09\/03\/graven-til-en-pastatt-vampyr-fra-1600-tallet-begravet-med-lja-og-hengelas-funnet-i-polen\/#breadcrumb\",\"itemListElement\":[{\"@type\":\"ListItem\",\"position\":1,\"name\":\"Home\",\"item\":\"https:\/\/nordnesrepublikken.no\/\"},{\"@type\":\"ListItem\",\"position\":2,\"name\":\"Graven til en p\u00e5st\u00e5tt &laquo;vampyr&raquo; fra 1600-tallet begravet med lj\u00e5 og hengel\u00e5s funnet i Polen\"}]},{\"@type\":\"WebSite\",\"@id\":\"https:\/\/nordnesrepublikken.no\/#website\",\"url\":\"https:\/\/nordnesrepublikken.no\/\",\"name\":\"Nordnesrepublikken\",\"description\":\"Stemmer og Visjoner fra Republikkens Hjerte\",\"publisher\":{\"@id\":\"https:\/\/nordnesrepublikken.no\/#organization\"},\"potentialAction\":[{\"@type\":\"SearchAction\",\"target\":{\"@type\":\"EntryPoint\",\"urlTemplate\":\"https:\/\/nordnesrepublikken.no\/?s={search_term_string}\"},\"query-input\":{\"@type\":\"PropertyValueSpecification\",\"valueRequired\":true,\"valueName\":\"search_term_string\"}}],\"inLanguage\":\"nb-NO\"},{\"@type\":\"Organization\",\"@id\":\"https:\/\/nordnesrepublikken.no\/#organization\",\"name\":\"Nordnesrepublikken\",\"url\":\"https:\/\/nordnesrepublikken.no\/\",\"logo\":{\"@type\":\"ImageObject\",\"inLanguage\":\"nb-NO\",\"@id\":\"https:\/\/nordnesrepublikken.no\/#\/schema\/logo\/image\/\",\"url\":\"https:\/\/nordnesrepublikken.no\/wp-content\/uploads\/2025\/02\/cropped-nordnesrepublikken-2.png\",\"contentUrl\":\"https:\/\/nordnesrepublikken.no\/wp-content\/uploads\/2025\/02\/cropped-nordnesrepublikken-2.png\",\"width\":1248,\"height\":362,\"caption\":\"Nordnesrepublikken\"},\"image\":{\"@id\":\"https:\/\/nordnesrepublikken.no\/#\/schema\/logo\/image\/\"}},{\"@type\":\"Person\",\"@id\":\"https:\/\/nordnesrepublikken.no\/#\/schema\/person\/2e7e81935bab77882fffb79296240ff1\",\"name\":\"Ole Andersen\",\"image\":{\"@type\":\"ImageObject\",\"inLanguage\":\"nb-NO\",\"@id\":\"https:\/\/nordnesrepublikken.no\/#\/schema\/person\/image\/\",\"url\":\"https:\/\/nordnesrepublikken.no\/wp-content\/uploads\/2025\/02\/nordnesrepublikken-2-2-150x150.jpg\",\"contentUrl\":\"https:\/\/nordnesrepublikken.no\/wp-content\/uploads\/2025\/02\/nordnesrepublikken-2-2-150x150.jpg\",\"caption\":\"Ole Andersen\"},\"description\":\"Ettersom jeg vokste opp i Oslo, har jeg alltid v\u00e6rt fascinert av ordenes kraft og deres evne til \u00e5 skape endringer. Etter \u00e5 ha fullf\u00f8rt min utdannelse i kommunikasjon ved Universitetet i Bergen, fikk jeg muligheten til \u00e5 jobbe innen ulike medier, der jeg har s\u00f8kt \u00e5 belyse viktige samfunnssp\u00f8rsm\u00e5l. I dag, som redakt\u00f8r for Nordnesrepublikken, pr\u00f8ver jeg \u00e5 forene min kj\u00e6rlighet for journalistikk med min lidenskap for innovasjon og eventyr.\",\"sameAs\":[\"https:\/\/nordnesrepublikken.no\/\"]}]}<\/script>\n<!-- \/ Yoast SEO plugin. -->","yoast_head_json":{"title":"Graven til en p\u00e5st\u00e5tt \"vampyr\" fra 1600-tallet begravet med lj\u00e5 og hengel\u00e5s funnet i Polen - Nordnesrepublikken","robots":{"index":"index","follow":"follow","max-snippet":"max-snippet:-1","max-image-preview":"max-image-preview:large","max-video-preview":"max-video-preview:-1"},"canonical":"https:\/\/nordnesrepublikken.no\/index.php\/2026\/09\/03\/graven-til-en-pastatt-vampyr-fra-1600-tallet-begravet-med-lja-og-hengelas-funnet-i-polen\/","og_locale":"nb_NO","og_type":"article","og_title":"Graven til en p\u00e5st\u00e5tt \"vampyr\" fra 1600-tallet begravet med lj\u00e5 og hengel\u00e5s funnet i Polen - Nordnesrepublikken","og_description":"I landsbyen Pie\u0144i Sentral-nordlige Polenhar arkeologer identifisert en 1600-tallsbegravelse bestemt til \u00e5 bli en av","og_url":"https:\/\/nordnesrepublikken.no\/index.php\/2026\/09\/03\/graven-til-en-pastatt-vampyr-fra-1600-tallet-begravet-med-lja-og-hengelas-funnet-i-polen\/","og_site_name":"Nordnesrepublikken","article_published_time":"2026-09-03T08:02:42+00:00","article_modified_time":"2026-09-03T08:02:45+00:00","og_image":[{"width":1408,"height":768,"url":"https:\/\/nordnesrepublikken.no\/wp-content\/uploads\/2026\/09\/1788422564_Graven-til-en-pastatt-vampyr-fra-1600-tallet-begravet-med-lja.jpg","type":"image\/jpeg"}],"author":"Ole Andersen","twitter_card":"summary_large_image","twitter_misc":{"Skrevet av":"Ole Andersen","Ansl. lesetid":"4 minutter"},"schema":{"@context":"https:\/\/schema.org","@graph":[{"@type":"Article","@id":"https:\/\/nordnesrepublikken.no\/index.php\/2026\/09\/03\/graven-til-en-pastatt-vampyr-fra-1600-tallet-begravet-med-lja-og-hengelas-funnet-i-polen\/#article","isPartOf":{"@id":"https:\/\/nordnesrepublikken.no\/index.php\/2026\/09\/03\/graven-til-en-pastatt-vampyr-fra-1600-tallet-begravet-med-lja-og-hengelas-funnet-i-polen\/"},"author":{"name":"Ole Andersen","@id":"https:\/\/nordnesrepublikken.no\/#\/schema\/person\/2e7e81935bab77882fffb79296240ff1"},"headline":"Graven til en p\u00e5st\u00e5tt &laquo;vampyr&raquo; fra 1600-tallet begravet med lj\u00e5 og hengel\u00e5s funnet i Polen","datePublished":"2026-09-03T08:02:42+00:00","dateModified":"2026-09-03T08:02:45+00:00","mainEntityOfPage":{"@id":"https:\/\/nordnesrepublikken.no\/index.php\/2026\/09\/03\/graven-til-en-pastatt-vampyr-fra-1600-tallet-begravet-med-lja-og-hengelas-funnet-i-polen\/"},"wordCount":764,"publisher":{"@id":"https:\/\/nordnesrepublikken.no\/#organization"},"image":{"@id":"https:\/\/nordnesrepublikken.no\/index.php\/2026\/09\/03\/graven-til-en-pastatt-vampyr-fra-1600-tallet-begravet-med-lja-og-hengelas-funnet-i-polen\/#primaryimage"},"thumbnailUrl":"https:\/\/nordnesrepublikken.no\/wp-content\/uploads\/2026\/09\/1788422564_Graven-til-en-pastatt-vampyr-fra-1600-tallet-begravet-med-lja.jpg","keywords":["1600tallet","begravet","fra","funnet","Graven","hengel\u00e5s","lj\u00e5","med","p\u00e5st\u00e5tt","Polen","til","vampyr"],"articleSection":["Samfunn"],"inLanguage":"nb-NO"},{"@type":"WebPage","@id":"https:\/\/nordnesrepublikken.no\/index.php\/2026\/09\/03\/graven-til-en-pastatt-vampyr-fra-1600-tallet-begravet-med-lja-og-hengelas-funnet-i-polen\/","url":"https:\/\/nordnesrepublikken.no\/index.php\/2026\/09\/03\/graven-til-en-pastatt-vampyr-fra-1600-tallet-begravet-med-lja-og-hengelas-funnet-i-polen\/","name":"Graven til en p\u00e5st\u00e5tt \"vampyr\" fra 1600-tallet begravet med lj\u00e5 og hengel\u00e5s funnet i Polen - Nordnesrepublikken","isPartOf":{"@id":"https:\/\/nordnesrepublikken.no\/#website"},"primaryImageOfPage":{"@id":"https:\/\/nordnesrepublikken.no\/index.php\/2026\/09\/03\/graven-til-en-pastatt-vampyr-fra-1600-tallet-begravet-med-lja-og-hengelas-funnet-i-polen\/#primaryimage"},"image":{"@id":"https:\/\/nordnesrepublikken.no\/index.php\/2026\/09\/03\/graven-til-en-pastatt-vampyr-fra-1600-tallet-begravet-med-lja-og-hengelas-funnet-i-polen\/#primaryimage"},"thumbnailUrl":"https:\/\/nordnesrepublikken.no\/wp-content\/uploads\/2026\/09\/1788422564_Graven-til-en-pastatt-vampyr-fra-1600-tallet-begravet-med-lja.jpg","datePublished":"2026-09-03T08:02:42+00:00","dateModified":"2026-09-03T08:02:45+00:00","breadcrumb":{"@id":"https:\/\/nordnesrepublikken.no\/index.php\/2026\/09\/03\/graven-til-en-pastatt-vampyr-fra-1600-tallet-begravet-med-lja-og-hengelas-funnet-i-polen\/#breadcrumb"},"inLanguage":"nb-NO","potentialAction":[{"@type":"ReadAction","target":["https:\/\/nordnesrepublikken.no\/index.php\/2026\/09\/03\/graven-til-en-pastatt-vampyr-fra-1600-tallet-begravet-med-lja-og-hengelas-funnet-i-polen\/"]}]},{"@type":"ImageObject","inLanguage":"nb-NO","@id":"https:\/\/nordnesrepublikken.no\/index.php\/2026\/09\/03\/graven-til-en-pastatt-vampyr-fra-1600-tallet-begravet-med-lja-og-hengelas-funnet-i-polen\/#primaryimage","url":"https:\/\/nordnesrepublikken.no\/wp-content\/uploads\/2026\/09\/1788422564_Graven-til-en-pastatt-vampyr-fra-1600-tallet-begravet-med-lja.jpg","contentUrl":"https:\/\/nordnesrepublikken.no\/wp-content\/uploads\/2026\/09\/1788422564_Graven-til-en-pastatt-vampyr-fra-1600-tallet-begravet-med-lja.jpg","width":1408,"height":768,"caption":"Graven til en p\u00e5st\u00e5tt \"vampyr\" fra 1600-tallet begravet med lj\u00e5 og hengel\u00e5s funnet i Polen"},{"@type":"BreadcrumbList","@id":"https:\/\/nordnesrepublikken.no\/index.php\/2026\/09\/03\/graven-til-en-pastatt-vampyr-fra-1600-tallet-begravet-med-lja-og-hengelas-funnet-i-polen\/#breadcrumb","itemListElement":[{"@type":"ListItem","position":1,"name":"Home","item":"https:\/\/nordnesrepublikken.no\/"},{"@type":"ListItem","position":2,"name":"Graven til en p\u00e5st\u00e5tt &laquo;vampyr&raquo; fra 1600-tallet begravet med lj\u00e5 og hengel\u00e5s funnet i Polen"}]},{"@type":"WebSite","@id":"https:\/\/nordnesrepublikken.no\/#website","url":"https:\/\/nordnesrepublikken.no\/","name":"Nordnesrepublikken","description":"Stemmer og Visjoner fra Republikkens Hjerte","publisher":{"@id":"https:\/\/nordnesrepublikken.no\/#organization"},"potentialAction":[{"@type":"SearchAction","target":{"@type":"EntryPoint","urlTemplate":"https:\/\/nordnesrepublikken.no\/?s={search_term_string}"},"query-input":{"@type":"PropertyValueSpecification","valueRequired":true,"valueName":"search_term_string"}}],"inLanguage":"nb-NO"},{"@type":"Organization","@id":"https:\/\/nordnesrepublikken.no\/#organization","name":"Nordnesrepublikken","url":"https:\/\/nordnesrepublikken.no\/","logo":{"@type":"ImageObject","inLanguage":"nb-NO","@id":"https:\/\/nordnesrepublikken.no\/#\/schema\/logo\/image\/","url":"https:\/\/nordnesrepublikken.no\/wp-content\/uploads\/2025\/02\/cropped-nordnesrepublikken-2.png","contentUrl":"https:\/\/nordnesrepublikken.no\/wp-content\/uploads\/2025\/02\/cropped-nordnesrepublikken-2.png","width":1248,"height":362,"caption":"Nordnesrepublikken"},"image":{"@id":"https:\/\/nordnesrepublikken.no\/#\/schema\/logo\/image\/"}},{"@type":"Person","@id":"https:\/\/nordnesrepublikken.no\/#\/schema\/person\/2e7e81935bab77882fffb79296240ff1","name":"Ole Andersen","image":{"@type":"ImageObject","inLanguage":"nb-NO","@id":"https:\/\/nordnesrepublikken.no\/#\/schema\/person\/image\/","url":"https:\/\/nordnesrepublikken.no\/wp-content\/uploads\/2025\/02\/nordnesrepublikken-2-2-150x150.jpg","contentUrl":"https:\/\/nordnesrepublikken.no\/wp-content\/uploads\/2025\/02\/nordnesrepublikken-2-2-150x150.jpg","caption":"Ole Andersen"},"description":"Ettersom jeg vokste opp i Oslo, har jeg alltid v\u00e6rt fascinert av ordenes kraft og deres evne til \u00e5 skape endringer. Etter \u00e5 ha fullf\u00f8rt min utdannelse i kommunikasjon ved Universitetet i Bergen, fikk jeg muligheten til \u00e5 jobbe innen ulike medier, der jeg har s\u00f8kt \u00e5 belyse viktige samfunnssp\u00f8rsm\u00e5l. I dag, som redakt\u00f8r for Nordnesrepublikken, pr\u00f8ver jeg \u00e5 forene min kj\u00e6rlighet for journalistikk med min lidenskap for innovasjon og eventyr.","sameAs":["https:\/\/nordnesrepublikken.no\/"]}]}},"_links":{"self":[{"href":"https:\/\/nordnesrepublikken.no\/index.php\/wp-json\/wp\/v2\/posts\/21742","targetHints":{"allow":["GET"]}}],"collection":[{"href":"https:\/\/nordnesrepublikken.no\/index.php\/wp-json\/wp\/v2\/posts"}],"about":[{"href":"https:\/\/nordnesrepublikken.no\/index.php\/wp-json\/wp\/v2\/types\/post"}],"author":[{"embeddable":true,"href":"https:\/\/nordnesrepublikken.no\/index.php\/wp-json\/wp\/v2\/users\/1"}],"replies":[{"embeddable":true,"href":"https:\/\/nordnesrepublikken.no\/index.php\/wp-json\/wp\/v2\/comments?post=21742"}],"version-history":[{"count":1,"href":"https:\/\/nordnesrepublikken.no\/index.php\/wp-json\/wp\/v2\/posts\/21742\/revisions"}],"predecessor-version":[{"id":21744,"href":"https:\/\/nordnesrepublikken.no\/index.php\/wp-json\/wp\/v2\/posts\/21742\/revisions\/21744"}],"wp:featuredmedia":[{"embeddable":true,"href":"https:\/\/nordnesrepublikken.no\/index.php\/wp-json\/wp\/v2\/media\/21743"}],"wp:attachment":[{"href":"https:\/\/nordnesrepublikken.no\/index.php\/wp-json\/wp\/v2\/media?parent=21742"}],"wp:term":[{"taxonomy":"category","embeddable":true,"href":"https:\/\/nordnesrepublikken.no\/index.php\/wp-json\/wp\/v2\/categories?post=21742"},{"taxonomy":"post_tag","embeddable":true,"href":"https:\/\/nordnesrepublikken.no\/index.php\/wp-json\/wp\/v2\/tags?post=21742"}],"curies":[{"name":"wp","href":"https:\/\/api.w.org\/{rel}","templated":true}]}}