{"id":21736,"date":"2026-09-03T02:02:55","date_gmt":"2026-09-03T00:02:55","guid":{"rendered":"https:\/\/nordnesrepublikken.no\/index.php\/2026\/09\/03\/livet-i-hurtigfeltet-september\/"},"modified":"2026-09-03T02:02:57","modified_gmt":"2026-09-03T00:02:57","slug":"livet-i-hurtigfeltet-september","status":"publish","type":"post","link":"https:\/\/nordnesrepublikken.no\/index.php\/2026\/09\/03\/livet-i-hurtigfeltet-september\/","title":{"rendered":"Livet i hurtigfeltet: september"},"content":{"rendered":"<div class=\"wordpress-content\">\n                    <!-- Article Start --><\/p>\n<p>Jeg ser for meg at du som meg sikkert har f\u00e5tt nok av den store varmen, den store trafikken og de store turistene. Vi lever i en fantastisk del av verden, men selv det kan bli litt kjedelig n\u00e5r August n\u00e5r sin konklusjon.<\/p>\n<p>S\u00e5 n\u00e5 er det p\u00e5 tide \u00e5 f\u00e5 ut bilene, begynne \u00e5 planlegge ruter og turer og nyte alt dette fantastiske landet har \u00e5 tilby til motorentusiaster.<\/p>\n<p>Classic &#038; Sportscar Club er intet unntak, og etter en nedleggelse i hele august, blir skoddene hevet og planene er i full gang for \u00e5 starte neste del av &laquo;sesongen&raquo;.<\/p>\n<div class=\"sra_unit\"><link rel=\"stylesheet\" id=\"block-sra\" href=\"https:\/\/euroweeklynews.com\/wp-content\/plugins\/snack-related-articles\/dist\/css\/snack-related.min.css?250312-193541\" type=\"text\/css\" media=\"all\">\n<\/div>\n<p>I begynnelsen av september vil mange av klubbens medlemmer fra andre land snirkle seg tilbake til kysten, og lokale medlemmer vil r\u00f8re seg fra sommerdvalen.<\/p>\n<p>Hvert \u00e5r setter klubben sine september-arrangementer tilbake en uke for \u00e5 gi medlemmene litt mer tid til \u00e5 komme tilbake og finne seg til rette, og som et resultat vil det f\u00f8rste lunsjsamv\u00e6ret v\u00e6re tirsdag 8. september p\u00e5 La Sierra restaurante i Cerros del Aguila. Kl. 14.00 til 14.30 er medlemmer og gjester hjertelig velkommen.<\/p>\n<p>Etter det, l\u00f8rdag 12. september, starter klubbens ber\u00f8mte endagsturer med klassiske og sportsbiler p\u00e5 nytt. Alltid morsomt og veldig popul\u00e6rt, hver m\u00e5ned har et annet startpunkt, en annen rute og et annet sted i m\u00e5l. Spektakul\u00e6re land-, fjell- og kystruter og trafikkfrie veier er normen. Klubben gj\u00f8r dette veldig dyktig og bruker profesjonelle &laquo;Tulip&raquo; roadbooks i rallystil som gj\u00f8r navigeringen s\u00e5 enkel for b\u00e5de nybegynnere og veteraner.<\/p>\n<p>The Run, l\u00f8rdag 12. starter og slutter n\u00e6r Malaga, med en ypperlig restaurant som avslutning p\u00e5 dagen.<\/p>\n<p>Nye medlemmer og gjester er velkomne p\u00e5 klubbarrangementer, selv om &laquo;nye&raquo; gjester har lov til \u00e5 delta i ett m\u00e5nedlig l\u00f8p for \u00e5 v\u00e6re sikker p\u00e5 at de liker det, og ingen har aldri hatt glede av dem, n\u00e5r de forventes \u00e5 bli med for \u00e5 nyte fremtidige arrangementer.<\/p>\n<p>Gjester er imidlertid alltid velkomne til klubbens sosiale arrangementer.<\/p>\n<p>Det er mange fordeler med klubbmedlemskap. Ikke bare overfloden av arrangementer, bilturer, sosiale aktiviteter og flerdagers bilturer, men ogs\u00e5 den ypperlige nettsiden som har en gratis klassifisert seksjon for medlemmer, en &laquo;trusted trader&raquo;-seksjon for slike mennesker som medlemmene trygt kan anbefale, samt DGT-kart over trafikk og fotobokser over hele Spania. Det finnes fasiliteter for sv\u00e6rt rimelig forsikring for klassiske biler, et galleri pf bilder fra alle arrangementer, og mer! Se www.csccspain.com Man kan bli medlem og betale abonnement gjennom denne nettsiden.<\/p>\n<p>Arrangementene i juli hadde v\u00e6rt sv\u00e6rt vellykkede, selv om mange begynte \u00e5 merke effekten av de raskt stigende temperaturene! L\u00f8pet var spesielt bra, med en ypperlig rute som gikk rundt Torcal og avsluttet med en ypperlig lunsj p\u00e5 La Bohemia in Coin. Heldigvis, en restaurant med flott klimaanlegg!<\/p>\n<p>I oktober blir klubben &laquo;voksen&raquo; ettersom den feirer 18 ekstremt vellykkede \u00e5r, og som alltid vil det v\u00e6re feiringer, en spesiell middag og en spesiell bilkj\u00f8ring \u00e5 nyte. Mer informasjon om disse arrangementene vil bli offentliggjort n\u00e6rmere tidspunktet.<\/p>\n<p>Mens vi snakker om hendelser i oktober, m\u00e5 vi nevne en fantastisk 5-dagers tur som finner sted mellom 12. og 16. den m\u00e5neden. L\u00f8pet vil inneholde omtrent fire av Parques Naturales (nasjonalparker) og vil krysse Sierra Nevadas, den fantastiske Alpujarras, Cazorla-parken og mer. Fire- og femstjerners hotell benyttes og det blir middager og lunsjer underveis. Arrangementene vil avsluttes med en veldig spesiell lunsj p\u00e5 det fabelaktige femstjerners Cortijo Bravo Hotel and restaurante n\u00e6r Velez-Malaga.<\/p>\n<p>Folk blir ofte overrasket over hvor rimelige disse turene kan v\u00e6re, og denne er intet unntak. Inngangsavgiften p\u00e5 \u20ac745 pp (forutsatt to deler) inkluderer frokost hver dag, fire- og femstjerners hoteller med sikker parkering, middager p\u00e5 de fleste netter med drinker og vin osv., profesjonelle roadbooks for enkel navigering, to team med arrang\u00f8rer til stede for \u00e5 hjelpe og en veldig spesiell lunsj for \u00e5 avslutte fredag \u200b\u200bettermiddag.<\/p>\n<p>Det vil ogs\u00e5 v\u00e6re et to-netters stopp i den fantastiske byen Granada med en &laquo;fest-middag&raquo; den ene kvelden og en &laquo;gratis&raquo; natt p\u00e5 den andre for \u00e5 tillate utforskning av Granada og dens fantastiske tapasbarer hvor alle drinker kommer med en anstendig tapa inkludert! Himmel!<\/p>\n<p>Du kan registrere deg for dette arrangementet ved \u00e5 g\u00e5 til enten www.csccspain.com eller til www.iberianmotoringevents.com og f\u00f8lge lenkene. Man kan til og med betale med kredittkort for \u00e5 registrere seg og sikre en inngang!<\/p>\n<p>Hvis du vil vite mer om disse arrangementene, vennligst send en e-post til csccspain@gmail.com.<\/p>\n<h2 class=\"Body\"><b><span lang=\"EN-US\">Formel 1<\/span><\/b><\/h2>\n<p>Dessverre er det ikke s\u00e5 mye \u00e5 skrive om siden sirkuset har v\u00e6rt stengt det meste av slutten av juli og august.<\/p>\n<p>Heldigvis startet andre halvdel av sesongen p\u00e5 nytt p\u00e5 Zandvoort i Holland forrige uke, hvor McLaren virkelig var tilbake i form og Glastonburys Lando Norris tok topplassen.<\/p>\n<p>Mercedes er rett der oppe og den (veldig) unge Kimi Antonelli leder fortsatt mesterskapet, etter en utmerket andreplass bak Lando i Holland.<\/p>\n<figure id=\"attachment_577498\" aria-describedby=\"caption-attachment-577498\" style=\"width: 1024px\" class=\"wp-caption aligncenter\"><figcaption id=\"caption-attachment-577498\" class=\"wp-caption-text\">Racerbane i Zandvoort, Nederland. Kreditt: Steve Photography\/Shutterstock<\/figcaption><\/figure>\n<p>Endelig viser Ferrari tegn p\u00e5 en gjenoppblomstring, og den ikke fullt s\u00e5 unge Lewis Hamilton har v\u00e6rt den raskeste av teamets to sj\u00e5f\u00f8rer i det meste av \u00e5ret s\u00e5 langt. Forh\u00e5pentligvis er det bare et sp\u00f8rsm\u00e5l om tid f\u00f8r briten f\u00e5r topplasseringen p\u00e5 pallen ettersom han har v\u00e6rt ganske n\u00e6r ved en rekke anledninger i \u00e5r. Ferrari trenger \u00e5 f\u00e5 orden p\u00e5 l\u00f8psstrategiene sine, noe som har v\u00e6rt et svakt punkt for dem selv om det ikke er s\u00e5 ille som i fjor!<\/p>\n<p>Spanias Carlos Sainz har hatt et voldsomt \u00e5r s\u00e5 langt i Williams, og til tross for rykter om det motsatte, har han signert for ytterligere to sesonger med det ikoniske laget i h\u00e5p om noe bedre neste \u00e5r. Det minner meg om det samme og de samme ordene i fjor&#8230; Sainz fortjener noen seire, og la oss h\u00e5pe at Williams mister en mengde vekt fra bilen og begynner \u00e5 vende tilbake til vinnerm\u00e5tene som de er s\u00e5 beundret og elsket for.<\/p>\n<p>Mer om dette neste m\u00e5ned!<\/p>\n<p>                    <!-- Originally published at https:\/\/euroweeklynews.com\/2026\/09\/02\/life-in-the-fast-lane-september\/ on 02 Sep 2026 at 9:00 by Ian Giles --><br \/>\n                    <!-- Article End -->\n                <\/div>\n","protected":false},"excerpt":{"rendered":"<p>Jeg ser for meg at du som meg sikkert har f\u00e5tt nok av den store<\/p>\n","protected":false},"author":1,"featured_media":21737,"comment_status":"closed","ping_status":"open","sticky":false,"template":"","format":"standard","meta":{"footnotes":""},"categories":[105],"tags":[14216,793,4418],"class_list":["post-21736","post","type-post","status-publish","format-standard","has-post-thumbnail","hentry","category-livsstil","tag-hurtigfeltet","tag-livet","tag-september","generate-columns","tablet-grid-50","mobile-grid-100","grid-parent","grid-33","resize-featured-image"],"yoast_head":"<!-- This site is optimized with the Yoast SEO plugin v24.4 - https:\/\/yoast.com\/wordpress\/plugins\/seo\/ -->\n<title>Livet i hurtigfeltet: september - Nordnesrepublikken<\/title>\n<meta name=\"robots\" content=\"index, follow, max-snippet:-1, max-image-preview:large, max-video-preview:-1\" \/>\n<link rel=\"canonical\" href=\"https:\/\/nordnesrepublikken.no\/index.php\/2026\/09\/03\/livet-i-hurtigfeltet-september\/\" \/>\n<meta property=\"og:locale\" content=\"nb_NO\" \/>\n<meta property=\"og:type\" content=\"article\" \/>\n<meta property=\"og:title\" content=\"Livet i hurtigfeltet: september - Nordnesrepublikken\" \/>\n<meta property=\"og:description\" content=\"Jeg ser for meg at du som meg sikkert har f\u00e5tt nok av den store\" \/>\n<meta property=\"og:url\" content=\"https:\/\/nordnesrepublikken.no\/index.php\/2026\/09\/03\/livet-i-hurtigfeltet-september\/\" \/>\n<meta property=\"og:site_name\" content=\"Nordnesrepublikken\" \/>\n<meta property=\"article:published_time\" content=\"2026-09-03T00:02:55+00:00\" \/>\n<meta property=\"article:modified_time\" content=\"2026-09-03T00:02:57+00:00\" \/>\n<meta property=\"og:image\" content=\"https:\/\/nordnesrepublikken.no\/wp-content\/uploads\/2026\/09\/1788393776_Livet-i-hurtigfeltet-september.jpg\" \/>\n\t<meta property=\"og:image:width\" content=\"1600\" \/>\n\t<meta property=\"og:image:height\" content=\"1068\" \/>\n\t<meta property=\"og:image:type\" content=\"image\/jpeg\" \/>\n<meta name=\"author\" content=\"Ole Andersen\" \/>\n<meta name=\"twitter:card\" content=\"summary_large_image\" \/>\n<meta name=\"twitter:label1\" content=\"Skrevet av\" \/>\n\t<meta name=\"twitter:data1\" content=\"Ole Andersen\" \/>\n\t<meta name=\"twitter:label2\" content=\"Ansl. lesetid\" \/>\n\t<meta name=\"twitter:data2\" content=\"5 minutter\" \/>\n<script type=\"application\/ld+json\" class=\"yoast-schema-graph\">{\"@context\":\"https:\/\/schema.org\",\"@graph\":[{\"@type\":\"Article\",\"@id\":\"https:\/\/nordnesrepublikken.no\/index.php\/2026\/09\/03\/livet-i-hurtigfeltet-september\/#article\",\"isPartOf\":{\"@id\":\"https:\/\/nordnesrepublikken.no\/index.php\/2026\/09\/03\/livet-i-hurtigfeltet-september\/\"},\"author\":{\"name\":\"Ole Andersen\",\"@id\":\"https:\/\/nordnesrepublikken.no\/#\/schema\/person\/2e7e81935bab77882fffb79296240ff1\"},\"headline\":\"Livet i hurtigfeltet: september\",\"datePublished\":\"2026-09-03T00:02:55+00:00\",\"dateModified\":\"2026-09-03T00:02:57+00:00\",\"mainEntityOfPage\":{\"@id\":\"https:\/\/nordnesrepublikken.no\/index.php\/2026\/09\/03\/livet-i-hurtigfeltet-september\/\"},\"wordCount\":1010,\"publisher\":{\"@id\":\"https:\/\/nordnesrepublikken.no\/#organization\"},\"image\":{\"@id\":\"https:\/\/nordnesrepublikken.no\/index.php\/2026\/09\/03\/livet-i-hurtigfeltet-september\/#primaryimage\"},\"thumbnailUrl\":\"https:\/\/nordnesrepublikken.no\/wp-content\/uploads\/2026\/09\/1788393776_Livet-i-hurtigfeltet-september.jpg\",\"keywords\":[\"hurtigfeltet\",\"livet\",\"september\"],\"articleSection\":[\"Livsstil\"],\"inLanguage\":\"nb-NO\"},{\"@type\":\"WebPage\",\"@id\":\"https:\/\/nordnesrepublikken.no\/index.php\/2026\/09\/03\/livet-i-hurtigfeltet-september\/\",\"url\":\"https:\/\/nordnesrepublikken.no\/index.php\/2026\/09\/03\/livet-i-hurtigfeltet-september\/\",\"name\":\"Livet i hurtigfeltet: september - Nordnesrepublikken\",\"isPartOf\":{\"@id\":\"https:\/\/nordnesrepublikken.no\/#website\"},\"primaryImageOfPage\":{\"@id\":\"https:\/\/nordnesrepublikken.no\/index.php\/2026\/09\/03\/livet-i-hurtigfeltet-september\/#primaryimage\"},\"image\":{\"@id\":\"https:\/\/nordnesrepublikken.no\/index.php\/2026\/09\/03\/livet-i-hurtigfeltet-september\/#primaryimage\"},\"thumbnailUrl\":\"https:\/\/nordnesrepublikken.no\/wp-content\/uploads\/2026\/09\/1788393776_Livet-i-hurtigfeltet-september.jpg\",\"datePublished\":\"2026-09-03T00:02:55+00:00\",\"dateModified\":\"2026-09-03T00:02:57+00:00\",\"breadcrumb\":{\"@id\":\"https:\/\/nordnesrepublikken.no\/index.php\/2026\/09\/03\/livet-i-hurtigfeltet-september\/#breadcrumb\"},\"inLanguage\":\"nb-NO\",\"potentialAction\":[{\"@type\":\"ReadAction\",\"target\":[\"https:\/\/nordnesrepublikken.no\/index.php\/2026\/09\/03\/livet-i-hurtigfeltet-september\/\"]}]},{\"@type\":\"ImageObject\",\"inLanguage\":\"nb-NO\",\"@id\":\"https:\/\/nordnesrepublikken.no\/index.php\/2026\/09\/03\/livet-i-hurtigfeltet-september\/#primaryimage\",\"url\":\"https:\/\/nordnesrepublikken.no\/wp-content\/uploads\/2026\/09\/1788393776_Livet-i-hurtigfeltet-september.jpg\",\"contentUrl\":\"https:\/\/nordnesrepublikken.no\/wp-content\/uploads\/2026\/09\/1788393776_Livet-i-hurtigfeltet-september.jpg\",\"width\":1600,\"height\":1068,\"caption\":\"Livet i hurtigfeltet: september\"},{\"@type\":\"BreadcrumbList\",\"@id\":\"https:\/\/nordnesrepublikken.no\/index.php\/2026\/09\/03\/livet-i-hurtigfeltet-september\/#breadcrumb\",\"itemListElement\":[{\"@type\":\"ListItem\",\"position\":1,\"name\":\"Home\",\"item\":\"https:\/\/nordnesrepublikken.no\/\"},{\"@type\":\"ListItem\",\"position\":2,\"name\":\"Livet i hurtigfeltet: september\"}]},{\"@type\":\"WebSite\",\"@id\":\"https:\/\/nordnesrepublikken.no\/#website\",\"url\":\"https:\/\/nordnesrepublikken.no\/\",\"name\":\"Nordnesrepublikken\",\"description\":\"Stemmer og Visjoner fra Republikkens Hjerte\",\"publisher\":{\"@id\":\"https:\/\/nordnesrepublikken.no\/#organization\"},\"potentialAction\":[{\"@type\":\"SearchAction\",\"target\":{\"@type\":\"EntryPoint\",\"urlTemplate\":\"https:\/\/nordnesrepublikken.no\/?s={search_term_string}\"},\"query-input\":{\"@type\":\"PropertyValueSpecification\",\"valueRequired\":true,\"valueName\":\"search_term_string\"}}],\"inLanguage\":\"nb-NO\"},{\"@type\":\"Organization\",\"@id\":\"https:\/\/nordnesrepublikken.no\/#organization\",\"name\":\"Nordnesrepublikken\",\"url\":\"https:\/\/nordnesrepublikken.no\/\",\"logo\":{\"@type\":\"ImageObject\",\"inLanguage\":\"nb-NO\",\"@id\":\"https:\/\/nordnesrepublikken.no\/#\/schema\/logo\/image\/\",\"url\":\"https:\/\/nordnesrepublikken.no\/wp-content\/uploads\/2025\/02\/cropped-nordnesrepublikken-2.png\",\"contentUrl\":\"https:\/\/nordnesrepublikken.no\/wp-content\/uploads\/2025\/02\/cropped-nordnesrepublikken-2.png\",\"width\":1248,\"height\":362,\"caption\":\"Nordnesrepublikken\"},\"image\":{\"@id\":\"https:\/\/nordnesrepublikken.no\/#\/schema\/logo\/image\/\"}},{\"@type\":\"Person\",\"@id\":\"https:\/\/nordnesrepublikken.no\/#\/schema\/person\/2e7e81935bab77882fffb79296240ff1\",\"name\":\"Ole Andersen\",\"image\":{\"@type\":\"ImageObject\",\"inLanguage\":\"nb-NO\",\"@id\":\"https:\/\/nordnesrepublikken.no\/#\/schema\/person\/image\/\",\"url\":\"https:\/\/nordnesrepublikken.no\/wp-content\/uploads\/2025\/02\/nordnesrepublikken-2-2-150x150.jpg\",\"contentUrl\":\"https:\/\/nordnesrepublikken.no\/wp-content\/uploads\/2025\/02\/nordnesrepublikken-2-2-150x150.jpg\",\"caption\":\"Ole Andersen\"},\"description\":\"Ettersom jeg vokste opp i Oslo, har jeg alltid v\u00e6rt fascinert av ordenes kraft og deres evne til \u00e5 skape endringer. Etter \u00e5 ha fullf\u00f8rt min utdannelse i kommunikasjon ved Universitetet i Bergen, fikk jeg muligheten til \u00e5 jobbe innen ulike medier, der jeg har s\u00f8kt \u00e5 belyse viktige samfunnssp\u00f8rsm\u00e5l. I dag, som redakt\u00f8r for Nordnesrepublikken, pr\u00f8ver jeg \u00e5 forene min kj\u00e6rlighet for journalistikk med min lidenskap for innovasjon og eventyr.\",\"sameAs\":[\"https:\/\/nordnesrepublikken.no\/\"]}]}<\/script>\n<!-- \/ Yoast SEO plugin. -->","yoast_head_json":{"title":"Livet i hurtigfeltet: september - Nordnesrepublikken","robots":{"index":"index","follow":"follow","max-snippet":"max-snippet:-1","max-image-preview":"max-image-preview:large","max-video-preview":"max-video-preview:-1"},"canonical":"https:\/\/nordnesrepublikken.no\/index.php\/2026\/09\/03\/livet-i-hurtigfeltet-september\/","og_locale":"nb_NO","og_type":"article","og_title":"Livet i hurtigfeltet: september - Nordnesrepublikken","og_description":"Jeg ser for meg at du som meg sikkert har f\u00e5tt nok av den store","og_url":"https:\/\/nordnesrepublikken.no\/index.php\/2026\/09\/03\/livet-i-hurtigfeltet-september\/","og_site_name":"Nordnesrepublikken","article_published_time":"2026-09-03T00:02:55+00:00","article_modified_time":"2026-09-03T00:02:57+00:00","og_image":[{"width":1600,"height":1068,"url":"https:\/\/nordnesrepublikken.no\/wp-content\/uploads\/2026\/09\/1788393776_Livet-i-hurtigfeltet-september.jpg","type":"image\/jpeg"}],"author":"Ole Andersen","twitter_card":"summary_large_image","twitter_misc":{"Skrevet av":"Ole Andersen","Ansl. lesetid":"5 minutter"},"schema":{"@context":"https:\/\/schema.org","@graph":[{"@type":"Article","@id":"https:\/\/nordnesrepublikken.no\/index.php\/2026\/09\/03\/livet-i-hurtigfeltet-september\/#article","isPartOf":{"@id":"https:\/\/nordnesrepublikken.no\/index.php\/2026\/09\/03\/livet-i-hurtigfeltet-september\/"},"author":{"name":"Ole Andersen","@id":"https:\/\/nordnesrepublikken.no\/#\/schema\/person\/2e7e81935bab77882fffb79296240ff1"},"headline":"Livet i hurtigfeltet: september","datePublished":"2026-09-03T00:02:55+00:00","dateModified":"2026-09-03T00:02:57+00:00","mainEntityOfPage":{"@id":"https:\/\/nordnesrepublikken.no\/index.php\/2026\/09\/03\/livet-i-hurtigfeltet-september\/"},"wordCount":1010,"publisher":{"@id":"https:\/\/nordnesrepublikken.no\/#organization"},"image":{"@id":"https:\/\/nordnesrepublikken.no\/index.php\/2026\/09\/03\/livet-i-hurtigfeltet-september\/#primaryimage"},"thumbnailUrl":"https:\/\/nordnesrepublikken.no\/wp-content\/uploads\/2026\/09\/1788393776_Livet-i-hurtigfeltet-september.jpg","keywords":["hurtigfeltet","livet","september"],"articleSection":["Livsstil"],"inLanguage":"nb-NO"},{"@type":"WebPage","@id":"https:\/\/nordnesrepublikken.no\/index.php\/2026\/09\/03\/livet-i-hurtigfeltet-september\/","url":"https:\/\/nordnesrepublikken.no\/index.php\/2026\/09\/03\/livet-i-hurtigfeltet-september\/","name":"Livet i hurtigfeltet: september - Nordnesrepublikken","isPartOf":{"@id":"https:\/\/nordnesrepublikken.no\/#website"},"primaryImageOfPage":{"@id":"https:\/\/nordnesrepublikken.no\/index.php\/2026\/09\/03\/livet-i-hurtigfeltet-september\/#primaryimage"},"image":{"@id":"https:\/\/nordnesrepublikken.no\/index.php\/2026\/09\/03\/livet-i-hurtigfeltet-september\/#primaryimage"},"thumbnailUrl":"https:\/\/nordnesrepublikken.no\/wp-content\/uploads\/2026\/09\/1788393776_Livet-i-hurtigfeltet-september.jpg","datePublished":"2026-09-03T00:02:55+00:00","dateModified":"2026-09-03T00:02:57+00:00","breadcrumb":{"@id":"https:\/\/nordnesrepublikken.no\/index.php\/2026\/09\/03\/livet-i-hurtigfeltet-september\/#breadcrumb"},"inLanguage":"nb-NO","potentialAction":[{"@type":"ReadAction","target":["https:\/\/nordnesrepublikken.no\/index.php\/2026\/09\/03\/livet-i-hurtigfeltet-september\/"]}]},{"@type":"ImageObject","inLanguage":"nb-NO","@id":"https:\/\/nordnesrepublikken.no\/index.php\/2026\/09\/03\/livet-i-hurtigfeltet-september\/#primaryimage","url":"https:\/\/nordnesrepublikken.no\/wp-content\/uploads\/2026\/09\/1788393776_Livet-i-hurtigfeltet-september.jpg","contentUrl":"https:\/\/nordnesrepublikken.no\/wp-content\/uploads\/2026\/09\/1788393776_Livet-i-hurtigfeltet-september.jpg","width":1600,"height":1068,"caption":"Livet i hurtigfeltet: september"},{"@type":"BreadcrumbList","@id":"https:\/\/nordnesrepublikken.no\/index.php\/2026\/09\/03\/livet-i-hurtigfeltet-september\/#breadcrumb","itemListElement":[{"@type":"ListItem","position":1,"name":"Home","item":"https:\/\/nordnesrepublikken.no\/"},{"@type":"ListItem","position":2,"name":"Livet i hurtigfeltet: september"}]},{"@type":"WebSite","@id":"https:\/\/nordnesrepublikken.no\/#website","url":"https:\/\/nordnesrepublikken.no\/","name":"Nordnesrepublikken","description":"Stemmer og Visjoner fra Republikkens Hjerte","publisher":{"@id":"https:\/\/nordnesrepublikken.no\/#organization"},"potentialAction":[{"@type":"SearchAction","target":{"@type":"EntryPoint","urlTemplate":"https:\/\/nordnesrepublikken.no\/?s={search_term_string}"},"query-input":{"@type":"PropertyValueSpecification","valueRequired":true,"valueName":"search_term_string"}}],"inLanguage":"nb-NO"},{"@type":"Organization","@id":"https:\/\/nordnesrepublikken.no\/#organization","name":"Nordnesrepublikken","url":"https:\/\/nordnesrepublikken.no\/","logo":{"@type":"ImageObject","inLanguage":"nb-NO","@id":"https:\/\/nordnesrepublikken.no\/#\/schema\/logo\/image\/","url":"https:\/\/nordnesrepublikken.no\/wp-content\/uploads\/2025\/02\/cropped-nordnesrepublikken-2.png","contentUrl":"https:\/\/nordnesrepublikken.no\/wp-content\/uploads\/2025\/02\/cropped-nordnesrepublikken-2.png","width":1248,"height":362,"caption":"Nordnesrepublikken"},"image":{"@id":"https:\/\/nordnesrepublikken.no\/#\/schema\/logo\/image\/"}},{"@type":"Person","@id":"https:\/\/nordnesrepublikken.no\/#\/schema\/person\/2e7e81935bab77882fffb79296240ff1","name":"Ole Andersen","image":{"@type":"ImageObject","inLanguage":"nb-NO","@id":"https:\/\/nordnesrepublikken.no\/#\/schema\/person\/image\/","url":"https:\/\/nordnesrepublikken.no\/wp-content\/uploads\/2025\/02\/nordnesrepublikken-2-2-150x150.jpg","contentUrl":"https:\/\/nordnesrepublikken.no\/wp-content\/uploads\/2025\/02\/nordnesrepublikken-2-2-150x150.jpg","caption":"Ole Andersen"},"description":"Ettersom jeg vokste opp i Oslo, har jeg alltid v\u00e6rt fascinert av ordenes kraft og deres evne til \u00e5 skape endringer. Etter \u00e5 ha fullf\u00f8rt min utdannelse i kommunikasjon ved Universitetet i Bergen, fikk jeg muligheten til \u00e5 jobbe innen ulike medier, der jeg har s\u00f8kt \u00e5 belyse viktige samfunnssp\u00f8rsm\u00e5l. I dag, som redakt\u00f8r for Nordnesrepublikken, pr\u00f8ver jeg \u00e5 forene min kj\u00e6rlighet for journalistikk med min lidenskap for innovasjon og eventyr.","sameAs":["https:\/\/nordnesrepublikken.no\/"]}]}},"_links":{"self":[{"href":"https:\/\/nordnesrepublikken.no\/index.php\/wp-json\/wp\/v2\/posts\/21736","targetHints":{"allow":["GET"]}}],"collection":[{"href":"https:\/\/nordnesrepublikken.no\/index.php\/wp-json\/wp\/v2\/posts"}],"about":[{"href":"https:\/\/nordnesrepublikken.no\/index.php\/wp-json\/wp\/v2\/types\/post"}],"author":[{"embeddable":true,"href":"https:\/\/nordnesrepublikken.no\/index.php\/wp-json\/wp\/v2\/users\/1"}],"replies":[{"embeddable":true,"href":"https:\/\/nordnesrepublikken.no\/index.php\/wp-json\/wp\/v2\/comments?post=21736"}],"version-history":[{"count":1,"href":"https:\/\/nordnesrepublikken.no\/index.php\/wp-json\/wp\/v2\/posts\/21736\/revisions"}],"predecessor-version":[{"id":21738,"href":"https:\/\/nordnesrepublikken.no\/index.php\/wp-json\/wp\/v2\/posts\/21736\/revisions\/21738"}],"wp:featuredmedia":[{"embeddable":true,"href":"https:\/\/nordnesrepublikken.no\/index.php\/wp-json\/wp\/v2\/media\/21737"}],"wp:attachment":[{"href":"https:\/\/nordnesrepublikken.no\/index.php\/wp-json\/wp\/v2\/media?parent=21736"}],"wp:term":[{"taxonomy":"category","embeddable":true,"href":"https:\/\/nordnesrepublikken.no\/index.php\/wp-json\/wp\/v2\/categories?post=21736"},{"taxonomy":"post_tag","embeddable":true,"href":"https:\/\/nordnesrepublikken.no\/index.php\/wp-json\/wp\/v2\/tags?post=21736"}],"curies":[{"name":"wp","href":"https:\/\/api.w.org\/{rel}","templated":true}]}}