{"id":21727,"date":"2026-09-02T20:03:00","date_gmt":"2026-09-02T18:03:00","guid":{"rendered":"https:\/\/nordnesrepublikken.no\/index.php\/2026\/09\/02\/hvor-kommer-fordommene-om-den-dumme-blondinen-fra-dens-opprinnelse-fra-1700-tallet-til-marilyn-monroe\/"},"modified":"2026-09-02T20:03:04","modified_gmt":"2026-09-02T18:03:04","slug":"hvor-kommer-fordommene-om-den-dumme-blondinen-fra-dens-opprinnelse-fra-1700-tallet-til-marilyn-monroe","status":"publish","type":"post","link":"https:\/\/nordnesrepublikken.no\/index.php\/2026\/09\/02\/hvor-kommer-fordommene-om-den-dumme-blondinen-fra-dens-opprinnelse-fra-1700-tallet-til-marilyn-monroe\/","title":{"rendered":"Hvor kommer fordommene om den &laquo;dumme blondinen&raquo; fra: dens opprinnelse fra 1700-tallet til Marilyn Monroe"},"content":{"rendered":"<div>\n<div class=\"cp_wrapper cp_wrapper--fw mb-30 mb-20@tablet\">\n<figure class=\"mm\"><picture class=\"img\" style=\"padding-top:56.25%\"><source  media=\"(min-width: 1024px)\"><source  media=\"(min-width: 768px)\"><\/source><\/source><\/picture><\/figure>\n<\/p><\/div>\n<p>Fordommen som \u00f8nsker den <strong>blond kvinne<\/strong> som<strong> tullete, lettbent og ikke s\u00e6rlig vittig<\/strong> den har ingen velbegrunnet basis: likevel har den i omtrent tre \u00e5rhundrer tilh\u00f8rt popul\u00e6rkulturen. Ideen om at en blond jente eller kvinne er uintelligent kommer fra en kombinasjon av <strong>historiske og kulturelle faktorer<\/strong>slik som ikonografien til engler, madonnaer og symbolske figurer med blondt h\u00e5r assosiert med ren femininitet, som deretter utviklet seg til en &laquo;h\u00e5n&raquo; av blondiner i <strong>Frankrike p\u00e5 slutten av 1700-tallet<\/strong>da en ber\u00f8mt blond kurtisane fikk for vane \u00e5 ikke snakke p\u00e5 h\u00f8ysamfunnsarrangementer, og en en-kvinnekarakter ble deretter opprettet <strong>komedie<\/strong> inspirert av henne, som ble ber\u00f8mt og bidro til spredningen av ideen. Videre, med den ber\u00f8mte filmen fra 1953, <strong><em>Herrer foretrekker blondiner<\/em><\/strong>  (Gentlemen Prefer Blondes), der Marilyn Monroe spiller <strong>Lorelei Lee<\/strong>en ambisi\u00f8s og overfladisk jente, og generelt med Hollywood-kino konsoliderer fordommene seg til det blir en del av popul\u00e6r tankegang.<\/p>\n<h2>Den historiske og sosiale ideen som ligger til grunn for tanken om blondiner<\/h2>\n<p>Blondt h\u00e5r er assosiert med ideen om <strong>lysstyrke og renhet<\/strong> siden antikken: bare tenk p\u00e5 de mange representasjonene av blonde engler, h\u00e5ret til Botticellis Spring og Venus, representasjonene av Madonnaen, ofte malt med langt blondt h\u00e5r.<\/p>\n<p>Den lyse fargen minner faktisk om lys, derfor renhet, symbolsk forst\u00e5tt som oppriktighet og godhet i hjertet: derfor ble ideen f\u00f8dt som forbinder blond med <strong>ungdom<\/strong> og kvinnelig skj\u00f8nnhet <strong>eterisk og ideelt<\/strong>.<\/p>\n<p>Det blonde h\u00e5ret blir derfor ett <strong>estetisk funksjon<\/strong> som, n\u00e5r den tilh\u00f8rer en kvinne, allerede identifiserer henne som et symbol, noe som sannsynligvis er grunnen til at det har v\u00e6rt spesielt oppmerksom p\u00e5 det gjennom \u00e5rhundrene.<\/p>\n<h2><em>Les Curiosities de la Foire<\/em> (1775), en teatralsk komedie som skaper fordommer<\/h2>\n<div class=\"cp_wrapper cp_wrapper--fw mb-50\">\n<figure class=\"mm\"><picture class=\"img\" style=\"padding-top:129.77011494253%\"><source  media=\"(min-width: 1024px)\"><source  media=\"(min-width: 768px)\"><img decoding=\"async\" loading=\"lazy\" src=\"https:\/\/nordnesrepublikken.no\/wp-content\/uploads\/2026\/09\/1788372180_150_Hvor-kommer-fordommene-om-den-dumme-blondinen-fra-dens-opprinnelse.jpg\" alt=\"Bilde\" width=\"870\" height=\"1129\"\/><\/source><\/source><\/picture><\/figure>\n<\/p><\/div>\n<p>Overgangen mellom blondt h\u00e5r som et nesten &laquo;uoppn\u00e5elig&raquo; ideal om renhet og skj\u00f8nnhet og assosiasjonen av <strong>&laquo;blond kvinne&raquo; er lik &laquo;tullete kvinne&raquo;<\/strong> finner offisielt sted p\u00e5 slutten av 1700-tallet takket v\u00e6re <strong>Rosalie Duthe<\/strong>ber\u00f8mt blond kurtisan-elsker av konger og fremtredende menn i det parisiske h\u00f8ysamfunnet. Rosalie l\u00e5nte ofte ut bildet sitt til portretter, til og med nakne, noe som bidro til \u00e5 gj\u00f8re utseendet hennes og det lyse h\u00e5ret ber\u00f8mt.<\/p>\n<p>Dessuten, for \u00e5 klare seg blant sladderene i det parisiske samfunnet, hadde Rosalie for vane \u00e5 gj\u00f8re det<strong> lange pauser f\u00f8r du snakker<\/strong>: denne egenskapen ga henne kallenavnet &laquo;stum blondine&raquo;, og f\u00f8lgelig ble hun kalt overfladisk og uintelligent.<\/p>\n<p>Foreningen &laquo;tullete\/naive blonde kvinne&raquo; g\u00e5r ned i historien takket v\u00e6re en karakter inspirert av Rosalie i stykket <strong><em>Les Curiosities de la Foire<\/em><\/strong>  (The Curiosities of the Fair) fremf\u00f8rt i 1775: hovedpersonen var faktisk en <strong>blond og dum kurtisane<\/strong>og kulturmodellen fra Frankrike begynte \u00e5 spre seg og festet seg i popul\u00e6re rykter som en h\u00e5n.<\/p>\n<h2><em>Menn foretrekker blondiner<\/em> (1925) konsoliderer ideen om den dumme blondinen<\/h2>\n<div class=\"cp_wrapper cp_wrapper--fw mb-50\">\n<figure class=\"mm\"><picture class=\"img\" style=\"padding-top:147.70833333333%\"><source  media=\"(min-width: 1024px)\"><source  media=\"(min-width: 768px)\"><img decoding=\"async\" loading=\"lazy\" src=\"https:\/\/nordnesrepublikken.no\/wp-content\/uploads\/2026\/09\/1788372180_312_Hvor-kommer-fordommene-om-den-dumme-blondinen-fra-dens-opprinnelse.jpg\" alt=\"Bilde\" width=\"960\" height=\"1418\" class=\"js-seedtag-img\"\/><\/source><\/source><\/picture><\/figure>\n<\/p><\/div>\n<p>De <strong>blond klisj\u00e9<\/strong> den konsoliderte seg deretter i l\u00f8pet av det 20. \u00e5rhundre med romanen <strong><em>Herrer foretrekker blondiner<\/em><\/strong>  (1925) av Anita Loos, senere tilpasset til en teaterkomedie og i 1953 til en film med <strong>Marilyn Monroe<\/strong>. Boken og filmen forteller historiene til <strong>Lorelei Lee<\/strong>ung blondine jager kj\u00e6rlighet med <strong>letthet og naivitet<\/strong>tiltrukket av luksus og penger.<\/p>\n<p>Boken til Anita Loos, stykket og deretter den ber\u00f8mte Hollywood-filmen bidro til \u00e5 \u00f8ke fordommene, akkurat som det skjedde p\u00e5 1700-tallet med den franske teaterkomedien inspirert av Rosalie Duth\u00e9, som demonstrerte hvordan, i spredningen av denne ideen, ogs\u00e5<strong>kommunikativt og medieaspekt<\/strong> spilte en bemerkelsesverdig rolle.<\/p>\n<p>Dette skjedde ogs\u00e5 fordi, \u00e5 tolke <strong>Lorelei Lee<\/strong>det ble valgt n\u00f8yaktig <strong>Marilyn Monroe<\/strong>utmerket seg til \u00e5 spille en karakter <strong>forf\u00f8rende og tilsynelatende overfladisk<\/strong>men i realiteten i stand til \u00e5 fremheve en interessant samfunnskritikk, som imidlertid holdt seg i bakgrunnen, mens fordommene mot den tullete blondinen i stedet konsoliderte seg &#8211; til tross for mangelen p\u00e5<strong> reelle forbindelser<\/strong>.<\/p>\n<h2>Blondiner i dag: medieutvikling og positive eksempler mot klisjeen<\/h2>\n<p>Fra 2000-tallet og utover har popkulturen med rette begynt \u00e5 dekonstruere fordommene mot blondiner. Filmen er ikonisk <strong><em>Lovlig blond<\/em><\/strong>  (p\u00e5 italiensk<em> Lovlig blond<\/em>) utgitt i Italia i 2002, hvor hovedpersonen Elle Woods, spilt av Reese Witherspoon, avvikler fordommer om blondiner \u00e9n etter \u00e9n ved \u00e5 ta fatt p\u00e5 en str\u00e5lende advokatkarriere som en utfordring for ekskj\u00e6resten, som ans\u00e5 henne som dum.<\/p>\n<p>I den ferske filmen av <em><strong>Barbie<\/strong><\/em>regissert av Greta Gerwig, utgitt i 2023, opplever den veldig blonde dukken fra Barbieland, hvor alle kvinnene er selvsikre og har stor suksess, \u00e5 m\u00f8te utfordringene og problemene ved \u00e5 v\u00e6re kvinne (og blondine!) i den virkelige verden. Filmen viser hvordan fordommer, forbrukerisme og giftig hensyn til fysisk utseende p\u00e5virker dagens tenkning: det endelige forslaget er et mer balansert og mindre overfladisk samfunn.<\/p>\n<\/p><\/div>\n","protected":false},"excerpt":{"rendered":"<p>Fordommen som \u00f8nsker den blond kvinne som tullete, lettbent og ikke s\u00e6rlig vittig den har<\/p>\n","protected":false},"author":1,"featured_media":21728,"comment_status":"closed","ping_status":"open","sticky":false,"template":"","format":"standard","meta":{"footnotes":""},"categories":[104],"tags":[14209,14208,74,1244,14207,14206,125,449,1046,11044,14210,1480,117],"class_list":["post-21727","post","type-post","status-publish","format-standard","has-post-thumbnail","hentry","category-samfunn","tag-1700tallet","tag-blondinen","tag-den","tag-dens","tag-dumme","tag-fordommene","tag-fra","tag-hvor","tag-kommer","tag-marilyn","tag-monroe","tag-opprinnelse","tag-til","generate-columns","tablet-grid-50","mobile-grid-100","grid-parent","grid-33","resize-featured-image"],"yoast_head":"<!-- This site is optimized with the Yoast SEO plugin v24.4 - https:\/\/yoast.com\/wordpress\/plugins\/seo\/ -->\n<title>Hvor kommer fordommene om den &quot;dumme blondinen&quot; fra: dens opprinnelse fra 1700-tallet til Marilyn Monroe - Nordnesrepublikken<\/title>\n<meta name=\"robots\" content=\"index, follow, max-snippet:-1, max-image-preview:large, max-video-preview:-1\" \/>\n<link rel=\"canonical\" href=\"https:\/\/nordnesrepublikken.no\/index.php\/2026\/09\/02\/hvor-kommer-fordommene-om-den-dumme-blondinen-fra-dens-opprinnelse-fra-1700-tallet-til-marilyn-monroe\/\" \/>\n<meta property=\"og:locale\" content=\"nb_NO\" \/>\n<meta property=\"og:type\" content=\"article\" \/>\n<meta property=\"og:title\" content=\"Hvor kommer fordommene om den &quot;dumme blondinen&quot; fra: dens opprinnelse fra 1700-tallet til Marilyn Monroe - Nordnesrepublikken\" \/>\n<meta property=\"og:description\" content=\"Fordommen som \u00f8nsker den blond kvinne som tullete, lettbent og ikke s\u00e6rlig vittig den har\" \/>\n<meta property=\"og:url\" content=\"https:\/\/nordnesrepublikken.no\/index.php\/2026\/09\/02\/hvor-kommer-fordommene-om-den-dumme-blondinen-fra-dens-opprinnelse-fra-1700-tallet-til-marilyn-monroe\/\" \/>\n<meta property=\"og:site_name\" content=\"Nordnesrepublikken\" \/>\n<meta property=\"article:published_time\" content=\"2026-09-02T18:03:00+00:00\" \/>\n<meta property=\"article:modified_time\" content=\"2026-09-02T18:03:04+00:00\" \/>\n<meta property=\"og:image\" content=\"https:\/\/nordnesrepublikken.no\/wp-content\/uploads\/2026\/09\/1788372182_Hvor-kommer-fordommene-om-den-dumme-blondinen-fra-dens-opprinnelse.jpg\" \/>\n\t<meta property=\"og:image:width\" content=\"2488\" \/>\n\t<meta property=\"og:image:height\" content=\"1536\" \/>\n\t<meta property=\"og:image:type\" content=\"image\/jpeg\" \/>\n<meta name=\"author\" content=\"Ole Andersen\" \/>\n<meta name=\"twitter:card\" content=\"summary_large_image\" \/>\n<meta name=\"twitter:label1\" content=\"Skrevet av\" \/>\n\t<meta name=\"twitter:data1\" content=\"Ole Andersen\" \/>\n\t<meta name=\"twitter:label2\" content=\"Ansl. lesetid\" \/>\n\t<meta name=\"twitter:data2\" content=\"4 minutter\" \/>\n<script type=\"application\/ld+json\" class=\"yoast-schema-graph\">{\"@context\":\"https:\/\/schema.org\",\"@graph\":[{\"@type\":\"Article\",\"@id\":\"https:\/\/nordnesrepublikken.no\/index.php\/2026\/09\/02\/hvor-kommer-fordommene-om-den-dumme-blondinen-fra-dens-opprinnelse-fra-1700-tallet-til-marilyn-monroe\/#article\",\"isPartOf\":{\"@id\":\"https:\/\/nordnesrepublikken.no\/index.php\/2026\/09\/02\/hvor-kommer-fordommene-om-den-dumme-blondinen-fra-dens-opprinnelse-fra-1700-tallet-til-marilyn-monroe\/\"},\"author\":{\"name\":\"Ole Andersen\",\"@id\":\"https:\/\/nordnesrepublikken.no\/#\/schema\/person\/2e7e81935bab77882fffb79296240ff1\"},\"headline\":\"Hvor kommer fordommene om den &laquo;dumme blondinen&raquo; fra: dens opprinnelse fra 1700-tallet til Marilyn Monroe\",\"datePublished\":\"2026-09-02T18:03:00+00:00\",\"dateModified\":\"2026-09-02T18:03:04+00:00\",\"mainEntityOfPage\":{\"@id\":\"https:\/\/nordnesrepublikken.no\/index.php\/2026\/09\/02\/hvor-kommer-fordommene-om-den-dumme-blondinen-fra-dens-opprinnelse-fra-1700-tallet-til-marilyn-monroe\/\"},\"wordCount\":784,\"publisher\":{\"@id\":\"https:\/\/nordnesrepublikken.no\/#organization\"},\"image\":{\"@id\":\"https:\/\/nordnesrepublikken.no\/index.php\/2026\/09\/02\/hvor-kommer-fordommene-om-den-dumme-blondinen-fra-dens-opprinnelse-fra-1700-tallet-til-marilyn-monroe\/#primaryimage\"},\"thumbnailUrl\":\"https:\/\/nordnesrepublikken.no\/wp-content\/uploads\/2026\/09\/1788372182_Hvor-kommer-fordommene-om-den-dumme-blondinen-fra-dens-opprinnelse.jpg\",\"keywords\":[\"1700tallet\",\"blondinen\",\"den\",\"dens\",\"dumme\",\"fordommene\",\"fra\",\"hvor\",\"kommer\",\"Marilyn\",\"Monroe\",\"Opprinnelse\",\"til\"],\"articleSection\":[\"Samfunn\"],\"inLanguage\":\"nb-NO\"},{\"@type\":\"WebPage\",\"@id\":\"https:\/\/nordnesrepublikken.no\/index.php\/2026\/09\/02\/hvor-kommer-fordommene-om-den-dumme-blondinen-fra-dens-opprinnelse-fra-1700-tallet-til-marilyn-monroe\/\",\"url\":\"https:\/\/nordnesrepublikken.no\/index.php\/2026\/09\/02\/hvor-kommer-fordommene-om-den-dumme-blondinen-fra-dens-opprinnelse-fra-1700-tallet-til-marilyn-monroe\/\",\"name\":\"Hvor kommer fordommene om den \\\"dumme blondinen\\\" fra: dens opprinnelse fra 1700-tallet til Marilyn Monroe - Nordnesrepublikken\",\"isPartOf\":{\"@id\":\"https:\/\/nordnesrepublikken.no\/#website\"},\"primaryImageOfPage\":{\"@id\":\"https:\/\/nordnesrepublikken.no\/index.php\/2026\/09\/02\/hvor-kommer-fordommene-om-den-dumme-blondinen-fra-dens-opprinnelse-fra-1700-tallet-til-marilyn-monroe\/#primaryimage\"},\"image\":{\"@id\":\"https:\/\/nordnesrepublikken.no\/index.php\/2026\/09\/02\/hvor-kommer-fordommene-om-den-dumme-blondinen-fra-dens-opprinnelse-fra-1700-tallet-til-marilyn-monroe\/#primaryimage\"},\"thumbnailUrl\":\"https:\/\/nordnesrepublikken.no\/wp-content\/uploads\/2026\/09\/1788372182_Hvor-kommer-fordommene-om-den-dumme-blondinen-fra-dens-opprinnelse.jpg\",\"datePublished\":\"2026-09-02T18:03:00+00:00\",\"dateModified\":\"2026-09-02T18:03:04+00:00\",\"breadcrumb\":{\"@id\":\"https:\/\/nordnesrepublikken.no\/index.php\/2026\/09\/02\/hvor-kommer-fordommene-om-den-dumme-blondinen-fra-dens-opprinnelse-fra-1700-tallet-til-marilyn-monroe\/#breadcrumb\"},\"inLanguage\":\"nb-NO\",\"potentialAction\":[{\"@type\":\"ReadAction\",\"target\":[\"https:\/\/nordnesrepublikken.no\/index.php\/2026\/09\/02\/hvor-kommer-fordommene-om-den-dumme-blondinen-fra-dens-opprinnelse-fra-1700-tallet-til-marilyn-monroe\/\"]}]},{\"@type\":\"ImageObject\",\"inLanguage\":\"nb-NO\",\"@id\":\"https:\/\/nordnesrepublikken.no\/index.php\/2026\/09\/02\/hvor-kommer-fordommene-om-den-dumme-blondinen-fra-dens-opprinnelse-fra-1700-tallet-til-marilyn-monroe\/#primaryimage\",\"url\":\"https:\/\/nordnesrepublikken.no\/wp-content\/uploads\/2026\/09\/1788372182_Hvor-kommer-fordommene-om-den-dumme-blondinen-fra-dens-opprinnelse.jpg\",\"contentUrl\":\"https:\/\/nordnesrepublikken.no\/wp-content\/uploads\/2026\/09\/1788372182_Hvor-kommer-fordommene-om-den-dumme-blondinen-fra-dens-opprinnelse.jpg\",\"width\":2488,\"height\":1536,\"caption\":\"Hvor kommer fordommene om den \\\"dumme blondinen\\\" fra: dens opprinnelse fra 1700-tallet til Marilyn Monroe\"},{\"@type\":\"BreadcrumbList\",\"@id\":\"https:\/\/nordnesrepublikken.no\/index.php\/2026\/09\/02\/hvor-kommer-fordommene-om-den-dumme-blondinen-fra-dens-opprinnelse-fra-1700-tallet-til-marilyn-monroe\/#breadcrumb\",\"itemListElement\":[{\"@type\":\"ListItem\",\"position\":1,\"name\":\"Home\",\"item\":\"https:\/\/nordnesrepublikken.no\/\"},{\"@type\":\"ListItem\",\"position\":2,\"name\":\"Hvor kommer fordommene om den &laquo;dumme blondinen&raquo; fra: dens opprinnelse fra 1700-tallet til Marilyn Monroe\"}]},{\"@type\":\"WebSite\",\"@id\":\"https:\/\/nordnesrepublikken.no\/#website\",\"url\":\"https:\/\/nordnesrepublikken.no\/\",\"name\":\"Nordnesrepublikken\",\"description\":\"Stemmer og Visjoner fra Republikkens Hjerte\",\"publisher\":{\"@id\":\"https:\/\/nordnesrepublikken.no\/#organization\"},\"potentialAction\":[{\"@type\":\"SearchAction\",\"target\":{\"@type\":\"EntryPoint\",\"urlTemplate\":\"https:\/\/nordnesrepublikken.no\/?s={search_term_string}\"},\"query-input\":{\"@type\":\"PropertyValueSpecification\",\"valueRequired\":true,\"valueName\":\"search_term_string\"}}],\"inLanguage\":\"nb-NO\"},{\"@type\":\"Organization\",\"@id\":\"https:\/\/nordnesrepublikken.no\/#organization\",\"name\":\"Nordnesrepublikken\",\"url\":\"https:\/\/nordnesrepublikken.no\/\",\"logo\":{\"@type\":\"ImageObject\",\"inLanguage\":\"nb-NO\",\"@id\":\"https:\/\/nordnesrepublikken.no\/#\/schema\/logo\/image\/\",\"url\":\"https:\/\/nordnesrepublikken.no\/wp-content\/uploads\/2025\/02\/cropped-nordnesrepublikken-2.png\",\"contentUrl\":\"https:\/\/nordnesrepublikken.no\/wp-content\/uploads\/2025\/02\/cropped-nordnesrepublikken-2.png\",\"width\":1248,\"height\":362,\"caption\":\"Nordnesrepublikken\"},\"image\":{\"@id\":\"https:\/\/nordnesrepublikken.no\/#\/schema\/logo\/image\/\"}},{\"@type\":\"Person\",\"@id\":\"https:\/\/nordnesrepublikken.no\/#\/schema\/person\/2e7e81935bab77882fffb79296240ff1\",\"name\":\"Ole Andersen\",\"image\":{\"@type\":\"ImageObject\",\"inLanguage\":\"nb-NO\",\"@id\":\"https:\/\/nordnesrepublikken.no\/#\/schema\/person\/image\/\",\"url\":\"https:\/\/nordnesrepublikken.no\/wp-content\/uploads\/2025\/02\/nordnesrepublikken-2-2-150x150.jpg\",\"contentUrl\":\"https:\/\/nordnesrepublikken.no\/wp-content\/uploads\/2025\/02\/nordnesrepublikken-2-2-150x150.jpg\",\"caption\":\"Ole Andersen\"},\"description\":\"Ettersom jeg vokste opp i Oslo, har jeg alltid v\u00e6rt fascinert av ordenes kraft og deres evne til \u00e5 skape endringer. Etter \u00e5 ha fullf\u00f8rt min utdannelse i kommunikasjon ved Universitetet i Bergen, fikk jeg muligheten til \u00e5 jobbe innen ulike medier, der jeg har s\u00f8kt \u00e5 belyse viktige samfunnssp\u00f8rsm\u00e5l. I dag, som redakt\u00f8r for Nordnesrepublikken, pr\u00f8ver jeg \u00e5 forene min kj\u00e6rlighet for journalistikk med min lidenskap for innovasjon og eventyr.\",\"sameAs\":[\"https:\/\/nordnesrepublikken.no\/\"]}]}<\/script>\n<!-- \/ Yoast SEO plugin. -->","yoast_head_json":{"title":"Hvor kommer fordommene om den \"dumme blondinen\" fra: dens opprinnelse fra 1700-tallet til Marilyn Monroe - Nordnesrepublikken","robots":{"index":"index","follow":"follow","max-snippet":"max-snippet:-1","max-image-preview":"max-image-preview:large","max-video-preview":"max-video-preview:-1"},"canonical":"https:\/\/nordnesrepublikken.no\/index.php\/2026\/09\/02\/hvor-kommer-fordommene-om-den-dumme-blondinen-fra-dens-opprinnelse-fra-1700-tallet-til-marilyn-monroe\/","og_locale":"nb_NO","og_type":"article","og_title":"Hvor kommer fordommene om den \"dumme blondinen\" fra: dens opprinnelse fra 1700-tallet til Marilyn Monroe - Nordnesrepublikken","og_description":"Fordommen som \u00f8nsker den blond kvinne som tullete, lettbent og ikke s\u00e6rlig vittig den har","og_url":"https:\/\/nordnesrepublikken.no\/index.php\/2026\/09\/02\/hvor-kommer-fordommene-om-den-dumme-blondinen-fra-dens-opprinnelse-fra-1700-tallet-til-marilyn-monroe\/","og_site_name":"Nordnesrepublikken","article_published_time":"2026-09-02T18:03:00+00:00","article_modified_time":"2026-09-02T18:03:04+00:00","og_image":[{"width":2488,"height":1536,"url":"https:\/\/nordnesrepublikken.no\/wp-content\/uploads\/2026\/09\/1788372182_Hvor-kommer-fordommene-om-den-dumme-blondinen-fra-dens-opprinnelse.jpg","type":"image\/jpeg"}],"author":"Ole Andersen","twitter_card":"summary_large_image","twitter_misc":{"Skrevet av":"Ole Andersen","Ansl. lesetid":"4 minutter"},"schema":{"@context":"https:\/\/schema.org","@graph":[{"@type":"Article","@id":"https:\/\/nordnesrepublikken.no\/index.php\/2026\/09\/02\/hvor-kommer-fordommene-om-den-dumme-blondinen-fra-dens-opprinnelse-fra-1700-tallet-til-marilyn-monroe\/#article","isPartOf":{"@id":"https:\/\/nordnesrepublikken.no\/index.php\/2026\/09\/02\/hvor-kommer-fordommene-om-den-dumme-blondinen-fra-dens-opprinnelse-fra-1700-tallet-til-marilyn-monroe\/"},"author":{"name":"Ole Andersen","@id":"https:\/\/nordnesrepublikken.no\/#\/schema\/person\/2e7e81935bab77882fffb79296240ff1"},"headline":"Hvor kommer fordommene om den &laquo;dumme blondinen&raquo; fra: dens opprinnelse fra 1700-tallet til Marilyn Monroe","datePublished":"2026-09-02T18:03:00+00:00","dateModified":"2026-09-02T18:03:04+00:00","mainEntityOfPage":{"@id":"https:\/\/nordnesrepublikken.no\/index.php\/2026\/09\/02\/hvor-kommer-fordommene-om-den-dumme-blondinen-fra-dens-opprinnelse-fra-1700-tallet-til-marilyn-monroe\/"},"wordCount":784,"publisher":{"@id":"https:\/\/nordnesrepublikken.no\/#organization"},"image":{"@id":"https:\/\/nordnesrepublikken.no\/index.php\/2026\/09\/02\/hvor-kommer-fordommene-om-den-dumme-blondinen-fra-dens-opprinnelse-fra-1700-tallet-til-marilyn-monroe\/#primaryimage"},"thumbnailUrl":"https:\/\/nordnesrepublikken.no\/wp-content\/uploads\/2026\/09\/1788372182_Hvor-kommer-fordommene-om-den-dumme-blondinen-fra-dens-opprinnelse.jpg","keywords":["1700tallet","blondinen","den","dens","dumme","fordommene","fra","hvor","kommer","Marilyn","Monroe","Opprinnelse","til"],"articleSection":["Samfunn"],"inLanguage":"nb-NO"},{"@type":"WebPage","@id":"https:\/\/nordnesrepublikken.no\/index.php\/2026\/09\/02\/hvor-kommer-fordommene-om-den-dumme-blondinen-fra-dens-opprinnelse-fra-1700-tallet-til-marilyn-monroe\/","url":"https:\/\/nordnesrepublikken.no\/index.php\/2026\/09\/02\/hvor-kommer-fordommene-om-den-dumme-blondinen-fra-dens-opprinnelse-fra-1700-tallet-til-marilyn-monroe\/","name":"Hvor kommer fordommene om den \"dumme blondinen\" fra: dens opprinnelse fra 1700-tallet til Marilyn Monroe - Nordnesrepublikken","isPartOf":{"@id":"https:\/\/nordnesrepublikken.no\/#website"},"primaryImageOfPage":{"@id":"https:\/\/nordnesrepublikken.no\/index.php\/2026\/09\/02\/hvor-kommer-fordommene-om-den-dumme-blondinen-fra-dens-opprinnelse-fra-1700-tallet-til-marilyn-monroe\/#primaryimage"},"image":{"@id":"https:\/\/nordnesrepublikken.no\/index.php\/2026\/09\/02\/hvor-kommer-fordommene-om-den-dumme-blondinen-fra-dens-opprinnelse-fra-1700-tallet-til-marilyn-monroe\/#primaryimage"},"thumbnailUrl":"https:\/\/nordnesrepublikken.no\/wp-content\/uploads\/2026\/09\/1788372182_Hvor-kommer-fordommene-om-den-dumme-blondinen-fra-dens-opprinnelse.jpg","datePublished":"2026-09-02T18:03:00+00:00","dateModified":"2026-09-02T18:03:04+00:00","breadcrumb":{"@id":"https:\/\/nordnesrepublikken.no\/index.php\/2026\/09\/02\/hvor-kommer-fordommene-om-den-dumme-blondinen-fra-dens-opprinnelse-fra-1700-tallet-til-marilyn-monroe\/#breadcrumb"},"inLanguage":"nb-NO","potentialAction":[{"@type":"ReadAction","target":["https:\/\/nordnesrepublikken.no\/index.php\/2026\/09\/02\/hvor-kommer-fordommene-om-den-dumme-blondinen-fra-dens-opprinnelse-fra-1700-tallet-til-marilyn-monroe\/"]}]},{"@type":"ImageObject","inLanguage":"nb-NO","@id":"https:\/\/nordnesrepublikken.no\/index.php\/2026\/09\/02\/hvor-kommer-fordommene-om-den-dumme-blondinen-fra-dens-opprinnelse-fra-1700-tallet-til-marilyn-monroe\/#primaryimage","url":"https:\/\/nordnesrepublikken.no\/wp-content\/uploads\/2026\/09\/1788372182_Hvor-kommer-fordommene-om-den-dumme-blondinen-fra-dens-opprinnelse.jpg","contentUrl":"https:\/\/nordnesrepublikken.no\/wp-content\/uploads\/2026\/09\/1788372182_Hvor-kommer-fordommene-om-den-dumme-blondinen-fra-dens-opprinnelse.jpg","width":2488,"height":1536,"caption":"Hvor kommer fordommene om den \"dumme blondinen\" fra: dens opprinnelse fra 1700-tallet til Marilyn Monroe"},{"@type":"BreadcrumbList","@id":"https:\/\/nordnesrepublikken.no\/index.php\/2026\/09\/02\/hvor-kommer-fordommene-om-den-dumme-blondinen-fra-dens-opprinnelse-fra-1700-tallet-til-marilyn-monroe\/#breadcrumb","itemListElement":[{"@type":"ListItem","position":1,"name":"Home","item":"https:\/\/nordnesrepublikken.no\/"},{"@type":"ListItem","position":2,"name":"Hvor kommer fordommene om den &laquo;dumme blondinen&raquo; fra: dens opprinnelse fra 1700-tallet til Marilyn Monroe"}]},{"@type":"WebSite","@id":"https:\/\/nordnesrepublikken.no\/#website","url":"https:\/\/nordnesrepublikken.no\/","name":"Nordnesrepublikken","description":"Stemmer og Visjoner fra Republikkens Hjerte","publisher":{"@id":"https:\/\/nordnesrepublikken.no\/#organization"},"potentialAction":[{"@type":"SearchAction","target":{"@type":"EntryPoint","urlTemplate":"https:\/\/nordnesrepublikken.no\/?s={search_term_string}"},"query-input":{"@type":"PropertyValueSpecification","valueRequired":true,"valueName":"search_term_string"}}],"inLanguage":"nb-NO"},{"@type":"Organization","@id":"https:\/\/nordnesrepublikken.no\/#organization","name":"Nordnesrepublikken","url":"https:\/\/nordnesrepublikken.no\/","logo":{"@type":"ImageObject","inLanguage":"nb-NO","@id":"https:\/\/nordnesrepublikken.no\/#\/schema\/logo\/image\/","url":"https:\/\/nordnesrepublikken.no\/wp-content\/uploads\/2025\/02\/cropped-nordnesrepublikken-2.png","contentUrl":"https:\/\/nordnesrepublikken.no\/wp-content\/uploads\/2025\/02\/cropped-nordnesrepublikken-2.png","width":1248,"height":362,"caption":"Nordnesrepublikken"},"image":{"@id":"https:\/\/nordnesrepublikken.no\/#\/schema\/logo\/image\/"}},{"@type":"Person","@id":"https:\/\/nordnesrepublikken.no\/#\/schema\/person\/2e7e81935bab77882fffb79296240ff1","name":"Ole Andersen","image":{"@type":"ImageObject","inLanguage":"nb-NO","@id":"https:\/\/nordnesrepublikken.no\/#\/schema\/person\/image\/","url":"https:\/\/nordnesrepublikken.no\/wp-content\/uploads\/2025\/02\/nordnesrepublikken-2-2-150x150.jpg","contentUrl":"https:\/\/nordnesrepublikken.no\/wp-content\/uploads\/2025\/02\/nordnesrepublikken-2-2-150x150.jpg","caption":"Ole Andersen"},"description":"Ettersom jeg vokste opp i Oslo, har jeg alltid v\u00e6rt fascinert av ordenes kraft og deres evne til \u00e5 skape endringer. Etter \u00e5 ha fullf\u00f8rt min utdannelse i kommunikasjon ved Universitetet i Bergen, fikk jeg muligheten til \u00e5 jobbe innen ulike medier, der jeg har s\u00f8kt \u00e5 belyse viktige samfunnssp\u00f8rsm\u00e5l. I dag, som redakt\u00f8r for Nordnesrepublikken, pr\u00f8ver jeg \u00e5 forene min kj\u00e6rlighet for journalistikk med min lidenskap for innovasjon og eventyr.","sameAs":["https:\/\/nordnesrepublikken.no\/"]}]}},"_links":{"self":[{"href":"https:\/\/nordnesrepublikken.no\/index.php\/wp-json\/wp\/v2\/posts\/21727","targetHints":{"allow":["GET"]}}],"collection":[{"href":"https:\/\/nordnesrepublikken.no\/index.php\/wp-json\/wp\/v2\/posts"}],"about":[{"href":"https:\/\/nordnesrepublikken.no\/index.php\/wp-json\/wp\/v2\/types\/post"}],"author":[{"embeddable":true,"href":"https:\/\/nordnesrepublikken.no\/index.php\/wp-json\/wp\/v2\/users\/1"}],"replies":[{"embeddable":true,"href":"https:\/\/nordnesrepublikken.no\/index.php\/wp-json\/wp\/v2\/comments?post=21727"}],"version-history":[{"count":1,"href":"https:\/\/nordnesrepublikken.no\/index.php\/wp-json\/wp\/v2\/posts\/21727\/revisions"}],"predecessor-version":[{"id":21729,"href":"https:\/\/nordnesrepublikken.no\/index.php\/wp-json\/wp\/v2\/posts\/21727\/revisions\/21729"}],"wp:featuredmedia":[{"embeddable":true,"href":"https:\/\/nordnesrepublikken.no\/index.php\/wp-json\/wp\/v2\/media\/21728"}],"wp:attachment":[{"href":"https:\/\/nordnesrepublikken.no\/index.php\/wp-json\/wp\/v2\/media?parent=21727"}],"wp:term":[{"taxonomy":"category","embeddable":true,"href":"https:\/\/nordnesrepublikken.no\/index.php\/wp-json\/wp\/v2\/categories?post=21727"},{"taxonomy":"post_tag","embeddable":true,"href":"https:\/\/nordnesrepublikken.no\/index.php\/wp-json\/wp\/v2\/tags?post=21727"}],"curies":[{"name":"wp","href":"https:\/\/api.w.org\/{rel}","templated":true}]}}