{"id":21722,"date":"2026-09-02T17:02:37","date_gmt":"2026-09-02T15:02:37","guid":{"rendered":"https:\/\/nordnesrepublikken.no\/index.php\/2026\/09\/02\/i-italia-ble-95-tusen-hektar-brent-i-2026-198-branner-pa-sicilia-alene-i-lopet-av-en-helg\/"},"modified":"2026-09-02T17:02:39","modified_gmt":"2026-09-02T15:02:39","slug":"i-italia-ble-95-tusen-hektar-brent-i-2026-198-branner-pa-sicilia-alene-i-lopet-av-en-helg","status":"publish","type":"post","link":"https:\/\/nordnesrepublikken.no\/index.php\/2026\/09\/02\/i-italia-ble-95-tusen-hektar-brent-i-2026-198-branner-pa-sicilia-alene-i-lopet-av-en-helg\/","title":{"rendered":"I Italia ble 95 tusen hektar brent i 2026: 198 branner p\u00e5 Sicilia alene i l\u00f8pet av en helg"},"content":{"rendered":"<div>\n<div class=\"cp_wrapper cp_wrapper--fw mb-30 mb-20@tablet\">\n<figure class=\"mm\"><picture class=\"img\" style=\"padding-top:56.25%\"><source  media=\"(min-width: 1024px)\"><source  media=\"(min-width: 768px)\"><\/source><\/source><\/picture><\/figure>\n<\/p><\/div>\n<p>Sicilia er fortsatt hovedpersonen i brannberedskapen i Italia. Mellom l\u00f8rdag 29. og s\u00f8ndag 30. august telte Regionale Skogbrukskorps <strong>198 branner<\/strong>med 20 autoriserte luftinngrep mellom Canadair og helikoptre, og 1. september ble brannb\u00f8lgen registrert <strong>det f\u00f8rste offeret<\/strong>: Salvatore Giglia, 26 \u00e5r gammel, d\u00f8de p\u00e5 Civic-sykehuset i Palermo av brannskader mens han fors\u00f8kte \u00e5 slukke brannen som br\u00f8t ut n\u00e6r hjemmet hans i Ciminna. Men den sicilianske krisen er bare den varmeste fronten av en sesong som satellittdata beskriver som eksepsjonell: if\u00f8lge utvinningen av EFFIS-data, det europeiske brannoverv\u00e5kingssystemet til Copernicus-programmet, <strong>per 26. august 2026 har 95 345 hektar g\u00e5tt opp i r\u00f8yk i Italia<\/strong>nesten det dobbelte av gjennomsnittet for 2006-2025 p\u00e5 samme dato (48 758 hektar) og <strong>et omr\u00e5de som n\u00e5 tilsvarer det som brant i hele 2025<\/strong>som med 96 539 hektar var det femte verste \u00e5ret siden 2006.<\/p>\n<p><iframe title=\"Interactive or visual content\" class=\"flourish-embed-iframe js-parse-embed\" frameborder=\"0\" scrolling=\"no\" style=\"width:100%;height:600px;\" sandbox=\"allow-same-origin allow-forms allow-scripts allow-downloads allow-popups allow-popups-to-escape-sandbox allow-top-navigation-by-user-activation\" data-type=\"generic-iframe\" data-src=\"https:\/\/flo.uri.sh\/visualisation\/30131233\/embed\"><\/iframe><\/p>\n<h2><strong>Hva skjer n\u00e5 p\u00e5 Sicilia: ingen provins spart<\/strong><\/h2>\n<p>P\u00e5 Sicilia utf\u00f8rte brannmennene <strong>over 800 intervensjoner siden fredag \u200b\u200b28. august<\/strong>med omtrent 750 enheter i drift pluss 120 brannkampanjeoperat\u00f8rer, f.eks <strong>alle ber\u00f8rte provinser<\/strong>. Flammene ber\u00f8rte mange hjem i Taormina og 1. september ble den vanskeligste dagen registrert i Messina-omr\u00e5det, med samtidige branner i Gallodoro, Letojanni, Taormina, Tortorici og fremfor alt Castelmola, hvor Canadair, Erickson og Falco helikoptre og forsterkninger fra kommandoene fra Syracuse, Enna grep inn.<\/p>\n<p>I Palermo krevde nedleggelsen av kj\u00f8pesenteret Conca d&#8217;Oro <strong>ti lag og et helikopter<\/strong>mens det regionale Sivilbeskyttelsen opprettholder <strong>det r\u00f8de varselet i provinsene Agrigento, Caltanissetta og Enna<\/strong> og den oransje i de seks andre. Regionspresidenten Renato Schifani har i mellomtiden forlenget forordningen om termisk stress til 30. september, som forbyr arbeid utsatt for sol mellom 12.30 og 16.00 i de mest utsatte sektorene.<\/p>\n<p>EFFIS publiserer ikke data p\u00e5 regional basis, men <strong>ISPRA overv\u00e5king<\/strong> bygget p\u00e5 de samme satellittobservasjoner fotografier vekten av <strong>Sicilia<\/strong>: Per 28. juli 2026 hadde \u00d8ya <strong>510 kvadratkilometer territorium<\/strong> dekket av brann av en nasjonal total p\u00e5 ca 741, og sammen med <strong>Calabria<\/strong> (78 km\u00b2) e <strong>Puglia<\/strong> (48 km\u00b2) konsentrerte 73 % av all den brente overflaten i Italia. Bare i Agrigento-provinsen har de forskjellige utbruddene n\u00e5dd mer enn 67 km\u00b2 <strong>9.400 fotballbaner.<\/strong><\/p>\n<h2><strong>Branner i Italia: brannen bremser, men slukker ikke, dataene<\/strong><\/h2>\n<p>Utenfor Sicilia er trykket lavere, men ikke mindre alarmerende. Ukentlig EFFIS-data viser at de brant i l\u00f8pet av de syv dagene som endte 26. august i Italia <strong>7.575 hektar<\/strong>nesten det dobbelte av det historiske gjennomsnittet for den perioden (4021): sensommerbrannen holder seg over vanlige niv\u00e5er. Bildet er imidlertid ikke ensartet. I Campania registrerte den regionale sivilbeskyttelsen 1 191 branner som dekket 2 239 hektar mellom 15. juni og 30. august, med <strong>321 f\u00e6rre branner enn i 2025<\/strong> og i Salerno-omr\u00e5det en 87 % reduksjon i overflatebrent. P\u00e5 Sardinia gikk imidlertid omtrent 10 tusen hektar opp i r\u00f8yk p\u00e5 seks m\u00e5neder med 1550 branner.<\/p>\n<p>P\u00e5 nasjonalt niv\u00e5 stengte det nasjonale brannvesenet august med nesten 74 tusen hektar beskyttet mot flammer og over en million samlede inngrep siden begynnelsen av \u00e5ret, og betalte ogs\u00e5 <strong>to liv<\/strong>: en luftredningsarbeider fra Alghero flyavdeling og en avdelingsleder bukket under for et hjerteinfarkt mens de koordinerte slukking av en brann i San Cataldo, i Nisseno-omr\u00e5det.<\/p>\n<p>\u00c5 rekomponere dette bildet er dessuten en \u00f8velse som hver organisasjon gj\u00f8r p\u00e5 egen h\u00e5nd: en regional bulletin her, en brannvesenet der, med omkretser og definisjoner som aldri faller sammen. <strong>Det Italia mangler er et offentlig og enhetlig informasjonssystem<\/strong>: \u00e5pne data, i nesten sanntid, tilgjengelig for innbyggere og journalister som EFFIS. Operativ overv\u00e5king eksisterer &#8211; regionale operasjonsrom, daglige farebulletiner fra Civil Protection, luftfl\u00e5te koordinert av Unified Air Operations Center &#8211; men <strong>for \u00e5 finne ut hvor mye landet brenner i dag, m\u00e5 du til Brussel<\/strong>: det er den europeiske plattformen, ikke en italiensk, som gir den eneste homogene og oppdaterte serien om nasjonale branner. Det er ingen tilfeldighet at Legambiente lenge har bedt regjeringen om et transparent nasjonalt system p\u00e5 EFFIS-Copernicus-modellen, med oppdaterte data om brente omr\u00e5der, skader og kostnader ved brannslukking og forebygging.<\/p>\n<h2><strong>Sommerens balanse: 2026 har allerede v\u00e6rt lik hele 2025<\/strong><\/h2>\n<p>EFFIS-dataene for Italia, tilgjengelig frem til 26. august, lar oss m\u00e5le sesongen med en homogen serie, som refererer til branner over 30 hektar. Totalen for 2026 er <strong>95 345 hektar, 96 % mer enn gjennomsnittet p\u00e5 tjue \u00e5r<\/strong> p\u00e5 samme dato. Tallet forblir under det historiske maksimumet for serien (146 017 hektar, n\u00e5dd i 2007), men banen forteller om et unormalt \u00e5r fra begynnelsen: allerede i uken 6. mai hadde de brent <strong>820 hektar p\u00e5 en dag<\/strong>den h\u00f8yeste verdien som noen gang er registrert i den perioden. Brytepunktet er imidlertid <strong>uke 22. juli, da 49.835 hektar gikk opp i r\u00f8yk p\u00e5 syv dager<\/strong>: Mer enn halvparten av alt areal brant i 2026, mer enn det dobbelte av det tidligere rekordh\u00f8ye for den uken (23 692 hektar) og \u00e5tte ganger gjennomsnittet.<\/p>\n<p><iframe title=\"Interactive or visual content\" class=\"flourish-embed-iframe js-parse-embed\" frameborder=\"0\" scrolling=\"no\" style=\"width:100%;height:600px;\" sandbox=\"allow-same-origin allow-forms allow-scripts allow-downloads allow-popups allow-popups-to-escape-sandbox allow-top-navigation-by-user-activation\" data-type=\"generic-iframe\" data-src=\"https:\/\/flo.uri.sh\/visualisation\/30131233\/embed\"><\/iframe><\/p>\n<p>Og den europeiske situasjonen er heller ikke den beste: Kontinentet brenner dobbelt s\u00e5 mye som normalt. <strong>637 901 hektar gikk opp i r\u00f8yk i unionen per 26. august, +104 % i gjennomsnitt<\/strong>men under rekorden for 2025 (983 367 p\u00e5 samme dato). Spania er p\u00e5 295 675 hektar, nesten fire ganger gjennomsnittet; <strong>Frankrike er det eneste store landet over det h\u00f8yeste niv\u00e5et p\u00e5 20 \u00e5r<\/strong>med 96 461 hektar mot en tidligere rekord p\u00e5 61 573: i absolutte tall har Frankrike i \u00e5r brent mer enn Italia.<\/p>\n<p><iframe title=\"Interactive or visual content\" class=\"flourish-embed-iframe js-parse-embed\" frameborder=\"0\" scrolling=\"no\" style=\"width:100%;height:600px;\" sandbox=\"allow-same-origin allow-forms allow-scripts allow-downloads allow-popups allow-popups-to-escape-sandbox allow-top-navigation-by-user-activation\" data-type=\"generic-iframe\" data-src=\"https:\/\/flo.uri.sh\/visualisation\/30131235\/embed\"><\/iframe><\/p>\n<h2>Han er mannen bak 98 % av brannene: \u00e5rsakene<\/h2>\n<p>I f\u00f8lge ISPRA-overv\u00e5king for 2025, i Italia <strong>naturlige \u00e5rsaker &#8211; hovedsakelig lyn &#8211; st\u00e5r for rundt 2% av brannene<\/strong>: alt annet er av antropogen opprinnelse. Det samme anslaget kommer fra Forestry Fire Prevention Information Unit av Forestry Carabinieri, if\u00f8lge hvilket <strong>ondsinnede og uaktsomme saker utgj\u00f8r omtrent 98 % av totalen.<\/strong> N\u00e5r vi pr\u00f8ver \u00e5 skille de to komponentene, indikerer tilgjengelige data en utbredelse av frivillighet: den siste Ecomafia-rapporten av Legambiente registrerer for 2024 et relativt flertall av brannstiftelser blant kriminalitetsrapportene (<strong>1 197 av 2 612, 45,8 %<\/strong>), 95 % mot ukjente personer, mens p\u00e5 Sardinia ansl\u00e5r Regional Forestry Corps for 2026 60 % av brannstiftelsene mot 40 % av uaktsomme branner.<\/p>\n<p>P\u00e5 den nasjonale 2026, derimot, <strong>et reelt budsjett eksisterer enn\u00e5 ikke<\/strong>: den offisielle inndelingen mellom forsettlig og uaktsomt er f\u00f8rst konsolidert ved slutten av \u00e5ret, med serien til Carabinieri Command for Forest Protection oppdatert til 31. desember og hendelsesfiler som kan publiseres opptil 45 dager etter hver brann. Det er en strukturell forsinkelse som gj\u00f8r det umulig i h\u00f8ysesongen \u00e5 si hvor mye av brannen som er kriminell.<\/p>\n<p>Og problemet er ikke bare italiensk. Den europeiske union kan kartlegge branner fra verdensrommet og koordinere hjelpearbeid p\u00e5 tvers av landegrensene, men <strong>har ingen felles forst\u00e5else av hvem som setter p\u00e5 brannen og hvorfor<\/strong>: det er ingen harmonisert definisjon av brannstiftelse, straffeloven forblir nasjonal jurisdiksjon og <strong>Eurostat produserer ikke sammenlignbar statistikk om fenomenet<\/strong>i motsetning til det som skjer med drap eller ran. EFFIS har utviklet vanlige kategorier for \u00e5rsaker, men kvaliteten og tilgjengeligheten til nasjonale data varierer for mye til \u00e5 tillate sammenligninger, og den europeiske revisjonsretten minner om at <strong>halvparten av skogbrannene har ukjent opphav<\/strong>; av den andre halvparten er kun 4 % naturlig. Noen land har i det minste fors\u00f8kt \u00e5 fjerne det \u00f8konomiske insentivet: <strong>Spania begrenser destinasjonen for brent skog i 30 \u00e5r, Portugal i 10<\/strong>for \u00e5 bryte syklusen som knytter ild til landspekulasjon. I Italia er det tilsvarende verkt\u00f8yet, registeret over omr\u00e5der ber\u00f8rt av brann i henhold til lov 353 av 2000, betrodd ofte forsinkede kommunale oppdateringer &#8211; og det er en av foresp\u00f8rslene som Legambiente har satt tilbake i sentrum av sin appell for en nasjonal brannforebyggingsplan basert p\u00e5 forebygging.<\/p>\n<\/p><\/div>\n","protected":false},"excerpt":{"rendered":"<p>Sicilia er fortsatt hovedpersonen i brannberedskapen i Italia. Mellom l\u00f8rdag 29. og s\u00f8ndag 30. august<\/p>\n","protected":false},"author":1,"featured_media":20254,"comment_status":"closed","ping_status":"open","sticky":false,"template":"","format":"standard","meta":{"footnotes":""},"categories":[26],"tags":[1787,373,8992,4254,4253,5265,437,251,81,82,5729],"class_list":["post-21722","post","type-post","status-publish","format-standard","has-post-thumbnail","hentry","category-miljo","tag-alene","tag-ble","tag-branner","tag-brent","tag-hektar","tag-helg","tag-italia","tag-lopet","tag-pa","tag-sicilia","tag-tusen","generate-columns","tablet-grid-50","mobile-grid-100","grid-parent","grid-33","resize-featured-image"],"yoast_head":"<!-- This site is optimized with the Yoast SEO plugin v24.4 - https:\/\/yoast.com\/wordpress\/plugins\/seo\/ -->\n<title>I Italia ble 95 tusen hektar brent i 2026: 198 branner p\u00e5 Sicilia alene i l\u00f8pet av en helg - Nordnesrepublikken<\/title>\n<meta name=\"robots\" content=\"index, follow, max-snippet:-1, max-image-preview:large, max-video-preview:-1\" \/>\n<link rel=\"canonical\" href=\"https:\/\/nordnesrepublikken.no\/index.php\/2026\/09\/02\/i-italia-ble-95-tusen-hektar-brent-i-2026-198-branner-pa-sicilia-alene-i-lopet-av-en-helg\/\" \/>\n<meta property=\"og:locale\" content=\"nb_NO\" \/>\n<meta property=\"og:type\" content=\"article\" \/>\n<meta property=\"og:title\" content=\"I Italia ble 95 tusen hektar brent i 2026: 198 branner p\u00e5 Sicilia alene i l\u00f8pet av en helg - Nordnesrepublikken\" \/>\n<meta property=\"og:description\" content=\"Sicilia er fortsatt hovedpersonen i brannberedskapen i Italia. Mellom l\u00f8rdag 29. og s\u00f8ndag 30. august\" \/>\n<meta property=\"og:url\" content=\"https:\/\/nordnesrepublikken.no\/index.php\/2026\/09\/02\/i-italia-ble-95-tusen-hektar-brent-i-2026-198-branner-pa-sicilia-alene-i-lopet-av-en-helg\/\" \/>\n<meta property=\"og:site_name\" content=\"Nordnesrepublikken\" \/>\n<meta property=\"article:published_time\" content=\"2026-09-02T15:02:37+00:00\" \/>\n<meta property=\"article:modified_time\" content=\"2026-09-02T15:02:39+00:00\" \/>\n<meta property=\"og:image\" content=\"https:\/\/nordnesrepublikken.no\/wp-content\/uploads\/2026\/07\/1784102559_Branner-i-Italia-2026-26-av-omradene-brant-sammenlignet.jpg\" \/>\n\t<meta property=\"og:image:width\" content=\"1472\" \/>\n\t<meta property=\"og:image:height\" content=\"968\" \/>\n\t<meta property=\"og:image:type\" content=\"image\/jpeg\" \/>\n<meta name=\"author\" content=\"Ole Andersen\" \/>\n<meta name=\"twitter:card\" content=\"summary_large_image\" \/>\n<meta name=\"twitter:label1\" content=\"Skrevet av\" \/>\n\t<meta name=\"twitter:data1\" content=\"Ole Andersen\" \/>\n\t<meta name=\"twitter:label2\" content=\"Ansl. lesetid\" \/>\n\t<meta name=\"twitter:data2\" content=\"6 minutter\" \/>\n<script type=\"application\/ld+json\" class=\"yoast-schema-graph\">{\"@context\":\"https:\/\/schema.org\",\"@graph\":[{\"@type\":\"Article\",\"@id\":\"https:\/\/nordnesrepublikken.no\/index.php\/2026\/09\/02\/i-italia-ble-95-tusen-hektar-brent-i-2026-198-branner-pa-sicilia-alene-i-lopet-av-en-helg\/#article\",\"isPartOf\":{\"@id\":\"https:\/\/nordnesrepublikken.no\/index.php\/2026\/09\/02\/i-italia-ble-95-tusen-hektar-brent-i-2026-198-branner-pa-sicilia-alene-i-lopet-av-en-helg\/\"},\"author\":{\"name\":\"Ole Andersen\",\"@id\":\"https:\/\/nordnesrepublikken.no\/#\/schema\/person\/2e7e81935bab77882fffb79296240ff1\"},\"headline\":\"I Italia ble 95 tusen hektar brent i 2026: 198 branner p\u00e5 Sicilia alene i l\u00f8pet av en helg\",\"datePublished\":\"2026-09-02T15:02:37+00:00\",\"dateModified\":\"2026-09-02T15:02:39+00:00\",\"mainEntityOfPage\":{\"@id\":\"https:\/\/nordnesrepublikken.no\/index.php\/2026\/09\/02\/i-italia-ble-95-tusen-hektar-brent-i-2026-198-branner-pa-sicilia-alene-i-lopet-av-en-helg\/\"},\"wordCount\":1204,\"publisher\":{\"@id\":\"https:\/\/nordnesrepublikken.no\/#organization\"},\"image\":{\"@id\":\"https:\/\/nordnesrepublikken.no\/index.php\/2026\/09\/02\/i-italia-ble-95-tusen-hektar-brent-i-2026-198-branner-pa-sicilia-alene-i-lopet-av-en-helg\/#primaryimage\"},\"thumbnailUrl\":\"https:\/\/nordnesrepublikken.no\/wp-content\/uploads\/2026\/07\/1784102559_Branner-i-Italia-2026-26-av-omradene-brant-sammenlignet.jpg\",\"keywords\":[\"alene\",\"ble\",\"branner\",\"brent\",\"hektar\",\"helg\",\"Italia\",\"l\u00f8pet\",\"p\u00e5\",\"Sicilia\",\"tusen\"],\"articleSection\":[\"Milj\u00f8\"],\"inLanguage\":\"nb-NO\"},{\"@type\":\"WebPage\",\"@id\":\"https:\/\/nordnesrepublikken.no\/index.php\/2026\/09\/02\/i-italia-ble-95-tusen-hektar-brent-i-2026-198-branner-pa-sicilia-alene-i-lopet-av-en-helg\/\",\"url\":\"https:\/\/nordnesrepublikken.no\/index.php\/2026\/09\/02\/i-italia-ble-95-tusen-hektar-brent-i-2026-198-branner-pa-sicilia-alene-i-lopet-av-en-helg\/\",\"name\":\"I Italia ble 95 tusen hektar brent i 2026: 198 branner p\u00e5 Sicilia alene i l\u00f8pet av en helg - Nordnesrepublikken\",\"isPartOf\":{\"@id\":\"https:\/\/nordnesrepublikken.no\/#website\"},\"primaryImageOfPage\":{\"@id\":\"https:\/\/nordnesrepublikken.no\/index.php\/2026\/09\/02\/i-italia-ble-95-tusen-hektar-brent-i-2026-198-branner-pa-sicilia-alene-i-lopet-av-en-helg\/#primaryimage\"},\"image\":{\"@id\":\"https:\/\/nordnesrepublikken.no\/index.php\/2026\/09\/02\/i-italia-ble-95-tusen-hektar-brent-i-2026-198-branner-pa-sicilia-alene-i-lopet-av-en-helg\/#primaryimage\"},\"thumbnailUrl\":\"https:\/\/nordnesrepublikken.no\/wp-content\/uploads\/2026\/07\/1784102559_Branner-i-Italia-2026-26-av-omradene-brant-sammenlignet.jpg\",\"datePublished\":\"2026-09-02T15:02:37+00:00\",\"dateModified\":\"2026-09-02T15:02:39+00:00\",\"breadcrumb\":{\"@id\":\"https:\/\/nordnesrepublikken.no\/index.php\/2026\/09\/02\/i-italia-ble-95-tusen-hektar-brent-i-2026-198-branner-pa-sicilia-alene-i-lopet-av-en-helg\/#breadcrumb\"},\"inLanguage\":\"nb-NO\",\"potentialAction\":[{\"@type\":\"ReadAction\",\"target\":[\"https:\/\/nordnesrepublikken.no\/index.php\/2026\/09\/02\/i-italia-ble-95-tusen-hektar-brent-i-2026-198-branner-pa-sicilia-alene-i-lopet-av-en-helg\/\"]}]},{\"@type\":\"ImageObject\",\"inLanguage\":\"nb-NO\",\"@id\":\"https:\/\/nordnesrepublikken.no\/index.php\/2026\/09\/02\/i-italia-ble-95-tusen-hektar-brent-i-2026-198-branner-pa-sicilia-alene-i-lopet-av-en-helg\/#primaryimage\",\"url\":\"https:\/\/nordnesrepublikken.no\/wp-content\/uploads\/2026\/07\/1784102559_Branner-i-Italia-2026-26-av-omradene-brant-sammenlignet.jpg\",\"contentUrl\":\"https:\/\/nordnesrepublikken.no\/wp-content\/uploads\/2026\/07\/1784102559_Branner-i-Italia-2026-26-av-omradene-brant-sammenlignet.jpg\",\"width\":1472,\"height\":968,\"caption\":\"Branner i Italia 2026, +26 % av omr\u00e5dene brant sammenlignet med gjennomsnittet: situasjonen i dag og de mest ber\u00f8rte omr\u00e5dene\"},{\"@type\":\"BreadcrumbList\",\"@id\":\"https:\/\/nordnesrepublikken.no\/index.php\/2026\/09\/02\/i-italia-ble-95-tusen-hektar-brent-i-2026-198-branner-pa-sicilia-alene-i-lopet-av-en-helg\/#breadcrumb\",\"itemListElement\":[{\"@type\":\"ListItem\",\"position\":1,\"name\":\"Home\",\"item\":\"https:\/\/nordnesrepublikken.no\/\"},{\"@type\":\"ListItem\",\"position\":2,\"name\":\"I Italia ble 95 tusen hektar brent i 2026: 198 branner p\u00e5 Sicilia alene i l\u00f8pet av en helg\"}]},{\"@type\":\"WebSite\",\"@id\":\"https:\/\/nordnesrepublikken.no\/#website\",\"url\":\"https:\/\/nordnesrepublikken.no\/\",\"name\":\"Nordnesrepublikken\",\"description\":\"Stemmer og Visjoner fra Republikkens Hjerte\",\"publisher\":{\"@id\":\"https:\/\/nordnesrepublikken.no\/#organization\"},\"potentialAction\":[{\"@type\":\"SearchAction\",\"target\":{\"@type\":\"EntryPoint\",\"urlTemplate\":\"https:\/\/nordnesrepublikken.no\/?s={search_term_string}\"},\"query-input\":{\"@type\":\"PropertyValueSpecification\",\"valueRequired\":true,\"valueName\":\"search_term_string\"}}],\"inLanguage\":\"nb-NO\"},{\"@type\":\"Organization\",\"@id\":\"https:\/\/nordnesrepublikken.no\/#organization\",\"name\":\"Nordnesrepublikken\",\"url\":\"https:\/\/nordnesrepublikken.no\/\",\"logo\":{\"@type\":\"ImageObject\",\"inLanguage\":\"nb-NO\",\"@id\":\"https:\/\/nordnesrepublikken.no\/#\/schema\/logo\/image\/\",\"url\":\"https:\/\/nordnesrepublikken.no\/wp-content\/uploads\/2025\/02\/cropped-nordnesrepublikken-2.png\",\"contentUrl\":\"https:\/\/nordnesrepublikken.no\/wp-content\/uploads\/2025\/02\/cropped-nordnesrepublikken-2.png\",\"width\":1248,\"height\":362,\"caption\":\"Nordnesrepublikken\"},\"image\":{\"@id\":\"https:\/\/nordnesrepublikken.no\/#\/schema\/logo\/image\/\"}},{\"@type\":\"Person\",\"@id\":\"https:\/\/nordnesrepublikken.no\/#\/schema\/person\/2e7e81935bab77882fffb79296240ff1\",\"name\":\"Ole Andersen\",\"image\":{\"@type\":\"ImageObject\",\"inLanguage\":\"nb-NO\",\"@id\":\"https:\/\/nordnesrepublikken.no\/#\/schema\/person\/image\/\",\"url\":\"https:\/\/nordnesrepublikken.no\/wp-content\/uploads\/2025\/02\/nordnesrepublikken-2-2-150x150.jpg\",\"contentUrl\":\"https:\/\/nordnesrepublikken.no\/wp-content\/uploads\/2025\/02\/nordnesrepublikken-2-2-150x150.jpg\",\"caption\":\"Ole Andersen\"},\"description\":\"Ettersom jeg vokste opp i Oslo, har jeg alltid v\u00e6rt fascinert av ordenes kraft og deres evne til \u00e5 skape endringer. Etter \u00e5 ha fullf\u00f8rt min utdannelse i kommunikasjon ved Universitetet i Bergen, fikk jeg muligheten til \u00e5 jobbe innen ulike medier, der jeg har s\u00f8kt \u00e5 belyse viktige samfunnssp\u00f8rsm\u00e5l. I dag, som redakt\u00f8r for Nordnesrepublikken, pr\u00f8ver jeg \u00e5 forene min kj\u00e6rlighet for journalistikk med min lidenskap for innovasjon og eventyr.\",\"sameAs\":[\"https:\/\/nordnesrepublikken.no\/\"]}]}<\/script>\n<!-- \/ Yoast SEO plugin. -->","yoast_head_json":{"title":"I Italia ble 95 tusen hektar brent i 2026: 198 branner p\u00e5 Sicilia alene i l\u00f8pet av en helg - Nordnesrepublikken","robots":{"index":"index","follow":"follow","max-snippet":"max-snippet:-1","max-image-preview":"max-image-preview:large","max-video-preview":"max-video-preview:-1"},"canonical":"https:\/\/nordnesrepublikken.no\/index.php\/2026\/09\/02\/i-italia-ble-95-tusen-hektar-brent-i-2026-198-branner-pa-sicilia-alene-i-lopet-av-en-helg\/","og_locale":"nb_NO","og_type":"article","og_title":"I Italia ble 95 tusen hektar brent i 2026: 198 branner p\u00e5 Sicilia alene i l\u00f8pet av en helg - Nordnesrepublikken","og_description":"Sicilia er fortsatt hovedpersonen i brannberedskapen i Italia. Mellom l\u00f8rdag 29. og s\u00f8ndag 30. august","og_url":"https:\/\/nordnesrepublikken.no\/index.php\/2026\/09\/02\/i-italia-ble-95-tusen-hektar-brent-i-2026-198-branner-pa-sicilia-alene-i-lopet-av-en-helg\/","og_site_name":"Nordnesrepublikken","article_published_time":"2026-09-02T15:02:37+00:00","article_modified_time":"2026-09-02T15:02:39+00:00","og_image":[{"width":1472,"height":968,"url":"https:\/\/nordnesrepublikken.no\/wp-content\/uploads\/2026\/07\/1784102559_Branner-i-Italia-2026-26-av-omradene-brant-sammenlignet.jpg","type":"image\/jpeg"}],"author":"Ole Andersen","twitter_card":"summary_large_image","twitter_misc":{"Skrevet av":"Ole Andersen","Ansl. lesetid":"6 minutter"},"schema":{"@context":"https:\/\/schema.org","@graph":[{"@type":"Article","@id":"https:\/\/nordnesrepublikken.no\/index.php\/2026\/09\/02\/i-italia-ble-95-tusen-hektar-brent-i-2026-198-branner-pa-sicilia-alene-i-lopet-av-en-helg\/#article","isPartOf":{"@id":"https:\/\/nordnesrepublikken.no\/index.php\/2026\/09\/02\/i-italia-ble-95-tusen-hektar-brent-i-2026-198-branner-pa-sicilia-alene-i-lopet-av-en-helg\/"},"author":{"name":"Ole Andersen","@id":"https:\/\/nordnesrepublikken.no\/#\/schema\/person\/2e7e81935bab77882fffb79296240ff1"},"headline":"I Italia ble 95 tusen hektar brent i 2026: 198 branner p\u00e5 Sicilia alene i l\u00f8pet av en helg","datePublished":"2026-09-02T15:02:37+00:00","dateModified":"2026-09-02T15:02:39+00:00","mainEntityOfPage":{"@id":"https:\/\/nordnesrepublikken.no\/index.php\/2026\/09\/02\/i-italia-ble-95-tusen-hektar-brent-i-2026-198-branner-pa-sicilia-alene-i-lopet-av-en-helg\/"},"wordCount":1204,"publisher":{"@id":"https:\/\/nordnesrepublikken.no\/#organization"},"image":{"@id":"https:\/\/nordnesrepublikken.no\/index.php\/2026\/09\/02\/i-italia-ble-95-tusen-hektar-brent-i-2026-198-branner-pa-sicilia-alene-i-lopet-av-en-helg\/#primaryimage"},"thumbnailUrl":"https:\/\/nordnesrepublikken.no\/wp-content\/uploads\/2026\/07\/1784102559_Branner-i-Italia-2026-26-av-omradene-brant-sammenlignet.jpg","keywords":["alene","ble","branner","brent","hektar","helg","Italia","l\u00f8pet","p\u00e5","Sicilia","tusen"],"articleSection":["Milj\u00f8"],"inLanguage":"nb-NO"},{"@type":"WebPage","@id":"https:\/\/nordnesrepublikken.no\/index.php\/2026\/09\/02\/i-italia-ble-95-tusen-hektar-brent-i-2026-198-branner-pa-sicilia-alene-i-lopet-av-en-helg\/","url":"https:\/\/nordnesrepublikken.no\/index.php\/2026\/09\/02\/i-italia-ble-95-tusen-hektar-brent-i-2026-198-branner-pa-sicilia-alene-i-lopet-av-en-helg\/","name":"I Italia ble 95 tusen hektar brent i 2026: 198 branner p\u00e5 Sicilia alene i l\u00f8pet av en helg - Nordnesrepublikken","isPartOf":{"@id":"https:\/\/nordnesrepublikken.no\/#website"},"primaryImageOfPage":{"@id":"https:\/\/nordnesrepublikken.no\/index.php\/2026\/09\/02\/i-italia-ble-95-tusen-hektar-brent-i-2026-198-branner-pa-sicilia-alene-i-lopet-av-en-helg\/#primaryimage"},"image":{"@id":"https:\/\/nordnesrepublikken.no\/index.php\/2026\/09\/02\/i-italia-ble-95-tusen-hektar-brent-i-2026-198-branner-pa-sicilia-alene-i-lopet-av-en-helg\/#primaryimage"},"thumbnailUrl":"https:\/\/nordnesrepublikken.no\/wp-content\/uploads\/2026\/07\/1784102559_Branner-i-Italia-2026-26-av-omradene-brant-sammenlignet.jpg","datePublished":"2026-09-02T15:02:37+00:00","dateModified":"2026-09-02T15:02:39+00:00","breadcrumb":{"@id":"https:\/\/nordnesrepublikken.no\/index.php\/2026\/09\/02\/i-italia-ble-95-tusen-hektar-brent-i-2026-198-branner-pa-sicilia-alene-i-lopet-av-en-helg\/#breadcrumb"},"inLanguage":"nb-NO","potentialAction":[{"@type":"ReadAction","target":["https:\/\/nordnesrepublikken.no\/index.php\/2026\/09\/02\/i-italia-ble-95-tusen-hektar-brent-i-2026-198-branner-pa-sicilia-alene-i-lopet-av-en-helg\/"]}]},{"@type":"ImageObject","inLanguage":"nb-NO","@id":"https:\/\/nordnesrepublikken.no\/index.php\/2026\/09\/02\/i-italia-ble-95-tusen-hektar-brent-i-2026-198-branner-pa-sicilia-alene-i-lopet-av-en-helg\/#primaryimage","url":"https:\/\/nordnesrepublikken.no\/wp-content\/uploads\/2026\/07\/1784102559_Branner-i-Italia-2026-26-av-omradene-brant-sammenlignet.jpg","contentUrl":"https:\/\/nordnesrepublikken.no\/wp-content\/uploads\/2026\/07\/1784102559_Branner-i-Italia-2026-26-av-omradene-brant-sammenlignet.jpg","width":1472,"height":968,"caption":"Branner i Italia 2026, +26 % av omr\u00e5dene brant sammenlignet med gjennomsnittet: situasjonen i dag og de mest ber\u00f8rte omr\u00e5dene"},{"@type":"BreadcrumbList","@id":"https:\/\/nordnesrepublikken.no\/index.php\/2026\/09\/02\/i-italia-ble-95-tusen-hektar-brent-i-2026-198-branner-pa-sicilia-alene-i-lopet-av-en-helg\/#breadcrumb","itemListElement":[{"@type":"ListItem","position":1,"name":"Home","item":"https:\/\/nordnesrepublikken.no\/"},{"@type":"ListItem","position":2,"name":"I Italia ble 95 tusen hektar brent i 2026: 198 branner p\u00e5 Sicilia alene i l\u00f8pet av en helg"}]},{"@type":"WebSite","@id":"https:\/\/nordnesrepublikken.no\/#website","url":"https:\/\/nordnesrepublikken.no\/","name":"Nordnesrepublikken","description":"Stemmer og Visjoner fra Republikkens Hjerte","publisher":{"@id":"https:\/\/nordnesrepublikken.no\/#organization"},"potentialAction":[{"@type":"SearchAction","target":{"@type":"EntryPoint","urlTemplate":"https:\/\/nordnesrepublikken.no\/?s={search_term_string}"},"query-input":{"@type":"PropertyValueSpecification","valueRequired":true,"valueName":"search_term_string"}}],"inLanguage":"nb-NO"},{"@type":"Organization","@id":"https:\/\/nordnesrepublikken.no\/#organization","name":"Nordnesrepublikken","url":"https:\/\/nordnesrepublikken.no\/","logo":{"@type":"ImageObject","inLanguage":"nb-NO","@id":"https:\/\/nordnesrepublikken.no\/#\/schema\/logo\/image\/","url":"https:\/\/nordnesrepublikken.no\/wp-content\/uploads\/2025\/02\/cropped-nordnesrepublikken-2.png","contentUrl":"https:\/\/nordnesrepublikken.no\/wp-content\/uploads\/2025\/02\/cropped-nordnesrepublikken-2.png","width":1248,"height":362,"caption":"Nordnesrepublikken"},"image":{"@id":"https:\/\/nordnesrepublikken.no\/#\/schema\/logo\/image\/"}},{"@type":"Person","@id":"https:\/\/nordnesrepublikken.no\/#\/schema\/person\/2e7e81935bab77882fffb79296240ff1","name":"Ole Andersen","image":{"@type":"ImageObject","inLanguage":"nb-NO","@id":"https:\/\/nordnesrepublikken.no\/#\/schema\/person\/image\/","url":"https:\/\/nordnesrepublikken.no\/wp-content\/uploads\/2025\/02\/nordnesrepublikken-2-2-150x150.jpg","contentUrl":"https:\/\/nordnesrepublikken.no\/wp-content\/uploads\/2025\/02\/nordnesrepublikken-2-2-150x150.jpg","caption":"Ole Andersen"},"description":"Ettersom jeg vokste opp i Oslo, har jeg alltid v\u00e6rt fascinert av ordenes kraft og deres evne til \u00e5 skape endringer. Etter \u00e5 ha fullf\u00f8rt min utdannelse i kommunikasjon ved Universitetet i Bergen, fikk jeg muligheten til \u00e5 jobbe innen ulike medier, der jeg har s\u00f8kt \u00e5 belyse viktige samfunnssp\u00f8rsm\u00e5l. I dag, som redakt\u00f8r for Nordnesrepublikken, pr\u00f8ver jeg \u00e5 forene min kj\u00e6rlighet for journalistikk med min lidenskap for innovasjon og eventyr.","sameAs":["https:\/\/nordnesrepublikken.no\/"]}]}},"_links":{"self":[{"href":"https:\/\/nordnesrepublikken.no\/index.php\/wp-json\/wp\/v2\/posts\/21722","targetHints":{"allow":["GET"]}}],"collection":[{"href":"https:\/\/nordnesrepublikken.no\/index.php\/wp-json\/wp\/v2\/posts"}],"about":[{"href":"https:\/\/nordnesrepublikken.no\/index.php\/wp-json\/wp\/v2\/types\/post"}],"author":[{"embeddable":true,"href":"https:\/\/nordnesrepublikken.no\/index.php\/wp-json\/wp\/v2\/users\/1"}],"replies":[{"embeddable":true,"href":"https:\/\/nordnesrepublikken.no\/index.php\/wp-json\/wp\/v2\/comments?post=21722"}],"version-history":[{"count":1,"href":"https:\/\/nordnesrepublikken.no\/index.php\/wp-json\/wp\/v2\/posts\/21722\/revisions"}],"predecessor-version":[{"id":21723,"href":"https:\/\/nordnesrepublikken.no\/index.php\/wp-json\/wp\/v2\/posts\/21722\/revisions\/21723"}],"wp:featuredmedia":[{"embeddable":true,"href":"https:\/\/nordnesrepublikken.no\/index.php\/wp-json\/wp\/v2\/media\/20254"}],"wp:attachment":[{"href":"https:\/\/nordnesrepublikken.no\/index.php\/wp-json\/wp\/v2\/media?parent=21722"}],"wp:term":[{"taxonomy":"category","embeddable":true,"href":"https:\/\/nordnesrepublikken.no\/index.php\/wp-json\/wp\/v2\/categories?post=21722"},{"taxonomy":"post_tag","embeddable":true,"href":"https:\/\/nordnesrepublikken.no\/index.php\/wp-json\/wp\/v2\/tags?post=21722"}],"curies":[{"name":"wp","href":"https:\/\/api.w.org\/{rel}","templated":true}]}}