{"id":21707,"date":"2026-09-02T09:02:51","date_gmt":"2026-09-02T07:02:51","guid":{"rendered":"https:\/\/nordnesrepublikken.no\/index.php\/2026\/09\/02\/de-mest-skjeve-tarnene-i-verden-i-tyskland-er-det-ett-mer-skjevt-tarn-enn-pisa-tarnet\/"},"modified":"2026-09-02T09:02:56","modified_gmt":"2026-09-02T07:02:56","slug":"de-mest-skjeve-tarnene-i-verden-i-tyskland-er-det-ett-mer-skjevt-tarn-enn-pisa-tarnet","status":"publish","type":"post","link":"https:\/\/nordnesrepublikken.no\/index.php\/2026\/09\/02\/de-mest-skjeve-tarnene-i-verden-i-tyskland-er-det-ett-mer-skjevt-tarn-enn-pisa-tarnet\/","title":{"rendered":"De mest skjeve t\u00e5rnene i verden: i Tyskland er det ett mer skjevt t\u00e5rn enn Pisa-t\u00e5rnet"},"content":{"rendered":"<div>\n<div class=\"cp_wrapper cp_wrapper--fw mb-30 mb-20@tablet\">\n<figure class=\"mm\"><picture class=\"img\" style=\"padding-top:56.25%\"><source  media=\"(min-width: 1024px)\"><source  media=\"(min-width: 768px)\"><\/source><\/source><\/picture><\/figure>\n<\/p><\/div>\n<p>De finnes i forskjellige deler av verden <strong>t\u00e5rn preget av mer eller mindre uttalte tilb\u00f8yeligheter<\/strong>hovedsakelig p\u00e5 grunn av innsynkning av grunnjordene. I dag er bevaringen av de fleste av disse strukturene avhengig av <strong>avanserte overv\u00e5kingssystemer og sensornettverk \u2013 <\/strong>fra satellittkartlegging til laserunders\u00f8kelser \u2013 i stand til \u00e5 oppdage selv de minste <strong>bevegelse av strukturen<\/strong> og \u00e5 raskt rapportere eventuelle endringer som kan kompromittere stabiliteten. S\u00e5 er det t\u00e5rn som hovedstadsporten i Abu Dhabi, i De forente arabiske emirater, 160 meter h\u00f8ye og bevisst utformet med 18\u00b0 skr\u00e5ning mot vest.<\/p>\n<p>La oss vurdere <strong>historien og n\u00e5v\u00e6rende bevaringstilstand<\/strong> av de mest fremragende historiske monumentene i verden.<\/p>\n<p> <!-- SUMMARY --><\/p>\n<div class=\"cp_wrapper mb-20 mb-40@desktop\">\n<div class=\"smy\" data-sticky-btn-text=\"\">\n<p>De mest tilb\u00f8yelige eldgamle t\u00e5rnene: rangeringen<\/p>\n<ul class=\"smy__list\">\n<li class=\"smy__item\"><strong>1<\/strong>Suurhusen-t\u00e5rnet (Tyskland), 5,19\u00b0<\/li>\n<li class=\"smy__item\"><strong>2<\/strong>Klokket\u00e5rnet i Bad Frankenhausen (Tyskland), 4,8\u00b0<\/li>\n<li class=\"smy__item\"><strong>3<\/strong>T\u00e5rnet i Garisenda (Bologna, Italia), 4<\/li>\n<li class=\"smy__item\"><strong>4<\/strong>T\u00e5rnet i Pisa (Italia), 3,97\u00b0<\/li>\n<li class=\"smy__item\"><strong>5<\/strong>Tiger Hill Pagoda (Kina), 3. plass<\/li>\n<li class=\"smy__item\"><strong>6<\/strong>Oude Kerk Tower (Nederland), 1,9\u00b0<\/li>\n<li class=\"smy__item\"><strong>7<\/strong>Hvorfor har t\u00e5rnene en tendens til \u00e5 lene seg?<\/li>\n<li class=\"smy__item\"><strong>8<\/strong>Hvor langt den kan vippe: grensen som ikke skal overskrides<\/li>\n<\/ul>\n<\/div>\n<\/div>\n<h2 id=\"1-la-torre-di-suurhusen-germania-5-19\"><b>Suurhusen-t\u00e5rnet (Tyskland), 5,19\u00b0<\/b><\/h2>\n<p>Der <strong>Suurhusen Tower<\/strong>med en tilb\u00f8yelighet til <strong>5,19\u00b0<\/strong>regnes generelt som et av de mest skjeve historiske t\u00e5rnene i verden. Grunnlagt p\u00e5 en eiketrestruktur, begynte den \u00e5 vise tegn til ustabilitet p\u00e5 1800-tallet, da dreneringen av det omkringliggende landet for\u00e5rsaket forringelse og p\u00e5f\u00f8lgende svekkelse av fundamentene. I dag noterer ingeni\u00f8rene med ansvar for overv\u00e5king av monumentet en tilstand med betydelig stabilitet, verifisert gjennom <strong>topografisk utjevning e <b>kontinuerlig overv\u00e5ket laserskanner<\/b><\/strong>. Faren for kollaps ser derfor ut til \u00e5 v\u00e6re avverget, i hvert fall forel\u00f8pig.<\/p>\n<div class=\"cp_wrapper cp_wrapper--fw mb-50\">\n<figure class=\"mm\"><picture class=\"img\" style=\"padding-top:66.666666666667%\"><source  media=\"(min-width: 1024px)\"><source  media=\"(min-width: 768px)\"><img decoding=\"async\" loading=\"lazy\" src=\"https:\/\/nordnesrepublikken.no\/wp-content\/uploads\/2026\/09\/1788332566_84_De-mest-skjeve-tarnene-i-verden-i-Tyskland-er-det.jpg\" alt=\"Bilde\" width=\"3072\" height=\"2048\"\/><\/source><\/source><\/picture><\/figure>\n<\/p><\/div>\n<h2 id=\"2-il-campanile-di-bad-frankenhausen-germania-4-8\"><b>Klokket\u00e5rnet i Bad Frankenhausen (Tyskland), 4,8\u00b0<\/b><\/h2>\n<p>Med en tilt p\u00e5 4,8\u00b0 vil <strong>klokket\u00e5rnet i Bad Frankenhausen<\/strong>i Tyskland, risikerte kollaps i lang tid p\u00e5 grunn av de geotekniske egenskapene til grunngrunnen. Ingeni\u00f8rene forberedte derfor en <strong>forankringssystem<\/strong> gjennom st\u00e5lr\u00f8r satt inn i fundamentene og ned i bakken, som effektivt forvandler det f\u00f8rste overfladiske fundamentet til et pelefundament og derfor et dypt fundament. De n\u00e5v\u00e6rende funnene, oppn\u00e5dd ved \u00e5 krysse <strong>data fra 3D laserskanninger med de fra geotekniske sensorer<\/strong>demonstrer at det tidligere p\u00e5g\u00e5ende lysbildet har stoppet.<br \/><b\/><\/p>\n<div class=\"cp_wrapper cp_wrapper--fw mb-50\">\n<figure class=\"mm\"><picture class=\"img\" style=\"padding-top:66.839867737364%\"><source  media=\"(min-width: 1024px)\"><source  media=\"(min-width: 768px)\"><img decoding=\"async\" loading=\"lazy\" src=\"https:\/\/nordnesrepublikken.no\/wp-content\/uploads\/2026\/09\/1788332567_104_De-mest-skjeve-tarnene-i-verden-i-Tyskland-er-det.jpg\" alt=\"Bilde\" width=\"2117\" height=\"1415\" class=\"js-seedtag-img\"\/><\/source><\/source><\/picture><\/figure>\n<\/p><\/div>\n<h2 id=\"3-la-torre-di-garisenda-bologna-italia-4\"><b>T\u00e5rnet i Garisenda (Bologna, Italia), 4<\/b><\/h2>\n<p>Den mest kritiske geoteknisk-strukturelle saken i v\u00e5rt ti\u00e5r er imidlertid Garisenda-t\u00e5rnet i Bologna. Forel\u00f8pig har den en helning p\u00e5 rundt 4\u00b0 og har skapt mye snakk de siste \u00e5rene. Faktisk utl\u00f8ste overv\u00e5kingssensornettverket <strong>h\u00f8yere varslingsterskel<\/strong>. Noen data registrert av disse sensorene f\u00f8rte til evakuering av omr\u00e5det og igangsetting av en massiv redningsaksjon med <strong>st\u00e5lmaster<\/strong>ogs\u00e5 inspirert av Pisan-verftet.<br \/><b\/><\/p>\n<div class=\"cp_wrapper cp_wrapper--fw mb-50\">\n<figure class=\"mm\"><picture class=\"img\" style=\"padding-top:74.185022026432%\"><source  media=\"(min-width: 1024px)\"><source  media=\"(min-width: 768px)\"><img decoding=\"async\" loading=\"lazy\" src=\"https:\/\/nordnesrepublikken.no\/wp-content\/uploads\/2026\/09\/1788332567_910_De-mest-skjeve-tarnene-i-verden-i-Tyskland-er-det.jpg\" alt=\"Bilde\" width=\"3405\" height=\"2526\"\/><\/source><\/source><\/picture><\/figure>\n<\/p><\/div>\n<h2 id=\"4-la-torre-di-pisa-italia-3-97\"><b>T\u00e5rnet i Pisa (Italia), 3,97\u00b0<\/b><\/h2>\n<p>T\u00e5rnet i Pisa, veldig kjent over hele verden, har v\u00e6rt gjenstand for ulike konsolideringsarbeider. De siste, ferdigstilt i 2001, tillot henne \u00e5 gjenopprette over 40 cm sidebevegelse. Forel\u00f8pig er det under v\u00e5kent \u00f8ye av sensorer, som inkluderer <b>inklinometre med sv\u00e6rt h\u00f8y presisjon, GPS-sensorer og satellittinterferometri (InSAR),<\/b> i stand til \u00e5 m\u00e5le forskyvninger i st\u00f8rrelsesorden tideler av en millimeter. Fra de siste rapportene produsert av tilsynsorganet ser det ut til at det ogs\u00e5 har v\u00e6rt en liten, umerkelig oppretting, sannsynligvis oppn\u00e5dd takket v\u00e6re konsolideringsarbeidene som er utf\u00f8rt.<\/p>\n<div class=\"cp_wrapper cp_wrapper--fw mb-50\">\n<figure class=\"mm\"><picture class=\"img\" style=\"padding-top:65.128205128205%\"><source  media=\"(min-width: 1024px)\"><source  media=\"(min-width: 768px)\"><img decoding=\"async\" loading=\"lazy\" src=\"https:\/\/nordnesrepublikken.no\/wp-content\/uploads\/2026\/04\/1777351224_228_Hva-er-de-mest-besokte-UNESCO-stedene-i-Italia.jpg\" alt=\"unesco t\u00e5rnet i pisa\" width=\"2145\" height=\"1397\" class=\"js-seedtag-img\"\/><\/source><\/source><\/picture><\/figure>\n<\/p><\/div>\n<h2 id=\"5-la-tiger-hill-pagoda-cina-3\"><b>Tiger Hill Pagoda (Kina), 3. plass<\/b><\/h2>\n<p>Kjent som <strong>\u201cDet kinesiske t\u00e5rnet i Pisa\u201d<\/strong>Tiger Hill-pagoden, bygget mellom det 10. og 11. \u00e5rhundre, har en helning p\u00e5 omtrent 3\u00b0, som utviklet seg gjennom \u00e5rhundrene p\u00e5 grunn av den spesielle naturen til fundamentene, delvis satt p\u00e5 <strong>stein<\/strong> og delvis opp <strong>deformerbar jord<\/strong>. Takket v\u00e6re viktige konsolideringsinngrep og konstant overv\u00e5king har strukturen blitt stabilisert og representerer i dag et av de mest betydningsfulle asiatiske eksemplene, fra et ingeni\u00f8rmessig synspunkt, p\u00e5 <strong>samspill mellom jord og struktur<\/strong>.<\/p>\n<div class=\"cp_wrapper cp_wrapper--fw mb-50\">\n<figure class=\"mm\"><picture class=\"img\" style=\"padding-top:133.33333333333%\"><source  media=\"(min-width: 1024px)\"><source  media=\"(min-width: 768px)\"><img decoding=\"async\" loading=\"lazy\" src=\"https:\/\/nordnesrepublikken.no\/wp-content\/uploads\/2026\/09\/1788332570_227_De-mest-skjeve-tarnene-i-verden-i-Tyskland-er-det.jpg\" alt=\"Bilde\" width=\"453\" height=\"604\"\/><\/source><\/source><\/picture><\/figure>\n<\/p><\/div>\n<h2 id=\"6-la-torre-delloude-kerk-paesi-bassi-1-9\"><b>Oude Kerk Tower (Nederland), 1,9\u00b0<\/b><\/h2>\n<p>Mindre tilb\u00f8yelig enn de forrige er <strong>middelaldert\u00e5rnet til Oude Kerk<\/strong>i Nederland: bygget fra 1325 p\u00e5 toppen av en eldgammel underjordisk kanal, begynte \u00e5 falle inn under byggearbeid og har i dag en helning p\u00e5 omtrent 1,9\u00b0. Arbeiderne fors\u00f8kte \u00e5 rette opp feilen <strong>gir den en buet form<\/strong>. I dag overv\u00e5kes stabiliteten til denne veggkonstruksjonen <strong>satellittsystemer og piezometre<\/strong>som konstant overv\u00e5ker niv\u00e5et p\u00e5 den underjordiske akviferen, en av hovedfaktorene for s\u00e5rbarhet til nederlandske land.<\/p>\n<div class=\"cp_wrapper cp_wrapper--fw mb-50\">\n<figure class=\"mm\"><picture class=\"img\" style=\"padding-top:75%\"><source  media=\"(min-width: 1024px)\"><source  media=\"(min-width: 768px)\"><img decoding=\"async\" loading=\"lazy\" src=\"https:\/\/nordnesrepublikken.no\/wp-content\/uploads\/2026\/09\/1788332571_916_De-mest-skjeve-tarnene-i-verden-i-Tyskland-er-det.jpg\" alt=\"Bilde\" width=\"2000\" height=\"1500\" class=\"js-seedtag-img\"\/><\/source><\/source><\/picture><\/figure>\n<\/p><\/div>\n<h2 id=\"perche-le-torri-tendono-a-inclinarsi\"><b>Hvorfor har t\u00e5rnene en tendens til \u00e5 lene seg?<\/b><\/h2>\n<p>Enkelt sagt skyldes helningen til et t\u00e5rn generelt en <strong>bevegelse<\/strong><strong>  strukturens stivhet<\/strong>hvis rotasjon utl\u00f8ses av delvis og uensartet tap av fundamentst\u00f8tten. Fra et fysisk synspunkt kan fenomenet spores tilbake til en differensiell svikt, dvs. <strong>variabel forskyvning av bakken<\/strong> under fundamentene som for\u00e5rsaker bygningens p\u00e5f\u00f8lgende helning. Fenomenet oppst\u00e5r f\u00f8rst og fremst n\u00e5r jordsmonnet som finnes under basen ikke er homogent og derfor reagerer forskjellig p\u00e5 belastningene som overf\u00f8res av strukturen. Der <strong>tilstedev\u00e6relse av vann<\/strong> det kan ogs\u00e5 akselerere eller bremse disse prosessene, s\u00e5 vel som tidene som jorda deformeres og setter seg med som svar p\u00e5 trykkvariasjoner indusert av belastninger.<\/p>\n<h2 id=\"fino-a-che-punto-puo-inclinarsi-il-limite-da-non-superare\"><strong>Hvor langt den kan vippe: grensen som ikke skal overskrides<\/strong><\/h2>\n<p>Fysikkens lover, i dette tilfellet, gir ikke mye margin: det er et punkt utover det <strong>et skjevt t\u00e5rn kan ikke lenger st\u00e5 <\/strong>og holde seg i balanse. Faktisk har et legeme en tendens til \u00e5 velte n\u00e5r den vertikale aksen som g\u00e5r gjennom tyngdepunktet faller utenfor fotavtrykket til basen. Dette er imidlertid en teoretisk &laquo;geometrisk grense&raquo; som i praksis sjelden n\u00e5s, fordi <strong>strukturell kollaps<\/strong> forekommer i god tid f\u00f8r, n\u00e5r <strong>spenningene overstiger materialenes motstand<\/strong> som utgj\u00f8r strukturen. Faktisk betyr det \u00e5 n\u00e6rme seg denne tilstanden \u00e5 konsentrere en \u00f8kende mengde vekt p\u00e5 en stadig mindre del av strukturen, noe som for\u00e5rsaker <strong>sterke kompresjoner og knusing<\/strong> p\u00e5 den ene siden og <strong>strekkspenninger<\/strong> p\u00e5 den andre, spesielt kritisk for de gamle veggstrukturene.<\/p>\n<p>Det er imidlertid ingen<strong>begrense hellingen<\/strong> universelt gyldig for alle t\u00e5rn: stabilitet avhenger av strukturens geometri, spesielt dens egen <strong>slankhet<\/strong>fra <strong>base bredde<\/strong>plasseringen av tyngdepunktet og egenskapene til materialene og fundamentene. Men som tilfellene unders\u00f8kt ovenfor viser, inkludert tilb\u00f8yeligheter <strong>mellom 4\u00b0 og 5,5\u00b0<\/strong> de kan betraktes som kritiske terskler som krever spesiell oppmerksomhet fra et teknisk synspunkt.<\/p>\n<\/p><\/div>\n","protected":false},"excerpt":{"rendered":"<p>De finnes i forskjellige deler av verden t\u00e5rn preget av mer eller mindre uttalte tilb\u00f8yeligheterhovedsakelig<\/p>\n","protected":false},"author":1,"featured_media":21708,"comment_status":"closed","ping_status":"open","sticky":false,"template":"","format":"standard","meta":{"footnotes":""},"categories":[24],"tags":[66,380,3201,379,167,14199,14196,14198,9984,14197,1201,598],"class_list":["post-21707","post","type-post","status-publish","format-standard","has-post-thumbnail","hentry","category-vitenskap","tag-det","tag-enn","tag-ett","tag-mer","tag-mest","tag-pisatarnet","tag-skjeve","tag-skjevt","tag-tarn","tag-tarnene","tag-tyskland","tag-verden","generate-columns","tablet-grid-50","mobile-grid-100","grid-parent","grid-33","resize-featured-image"],"yoast_head":"<!-- This site is optimized with the Yoast SEO plugin v24.4 - https:\/\/yoast.com\/wordpress\/plugins\/seo\/ -->\n<title>De mest skjeve t\u00e5rnene i verden: i Tyskland er det ett mer skjevt t\u00e5rn enn Pisa-t\u00e5rnet - Nordnesrepublikken<\/title>\n<meta name=\"robots\" content=\"index, follow, max-snippet:-1, max-image-preview:large, max-video-preview:-1\" \/>\n<link rel=\"canonical\" href=\"https:\/\/nordnesrepublikken.no\/index.php\/2026\/09\/02\/de-mest-skjeve-tarnene-i-verden-i-tyskland-er-det-ett-mer-skjevt-tarn-enn-pisa-tarnet\/\" \/>\n<meta property=\"og:locale\" content=\"nb_NO\" \/>\n<meta property=\"og:type\" content=\"article\" \/>\n<meta property=\"og:title\" content=\"De mest skjeve t\u00e5rnene i verden: i Tyskland er det ett mer skjevt t\u00e5rn enn Pisa-t\u00e5rnet - Nordnesrepublikken\" \/>\n<meta property=\"og:description\" content=\"De finnes i forskjellige deler av verden t\u00e5rn preget av mer eller mindre uttalte tilb\u00f8yeligheterhovedsakelig\" \/>\n<meta property=\"og:url\" content=\"https:\/\/nordnesrepublikken.no\/index.php\/2026\/09\/02\/de-mest-skjeve-tarnene-i-verden-i-tyskland-er-det-ett-mer-skjevt-tarn-enn-pisa-tarnet\/\" \/>\n<meta property=\"og:site_name\" content=\"Nordnesrepublikken\" \/>\n<meta property=\"article:published_time\" content=\"2026-09-02T07:02:51+00:00\" \/>\n<meta property=\"article:modified_time\" content=\"2026-09-02T07:02:56+00:00\" \/>\n<meta property=\"og:image\" content=\"https:\/\/nordnesrepublikken.no\/wp-content\/uploads\/2026\/09\/1788332575_De-mest-skjeve-tarnene-i-verden-i-Tyskland-er-det.jpg\" \/>\n\t<meta property=\"og:image:width\" content=\"1376\" \/>\n\t<meta property=\"og:image:height\" content=\"768\" \/>\n\t<meta property=\"og:image:type\" content=\"image\/jpeg\" \/>\n<meta name=\"author\" content=\"Ole Andersen\" \/>\n<meta name=\"twitter:card\" content=\"summary_large_image\" \/>\n<meta name=\"twitter:label1\" content=\"Skrevet av\" \/>\n\t<meta name=\"twitter:data1\" content=\"Ole Andersen\" \/>\n\t<meta name=\"twitter:label2\" content=\"Ansl. lesetid\" \/>\n\t<meta name=\"twitter:data2\" content=\"5 minutter\" \/>\n<script type=\"application\/ld+json\" class=\"yoast-schema-graph\">{\"@context\":\"https:\/\/schema.org\",\"@graph\":[{\"@type\":\"Article\",\"@id\":\"https:\/\/nordnesrepublikken.no\/index.php\/2026\/09\/02\/de-mest-skjeve-tarnene-i-verden-i-tyskland-er-det-ett-mer-skjevt-tarn-enn-pisa-tarnet\/#article\",\"isPartOf\":{\"@id\":\"https:\/\/nordnesrepublikken.no\/index.php\/2026\/09\/02\/de-mest-skjeve-tarnene-i-verden-i-tyskland-er-det-ett-mer-skjevt-tarn-enn-pisa-tarnet\/\"},\"author\":{\"name\":\"Ole Andersen\",\"@id\":\"https:\/\/nordnesrepublikken.no\/#\/schema\/person\/2e7e81935bab77882fffb79296240ff1\"},\"headline\":\"De mest skjeve t\u00e5rnene i verden: i Tyskland er det ett mer skjevt t\u00e5rn enn Pisa-t\u00e5rnet\",\"datePublished\":\"2026-09-02T07:02:51+00:00\",\"dateModified\":\"2026-09-02T07:02:56+00:00\",\"mainEntityOfPage\":{\"@id\":\"https:\/\/nordnesrepublikken.no\/index.php\/2026\/09\/02\/de-mest-skjeve-tarnene-i-verden-i-tyskland-er-det-ett-mer-skjevt-tarn-enn-pisa-tarnet\/\"},\"wordCount\":1007,\"publisher\":{\"@id\":\"https:\/\/nordnesrepublikken.no\/#organization\"},\"image\":{\"@id\":\"https:\/\/nordnesrepublikken.no\/index.php\/2026\/09\/02\/de-mest-skjeve-tarnene-i-verden-i-tyskland-er-det-ett-mer-skjevt-tarn-enn-pisa-tarnet\/#primaryimage\"},\"thumbnailUrl\":\"https:\/\/nordnesrepublikken.no\/wp-content\/uploads\/2026\/09\/1788332575_De-mest-skjeve-tarnene-i-verden-i-Tyskland-er-det.jpg\",\"keywords\":[\"Det\",\"enn\",\"ett\",\"mer\",\"mest\",\"Pisat\u00e5rnet\",\"skjeve\",\"skjevt\",\"t\u00e5rn\",\"t\u00e5rnene\",\"Tyskland\",\"verden\"],\"articleSection\":[\"Vitenskap\"],\"inLanguage\":\"nb-NO\"},{\"@type\":\"WebPage\",\"@id\":\"https:\/\/nordnesrepublikken.no\/index.php\/2026\/09\/02\/de-mest-skjeve-tarnene-i-verden-i-tyskland-er-det-ett-mer-skjevt-tarn-enn-pisa-tarnet\/\",\"url\":\"https:\/\/nordnesrepublikken.no\/index.php\/2026\/09\/02\/de-mest-skjeve-tarnene-i-verden-i-tyskland-er-det-ett-mer-skjevt-tarn-enn-pisa-tarnet\/\",\"name\":\"De mest skjeve t\u00e5rnene i verden: i Tyskland er det ett mer skjevt t\u00e5rn enn Pisa-t\u00e5rnet - Nordnesrepublikken\",\"isPartOf\":{\"@id\":\"https:\/\/nordnesrepublikken.no\/#website\"},\"primaryImageOfPage\":{\"@id\":\"https:\/\/nordnesrepublikken.no\/index.php\/2026\/09\/02\/de-mest-skjeve-tarnene-i-verden-i-tyskland-er-det-ett-mer-skjevt-tarn-enn-pisa-tarnet\/#primaryimage\"},\"image\":{\"@id\":\"https:\/\/nordnesrepublikken.no\/index.php\/2026\/09\/02\/de-mest-skjeve-tarnene-i-verden-i-tyskland-er-det-ett-mer-skjevt-tarn-enn-pisa-tarnet\/#primaryimage\"},\"thumbnailUrl\":\"https:\/\/nordnesrepublikken.no\/wp-content\/uploads\/2026\/09\/1788332575_De-mest-skjeve-tarnene-i-verden-i-Tyskland-er-det.jpg\",\"datePublished\":\"2026-09-02T07:02:51+00:00\",\"dateModified\":\"2026-09-02T07:02:56+00:00\",\"breadcrumb\":{\"@id\":\"https:\/\/nordnesrepublikken.no\/index.php\/2026\/09\/02\/de-mest-skjeve-tarnene-i-verden-i-tyskland-er-det-ett-mer-skjevt-tarn-enn-pisa-tarnet\/#breadcrumb\"},\"inLanguage\":\"nb-NO\",\"potentialAction\":[{\"@type\":\"ReadAction\",\"target\":[\"https:\/\/nordnesrepublikken.no\/index.php\/2026\/09\/02\/de-mest-skjeve-tarnene-i-verden-i-tyskland-er-det-ett-mer-skjevt-tarn-enn-pisa-tarnet\/\"]}]},{\"@type\":\"ImageObject\",\"inLanguage\":\"nb-NO\",\"@id\":\"https:\/\/nordnesrepublikken.no\/index.php\/2026\/09\/02\/de-mest-skjeve-tarnene-i-verden-i-tyskland-er-det-ett-mer-skjevt-tarn-enn-pisa-tarnet\/#primaryimage\",\"url\":\"https:\/\/nordnesrepublikken.no\/wp-content\/uploads\/2026\/09\/1788332575_De-mest-skjeve-tarnene-i-verden-i-Tyskland-er-det.jpg\",\"contentUrl\":\"https:\/\/nordnesrepublikken.no\/wp-content\/uploads\/2026\/09\/1788332575_De-mest-skjeve-tarnene-i-verden-i-Tyskland-er-det.jpg\",\"width\":1376,\"height\":768,\"caption\":\"De mest skjeve t\u00e5rnene i verden: i Tyskland er det ett mer skjevt t\u00e5rn enn Pisa-t\u00e5rnet\"},{\"@type\":\"BreadcrumbList\",\"@id\":\"https:\/\/nordnesrepublikken.no\/index.php\/2026\/09\/02\/de-mest-skjeve-tarnene-i-verden-i-tyskland-er-det-ett-mer-skjevt-tarn-enn-pisa-tarnet\/#breadcrumb\",\"itemListElement\":[{\"@type\":\"ListItem\",\"position\":1,\"name\":\"Home\",\"item\":\"https:\/\/nordnesrepublikken.no\/\"},{\"@type\":\"ListItem\",\"position\":2,\"name\":\"De mest skjeve t\u00e5rnene i verden: i Tyskland er det ett mer skjevt t\u00e5rn enn Pisa-t\u00e5rnet\"}]},{\"@type\":\"WebSite\",\"@id\":\"https:\/\/nordnesrepublikken.no\/#website\",\"url\":\"https:\/\/nordnesrepublikken.no\/\",\"name\":\"Nordnesrepublikken\",\"description\":\"Stemmer og Visjoner fra Republikkens Hjerte\",\"publisher\":{\"@id\":\"https:\/\/nordnesrepublikken.no\/#organization\"},\"potentialAction\":[{\"@type\":\"SearchAction\",\"target\":{\"@type\":\"EntryPoint\",\"urlTemplate\":\"https:\/\/nordnesrepublikken.no\/?s={search_term_string}\"},\"query-input\":{\"@type\":\"PropertyValueSpecification\",\"valueRequired\":true,\"valueName\":\"search_term_string\"}}],\"inLanguage\":\"nb-NO\"},{\"@type\":\"Organization\",\"@id\":\"https:\/\/nordnesrepublikken.no\/#organization\",\"name\":\"Nordnesrepublikken\",\"url\":\"https:\/\/nordnesrepublikken.no\/\",\"logo\":{\"@type\":\"ImageObject\",\"inLanguage\":\"nb-NO\",\"@id\":\"https:\/\/nordnesrepublikken.no\/#\/schema\/logo\/image\/\",\"url\":\"https:\/\/nordnesrepublikken.no\/wp-content\/uploads\/2025\/02\/cropped-nordnesrepublikken-2.png\",\"contentUrl\":\"https:\/\/nordnesrepublikken.no\/wp-content\/uploads\/2025\/02\/cropped-nordnesrepublikken-2.png\",\"width\":1248,\"height\":362,\"caption\":\"Nordnesrepublikken\"},\"image\":{\"@id\":\"https:\/\/nordnesrepublikken.no\/#\/schema\/logo\/image\/\"}},{\"@type\":\"Person\",\"@id\":\"https:\/\/nordnesrepublikken.no\/#\/schema\/person\/2e7e81935bab77882fffb79296240ff1\",\"name\":\"Ole Andersen\",\"image\":{\"@type\":\"ImageObject\",\"inLanguage\":\"nb-NO\",\"@id\":\"https:\/\/nordnesrepublikken.no\/#\/schema\/person\/image\/\",\"url\":\"https:\/\/nordnesrepublikken.no\/wp-content\/uploads\/2025\/02\/nordnesrepublikken-2-2-150x150.jpg\",\"contentUrl\":\"https:\/\/nordnesrepublikken.no\/wp-content\/uploads\/2025\/02\/nordnesrepublikken-2-2-150x150.jpg\",\"caption\":\"Ole Andersen\"},\"description\":\"Ettersom jeg vokste opp i Oslo, har jeg alltid v\u00e6rt fascinert av ordenes kraft og deres evne til \u00e5 skape endringer. Etter \u00e5 ha fullf\u00f8rt min utdannelse i kommunikasjon ved Universitetet i Bergen, fikk jeg muligheten til \u00e5 jobbe innen ulike medier, der jeg har s\u00f8kt \u00e5 belyse viktige samfunnssp\u00f8rsm\u00e5l. I dag, som redakt\u00f8r for Nordnesrepublikken, pr\u00f8ver jeg \u00e5 forene min kj\u00e6rlighet for journalistikk med min lidenskap for innovasjon og eventyr.\",\"sameAs\":[\"https:\/\/nordnesrepublikken.no\/\"]}]}<\/script>\n<!-- \/ Yoast SEO plugin. -->","yoast_head_json":{"title":"De mest skjeve t\u00e5rnene i verden: i Tyskland er det ett mer skjevt t\u00e5rn enn Pisa-t\u00e5rnet - Nordnesrepublikken","robots":{"index":"index","follow":"follow","max-snippet":"max-snippet:-1","max-image-preview":"max-image-preview:large","max-video-preview":"max-video-preview:-1"},"canonical":"https:\/\/nordnesrepublikken.no\/index.php\/2026\/09\/02\/de-mest-skjeve-tarnene-i-verden-i-tyskland-er-det-ett-mer-skjevt-tarn-enn-pisa-tarnet\/","og_locale":"nb_NO","og_type":"article","og_title":"De mest skjeve t\u00e5rnene i verden: i Tyskland er det ett mer skjevt t\u00e5rn enn Pisa-t\u00e5rnet - Nordnesrepublikken","og_description":"De finnes i forskjellige deler av verden t\u00e5rn preget av mer eller mindre uttalte tilb\u00f8yeligheterhovedsakelig","og_url":"https:\/\/nordnesrepublikken.no\/index.php\/2026\/09\/02\/de-mest-skjeve-tarnene-i-verden-i-tyskland-er-det-ett-mer-skjevt-tarn-enn-pisa-tarnet\/","og_site_name":"Nordnesrepublikken","article_published_time":"2026-09-02T07:02:51+00:00","article_modified_time":"2026-09-02T07:02:56+00:00","og_image":[{"width":1376,"height":768,"url":"https:\/\/nordnesrepublikken.no\/wp-content\/uploads\/2026\/09\/1788332575_De-mest-skjeve-tarnene-i-verden-i-Tyskland-er-det.jpg","type":"image\/jpeg"}],"author":"Ole Andersen","twitter_card":"summary_large_image","twitter_misc":{"Skrevet av":"Ole Andersen","Ansl. lesetid":"5 minutter"},"schema":{"@context":"https:\/\/schema.org","@graph":[{"@type":"Article","@id":"https:\/\/nordnesrepublikken.no\/index.php\/2026\/09\/02\/de-mest-skjeve-tarnene-i-verden-i-tyskland-er-det-ett-mer-skjevt-tarn-enn-pisa-tarnet\/#article","isPartOf":{"@id":"https:\/\/nordnesrepublikken.no\/index.php\/2026\/09\/02\/de-mest-skjeve-tarnene-i-verden-i-tyskland-er-det-ett-mer-skjevt-tarn-enn-pisa-tarnet\/"},"author":{"name":"Ole Andersen","@id":"https:\/\/nordnesrepublikken.no\/#\/schema\/person\/2e7e81935bab77882fffb79296240ff1"},"headline":"De mest skjeve t\u00e5rnene i verden: i Tyskland er det ett mer skjevt t\u00e5rn enn Pisa-t\u00e5rnet","datePublished":"2026-09-02T07:02:51+00:00","dateModified":"2026-09-02T07:02:56+00:00","mainEntityOfPage":{"@id":"https:\/\/nordnesrepublikken.no\/index.php\/2026\/09\/02\/de-mest-skjeve-tarnene-i-verden-i-tyskland-er-det-ett-mer-skjevt-tarn-enn-pisa-tarnet\/"},"wordCount":1007,"publisher":{"@id":"https:\/\/nordnesrepublikken.no\/#organization"},"image":{"@id":"https:\/\/nordnesrepublikken.no\/index.php\/2026\/09\/02\/de-mest-skjeve-tarnene-i-verden-i-tyskland-er-det-ett-mer-skjevt-tarn-enn-pisa-tarnet\/#primaryimage"},"thumbnailUrl":"https:\/\/nordnesrepublikken.no\/wp-content\/uploads\/2026\/09\/1788332575_De-mest-skjeve-tarnene-i-verden-i-Tyskland-er-det.jpg","keywords":["Det","enn","ett","mer","mest","Pisat\u00e5rnet","skjeve","skjevt","t\u00e5rn","t\u00e5rnene","Tyskland","verden"],"articleSection":["Vitenskap"],"inLanguage":"nb-NO"},{"@type":"WebPage","@id":"https:\/\/nordnesrepublikken.no\/index.php\/2026\/09\/02\/de-mest-skjeve-tarnene-i-verden-i-tyskland-er-det-ett-mer-skjevt-tarn-enn-pisa-tarnet\/","url":"https:\/\/nordnesrepublikken.no\/index.php\/2026\/09\/02\/de-mest-skjeve-tarnene-i-verden-i-tyskland-er-det-ett-mer-skjevt-tarn-enn-pisa-tarnet\/","name":"De mest skjeve t\u00e5rnene i verden: i Tyskland er det ett mer skjevt t\u00e5rn enn Pisa-t\u00e5rnet - Nordnesrepublikken","isPartOf":{"@id":"https:\/\/nordnesrepublikken.no\/#website"},"primaryImageOfPage":{"@id":"https:\/\/nordnesrepublikken.no\/index.php\/2026\/09\/02\/de-mest-skjeve-tarnene-i-verden-i-tyskland-er-det-ett-mer-skjevt-tarn-enn-pisa-tarnet\/#primaryimage"},"image":{"@id":"https:\/\/nordnesrepublikken.no\/index.php\/2026\/09\/02\/de-mest-skjeve-tarnene-i-verden-i-tyskland-er-det-ett-mer-skjevt-tarn-enn-pisa-tarnet\/#primaryimage"},"thumbnailUrl":"https:\/\/nordnesrepublikken.no\/wp-content\/uploads\/2026\/09\/1788332575_De-mest-skjeve-tarnene-i-verden-i-Tyskland-er-det.jpg","datePublished":"2026-09-02T07:02:51+00:00","dateModified":"2026-09-02T07:02:56+00:00","breadcrumb":{"@id":"https:\/\/nordnesrepublikken.no\/index.php\/2026\/09\/02\/de-mest-skjeve-tarnene-i-verden-i-tyskland-er-det-ett-mer-skjevt-tarn-enn-pisa-tarnet\/#breadcrumb"},"inLanguage":"nb-NO","potentialAction":[{"@type":"ReadAction","target":["https:\/\/nordnesrepublikken.no\/index.php\/2026\/09\/02\/de-mest-skjeve-tarnene-i-verden-i-tyskland-er-det-ett-mer-skjevt-tarn-enn-pisa-tarnet\/"]}]},{"@type":"ImageObject","inLanguage":"nb-NO","@id":"https:\/\/nordnesrepublikken.no\/index.php\/2026\/09\/02\/de-mest-skjeve-tarnene-i-verden-i-tyskland-er-det-ett-mer-skjevt-tarn-enn-pisa-tarnet\/#primaryimage","url":"https:\/\/nordnesrepublikken.no\/wp-content\/uploads\/2026\/09\/1788332575_De-mest-skjeve-tarnene-i-verden-i-Tyskland-er-det.jpg","contentUrl":"https:\/\/nordnesrepublikken.no\/wp-content\/uploads\/2026\/09\/1788332575_De-mest-skjeve-tarnene-i-verden-i-Tyskland-er-det.jpg","width":1376,"height":768,"caption":"De mest skjeve t\u00e5rnene i verden: i Tyskland er det ett mer skjevt t\u00e5rn enn Pisa-t\u00e5rnet"},{"@type":"BreadcrumbList","@id":"https:\/\/nordnesrepublikken.no\/index.php\/2026\/09\/02\/de-mest-skjeve-tarnene-i-verden-i-tyskland-er-det-ett-mer-skjevt-tarn-enn-pisa-tarnet\/#breadcrumb","itemListElement":[{"@type":"ListItem","position":1,"name":"Home","item":"https:\/\/nordnesrepublikken.no\/"},{"@type":"ListItem","position":2,"name":"De mest skjeve t\u00e5rnene i verden: i Tyskland er det ett mer skjevt t\u00e5rn enn Pisa-t\u00e5rnet"}]},{"@type":"WebSite","@id":"https:\/\/nordnesrepublikken.no\/#website","url":"https:\/\/nordnesrepublikken.no\/","name":"Nordnesrepublikken","description":"Stemmer og Visjoner fra Republikkens Hjerte","publisher":{"@id":"https:\/\/nordnesrepublikken.no\/#organization"},"potentialAction":[{"@type":"SearchAction","target":{"@type":"EntryPoint","urlTemplate":"https:\/\/nordnesrepublikken.no\/?s={search_term_string}"},"query-input":{"@type":"PropertyValueSpecification","valueRequired":true,"valueName":"search_term_string"}}],"inLanguage":"nb-NO"},{"@type":"Organization","@id":"https:\/\/nordnesrepublikken.no\/#organization","name":"Nordnesrepublikken","url":"https:\/\/nordnesrepublikken.no\/","logo":{"@type":"ImageObject","inLanguage":"nb-NO","@id":"https:\/\/nordnesrepublikken.no\/#\/schema\/logo\/image\/","url":"https:\/\/nordnesrepublikken.no\/wp-content\/uploads\/2025\/02\/cropped-nordnesrepublikken-2.png","contentUrl":"https:\/\/nordnesrepublikken.no\/wp-content\/uploads\/2025\/02\/cropped-nordnesrepublikken-2.png","width":1248,"height":362,"caption":"Nordnesrepublikken"},"image":{"@id":"https:\/\/nordnesrepublikken.no\/#\/schema\/logo\/image\/"}},{"@type":"Person","@id":"https:\/\/nordnesrepublikken.no\/#\/schema\/person\/2e7e81935bab77882fffb79296240ff1","name":"Ole Andersen","image":{"@type":"ImageObject","inLanguage":"nb-NO","@id":"https:\/\/nordnesrepublikken.no\/#\/schema\/person\/image\/","url":"https:\/\/nordnesrepublikken.no\/wp-content\/uploads\/2025\/02\/nordnesrepublikken-2-2-150x150.jpg","contentUrl":"https:\/\/nordnesrepublikken.no\/wp-content\/uploads\/2025\/02\/nordnesrepublikken-2-2-150x150.jpg","caption":"Ole Andersen"},"description":"Ettersom jeg vokste opp i Oslo, har jeg alltid v\u00e6rt fascinert av ordenes kraft og deres evne til \u00e5 skape endringer. Etter \u00e5 ha fullf\u00f8rt min utdannelse i kommunikasjon ved Universitetet i Bergen, fikk jeg muligheten til \u00e5 jobbe innen ulike medier, der jeg har s\u00f8kt \u00e5 belyse viktige samfunnssp\u00f8rsm\u00e5l. I dag, som redakt\u00f8r for Nordnesrepublikken, pr\u00f8ver jeg \u00e5 forene min kj\u00e6rlighet for journalistikk med min lidenskap for innovasjon og eventyr.","sameAs":["https:\/\/nordnesrepublikken.no\/"]}]}},"_links":{"self":[{"href":"https:\/\/nordnesrepublikken.no\/index.php\/wp-json\/wp\/v2\/posts\/21707","targetHints":{"allow":["GET"]}}],"collection":[{"href":"https:\/\/nordnesrepublikken.no\/index.php\/wp-json\/wp\/v2\/posts"}],"about":[{"href":"https:\/\/nordnesrepublikken.no\/index.php\/wp-json\/wp\/v2\/types\/post"}],"author":[{"embeddable":true,"href":"https:\/\/nordnesrepublikken.no\/index.php\/wp-json\/wp\/v2\/users\/1"}],"replies":[{"embeddable":true,"href":"https:\/\/nordnesrepublikken.no\/index.php\/wp-json\/wp\/v2\/comments?post=21707"}],"version-history":[{"count":1,"href":"https:\/\/nordnesrepublikken.no\/index.php\/wp-json\/wp\/v2\/posts\/21707\/revisions"}],"predecessor-version":[{"id":21709,"href":"https:\/\/nordnesrepublikken.no\/index.php\/wp-json\/wp\/v2\/posts\/21707\/revisions\/21709"}],"wp:featuredmedia":[{"embeddable":true,"href":"https:\/\/nordnesrepublikken.no\/index.php\/wp-json\/wp\/v2\/media\/21708"}],"wp:attachment":[{"href":"https:\/\/nordnesrepublikken.no\/index.php\/wp-json\/wp\/v2\/media?parent=21707"}],"wp:term":[{"taxonomy":"category","embeddable":true,"href":"https:\/\/nordnesrepublikken.no\/index.php\/wp-json\/wp\/v2\/categories?post=21707"},{"taxonomy":"post_tag","embeddable":true,"href":"https:\/\/nordnesrepublikken.no\/index.php\/wp-json\/wp\/v2\/tags?post=21707"}],"curies":[{"name":"wp","href":"https:\/\/api.w.org\/{rel}","templated":true}]}}