{"id":21704,"date":"2026-09-02T06:02:50","date_gmt":"2026-09-02T04:02:50","guid":{"rendered":"https:\/\/nordnesrepublikken.no\/index.php\/2026\/09\/02\/den-store-brannen-i-london-i-1666-som-forandret-byen-hvorfor-hovedstaden-brant-i-4-dager\/"},"modified":"2026-09-02T06:02:58","modified_gmt":"2026-09-02T04:02:58","slug":"den-store-brannen-i-london-i-1666-som-forandret-byen-hvorfor-hovedstaden-brant-i-4-dager","status":"publish","type":"post","link":"https:\/\/nordnesrepublikken.no\/index.php\/2026\/09\/02\/den-store-brannen-i-london-i-1666-som-forandret-byen-hvorfor-hovedstaden-brant-i-4-dager\/","title":{"rendered":"Den store brannen i London i 1666 som forandret byen: hvorfor hovedstaden brant i 4 dager"},"content":{"rendered":"<div>\n<div class=\"cp_wrapper cp_wrapper--fw mb-30 mb-20@tablet\">\n<figure class=\"mm\"><picture class=\"img\" style=\"padding-top:56.25%\"><source  media=\"(min-width: 1024px)\"><source  media=\"(min-width: 768px)\"><\/source><\/source><\/picture><\/figure>\n<\/p><\/div>\n<p>De <strong>stor brann<\/strong> London for 360 \u00e5r siden var en katastrofal brann som skjedde mellom 2. og 6. september 1666 som \u00f8dela deler av hovedstaden: den begynte i hjertet av byen, i <strong>Pudding Lane<\/strong>i huset til en baker som hadde forlatt peisen tent, og det spredte seg raskt fordi mange <strong>bygninger ble bygget av brennbare materialer<\/strong>som tre og halm.<\/p>\n<p>Myndighetene klarte ikke \u00e5 handle raskt for \u00e5 begrense flammene. Brannen brant ned til grunnen <strong>store deler av byen<\/strong> og en sektor av <strong>omr\u00e5det rundt,<\/strong> \u00f8delegger omtrent 13 200 hjem, 87 sognekirker og 6 kapeller.<\/p>\n<p>Antall ofre er ikke kjent, men er trolig mellom noen hundre og noen tusen. Etter brannen var London <strong>ombygd med samme tidligere urbane utforming<\/strong>som fortsatt preger bykjernen i dag.<\/p>\n<h2>Hvorfor den store brannen i London br\u00f8t ut: dynamikk og \u00e5rsaker<\/h2>\n<p>I det syttende \u00e5rhundre, p\u00e5 tidspunktet for den store brannen, var byen London<strong> mye mindre enn den n\u00e5v\u00e6rende<\/strong>. Den eldste og mest sentrale delen, Byen, var <strong>inkludert i veggene av romersk opprinnelse<\/strong>ved siden av sto noen andre bebygde omr\u00e5der, kjent som Liberties. <strong>Westminster<\/strong> (hvor i dag parlamentet og den ber\u00f8mte Big Ben ligger), var det fortsatt en kommune i seg selv og administrativt sett var ikke en del av London. Ogs\u00e5 Southwark, den delen av byen p\u00e5 <strong>s\u00f8rlige bredden av Themsen<\/strong> det var ikke en del av byen.<\/p>\n<div class=\"cp_wrapper cp_wrapper--fw mb-50\">\n<figure class=\"mm\"><picture class=\"img\" style=\"padding-top:28.489583333333%\"><source  media=\"(min-width: 1024px)\"><source  media=\"(min-width: 768px)\"><img decoding=\"async\" loading=\"lazy\" src=\"https:\/\/nordnesrepublikken.no\/wp-content\/uploads\/2026\/09\/1788321766_208_Den-store-brannen-i-London-i-1666-som-forandret-byen.jpg\" alt=\"London-trykk av 1616 (Wikimedia Commons)\" width=\"3840\" height=\"1094\"\/><\/source><\/source><\/picture><\/figure>\n<\/p><\/div>\n<p>Antallet innbyggere er ikke kjent n\u00f8yaktig: estimater indikerer ca<strong> 400-500 000 innbyggere<\/strong>hvorav omtrent 80 000 i byen. Imidlertid hadde byen i 1665 blitt rammet av en <strong>sv\u00e6rt alvorlig pestepidemi<\/strong>som hadde drept rundt 100 000 mennesker.<\/p>\n<p>Brannen br\u00f8t ut i <strong>natt mellom 2. og 3. september 1666<\/strong> i huset til en baker, en viss Farrinor (ogs\u00e5 skrevet Fraynor og med andre skrivem\u00e5ter), i Pudding Lane, i hjertet av byen. Farrinor hadde lagt seg<strong> uten \u00e5 slukke brannen<\/strong> og noen merker satte fyr p\u00e5 veden stablet i n\u00e6rheten av peisen. <strong>Huset tok raskt fyr<\/strong>. Bakeren og familien hans klarte \u00e5 redde seg selv ved \u00e5 klatre ut av et vindu, men en av tjenerne deres ble fanget: hun var det f\u00f8rste offeret for den store brannen.<\/p>\n<p>Flammene <strong>de sprer seg raskt i omr\u00e5det rundt,<\/strong> begunstiget av at bygningene ble bygget tett p\u00e5 hverandre og mange boliger ble laget av <strong>lett antennelige materialer<\/strong>som tre, og hadde str\u00e5tak. De klimatiske forholdene lettet ogs\u00e5 flammene: <strong>den t\u00f8rre sommeren<\/strong> det hadde gjort veden t\u00f8rrere og vinden favoriserte sirkulasjonen av ilden. Byen ble dermed oppslukt av flammer.<\/p>\n<p>En av de mest levende beskrivelsene av det som skjedde ble skrevet av <strong>Samuel Pepys<\/strong>en statstjenestemann og forfatter av en ber\u00f8mt dagbok, som beskrev scenen den f\u00f8rste dagen slik:<\/p>\n<blockquote>\n<p><em>S\u00e5 jeg gikk ned til elvebredden, og der tok jeg en b\u00e5t og gikk under broen, og der s\u00e5 jeg en fryktelig brann. Stakkars Michells hus, s\u00e5 langt som til Gamle Svanen, hadde allerede brent i den retningen, og brannen gikk videre, slik at den p\u00e5 veldig kort tid n\u00e5dde s\u00e5 langt som til Steeleyard, mens jeg var der. Alle pr\u00f8vde \u00e5 flytte eiendelene sine, kaste dem i elven eller laste dem p\u00e5 lektere fort\u00f8yd utenfor kysten; de stakkars menneskene ble i hjemmene sine til brannen faktisk ber\u00f8rte dem, og s\u00e5 l\u00f8p de inn i b\u00e5ter eller klatret fra en trapp til en annen langs elvebredden. Og blant annet la jeg merke til at de stakkars duene var motvillige til \u00e5 forlate hjemmene sine, men svevde rundt vinduene og balkongene til noen av dem brant vingene og falt av.<\/em><\/p>\n<\/blockquote>\n<div class=\"cp_wrapper cp_wrapper--fw mb-50\">\n<figure class=\"mm\"><picture class=\"img\" style=\"padding-top:117.65625%\"><source  media=\"(min-width: 1024px)\"><source  media=\"(min-width: 768px)\"><img decoding=\"async\" loading=\"lazy\" src=\"https:\/\/nordnesrepublikken.no\/wp-content\/uploads\/2026\/09\/1788321766_254_Den-store-brannen-i-London-i-1666-som-forandret-byen.jpg\" alt=\"Portrett av Samuel Pepys (Wikimedia Commons)\" width=\"1280\" height=\"1506\" class=\"js-seedtag-img\"\/><\/source><\/source><\/picture><\/figure>\n<\/p><\/div>\n<h2><strong>Myndighetenes reaksjon og spredningen av flammene<\/strong><\/h2>\n<p>Brannen spredte seg raskt, og ankom <strong>opp til Tower of London<\/strong>og dens omgivelser. Det gj\u00f8r imidlertid ikke myndighetene <strong>de var i stand til \u00e5 handle raskt<\/strong>. P\u00e5 den tiden innebar strategien for \u00e5 begrense brannene, i tillegg til \u00e5 slukke dem med vann, \u00e5 rive bygningene rundt det brennende omr\u00e5det for \u00e5 skape en <strong>brannlinje<\/strong>Dette fjernet brennstoffet fra brannen, og hindret det i \u00e5 spre seg. Byens overordnede ga imidlertid ikke umiddelbart ordre om riving av bygningene, av frykt for at kostnadene ved gjenoppbyggingen skulle bli for store. Responsen fra andre institusjoner, inkludert kongen, var ogs\u00e5 treg. <strong>Karl II<\/strong>. Rivingen av bygningene kom for sent og f\u00f8rte til at flammene spredte seg i fire dager, <strong>n\u00e5r helt til utkanten av Whitehall<\/strong>hvor det kongelige palasset (som ikke ble brent) l\u00e5. Brannen <strong>han d\u00f8de f\u00f8rst 6. september<\/strong>etter \u00e5 ha \u00f8delagt byen i fire dager.<\/p>\n<div class=\"cp_wrapper cp_wrapper--fw mb-50\">\n<figure class=\"mm\"><picture class=\"img\" style=\"padding-top:58.823529411765%\"><source  media=\"(min-width: 1024px)\"><source  media=\"(min-width: 768px)\"><img decoding=\"async\" loading=\"lazy\" src=\"https:\/\/nordnesrepublikken.no\/wp-content\/uploads\/2026\/09\/1788321768_880_Den-store-brannen-i-London-i-1666-som-forandret-byen.jpg\" alt=\"Omr\u00e5det ber\u00f8rt av brannen, i rosa (Bunchofgrapes via Wikimedia Commons)\" width=\"2550\" height=\"1500\"\/><\/source><\/source><\/picture><\/figure>\n<\/p><\/div>\n<h2><strong>Skader og skader<\/strong><\/h2>\n<p>Antallet ofre for den store brannen i London er ikke kjent med sikkerhet. Den offisielle statistikken registrert <strong>bare seks d\u00f8de<\/strong>men det er sannsynligvis det virkelige tallet<strong> det var mye h\u00f8yere<\/strong>: mange borgere ble drept og kroppene deres ble kremert p\u00e5 en &laquo;naturlig&raquo; m\u00e5te ved brannen. Anslagene p\u00e5 tapene svinger <strong>fra noen hundre til flere tusen<\/strong>.<\/p>\n<p>De materielle skadene var enorme. De ble \u00f8delagt ca <strong>13 200 bygninger<\/strong>inkludert mange kirker og <strong>Saint Paul&#8217;s Cathedral<\/strong>. Totalt sett ble 80 % av byen rasert.<\/p>\n<div class=\"cp_wrapper cp_wrapper--fw mb-50\">\n<figure class=\"mm\"><picture class=\"img\" style=\"padding-top:121.71875%\"><source  media=\"(min-width: 1024px)\"><source  media=\"(min-width: 768px)\"><img decoding=\"async\" loading=\"lazy\" src=\"https:\/\/nordnesrepublikken.no\/wp-content\/uploads\/2026\/09\/1788321770_185_Den-store-brannen-i-London-i-1666-som-forandret-byen.jpg\" alt=\"Den brennende katedralen (Wikimedia Commons)\" width=\"1280\" height=\"1558\" class=\"js-seedtag-img\"\/><\/source><\/source><\/picture><\/figure>\n<\/p><\/div>\n<h2><strong>Gjenoppbyggingen av brannen i 1666<\/strong><\/h2>\n<p>Etter brannen ble det nedsatt to gjenoppbyggingskommisjoner, en valgt av kongen og en av byens myndigheter. Oppdragene inkluderte kjente arkitekter som f.eks <strong>Christopher Wren og Robert Hooke<\/strong>. Byen ble gjenoppbygd p\u00e5 grunnlag av bygningene som var blitt \u00f8delagt og derfor <strong>byplanleggingen endret seg ikke vesentlig<\/strong> (til tross for at det opprinnelig ble foresl\u00e5tt \u00e5 reetablere det med nytt nettsystem). Av denne grunn har City of London til og med i dag en &laquo;middelaldersk&raquo; bystruktur. Imidlertid ble konstruksjonsmaterialet endret: byen ble gjenoppbygd <strong>i murstein og steiner,<\/strong> <strong>mindre brannfarlig<\/strong> av tre.<\/p>\n<p>Wren designet ogs\u00e5 en <strong>monument til minne om ofrene<\/strong>en h\u00f8y s\u00f8yle, kjent for londonere ganske enkelt som &laquo;The monument&raquo;, n\u00e6r stedet der brannen startet: selv i dag minner s\u00f8ylen londonere og bes\u00f8kende om den tragiske hendelsen i 1666.<\/p>\n<\/p><\/div>\n","protected":false},"excerpt":{"rendered":"<p>De stor brann London for 360 \u00e5r siden var en katastrofal brann som skjedde mellom<\/p>\n","protected":false},"author":1,"featured_media":21705,"comment_status":"closed","ping_status":"open","sticky":false,"template":"","format":"standard","meta":{"footnotes":""},"categories":[104],"tags":[694,5220,1722,1866,74,3268,6154,101,249,31,1045],"class_list":["post-21704","post","type-post","status-publish","format-standard","has-post-thumbnail","hentry","category-samfunn","tag-brannen","tag-brant","tag-byen","tag-dager","tag-den","tag-forandret","tag-hovedstaden","tag-hvorfor","tag-london","tag-som","tag-store","generate-columns","tablet-grid-50","mobile-grid-100","grid-parent","grid-33","resize-featured-image"],"yoast_head":"<!-- This site is optimized with the Yoast SEO plugin v24.4 - https:\/\/yoast.com\/wordpress\/plugins\/seo\/ -->\n<title>Den store brannen i London i 1666 som forandret byen: hvorfor hovedstaden brant i 4 dager - Nordnesrepublikken<\/title>\n<meta name=\"robots\" content=\"index, follow, max-snippet:-1, max-image-preview:large, max-video-preview:-1\" \/>\n<link rel=\"canonical\" href=\"https:\/\/nordnesrepublikken.no\/index.php\/2026\/09\/02\/den-store-brannen-i-london-i-1666-som-forandret-byen-hvorfor-hovedstaden-brant-i-4-dager\/\" \/>\n<meta property=\"og:locale\" content=\"nb_NO\" \/>\n<meta property=\"og:type\" content=\"article\" \/>\n<meta property=\"og:title\" content=\"Den store brannen i London i 1666 som forandret byen: hvorfor hovedstaden brant i 4 dager - Nordnesrepublikken\" \/>\n<meta property=\"og:description\" content=\"De stor brann London for 360 \u00e5r siden var en katastrofal brann som skjedde mellom\" \/>\n<meta property=\"og:url\" content=\"https:\/\/nordnesrepublikken.no\/index.php\/2026\/09\/02\/den-store-brannen-i-london-i-1666-som-forandret-byen-hvorfor-hovedstaden-brant-i-4-dager\/\" \/>\n<meta property=\"og:site_name\" content=\"Nordnesrepublikken\" \/>\n<meta property=\"article:published_time\" content=\"2026-09-02T04:02:50+00:00\" \/>\n<meta property=\"article:modified_time\" content=\"2026-09-02T04:02:58+00:00\" \/>\n<meta property=\"og:image\" content=\"https:\/\/nordnesrepublikken.no\/wp-content\/uploads\/2026\/09\/1788321772_Den-store-brannen-i-London-i-1666-som-forandret-byen-scaled.jpg\" \/>\n\t<meta property=\"og:image:width\" content=\"2560\" \/>\n\t<meta property=\"og:image:height\" content=\"1491\" \/>\n\t<meta property=\"og:image:type\" content=\"image\/jpeg\" \/>\n<meta name=\"author\" content=\"Ole Andersen\" \/>\n<meta name=\"twitter:card\" content=\"summary_large_image\" \/>\n<meta name=\"twitter:label1\" content=\"Skrevet av\" \/>\n\t<meta name=\"twitter:data1\" content=\"Ole Andersen\" \/>\n\t<meta name=\"twitter:label2\" content=\"Ansl. lesetid\" \/>\n\t<meta name=\"twitter:data2\" content=\"5 minutter\" \/>\n<script type=\"application\/ld+json\" class=\"yoast-schema-graph\">{\"@context\":\"https:\/\/schema.org\",\"@graph\":[{\"@type\":\"Article\",\"@id\":\"https:\/\/nordnesrepublikken.no\/index.php\/2026\/09\/02\/den-store-brannen-i-london-i-1666-som-forandret-byen-hvorfor-hovedstaden-brant-i-4-dager\/#article\",\"isPartOf\":{\"@id\":\"https:\/\/nordnesrepublikken.no\/index.php\/2026\/09\/02\/den-store-brannen-i-london-i-1666-som-forandret-byen-hvorfor-hovedstaden-brant-i-4-dager\/\"},\"author\":{\"name\":\"Ole Andersen\",\"@id\":\"https:\/\/nordnesrepublikken.no\/#\/schema\/person\/2e7e81935bab77882fffb79296240ff1\"},\"headline\":\"Den store brannen i London i 1666 som forandret byen: hvorfor hovedstaden brant i 4 dager\",\"datePublished\":\"2026-09-02T04:02:50+00:00\",\"dateModified\":\"2026-09-02T04:02:58+00:00\",\"mainEntityOfPage\":{\"@id\":\"https:\/\/nordnesrepublikken.no\/index.php\/2026\/09\/02\/den-store-brannen-i-london-i-1666-som-forandret-byen-hvorfor-hovedstaden-brant-i-4-dager\/\"},\"wordCount\":952,\"publisher\":{\"@id\":\"https:\/\/nordnesrepublikken.no\/#organization\"},\"image\":{\"@id\":\"https:\/\/nordnesrepublikken.no\/index.php\/2026\/09\/02\/den-store-brannen-i-london-i-1666-som-forandret-byen-hvorfor-hovedstaden-brant-i-4-dager\/#primaryimage\"},\"thumbnailUrl\":\"https:\/\/nordnesrepublikken.no\/wp-content\/uploads\/2026\/09\/1788321772_Den-store-brannen-i-London-i-1666-som-forandret-byen-scaled.jpg\",\"keywords\":[\"brannen\",\"brant\",\"byen\",\"dager\",\"den\",\"forandret\",\"hovedstaden\",\"hvorfor\",\"London\",\"som\",\"Store\"],\"articleSection\":[\"Samfunn\"],\"inLanguage\":\"nb-NO\"},{\"@type\":\"WebPage\",\"@id\":\"https:\/\/nordnesrepublikken.no\/index.php\/2026\/09\/02\/den-store-brannen-i-london-i-1666-som-forandret-byen-hvorfor-hovedstaden-brant-i-4-dager\/\",\"url\":\"https:\/\/nordnesrepublikken.no\/index.php\/2026\/09\/02\/den-store-brannen-i-london-i-1666-som-forandret-byen-hvorfor-hovedstaden-brant-i-4-dager\/\",\"name\":\"Den store brannen i London i 1666 som forandret byen: hvorfor hovedstaden brant i 4 dager - Nordnesrepublikken\",\"isPartOf\":{\"@id\":\"https:\/\/nordnesrepublikken.no\/#website\"},\"primaryImageOfPage\":{\"@id\":\"https:\/\/nordnesrepublikken.no\/index.php\/2026\/09\/02\/den-store-brannen-i-london-i-1666-som-forandret-byen-hvorfor-hovedstaden-brant-i-4-dager\/#primaryimage\"},\"image\":{\"@id\":\"https:\/\/nordnesrepublikken.no\/index.php\/2026\/09\/02\/den-store-brannen-i-london-i-1666-som-forandret-byen-hvorfor-hovedstaden-brant-i-4-dager\/#primaryimage\"},\"thumbnailUrl\":\"https:\/\/nordnesrepublikken.no\/wp-content\/uploads\/2026\/09\/1788321772_Den-store-brannen-i-London-i-1666-som-forandret-byen-scaled.jpg\",\"datePublished\":\"2026-09-02T04:02:50+00:00\",\"dateModified\":\"2026-09-02T04:02:58+00:00\",\"breadcrumb\":{\"@id\":\"https:\/\/nordnesrepublikken.no\/index.php\/2026\/09\/02\/den-store-brannen-i-london-i-1666-som-forandret-byen-hvorfor-hovedstaden-brant-i-4-dager\/#breadcrumb\"},\"inLanguage\":\"nb-NO\",\"potentialAction\":[{\"@type\":\"ReadAction\",\"target\":[\"https:\/\/nordnesrepublikken.no\/index.php\/2026\/09\/02\/den-store-brannen-i-london-i-1666-som-forandret-byen-hvorfor-hovedstaden-brant-i-4-dager\/\"]}]},{\"@type\":\"ImageObject\",\"inLanguage\":\"nb-NO\",\"@id\":\"https:\/\/nordnesrepublikken.no\/index.php\/2026\/09\/02\/den-store-brannen-i-london-i-1666-som-forandret-byen-hvorfor-hovedstaden-brant-i-4-dager\/#primaryimage\",\"url\":\"https:\/\/nordnesrepublikken.no\/wp-content\/uploads\/2026\/09\/1788321772_Den-store-brannen-i-London-i-1666-som-forandret-byen-scaled.jpg\",\"contentUrl\":\"https:\/\/nordnesrepublikken.no\/wp-content\/uploads\/2026\/09\/1788321772_Den-store-brannen-i-London-i-1666-som-forandret-byen-scaled.jpg\",\"width\":2560,\"height\":1491,\"caption\":\"Den store brannen i London i 1666 som forandret byen: hvorfor hovedstaden brant i 4 dager\"},{\"@type\":\"BreadcrumbList\",\"@id\":\"https:\/\/nordnesrepublikken.no\/index.php\/2026\/09\/02\/den-store-brannen-i-london-i-1666-som-forandret-byen-hvorfor-hovedstaden-brant-i-4-dager\/#breadcrumb\",\"itemListElement\":[{\"@type\":\"ListItem\",\"position\":1,\"name\":\"Home\",\"item\":\"https:\/\/nordnesrepublikken.no\/\"},{\"@type\":\"ListItem\",\"position\":2,\"name\":\"Den store brannen i London i 1666 som forandret byen: hvorfor hovedstaden brant i 4 dager\"}]},{\"@type\":\"WebSite\",\"@id\":\"https:\/\/nordnesrepublikken.no\/#website\",\"url\":\"https:\/\/nordnesrepublikken.no\/\",\"name\":\"Nordnesrepublikken\",\"description\":\"Stemmer og Visjoner fra Republikkens Hjerte\",\"publisher\":{\"@id\":\"https:\/\/nordnesrepublikken.no\/#organization\"},\"potentialAction\":[{\"@type\":\"SearchAction\",\"target\":{\"@type\":\"EntryPoint\",\"urlTemplate\":\"https:\/\/nordnesrepublikken.no\/?s={search_term_string}\"},\"query-input\":{\"@type\":\"PropertyValueSpecification\",\"valueRequired\":true,\"valueName\":\"search_term_string\"}}],\"inLanguage\":\"nb-NO\"},{\"@type\":\"Organization\",\"@id\":\"https:\/\/nordnesrepublikken.no\/#organization\",\"name\":\"Nordnesrepublikken\",\"url\":\"https:\/\/nordnesrepublikken.no\/\",\"logo\":{\"@type\":\"ImageObject\",\"inLanguage\":\"nb-NO\",\"@id\":\"https:\/\/nordnesrepublikken.no\/#\/schema\/logo\/image\/\",\"url\":\"https:\/\/nordnesrepublikken.no\/wp-content\/uploads\/2025\/02\/cropped-nordnesrepublikken-2.png\",\"contentUrl\":\"https:\/\/nordnesrepublikken.no\/wp-content\/uploads\/2025\/02\/cropped-nordnesrepublikken-2.png\",\"width\":1248,\"height\":362,\"caption\":\"Nordnesrepublikken\"},\"image\":{\"@id\":\"https:\/\/nordnesrepublikken.no\/#\/schema\/logo\/image\/\"}},{\"@type\":\"Person\",\"@id\":\"https:\/\/nordnesrepublikken.no\/#\/schema\/person\/2e7e81935bab77882fffb79296240ff1\",\"name\":\"Ole Andersen\",\"image\":{\"@type\":\"ImageObject\",\"inLanguage\":\"nb-NO\",\"@id\":\"https:\/\/nordnesrepublikken.no\/#\/schema\/person\/image\/\",\"url\":\"https:\/\/nordnesrepublikken.no\/wp-content\/uploads\/2025\/02\/nordnesrepublikken-2-2-150x150.jpg\",\"contentUrl\":\"https:\/\/nordnesrepublikken.no\/wp-content\/uploads\/2025\/02\/nordnesrepublikken-2-2-150x150.jpg\",\"caption\":\"Ole Andersen\"},\"description\":\"Ettersom jeg vokste opp i Oslo, har jeg alltid v\u00e6rt fascinert av ordenes kraft og deres evne til \u00e5 skape endringer. Etter \u00e5 ha fullf\u00f8rt min utdannelse i kommunikasjon ved Universitetet i Bergen, fikk jeg muligheten til \u00e5 jobbe innen ulike medier, der jeg har s\u00f8kt \u00e5 belyse viktige samfunnssp\u00f8rsm\u00e5l. I dag, som redakt\u00f8r for Nordnesrepublikken, pr\u00f8ver jeg \u00e5 forene min kj\u00e6rlighet for journalistikk med min lidenskap for innovasjon og eventyr.\",\"sameAs\":[\"https:\/\/nordnesrepublikken.no\/\"]}]}<\/script>\n<!-- \/ Yoast SEO plugin. -->","yoast_head_json":{"title":"Den store brannen i London i 1666 som forandret byen: hvorfor hovedstaden brant i 4 dager - Nordnesrepublikken","robots":{"index":"index","follow":"follow","max-snippet":"max-snippet:-1","max-image-preview":"max-image-preview:large","max-video-preview":"max-video-preview:-1"},"canonical":"https:\/\/nordnesrepublikken.no\/index.php\/2026\/09\/02\/den-store-brannen-i-london-i-1666-som-forandret-byen-hvorfor-hovedstaden-brant-i-4-dager\/","og_locale":"nb_NO","og_type":"article","og_title":"Den store brannen i London i 1666 som forandret byen: hvorfor hovedstaden brant i 4 dager - Nordnesrepublikken","og_description":"De stor brann London for 360 \u00e5r siden var en katastrofal brann som skjedde mellom","og_url":"https:\/\/nordnesrepublikken.no\/index.php\/2026\/09\/02\/den-store-brannen-i-london-i-1666-som-forandret-byen-hvorfor-hovedstaden-brant-i-4-dager\/","og_site_name":"Nordnesrepublikken","article_published_time":"2026-09-02T04:02:50+00:00","article_modified_time":"2026-09-02T04:02:58+00:00","og_image":[{"width":2560,"height":1491,"url":"https:\/\/nordnesrepublikken.no\/wp-content\/uploads\/2026\/09\/1788321772_Den-store-brannen-i-London-i-1666-som-forandret-byen-scaled.jpg","type":"image\/jpeg"}],"author":"Ole Andersen","twitter_card":"summary_large_image","twitter_misc":{"Skrevet av":"Ole Andersen","Ansl. lesetid":"5 minutter"},"schema":{"@context":"https:\/\/schema.org","@graph":[{"@type":"Article","@id":"https:\/\/nordnesrepublikken.no\/index.php\/2026\/09\/02\/den-store-brannen-i-london-i-1666-som-forandret-byen-hvorfor-hovedstaden-brant-i-4-dager\/#article","isPartOf":{"@id":"https:\/\/nordnesrepublikken.no\/index.php\/2026\/09\/02\/den-store-brannen-i-london-i-1666-som-forandret-byen-hvorfor-hovedstaden-brant-i-4-dager\/"},"author":{"name":"Ole Andersen","@id":"https:\/\/nordnesrepublikken.no\/#\/schema\/person\/2e7e81935bab77882fffb79296240ff1"},"headline":"Den store brannen i London i 1666 som forandret byen: hvorfor hovedstaden brant i 4 dager","datePublished":"2026-09-02T04:02:50+00:00","dateModified":"2026-09-02T04:02:58+00:00","mainEntityOfPage":{"@id":"https:\/\/nordnesrepublikken.no\/index.php\/2026\/09\/02\/den-store-brannen-i-london-i-1666-som-forandret-byen-hvorfor-hovedstaden-brant-i-4-dager\/"},"wordCount":952,"publisher":{"@id":"https:\/\/nordnesrepublikken.no\/#organization"},"image":{"@id":"https:\/\/nordnesrepublikken.no\/index.php\/2026\/09\/02\/den-store-brannen-i-london-i-1666-som-forandret-byen-hvorfor-hovedstaden-brant-i-4-dager\/#primaryimage"},"thumbnailUrl":"https:\/\/nordnesrepublikken.no\/wp-content\/uploads\/2026\/09\/1788321772_Den-store-brannen-i-London-i-1666-som-forandret-byen-scaled.jpg","keywords":["brannen","brant","byen","dager","den","forandret","hovedstaden","hvorfor","London","som","Store"],"articleSection":["Samfunn"],"inLanguage":"nb-NO"},{"@type":"WebPage","@id":"https:\/\/nordnesrepublikken.no\/index.php\/2026\/09\/02\/den-store-brannen-i-london-i-1666-som-forandret-byen-hvorfor-hovedstaden-brant-i-4-dager\/","url":"https:\/\/nordnesrepublikken.no\/index.php\/2026\/09\/02\/den-store-brannen-i-london-i-1666-som-forandret-byen-hvorfor-hovedstaden-brant-i-4-dager\/","name":"Den store brannen i London i 1666 som forandret byen: hvorfor hovedstaden brant i 4 dager - Nordnesrepublikken","isPartOf":{"@id":"https:\/\/nordnesrepublikken.no\/#website"},"primaryImageOfPage":{"@id":"https:\/\/nordnesrepublikken.no\/index.php\/2026\/09\/02\/den-store-brannen-i-london-i-1666-som-forandret-byen-hvorfor-hovedstaden-brant-i-4-dager\/#primaryimage"},"image":{"@id":"https:\/\/nordnesrepublikken.no\/index.php\/2026\/09\/02\/den-store-brannen-i-london-i-1666-som-forandret-byen-hvorfor-hovedstaden-brant-i-4-dager\/#primaryimage"},"thumbnailUrl":"https:\/\/nordnesrepublikken.no\/wp-content\/uploads\/2026\/09\/1788321772_Den-store-brannen-i-London-i-1666-som-forandret-byen-scaled.jpg","datePublished":"2026-09-02T04:02:50+00:00","dateModified":"2026-09-02T04:02:58+00:00","breadcrumb":{"@id":"https:\/\/nordnesrepublikken.no\/index.php\/2026\/09\/02\/den-store-brannen-i-london-i-1666-som-forandret-byen-hvorfor-hovedstaden-brant-i-4-dager\/#breadcrumb"},"inLanguage":"nb-NO","potentialAction":[{"@type":"ReadAction","target":["https:\/\/nordnesrepublikken.no\/index.php\/2026\/09\/02\/den-store-brannen-i-london-i-1666-som-forandret-byen-hvorfor-hovedstaden-brant-i-4-dager\/"]}]},{"@type":"ImageObject","inLanguage":"nb-NO","@id":"https:\/\/nordnesrepublikken.no\/index.php\/2026\/09\/02\/den-store-brannen-i-london-i-1666-som-forandret-byen-hvorfor-hovedstaden-brant-i-4-dager\/#primaryimage","url":"https:\/\/nordnesrepublikken.no\/wp-content\/uploads\/2026\/09\/1788321772_Den-store-brannen-i-London-i-1666-som-forandret-byen-scaled.jpg","contentUrl":"https:\/\/nordnesrepublikken.no\/wp-content\/uploads\/2026\/09\/1788321772_Den-store-brannen-i-London-i-1666-som-forandret-byen-scaled.jpg","width":2560,"height":1491,"caption":"Den store brannen i London i 1666 som forandret byen: hvorfor hovedstaden brant i 4 dager"},{"@type":"BreadcrumbList","@id":"https:\/\/nordnesrepublikken.no\/index.php\/2026\/09\/02\/den-store-brannen-i-london-i-1666-som-forandret-byen-hvorfor-hovedstaden-brant-i-4-dager\/#breadcrumb","itemListElement":[{"@type":"ListItem","position":1,"name":"Home","item":"https:\/\/nordnesrepublikken.no\/"},{"@type":"ListItem","position":2,"name":"Den store brannen i London i 1666 som forandret byen: hvorfor hovedstaden brant i 4 dager"}]},{"@type":"WebSite","@id":"https:\/\/nordnesrepublikken.no\/#website","url":"https:\/\/nordnesrepublikken.no\/","name":"Nordnesrepublikken","description":"Stemmer og Visjoner fra Republikkens Hjerte","publisher":{"@id":"https:\/\/nordnesrepublikken.no\/#organization"},"potentialAction":[{"@type":"SearchAction","target":{"@type":"EntryPoint","urlTemplate":"https:\/\/nordnesrepublikken.no\/?s={search_term_string}"},"query-input":{"@type":"PropertyValueSpecification","valueRequired":true,"valueName":"search_term_string"}}],"inLanguage":"nb-NO"},{"@type":"Organization","@id":"https:\/\/nordnesrepublikken.no\/#organization","name":"Nordnesrepublikken","url":"https:\/\/nordnesrepublikken.no\/","logo":{"@type":"ImageObject","inLanguage":"nb-NO","@id":"https:\/\/nordnesrepublikken.no\/#\/schema\/logo\/image\/","url":"https:\/\/nordnesrepublikken.no\/wp-content\/uploads\/2025\/02\/cropped-nordnesrepublikken-2.png","contentUrl":"https:\/\/nordnesrepublikken.no\/wp-content\/uploads\/2025\/02\/cropped-nordnesrepublikken-2.png","width":1248,"height":362,"caption":"Nordnesrepublikken"},"image":{"@id":"https:\/\/nordnesrepublikken.no\/#\/schema\/logo\/image\/"}},{"@type":"Person","@id":"https:\/\/nordnesrepublikken.no\/#\/schema\/person\/2e7e81935bab77882fffb79296240ff1","name":"Ole Andersen","image":{"@type":"ImageObject","inLanguage":"nb-NO","@id":"https:\/\/nordnesrepublikken.no\/#\/schema\/person\/image\/","url":"https:\/\/nordnesrepublikken.no\/wp-content\/uploads\/2025\/02\/nordnesrepublikken-2-2-150x150.jpg","contentUrl":"https:\/\/nordnesrepublikken.no\/wp-content\/uploads\/2025\/02\/nordnesrepublikken-2-2-150x150.jpg","caption":"Ole Andersen"},"description":"Ettersom jeg vokste opp i Oslo, har jeg alltid v\u00e6rt fascinert av ordenes kraft og deres evne til \u00e5 skape endringer. Etter \u00e5 ha fullf\u00f8rt min utdannelse i kommunikasjon ved Universitetet i Bergen, fikk jeg muligheten til \u00e5 jobbe innen ulike medier, der jeg har s\u00f8kt \u00e5 belyse viktige samfunnssp\u00f8rsm\u00e5l. I dag, som redakt\u00f8r for Nordnesrepublikken, pr\u00f8ver jeg \u00e5 forene min kj\u00e6rlighet for journalistikk med min lidenskap for innovasjon og eventyr.","sameAs":["https:\/\/nordnesrepublikken.no\/"]}]}},"_links":{"self":[{"href":"https:\/\/nordnesrepublikken.no\/index.php\/wp-json\/wp\/v2\/posts\/21704","targetHints":{"allow":["GET"]}}],"collection":[{"href":"https:\/\/nordnesrepublikken.no\/index.php\/wp-json\/wp\/v2\/posts"}],"about":[{"href":"https:\/\/nordnesrepublikken.no\/index.php\/wp-json\/wp\/v2\/types\/post"}],"author":[{"embeddable":true,"href":"https:\/\/nordnesrepublikken.no\/index.php\/wp-json\/wp\/v2\/users\/1"}],"replies":[{"embeddable":true,"href":"https:\/\/nordnesrepublikken.no\/index.php\/wp-json\/wp\/v2\/comments?post=21704"}],"version-history":[{"count":1,"href":"https:\/\/nordnesrepublikken.no\/index.php\/wp-json\/wp\/v2\/posts\/21704\/revisions"}],"predecessor-version":[{"id":21706,"href":"https:\/\/nordnesrepublikken.no\/index.php\/wp-json\/wp\/v2\/posts\/21704\/revisions\/21706"}],"wp:featuredmedia":[{"embeddable":true,"href":"https:\/\/nordnesrepublikken.no\/index.php\/wp-json\/wp\/v2\/media\/21705"}],"wp:attachment":[{"href":"https:\/\/nordnesrepublikken.no\/index.php\/wp-json\/wp\/v2\/media?parent=21704"}],"wp:term":[{"taxonomy":"category","embeddable":true,"href":"https:\/\/nordnesrepublikken.no\/index.php\/wp-json\/wp\/v2\/categories?post=21704"},{"taxonomy":"post_tag","embeddable":true,"href":"https:\/\/nordnesrepublikken.no\/index.php\/wp-json\/wp\/v2\/tags?post=21704"}],"curies":[{"name":"wp","href":"https:\/\/api.w.org\/{rel}","templated":true}]}}