{"id":21695,"date":"2026-09-01T23:02:43","date_gmt":"2026-09-01T21:02:43","guid":{"rendered":"https:\/\/nordnesrepublikken.no\/index.php\/2026\/09\/01\/kostnadene-ved-krigen-i-iran-om-6-maneder-energipavirkningen-i-italia-pa-12-milliarder-e276-i-regningen\/"},"modified":"2026-09-01T23:02:45","modified_gmt":"2026-09-01T21:02:45","slug":"kostnadene-ved-krigen-i-iran-om-6-maneder-energipavirkningen-i-italia-pa-12-milliarder-e276-i-regningen","status":"publish","type":"post","link":"https:\/\/nordnesrepublikken.no\/index.php\/2026\/09\/01\/kostnadene-ved-krigen-i-iran-om-6-maneder-energipavirkningen-i-italia-pa-12-milliarder-e276-i-regningen\/","title":{"rendered":"Kostnadene ved krigen i Iran om 6 m\u00e5neder, energip\u00e5virkningen i Italia p\u00e5 12 milliarder: +\u20ac276 i regningen"},"content":{"rendered":"<div>\n<div class=\"cp_wrapper cp_wrapper--fw mb-30 mb-20@tablet\">\n<figure class=\"mm\"><picture class=\"img\" style=\"padding-top:56.25%\"><source  media=\"(min-width: 1024px)\"><source  media=\"(min-width: 768px)\"><\/source><\/source><\/picture><\/figure>\n<\/p><\/div>\n<p>Krigen i Iran tynger Italia med en energiregning ansl\u00e5tt til <strong>nesten 12 milliarder euro<\/strong>og med direkte \u00f8kninger i regninger og drivstoff for\u00e5rsaket av blokaden av Hormuzstredet. Det er anslaget p\u00e5 <strong>CNA<\/strong>National Confederation of Crafts and Small and Medium Enterprises: mellom 1. mars og 31. august brukte italienske familier og bedrifter <strong>11,8 milliarder euro mer<\/strong> for drivstoff, elektrisitet og gass sammenlignet med niv\u00e5ene f\u00f8r krisen. Omtrent halvparten handler om mobilitet, med <strong>5,8 milliarder i bensin og diesel alene<\/strong>mens str\u00f8mregningen veier 3,7-3,8 milliarder og gassen som forbrukes direkte av familier og bedrifter utgj\u00f8r ytterligere 2-2,2 milliarder.<\/p>\n<p>Det er beretningen om seks m\u00e5neders konflikt mellom USA, Israel og Iran. I samme periode, globalt, har de som importerer fossilt brensel betalt <strong>330 milliarder dollar mer<\/strong> enn markedene forventet f\u00f8r krigen: det er det st\u00f8rste vedvarende oljesjokket siden Gulf-krigen i 1990, if\u00f8lge Center for Research on Energy and Clean Air. Italia dukker opp <strong>p\u00e5 femteplass blant de tjue mest ber\u00f8rte landene, med en nettokostnad p\u00e5 10 milliarder dollar tilsvarende 0,42 % av BNP<\/strong>: tilsvarende en og en halv dag med nasjonalinntekt. Foran oss bare Kina, India, Japan og Frankrike.<\/p>\n<h2><strong>\u00d8konomiske konsekvenser av krig i Iran: oljeprisen n\u00e5r v\u00e5rt hjem<\/strong><\/h2>\n<p>Tallrike derivater utvinnes fra olje, inkludert <strong>diesel<\/strong>som flytter lastebiler, traktorer og maskiner: n\u00e5r den \u00f8ker, f\u00f8res \u00f8kningen langs hele forsyningskjeden, fra transport til landbruk til supermarkedshyller. Det var 57 % over forventningene i mars, <strong>den er 65 % i august<\/strong>og i de seks m\u00e5nedene kostet det i gjennomsnitt <strong>161 dollar fatet mot forventet 101<\/strong> f\u00f8r krigen. Lignende historie for gass: Den europeiske prisen gikk fra 44 % over forventningene i juni <strong>til 76 % i august<\/strong>og fyringssesongen har enn\u00e5 ikke begynt.<\/p>\n<h2><strong>Regninger, 276 euro mer per familie p\u00e5 et \u00e5r<\/strong><\/h2>\n<p>Energiprisene overf\u00f8res til familier i en kaskade. I f\u00f8lge estimater fra Facile.it-forskningskontoret vil en familie med en tariff indeksert i det frie markedet i l\u00f8pet av de neste tolv m\u00e5nedene bruke <strong>ca 276 euro mer<\/strong> sammenlignet med det som var forventet f\u00f8r konfliktens utbrudd. Den totale kostnaden for elektrisitet og gass <strong>vil overstige 2200 euro, med en \u00f8kning p\u00e5 14 %<\/strong>.<\/p>\n<p>Vekten er nesten helt p\u00e5 gassen, som vil komme til <strong>1.510 euro med en \u00f8kning p\u00e5 200 euro<\/strong>mens str\u00f8mregningen stopper kl <strong>714 euro med 77 euro mer<\/strong>. \u00c5rsaken er at gass kj\u00f8pes p\u00e5 internasjonale markeder og er den varen som er mest direkte utsatt for spenninger rundt Hormuz. P\u00e5 str\u00f8mregningen er imidlertid energikostnaden bare en del av totalen: Ved siden av kommer transport, systemavgifter, avgifter og moms, varer som ikke f\u00f8lger med markedene og som demper pris\u00f8kningen.<\/p>\n<p>En f\u00f8rste effekt har allerede kommet. For s\u00e5rbare kunder som fortsatt betjenes under st\u00f8rre beskyttelse, har ARERA etablert <strong>en \u00f8kning i str\u00f8mregningen p\u00e5 4,6 % i tredje kvartal<\/strong> sammenlignet med den forrige.<\/p>\n<h2><strong>Bensin og diesel: drivstoff over 2 euro per liter<\/strong><\/h2>\n<p>P\u00e5 drivstoff markerte sommeren et vendepunkt. <strong>Fra 4. juli<\/strong>med utl\u00f8pet av den forrige intervensjonen p\u00e5 s\u00e6ravgifter, begynte prisene ved pumpen \u00e5 vokse igjen akkurat da sammenbruddet av v\u00e5penhvilen mellom Iran og USA brakte Hormuzstredet tilbake til sentrum av spenningene om r\u00e5olje. If\u00f8lge data fra Prisobservatoriet til N\u00e6ringsdepartementet oppdatert til <strong>31. august<\/strong>det regionale gjennomsnittet p\u00e5 <strong>selvbetjent bensin er 2.023 euro per liter og for diesel er 2.136<\/strong>. For et \u00e5r siden var bensin p\u00e5 rundt 1,70 euro og diesel p\u00e5 1,63: det betyr <strong>over 16 euro mer for en 50 liters tank<\/strong> med bensinbil og <strong>mer enn 25 euro<\/strong> med en diesel.<\/p>\n<p>Forskjellene mellom territoriene er begrenset, men ikke null: kom igjen <strong>2.003 euro per liter bensin i Lazio til 2.061 i provinsen Bolzano<\/strong>som ogs\u00e5 er dyrest p\u00e5 diesel med 2.181 euro mot 2.113 i Marche-regionen.<\/p>\n<p>S\u00e5 er det et sl\u00e5ende faktum, fordi det g\u00e5r i motsatt retning av hva man kunne forvente. I juli n\u00e5dde ettersp\u00f8rselen etter bensin <strong>900 tusen tonn, det h\u00f8yeste niv\u00e5et de siste seksten \u00e5rene<\/strong> og 3,1 % mer enn juli 2025, mens bildiesel registrerte <strong>en nedgang p\u00e5 8,4 %<\/strong>. Kort sagt, italienerne har ikke gitt opp privatbiler til tross for rekordpriser; Det var hovedsakelig godstransport som kuttet forbruket.<\/p>\n<h2><strong>Handlevogna og h\u00f8strushet<\/strong><\/h2>\n<p>Energi forblir ikke begrenset til regningen og distribut\u00f8ren: den overf\u00f8res til prisene p\u00e5 alt som m\u00e5 produseres og transporteres. Og i et sn\u00f8skred losses den p\u00e5 en handlekurv som allerede er tynget av \u00e5r med pris\u00f8kninger. I f\u00f8lge en simulering av Il Sole 24 Ore p\u00e5 en kurv med 31 produkter, <strong>den ukentlige kvitteringen for et par med et barn gikk fra 100 til 129,5 euro mellom juli 2021 og juli 2026<\/strong>: en \u00f8kning i <strong>29,5 %, mye h\u00f8yere enn den generelle inflasjonen i samme periode, som var 21 %<\/strong>. Toppene ang\u00e5r <strong>kaffe (+51%), extra virgin olivenolje (+47%) og gr\u00f8nnsaker (+39%).<\/strong><\/p>\n<p>Det er et faktum som m\u00e5 leses for hva det er: en fem\u00e5rig bevegelse,<strong> startet i god tid f\u00f8r Hormuz-krisen.<\/strong> Men det forklarer hvorfor selv en beskjeden pris\u00f8kning i dag veier mer enn den ville gjort under normale forhold. Ikke tilfeldig <strong>andelen familier som erkl\u00e6rer at de har redusert kvantiteten eller kvaliteten p\u00e5 produktene som ble kj\u00f8pt, steg fra 24,3 % i 2021 til 31 % i 2024<\/strong>og matvareprisene har fortsatt \u00e5 stige siden den gang.<\/p>\n<p>I kvartalet som \u00e5pner <strong>Kodakoner<\/strong> ansl\u00e5r en &laquo;h\u00f8stpang&raquo; <strong>opptil 633 euro mer per familie<\/strong> \u2013 beregningen gjelder en husholdning med to biler og et barn i skolealder. Den tyngste stemmen er energi, med <strong>205 euro mer for str\u00f8m og gass mellom september og november<\/strong> hvis prisene holder seg p\u00e5 dagens niv\u00e5. Drivstoff f\u00f8lger, med et h\u00f8yere kvartalsforbruk ansl\u00e5tt til <strong>145 euro for dieselbilen og 93 euro for bensinbilen<\/strong>forutsatt to fulle tanker per m\u00e5ned for hver. Deretter mat (rundt 70 euro, i hypotesen om at prislistene vokser med 3%), transport (68 euro), tilbake til skolen med b\u00f8ker og materialer (32 euro) og m\u00e5ltider borte fra hjemmet (20 euro).<\/p>\n<p>Ikke alle er enige: <strong>Fremtidens elektrisitet<\/strong>elektrisitetssektorens forening som tilh\u00f8rer Confindustria, definerte det scenariet som &laquo;ubrukelig alarmisme&raquo;, og husket at flertallet av familier har en fastpriskontrakt og at for de med en indeksert tariff vil \u00f8kningene oversettes til noen f\u00e5 cent om dagen. Dette er en avklaring som betyr noe: inflasjonsanslagene som er sirkulert de siste dagene, inkludert de som er sitert i denne artikkelen, bekymrer <strong>de som har en variabel priskontrakt<\/strong>det vil si \u2013 if\u00f8lge Elettricit\u00e0 Futura \u2013 en minoritet av innenlandske kunder.<\/p>\n<p>I bakgrunnen gjenst\u00e5r sp\u00f8rsm\u00e5let om inntekt. I f\u00f8lge <strong>CGIL<\/strong>fra 2021<strong> reall\u00f8nnen i Italia falt med mer enn 8 %<\/strong>: Den dyre energien \u00f8ker derfor en kj\u00f8pekraft som allerede var p\u00e5 vei ned f\u00f8r krisen begynte.<\/p>\n<h2><strong>Hva ISTAT-data sier om inflasjon og priser<\/strong><\/h2>\n<p>I juli 2026 vokste konsumprisene med <strong>2,9 prosent fra \u00e5ret f\u00f8r<\/strong>noe ned sammenlignet med 3,0 % i juni. Bak dette tallet er det imidlertid motsatte bevegelser: drivstoff og fersk mat bremser ned, mens <strong>regulerte elektrisitets- og gasstariffer, som gikk fra +9,2 % til +14,8 %<\/strong>.<\/p>\n<p>V\u00e6r forsiktig s\u00e5 du ikke forveksler de to niv\u00e5ene: Nedgangen gjelder sammenligningen med et \u00e5r siden, ikke de absolutte prisene, som i mellomtiden har fortsatt \u00e5 stige. ISTAT-dataene viser dette godt: i juli falt drivstoffdynamikken betydelig i den f\u00f8rste delen av m\u00e5neden og steg raskt i den andre, med <strong>diesel gikk fra +21,6 % per \u00e5r i juni til +18,8 % og bensin fra +10,3 % til 8 %<\/strong>.<\/p>\n<p>Forklaringen p\u00e5 tidene ligger i tariffmekanismen. De regulerte oppdateres hver tredje m\u00e5ned av det offentlige, slik at de kommer inn i regningen m\u00e5neder senere enn det som allerede har skjedd p\u00e5 grossistmarkedene. Det er derfor, ettersom prisen p\u00e5 olje falt, fortsatte mange familiers regninger \u00e5 stige. Inne i den stemmen, <strong>gass \u200b\u200bi det beskyttede markedet reiser med +22,1 % per \u00e5r og beskyttet elektrisitet p\u00e5 9,7 %<\/strong>.<\/p>\n<h2><strong>Den variable boligl\u00e5nsterminen: 52 euro mer innen utgangen av \u00e5ret<\/strong><\/h2>\n<p>Den tredje kanalen er kreditt. <strong>Den europeiske sentralbanken hevet styringsrentene 11. juni<\/strong>s\u00e5 stoppet det 23. juli: Christine Lagarde rettferdiggjorde pausen med fortsatt beskjeden vekst i eurosonen og med spenninger i Midt\u00f8sten, som fortsetter \u00e5 generere et vedvarende energisjokk p\u00e5 prisene.<\/p>\n<p>Effekten p\u00e5 avdrag er allerede synlig. P\u00e5 et standard boligl\u00e5n p\u00e5 126 000 euro over 25 \u00e5r, <strong>avdraget gikk fra 578 euro i januar til 599 i juli<\/strong>og anslagene indikerer <strong>rundt 630 euro innen desember: 52 euro per m\u00e5ned mer<\/strong> sammenlignet med begynnelsen av \u00e5ret.<\/p>\n<p>Den variable renten koster i dag mindre enn fastrenten, men nesten ingen velger den: i andre kvartal 2026 <strong>fastrenten ble valgt i 92 % av tilfellene<\/strong>. Etter tre \u00e5r med ustabile avdrag foretrekker familier \u00e5 betale litt mer for \u00e5 vite p\u00e5 forh\u00e5nd hvor mye de skal betale.<\/p>\n<h2><strong>Hvorfor italiensk BNP holdt stand (og hvem betalte regningen)<\/strong><\/h2>\n<p>Sm\u00e5 bedrifter absorberer den hardeste p\u00e5virkningen. Som CNA bemerker, har de f\u00e6rre verkt\u00f8y enn st\u00f8rre selskaper for \u00e5 beskytte seg mot svingninger i energimarkedene, lavere kontraktsmessig kapasitet i innkj\u00f8p og vanskeligere med \u00e5 overf\u00f8re kostnads\u00f8kninger til sluttpriser. For foreningen handler det om <strong>en ekstraordin\u00e6r energiskatt p\u00e5 den italienske \u00f8konomien<\/strong>med risiko for at en geopolitisk krise g\u00e5r over i en brems p\u00e5 konkurranseevne og investeringer.<\/p>\n<p>Det som imidlertid ikke gikk i oppfyllelse, var den annonserte katastrofen ang\u00e5ende vekst. I andre kvartal <strong>Italiensk BNP vokste med 0,2 %<\/strong> sammenlignet med de tre foreg\u00e5ende m\u00e5nedene og 1,0 % p\u00e5 \u00e5rsbasis, noe som bringer veksten som allerede er oppn\u00e5dd for 2026 til 0,8 %, og Stortingets budsjettkontor reviderte i august sitt anslag for \u00e5ret oppover <strong>p\u00e5 +0,9 %<\/strong>.<\/p>\n<p>\u00c5rsaken er at st\u00f8tet har blitt absorbert p\u00e5 andre fronter. P\u00e5 den ene siden kom veksten fra tjenester, mens industri og landbruk &#8211; de sektorene som er mest eksponert for energikostnader &#8211; registrerte en nedgang, og bildet ble hovedsakelig st\u00f8ttet av investeringer knyttet til PNRR. P\u00e5 den annen side hindret offentlige inngrep at \u00f8kningene fullt ut ble videref\u00f8rt til de endelige prisene: bare i mars-august-semesteret ble <strong>over 2,3 milliarder euro<\/strong> inkludert s\u00e6ravgiftsreduksjoner, skattefradrag og andre tiltak.<\/p>\n<p>Kort sagt, den italienske \u00f8konomien har holdt seg bedre enn fryktet i mars, men kostnaden har ikke forsvunnet: den har endret seg. Det har blitt absorbert av familier, som betaler mer p\u00e5 regningene og ved pumpen og legger mindre til side, og av staten, med bistand som bare dekker en del av de h\u00f8yere kostnadene. Det er en delvis sikring, og med vinteren foran vil regningen for de neste m\u00e5nedene avhenge av hvor lenge krisen i Hormuzstredet varer.<\/p>\n<\/p><\/div>\n","protected":false},"excerpt":{"rendered":"<p>Krigen i Iran tynger Italia med en energiregning ansl\u00e5tt til nesten 12 milliarder euroog med<\/p>\n","protected":false},"author":1,"featured_media":21696,"comment_status":"closed","ping_status":"open","sticky":false,"template":"","format":"standard","meta":{"footnotes":""},"categories":[104],"tags":[14191,3519,437,4203,2126,4836,594,81,4341,231],"class_list":["post-21695","post","type-post","status-publish","format-standard","has-post-thumbnail","hentry","category-samfunn","tag-energipavirkningen","tag-iran","tag-italia","tag-kostnadene","tag-krigen","tag-maneder","tag-milliarder","tag-pa","tag-regningen","tag-ved","generate-columns","tablet-grid-50","mobile-grid-100","grid-parent","grid-33","resize-featured-image"],"yoast_head":"<!-- This site is optimized with the Yoast SEO plugin v24.4 - https:\/\/yoast.com\/wordpress\/plugins\/seo\/ -->\n<title>Kostnadene ved krigen i Iran om 6 m\u00e5neder, energip\u00e5virkningen i Italia p\u00e5 12 milliarder: +\u20ac276 i regningen - Nordnesrepublikken<\/title>\n<meta name=\"robots\" content=\"index, follow, max-snippet:-1, max-image-preview:large, max-video-preview:-1\" \/>\n<link rel=\"canonical\" href=\"https:\/\/nordnesrepublikken.no\/index.php\/2026\/09\/01\/kostnadene-ved-krigen-i-iran-om-6-maneder-energipavirkningen-i-italia-pa-12-milliarder-e276-i-regningen\/\" \/>\n<meta property=\"og:locale\" content=\"nb_NO\" \/>\n<meta property=\"og:type\" content=\"article\" \/>\n<meta property=\"og:title\" content=\"Kostnadene ved krigen i Iran om 6 m\u00e5neder, energip\u00e5virkningen i Italia p\u00e5 12 milliarder: +\u20ac276 i regningen - Nordnesrepublikken\" \/>\n<meta property=\"og:description\" content=\"Krigen i Iran tynger Italia med en energiregning ansl\u00e5tt til nesten 12 milliarder euroog med\" \/>\n<meta property=\"og:url\" content=\"https:\/\/nordnesrepublikken.no\/index.php\/2026\/09\/01\/kostnadene-ved-krigen-i-iran-om-6-maneder-energipavirkningen-i-italia-pa-12-milliarder-e276-i-regningen\/\" \/>\n<meta property=\"og:site_name\" content=\"Nordnesrepublikken\" \/>\n<meta property=\"article:published_time\" content=\"2026-09-01T21:02:43+00:00\" \/>\n<meta property=\"article:modified_time\" content=\"2026-09-01T21:02:45+00:00\" \/>\n<meta property=\"og:image\" content=\"https:\/\/nordnesrepublikken.no\/wp-content\/uploads\/2026\/09\/1788296565_Kostnadene-ved-krigen-i-Iran-om-6-maneder-energipavirkningen-i.jpg\" \/>\n\t<meta property=\"og:image:width\" content=\"1253\" \/>\n\t<meta property=\"og:image:height\" content=\"836\" \/>\n\t<meta property=\"og:image:type\" content=\"image\/jpeg\" \/>\n<meta name=\"author\" content=\"Ole Andersen\" \/>\n<meta name=\"twitter:card\" content=\"summary_large_image\" \/>\n<meta name=\"twitter:label1\" content=\"Skrevet av\" \/>\n\t<meta name=\"twitter:data1\" content=\"Ole Andersen\" \/>\n\t<meta name=\"twitter:label2\" content=\"Ansl. lesetid\" \/>\n\t<meta name=\"twitter:data2\" content=\"8 minutter\" \/>\n<script type=\"application\/ld+json\" class=\"yoast-schema-graph\">{\"@context\":\"https:\/\/schema.org\",\"@graph\":[{\"@type\":\"Article\",\"@id\":\"https:\/\/nordnesrepublikken.no\/index.php\/2026\/09\/01\/kostnadene-ved-krigen-i-iran-om-6-maneder-energipavirkningen-i-italia-pa-12-milliarder-e276-i-regningen\/#article\",\"isPartOf\":{\"@id\":\"https:\/\/nordnesrepublikken.no\/index.php\/2026\/09\/01\/kostnadene-ved-krigen-i-iran-om-6-maneder-energipavirkningen-i-italia-pa-12-milliarder-e276-i-regningen\/\"},\"author\":{\"name\":\"Ole Andersen\",\"@id\":\"https:\/\/nordnesrepublikken.no\/#\/schema\/person\/2e7e81935bab77882fffb79296240ff1\"},\"headline\":\"Kostnadene ved krigen i Iran om 6 m\u00e5neder, energip\u00e5virkningen i Italia p\u00e5 12 milliarder: +\u20ac276 i regningen\",\"datePublished\":\"2026-09-01T21:02:43+00:00\",\"dateModified\":\"2026-09-01T21:02:45+00:00\",\"mainEntityOfPage\":{\"@id\":\"https:\/\/nordnesrepublikken.no\/index.php\/2026\/09\/01\/kostnadene-ved-krigen-i-iran-om-6-maneder-energipavirkningen-i-italia-pa-12-milliarder-e276-i-regningen\/\"},\"wordCount\":1675,\"publisher\":{\"@id\":\"https:\/\/nordnesrepublikken.no\/#organization\"},\"image\":{\"@id\":\"https:\/\/nordnesrepublikken.no\/index.php\/2026\/09\/01\/kostnadene-ved-krigen-i-iran-om-6-maneder-energipavirkningen-i-italia-pa-12-milliarder-e276-i-regningen\/#primaryimage\"},\"thumbnailUrl\":\"https:\/\/nordnesrepublikken.no\/wp-content\/uploads\/2026\/09\/1788296565_Kostnadene-ved-krigen-i-Iran-om-6-maneder-energipavirkningen-i.jpg\",\"keywords\":[\"energip\u00e5virkningen\",\"Iran\",\"Italia\",\"kostnadene\",\"krigen\",\"m\u00e5neder\",\"milliarder\",\"p\u00e5\",\"regningen\",\"ved\"],\"articleSection\":[\"Samfunn\"],\"inLanguage\":\"nb-NO\"},{\"@type\":\"WebPage\",\"@id\":\"https:\/\/nordnesrepublikken.no\/index.php\/2026\/09\/01\/kostnadene-ved-krigen-i-iran-om-6-maneder-energipavirkningen-i-italia-pa-12-milliarder-e276-i-regningen\/\",\"url\":\"https:\/\/nordnesrepublikken.no\/index.php\/2026\/09\/01\/kostnadene-ved-krigen-i-iran-om-6-maneder-energipavirkningen-i-italia-pa-12-milliarder-e276-i-regningen\/\",\"name\":\"Kostnadene ved krigen i Iran om 6 m\u00e5neder, energip\u00e5virkningen i Italia p\u00e5 12 milliarder: +\u20ac276 i regningen - Nordnesrepublikken\",\"isPartOf\":{\"@id\":\"https:\/\/nordnesrepublikken.no\/#website\"},\"primaryImageOfPage\":{\"@id\":\"https:\/\/nordnesrepublikken.no\/index.php\/2026\/09\/01\/kostnadene-ved-krigen-i-iran-om-6-maneder-energipavirkningen-i-italia-pa-12-milliarder-e276-i-regningen\/#primaryimage\"},\"image\":{\"@id\":\"https:\/\/nordnesrepublikken.no\/index.php\/2026\/09\/01\/kostnadene-ved-krigen-i-iran-om-6-maneder-energipavirkningen-i-italia-pa-12-milliarder-e276-i-regningen\/#primaryimage\"},\"thumbnailUrl\":\"https:\/\/nordnesrepublikken.no\/wp-content\/uploads\/2026\/09\/1788296565_Kostnadene-ved-krigen-i-Iran-om-6-maneder-energipavirkningen-i.jpg\",\"datePublished\":\"2026-09-01T21:02:43+00:00\",\"dateModified\":\"2026-09-01T21:02:45+00:00\",\"breadcrumb\":{\"@id\":\"https:\/\/nordnesrepublikken.no\/index.php\/2026\/09\/01\/kostnadene-ved-krigen-i-iran-om-6-maneder-energipavirkningen-i-italia-pa-12-milliarder-e276-i-regningen\/#breadcrumb\"},\"inLanguage\":\"nb-NO\",\"potentialAction\":[{\"@type\":\"ReadAction\",\"target\":[\"https:\/\/nordnesrepublikken.no\/index.php\/2026\/09\/01\/kostnadene-ved-krigen-i-iran-om-6-maneder-energipavirkningen-i-italia-pa-12-milliarder-e276-i-regningen\/\"]}]},{\"@type\":\"ImageObject\",\"inLanguage\":\"nb-NO\",\"@id\":\"https:\/\/nordnesrepublikken.no\/index.php\/2026\/09\/01\/kostnadene-ved-krigen-i-iran-om-6-maneder-energipavirkningen-i-italia-pa-12-milliarder-e276-i-regningen\/#primaryimage\",\"url\":\"https:\/\/nordnesrepublikken.no\/wp-content\/uploads\/2026\/09\/1788296565_Kostnadene-ved-krigen-i-Iran-om-6-maneder-energipavirkningen-i.jpg\",\"contentUrl\":\"https:\/\/nordnesrepublikken.no\/wp-content\/uploads\/2026\/09\/1788296565_Kostnadene-ved-krigen-i-Iran-om-6-maneder-energipavirkningen-i.jpg\",\"width\":1253,\"height\":836,\"caption\":\"Kostnadene ved krigen i Iran om 6 m\u00e5neder, energip\u00e5virkningen i Italia p\u00e5 12 milliarder: +\u20ac276 i regningen\"},{\"@type\":\"BreadcrumbList\",\"@id\":\"https:\/\/nordnesrepublikken.no\/index.php\/2026\/09\/01\/kostnadene-ved-krigen-i-iran-om-6-maneder-energipavirkningen-i-italia-pa-12-milliarder-e276-i-regningen\/#breadcrumb\",\"itemListElement\":[{\"@type\":\"ListItem\",\"position\":1,\"name\":\"Home\",\"item\":\"https:\/\/nordnesrepublikken.no\/\"},{\"@type\":\"ListItem\",\"position\":2,\"name\":\"Kostnadene ved krigen i Iran om 6 m\u00e5neder, energip\u00e5virkningen i Italia p\u00e5 12 milliarder: +\u20ac276 i regningen\"}]},{\"@type\":\"WebSite\",\"@id\":\"https:\/\/nordnesrepublikken.no\/#website\",\"url\":\"https:\/\/nordnesrepublikken.no\/\",\"name\":\"Nordnesrepublikken\",\"description\":\"Stemmer og Visjoner fra Republikkens Hjerte\",\"publisher\":{\"@id\":\"https:\/\/nordnesrepublikken.no\/#organization\"},\"potentialAction\":[{\"@type\":\"SearchAction\",\"target\":{\"@type\":\"EntryPoint\",\"urlTemplate\":\"https:\/\/nordnesrepublikken.no\/?s={search_term_string}\"},\"query-input\":{\"@type\":\"PropertyValueSpecification\",\"valueRequired\":true,\"valueName\":\"search_term_string\"}}],\"inLanguage\":\"nb-NO\"},{\"@type\":\"Organization\",\"@id\":\"https:\/\/nordnesrepublikken.no\/#organization\",\"name\":\"Nordnesrepublikken\",\"url\":\"https:\/\/nordnesrepublikken.no\/\",\"logo\":{\"@type\":\"ImageObject\",\"inLanguage\":\"nb-NO\",\"@id\":\"https:\/\/nordnesrepublikken.no\/#\/schema\/logo\/image\/\",\"url\":\"https:\/\/nordnesrepublikken.no\/wp-content\/uploads\/2025\/02\/cropped-nordnesrepublikken-2.png\",\"contentUrl\":\"https:\/\/nordnesrepublikken.no\/wp-content\/uploads\/2025\/02\/cropped-nordnesrepublikken-2.png\",\"width\":1248,\"height\":362,\"caption\":\"Nordnesrepublikken\"},\"image\":{\"@id\":\"https:\/\/nordnesrepublikken.no\/#\/schema\/logo\/image\/\"}},{\"@type\":\"Person\",\"@id\":\"https:\/\/nordnesrepublikken.no\/#\/schema\/person\/2e7e81935bab77882fffb79296240ff1\",\"name\":\"Ole Andersen\",\"image\":{\"@type\":\"ImageObject\",\"inLanguage\":\"nb-NO\",\"@id\":\"https:\/\/nordnesrepublikken.no\/#\/schema\/person\/image\/\",\"url\":\"https:\/\/nordnesrepublikken.no\/wp-content\/uploads\/2025\/02\/nordnesrepublikken-2-2-150x150.jpg\",\"contentUrl\":\"https:\/\/nordnesrepublikken.no\/wp-content\/uploads\/2025\/02\/nordnesrepublikken-2-2-150x150.jpg\",\"caption\":\"Ole Andersen\"},\"description\":\"Ettersom jeg vokste opp i Oslo, har jeg alltid v\u00e6rt fascinert av ordenes kraft og deres evne til \u00e5 skape endringer. Etter \u00e5 ha fullf\u00f8rt min utdannelse i kommunikasjon ved Universitetet i Bergen, fikk jeg muligheten til \u00e5 jobbe innen ulike medier, der jeg har s\u00f8kt \u00e5 belyse viktige samfunnssp\u00f8rsm\u00e5l. I dag, som redakt\u00f8r for Nordnesrepublikken, pr\u00f8ver jeg \u00e5 forene min kj\u00e6rlighet for journalistikk med min lidenskap for innovasjon og eventyr.\",\"sameAs\":[\"https:\/\/nordnesrepublikken.no\/\"]}]}<\/script>\n<!-- \/ Yoast SEO plugin. -->","yoast_head_json":{"title":"Kostnadene ved krigen i Iran om 6 m\u00e5neder, energip\u00e5virkningen i Italia p\u00e5 12 milliarder: +\u20ac276 i regningen - Nordnesrepublikken","robots":{"index":"index","follow":"follow","max-snippet":"max-snippet:-1","max-image-preview":"max-image-preview:large","max-video-preview":"max-video-preview:-1"},"canonical":"https:\/\/nordnesrepublikken.no\/index.php\/2026\/09\/01\/kostnadene-ved-krigen-i-iran-om-6-maneder-energipavirkningen-i-italia-pa-12-milliarder-e276-i-regningen\/","og_locale":"nb_NO","og_type":"article","og_title":"Kostnadene ved krigen i Iran om 6 m\u00e5neder, energip\u00e5virkningen i Italia p\u00e5 12 milliarder: +\u20ac276 i regningen - Nordnesrepublikken","og_description":"Krigen i Iran tynger Italia med en energiregning ansl\u00e5tt til nesten 12 milliarder euroog med","og_url":"https:\/\/nordnesrepublikken.no\/index.php\/2026\/09\/01\/kostnadene-ved-krigen-i-iran-om-6-maneder-energipavirkningen-i-italia-pa-12-milliarder-e276-i-regningen\/","og_site_name":"Nordnesrepublikken","article_published_time":"2026-09-01T21:02:43+00:00","article_modified_time":"2026-09-01T21:02:45+00:00","og_image":[{"width":1253,"height":836,"url":"https:\/\/nordnesrepublikken.no\/wp-content\/uploads\/2026\/09\/1788296565_Kostnadene-ved-krigen-i-Iran-om-6-maneder-energipavirkningen-i.jpg","type":"image\/jpeg"}],"author":"Ole Andersen","twitter_card":"summary_large_image","twitter_misc":{"Skrevet av":"Ole Andersen","Ansl. lesetid":"8 minutter"},"schema":{"@context":"https:\/\/schema.org","@graph":[{"@type":"Article","@id":"https:\/\/nordnesrepublikken.no\/index.php\/2026\/09\/01\/kostnadene-ved-krigen-i-iran-om-6-maneder-energipavirkningen-i-italia-pa-12-milliarder-e276-i-regningen\/#article","isPartOf":{"@id":"https:\/\/nordnesrepublikken.no\/index.php\/2026\/09\/01\/kostnadene-ved-krigen-i-iran-om-6-maneder-energipavirkningen-i-italia-pa-12-milliarder-e276-i-regningen\/"},"author":{"name":"Ole Andersen","@id":"https:\/\/nordnesrepublikken.no\/#\/schema\/person\/2e7e81935bab77882fffb79296240ff1"},"headline":"Kostnadene ved krigen i Iran om 6 m\u00e5neder, energip\u00e5virkningen i Italia p\u00e5 12 milliarder: +\u20ac276 i regningen","datePublished":"2026-09-01T21:02:43+00:00","dateModified":"2026-09-01T21:02:45+00:00","mainEntityOfPage":{"@id":"https:\/\/nordnesrepublikken.no\/index.php\/2026\/09\/01\/kostnadene-ved-krigen-i-iran-om-6-maneder-energipavirkningen-i-italia-pa-12-milliarder-e276-i-regningen\/"},"wordCount":1675,"publisher":{"@id":"https:\/\/nordnesrepublikken.no\/#organization"},"image":{"@id":"https:\/\/nordnesrepublikken.no\/index.php\/2026\/09\/01\/kostnadene-ved-krigen-i-iran-om-6-maneder-energipavirkningen-i-italia-pa-12-milliarder-e276-i-regningen\/#primaryimage"},"thumbnailUrl":"https:\/\/nordnesrepublikken.no\/wp-content\/uploads\/2026\/09\/1788296565_Kostnadene-ved-krigen-i-Iran-om-6-maneder-energipavirkningen-i.jpg","keywords":["energip\u00e5virkningen","Iran","Italia","kostnadene","krigen","m\u00e5neder","milliarder","p\u00e5","regningen","ved"],"articleSection":["Samfunn"],"inLanguage":"nb-NO"},{"@type":"WebPage","@id":"https:\/\/nordnesrepublikken.no\/index.php\/2026\/09\/01\/kostnadene-ved-krigen-i-iran-om-6-maneder-energipavirkningen-i-italia-pa-12-milliarder-e276-i-regningen\/","url":"https:\/\/nordnesrepublikken.no\/index.php\/2026\/09\/01\/kostnadene-ved-krigen-i-iran-om-6-maneder-energipavirkningen-i-italia-pa-12-milliarder-e276-i-regningen\/","name":"Kostnadene ved krigen i Iran om 6 m\u00e5neder, energip\u00e5virkningen i Italia p\u00e5 12 milliarder: +\u20ac276 i regningen - Nordnesrepublikken","isPartOf":{"@id":"https:\/\/nordnesrepublikken.no\/#website"},"primaryImageOfPage":{"@id":"https:\/\/nordnesrepublikken.no\/index.php\/2026\/09\/01\/kostnadene-ved-krigen-i-iran-om-6-maneder-energipavirkningen-i-italia-pa-12-milliarder-e276-i-regningen\/#primaryimage"},"image":{"@id":"https:\/\/nordnesrepublikken.no\/index.php\/2026\/09\/01\/kostnadene-ved-krigen-i-iran-om-6-maneder-energipavirkningen-i-italia-pa-12-milliarder-e276-i-regningen\/#primaryimage"},"thumbnailUrl":"https:\/\/nordnesrepublikken.no\/wp-content\/uploads\/2026\/09\/1788296565_Kostnadene-ved-krigen-i-Iran-om-6-maneder-energipavirkningen-i.jpg","datePublished":"2026-09-01T21:02:43+00:00","dateModified":"2026-09-01T21:02:45+00:00","breadcrumb":{"@id":"https:\/\/nordnesrepublikken.no\/index.php\/2026\/09\/01\/kostnadene-ved-krigen-i-iran-om-6-maneder-energipavirkningen-i-italia-pa-12-milliarder-e276-i-regningen\/#breadcrumb"},"inLanguage":"nb-NO","potentialAction":[{"@type":"ReadAction","target":["https:\/\/nordnesrepublikken.no\/index.php\/2026\/09\/01\/kostnadene-ved-krigen-i-iran-om-6-maneder-energipavirkningen-i-italia-pa-12-milliarder-e276-i-regningen\/"]}]},{"@type":"ImageObject","inLanguage":"nb-NO","@id":"https:\/\/nordnesrepublikken.no\/index.php\/2026\/09\/01\/kostnadene-ved-krigen-i-iran-om-6-maneder-energipavirkningen-i-italia-pa-12-milliarder-e276-i-regningen\/#primaryimage","url":"https:\/\/nordnesrepublikken.no\/wp-content\/uploads\/2026\/09\/1788296565_Kostnadene-ved-krigen-i-Iran-om-6-maneder-energipavirkningen-i.jpg","contentUrl":"https:\/\/nordnesrepublikken.no\/wp-content\/uploads\/2026\/09\/1788296565_Kostnadene-ved-krigen-i-Iran-om-6-maneder-energipavirkningen-i.jpg","width":1253,"height":836,"caption":"Kostnadene ved krigen i Iran om 6 m\u00e5neder, energip\u00e5virkningen i Italia p\u00e5 12 milliarder: +\u20ac276 i regningen"},{"@type":"BreadcrumbList","@id":"https:\/\/nordnesrepublikken.no\/index.php\/2026\/09\/01\/kostnadene-ved-krigen-i-iran-om-6-maneder-energipavirkningen-i-italia-pa-12-milliarder-e276-i-regningen\/#breadcrumb","itemListElement":[{"@type":"ListItem","position":1,"name":"Home","item":"https:\/\/nordnesrepublikken.no\/"},{"@type":"ListItem","position":2,"name":"Kostnadene ved krigen i Iran om 6 m\u00e5neder, energip\u00e5virkningen i Italia p\u00e5 12 milliarder: +\u20ac276 i regningen"}]},{"@type":"WebSite","@id":"https:\/\/nordnesrepublikken.no\/#website","url":"https:\/\/nordnesrepublikken.no\/","name":"Nordnesrepublikken","description":"Stemmer og Visjoner fra Republikkens Hjerte","publisher":{"@id":"https:\/\/nordnesrepublikken.no\/#organization"},"potentialAction":[{"@type":"SearchAction","target":{"@type":"EntryPoint","urlTemplate":"https:\/\/nordnesrepublikken.no\/?s={search_term_string}"},"query-input":{"@type":"PropertyValueSpecification","valueRequired":true,"valueName":"search_term_string"}}],"inLanguage":"nb-NO"},{"@type":"Organization","@id":"https:\/\/nordnesrepublikken.no\/#organization","name":"Nordnesrepublikken","url":"https:\/\/nordnesrepublikken.no\/","logo":{"@type":"ImageObject","inLanguage":"nb-NO","@id":"https:\/\/nordnesrepublikken.no\/#\/schema\/logo\/image\/","url":"https:\/\/nordnesrepublikken.no\/wp-content\/uploads\/2025\/02\/cropped-nordnesrepublikken-2.png","contentUrl":"https:\/\/nordnesrepublikken.no\/wp-content\/uploads\/2025\/02\/cropped-nordnesrepublikken-2.png","width":1248,"height":362,"caption":"Nordnesrepublikken"},"image":{"@id":"https:\/\/nordnesrepublikken.no\/#\/schema\/logo\/image\/"}},{"@type":"Person","@id":"https:\/\/nordnesrepublikken.no\/#\/schema\/person\/2e7e81935bab77882fffb79296240ff1","name":"Ole Andersen","image":{"@type":"ImageObject","inLanguage":"nb-NO","@id":"https:\/\/nordnesrepublikken.no\/#\/schema\/person\/image\/","url":"https:\/\/nordnesrepublikken.no\/wp-content\/uploads\/2025\/02\/nordnesrepublikken-2-2-150x150.jpg","contentUrl":"https:\/\/nordnesrepublikken.no\/wp-content\/uploads\/2025\/02\/nordnesrepublikken-2-2-150x150.jpg","caption":"Ole Andersen"},"description":"Ettersom jeg vokste opp i Oslo, har jeg alltid v\u00e6rt fascinert av ordenes kraft og deres evne til \u00e5 skape endringer. Etter \u00e5 ha fullf\u00f8rt min utdannelse i kommunikasjon ved Universitetet i Bergen, fikk jeg muligheten til \u00e5 jobbe innen ulike medier, der jeg har s\u00f8kt \u00e5 belyse viktige samfunnssp\u00f8rsm\u00e5l. I dag, som redakt\u00f8r for Nordnesrepublikken, pr\u00f8ver jeg \u00e5 forene min kj\u00e6rlighet for journalistikk med min lidenskap for innovasjon og eventyr.","sameAs":["https:\/\/nordnesrepublikken.no\/"]}]}},"_links":{"self":[{"href":"https:\/\/nordnesrepublikken.no\/index.php\/wp-json\/wp\/v2\/posts\/21695","targetHints":{"allow":["GET"]}}],"collection":[{"href":"https:\/\/nordnesrepublikken.no\/index.php\/wp-json\/wp\/v2\/posts"}],"about":[{"href":"https:\/\/nordnesrepublikken.no\/index.php\/wp-json\/wp\/v2\/types\/post"}],"author":[{"embeddable":true,"href":"https:\/\/nordnesrepublikken.no\/index.php\/wp-json\/wp\/v2\/users\/1"}],"replies":[{"embeddable":true,"href":"https:\/\/nordnesrepublikken.no\/index.php\/wp-json\/wp\/v2\/comments?post=21695"}],"version-history":[{"count":1,"href":"https:\/\/nordnesrepublikken.no\/index.php\/wp-json\/wp\/v2\/posts\/21695\/revisions"}],"predecessor-version":[{"id":21697,"href":"https:\/\/nordnesrepublikken.no\/index.php\/wp-json\/wp\/v2\/posts\/21695\/revisions\/21697"}],"wp:featuredmedia":[{"embeddable":true,"href":"https:\/\/nordnesrepublikken.no\/index.php\/wp-json\/wp\/v2\/media\/21696"}],"wp:attachment":[{"href":"https:\/\/nordnesrepublikken.no\/index.php\/wp-json\/wp\/v2\/media?parent=21695"}],"wp:term":[{"taxonomy":"category","embeddable":true,"href":"https:\/\/nordnesrepublikken.no\/index.php\/wp-json\/wp\/v2\/categories?post=21695"},{"taxonomy":"post_tag","embeddable":true,"href":"https:\/\/nordnesrepublikken.no\/index.php\/wp-json\/wp\/v2\/tags?post=21695"}],"curies":[{"name":"wp","href":"https:\/\/api.w.org\/{rel}","templated":true}]}}