{"id":21689,"date":"2026-09-01T20:02:37","date_gmt":"2026-09-01T18:02:37","guid":{"rendered":"https:\/\/nordnesrepublikken.no\/index.php\/2026\/09\/01\/hvorfor-den-meteorologiske-hosten-begynner-1-september-men-jevndogn-er-den-23-det-er-ikke-en-feilberegning\/"},"modified":"2026-09-01T20:02:39","modified_gmt":"2026-09-01T18:02:39","slug":"hvorfor-den-meteorologiske-hosten-begynner-1-september-men-jevndogn-er-den-23-det-er-ikke-en-feilberegning","status":"publish","type":"post","link":"https:\/\/nordnesrepublikken.no\/index.php\/2026\/09\/01\/hvorfor-den-meteorologiske-hosten-begynner-1-september-men-jevndogn-er-den-23-det-er-ikke-en-feilberegning\/","title":{"rendered":"Hvorfor den meteorologiske h\u00f8sten begynner 1. september, men jevnd\u00f8gn er den 23.: det er ikke en feilberegning"},"content":{"rendered":"<div>\n<div class=\"cp_wrapper cp_wrapper--fw mb-30 mb-20@tablet\">\n<figure class=\"mm\"><picture class=\"img\" style=\"padding-top:56.25%\"><source  media=\"(min-width: 1024px)\"><source  media=\"(min-width: 768px)\"><\/source><\/source><\/picture><\/figure>\n<\/p><\/div>\n<p>DE&#8217;<b>falle<\/b> er en av <b>fire sesonger<\/b> som utgj\u00f8r sol- og sivil\u00e5ret, og fungerer som en grunnleggende overgangsperiode mellom sommer- og vintersesongen. Med ankomsten begynner dagene gradvis \u00e5 bli kortere, temperaturen synker og naturen forbereder seg p\u00e5 vinterhvile ved \u00e5 forvandle landskapene. Fra et tidsmessig synspunkt er<b>meteorologisk h\u00f8st<\/b> starter alltid p\u00e5 en fast dato, den <b>1. september<\/b>og ender p\u00e5 <b>30. november<\/b>. Tvert imot<b>astronomisk h\u00f8st<\/b> vil starte <b>23. september 2026<\/b> \u00e5 fullf\u00f8re <b>21. desember<\/b>. \u00c5 forst\u00e5 hvorfor disse to visjonene ikke faller sammen, hjelper oss \u00e5 bedre forst\u00e5 hvordan klimaet p\u00e5 planeten v\u00e5r fungerer og hvordan dataene som v\u00e6rvarslere leser hver dag blir behandlet.<\/p>\n<h2>Fire meteorologiske og astronomiske \u00e5rstider: den f\u00f8rste forutser stjernenes bevegelser<\/h2>\n<p>Hoved\u00e5rsaken til dette <strong>tidsgap<\/strong> ligger i oppf\u00f8rselen til jordens atmosf\u00e6re. Faktisk venter ikke dynamikken i meteorologisk v\u00e6r p\u00e5 at det n\u00f8yaktige \u00f8yeblikket der solen er perfekt over ekvator begynner \u00e5 endre holdning.<strong> Generell luftsirkulasjon<\/strong>drevet av progressive termiske ubalanser mellom polene og ekvator, begynner \u00e5 endre strukturen flere uker f\u00f8r astronomiske hendelser.<\/p>\n<p>Med ankomsten av september m\u00e5ned, p\u00e5 den nordlige halvkule er vi vitne til en gradvis, men ub\u00f8nnh\u00f8rlig<strong> svekkelse av antisykloniske strukturer<\/strong> som dominerte sommersesongen. Samtidig begynner store masser av kald luft av polar opprinnelse \u00e5 presse seg mot lavere breddegrader igjen, og reaktiverer motoren til atlantiske forstyrrelser. Det betyr at v\u00e6rforhold typisk for h\u00f8stovergangen, som f.eks <strong>fall i temperaturer, \u00f8kning i skydekke og hyppigheten av de f\u00f8rste utbredte regnv\u00e6rene<\/strong>begynner \u00e5 manifestere seg konkret i god tid f\u00f8r jevnd\u00f8gn. Fikse begynnelsen av h\u00f8sten til <b>1. september<\/b> den svarer derfor p\u00e5 behovet for trofast \u00e5 reflektere det som skjer i atmosf\u00e6ren.<\/p>\n<h2>Hvorfor starter den astronomiske h\u00f8sten 23. september og ikke 21. september?<\/h2>\n<p>En veldig vanlig tvil gjelder datoen for<b>h\u00f8stjevnd\u00f8gn<\/b>som vi ofte ser for oss fast p\u00e5 <b>21. september<\/b>mens dette \u00e5ret faller p\u00e5 <b>23. september<\/b>.<\/p>\n<p>\u00c5rsaken er naturlig <b>geometriske og astronomiske<\/b>: den<b>kalender\u00e5r<\/b> (tiden det tar Jorden \u00e5 fullf\u00f8re en hel bane rundt Solen) varer ikke akkurat <b>365 dager<\/b>men ca <b>365 dager, 5 timer, 48 minutter og 45 sekunder<\/b>. Siden v\u00e5r <b>sivil kalender<\/b> teller n\u00f8yaktig <b>365 dager<\/b>akkumulerer det en <b>forsinkelse p\u00e5 nesten 6 timer<\/b> hvert \u00e5r. Dette avfallet gjenvinnes hvert fjerde \u00e5r med innf\u00f8ring av<b>skudd\u00e5r<\/b>. F\u00f8lgelig er det n\u00f8yaktige \u00f8yeblikket av jevnd\u00f8gn, det vil si punktet der solen befinner seg <b>vinkelrett p\u00e5 ekvator<\/b> og timene med lys er lik m\u00f8rkets, det svinger konstant i <b>gregoriansk kalender<\/b> mellom <b>22. og 23. september<\/b>.<\/p>\n<h2>Et statistisk behov: behovet for \u00e5 standardisere data<\/h2>\n<p>Ved siden av de fysiske og dynamiske \u00e5rsakene er det en annen ekstremt praktisk \u00e5rsak, knyttet til klimaanalyse og datah\u00e5ndtering. For \u00e5 evaluere v\u00e6rets trend gjennom \u00e5rene, for eksempel \u00e5 fastsl\u00e5 om en sesong var varmere eller regnfullere enn gjennomsnittet, m\u00e5 klimatologer jobbe med homogene og lett sammenlignbare tidsintervaller.<\/p>\n<p>M\u00e5nedene i den gregorianske kalenderen har alltid representert referansestandarden for m\u00e5ling av tid globalt. Del \u00e5ret inn i <b>n\u00f8yaktig fire blokker med tre hele m\u00e5neder hver<\/b> Det forenkler beregningen av m\u00e5nedlige og sesongmessige gjennomsnitt. Hvis den astronomiske kalenderen ble brukt, ville en sesong begynne i midten av en m\u00e5ned (for eksempel 22. eller 23. september) og avsluttes midt i en annen (21. eller 22. desember). Denne overlappingen ville gj\u00f8re datarapportering ekstremt kompleks og lite intuitiv: \u00e5 sammenligne september i et gitt \u00e5r med det siste ti\u00e5rene ville kreve \u00e5 &laquo;bryte&raquo; dataene i midten av m\u00e5neden, og introdusere un\u00f8dvendige statistiske komplikasjoner.<\/p>\n<p>Ved i stedet \u00e5 sette veldefinerte perioder (september-oktober-november for h\u00f8sten, desember-januar-februar for vinteren, og s\u00e5 videre), er arkiveringen og analysen av globale klimarekorder ren, umiddelbar og standardisert over hele kloden.<\/p>\n<h2>N\u00e5r h\u00f8sten 2026 begynner og slutter og andre datoer<\/h2>\n<p>N\u00e5r det gjelder<b>h\u00f8sten 2026<\/b>de offisielle datoene og tidspunktene for <b>begynnelse og slutt<\/b> i henhold til de to konvensjonene er f\u00f8lgende:<\/p>\n<ul>\n<li><b>Meteorologisk h\u00f8st 2026:<\/b> Start p\u00e5 <b>1. september 2026<\/b> (00:00) og slutter p\u00e5 <b>30. november 2026<\/b> (23.59).<\/li>\n<li><b>Astronomisk h\u00f8st 2026:<\/b> Det begynner med jevnd\u00f8gn p\u00e5 <b>23. september 2026<\/b> (n\u00f8yaktig p\u00e5 timer <b>02:05<\/b> italiensk) og avslutter <b>21. desember 2026<\/b> med <b>vintersolverv<\/b> (i timene <b>21.50<\/b> italiensk).<\/li>\n<\/ul>\n<p>Begynnelsen av<b>meteorologisk h\u00f8st<\/b> De <b>1. september<\/b> markerer formelt konklusjonen av<b>meteorologisk sommer<\/b> (startet p\u00e5 <b>1. juni<\/b>). Fra et praktisk synspunkt av temperaturer, har den store sommervarmen en tendens til \u00e5 avta i l\u00f8pet av september: den progressive <b>forkorting av dagene<\/b> og den f\u00f8rste feilen av <b>Afrikanske bobler<\/b> de gir rom for kj\u00f8ligere atlantiske str\u00f8mmer, og favoriserer en retur av verdier mot desidert mildere og mer behagelige gjennomsnitt, selv om vi i \u00e5r starter under p\u00e5virkning av varme subtropiske str\u00f8mmer med viktige termiske anomalier, selv over 8\u00b0C sammenlignet med gjennomsnittene for perioden, i hvert fall frem til 9. september.<\/p>\n<h2>Oppsummeringsbildet av de fire meteorologiske \u00e5rstidene<\/h2>\n<p>For \u00e5 garantere denne kontinuiteten i analysen har den internasjonale konvensjonen delt det meteorologiske \u00e5ret inn i f\u00f8lgende kvartaler:<\/p>\n<ul>\n<li><b>Meteorologisk v\u00e5r:<\/b> fra 1. mars til 31. mai (mens den astronomiske sesongen starter rundt 20.-21. mars).<\/li>\n<li><b>Meteorologisk sommer:<\/b> fra 1. juni til 31. august (mens den astronomiske sesongen starter rundt 20.-21. juni).<\/li>\n<li><b>H\u00f8stv\u00e6r:<\/b> fra 1. september til 30. november (mens den astronomiske sesongen starter rundt 22.-23. september).<\/li>\n<li><b>Meteorologisk vinter:<\/b> fra 1. desember til 28.\/29. februar (mens den astronomiske begivenheten starter rundt 21.-22. desember).<\/li>\n<\/ul>\n<p>Avslutningsvis forteller astronomi oss om jordens posisjon i det sideriske rommet og geometrien til dens fysiske \u00e5rstider; meteorologi forteller oss hvordan den atmosf\u00e6riske maskinen reagerer p\u00e5 disse endringene p\u00e5 et praktisk niv\u00e5. To forskjellige perspektiver som ikke opphever hverandre, men som hjelper oss til \u00e5 forst\u00e5 planetens rytme fullt ut.<\/p>\n<\/p><\/div>\n","protected":false},"excerpt":{"rendered":"<p>DE&#8217;falle er en av fire sesonger som utgj\u00f8r sol- og sivil\u00e5ret, og fungerer som en<\/p>\n","protected":false},"author":1,"featured_media":21690,"comment_status":"closed","ping_status":"open","sticky":false,"template":"","format":"standard","meta":{"footnotes":""},"categories":[26],"tags":[6446,74,66,14186,6445,101,187,8540,355,14185,4418],"class_list":["post-21689","post","type-post","status-publish","format-standard","has-post-thumbnail","hentry","category-miljo","tag-begynner","tag-den","tag-det","tag-feilberegning","tag-hosten","tag-hvorfor","tag-ikke","tag-jevndogn","tag-men","tag-meteorologiske","tag-september","generate-columns","tablet-grid-50","mobile-grid-100","grid-parent","grid-33","resize-featured-image"],"yoast_head":"<!-- This site is optimized with the Yoast SEO plugin v24.4 - https:\/\/yoast.com\/wordpress\/plugins\/seo\/ -->\n<title>Hvorfor den meteorologiske h\u00f8sten begynner 1. september, men jevnd\u00f8gn er den 23.: det er ikke en feilberegning - Nordnesrepublikken<\/title>\n<meta name=\"robots\" content=\"index, follow, max-snippet:-1, max-image-preview:large, max-video-preview:-1\" \/>\n<link rel=\"canonical\" href=\"https:\/\/nordnesrepublikken.no\/index.php\/2026\/09\/01\/hvorfor-den-meteorologiske-hosten-begynner-1-september-men-jevndogn-er-den-23-det-er-ikke-en-feilberegning\/\" \/>\n<meta property=\"og:locale\" content=\"nb_NO\" \/>\n<meta property=\"og:type\" content=\"article\" \/>\n<meta property=\"og:title\" content=\"Hvorfor den meteorologiske h\u00f8sten begynner 1. september, men jevnd\u00f8gn er den 23.: det er ikke en feilberegning - Nordnesrepublikken\" \/>\n<meta property=\"og:description\" content=\"DE&#8217;falle er en av fire sesonger som utgj\u00f8r sol- og sivil\u00e5ret, og fungerer som en\" \/>\n<meta property=\"og:url\" content=\"https:\/\/nordnesrepublikken.no\/index.php\/2026\/09\/01\/hvorfor-den-meteorologiske-hosten-begynner-1-september-men-jevndogn-er-den-23-det-er-ikke-en-feilberegning\/\" \/>\n<meta property=\"og:site_name\" content=\"Nordnesrepublikken\" \/>\n<meta property=\"article:published_time\" content=\"2026-09-01T18:02:37+00:00\" \/>\n<meta property=\"article:modified_time\" content=\"2026-09-01T18:02:39+00:00\" \/>\n<meta property=\"og:image\" content=\"https:\/\/nordnesrepublikken.no\/wp-content\/uploads\/2026\/09\/1788285758_Hvorfor-den-meteorologiske-hosten-begynner-1-september-men-jevndogn-er.jpeg\" \/>\n\t<meta property=\"og:image:width\" content=\"1147\" \/>\n\t<meta property=\"og:image:height\" content=\"747\" \/>\n\t<meta property=\"og:image:type\" content=\"image\/jpeg\" \/>\n<meta name=\"author\" content=\"Ole Andersen\" \/>\n<meta name=\"twitter:card\" content=\"summary_large_image\" \/>\n<meta name=\"twitter:label1\" content=\"Skrevet av\" \/>\n\t<meta name=\"twitter:data1\" content=\"Ole Andersen\" \/>\n\t<meta name=\"twitter:label2\" content=\"Ansl. lesetid\" \/>\n\t<meta name=\"twitter:data2\" content=\"4 minutter\" \/>\n<script type=\"application\/ld+json\" class=\"yoast-schema-graph\">{\"@context\":\"https:\/\/schema.org\",\"@graph\":[{\"@type\":\"Article\",\"@id\":\"https:\/\/nordnesrepublikken.no\/index.php\/2026\/09\/01\/hvorfor-den-meteorologiske-hosten-begynner-1-september-men-jevndogn-er-den-23-det-er-ikke-en-feilberegning\/#article\",\"isPartOf\":{\"@id\":\"https:\/\/nordnesrepublikken.no\/index.php\/2026\/09\/01\/hvorfor-den-meteorologiske-hosten-begynner-1-september-men-jevndogn-er-den-23-det-er-ikke-en-feilberegning\/\"},\"author\":{\"name\":\"Ole Andersen\",\"@id\":\"https:\/\/nordnesrepublikken.no\/#\/schema\/person\/2e7e81935bab77882fffb79296240ff1\"},\"headline\":\"Hvorfor den meteorologiske h\u00f8sten begynner 1. september, men jevnd\u00f8gn er den 23.: det er ikke en feilberegning\",\"datePublished\":\"2026-09-01T18:02:37+00:00\",\"dateModified\":\"2026-09-01T18:02:39+00:00\",\"mainEntityOfPage\":{\"@id\":\"https:\/\/nordnesrepublikken.no\/index.php\/2026\/09\/01\/hvorfor-den-meteorologiske-hosten-begynner-1-september-men-jevndogn-er-den-23-det-er-ikke-en-feilberegning\/\"},\"wordCount\":906,\"publisher\":{\"@id\":\"https:\/\/nordnesrepublikken.no\/#organization\"},\"image\":{\"@id\":\"https:\/\/nordnesrepublikken.no\/index.php\/2026\/09\/01\/hvorfor-den-meteorologiske-hosten-begynner-1-september-men-jevndogn-er-den-23-det-er-ikke-en-feilberegning\/#primaryimage\"},\"thumbnailUrl\":\"https:\/\/nordnesrepublikken.no\/wp-content\/uploads\/2026\/09\/1788285758_Hvorfor-den-meteorologiske-hosten-begynner-1-september-men-jevndogn-er.jpeg\",\"keywords\":[\"begynner\",\"den\",\"Det\",\"feilberegning\",\"h\u00f8sten\",\"hvorfor\",\"ikke\",\"jevnd\u00f8gn\",\"men\",\"meteorologiske\",\"september\"],\"articleSection\":[\"Milj\u00f8\"],\"inLanguage\":\"nb-NO\"},{\"@type\":\"WebPage\",\"@id\":\"https:\/\/nordnesrepublikken.no\/index.php\/2026\/09\/01\/hvorfor-den-meteorologiske-hosten-begynner-1-september-men-jevndogn-er-den-23-det-er-ikke-en-feilberegning\/\",\"url\":\"https:\/\/nordnesrepublikken.no\/index.php\/2026\/09\/01\/hvorfor-den-meteorologiske-hosten-begynner-1-september-men-jevndogn-er-den-23-det-er-ikke-en-feilberegning\/\",\"name\":\"Hvorfor den meteorologiske h\u00f8sten begynner 1. september, men jevnd\u00f8gn er den 23.: det er ikke en feilberegning - Nordnesrepublikken\",\"isPartOf\":{\"@id\":\"https:\/\/nordnesrepublikken.no\/#website\"},\"primaryImageOfPage\":{\"@id\":\"https:\/\/nordnesrepublikken.no\/index.php\/2026\/09\/01\/hvorfor-den-meteorologiske-hosten-begynner-1-september-men-jevndogn-er-den-23-det-er-ikke-en-feilberegning\/#primaryimage\"},\"image\":{\"@id\":\"https:\/\/nordnesrepublikken.no\/index.php\/2026\/09\/01\/hvorfor-den-meteorologiske-hosten-begynner-1-september-men-jevndogn-er-den-23-det-er-ikke-en-feilberegning\/#primaryimage\"},\"thumbnailUrl\":\"https:\/\/nordnesrepublikken.no\/wp-content\/uploads\/2026\/09\/1788285758_Hvorfor-den-meteorologiske-hosten-begynner-1-september-men-jevndogn-er.jpeg\",\"datePublished\":\"2026-09-01T18:02:37+00:00\",\"dateModified\":\"2026-09-01T18:02:39+00:00\",\"breadcrumb\":{\"@id\":\"https:\/\/nordnesrepublikken.no\/index.php\/2026\/09\/01\/hvorfor-den-meteorologiske-hosten-begynner-1-september-men-jevndogn-er-den-23-det-er-ikke-en-feilberegning\/#breadcrumb\"},\"inLanguage\":\"nb-NO\",\"potentialAction\":[{\"@type\":\"ReadAction\",\"target\":[\"https:\/\/nordnesrepublikken.no\/index.php\/2026\/09\/01\/hvorfor-den-meteorologiske-hosten-begynner-1-september-men-jevndogn-er-den-23-det-er-ikke-en-feilberegning\/\"]}]},{\"@type\":\"ImageObject\",\"inLanguage\":\"nb-NO\",\"@id\":\"https:\/\/nordnesrepublikken.no\/index.php\/2026\/09\/01\/hvorfor-den-meteorologiske-hosten-begynner-1-september-men-jevndogn-er-den-23-det-er-ikke-en-feilberegning\/#primaryimage\",\"url\":\"https:\/\/nordnesrepublikken.no\/wp-content\/uploads\/2026\/09\/1788285758_Hvorfor-den-meteorologiske-hosten-begynner-1-september-men-jevndogn-er.jpeg\",\"contentUrl\":\"https:\/\/nordnesrepublikken.no\/wp-content\/uploads\/2026\/09\/1788285758_Hvorfor-den-meteorologiske-hosten-begynner-1-september-men-jevndogn-er.jpeg\",\"width\":1147,\"height\":747,\"caption\":\"Hvorfor den meteorologiske h\u00f8sten begynner 1. september, men jevnd\u00f8gn er den 23.: det er ikke en feilberegning\"},{\"@type\":\"BreadcrumbList\",\"@id\":\"https:\/\/nordnesrepublikken.no\/index.php\/2026\/09\/01\/hvorfor-den-meteorologiske-hosten-begynner-1-september-men-jevndogn-er-den-23-det-er-ikke-en-feilberegning\/#breadcrumb\",\"itemListElement\":[{\"@type\":\"ListItem\",\"position\":1,\"name\":\"Home\",\"item\":\"https:\/\/nordnesrepublikken.no\/\"},{\"@type\":\"ListItem\",\"position\":2,\"name\":\"Hvorfor den meteorologiske h\u00f8sten begynner 1. september, men jevnd\u00f8gn er den 23.: det er ikke en feilberegning\"}]},{\"@type\":\"WebSite\",\"@id\":\"https:\/\/nordnesrepublikken.no\/#website\",\"url\":\"https:\/\/nordnesrepublikken.no\/\",\"name\":\"Nordnesrepublikken\",\"description\":\"Stemmer og Visjoner fra Republikkens Hjerte\",\"publisher\":{\"@id\":\"https:\/\/nordnesrepublikken.no\/#organization\"},\"potentialAction\":[{\"@type\":\"SearchAction\",\"target\":{\"@type\":\"EntryPoint\",\"urlTemplate\":\"https:\/\/nordnesrepublikken.no\/?s={search_term_string}\"},\"query-input\":{\"@type\":\"PropertyValueSpecification\",\"valueRequired\":true,\"valueName\":\"search_term_string\"}}],\"inLanguage\":\"nb-NO\"},{\"@type\":\"Organization\",\"@id\":\"https:\/\/nordnesrepublikken.no\/#organization\",\"name\":\"Nordnesrepublikken\",\"url\":\"https:\/\/nordnesrepublikken.no\/\",\"logo\":{\"@type\":\"ImageObject\",\"inLanguage\":\"nb-NO\",\"@id\":\"https:\/\/nordnesrepublikken.no\/#\/schema\/logo\/image\/\",\"url\":\"https:\/\/nordnesrepublikken.no\/wp-content\/uploads\/2025\/02\/cropped-nordnesrepublikken-2.png\",\"contentUrl\":\"https:\/\/nordnesrepublikken.no\/wp-content\/uploads\/2025\/02\/cropped-nordnesrepublikken-2.png\",\"width\":1248,\"height\":362,\"caption\":\"Nordnesrepublikken\"},\"image\":{\"@id\":\"https:\/\/nordnesrepublikken.no\/#\/schema\/logo\/image\/\"}},{\"@type\":\"Person\",\"@id\":\"https:\/\/nordnesrepublikken.no\/#\/schema\/person\/2e7e81935bab77882fffb79296240ff1\",\"name\":\"Ole Andersen\",\"image\":{\"@type\":\"ImageObject\",\"inLanguage\":\"nb-NO\",\"@id\":\"https:\/\/nordnesrepublikken.no\/#\/schema\/person\/image\/\",\"url\":\"https:\/\/nordnesrepublikken.no\/wp-content\/uploads\/2025\/02\/nordnesrepublikken-2-2-150x150.jpg\",\"contentUrl\":\"https:\/\/nordnesrepublikken.no\/wp-content\/uploads\/2025\/02\/nordnesrepublikken-2-2-150x150.jpg\",\"caption\":\"Ole Andersen\"},\"description\":\"Ettersom jeg vokste opp i Oslo, har jeg alltid v\u00e6rt fascinert av ordenes kraft og deres evne til \u00e5 skape endringer. Etter \u00e5 ha fullf\u00f8rt min utdannelse i kommunikasjon ved Universitetet i Bergen, fikk jeg muligheten til \u00e5 jobbe innen ulike medier, der jeg har s\u00f8kt \u00e5 belyse viktige samfunnssp\u00f8rsm\u00e5l. I dag, som redakt\u00f8r for Nordnesrepublikken, pr\u00f8ver jeg \u00e5 forene min kj\u00e6rlighet for journalistikk med min lidenskap for innovasjon og eventyr.\",\"sameAs\":[\"https:\/\/nordnesrepublikken.no\/\"]}]}<\/script>\n<!-- \/ Yoast SEO plugin. -->","yoast_head_json":{"title":"Hvorfor den meteorologiske h\u00f8sten begynner 1. september, men jevnd\u00f8gn er den 23.: det er ikke en feilberegning - Nordnesrepublikken","robots":{"index":"index","follow":"follow","max-snippet":"max-snippet:-1","max-image-preview":"max-image-preview:large","max-video-preview":"max-video-preview:-1"},"canonical":"https:\/\/nordnesrepublikken.no\/index.php\/2026\/09\/01\/hvorfor-den-meteorologiske-hosten-begynner-1-september-men-jevndogn-er-den-23-det-er-ikke-en-feilberegning\/","og_locale":"nb_NO","og_type":"article","og_title":"Hvorfor den meteorologiske h\u00f8sten begynner 1. september, men jevnd\u00f8gn er den 23.: det er ikke en feilberegning - Nordnesrepublikken","og_description":"DE&#8217;falle er en av fire sesonger som utgj\u00f8r sol- og sivil\u00e5ret, og fungerer som en","og_url":"https:\/\/nordnesrepublikken.no\/index.php\/2026\/09\/01\/hvorfor-den-meteorologiske-hosten-begynner-1-september-men-jevndogn-er-den-23-det-er-ikke-en-feilberegning\/","og_site_name":"Nordnesrepublikken","article_published_time":"2026-09-01T18:02:37+00:00","article_modified_time":"2026-09-01T18:02:39+00:00","og_image":[{"width":1147,"height":747,"url":"https:\/\/nordnesrepublikken.no\/wp-content\/uploads\/2026\/09\/1788285758_Hvorfor-den-meteorologiske-hosten-begynner-1-september-men-jevndogn-er.jpeg","type":"image\/jpeg"}],"author":"Ole Andersen","twitter_card":"summary_large_image","twitter_misc":{"Skrevet av":"Ole Andersen","Ansl. lesetid":"4 minutter"},"schema":{"@context":"https:\/\/schema.org","@graph":[{"@type":"Article","@id":"https:\/\/nordnesrepublikken.no\/index.php\/2026\/09\/01\/hvorfor-den-meteorologiske-hosten-begynner-1-september-men-jevndogn-er-den-23-det-er-ikke-en-feilberegning\/#article","isPartOf":{"@id":"https:\/\/nordnesrepublikken.no\/index.php\/2026\/09\/01\/hvorfor-den-meteorologiske-hosten-begynner-1-september-men-jevndogn-er-den-23-det-er-ikke-en-feilberegning\/"},"author":{"name":"Ole Andersen","@id":"https:\/\/nordnesrepublikken.no\/#\/schema\/person\/2e7e81935bab77882fffb79296240ff1"},"headline":"Hvorfor den meteorologiske h\u00f8sten begynner 1. september, men jevnd\u00f8gn er den 23.: det er ikke en feilberegning","datePublished":"2026-09-01T18:02:37+00:00","dateModified":"2026-09-01T18:02:39+00:00","mainEntityOfPage":{"@id":"https:\/\/nordnesrepublikken.no\/index.php\/2026\/09\/01\/hvorfor-den-meteorologiske-hosten-begynner-1-september-men-jevndogn-er-den-23-det-er-ikke-en-feilberegning\/"},"wordCount":906,"publisher":{"@id":"https:\/\/nordnesrepublikken.no\/#organization"},"image":{"@id":"https:\/\/nordnesrepublikken.no\/index.php\/2026\/09\/01\/hvorfor-den-meteorologiske-hosten-begynner-1-september-men-jevndogn-er-den-23-det-er-ikke-en-feilberegning\/#primaryimage"},"thumbnailUrl":"https:\/\/nordnesrepublikken.no\/wp-content\/uploads\/2026\/09\/1788285758_Hvorfor-den-meteorologiske-hosten-begynner-1-september-men-jevndogn-er.jpeg","keywords":["begynner","den","Det","feilberegning","h\u00f8sten","hvorfor","ikke","jevnd\u00f8gn","men","meteorologiske","september"],"articleSection":["Milj\u00f8"],"inLanguage":"nb-NO"},{"@type":"WebPage","@id":"https:\/\/nordnesrepublikken.no\/index.php\/2026\/09\/01\/hvorfor-den-meteorologiske-hosten-begynner-1-september-men-jevndogn-er-den-23-det-er-ikke-en-feilberegning\/","url":"https:\/\/nordnesrepublikken.no\/index.php\/2026\/09\/01\/hvorfor-den-meteorologiske-hosten-begynner-1-september-men-jevndogn-er-den-23-det-er-ikke-en-feilberegning\/","name":"Hvorfor den meteorologiske h\u00f8sten begynner 1. september, men jevnd\u00f8gn er den 23.: det er ikke en feilberegning - Nordnesrepublikken","isPartOf":{"@id":"https:\/\/nordnesrepublikken.no\/#website"},"primaryImageOfPage":{"@id":"https:\/\/nordnesrepublikken.no\/index.php\/2026\/09\/01\/hvorfor-den-meteorologiske-hosten-begynner-1-september-men-jevndogn-er-den-23-det-er-ikke-en-feilberegning\/#primaryimage"},"image":{"@id":"https:\/\/nordnesrepublikken.no\/index.php\/2026\/09\/01\/hvorfor-den-meteorologiske-hosten-begynner-1-september-men-jevndogn-er-den-23-det-er-ikke-en-feilberegning\/#primaryimage"},"thumbnailUrl":"https:\/\/nordnesrepublikken.no\/wp-content\/uploads\/2026\/09\/1788285758_Hvorfor-den-meteorologiske-hosten-begynner-1-september-men-jevndogn-er.jpeg","datePublished":"2026-09-01T18:02:37+00:00","dateModified":"2026-09-01T18:02:39+00:00","breadcrumb":{"@id":"https:\/\/nordnesrepublikken.no\/index.php\/2026\/09\/01\/hvorfor-den-meteorologiske-hosten-begynner-1-september-men-jevndogn-er-den-23-det-er-ikke-en-feilberegning\/#breadcrumb"},"inLanguage":"nb-NO","potentialAction":[{"@type":"ReadAction","target":["https:\/\/nordnesrepublikken.no\/index.php\/2026\/09\/01\/hvorfor-den-meteorologiske-hosten-begynner-1-september-men-jevndogn-er-den-23-det-er-ikke-en-feilberegning\/"]}]},{"@type":"ImageObject","inLanguage":"nb-NO","@id":"https:\/\/nordnesrepublikken.no\/index.php\/2026\/09\/01\/hvorfor-den-meteorologiske-hosten-begynner-1-september-men-jevndogn-er-den-23-det-er-ikke-en-feilberegning\/#primaryimage","url":"https:\/\/nordnesrepublikken.no\/wp-content\/uploads\/2026\/09\/1788285758_Hvorfor-den-meteorologiske-hosten-begynner-1-september-men-jevndogn-er.jpeg","contentUrl":"https:\/\/nordnesrepublikken.no\/wp-content\/uploads\/2026\/09\/1788285758_Hvorfor-den-meteorologiske-hosten-begynner-1-september-men-jevndogn-er.jpeg","width":1147,"height":747,"caption":"Hvorfor den meteorologiske h\u00f8sten begynner 1. september, men jevnd\u00f8gn er den 23.: det er ikke en feilberegning"},{"@type":"BreadcrumbList","@id":"https:\/\/nordnesrepublikken.no\/index.php\/2026\/09\/01\/hvorfor-den-meteorologiske-hosten-begynner-1-september-men-jevndogn-er-den-23-det-er-ikke-en-feilberegning\/#breadcrumb","itemListElement":[{"@type":"ListItem","position":1,"name":"Home","item":"https:\/\/nordnesrepublikken.no\/"},{"@type":"ListItem","position":2,"name":"Hvorfor den meteorologiske h\u00f8sten begynner 1. september, men jevnd\u00f8gn er den 23.: det er ikke en feilberegning"}]},{"@type":"WebSite","@id":"https:\/\/nordnesrepublikken.no\/#website","url":"https:\/\/nordnesrepublikken.no\/","name":"Nordnesrepublikken","description":"Stemmer og Visjoner fra Republikkens Hjerte","publisher":{"@id":"https:\/\/nordnesrepublikken.no\/#organization"},"potentialAction":[{"@type":"SearchAction","target":{"@type":"EntryPoint","urlTemplate":"https:\/\/nordnesrepublikken.no\/?s={search_term_string}"},"query-input":{"@type":"PropertyValueSpecification","valueRequired":true,"valueName":"search_term_string"}}],"inLanguage":"nb-NO"},{"@type":"Organization","@id":"https:\/\/nordnesrepublikken.no\/#organization","name":"Nordnesrepublikken","url":"https:\/\/nordnesrepublikken.no\/","logo":{"@type":"ImageObject","inLanguage":"nb-NO","@id":"https:\/\/nordnesrepublikken.no\/#\/schema\/logo\/image\/","url":"https:\/\/nordnesrepublikken.no\/wp-content\/uploads\/2025\/02\/cropped-nordnesrepublikken-2.png","contentUrl":"https:\/\/nordnesrepublikken.no\/wp-content\/uploads\/2025\/02\/cropped-nordnesrepublikken-2.png","width":1248,"height":362,"caption":"Nordnesrepublikken"},"image":{"@id":"https:\/\/nordnesrepublikken.no\/#\/schema\/logo\/image\/"}},{"@type":"Person","@id":"https:\/\/nordnesrepublikken.no\/#\/schema\/person\/2e7e81935bab77882fffb79296240ff1","name":"Ole Andersen","image":{"@type":"ImageObject","inLanguage":"nb-NO","@id":"https:\/\/nordnesrepublikken.no\/#\/schema\/person\/image\/","url":"https:\/\/nordnesrepublikken.no\/wp-content\/uploads\/2025\/02\/nordnesrepublikken-2-2-150x150.jpg","contentUrl":"https:\/\/nordnesrepublikken.no\/wp-content\/uploads\/2025\/02\/nordnesrepublikken-2-2-150x150.jpg","caption":"Ole Andersen"},"description":"Ettersom jeg vokste opp i Oslo, har jeg alltid v\u00e6rt fascinert av ordenes kraft og deres evne til \u00e5 skape endringer. Etter \u00e5 ha fullf\u00f8rt min utdannelse i kommunikasjon ved Universitetet i Bergen, fikk jeg muligheten til \u00e5 jobbe innen ulike medier, der jeg har s\u00f8kt \u00e5 belyse viktige samfunnssp\u00f8rsm\u00e5l. I dag, som redakt\u00f8r for Nordnesrepublikken, pr\u00f8ver jeg \u00e5 forene min kj\u00e6rlighet for journalistikk med min lidenskap for innovasjon og eventyr.","sameAs":["https:\/\/nordnesrepublikken.no\/"]}]}},"_links":{"self":[{"href":"https:\/\/nordnesrepublikken.no\/index.php\/wp-json\/wp\/v2\/posts\/21689","targetHints":{"allow":["GET"]}}],"collection":[{"href":"https:\/\/nordnesrepublikken.no\/index.php\/wp-json\/wp\/v2\/posts"}],"about":[{"href":"https:\/\/nordnesrepublikken.no\/index.php\/wp-json\/wp\/v2\/types\/post"}],"author":[{"embeddable":true,"href":"https:\/\/nordnesrepublikken.no\/index.php\/wp-json\/wp\/v2\/users\/1"}],"replies":[{"embeddable":true,"href":"https:\/\/nordnesrepublikken.no\/index.php\/wp-json\/wp\/v2\/comments?post=21689"}],"version-history":[{"count":1,"href":"https:\/\/nordnesrepublikken.no\/index.php\/wp-json\/wp\/v2\/posts\/21689\/revisions"}],"predecessor-version":[{"id":21691,"href":"https:\/\/nordnesrepublikken.no\/index.php\/wp-json\/wp\/v2\/posts\/21689\/revisions\/21691"}],"wp:featuredmedia":[{"embeddable":true,"href":"https:\/\/nordnesrepublikken.no\/index.php\/wp-json\/wp\/v2\/media\/21690"}],"wp:attachment":[{"href":"https:\/\/nordnesrepublikken.no\/index.php\/wp-json\/wp\/v2\/media?parent=21689"}],"wp:term":[{"taxonomy":"category","embeddable":true,"href":"https:\/\/nordnesrepublikken.no\/index.php\/wp-json\/wp\/v2\/categories?post=21689"},{"taxonomy":"post_tag","embeddable":true,"href":"https:\/\/nordnesrepublikken.no\/index.php\/wp-json\/wp\/v2\/tags?post=21689"}],"curies":[{"name":"wp","href":"https:\/\/api.w.org\/{rel}","templated":true}]}}