{"id":21683,"date":"2026-09-01T18:02:38","date_gmt":"2026-09-01T16:02:38","guid":{"rendered":"https:\/\/nordnesrepublikken.no\/index.php\/2026\/09\/01\/fordi-dragene-til-barna-i-gaza-er-et-symbol-pa-palestinsk-motstand-den-store-returmarsjen\/"},"modified":"2026-09-01T18:02:40","modified_gmt":"2026-09-01T16:02:40","slug":"fordi-dragene-til-barna-i-gaza-er-et-symbol-pa-palestinsk-motstand-den-store-returmarsjen","status":"publish","type":"post","link":"https:\/\/nordnesrepublikken.no\/index.php\/2026\/09\/01\/fordi-dragene-til-barna-i-gaza-er-et-symbol-pa-palestinsk-motstand-den-store-returmarsjen\/","title":{"rendered":"Fordi dragene til barna i Gaza er et symbol p\u00e5 palestinsk motstand: Den store returmarsjen"},"content":{"rendered":"<div>\n<div class=\"cp_wrapper cp_wrapper--fw mb-30 mb-20@tablet\">\n<figure class=\"mm\"><picture class=\"img\" style=\"padding-top:56.25%\"><source  media=\"(min-width: 1024px)\"><source  media=\"(min-width: 768px)\"><\/source><\/source><\/picture><\/figure>\n<\/p><\/div>\n<p>\u00c5 se en flue <strong>\u00f8rn<\/strong> over et territorium preget av krig produserer en veldig sterk kontrast: barns lek i et territorium av d\u00f8d og <strong>\u00f8deleggelse.<\/strong> De siste \u00e5rene har dragen g\u00e5tt inn i den symbolske fantasien til <strong>palestinsk motstand<\/strong>: fra et enkelt leket\u00f8y, konstruert p\u00e5 en enkel m\u00e5te selv med rudiment\u00e6re materialer, til <strong>Gaza<\/strong> har blitt et symbol knyttet til<strong>barndom<\/strong>til frihet og muligheten til \u00e5 se utover grensene for <strong>Strip.<\/strong> Det er nok ogs\u00e5 derfor bildet av <strong>drager<\/strong> hadde stor mediemakt: I den palestinske saken er det noe som fysisk overvinner en barriere og som har kommet tilbake i forgrunnen etter <strong>Israelsk regjering<\/strong> sist 27. august truet han med \u00e5 ogs\u00e5 angripe milit\u00e6rt omr\u00e5dene p\u00e5 stripen som de skal flys fra.<strong> drager,<\/strong> spesifisere at de vil bli behandlet og betraktet som en trussel som ligner p\u00e5 droner og v\u00e5pen. Men hvorfor dragen? Hva er historien knyttet til <strong>Palestina<\/strong> av denne universelle leken? For \u00e5 gj\u00f8re dette m\u00e5 vi ta et skritt tilbake, nettopp for \u00e5 <strong>2018 <\/strong>og til<strong> Flott returmarsj.<\/strong><\/p>\n<h2>The Great March of Return: drager som et instrument for protest i Palestina<\/h2>\n<p>De<strong> 30. mars 2018,<\/strong> i anledning <strong>Jordens dag<\/strong> palestinere begynte tusenvis av palestinere \u00e5 delta i den s\u00e5kalte<strong> Flott returmarsj,<\/strong> en serie demonstrasjoner langs barrieren som skiller <strong>Gazastripen<\/strong> fra territorium under israelsk kontroll. Protesten, opprinnelig planlagt \u00e5 vare bare til 15. mai, dagen for markeringen av <strong>Nakba<\/strong>spurte blant annet <strong>returrett<\/strong> av <strong>palestinske flyktninger<\/strong> og slutten p\u00e5 blokaden av stripen.<\/p>\n<p>Siden 30. mars 2018, sju ganger hver fredag, marsjerte tusenvis av palestinske demonstranter i grenseomr\u00e5det mellom kl. <strong>Israel<\/strong> og Gazastripen, med former for <strong>sivil ulydighet,<\/strong> <strong>overtredelse, kasting av gjenstander<\/strong> mot israelske territorier. Blant dem begynte noen demonstranter \u00e5 fly drager utstyrt med <strong>brennende materialer <\/strong>som for\u00e5rsaket branner i omr\u00e5det rundt <strong>Israelsk jordbruksland<\/strong> som den israelske h\u00e6ren svarte p\u00e5 med milit\u00e6re angrep og \u00f8kte spenninger langs grensen. Resultatet var at de ble drept i l\u00f8pet av de syv mobiliseringsfredagene <strong>47 palestinere<\/strong> og skadet mer enn<strong> 1400<\/strong>inkludert mange <strong>barn.<\/strong><\/p>\n<p>Demonstrasjonene fortsatte deretter til slutten av 2019, og for\u00e5rsaket 220 palestinske d\u00f8dsfall, if\u00f8lge data fra<strong>FNs kontor for koordinering av humanit\u00e6re anliggender (OCHA).<\/strong> Fra det \u00f8yeblikket fikk dragen en dobbel betydning: p\u00e5 den ene siden et instrument for protest, p\u00e5 den andre et symbol p\u00e5 barndom og motstandskraften til Gaza-befolkningen. For \u00e5 forst\u00e5 hvorfor dragen har blitt et s\u00e5 kraftig symbol m\u00e5 vi imidlertid ta utgangspunkt i <strong>f\u00f8r 2018.<\/strong><\/p>\n<div class=\"cp_wrapper cp_wrapper--fw mb-50\">\n<figure class=\"mm\"><picture class=\"img\" style=\"padding-top:56.257402289775%\"><source  media=\"(min-width: 1024px)\"><source  media=\"(min-width: 768px)\"><img decoding=\"async\" loading=\"lazy\" src=\"https:\/\/nordnesrepublikken.no\/wp-content\/uploads\/2026\/09\/1788278558_55_Fordi-dragene-til-barna-i-Gaza-er-et-symbol-pa.jpg\" alt=\"Bilde\" width=\"5066\" height=\"2850\"\/><\/source><\/source><\/picture><\/figure>\n<\/p><\/div>\n<h2>Symbolet p\u00e5 fornektet barndom og barna i Gaza<\/h2>\n<p>I Gaza var dragen allerede dypt assosiert med barn og \u00e5pne omr\u00e5der: <strong>mellom 2009 og 2011<\/strong>i l\u00f8pet av sommeren aktiviteter organisert av <strong>UNRWA (FNs palestinske flyktningbyr\u00e5),<\/strong> tusenvis av palestinske barn deltok i kollektive initiativ for drageflyging. Spesielt i juli 2011, <strong>12.350<\/strong> <strong>barn<\/strong> de samlet seg p\u00e5 stranden og fl\u00f8y samtidig <strong>dragene deres<\/strong>etablere en <strong>Guinness verdensrekorder<\/strong> p\u00e5 stranden <strong>Al-Waha, nord p\u00e5 stripen<\/strong>.<\/p>\n<p>Denne rekreasjonsaktiviteten ble inkludert i UNRWAs sommerprogrammer for \u00e5 tilby barna i Gaza en relativt enkel mulighet til \u00e5 leke og sosialisere. Allerede da representerte derfor dragen noe som gikk utover enkel lek: muligheten for barn til \u00e5 tilegne seg, i det minste symbolsk, et rom med frihet. En spesielt viktig detalj er at noen barn valgte \u00e5 dekorere dragene sine med<strong> palestinsk flagg,<\/strong> ogs\u00e5 transformere dem til et element av<strong> kollektiv identitet.<\/strong><\/p>\n<div class=\"cp_wrapper cp_wrapper--fw mb-50\">\n<figure class=\"mm\"><picture class=\"img\" style=\"padding-top:66.666666666667%\"><source  media=\"(min-width: 1024px)\"><source  media=\"(min-width: 768px)\"><img decoding=\"async\" loading=\"lazy\" src=\"https:\/\/nordnesrepublikken.no\/wp-content\/uploads\/2026\/09\/1788278558_782_Fordi-dragene-til-barna-i-Gaza-er-et-symbol-pa.jpg\" alt=\"Bilde\" width=\"1050\" height=\"700\" class=\"js-seedtag-img\"\/><\/source><\/source><\/picture><\/figure>\n<\/p><\/div>\n<h2>I 2026 vender de tilbake til sentrum av spenningene med Israel<\/h2>\n<p>Koblingen mellom drager og den palestinske motstanden har igjen kommet til syne <strong>august 2026.<\/strong> Mellom <strong>21. og 23. august<\/strong>ble drager og ballonger fl\u00f8yet av palestinske barn i Gaza under et initiativ organisert p\u00e5 stranden. Den 27. august, etter observasjonen av drager som kommer fra Gazastripen i noen israelske omr\u00e5der n\u00e6r grensen, <strong>Israel Katz<\/strong>Israels forsvarsminister, truet med \u00e5 utvise palestinere fra omr\u00e5der p\u00e5 stripen som det ble fl\u00f8yet drager og ballonger fra.<\/p>\n<p>&laquo;En ballong er som en drage, og en drage er som en drone, enten den b\u00e6rer eksplosiver eller ikke,&raquo; forklarte Katz. Den israelske regjeringen har derfor spesifisert at disse objektene vil bli behandlet og betraktet som \u00e9n <strong>trussel<\/strong> ligner p\u00e5 <strong>droner og v\u00e5pen,<\/strong> inkludert trusselen om <strong>angripe omr\u00e5dene<\/strong> opprinnelsen til dragene. If\u00f8lge Reuters oppfordret myndighetene i Gaza derfor foreldre til \u00e5 hindre barn i \u00e5 fly med drager, selv om dragene som nylig ble oppdaget n\u00e6r grensen ikke var utstyrt med tennapparater: noen bilder viser barn og foreldre <b>de \u00f8delegger drager<\/b> av frykt for \u00e5 bli et m\u00e5l for angrep av<strong>Idf<\/strong>.<\/p>\n<p>Tallrike organisasjoner, inkludert Assopace Palestina og Amnesty International har ford\u00f8mt den israelske beslutningen om \u00e5 vurdere drager og \u2013 i noen tilfeller \u2013 ballonger som droner eller milit\u00e6re gjenstander, for \u00e5 forsvare <strong>barns rettigheter <\/strong>til en<strong>barndom og en verdig utdanning<\/strong>selv i sammenhenger med<strong> krig.<\/strong><\/p>\n<h2>Drager betyr motstand<\/h2>\n<p>I<strong> februar 2024,<\/strong> Al Jazeera rapporterte om tilstedev\u00e6relsen av barn som flyr med drager i leire for fordrevne <strong>Rafah,<\/strong> slik at de kan ha en f\u00f8lelse av normalitet i noen \u00f8yeblikk. Kontrasten er nesten paradoksal: det samme objektet som i 2018 ble assosiert med brannene over grensen ble igjen, midt i krigen, et leket\u00f8y i hendene p\u00e5 <strong>barn.<\/strong><\/p>\n<p>Av denne grunn i dag kan dragen leses som et symbol p\u00e5 <strong>motstand<\/strong> Palestinsk: det er fremfor alt symbolet p\u00e5 en befolkning som fortsetter \u00e5 bruke et skj\u00f8rt objekt knyttet til barndommen for \u00e5 representere noe mye st\u00f8rre, nemlig muligheten til \u00e5 leke, leve, huske sitt eget<strong> identitet<\/strong> og se for deg en frihet som i det minste symbolsk kan krysse en grense.<\/p>\n<p>Og nettopp denne historien forklarer hvorfor bildet hans har blitt s\u00e5 kraftig: i himmelen til <strong>Gaza<\/strong>representerer en drage <strong>barndom, frihet, protest og motstand<\/strong> og det er nettopp denne ambivalensen som forklarer hvorfor bildet hans ogs\u00e5 i dag blir brukt n\u00e5r han snakker om <strong>Palestina<\/strong>.<\/p>\n<\/p><\/div>\n","protected":false},"excerpt":{"rendered":"<p>\u00c5 se en flue \u00f8rn over et territorium preget av krig produserer en veldig sterk<\/p>\n","protected":false},"author":1,"featured_media":21684,"comment_status":"closed","ping_status":"open","sticky":false,"template":"","format":"standard","meta":{"footnotes":""},"categories":[23],"tags":[2790,74,14180,83,85,164,81,14181,14182,1045,4257,117],"class_list":["post-21683","post","type-post","status-publish","format-standard","has-post-thumbnail","hentry","category-politikk","tag-barna","tag-den","tag-dragene","tag-fordi","tag-gaza","tag-motstand","tag-pa","tag-palestinsk","tag-returmarsjen","tag-store","tag-symbol","tag-til","generate-columns","tablet-grid-50","mobile-grid-100","grid-parent","grid-33","resize-featured-image"],"yoast_head":"<!-- This site is optimized with the Yoast SEO plugin v24.4 - https:\/\/yoast.com\/wordpress\/plugins\/seo\/ -->\n<title>Fordi dragene til barna i Gaza er et symbol p\u00e5 palestinsk motstand: Den store returmarsjen - Nordnesrepublikken<\/title>\n<meta name=\"robots\" content=\"index, follow, max-snippet:-1, max-image-preview:large, max-video-preview:-1\" \/>\n<link rel=\"canonical\" href=\"https:\/\/nordnesrepublikken.no\/index.php\/2026\/09\/01\/fordi-dragene-til-barna-i-gaza-er-et-symbol-pa-palestinsk-motstand-den-store-returmarsjen\/\" \/>\n<meta property=\"og:locale\" content=\"nb_NO\" \/>\n<meta property=\"og:type\" content=\"article\" \/>\n<meta property=\"og:title\" content=\"Fordi dragene til barna i Gaza er et symbol p\u00e5 palestinsk motstand: Den store returmarsjen - Nordnesrepublikken\" \/>\n<meta property=\"og:description\" content=\"\u00c5 se en flue \u00f8rn over et territorium preget av krig produserer en veldig sterk\" \/>\n<meta property=\"og:url\" content=\"https:\/\/nordnesrepublikken.no\/index.php\/2026\/09\/01\/fordi-dragene-til-barna-i-gaza-er-et-symbol-pa-palestinsk-motstand-den-store-returmarsjen\/\" \/>\n<meta property=\"og:site_name\" content=\"Nordnesrepublikken\" \/>\n<meta property=\"article:published_time\" content=\"2026-09-01T16:02:38+00:00\" \/>\n<meta property=\"article:modified_time\" content=\"2026-09-01T16:02:40+00:00\" \/>\n<meta property=\"og:image\" content=\"https:\/\/nordnesrepublikken.no\/wp-content\/uploads\/2026\/09\/1788278559_Fordi-dragene-til-barna-i-Gaza-er-et-symbol-pa.jpg\" \/>\n\t<meta property=\"og:image:width\" content=\"1376\" \/>\n\t<meta property=\"og:image:height\" content=\"768\" \/>\n\t<meta property=\"og:image:type\" content=\"image\/jpeg\" \/>\n<meta name=\"author\" content=\"Ole Andersen\" \/>\n<meta name=\"twitter:card\" content=\"summary_large_image\" \/>\n<meta name=\"twitter:label1\" content=\"Skrevet av\" \/>\n\t<meta name=\"twitter:data1\" content=\"Ole Andersen\" \/>\n\t<meta name=\"twitter:label2\" content=\"Ansl. lesetid\" \/>\n\t<meta name=\"twitter:data2\" content=\"5 minutter\" \/>\n<script type=\"application\/ld+json\" class=\"yoast-schema-graph\">{\"@context\":\"https:\/\/schema.org\",\"@graph\":[{\"@type\":\"Article\",\"@id\":\"https:\/\/nordnesrepublikken.no\/index.php\/2026\/09\/01\/fordi-dragene-til-barna-i-gaza-er-et-symbol-pa-palestinsk-motstand-den-store-returmarsjen\/#article\",\"isPartOf\":{\"@id\":\"https:\/\/nordnesrepublikken.no\/index.php\/2026\/09\/01\/fordi-dragene-til-barna-i-gaza-er-et-symbol-pa-palestinsk-motstand-den-store-returmarsjen\/\"},\"author\":{\"name\":\"Ole Andersen\",\"@id\":\"https:\/\/nordnesrepublikken.no\/#\/schema\/person\/2e7e81935bab77882fffb79296240ff1\"},\"headline\":\"Fordi dragene til barna i Gaza er et symbol p\u00e5 palestinsk motstand: Den store returmarsjen\",\"datePublished\":\"2026-09-01T16:02:38+00:00\",\"dateModified\":\"2026-09-01T16:02:40+00:00\",\"mainEntityOfPage\":{\"@id\":\"https:\/\/nordnesrepublikken.no\/index.php\/2026\/09\/01\/fordi-dragene-til-barna-i-gaza-er-et-symbol-pa-palestinsk-motstand-den-store-returmarsjen\/\"},\"wordCount\":947,\"publisher\":{\"@id\":\"https:\/\/nordnesrepublikken.no\/#organization\"},\"image\":{\"@id\":\"https:\/\/nordnesrepublikken.no\/index.php\/2026\/09\/01\/fordi-dragene-til-barna-i-gaza-er-et-symbol-pa-palestinsk-motstand-den-store-returmarsjen\/#primaryimage\"},\"thumbnailUrl\":\"https:\/\/nordnesrepublikken.no\/wp-content\/uploads\/2026\/09\/1788278559_Fordi-dragene-til-barna-i-Gaza-er-et-symbol-pa.jpg\",\"keywords\":[\"barna\",\"den\",\"dragene\",\"Fordi\",\"Gaza\",\"motstand\",\"p\u00e5\",\"palestinsk\",\"returmarsjen\",\"Store\",\"symbol\",\"til\"],\"articleSection\":[\"Politikk\"],\"inLanguage\":\"nb-NO\"},{\"@type\":\"WebPage\",\"@id\":\"https:\/\/nordnesrepublikken.no\/index.php\/2026\/09\/01\/fordi-dragene-til-barna-i-gaza-er-et-symbol-pa-palestinsk-motstand-den-store-returmarsjen\/\",\"url\":\"https:\/\/nordnesrepublikken.no\/index.php\/2026\/09\/01\/fordi-dragene-til-barna-i-gaza-er-et-symbol-pa-palestinsk-motstand-den-store-returmarsjen\/\",\"name\":\"Fordi dragene til barna i Gaza er et symbol p\u00e5 palestinsk motstand: Den store returmarsjen - Nordnesrepublikken\",\"isPartOf\":{\"@id\":\"https:\/\/nordnesrepublikken.no\/#website\"},\"primaryImageOfPage\":{\"@id\":\"https:\/\/nordnesrepublikken.no\/index.php\/2026\/09\/01\/fordi-dragene-til-barna-i-gaza-er-et-symbol-pa-palestinsk-motstand-den-store-returmarsjen\/#primaryimage\"},\"image\":{\"@id\":\"https:\/\/nordnesrepublikken.no\/index.php\/2026\/09\/01\/fordi-dragene-til-barna-i-gaza-er-et-symbol-pa-palestinsk-motstand-den-store-returmarsjen\/#primaryimage\"},\"thumbnailUrl\":\"https:\/\/nordnesrepublikken.no\/wp-content\/uploads\/2026\/09\/1788278559_Fordi-dragene-til-barna-i-Gaza-er-et-symbol-pa.jpg\",\"datePublished\":\"2026-09-01T16:02:38+00:00\",\"dateModified\":\"2026-09-01T16:02:40+00:00\",\"breadcrumb\":{\"@id\":\"https:\/\/nordnesrepublikken.no\/index.php\/2026\/09\/01\/fordi-dragene-til-barna-i-gaza-er-et-symbol-pa-palestinsk-motstand-den-store-returmarsjen\/#breadcrumb\"},\"inLanguage\":\"nb-NO\",\"potentialAction\":[{\"@type\":\"ReadAction\",\"target\":[\"https:\/\/nordnesrepublikken.no\/index.php\/2026\/09\/01\/fordi-dragene-til-barna-i-gaza-er-et-symbol-pa-palestinsk-motstand-den-store-returmarsjen\/\"]}]},{\"@type\":\"ImageObject\",\"inLanguage\":\"nb-NO\",\"@id\":\"https:\/\/nordnesrepublikken.no\/index.php\/2026\/09\/01\/fordi-dragene-til-barna-i-gaza-er-et-symbol-pa-palestinsk-motstand-den-store-returmarsjen\/#primaryimage\",\"url\":\"https:\/\/nordnesrepublikken.no\/wp-content\/uploads\/2026\/09\/1788278559_Fordi-dragene-til-barna-i-Gaza-er-et-symbol-pa.jpg\",\"contentUrl\":\"https:\/\/nordnesrepublikken.no\/wp-content\/uploads\/2026\/09\/1788278559_Fordi-dragene-til-barna-i-Gaza-er-et-symbol-pa.jpg\",\"width\":1376,\"height\":768,\"caption\":\"Fordi dragene til barna i Gaza er et symbol p\u00e5 palestinsk motstand: Den store returmarsjen\"},{\"@type\":\"BreadcrumbList\",\"@id\":\"https:\/\/nordnesrepublikken.no\/index.php\/2026\/09\/01\/fordi-dragene-til-barna-i-gaza-er-et-symbol-pa-palestinsk-motstand-den-store-returmarsjen\/#breadcrumb\",\"itemListElement\":[{\"@type\":\"ListItem\",\"position\":1,\"name\":\"Home\",\"item\":\"https:\/\/nordnesrepublikken.no\/\"},{\"@type\":\"ListItem\",\"position\":2,\"name\":\"Fordi dragene til barna i Gaza er et symbol p\u00e5 palestinsk motstand: Den store returmarsjen\"}]},{\"@type\":\"WebSite\",\"@id\":\"https:\/\/nordnesrepublikken.no\/#website\",\"url\":\"https:\/\/nordnesrepublikken.no\/\",\"name\":\"Nordnesrepublikken\",\"description\":\"Stemmer og Visjoner fra Republikkens Hjerte\",\"publisher\":{\"@id\":\"https:\/\/nordnesrepublikken.no\/#organization\"},\"potentialAction\":[{\"@type\":\"SearchAction\",\"target\":{\"@type\":\"EntryPoint\",\"urlTemplate\":\"https:\/\/nordnesrepublikken.no\/?s={search_term_string}\"},\"query-input\":{\"@type\":\"PropertyValueSpecification\",\"valueRequired\":true,\"valueName\":\"search_term_string\"}}],\"inLanguage\":\"nb-NO\"},{\"@type\":\"Organization\",\"@id\":\"https:\/\/nordnesrepublikken.no\/#organization\",\"name\":\"Nordnesrepublikken\",\"url\":\"https:\/\/nordnesrepublikken.no\/\",\"logo\":{\"@type\":\"ImageObject\",\"inLanguage\":\"nb-NO\",\"@id\":\"https:\/\/nordnesrepublikken.no\/#\/schema\/logo\/image\/\",\"url\":\"https:\/\/nordnesrepublikken.no\/wp-content\/uploads\/2025\/02\/cropped-nordnesrepublikken-2.png\",\"contentUrl\":\"https:\/\/nordnesrepublikken.no\/wp-content\/uploads\/2025\/02\/cropped-nordnesrepublikken-2.png\",\"width\":1248,\"height\":362,\"caption\":\"Nordnesrepublikken\"},\"image\":{\"@id\":\"https:\/\/nordnesrepublikken.no\/#\/schema\/logo\/image\/\"}},{\"@type\":\"Person\",\"@id\":\"https:\/\/nordnesrepublikken.no\/#\/schema\/person\/2e7e81935bab77882fffb79296240ff1\",\"name\":\"Ole Andersen\",\"image\":{\"@type\":\"ImageObject\",\"inLanguage\":\"nb-NO\",\"@id\":\"https:\/\/nordnesrepublikken.no\/#\/schema\/person\/image\/\",\"url\":\"https:\/\/nordnesrepublikken.no\/wp-content\/uploads\/2025\/02\/nordnesrepublikken-2-2-150x150.jpg\",\"contentUrl\":\"https:\/\/nordnesrepublikken.no\/wp-content\/uploads\/2025\/02\/nordnesrepublikken-2-2-150x150.jpg\",\"caption\":\"Ole Andersen\"},\"description\":\"Ettersom jeg vokste opp i Oslo, har jeg alltid v\u00e6rt fascinert av ordenes kraft og deres evne til \u00e5 skape endringer. Etter \u00e5 ha fullf\u00f8rt min utdannelse i kommunikasjon ved Universitetet i Bergen, fikk jeg muligheten til \u00e5 jobbe innen ulike medier, der jeg har s\u00f8kt \u00e5 belyse viktige samfunnssp\u00f8rsm\u00e5l. I dag, som redakt\u00f8r for Nordnesrepublikken, pr\u00f8ver jeg \u00e5 forene min kj\u00e6rlighet for journalistikk med min lidenskap for innovasjon og eventyr.\",\"sameAs\":[\"https:\/\/nordnesrepublikken.no\/\"]}]}<\/script>\n<!-- \/ Yoast SEO plugin. -->","yoast_head_json":{"title":"Fordi dragene til barna i Gaza er et symbol p\u00e5 palestinsk motstand: Den store returmarsjen - Nordnesrepublikken","robots":{"index":"index","follow":"follow","max-snippet":"max-snippet:-1","max-image-preview":"max-image-preview:large","max-video-preview":"max-video-preview:-1"},"canonical":"https:\/\/nordnesrepublikken.no\/index.php\/2026\/09\/01\/fordi-dragene-til-barna-i-gaza-er-et-symbol-pa-palestinsk-motstand-den-store-returmarsjen\/","og_locale":"nb_NO","og_type":"article","og_title":"Fordi dragene til barna i Gaza er et symbol p\u00e5 palestinsk motstand: Den store returmarsjen - Nordnesrepublikken","og_description":"\u00c5 se en flue \u00f8rn over et territorium preget av krig produserer en veldig sterk","og_url":"https:\/\/nordnesrepublikken.no\/index.php\/2026\/09\/01\/fordi-dragene-til-barna-i-gaza-er-et-symbol-pa-palestinsk-motstand-den-store-returmarsjen\/","og_site_name":"Nordnesrepublikken","article_published_time":"2026-09-01T16:02:38+00:00","article_modified_time":"2026-09-01T16:02:40+00:00","og_image":[{"width":1376,"height":768,"url":"https:\/\/nordnesrepublikken.no\/wp-content\/uploads\/2026\/09\/1788278559_Fordi-dragene-til-barna-i-Gaza-er-et-symbol-pa.jpg","type":"image\/jpeg"}],"author":"Ole Andersen","twitter_card":"summary_large_image","twitter_misc":{"Skrevet av":"Ole Andersen","Ansl. lesetid":"5 minutter"},"schema":{"@context":"https:\/\/schema.org","@graph":[{"@type":"Article","@id":"https:\/\/nordnesrepublikken.no\/index.php\/2026\/09\/01\/fordi-dragene-til-barna-i-gaza-er-et-symbol-pa-palestinsk-motstand-den-store-returmarsjen\/#article","isPartOf":{"@id":"https:\/\/nordnesrepublikken.no\/index.php\/2026\/09\/01\/fordi-dragene-til-barna-i-gaza-er-et-symbol-pa-palestinsk-motstand-den-store-returmarsjen\/"},"author":{"name":"Ole Andersen","@id":"https:\/\/nordnesrepublikken.no\/#\/schema\/person\/2e7e81935bab77882fffb79296240ff1"},"headline":"Fordi dragene til barna i Gaza er et symbol p\u00e5 palestinsk motstand: Den store returmarsjen","datePublished":"2026-09-01T16:02:38+00:00","dateModified":"2026-09-01T16:02:40+00:00","mainEntityOfPage":{"@id":"https:\/\/nordnesrepublikken.no\/index.php\/2026\/09\/01\/fordi-dragene-til-barna-i-gaza-er-et-symbol-pa-palestinsk-motstand-den-store-returmarsjen\/"},"wordCount":947,"publisher":{"@id":"https:\/\/nordnesrepublikken.no\/#organization"},"image":{"@id":"https:\/\/nordnesrepublikken.no\/index.php\/2026\/09\/01\/fordi-dragene-til-barna-i-gaza-er-et-symbol-pa-palestinsk-motstand-den-store-returmarsjen\/#primaryimage"},"thumbnailUrl":"https:\/\/nordnesrepublikken.no\/wp-content\/uploads\/2026\/09\/1788278559_Fordi-dragene-til-barna-i-Gaza-er-et-symbol-pa.jpg","keywords":["barna","den","dragene","Fordi","Gaza","motstand","p\u00e5","palestinsk","returmarsjen","Store","symbol","til"],"articleSection":["Politikk"],"inLanguage":"nb-NO"},{"@type":"WebPage","@id":"https:\/\/nordnesrepublikken.no\/index.php\/2026\/09\/01\/fordi-dragene-til-barna-i-gaza-er-et-symbol-pa-palestinsk-motstand-den-store-returmarsjen\/","url":"https:\/\/nordnesrepublikken.no\/index.php\/2026\/09\/01\/fordi-dragene-til-barna-i-gaza-er-et-symbol-pa-palestinsk-motstand-den-store-returmarsjen\/","name":"Fordi dragene til barna i Gaza er et symbol p\u00e5 palestinsk motstand: Den store returmarsjen - Nordnesrepublikken","isPartOf":{"@id":"https:\/\/nordnesrepublikken.no\/#website"},"primaryImageOfPage":{"@id":"https:\/\/nordnesrepublikken.no\/index.php\/2026\/09\/01\/fordi-dragene-til-barna-i-gaza-er-et-symbol-pa-palestinsk-motstand-den-store-returmarsjen\/#primaryimage"},"image":{"@id":"https:\/\/nordnesrepublikken.no\/index.php\/2026\/09\/01\/fordi-dragene-til-barna-i-gaza-er-et-symbol-pa-palestinsk-motstand-den-store-returmarsjen\/#primaryimage"},"thumbnailUrl":"https:\/\/nordnesrepublikken.no\/wp-content\/uploads\/2026\/09\/1788278559_Fordi-dragene-til-barna-i-Gaza-er-et-symbol-pa.jpg","datePublished":"2026-09-01T16:02:38+00:00","dateModified":"2026-09-01T16:02:40+00:00","breadcrumb":{"@id":"https:\/\/nordnesrepublikken.no\/index.php\/2026\/09\/01\/fordi-dragene-til-barna-i-gaza-er-et-symbol-pa-palestinsk-motstand-den-store-returmarsjen\/#breadcrumb"},"inLanguage":"nb-NO","potentialAction":[{"@type":"ReadAction","target":["https:\/\/nordnesrepublikken.no\/index.php\/2026\/09\/01\/fordi-dragene-til-barna-i-gaza-er-et-symbol-pa-palestinsk-motstand-den-store-returmarsjen\/"]}]},{"@type":"ImageObject","inLanguage":"nb-NO","@id":"https:\/\/nordnesrepublikken.no\/index.php\/2026\/09\/01\/fordi-dragene-til-barna-i-gaza-er-et-symbol-pa-palestinsk-motstand-den-store-returmarsjen\/#primaryimage","url":"https:\/\/nordnesrepublikken.no\/wp-content\/uploads\/2026\/09\/1788278559_Fordi-dragene-til-barna-i-Gaza-er-et-symbol-pa.jpg","contentUrl":"https:\/\/nordnesrepublikken.no\/wp-content\/uploads\/2026\/09\/1788278559_Fordi-dragene-til-barna-i-Gaza-er-et-symbol-pa.jpg","width":1376,"height":768,"caption":"Fordi dragene til barna i Gaza er et symbol p\u00e5 palestinsk motstand: Den store returmarsjen"},{"@type":"BreadcrumbList","@id":"https:\/\/nordnesrepublikken.no\/index.php\/2026\/09\/01\/fordi-dragene-til-barna-i-gaza-er-et-symbol-pa-palestinsk-motstand-den-store-returmarsjen\/#breadcrumb","itemListElement":[{"@type":"ListItem","position":1,"name":"Home","item":"https:\/\/nordnesrepublikken.no\/"},{"@type":"ListItem","position":2,"name":"Fordi dragene til barna i Gaza er et symbol p\u00e5 palestinsk motstand: Den store returmarsjen"}]},{"@type":"WebSite","@id":"https:\/\/nordnesrepublikken.no\/#website","url":"https:\/\/nordnesrepublikken.no\/","name":"Nordnesrepublikken","description":"Stemmer og Visjoner fra Republikkens Hjerte","publisher":{"@id":"https:\/\/nordnesrepublikken.no\/#organization"},"potentialAction":[{"@type":"SearchAction","target":{"@type":"EntryPoint","urlTemplate":"https:\/\/nordnesrepublikken.no\/?s={search_term_string}"},"query-input":{"@type":"PropertyValueSpecification","valueRequired":true,"valueName":"search_term_string"}}],"inLanguage":"nb-NO"},{"@type":"Organization","@id":"https:\/\/nordnesrepublikken.no\/#organization","name":"Nordnesrepublikken","url":"https:\/\/nordnesrepublikken.no\/","logo":{"@type":"ImageObject","inLanguage":"nb-NO","@id":"https:\/\/nordnesrepublikken.no\/#\/schema\/logo\/image\/","url":"https:\/\/nordnesrepublikken.no\/wp-content\/uploads\/2025\/02\/cropped-nordnesrepublikken-2.png","contentUrl":"https:\/\/nordnesrepublikken.no\/wp-content\/uploads\/2025\/02\/cropped-nordnesrepublikken-2.png","width":1248,"height":362,"caption":"Nordnesrepublikken"},"image":{"@id":"https:\/\/nordnesrepublikken.no\/#\/schema\/logo\/image\/"}},{"@type":"Person","@id":"https:\/\/nordnesrepublikken.no\/#\/schema\/person\/2e7e81935bab77882fffb79296240ff1","name":"Ole Andersen","image":{"@type":"ImageObject","inLanguage":"nb-NO","@id":"https:\/\/nordnesrepublikken.no\/#\/schema\/person\/image\/","url":"https:\/\/nordnesrepublikken.no\/wp-content\/uploads\/2025\/02\/nordnesrepublikken-2-2-150x150.jpg","contentUrl":"https:\/\/nordnesrepublikken.no\/wp-content\/uploads\/2025\/02\/nordnesrepublikken-2-2-150x150.jpg","caption":"Ole Andersen"},"description":"Ettersom jeg vokste opp i Oslo, har jeg alltid v\u00e6rt fascinert av ordenes kraft og deres evne til \u00e5 skape endringer. Etter \u00e5 ha fullf\u00f8rt min utdannelse i kommunikasjon ved Universitetet i Bergen, fikk jeg muligheten til \u00e5 jobbe innen ulike medier, der jeg har s\u00f8kt \u00e5 belyse viktige samfunnssp\u00f8rsm\u00e5l. I dag, som redakt\u00f8r for Nordnesrepublikken, pr\u00f8ver jeg \u00e5 forene min kj\u00e6rlighet for journalistikk med min lidenskap for innovasjon og eventyr.","sameAs":["https:\/\/nordnesrepublikken.no\/"]}]}},"_links":{"self":[{"href":"https:\/\/nordnesrepublikken.no\/index.php\/wp-json\/wp\/v2\/posts\/21683","targetHints":{"allow":["GET"]}}],"collection":[{"href":"https:\/\/nordnesrepublikken.no\/index.php\/wp-json\/wp\/v2\/posts"}],"about":[{"href":"https:\/\/nordnesrepublikken.no\/index.php\/wp-json\/wp\/v2\/types\/post"}],"author":[{"embeddable":true,"href":"https:\/\/nordnesrepublikken.no\/index.php\/wp-json\/wp\/v2\/users\/1"}],"replies":[{"embeddable":true,"href":"https:\/\/nordnesrepublikken.no\/index.php\/wp-json\/wp\/v2\/comments?post=21683"}],"version-history":[{"count":1,"href":"https:\/\/nordnesrepublikken.no\/index.php\/wp-json\/wp\/v2\/posts\/21683\/revisions"}],"predecessor-version":[{"id":21685,"href":"https:\/\/nordnesrepublikken.no\/index.php\/wp-json\/wp\/v2\/posts\/21683\/revisions\/21685"}],"wp:featuredmedia":[{"embeddable":true,"href":"https:\/\/nordnesrepublikken.no\/index.php\/wp-json\/wp\/v2\/media\/21684"}],"wp:attachment":[{"href":"https:\/\/nordnesrepublikken.no\/index.php\/wp-json\/wp\/v2\/media?parent=21683"}],"wp:term":[{"taxonomy":"category","embeddable":true,"href":"https:\/\/nordnesrepublikken.no\/index.php\/wp-json\/wp\/v2\/categories?post=21683"},{"taxonomy":"post_tag","embeddable":true,"href":"https:\/\/nordnesrepublikken.no\/index.php\/wp-json\/wp\/v2\/tags?post=21683"}],"curies":[{"name":"wp","href":"https:\/\/api.w.org\/{rel}","templated":true}]}}