{"id":21677,"date":"2026-09-01T13:02:41","date_gmt":"2026-09-01T11:02:41","guid":{"rendered":"https:\/\/nordnesrepublikken.no\/index.php\/2026\/09\/01\/september-2026-vaer-forst-rekordvarme-sa-stormer-varselet-til-begynnelsen-av-hosten\/"},"modified":"2026-09-01T13:02:46","modified_gmt":"2026-09-01T11:02:46","slug":"september-2026-vaer-forst-rekordvarme-sa-stormer-varselet-til-begynnelsen-av-hosten","status":"publish","type":"post","link":"https:\/\/nordnesrepublikken.no\/index.php\/2026\/09\/01\/september-2026-vaer-forst-rekordvarme-sa-stormer-varselet-til-begynnelsen-av-hosten\/","title":{"rendered":"September 2026 v\u00e6r, f\u00f8rst rekordvarme s\u00e5 stormer: varselet til begynnelsen av h\u00f8sten"},"content":{"rendered":"<div>\n<div class=\"cp_wrapper cp_wrapper--fw mb-30 mb-20@tablet\">\n<figure class=\"mm\"><picture class=\"img\" style=\"padding-top:56.25%\"><source  media=\"(min-width: 1024px)\"><source  media=\"(min-width: 768px)\"><\/source><\/source><\/picture><\/figure>\n<\/p><\/div>\n<p>Sommeren 2026 virker ikke villig til \u00e5 vike lett. Etter kvart prega av <strong>temperaturer konstant over<\/strong> av sesonggjennomsnittene og med s\u00e5 mange som fem utbredte heteb\u00f8lger, i dag, <strong>tirsdag 1 september<\/strong>begynner meteorologisk h\u00f8st. For \u00e5 forst\u00e5 hva som venter oss i den neste m\u00e5neden, prognosene av den matematiske modellen av <b>Europeisk senter for v\u00e6rmeldinger p\u00e5 mellomlang sikt <\/b>(ECMWF) maler et klart bilde: en \u00f8delagt september <strong>to motsatte faser<\/strong>.<\/p>\n<p>Mellom <strong>3<\/strong><b>  og 7. september<\/b> Italia vil faktisk m\u00e5tte h\u00e5ndtere <b>sjette heteb\u00f8lge<\/b> av sesongen. Starter fra <strong>13. september<\/strong>i stedet b\u00f8r den virkelige sesongavbruddet finne sted, med inngangen til Middelhavet av <strong>kaldere str\u00f8mmer. <\/strong>Et tungt meteorologisk m\u00f8nster, gjort enda mer unormalt av akkumulering av varme og damp som har forvandlet Middelhavsbassenget til et ekte termisk reservoar.<\/p>\n<h2>Hvordan v\u00e6ret blir i f\u00f8rste halvdel av september: antisyklon og rekordtemperaturer<\/h2>\n<p>De f\u00f8rste ti dagene i m\u00e5neden vil se den konstante tilstedev\u00e6relsen av <strong>nes<\/strong> <b>subtropisk<\/b>i stand til \u00e5 garantere atmosf\u00e6risk stabilitet og skyve luftmasser av Sahara-opprinnelse mot v\u00e5r halv\u00f8y, med temperaturer opp til +20\/23\u00b0C ved referanseh\u00f8yden 1500 meter over Spania, Frankrike, Sveits og Italia.<\/p>\n<p>Overflatetemperaturen til afrikaneren griper ogs\u00e5 inn for \u00e5 forsterke denne afrikanske flammen <b>Middelhavet<\/b>eksepsjonelt varmt etter sommerm\u00e5nedene. I flere bassenger rundt Italia har overflatevann rekord opp til <b>5\u00b0C over gjennomsnittet<\/b>en faktor som forhindrer kj\u00f8ling om natten og holder termiske verdier h\u00f8ye selv langs kysten og i de indre slettene.<\/p>\n<div class=\"cp_wrapper cp_wrapper--fw mb-50\">\n<figure class=\"mm\"><picture class=\"img\" style=\"padding-top:69.955555555556%\"><source  media=\"(min-width: 1024px)\"><source  media=\"(min-width: 768px)\"><img decoding=\"async\" loading=\"lazy\" src=\"https:\/\/nordnesrepublikken.no\/wp-content\/uploads\/2026\/09\/September-2026-vaer-forst-rekordvarme-sa-stormer-varselet-til-begynnelsen.jpg\" alt=\"Bilde\" width=\"1125\" height=\"787\"\/><\/source><\/source><\/picture><\/figure>\n<\/p><\/div>\n<h2>Omr\u00e5dene som er mest ber\u00f8rt av varmen i Italia<\/h2>\n<ul>\n<li><b>Sentral-s\u00f8r- og hoved\u00f8yene:<\/b> forventede verdier bredt mellom i <b>35\u00b0C og 37\u00b0C<\/b>med enda h\u00f8yere lokale topper i de indre omr\u00e5dene av <strong>Sicilia<\/strong>fra <strong>Sardinia<\/strong> og av <strong>Puglia<\/strong>.<\/li>\n<li><b>Nord-Italia:<\/b> varmen vil ogs\u00e5 merkes markert p\u00e5 de nordlige slettene, med h\u00f8yder opp til <b>35-36\u00b0C <\/b>spesielt blant<b> \u00d8st-Lombardia, nedre Veneto og Emilia-Romagna<\/b>. TIL <b>Milan<\/b> modellene signaliserer den konkrete muligheten for \u00e5 retusjere eller overskride <b>historiske varmerekorder<\/b> for september m\u00e5ned.<\/li>\n<\/ul>\n<h2>Det mulige vendepunktet fra 10.-14. september: kaldere str\u00f8mmer<\/h2>\n<p>Imidlertid peker ECMWF-trender mot ankomsten av en <strong>potensielt vendepunkt<\/strong>. De f\u00f8rste tegnene p\u00e5 at den varme stikkontakten l\u00f8sner vil merkes umiddelbart etter <b>9-10 september<\/b>n\u00e5r <strong>kj\u00f8ligere str\u00f8mmer<\/strong> av opprinnelse <strong>Atlanterhavet<\/strong> de vil begynne \u00e5 undergrave antisyklonen fra de nordlige omr\u00e5dene.<\/p>\n<p>Den ekte <strong>sesongmessig pause<\/strong> det kan imidlertid materialisere seg omtrent mellom <b>13. og 14. september<\/b>. Svekkelsen av den afrikanske boblen vil tillate <b>kaldere nordlige str\u00f8mmer<\/b> til lavere breddegrad, synker mot Middelhavsbassenget.<\/p>\n<div class=\"cp_wrapper cp_wrapper--fw mb-50\">\n<figure class=\"mm\"><picture class=\"img\" style=\"padding-top:69.955555555556%\"><source  media=\"(min-width: 1024px)\"><source  media=\"(min-width: 768px)\"><img decoding=\"async\" loading=\"lazy\" src=\"https:\/\/nordnesrepublikken.no\/wp-content\/uploads\/2026\/09\/1788260561_763_September-2026-vaer-forst-rekordvarme-sa-stormer-varselet-til-begynnelsen.jpg\" alt=\"Bilde\" width=\"1125\" height=\"787\" class=\"js-seedtag-img\"\/><\/source><\/source><\/picture><\/figure>\n<\/p><\/div>\n<h2>Sommerens \u00abregning \u00e5 betale\u00bb: hvor lenge vil den termiske arven p\u00e5 h\u00f8stklimaet vare<\/h2>\n<p>For \u00e5 komme tilbake til det kule, m\u00e5 vi f\u00f8rst h\u00e5ndtere arven etter den <strong>langvarig klimatisk anomali<\/strong>. Konsekvensene av tre sommerm\u00e5neder konstant over normen vil ikke forsvinne over natten, men de risikerer \u00e5 p\u00e5virke trenden hele h\u00f8sten. I praksis vil denne akkumuleringen resultere i utholdenhet av <b>bakketemperaturer over gjennomsnittet<\/b> og i \u00f8kt risiko for <b>ekstreme v\u00e6rfenomener<\/b>.<\/p>\n<p>Inntreden av de f\u00f8rste atlantiske lommene etter en usedvanlig varm sesong kan for\u00e5rsake ekstreme v\u00e6rhendelser. Ankomsten av kalde str\u00f8mmer i stor h\u00f8yde vil p\u00e5virke direkte mot <strong>varmt, fuktig luftreservoar<\/strong> stasjon\u00e6r over Middelhavsbassenget. Denne markerte termiske kontrasten vil generere en enorm mengde <b>KAPPE <\/b>(<em>Konvektiv tilgjengelig potensiell energi<\/em>), eller den flytende potensielle energien som gir n\u00e6ring til de oppadg\u00e5ende bevegelsene til skyene. <strong>Jo st\u00f8rre energi akkumuleres<\/strong> i de nedre lagene, mer <strong>voldelig og eksplosiv<\/strong> de risikerer \u00e5 bli <strong>tordenv\u00e6r,<\/strong> n\u00e5r antisyklonstrukturen endelig gir etter.<\/p>\n<p>Denne dynamikken vil \u00f8ke risikoen betydelig for <b>ekstreme v\u00e6rfenomener<\/b>:<\/p>\n<ul>\n<li>Utl\u00f8ser av <b>intense stormlinjer<\/b> og superceller.<\/li>\n<li>Mulighet for <b>selvhelbredende stormer<\/b> og skybrudd konsentrert i korte perioder.<\/li>\n<li>Tidvis risiko <b>store haglbyger<\/b> og kraftige vindkast (nedbrudd).<\/li>\n<\/ul>\n<p>Siden dette er anslag p\u00e5 mellomlang og lang sikt, vil det v\u00e6re grunnleggende <strong>f\u00f8lg de neste oppdateringene<\/strong> \u00e5 n\u00f8yaktig definere banen til forstyrrelsene. Det generelle rammeverket skissert av ECMWF antyder imidlertid en <b>september med to ansikter<\/b>: en veldig varm start, etterfulgt av en andre omgang som er desidert mer ustabil, dynamisk og med en h\u00f8stlig smak.<\/p>\n<\/p><\/div>\n","protected":false},"excerpt":{"rendered":"<p>Sommeren 2026 virker ikke villig til \u00e5 vike lett. Etter kvart prega av temperaturer konstant<\/p>\n","protected":false},"author":1,"featured_media":21678,"comment_status":"closed","ping_status":"open","sticky":false,"template":"","format":"standard","meta":{"footnotes":""},"categories":[26],"tags":[4381,5719,6445,14178,1472,4418,4969,117,532,4618],"class_list":["post-21677","post","type-post","status-publish","format-standard","has-post-thumbnail","hentry","category-miljo","tag-begynnelsen","tag-forst","tag-hosten","tag-rekordvarme","tag-sa","tag-september","tag-stormer","tag-til","tag-vaer","tag-varselet","generate-columns","tablet-grid-50","mobile-grid-100","grid-parent","grid-33","resize-featured-image"],"yoast_head":"<!-- This site is optimized with the Yoast SEO plugin v24.4 - https:\/\/yoast.com\/wordpress\/plugins\/seo\/ -->\n<title>September 2026 v\u00e6r, f\u00f8rst rekordvarme s\u00e5 stormer: varselet til begynnelsen av h\u00f8sten - Nordnesrepublikken<\/title>\n<meta name=\"robots\" content=\"index, follow, max-snippet:-1, max-image-preview:large, max-video-preview:-1\" \/>\n<link rel=\"canonical\" href=\"https:\/\/nordnesrepublikken.no\/index.php\/2026\/09\/01\/september-2026-vaer-forst-rekordvarme-sa-stormer-varselet-til-begynnelsen-av-hosten\/\" \/>\n<meta property=\"og:locale\" content=\"nb_NO\" \/>\n<meta property=\"og:type\" content=\"article\" \/>\n<meta property=\"og:title\" content=\"September 2026 v\u00e6r, f\u00f8rst rekordvarme s\u00e5 stormer: varselet til begynnelsen av h\u00f8sten - Nordnesrepublikken\" \/>\n<meta property=\"og:description\" content=\"Sommeren 2026 virker ikke villig til \u00e5 vike lett. Etter kvart prega av temperaturer konstant\" \/>\n<meta property=\"og:url\" content=\"https:\/\/nordnesrepublikken.no\/index.php\/2026\/09\/01\/september-2026-vaer-forst-rekordvarme-sa-stormer-varselet-til-begynnelsen-av-hosten\/\" \/>\n<meta property=\"og:site_name\" content=\"Nordnesrepublikken\" \/>\n<meta property=\"article:published_time\" content=\"2026-09-01T11:02:41+00:00\" \/>\n<meta property=\"article:modified_time\" content=\"2026-09-01T11:02:46+00:00\" \/>\n<meta property=\"og:image\" content=\"https:\/\/nordnesrepublikken.no\/wp-content\/uploads\/2026\/09\/1788260564_September-2026-vaer-forst-rekordvarme-sa-stormer-varselet-til-begynnelsen-scaled.jpeg\" \/>\n\t<meta property=\"og:image:width\" content=\"2560\" \/>\n\t<meta property=\"og:image:height\" content=\"1429\" \/>\n\t<meta property=\"og:image:type\" content=\"image\/jpeg\" \/>\n<meta name=\"author\" content=\"Ole Andersen\" \/>\n<meta name=\"twitter:card\" content=\"summary_large_image\" \/>\n<meta name=\"twitter:label1\" content=\"Skrevet av\" \/>\n\t<meta name=\"twitter:data1\" content=\"Ole Andersen\" \/>\n\t<meta name=\"twitter:label2\" content=\"Ansl. lesetid\" \/>\n\t<meta name=\"twitter:data2\" content=\"3 minutter\" \/>\n<script type=\"application\/ld+json\" class=\"yoast-schema-graph\">{\"@context\":\"https:\/\/schema.org\",\"@graph\":[{\"@type\":\"Article\",\"@id\":\"https:\/\/nordnesrepublikken.no\/index.php\/2026\/09\/01\/september-2026-vaer-forst-rekordvarme-sa-stormer-varselet-til-begynnelsen-av-hosten\/#article\",\"isPartOf\":{\"@id\":\"https:\/\/nordnesrepublikken.no\/index.php\/2026\/09\/01\/september-2026-vaer-forst-rekordvarme-sa-stormer-varselet-til-begynnelsen-av-hosten\/\"},\"author\":{\"name\":\"Ole Andersen\",\"@id\":\"https:\/\/nordnesrepublikken.no\/#\/schema\/person\/2e7e81935bab77882fffb79296240ff1\"},\"headline\":\"September 2026 v\u00e6r, f\u00f8rst rekordvarme s\u00e5 stormer: varselet til begynnelsen av h\u00f8sten\",\"datePublished\":\"2026-09-01T11:02:41+00:00\",\"dateModified\":\"2026-09-01T11:02:46+00:00\",\"mainEntityOfPage\":{\"@id\":\"https:\/\/nordnesrepublikken.no\/index.php\/2026\/09\/01\/september-2026-vaer-forst-rekordvarme-sa-stormer-varselet-til-begynnelsen-av-hosten\/\"},\"wordCount\":675,\"publisher\":{\"@id\":\"https:\/\/nordnesrepublikken.no\/#organization\"},\"image\":{\"@id\":\"https:\/\/nordnesrepublikken.no\/index.php\/2026\/09\/01\/september-2026-vaer-forst-rekordvarme-sa-stormer-varselet-til-begynnelsen-av-hosten\/#primaryimage\"},\"thumbnailUrl\":\"https:\/\/nordnesrepublikken.no\/wp-content\/uploads\/2026\/09\/1788260564_September-2026-vaer-forst-rekordvarme-sa-stormer-varselet-til-begynnelsen-scaled.jpeg\",\"keywords\":[\"begynnelsen\",\"f\u00f8rst\",\"h\u00f8sten\",\"rekordvarme\",\"s\u00e5\",\"september\",\"stormer\",\"til\",\"v\u00e6r\",\"varselet\"],\"articleSection\":[\"Milj\u00f8\"],\"inLanguage\":\"nb-NO\"},{\"@type\":\"WebPage\",\"@id\":\"https:\/\/nordnesrepublikken.no\/index.php\/2026\/09\/01\/september-2026-vaer-forst-rekordvarme-sa-stormer-varselet-til-begynnelsen-av-hosten\/\",\"url\":\"https:\/\/nordnesrepublikken.no\/index.php\/2026\/09\/01\/september-2026-vaer-forst-rekordvarme-sa-stormer-varselet-til-begynnelsen-av-hosten\/\",\"name\":\"September 2026 v\u00e6r, f\u00f8rst rekordvarme s\u00e5 stormer: varselet til begynnelsen av h\u00f8sten - Nordnesrepublikken\",\"isPartOf\":{\"@id\":\"https:\/\/nordnesrepublikken.no\/#website\"},\"primaryImageOfPage\":{\"@id\":\"https:\/\/nordnesrepublikken.no\/index.php\/2026\/09\/01\/september-2026-vaer-forst-rekordvarme-sa-stormer-varselet-til-begynnelsen-av-hosten\/#primaryimage\"},\"image\":{\"@id\":\"https:\/\/nordnesrepublikken.no\/index.php\/2026\/09\/01\/september-2026-vaer-forst-rekordvarme-sa-stormer-varselet-til-begynnelsen-av-hosten\/#primaryimage\"},\"thumbnailUrl\":\"https:\/\/nordnesrepublikken.no\/wp-content\/uploads\/2026\/09\/1788260564_September-2026-vaer-forst-rekordvarme-sa-stormer-varselet-til-begynnelsen-scaled.jpeg\",\"datePublished\":\"2026-09-01T11:02:41+00:00\",\"dateModified\":\"2026-09-01T11:02:46+00:00\",\"breadcrumb\":{\"@id\":\"https:\/\/nordnesrepublikken.no\/index.php\/2026\/09\/01\/september-2026-vaer-forst-rekordvarme-sa-stormer-varselet-til-begynnelsen-av-hosten\/#breadcrumb\"},\"inLanguage\":\"nb-NO\",\"potentialAction\":[{\"@type\":\"ReadAction\",\"target\":[\"https:\/\/nordnesrepublikken.no\/index.php\/2026\/09\/01\/september-2026-vaer-forst-rekordvarme-sa-stormer-varselet-til-begynnelsen-av-hosten\/\"]}]},{\"@type\":\"ImageObject\",\"inLanguage\":\"nb-NO\",\"@id\":\"https:\/\/nordnesrepublikken.no\/index.php\/2026\/09\/01\/september-2026-vaer-forst-rekordvarme-sa-stormer-varselet-til-begynnelsen-av-hosten\/#primaryimage\",\"url\":\"https:\/\/nordnesrepublikken.no\/wp-content\/uploads\/2026\/09\/1788260564_September-2026-vaer-forst-rekordvarme-sa-stormer-varselet-til-begynnelsen-scaled.jpeg\",\"contentUrl\":\"https:\/\/nordnesrepublikken.no\/wp-content\/uploads\/2026\/09\/1788260564_September-2026-vaer-forst-rekordvarme-sa-stormer-varselet-til-begynnelsen-scaled.jpeg\",\"width\":2560,\"height\":1429,\"caption\":\"September 2026 v\u00e6r, f\u00f8rst rekordvarme s\u00e5 stormer: varselet til begynnelsen av h\u00f8sten\"},{\"@type\":\"BreadcrumbList\",\"@id\":\"https:\/\/nordnesrepublikken.no\/index.php\/2026\/09\/01\/september-2026-vaer-forst-rekordvarme-sa-stormer-varselet-til-begynnelsen-av-hosten\/#breadcrumb\",\"itemListElement\":[{\"@type\":\"ListItem\",\"position\":1,\"name\":\"Home\",\"item\":\"https:\/\/nordnesrepublikken.no\/\"},{\"@type\":\"ListItem\",\"position\":2,\"name\":\"September 2026 v\u00e6r, f\u00f8rst rekordvarme s\u00e5 stormer: varselet til begynnelsen av h\u00f8sten\"}]},{\"@type\":\"WebSite\",\"@id\":\"https:\/\/nordnesrepublikken.no\/#website\",\"url\":\"https:\/\/nordnesrepublikken.no\/\",\"name\":\"Nordnesrepublikken\",\"description\":\"Stemmer og Visjoner fra Republikkens Hjerte\",\"publisher\":{\"@id\":\"https:\/\/nordnesrepublikken.no\/#organization\"},\"potentialAction\":[{\"@type\":\"SearchAction\",\"target\":{\"@type\":\"EntryPoint\",\"urlTemplate\":\"https:\/\/nordnesrepublikken.no\/?s={search_term_string}\"},\"query-input\":{\"@type\":\"PropertyValueSpecification\",\"valueRequired\":true,\"valueName\":\"search_term_string\"}}],\"inLanguage\":\"nb-NO\"},{\"@type\":\"Organization\",\"@id\":\"https:\/\/nordnesrepublikken.no\/#organization\",\"name\":\"Nordnesrepublikken\",\"url\":\"https:\/\/nordnesrepublikken.no\/\",\"logo\":{\"@type\":\"ImageObject\",\"inLanguage\":\"nb-NO\",\"@id\":\"https:\/\/nordnesrepublikken.no\/#\/schema\/logo\/image\/\",\"url\":\"https:\/\/nordnesrepublikken.no\/wp-content\/uploads\/2025\/02\/cropped-nordnesrepublikken-2.png\",\"contentUrl\":\"https:\/\/nordnesrepublikken.no\/wp-content\/uploads\/2025\/02\/cropped-nordnesrepublikken-2.png\",\"width\":1248,\"height\":362,\"caption\":\"Nordnesrepublikken\"},\"image\":{\"@id\":\"https:\/\/nordnesrepublikken.no\/#\/schema\/logo\/image\/\"}},{\"@type\":\"Person\",\"@id\":\"https:\/\/nordnesrepublikken.no\/#\/schema\/person\/2e7e81935bab77882fffb79296240ff1\",\"name\":\"Ole Andersen\",\"image\":{\"@type\":\"ImageObject\",\"inLanguage\":\"nb-NO\",\"@id\":\"https:\/\/nordnesrepublikken.no\/#\/schema\/person\/image\/\",\"url\":\"https:\/\/nordnesrepublikken.no\/wp-content\/uploads\/2025\/02\/nordnesrepublikken-2-2-150x150.jpg\",\"contentUrl\":\"https:\/\/nordnesrepublikken.no\/wp-content\/uploads\/2025\/02\/nordnesrepublikken-2-2-150x150.jpg\",\"caption\":\"Ole Andersen\"},\"description\":\"Ettersom jeg vokste opp i Oslo, har jeg alltid v\u00e6rt fascinert av ordenes kraft og deres evne til \u00e5 skape endringer. Etter \u00e5 ha fullf\u00f8rt min utdannelse i kommunikasjon ved Universitetet i Bergen, fikk jeg muligheten til \u00e5 jobbe innen ulike medier, der jeg har s\u00f8kt \u00e5 belyse viktige samfunnssp\u00f8rsm\u00e5l. I dag, som redakt\u00f8r for Nordnesrepublikken, pr\u00f8ver jeg \u00e5 forene min kj\u00e6rlighet for journalistikk med min lidenskap for innovasjon og eventyr.\",\"sameAs\":[\"https:\/\/nordnesrepublikken.no\/\"]}]}<\/script>\n<!-- \/ Yoast SEO plugin. -->","yoast_head_json":{"title":"September 2026 v\u00e6r, f\u00f8rst rekordvarme s\u00e5 stormer: varselet til begynnelsen av h\u00f8sten - Nordnesrepublikken","robots":{"index":"index","follow":"follow","max-snippet":"max-snippet:-1","max-image-preview":"max-image-preview:large","max-video-preview":"max-video-preview:-1"},"canonical":"https:\/\/nordnesrepublikken.no\/index.php\/2026\/09\/01\/september-2026-vaer-forst-rekordvarme-sa-stormer-varselet-til-begynnelsen-av-hosten\/","og_locale":"nb_NO","og_type":"article","og_title":"September 2026 v\u00e6r, f\u00f8rst rekordvarme s\u00e5 stormer: varselet til begynnelsen av h\u00f8sten - Nordnesrepublikken","og_description":"Sommeren 2026 virker ikke villig til \u00e5 vike lett. Etter kvart prega av temperaturer konstant","og_url":"https:\/\/nordnesrepublikken.no\/index.php\/2026\/09\/01\/september-2026-vaer-forst-rekordvarme-sa-stormer-varselet-til-begynnelsen-av-hosten\/","og_site_name":"Nordnesrepublikken","article_published_time":"2026-09-01T11:02:41+00:00","article_modified_time":"2026-09-01T11:02:46+00:00","og_image":[{"width":2560,"height":1429,"url":"https:\/\/nordnesrepublikken.no\/wp-content\/uploads\/2026\/09\/1788260564_September-2026-vaer-forst-rekordvarme-sa-stormer-varselet-til-begynnelsen-scaled.jpeg","type":"image\/jpeg"}],"author":"Ole Andersen","twitter_card":"summary_large_image","twitter_misc":{"Skrevet av":"Ole Andersen","Ansl. lesetid":"3 minutter"},"schema":{"@context":"https:\/\/schema.org","@graph":[{"@type":"Article","@id":"https:\/\/nordnesrepublikken.no\/index.php\/2026\/09\/01\/september-2026-vaer-forst-rekordvarme-sa-stormer-varselet-til-begynnelsen-av-hosten\/#article","isPartOf":{"@id":"https:\/\/nordnesrepublikken.no\/index.php\/2026\/09\/01\/september-2026-vaer-forst-rekordvarme-sa-stormer-varselet-til-begynnelsen-av-hosten\/"},"author":{"name":"Ole Andersen","@id":"https:\/\/nordnesrepublikken.no\/#\/schema\/person\/2e7e81935bab77882fffb79296240ff1"},"headline":"September 2026 v\u00e6r, f\u00f8rst rekordvarme s\u00e5 stormer: varselet til begynnelsen av h\u00f8sten","datePublished":"2026-09-01T11:02:41+00:00","dateModified":"2026-09-01T11:02:46+00:00","mainEntityOfPage":{"@id":"https:\/\/nordnesrepublikken.no\/index.php\/2026\/09\/01\/september-2026-vaer-forst-rekordvarme-sa-stormer-varselet-til-begynnelsen-av-hosten\/"},"wordCount":675,"publisher":{"@id":"https:\/\/nordnesrepublikken.no\/#organization"},"image":{"@id":"https:\/\/nordnesrepublikken.no\/index.php\/2026\/09\/01\/september-2026-vaer-forst-rekordvarme-sa-stormer-varselet-til-begynnelsen-av-hosten\/#primaryimage"},"thumbnailUrl":"https:\/\/nordnesrepublikken.no\/wp-content\/uploads\/2026\/09\/1788260564_September-2026-vaer-forst-rekordvarme-sa-stormer-varselet-til-begynnelsen-scaled.jpeg","keywords":["begynnelsen","f\u00f8rst","h\u00f8sten","rekordvarme","s\u00e5","september","stormer","til","v\u00e6r","varselet"],"articleSection":["Milj\u00f8"],"inLanguage":"nb-NO"},{"@type":"WebPage","@id":"https:\/\/nordnesrepublikken.no\/index.php\/2026\/09\/01\/september-2026-vaer-forst-rekordvarme-sa-stormer-varselet-til-begynnelsen-av-hosten\/","url":"https:\/\/nordnesrepublikken.no\/index.php\/2026\/09\/01\/september-2026-vaer-forst-rekordvarme-sa-stormer-varselet-til-begynnelsen-av-hosten\/","name":"September 2026 v\u00e6r, f\u00f8rst rekordvarme s\u00e5 stormer: varselet til begynnelsen av h\u00f8sten - Nordnesrepublikken","isPartOf":{"@id":"https:\/\/nordnesrepublikken.no\/#website"},"primaryImageOfPage":{"@id":"https:\/\/nordnesrepublikken.no\/index.php\/2026\/09\/01\/september-2026-vaer-forst-rekordvarme-sa-stormer-varselet-til-begynnelsen-av-hosten\/#primaryimage"},"image":{"@id":"https:\/\/nordnesrepublikken.no\/index.php\/2026\/09\/01\/september-2026-vaer-forst-rekordvarme-sa-stormer-varselet-til-begynnelsen-av-hosten\/#primaryimage"},"thumbnailUrl":"https:\/\/nordnesrepublikken.no\/wp-content\/uploads\/2026\/09\/1788260564_September-2026-vaer-forst-rekordvarme-sa-stormer-varselet-til-begynnelsen-scaled.jpeg","datePublished":"2026-09-01T11:02:41+00:00","dateModified":"2026-09-01T11:02:46+00:00","breadcrumb":{"@id":"https:\/\/nordnesrepublikken.no\/index.php\/2026\/09\/01\/september-2026-vaer-forst-rekordvarme-sa-stormer-varselet-til-begynnelsen-av-hosten\/#breadcrumb"},"inLanguage":"nb-NO","potentialAction":[{"@type":"ReadAction","target":["https:\/\/nordnesrepublikken.no\/index.php\/2026\/09\/01\/september-2026-vaer-forst-rekordvarme-sa-stormer-varselet-til-begynnelsen-av-hosten\/"]}]},{"@type":"ImageObject","inLanguage":"nb-NO","@id":"https:\/\/nordnesrepublikken.no\/index.php\/2026\/09\/01\/september-2026-vaer-forst-rekordvarme-sa-stormer-varselet-til-begynnelsen-av-hosten\/#primaryimage","url":"https:\/\/nordnesrepublikken.no\/wp-content\/uploads\/2026\/09\/1788260564_September-2026-vaer-forst-rekordvarme-sa-stormer-varselet-til-begynnelsen-scaled.jpeg","contentUrl":"https:\/\/nordnesrepublikken.no\/wp-content\/uploads\/2026\/09\/1788260564_September-2026-vaer-forst-rekordvarme-sa-stormer-varselet-til-begynnelsen-scaled.jpeg","width":2560,"height":1429,"caption":"September 2026 v\u00e6r, f\u00f8rst rekordvarme s\u00e5 stormer: varselet til begynnelsen av h\u00f8sten"},{"@type":"BreadcrumbList","@id":"https:\/\/nordnesrepublikken.no\/index.php\/2026\/09\/01\/september-2026-vaer-forst-rekordvarme-sa-stormer-varselet-til-begynnelsen-av-hosten\/#breadcrumb","itemListElement":[{"@type":"ListItem","position":1,"name":"Home","item":"https:\/\/nordnesrepublikken.no\/"},{"@type":"ListItem","position":2,"name":"September 2026 v\u00e6r, f\u00f8rst rekordvarme s\u00e5 stormer: varselet til begynnelsen av h\u00f8sten"}]},{"@type":"WebSite","@id":"https:\/\/nordnesrepublikken.no\/#website","url":"https:\/\/nordnesrepublikken.no\/","name":"Nordnesrepublikken","description":"Stemmer og Visjoner fra Republikkens Hjerte","publisher":{"@id":"https:\/\/nordnesrepublikken.no\/#organization"},"potentialAction":[{"@type":"SearchAction","target":{"@type":"EntryPoint","urlTemplate":"https:\/\/nordnesrepublikken.no\/?s={search_term_string}"},"query-input":{"@type":"PropertyValueSpecification","valueRequired":true,"valueName":"search_term_string"}}],"inLanguage":"nb-NO"},{"@type":"Organization","@id":"https:\/\/nordnesrepublikken.no\/#organization","name":"Nordnesrepublikken","url":"https:\/\/nordnesrepublikken.no\/","logo":{"@type":"ImageObject","inLanguage":"nb-NO","@id":"https:\/\/nordnesrepublikken.no\/#\/schema\/logo\/image\/","url":"https:\/\/nordnesrepublikken.no\/wp-content\/uploads\/2025\/02\/cropped-nordnesrepublikken-2.png","contentUrl":"https:\/\/nordnesrepublikken.no\/wp-content\/uploads\/2025\/02\/cropped-nordnesrepublikken-2.png","width":1248,"height":362,"caption":"Nordnesrepublikken"},"image":{"@id":"https:\/\/nordnesrepublikken.no\/#\/schema\/logo\/image\/"}},{"@type":"Person","@id":"https:\/\/nordnesrepublikken.no\/#\/schema\/person\/2e7e81935bab77882fffb79296240ff1","name":"Ole Andersen","image":{"@type":"ImageObject","inLanguage":"nb-NO","@id":"https:\/\/nordnesrepublikken.no\/#\/schema\/person\/image\/","url":"https:\/\/nordnesrepublikken.no\/wp-content\/uploads\/2025\/02\/nordnesrepublikken-2-2-150x150.jpg","contentUrl":"https:\/\/nordnesrepublikken.no\/wp-content\/uploads\/2025\/02\/nordnesrepublikken-2-2-150x150.jpg","caption":"Ole Andersen"},"description":"Ettersom jeg vokste opp i Oslo, har jeg alltid v\u00e6rt fascinert av ordenes kraft og deres evne til \u00e5 skape endringer. Etter \u00e5 ha fullf\u00f8rt min utdannelse i kommunikasjon ved Universitetet i Bergen, fikk jeg muligheten til \u00e5 jobbe innen ulike medier, der jeg har s\u00f8kt \u00e5 belyse viktige samfunnssp\u00f8rsm\u00e5l. I dag, som redakt\u00f8r for Nordnesrepublikken, pr\u00f8ver jeg \u00e5 forene min kj\u00e6rlighet for journalistikk med min lidenskap for innovasjon og eventyr.","sameAs":["https:\/\/nordnesrepublikken.no\/"]}]}},"_links":{"self":[{"href":"https:\/\/nordnesrepublikken.no\/index.php\/wp-json\/wp\/v2\/posts\/21677","targetHints":{"allow":["GET"]}}],"collection":[{"href":"https:\/\/nordnesrepublikken.no\/index.php\/wp-json\/wp\/v2\/posts"}],"about":[{"href":"https:\/\/nordnesrepublikken.no\/index.php\/wp-json\/wp\/v2\/types\/post"}],"author":[{"embeddable":true,"href":"https:\/\/nordnesrepublikken.no\/index.php\/wp-json\/wp\/v2\/users\/1"}],"replies":[{"embeddable":true,"href":"https:\/\/nordnesrepublikken.no\/index.php\/wp-json\/wp\/v2\/comments?post=21677"}],"version-history":[{"count":1,"href":"https:\/\/nordnesrepublikken.no\/index.php\/wp-json\/wp\/v2\/posts\/21677\/revisions"}],"predecessor-version":[{"id":21679,"href":"https:\/\/nordnesrepublikken.no\/index.php\/wp-json\/wp\/v2\/posts\/21677\/revisions\/21679"}],"wp:featuredmedia":[{"embeddable":true,"href":"https:\/\/nordnesrepublikken.no\/index.php\/wp-json\/wp\/v2\/media\/21678"}],"wp:attachment":[{"href":"https:\/\/nordnesrepublikken.no\/index.php\/wp-json\/wp\/v2\/media?parent=21677"}],"wp:term":[{"taxonomy":"category","embeddable":true,"href":"https:\/\/nordnesrepublikken.no\/index.php\/wp-json\/wp\/v2\/categories?post=21677"},{"taxonomy":"post_tag","embeddable":true,"href":"https:\/\/nordnesrepublikken.no\/index.php\/wp-json\/wp\/v2\/tags?post=21677"}],"curies":[{"name":"wp","href":"https:\/\/api.w.org\/{rel}","templated":true}]}}