{"id":21671,"date":"2026-09-01T09:04:04","date_gmt":"2026-09-01T07:04:04","guid":{"rendered":"https:\/\/nordnesrepublikken.no\/index.php\/2026\/09\/01\/hvem-var-ludvig-xiv-og-hvorfor-fikk-han-kallenavnet-solkongen-livet-og-regjeringen-til-den-absolutte-monarken-i-frankrike\/"},"modified":"2026-09-01T09:04:07","modified_gmt":"2026-09-01T07:04:07","slug":"hvem-var-ludvig-xiv-og-hvorfor-fikk-han-kallenavnet-solkongen-livet-og-regjeringen-til-den-absolutte-monarken-i-frankrike","status":"publish","type":"post","link":"https:\/\/nordnesrepublikken.no\/index.php\/2026\/09\/01\/hvem-var-ludvig-xiv-og-hvorfor-fikk-han-kallenavnet-solkongen-livet-og-regjeringen-til-den-absolutte-monarken-i-frankrike\/","title":{"rendered":"Hvem var Ludvig XIV og hvorfor fikk han kallenavnet solkongen: livet og regjeringen til den absolutte monarken i Frankrike"},"content":{"rendered":"<div>\n<div class=\"cp_wrapper cp_wrapper--fw mb-30 mb-20@tablet\">\n<figure class=\"mm\"><picture class=\"img\" style=\"padding-top:56.25%\"><source  media=\"(min-width: 1024px)\"><source  media=\"(min-width: 768px)\"><\/source><\/source><\/picture><\/figure>\n<\/p><\/div>\n<p>Ludvig XIV, <strong>konge av Frankrike fra 1643 til 1715<\/strong>f\u00f8dt i 1638 i Saint-Germain-en Laye og d\u00f8de i Versailles 1. september 1715, med kallenavnet ra <strong>Solkonge<\/strong> fordi han valgte \u00e5 bli representert, p\u00e5 mynter og ulike gjenstander, med<strong>solens emblem<\/strong>som skulle symbolisere hans absolutistiske maktforvaltning: suverenen plasserte seg selv i sentrum av det politiske systemet og <strong>alt dreide seg om ham<\/strong>mens planetene roterer rundt solen. Louis skilte seg faktisk ut for<strong>sentralisering av makt<\/strong>oppsummert i setningen <em>L&#8217;Etat c&#8217;est moi<\/em>\u00abJeg er staten\u00bb, som han if\u00f8lge noen kilder uttalte. Hans regjeringstid, 72 \u00e5r og 110 dager lang, var den <strong>lengste gjennom tidene<\/strong> og det representerte et viktig \u00f8yeblikk ikke bare for Frankrike, men for hele den vestlige sivilisasjonen.<\/p>\n<h2>Kort biografi om den lengst tjente herskeren i historien: absolutisme i Frankrike<\/h2>\n<p>Ludvig XIV,<strong> 64. konge av Frankrike og 44. konge av Navarra<\/strong>ogs\u00e5 kjent som Ludvig den store, var en av de viktigste franske monarkene og, etter \u00e5 ha regjert i over 72 \u00e5r, regnes den som den lengst tjente herskeren gjennom tidene. Han ble f\u00f8dt 5. september 1638 i Saint-Germain-en Laye, og var kongens eldste s\u00f8nn. <strong>Ludvig XIII og Anne av \u00d8sterrike<\/strong>. I 1643, da faren d\u00f8de, overtok han sin plass som hersker, men siden han fortsatt var et barn, overtok han ikke personlig makten, som ble administrert av kardinalministeren <strong>Julius Mazarin<\/strong> til 1661, \u00e5ret for hans d\u00f8d.<\/p>\n<div class=\"cp_wrapper cp_wrapper--fw mb-50\">\n<figure class=\"mm\"><picture class=\"img\" style=\"padding-top:133.49609375%\"><source  media=\"(min-width: 1024px)\"><source  media=\"(min-width: 768px)\"><img decoding=\"async\" loading=\"lazy\" src=\"https:\/\/nordnesrepublikken.no\/wp-content\/uploads\/2026\/09\/1788246243_482_Hvem-var-Ludvig-XIV-og-hvorfor-fikk-han-kallenavnet-solkongen.jpg\" alt=\"Louis XIV som barn (Wikimedia Commons)\" width=\"1024\" height=\"1367\"\/><\/source><\/source><\/picture><\/figure>\n<\/p><\/div>\n<p>Etter Mazarins d\u00f8d overtok Louis XIV personlig Frankrikes regjering og gjorde seg kjent som <strong>modell for absolutisme<\/strong>: han sentraliserte all makt i sine hender, og reduserte den politiske vekten til aristokratiene og h\u00f8ye embetsmenn betydelig. Hans m\u00e5te \u00e5 styre p\u00e5 representerte avslutningen p\u00e5 en epokelig endring. I middelalderen var faktisk makten ekstremt fragmentert og de store f\u00f8ydalherrene opptr\u00e5dte effektivt som konger over sine territorier, mens suverene og keiseren bare hadde nominell kontroll. Ettersom \u00e5rhundrene gikk, styrket sentralmakten seg (til forskjellige tider og p\u00e5 forskjellige m\u00e5ter avhengig av land), noe som tillot <strong>statens f\u00f8dsel i sin moderne form<\/strong>. Ludvig XIV representerte kulminasjonen av denne prosessen.<\/p>\n<p>Hans regjeringstid var preget av viktige reformer. P\u00e5 det \u00f8konomiske omr\u00e5det, gjennom statsr\u00e5den <strong>Colbert<\/strong> fremmet en merkantilistisk politikk, rettet mot \u00e5 \u00f8ke statens inntekter s\u00e5 mye som mulig. I religionssp\u00f8rsm\u00e5l fors\u00f8kte han \u00e5 p\u00e5tvinge presteskapet kontroll over monarkiet, og kom dermed i konflikt med paved\u00f8mmet, men <strong>nektet protestanter tilbedelsesfrihet<\/strong>som opphever Ediktet av Nantes utstedt av Henry IV i 1598.<\/p>\n<div class=\"cp_wrapper cp_wrapper--fw mb-50\">\n<figure class=\"mm\"><picture class=\"img\" style=\"padding-top:139.35546875%\"><source  media=\"(min-width: 1024px)\"><source  media=\"(min-width: 768px)\"><img decoding=\"async\" loading=\"lazy\" src=\"https:\/\/nordnesrepublikken.no\/wp-content\/uploads\/2026\/09\/1788246244_113_Hvem-var-Ludvig-XIV-og-hvorfor-fikk-han-kallenavnet-solkongen.jpg\" alt=\"Det mest kjente portrettet av Louis XIV, av Hyacinthe Rigaud (Wikimedia Commons)\" width=\"1024\" height=\"1427\" class=\"js-seedtag-img\"\/><\/source><\/source><\/picture><\/figure>\n<\/p><\/div>\n<p>For \u00e5 forf\u00f8lge sine politiske m\u00e5l flyttet Ludvig XIV i 1682 <strong>domstolen ved slottet i Versailles<\/strong>som han selv hadde bygget. Ideen om \u00e5 flytte retten bort fra Paris svarte p\u00e5 behovet <strong>kontrollere adelen bedre<\/strong>som ble tvunget til \u00e5 flytte med ham, samt for \u00e5 unng\u00e5 risikoen for folkelige oppr\u00f8r fra pariserne.<\/p>\n<p>Ludvig XIV fors\u00f8kte ogs\u00e5 \u00e5 hevde Frankrikes makt i Europa. Han ledet flere kriger, inkludert <strong>devolusjonskrig <\/strong>i 1667-1668, den <strong>nederlandsk krig<\/strong> i perioden 1672-1678, skaffet seg kontroll over Franche-Comte og Flandern, og <strong>ni \u00e5rs krig<\/strong> mellom 1688 og 1697. Den siste konflikten han deltok i var den <strong>Den spanske arvef\u00f8lgekrigen<\/strong>som varte fra 1701 til 1714 og endte med et kompromiss. Totalt sett var Louis XIV bare delvis vellykket med \u00e5 realisere sine utenrikspolitiske m\u00e5l. Han d\u00f8de i Versailles i 1715.<\/p>\n<div class=\"cp_wrapper cp_wrapper--fw mb-50\">\n<figure class=\"mm\"><picture class=\"img\" style=\"padding-top:96.796875%\"><source  media=\"(min-width: 1024px)\"><source  media=\"(min-width: 768px)\"><img decoding=\"async\" loading=\"lazy\" src=\"https:\/\/nordnesrepublikken.no\/wp-content\/uploads\/2026\/09\/1788246244_570_Hvem-var-Ludvig-XIV-og-hvorfor-fikk-han-kallenavnet-solkongen.jpg\" alt=\"Territoriale oppkj\u00f8p av Louis XIV (kreditt Flying PC via Wikimedia Commons)\" width=\"1280\" height=\"1239\"\/><\/source><\/source><\/picture><\/figure>\n<\/p><\/div>\n<h2>Ludvig XIV blir solkongen: rekkef\u00f8lgen p\u00e5 navnet<\/h2>\n<p>Suverenen visste at for \u00e5 styre absolutt, m\u00e5tte han vise fram sin makt og storhet. En av de f\u00f8rste anledningene han gjorde dette var <strong>Stor karusell<\/strong>det storsl\u00e5tte opptoget arrangert av suverenen p\u00e5 Tuileriene 5. og 6. juni 1662 for \u00e5 feire f\u00f8dselen til hans f\u00f8rstef\u00f8dte. Senere brukte han solemblemet p\u00e5 mynter og forskjellige gjenstander, ofte sammen med mottoet <em><strong>Nec Pluribus Impar<\/strong><\/em>som bokstavelig talt betyr &laquo;Ikke d\u00e5rligere enn de fleste&raquo;. Meningen var at kongen, som Solen, var over alle.<\/p>\n<p>Dessuten er uttrykket &laquo;<strong><em>l&#8217;Etat c&#8217;est moi&raquo;<\/em><\/strong>&laquo;I am the State&raquo;, som perfekt forklarer hans begrep om absolutt makt (selv om det ikke er sikkert at kongen noen gang har uttalt det). Den franske suverenen <strong>han d\u00f8de 1. september 1715<\/strong> i Versailles, noen dager f\u00f8r fylte 77 \u00e5r, etter en regjeringstid p\u00e5 72 \u00e5r, den lengste i Europas historie. I de siste dagene av sitt liv led han mye, mottok de siste sakramentene og la presise instruksjoner for arven.<br \/>To kuriositeter:<br \/>1. <strong>Han ble ikke ansett som kjekk<\/strong>  i klassisk betydning av begrepet (kallenavnet til Sun King, som vi har sett, kom ikke fra hans ytre utseende), men han hadde en kongelig peiling og stor karisma, som kom fra hans makt.<\/p>\n<p>2. Som en mann av sin tid l\u00e5nte han ut <strong>lite oppmerksomhet til hygiene<\/strong> (som p\u00e5 det syttende \u00e5rhundre var veldig forskjellig fra i dag, ogs\u00e5 fordi metodene for overf\u00f8ring av sykdommer ikke var kjent). Tradisjonen har det slik gjennom hele sitt lange liv <strong>bare badet to ganger<\/strong>.<\/p>\n<div class=\"cp_wrapper  mb-50   \">\n<div class=\"cbx\">\n<div class=\"cbx__collection\">\n<p>Kilder<\/p>\n<div class=\"cbx__sources\">\n<p>Philip Mansel, verdens konge. Livet til Louis XIV, Mondadori, 2021<\/p>\n<p>Max Gallo, Louis XIV. Vol. I, Le Roi Soleil (1638-1682); Vol. II L&#8217;Hiver du grand roi (1683-1715), XO Editions, 2007<\/p>\n<\/p><\/div>\n<\/p><\/div>\n<\/p><\/div>\n<\/div><\/div>\n","protected":false},"excerpt":{"rendered":"<p>Ludvig XIV, konge av Frankrike fra 1643 til 1715f\u00f8dt i 1638 i Saint-Germain-en Laye og<\/p>\n","protected":false},"author":1,"featured_media":21672,"comment_status":"closed","ping_status":"open","sticky":false,"template":"","format":"standard","meta":{"footnotes":""},"categories":[104],"tags":[3510,74,7030,750,592,99,101,3010,793,14172,14175,6792,14174,117,100,14173],"class_list":["post-21671","post","type-post","status-publish","format-standard","has-post-thumbnail","hentry","category-samfunn","tag-absolutte","tag-den","tag-fikk","tag-frankrike","tag-han","tag-hvem","tag-hvorfor","tag-kallenavnet","tag-livet","tag-ludvig","tag-monarken","tag-regjeringen","tag-solkongen","tag-til","tag-var","tag-xiv","generate-columns","tablet-grid-50","mobile-grid-100","grid-parent","grid-33","resize-featured-image"],"yoast_head":"<!-- This site is optimized with the Yoast SEO plugin v24.4 - https:\/\/yoast.com\/wordpress\/plugins\/seo\/ -->\n<title>Hvem var Ludvig XIV og hvorfor fikk han kallenavnet solkongen: livet og regjeringen til den absolutte monarken i Frankrike - Nordnesrepublikken<\/title>\n<meta name=\"robots\" content=\"index, follow, max-snippet:-1, max-image-preview:large, max-video-preview:-1\" \/>\n<link rel=\"canonical\" href=\"https:\/\/nordnesrepublikken.no\/index.php\/2026\/09\/01\/hvem-var-ludvig-xiv-og-hvorfor-fikk-han-kallenavnet-solkongen-livet-og-regjeringen-til-den-absolutte-monarken-i-frankrike\/\" \/>\n<meta property=\"og:locale\" content=\"nb_NO\" \/>\n<meta property=\"og:type\" content=\"article\" \/>\n<meta property=\"og:title\" content=\"Hvem var Ludvig XIV og hvorfor fikk han kallenavnet solkongen: livet og regjeringen til den absolutte monarken i Frankrike - Nordnesrepublikken\" \/>\n<meta property=\"og:description\" content=\"Ludvig XIV, konge av Frankrike fra 1643 til 1715f\u00f8dt i 1638 i Saint-Germain-en Laye og\" \/>\n<meta property=\"og:url\" content=\"https:\/\/nordnesrepublikken.no\/index.php\/2026\/09\/01\/hvem-var-ludvig-xiv-og-hvorfor-fikk-han-kallenavnet-solkongen-livet-og-regjeringen-til-den-absolutte-monarken-i-frankrike\/\" \/>\n<meta property=\"og:site_name\" content=\"Nordnesrepublikken\" \/>\n<meta property=\"article:published_time\" content=\"2026-09-01T07:04:04+00:00\" \/>\n<meta property=\"article:modified_time\" content=\"2026-09-01T07:04:07+00:00\" \/>\n<meta property=\"og:image\" content=\"https:\/\/nordnesrepublikken.no\/wp-content\/uploads\/2026\/09\/1788246246_Hvem-var-Ludvig-XIV-og-hvorfor-fikk-han-kallenavnet-solkongen.jpg\" \/>\n\t<meta property=\"og:image:width\" content=\"1376\" \/>\n\t<meta property=\"og:image:height\" content=\"768\" \/>\n\t<meta property=\"og:image:type\" content=\"image\/jpeg\" \/>\n<meta name=\"author\" content=\"Ole Andersen\" \/>\n<meta name=\"twitter:card\" content=\"summary_large_image\" \/>\n<meta name=\"twitter:label1\" content=\"Skrevet av\" \/>\n\t<meta name=\"twitter:data1\" content=\"Ole Andersen\" \/>\n\t<meta name=\"twitter:label2\" content=\"Ansl. lesetid\" \/>\n\t<meta name=\"twitter:data2\" content=\"4 minutter\" \/>\n<script type=\"application\/ld+json\" class=\"yoast-schema-graph\">{\"@context\":\"https:\/\/schema.org\",\"@graph\":[{\"@type\":\"Article\",\"@id\":\"https:\/\/nordnesrepublikken.no\/index.php\/2026\/09\/01\/hvem-var-ludvig-xiv-og-hvorfor-fikk-han-kallenavnet-solkongen-livet-og-regjeringen-til-den-absolutte-monarken-i-frankrike\/#article\",\"isPartOf\":{\"@id\":\"https:\/\/nordnesrepublikken.no\/index.php\/2026\/09\/01\/hvem-var-ludvig-xiv-og-hvorfor-fikk-han-kallenavnet-solkongen-livet-og-regjeringen-til-den-absolutte-monarken-i-frankrike\/\"},\"author\":{\"name\":\"Ole Andersen\",\"@id\":\"https:\/\/nordnesrepublikken.no\/#\/schema\/person\/2e7e81935bab77882fffb79296240ff1\"},\"headline\":\"Hvem var Ludvig XIV og hvorfor fikk han kallenavnet solkongen: livet og regjeringen til den absolutte monarken i Frankrike\",\"datePublished\":\"2026-09-01T07:04:04+00:00\",\"dateModified\":\"2026-09-01T07:04:07+00:00\",\"mainEntityOfPage\":{\"@id\":\"https:\/\/nordnesrepublikken.no\/index.php\/2026\/09\/01\/hvem-var-ludvig-xiv-og-hvorfor-fikk-han-kallenavnet-solkongen-livet-og-regjeringen-til-den-absolutte-monarken-i-frankrike\/\"},\"wordCount\":822,\"publisher\":{\"@id\":\"https:\/\/nordnesrepublikken.no\/#organization\"},\"image\":{\"@id\":\"https:\/\/nordnesrepublikken.no\/index.php\/2026\/09\/01\/hvem-var-ludvig-xiv-og-hvorfor-fikk-han-kallenavnet-solkongen-livet-og-regjeringen-til-den-absolutte-monarken-i-frankrike\/#primaryimage\"},\"thumbnailUrl\":\"https:\/\/nordnesrepublikken.no\/wp-content\/uploads\/2026\/09\/1788246246_Hvem-var-Ludvig-XIV-og-hvorfor-fikk-han-kallenavnet-solkongen.jpg\",\"keywords\":[\"absolutte\",\"den\",\"fikk\",\"Frankrike\",\"Han\",\"Hvem\",\"hvorfor\",\"kallenavnet\",\"livet\",\"Ludvig\",\"monarken\",\"regjeringen\",\"solkongen\",\"til\",\"var\",\"XIV\"],\"articleSection\":[\"Samfunn\"],\"inLanguage\":\"nb-NO\"},{\"@type\":\"WebPage\",\"@id\":\"https:\/\/nordnesrepublikken.no\/index.php\/2026\/09\/01\/hvem-var-ludvig-xiv-og-hvorfor-fikk-han-kallenavnet-solkongen-livet-og-regjeringen-til-den-absolutte-monarken-i-frankrike\/\",\"url\":\"https:\/\/nordnesrepublikken.no\/index.php\/2026\/09\/01\/hvem-var-ludvig-xiv-og-hvorfor-fikk-han-kallenavnet-solkongen-livet-og-regjeringen-til-den-absolutte-monarken-i-frankrike\/\",\"name\":\"Hvem var Ludvig XIV og hvorfor fikk han kallenavnet solkongen: livet og regjeringen til den absolutte monarken i Frankrike - Nordnesrepublikken\",\"isPartOf\":{\"@id\":\"https:\/\/nordnesrepublikken.no\/#website\"},\"primaryImageOfPage\":{\"@id\":\"https:\/\/nordnesrepublikken.no\/index.php\/2026\/09\/01\/hvem-var-ludvig-xiv-og-hvorfor-fikk-han-kallenavnet-solkongen-livet-og-regjeringen-til-den-absolutte-monarken-i-frankrike\/#primaryimage\"},\"image\":{\"@id\":\"https:\/\/nordnesrepublikken.no\/index.php\/2026\/09\/01\/hvem-var-ludvig-xiv-og-hvorfor-fikk-han-kallenavnet-solkongen-livet-og-regjeringen-til-den-absolutte-monarken-i-frankrike\/#primaryimage\"},\"thumbnailUrl\":\"https:\/\/nordnesrepublikken.no\/wp-content\/uploads\/2026\/09\/1788246246_Hvem-var-Ludvig-XIV-og-hvorfor-fikk-han-kallenavnet-solkongen.jpg\",\"datePublished\":\"2026-09-01T07:04:04+00:00\",\"dateModified\":\"2026-09-01T07:04:07+00:00\",\"breadcrumb\":{\"@id\":\"https:\/\/nordnesrepublikken.no\/index.php\/2026\/09\/01\/hvem-var-ludvig-xiv-og-hvorfor-fikk-han-kallenavnet-solkongen-livet-og-regjeringen-til-den-absolutte-monarken-i-frankrike\/#breadcrumb\"},\"inLanguage\":\"nb-NO\",\"potentialAction\":[{\"@type\":\"ReadAction\",\"target\":[\"https:\/\/nordnesrepublikken.no\/index.php\/2026\/09\/01\/hvem-var-ludvig-xiv-og-hvorfor-fikk-han-kallenavnet-solkongen-livet-og-regjeringen-til-den-absolutte-monarken-i-frankrike\/\"]}]},{\"@type\":\"ImageObject\",\"inLanguage\":\"nb-NO\",\"@id\":\"https:\/\/nordnesrepublikken.no\/index.php\/2026\/09\/01\/hvem-var-ludvig-xiv-og-hvorfor-fikk-han-kallenavnet-solkongen-livet-og-regjeringen-til-den-absolutte-monarken-i-frankrike\/#primaryimage\",\"url\":\"https:\/\/nordnesrepublikken.no\/wp-content\/uploads\/2026\/09\/1788246246_Hvem-var-Ludvig-XIV-og-hvorfor-fikk-han-kallenavnet-solkongen.jpg\",\"contentUrl\":\"https:\/\/nordnesrepublikken.no\/wp-content\/uploads\/2026\/09\/1788246246_Hvem-var-Ludvig-XIV-og-hvorfor-fikk-han-kallenavnet-solkongen.jpg\",\"width\":1376,\"height\":768,\"caption\":\"Hvem var Ludvig XIV og hvorfor fikk han kallenavnet solkongen: livet og regjeringen til den absolutte monarken i Frankrike\"},{\"@type\":\"BreadcrumbList\",\"@id\":\"https:\/\/nordnesrepublikken.no\/index.php\/2026\/09\/01\/hvem-var-ludvig-xiv-og-hvorfor-fikk-han-kallenavnet-solkongen-livet-og-regjeringen-til-den-absolutte-monarken-i-frankrike\/#breadcrumb\",\"itemListElement\":[{\"@type\":\"ListItem\",\"position\":1,\"name\":\"Home\",\"item\":\"https:\/\/nordnesrepublikken.no\/\"},{\"@type\":\"ListItem\",\"position\":2,\"name\":\"Hvem var Ludvig XIV og hvorfor fikk han kallenavnet solkongen: livet og regjeringen til den absolutte monarken i Frankrike\"}]},{\"@type\":\"WebSite\",\"@id\":\"https:\/\/nordnesrepublikken.no\/#website\",\"url\":\"https:\/\/nordnesrepublikken.no\/\",\"name\":\"Nordnesrepublikken\",\"description\":\"Stemmer og Visjoner fra Republikkens Hjerte\",\"publisher\":{\"@id\":\"https:\/\/nordnesrepublikken.no\/#organization\"},\"potentialAction\":[{\"@type\":\"SearchAction\",\"target\":{\"@type\":\"EntryPoint\",\"urlTemplate\":\"https:\/\/nordnesrepublikken.no\/?s={search_term_string}\"},\"query-input\":{\"@type\":\"PropertyValueSpecification\",\"valueRequired\":true,\"valueName\":\"search_term_string\"}}],\"inLanguage\":\"nb-NO\"},{\"@type\":\"Organization\",\"@id\":\"https:\/\/nordnesrepublikken.no\/#organization\",\"name\":\"Nordnesrepublikken\",\"url\":\"https:\/\/nordnesrepublikken.no\/\",\"logo\":{\"@type\":\"ImageObject\",\"inLanguage\":\"nb-NO\",\"@id\":\"https:\/\/nordnesrepublikken.no\/#\/schema\/logo\/image\/\",\"url\":\"https:\/\/nordnesrepublikken.no\/wp-content\/uploads\/2025\/02\/cropped-nordnesrepublikken-2.png\",\"contentUrl\":\"https:\/\/nordnesrepublikken.no\/wp-content\/uploads\/2025\/02\/cropped-nordnesrepublikken-2.png\",\"width\":1248,\"height\":362,\"caption\":\"Nordnesrepublikken\"},\"image\":{\"@id\":\"https:\/\/nordnesrepublikken.no\/#\/schema\/logo\/image\/\"}},{\"@type\":\"Person\",\"@id\":\"https:\/\/nordnesrepublikken.no\/#\/schema\/person\/2e7e81935bab77882fffb79296240ff1\",\"name\":\"Ole Andersen\",\"image\":{\"@type\":\"ImageObject\",\"inLanguage\":\"nb-NO\",\"@id\":\"https:\/\/nordnesrepublikken.no\/#\/schema\/person\/image\/\",\"url\":\"https:\/\/nordnesrepublikken.no\/wp-content\/uploads\/2025\/02\/nordnesrepublikken-2-2-150x150.jpg\",\"contentUrl\":\"https:\/\/nordnesrepublikken.no\/wp-content\/uploads\/2025\/02\/nordnesrepublikken-2-2-150x150.jpg\",\"caption\":\"Ole Andersen\"},\"description\":\"Ettersom jeg vokste opp i Oslo, har jeg alltid v\u00e6rt fascinert av ordenes kraft og deres evne til \u00e5 skape endringer. Etter \u00e5 ha fullf\u00f8rt min utdannelse i kommunikasjon ved Universitetet i Bergen, fikk jeg muligheten til \u00e5 jobbe innen ulike medier, der jeg har s\u00f8kt \u00e5 belyse viktige samfunnssp\u00f8rsm\u00e5l. I dag, som redakt\u00f8r for Nordnesrepublikken, pr\u00f8ver jeg \u00e5 forene min kj\u00e6rlighet for journalistikk med min lidenskap for innovasjon og eventyr.\",\"sameAs\":[\"https:\/\/nordnesrepublikken.no\/\"]}]}<\/script>\n<!-- \/ Yoast SEO plugin. -->","yoast_head_json":{"title":"Hvem var Ludvig XIV og hvorfor fikk han kallenavnet solkongen: livet og regjeringen til den absolutte monarken i Frankrike - Nordnesrepublikken","robots":{"index":"index","follow":"follow","max-snippet":"max-snippet:-1","max-image-preview":"max-image-preview:large","max-video-preview":"max-video-preview:-1"},"canonical":"https:\/\/nordnesrepublikken.no\/index.php\/2026\/09\/01\/hvem-var-ludvig-xiv-og-hvorfor-fikk-han-kallenavnet-solkongen-livet-og-regjeringen-til-den-absolutte-monarken-i-frankrike\/","og_locale":"nb_NO","og_type":"article","og_title":"Hvem var Ludvig XIV og hvorfor fikk han kallenavnet solkongen: livet og regjeringen til den absolutte monarken i Frankrike - Nordnesrepublikken","og_description":"Ludvig XIV, konge av Frankrike fra 1643 til 1715f\u00f8dt i 1638 i Saint-Germain-en Laye og","og_url":"https:\/\/nordnesrepublikken.no\/index.php\/2026\/09\/01\/hvem-var-ludvig-xiv-og-hvorfor-fikk-han-kallenavnet-solkongen-livet-og-regjeringen-til-den-absolutte-monarken-i-frankrike\/","og_site_name":"Nordnesrepublikken","article_published_time":"2026-09-01T07:04:04+00:00","article_modified_time":"2026-09-01T07:04:07+00:00","og_image":[{"width":1376,"height":768,"url":"https:\/\/nordnesrepublikken.no\/wp-content\/uploads\/2026\/09\/1788246246_Hvem-var-Ludvig-XIV-og-hvorfor-fikk-han-kallenavnet-solkongen.jpg","type":"image\/jpeg"}],"author":"Ole Andersen","twitter_card":"summary_large_image","twitter_misc":{"Skrevet av":"Ole Andersen","Ansl. lesetid":"4 minutter"},"schema":{"@context":"https:\/\/schema.org","@graph":[{"@type":"Article","@id":"https:\/\/nordnesrepublikken.no\/index.php\/2026\/09\/01\/hvem-var-ludvig-xiv-og-hvorfor-fikk-han-kallenavnet-solkongen-livet-og-regjeringen-til-den-absolutte-monarken-i-frankrike\/#article","isPartOf":{"@id":"https:\/\/nordnesrepublikken.no\/index.php\/2026\/09\/01\/hvem-var-ludvig-xiv-og-hvorfor-fikk-han-kallenavnet-solkongen-livet-og-regjeringen-til-den-absolutte-monarken-i-frankrike\/"},"author":{"name":"Ole Andersen","@id":"https:\/\/nordnesrepublikken.no\/#\/schema\/person\/2e7e81935bab77882fffb79296240ff1"},"headline":"Hvem var Ludvig XIV og hvorfor fikk han kallenavnet solkongen: livet og regjeringen til den absolutte monarken i Frankrike","datePublished":"2026-09-01T07:04:04+00:00","dateModified":"2026-09-01T07:04:07+00:00","mainEntityOfPage":{"@id":"https:\/\/nordnesrepublikken.no\/index.php\/2026\/09\/01\/hvem-var-ludvig-xiv-og-hvorfor-fikk-han-kallenavnet-solkongen-livet-og-regjeringen-til-den-absolutte-monarken-i-frankrike\/"},"wordCount":822,"publisher":{"@id":"https:\/\/nordnesrepublikken.no\/#organization"},"image":{"@id":"https:\/\/nordnesrepublikken.no\/index.php\/2026\/09\/01\/hvem-var-ludvig-xiv-og-hvorfor-fikk-han-kallenavnet-solkongen-livet-og-regjeringen-til-den-absolutte-monarken-i-frankrike\/#primaryimage"},"thumbnailUrl":"https:\/\/nordnesrepublikken.no\/wp-content\/uploads\/2026\/09\/1788246246_Hvem-var-Ludvig-XIV-og-hvorfor-fikk-han-kallenavnet-solkongen.jpg","keywords":["absolutte","den","fikk","Frankrike","Han","Hvem","hvorfor","kallenavnet","livet","Ludvig","monarken","regjeringen","solkongen","til","var","XIV"],"articleSection":["Samfunn"],"inLanguage":"nb-NO"},{"@type":"WebPage","@id":"https:\/\/nordnesrepublikken.no\/index.php\/2026\/09\/01\/hvem-var-ludvig-xiv-og-hvorfor-fikk-han-kallenavnet-solkongen-livet-og-regjeringen-til-den-absolutte-monarken-i-frankrike\/","url":"https:\/\/nordnesrepublikken.no\/index.php\/2026\/09\/01\/hvem-var-ludvig-xiv-og-hvorfor-fikk-han-kallenavnet-solkongen-livet-og-regjeringen-til-den-absolutte-monarken-i-frankrike\/","name":"Hvem var Ludvig XIV og hvorfor fikk han kallenavnet solkongen: livet og regjeringen til den absolutte monarken i Frankrike - Nordnesrepublikken","isPartOf":{"@id":"https:\/\/nordnesrepublikken.no\/#website"},"primaryImageOfPage":{"@id":"https:\/\/nordnesrepublikken.no\/index.php\/2026\/09\/01\/hvem-var-ludvig-xiv-og-hvorfor-fikk-han-kallenavnet-solkongen-livet-og-regjeringen-til-den-absolutte-monarken-i-frankrike\/#primaryimage"},"image":{"@id":"https:\/\/nordnesrepublikken.no\/index.php\/2026\/09\/01\/hvem-var-ludvig-xiv-og-hvorfor-fikk-han-kallenavnet-solkongen-livet-og-regjeringen-til-den-absolutte-monarken-i-frankrike\/#primaryimage"},"thumbnailUrl":"https:\/\/nordnesrepublikken.no\/wp-content\/uploads\/2026\/09\/1788246246_Hvem-var-Ludvig-XIV-og-hvorfor-fikk-han-kallenavnet-solkongen.jpg","datePublished":"2026-09-01T07:04:04+00:00","dateModified":"2026-09-01T07:04:07+00:00","breadcrumb":{"@id":"https:\/\/nordnesrepublikken.no\/index.php\/2026\/09\/01\/hvem-var-ludvig-xiv-og-hvorfor-fikk-han-kallenavnet-solkongen-livet-og-regjeringen-til-den-absolutte-monarken-i-frankrike\/#breadcrumb"},"inLanguage":"nb-NO","potentialAction":[{"@type":"ReadAction","target":["https:\/\/nordnesrepublikken.no\/index.php\/2026\/09\/01\/hvem-var-ludvig-xiv-og-hvorfor-fikk-han-kallenavnet-solkongen-livet-og-regjeringen-til-den-absolutte-monarken-i-frankrike\/"]}]},{"@type":"ImageObject","inLanguage":"nb-NO","@id":"https:\/\/nordnesrepublikken.no\/index.php\/2026\/09\/01\/hvem-var-ludvig-xiv-og-hvorfor-fikk-han-kallenavnet-solkongen-livet-og-regjeringen-til-den-absolutte-monarken-i-frankrike\/#primaryimage","url":"https:\/\/nordnesrepublikken.no\/wp-content\/uploads\/2026\/09\/1788246246_Hvem-var-Ludvig-XIV-og-hvorfor-fikk-han-kallenavnet-solkongen.jpg","contentUrl":"https:\/\/nordnesrepublikken.no\/wp-content\/uploads\/2026\/09\/1788246246_Hvem-var-Ludvig-XIV-og-hvorfor-fikk-han-kallenavnet-solkongen.jpg","width":1376,"height":768,"caption":"Hvem var Ludvig XIV og hvorfor fikk han kallenavnet solkongen: livet og regjeringen til den absolutte monarken i Frankrike"},{"@type":"BreadcrumbList","@id":"https:\/\/nordnesrepublikken.no\/index.php\/2026\/09\/01\/hvem-var-ludvig-xiv-og-hvorfor-fikk-han-kallenavnet-solkongen-livet-og-regjeringen-til-den-absolutte-monarken-i-frankrike\/#breadcrumb","itemListElement":[{"@type":"ListItem","position":1,"name":"Home","item":"https:\/\/nordnesrepublikken.no\/"},{"@type":"ListItem","position":2,"name":"Hvem var Ludvig XIV og hvorfor fikk han kallenavnet solkongen: livet og regjeringen til den absolutte monarken i Frankrike"}]},{"@type":"WebSite","@id":"https:\/\/nordnesrepublikken.no\/#website","url":"https:\/\/nordnesrepublikken.no\/","name":"Nordnesrepublikken","description":"Stemmer og Visjoner fra Republikkens Hjerte","publisher":{"@id":"https:\/\/nordnesrepublikken.no\/#organization"},"potentialAction":[{"@type":"SearchAction","target":{"@type":"EntryPoint","urlTemplate":"https:\/\/nordnesrepublikken.no\/?s={search_term_string}"},"query-input":{"@type":"PropertyValueSpecification","valueRequired":true,"valueName":"search_term_string"}}],"inLanguage":"nb-NO"},{"@type":"Organization","@id":"https:\/\/nordnesrepublikken.no\/#organization","name":"Nordnesrepublikken","url":"https:\/\/nordnesrepublikken.no\/","logo":{"@type":"ImageObject","inLanguage":"nb-NO","@id":"https:\/\/nordnesrepublikken.no\/#\/schema\/logo\/image\/","url":"https:\/\/nordnesrepublikken.no\/wp-content\/uploads\/2025\/02\/cropped-nordnesrepublikken-2.png","contentUrl":"https:\/\/nordnesrepublikken.no\/wp-content\/uploads\/2025\/02\/cropped-nordnesrepublikken-2.png","width":1248,"height":362,"caption":"Nordnesrepublikken"},"image":{"@id":"https:\/\/nordnesrepublikken.no\/#\/schema\/logo\/image\/"}},{"@type":"Person","@id":"https:\/\/nordnesrepublikken.no\/#\/schema\/person\/2e7e81935bab77882fffb79296240ff1","name":"Ole Andersen","image":{"@type":"ImageObject","inLanguage":"nb-NO","@id":"https:\/\/nordnesrepublikken.no\/#\/schema\/person\/image\/","url":"https:\/\/nordnesrepublikken.no\/wp-content\/uploads\/2025\/02\/nordnesrepublikken-2-2-150x150.jpg","contentUrl":"https:\/\/nordnesrepublikken.no\/wp-content\/uploads\/2025\/02\/nordnesrepublikken-2-2-150x150.jpg","caption":"Ole Andersen"},"description":"Ettersom jeg vokste opp i Oslo, har jeg alltid v\u00e6rt fascinert av ordenes kraft og deres evne til \u00e5 skape endringer. Etter \u00e5 ha fullf\u00f8rt min utdannelse i kommunikasjon ved Universitetet i Bergen, fikk jeg muligheten til \u00e5 jobbe innen ulike medier, der jeg har s\u00f8kt \u00e5 belyse viktige samfunnssp\u00f8rsm\u00e5l. I dag, som redakt\u00f8r for Nordnesrepublikken, pr\u00f8ver jeg \u00e5 forene min kj\u00e6rlighet for journalistikk med min lidenskap for innovasjon og eventyr.","sameAs":["https:\/\/nordnesrepublikken.no\/"]}]}},"_links":{"self":[{"href":"https:\/\/nordnesrepublikken.no\/index.php\/wp-json\/wp\/v2\/posts\/21671","targetHints":{"allow":["GET"]}}],"collection":[{"href":"https:\/\/nordnesrepublikken.no\/index.php\/wp-json\/wp\/v2\/posts"}],"about":[{"href":"https:\/\/nordnesrepublikken.no\/index.php\/wp-json\/wp\/v2\/types\/post"}],"author":[{"embeddable":true,"href":"https:\/\/nordnesrepublikken.no\/index.php\/wp-json\/wp\/v2\/users\/1"}],"replies":[{"embeddable":true,"href":"https:\/\/nordnesrepublikken.no\/index.php\/wp-json\/wp\/v2\/comments?post=21671"}],"version-history":[{"count":1,"href":"https:\/\/nordnesrepublikken.no\/index.php\/wp-json\/wp\/v2\/posts\/21671\/revisions"}],"predecessor-version":[{"id":21673,"href":"https:\/\/nordnesrepublikken.no\/index.php\/wp-json\/wp\/v2\/posts\/21671\/revisions\/21673"}],"wp:featuredmedia":[{"embeddable":true,"href":"https:\/\/nordnesrepublikken.no\/index.php\/wp-json\/wp\/v2\/media\/21672"}],"wp:attachment":[{"href":"https:\/\/nordnesrepublikken.no\/index.php\/wp-json\/wp\/v2\/media?parent=21671"}],"wp:term":[{"taxonomy":"category","embeddable":true,"href":"https:\/\/nordnesrepublikken.no\/index.php\/wp-json\/wp\/v2\/categories?post=21671"},{"taxonomy":"post_tag","embeddable":true,"href":"https:\/\/nordnesrepublikken.no\/index.php\/wp-json\/wp\/v2\/tags?post=21671"}],"curies":[{"name":"wp","href":"https:\/\/api.w.org\/{rel}","templated":true}]}}