{"id":21668,"date":"2026-09-01T05:02:54","date_gmt":"2026-09-01T03:02:54","guid":{"rendered":"https:\/\/nordnesrepublikken.no\/index.php\/2026\/09\/01\/flom-ved-grand-canyon-evakuert-og-savnet-hva-er-en-flom-og-mulige-arsaker\/"},"modified":"2026-09-01T05:03:08","modified_gmt":"2026-09-01T03:03:08","slug":"flom-ved-grand-canyon-evakuert-og-savnet-hva-er-en-flom-og-mulige-arsaker","status":"publish","type":"post","link":"https:\/\/nordnesrepublikken.no\/index.php\/2026\/09\/01\/flom-ved-grand-canyon-evakuert-og-savnet-hva-er-en-flom-og-mulige-arsaker\/","title":{"rendered":"Flom ved Grand Canyon, evakuert og savnet: hva er en flom og mulige \u00e5rsaker"},"content":{"rendered":"<div>\n<div class=\"cp_wrapper cp_wrapper--fw mb-30 mb-20@tablet\">\n<figure class=\"mm\"><picture class=\"img\" style=\"padding-top:56.25%\"><source  media=\"(min-width: 1024px)\"><source  media=\"(min-width: 768px)\"><\/source><\/source><\/picture><\/figure>\n<\/p><\/div>\n<p>En voldelig en <strong>flom<\/strong> (<em>flom<\/em> p\u00e5 engelsk) ja <strong>skutt ned over Grand Canyon<\/strong>overveldende omr\u00e5det av <strong>Phantom Ranch<\/strong> og den <strong>Bright Angel Canyon<\/strong>i hjertet av den amerikanske nasjonalparken. If\u00f8lge den siste bompengeren har minst \u00e9n person mistet livet (en 46 \u00e5r gammel mann), rundt 15 er savnet eller kan ikke spores, mens 62 personer er evakuert fra omr\u00e5det, noen med fly.<\/p>\n<p>Flommen begynte sist 29. august rundt klokken 14.30 (lokal tid), med <strong>flomb\u00f8lgen<\/strong> som \u00f8dela ulike infrastrukturer og alle broene i <strong>Bright Angel Creek. <\/strong>Grand Canyon National Park-personell fortsetter evakuerings- og redningsoperasjoner, i koordinering med Arizona Department of Public Safety, med m\u00e5l om <strong>spore folk<\/strong> som kan ha g\u00e5tt gjennom omr\u00e5det som er mest ber\u00f8rt av regnet. I mellomtiden vil hotellfasiliteter med overnatting v\u00e6re stengt fra og med i dag, 31. august.<\/p>\n<h2>De mulige \u00e5rsakene til den voldsomme flommen<\/h2>\n<p>Arrangementet begynte kl <strong>ettermiddag 29. august<\/strong>rundt 14.30 lokal tid (23.30 i Italia), n\u00e5r <strong>en flomb\u00f8lge<\/strong> den traff Bright Angel Canyon og Phantom Ranch-omr\u00e5det, det laveste og mest avsidesliggende punktet i parken, hvor det er noen sovesaler og hytter som ofte brukes av de som drar p\u00e5 rafting langs elven. Som rapportert p\u00e5 den offisielle siden til nasjonalparken, var kraften til vannet slik at <strong>\u00f8delegge nesten alle broene <\/strong>fotgjengere som krysser <strong>Bright Angel Creek<\/strong>og eliminerer effektivt muligheten for turg\u00e5ere \u00e5 krysse bekken.<\/p>\n<p>I mellomtiden fortsetter ansatte i Grand Canyon National Park \u00e5 vurdere skader p\u00e5 stier, broer, verkt\u00f8y, strukturer og annen infrastruktur: Colorado River er for \u00f8yeblikket stengt for elvenavigasjon inntil videre p\u00e5 grunn av metallstrukturer og rusk som har skylt inn i den. Fra klokken 12.00 i dag, 31. august, vil myndighetene innf\u00f8re restriksjoner <strong>vannrestriksjoner<\/strong> niv\u00e5 4 p\u00e5 South Rim. Flommen for\u00e5rsaket faktisk <strong>omfattende skader p\u00e5 infrastruktur<\/strong> i den indre delen av canyonen, inkludert<strong> Transcanyon-akvedukten<\/strong>som forsyner parken med vann. Akvedukten er for tiden ikke operativ, og etterlater parken med <strong>begrensede vannreserver<\/strong> og gj\u00f8re vannbesparende tiltak n\u00f8dvendig for \u00e5 sikre vanntilgjengelighet.<\/p>\n<p>Men hvorfor er Grand Canyon s\u00e5 s\u00e5rbar for denne typen fenomener? Svaret ligger i dens natur. Forsker Tom Martin, som har studert og utforsket canyonen i 50 \u00e5r, forklarte at oversv\u00f8mmelser er en del av Grand Canyon: Canyons klipper og bratte skr\u00e5ninger, sammen med \u00f8rkenlandskapet, gj\u00f8r at regn raskt renner nedstr\u00f8ms i stedet for \u00e5 sive ned i bakken.<\/p>\n<p>Som p\u00e5pekt av Martin, i Grand Canyon, en nedb\u00f8rakkumulering<strong> ca. 25 mm p\u00e5 30 minutter<\/strong>som skjedde, representerer en <strong>tiendedel av \u00e5rsnedb\u00f8ren<\/strong>: hvis det ber\u00f8rte omr\u00e5det allerede har blitt rammet av en brann (som derfor har \u00f8delagt tr\u00e6r og vegetasjon som er i stand til \u00e5 holde p\u00e5 fuktigheten), risikerer regnet \u00e5 vaske jorda bort langs skr\u00e5ningen. Eksperten fremhevet imidlertid at oversv\u00f8mmelser, selv om de er hyppige, sjelden involverer mennesker direkte.<\/p>\n<p>Den meteorologiske konteksten bidro til \u00e5 gj\u00f8re situasjonen enda mer kritisk: National Weather Service hadde faktisk sendt ut en advarsel <strong>Flomvakt<\/strong> (en mulig flomvarsel) gyldig for hele det nordlige og sentrale Arizona til og med mandag kveld. I f\u00f8lge bulletinen ble tordenv\u00e6r drevet av <strong>dyp monsunfuktighet<\/strong> utviklet p\u00e5 allerede mettet jord i flere omr\u00e5der, og beholdt <strong>fare for oversv\u00f8mmelser<\/strong> i bekker, normalt t\u00f8rre elveleier og trange kl\u00f8fter.<\/p>\n<h2>Egenskapene til en flom og hvorfor den er farlig<\/h2>\n<p>For \u00e5 virkelig forst\u00e5 denne hendelsen er det best \u00e5 ta et skritt tilbake og forst\u00e5 den sanne omfanget av en flom. Som rapportert av Civil Protection, flash flom er <strong>plutselige hydrologiske hendelser<\/strong> hvor store mengder vann konsentreres p\u00e5 kort tid i sm\u00e5 omr\u00e5der. De er derfor ikke de klassiske flommene som vokser gradvis, men raske og plutselige fenomener og det er nettopp denne hurtigheten som gj\u00f8r dem lumske. Om sommeren er de spesielt farlige, fordi de oppst\u00e5r under korte, men intense stormer p\u00e5 jord svekket av t\u00f8rke, og forblir en ofte undervurdert risiko.<\/p>\n<p>Sivilbeskyttelsen understreker at det generelt er behov for flere faktorer for at en flom skal oppst\u00e5: den f\u00f8rste er at <strong>intenst regn<\/strong>vanligvis over 50 millimeter p\u00e5 en enkelt time. Det andre er <strong>et lite vannoppsamlingsomr\u00e5de<\/strong> men kompakt, mens den tredje er en <strong>jord som ikke kan absorbere vann<\/strong>fordi t\u00f8rr, vanntett eller allerede mettet.<\/p>\n<p>I tillegg til disse kommer ogs\u00e5 de orografiske forholdene som formidler vannet, som trange daler og vannskiller. N\u00e5r disse faktorene kombineres, str\u00f8mmer vannet raskt til de laveste punktene og dannes <strong>flomb\u00f8lger<\/strong> som varer noen minutter, men har stor kraft. De mest utsatte omr\u00e5dene er nettopp der <strong>trange og bratt skr\u00e5nende daler, <\/strong>samt de mindre bekkene og \u00e5rstidsgr\u00f8ftene, det vil si akkurat den typen milj\u00f8 som kjennetegner en canyon.<\/p>\n<p>Faren for disse fenomenene ligger ogs\u00e5 i en motintuitiv detalj: det kan regne i ett omr\u00e5de og flomme i et annet, hvis bassenget er vanntett. EN <strong>t\u00f8rr str\u00f8m, derfor,<\/strong> det kan bli d\u00f8delig i l\u00f8pet av minutter. En b\u00f8lge av <em>flom<\/em>faktisk kan n\u00e5 en vei inn <strong>10-20 minutter<\/strong> siden det kraftige regnet starter og dette <strong>det gir ikke tid<\/strong> for organiserte evakueringer. Men faren er fremfor alt knyttet til kraften til vannet: <strong>15-20 cm vann<\/strong> i rask bevegelse er nok til \u00e5 f\u00e5 en voksen til \u00e5 falle, <strong>30-50 cm<\/strong> de drar en bil og <strong>1 meter<\/strong> overvelder tunge kj\u00f8ret\u00f8y.<\/p>\n<p>I Italia var noen av de mest katastrofale oversv\u00f8mmelsene de som ble registrert i Marche i 2022 og i Emilia-Romagna i 2023, med mange skader og flere ofre.<\/p>\n<\/p><\/div>\n","protected":false},"excerpt":{"rendered":"<p>En voldelig en flom (flom p\u00e5 engelsk) ja skutt ned over Grand Canyonoverveldende omr\u00e5det av<\/p>\n","protected":false},"author":1,"featured_media":21669,"comment_status":"closed","ping_status":"open","sticky":false,"template":"","format":"standard","meta":{"footnotes":""},"categories":[24],"tags":[621,1781,5730,4319,1780,144,253,4202,231],"class_list":["post-21668","post","type-post","status-publish","format-standard","has-post-thumbnail","hentry","category-vitenskap","tag-arsaker","tag-canyon","tag-evakuert","tag-flom","tag-grand","tag-hva","tag-mulige","tag-savnet","tag-ved","generate-columns","tablet-grid-50","mobile-grid-100","grid-parent","grid-33","resize-featured-image"],"yoast_head":"<!-- This site is optimized with the Yoast SEO plugin v24.4 - https:\/\/yoast.com\/wordpress\/plugins\/seo\/ -->\n<title>Flom ved Grand Canyon, evakuert og savnet: hva er en flom og mulige \u00e5rsaker - Nordnesrepublikken<\/title>\n<meta name=\"robots\" content=\"index, follow, max-snippet:-1, max-image-preview:large, max-video-preview:-1\" \/>\n<link rel=\"canonical\" href=\"https:\/\/nordnesrepublikken.no\/index.php\/2026\/09\/01\/flom-ved-grand-canyon-evakuert-og-savnet-hva-er-en-flom-og-mulige-arsaker\/\" \/>\n<meta property=\"og:locale\" content=\"nb_NO\" \/>\n<meta property=\"og:type\" content=\"article\" \/>\n<meta property=\"og:title\" content=\"Flom ved Grand Canyon, evakuert og savnet: hva er en flom og mulige \u00e5rsaker - Nordnesrepublikken\" \/>\n<meta property=\"og:description\" content=\"En voldelig en flom (flom p\u00e5 engelsk) ja skutt ned over Grand Canyonoverveldende omr\u00e5det av\" \/>\n<meta property=\"og:url\" content=\"https:\/\/nordnesrepublikken.no\/index.php\/2026\/09\/01\/flom-ved-grand-canyon-evakuert-og-savnet-hva-er-en-flom-og-mulige-arsaker\/\" \/>\n<meta property=\"og:site_name\" content=\"Nordnesrepublikken\" \/>\n<meta property=\"article:published_time\" content=\"2026-09-01T03:02:54+00:00\" \/>\n<meta property=\"article:modified_time\" content=\"2026-09-01T03:03:08+00:00\" \/>\n<meta property=\"og:image\" content=\"https:\/\/nordnesrepublikken.no\/wp-content\/uploads\/2026\/09\/1788231776_Flom-ved-Grand-Canyon-evakuert-og-savnet-hva-er-en-scaled.jpeg\" \/>\n\t<meta property=\"og:image:width\" content=\"2560\" \/>\n\t<meta property=\"og:image:height\" content=\"1920\" \/>\n\t<meta property=\"og:image:type\" content=\"image\/jpeg\" \/>\n<meta name=\"author\" content=\"Ole Andersen\" \/>\n<meta name=\"twitter:card\" content=\"summary_large_image\" \/>\n<meta name=\"twitter:label1\" content=\"Skrevet av\" \/>\n\t<meta name=\"twitter:data1\" content=\"Ole Andersen\" \/>\n\t<meta name=\"twitter:label2\" content=\"Ansl. lesetid\" \/>\n\t<meta name=\"twitter:data2\" content=\"4 minutter\" \/>\n<script type=\"application\/ld+json\" class=\"yoast-schema-graph\">{\"@context\":\"https:\/\/schema.org\",\"@graph\":[{\"@type\":\"Article\",\"@id\":\"https:\/\/nordnesrepublikken.no\/index.php\/2026\/09\/01\/flom-ved-grand-canyon-evakuert-og-savnet-hva-er-en-flom-og-mulige-arsaker\/#article\",\"isPartOf\":{\"@id\":\"https:\/\/nordnesrepublikken.no\/index.php\/2026\/09\/01\/flom-ved-grand-canyon-evakuert-og-savnet-hva-er-en-flom-og-mulige-arsaker\/\"},\"author\":{\"name\":\"Ole Andersen\",\"@id\":\"https:\/\/nordnesrepublikken.no\/#\/schema\/person\/2e7e81935bab77882fffb79296240ff1\"},\"headline\":\"Flom ved Grand Canyon, evakuert og savnet: hva er en flom og mulige \u00e5rsaker\",\"datePublished\":\"2026-09-01T03:02:54+00:00\",\"dateModified\":\"2026-09-01T03:03:08+00:00\",\"mainEntityOfPage\":{\"@id\":\"https:\/\/nordnesrepublikken.no\/index.php\/2026\/09\/01\/flom-ved-grand-canyon-evakuert-og-savnet-hva-er-en-flom-og-mulige-arsaker\/\"},\"wordCount\":910,\"publisher\":{\"@id\":\"https:\/\/nordnesrepublikken.no\/#organization\"},\"image\":{\"@id\":\"https:\/\/nordnesrepublikken.no\/index.php\/2026\/09\/01\/flom-ved-grand-canyon-evakuert-og-savnet-hva-er-en-flom-og-mulige-arsaker\/#primaryimage\"},\"thumbnailUrl\":\"https:\/\/nordnesrepublikken.no\/wp-content\/uploads\/2026\/09\/1788231776_Flom-ved-Grand-Canyon-evakuert-og-savnet-hva-er-en-scaled.jpeg\",\"keywords\":[\"\u00e5rsaker\",\"Canyon\",\"evakuert\",\"Flom\",\"Grand\",\"Hva\",\"mulige\",\"savnet\",\"ved\"],\"articleSection\":[\"Vitenskap\"],\"inLanguage\":\"nb-NO\"},{\"@type\":\"WebPage\",\"@id\":\"https:\/\/nordnesrepublikken.no\/index.php\/2026\/09\/01\/flom-ved-grand-canyon-evakuert-og-savnet-hva-er-en-flom-og-mulige-arsaker\/\",\"url\":\"https:\/\/nordnesrepublikken.no\/index.php\/2026\/09\/01\/flom-ved-grand-canyon-evakuert-og-savnet-hva-er-en-flom-og-mulige-arsaker\/\",\"name\":\"Flom ved Grand Canyon, evakuert og savnet: hva er en flom og mulige \u00e5rsaker - Nordnesrepublikken\",\"isPartOf\":{\"@id\":\"https:\/\/nordnesrepublikken.no\/#website\"},\"primaryImageOfPage\":{\"@id\":\"https:\/\/nordnesrepublikken.no\/index.php\/2026\/09\/01\/flom-ved-grand-canyon-evakuert-og-savnet-hva-er-en-flom-og-mulige-arsaker\/#primaryimage\"},\"image\":{\"@id\":\"https:\/\/nordnesrepublikken.no\/index.php\/2026\/09\/01\/flom-ved-grand-canyon-evakuert-og-savnet-hva-er-en-flom-og-mulige-arsaker\/#primaryimage\"},\"thumbnailUrl\":\"https:\/\/nordnesrepublikken.no\/wp-content\/uploads\/2026\/09\/1788231776_Flom-ved-Grand-Canyon-evakuert-og-savnet-hva-er-en-scaled.jpeg\",\"datePublished\":\"2026-09-01T03:02:54+00:00\",\"dateModified\":\"2026-09-01T03:03:08+00:00\",\"breadcrumb\":{\"@id\":\"https:\/\/nordnesrepublikken.no\/index.php\/2026\/09\/01\/flom-ved-grand-canyon-evakuert-og-savnet-hva-er-en-flom-og-mulige-arsaker\/#breadcrumb\"},\"inLanguage\":\"nb-NO\",\"potentialAction\":[{\"@type\":\"ReadAction\",\"target\":[\"https:\/\/nordnesrepublikken.no\/index.php\/2026\/09\/01\/flom-ved-grand-canyon-evakuert-og-savnet-hva-er-en-flom-og-mulige-arsaker\/\"]}]},{\"@type\":\"ImageObject\",\"inLanguage\":\"nb-NO\",\"@id\":\"https:\/\/nordnesrepublikken.no\/index.php\/2026\/09\/01\/flom-ved-grand-canyon-evakuert-og-savnet-hva-er-en-flom-og-mulige-arsaker\/#primaryimage\",\"url\":\"https:\/\/nordnesrepublikken.no\/wp-content\/uploads\/2026\/09\/1788231776_Flom-ved-Grand-Canyon-evakuert-og-savnet-hva-er-en-scaled.jpeg\",\"contentUrl\":\"https:\/\/nordnesrepublikken.no\/wp-content\/uploads\/2026\/09\/1788231776_Flom-ved-Grand-Canyon-evakuert-og-savnet-hva-er-en-scaled.jpeg\",\"width\":2560,\"height\":1920,\"caption\":\"Flom ved Grand Canyon, evakuert og savnet: hva er en flom og mulige \u00e5rsaker\"},{\"@type\":\"BreadcrumbList\",\"@id\":\"https:\/\/nordnesrepublikken.no\/index.php\/2026\/09\/01\/flom-ved-grand-canyon-evakuert-og-savnet-hva-er-en-flom-og-mulige-arsaker\/#breadcrumb\",\"itemListElement\":[{\"@type\":\"ListItem\",\"position\":1,\"name\":\"Home\",\"item\":\"https:\/\/nordnesrepublikken.no\/\"},{\"@type\":\"ListItem\",\"position\":2,\"name\":\"Flom ved Grand Canyon, evakuert og savnet: hva er en flom og mulige \u00e5rsaker\"}]},{\"@type\":\"WebSite\",\"@id\":\"https:\/\/nordnesrepublikken.no\/#website\",\"url\":\"https:\/\/nordnesrepublikken.no\/\",\"name\":\"Nordnesrepublikken\",\"description\":\"Stemmer og Visjoner fra Republikkens Hjerte\",\"publisher\":{\"@id\":\"https:\/\/nordnesrepublikken.no\/#organization\"},\"potentialAction\":[{\"@type\":\"SearchAction\",\"target\":{\"@type\":\"EntryPoint\",\"urlTemplate\":\"https:\/\/nordnesrepublikken.no\/?s={search_term_string}\"},\"query-input\":{\"@type\":\"PropertyValueSpecification\",\"valueRequired\":true,\"valueName\":\"search_term_string\"}}],\"inLanguage\":\"nb-NO\"},{\"@type\":\"Organization\",\"@id\":\"https:\/\/nordnesrepublikken.no\/#organization\",\"name\":\"Nordnesrepublikken\",\"url\":\"https:\/\/nordnesrepublikken.no\/\",\"logo\":{\"@type\":\"ImageObject\",\"inLanguage\":\"nb-NO\",\"@id\":\"https:\/\/nordnesrepublikken.no\/#\/schema\/logo\/image\/\",\"url\":\"https:\/\/nordnesrepublikken.no\/wp-content\/uploads\/2025\/02\/cropped-nordnesrepublikken-2.png\",\"contentUrl\":\"https:\/\/nordnesrepublikken.no\/wp-content\/uploads\/2025\/02\/cropped-nordnesrepublikken-2.png\",\"width\":1248,\"height\":362,\"caption\":\"Nordnesrepublikken\"},\"image\":{\"@id\":\"https:\/\/nordnesrepublikken.no\/#\/schema\/logo\/image\/\"}},{\"@type\":\"Person\",\"@id\":\"https:\/\/nordnesrepublikken.no\/#\/schema\/person\/2e7e81935bab77882fffb79296240ff1\",\"name\":\"Ole Andersen\",\"image\":{\"@type\":\"ImageObject\",\"inLanguage\":\"nb-NO\",\"@id\":\"https:\/\/nordnesrepublikken.no\/#\/schema\/person\/image\/\",\"url\":\"https:\/\/nordnesrepublikken.no\/wp-content\/uploads\/2025\/02\/nordnesrepublikken-2-2-150x150.jpg\",\"contentUrl\":\"https:\/\/nordnesrepublikken.no\/wp-content\/uploads\/2025\/02\/nordnesrepublikken-2-2-150x150.jpg\",\"caption\":\"Ole Andersen\"},\"description\":\"Ettersom jeg vokste opp i Oslo, har jeg alltid v\u00e6rt fascinert av ordenes kraft og deres evne til \u00e5 skape endringer. Etter \u00e5 ha fullf\u00f8rt min utdannelse i kommunikasjon ved Universitetet i Bergen, fikk jeg muligheten til \u00e5 jobbe innen ulike medier, der jeg har s\u00f8kt \u00e5 belyse viktige samfunnssp\u00f8rsm\u00e5l. I dag, som redakt\u00f8r for Nordnesrepublikken, pr\u00f8ver jeg \u00e5 forene min kj\u00e6rlighet for journalistikk med min lidenskap for innovasjon og eventyr.\",\"sameAs\":[\"https:\/\/nordnesrepublikken.no\/\"]}]}<\/script>\n<!-- \/ Yoast SEO plugin. -->","yoast_head_json":{"title":"Flom ved Grand Canyon, evakuert og savnet: hva er en flom og mulige \u00e5rsaker - Nordnesrepublikken","robots":{"index":"index","follow":"follow","max-snippet":"max-snippet:-1","max-image-preview":"max-image-preview:large","max-video-preview":"max-video-preview:-1"},"canonical":"https:\/\/nordnesrepublikken.no\/index.php\/2026\/09\/01\/flom-ved-grand-canyon-evakuert-og-savnet-hva-er-en-flom-og-mulige-arsaker\/","og_locale":"nb_NO","og_type":"article","og_title":"Flom ved Grand Canyon, evakuert og savnet: hva er en flom og mulige \u00e5rsaker - Nordnesrepublikken","og_description":"En voldelig en flom (flom p\u00e5 engelsk) ja skutt ned over Grand Canyonoverveldende omr\u00e5det av","og_url":"https:\/\/nordnesrepublikken.no\/index.php\/2026\/09\/01\/flom-ved-grand-canyon-evakuert-og-savnet-hva-er-en-flom-og-mulige-arsaker\/","og_site_name":"Nordnesrepublikken","article_published_time":"2026-09-01T03:02:54+00:00","article_modified_time":"2026-09-01T03:03:08+00:00","og_image":[{"width":2560,"height":1920,"url":"https:\/\/nordnesrepublikken.no\/wp-content\/uploads\/2026\/09\/1788231776_Flom-ved-Grand-Canyon-evakuert-og-savnet-hva-er-en-scaled.jpeg","type":"image\/jpeg"}],"author":"Ole Andersen","twitter_card":"summary_large_image","twitter_misc":{"Skrevet av":"Ole Andersen","Ansl. lesetid":"4 minutter"},"schema":{"@context":"https:\/\/schema.org","@graph":[{"@type":"Article","@id":"https:\/\/nordnesrepublikken.no\/index.php\/2026\/09\/01\/flom-ved-grand-canyon-evakuert-og-savnet-hva-er-en-flom-og-mulige-arsaker\/#article","isPartOf":{"@id":"https:\/\/nordnesrepublikken.no\/index.php\/2026\/09\/01\/flom-ved-grand-canyon-evakuert-og-savnet-hva-er-en-flom-og-mulige-arsaker\/"},"author":{"name":"Ole Andersen","@id":"https:\/\/nordnesrepublikken.no\/#\/schema\/person\/2e7e81935bab77882fffb79296240ff1"},"headline":"Flom ved Grand Canyon, evakuert og savnet: hva er en flom og mulige \u00e5rsaker","datePublished":"2026-09-01T03:02:54+00:00","dateModified":"2026-09-01T03:03:08+00:00","mainEntityOfPage":{"@id":"https:\/\/nordnesrepublikken.no\/index.php\/2026\/09\/01\/flom-ved-grand-canyon-evakuert-og-savnet-hva-er-en-flom-og-mulige-arsaker\/"},"wordCount":910,"publisher":{"@id":"https:\/\/nordnesrepublikken.no\/#organization"},"image":{"@id":"https:\/\/nordnesrepublikken.no\/index.php\/2026\/09\/01\/flom-ved-grand-canyon-evakuert-og-savnet-hva-er-en-flom-og-mulige-arsaker\/#primaryimage"},"thumbnailUrl":"https:\/\/nordnesrepublikken.no\/wp-content\/uploads\/2026\/09\/1788231776_Flom-ved-Grand-Canyon-evakuert-og-savnet-hva-er-en-scaled.jpeg","keywords":["\u00e5rsaker","Canyon","evakuert","Flom","Grand","Hva","mulige","savnet","ved"],"articleSection":["Vitenskap"],"inLanguage":"nb-NO"},{"@type":"WebPage","@id":"https:\/\/nordnesrepublikken.no\/index.php\/2026\/09\/01\/flom-ved-grand-canyon-evakuert-og-savnet-hva-er-en-flom-og-mulige-arsaker\/","url":"https:\/\/nordnesrepublikken.no\/index.php\/2026\/09\/01\/flom-ved-grand-canyon-evakuert-og-savnet-hva-er-en-flom-og-mulige-arsaker\/","name":"Flom ved Grand Canyon, evakuert og savnet: hva er en flom og mulige \u00e5rsaker - Nordnesrepublikken","isPartOf":{"@id":"https:\/\/nordnesrepublikken.no\/#website"},"primaryImageOfPage":{"@id":"https:\/\/nordnesrepublikken.no\/index.php\/2026\/09\/01\/flom-ved-grand-canyon-evakuert-og-savnet-hva-er-en-flom-og-mulige-arsaker\/#primaryimage"},"image":{"@id":"https:\/\/nordnesrepublikken.no\/index.php\/2026\/09\/01\/flom-ved-grand-canyon-evakuert-og-savnet-hva-er-en-flom-og-mulige-arsaker\/#primaryimage"},"thumbnailUrl":"https:\/\/nordnesrepublikken.no\/wp-content\/uploads\/2026\/09\/1788231776_Flom-ved-Grand-Canyon-evakuert-og-savnet-hva-er-en-scaled.jpeg","datePublished":"2026-09-01T03:02:54+00:00","dateModified":"2026-09-01T03:03:08+00:00","breadcrumb":{"@id":"https:\/\/nordnesrepublikken.no\/index.php\/2026\/09\/01\/flom-ved-grand-canyon-evakuert-og-savnet-hva-er-en-flom-og-mulige-arsaker\/#breadcrumb"},"inLanguage":"nb-NO","potentialAction":[{"@type":"ReadAction","target":["https:\/\/nordnesrepublikken.no\/index.php\/2026\/09\/01\/flom-ved-grand-canyon-evakuert-og-savnet-hva-er-en-flom-og-mulige-arsaker\/"]}]},{"@type":"ImageObject","inLanguage":"nb-NO","@id":"https:\/\/nordnesrepublikken.no\/index.php\/2026\/09\/01\/flom-ved-grand-canyon-evakuert-og-savnet-hva-er-en-flom-og-mulige-arsaker\/#primaryimage","url":"https:\/\/nordnesrepublikken.no\/wp-content\/uploads\/2026\/09\/1788231776_Flom-ved-Grand-Canyon-evakuert-og-savnet-hva-er-en-scaled.jpeg","contentUrl":"https:\/\/nordnesrepublikken.no\/wp-content\/uploads\/2026\/09\/1788231776_Flom-ved-Grand-Canyon-evakuert-og-savnet-hva-er-en-scaled.jpeg","width":2560,"height":1920,"caption":"Flom ved Grand Canyon, evakuert og savnet: hva er en flom og mulige \u00e5rsaker"},{"@type":"BreadcrumbList","@id":"https:\/\/nordnesrepublikken.no\/index.php\/2026\/09\/01\/flom-ved-grand-canyon-evakuert-og-savnet-hva-er-en-flom-og-mulige-arsaker\/#breadcrumb","itemListElement":[{"@type":"ListItem","position":1,"name":"Home","item":"https:\/\/nordnesrepublikken.no\/"},{"@type":"ListItem","position":2,"name":"Flom ved Grand Canyon, evakuert og savnet: hva er en flom og mulige \u00e5rsaker"}]},{"@type":"WebSite","@id":"https:\/\/nordnesrepublikken.no\/#website","url":"https:\/\/nordnesrepublikken.no\/","name":"Nordnesrepublikken","description":"Stemmer og Visjoner fra Republikkens Hjerte","publisher":{"@id":"https:\/\/nordnesrepublikken.no\/#organization"},"potentialAction":[{"@type":"SearchAction","target":{"@type":"EntryPoint","urlTemplate":"https:\/\/nordnesrepublikken.no\/?s={search_term_string}"},"query-input":{"@type":"PropertyValueSpecification","valueRequired":true,"valueName":"search_term_string"}}],"inLanguage":"nb-NO"},{"@type":"Organization","@id":"https:\/\/nordnesrepublikken.no\/#organization","name":"Nordnesrepublikken","url":"https:\/\/nordnesrepublikken.no\/","logo":{"@type":"ImageObject","inLanguage":"nb-NO","@id":"https:\/\/nordnesrepublikken.no\/#\/schema\/logo\/image\/","url":"https:\/\/nordnesrepublikken.no\/wp-content\/uploads\/2025\/02\/cropped-nordnesrepublikken-2.png","contentUrl":"https:\/\/nordnesrepublikken.no\/wp-content\/uploads\/2025\/02\/cropped-nordnesrepublikken-2.png","width":1248,"height":362,"caption":"Nordnesrepublikken"},"image":{"@id":"https:\/\/nordnesrepublikken.no\/#\/schema\/logo\/image\/"}},{"@type":"Person","@id":"https:\/\/nordnesrepublikken.no\/#\/schema\/person\/2e7e81935bab77882fffb79296240ff1","name":"Ole Andersen","image":{"@type":"ImageObject","inLanguage":"nb-NO","@id":"https:\/\/nordnesrepublikken.no\/#\/schema\/person\/image\/","url":"https:\/\/nordnesrepublikken.no\/wp-content\/uploads\/2025\/02\/nordnesrepublikken-2-2-150x150.jpg","contentUrl":"https:\/\/nordnesrepublikken.no\/wp-content\/uploads\/2025\/02\/nordnesrepublikken-2-2-150x150.jpg","caption":"Ole Andersen"},"description":"Ettersom jeg vokste opp i Oslo, har jeg alltid v\u00e6rt fascinert av ordenes kraft og deres evne til \u00e5 skape endringer. Etter \u00e5 ha fullf\u00f8rt min utdannelse i kommunikasjon ved Universitetet i Bergen, fikk jeg muligheten til \u00e5 jobbe innen ulike medier, der jeg har s\u00f8kt \u00e5 belyse viktige samfunnssp\u00f8rsm\u00e5l. I dag, som redakt\u00f8r for Nordnesrepublikken, pr\u00f8ver jeg \u00e5 forene min kj\u00e6rlighet for journalistikk med min lidenskap for innovasjon og eventyr.","sameAs":["https:\/\/nordnesrepublikken.no\/"]}]}},"_links":{"self":[{"href":"https:\/\/nordnesrepublikken.no\/index.php\/wp-json\/wp\/v2\/posts\/21668","targetHints":{"allow":["GET"]}}],"collection":[{"href":"https:\/\/nordnesrepublikken.no\/index.php\/wp-json\/wp\/v2\/posts"}],"about":[{"href":"https:\/\/nordnesrepublikken.no\/index.php\/wp-json\/wp\/v2\/types\/post"}],"author":[{"embeddable":true,"href":"https:\/\/nordnesrepublikken.no\/index.php\/wp-json\/wp\/v2\/users\/1"}],"replies":[{"embeddable":true,"href":"https:\/\/nordnesrepublikken.no\/index.php\/wp-json\/wp\/v2\/comments?post=21668"}],"version-history":[{"count":1,"href":"https:\/\/nordnesrepublikken.no\/index.php\/wp-json\/wp\/v2\/posts\/21668\/revisions"}],"predecessor-version":[{"id":21670,"href":"https:\/\/nordnesrepublikken.no\/index.php\/wp-json\/wp\/v2\/posts\/21668\/revisions\/21670"}],"wp:featuredmedia":[{"embeddable":true,"href":"https:\/\/nordnesrepublikken.no\/index.php\/wp-json\/wp\/v2\/media\/21669"}],"wp:attachment":[{"href":"https:\/\/nordnesrepublikken.no\/index.php\/wp-json\/wp\/v2\/media?parent=21668"}],"wp:term":[{"taxonomy":"category","embeddable":true,"href":"https:\/\/nordnesrepublikken.no\/index.php\/wp-json\/wp\/v2\/categories?post=21668"},{"taxonomy":"post_tag","embeddable":true,"href":"https:\/\/nordnesrepublikken.no\/index.php\/wp-json\/wp\/v2\/tags?post=21668"}],"curies":[{"name":"wp","href":"https:\/\/api.w.org\/{rel}","templated":true}]}}