{"id":21665,"date":"2026-09-01T02:02:49","date_gmt":"2026-09-01T00:02:49","guid":{"rendered":"https:\/\/nordnesrepublikken.no\/index.php\/2026\/09\/01\/september-oktober-november-og-desember-hvorfor-kalles-de-det-hvis-i-dag-er-manedene-nummer-9-10-11-og-12\/"},"modified":"2026-09-01T02:02:53","modified_gmt":"2026-09-01T00:02:53","slug":"september-oktober-november-og-desember-hvorfor-kalles-de-det-hvis-i-dag-er-manedene-nummer-9-10-11-og-12","status":"publish","type":"post","link":"https:\/\/nordnesrepublikken.no\/index.php\/2026\/09\/01\/september-oktober-november-og-desember-hvorfor-kalles-de-det-hvis-i-dag-er-manedene-nummer-9-10-11-og-12\/","title":{"rendered":"September, oktober, november og desember: hvorfor kalles de det hvis i dag er m\u00e5nedene nummer 9, 10, 11 og 12?"},"content":{"rendered":"<div>\n<div class=\"cp_wrapper cp_wrapper--fw mb-30 mb-20@tablet\">\n<figure class=\"mm\"><picture class=\"img\" style=\"padding-top:56.25%\"><source  media=\"(min-width: 1024px)\"><source  media=\"(min-width: 768px)\"><\/source><\/source><\/picture><\/figure>\n<\/p><\/div>\n<p><strong>september<\/strong> har dette navnet, til tross for at det er <strong>niende m\u00e5ned<\/strong> av \u00e5ret, fordi den opprinnelig, p\u00e5 tidspunktet for grunnleggelsen av Roma, hadde en <strong>annen plassering i kalenderen<\/strong>: det var den syvende m\u00e5neden i \u00e5ret. Den samme forklaringen gjelder for de p\u00e5f\u00f8lgende m\u00e5nedene, <strong>oktober, november og desember<\/strong>som var henholdsvis den \u00e5ttende, niende og tiende m\u00e5neden.<\/p>\n<p>I den gamle romerske kalenderen, faktisk,<strong> faktisk \u00e5ret begynte i mars.<\/strong> Begynnelsen ble s\u00e5 flyttet til 1. januar i det 2. \u00e5rhundre f.Kr. C., men jeg <strong>navnene p\u00e5 m\u00e5nedene ble ikke endret<\/strong>. Siden den gang har det v\u00e6rt en inkonsekvens mellom navnet p\u00e5 september og dens posisjon, som n\u00e5 er den niende m\u00e5neden i \u00e5ret.<\/p>\n<p>Skiftet av begynnelsen av \u00e5ret til 1. januar ble bekreftet i p\u00e5f\u00f8lgende kalendere, d.v.s <strong>den julianske<\/strong> vedtatt i 46 f.Kr. Det er det <strong>den gregorianske<\/strong>eksistert siden 1500-tallet og fortsatt i bruk.<\/p>\n<h2>September var en gang den syvende m\u00e5neden: den romerske kalenderen<\/h2>\n<p><strong>september<\/strong> den har dette navnet av en enkel grunn: <strong>det var opprinnelig den syvende m\u00e5neden <\/strong>av \u00e5ret, og ikke den niende. Forklaringen p\u00e5 navnet m\u00e5 finnes <strong>i Romas eldste historie<\/strong>den monarkiske \u00e6ra: en periode hvor kunnskapen er sv\u00e6rt begrenset og hovedsakelig basert p\u00e5 antakelser og tolkninger.<\/p>\n<div class=\"cp_wrapper cp_wrapper--fw mb-50\">\n<figure class=\"mm\"><picture class=\"img\" style=\"padding-top:111.23595505618%\"><source  media=\"(min-width: 1024px)\"><source  media=\"(min-width: 768px)\"><img decoding=\"async\" loading=\"lazy\" src=\"https:\/\/nordnesrepublikken.no\/wp-content\/uploads\/2026\/09\/September-oktober-november-og-desember-hvorfor-kalles-de-det-hvis.jpg\" alt=\"Roma ved stiftelsen (Wikimedia Commons)\" width=\"1246\" height=\"1386\"\/><\/source><\/source><\/picture><\/figure>\n<\/p><\/div>\n<p>I f\u00f8lge den mest akkrediterte tolkningen, p\u00e5 tidspunktet for grunnleggelsen av byen, under Romulus regjeringstid, <strong>romersk kalender<\/strong>en solkalender som best\u00e5r av ti m\u00e5neder:<\/p>\n<ul>\n<li>Martius<\/li>\n<li>Aprilis<\/li>\n<li>Skifte<\/li>\n<li>Iunius<\/li>\n<li>Quintilis<\/li>\n<li>Sekstiler<\/li>\n<li>september<\/li>\n<li>oktober<\/li>\n<li>november<\/li>\n<li>desember<\/li>\n<\/ul>\n<p>Navnene p\u00e5 de fire f\u00f8rste m\u00e5nedene var valgt <strong>i hyllest til gudene<\/strong> (Martius for Mars, Aprilis for Afrodite, Maius for Maia og Iunius for Juno); de andre seks ble valgt ut fra <strong>plassering i kalenderen<\/strong>: fra Quintilis (v\u00e5r juli), som var den femte m\u00e5neden i \u00e5ret, til desember, som var den tiende. September skyldte derfor navnet sitt til det faktum at det var den syvende m\u00e5neden i \u00e5ret.<\/p>\n<p>Det skal bemerkes at de ti m\u00e5neder <strong>de okkuperte totalt 304 dager<\/strong>; det var ytterligere 61 dager igjen som ikke tilh\u00f8rte noen m\u00e5ned. I praksis sluttet vi \u00e5 telle etter desember og begynte p\u00e5 nytt i Martius. Imidlertid under regjeringstiden til <strong>Numa Pompilius<\/strong>den semi-mytiske etterf\u00f8lgeren til Romulus, de &laquo;ekstra&raquo; dagene var <strong>fordelt p\u00e5 to nye m\u00e5neder<\/strong>: Ianuarius, navngitt til \u00e6re for guden Janus, og Feburarius, dedikert til den etruskiske guden Februus. Under Numa ble det ogs\u00e5 lagt til en intercalary-m\u00e5ned, <strong>Mercedonio<\/strong>som ikke var til stede hvert \u00e5r og ble brukt for \u00e5 f\u00e5 \u00e5rets varighet til \u00e5 falle sammen med solens revolusjon (samme grunn til at vi har skudd\u00e5r). \u00c5ret fortsatte imidlertid \u00e5 begynne i Martius, m\u00e5neden da de nye konsulene og andre sorenskrivere tiltr\u00e5dte.<\/p>\n<div class=\"cp_wrapper cp_wrapper--fw mb-50\">\n<figure class=\"mm\"><picture class=\"img\" style=\"padding-top:128.64583333333%\"><source  media=\"(min-width: 1024px)\"><source  media=\"(min-width: 768px)\"><img decoding=\"async\" loading=\"lazy\" src=\"https:\/\/nordnesrepublikken.no\/wp-content\/uploads\/2026\/09\/1788220969_252_September-oktober-november-og-desember-hvorfor-kalles-de-det-hvis.jpg\" alt=\"Imagin\u00e6rt portrett av Numa Pompilius (Wikimedia Commons)\" width=\"960\" height=\"1235\" class=\"js-seedtag-img\"\/><\/source><\/source><\/picture><\/figure>\n<\/p><\/div>\n<h2><strong>Flyttingen av det nye \u00e5ret og m\u00e5nedenes nye plassering<\/strong><\/h2>\n<p>Begynnelsen av \u00e5ret ble flyttet (eller i det minste begynte \u00e5 flytte) til 1. januar<strong> i 153 f.Kr<\/strong>.: Senatet slo fast at de nye konsulene, Quintus Fabio Nobilior og Titus Annius Lusco, tiltr\u00e5dte den datoen, i stedet for i mars, for milit\u00e6re behov (de m\u00e5tte ha mer tid til \u00e5 organisere legionene som var involvert i en krig p\u00e5 den iberiske halv\u00f8y).<\/p>\n<div class=\"cp_wrapper cp_wrapper--fw mb-50\">\n<figure class=\"mm\"><picture class=\"img\" style=\"padding-top:68.385416666667%\"><source  media=\"(min-width: 1024px)\"><source  media=\"(min-width: 768px)\"><img decoding=\"async\" loading=\"lazy\" src=\"https:\/\/nordnesrepublikken.no\/wp-content\/uploads\/2026\/09\/1788220969_612_September-oktober-november-og-desember-hvorfor-kalles-de-det-hvis.jpg\" alt=\"Den romerske erobringen av den iberiske halv\u00f8y kopi\" width=\"1920\" height=\"1313\"\/><\/source><\/source><\/picture><\/figure>\n<\/p><\/div>\n<p>DE <strong>Navnene p\u00e5 m\u00e5nedene ble imidlertid ikke endret<\/strong>: det er fra da at september ble den niende m\u00e5neden i \u00e5ret og den <strong>navnet ble funnet \u00e5 v\u00e6re &laquo;feil&raquo;<\/strong>samt de i oktober, november og desember. Skiftet fra begynnelsen av \u00e5ret til 1. januar ble bekreftet i p\u00e5f\u00f8lgende kalendere: <strong>den julianske<\/strong>vedtatt i 46 f.Kr. C. etter ordre fra Julius Caesar, og det <strong>gregoriansk<\/strong>introdusert i 1582 og i dag brukt i v\u00e5rt land og i store deler av verden. I de to kalenderne ble imidlertid ikke navnene p\u00e5 september, oktober, november og desember endret, som derfor er i en &laquo;inkongruent&raquo; posisjon. Etter vedtakelsen av den julianske kalenderen endret bare m\u00e5nedene med quintilis seg, som ble <strong>Iulius<\/strong> (juli) til \u00e6re for Julius Caesar, og av <strong>sextilis<\/strong>som ble Augustus (august) til \u00e6re for Octavian Augustus.<\/p>\n<\/p><\/div>\n","protected":false},"excerpt":{"rendered":"<p>september har dette navnet, til tross for at det er niende m\u00e5ned av \u00e5ret, fordi<\/p>\n","protected":false},"author":1,"featured_media":21666,"comment_status":"closed","ping_status":"open","sticky":false,"template":"","format":"standard","meta":{"footnotes":""},"categories":[104],"tags":[568,8007,66,405,101,2140,2555,5661,2170,5267,4418],"class_list":["post-21665","post","type-post","status-publish","format-standard","has-post-thumbnail","hentry","category-samfunn","tag-dag","tag-desember","tag-det","tag-hvis","tag-hvorfor","tag-kalles","tag-manedene","tag-november","tag-nummer","tag-oktober","tag-september","generate-columns","tablet-grid-50","mobile-grid-100","grid-parent","grid-33","resize-featured-image"],"yoast_head":"<!-- This site is optimized with the Yoast SEO plugin v24.4 - https:\/\/yoast.com\/wordpress\/plugins\/seo\/ -->\n<title>September, oktober, november og desember: hvorfor kalles de det hvis i dag er m\u00e5nedene nummer 9, 10, 11 og 12? - Nordnesrepublikken<\/title>\n<meta name=\"robots\" content=\"index, follow, max-snippet:-1, max-image-preview:large, max-video-preview:-1\" \/>\n<link rel=\"canonical\" href=\"https:\/\/nordnesrepublikken.no\/index.php\/2026\/09\/01\/september-oktober-november-og-desember-hvorfor-kalles-de-det-hvis-i-dag-er-manedene-nummer-9-10-11-og-12\/\" \/>\n<meta property=\"og:locale\" content=\"nb_NO\" \/>\n<meta property=\"og:type\" content=\"article\" \/>\n<meta property=\"og:title\" content=\"September, oktober, november og desember: hvorfor kalles de det hvis i dag er m\u00e5nedene nummer 9, 10, 11 og 12? - Nordnesrepublikken\" \/>\n<meta property=\"og:description\" content=\"september har dette navnet, til tross for at det er niende m\u00e5ned av \u00e5ret, fordi\" \/>\n<meta property=\"og:url\" content=\"https:\/\/nordnesrepublikken.no\/index.php\/2026\/09\/01\/september-oktober-november-og-desember-hvorfor-kalles-de-det-hvis-i-dag-er-manedene-nummer-9-10-11-og-12\/\" \/>\n<meta property=\"og:site_name\" content=\"Nordnesrepublikken\" \/>\n<meta property=\"article:published_time\" content=\"2026-09-01T00:02:49+00:00\" \/>\n<meta property=\"article:modified_time\" content=\"2026-09-01T00:02:53+00:00\" \/>\n<meta property=\"og:image\" content=\"https:\/\/nordnesrepublikken.no\/wp-content\/uploads\/2026\/09\/1788220970_September-oktober-november-og-desember-hvorfor-kalles-de-det-hvis-scaled.jpeg\" \/>\n\t<meta property=\"og:image:width\" content=\"2560\" \/>\n\t<meta property=\"og:image:height\" content=\"1325\" \/>\n\t<meta property=\"og:image:type\" content=\"image\/jpeg\" \/>\n<meta name=\"author\" content=\"Ole Andersen\" \/>\n<meta name=\"twitter:card\" content=\"summary_large_image\" \/>\n<meta name=\"twitter:label1\" content=\"Skrevet av\" \/>\n\t<meta name=\"twitter:data1\" content=\"Ole Andersen\" \/>\n\t<meta name=\"twitter:label2\" content=\"Ansl. lesetid\" \/>\n\t<meta name=\"twitter:data2\" content=\"3 minutter\" \/>\n<script type=\"application\/ld+json\" class=\"yoast-schema-graph\">{\"@context\":\"https:\/\/schema.org\",\"@graph\":[{\"@type\":\"Article\",\"@id\":\"https:\/\/nordnesrepublikken.no\/index.php\/2026\/09\/01\/september-oktober-november-og-desember-hvorfor-kalles-de-det-hvis-i-dag-er-manedene-nummer-9-10-11-og-12\/#article\",\"isPartOf\":{\"@id\":\"https:\/\/nordnesrepublikken.no\/index.php\/2026\/09\/01\/september-oktober-november-og-desember-hvorfor-kalles-de-det-hvis-i-dag-er-manedene-nummer-9-10-11-og-12\/\"},\"author\":{\"name\":\"Ole Andersen\",\"@id\":\"https:\/\/nordnesrepublikken.no\/#\/schema\/person\/2e7e81935bab77882fffb79296240ff1\"},\"headline\":\"September, oktober, november og desember: hvorfor kalles de det hvis i dag er m\u00e5nedene nummer 9, 10, 11 og 12?\",\"datePublished\":\"2026-09-01T00:02:49+00:00\",\"dateModified\":\"2026-09-01T00:02:53+00:00\",\"mainEntityOfPage\":{\"@id\":\"https:\/\/nordnesrepublikken.no\/index.php\/2026\/09\/01\/september-oktober-november-og-desember-hvorfor-kalles-de-det-hvis-i-dag-er-manedene-nummer-9-10-11-og-12\/\"},\"wordCount\":674,\"publisher\":{\"@id\":\"https:\/\/nordnesrepublikken.no\/#organization\"},\"image\":{\"@id\":\"https:\/\/nordnesrepublikken.no\/index.php\/2026\/09\/01\/september-oktober-november-og-desember-hvorfor-kalles-de-det-hvis-i-dag-er-manedene-nummer-9-10-11-og-12\/#primaryimage\"},\"thumbnailUrl\":\"https:\/\/nordnesrepublikken.no\/wp-content\/uploads\/2026\/09\/1788220970_September-oktober-november-og-desember-hvorfor-kalles-de-det-hvis-scaled.jpeg\",\"keywords\":[\"dag\",\"desember\",\"Det\",\"hvis\",\"hvorfor\",\"kalles\",\"m\u00e5nedene\",\"november\",\"nummer\",\"oktober\",\"september\"],\"articleSection\":[\"Samfunn\"],\"inLanguage\":\"nb-NO\"},{\"@type\":\"WebPage\",\"@id\":\"https:\/\/nordnesrepublikken.no\/index.php\/2026\/09\/01\/september-oktober-november-og-desember-hvorfor-kalles-de-det-hvis-i-dag-er-manedene-nummer-9-10-11-og-12\/\",\"url\":\"https:\/\/nordnesrepublikken.no\/index.php\/2026\/09\/01\/september-oktober-november-og-desember-hvorfor-kalles-de-det-hvis-i-dag-er-manedene-nummer-9-10-11-og-12\/\",\"name\":\"September, oktober, november og desember: hvorfor kalles de det hvis i dag er m\u00e5nedene nummer 9, 10, 11 og 12? - Nordnesrepublikken\",\"isPartOf\":{\"@id\":\"https:\/\/nordnesrepublikken.no\/#website\"},\"primaryImageOfPage\":{\"@id\":\"https:\/\/nordnesrepublikken.no\/index.php\/2026\/09\/01\/september-oktober-november-og-desember-hvorfor-kalles-de-det-hvis-i-dag-er-manedene-nummer-9-10-11-og-12\/#primaryimage\"},\"image\":{\"@id\":\"https:\/\/nordnesrepublikken.no\/index.php\/2026\/09\/01\/september-oktober-november-og-desember-hvorfor-kalles-de-det-hvis-i-dag-er-manedene-nummer-9-10-11-og-12\/#primaryimage\"},\"thumbnailUrl\":\"https:\/\/nordnesrepublikken.no\/wp-content\/uploads\/2026\/09\/1788220970_September-oktober-november-og-desember-hvorfor-kalles-de-det-hvis-scaled.jpeg\",\"datePublished\":\"2026-09-01T00:02:49+00:00\",\"dateModified\":\"2026-09-01T00:02:53+00:00\",\"breadcrumb\":{\"@id\":\"https:\/\/nordnesrepublikken.no\/index.php\/2026\/09\/01\/september-oktober-november-og-desember-hvorfor-kalles-de-det-hvis-i-dag-er-manedene-nummer-9-10-11-og-12\/#breadcrumb\"},\"inLanguage\":\"nb-NO\",\"potentialAction\":[{\"@type\":\"ReadAction\",\"target\":[\"https:\/\/nordnesrepublikken.no\/index.php\/2026\/09\/01\/september-oktober-november-og-desember-hvorfor-kalles-de-det-hvis-i-dag-er-manedene-nummer-9-10-11-og-12\/\"]}]},{\"@type\":\"ImageObject\",\"inLanguage\":\"nb-NO\",\"@id\":\"https:\/\/nordnesrepublikken.no\/index.php\/2026\/09\/01\/september-oktober-november-og-desember-hvorfor-kalles-de-det-hvis-i-dag-er-manedene-nummer-9-10-11-og-12\/#primaryimage\",\"url\":\"https:\/\/nordnesrepublikken.no\/wp-content\/uploads\/2026\/09\/1788220970_September-oktober-november-og-desember-hvorfor-kalles-de-det-hvis-scaled.jpeg\",\"contentUrl\":\"https:\/\/nordnesrepublikken.no\/wp-content\/uploads\/2026\/09\/1788220970_September-oktober-november-og-desember-hvorfor-kalles-de-det-hvis-scaled.jpeg\",\"width\":2560,\"height\":1325,\"caption\":\"September, oktober, november og desember: hvorfor kalles de det hvis i dag er m\u00e5nedene nummer 9, 10, 11 og 12?\"},{\"@type\":\"BreadcrumbList\",\"@id\":\"https:\/\/nordnesrepublikken.no\/index.php\/2026\/09\/01\/september-oktober-november-og-desember-hvorfor-kalles-de-det-hvis-i-dag-er-manedene-nummer-9-10-11-og-12\/#breadcrumb\",\"itemListElement\":[{\"@type\":\"ListItem\",\"position\":1,\"name\":\"Home\",\"item\":\"https:\/\/nordnesrepublikken.no\/\"},{\"@type\":\"ListItem\",\"position\":2,\"name\":\"September, oktober, november og desember: hvorfor kalles de det hvis i dag er m\u00e5nedene nummer 9, 10, 11 og 12?\"}]},{\"@type\":\"WebSite\",\"@id\":\"https:\/\/nordnesrepublikken.no\/#website\",\"url\":\"https:\/\/nordnesrepublikken.no\/\",\"name\":\"Nordnesrepublikken\",\"description\":\"Stemmer og Visjoner fra Republikkens Hjerte\",\"publisher\":{\"@id\":\"https:\/\/nordnesrepublikken.no\/#organization\"},\"potentialAction\":[{\"@type\":\"SearchAction\",\"target\":{\"@type\":\"EntryPoint\",\"urlTemplate\":\"https:\/\/nordnesrepublikken.no\/?s={search_term_string}\"},\"query-input\":{\"@type\":\"PropertyValueSpecification\",\"valueRequired\":true,\"valueName\":\"search_term_string\"}}],\"inLanguage\":\"nb-NO\"},{\"@type\":\"Organization\",\"@id\":\"https:\/\/nordnesrepublikken.no\/#organization\",\"name\":\"Nordnesrepublikken\",\"url\":\"https:\/\/nordnesrepublikken.no\/\",\"logo\":{\"@type\":\"ImageObject\",\"inLanguage\":\"nb-NO\",\"@id\":\"https:\/\/nordnesrepublikken.no\/#\/schema\/logo\/image\/\",\"url\":\"https:\/\/nordnesrepublikken.no\/wp-content\/uploads\/2025\/02\/cropped-nordnesrepublikken-2.png\",\"contentUrl\":\"https:\/\/nordnesrepublikken.no\/wp-content\/uploads\/2025\/02\/cropped-nordnesrepublikken-2.png\",\"width\":1248,\"height\":362,\"caption\":\"Nordnesrepublikken\"},\"image\":{\"@id\":\"https:\/\/nordnesrepublikken.no\/#\/schema\/logo\/image\/\"}},{\"@type\":\"Person\",\"@id\":\"https:\/\/nordnesrepublikken.no\/#\/schema\/person\/2e7e81935bab77882fffb79296240ff1\",\"name\":\"Ole Andersen\",\"image\":{\"@type\":\"ImageObject\",\"inLanguage\":\"nb-NO\",\"@id\":\"https:\/\/nordnesrepublikken.no\/#\/schema\/person\/image\/\",\"url\":\"https:\/\/nordnesrepublikken.no\/wp-content\/uploads\/2025\/02\/nordnesrepublikken-2-2-150x150.jpg\",\"contentUrl\":\"https:\/\/nordnesrepublikken.no\/wp-content\/uploads\/2025\/02\/nordnesrepublikken-2-2-150x150.jpg\",\"caption\":\"Ole Andersen\"},\"description\":\"Ettersom jeg vokste opp i Oslo, har jeg alltid v\u00e6rt fascinert av ordenes kraft og deres evne til \u00e5 skape endringer. Etter \u00e5 ha fullf\u00f8rt min utdannelse i kommunikasjon ved Universitetet i Bergen, fikk jeg muligheten til \u00e5 jobbe innen ulike medier, der jeg har s\u00f8kt \u00e5 belyse viktige samfunnssp\u00f8rsm\u00e5l. I dag, som redakt\u00f8r for Nordnesrepublikken, pr\u00f8ver jeg \u00e5 forene min kj\u00e6rlighet for journalistikk med min lidenskap for innovasjon og eventyr.\",\"sameAs\":[\"https:\/\/nordnesrepublikken.no\/\"]}]}<\/script>\n<!-- \/ Yoast SEO plugin. -->","yoast_head_json":{"title":"September, oktober, november og desember: hvorfor kalles de det hvis i dag er m\u00e5nedene nummer 9, 10, 11 og 12? - Nordnesrepublikken","robots":{"index":"index","follow":"follow","max-snippet":"max-snippet:-1","max-image-preview":"max-image-preview:large","max-video-preview":"max-video-preview:-1"},"canonical":"https:\/\/nordnesrepublikken.no\/index.php\/2026\/09\/01\/september-oktober-november-og-desember-hvorfor-kalles-de-det-hvis-i-dag-er-manedene-nummer-9-10-11-og-12\/","og_locale":"nb_NO","og_type":"article","og_title":"September, oktober, november og desember: hvorfor kalles de det hvis i dag er m\u00e5nedene nummer 9, 10, 11 og 12? - Nordnesrepublikken","og_description":"september har dette navnet, til tross for at det er niende m\u00e5ned av \u00e5ret, fordi","og_url":"https:\/\/nordnesrepublikken.no\/index.php\/2026\/09\/01\/september-oktober-november-og-desember-hvorfor-kalles-de-det-hvis-i-dag-er-manedene-nummer-9-10-11-og-12\/","og_site_name":"Nordnesrepublikken","article_published_time":"2026-09-01T00:02:49+00:00","article_modified_time":"2026-09-01T00:02:53+00:00","og_image":[{"width":2560,"height":1325,"url":"https:\/\/nordnesrepublikken.no\/wp-content\/uploads\/2026\/09\/1788220970_September-oktober-november-og-desember-hvorfor-kalles-de-det-hvis-scaled.jpeg","type":"image\/jpeg"}],"author":"Ole Andersen","twitter_card":"summary_large_image","twitter_misc":{"Skrevet av":"Ole Andersen","Ansl. lesetid":"3 minutter"},"schema":{"@context":"https:\/\/schema.org","@graph":[{"@type":"Article","@id":"https:\/\/nordnesrepublikken.no\/index.php\/2026\/09\/01\/september-oktober-november-og-desember-hvorfor-kalles-de-det-hvis-i-dag-er-manedene-nummer-9-10-11-og-12\/#article","isPartOf":{"@id":"https:\/\/nordnesrepublikken.no\/index.php\/2026\/09\/01\/september-oktober-november-og-desember-hvorfor-kalles-de-det-hvis-i-dag-er-manedene-nummer-9-10-11-og-12\/"},"author":{"name":"Ole Andersen","@id":"https:\/\/nordnesrepublikken.no\/#\/schema\/person\/2e7e81935bab77882fffb79296240ff1"},"headline":"September, oktober, november og desember: hvorfor kalles de det hvis i dag er m\u00e5nedene nummer 9, 10, 11 og 12?","datePublished":"2026-09-01T00:02:49+00:00","dateModified":"2026-09-01T00:02:53+00:00","mainEntityOfPage":{"@id":"https:\/\/nordnesrepublikken.no\/index.php\/2026\/09\/01\/september-oktober-november-og-desember-hvorfor-kalles-de-det-hvis-i-dag-er-manedene-nummer-9-10-11-og-12\/"},"wordCount":674,"publisher":{"@id":"https:\/\/nordnesrepublikken.no\/#organization"},"image":{"@id":"https:\/\/nordnesrepublikken.no\/index.php\/2026\/09\/01\/september-oktober-november-og-desember-hvorfor-kalles-de-det-hvis-i-dag-er-manedene-nummer-9-10-11-og-12\/#primaryimage"},"thumbnailUrl":"https:\/\/nordnesrepublikken.no\/wp-content\/uploads\/2026\/09\/1788220970_September-oktober-november-og-desember-hvorfor-kalles-de-det-hvis-scaled.jpeg","keywords":["dag","desember","Det","hvis","hvorfor","kalles","m\u00e5nedene","november","nummer","oktober","september"],"articleSection":["Samfunn"],"inLanguage":"nb-NO"},{"@type":"WebPage","@id":"https:\/\/nordnesrepublikken.no\/index.php\/2026\/09\/01\/september-oktober-november-og-desember-hvorfor-kalles-de-det-hvis-i-dag-er-manedene-nummer-9-10-11-og-12\/","url":"https:\/\/nordnesrepublikken.no\/index.php\/2026\/09\/01\/september-oktober-november-og-desember-hvorfor-kalles-de-det-hvis-i-dag-er-manedene-nummer-9-10-11-og-12\/","name":"September, oktober, november og desember: hvorfor kalles de det hvis i dag er m\u00e5nedene nummer 9, 10, 11 og 12? - Nordnesrepublikken","isPartOf":{"@id":"https:\/\/nordnesrepublikken.no\/#website"},"primaryImageOfPage":{"@id":"https:\/\/nordnesrepublikken.no\/index.php\/2026\/09\/01\/september-oktober-november-og-desember-hvorfor-kalles-de-det-hvis-i-dag-er-manedene-nummer-9-10-11-og-12\/#primaryimage"},"image":{"@id":"https:\/\/nordnesrepublikken.no\/index.php\/2026\/09\/01\/september-oktober-november-og-desember-hvorfor-kalles-de-det-hvis-i-dag-er-manedene-nummer-9-10-11-og-12\/#primaryimage"},"thumbnailUrl":"https:\/\/nordnesrepublikken.no\/wp-content\/uploads\/2026\/09\/1788220970_September-oktober-november-og-desember-hvorfor-kalles-de-det-hvis-scaled.jpeg","datePublished":"2026-09-01T00:02:49+00:00","dateModified":"2026-09-01T00:02:53+00:00","breadcrumb":{"@id":"https:\/\/nordnesrepublikken.no\/index.php\/2026\/09\/01\/september-oktober-november-og-desember-hvorfor-kalles-de-det-hvis-i-dag-er-manedene-nummer-9-10-11-og-12\/#breadcrumb"},"inLanguage":"nb-NO","potentialAction":[{"@type":"ReadAction","target":["https:\/\/nordnesrepublikken.no\/index.php\/2026\/09\/01\/september-oktober-november-og-desember-hvorfor-kalles-de-det-hvis-i-dag-er-manedene-nummer-9-10-11-og-12\/"]}]},{"@type":"ImageObject","inLanguage":"nb-NO","@id":"https:\/\/nordnesrepublikken.no\/index.php\/2026\/09\/01\/september-oktober-november-og-desember-hvorfor-kalles-de-det-hvis-i-dag-er-manedene-nummer-9-10-11-og-12\/#primaryimage","url":"https:\/\/nordnesrepublikken.no\/wp-content\/uploads\/2026\/09\/1788220970_September-oktober-november-og-desember-hvorfor-kalles-de-det-hvis-scaled.jpeg","contentUrl":"https:\/\/nordnesrepublikken.no\/wp-content\/uploads\/2026\/09\/1788220970_September-oktober-november-og-desember-hvorfor-kalles-de-det-hvis-scaled.jpeg","width":2560,"height":1325,"caption":"September, oktober, november og desember: hvorfor kalles de det hvis i dag er m\u00e5nedene nummer 9, 10, 11 og 12?"},{"@type":"BreadcrumbList","@id":"https:\/\/nordnesrepublikken.no\/index.php\/2026\/09\/01\/september-oktober-november-og-desember-hvorfor-kalles-de-det-hvis-i-dag-er-manedene-nummer-9-10-11-og-12\/#breadcrumb","itemListElement":[{"@type":"ListItem","position":1,"name":"Home","item":"https:\/\/nordnesrepublikken.no\/"},{"@type":"ListItem","position":2,"name":"September, oktober, november og desember: hvorfor kalles de det hvis i dag er m\u00e5nedene nummer 9, 10, 11 og 12?"}]},{"@type":"WebSite","@id":"https:\/\/nordnesrepublikken.no\/#website","url":"https:\/\/nordnesrepublikken.no\/","name":"Nordnesrepublikken","description":"Stemmer og Visjoner fra Republikkens Hjerte","publisher":{"@id":"https:\/\/nordnesrepublikken.no\/#organization"},"potentialAction":[{"@type":"SearchAction","target":{"@type":"EntryPoint","urlTemplate":"https:\/\/nordnesrepublikken.no\/?s={search_term_string}"},"query-input":{"@type":"PropertyValueSpecification","valueRequired":true,"valueName":"search_term_string"}}],"inLanguage":"nb-NO"},{"@type":"Organization","@id":"https:\/\/nordnesrepublikken.no\/#organization","name":"Nordnesrepublikken","url":"https:\/\/nordnesrepublikken.no\/","logo":{"@type":"ImageObject","inLanguage":"nb-NO","@id":"https:\/\/nordnesrepublikken.no\/#\/schema\/logo\/image\/","url":"https:\/\/nordnesrepublikken.no\/wp-content\/uploads\/2025\/02\/cropped-nordnesrepublikken-2.png","contentUrl":"https:\/\/nordnesrepublikken.no\/wp-content\/uploads\/2025\/02\/cropped-nordnesrepublikken-2.png","width":1248,"height":362,"caption":"Nordnesrepublikken"},"image":{"@id":"https:\/\/nordnesrepublikken.no\/#\/schema\/logo\/image\/"}},{"@type":"Person","@id":"https:\/\/nordnesrepublikken.no\/#\/schema\/person\/2e7e81935bab77882fffb79296240ff1","name":"Ole Andersen","image":{"@type":"ImageObject","inLanguage":"nb-NO","@id":"https:\/\/nordnesrepublikken.no\/#\/schema\/person\/image\/","url":"https:\/\/nordnesrepublikken.no\/wp-content\/uploads\/2025\/02\/nordnesrepublikken-2-2-150x150.jpg","contentUrl":"https:\/\/nordnesrepublikken.no\/wp-content\/uploads\/2025\/02\/nordnesrepublikken-2-2-150x150.jpg","caption":"Ole Andersen"},"description":"Ettersom jeg vokste opp i Oslo, har jeg alltid v\u00e6rt fascinert av ordenes kraft og deres evne til \u00e5 skape endringer. Etter \u00e5 ha fullf\u00f8rt min utdannelse i kommunikasjon ved Universitetet i Bergen, fikk jeg muligheten til \u00e5 jobbe innen ulike medier, der jeg har s\u00f8kt \u00e5 belyse viktige samfunnssp\u00f8rsm\u00e5l. I dag, som redakt\u00f8r for Nordnesrepublikken, pr\u00f8ver jeg \u00e5 forene min kj\u00e6rlighet for journalistikk med min lidenskap for innovasjon og eventyr.","sameAs":["https:\/\/nordnesrepublikken.no\/"]}]}},"_links":{"self":[{"href":"https:\/\/nordnesrepublikken.no\/index.php\/wp-json\/wp\/v2\/posts\/21665","targetHints":{"allow":["GET"]}}],"collection":[{"href":"https:\/\/nordnesrepublikken.no\/index.php\/wp-json\/wp\/v2\/posts"}],"about":[{"href":"https:\/\/nordnesrepublikken.no\/index.php\/wp-json\/wp\/v2\/types\/post"}],"author":[{"embeddable":true,"href":"https:\/\/nordnesrepublikken.no\/index.php\/wp-json\/wp\/v2\/users\/1"}],"replies":[{"embeddable":true,"href":"https:\/\/nordnesrepublikken.no\/index.php\/wp-json\/wp\/v2\/comments?post=21665"}],"version-history":[{"count":1,"href":"https:\/\/nordnesrepublikken.no\/index.php\/wp-json\/wp\/v2\/posts\/21665\/revisions"}],"predecessor-version":[{"id":21667,"href":"https:\/\/nordnesrepublikken.no\/index.php\/wp-json\/wp\/v2\/posts\/21665\/revisions\/21667"}],"wp:featuredmedia":[{"embeddable":true,"href":"https:\/\/nordnesrepublikken.no\/index.php\/wp-json\/wp\/v2\/media\/21666"}],"wp:attachment":[{"href":"https:\/\/nordnesrepublikken.no\/index.php\/wp-json\/wp\/v2\/media?parent=21665"}],"wp:term":[{"taxonomy":"category","embeddable":true,"href":"https:\/\/nordnesrepublikken.no\/index.php\/wp-json\/wp\/v2\/categories?post=21665"},{"taxonomy":"post_tag","embeddable":true,"href":"https:\/\/nordnesrepublikken.no\/index.php\/wp-json\/wp\/v2\/tags?post=21665"}],"curies":[{"name":"wp","href":"https:\/\/api.w.org\/{rel}","templated":true}]}}