{"id":21659,"date":"2026-08-31T23:02:36","date_gmt":"2026-08-31T21:02:36","guid":{"rendered":"https:\/\/nordnesrepublikken.no\/index.php\/2026\/08\/31\/et-brannrisikoatlas-er-laget-for-6-nasjonalparker-det-forutsier-hvor-flammene-vil-ga\/"},"modified":"2026-08-31T23:02:39","modified_gmt":"2026-08-31T21:02:39","slug":"et-brannrisikoatlas-er-laget-for-6-nasjonalparker-det-forutsier-hvor-flammene-vil-ga","status":"publish","type":"post","link":"https:\/\/nordnesrepublikken.no\/index.php\/2026\/08\/31\/et-brannrisikoatlas-er-laget-for-6-nasjonalparker-det-forutsier-hvor-flammene-vil-ga\/","title":{"rendered":"Et brannrisikoatlas er laget for 6 nasjonalparker: det forutsier hvor flammene vil g\u00e5"},"content":{"rendered":"<div>\n<div class=\"cp_wrapper cp_wrapper--fw mb-30 mb-20@tablet\">\n<figure class=\"mm\"><picture class=\"img\" style=\"padding-top:56.25%\"><source  media=\"(min-width: 1024px)\"><source  media=\"(min-width: 768px)\"><\/source><\/source><\/picture><\/figure>\n<\/p><\/div>\n<p><strong>Seks italienske nasjonalparker <\/strong>de har n\u00e5<strong> et atlas over brannfare<\/strong>et prosjekt koordinert av statsuniversitetet i Milano, i samarbeid med universitetet i Torino, universitetet i Bari Aldo Moro og instituttet for bio\u00f8konomi i det nasjonale forskningsr\u00e5det, og som gjelder <strong>Val Grande, Stelvio, Toskansk-Emilian Apenninene, Gargano, Pollino og Maddalena<\/strong>.<\/p>\n<p>De <strong>Fire-Box-prosjekt<\/strong> ble introdusert for \u00e5 tilby nye verkt\u00f8y for forebygging av branner, p\u00e5 denne m\u00e5ten, som den offisielle pressemeldingen forklarer, vil de kompetente fagene ha til disposisjon en komplett pakke med verkt\u00f8y for \u00e5 analysere brannoppf\u00f8rselen og veilede forebygging, fra en ny nasjonal klassifisering av vegetabilsk brensel, den f\u00f8rste italienske databasen over branner fra 2007 til 2024, et estimat av brannspredningssimulatorer og en brannsimulator.<\/p>\n<h2>Kart og data: hva st\u00e5r i atlaset<\/h2>\n<p>Alt materiell, kart, databaser og tekniske rapporter kan fritt konsulteres av de som er involvert i forebygging. <strong>M\u00e5let er \u00e5 forst\u00e5 hvor en brann g\u00e5r raskest, hvilke omr\u00e5der som er mest utsatt og hvor man kan gripe inn p\u00e5 vegetasjonen<\/strong>alt dette gjennom data, rapporter, kart som bidrar til \u00e5 fylle dette informasjonsgapet og st\u00f8tter forskning p\u00e5 brannregimer og deres forhold til klima, vegetasjon og arealbruk.<\/p>\n<p><strong>Giorgio Vacchiano<\/strong>professor i skogforvaltning og planlegging ved Institutt for landbruks- og milj\u00f8vitenskap ved Universitetet i Milano og koordinator for prosjektet, spesifiserte at &laquo;For \u00e5 forhindre branner er det ikke nok \u00e5 vite hvor og hvordan de brant i fortiden, vi trenger \u00e5 forst\u00e5 hvor brenselet befinner seg, hvordan brannen kan spre seg og hvilke mennesker, infrastrukturer og \u00f8kosystemer som ville bli utsatt&raquo;.<\/p>\n<p>Videre gir \u00abFIRE-BOX endelig et felles grunnlag for \u00e5 lese disse elementene sammen. <strong>Produktene er \u00e5pne og kan oppdateres og forbedres<\/strong>deres verdi vil n\u00e5 avhenge av evnen til \u00e5 transformere dem til konkrete valg, og konsentrere forebygging i de omr\u00e5dene der det kan redusere risikoen mest, forklarer Vacchiano.<\/p>\n<p>Som vi sa i begynnelsen, er utgangspunktet nettopp dette <strong>en ny nasjonal klassifisering av vegetabilsk drivstoff<\/strong>hva brann bruker, gress, busker og treaktig biomasse. Fire-Box har kartlagt og bestilt dem i en klassifisering som gjelder for hele landet, ledsaget av beskrivende ark, en felles pr\u00f8vetakingsprotokoll og en nasjonal database. Fra dette arbeidet ble det italienske kartet over drivstofftyper og -modeller f\u00f8dt, som tjener til \u00e5 bygge forplantningsscenarier og identifisere omr\u00e5dene der det er hensiktsmessig \u00e5 gripe inn i vegetasjonen.<\/p>\n<div class=\"cp_wrapper cp_wrapper--fw mb-50\">\n<figure class=\"mm\"><picture class=\"img\" style=\"padding-top:70.528109028961%\"><source  media=\"(min-width: 1024px)\"><source  media=\"(min-width: 768px)\"><img decoding=\"async\" loading=\"lazy\" src=\"https:\/\/nordnesrepublikken.no\/wp-content\/uploads\/2026\/08\/1788210156_615_Et-brannrisikoatlas-er-laget-for-6-nasjonalparker-det-forutsier-hvor.jpg\" alt=\"Bilde\" width=\"1174\" height=\"828\"\/><\/source><\/source><\/picture><\/figure>\n<\/p><\/div>\n<h2>Database over branner som oppsto mellom 2007 og 2024: simulering og forebygging<\/h2>\n<p>Det andre trinnet er <strong>database over branner som oppsto mellom 2007 og 2024<\/strong>. For f\u00f8rste gang samles informasjonen spredt mellom regionale og nasjonale kilder i ett enkelt arkiv, som lar oss forst\u00e5 hvor, n\u00e5r og under hvilke forhold brannene oppsto. For administrasjoner og teknikere betyr det \u00e5 kunne gjenkjenne omstendighetene som har gjort visse hendelser mer alvorlige, oppdatere brannforebyggende planer og estimere milj\u00f8effektene av brannen.<\/p>\n<p>Det tredje verkt\u00f8yet er en <strong>nettplattform som lar deg kombinere simuleringer og forebygging<\/strong>gjennom en webGIS-applikasjon som gj\u00f8r det mulig \u00e5 bruke de territorielle dataene og modellene produsert av prosjektet til \u00e5 forutsi utviklingen av brannfronten i rom og tid, og skille mellom faren for brann, s\u00e5rbarheten til de involverte elementene, deres eksponering og den resulterende risikoen. Som det st\u00e5r i pressemeldingen, &laquo;kan analysen av disse omr\u00e5dene bidra til \u00e5 etablere forebyggingsprioriteringer, planlegge drivstoffh\u00e5ndtering rundt bosetninger og forbedre planleggingen av sivilbeskyttelse&raquo;. Dette er nettopp terrenget Fire-Box har som m\u00e5l \u00e5 gj\u00f8re en forskjell p\u00e5, grensesnittomr\u00e5dene by-skog<b> <\/b>der brennbar vegetasjon kommer n\u00e6r boliger og infrastruktur. \u00c5 vite p\u00e5 forh\u00e5nd hvor brannen kan komme fra, og hvor raskt, er f\u00f8rste skritt for \u00e5 ikke bli tatt uforberedt.<\/p>\n<\/p><\/div>\n","protected":false},"excerpt":{"rendered":"<p>Seks italienske nasjonalparker de har n\u00e5 et atlas over brannfareet prosjekt koordinert av statsuniversitetet i<\/p>\n","protected":false},"author":1,"featured_media":21660,"comment_status":"closed","ping_status":"open","sticky":false,"template":"","format":"standard","meta":{"footnotes":""},"categories":[26],"tags":[14168,66,3606,11963,698,449,1015,14169,149],"class_list":["post-21659","post","type-post","status-publish","format-standard","has-post-thumbnail","hentry","category-miljo","tag-brannrisikoatlas","tag-det","tag-flammene","tag-forutsier","tag-ga","tag-hvor","tag-laget","tag-nasjonalparker","tag-vil","generate-columns","tablet-grid-50","mobile-grid-100","grid-parent","grid-33","resize-featured-image"],"yoast_head":"<!-- This site is optimized with the Yoast SEO plugin v24.4 - https:\/\/yoast.com\/wordpress\/plugins\/seo\/ -->\n<title>Et brannrisikoatlas er laget for 6 nasjonalparker: det forutsier hvor flammene vil g\u00e5 - Nordnesrepublikken<\/title>\n<meta name=\"robots\" content=\"index, follow, max-snippet:-1, max-image-preview:large, max-video-preview:-1\" \/>\n<link rel=\"canonical\" href=\"https:\/\/nordnesrepublikken.no\/index.php\/2026\/08\/31\/et-brannrisikoatlas-er-laget-for-6-nasjonalparker-det-forutsier-hvor-flammene-vil-ga\/\" \/>\n<meta property=\"og:locale\" content=\"nb_NO\" \/>\n<meta property=\"og:type\" content=\"article\" \/>\n<meta property=\"og:title\" content=\"Et brannrisikoatlas er laget for 6 nasjonalparker: det forutsier hvor flammene vil g\u00e5 - Nordnesrepublikken\" \/>\n<meta property=\"og:description\" content=\"Seks italienske nasjonalparker de har n\u00e5 et atlas over brannfareet prosjekt koordinert av statsuniversitetet i\" \/>\n<meta property=\"og:url\" content=\"https:\/\/nordnesrepublikken.no\/index.php\/2026\/08\/31\/et-brannrisikoatlas-er-laget-for-6-nasjonalparker-det-forutsier-hvor-flammene-vil-ga\/\" \/>\n<meta property=\"og:site_name\" content=\"Nordnesrepublikken\" \/>\n<meta property=\"article:published_time\" content=\"2026-08-31T21:02:36+00:00\" \/>\n<meta property=\"article:modified_time\" content=\"2026-08-31T21:02:39+00:00\" \/>\n<meta property=\"og:image\" content=\"https:\/\/nordnesrepublikken.no\/wp-content\/uploads\/2026\/08\/1788210157_Et-brannrisikoatlas-er-laget-for-6-nasjonalparker-det-forutsier-hvor.jpg\" \/>\n\t<meta property=\"og:image:width\" content=\"2121\" \/>\n\t<meta property=\"og:image:height\" content=\"1414\" \/>\n\t<meta property=\"og:image:type\" content=\"image\/jpeg\" \/>\n<meta name=\"author\" content=\"Ole Andersen\" \/>\n<meta name=\"twitter:card\" content=\"summary_large_image\" \/>\n<meta name=\"twitter:label1\" content=\"Skrevet av\" \/>\n\t<meta name=\"twitter:data1\" content=\"Ole Andersen\" \/>\n\t<meta name=\"twitter:label2\" content=\"Ansl. lesetid\" \/>\n\t<meta name=\"twitter:data2\" content=\"3 minutter\" \/>\n<script type=\"application\/ld+json\" class=\"yoast-schema-graph\">{\"@context\":\"https:\/\/schema.org\",\"@graph\":[{\"@type\":\"Article\",\"@id\":\"https:\/\/nordnesrepublikken.no\/index.php\/2026\/08\/31\/et-brannrisikoatlas-er-laget-for-6-nasjonalparker-det-forutsier-hvor-flammene-vil-ga\/#article\",\"isPartOf\":{\"@id\":\"https:\/\/nordnesrepublikken.no\/index.php\/2026\/08\/31\/et-brannrisikoatlas-er-laget-for-6-nasjonalparker-det-forutsier-hvor-flammene-vil-ga\/\"},\"author\":{\"name\":\"Ole Andersen\",\"@id\":\"https:\/\/nordnesrepublikken.no\/#\/schema\/person\/2e7e81935bab77882fffb79296240ff1\"},\"headline\":\"Et brannrisikoatlas er laget for 6 nasjonalparker: det forutsier hvor flammene vil g\u00e5\",\"datePublished\":\"2026-08-31T21:02:36+00:00\",\"dateModified\":\"2026-08-31T21:02:39+00:00\",\"mainEntityOfPage\":{\"@id\":\"https:\/\/nordnesrepublikken.no\/index.php\/2026\/08\/31\/et-brannrisikoatlas-er-laget-for-6-nasjonalparker-det-forutsier-hvor-flammene-vil-ga\/\"},\"wordCount\":593,\"publisher\":{\"@id\":\"https:\/\/nordnesrepublikken.no\/#organization\"},\"image\":{\"@id\":\"https:\/\/nordnesrepublikken.no\/index.php\/2026\/08\/31\/et-brannrisikoatlas-er-laget-for-6-nasjonalparker-det-forutsier-hvor-flammene-vil-ga\/#primaryimage\"},\"thumbnailUrl\":\"https:\/\/nordnesrepublikken.no\/wp-content\/uploads\/2026\/08\/1788210157_Et-brannrisikoatlas-er-laget-for-6-nasjonalparker-det-forutsier-hvor.jpg\",\"keywords\":[\"brannrisikoatlas\",\"Det\",\"Flammene\",\"forutsier\",\"g\u00e5\",\"hvor\",\"laget\",\"nasjonalparker\",\"vil\"],\"articleSection\":[\"Milj\u00f8\"],\"inLanguage\":\"nb-NO\"},{\"@type\":\"WebPage\",\"@id\":\"https:\/\/nordnesrepublikken.no\/index.php\/2026\/08\/31\/et-brannrisikoatlas-er-laget-for-6-nasjonalparker-det-forutsier-hvor-flammene-vil-ga\/\",\"url\":\"https:\/\/nordnesrepublikken.no\/index.php\/2026\/08\/31\/et-brannrisikoatlas-er-laget-for-6-nasjonalparker-det-forutsier-hvor-flammene-vil-ga\/\",\"name\":\"Et brannrisikoatlas er laget for 6 nasjonalparker: det forutsier hvor flammene vil g\u00e5 - Nordnesrepublikken\",\"isPartOf\":{\"@id\":\"https:\/\/nordnesrepublikken.no\/#website\"},\"primaryImageOfPage\":{\"@id\":\"https:\/\/nordnesrepublikken.no\/index.php\/2026\/08\/31\/et-brannrisikoatlas-er-laget-for-6-nasjonalparker-det-forutsier-hvor-flammene-vil-ga\/#primaryimage\"},\"image\":{\"@id\":\"https:\/\/nordnesrepublikken.no\/index.php\/2026\/08\/31\/et-brannrisikoatlas-er-laget-for-6-nasjonalparker-det-forutsier-hvor-flammene-vil-ga\/#primaryimage\"},\"thumbnailUrl\":\"https:\/\/nordnesrepublikken.no\/wp-content\/uploads\/2026\/08\/1788210157_Et-brannrisikoatlas-er-laget-for-6-nasjonalparker-det-forutsier-hvor.jpg\",\"datePublished\":\"2026-08-31T21:02:36+00:00\",\"dateModified\":\"2026-08-31T21:02:39+00:00\",\"breadcrumb\":{\"@id\":\"https:\/\/nordnesrepublikken.no\/index.php\/2026\/08\/31\/et-brannrisikoatlas-er-laget-for-6-nasjonalparker-det-forutsier-hvor-flammene-vil-ga\/#breadcrumb\"},\"inLanguage\":\"nb-NO\",\"potentialAction\":[{\"@type\":\"ReadAction\",\"target\":[\"https:\/\/nordnesrepublikken.no\/index.php\/2026\/08\/31\/et-brannrisikoatlas-er-laget-for-6-nasjonalparker-det-forutsier-hvor-flammene-vil-ga\/\"]}]},{\"@type\":\"ImageObject\",\"inLanguage\":\"nb-NO\",\"@id\":\"https:\/\/nordnesrepublikken.no\/index.php\/2026\/08\/31\/et-brannrisikoatlas-er-laget-for-6-nasjonalparker-det-forutsier-hvor-flammene-vil-ga\/#primaryimage\",\"url\":\"https:\/\/nordnesrepublikken.no\/wp-content\/uploads\/2026\/08\/1788210157_Et-brannrisikoatlas-er-laget-for-6-nasjonalparker-det-forutsier-hvor.jpg\",\"contentUrl\":\"https:\/\/nordnesrepublikken.no\/wp-content\/uploads\/2026\/08\/1788210157_Et-brannrisikoatlas-er-laget-for-6-nasjonalparker-det-forutsier-hvor.jpg\",\"width\":2121,\"height\":1414,\"caption\":\"Et brannrisikoatlas er laget for 6 nasjonalparker: det forutsier hvor flammene vil g\u00e5\"},{\"@type\":\"BreadcrumbList\",\"@id\":\"https:\/\/nordnesrepublikken.no\/index.php\/2026\/08\/31\/et-brannrisikoatlas-er-laget-for-6-nasjonalparker-det-forutsier-hvor-flammene-vil-ga\/#breadcrumb\",\"itemListElement\":[{\"@type\":\"ListItem\",\"position\":1,\"name\":\"Home\",\"item\":\"https:\/\/nordnesrepublikken.no\/\"},{\"@type\":\"ListItem\",\"position\":2,\"name\":\"Et brannrisikoatlas er laget for 6 nasjonalparker: det forutsier hvor flammene vil g\u00e5\"}]},{\"@type\":\"WebSite\",\"@id\":\"https:\/\/nordnesrepublikken.no\/#website\",\"url\":\"https:\/\/nordnesrepublikken.no\/\",\"name\":\"Nordnesrepublikken\",\"description\":\"Stemmer og Visjoner fra Republikkens Hjerte\",\"publisher\":{\"@id\":\"https:\/\/nordnesrepublikken.no\/#organization\"},\"potentialAction\":[{\"@type\":\"SearchAction\",\"target\":{\"@type\":\"EntryPoint\",\"urlTemplate\":\"https:\/\/nordnesrepublikken.no\/?s={search_term_string}\"},\"query-input\":{\"@type\":\"PropertyValueSpecification\",\"valueRequired\":true,\"valueName\":\"search_term_string\"}}],\"inLanguage\":\"nb-NO\"},{\"@type\":\"Organization\",\"@id\":\"https:\/\/nordnesrepublikken.no\/#organization\",\"name\":\"Nordnesrepublikken\",\"url\":\"https:\/\/nordnesrepublikken.no\/\",\"logo\":{\"@type\":\"ImageObject\",\"inLanguage\":\"nb-NO\",\"@id\":\"https:\/\/nordnesrepublikken.no\/#\/schema\/logo\/image\/\",\"url\":\"https:\/\/nordnesrepublikken.no\/wp-content\/uploads\/2025\/02\/cropped-nordnesrepublikken-2.png\",\"contentUrl\":\"https:\/\/nordnesrepublikken.no\/wp-content\/uploads\/2025\/02\/cropped-nordnesrepublikken-2.png\",\"width\":1248,\"height\":362,\"caption\":\"Nordnesrepublikken\"},\"image\":{\"@id\":\"https:\/\/nordnesrepublikken.no\/#\/schema\/logo\/image\/\"}},{\"@type\":\"Person\",\"@id\":\"https:\/\/nordnesrepublikken.no\/#\/schema\/person\/2e7e81935bab77882fffb79296240ff1\",\"name\":\"Ole Andersen\",\"image\":{\"@type\":\"ImageObject\",\"inLanguage\":\"nb-NO\",\"@id\":\"https:\/\/nordnesrepublikken.no\/#\/schema\/person\/image\/\",\"url\":\"https:\/\/nordnesrepublikken.no\/wp-content\/uploads\/2025\/02\/nordnesrepublikken-2-2-150x150.jpg\",\"contentUrl\":\"https:\/\/nordnesrepublikken.no\/wp-content\/uploads\/2025\/02\/nordnesrepublikken-2-2-150x150.jpg\",\"caption\":\"Ole Andersen\"},\"description\":\"Ettersom jeg vokste opp i Oslo, har jeg alltid v\u00e6rt fascinert av ordenes kraft og deres evne til \u00e5 skape endringer. Etter \u00e5 ha fullf\u00f8rt min utdannelse i kommunikasjon ved Universitetet i Bergen, fikk jeg muligheten til \u00e5 jobbe innen ulike medier, der jeg har s\u00f8kt \u00e5 belyse viktige samfunnssp\u00f8rsm\u00e5l. I dag, som redakt\u00f8r for Nordnesrepublikken, pr\u00f8ver jeg \u00e5 forene min kj\u00e6rlighet for journalistikk med min lidenskap for innovasjon og eventyr.\",\"sameAs\":[\"https:\/\/nordnesrepublikken.no\/\"]}]}<\/script>\n<!-- \/ Yoast SEO plugin. -->","yoast_head_json":{"title":"Et brannrisikoatlas er laget for 6 nasjonalparker: det forutsier hvor flammene vil g\u00e5 - Nordnesrepublikken","robots":{"index":"index","follow":"follow","max-snippet":"max-snippet:-1","max-image-preview":"max-image-preview:large","max-video-preview":"max-video-preview:-1"},"canonical":"https:\/\/nordnesrepublikken.no\/index.php\/2026\/08\/31\/et-brannrisikoatlas-er-laget-for-6-nasjonalparker-det-forutsier-hvor-flammene-vil-ga\/","og_locale":"nb_NO","og_type":"article","og_title":"Et brannrisikoatlas er laget for 6 nasjonalparker: det forutsier hvor flammene vil g\u00e5 - Nordnesrepublikken","og_description":"Seks italienske nasjonalparker de har n\u00e5 et atlas over brannfareet prosjekt koordinert av statsuniversitetet i","og_url":"https:\/\/nordnesrepublikken.no\/index.php\/2026\/08\/31\/et-brannrisikoatlas-er-laget-for-6-nasjonalparker-det-forutsier-hvor-flammene-vil-ga\/","og_site_name":"Nordnesrepublikken","article_published_time":"2026-08-31T21:02:36+00:00","article_modified_time":"2026-08-31T21:02:39+00:00","og_image":[{"width":2121,"height":1414,"url":"https:\/\/nordnesrepublikken.no\/wp-content\/uploads\/2026\/08\/1788210157_Et-brannrisikoatlas-er-laget-for-6-nasjonalparker-det-forutsier-hvor.jpg","type":"image\/jpeg"}],"author":"Ole Andersen","twitter_card":"summary_large_image","twitter_misc":{"Skrevet av":"Ole Andersen","Ansl. lesetid":"3 minutter"},"schema":{"@context":"https:\/\/schema.org","@graph":[{"@type":"Article","@id":"https:\/\/nordnesrepublikken.no\/index.php\/2026\/08\/31\/et-brannrisikoatlas-er-laget-for-6-nasjonalparker-det-forutsier-hvor-flammene-vil-ga\/#article","isPartOf":{"@id":"https:\/\/nordnesrepublikken.no\/index.php\/2026\/08\/31\/et-brannrisikoatlas-er-laget-for-6-nasjonalparker-det-forutsier-hvor-flammene-vil-ga\/"},"author":{"name":"Ole Andersen","@id":"https:\/\/nordnesrepublikken.no\/#\/schema\/person\/2e7e81935bab77882fffb79296240ff1"},"headline":"Et brannrisikoatlas er laget for 6 nasjonalparker: det forutsier hvor flammene vil g\u00e5","datePublished":"2026-08-31T21:02:36+00:00","dateModified":"2026-08-31T21:02:39+00:00","mainEntityOfPage":{"@id":"https:\/\/nordnesrepublikken.no\/index.php\/2026\/08\/31\/et-brannrisikoatlas-er-laget-for-6-nasjonalparker-det-forutsier-hvor-flammene-vil-ga\/"},"wordCount":593,"publisher":{"@id":"https:\/\/nordnesrepublikken.no\/#organization"},"image":{"@id":"https:\/\/nordnesrepublikken.no\/index.php\/2026\/08\/31\/et-brannrisikoatlas-er-laget-for-6-nasjonalparker-det-forutsier-hvor-flammene-vil-ga\/#primaryimage"},"thumbnailUrl":"https:\/\/nordnesrepublikken.no\/wp-content\/uploads\/2026\/08\/1788210157_Et-brannrisikoatlas-er-laget-for-6-nasjonalparker-det-forutsier-hvor.jpg","keywords":["brannrisikoatlas","Det","Flammene","forutsier","g\u00e5","hvor","laget","nasjonalparker","vil"],"articleSection":["Milj\u00f8"],"inLanguage":"nb-NO"},{"@type":"WebPage","@id":"https:\/\/nordnesrepublikken.no\/index.php\/2026\/08\/31\/et-brannrisikoatlas-er-laget-for-6-nasjonalparker-det-forutsier-hvor-flammene-vil-ga\/","url":"https:\/\/nordnesrepublikken.no\/index.php\/2026\/08\/31\/et-brannrisikoatlas-er-laget-for-6-nasjonalparker-det-forutsier-hvor-flammene-vil-ga\/","name":"Et brannrisikoatlas er laget for 6 nasjonalparker: det forutsier hvor flammene vil g\u00e5 - Nordnesrepublikken","isPartOf":{"@id":"https:\/\/nordnesrepublikken.no\/#website"},"primaryImageOfPage":{"@id":"https:\/\/nordnesrepublikken.no\/index.php\/2026\/08\/31\/et-brannrisikoatlas-er-laget-for-6-nasjonalparker-det-forutsier-hvor-flammene-vil-ga\/#primaryimage"},"image":{"@id":"https:\/\/nordnesrepublikken.no\/index.php\/2026\/08\/31\/et-brannrisikoatlas-er-laget-for-6-nasjonalparker-det-forutsier-hvor-flammene-vil-ga\/#primaryimage"},"thumbnailUrl":"https:\/\/nordnesrepublikken.no\/wp-content\/uploads\/2026\/08\/1788210157_Et-brannrisikoatlas-er-laget-for-6-nasjonalparker-det-forutsier-hvor.jpg","datePublished":"2026-08-31T21:02:36+00:00","dateModified":"2026-08-31T21:02:39+00:00","breadcrumb":{"@id":"https:\/\/nordnesrepublikken.no\/index.php\/2026\/08\/31\/et-brannrisikoatlas-er-laget-for-6-nasjonalparker-det-forutsier-hvor-flammene-vil-ga\/#breadcrumb"},"inLanguage":"nb-NO","potentialAction":[{"@type":"ReadAction","target":["https:\/\/nordnesrepublikken.no\/index.php\/2026\/08\/31\/et-brannrisikoatlas-er-laget-for-6-nasjonalparker-det-forutsier-hvor-flammene-vil-ga\/"]}]},{"@type":"ImageObject","inLanguage":"nb-NO","@id":"https:\/\/nordnesrepublikken.no\/index.php\/2026\/08\/31\/et-brannrisikoatlas-er-laget-for-6-nasjonalparker-det-forutsier-hvor-flammene-vil-ga\/#primaryimage","url":"https:\/\/nordnesrepublikken.no\/wp-content\/uploads\/2026\/08\/1788210157_Et-brannrisikoatlas-er-laget-for-6-nasjonalparker-det-forutsier-hvor.jpg","contentUrl":"https:\/\/nordnesrepublikken.no\/wp-content\/uploads\/2026\/08\/1788210157_Et-brannrisikoatlas-er-laget-for-6-nasjonalparker-det-forutsier-hvor.jpg","width":2121,"height":1414,"caption":"Et brannrisikoatlas er laget for 6 nasjonalparker: det forutsier hvor flammene vil g\u00e5"},{"@type":"BreadcrumbList","@id":"https:\/\/nordnesrepublikken.no\/index.php\/2026\/08\/31\/et-brannrisikoatlas-er-laget-for-6-nasjonalparker-det-forutsier-hvor-flammene-vil-ga\/#breadcrumb","itemListElement":[{"@type":"ListItem","position":1,"name":"Home","item":"https:\/\/nordnesrepublikken.no\/"},{"@type":"ListItem","position":2,"name":"Et brannrisikoatlas er laget for 6 nasjonalparker: det forutsier hvor flammene vil g\u00e5"}]},{"@type":"WebSite","@id":"https:\/\/nordnesrepublikken.no\/#website","url":"https:\/\/nordnesrepublikken.no\/","name":"Nordnesrepublikken","description":"Stemmer og Visjoner fra Republikkens Hjerte","publisher":{"@id":"https:\/\/nordnesrepublikken.no\/#organization"},"potentialAction":[{"@type":"SearchAction","target":{"@type":"EntryPoint","urlTemplate":"https:\/\/nordnesrepublikken.no\/?s={search_term_string}"},"query-input":{"@type":"PropertyValueSpecification","valueRequired":true,"valueName":"search_term_string"}}],"inLanguage":"nb-NO"},{"@type":"Organization","@id":"https:\/\/nordnesrepublikken.no\/#organization","name":"Nordnesrepublikken","url":"https:\/\/nordnesrepublikken.no\/","logo":{"@type":"ImageObject","inLanguage":"nb-NO","@id":"https:\/\/nordnesrepublikken.no\/#\/schema\/logo\/image\/","url":"https:\/\/nordnesrepublikken.no\/wp-content\/uploads\/2025\/02\/cropped-nordnesrepublikken-2.png","contentUrl":"https:\/\/nordnesrepublikken.no\/wp-content\/uploads\/2025\/02\/cropped-nordnesrepublikken-2.png","width":1248,"height":362,"caption":"Nordnesrepublikken"},"image":{"@id":"https:\/\/nordnesrepublikken.no\/#\/schema\/logo\/image\/"}},{"@type":"Person","@id":"https:\/\/nordnesrepublikken.no\/#\/schema\/person\/2e7e81935bab77882fffb79296240ff1","name":"Ole Andersen","image":{"@type":"ImageObject","inLanguage":"nb-NO","@id":"https:\/\/nordnesrepublikken.no\/#\/schema\/person\/image\/","url":"https:\/\/nordnesrepublikken.no\/wp-content\/uploads\/2025\/02\/nordnesrepublikken-2-2-150x150.jpg","contentUrl":"https:\/\/nordnesrepublikken.no\/wp-content\/uploads\/2025\/02\/nordnesrepublikken-2-2-150x150.jpg","caption":"Ole Andersen"},"description":"Ettersom jeg vokste opp i Oslo, har jeg alltid v\u00e6rt fascinert av ordenes kraft og deres evne til \u00e5 skape endringer. Etter \u00e5 ha fullf\u00f8rt min utdannelse i kommunikasjon ved Universitetet i Bergen, fikk jeg muligheten til \u00e5 jobbe innen ulike medier, der jeg har s\u00f8kt \u00e5 belyse viktige samfunnssp\u00f8rsm\u00e5l. I dag, som redakt\u00f8r for Nordnesrepublikken, pr\u00f8ver jeg \u00e5 forene min kj\u00e6rlighet for journalistikk med min lidenskap for innovasjon og eventyr.","sameAs":["https:\/\/nordnesrepublikken.no\/"]}]}},"_links":{"self":[{"href":"https:\/\/nordnesrepublikken.no\/index.php\/wp-json\/wp\/v2\/posts\/21659","targetHints":{"allow":["GET"]}}],"collection":[{"href":"https:\/\/nordnesrepublikken.no\/index.php\/wp-json\/wp\/v2\/posts"}],"about":[{"href":"https:\/\/nordnesrepublikken.no\/index.php\/wp-json\/wp\/v2\/types\/post"}],"author":[{"embeddable":true,"href":"https:\/\/nordnesrepublikken.no\/index.php\/wp-json\/wp\/v2\/users\/1"}],"replies":[{"embeddable":true,"href":"https:\/\/nordnesrepublikken.no\/index.php\/wp-json\/wp\/v2\/comments?post=21659"}],"version-history":[{"count":1,"href":"https:\/\/nordnesrepublikken.no\/index.php\/wp-json\/wp\/v2\/posts\/21659\/revisions"}],"predecessor-version":[{"id":21661,"href":"https:\/\/nordnesrepublikken.no\/index.php\/wp-json\/wp\/v2\/posts\/21659\/revisions\/21661"}],"wp:featuredmedia":[{"embeddable":true,"href":"https:\/\/nordnesrepublikken.no\/index.php\/wp-json\/wp\/v2\/media\/21660"}],"wp:attachment":[{"href":"https:\/\/nordnesrepublikken.no\/index.php\/wp-json\/wp\/v2\/media?parent=21659"}],"wp:term":[{"taxonomy":"category","embeddable":true,"href":"https:\/\/nordnesrepublikken.no\/index.php\/wp-json\/wp\/v2\/categories?post=21659"},{"taxonomy":"post_tag","embeddable":true,"href":"https:\/\/nordnesrepublikken.no\/index.php\/wp-json\/wp\/v2\/tags?post=21659"}],"curies":[{"name":"wp","href":"https:\/\/api.w.org\/{rel}","templated":true}]}}