{"id":21656,"date":"2026-08-31T22:03:05","date_gmt":"2026-08-31T20:03:05","guid":{"rendered":"https:\/\/nordnesrepublikken.no\/index.php\/2026\/08\/31\/jordskjelv-med-styrke-33-i-provinsen-palermo-episenter-i-petralia-sottana\/"},"modified":"2026-08-31T22:03:07","modified_gmt":"2026-08-31T20:03:07","slug":"jordskjelv-med-styrke-33-i-provinsen-palermo-episenter-i-petralia-sottana","status":"publish","type":"post","link":"https:\/\/nordnesrepublikken.no\/index.php\/2026\/08\/31\/jordskjelv-med-styrke-33-i-provinsen-palermo-episenter-i-petralia-sottana\/","title":{"rendered":"Jordskjelv med styrke 3,3 i provinsen Palermo: episenter i Petralia Sottana"},"content":{"rendered":"<div>\n<div class=\"cp_wrapper cp_wrapper--fw mb-30 mb-20@tablet\">\n<figure class=\"mm\"><picture class=\"img\" style=\"padding-top:56.25%\"><source  media=\"(min-width: 1024px)\"><source  media=\"(min-width: 768px)\"><\/source><\/source><\/picture><\/figure>\n<\/p><\/div>\n<p>Et sjokk av <b>jordskjelv <\/b>Av<b> styrke 3. <\/b>treffer provinsen <strong>Palermo<\/strong>i <strong>Sicilia<\/strong>i dag 31. august, kl <strong>14.57.<\/strong> I f\u00f8lge det som ble registrert av INGV, var episenteret lokalisert 2 km unna <strong>Petralia Sottana<\/strong>ca 71 km fra den sicilianske hovedstaden. Hyposenteret ble imidlertid oppdaget kl <strong>9.2<\/strong> <strong>km dyp.<\/strong><\/p>\n<p>Sjokket ville v\u00e6rt <strong>advart<\/strong> av befolkningen i omr\u00e5det: for \u00f8yeblikket, men <strong>ingen spesiell skade ble rapportert. <\/strong>Episenteret for sjokket ble oppdaget 37 km fra Caltanissetta, 58 km fra Bagheria og 73 km fra Agrigento.<\/p>\n<p>Fra et geologisk synspunkt regnes Sicilia <strong>et sv\u00e6rt seismisk omr\u00e5de<\/strong> p\u00e5 grunn av kollisjonen mellom to tektoniske plater, alts\u00e5 <strong>Afrikansk og eurasisk<\/strong>. Dette genererer komplekser <strong>feilsystemer<\/strong> som i noen tilfeller kan gi opphav til sv\u00e6rt intense jordskjelv, slik som det som ble registrert p\u00e5 det \u00f8stlige Sicilia i 1693, det sterkeste som noen gang er registrert i Italia.<\/p>\n<p>I f\u00f8lge det seismiske farekartet utviklet av INGV, faller episenteromr\u00e5det innenfor et omr\u00e5de med middels\/lav seismisk fare: fargene forbundet med lavere akselerasjoner indikerer <strong>mindre farlige omr\u00e5der<\/strong>hvor <strong>hyppighet<\/strong> av sterkere jordskjelv <strong>er mindre<\/strong> sammenlignet med de farligere, men dette <strong>det betyr ikke det<\/strong> <strong>kan ikke forekomme<\/strong>.<\/p>\n<div class=\"cp_wrapper cp_wrapper--fw mb-50\">\n<figure class=\"mm\"><picture class=\"img\" style=\"padding-top:115.16666666667%\"><source  media=\"(min-width: 1024px)\"><source  media=\"(min-width: 768px)\"><img decoding=\"async\" loading=\"lazy\" src=\"https:\/\/nordnesrepublikken.no\/wp-content\/uploads\/2026\/08\/Jordskjelv-med-styrke-33-i-provinsen-Palermo-episenter-i-Petralia.jpeg\" alt=\"Siciliansk seismisk farekart\" width=\"1200\" height=\"1382\"\/><\/source><\/source><\/picture><\/figure>\n<\/p><\/div>\n<\/p><\/div>\n","protected":false},"excerpt":{"rendered":"<p>Et sjokk av jordskjelv Av styrke 3. treffer provinsen Palermoi Siciliai dag 31. august, kl<\/p>\n","protected":false},"author":1,"featured_media":21657,"comment_status":"closed","ping_status":"open","sticky":false,"template":"","format":"standard","meta":{"footnotes":""},"categories":[24],"tags":[2076,137,79,5537,14166,2073,14167,6954],"class_list":["post-21656","post","type-post","status-publish","format-standard","has-post-thumbnail","hentry","category-vitenskap","tag-episenter","tag-jordskjelv","tag-med","tag-palermo","tag-petralia","tag-provinsen","tag-sottana","tag-styrke","generate-columns","tablet-grid-50","mobile-grid-100","grid-parent","grid-33","resize-featured-image"],"yoast_head":"<!-- This site is optimized with the Yoast SEO plugin v24.4 - https:\/\/yoast.com\/wordpress\/plugins\/seo\/ -->\n<title>Jordskjelv med styrke 3,3 i provinsen Palermo: episenter i Petralia Sottana - Nordnesrepublikken<\/title>\n<meta name=\"robots\" content=\"index, follow, max-snippet:-1, max-image-preview:large, max-video-preview:-1\" \/>\n<link rel=\"canonical\" href=\"https:\/\/nordnesrepublikken.no\/index.php\/2026\/08\/31\/jordskjelv-med-styrke-33-i-provinsen-palermo-episenter-i-petralia-sottana\/\" \/>\n<meta property=\"og:locale\" content=\"nb_NO\" \/>\n<meta property=\"og:type\" content=\"article\" \/>\n<meta property=\"og:title\" content=\"Jordskjelv med styrke 3,3 i provinsen Palermo: episenter i Petralia Sottana - Nordnesrepublikken\" \/>\n<meta property=\"og:description\" content=\"Et sjokk av jordskjelv Av styrke 3. treffer provinsen Palermoi Siciliai dag 31. august, kl\" \/>\n<meta property=\"og:url\" content=\"https:\/\/nordnesrepublikken.no\/index.php\/2026\/08\/31\/jordskjelv-med-styrke-33-i-provinsen-palermo-episenter-i-petralia-sottana\/\" \/>\n<meta property=\"og:site_name\" content=\"Nordnesrepublikken\" \/>\n<meta property=\"article:published_time\" content=\"2026-08-31T20:03:05+00:00\" \/>\n<meta property=\"article:modified_time\" content=\"2026-08-31T20:03:07+00:00\" \/>\n<meta property=\"og:image\" content=\"https:\/\/nordnesrepublikken.no\/wp-content\/uploads\/2026\/08\/1788206586_Jordskjelv-med-styrke-33-i-provinsen-Palermo-episenter-i-Petralia.jpg\" \/>\n\t<meta property=\"og:image:width\" content=\"1280\" \/>\n\t<meta property=\"og:image:height\" content=\"720\" \/>\n\t<meta property=\"og:image:type\" content=\"image\/jpeg\" \/>\n<meta name=\"author\" content=\"Ole Andersen\" \/>\n<meta name=\"twitter:card\" content=\"summary_large_image\" \/>\n<meta name=\"twitter:label1\" content=\"Skrevet av\" \/>\n\t<meta name=\"twitter:data1\" content=\"Ole Andersen\" \/>\n\t<meta name=\"twitter:label2\" content=\"Ansl. lesetid\" \/>\n\t<meta name=\"twitter:data2\" content=\"1 minutt\" \/>\n<script type=\"application\/ld+json\" class=\"yoast-schema-graph\">{\"@context\":\"https:\/\/schema.org\",\"@graph\":[{\"@type\":\"Article\",\"@id\":\"https:\/\/nordnesrepublikken.no\/index.php\/2026\/08\/31\/jordskjelv-med-styrke-33-i-provinsen-palermo-episenter-i-petralia-sottana\/#article\",\"isPartOf\":{\"@id\":\"https:\/\/nordnesrepublikken.no\/index.php\/2026\/08\/31\/jordskjelv-med-styrke-33-i-provinsen-palermo-episenter-i-petralia-sottana\/\"},\"author\":{\"name\":\"Ole Andersen\",\"@id\":\"https:\/\/nordnesrepublikken.no\/#\/schema\/person\/2e7e81935bab77882fffb79296240ff1\"},\"headline\":\"Jordskjelv med styrke 3,3 i provinsen Palermo: episenter i Petralia Sottana\",\"datePublished\":\"2026-08-31T20:03:05+00:00\",\"dateModified\":\"2026-08-31T20:03:07+00:00\",\"mainEntityOfPage\":{\"@id\":\"https:\/\/nordnesrepublikken.no\/index.php\/2026\/08\/31\/jordskjelv-med-styrke-33-i-provinsen-palermo-episenter-i-petralia-sottana\/\"},\"wordCount\":194,\"publisher\":{\"@id\":\"https:\/\/nordnesrepublikken.no\/#organization\"},\"image\":{\"@id\":\"https:\/\/nordnesrepublikken.no\/index.php\/2026\/08\/31\/jordskjelv-med-styrke-33-i-provinsen-palermo-episenter-i-petralia-sottana\/#primaryimage\"},\"thumbnailUrl\":\"https:\/\/nordnesrepublikken.no\/wp-content\/uploads\/2026\/08\/1788206586_Jordskjelv-med-styrke-33-i-provinsen-Palermo-episenter-i-Petralia.jpg\",\"keywords\":[\"episenter\",\"Jordskjelv\",\"med\",\"Palermo\",\"Petralia\",\"provinsen\",\"Sottana\",\"styrke\"],\"articleSection\":[\"Vitenskap\"],\"inLanguage\":\"nb-NO\"},{\"@type\":\"WebPage\",\"@id\":\"https:\/\/nordnesrepublikken.no\/index.php\/2026\/08\/31\/jordskjelv-med-styrke-33-i-provinsen-palermo-episenter-i-petralia-sottana\/\",\"url\":\"https:\/\/nordnesrepublikken.no\/index.php\/2026\/08\/31\/jordskjelv-med-styrke-33-i-provinsen-palermo-episenter-i-petralia-sottana\/\",\"name\":\"Jordskjelv med styrke 3,3 i provinsen Palermo: episenter i Petralia Sottana - Nordnesrepublikken\",\"isPartOf\":{\"@id\":\"https:\/\/nordnesrepublikken.no\/#website\"},\"primaryImageOfPage\":{\"@id\":\"https:\/\/nordnesrepublikken.no\/index.php\/2026\/08\/31\/jordskjelv-med-styrke-33-i-provinsen-palermo-episenter-i-petralia-sottana\/#primaryimage\"},\"image\":{\"@id\":\"https:\/\/nordnesrepublikken.no\/index.php\/2026\/08\/31\/jordskjelv-med-styrke-33-i-provinsen-palermo-episenter-i-petralia-sottana\/#primaryimage\"},\"thumbnailUrl\":\"https:\/\/nordnesrepublikken.no\/wp-content\/uploads\/2026\/08\/1788206586_Jordskjelv-med-styrke-33-i-provinsen-Palermo-episenter-i-Petralia.jpg\",\"datePublished\":\"2026-08-31T20:03:05+00:00\",\"dateModified\":\"2026-08-31T20:03:07+00:00\",\"breadcrumb\":{\"@id\":\"https:\/\/nordnesrepublikken.no\/index.php\/2026\/08\/31\/jordskjelv-med-styrke-33-i-provinsen-palermo-episenter-i-petralia-sottana\/#breadcrumb\"},\"inLanguage\":\"nb-NO\",\"potentialAction\":[{\"@type\":\"ReadAction\",\"target\":[\"https:\/\/nordnesrepublikken.no\/index.php\/2026\/08\/31\/jordskjelv-med-styrke-33-i-provinsen-palermo-episenter-i-petralia-sottana\/\"]}]},{\"@type\":\"ImageObject\",\"inLanguage\":\"nb-NO\",\"@id\":\"https:\/\/nordnesrepublikken.no\/index.php\/2026\/08\/31\/jordskjelv-med-styrke-33-i-provinsen-palermo-episenter-i-petralia-sottana\/#primaryimage\",\"url\":\"https:\/\/nordnesrepublikken.no\/wp-content\/uploads\/2026\/08\/1788206586_Jordskjelv-med-styrke-33-i-provinsen-Palermo-episenter-i-Petralia.jpg\",\"contentUrl\":\"https:\/\/nordnesrepublikken.no\/wp-content\/uploads\/2026\/08\/1788206586_Jordskjelv-med-styrke-33-i-provinsen-Palermo-episenter-i-Petralia.jpg\",\"width\":1280,\"height\":720,\"caption\":\"Jordskjelv med styrke 3,3 i provinsen Palermo: episenter i Petralia Sottana\"},{\"@type\":\"BreadcrumbList\",\"@id\":\"https:\/\/nordnesrepublikken.no\/index.php\/2026\/08\/31\/jordskjelv-med-styrke-33-i-provinsen-palermo-episenter-i-petralia-sottana\/#breadcrumb\",\"itemListElement\":[{\"@type\":\"ListItem\",\"position\":1,\"name\":\"Home\",\"item\":\"https:\/\/nordnesrepublikken.no\/\"},{\"@type\":\"ListItem\",\"position\":2,\"name\":\"Jordskjelv med styrke 3,3 i provinsen Palermo: episenter i Petralia Sottana\"}]},{\"@type\":\"WebSite\",\"@id\":\"https:\/\/nordnesrepublikken.no\/#website\",\"url\":\"https:\/\/nordnesrepublikken.no\/\",\"name\":\"Nordnesrepublikken\",\"description\":\"Stemmer og Visjoner fra Republikkens Hjerte\",\"publisher\":{\"@id\":\"https:\/\/nordnesrepublikken.no\/#organization\"},\"potentialAction\":[{\"@type\":\"SearchAction\",\"target\":{\"@type\":\"EntryPoint\",\"urlTemplate\":\"https:\/\/nordnesrepublikken.no\/?s={search_term_string}\"},\"query-input\":{\"@type\":\"PropertyValueSpecification\",\"valueRequired\":true,\"valueName\":\"search_term_string\"}}],\"inLanguage\":\"nb-NO\"},{\"@type\":\"Organization\",\"@id\":\"https:\/\/nordnesrepublikken.no\/#organization\",\"name\":\"Nordnesrepublikken\",\"url\":\"https:\/\/nordnesrepublikken.no\/\",\"logo\":{\"@type\":\"ImageObject\",\"inLanguage\":\"nb-NO\",\"@id\":\"https:\/\/nordnesrepublikken.no\/#\/schema\/logo\/image\/\",\"url\":\"https:\/\/nordnesrepublikken.no\/wp-content\/uploads\/2025\/02\/cropped-nordnesrepublikken-2.png\",\"contentUrl\":\"https:\/\/nordnesrepublikken.no\/wp-content\/uploads\/2025\/02\/cropped-nordnesrepublikken-2.png\",\"width\":1248,\"height\":362,\"caption\":\"Nordnesrepublikken\"},\"image\":{\"@id\":\"https:\/\/nordnesrepublikken.no\/#\/schema\/logo\/image\/\"}},{\"@type\":\"Person\",\"@id\":\"https:\/\/nordnesrepublikken.no\/#\/schema\/person\/2e7e81935bab77882fffb79296240ff1\",\"name\":\"Ole Andersen\",\"image\":{\"@type\":\"ImageObject\",\"inLanguage\":\"nb-NO\",\"@id\":\"https:\/\/nordnesrepublikken.no\/#\/schema\/person\/image\/\",\"url\":\"https:\/\/nordnesrepublikken.no\/wp-content\/uploads\/2025\/02\/nordnesrepublikken-2-2-150x150.jpg\",\"contentUrl\":\"https:\/\/nordnesrepublikken.no\/wp-content\/uploads\/2025\/02\/nordnesrepublikken-2-2-150x150.jpg\",\"caption\":\"Ole Andersen\"},\"description\":\"Ettersom jeg vokste opp i Oslo, har jeg alltid v\u00e6rt fascinert av ordenes kraft og deres evne til \u00e5 skape endringer. Etter \u00e5 ha fullf\u00f8rt min utdannelse i kommunikasjon ved Universitetet i Bergen, fikk jeg muligheten til \u00e5 jobbe innen ulike medier, der jeg har s\u00f8kt \u00e5 belyse viktige samfunnssp\u00f8rsm\u00e5l. I dag, som redakt\u00f8r for Nordnesrepublikken, pr\u00f8ver jeg \u00e5 forene min kj\u00e6rlighet for journalistikk med min lidenskap for innovasjon og eventyr.\",\"sameAs\":[\"https:\/\/nordnesrepublikken.no\/\"]}]}<\/script>\n<!-- \/ Yoast SEO plugin. -->","yoast_head_json":{"title":"Jordskjelv med styrke 3,3 i provinsen Palermo: episenter i Petralia Sottana - Nordnesrepublikken","robots":{"index":"index","follow":"follow","max-snippet":"max-snippet:-1","max-image-preview":"max-image-preview:large","max-video-preview":"max-video-preview:-1"},"canonical":"https:\/\/nordnesrepublikken.no\/index.php\/2026\/08\/31\/jordskjelv-med-styrke-33-i-provinsen-palermo-episenter-i-petralia-sottana\/","og_locale":"nb_NO","og_type":"article","og_title":"Jordskjelv med styrke 3,3 i provinsen Palermo: episenter i Petralia Sottana - Nordnesrepublikken","og_description":"Et sjokk av jordskjelv Av styrke 3. treffer provinsen Palermoi Siciliai dag 31. august, kl","og_url":"https:\/\/nordnesrepublikken.no\/index.php\/2026\/08\/31\/jordskjelv-med-styrke-33-i-provinsen-palermo-episenter-i-petralia-sottana\/","og_site_name":"Nordnesrepublikken","article_published_time":"2026-08-31T20:03:05+00:00","article_modified_time":"2026-08-31T20:03:07+00:00","og_image":[{"width":1280,"height":720,"url":"https:\/\/nordnesrepublikken.no\/wp-content\/uploads\/2026\/08\/1788206586_Jordskjelv-med-styrke-33-i-provinsen-Palermo-episenter-i-Petralia.jpg","type":"image\/jpeg"}],"author":"Ole Andersen","twitter_card":"summary_large_image","twitter_misc":{"Skrevet av":"Ole Andersen","Ansl. lesetid":"1 minutt"},"schema":{"@context":"https:\/\/schema.org","@graph":[{"@type":"Article","@id":"https:\/\/nordnesrepublikken.no\/index.php\/2026\/08\/31\/jordskjelv-med-styrke-33-i-provinsen-palermo-episenter-i-petralia-sottana\/#article","isPartOf":{"@id":"https:\/\/nordnesrepublikken.no\/index.php\/2026\/08\/31\/jordskjelv-med-styrke-33-i-provinsen-palermo-episenter-i-petralia-sottana\/"},"author":{"name":"Ole Andersen","@id":"https:\/\/nordnesrepublikken.no\/#\/schema\/person\/2e7e81935bab77882fffb79296240ff1"},"headline":"Jordskjelv med styrke 3,3 i provinsen Palermo: episenter i Petralia Sottana","datePublished":"2026-08-31T20:03:05+00:00","dateModified":"2026-08-31T20:03:07+00:00","mainEntityOfPage":{"@id":"https:\/\/nordnesrepublikken.no\/index.php\/2026\/08\/31\/jordskjelv-med-styrke-33-i-provinsen-palermo-episenter-i-petralia-sottana\/"},"wordCount":194,"publisher":{"@id":"https:\/\/nordnesrepublikken.no\/#organization"},"image":{"@id":"https:\/\/nordnesrepublikken.no\/index.php\/2026\/08\/31\/jordskjelv-med-styrke-33-i-provinsen-palermo-episenter-i-petralia-sottana\/#primaryimage"},"thumbnailUrl":"https:\/\/nordnesrepublikken.no\/wp-content\/uploads\/2026\/08\/1788206586_Jordskjelv-med-styrke-33-i-provinsen-Palermo-episenter-i-Petralia.jpg","keywords":["episenter","Jordskjelv","med","Palermo","Petralia","provinsen","Sottana","styrke"],"articleSection":["Vitenskap"],"inLanguage":"nb-NO"},{"@type":"WebPage","@id":"https:\/\/nordnesrepublikken.no\/index.php\/2026\/08\/31\/jordskjelv-med-styrke-33-i-provinsen-palermo-episenter-i-petralia-sottana\/","url":"https:\/\/nordnesrepublikken.no\/index.php\/2026\/08\/31\/jordskjelv-med-styrke-33-i-provinsen-palermo-episenter-i-petralia-sottana\/","name":"Jordskjelv med styrke 3,3 i provinsen Palermo: episenter i Petralia Sottana - Nordnesrepublikken","isPartOf":{"@id":"https:\/\/nordnesrepublikken.no\/#website"},"primaryImageOfPage":{"@id":"https:\/\/nordnesrepublikken.no\/index.php\/2026\/08\/31\/jordskjelv-med-styrke-33-i-provinsen-palermo-episenter-i-petralia-sottana\/#primaryimage"},"image":{"@id":"https:\/\/nordnesrepublikken.no\/index.php\/2026\/08\/31\/jordskjelv-med-styrke-33-i-provinsen-palermo-episenter-i-petralia-sottana\/#primaryimage"},"thumbnailUrl":"https:\/\/nordnesrepublikken.no\/wp-content\/uploads\/2026\/08\/1788206586_Jordskjelv-med-styrke-33-i-provinsen-Palermo-episenter-i-Petralia.jpg","datePublished":"2026-08-31T20:03:05+00:00","dateModified":"2026-08-31T20:03:07+00:00","breadcrumb":{"@id":"https:\/\/nordnesrepublikken.no\/index.php\/2026\/08\/31\/jordskjelv-med-styrke-33-i-provinsen-palermo-episenter-i-petralia-sottana\/#breadcrumb"},"inLanguage":"nb-NO","potentialAction":[{"@type":"ReadAction","target":["https:\/\/nordnesrepublikken.no\/index.php\/2026\/08\/31\/jordskjelv-med-styrke-33-i-provinsen-palermo-episenter-i-petralia-sottana\/"]}]},{"@type":"ImageObject","inLanguage":"nb-NO","@id":"https:\/\/nordnesrepublikken.no\/index.php\/2026\/08\/31\/jordskjelv-med-styrke-33-i-provinsen-palermo-episenter-i-petralia-sottana\/#primaryimage","url":"https:\/\/nordnesrepublikken.no\/wp-content\/uploads\/2026\/08\/1788206586_Jordskjelv-med-styrke-33-i-provinsen-Palermo-episenter-i-Petralia.jpg","contentUrl":"https:\/\/nordnesrepublikken.no\/wp-content\/uploads\/2026\/08\/1788206586_Jordskjelv-med-styrke-33-i-provinsen-Palermo-episenter-i-Petralia.jpg","width":1280,"height":720,"caption":"Jordskjelv med styrke 3,3 i provinsen Palermo: episenter i Petralia Sottana"},{"@type":"BreadcrumbList","@id":"https:\/\/nordnesrepublikken.no\/index.php\/2026\/08\/31\/jordskjelv-med-styrke-33-i-provinsen-palermo-episenter-i-petralia-sottana\/#breadcrumb","itemListElement":[{"@type":"ListItem","position":1,"name":"Home","item":"https:\/\/nordnesrepublikken.no\/"},{"@type":"ListItem","position":2,"name":"Jordskjelv med styrke 3,3 i provinsen Palermo: episenter i Petralia Sottana"}]},{"@type":"WebSite","@id":"https:\/\/nordnesrepublikken.no\/#website","url":"https:\/\/nordnesrepublikken.no\/","name":"Nordnesrepublikken","description":"Stemmer og Visjoner fra Republikkens Hjerte","publisher":{"@id":"https:\/\/nordnesrepublikken.no\/#organization"},"potentialAction":[{"@type":"SearchAction","target":{"@type":"EntryPoint","urlTemplate":"https:\/\/nordnesrepublikken.no\/?s={search_term_string}"},"query-input":{"@type":"PropertyValueSpecification","valueRequired":true,"valueName":"search_term_string"}}],"inLanguage":"nb-NO"},{"@type":"Organization","@id":"https:\/\/nordnesrepublikken.no\/#organization","name":"Nordnesrepublikken","url":"https:\/\/nordnesrepublikken.no\/","logo":{"@type":"ImageObject","inLanguage":"nb-NO","@id":"https:\/\/nordnesrepublikken.no\/#\/schema\/logo\/image\/","url":"https:\/\/nordnesrepublikken.no\/wp-content\/uploads\/2025\/02\/cropped-nordnesrepublikken-2.png","contentUrl":"https:\/\/nordnesrepublikken.no\/wp-content\/uploads\/2025\/02\/cropped-nordnesrepublikken-2.png","width":1248,"height":362,"caption":"Nordnesrepublikken"},"image":{"@id":"https:\/\/nordnesrepublikken.no\/#\/schema\/logo\/image\/"}},{"@type":"Person","@id":"https:\/\/nordnesrepublikken.no\/#\/schema\/person\/2e7e81935bab77882fffb79296240ff1","name":"Ole Andersen","image":{"@type":"ImageObject","inLanguage":"nb-NO","@id":"https:\/\/nordnesrepublikken.no\/#\/schema\/person\/image\/","url":"https:\/\/nordnesrepublikken.no\/wp-content\/uploads\/2025\/02\/nordnesrepublikken-2-2-150x150.jpg","contentUrl":"https:\/\/nordnesrepublikken.no\/wp-content\/uploads\/2025\/02\/nordnesrepublikken-2-2-150x150.jpg","caption":"Ole Andersen"},"description":"Ettersom jeg vokste opp i Oslo, har jeg alltid v\u00e6rt fascinert av ordenes kraft og deres evne til \u00e5 skape endringer. Etter \u00e5 ha fullf\u00f8rt min utdannelse i kommunikasjon ved Universitetet i Bergen, fikk jeg muligheten til \u00e5 jobbe innen ulike medier, der jeg har s\u00f8kt \u00e5 belyse viktige samfunnssp\u00f8rsm\u00e5l. I dag, som redakt\u00f8r for Nordnesrepublikken, pr\u00f8ver jeg \u00e5 forene min kj\u00e6rlighet for journalistikk med min lidenskap for innovasjon og eventyr.","sameAs":["https:\/\/nordnesrepublikken.no\/"]}]}},"_links":{"self":[{"href":"https:\/\/nordnesrepublikken.no\/index.php\/wp-json\/wp\/v2\/posts\/21656","targetHints":{"allow":["GET"]}}],"collection":[{"href":"https:\/\/nordnesrepublikken.no\/index.php\/wp-json\/wp\/v2\/posts"}],"about":[{"href":"https:\/\/nordnesrepublikken.no\/index.php\/wp-json\/wp\/v2\/types\/post"}],"author":[{"embeddable":true,"href":"https:\/\/nordnesrepublikken.no\/index.php\/wp-json\/wp\/v2\/users\/1"}],"replies":[{"embeddable":true,"href":"https:\/\/nordnesrepublikken.no\/index.php\/wp-json\/wp\/v2\/comments?post=21656"}],"version-history":[{"count":1,"href":"https:\/\/nordnesrepublikken.no\/index.php\/wp-json\/wp\/v2\/posts\/21656\/revisions"}],"predecessor-version":[{"id":21658,"href":"https:\/\/nordnesrepublikken.no\/index.php\/wp-json\/wp\/v2\/posts\/21656\/revisions\/21658"}],"wp:featuredmedia":[{"embeddable":true,"href":"https:\/\/nordnesrepublikken.no\/index.php\/wp-json\/wp\/v2\/media\/21657"}],"wp:attachment":[{"href":"https:\/\/nordnesrepublikken.no\/index.php\/wp-json\/wp\/v2\/media?parent=21656"}],"wp:term":[{"taxonomy":"category","embeddable":true,"href":"https:\/\/nordnesrepublikken.no\/index.php\/wp-json\/wp\/v2\/categories?post=21656"},{"taxonomy":"post_tag","embeddable":true,"href":"https:\/\/nordnesrepublikken.no\/index.php\/wp-json\/wp\/v2\/tags?post=21656"}],"curies":[{"name":"wp","href":"https:\/\/api.w.org\/{rel}","templated":true}]}}