{"id":21647,"date":"2026-08-31T18:02:36","date_gmt":"2026-08-31T16:02:36","guid":{"rendered":"https:\/\/nordnesrepublikken.no\/index.php\/2026\/08\/31\/sjaforer-i-spania-kan-sta-overfor-en-okning-i-drivstoffprisen-ettersom-stotteordningen-gar-ut-om-uker\/"},"modified":"2026-08-31T18:02:38","modified_gmt":"2026-08-31T16:02:38","slug":"sjaforer-i-spania-kan-sta-overfor-en-okning-i-drivstoffprisen-ettersom-stotteordningen-gar-ut-om-uker","status":"publish","type":"post","link":"https:\/\/nordnesrepublikken.no\/index.php\/2026\/08\/31\/sjaforer-i-spania-kan-sta-overfor-en-okning-i-drivstoffprisen-ettersom-stotteordningen-gar-ut-om-uker\/","title":{"rendered":"Sj\u00e5f\u00f8rer i Spania kan st\u00e5 overfor en \u00f8kning i drivstoffprisen ettersom st\u00f8tteordningen g\u00e5r ut om uker"},"content":{"rendered":"<p><\/p>\n<div class=\"wordpress-content\">\n                    <!-- Article Start --><\/p>\n<p><span style=\"font-weight: 400\">Det ene drivstoffet blir litt billigere p\u00e5 spanske pumper denne uken, det andre litt dyrere, og innen oktober skal ingen av rabattene eksistere i det hele tatt. Tirsdagens endring er bekreftet, men hva som erstatter den n\u00e5r ordningen g\u00e5r ut er fortsatt et \u00e5pent sp\u00f8rsm\u00e5l.<\/span><\/p>\n<h2><b>Hva endres p\u00e5 spanske pumper fra tirsdag<\/b><\/h2>\n<p><span style=\"font-weight: 400\">Fra tirsdag 1. september stiger rabatten p\u00e5 diesel gjennom Spanias hydrokarbonavgift til 20 \u00f8re literen, opp fra 10 \u00f8re i august. Bensinrabatten g\u00e5r imidlertid motsatt vei, og g\u00e5r ned fra 10 \u00f8re til fem \u00f8re literen.<\/span><\/p>\n<p><span style=\"font-weight: 400\">Pumpeprisene var allerede n\u00e6r \u20ac1,86 per liter for diesel og \u20ac1,72 for bensin forrige uke.<\/span><span style=\"font-weight: 400\"> For en typisk 55-liters tank er den nye rabatten omtrent \u20ac 5,50 mer p\u00e5 en dieselfylling enn i august, men rundt \u20ac 2,75 mindre p\u00e5 en fylling av bensin, f\u00f8r uansett hva den underliggende prisen gj\u00f8r p\u00e5 dagen.<\/span><span style=\"font-weight: 400\"> <\/span><\/p>\n<div class=\"sra_unit\"><link rel=\"stylesheet\" id=\"block-sra\" href=\"https:\/\/euroweeklynews.com\/wp-content\/plugins\/snack-related-articles\/dist\/css\/snack-related.min.css?250312-193541\" type=\"text\/css\" media=\"all\">\n<\/div>\n<h2><b>Hvorfor diesel og bensin beveger seg i motsatte retninger<\/b><\/h2>\n<p><span style=\"font-weight: 400\">Forskjellen kommer ned til en beskyttelsesklausul i ordningen<\/span><span style=\"font-weight: 400\">: Dieselens pris\u00f8kning passerte terskelen p\u00e5 15 prosent som gj\u00f8r at dens egen rabatt kan utvides, mens bensinprisen ikke steg over terskelen, derfor fortsatte bensinst\u00f8tten rett og slett \u00e5 krympe p\u00e5 den opprinnelige planen.<\/span><span style=\"font-weight: 400\"> <\/span><\/p>\n<p><span style=\"font-weight: 400\">Et kongelig resolusjon godkjent i slutten av juni tilbakestilte hvordan regjeringen st\u00f8tter sj\u00e5f\u00f8rene ved pumpen, og erstattet den reduserte 10 prosent momssatsen som hadde l\u00f8pt siden mars med denne krympende rabatten p\u00e5 hydrokarbonavgiften i stedet.<\/span><\/p>\n<h2><b>Hele ordningen g\u00e5r ut i slutten av september \u2013 hva da?<\/b><\/h2>\n<p><span style=\"font-weight: 400\">St\u00f8tteplanen, introdusert som svar p\u00e5 konflikten som involverer Iran, skal bare l\u00f8pe til slutten av september. T<\/span><span style=\"font-weight: 400\">rabatten skal etter planen forsvinne helt fra oktober, og det er ikke bekreftet noe som kan erstatte den. <\/span><span style=\"font-weight: 400\">Den spanske regjeringen har bare sagt at den f\u00f8lger n\u00f8ye, minutt for minutt p\u00e5 hvordan konflikten fortsetter \u00e5 p\u00e5virke \u00f8konomien, ikke at de har til hensikt \u00e5 forlenge rabatten eller ha noen alternative l\u00f8sninger.<\/span><\/p>\n<h2><b>Drivstoff blir stadig dyrere uansett<\/b><span style=\"font-weight: 400\"> <\/span><\/h2>\n<p><span style=\"font-weight: 400\">Spanias flash-inflasjonstall for august, som viste at prisene hoppet til 4,3 prosent, bekreftet at drivstoff ble dyrere igjen forrige m\u00e5ned, selv med rabatten fortsatt p\u00e5 plass. Det bekreftede tallet f\u00f8lger 15. september, samme dag som regjeringens nedtrapping n\u00e5r sin siste planlagte m\u00e5ned.<\/span><\/p>\n<p><span style=\"font-weight: 400\">Sj\u00e5f\u00f8rer som fyller opp denne uken vil se tirsdagens nye tall reflektert umiddelbart. Men det st\u00f8rre sp\u00f8rsm\u00e5let, forel\u00f8pig ubesvart, er hva som skjer ved pumpen n\u00e5r ordningen som har dempet prisene siden v\u00e5ren forsvinner helt i h\u00f8st.<\/span><\/p>\n<p>                    <!-- Originally published at https:\/\/euroweeklynews.com\/2026\/08\/31\/drivers-in-spain-could-face-a-fuel-price-hike-as-support-scheme-runs-out-in-weeks\/ on 31 Aug 2026 at 14:27 by Harry Dennis --><br \/>\n                    <!-- Article End -->\n                <\/div>\n","protected":false},"excerpt":{"rendered":"<p>Det ene drivstoffet blir litt billigere p\u00e5 spanske pumper denne uken, det andre litt dyrere,<\/p>\n","protected":false},"author":1,"featured_media":21648,"comment_status":"closed","ping_status":"open","sticky":false,"template":"","format":"standard","meta":{"footnotes":""},"categories":[105],"tags":[14161,2870,300,339,7322,387,1737,529,1891,14162,11031],"class_list":["post-21647","post","type-post","status-publish","format-standard","has-post-thumbnail","hentry","category-livsstil","tag-drivstoffprisen","tag-ettersom","tag-gar","tag-kan","tag-okning","tag-overfor","tag-sjaforer","tag-spania","tag-sta","tag-stotteordningen","tag-uker","generate-columns","tablet-grid-50","mobile-grid-100","grid-parent","grid-33","resize-featured-image"],"yoast_head":"<!-- This site is optimized with the Yoast SEO plugin v24.4 - https:\/\/yoast.com\/wordpress\/plugins\/seo\/ -->\n<title>Sj\u00e5f\u00f8rer i Spania kan st\u00e5 overfor en \u00f8kning i drivstoffprisen ettersom st\u00f8tteordningen g\u00e5r ut om uker - Nordnesrepublikken<\/title>\n<meta name=\"robots\" content=\"index, follow, max-snippet:-1, max-image-preview:large, max-video-preview:-1\" \/>\n<link rel=\"canonical\" href=\"https:\/\/nordnesrepublikken.no\/index.php\/2026\/08\/31\/sjaforer-i-spania-kan-sta-overfor-en-okning-i-drivstoffprisen-ettersom-stotteordningen-gar-ut-om-uker\/\" \/>\n<meta property=\"og:locale\" content=\"nb_NO\" \/>\n<meta property=\"og:type\" content=\"article\" \/>\n<meta property=\"og:title\" content=\"Sj\u00e5f\u00f8rer i Spania kan st\u00e5 overfor en \u00f8kning i drivstoffprisen ettersom st\u00f8tteordningen g\u00e5r ut om uker - Nordnesrepublikken\" \/>\n<meta property=\"og:description\" content=\"Det ene drivstoffet blir litt billigere p\u00e5 spanske pumper denne uken, det andre litt dyrere,\" \/>\n<meta property=\"og:url\" content=\"https:\/\/nordnesrepublikken.no\/index.php\/2026\/08\/31\/sjaforer-i-spania-kan-sta-overfor-en-okning-i-drivstoffprisen-ettersom-stotteordningen-gar-ut-om-uker\/\" \/>\n<meta property=\"og:site_name\" content=\"Nordnesrepublikken\" \/>\n<meta property=\"article:published_time\" content=\"2026-08-31T16:02:36+00:00\" \/>\n<meta property=\"article:modified_time\" content=\"2026-08-31T16:02:38+00:00\" \/>\n<meta property=\"og:image\" content=\"https:\/\/nordnesrepublikken.no\/wp-content\/uploads\/2026\/08\/1788192157_Sjaforer-i-Spania-kan-sta-overfor-en-okning-i-drivstoffprisen.png\" \/>\n\t<meta property=\"og:image:width\" content=\"1200\" \/>\n\t<meta property=\"og:image:height\" content=\"675\" \/>\n\t<meta property=\"og:image:type\" content=\"image\/png\" \/>\n<meta name=\"author\" content=\"Ole Andersen\" \/>\n<meta name=\"twitter:card\" content=\"summary_large_image\" \/>\n<meta name=\"twitter:label1\" content=\"Skrevet av\" \/>\n\t<meta name=\"twitter:data1\" content=\"Ole Andersen\" \/>\n\t<meta name=\"twitter:label2\" content=\"Ansl. lesetid\" \/>\n\t<meta name=\"twitter:data2\" content=\"2 minutter\" \/>\n<script type=\"application\/ld+json\" class=\"yoast-schema-graph\">{\"@context\":\"https:\/\/schema.org\",\"@graph\":[{\"@type\":\"Article\",\"@id\":\"https:\/\/nordnesrepublikken.no\/index.php\/2026\/08\/31\/sjaforer-i-spania-kan-sta-overfor-en-okning-i-drivstoffprisen-ettersom-stotteordningen-gar-ut-om-uker\/#article\",\"isPartOf\":{\"@id\":\"https:\/\/nordnesrepublikken.no\/index.php\/2026\/08\/31\/sjaforer-i-spania-kan-sta-overfor-en-okning-i-drivstoffprisen-ettersom-stotteordningen-gar-ut-om-uker\/\"},\"author\":{\"name\":\"Ole Andersen\",\"@id\":\"https:\/\/nordnesrepublikken.no\/#\/schema\/person\/2e7e81935bab77882fffb79296240ff1\"},\"headline\":\"Sj\u00e5f\u00f8rer i Spania kan st\u00e5 overfor en \u00f8kning i drivstoffprisen ettersom st\u00f8tteordningen g\u00e5r ut om uker\",\"datePublished\":\"2026-08-31T16:02:36+00:00\",\"dateModified\":\"2026-08-31T16:02:38+00:00\",\"mainEntityOfPage\":{\"@id\":\"https:\/\/nordnesrepublikken.no\/index.php\/2026\/08\/31\/sjaforer-i-spania-kan-sta-overfor-en-okning-i-drivstoffprisen-ettersom-stotteordningen-gar-ut-om-uker\/\"},\"wordCount\":428,\"publisher\":{\"@id\":\"https:\/\/nordnesrepublikken.no\/#organization\"},\"image\":{\"@id\":\"https:\/\/nordnesrepublikken.no\/index.php\/2026\/08\/31\/sjaforer-i-spania-kan-sta-overfor-en-okning-i-drivstoffprisen-ettersom-stotteordningen-gar-ut-om-uker\/#primaryimage\"},\"thumbnailUrl\":\"https:\/\/nordnesrepublikken.no\/wp-content\/uploads\/2026\/08\/1788192157_Sjaforer-i-Spania-kan-sta-overfor-en-okning-i-drivstoffprisen.png\",\"keywords\":[\"drivstoffprisen\",\"Ettersom\",\"g\u00e5r\",\"kan\",\"\u00f8kning\",\"overfor\",\"sj\u00e5f\u00f8rer\",\"Spania\",\"st\u00e5\",\"st\u00f8tteordningen\",\"uker\"],\"articleSection\":[\"Livsstil\"],\"inLanguage\":\"nb-NO\"},{\"@type\":\"WebPage\",\"@id\":\"https:\/\/nordnesrepublikken.no\/index.php\/2026\/08\/31\/sjaforer-i-spania-kan-sta-overfor-en-okning-i-drivstoffprisen-ettersom-stotteordningen-gar-ut-om-uker\/\",\"url\":\"https:\/\/nordnesrepublikken.no\/index.php\/2026\/08\/31\/sjaforer-i-spania-kan-sta-overfor-en-okning-i-drivstoffprisen-ettersom-stotteordningen-gar-ut-om-uker\/\",\"name\":\"Sj\u00e5f\u00f8rer i Spania kan st\u00e5 overfor en \u00f8kning i drivstoffprisen ettersom st\u00f8tteordningen g\u00e5r ut om uker - Nordnesrepublikken\",\"isPartOf\":{\"@id\":\"https:\/\/nordnesrepublikken.no\/#website\"},\"primaryImageOfPage\":{\"@id\":\"https:\/\/nordnesrepublikken.no\/index.php\/2026\/08\/31\/sjaforer-i-spania-kan-sta-overfor-en-okning-i-drivstoffprisen-ettersom-stotteordningen-gar-ut-om-uker\/#primaryimage\"},\"image\":{\"@id\":\"https:\/\/nordnesrepublikken.no\/index.php\/2026\/08\/31\/sjaforer-i-spania-kan-sta-overfor-en-okning-i-drivstoffprisen-ettersom-stotteordningen-gar-ut-om-uker\/#primaryimage\"},\"thumbnailUrl\":\"https:\/\/nordnesrepublikken.no\/wp-content\/uploads\/2026\/08\/1788192157_Sjaforer-i-Spania-kan-sta-overfor-en-okning-i-drivstoffprisen.png\",\"datePublished\":\"2026-08-31T16:02:36+00:00\",\"dateModified\":\"2026-08-31T16:02:38+00:00\",\"breadcrumb\":{\"@id\":\"https:\/\/nordnesrepublikken.no\/index.php\/2026\/08\/31\/sjaforer-i-spania-kan-sta-overfor-en-okning-i-drivstoffprisen-ettersom-stotteordningen-gar-ut-om-uker\/#breadcrumb\"},\"inLanguage\":\"nb-NO\",\"potentialAction\":[{\"@type\":\"ReadAction\",\"target\":[\"https:\/\/nordnesrepublikken.no\/index.php\/2026\/08\/31\/sjaforer-i-spania-kan-sta-overfor-en-okning-i-drivstoffprisen-ettersom-stotteordningen-gar-ut-om-uker\/\"]}]},{\"@type\":\"ImageObject\",\"inLanguage\":\"nb-NO\",\"@id\":\"https:\/\/nordnesrepublikken.no\/index.php\/2026\/08\/31\/sjaforer-i-spania-kan-sta-overfor-en-okning-i-drivstoffprisen-ettersom-stotteordningen-gar-ut-om-uker\/#primaryimage\",\"url\":\"https:\/\/nordnesrepublikken.no\/wp-content\/uploads\/2026\/08\/1788192157_Sjaforer-i-Spania-kan-sta-overfor-en-okning-i-drivstoffprisen.png\",\"contentUrl\":\"https:\/\/nordnesrepublikken.no\/wp-content\/uploads\/2026\/08\/1788192157_Sjaforer-i-Spania-kan-sta-overfor-en-okning-i-drivstoffprisen.png\",\"width\":1200,\"height\":675,\"caption\":\"Sj\u00e5f\u00f8rer i Spania kan st\u00e5 overfor en \u00f8kning i drivstoffprisen ettersom st\u00f8tteordningen g\u00e5r ut om uker\"},{\"@type\":\"BreadcrumbList\",\"@id\":\"https:\/\/nordnesrepublikken.no\/index.php\/2026\/08\/31\/sjaforer-i-spania-kan-sta-overfor-en-okning-i-drivstoffprisen-ettersom-stotteordningen-gar-ut-om-uker\/#breadcrumb\",\"itemListElement\":[{\"@type\":\"ListItem\",\"position\":1,\"name\":\"Home\",\"item\":\"https:\/\/nordnesrepublikken.no\/\"},{\"@type\":\"ListItem\",\"position\":2,\"name\":\"Sj\u00e5f\u00f8rer i Spania kan st\u00e5 overfor en \u00f8kning i drivstoffprisen ettersom st\u00f8tteordningen g\u00e5r ut om uker\"}]},{\"@type\":\"WebSite\",\"@id\":\"https:\/\/nordnesrepublikken.no\/#website\",\"url\":\"https:\/\/nordnesrepublikken.no\/\",\"name\":\"Nordnesrepublikken\",\"description\":\"Stemmer og Visjoner fra Republikkens Hjerte\",\"publisher\":{\"@id\":\"https:\/\/nordnesrepublikken.no\/#organization\"},\"potentialAction\":[{\"@type\":\"SearchAction\",\"target\":{\"@type\":\"EntryPoint\",\"urlTemplate\":\"https:\/\/nordnesrepublikken.no\/?s={search_term_string}\"},\"query-input\":{\"@type\":\"PropertyValueSpecification\",\"valueRequired\":true,\"valueName\":\"search_term_string\"}}],\"inLanguage\":\"nb-NO\"},{\"@type\":\"Organization\",\"@id\":\"https:\/\/nordnesrepublikken.no\/#organization\",\"name\":\"Nordnesrepublikken\",\"url\":\"https:\/\/nordnesrepublikken.no\/\",\"logo\":{\"@type\":\"ImageObject\",\"inLanguage\":\"nb-NO\",\"@id\":\"https:\/\/nordnesrepublikken.no\/#\/schema\/logo\/image\/\",\"url\":\"https:\/\/nordnesrepublikken.no\/wp-content\/uploads\/2025\/02\/cropped-nordnesrepublikken-2.png\",\"contentUrl\":\"https:\/\/nordnesrepublikken.no\/wp-content\/uploads\/2025\/02\/cropped-nordnesrepublikken-2.png\",\"width\":1248,\"height\":362,\"caption\":\"Nordnesrepublikken\"},\"image\":{\"@id\":\"https:\/\/nordnesrepublikken.no\/#\/schema\/logo\/image\/\"}},{\"@type\":\"Person\",\"@id\":\"https:\/\/nordnesrepublikken.no\/#\/schema\/person\/2e7e81935bab77882fffb79296240ff1\",\"name\":\"Ole Andersen\",\"image\":{\"@type\":\"ImageObject\",\"inLanguage\":\"nb-NO\",\"@id\":\"https:\/\/nordnesrepublikken.no\/#\/schema\/person\/image\/\",\"url\":\"https:\/\/nordnesrepublikken.no\/wp-content\/uploads\/2025\/02\/nordnesrepublikken-2-2-150x150.jpg\",\"contentUrl\":\"https:\/\/nordnesrepublikken.no\/wp-content\/uploads\/2025\/02\/nordnesrepublikken-2-2-150x150.jpg\",\"caption\":\"Ole Andersen\"},\"description\":\"Ettersom jeg vokste opp i Oslo, har jeg alltid v\u00e6rt fascinert av ordenes kraft og deres evne til \u00e5 skape endringer. Etter \u00e5 ha fullf\u00f8rt min utdannelse i kommunikasjon ved Universitetet i Bergen, fikk jeg muligheten til \u00e5 jobbe innen ulike medier, der jeg har s\u00f8kt \u00e5 belyse viktige samfunnssp\u00f8rsm\u00e5l. I dag, som redakt\u00f8r for Nordnesrepublikken, pr\u00f8ver jeg \u00e5 forene min kj\u00e6rlighet for journalistikk med min lidenskap for innovasjon og eventyr.\",\"sameAs\":[\"https:\/\/nordnesrepublikken.no\/\"]}]}<\/script>\n<!-- \/ Yoast SEO plugin. -->","yoast_head_json":{"title":"Sj\u00e5f\u00f8rer i Spania kan st\u00e5 overfor en \u00f8kning i drivstoffprisen ettersom st\u00f8tteordningen g\u00e5r ut om uker - Nordnesrepublikken","robots":{"index":"index","follow":"follow","max-snippet":"max-snippet:-1","max-image-preview":"max-image-preview:large","max-video-preview":"max-video-preview:-1"},"canonical":"https:\/\/nordnesrepublikken.no\/index.php\/2026\/08\/31\/sjaforer-i-spania-kan-sta-overfor-en-okning-i-drivstoffprisen-ettersom-stotteordningen-gar-ut-om-uker\/","og_locale":"nb_NO","og_type":"article","og_title":"Sj\u00e5f\u00f8rer i Spania kan st\u00e5 overfor en \u00f8kning i drivstoffprisen ettersom st\u00f8tteordningen g\u00e5r ut om uker - Nordnesrepublikken","og_description":"Det ene drivstoffet blir litt billigere p\u00e5 spanske pumper denne uken, det andre litt dyrere,","og_url":"https:\/\/nordnesrepublikken.no\/index.php\/2026\/08\/31\/sjaforer-i-spania-kan-sta-overfor-en-okning-i-drivstoffprisen-ettersom-stotteordningen-gar-ut-om-uker\/","og_site_name":"Nordnesrepublikken","article_published_time":"2026-08-31T16:02:36+00:00","article_modified_time":"2026-08-31T16:02:38+00:00","og_image":[{"width":1200,"height":675,"url":"https:\/\/nordnesrepublikken.no\/wp-content\/uploads\/2026\/08\/1788192157_Sjaforer-i-Spania-kan-sta-overfor-en-okning-i-drivstoffprisen.png","type":"image\/png"}],"author":"Ole Andersen","twitter_card":"summary_large_image","twitter_misc":{"Skrevet av":"Ole Andersen","Ansl. lesetid":"2 minutter"},"schema":{"@context":"https:\/\/schema.org","@graph":[{"@type":"Article","@id":"https:\/\/nordnesrepublikken.no\/index.php\/2026\/08\/31\/sjaforer-i-spania-kan-sta-overfor-en-okning-i-drivstoffprisen-ettersom-stotteordningen-gar-ut-om-uker\/#article","isPartOf":{"@id":"https:\/\/nordnesrepublikken.no\/index.php\/2026\/08\/31\/sjaforer-i-spania-kan-sta-overfor-en-okning-i-drivstoffprisen-ettersom-stotteordningen-gar-ut-om-uker\/"},"author":{"name":"Ole Andersen","@id":"https:\/\/nordnesrepublikken.no\/#\/schema\/person\/2e7e81935bab77882fffb79296240ff1"},"headline":"Sj\u00e5f\u00f8rer i Spania kan st\u00e5 overfor en \u00f8kning i drivstoffprisen ettersom st\u00f8tteordningen g\u00e5r ut om uker","datePublished":"2026-08-31T16:02:36+00:00","dateModified":"2026-08-31T16:02:38+00:00","mainEntityOfPage":{"@id":"https:\/\/nordnesrepublikken.no\/index.php\/2026\/08\/31\/sjaforer-i-spania-kan-sta-overfor-en-okning-i-drivstoffprisen-ettersom-stotteordningen-gar-ut-om-uker\/"},"wordCount":428,"publisher":{"@id":"https:\/\/nordnesrepublikken.no\/#organization"},"image":{"@id":"https:\/\/nordnesrepublikken.no\/index.php\/2026\/08\/31\/sjaforer-i-spania-kan-sta-overfor-en-okning-i-drivstoffprisen-ettersom-stotteordningen-gar-ut-om-uker\/#primaryimage"},"thumbnailUrl":"https:\/\/nordnesrepublikken.no\/wp-content\/uploads\/2026\/08\/1788192157_Sjaforer-i-Spania-kan-sta-overfor-en-okning-i-drivstoffprisen.png","keywords":["drivstoffprisen","Ettersom","g\u00e5r","kan","\u00f8kning","overfor","sj\u00e5f\u00f8rer","Spania","st\u00e5","st\u00f8tteordningen","uker"],"articleSection":["Livsstil"],"inLanguage":"nb-NO"},{"@type":"WebPage","@id":"https:\/\/nordnesrepublikken.no\/index.php\/2026\/08\/31\/sjaforer-i-spania-kan-sta-overfor-en-okning-i-drivstoffprisen-ettersom-stotteordningen-gar-ut-om-uker\/","url":"https:\/\/nordnesrepublikken.no\/index.php\/2026\/08\/31\/sjaforer-i-spania-kan-sta-overfor-en-okning-i-drivstoffprisen-ettersom-stotteordningen-gar-ut-om-uker\/","name":"Sj\u00e5f\u00f8rer i Spania kan st\u00e5 overfor en \u00f8kning i drivstoffprisen ettersom st\u00f8tteordningen g\u00e5r ut om uker - Nordnesrepublikken","isPartOf":{"@id":"https:\/\/nordnesrepublikken.no\/#website"},"primaryImageOfPage":{"@id":"https:\/\/nordnesrepublikken.no\/index.php\/2026\/08\/31\/sjaforer-i-spania-kan-sta-overfor-en-okning-i-drivstoffprisen-ettersom-stotteordningen-gar-ut-om-uker\/#primaryimage"},"image":{"@id":"https:\/\/nordnesrepublikken.no\/index.php\/2026\/08\/31\/sjaforer-i-spania-kan-sta-overfor-en-okning-i-drivstoffprisen-ettersom-stotteordningen-gar-ut-om-uker\/#primaryimage"},"thumbnailUrl":"https:\/\/nordnesrepublikken.no\/wp-content\/uploads\/2026\/08\/1788192157_Sjaforer-i-Spania-kan-sta-overfor-en-okning-i-drivstoffprisen.png","datePublished":"2026-08-31T16:02:36+00:00","dateModified":"2026-08-31T16:02:38+00:00","breadcrumb":{"@id":"https:\/\/nordnesrepublikken.no\/index.php\/2026\/08\/31\/sjaforer-i-spania-kan-sta-overfor-en-okning-i-drivstoffprisen-ettersom-stotteordningen-gar-ut-om-uker\/#breadcrumb"},"inLanguage":"nb-NO","potentialAction":[{"@type":"ReadAction","target":["https:\/\/nordnesrepublikken.no\/index.php\/2026\/08\/31\/sjaforer-i-spania-kan-sta-overfor-en-okning-i-drivstoffprisen-ettersom-stotteordningen-gar-ut-om-uker\/"]}]},{"@type":"ImageObject","inLanguage":"nb-NO","@id":"https:\/\/nordnesrepublikken.no\/index.php\/2026\/08\/31\/sjaforer-i-spania-kan-sta-overfor-en-okning-i-drivstoffprisen-ettersom-stotteordningen-gar-ut-om-uker\/#primaryimage","url":"https:\/\/nordnesrepublikken.no\/wp-content\/uploads\/2026\/08\/1788192157_Sjaforer-i-Spania-kan-sta-overfor-en-okning-i-drivstoffprisen.png","contentUrl":"https:\/\/nordnesrepublikken.no\/wp-content\/uploads\/2026\/08\/1788192157_Sjaforer-i-Spania-kan-sta-overfor-en-okning-i-drivstoffprisen.png","width":1200,"height":675,"caption":"Sj\u00e5f\u00f8rer i Spania kan st\u00e5 overfor en \u00f8kning i drivstoffprisen ettersom st\u00f8tteordningen g\u00e5r ut om uker"},{"@type":"BreadcrumbList","@id":"https:\/\/nordnesrepublikken.no\/index.php\/2026\/08\/31\/sjaforer-i-spania-kan-sta-overfor-en-okning-i-drivstoffprisen-ettersom-stotteordningen-gar-ut-om-uker\/#breadcrumb","itemListElement":[{"@type":"ListItem","position":1,"name":"Home","item":"https:\/\/nordnesrepublikken.no\/"},{"@type":"ListItem","position":2,"name":"Sj\u00e5f\u00f8rer i Spania kan st\u00e5 overfor en \u00f8kning i drivstoffprisen ettersom st\u00f8tteordningen g\u00e5r ut om uker"}]},{"@type":"WebSite","@id":"https:\/\/nordnesrepublikken.no\/#website","url":"https:\/\/nordnesrepublikken.no\/","name":"Nordnesrepublikken","description":"Stemmer og Visjoner fra Republikkens Hjerte","publisher":{"@id":"https:\/\/nordnesrepublikken.no\/#organization"},"potentialAction":[{"@type":"SearchAction","target":{"@type":"EntryPoint","urlTemplate":"https:\/\/nordnesrepublikken.no\/?s={search_term_string}"},"query-input":{"@type":"PropertyValueSpecification","valueRequired":true,"valueName":"search_term_string"}}],"inLanguage":"nb-NO"},{"@type":"Organization","@id":"https:\/\/nordnesrepublikken.no\/#organization","name":"Nordnesrepublikken","url":"https:\/\/nordnesrepublikken.no\/","logo":{"@type":"ImageObject","inLanguage":"nb-NO","@id":"https:\/\/nordnesrepublikken.no\/#\/schema\/logo\/image\/","url":"https:\/\/nordnesrepublikken.no\/wp-content\/uploads\/2025\/02\/cropped-nordnesrepublikken-2.png","contentUrl":"https:\/\/nordnesrepublikken.no\/wp-content\/uploads\/2025\/02\/cropped-nordnesrepublikken-2.png","width":1248,"height":362,"caption":"Nordnesrepublikken"},"image":{"@id":"https:\/\/nordnesrepublikken.no\/#\/schema\/logo\/image\/"}},{"@type":"Person","@id":"https:\/\/nordnesrepublikken.no\/#\/schema\/person\/2e7e81935bab77882fffb79296240ff1","name":"Ole Andersen","image":{"@type":"ImageObject","inLanguage":"nb-NO","@id":"https:\/\/nordnesrepublikken.no\/#\/schema\/person\/image\/","url":"https:\/\/nordnesrepublikken.no\/wp-content\/uploads\/2025\/02\/nordnesrepublikken-2-2-150x150.jpg","contentUrl":"https:\/\/nordnesrepublikken.no\/wp-content\/uploads\/2025\/02\/nordnesrepublikken-2-2-150x150.jpg","caption":"Ole Andersen"},"description":"Ettersom jeg vokste opp i Oslo, har jeg alltid v\u00e6rt fascinert av ordenes kraft og deres evne til \u00e5 skape endringer. Etter \u00e5 ha fullf\u00f8rt min utdannelse i kommunikasjon ved Universitetet i Bergen, fikk jeg muligheten til \u00e5 jobbe innen ulike medier, der jeg har s\u00f8kt \u00e5 belyse viktige samfunnssp\u00f8rsm\u00e5l. I dag, som redakt\u00f8r for Nordnesrepublikken, pr\u00f8ver jeg \u00e5 forene min kj\u00e6rlighet for journalistikk med min lidenskap for innovasjon og eventyr.","sameAs":["https:\/\/nordnesrepublikken.no\/"]}]}},"_links":{"self":[{"href":"https:\/\/nordnesrepublikken.no\/index.php\/wp-json\/wp\/v2\/posts\/21647","targetHints":{"allow":["GET"]}}],"collection":[{"href":"https:\/\/nordnesrepublikken.no\/index.php\/wp-json\/wp\/v2\/posts"}],"about":[{"href":"https:\/\/nordnesrepublikken.no\/index.php\/wp-json\/wp\/v2\/types\/post"}],"author":[{"embeddable":true,"href":"https:\/\/nordnesrepublikken.no\/index.php\/wp-json\/wp\/v2\/users\/1"}],"replies":[{"embeddable":true,"href":"https:\/\/nordnesrepublikken.no\/index.php\/wp-json\/wp\/v2\/comments?post=21647"}],"version-history":[{"count":1,"href":"https:\/\/nordnesrepublikken.no\/index.php\/wp-json\/wp\/v2\/posts\/21647\/revisions"}],"predecessor-version":[{"id":21649,"href":"https:\/\/nordnesrepublikken.no\/index.php\/wp-json\/wp\/v2\/posts\/21647\/revisions\/21649"}],"wp:featuredmedia":[{"embeddable":true,"href":"https:\/\/nordnesrepublikken.no\/index.php\/wp-json\/wp\/v2\/media\/21648"}],"wp:attachment":[{"href":"https:\/\/nordnesrepublikken.no\/index.php\/wp-json\/wp\/v2\/media?parent=21647"}],"wp:term":[{"taxonomy":"category","embeddable":true,"href":"https:\/\/nordnesrepublikken.no\/index.php\/wp-json\/wp\/v2\/categories?post=21647"},{"taxonomy":"post_tag","embeddable":true,"href":"https:\/\/nordnesrepublikken.no\/index.php\/wp-json\/wp\/v2\/tags?post=21647"}],"curies":[{"name":"wp","href":"https:\/\/api.w.org\/{rel}","templated":true}]}}