{"id":21644,"date":"2026-08-31T15:02:48","date_gmt":"2026-08-31T13:02:48","guid":{"rendered":"https:\/\/nordnesrepublikken.no\/index.php\/2026\/08\/31\/hvorfor-de-viktigste-minnene-dannes-mellom-10-og-30-ar-og-hva-erindringshumpen-er\/"},"modified":"2026-08-31T15:02:52","modified_gmt":"2026-08-31T13:02:52","slug":"hvorfor-de-viktigste-minnene-dannes-mellom-10-og-30-ar-og-hva-erindringshumpen-er","status":"publish","type":"post","link":"https:\/\/nordnesrepublikken.no\/index.php\/2026\/08\/31\/hvorfor-de-viktigste-minnene-dannes-mellom-10-og-30-ar-og-hva-erindringshumpen-er\/","title":{"rendered":"Hvorfor de viktigste minnene dannes mellom 10 og 30 \u00e5r og hva erindringshumpen er"},"content":{"rendered":"<div>\n<div class=\"cp_wrapper cp_wrapper--fw mb-30 mb-20@tablet\">\n<figure class=\"mm\"><picture class=\"img\" style=\"padding-top:56.25%\"><source  media=\"(min-width: 1024px)\"><source  media=\"(min-width: 768px)\"><\/source><\/source><\/picture><\/figure>\n<\/p><\/div>\n<p>I motsetning til hva man intuitivt tror, \u200b\u200bdvs <strong>minner for livet<\/strong> de er ikke fordelt p\u00e5 en sparsom og homogen m\u00e5te langs linjen av v\u00e5re erfaringer. De fleste minner <strong>konsentrater<\/strong> i rekkevidden av livet som g\u00e5r <strong>fra ti til tretti \u00e5r<\/strong>. Dette fenomenet med konsentrasjon av minner i en bestemt aldersgruppe kalles <em><strong>r<\/strong><strong>eminenshump<\/strong> <\/em>og det er et av de mest robuste fenomenene i den vitenskapelige studien av <strong>selvbiografisk minne<\/strong>. \u00c5rsakene hans kan tilskrives viktigheten av &laquo;f\u00f8rste ganger&raquo; og av <strong>f\u00f8lelsesmessig belastning<\/strong> typisk for ungdom. Dette merkelige faktum ser ogs\u00e5 ut til \u00e5 rettferdiggj\u00f8re den klassiske setningen til de som er i andre halvdel av deres eksistens, utover alderen 40-50: &laquo;<strong>Etter tretti flyr livet forbi<\/strong>&laquo;. Og faktisk, hvis vi tenker p\u00e5 at oppfatningen av tidens gang da vil bli gitt av minnene vi beholder, har de som klager helt rett.<\/p>\n<h2>Hva er Reminiscence Bump<\/h2>\n<p>Erindringshumpen (eller <strong>toppen av erindring<\/strong>) er preget av en nysgjerrig og uforholdsmessig <b>tetthet av minner som dateres tilbake til ungdoms\u00e5rene<\/b> <b>og tidlig voksen alder<\/b> tilbakekalt av personer over f\u00f8rti. Denne \u00f8kningen oppf\u00f8rer seg annerledes enn den klassiske &laquo;<b>glemmekurve<\/b>&laquo;, som sier at tilgjengeligheten til minner stadig avtar etter hvert som vi beveger oss lenger bort fra hendelsen som oppleves. Den klassiske forklaringen p\u00e5 denne typen fenomener antyder at fasen mellom ti og tretti \u00e5r er s\u00e5 full av nyhet og <b>Sv\u00e6rt minneverdig &laquo;f\u00f8rste ganger&raquo;.<\/b> (det f\u00f8rste kysset, den f\u00f8rste jobben), som krever en<strong> kodeinnsats og nevrologisk innsats<\/strong> h\u00f8yere enn p\u00e5f\u00f8lgende hendelser, mindre &laquo;ekstraordin\u00e6re&raquo;: i praksis &laquo;arbeider&raquo; hjernen v\u00e5r hardere for \u00e5 skape dem, og det er derfor de motst\u00e5r glemselen. Et litt annet perspektiv, foresl\u00e5tt av Dorthe Berntsen og David Rubin, hevder at det er <b>samfunn <\/b>\u00e5 fastsl\u00e5 hvilke arrangementer som er de viktigste, og vi introduserer denne betydningen ved \u00e5 helle ut mange <b>forventninger<\/b> og minner for hendelser som <b>grad <\/b>eller den <b>ekteskap<\/b>som vanligvis forekommer i den aldersgruppen.<\/p>\n<p>Studien av Tabea Wolf og Daniel Zimprich publisert i det vitenskapelige tidsskriftet Memory &#038; Cognition analyserte disse faktorene samtidig p\u00e5 to niv\u00e5er, og oppdaget at oppfatningen av <strong>nyhet<\/strong> fremfor alt kjennetegner<strong>barndom<\/strong>mens den subjektive betydningen av hendelser \u00f8ker i alderdommen. F\u00f8lgelig <b>det virkelig viktige elementet er den positive f\u00f8lelsesmessige verdien av begivenheten<\/b>siden ungdomsminner er klart mer positive enn de fra andre eksistensielle faser, if\u00f8lge de selvbiografiske beretningene laget av de 97 personene som ble intervjuet i studien.<\/p>\n<h2>Erindring endres avhengig av sp\u00f8rsm\u00e5lene vi stiller oss for \u00e5 huske<\/h2>\n<p>Et annet merkelig faktum: forskning av Jonathan Koppel og David Rubin har vist at dette <b>minnetopp<\/b> den deformeres og beveger seg avhengig av <b>stimulus <\/b>som vi bruker for \u00e5 vekke minner. Med enkle ord, <b>m\u00e5ten vi s\u00f8ker etter et minne p\u00e5 <\/b>bestemmer <b>hvilken del av fortiden v\u00e5r som vil dukke opp igjen<\/b>. Hvis vi bruker vanlige ord, som &laquo;stol&raquo; eller &laquo;bar&raquo; i forhold til v\u00e5r fortid, skaper sinnet v\u00e5rt raske og spontane assosiasjoner, uten strategisk innsats; denne mekanismen bringer frem minner konsentrert i en tidlig ungdomsperiode, mellom 9 og 23 \u00e5r, med et gjennomsnitt p\u00e5 rundt 15 og et halvt \u00e5r.<\/p>\n<div class=\"cp_wrapper cp_wrapper--fw mb-50\">\n<figure class=\"mm\"><picture class=\"img\" style=\"padding-top:100.95923261391%\"><source  media=\"(min-width: 1024px)\"><source  media=\"(min-width: 768px)\"><img decoding=\"async\" loading=\"lazy\" src=\"https:\/\/nordnesrepublikken.no\/wp-content\/uploads\/2026\/08\/1788181368_477_Hvorfor-de-viktigste-minnene-dannes-mellom-10-og-30-ar.jpg\" alt=\"forskjeller minner ord lukter\" width=\"1251\" height=\"1263\"\/><\/source><\/source><\/picture><\/figure>\n<\/p><\/div>\n<p>Tvert imot, hvis vi blir bedt om \u00e5 fortelle det <b>viktigste hendelsene i livene v\u00e5re<\/b>aktiverer vi et mye mer m\u00e5lrettet s\u00f8k, og strukturerer en <strong>narrativ fokusert p\u00e5 v\u00e5r personlige historie<\/strong>: Denne innsatsen flytter tidsvinduet lenger frem, mellom 15 og 28 \u00e5r, med et midtpunkt rundt 21 og et halvt \u00e5r. Det mest overraskende avviket oppst\u00e5r imidlertid med <b>parfymer og lukter<\/b>som har evnen til \u00e5 katapultere oss enda lenger tilbake i tid, fiske tilbake <b>minner konsentrert i de f\u00f8rste ti \u00e5rene av barndommen<\/b>. Dette skjer fordi luktinformasjon reiser p\u00e5 en <strong>Bussvei<\/strong> i hjernen v\u00e5r, omg\u00e5 de logiske omr\u00e5dene knyttet til spr\u00e5k for \u00e5 koble direkte til v\u00e5re dypeste emosjonelle omr\u00e5der.<\/p>\n<h2>Musikkens kraft<\/h2>\n<p>Det eksepsjonelle <b>hukommelsens plastisitet<\/b> det gjenspeiles ogs\u00e5 i musikken med en overveldende f\u00f8lelsesmessig og identitetsmessig styrke. Den tverrkulturelle studien av Renwick og Woolhouse publisert i Psychology of Music, utf\u00f8rt p\u00e5 over fire tusen deltakere fra 102 land, bekreftet at toppen av musikalsk erindring (tendensen til <b>forbli knyttet til sangene som ble lyttet til mellom 16 og 20 \u00e5r<\/b>) er et biologisk og kulturelt fenomen <b>universell<\/b>tverrg\u00e5ende til land og musikalske sjangere.<\/p>\n<div class=\"cp_wrapper cp_wrapper--fw mb-50\">\n<figure class=\"mm\"><picture class=\"img\" style=\"padding-top:66.666666666667%\"><source  media=\"(min-width: 1024px)\"><source  media=\"(min-width: 768px)\"><img decoding=\"async\" loading=\"lazy\" src=\"https:\/\/nordnesrepublikken.no\/wp-content\/uploads\/2026\/08\/1788181368_68_Hvorfor-de-viktigste-minnene-dannes-mellom-10-og-30-ar.jpg\" alt=\"musikk og minner\" width=\"3864\" height=\"2576\" class=\"js-seedtag-img\"\/><\/source><\/source><\/picture><\/figure>\n<\/p><\/div>\n<p>Nyere global forskning koordinert av Burunat og publisert i tidsskriftet Memory har imidlertid gjort fascinerende funn <b>kj\u00f8nnsforskjeller<\/b> i temporal salience: mens den <b>menn <\/b>viser en \u00f8kning i musikkrelaterte minner lokalisert rundt <b>16 \u00e5r gammel<\/b> og som forblir stabil i alderdommen, den <b>kvinner <\/b>de har en tendens til \u00e5 finne toppen litt senere i tid (ca<b> 19 \u00e5r gammel<\/b>). For de yngre observerer vi til og med en &laquo;cascade peak of reminiscens&raquo;, det vil si en dyp forbindelse med musikken p\u00e5 moten under foreldrenes ungdom (ca. 25 \u00e5r f\u00f8r deltakerens f\u00f8dsel); dette <b>overf\u00f8ring av smaker mellom generasjoner<\/b>i den digitale tidsalderen, forsterkes kraftig av str\u00f8mmeplattformer, som gir nye generasjoner umiddelbar tilgang til sanger fra fortiden.<\/p>\n<div class=\"cp_wrapper  mb-50   \">\n<div class=\"cbx\">\n<div class=\"cbx__collection\">\n<p>Kilder<\/p>\n<div class=\"cbx__sources\">\n<p>                                                            Koppel og Rubin, 2017, Recent Advances in Understanding the Reminiscence Bump: The Importance of Cues in Guiding Recall from Autobiographical Memory Koppel og Bernsten, 2014, The Peaks of Life: The Differential Temporal Locations of the Reminiscence Bump Across Disparate Cueing et al., hukommelsen p\u00e5 tvers av livet, bump20 et al. personlig meningsfull musikk Wolf og Zimprich, 2020, Hva kjennetegner erindringshumpen i selvbiografisk hukommelse? Nye svar p\u00e5 et gammelt sp\u00f8rsm\u00e5l Renwick et al., 2023, Reminiscence bump invariance med hensyn til sjanger, alder og land Bernsten og Rubin, 2004, Cultural life scripts structure recall from selvbiografisk hukommelse\n                                                <\/p><\/div>\n<\/p><\/div>\n<\/p><\/div>\n<\/div><\/div>\n","protected":false},"excerpt":{"rendered":"<p>I motsetning til hva man intuitivt tror, \u200b\u200bdvs minner for livet de er ikke fordelt<\/p>\n","protected":false},"author":1,"featured_media":21645,"comment_status":"closed","ping_status":"open","sticky":false,"template":"","format":"standard","meta":{"footnotes":""},"categories":[24],"tags":[595,4178,14160,144,101,212,14159,1572],"class_list":["post-21644","post","type-post","status-publish","format-standard","has-post-thumbnail","hentry","category-vitenskap","tag-ar","tag-dannes","tag-erindringshumpen","tag-hva","tag-hvorfor","tag-mellom","tag-minnene","tag-viktigste","generate-columns","tablet-grid-50","mobile-grid-100","grid-parent","grid-33","resize-featured-image"],"yoast_head":"<!-- This site is optimized with the Yoast SEO plugin v24.4 - https:\/\/yoast.com\/wordpress\/plugins\/seo\/ -->\n<title>Hvorfor de viktigste minnene dannes mellom 10 og 30 \u00e5r og hva erindringshumpen er - Nordnesrepublikken<\/title>\n<meta name=\"robots\" content=\"index, follow, max-snippet:-1, max-image-preview:large, max-video-preview:-1\" \/>\n<link rel=\"canonical\" href=\"https:\/\/nordnesrepublikken.no\/index.php\/2026\/08\/31\/hvorfor-de-viktigste-minnene-dannes-mellom-10-og-30-ar-og-hva-erindringshumpen-er\/\" \/>\n<meta property=\"og:locale\" content=\"nb_NO\" \/>\n<meta property=\"og:type\" content=\"article\" \/>\n<meta property=\"og:title\" content=\"Hvorfor de viktigste minnene dannes mellom 10 og 30 \u00e5r og hva erindringshumpen er - Nordnesrepublikken\" \/>\n<meta property=\"og:description\" content=\"I motsetning til hva man intuitivt tror, \u200b\u200bdvs minner for livet de er ikke fordelt\" \/>\n<meta property=\"og:url\" content=\"https:\/\/nordnesrepublikken.no\/index.php\/2026\/08\/31\/hvorfor-de-viktigste-minnene-dannes-mellom-10-og-30-ar-og-hva-erindringshumpen-er\/\" \/>\n<meta property=\"og:site_name\" content=\"Nordnesrepublikken\" \/>\n<meta property=\"article:published_time\" content=\"2026-08-31T13:02:48+00:00\" \/>\n<meta property=\"article:modified_time\" content=\"2026-08-31T13:02:52+00:00\" \/>\n<meta property=\"og:image\" content=\"https:\/\/nordnesrepublikken.no\/wp-content\/uploads\/2026\/08\/1788181370_Hvorfor-de-viktigste-minnene-dannes-mellom-10-og-30-ar.jpg\" \/>\n\t<meta property=\"og:image:width\" content=\"2121\" \/>\n\t<meta property=\"og:image:height\" content=\"1414\" \/>\n\t<meta property=\"og:image:type\" content=\"image\/jpeg\" \/>\n<meta name=\"author\" content=\"Ole Andersen\" \/>\n<meta name=\"twitter:card\" content=\"summary_large_image\" \/>\n<meta name=\"twitter:label1\" content=\"Skrevet av\" \/>\n\t<meta name=\"twitter:data1\" content=\"Ole Andersen\" \/>\n\t<meta name=\"twitter:label2\" content=\"Ansl. lesetid\" \/>\n\t<meta name=\"twitter:data2\" content=\"5 minutter\" \/>\n<script type=\"application\/ld+json\" class=\"yoast-schema-graph\">{\"@context\":\"https:\/\/schema.org\",\"@graph\":[{\"@type\":\"Article\",\"@id\":\"https:\/\/nordnesrepublikken.no\/index.php\/2026\/08\/31\/hvorfor-de-viktigste-minnene-dannes-mellom-10-og-30-ar-og-hva-erindringshumpen-er\/#article\",\"isPartOf\":{\"@id\":\"https:\/\/nordnesrepublikken.no\/index.php\/2026\/08\/31\/hvorfor-de-viktigste-minnene-dannes-mellom-10-og-30-ar-og-hva-erindringshumpen-er\/\"},\"author\":{\"name\":\"Ole Andersen\",\"@id\":\"https:\/\/nordnesrepublikken.no\/#\/schema\/person\/2e7e81935bab77882fffb79296240ff1\"},\"headline\":\"Hvorfor de viktigste minnene dannes mellom 10 og 30 \u00e5r og hva erindringshumpen er\",\"datePublished\":\"2026-08-31T13:02:48+00:00\",\"dateModified\":\"2026-08-31T13:02:52+00:00\",\"mainEntityOfPage\":{\"@id\":\"https:\/\/nordnesrepublikken.no\/index.php\/2026\/08\/31\/hvorfor-de-viktigste-minnene-dannes-mellom-10-og-30-ar-og-hva-erindringshumpen-er\/\"},\"wordCount\":925,\"publisher\":{\"@id\":\"https:\/\/nordnesrepublikken.no\/#organization\"},\"image\":{\"@id\":\"https:\/\/nordnesrepublikken.no\/index.php\/2026\/08\/31\/hvorfor-de-viktigste-minnene-dannes-mellom-10-og-30-ar-og-hva-erindringshumpen-er\/#primaryimage\"},\"thumbnailUrl\":\"https:\/\/nordnesrepublikken.no\/wp-content\/uploads\/2026\/08\/1788181370_Hvorfor-de-viktigste-minnene-dannes-mellom-10-og-30-ar.jpg\",\"keywords\":[\"\u00e5r\",\"dannes\",\"erindringshumpen\",\"Hva\",\"hvorfor\",\"mellom\",\"minnene\",\"viktigste\"],\"articleSection\":[\"Vitenskap\"],\"inLanguage\":\"nb-NO\"},{\"@type\":\"WebPage\",\"@id\":\"https:\/\/nordnesrepublikken.no\/index.php\/2026\/08\/31\/hvorfor-de-viktigste-minnene-dannes-mellom-10-og-30-ar-og-hva-erindringshumpen-er\/\",\"url\":\"https:\/\/nordnesrepublikken.no\/index.php\/2026\/08\/31\/hvorfor-de-viktigste-minnene-dannes-mellom-10-og-30-ar-og-hva-erindringshumpen-er\/\",\"name\":\"Hvorfor de viktigste minnene dannes mellom 10 og 30 \u00e5r og hva erindringshumpen er - Nordnesrepublikken\",\"isPartOf\":{\"@id\":\"https:\/\/nordnesrepublikken.no\/#website\"},\"primaryImageOfPage\":{\"@id\":\"https:\/\/nordnesrepublikken.no\/index.php\/2026\/08\/31\/hvorfor-de-viktigste-minnene-dannes-mellom-10-og-30-ar-og-hva-erindringshumpen-er\/#primaryimage\"},\"image\":{\"@id\":\"https:\/\/nordnesrepublikken.no\/index.php\/2026\/08\/31\/hvorfor-de-viktigste-minnene-dannes-mellom-10-og-30-ar-og-hva-erindringshumpen-er\/#primaryimage\"},\"thumbnailUrl\":\"https:\/\/nordnesrepublikken.no\/wp-content\/uploads\/2026\/08\/1788181370_Hvorfor-de-viktigste-minnene-dannes-mellom-10-og-30-ar.jpg\",\"datePublished\":\"2026-08-31T13:02:48+00:00\",\"dateModified\":\"2026-08-31T13:02:52+00:00\",\"breadcrumb\":{\"@id\":\"https:\/\/nordnesrepublikken.no\/index.php\/2026\/08\/31\/hvorfor-de-viktigste-minnene-dannes-mellom-10-og-30-ar-og-hva-erindringshumpen-er\/#breadcrumb\"},\"inLanguage\":\"nb-NO\",\"potentialAction\":[{\"@type\":\"ReadAction\",\"target\":[\"https:\/\/nordnesrepublikken.no\/index.php\/2026\/08\/31\/hvorfor-de-viktigste-minnene-dannes-mellom-10-og-30-ar-og-hva-erindringshumpen-er\/\"]}]},{\"@type\":\"ImageObject\",\"inLanguage\":\"nb-NO\",\"@id\":\"https:\/\/nordnesrepublikken.no\/index.php\/2026\/08\/31\/hvorfor-de-viktigste-minnene-dannes-mellom-10-og-30-ar-og-hva-erindringshumpen-er\/#primaryimage\",\"url\":\"https:\/\/nordnesrepublikken.no\/wp-content\/uploads\/2026\/08\/1788181370_Hvorfor-de-viktigste-minnene-dannes-mellom-10-og-30-ar.jpg\",\"contentUrl\":\"https:\/\/nordnesrepublikken.no\/wp-content\/uploads\/2026\/08\/1788181370_Hvorfor-de-viktigste-minnene-dannes-mellom-10-og-30-ar.jpg\",\"width\":2121,\"height\":1414,\"caption\":\"Hvorfor de viktigste minnene dannes mellom 10 og 30 \u00e5r og hva erindringshumpen er\"},{\"@type\":\"BreadcrumbList\",\"@id\":\"https:\/\/nordnesrepublikken.no\/index.php\/2026\/08\/31\/hvorfor-de-viktigste-minnene-dannes-mellom-10-og-30-ar-og-hva-erindringshumpen-er\/#breadcrumb\",\"itemListElement\":[{\"@type\":\"ListItem\",\"position\":1,\"name\":\"Home\",\"item\":\"https:\/\/nordnesrepublikken.no\/\"},{\"@type\":\"ListItem\",\"position\":2,\"name\":\"Hvorfor de viktigste minnene dannes mellom 10 og 30 \u00e5r og hva erindringshumpen er\"}]},{\"@type\":\"WebSite\",\"@id\":\"https:\/\/nordnesrepublikken.no\/#website\",\"url\":\"https:\/\/nordnesrepublikken.no\/\",\"name\":\"Nordnesrepublikken\",\"description\":\"Stemmer og Visjoner fra Republikkens Hjerte\",\"publisher\":{\"@id\":\"https:\/\/nordnesrepublikken.no\/#organization\"},\"potentialAction\":[{\"@type\":\"SearchAction\",\"target\":{\"@type\":\"EntryPoint\",\"urlTemplate\":\"https:\/\/nordnesrepublikken.no\/?s={search_term_string}\"},\"query-input\":{\"@type\":\"PropertyValueSpecification\",\"valueRequired\":true,\"valueName\":\"search_term_string\"}}],\"inLanguage\":\"nb-NO\"},{\"@type\":\"Organization\",\"@id\":\"https:\/\/nordnesrepublikken.no\/#organization\",\"name\":\"Nordnesrepublikken\",\"url\":\"https:\/\/nordnesrepublikken.no\/\",\"logo\":{\"@type\":\"ImageObject\",\"inLanguage\":\"nb-NO\",\"@id\":\"https:\/\/nordnesrepublikken.no\/#\/schema\/logo\/image\/\",\"url\":\"https:\/\/nordnesrepublikken.no\/wp-content\/uploads\/2025\/02\/cropped-nordnesrepublikken-2.png\",\"contentUrl\":\"https:\/\/nordnesrepublikken.no\/wp-content\/uploads\/2025\/02\/cropped-nordnesrepublikken-2.png\",\"width\":1248,\"height\":362,\"caption\":\"Nordnesrepublikken\"},\"image\":{\"@id\":\"https:\/\/nordnesrepublikken.no\/#\/schema\/logo\/image\/\"}},{\"@type\":\"Person\",\"@id\":\"https:\/\/nordnesrepublikken.no\/#\/schema\/person\/2e7e81935bab77882fffb79296240ff1\",\"name\":\"Ole Andersen\",\"image\":{\"@type\":\"ImageObject\",\"inLanguage\":\"nb-NO\",\"@id\":\"https:\/\/nordnesrepublikken.no\/#\/schema\/person\/image\/\",\"url\":\"https:\/\/nordnesrepublikken.no\/wp-content\/uploads\/2025\/02\/nordnesrepublikken-2-2-150x150.jpg\",\"contentUrl\":\"https:\/\/nordnesrepublikken.no\/wp-content\/uploads\/2025\/02\/nordnesrepublikken-2-2-150x150.jpg\",\"caption\":\"Ole Andersen\"},\"description\":\"Ettersom jeg vokste opp i Oslo, har jeg alltid v\u00e6rt fascinert av ordenes kraft og deres evne til \u00e5 skape endringer. Etter \u00e5 ha fullf\u00f8rt min utdannelse i kommunikasjon ved Universitetet i Bergen, fikk jeg muligheten til \u00e5 jobbe innen ulike medier, der jeg har s\u00f8kt \u00e5 belyse viktige samfunnssp\u00f8rsm\u00e5l. I dag, som redakt\u00f8r for Nordnesrepublikken, pr\u00f8ver jeg \u00e5 forene min kj\u00e6rlighet for journalistikk med min lidenskap for innovasjon og eventyr.\",\"sameAs\":[\"https:\/\/nordnesrepublikken.no\/\"]}]}<\/script>\n<!-- \/ Yoast SEO plugin. -->","yoast_head_json":{"title":"Hvorfor de viktigste minnene dannes mellom 10 og 30 \u00e5r og hva erindringshumpen er - Nordnesrepublikken","robots":{"index":"index","follow":"follow","max-snippet":"max-snippet:-1","max-image-preview":"max-image-preview:large","max-video-preview":"max-video-preview:-1"},"canonical":"https:\/\/nordnesrepublikken.no\/index.php\/2026\/08\/31\/hvorfor-de-viktigste-minnene-dannes-mellom-10-og-30-ar-og-hva-erindringshumpen-er\/","og_locale":"nb_NO","og_type":"article","og_title":"Hvorfor de viktigste minnene dannes mellom 10 og 30 \u00e5r og hva erindringshumpen er - Nordnesrepublikken","og_description":"I motsetning til hva man intuitivt tror, \u200b\u200bdvs minner for livet de er ikke fordelt","og_url":"https:\/\/nordnesrepublikken.no\/index.php\/2026\/08\/31\/hvorfor-de-viktigste-minnene-dannes-mellom-10-og-30-ar-og-hva-erindringshumpen-er\/","og_site_name":"Nordnesrepublikken","article_published_time":"2026-08-31T13:02:48+00:00","article_modified_time":"2026-08-31T13:02:52+00:00","og_image":[{"width":2121,"height":1414,"url":"https:\/\/nordnesrepublikken.no\/wp-content\/uploads\/2026\/08\/1788181370_Hvorfor-de-viktigste-minnene-dannes-mellom-10-og-30-ar.jpg","type":"image\/jpeg"}],"author":"Ole Andersen","twitter_card":"summary_large_image","twitter_misc":{"Skrevet av":"Ole Andersen","Ansl. lesetid":"5 minutter"},"schema":{"@context":"https:\/\/schema.org","@graph":[{"@type":"Article","@id":"https:\/\/nordnesrepublikken.no\/index.php\/2026\/08\/31\/hvorfor-de-viktigste-minnene-dannes-mellom-10-og-30-ar-og-hva-erindringshumpen-er\/#article","isPartOf":{"@id":"https:\/\/nordnesrepublikken.no\/index.php\/2026\/08\/31\/hvorfor-de-viktigste-minnene-dannes-mellom-10-og-30-ar-og-hva-erindringshumpen-er\/"},"author":{"name":"Ole Andersen","@id":"https:\/\/nordnesrepublikken.no\/#\/schema\/person\/2e7e81935bab77882fffb79296240ff1"},"headline":"Hvorfor de viktigste minnene dannes mellom 10 og 30 \u00e5r og hva erindringshumpen er","datePublished":"2026-08-31T13:02:48+00:00","dateModified":"2026-08-31T13:02:52+00:00","mainEntityOfPage":{"@id":"https:\/\/nordnesrepublikken.no\/index.php\/2026\/08\/31\/hvorfor-de-viktigste-minnene-dannes-mellom-10-og-30-ar-og-hva-erindringshumpen-er\/"},"wordCount":925,"publisher":{"@id":"https:\/\/nordnesrepublikken.no\/#organization"},"image":{"@id":"https:\/\/nordnesrepublikken.no\/index.php\/2026\/08\/31\/hvorfor-de-viktigste-minnene-dannes-mellom-10-og-30-ar-og-hva-erindringshumpen-er\/#primaryimage"},"thumbnailUrl":"https:\/\/nordnesrepublikken.no\/wp-content\/uploads\/2026\/08\/1788181370_Hvorfor-de-viktigste-minnene-dannes-mellom-10-og-30-ar.jpg","keywords":["\u00e5r","dannes","erindringshumpen","Hva","hvorfor","mellom","minnene","viktigste"],"articleSection":["Vitenskap"],"inLanguage":"nb-NO"},{"@type":"WebPage","@id":"https:\/\/nordnesrepublikken.no\/index.php\/2026\/08\/31\/hvorfor-de-viktigste-minnene-dannes-mellom-10-og-30-ar-og-hva-erindringshumpen-er\/","url":"https:\/\/nordnesrepublikken.no\/index.php\/2026\/08\/31\/hvorfor-de-viktigste-minnene-dannes-mellom-10-og-30-ar-og-hva-erindringshumpen-er\/","name":"Hvorfor de viktigste minnene dannes mellom 10 og 30 \u00e5r og hva erindringshumpen er - Nordnesrepublikken","isPartOf":{"@id":"https:\/\/nordnesrepublikken.no\/#website"},"primaryImageOfPage":{"@id":"https:\/\/nordnesrepublikken.no\/index.php\/2026\/08\/31\/hvorfor-de-viktigste-minnene-dannes-mellom-10-og-30-ar-og-hva-erindringshumpen-er\/#primaryimage"},"image":{"@id":"https:\/\/nordnesrepublikken.no\/index.php\/2026\/08\/31\/hvorfor-de-viktigste-minnene-dannes-mellom-10-og-30-ar-og-hva-erindringshumpen-er\/#primaryimage"},"thumbnailUrl":"https:\/\/nordnesrepublikken.no\/wp-content\/uploads\/2026\/08\/1788181370_Hvorfor-de-viktigste-minnene-dannes-mellom-10-og-30-ar.jpg","datePublished":"2026-08-31T13:02:48+00:00","dateModified":"2026-08-31T13:02:52+00:00","breadcrumb":{"@id":"https:\/\/nordnesrepublikken.no\/index.php\/2026\/08\/31\/hvorfor-de-viktigste-minnene-dannes-mellom-10-og-30-ar-og-hva-erindringshumpen-er\/#breadcrumb"},"inLanguage":"nb-NO","potentialAction":[{"@type":"ReadAction","target":["https:\/\/nordnesrepublikken.no\/index.php\/2026\/08\/31\/hvorfor-de-viktigste-minnene-dannes-mellom-10-og-30-ar-og-hva-erindringshumpen-er\/"]}]},{"@type":"ImageObject","inLanguage":"nb-NO","@id":"https:\/\/nordnesrepublikken.no\/index.php\/2026\/08\/31\/hvorfor-de-viktigste-minnene-dannes-mellom-10-og-30-ar-og-hva-erindringshumpen-er\/#primaryimage","url":"https:\/\/nordnesrepublikken.no\/wp-content\/uploads\/2026\/08\/1788181370_Hvorfor-de-viktigste-minnene-dannes-mellom-10-og-30-ar.jpg","contentUrl":"https:\/\/nordnesrepublikken.no\/wp-content\/uploads\/2026\/08\/1788181370_Hvorfor-de-viktigste-minnene-dannes-mellom-10-og-30-ar.jpg","width":2121,"height":1414,"caption":"Hvorfor de viktigste minnene dannes mellom 10 og 30 \u00e5r og hva erindringshumpen er"},{"@type":"BreadcrumbList","@id":"https:\/\/nordnesrepublikken.no\/index.php\/2026\/08\/31\/hvorfor-de-viktigste-minnene-dannes-mellom-10-og-30-ar-og-hva-erindringshumpen-er\/#breadcrumb","itemListElement":[{"@type":"ListItem","position":1,"name":"Home","item":"https:\/\/nordnesrepublikken.no\/"},{"@type":"ListItem","position":2,"name":"Hvorfor de viktigste minnene dannes mellom 10 og 30 \u00e5r og hva erindringshumpen er"}]},{"@type":"WebSite","@id":"https:\/\/nordnesrepublikken.no\/#website","url":"https:\/\/nordnesrepublikken.no\/","name":"Nordnesrepublikken","description":"Stemmer og Visjoner fra Republikkens Hjerte","publisher":{"@id":"https:\/\/nordnesrepublikken.no\/#organization"},"potentialAction":[{"@type":"SearchAction","target":{"@type":"EntryPoint","urlTemplate":"https:\/\/nordnesrepublikken.no\/?s={search_term_string}"},"query-input":{"@type":"PropertyValueSpecification","valueRequired":true,"valueName":"search_term_string"}}],"inLanguage":"nb-NO"},{"@type":"Organization","@id":"https:\/\/nordnesrepublikken.no\/#organization","name":"Nordnesrepublikken","url":"https:\/\/nordnesrepublikken.no\/","logo":{"@type":"ImageObject","inLanguage":"nb-NO","@id":"https:\/\/nordnesrepublikken.no\/#\/schema\/logo\/image\/","url":"https:\/\/nordnesrepublikken.no\/wp-content\/uploads\/2025\/02\/cropped-nordnesrepublikken-2.png","contentUrl":"https:\/\/nordnesrepublikken.no\/wp-content\/uploads\/2025\/02\/cropped-nordnesrepublikken-2.png","width":1248,"height":362,"caption":"Nordnesrepublikken"},"image":{"@id":"https:\/\/nordnesrepublikken.no\/#\/schema\/logo\/image\/"}},{"@type":"Person","@id":"https:\/\/nordnesrepublikken.no\/#\/schema\/person\/2e7e81935bab77882fffb79296240ff1","name":"Ole Andersen","image":{"@type":"ImageObject","inLanguage":"nb-NO","@id":"https:\/\/nordnesrepublikken.no\/#\/schema\/person\/image\/","url":"https:\/\/nordnesrepublikken.no\/wp-content\/uploads\/2025\/02\/nordnesrepublikken-2-2-150x150.jpg","contentUrl":"https:\/\/nordnesrepublikken.no\/wp-content\/uploads\/2025\/02\/nordnesrepublikken-2-2-150x150.jpg","caption":"Ole Andersen"},"description":"Ettersom jeg vokste opp i Oslo, har jeg alltid v\u00e6rt fascinert av ordenes kraft og deres evne til \u00e5 skape endringer. Etter \u00e5 ha fullf\u00f8rt min utdannelse i kommunikasjon ved Universitetet i Bergen, fikk jeg muligheten til \u00e5 jobbe innen ulike medier, der jeg har s\u00f8kt \u00e5 belyse viktige samfunnssp\u00f8rsm\u00e5l. I dag, som redakt\u00f8r for Nordnesrepublikken, pr\u00f8ver jeg \u00e5 forene min kj\u00e6rlighet for journalistikk med min lidenskap for innovasjon og eventyr.","sameAs":["https:\/\/nordnesrepublikken.no\/"]}]}},"_links":{"self":[{"href":"https:\/\/nordnesrepublikken.no\/index.php\/wp-json\/wp\/v2\/posts\/21644","targetHints":{"allow":["GET"]}}],"collection":[{"href":"https:\/\/nordnesrepublikken.no\/index.php\/wp-json\/wp\/v2\/posts"}],"about":[{"href":"https:\/\/nordnesrepublikken.no\/index.php\/wp-json\/wp\/v2\/types\/post"}],"author":[{"embeddable":true,"href":"https:\/\/nordnesrepublikken.no\/index.php\/wp-json\/wp\/v2\/users\/1"}],"replies":[{"embeddable":true,"href":"https:\/\/nordnesrepublikken.no\/index.php\/wp-json\/wp\/v2\/comments?post=21644"}],"version-history":[{"count":1,"href":"https:\/\/nordnesrepublikken.no\/index.php\/wp-json\/wp\/v2\/posts\/21644\/revisions"}],"predecessor-version":[{"id":21646,"href":"https:\/\/nordnesrepublikken.no\/index.php\/wp-json\/wp\/v2\/posts\/21644\/revisions\/21646"}],"wp:featuredmedia":[{"embeddable":true,"href":"https:\/\/nordnesrepublikken.no\/index.php\/wp-json\/wp\/v2\/media\/21645"}],"wp:attachment":[{"href":"https:\/\/nordnesrepublikken.no\/index.php\/wp-json\/wp\/v2\/media?parent=21644"}],"wp:term":[{"taxonomy":"category","embeddable":true,"href":"https:\/\/nordnesrepublikken.no\/index.php\/wp-json\/wp\/v2\/categories?post=21644"},{"taxonomy":"post_tag","embeddable":true,"href":"https:\/\/nordnesrepublikken.no\/index.php\/wp-json\/wp\/v2\/tags?post=21644"}],"curies":[{"name":"wp","href":"https:\/\/api.w.org\/{rel}","templated":true}]}}