{"id":21641,"date":"2026-08-31T13:03:00","date_gmt":"2026-08-31T11:03:00","guid":{"rendered":"https:\/\/nordnesrepublikken.no\/index.php\/2026\/08\/31\/meta-endrer-instagram-og-facebook-for-tenaringer-2-timers-grense-pa-sosiale-medier-og-stopp-om-natten\/"},"modified":"2026-08-31T13:03:02","modified_gmt":"2026-08-31T11:03:02","slug":"meta-endrer-instagram-og-facebook-for-tenaringer-2-timers-grense-pa-sosiale-medier-og-stopp-om-natten","status":"publish","type":"post","link":"https:\/\/nordnesrepublikken.no\/index.php\/2026\/08\/31\/meta-endrer-instagram-og-facebook-for-tenaringer-2-timers-grense-pa-sosiale-medier-og-stopp-om-natten\/","title":{"rendered":"Meta endrer Instagram og Facebook for ten\u00e5ringer: 2 timers grense p\u00e5 sosiale medier og stopp om natten"},"content":{"rendered":"<div>\n<div class=\"cp_wrapper cp_wrapper--fw mb-30 mb-20@tablet\">\n<figure class=\"mm\"><picture class=\"img\" style=\"padding-top:56.25%\"><source  media=\"(min-width: 1024px)\"><source  media=\"(min-width: 768px)\"><\/source><\/source><\/picture><\/figure>\n<\/p><\/div>\n<p><strong>Instagram<\/strong> Og <strong>Facebook<\/strong> de vil endre seg for <strong>mindre brukere<\/strong> i <strong>USA<\/strong>. Etter avtale inng\u00e5tt av <strong>Halv<\/strong> med en todelt koalisjon av riksadvokater, vil presis informasjon komme for de under 18 \u00e5r <strong>begrensninger<\/strong>: Totalt 2 timers bruk per dag, en blokkering om natten, lydl\u00f8se varsler i skoletiden og flere kontrollverkt\u00f8y for foreldre.<\/p>\n<p>Avtalen ble godkjent av en f\u00f8deral dommer den <strong>27. august 2026<\/strong> og vil dekke statene og amerikanske territorier som har sluttet seg til den. De nye beskyttelsene vil p\u00e5virke ikke bare tiden brukt p\u00e5 plattformene, men ogs\u00e5 bruksmetodene, innholdet som vises og aldersbekreftelse. <strong>Begrensningene gjelder ikke Italia<\/strong>hvor det for \u00f8yeblikket ikke finnes et tilsvarende system, selv om sp\u00f8rsm\u00e5let om mindre\u00e5riges tilgang til sosiale medier er gjenstand for et lovforslag.<\/p>\n<h2>Hvordan vil grensen fungere: TikTok og YouTube?<\/h2>\n<p>De 2 timene som brukes p\u00e5 Facebook og Instagram vil ikke bli beregnet separat, men <strong>tiden vil bli lagt til<\/strong>. Hvis for eksempel en ten\u00e5ring bruker Instagram i 1 time og 30 minutter, vil han eller hun ha 30 minutter igjen f\u00f8r den n\u00e5r den daglige terskelen. Antallet vil ogs\u00e5 inkludere eventuelle flere kontoer som Meta klarer \u00e5 spore tilbake til samme person, og for \u00e5 deaktivere taket, vil en forelders autorisasjon v\u00e6re n\u00f8dvendig.<\/p>\n<p>F\u00f8r du stopper, vil flere p\u00e5minnelser vises. Barna vil motta et varsel etter hver <strong>15 minutter p\u00e5 rad<\/strong> bruk og ytterligere p\u00e5minnelser n\u00e5r totalen for dagen n\u00e5r <strong>60 og 90 minutter<\/strong>. Dette vil introdusere flere avbrudd under utvidede \u00f8kter, i stedet for bare \u00e5 gripe inn n\u00e5r det forventede maksimumet er n\u00e5dd.<\/p>\n<p>Funksjonene til <strong>direktemeldinger<\/strong> de forblir ekskludert fra den daglige grensen og andre tidsbegrensninger. Det vil derfor fortsatt v\u00e6re mulig \u00e5 utveksle meldinger med venner og familie selv n\u00e5r de andre delene av applikasjonene ikke er tilgjengelige.<\/p>\n<p>spurte Meta ogs\u00e5 <strong>TikTok<\/strong> Og <strong>YouTube<\/strong> \u00e5 ta i bruk samme standard. Hvis begge holdt seg til de fastsatte betingelsene, ville noen tiltak bli strengere. Grensen ville falle til <strong>1 time for hver app<\/strong>vil nattblokken bli utvidet fra kl. 22.00 til kl. 07.00 og forpliktelsene under disse bestemmelsene vil \u00f8ke fra 5 til 10 \u00e5r.<\/p>\n<h2>Om natten vil appene bli blokkert og varslene reduseres p\u00e5 skolen<\/h2>\n<p>For de under 18 <strong>adgang<\/strong> til Instagram og Facebook blir det<strong> automatisk l\u00e5st mellom 00:00 og 6:00<\/strong>. I det omr\u00e5det vil det for eksempel ikke v\u00e6re mulig \u00e5 publisere innhold eller konsultere feeder, historier, Explore og Reels. Denne beskyttelsen kan ogs\u00e5 fjernes bare med tillatelse fra en forelder.<\/p>\n<p>Varslinger vil f\u00f8lge forskjellige tider: de vil bli deaktivert som standard mellom <strong>22.00 og 07.00<\/strong> og i tillegg i l\u00f8pet av skole\u00e5ret mellom <strong>8:00 og 15:00<\/strong>. Det er noen unntak, inkludert advarsler ang\u00e5ende konto- eller brukersikkerhet. California Department of Justice spesifiserer at skolemodusen vil gjelde fra 15. august til 15. juni, i en kontekst der forholdet mellom ten\u00e5ringer, smarttelefoner og skole blir stadig mer diskutert.<\/p>\n<h2>F\u00e6rre synlige likes, begrensede filtre og mer kontroll over innhold<\/h2>\n<p>Nyhetene gjelder ikke bare tiden foran skjermen. For yngre profiler <strong>antall likes og reaksjoner p\u00e5 innlegg vil automatisk skjules<\/strong>b\u00e5de p\u00e5 sitt eget innhold og p\u00e5 det som er publisert av andre. Meta vil ogs\u00e5 fortsette \u00e5 forhindre bruk av <strong>filtre som simulerer kosmetiske kirurgiske inngrep<\/strong> og det vil ogs\u00e5 blokkere de som bruker ekstreme sminketransformasjoner.<\/p>\n<p>Ber\u00f8rte brukere vil kunne velge en standardinnstilling <strong>ikke-tilpasset feed<\/strong>det vil si en innholdssekvens som anbefalingssystemer ikke vil tilpasse basert p\u00e5 interesser og tidligere interaksjoner. Foreldre vil kunne gj\u00f8re denne modusen obligatorisk gjennom tilsynsverkt\u00f8y.<\/p>\n<p>Da vil det v\u00e6re mulig <strong>deaktiver autoavspilling<\/strong>s\u00e5 videoer og annet innhold starter ikke automatisk etter hverandre, og for \u00e5 se nye vil det v\u00e6re n\u00f8dvendig med en frivillig handling, for eksempel en ber\u00f8ring eller en rulling. Dette valget kan ogs\u00e5 gj\u00f8res obligatorisk for den overv\u00e5kede kontoen.<\/p>\n<p>Et annet punkt gjelder alderen angitt av brukere. Meta er forpliktet til \u00e5 styrke teknologiene som er vant til <strong>identifisere profiler til barn mellom 13 og 17 \u00e5r <\/strong>selv n\u00e5r de erkl\u00e6rer en voksen alder, i tillegg til \u00e5 forbedre oppdagelsen og fjerningen av de som kan tilskrives barn under 13 \u00e5r. Temaet aldersverifisering p\u00e5 nett er like sentralt i EU, der det er utviklet en digital l\u00f8sning for \u00e5 bevise at du er myndig uten \u00e5 kommunisere f\u00f8dselsdatoen din til plattformen.<\/p>\n<h2>Fordi Meta n\u00e5dde denne avtalen i USA<\/h2>\n<p>Avtalen stenger en <strong>rettstvist startet i 2023<\/strong> av en koalisjon av amerikanske statsadvokater. If\u00f8lge p\u00e5standene oppmuntret selskapet til overdreven bruk av Instagram og Facebook av barn og ungdom, samtidig som de bagatelliserte risikoen knyttet til plattformene. Klagene omfattet ogs\u00e5 innsamling og bruk av data fra brukere under 13 \u00e5r i p\u00e5st\u00e5tt brudd p\u00e5 reglene om personvern til mindre\u00e5rige.<\/p>\n<p>Rettssaken startet 18. august 2026 i Federal District Court for Northern District of California. Noen dager senere kom partene til enighet, som deretter ble godkjent av dommeren. De fleste forhold vil m\u00e5tte best\u00e5 <strong>gjeldende i 10 \u00e5r<\/strong>. Den daglige tak og nattmodus er i utgangspunktet planlagt i 5 \u00e5r. P\u00e5 et \u00f8konomisk niv\u00e5, if\u00f8lge California Department of Justice, er de ventet <strong>utbetalinger p\u00e5 opptil 17 milliarder dollar<\/strong> til USA i l\u00f8pet av ti\u00e5ret.<\/p>\n<p>Etterlevelse av avtalen vil ogs\u00e5 v\u00e6re gjenstand for ekstern overv\u00e5king. EN <strong>uavhengig revisor<\/strong> vil hvert \u00e5r, i 5 \u00e5r, verifisere at Meta respekterer sine forpliktelser.<\/p>\n<h2>De nye restriksjonene gjelder USA, ikke Italia<\/h2>\n<p>Meta hadde allerede introdusert Instagram-kontoer for ten\u00e5ringer i 2024, utstyrt med automatisk beskyttelse for ten\u00e5ringer og tilsynsverkt\u00f8y dedikert til foreldre. Disse funksjonene eksisterte derfor allerede f\u00f8r avtalen, som n\u00e5 legger til spesifikke forpliktelser knyttet til bruken av plattformene i USA.<\/p>\n<p>I Italia derimot, <strong>Det er ingen obligatorisk daglig grense<\/strong> sammenlignbar med de 2 timene fastsatt av den amerikanske avtalen. Imidlertid griper italiensk lovgivning inn n\u00e5r det gjelder samtykke til behandling av personopplysninger: basert p\u00e5 personvernkoden, kom igjen <strong>14 \u00e5r gammel<\/strong> en mindre\u00e5rig kan gi det selvstendig i forhold til direkte tilbud om informasjonssamfunnstjenester n\u00e5r behandlingen er basert p\u00e5 samtykke. Under denne alderen er i disse tilfellene rollen til den som ut\u00f8ver foreldreansvaret n\u00f8dvendig.<\/p>\n<p>Men bildet kan endre seg. Senatet vurderer <strong>regning nr. 1136<\/strong> om beskyttelse av mindre\u00e5rige i den digitale dimensjonen, hvis nye tekst bestemmer at aktivering av kontoer p\u00e5 sosiale nettverk og videodelingsplattformer kun er tillatt <strong>etter 15 \u00e5r<\/strong>sammen med innf\u00f8ring av systemer for <strong>sjekk brukernes alder<\/strong>. Dette er imidlertid et forslag som fortsatt er under diskusjon i Kommisjonen og derfor ikke en regel som allerede er i kraft.<\/p>\n<p>Sp\u00f8rsm\u00e5let passer inn i en<strong> bredere internasjonal debatt<\/strong> om mindre\u00e5riges tilgang til sosiale medier. Australia har allerede forbudt bruk av sosiale plattformer av de under 16, mens Frankrike har innf\u00f8rt et forbud for de under 15. Den amerikanske modellen f\u00f8lger imidlertid en annen vei: den hindrer ikke ten\u00e5ringer fra \u00e5 f\u00e5 tilgang til Facebook og Instagram, men griper inn i m\u00e5ten de kan bruke dem p\u00e5, innf\u00f8rer automatiske tidsbegrensninger og gir foreldre st\u00f8rre kontroll over muligheten for \u00e5 endre dem.<\/p>\n<\/p><\/div>\n","protected":false},"excerpt":{"rendered":"<p>Instagram Og Facebook de vil endre seg for mindre brukere i USA. Etter avtale inng\u00e5tt<\/p>\n","protected":false},"author":1,"featured_media":21642,"comment_status":"closed","ping_status":"open","sticky":false,"template":"","format":"standard","meta":{"footnotes":""},"categories":[25],"tags":[591,2150,9145,1879,2980,1213,3865,81,2979,3954,3065,10694],"class_list":["post-21641","post","type-post","status-publish","format-standard","has-post-thumbnail","hentry","category-teknologi","tag-endrer","tag-facebook","tag-grense","tag-instagram","tag-medier","tag-meta","tag-natten","tag-pa","tag-sosiale","tag-stopp","tag-tenaringer","tag-timers","generate-columns","tablet-grid-50","mobile-grid-100","grid-parent","grid-33","resize-featured-image"],"yoast_head":"<!-- This site is optimized with the Yoast SEO plugin v24.4 - https:\/\/yoast.com\/wordpress\/plugins\/seo\/ -->\n<title>Meta endrer Instagram og Facebook for ten\u00e5ringer: 2 timers grense p\u00e5 sosiale medier og stopp om natten - Nordnesrepublikken<\/title>\n<meta name=\"robots\" content=\"index, follow, max-snippet:-1, max-image-preview:large, max-video-preview:-1\" \/>\n<link rel=\"canonical\" href=\"https:\/\/nordnesrepublikken.no\/index.php\/2026\/08\/31\/meta-endrer-instagram-og-facebook-for-tenaringer-2-timers-grense-pa-sosiale-medier-og-stopp-om-natten\/\" \/>\n<meta property=\"og:locale\" content=\"nb_NO\" \/>\n<meta property=\"og:type\" content=\"article\" \/>\n<meta property=\"og:title\" content=\"Meta endrer Instagram og Facebook for ten\u00e5ringer: 2 timers grense p\u00e5 sosiale medier og stopp om natten - Nordnesrepublikken\" \/>\n<meta property=\"og:description\" content=\"Instagram Og Facebook de vil endre seg for mindre brukere i USA. Etter avtale inng\u00e5tt\" \/>\n<meta property=\"og:url\" content=\"https:\/\/nordnesrepublikken.no\/index.php\/2026\/08\/31\/meta-endrer-instagram-og-facebook-for-tenaringer-2-timers-grense-pa-sosiale-medier-og-stopp-om-natten\/\" \/>\n<meta property=\"og:site_name\" content=\"Nordnesrepublikken\" \/>\n<meta property=\"article:published_time\" content=\"2026-08-31T11:03:00+00:00\" \/>\n<meta property=\"article:modified_time\" content=\"2026-08-31T11:03:02+00:00\" \/>\n<meta property=\"og:image\" content=\"https:\/\/nordnesrepublikken.no\/wp-content\/uploads\/2026\/08\/1788174182_Meta-endrer-Instagram-og-Facebook-for-tenaringer-2-timers-grense.jpg\" \/>\n\t<meta property=\"og:image:width\" content=\"1200\" \/>\n\t<meta property=\"og:image:height\" content=\"799\" \/>\n\t<meta property=\"og:image:type\" content=\"image\/jpeg\" \/>\n<meta name=\"author\" content=\"Ole Andersen\" \/>\n<meta name=\"twitter:card\" content=\"summary_large_image\" \/>\n<meta name=\"twitter:label1\" content=\"Skrevet av\" \/>\n\t<meta name=\"twitter:data1\" content=\"Ole Andersen\" \/>\n\t<meta name=\"twitter:label2\" content=\"Ansl. lesetid\" \/>\n\t<meta name=\"twitter:data2\" content=\"6 minutter\" \/>\n<script type=\"application\/ld+json\" class=\"yoast-schema-graph\">{\"@context\":\"https:\/\/schema.org\",\"@graph\":[{\"@type\":\"Article\",\"@id\":\"https:\/\/nordnesrepublikken.no\/index.php\/2026\/08\/31\/meta-endrer-instagram-og-facebook-for-tenaringer-2-timers-grense-pa-sosiale-medier-og-stopp-om-natten\/#article\",\"isPartOf\":{\"@id\":\"https:\/\/nordnesrepublikken.no\/index.php\/2026\/08\/31\/meta-endrer-instagram-og-facebook-for-tenaringer-2-timers-grense-pa-sosiale-medier-og-stopp-om-natten\/\"},\"author\":{\"name\":\"Ole Andersen\",\"@id\":\"https:\/\/nordnesrepublikken.no\/#\/schema\/person\/2e7e81935bab77882fffb79296240ff1\"},\"headline\":\"Meta endrer Instagram og Facebook for ten\u00e5ringer: 2 timers grense p\u00e5 sosiale medier og stopp om natten\",\"datePublished\":\"2026-08-31T11:03:00+00:00\",\"dateModified\":\"2026-08-31T11:03:02+00:00\",\"mainEntityOfPage\":{\"@id\":\"https:\/\/nordnesrepublikken.no\/index.php\/2026\/08\/31\/meta-endrer-instagram-og-facebook-for-tenaringer-2-timers-grense-pa-sosiale-medier-og-stopp-om-natten\/\"},\"wordCount\":1162,\"publisher\":{\"@id\":\"https:\/\/nordnesrepublikken.no\/#organization\"},\"image\":{\"@id\":\"https:\/\/nordnesrepublikken.no\/index.php\/2026\/08\/31\/meta-endrer-instagram-og-facebook-for-tenaringer-2-timers-grense-pa-sosiale-medier-og-stopp-om-natten\/#primaryimage\"},\"thumbnailUrl\":\"https:\/\/nordnesrepublikken.no\/wp-content\/uploads\/2026\/08\/1788174182_Meta-endrer-Instagram-og-Facebook-for-tenaringer-2-timers-grense.jpg\",\"keywords\":[\"endrer\",\"Facebook\",\"grense\",\"Instagram\",\"medier\",\"Meta\",\"natten\",\"p\u00e5\",\"sosiale\",\"Stopp\",\"ten\u00e5ringer\",\"timers\"],\"articleSection\":[\"Teknologi\"],\"inLanguage\":\"nb-NO\"},{\"@type\":\"WebPage\",\"@id\":\"https:\/\/nordnesrepublikken.no\/index.php\/2026\/08\/31\/meta-endrer-instagram-og-facebook-for-tenaringer-2-timers-grense-pa-sosiale-medier-og-stopp-om-natten\/\",\"url\":\"https:\/\/nordnesrepublikken.no\/index.php\/2026\/08\/31\/meta-endrer-instagram-og-facebook-for-tenaringer-2-timers-grense-pa-sosiale-medier-og-stopp-om-natten\/\",\"name\":\"Meta endrer Instagram og Facebook for ten\u00e5ringer: 2 timers grense p\u00e5 sosiale medier og stopp om natten - Nordnesrepublikken\",\"isPartOf\":{\"@id\":\"https:\/\/nordnesrepublikken.no\/#website\"},\"primaryImageOfPage\":{\"@id\":\"https:\/\/nordnesrepublikken.no\/index.php\/2026\/08\/31\/meta-endrer-instagram-og-facebook-for-tenaringer-2-timers-grense-pa-sosiale-medier-og-stopp-om-natten\/#primaryimage\"},\"image\":{\"@id\":\"https:\/\/nordnesrepublikken.no\/index.php\/2026\/08\/31\/meta-endrer-instagram-og-facebook-for-tenaringer-2-timers-grense-pa-sosiale-medier-og-stopp-om-natten\/#primaryimage\"},\"thumbnailUrl\":\"https:\/\/nordnesrepublikken.no\/wp-content\/uploads\/2026\/08\/1788174182_Meta-endrer-Instagram-og-Facebook-for-tenaringer-2-timers-grense.jpg\",\"datePublished\":\"2026-08-31T11:03:00+00:00\",\"dateModified\":\"2026-08-31T11:03:02+00:00\",\"breadcrumb\":{\"@id\":\"https:\/\/nordnesrepublikken.no\/index.php\/2026\/08\/31\/meta-endrer-instagram-og-facebook-for-tenaringer-2-timers-grense-pa-sosiale-medier-og-stopp-om-natten\/#breadcrumb\"},\"inLanguage\":\"nb-NO\",\"potentialAction\":[{\"@type\":\"ReadAction\",\"target\":[\"https:\/\/nordnesrepublikken.no\/index.php\/2026\/08\/31\/meta-endrer-instagram-og-facebook-for-tenaringer-2-timers-grense-pa-sosiale-medier-og-stopp-om-natten\/\"]}]},{\"@type\":\"ImageObject\",\"inLanguage\":\"nb-NO\",\"@id\":\"https:\/\/nordnesrepublikken.no\/index.php\/2026\/08\/31\/meta-endrer-instagram-og-facebook-for-tenaringer-2-timers-grense-pa-sosiale-medier-og-stopp-om-natten\/#primaryimage\",\"url\":\"https:\/\/nordnesrepublikken.no\/wp-content\/uploads\/2026\/08\/1788174182_Meta-endrer-Instagram-og-Facebook-for-tenaringer-2-timers-grense.jpg\",\"contentUrl\":\"https:\/\/nordnesrepublikken.no\/wp-content\/uploads\/2026\/08\/1788174182_Meta-endrer-Instagram-og-Facebook-for-tenaringer-2-timers-grense.jpg\",\"width\":1200,\"height\":799,\"caption\":\"Meta endrer Instagram og Facebook for ten\u00e5ringer: 2 timers grense p\u00e5 sosiale medier og stopp om natten\"},{\"@type\":\"BreadcrumbList\",\"@id\":\"https:\/\/nordnesrepublikken.no\/index.php\/2026\/08\/31\/meta-endrer-instagram-og-facebook-for-tenaringer-2-timers-grense-pa-sosiale-medier-og-stopp-om-natten\/#breadcrumb\",\"itemListElement\":[{\"@type\":\"ListItem\",\"position\":1,\"name\":\"Home\",\"item\":\"https:\/\/nordnesrepublikken.no\/\"},{\"@type\":\"ListItem\",\"position\":2,\"name\":\"Meta endrer Instagram og Facebook for ten\u00e5ringer: 2 timers grense p\u00e5 sosiale medier og stopp om natten\"}]},{\"@type\":\"WebSite\",\"@id\":\"https:\/\/nordnesrepublikken.no\/#website\",\"url\":\"https:\/\/nordnesrepublikken.no\/\",\"name\":\"Nordnesrepublikken\",\"description\":\"Stemmer og Visjoner fra Republikkens Hjerte\",\"publisher\":{\"@id\":\"https:\/\/nordnesrepublikken.no\/#organization\"},\"potentialAction\":[{\"@type\":\"SearchAction\",\"target\":{\"@type\":\"EntryPoint\",\"urlTemplate\":\"https:\/\/nordnesrepublikken.no\/?s={search_term_string}\"},\"query-input\":{\"@type\":\"PropertyValueSpecification\",\"valueRequired\":true,\"valueName\":\"search_term_string\"}}],\"inLanguage\":\"nb-NO\"},{\"@type\":\"Organization\",\"@id\":\"https:\/\/nordnesrepublikken.no\/#organization\",\"name\":\"Nordnesrepublikken\",\"url\":\"https:\/\/nordnesrepublikken.no\/\",\"logo\":{\"@type\":\"ImageObject\",\"inLanguage\":\"nb-NO\",\"@id\":\"https:\/\/nordnesrepublikken.no\/#\/schema\/logo\/image\/\",\"url\":\"https:\/\/nordnesrepublikken.no\/wp-content\/uploads\/2025\/02\/cropped-nordnesrepublikken-2.png\",\"contentUrl\":\"https:\/\/nordnesrepublikken.no\/wp-content\/uploads\/2025\/02\/cropped-nordnesrepublikken-2.png\",\"width\":1248,\"height\":362,\"caption\":\"Nordnesrepublikken\"},\"image\":{\"@id\":\"https:\/\/nordnesrepublikken.no\/#\/schema\/logo\/image\/\"}},{\"@type\":\"Person\",\"@id\":\"https:\/\/nordnesrepublikken.no\/#\/schema\/person\/2e7e81935bab77882fffb79296240ff1\",\"name\":\"Ole Andersen\",\"image\":{\"@type\":\"ImageObject\",\"inLanguage\":\"nb-NO\",\"@id\":\"https:\/\/nordnesrepublikken.no\/#\/schema\/person\/image\/\",\"url\":\"https:\/\/nordnesrepublikken.no\/wp-content\/uploads\/2025\/02\/nordnesrepublikken-2-2-150x150.jpg\",\"contentUrl\":\"https:\/\/nordnesrepublikken.no\/wp-content\/uploads\/2025\/02\/nordnesrepublikken-2-2-150x150.jpg\",\"caption\":\"Ole Andersen\"},\"description\":\"Ettersom jeg vokste opp i Oslo, har jeg alltid v\u00e6rt fascinert av ordenes kraft og deres evne til \u00e5 skape endringer. Etter \u00e5 ha fullf\u00f8rt min utdannelse i kommunikasjon ved Universitetet i Bergen, fikk jeg muligheten til \u00e5 jobbe innen ulike medier, der jeg har s\u00f8kt \u00e5 belyse viktige samfunnssp\u00f8rsm\u00e5l. I dag, som redakt\u00f8r for Nordnesrepublikken, pr\u00f8ver jeg \u00e5 forene min kj\u00e6rlighet for journalistikk med min lidenskap for innovasjon og eventyr.\",\"sameAs\":[\"https:\/\/nordnesrepublikken.no\/\"]}]}<\/script>\n<!-- \/ Yoast SEO plugin. -->","yoast_head_json":{"title":"Meta endrer Instagram og Facebook for ten\u00e5ringer: 2 timers grense p\u00e5 sosiale medier og stopp om natten - Nordnesrepublikken","robots":{"index":"index","follow":"follow","max-snippet":"max-snippet:-1","max-image-preview":"max-image-preview:large","max-video-preview":"max-video-preview:-1"},"canonical":"https:\/\/nordnesrepublikken.no\/index.php\/2026\/08\/31\/meta-endrer-instagram-og-facebook-for-tenaringer-2-timers-grense-pa-sosiale-medier-og-stopp-om-natten\/","og_locale":"nb_NO","og_type":"article","og_title":"Meta endrer Instagram og Facebook for ten\u00e5ringer: 2 timers grense p\u00e5 sosiale medier og stopp om natten - Nordnesrepublikken","og_description":"Instagram Og Facebook de vil endre seg for mindre brukere i USA. Etter avtale inng\u00e5tt","og_url":"https:\/\/nordnesrepublikken.no\/index.php\/2026\/08\/31\/meta-endrer-instagram-og-facebook-for-tenaringer-2-timers-grense-pa-sosiale-medier-og-stopp-om-natten\/","og_site_name":"Nordnesrepublikken","article_published_time":"2026-08-31T11:03:00+00:00","article_modified_time":"2026-08-31T11:03:02+00:00","og_image":[{"width":1200,"height":799,"url":"https:\/\/nordnesrepublikken.no\/wp-content\/uploads\/2026\/08\/1788174182_Meta-endrer-Instagram-og-Facebook-for-tenaringer-2-timers-grense.jpg","type":"image\/jpeg"}],"author":"Ole Andersen","twitter_card":"summary_large_image","twitter_misc":{"Skrevet av":"Ole Andersen","Ansl. lesetid":"6 minutter"},"schema":{"@context":"https:\/\/schema.org","@graph":[{"@type":"Article","@id":"https:\/\/nordnesrepublikken.no\/index.php\/2026\/08\/31\/meta-endrer-instagram-og-facebook-for-tenaringer-2-timers-grense-pa-sosiale-medier-og-stopp-om-natten\/#article","isPartOf":{"@id":"https:\/\/nordnesrepublikken.no\/index.php\/2026\/08\/31\/meta-endrer-instagram-og-facebook-for-tenaringer-2-timers-grense-pa-sosiale-medier-og-stopp-om-natten\/"},"author":{"name":"Ole Andersen","@id":"https:\/\/nordnesrepublikken.no\/#\/schema\/person\/2e7e81935bab77882fffb79296240ff1"},"headline":"Meta endrer Instagram og Facebook for ten\u00e5ringer: 2 timers grense p\u00e5 sosiale medier og stopp om natten","datePublished":"2026-08-31T11:03:00+00:00","dateModified":"2026-08-31T11:03:02+00:00","mainEntityOfPage":{"@id":"https:\/\/nordnesrepublikken.no\/index.php\/2026\/08\/31\/meta-endrer-instagram-og-facebook-for-tenaringer-2-timers-grense-pa-sosiale-medier-og-stopp-om-natten\/"},"wordCount":1162,"publisher":{"@id":"https:\/\/nordnesrepublikken.no\/#organization"},"image":{"@id":"https:\/\/nordnesrepublikken.no\/index.php\/2026\/08\/31\/meta-endrer-instagram-og-facebook-for-tenaringer-2-timers-grense-pa-sosiale-medier-og-stopp-om-natten\/#primaryimage"},"thumbnailUrl":"https:\/\/nordnesrepublikken.no\/wp-content\/uploads\/2026\/08\/1788174182_Meta-endrer-Instagram-og-Facebook-for-tenaringer-2-timers-grense.jpg","keywords":["endrer","Facebook","grense","Instagram","medier","Meta","natten","p\u00e5","sosiale","Stopp","ten\u00e5ringer","timers"],"articleSection":["Teknologi"],"inLanguage":"nb-NO"},{"@type":"WebPage","@id":"https:\/\/nordnesrepublikken.no\/index.php\/2026\/08\/31\/meta-endrer-instagram-og-facebook-for-tenaringer-2-timers-grense-pa-sosiale-medier-og-stopp-om-natten\/","url":"https:\/\/nordnesrepublikken.no\/index.php\/2026\/08\/31\/meta-endrer-instagram-og-facebook-for-tenaringer-2-timers-grense-pa-sosiale-medier-og-stopp-om-natten\/","name":"Meta endrer Instagram og Facebook for ten\u00e5ringer: 2 timers grense p\u00e5 sosiale medier og stopp om natten - Nordnesrepublikken","isPartOf":{"@id":"https:\/\/nordnesrepublikken.no\/#website"},"primaryImageOfPage":{"@id":"https:\/\/nordnesrepublikken.no\/index.php\/2026\/08\/31\/meta-endrer-instagram-og-facebook-for-tenaringer-2-timers-grense-pa-sosiale-medier-og-stopp-om-natten\/#primaryimage"},"image":{"@id":"https:\/\/nordnesrepublikken.no\/index.php\/2026\/08\/31\/meta-endrer-instagram-og-facebook-for-tenaringer-2-timers-grense-pa-sosiale-medier-og-stopp-om-natten\/#primaryimage"},"thumbnailUrl":"https:\/\/nordnesrepublikken.no\/wp-content\/uploads\/2026\/08\/1788174182_Meta-endrer-Instagram-og-Facebook-for-tenaringer-2-timers-grense.jpg","datePublished":"2026-08-31T11:03:00+00:00","dateModified":"2026-08-31T11:03:02+00:00","breadcrumb":{"@id":"https:\/\/nordnesrepublikken.no\/index.php\/2026\/08\/31\/meta-endrer-instagram-og-facebook-for-tenaringer-2-timers-grense-pa-sosiale-medier-og-stopp-om-natten\/#breadcrumb"},"inLanguage":"nb-NO","potentialAction":[{"@type":"ReadAction","target":["https:\/\/nordnesrepublikken.no\/index.php\/2026\/08\/31\/meta-endrer-instagram-og-facebook-for-tenaringer-2-timers-grense-pa-sosiale-medier-og-stopp-om-natten\/"]}]},{"@type":"ImageObject","inLanguage":"nb-NO","@id":"https:\/\/nordnesrepublikken.no\/index.php\/2026\/08\/31\/meta-endrer-instagram-og-facebook-for-tenaringer-2-timers-grense-pa-sosiale-medier-og-stopp-om-natten\/#primaryimage","url":"https:\/\/nordnesrepublikken.no\/wp-content\/uploads\/2026\/08\/1788174182_Meta-endrer-Instagram-og-Facebook-for-tenaringer-2-timers-grense.jpg","contentUrl":"https:\/\/nordnesrepublikken.no\/wp-content\/uploads\/2026\/08\/1788174182_Meta-endrer-Instagram-og-Facebook-for-tenaringer-2-timers-grense.jpg","width":1200,"height":799,"caption":"Meta endrer Instagram og Facebook for ten\u00e5ringer: 2 timers grense p\u00e5 sosiale medier og stopp om natten"},{"@type":"BreadcrumbList","@id":"https:\/\/nordnesrepublikken.no\/index.php\/2026\/08\/31\/meta-endrer-instagram-og-facebook-for-tenaringer-2-timers-grense-pa-sosiale-medier-og-stopp-om-natten\/#breadcrumb","itemListElement":[{"@type":"ListItem","position":1,"name":"Home","item":"https:\/\/nordnesrepublikken.no\/"},{"@type":"ListItem","position":2,"name":"Meta endrer Instagram og Facebook for ten\u00e5ringer: 2 timers grense p\u00e5 sosiale medier og stopp om natten"}]},{"@type":"WebSite","@id":"https:\/\/nordnesrepublikken.no\/#website","url":"https:\/\/nordnesrepublikken.no\/","name":"Nordnesrepublikken","description":"Stemmer og Visjoner fra Republikkens Hjerte","publisher":{"@id":"https:\/\/nordnesrepublikken.no\/#organization"},"potentialAction":[{"@type":"SearchAction","target":{"@type":"EntryPoint","urlTemplate":"https:\/\/nordnesrepublikken.no\/?s={search_term_string}"},"query-input":{"@type":"PropertyValueSpecification","valueRequired":true,"valueName":"search_term_string"}}],"inLanguage":"nb-NO"},{"@type":"Organization","@id":"https:\/\/nordnesrepublikken.no\/#organization","name":"Nordnesrepublikken","url":"https:\/\/nordnesrepublikken.no\/","logo":{"@type":"ImageObject","inLanguage":"nb-NO","@id":"https:\/\/nordnesrepublikken.no\/#\/schema\/logo\/image\/","url":"https:\/\/nordnesrepublikken.no\/wp-content\/uploads\/2025\/02\/cropped-nordnesrepublikken-2.png","contentUrl":"https:\/\/nordnesrepublikken.no\/wp-content\/uploads\/2025\/02\/cropped-nordnesrepublikken-2.png","width":1248,"height":362,"caption":"Nordnesrepublikken"},"image":{"@id":"https:\/\/nordnesrepublikken.no\/#\/schema\/logo\/image\/"}},{"@type":"Person","@id":"https:\/\/nordnesrepublikken.no\/#\/schema\/person\/2e7e81935bab77882fffb79296240ff1","name":"Ole Andersen","image":{"@type":"ImageObject","inLanguage":"nb-NO","@id":"https:\/\/nordnesrepublikken.no\/#\/schema\/person\/image\/","url":"https:\/\/nordnesrepublikken.no\/wp-content\/uploads\/2025\/02\/nordnesrepublikken-2-2-150x150.jpg","contentUrl":"https:\/\/nordnesrepublikken.no\/wp-content\/uploads\/2025\/02\/nordnesrepublikken-2-2-150x150.jpg","caption":"Ole Andersen"},"description":"Ettersom jeg vokste opp i Oslo, har jeg alltid v\u00e6rt fascinert av ordenes kraft og deres evne til \u00e5 skape endringer. Etter \u00e5 ha fullf\u00f8rt min utdannelse i kommunikasjon ved Universitetet i Bergen, fikk jeg muligheten til \u00e5 jobbe innen ulike medier, der jeg har s\u00f8kt \u00e5 belyse viktige samfunnssp\u00f8rsm\u00e5l. I dag, som redakt\u00f8r for Nordnesrepublikken, pr\u00f8ver jeg \u00e5 forene min kj\u00e6rlighet for journalistikk med min lidenskap for innovasjon og eventyr.","sameAs":["https:\/\/nordnesrepublikken.no\/"]}]}},"_links":{"self":[{"href":"https:\/\/nordnesrepublikken.no\/index.php\/wp-json\/wp\/v2\/posts\/21641","targetHints":{"allow":["GET"]}}],"collection":[{"href":"https:\/\/nordnesrepublikken.no\/index.php\/wp-json\/wp\/v2\/posts"}],"about":[{"href":"https:\/\/nordnesrepublikken.no\/index.php\/wp-json\/wp\/v2\/types\/post"}],"author":[{"embeddable":true,"href":"https:\/\/nordnesrepublikken.no\/index.php\/wp-json\/wp\/v2\/users\/1"}],"replies":[{"embeddable":true,"href":"https:\/\/nordnesrepublikken.no\/index.php\/wp-json\/wp\/v2\/comments?post=21641"}],"version-history":[{"count":1,"href":"https:\/\/nordnesrepublikken.no\/index.php\/wp-json\/wp\/v2\/posts\/21641\/revisions"}],"predecessor-version":[{"id":21643,"href":"https:\/\/nordnesrepublikken.no\/index.php\/wp-json\/wp\/v2\/posts\/21641\/revisions\/21643"}],"wp:featuredmedia":[{"embeddable":true,"href":"https:\/\/nordnesrepublikken.no\/index.php\/wp-json\/wp\/v2\/media\/21642"}],"wp:attachment":[{"href":"https:\/\/nordnesrepublikken.no\/index.php\/wp-json\/wp\/v2\/media?parent=21641"}],"wp:term":[{"taxonomy":"category","embeddable":true,"href":"https:\/\/nordnesrepublikken.no\/index.php\/wp-json\/wp\/v2\/categories?post=21641"},{"taxonomy":"post_tag","embeddable":true,"href":"https:\/\/nordnesrepublikken.no\/index.php\/wp-json\/wp\/v2\/tags?post=21641"}],"curies":[{"name":"wp","href":"https:\/\/api.w.org\/{rel}","templated":true}]}}