{"id":21638,"date":"2026-08-31T12:02:41","date_gmt":"2026-08-31T10:02:41","guid":{"rendered":"https:\/\/nordnesrepublikken.no\/index.php\/2026\/08\/31\/varmen-koster-eu-180-milliarder-1-av-bnp-italia-blant-de-mest-berorte-landene-sommeren-2026\/"},"modified":"2026-08-31T12:02:44","modified_gmt":"2026-08-31T10:02:44","slug":"varmen-koster-eu-180-milliarder-1-av-bnp-italia-blant-de-mest-berorte-landene-sommeren-2026","status":"publish","type":"post","link":"https:\/\/nordnesrepublikken.no\/index.php\/2026\/08\/31\/varmen-koster-eu-180-milliarder-1-av-bnp-italia-blant-de-mest-berorte-landene-sommeren-2026\/","title":{"rendered":"Varmen koster EU 180 milliarder, 1 % av BNP: Italia blant de mest ber\u00f8rte landene sommeren 2026"},"content":{"rendered":"<div>\n<div class=\"cp_wrapper cp_wrapper--fw mb-30 mb-20@tablet\">\n<figure class=\"mm\"><picture class=\"img\" style=\"padding-top:56.25%\"><source  media=\"(min-width: 1024px)\"><source  media=\"(min-width: 768px)\"><\/source><\/source><\/picture><\/figure>\n<\/p><\/div>\n<p>Sommeren 2026 vil koste EU ca <strong>180 milliarder euro, 1 % av BNP<\/strong>. Det er nesten n\u00f8yaktig veksten EU-kommisjonen hadde sp\u00e5dd for i \u00e5r, 1,1 %. Anslaget kommer fra <strong>Hot Summer Economics<\/strong>rapporten publisert 8. august av Triodos Bank-\u00f8konomene Hans Stegeman, Joeri de Wilde og Ernst Hobma, som m\u00e5lte varmens p\u00e5virkning p\u00e5 fire fronter: landbruk, energi, transport og arbeidsproduktivitet. En avklaring er n\u00f8dvendig umiddelbart: estimatet tar kun hensyn til de direkte effektene av f\u00f8rste runde, mens sommeren fortsatt er i gang. Etter forfatternes egen innr\u00f8mmelse er det trolig forsvarlig.<\/p>\n<p>I \u00e5r har landet v\u00e5rt akkumulert <strong>47 dager over 30 grader over det historiske gjennomsnittet<\/strong>: den h\u00f8yeste verdien blant de syv analyserte \u00f8konomiene, nesten det dobbelte av det europeiske gjennomsnittet, stopper p\u00e5 24. Det er denne forskjellen, og ikke den absolutte temperaturen, som bestemmer den \u00f8konomiske skaden. Og det er derfor <strong>Italia er det nest mest ber\u00f8rte landet i unionen, rett etter Frankrike<\/strong> og foran Spania og Belgia. Med et paradoks som vi vil komme til: det skjer til tross for at det p\u00e5 papiret er det best utstyrte landet i gruppen.<\/p>\n<h2><strong>S\u00e5 varm sommeren 2026 egentlig var<\/strong><\/h2>\n<p>Utgangspunktet er fysiske data, og det er entydig. I f\u00f8lge <strong>Copernicus Climate Change Service<\/strong>juni 2026 var den varmeste juni som noen gang er registrert i Vest-Europa, mer enn tre grader over gjennomsnittet for 1991-2020: en rekord som tilh\u00f8rte \u00e5ret f\u00f8r. Siden den gang har det kommet to heteb\u00f8lger til. Tre p\u00e5 seks uker.<\/p>\n<p><iframe title=\"Interactive or visual content\" class=\"flourish-embed-iframe js-parse-embed\" frameborder=\"0\" scrolling=\"no\" style=\"width:100%;height:600px;\" sandbox=\"allow-same-origin allow-forms allow-scripts allow-downloads allow-popups allow-popups-to-escape-sandbox allow-top-navigation-by-user-activation\" data-type=\"generic-iframe\" data-src=\"https:\/\/flo.uri.sh\/visualisation\/30078934\/embed\"><\/iframe><\/p>\n<p>Det er en n\u00f8yaktig m\u00e5ling av opprinnelsen til den varmen. Forskergruppen <strong>Verdens v\u00e6rattribusjon<\/strong> han regnet ut at junib\u00f8lgen ble gitt <strong>omtrent hundre ganger mer sannsynlig<\/strong> fra global oppvarming sammenlignet med for tjue \u00e5r siden, og at 45 % av over 800 europeiske byer som ble unders\u00f8kt, har sl\u00e5tt rekorden sin i varmestress. De enkelte nasjonale meteorologiske tjenestene registrerte rekorder som aldri er sett f\u00f8r: Frankrike fem dager p\u00e5 rad over 40 grader og 72 avdelinger i r\u00f8dt varsel samtidig, Tyskland elleve dager over 35.<\/p>\n<p>For Italia eksisterer imidlertid ikke et nasjonalt nummer. <strong>Landet v\u00e5rt har ikke en institusjon som f\u00f8rer disse regnskapene<\/strong> det samme gj\u00f8r den tyske DWD eller den nederlandske KNMI, og de tilgjengelige dataene forblir lokale: i Firenze seks p\u00e5f\u00f8lgende dager over 36 grader, en rekord i sytti \u00e5r. Det er et gap vi kommer tilbake til.<\/p>\n<h2>Hvordan ekstrem varme blir til tapt BNP: de 4 kanalene<\/h2>\n<p>Rapporten analyserer komponentene i tapt BNP og skiller dem etter sektor. Tre av disse veier til sammen i underkant av et halvt poeng. Den fjerde alene er mer verdt enn de tre andre til sammen.<\/p>\n<p><iframe title=\"Interactive or visual content\" class=\"flourish-embed-iframe js-parse-embed\" frameborder=\"0\" scrolling=\"no\" style=\"width:100%;height:600px;\" sandbox=\"allow-same-origin allow-forms allow-scripts allow-downloads allow-popups allow-popups-to-escape-sandbox allow-top-navigation-by-user-activation\" data-type=\"generic-iframe\" data-src=\"https:\/\/flo.uri.sh\/visualisation\/30078952\/embed\"><\/iframe><\/p>\n<ul>\n<li>DE&#8217;<strong>jordbruk<\/strong> p\u00e5virker omtrent 0,15 poeng. MARS-bulletinen til Joint Research Centre of the European Commission beskriver n\u00f8yaktig hva som skjedde: de gjentatte b\u00f8lgene forkortet modningsfasen til h\u00f8st-vinterkorn og f\u00f8rte frem innh\u00f8stingen, mens for mais og solsikke ble avkastningsprognosene kuttet med 6-7 %. Den franske maish\u00f8sten, if\u00f8lge funnene sitert i rapporten, er ventet <strong>den laveste p\u00e5 femti \u00e5r<\/strong>. I Italia, i Parmigiano Reggiano-omr\u00e5det, har varmestress redusert melkeproduksjonen med opptil 10 %. Sektoren veier imidlertid bare 1,2 % av europeisk BNP: Et alvorlig landbrukssjokk blir aldri oversatt en etter en til et makro\u00f8konomisk tall.<\/li>\n<li>DE&#8217;<strong>energi<\/strong> den er verdt ytterligere 0,12-0,15 poeng, og her virker varmen i to motsatte retninger samtidig: den \u00f8ker behovet for klimaanlegg akkurat som den reduserer tilbudet. Knappe og varmt vann har kuttet vannkraften, men det klareste bildet kommer fra fransk kjernekraft: i juli <strong>6,3 gigawatt kapasitet, omtrent en tidel av installert kapasitet<\/strong>forble stoppet til tider fordi kj\u00f8levannet overskred de lovlige grensene. P\u00e5 priser viser Ember-data at det europeiske dag-forut-gjennomsnittet stiger i slutten av juni til de h\u00f8yeste niv\u00e5ene siden 2022-krisen, med det italienske markedet, avhengig av gass, tilbake til vinteren 2025-verdier.<\/li>\n<li>DE <strong>transportere<\/strong> de legger til omtrent 0,15 poeng. T\u00f8rken har senket seilbare elver til det punktet at noen lektere p\u00e5 Rhinen reiste med en femtedel av sin normale last, med ringvirkninger p\u00e5 tysk industriforsyning: \u00f8konomer ansl\u00e5r opptil <strong>0,2 poeng av BNP mindre for Tyskland<\/strong> hvis situasjonen vedvarer. P\u00e5 jernbanen utvider varmen sporene og setter fartsgrenser i halve Europa.<\/li>\n<li>Den tyngste kanalen er imidlertid den minst synlige: den <strong>arbeidsproduktivitet, alene 0,6 poeng<\/strong>. Over 30 grader kollapser timeproduksjonen &#8211; omtrent 3 % for hver h\u00f8yere grad if\u00f8lge Allianz Research, med mer konservative estimater i OECD-analysen. Det p\u00e5virker ikke bare de som jobber utend\u00f8rs: I kontrollerte eksperimenter ved 30 grader falt ytelsen p\u00e5 kontoroppgaver med rundt 9 %, og varmen om natten forverrer s\u00f8vnkvaliteten, med effekter som hoper seg opp de p\u00e5f\u00f8lgende dagene.<\/li>\n<\/ul>\n<h2><strong>Fordi Italia er blant de mest ber\u00f8rte landene til tross for at det er best utstyrt<\/strong><\/h2>\n<p>Det er her analysen gir det minst \u00e5penbare resultatet. For \u00e5 fordele tapene mellom land, konstruerer forfatterne en varmef\u00f8lsomhetsindeks basert p\u00e5 fire elementer: hvor mye de utsatte yrkene veier, hvor mange klimaanlegg som er installert, hvor mye en befolkning er historisk vant til h\u00f8ye temperaturer og hvor mye tid de bruker p\u00e5 \u00e5 pendle mellom hjem og jobb.<\/p>\n<p><iframe title=\"Interactive or visual content\" class=\"flourish-embed-iframe js-parse-embed\" frameborder=\"0\" scrolling=\"no\" style=\"width:100%;height:600px;\" sandbox=\"allow-same-origin allow-forms allow-scripts allow-downloads allow-popups allow-popups-to-escape-sandbox allow-top-navigation-by-user-activation\" data-type=\"generic-iframe\" data-src=\"https:\/\/flo.uri.sh\/visualisation\/30079077\/embed\"><\/iframe><\/p>\n<p>P\u00e5 denne skalaen <strong>Italia er det minst sensitive landet i utvalget<\/strong>. Den har mye klimaanlegg, mange varme dager bak seg og derfor en god grad av akklimatisering av innbyggerne og kortere hjem-arbeidsreiser. I den andre ytterligheten er Polen, som f\u00e5r anslagsvis 3,4 ganger mer skade for hver eneste varme dag.<\/p>\n<p>Likevel ender Italia fortsatt blant de mest skadede \u00f8konomiene, pga<strong> evnen til \u00e5 tilpasse seg sto ikke til intensiteten<\/strong>: \u00e5 v\u00e6re utstyrt er nyttig til terskelen flyttes, og i \u00e5r har den flyttet seg. Frankrike, mindre akklimatisert og med lite klimaanlegg, mister rundt 1,4 vekstpoeng. Italia f\u00f8lger etter med rundt 1,2 poeng, og siden det startet med en vekstprognose p\u00e5 bare et halvt poeng, er resultatet det samme: <strong>to av de st\u00f8rste europeiske \u00f8konomiene lukker 2026 i sammentrekning, begge rundt -0,7 %<\/strong>. Belgia og Tyskland g\u00e5r ogs\u00e5 under null, mens Nederland stopper p\u00e5 nulllinjen. Polen, som hadde sv\u00e6rt f\u00e5 ekstra varme dager, vokste likevel med nesten 3 %.<\/p>\n<h2><strong>Hva ECB sier: varme kommer inn i pengepolitikken<\/strong><\/h2>\n<p>At sommeren har blitt en makro\u00f8konomisk variabel er ikke lenger bare en partisk avhandling. I <strong>august \u00f8konomisk bulletin<\/strong>lister Den europeiske sentralbanken opp ekstreme v\u00e6rhendelser &#8211; &laquo;som illustrert av p\u00e5g\u00e5ende heteb\u00f8lger&raquo; &#8211; blant oppsiderisikoen for matvareprisene. Det er det mest eksplisitte spr\u00e5ket en sentralbank bruker p\u00e5 et fenomen som enn\u00e5 ikke er konkludert.<\/p>\n<p>M\u00e5lingen av den risikoen kommer fra ECBs egen forskning. EN <strong>studere<\/strong> av 2024 signert av Maximilian Kotz, Friderike Kuik, Eliza Lis og Christiane Nickel, publisert i Communications Earth &#038; Environment, beregnet at den europeiske varmen i 2022 presset matinflasjonen opp til 0,93 prosentpoeng i l\u00f8pet av de p\u00e5f\u00f8lgende tolv m\u00e5nedene. Dette er nettopp parameteren som Triodos bruker for \u00e5 projisere effekten av 2026. Et andre arbeidsdokument fra ECB, Beat the heat, som ble utgitt i \u00e5r, ansl\u00e5r at i et scenario med varme og t\u00f8rke som ligner p\u00e5 det i 2022, vil merverdien per innbygger falle med 4,5 poeng i landbruket og med 0,75 i industrien.<\/p>\n<p>Den praktiske konsekvensen er det <strong>regningen for familier kommer ikke denne sommeren, men i 2027<\/strong>n\u00e5r mislykkede avlinger vil bli videref\u00f8rt til supermarkedspriser.<\/p>\n<h2><strong>Hva er utelatt av de 180 milliardene<\/strong><\/h2>\n<p>Et siste forbehold om tallet, og det er det viktigste. <strong>BNP m\u00e5ler produksjon<\/strong>ikke velv\u00e6re: branner og ofre kommer ikke inn i det. Faktisk \u00f8ker kostnadene ved \u00e5 slukke en brann eller behandle en syk person teknisk, til tross for at det er et netto tap for landet. Forfatterne skriver det \u00e5pent og gir opp \u00e5 tjene penger p\u00e5 disse effektene.<\/p>\n<p>Kom igjen <strong>branner<\/strong> Europeiske data fra EFFIS, overv\u00e5kingssystemet til Joint Research Centre, beskriver en av de verste sesongene som noen gang er registrert: i midten av august oversteg omr\u00e5det som brant i Unionen 490 tusen hektar, mot et tjue\u00e5rsgjennomsnitt p\u00e5 rundt 197 tusen, med Frankrike p\u00e5 et rekordh\u00f8yt niv\u00e5. Ingen av disse tallene er s\u00e5 langt oversatt til euro.<\/p>\n<p>P\u00e5 <strong>ofre<\/strong> en telling eksisterer bare der nasjonale helsemyndigheter publiserer den, og i \u00e5r er det f\u00e5 land som allerede har et tall. Frankrike sertifisert <strong>5 764 flere d\u00f8dsfall mellom 17. juni og 2. juli<\/strong>en mer intens episode enn august 2003, med over halvparten av d\u00f8dsfallene konsentrert p\u00e5 bare tre dager av seksten. I Tyskland har Robert Koch Institute s\u00e5 langt talt rundt 5.120. Belgia stoppet p\u00e5 1 747 mellom 18. juni og 1. juli, 48 % over sesonggjennomsnittet: dens d\u00f8deligste b\u00f8lge siden rekorder har eksistert, det vil si siden 2000. Nederland telte rundt 1 323 d\u00f8dsfall p\u00e5 tre uker, med en hale som fortsatte etter temperaturfallet. I England og Wales estimerte Met Office, UKHSA og Imperial College sammen mer enn 2700 omkomne for b\u00f8lgene i mai og juni.<\/p>\n<p>Ogs\u00e5 her mangler Italia. Den har ikke en rettidig nasjonal telling som kan sammenlignes med Frankrike eller Tyskland, akkurat som den ikke har en rettidig offisiell statistikk p\u00e5 dager med ekstreme varme. <strong>Landet som i \u00e5r registrerte det st\u00f8rste temperaturgapet i Europa er ogs\u00e5 det som m\u00e5ler det verst og kan bli et problem. <\/strong><\/p>\n<\/p><\/div>\n","protected":false},"excerpt":{"rendered":"<p>Sommeren 2026 vil koste EU ca 180 milliarder euro, 1 % av BNP. Det er<\/p>\n","protected":false},"author":1,"featured_media":21639,"comment_status":"closed","ping_status":"open","sticky":false,"template":"","format":"standard","meta":{"footnotes":""},"categories":[104],"tags":[786,1849,3925,437,537,146,167,594,2664,4098],"class_list":["post-21638","post","type-post","status-publish","format-standard","has-post-thumbnail","hentry","category-samfunn","tag-berorte","tag-blant","tag-bnp","tag-italia","tag-koster","tag-landene","tag-mest","tag-milliarder","tag-sommeren","tag-varmen","generate-columns","tablet-grid-50","mobile-grid-100","grid-parent","grid-33","resize-featured-image"],"yoast_head":"<!-- This site is optimized with the Yoast SEO plugin v24.4 - https:\/\/yoast.com\/wordpress\/plugins\/seo\/ -->\n<title>Varmen koster EU 180 milliarder, 1 % av BNP: Italia blant de mest ber\u00f8rte landene sommeren 2026 - Nordnesrepublikken<\/title>\n<meta name=\"robots\" content=\"index, follow, max-snippet:-1, max-image-preview:large, max-video-preview:-1\" \/>\n<link rel=\"canonical\" href=\"https:\/\/nordnesrepublikken.no\/index.php\/2026\/08\/31\/varmen-koster-eu-180-milliarder-1-av-bnp-italia-blant-de-mest-berorte-landene-sommeren-2026\/\" \/>\n<meta property=\"og:locale\" content=\"nb_NO\" \/>\n<meta property=\"og:type\" content=\"article\" \/>\n<meta property=\"og:title\" content=\"Varmen koster EU 180 milliarder, 1 % av BNP: Italia blant de mest ber\u00f8rte landene sommeren 2026 - Nordnesrepublikken\" \/>\n<meta property=\"og:description\" content=\"Sommeren 2026 vil koste EU ca 180 milliarder euro, 1 % av BNP. Det er\" \/>\n<meta property=\"og:url\" content=\"https:\/\/nordnesrepublikken.no\/index.php\/2026\/08\/31\/varmen-koster-eu-180-milliarder-1-av-bnp-italia-blant-de-mest-berorte-landene-sommeren-2026\/\" \/>\n<meta property=\"og:site_name\" content=\"Nordnesrepublikken\" \/>\n<meta property=\"article:published_time\" content=\"2026-08-31T10:02:41+00:00\" \/>\n<meta property=\"article:modified_time\" content=\"2026-08-31T10:02:44+00:00\" \/>\n<meta property=\"og:image\" content=\"https:\/\/nordnesrepublikken.no\/wp-content\/uploads\/2026\/08\/1788170563_Varmen-koster-EU-180-milliarder-1-av-BNP-Italia.jpg\" \/>\n\t<meta property=\"og:image:width\" content=\"1198\" \/>\n\t<meta property=\"og:image:height\" content=\"633\" \/>\n\t<meta property=\"og:image:type\" content=\"image\/jpeg\" \/>\n<meta name=\"author\" content=\"Ole Andersen\" \/>\n<meta name=\"twitter:card\" content=\"summary_large_image\" \/>\n<meta name=\"twitter:label1\" content=\"Skrevet av\" \/>\n\t<meta name=\"twitter:data1\" content=\"Ole Andersen\" \/>\n\t<meta name=\"twitter:label2\" content=\"Ansl. lesetid\" \/>\n\t<meta name=\"twitter:data2\" content=\"7 minutter\" \/>\n<script type=\"application\/ld+json\" class=\"yoast-schema-graph\">{\"@context\":\"https:\/\/schema.org\",\"@graph\":[{\"@type\":\"Article\",\"@id\":\"https:\/\/nordnesrepublikken.no\/index.php\/2026\/08\/31\/varmen-koster-eu-180-milliarder-1-av-bnp-italia-blant-de-mest-berorte-landene-sommeren-2026\/#article\",\"isPartOf\":{\"@id\":\"https:\/\/nordnesrepublikken.no\/index.php\/2026\/08\/31\/varmen-koster-eu-180-milliarder-1-av-bnp-italia-blant-de-mest-berorte-landene-sommeren-2026\/\"},\"author\":{\"name\":\"Ole Andersen\",\"@id\":\"https:\/\/nordnesrepublikken.no\/#\/schema\/person\/2e7e81935bab77882fffb79296240ff1\"},\"headline\":\"Varmen koster EU 180 milliarder, 1 % av BNP: Italia blant de mest ber\u00f8rte landene sommeren 2026\",\"datePublished\":\"2026-08-31T10:02:41+00:00\",\"dateModified\":\"2026-08-31T10:02:44+00:00\",\"mainEntityOfPage\":{\"@id\":\"https:\/\/nordnesrepublikken.no\/index.php\/2026\/08\/31\/varmen-koster-eu-180-milliarder-1-av-bnp-italia-blant-de-mest-berorte-landene-sommeren-2026\/\"},\"wordCount\":1491,\"publisher\":{\"@id\":\"https:\/\/nordnesrepublikken.no\/#organization\"},\"image\":{\"@id\":\"https:\/\/nordnesrepublikken.no\/index.php\/2026\/08\/31\/varmen-koster-eu-180-milliarder-1-av-bnp-italia-blant-de-mest-berorte-landene-sommeren-2026\/#primaryimage\"},\"thumbnailUrl\":\"https:\/\/nordnesrepublikken.no\/wp-content\/uploads\/2026\/08\/1788170563_Varmen-koster-EU-180-milliarder-1-av-BNP-Italia.jpg\",\"keywords\":[\"ber\u00f8rte\",\"blant\",\"BNP\",\"Italia\",\"koster\",\"landene\",\"mest\",\"milliarder\",\"sommeren\",\"varmen\"],\"articleSection\":[\"Samfunn\"],\"inLanguage\":\"nb-NO\"},{\"@type\":\"WebPage\",\"@id\":\"https:\/\/nordnesrepublikken.no\/index.php\/2026\/08\/31\/varmen-koster-eu-180-milliarder-1-av-bnp-italia-blant-de-mest-berorte-landene-sommeren-2026\/\",\"url\":\"https:\/\/nordnesrepublikken.no\/index.php\/2026\/08\/31\/varmen-koster-eu-180-milliarder-1-av-bnp-italia-blant-de-mest-berorte-landene-sommeren-2026\/\",\"name\":\"Varmen koster EU 180 milliarder, 1 % av BNP: Italia blant de mest ber\u00f8rte landene sommeren 2026 - Nordnesrepublikken\",\"isPartOf\":{\"@id\":\"https:\/\/nordnesrepublikken.no\/#website\"},\"primaryImageOfPage\":{\"@id\":\"https:\/\/nordnesrepublikken.no\/index.php\/2026\/08\/31\/varmen-koster-eu-180-milliarder-1-av-bnp-italia-blant-de-mest-berorte-landene-sommeren-2026\/#primaryimage\"},\"image\":{\"@id\":\"https:\/\/nordnesrepublikken.no\/index.php\/2026\/08\/31\/varmen-koster-eu-180-milliarder-1-av-bnp-italia-blant-de-mest-berorte-landene-sommeren-2026\/#primaryimage\"},\"thumbnailUrl\":\"https:\/\/nordnesrepublikken.no\/wp-content\/uploads\/2026\/08\/1788170563_Varmen-koster-EU-180-milliarder-1-av-BNP-Italia.jpg\",\"datePublished\":\"2026-08-31T10:02:41+00:00\",\"dateModified\":\"2026-08-31T10:02:44+00:00\",\"breadcrumb\":{\"@id\":\"https:\/\/nordnesrepublikken.no\/index.php\/2026\/08\/31\/varmen-koster-eu-180-milliarder-1-av-bnp-italia-blant-de-mest-berorte-landene-sommeren-2026\/#breadcrumb\"},\"inLanguage\":\"nb-NO\",\"potentialAction\":[{\"@type\":\"ReadAction\",\"target\":[\"https:\/\/nordnesrepublikken.no\/index.php\/2026\/08\/31\/varmen-koster-eu-180-milliarder-1-av-bnp-italia-blant-de-mest-berorte-landene-sommeren-2026\/\"]}]},{\"@type\":\"ImageObject\",\"inLanguage\":\"nb-NO\",\"@id\":\"https:\/\/nordnesrepublikken.no\/index.php\/2026\/08\/31\/varmen-koster-eu-180-milliarder-1-av-bnp-italia-blant-de-mest-berorte-landene-sommeren-2026\/#primaryimage\",\"url\":\"https:\/\/nordnesrepublikken.no\/wp-content\/uploads\/2026\/08\/1788170563_Varmen-koster-EU-180-milliarder-1-av-BNP-Italia.jpg\",\"contentUrl\":\"https:\/\/nordnesrepublikken.no\/wp-content\/uploads\/2026\/08\/1788170563_Varmen-koster-EU-180-milliarder-1-av-BNP-Italia.jpg\",\"width\":1198,\"height\":633,\"caption\":\"Varmen koster EU 180 milliarder, 1 % av BNP: Italia blant de mest ber\u00f8rte landene sommeren 2026\"},{\"@type\":\"BreadcrumbList\",\"@id\":\"https:\/\/nordnesrepublikken.no\/index.php\/2026\/08\/31\/varmen-koster-eu-180-milliarder-1-av-bnp-italia-blant-de-mest-berorte-landene-sommeren-2026\/#breadcrumb\",\"itemListElement\":[{\"@type\":\"ListItem\",\"position\":1,\"name\":\"Home\",\"item\":\"https:\/\/nordnesrepublikken.no\/\"},{\"@type\":\"ListItem\",\"position\":2,\"name\":\"Varmen koster EU 180 milliarder, 1 % av BNP: Italia blant de mest ber\u00f8rte landene sommeren 2026\"}]},{\"@type\":\"WebSite\",\"@id\":\"https:\/\/nordnesrepublikken.no\/#website\",\"url\":\"https:\/\/nordnesrepublikken.no\/\",\"name\":\"Nordnesrepublikken\",\"description\":\"Stemmer og Visjoner fra Republikkens Hjerte\",\"publisher\":{\"@id\":\"https:\/\/nordnesrepublikken.no\/#organization\"},\"potentialAction\":[{\"@type\":\"SearchAction\",\"target\":{\"@type\":\"EntryPoint\",\"urlTemplate\":\"https:\/\/nordnesrepublikken.no\/?s={search_term_string}\"},\"query-input\":{\"@type\":\"PropertyValueSpecification\",\"valueRequired\":true,\"valueName\":\"search_term_string\"}}],\"inLanguage\":\"nb-NO\"},{\"@type\":\"Organization\",\"@id\":\"https:\/\/nordnesrepublikken.no\/#organization\",\"name\":\"Nordnesrepublikken\",\"url\":\"https:\/\/nordnesrepublikken.no\/\",\"logo\":{\"@type\":\"ImageObject\",\"inLanguage\":\"nb-NO\",\"@id\":\"https:\/\/nordnesrepublikken.no\/#\/schema\/logo\/image\/\",\"url\":\"https:\/\/nordnesrepublikken.no\/wp-content\/uploads\/2025\/02\/cropped-nordnesrepublikken-2.png\",\"contentUrl\":\"https:\/\/nordnesrepublikken.no\/wp-content\/uploads\/2025\/02\/cropped-nordnesrepublikken-2.png\",\"width\":1248,\"height\":362,\"caption\":\"Nordnesrepublikken\"},\"image\":{\"@id\":\"https:\/\/nordnesrepublikken.no\/#\/schema\/logo\/image\/\"}},{\"@type\":\"Person\",\"@id\":\"https:\/\/nordnesrepublikken.no\/#\/schema\/person\/2e7e81935bab77882fffb79296240ff1\",\"name\":\"Ole Andersen\",\"image\":{\"@type\":\"ImageObject\",\"inLanguage\":\"nb-NO\",\"@id\":\"https:\/\/nordnesrepublikken.no\/#\/schema\/person\/image\/\",\"url\":\"https:\/\/nordnesrepublikken.no\/wp-content\/uploads\/2025\/02\/nordnesrepublikken-2-2-150x150.jpg\",\"contentUrl\":\"https:\/\/nordnesrepublikken.no\/wp-content\/uploads\/2025\/02\/nordnesrepublikken-2-2-150x150.jpg\",\"caption\":\"Ole Andersen\"},\"description\":\"Ettersom jeg vokste opp i Oslo, har jeg alltid v\u00e6rt fascinert av ordenes kraft og deres evne til \u00e5 skape endringer. Etter \u00e5 ha fullf\u00f8rt min utdannelse i kommunikasjon ved Universitetet i Bergen, fikk jeg muligheten til \u00e5 jobbe innen ulike medier, der jeg har s\u00f8kt \u00e5 belyse viktige samfunnssp\u00f8rsm\u00e5l. I dag, som redakt\u00f8r for Nordnesrepublikken, pr\u00f8ver jeg \u00e5 forene min kj\u00e6rlighet for journalistikk med min lidenskap for innovasjon og eventyr.\",\"sameAs\":[\"https:\/\/nordnesrepublikken.no\/\"]}]}<\/script>\n<!-- \/ Yoast SEO plugin. -->","yoast_head_json":{"title":"Varmen koster EU 180 milliarder, 1 % av BNP: Italia blant de mest ber\u00f8rte landene sommeren 2026 - Nordnesrepublikken","robots":{"index":"index","follow":"follow","max-snippet":"max-snippet:-1","max-image-preview":"max-image-preview:large","max-video-preview":"max-video-preview:-1"},"canonical":"https:\/\/nordnesrepublikken.no\/index.php\/2026\/08\/31\/varmen-koster-eu-180-milliarder-1-av-bnp-italia-blant-de-mest-berorte-landene-sommeren-2026\/","og_locale":"nb_NO","og_type":"article","og_title":"Varmen koster EU 180 milliarder, 1 % av BNP: Italia blant de mest ber\u00f8rte landene sommeren 2026 - Nordnesrepublikken","og_description":"Sommeren 2026 vil koste EU ca 180 milliarder euro, 1 % av BNP. Det er","og_url":"https:\/\/nordnesrepublikken.no\/index.php\/2026\/08\/31\/varmen-koster-eu-180-milliarder-1-av-bnp-italia-blant-de-mest-berorte-landene-sommeren-2026\/","og_site_name":"Nordnesrepublikken","article_published_time":"2026-08-31T10:02:41+00:00","article_modified_time":"2026-08-31T10:02:44+00:00","og_image":[{"width":1198,"height":633,"url":"https:\/\/nordnesrepublikken.no\/wp-content\/uploads\/2026\/08\/1788170563_Varmen-koster-EU-180-milliarder-1-av-BNP-Italia.jpg","type":"image\/jpeg"}],"author":"Ole Andersen","twitter_card":"summary_large_image","twitter_misc":{"Skrevet av":"Ole Andersen","Ansl. lesetid":"7 minutter"},"schema":{"@context":"https:\/\/schema.org","@graph":[{"@type":"Article","@id":"https:\/\/nordnesrepublikken.no\/index.php\/2026\/08\/31\/varmen-koster-eu-180-milliarder-1-av-bnp-italia-blant-de-mest-berorte-landene-sommeren-2026\/#article","isPartOf":{"@id":"https:\/\/nordnesrepublikken.no\/index.php\/2026\/08\/31\/varmen-koster-eu-180-milliarder-1-av-bnp-italia-blant-de-mest-berorte-landene-sommeren-2026\/"},"author":{"name":"Ole Andersen","@id":"https:\/\/nordnesrepublikken.no\/#\/schema\/person\/2e7e81935bab77882fffb79296240ff1"},"headline":"Varmen koster EU 180 milliarder, 1 % av BNP: Italia blant de mest ber\u00f8rte landene sommeren 2026","datePublished":"2026-08-31T10:02:41+00:00","dateModified":"2026-08-31T10:02:44+00:00","mainEntityOfPage":{"@id":"https:\/\/nordnesrepublikken.no\/index.php\/2026\/08\/31\/varmen-koster-eu-180-milliarder-1-av-bnp-italia-blant-de-mest-berorte-landene-sommeren-2026\/"},"wordCount":1491,"publisher":{"@id":"https:\/\/nordnesrepublikken.no\/#organization"},"image":{"@id":"https:\/\/nordnesrepublikken.no\/index.php\/2026\/08\/31\/varmen-koster-eu-180-milliarder-1-av-bnp-italia-blant-de-mest-berorte-landene-sommeren-2026\/#primaryimage"},"thumbnailUrl":"https:\/\/nordnesrepublikken.no\/wp-content\/uploads\/2026\/08\/1788170563_Varmen-koster-EU-180-milliarder-1-av-BNP-Italia.jpg","keywords":["ber\u00f8rte","blant","BNP","Italia","koster","landene","mest","milliarder","sommeren","varmen"],"articleSection":["Samfunn"],"inLanguage":"nb-NO"},{"@type":"WebPage","@id":"https:\/\/nordnesrepublikken.no\/index.php\/2026\/08\/31\/varmen-koster-eu-180-milliarder-1-av-bnp-italia-blant-de-mest-berorte-landene-sommeren-2026\/","url":"https:\/\/nordnesrepublikken.no\/index.php\/2026\/08\/31\/varmen-koster-eu-180-milliarder-1-av-bnp-italia-blant-de-mest-berorte-landene-sommeren-2026\/","name":"Varmen koster EU 180 milliarder, 1 % av BNP: Italia blant de mest ber\u00f8rte landene sommeren 2026 - Nordnesrepublikken","isPartOf":{"@id":"https:\/\/nordnesrepublikken.no\/#website"},"primaryImageOfPage":{"@id":"https:\/\/nordnesrepublikken.no\/index.php\/2026\/08\/31\/varmen-koster-eu-180-milliarder-1-av-bnp-italia-blant-de-mest-berorte-landene-sommeren-2026\/#primaryimage"},"image":{"@id":"https:\/\/nordnesrepublikken.no\/index.php\/2026\/08\/31\/varmen-koster-eu-180-milliarder-1-av-bnp-italia-blant-de-mest-berorte-landene-sommeren-2026\/#primaryimage"},"thumbnailUrl":"https:\/\/nordnesrepublikken.no\/wp-content\/uploads\/2026\/08\/1788170563_Varmen-koster-EU-180-milliarder-1-av-BNP-Italia.jpg","datePublished":"2026-08-31T10:02:41+00:00","dateModified":"2026-08-31T10:02:44+00:00","breadcrumb":{"@id":"https:\/\/nordnesrepublikken.no\/index.php\/2026\/08\/31\/varmen-koster-eu-180-milliarder-1-av-bnp-italia-blant-de-mest-berorte-landene-sommeren-2026\/#breadcrumb"},"inLanguage":"nb-NO","potentialAction":[{"@type":"ReadAction","target":["https:\/\/nordnesrepublikken.no\/index.php\/2026\/08\/31\/varmen-koster-eu-180-milliarder-1-av-bnp-italia-blant-de-mest-berorte-landene-sommeren-2026\/"]}]},{"@type":"ImageObject","inLanguage":"nb-NO","@id":"https:\/\/nordnesrepublikken.no\/index.php\/2026\/08\/31\/varmen-koster-eu-180-milliarder-1-av-bnp-italia-blant-de-mest-berorte-landene-sommeren-2026\/#primaryimage","url":"https:\/\/nordnesrepublikken.no\/wp-content\/uploads\/2026\/08\/1788170563_Varmen-koster-EU-180-milliarder-1-av-BNP-Italia.jpg","contentUrl":"https:\/\/nordnesrepublikken.no\/wp-content\/uploads\/2026\/08\/1788170563_Varmen-koster-EU-180-milliarder-1-av-BNP-Italia.jpg","width":1198,"height":633,"caption":"Varmen koster EU 180 milliarder, 1 % av BNP: Italia blant de mest ber\u00f8rte landene sommeren 2026"},{"@type":"BreadcrumbList","@id":"https:\/\/nordnesrepublikken.no\/index.php\/2026\/08\/31\/varmen-koster-eu-180-milliarder-1-av-bnp-italia-blant-de-mest-berorte-landene-sommeren-2026\/#breadcrumb","itemListElement":[{"@type":"ListItem","position":1,"name":"Home","item":"https:\/\/nordnesrepublikken.no\/"},{"@type":"ListItem","position":2,"name":"Varmen koster EU 180 milliarder, 1 % av BNP: Italia blant de mest ber\u00f8rte landene sommeren 2026"}]},{"@type":"WebSite","@id":"https:\/\/nordnesrepublikken.no\/#website","url":"https:\/\/nordnesrepublikken.no\/","name":"Nordnesrepublikken","description":"Stemmer og Visjoner fra Republikkens Hjerte","publisher":{"@id":"https:\/\/nordnesrepublikken.no\/#organization"},"potentialAction":[{"@type":"SearchAction","target":{"@type":"EntryPoint","urlTemplate":"https:\/\/nordnesrepublikken.no\/?s={search_term_string}"},"query-input":{"@type":"PropertyValueSpecification","valueRequired":true,"valueName":"search_term_string"}}],"inLanguage":"nb-NO"},{"@type":"Organization","@id":"https:\/\/nordnesrepublikken.no\/#organization","name":"Nordnesrepublikken","url":"https:\/\/nordnesrepublikken.no\/","logo":{"@type":"ImageObject","inLanguage":"nb-NO","@id":"https:\/\/nordnesrepublikken.no\/#\/schema\/logo\/image\/","url":"https:\/\/nordnesrepublikken.no\/wp-content\/uploads\/2025\/02\/cropped-nordnesrepublikken-2.png","contentUrl":"https:\/\/nordnesrepublikken.no\/wp-content\/uploads\/2025\/02\/cropped-nordnesrepublikken-2.png","width":1248,"height":362,"caption":"Nordnesrepublikken"},"image":{"@id":"https:\/\/nordnesrepublikken.no\/#\/schema\/logo\/image\/"}},{"@type":"Person","@id":"https:\/\/nordnesrepublikken.no\/#\/schema\/person\/2e7e81935bab77882fffb79296240ff1","name":"Ole Andersen","image":{"@type":"ImageObject","inLanguage":"nb-NO","@id":"https:\/\/nordnesrepublikken.no\/#\/schema\/person\/image\/","url":"https:\/\/nordnesrepublikken.no\/wp-content\/uploads\/2025\/02\/nordnesrepublikken-2-2-150x150.jpg","contentUrl":"https:\/\/nordnesrepublikken.no\/wp-content\/uploads\/2025\/02\/nordnesrepublikken-2-2-150x150.jpg","caption":"Ole Andersen"},"description":"Ettersom jeg vokste opp i Oslo, har jeg alltid v\u00e6rt fascinert av ordenes kraft og deres evne til \u00e5 skape endringer. Etter \u00e5 ha fullf\u00f8rt min utdannelse i kommunikasjon ved Universitetet i Bergen, fikk jeg muligheten til \u00e5 jobbe innen ulike medier, der jeg har s\u00f8kt \u00e5 belyse viktige samfunnssp\u00f8rsm\u00e5l. I dag, som redakt\u00f8r for Nordnesrepublikken, pr\u00f8ver jeg \u00e5 forene min kj\u00e6rlighet for journalistikk med min lidenskap for innovasjon og eventyr.","sameAs":["https:\/\/nordnesrepublikken.no\/"]}]}},"_links":{"self":[{"href":"https:\/\/nordnesrepublikken.no\/index.php\/wp-json\/wp\/v2\/posts\/21638","targetHints":{"allow":["GET"]}}],"collection":[{"href":"https:\/\/nordnesrepublikken.no\/index.php\/wp-json\/wp\/v2\/posts"}],"about":[{"href":"https:\/\/nordnesrepublikken.no\/index.php\/wp-json\/wp\/v2\/types\/post"}],"author":[{"embeddable":true,"href":"https:\/\/nordnesrepublikken.no\/index.php\/wp-json\/wp\/v2\/users\/1"}],"replies":[{"embeddable":true,"href":"https:\/\/nordnesrepublikken.no\/index.php\/wp-json\/wp\/v2\/comments?post=21638"}],"version-history":[{"count":1,"href":"https:\/\/nordnesrepublikken.no\/index.php\/wp-json\/wp\/v2\/posts\/21638\/revisions"}],"predecessor-version":[{"id":21640,"href":"https:\/\/nordnesrepublikken.no\/index.php\/wp-json\/wp\/v2\/posts\/21638\/revisions\/21640"}],"wp:featuredmedia":[{"embeddable":true,"href":"https:\/\/nordnesrepublikken.no\/index.php\/wp-json\/wp\/v2\/media\/21639"}],"wp:attachment":[{"href":"https:\/\/nordnesrepublikken.no\/index.php\/wp-json\/wp\/v2\/media?parent=21638"}],"wp:term":[{"taxonomy":"category","embeddable":true,"href":"https:\/\/nordnesrepublikken.no\/index.php\/wp-json\/wp\/v2\/categories?post=21638"},{"taxonomy":"post_tag","embeddable":true,"href":"https:\/\/nordnesrepublikken.no\/index.php\/wp-json\/wp\/v2\/tags?post=21638"}],"curies":[{"name":"wp","href":"https:\/\/api.w.org\/{rel}","templated":true}]}}