{"id":21635,"date":"2026-08-31T09:03:15","date_gmt":"2026-08-31T07:03:15","guid":{"rendered":"https:\/\/nordnesrepublikken.no\/index.php\/2026\/08\/31\/det-rekordstore-nordlyset-som-ingen-forventet-i-mai-2024-hvordan-det-nadde-italia\/"},"modified":"2026-08-31T09:03:20","modified_gmt":"2026-08-31T07:03:20","slug":"det-rekordstore-nordlyset-som-ingen-forventet-i-mai-2024-hvordan-det-nadde-italia","status":"publish","type":"post","link":"https:\/\/nordnesrepublikken.no\/index.php\/2026\/08\/31\/det-rekordstore-nordlyset-som-ingen-forventet-i-mai-2024-hvordan-det-nadde-italia\/","title":{"rendered":"Det rekordstore nordlyset som ingen forventet i mai 2024: hvordan det n\u00e5dde Italia"},"content":{"rendered":"<div>\n<div class=\"cp_wrapper cp_wrapper--fw mb-30 mb-20@tablet\">\n<figure class=\"mm\"><picture class=\"img\" style=\"padding-top:56.25%\"><source  media=\"(min-width: 1024px)\"><source  media=\"(min-width: 768px)\"><\/source><\/source><\/picture><\/figure>\n<\/p><\/div>\n<p>Der<strong> ekstraordin\u00e6r synlighet<\/strong> av nordlysets utslipp i Italia natt til 10. og 11. mai 2024 var et resultat av en <strong>eksepsjonell solaktivitet<\/strong>. Rosa og r\u00f8de nordlys var tydelig synlige for det blotte \u00f8ye s\u00e5 langt unna som til Sicilia.<\/p>\n<p>Kjent som stormen av<em> morsdagen<\/em>hendelsen ble for\u00e5rsaket av en<strong> tett sekvens av solutbrudd<\/strong> stammer hovedsakelig fra den aktive regionen som er navngitt<em> AR 13664,<\/em> en region av <strong>solflekker med h\u00f8y magnetisk kompleksitet<\/strong>. Koronale masseutkast (kjent p\u00e5 engelsk som <strong>CME<\/strong>eller koronal masseutkast) frigjort fra dette solomr\u00e5det i rask rekkef\u00f8lge <strong>de samhandlet med hverandre<\/strong> under reisen til jorden, produsere <strong>ekstreme forhold<\/strong> Av <em>romv\u00e6r<\/em> (romv\u00e6r).<\/p>\n<p>NOAA (<em>National Oceanic and Atmospheric Administration<\/em>) klassifiserte det som et G5-arrangement,<strong> det h\u00f8yeste niv\u00e5et p\u00e5 din skala<\/strong>med effekter fra satellitter (GPS-navigasjon og kommunikasjon) til teknologisk infrastruktur p\u00e5 jordens overflate.<\/p>\n<p>En nylig studie har rekonstruert i detalj dynamikken til koronale masseutkastninger av den hendelsen ved hjelp av en ny <strong>magnetohydrodynamisk modell<\/strong> (den vitenskapelige disiplinen som studerer dynamikken i samspillet mellom plasmaer og magnetiske felt). Resultatene bekrefter at <strong>sammensl\u00e5ing av CMEer<\/strong> det forsterket dramatisk den generelle energien til arrangementet. Forskerteamet hevdet at den nye modellen ville tillate <strong>forutsi en ny lignende hendelse<\/strong> til mai 2024 med en n\u00f8yaktighet p\u00e5 over 70 % sammenlignet med resultatene fra direkte observasjoner i sanntid.<\/p>\n<p>Hendelser av denne st\u00f8rrelsesorden er fortsatt vanskelig \u00e5 forutsi i god tid. Imidlertid ekstreme fenomener av denne typen <strong>kan oppst\u00e5<\/strong> selv n\u00e5r<strong> solaktivitet<\/strong> totalt sett<strong> det avtar<\/strong>som i den historiske Halloween-stormen i 2003. Solen n\u00e5dde maksimum av den n\u00e5v\u00e6rende solsyklusen (som varer i omtrent elleve \u00e5r) p\u00e5 slutten av 2024 (syklus nummer 25 siden tellingen av solens aktivitet begynte i 1755) og gikk deretter inn i en fase med sakte nedgang i l\u00f8pet av 2025, som fortsatt p\u00e5g\u00e5r.<\/p>\n<h2><b>Ti utbrudd p\u00e5 tre dager i en enkelt geomagnetisk storm<\/b><\/h2>\n<p>Ved bunnen av stormen i mai 2024 er det aktive solomr\u00e5det AR 13664 som best\u00e5r av en <strong>gigantisk gruppe solflekker<\/strong> som i sitt \u00f8yeblikk av maksimal utvikling har n\u00e5dd en <strong>total bredde<\/strong> lik ca <strong>15 ganger jordens<\/strong> (i gjennomsnitt rundt 200 000 kilometer).<\/p>\n<p>Innenfor denne regionen har utviklet seg flere <strong>sammenfiltrede magnetfelt<\/strong> og med en kompleks struktur som<strong> de genererte ti koronale masseutkast i rask rekkef\u00f8lge<\/strong>og sender enorme mengder ladede partikler ut i verdensrommet (CME-er best\u00e5r hovedsakelig av et veldig varmt og ionisert plasma som best\u00e5r av ladede partikler i bevegelse).<\/p>\n<p><iframe loading=\"lazy\" title=\"Mother&#039;s Day 2024 coronal mass ejections\" width=\"1200\" height=\"900\" src=\"https:\/\/www.youtube.com\/embed\/0evsjmeJ3JE?feature=oembed\" frameborder=\"0\" allow=\"accelerometer; autoplay; clipboard-write; encrypted-media; gyroscope; picture-in-picture; web-share\" referrerpolicy=\"strict-origin-when-cross-origin\" allowfullscreen><\/iframe><\/p>\n<p>Samtidigheten til disse utbruddene er knyttet til det ekstreme<strong> magnetisk ustabilitet<\/strong> av AR 13664 som fortsatte \u00e5 produsere flere omorganiseringer av magnetiske felt da solen n\u00e6rmet seg maksimumsverdien for den 11-\u00e5rige syklusen. De sammenfiltrede magnetlinjene danner bueformede strukturer. Disse strukturene<strong> de fanger solplasma<\/strong> og de stiger over de aktive omr\u00e5dene av solen (dvs. de der solflekker er tilstede). N\u00e5r den akkumulerte spenningen er for h\u00f8y, bryter magnetfeltlinjene og g\u00e5r sammen igjen i en mer stabil konfigurasjon, og frigj\u00f8r str\u00f8mmen av ladede partikler.<\/p>\n<p>Forskere har bygget nye <strong>magnetohydrodynamiske modeller<\/strong> (i studieartikkelen blir de kort referert til som MHD, fra det engelske akronymet <em>magnetohydrodynamisk<\/em>) av solplasmaer og samspillet mellom partikkelstr\u00f8mmer med jordens magnetfelt. For \u00e5 rekonstruere denne evolusjonen brukte forfatterne en modell kalt <strong>EUHPHORIA<\/strong> (European Heliospheric Forecasting Information Asset, oversatt til italiensk som R<em>Europeisk informasjonsressurs for heliosf\u00e6risk prognose<\/em>), a <strong>tredimensjonal magnetohydrodynamisk modell<\/strong> designet for<strong> romv\u00e6r<\/strong> og analyse av hendelser av denne typen.<\/p>\n<p>Simuleringer med tidligere modeller hadde begrenset seg til tre interagerende CME-er. Med den nye modellen m\u00f8tte forskerne for f\u00f8rste gang <strong>et system med ti utbrudd<\/strong>. Ved \u00e5 simulere deres forplantning med EUHFORIA klarte de \u00e5 reprodusere stormens ankomsttid og trenden til magnetfeltet omtrent to timer i forveien.<\/p>\n<h2>Hvorfor det ble sett hele veien til Italia: de 3 grunnene<\/h2>\n<p>Normalt er nordlys konsentrert p\u00e5 h\u00f8ye breddegrader fordi energiske partikler kommer<strong> ledet mot atmosf\u00e6ren langs magnetiske feltlinjer<\/strong> terrestrisk. I l\u00f8pet av en <strong>stor geomagnetisk storm<\/strong> magnetosf\u00e6ren kommer i stedet<strong> sv\u00e6rt komprimert og deformert<\/strong> og nordlysstr\u00f8mmen kan utvide seg mot mye lavere breddegrader enn tradisjonelle.<\/p>\n<div class=\"cp_wrapper cp_wrapper--fw mb-50\">\n<figure class=\"mm\"><picture class=\"img\" style=\"padding-top:54.414682539683%\"><source  media=\"(min-width: 1024px)\"><source  media=\"(min-width: 768px)\"><img decoding=\"async\" loading=\"lazy\" src=\"https:\/\/nordnesrepublikken.no\/wp-content\/uploads\/2026\/08\/1788159795_301_Det-rekordstore-nordlyset-som-ingen-forventet-i-mai-2024-hvordan.jpg\" alt=\"Nordlys Italia mai 2024\" width=\"4032\" height=\"2194\"\/><\/source><\/source><\/picture><\/figure>\n<\/p><\/div>\n<p>Synligheten av nordlyset fra Italia natten mellom 10. og 11. mai var konsekvensen av<strong> kombinasjon av tre fysiske fenomener<\/strong> som sjelden oppst\u00e5r sammen med denne intensiteten.<\/p>\n<p>Den f\u00f8rste er nettopp kompresjonen av jordens magnetosf\u00e6re. Den nesten samtidige ankomsten av de smeltede CME-ene traff planetens magnetfelt med en <strong>eksepsjonelt dynamisk trykk<\/strong>. Dette trykket komprimerte magnetopausen og presset nordlysovalen, b\u00e5ndet som polarlysene normalt er konsentrert i, mot mye lavere breddegrader enn vanlig.<\/p>\n<p>Den andre faktoren gjelder utseendet til SAR-buer (fra engelsk <em>Stabil Auroral R\u00f8d<\/em>), Ofte<strong> forvirret med selve nordlyset<\/strong> men generert av en annen mekanisme. Mens nordlyset oppst\u00e5r fra solpartiklers direkte innvirkning p\u00e5 atmosf\u00e6ren, buer SAR <strong>oppst\u00e5 fra varmen som sl\u00f8yfestr\u00f8mmen<\/strong> rundt jorden overf\u00f8res til <strong>elektronene i ionosf\u00e6ren<\/strong>produserer en <strong>diffust og stabilt r\u00f8dt lys<\/strong> i stand til \u00e5 forbli synlig i timevis selv p\u00e5 breddegrader som den italienske. Mange av bildene som ble tatt den kvelden skildrer nettopp dette fenomenet.<\/p>\n<p>Det tredje elementet er geometrisk i naturen og <strong>til perspektiveffekten knyttet til h\u00f8yde<\/strong> av lysutslipp. De r\u00f8de utslippene av atom\u00e6rt oksygen, ansvarlig for de fleste fargene som er observert, genereres kl<strong> h\u00f8yder mellom 200 og 500 kilometer<\/strong>en h\u00f8yde som er tilstrekkelig til at lyset deres forblir synlig selv hundrevis av kilometer unna punktet der det kommer fra.<\/p>\n<h2><b>Romv\u00e6r og grensene for solstormprognoser<\/b><\/h2>\n<p>Ekstreme geomagnetiske stormer forblir u<strong>n konkret risiko for teknologisk infrastruktur<\/strong>. I bane \u00f8ker \u00f8kningen i tettheten til den \u00f8vre atmosf\u00e6ren p\u00e5 grunn av termisk oppvarming friksjonen p\u00e5 satellitter i lav h\u00f8yde, bremser dem og endrer banene deres, nesten til det punktet <strong>for\u00e5rsake en mulig deorbit<\/strong> og gjeninntreden i atmosf\u00e6ren.<\/p>\n<p>Str\u00e5ling kan derimot <strong>skade elektronikken<\/strong> og deaktivere satellittsystemer som ikke er n\u00f8ye skjermet. GPS-signaler og h\u00f8yfrekvent radiokommunikasjon var ogs\u00e5 up\u00e5litelige i flere timer i flere deler av verden.<\/p>\n<p>P\u00e5 jordens overflate er hovedfaren bekymringer <strong>elektriske nettverk<\/strong>. Geomagnetisk induserte str\u00f8mmer kan<strong> overbelaste transformatorene<\/strong>jeg med risiko i de alvorligste tilfellene av <strong>utvidet blackout<\/strong>.<\/p>\n<p>N\u00e5r en CME forlater solen, kan retning, hastighet og ankomstvindu estimeres, selv med flere dagers varsel. Det er det skj\u00f8nt <strong>mye vanskeligere \u00e5 forutsi intensiteten<\/strong>. En grunnleggende variabel er orienteringen til magnetfeltet i solens aktive soner.<\/p>\n<p>Denne informasjonen kan ikke oppn\u00e5s med tilstrekkelig presisjon fra observasjoner av sonder n\u00e6r solen (som NASAs Parker Solar Probe) alene. Sonder som m\u00e5ler solvinden blir avgj\u00f8rende n\u00e5r CME er n\u00e6r jorden, noe som reduserer tidsmarginen. MHD-modeller som EUHFORIA kan da hjelpe <strong>transformere direkte observasjoner<\/strong> av solen i ett <strong>fysisk simulering<\/strong> i sanntid av stormens utvikling, noe som utvider advarselsvinduet betydelig.<\/p>\n<\/p><\/div>\n","protected":false},"excerpt":{"rendered":"<p>Der ekstraordin\u00e6r synlighet av nordlysets utslipp i Italia natt til 10. og 11. mai 2024<\/p>\n","protected":false},"author":1,"featured_media":21636,"comment_status":"closed","ping_status":"open","sticky":false,"template":"","format":"standard","meta":{"footnotes":""},"categories":[26],"tags":[66,4077,112,141,437,2397,3397,7659,10448,31],"class_list":["post-21635","post","type-post","status-publish","format-standard","has-post-thumbnail","hentry","category-miljo","tag-det","tag-forventet","tag-hvordan","tag-ingen","tag-italia","tag-mai","tag-nadde","tag-nordlyset","tag-rekordstore","tag-som","generate-columns","tablet-grid-50","mobile-grid-100","grid-parent","grid-33","resize-featured-image"],"yoast_head":"<!-- This site is optimized with the Yoast SEO plugin v24.4 - https:\/\/yoast.com\/wordpress\/plugins\/seo\/ -->\n<title>Det rekordstore nordlyset som ingen forventet i mai 2024: hvordan det n\u00e5dde Italia - Nordnesrepublikken<\/title>\n<meta name=\"robots\" content=\"index, follow, max-snippet:-1, max-image-preview:large, max-video-preview:-1\" \/>\n<link rel=\"canonical\" href=\"https:\/\/nordnesrepublikken.no\/index.php\/2026\/08\/31\/det-rekordstore-nordlyset-som-ingen-forventet-i-mai-2024-hvordan-det-nadde-italia\/\" \/>\n<meta property=\"og:locale\" content=\"nb_NO\" \/>\n<meta property=\"og:type\" content=\"article\" \/>\n<meta property=\"og:title\" content=\"Det rekordstore nordlyset som ingen forventet i mai 2024: hvordan det n\u00e5dde Italia - Nordnesrepublikken\" \/>\n<meta property=\"og:description\" content=\"Der ekstraordin\u00e6r synlighet av nordlysets utslipp i Italia natt til 10. og 11. mai 2024\" \/>\n<meta property=\"og:url\" content=\"https:\/\/nordnesrepublikken.no\/index.php\/2026\/08\/31\/det-rekordstore-nordlyset-som-ingen-forventet-i-mai-2024-hvordan-det-nadde-italia\/\" \/>\n<meta property=\"og:site_name\" content=\"Nordnesrepublikken\" \/>\n<meta property=\"article:published_time\" content=\"2026-08-31T07:03:15+00:00\" \/>\n<meta property=\"article:modified_time\" content=\"2026-08-31T07:03:20+00:00\" \/>\n<meta property=\"og:image\" content=\"https:\/\/nordnesrepublikken.no\/wp-content\/uploads\/2026\/08\/1788159798_Det-rekordstore-nordlyset-som-ingen-forventet-i-mai-2024-hvordan.jpg\" \/>\n\t<meta property=\"og:image:width\" content=\"2048\" \/>\n\t<meta property=\"og:image:height\" content=\"1601\" \/>\n\t<meta property=\"og:image:type\" content=\"image\/jpeg\" \/>\n<meta name=\"author\" content=\"Ole Andersen\" \/>\n<meta name=\"twitter:card\" content=\"summary_large_image\" \/>\n<meta name=\"twitter:label1\" content=\"Skrevet av\" \/>\n\t<meta name=\"twitter:data1\" content=\"Ole Andersen\" \/>\n\t<meta name=\"twitter:label2\" content=\"Ansl. lesetid\" \/>\n\t<meta name=\"twitter:data2\" content=\"6 minutter\" \/>\n<script type=\"application\/ld+json\" class=\"yoast-schema-graph\">{\"@context\":\"https:\/\/schema.org\",\"@graph\":[{\"@type\":\"Article\",\"@id\":\"https:\/\/nordnesrepublikken.no\/index.php\/2026\/08\/31\/det-rekordstore-nordlyset-som-ingen-forventet-i-mai-2024-hvordan-det-nadde-italia\/#article\",\"isPartOf\":{\"@id\":\"https:\/\/nordnesrepublikken.no\/index.php\/2026\/08\/31\/det-rekordstore-nordlyset-som-ingen-forventet-i-mai-2024-hvordan-det-nadde-italia\/\"},\"author\":{\"name\":\"Ole Andersen\",\"@id\":\"https:\/\/nordnesrepublikken.no\/#\/schema\/person\/2e7e81935bab77882fffb79296240ff1\"},\"headline\":\"Det rekordstore nordlyset som ingen forventet i mai 2024: hvordan det n\u00e5dde Italia\",\"datePublished\":\"2026-08-31T07:03:15+00:00\",\"dateModified\":\"2026-08-31T07:03:20+00:00\",\"mainEntityOfPage\":{\"@id\":\"https:\/\/nordnesrepublikken.no\/index.php\/2026\/08\/31\/det-rekordstore-nordlyset-som-ingen-forventet-i-mai-2024-hvordan-det-nadde-italia\/\"},\"wordCount\":1120,\"publisher\":{\"@id\":\"https:\/\/nordnesrepublikken.no\/#organization\"},\"image\":{\"@id\":\"https:\/\/nordnesrepublikken.no\/index.php\/2026\/08\/31\/det-rekordstore-nordlyset-som-ingen-forventet-i-mai-2024-hvordan-det-nadde-italia\/#primaryimage\"},\"thumbnailUrl\":\"https:\/\/nordnesrepublikken.no\/wp-content\/uploads\/2026\/08\/1788159798_Det-rekordstore-nordlyset-som-ingen-forventet-i-mai-2024-hvordan.jpg\",\"keywords\":[\"Det\",\"forventet\",\"Hvordan\",\"ingen\",\"Italia\",\"mai\",\"n\u00e5dde\",\"Nordlyset\",\"rekordstore\",\"som\"],\"articleSection\":[\"Milj\u00f8\"],\"inLanguage\":\"nb-NO\"},{\"@type\":\"WebPage\",\"@id\":\"https:\/\/nordnesrepublikken.no\/index.php\/2026\/08\/31\/det-rekordstore-nordlyset-som-ingen-forventet-i-mai-2024-hvordan-det-nadde-italia\/\",\"url\":\"https:\/\/nordnesrepublikken.no\/index.php\/2026\/08\/31\/det-rekordstore-nordlyset-som-ingen-forventet-i-mai-2024-hvordan-det-nadde-italia\/\",\"name\":\"Det rekordstore nordlyset som ingen forventet i mai 2024: hvordan det n\u00e5dde Italia - Nordnesrepublikken\",\"isPartOf\":{\"@id\":\"https:\/\/nordnesrepublikken.no\/#website\"},\"primaryImageOfPage\":{\"@id\":\"https:\/\/nordnesrepublikken.no\/index.php\/2026\/08\/31\/det-rekordstore-nordlyset-som-ingen-forventet-i-mai-2024-hvordan-det-nadde-italia\/#primaryimage\"},\"image\":{\"@id\":\"https:\/\/nordnesrepublikken.no\/index.php\/2026\/08\/31\/det-rekordstore-nordlyset-som-ingen-forventet-i-mai-2024-hvordan-det-nadde-italia\/#primaryimage\"},\"thumbnailUrl\":\"https:\/\/nordnesrepublikken.no\/wp-content\/uploads\/2026\/08\/1788159798_Det-rekordstore-nordlyset-som-ingen-forventet-i-mai-2024-hvordan.jpg\",\"datePublished\":\"2026-08-31T07:03:15+00:00\",\"dateModified\":\"2026-08-31T07:03:20+00:00\",\"breadcrumb\":{\"@id\":\"https:\/\/nordnesrepublikken.no\/index.php\/2026\/08\/31\/det-rekordstore-nordlyset-som-ingen-forventet-i-mai-2024-hvordan-det-nadde-italia\/#breadcrumb\"},\"inLanguage\":\"nb-NO\",\"potentialAction\":[{\"@type\":\"ReadAction\",\"target\":[\"https:\/\/nordnesrepublikken.no\/index.php\/2026\/08\/31\/det-rekordstore-nordlyset-som-ingen-forventet-i-mai-2024-hvordan-det-nadde-italia\/\"]}]},{\"@type\":\"ImageObject\",\"inLanguage\":\"nb-NO\",\"@id\":\"https:\/\/nordnesrepublikken.no\/index.php\/2026\/08\/31\/det-rekordstore-nordlyset-som-ingen-forventet-i-mai-2024-hvordan-det-nadde-italia\/#primaryimage\",\"url\":\"https:\/\/nordnesrepublikken.no\/wp-content\/uploads\/2026\/08\/1788159798_Det-rekordstore-nordlyset-som-ingen-forventet-i-mai-2024-hvordan.jpg\",\"contentUrl\":\"https:\/\/nordnesrepublikken.no\/wp-content\/uploads\/2026\/08\/1788159798_Det-rekordstore-nordlyset-som-ingen-forventet-i-mai-2024-hvordan.jpg\",\"width\":2048,\"height\":1601,\"caption\":\"Det rekordstore nordlyset som ingen forventet i mai 2024: hvordan det n\u00e5dde Italia\"},{\"@type\":\"BreadcrumbList\",\"@id\":\"https:\/\/nordnesrepublikken.no\/index.php\/2026\/08\/31\/det-rekordstore-nordlyset-som-ingen-forventet-i-mai-2024-hvordan-det-nadde-italia\/#breadcrumb\",\"itemListElement\":[{\"@type\":\"ListItem\",\"position\":1,\"name\":\"Home\",\"item\":\"https:\/\/nordnesrepublikken.no\/\"},{\"@type\":\"ListItem\",\"position\":2,\"name\":\"Det rekordstore nordlyset som ingen forventet i mai 2024: hvordan det n\u00e5dde Italia\"}]},{\"@type\":\"WebSite\",\"@id\":\"https:\/\/nordnesrepublikken.no\/#website\",\"url\":\"https:\/\/nordnesrepublikken.no\/\",\"name\":\"Nordnesrepublikken\",\"description\":\"Stemmer og Visjoner fra Republikkens Hjerte\",\"publisher\":{\"@id\":\"https:\/\/nordnesrepublikken.no\/#organization\"},\"potentialAction\":[{\"@type\":\"SearchAction\",\"target\":{\"@type\":\"EntryPoint\",\"urlTemplate\":\"https:\/\/nordnesrepublikken.no\/?s={search_term_string}\"},\"query-input\":{\"@type\":\"PropertyValueSpecification\",\"valueRequired\":true,\"valueName\":\"search_term_string\"}}],\"inLanguage\":\"nb-NO\"},{\"@type\":\"Organization\",\"@id\":\"https:\/\/nordnesrepublikken.no\/#organization\",\"name\":\"Nordnesrepublikken\",\"url\":\"https:\/\/nordnesrepublikken.no\/\",\"logo\":{\"@type\":\"ImageObject\",\"inLanguage\":\"nb-NO\",\"@id\":\"https:\/\/nordnesrepublikken.no\/#\/schema\/logo\/image\/\",\"url\":\"https:\/\/nordnesrepublikken.no\/wp-content\/uploads\/2025\/02\/cropped-nordnesrepublikken-2.png\",\"contentUrl\":\"https:\/\/nordnesrepublikken.no\/wp-content\/uploads\/2025\/02\/cropped-nordnesrepublikken-2.png\",\"width\":1248,\"height\":362,\"caption\":\"Nordnesrepublikken\"},\"image\":{\"@id\":\"https:\/\/nordnesrepublikken.no\/#\/schema\/logo\/image\/\"}},{\"@type\":\"Person\",\"@id\":\"https:\/\/nordnesrepublikken.no\/#\/schema\/person\/2e7e81935bab77882fffb79296240ff1\",\"name\":\"Ole Andersen\",\"image\":{\"@type\":\"ImageObject\",\"inLanguage\":\"nb-NO\",\"@id\":\"https:\/\/nordnesrepublikken.no\/#\/schema\/person\/image\/\",\"url\":\"https:\/\/nordnesrepublikken.no\/wp-content\/uploads\/2025\/02\/nordnesrepublikken-2-2-150x150.jpg\",\"contentUrl\":\"https:\/\/nordnesrepublikken.no\/wp-content\/uploads\/2025\/02\/nordnesrepublikken-2-2-150x150.jpg\",\"caption\":\"Ole Andersen\"},\"description\":\"Ettersom jeg vokste opp i Oslo, har jeg alltid v\u00e6rt fascinert av ordenes kraft og deres evne til \u00e5 skape endringer. Etter \u00e5 ha fullf\u00f8rt min utdannelse i kommunikasjon ved Universitetet i Bergen, fikk jeg muligheten til \u00e5 jobbe innen ulike medier, der jeg har s\u00f8kt \u00e5 belyse viktige samfunnssp\u00f8rsm\u00e5l. I dag, som redakt\u00f8r for Nordnesrepublikken, pr\u00f8ver jeg \u00e5 forene min kj\u00e6rlighet for journalistikk med min lidenskap for innovasjon og eventyr.\",\"sameAs\":[\"https:\/\/nordnesrepublikken.no\/\"]}]}<\/script>\n<!-- \/ Yoast SEO plugin. -->","yoast_head_json":{"title":"Det rekordstore nordlyset som ingen forventet i mai 2024: hvordan det n\u00e5dde Italia - Nordnesrepublikken","robots":{"index":"index","follow":"follow","max-snippet":"max-snippet:-1","max-image-preview":"max-image-preview:large","max-video-preview":"max-video-preview:-1"},"canonical":"https:\/\/nordnesrepublikken.no\/index.php\/2026\/08\/31\/det-rekordstore-nordlyset-som-ingen-forventet-i-mai-2024-hvordan-det-nadde-italia\/","og_locale":"nb_NO","og_type":"article","og_title":"Det rekordstore nordlyset som ingen forventet i mai 2024: hvordan det n\u00e5dde Italia - Nordnesrepublikken","og_description":"Der ekstraordin\u00e6r synlighet av nordlysets utslipp i Italia natt til 10. og 11. mai 2024","og_url":"https:\/\/nordnesrepublikken.no\/index.php\/2026\/08\/31\/det-rekordstore-nordlyset-som-ingen-forventet-i-mai-2024-hvordan-det-nadde-italia\/","og_site_name":"Nordnesrepublikken","article_published_time":"2026-08-31T07:03:15+00:00","article_modified_time":"2026-08-31T07:03:20+00:00","og_image":[{"width":2048,"height":1601,"url":"https:\/\/nordnesrepublikken.no\/wp-content\/uploads\/2026\/08\/1788159798_Det-rekordstore-nordlyset-som-ingen-forventet-i-mai-2024-hvordan.jpg","type":"image\/jpeg"}],"author":"Ole Andersen","twitter_card":"summary_large_image","twitter_misc":{"Skrevet av":"Ole Andersen","Ansl. lesetid":"6 minutter"},"schema":{"@context":"https:\/\/schema.org","@graph":[{"@type":"Article","@id":"https:\/\/nordnesrepublikken.no\/index.php\/2026\/08\/31\/det-rekordstore-nordlyset-som-ingen-forventet-i-mai-2024-hvordan-det-nadde-italia\/#article","isPartOf":{"@id":"https:\/\/nordnesrepublikken.no\/index.php\/2026\/08\/31\/det-rekordstore-nordlyset-som-ingen-forventet-i-mai-2024-hvordan-det-nadde-italia\/"},"author":{"name":"Ole Andersen","@id":"https:\/\/nordnesrepublikken.no\/#\/schema\/person\/2e7e81935bab77882fffb79296240ff1"},"headline":"Det rekordstore nordlyset som ingen forventet i mai 2024: hvordan det n\u00e5dde Italia","datePublished":"2026-08-31T07:03:15+00:00","dateModified":"2026-08-31T07:03:20+00:00","mainEntityOfPage":{"@id":"https:\/\/nordnesrepublikken.no\/index.php\/2026\/08\/31\/det-rekordstore-nordlyset-som-ingen-forventet-i-mai-2024-hvordan-det-nadde-italia\/"},"wordCount":1120,"publisher":{"@id":"https:\/\/nordnesrepublikken.no\/#organization"},"image":{"@id":"https:\/\/nordnesrepublikken.no\/index.php\/2026\/08\/31\/det-rekordstore-nordlyset-som-ingen-forventet-i-mai-2024-hvordan-det-nadde-italia\/#primaryimage"},"thumbnailUrl":"https:\/\/nordnesrepublikken.no\/wp-content\/uploads\/2026\/08\/1788159798_Det-rekordstore-nordlyset-som-ingen-forventet-i-mai-2024-hvordan.jpg","keywords":["Det","forventet","Hvordan","ingen","Italia","mai","n\u00e5dde","Nordlyset","rekordstore","som"],"articleSection":["Milj\u00f8"],"inLanguage":"nb-NO"},{"@type":"WebPage","@id":"https:\/\/nordnesrepublikken.no\/index.php\/2026\/08\/31\/det-rekordstore-nordlyset-som-ingen-forventet-i-mai-2024-hvordan-det-nadde-italia\/","url":"https:\/\/nordnesrepublikken.no\/index.php\/2026\/08\/31\/det-rekordstore-nordlyset-som-ingen-forventet-i-mai-2024-hvordan-det-nadde-italia\/","name":"Det rekordstore nordlyset som ingen forventet i mai 2024: hvordan det n\u00e5dde Italia - Nordnesrepublikken","isPartOf":{"@id":"https:\/\/nordnesrepublikken.no\/#website"},"primaryImageOfPage":{"@id":"https:\/\/nordnesrepublikken.no\/index.php\/2026\/08\/31\/det-rekordstore-nordlyset-som-ingen-forventet-i-mai-2024-hvordan-det-nadde-italia\/#primaryimage"},"image":{"@id":"https:\/\/nordnesrepublikken.no\/index.php\/2026\/08\/31\/det-rekordstore-nordlyset-som-ingen-forventet-i-mai-2024-hvordan-det-nadde-italia\/#primaryimage"},"thumbnailUrl":"https:\/\/nordnesrepublikken.no\/wp-content\/uploads\/2026\/08\/1788159798_Det-rekordstore-nordlyset-som-ingen-forventet-i-mai-2024-hvordan.jpg","datePublished":"2026-08-31T07:03:15+00:00","dateModified":"2026-08-31T07:03:20+00:00","breadcrumb":{"@id":"https:\/\/nordnesrepublikken.no\/index.php\/2026\/08\/31\/det-rekordstore-nordlyset-som-ingen-forventet-i-mai-2024-hvordan-det-nadde-italia\/#breadcrumb"},"inLanguage":"nb-NO","potentialAction":[{"@type":"ReadAction","target":["https:\/\/nordnesrepublikken.no\/index.php\/2026\/08\/31\/det-rekordstore-nordlyset-som-ingen-forventet-i-mai-2024-hvordan-det-nadde-italia\/"]}]},{"@type":"ImageObject","inLanguage":"nb-NO","@id":"https:\/\/nordnesrepublikken.no\/index.php\/2026\/08\/31\/det-rekordstore-nordlyset-som-ingen-forventet-i-mai-2024-hvordan-det-nadde-italia\/#primaryimage","url":"https:\/\/nordnesrepublikken.no\/wp-content\/uploads\/2026\/08\/1788159798_Det-rekordstore-nordlyset-som-ingen-forventet-i-mai-2024-hvordan.jpg","contentUrl":"https:\/\/nordnesrepublikken.no\/wp-content\/uploads\/2026\/08\/1788159798_Det-rekordstore-nordlyset-som-ingen-forventet-i-mai-2024-hvordan.jpg","width":2048,"height":1601,"caption":"Det rekordstore nordlyset som ingen forventet i mai 2024: hvordan det n\u00e5dde Italia"},{"@type":"BreadcrumbList","@id":"https:\/\/nordnesrepublikken.no\/index.php\/2026\/08\/31\/det-rekordstore-nordlyset-som-ingen-forventet-i-mai-2024-hvordan-det-nadde-italia\/#breadcrumb","itemListElement":[{"@type":"ListItem","position":1,"name":"Home","item":"https:\/\/nordnesrepublikken.no\/"},{"@type":"ListItem","position":2,"name":"Det rekordstore nordlyset som ingen forventet i mai 2024: hvordan det n\u00e5dde Italia"}]},{"@type":"WebSite","@id":"https:\/\/nordnesrepublikken.no\/#website","url":"https:\/\/nordnesrepublikken.no\/","name":"Nordnesrepublikken","description":"Stemmer og Visjoner fra Republikkens Hjerte","publisher":{"@id":"https:\/\/nordnesrepublikken.no\/#organization"},"potentialAction":[{"@type":"SearchAction","target":{"@type":"EntryPoint","urlTemplate":"https:\/\/nordnesrepublikken.no\/?s={search_term_string}"},"query-input":{"@type":"PropertyValueSpecification","valueRequired":true,"valueName":"search_term_string"}}],"inLanguage":"nb-NO"},{"@type":"Organization","@id":"https:\/\/nordnesrepublikken.no\/#organization","name":"Nordnesrepublikken","url":"https:\/\/nordnesrepublikken.no\/","logo":{"@type":"ImageObject","inLanguage":"nb-NO","@id":"https:\/\/nordnesrepublikken.no\/#\/schema\/logo\/image\/","url":"https:\/\/nordnesrepublikken.no\/wp-content\/uploads\/2025\/02\/cropped-nordnesrepublikken-2.png","contentUrl":"https:\/\/nordnesrepublikken.no\/wp-content\/uploads\/2025\/02\/cropped-nordnesrepublikken-2.png","width":1248,"height":362,"caption":"Nordnesrepublikken"},"image":{"@id":"https:\/\/nordnesrepublikken.no\/#\/schema\/logo\/image\/"}},{"@type":"Person","@id":"https:\/\/nordnesrepublikken.no\/#\/schema\/person\/2e7e81935bab77882fffb79296240ff1","name":"Ole Andersen","image":{"@type":"ImageObject","inLanguage":"nb-NO","@id":"https:\/\/nordnesrepublikken.no\/#\/schema\/person\/image\/","url":"https:\/\/nordnesrepublikken.no\/wp-content\/uploads\/2025\/02\/nordnesrepublikken-2-2-150x150.jpg","contentUrl":"https:\/\/nordnesrepublikken.no\/wp-content\/uploads\/2025\/02\/nordnesrepublikken-2-2-150x150.jpg","caption":"Ole Andersen"},"description":"Ettersom jeg vokste opp i Oslo, har jeg alltid v\u00e6rt fascinert av ordenes kraft og deres evne til \u00e5 skape endringer. Etter \u00e5 ha fullf\u00f8rt min utdannelse i kommunikasjon ved Universitetet i Bergen, fikk jeg muligheten til \u00e5 jobbe innen ulike medier, der jeg har s\u00f8kt \u00e5 belyse viktige samfunnssp\u00f8rsm\u00e5l. I dag, som redakt\u00f8r for Nordnesrepublikken, pr\u00f8ver jeg \u00e5 forene min kj\u00e6rlighet for journalistikk med min lidenskap for innovasjon og eventyr.","sameAs":["https:\/\/nordnesrepublikken.no\/"]}]}},"_links":{"self":[{"href":"https:\/\/nordnesrepublikken.no\/index.php\/wp-json\/wp\/v2\/posts\/21635","targetHints":{"allow":["GET"]}}],"collection":[{"href":"https:\/\/nordnesrepublikken.no\/index.php\/wp-json\/wp\/v2\/posts"}],"about":[{"href":"https:\/\/nordnesrepublikken.no\/index.php\/wp-json\/wp\/v2\/types\/post"}],"author":[{"embeddable":true,"href":"https:\/\/nordnesrepublikken.no\/index.php\/wp-json\/wp\/v2\/users\/1"}],"replies":[{"embeddable":true,"href":"https:\/\/nordnesrepublikken.no\/index.php\/wp-json\/wp\/v2\/comments?post=21635"}],"version-history":[{"count":1,"href":"https:\/\/nordnesrepublikken.no\/index.php\/wp-json\/wp\/v2\/posts\/21635\/revisions"}],"predecessor-version":[{"id":21637,"href":"https:\/\/nordnesrepublikken.no\/index.php\/wp-json\/wp\/v2\/posts\/21635\/revisions\/21637"}],"wp:featuredmedia":[{"embeddable":true,"href":"https:\/\/nordnesrepublikken.no\/index.php\/wp-json\/wp\/v2\/media\/21636"}],"wp:attachment":[{"href":"https:\/\/nordnesrepublikken.no\/index.php\/wp-json\/wp\/v2\/media?parent=21635"}],"wp:term":[{"taxonomy":"category","embeddable":true,"href":"https:\/\/nordnesrepublikken.no\/index.php\/wp-json\/wp\/v2\/categories?post=21635"},{"taxonomy":"post_tag","embeddable":true,"href":"https:\/\/nordnesrepublikken.no\/index.php\/wp-json\/wp\/v2\/tags?post=21635"}],"curies":[{"name":"wp","href":"https:\/\/api.w.org\/{rel}","templated":true}]}}