{"id":21632,"date":"2026-08-31T08:02:43","date_gmt":"2026-08-31T06:02:43","guid":{"rendered":"https:\/\/nordnesrepublikken.no\/index.php\/2026\/08\/31\/bla-safirer-og-rode-rubiner-er-det-samme-mineralet-hva-endres-og-hvorfor-de-har-forskjellige-farger\/"},"modified":"2026-08-31T08:02:48","modified_gmt":"2026-08-31T06:02:48","slug":"bla-safirer-og-rode-rubiner-er-det-samme-mineralet-hva-endres-og-hvorfor-de-har-forskjellige-farger","status":"publish","type":"post","link":"https:\/\/nordnesrepublikken.no\/index.php\/2026\/08\/31\/bla-safirer-og-rode-rubiner-er-det-samme-mineralet-hva-endres-og-hvorfor-de-har-forskjellige-farger\/","title":{"rendered":"Bl\u00e5 safirer og r\u00f8de rubiner er det samme mineralet: hva endres og hvorfor de har forskjellige farger"},"content":{"rendered":"<div>\n<div class=\"cp_wrapper cp_wrapper--fw mb-30 mb-20@tablet\">\n<figure class=\"mm\"><picture class=\"img\" style=\"padding-top:56.25%\"><source  media=\"(min-width: 1024px)\"><source  media=\"(min-width: 768px)\"><\/source><\/source><\/picture><\/figure>\n<\/p><\/div>\n<p>N\u00e5r det gjelder <strong>edelstener,<\/strong> i tillegg til diamanter<strong>,<\/strong> noen av de mest kjente er uten skygge av tvil <strong>safirer<\/strong> Og <strong>rubiner<\/strong>. Det som gj\u00f8r disse edelstenene spesielt gjenkjennelige er henholdsvis fargen deres <strong>bl\u00e5<\/strong> <strong>intens<\/strong> Og <strong>r\u00f8d<\/strong> <strong>sl\u00e5tt p\u00e5<\/strong>. Det som imidlertid ikke alle vet er at fra et mineralogisk synspunkt er det n\u00f8yaktig samme mineral: det <strong>korund<\/strong>. Men hvorfor heter de s\u00e5 annerledes? Og fremfor alt, hvorfor har de s\u00e5 forskjellig farge fra hverandre?<\/p>\n<div class=\"cp_wrapper cp_wrapper--fw mb-50\">\n<figure class=\"mm\"><picture class=\"img\" style=\"padding-top:75%\"><source  media=\"(min-width: 1024px)\"><source  media=\"(min-width: 768px)\"><img decoding=\"async\" loading=\"lazy\" src=\"https:\/\/nordnesrepublikken.no\/wp-content\/uploads\/2026\/08\/1788156163_75_Bla-safirer-og-rode-rubiner-er-det-samme-mineralet-hva.jpg\" alt=\"Bilde\" width=\"3488\" height=\"2616\"\/><\/source><\/source><\/picture><\/figure>\n<\/p><\/div>\n<p>Korund er en <strong>aluminiumoksid<\/strong> med formel <strong>Al2O3 <\/strong>men, som mange andre mineraler, kan den inneholde mineraler i den <strong>sporstoffer<\/strong>. Disse endrer ikke de tekniske egenskapene nevneverdig, men har stor tyngde i den endelige fargen: sm\u00e5 spor av <strong>krom<\/strong> de kan gj\u00f8re korund r\u00f8d, slik at du kan f\u00e5 en <strong>rubin<\/strong>. P\u00e5 den annen side spor av <strong>jern og titan<\/strong> de kan gi opphav til en bl\u00e5aktig farge, derfor en <strong>safir<\/strong>. Ruby er verdt mer enn safir.<\/p>\n<p>Advarsel: det er verdt \u00e5 gj\u00f8re en liten presisering her. Den r\u00f8de varianten av korund kalles alltid rubin, mens den <strong>korund av en hvilken som helst annen farge<\/strong> Det kalles safir. S\u00e5 disse er ikke bare bl\u00e5, men kan ogs\u00e5 v\u00e6re rosa, oransje, gule og s\u00e5 videre!<\/p>\n<div class=\"cp_wrapper cp_wrapper--fw mb-50\">\n<figure class=\"mm\"><picture class=\"img\" style=\"padding-top:56.24332977588%\"><source  media=\"(min-width: 1024px)\"><source  media=\"(min-width: 768px)\"><img decoding=\"async\" loading=\"lazy\" src=\"https:\/\/nordnesrepublikken.no\/wp-content\/uploads\/2026\/08\/1788156163_111_Bla-safirer-og-rode-rubiner-er-det-samme-mineralet-hva.jpg\" alt=\"Bilde\" width=\"937\" height=\"527\" class=\"js-seedtag-img\"\/><\/source><\/source><\/picture><\/figure>\n<\/p><\/div>\n<p>Fra et utvinningssynspunkt ekstraheres de beste rubinene inn <strong>Myanmar<\/strong>mens safirene inn <strong>India<\/strong>, <strong>Madagaskar<\/strong>, <strong>Thailand<\/strong>, <strong>Sri Lanka<\/strong> Og <strong>Kambodsja<\/strong>.<\/p>\n<\/p><\/div>\n","protected":false},"excerpt":{"rendered":"<p>N\u00e5r det gjelder edelstener, i tillegg til diamanter, noen av de mest kjente er uten<\/p>\n","protected":false},"author":1,"featured_media":21633,"comment_status":"closed","ping_status":"open","sticky":false,"template":"","format":"standard","meta":{"footnotes":""},"categories":[24],"tags":[236,66,4451,2479,1776,179,144,101,14158,2071,14157,14156,3753],"class_list":["post-21632","post","type-post","status-publish","format-standard","has-post-thumbnail","hentry","category-vitenskap","tag-bla","tag-det","tag-endres","tag-farger","tag-forskjellige","tag-har","tag-hva","tag-hvorfor","tag-mineralet","tag-rode","tag-rubiner","tag-safirer","tag-samme","generate-columns","tablet-grid-50","mobile-grid-100","grid-parent","grid-33","resize-featured-image"],"yoast_head":"<!-- This site is optimized with the Yoast SEO plugin v24.4 - https:\/\/yoast.com\/wordpress\/plugins\/seo\/ -->\n<title>Bl\u00e5 safirer og r\u00f8de rubiner er det samme mineralet: hva endres og hvorfor de har forskjellige farger - Nordnesrepublikken<\/title>\n<meta name=\"robots\" content=\"index, follow, max-snippet:-1, max-image-preview:large, max-video-preview:-1\" \/>\n<link rel=\"canonical\" href=\"https:\/\/nordnesrepublikken.no\/index.php\/2026\/08\/31\/bla-safirer-og-rode-rubiner-er-det-samme-mineralet-hva-endres-og-hvorfor-de-har-forskjellige-farger\/\" \/>\n<meta property=\"og:locale\" content=\"nb_NO\" \/>\n<meta property=\"og:type\" content=\"article\" \/>\n<meta property=\"og:title\" content=\"Bl\u00e5 safirer og r\u00f8de rubiner er det samme mineralet: hva endres og hvorfor de har forskjellige farger - Nordnesrepublikken\" \/>\n<meta property=\"og:description\" content=\"N\u00e5r det gjelder edelstener, i tillegg til diamanter, noen av de mest kjente er uten\" \/>\n<meta property=\"og:url\" content=\"https:\/\/nordnesrepublikken.no\/index.php\/2026\/08\/31\/bla-safirer-og-rode-rubiner-er-det-samme-mineralet-hva-endres-og-hvorfor-de-har-forskjellige-farger\/\" \/>\n<meta property=\"og:site_name\" content=\"Nordnesrepublikken\" \/>\n<meta property=\"article:published_time\" content=\"2026-08-31T06:02:43+00:00\" \/>\n<meta property=\"article:modified_time\" content=\"2026-08-31T06:02:48+00:00\" \/>\n<meta property=\"og:image\" content=\"https:\/\/nordnesrepublikken.no\/wp-content\/uploads\/2026\/08\/1788156166_Bla-safirer-og-rode-rubiner-er-det-samme-mineralet-hva.jpg\" \/>\n\t<meta property=\"og:image:width\" content=\"2549\" \/>\n\t<meta property=\"og:image:height\" content=\"1491\" \/>\n\t<meta property=\"og:image:type\" content=\"image\/jpeg\" \/>\n<meta name=\"author\" content=\"Ole Andersen\" \/>\n<meta name=\"twitter:card\" content=\"summary_large_image\" \/>\n<meta name=\"twitter:label1\" content=\"Skrevet av\" \/>\n\t<meta name=\"twitter:data1\" content=\"Ole Andersen\" \/>\n\t<meta name=\"twitter:label2\" content=\"Ansl. lesetid\" \/>\n\t<meta name=\"twitter:data2\" content=\"1 minutt\" \/>\n<script type=\"application\/ld+json\" class=\"yoast-schema-graph\">{\"@context\":\"https:\/\/schema.org\",\"@graph\":[{\"@type\":\"Article\",\"@id\":\"https:\/\/nordnesrepublikken.no\/index.php\/2026\/08\/31\/bla-safirer-og-rode-rubiner-er-det-samme-mineralet-hva-endres-og-hvorfor-de-har-forskjellige-farger\/#article\",\"isPartOf\":{\"@id\":\"https:\/\/nordnesrepublikken.no\/index.php\/2026\/08\/31\/bla-safirer-og-rode-rubiner-er-det-samme-mineralet-hva-endres-og-hvorfor-de-har-forskjellige-farger\/\"},\"author\":{\"name\":\"Ole Andersen\",\"@id\":\"https:\/\/nordnesrepublikken.no\/#\/schema\/person\/2e7e81935bab77882fffb79296240ff1\"},\"headline\":\"Bl\u00e5 safirer og r\u00f8de rubiner er det samme mineralet: hva endres og hvorfor de har forskjellige farger\",\"datePublished\":\"2026-08-31T06:02:43+00:00\",\"dateModified\":\"2026-08-31T06:02:48+00:00\",\"mainEntityOfPage\":{\"@id\":\"https:\/\/nordnesrepublikken.no\/index.php\/2026\/08\/31\/bla-safirer-og-rode-rubiner-er-det-samme-mineralet-hva-endres-og-hvorfor-de-har-forskjellige-farger\/\"},\"wordCount\":244,\"publisher\":{\"@id\":\"https:\/\/nordnesrepublikken.no\/#organization\"},\"image\":{\"@id\":\"https:\/\/nordnesrepublikken.no\/index.php\/2026\/08\/31\/bla-safirer-og-rode-rubiner-er-det-samme-mineralet-hva-endres-og-hvorfor-de-har-forskjellige-farger\/#primaryimage\"},\"thumbnailUrl\":\"https:\/\/nordnesrepublikken.no\/wp-content\/uploads\/2026\/08\/1788156166_Bla-safirer-og-rode-rubiner-er-det-samme-mineralet-hva.jpg\",\"keywords\":[\"bl\u00e5\",\"Det\",\"endres\",\"farger\",\"forskjellige\",\"har\",\"Hva\",\"hvorfor\",\"mineralet\",\"r\u00f8de\",\"rubiner\",\"safirer\",\"samme\"],\"articleSection\":[\"Vitenskap\"],\"inLanguage\":\"nb-NO\"},{\"@type\":\"WebPage\",\"@id\":\"https:\/\/nordnesrepublikken.no\/index.php\/2026\/08\/31\/bla-safirer-og-rode-rubiner-er-det-samme-mineralet-hva-endres-og-hvorfor-de-har-forskjellige-farger\/\",\"url\":\"https:\/\/nordnesrepublikken.no\/index.php\/2026\/08\/31\/bla-safirer-og-rode-rubiner-er-det-samme-mineralet-hva-endres-og-hvorfor-de-har-forskjellige-farger\/\",\"name\":\"Bl\u00e5 safirer og r\u00f8de rubiner er det samme mineralet: hva endres og hvorfor de har forskjellige farger - Nordnesrepublikken\",\"isPartOf\":{\"@id\":\"https:\/\/nordnesrepublikken.no\/#website\"},\"primaryImageOfPage\":{\"@id\":\"https:\/\/nordnesrepublikken.no\/index.php\/2026\/08\/31\/bla-safirer-og-rode-rubiner-er-det-samme-mineralet-hva-endres-og-hvorfor-de-har-forskjellige-farger\/#primaryimage\"},\"image\":{\"@id\":\"https:\/\/nordnesrepublikken.no\/index.php\/2026\/08\/31\/bla-safirer-og-rode-rubiner-er-det-samme-mineralet-hva-endres-og-hvorfor-de-har-forskjellige-farger\/#primaryimage\"},\"thumbnailUrl\":\"https:\/\/nordnesrepublikken.no\/wp-content\/uploads\/2026\/08\/1788156166_Bla-safirer-og-rode-rubiner-er-det-samme-mineralet-hva.jpg\",\"datePublished\":\"2026-08-31T06:02:43+00:00\",\"dateModified\":\"2026-08-31T06:02:48+00:00\",\"breadcrumb\":{\"@id\":\"https:\/\/nordnesrepublikken.no\/index.php\/2026\/08\/31\/bla-safirer-og-rode-rubiner-er-det-samme-mineralet-hva-endres-og-hvorfor-de-har-forskjellige-farger\/#breadcrumb\"},\"inLanguage\":\"nb-NO\",\"potentialAction\":[{\"@type\":\"ReadAction\",\"target\":[\"https:\/\/nordnesrepublikken.no\/index.php\/2026\/08\/31\/bla-safirer-og-rode-rubiner-er-det-samme-mineralet-hva-endres-og-hvorfor-de-har-forskjellige-farger\/\"]}]},{\"@type\":\"ImageObject\",\"inLanguage\":\"nb-NO\",\"@id\":\"https:\/\/nordnesrepublikken.no\/index.php\/2026\/08\/31\/bla-safirer-og-rode-rubiner-er-det-samme-mineralet-hva-endres-og-hvorfor-de-har-forskjellige-farger\/#primaryimage\",\"url\":\"https:\/\/nordnesrepublikken.no\/wp-content\/uploads\/2026\/08\/1788156166_Bla-safirer-og-rode-rubiner-er-det-samme-mineralet-hva.jpg\",\"contentUrl\":\"https:\/\/nordnesrepublikken.no\/wp-content\/uploads\/2026\/08\/1788156166_Bla-safirer-og-rode-rubiner-er-det-samme-mineralet-hva.jpg\",\"width\":2549,\"height\":1491,\"caption\":\"Bl\u00e5 safirer og r\u00f8de rubiner er det samme mineralet: hva endres og hvorfor de har forskjellige farger\"},{\"@type\":\"BreadcrumbList\",\"@id\":\"https:\/\/nordnesrepublikken.no\/index.php\/2026\/08\/31\/bla-safirer-og-rode-rubiner-er-det-samme-mineralet-hva-endres-og-hvorfor-de-har-forskjellige-farger\/#breadcrumb\",\"itemListElement\":[{\"@type\":\"ListItem\",\"position\":1,\"name\":\"Home\",\"item\":\"https:\/\/nordnesrepublikken.no\/\"},{\"@type\":\"ListItem\",\"position\":2,\"name\":\"Bl\u00e5 safirer og r\u00f8de rubiner er det samme mineralet: hva endres og hvorfor de har forskjellige farger\"}]},{\"@type\":\"WebSite\",\"@id\":\"https:\/\/nordnesrepublikken.no\/#website\",\"url\":\"https:\/\/nordnesrepublikken.no\/\",\"name\":\"Nordnesrepublikken\",\"description\":\"Stemmer og Visjoner fra Republikkens Hjerte\",\"publisher\":{\"@id\":\"https:\/\/nordnesrepublikken.no\/#organization\"},\"potentialAction\":[{\"@type\":\"SearchAction\",\"target\":{\"@type\":\"EntryPoint\",\"urlTemplate\":\"https:\/\/nordnesrepublikken.no\/?s={search_term_string}\"},\"query-input\":{\"@type\":\"PropertyValueSpecification\",\"valueRequired\":true,\"valueName\":\"search_term_string\"}}],\"inLanguage\":\"nb-NO\"},{\"@type\":\"Organization\",\"@id\":\"https:\/\/nordnesrepublikken.no\/#organization\",\"name\":\"Nordnesrepublikken\",\"url\":\"https:\/\/nordnesrepublikken.no\/\",\"logo\":{\"@type\":\"ImageObject\",\"inLanguage\":\"nb-NO\",\"@id\":\"https:\/\/nordnesrepublikken.no\/#\/schema\/logo\/image\/\",\"url\":\"https:\/\/nordnesrepublikken.no\/wp-content\/uploads\/2025\/02\/cropped-nordnesrepublikken-2.png\",\"contentUrl\":\"https:\/\/nordnesrepublikken.no\/wp-content\/uploads\/2025\/02\/cropped-nordnesrepublikken-2.png\",\"width\":1248,\"height\":362,\"caption\":\"Nordnesrepublikken\"},\"image\":{\"@id\":\"https:\/\/nordnesrepublikken.no\/#\/schema\/logo\/image\/\"}},{\"@type\":\"Person\",\"@id\":\"https:\/\/nordnesrepublikken.no\/#\/schema\/person\/2e7e81935bab77882fffb79296240ff1\",\"name\":\"Ole Andersen\",\"image\":{\"@type\":\"ImageObject\",\"inLanguage\":\"nb-NO\",\"@id\":\"https:\/\/nordnesrepublikken.no\/#\/schema\/person\/image\/\",\"url\":\"https:\/\/nordnesrepublikken.no\/wp-content\/uploads\/2025\/02\/nordnesrepublikken-2-2-150x150.jpg\",\"contentUrl\":\"https:\/\/nordnesrepublikken.no\/wp-content\/uploads\/2025\/02\/nordnesrepublikken-2-2-150x150.jpg\",\"caption\":\"Ole Andersen\"},\"description\":\"Ettersom jeg vokste opp i Oslo, har jeg alltid v\u00e6rt fascinert av ordenes kraft og deres evne til \u00e5 skape endringer. Etter \u00e5 ha fullf\u00f8rt min utdannelse i kommunikasjon ved Universitetet i Bergen, fikk jeg muligheten til \u00e5 jobbe innen ulike medier, der jeg har s\u00f8kt \u00e5 belyse viktige samfunnssp\u00f8rsm\u00e5l. I dag, som redakt\u00f8r for Nordnesrepublikken, pr\u00f8ver jeg \u00e5 forene min kj\u00e6rlighet for journalistikk med min lidenskap for innovasjon og eventyr.\",\"sameAs\":[\"https:\/\/nordnesrepublikken.no\/\"]}]}<\/script>\n<!-- \/ Yoast SEO plugin. -->","yoast_head_json":{"title":"Bl\u00e5 safirer og r\u00f8de rubiner er det samme mineralet: hva endres og hvorfor de har forskjellige farger - Nordnesrepublikken","robots":{"index":"index","follow":"follow","max-snippet":"max-snippet:-1","max-image-preview":"max-image-preview:large","max-video-preview":"max-video-preview:-1"},"canonical":"https:\/\/nordnesrepublikken.no\/index.php\/2026\/08\/31\/bla-safirer-og-rode-rubiner-er-det-samme-mineralet-hva-endres-og-hvorfor-de-har-forskjellige-farger\/","og_locale":"nb_NO","og_type":"article","og_title":"Bl\u00e5 safirer og r\u00f8de rubiner er det samme mineralet: hva endres og hvorfor de har forskjellige farger - Nordnesrepublikken","og_description":"N\u00e5r det gjelder edelstener, i tillegg til diamanter, noen av de mest kjente er uten","og_url":"https:\/\/nordnesrepublikken.no\/index.php\/2026\/08\/31\/bla-safirer-og-rode-rubiner-er-det-samme-mineralet-hva-endres-og-hvorfor-de-har-forskjellige-farger\/","og_site_name":"Nordnesrepublikken","article_published_time":"2026-08-31T06:02:43+00:00","article_modified_time":"2026-08-31T06:02:48+00:00","og_image":[{"width":2549,"height":1491,"url":"https:\/\/nordnesrepublikken.no\/wp-content\/uploads\/2026\/08\/1788156166_Bla-safirer-og-rode-rubiner-er-det-samme-mineralet-hva.jpg","type":"image\/jpeg"}],"author":"Ole Andersen","twitter_card":"summary_large_image","twitter_misc":{"Skrevet av":"Ole Andersen","Ansl. lesetid":"1 minutt"},"schema":{"@context":"https:\/\/schema.org","@graph":[{"@type":"Article","@id":"https:\/\/nordnesrepublikken.no\/index.php\/2026\/08\/31\/bla-safirer-og-rode-rubiner-er-det-samme-mineralet-hva-endres-og-hvorfor-de-har-forskjellige-farger\/#article","isPartOf":{"@id":"https:\/\/nordnesrepublikken.no\/index.php\/2026\/08\/31\/bla-safirer-og-rode-rubiner-er-det-samme-mineralet-hva-endres-og-hvorfor-de-har-forskjellige-farger\/"},"author":{"name":"Ole Andersen","@id":"https:\/\/nordnesrepublikken.no\/#\/schema\/person\/2e7e81935bab77882fffb79296240ff1"},"headline":"Bl\u00e5 safirer og r\u00f8de rubiner er det samme mineralet: hva endres og hvorfor de har forskjellige farger","datePublished":"2026-08-31T06:02:43+00:00","dateModified":"2026-08-31T06:02:48+00:00","mainEntityOfPage":{"@id":"https:\/\/nordnesrepublikken.no\/index.php\/2026\/08\/31\/bla-safirer-og-rode-rubiner-er-det-samme-mineralet-hva-endres-og-hvorfor-de-har-forskjellige-farger\/"},"wordCount":244,"publisher":{"@id":"https:\/\/nordnesrepublikken.no\/#organization"},"image":{"@id":"https:\/\/nordnesrepublikken.no\/index.php\/2026\/08\/31\/bla-safirer-og-rode-rubiner-er-det-samme-mineralet-hva-endres-og-hvorfor-de-har-forskjellige-farger\/#primaryimage"},"thumbnailUrl":"https:\/\/nordnesrepublikken.no\/wp-content\/uploads\/2026\/08\/1788156166_Bla-safirer-og-rode-rubiner-er-det-samme-mineralet-hva.jpg","keywords":["bl\u00e5","Det","endres","farger","forskjellige","har","Hva","hvorfor","mineralet","r\u00f8de","rubiner","safirer","samme"],"articleSection":["Vitenskap"],"inLanguage":"nb-NO"},{"@type":"WebPage","@id":"https:\/\/nordnesrepublikken.no\/index.php\/2026\/08\/31\/bla-safirer-og-rode-rubiner-er-det-samme-mineralet-hva-endres-og-hvorfor-de-har-forskjellige-farger\/","url":"https:\/\/nordnesrepublikken.no\/index.php\/2026\/08\/31\/bla-safirer-og-rode-rubiner-er-det-samme-mineralet-hva-endres-og-hvorfor-de-har-forskjellige-farger\/","name":"Bl\u00e5 safirer og r\u00f8de rubiner er det samme mineralet: hva endres og hvorfor de har forskjellige farger - Nordnesrepublikken","isPartOf":{"@id":"https:\/\/nordnesrepublikken.no\/#website"},"primaryImageOfPage":{"@id":"https:\/\/nordnesrepublikken.no\/index.php\/2026\/08\/31\/bla-safirer-og-rode-rubiner-er-det-samme-mineralet-hva-endres-og-hvorfor-de-har-forskjellige-farger\/#primaryimage"},"image":{"@id":"https:\/\/nordnesrepublikken.no\/index.php\/2026\/08\/31\/bla-safirer-og-rode-rubiner-er-det-samme-mineralet-hva-endres-og-hvorfor-de-har-forskjellige-farger\/#primaryimage"},"thumbnailUrl":"https:\/\/nordnesrepublikken.no\/wp-content\/uploads\/2026\/08\/1788156166_Bla-safirer-og-rode-rubiner-er-det-samme-mineralet-hva.jpg","datePublished":"2026-08-31T06:02:43+00:00","dateModified":"2026-08-31T06:02:48+00:00","breadcrumb":{"@id":"https:\/\/nordnesrepublikken.no\/index.php\/2026\/08\/31\/bla-safirer-og-rode-rubiner-er-det-samme-mineralet-hva-endres-og-hvorfor-de-har-forskjellige-farger\/#breadcrumb"},"inLanguage":"nb-NO","potentialAction":[{"@type":"ReadAction","target":["https:\/\/nordnesrepublikken.no\/index.php\/2026\/08\/31\/bla-safirer-og-rode-rubiner-er-det-samme-mineralet-hva-endres-og-hvorfor-de-har-forskjellige-farger\/"]}]},{"@type":"ImageObject","inLanguage":"nb-NO","@id":"https:\/\/nordnesrepublikken.no\/index.php\/2026\/08\/31\/bla-safirer-og-rode-rubiner-er-det-samme-mineralet-hva-endres-og-hvorfor-de-har-forskjellige-farger\/#primaryimage","url":"https:\/\/nordnesrepublikken.no\/wp-content\/uploads\/2026\/08\/1788156166_Bla-safirer-og-rode-rubiner-er-det-samme-mineralet-hva.jpg","contentUrl":"https:\/\/nordnesrepublikken.no\/wp-content\/uploads\/2026\/08\/1788156166_Bla-safirer-og-rode-rubiner-er-det-samme-mineralet-hva.jpg","width":2549,"height":1491,"caption":"Bl\u00e5 safirer og r\u00f8de rubiner er det samme mineralet: hva endres og hvorfor de har forskjellige farger"},{"@type":"BreadcrumbList","@id":"https:\/\/nordnesrepublikken.no\/index.php\/2026\/08\/31\/bla-safirer-og-rode-rubiner-er-det-samme-mineralet-hva-endres-og-hvorfor-de-har-forskjellige-farger\/#breadcrumb","itemListElement":[{"@type":"ListItem","position":1,"name":"Home","item":"https:\/\/nordnesrepublikken.no\/"},{"@type":"ListItem","position":2,"name":"Bl\u00e5 safirer og r\u00f8de rubiner er det samme mineralet: hva endres og hvorfor de har forskjellige farger"}]},{"@type":"WebSite","@id":"https:\/\/nordnesrepublikken.no\/#website","url":"https:\/\/nordnesrepublikken.no\/","name":"Nordnesrepublikken","description":"Stemmer og Visjoner fra Republikkens Hjerte","publisher":{"@id":"https:\/\/nordnesrepublikken.no\/#organization"},"potentialAction":[{"@type":"SearchAction","target":{"@type":"EntryPoint","urlTemplate":"https:\/\/nordnesrepublikken.no\/?s={search_term_string}"},"query-input":{"@type":"PropertyValueSpecification","valueRequired":true,"valueName":"search_term_string"}}],"inLanguage":"nb-NO"},{"@type":"Organization","@id":"https:\/\/nordnesrepublikken.no\/#organization","name":"Nordnesrepublikken","url":"https:\/\/nordnesrepublikken.no\/","logo":{"@type":"ImageObject","inLanguage":"nb-NO","@id":"https:\/\/nordnesrepublikken.no\/#\/schema\/logo\/image\/","url":"https:\/\/nordnesrepublikken.no\/wp-content\/uploads\/2025\/02\/cropped-nordnesrepublikken-2.png","contentUrl":"https:\/\/nordnesrepublikken.no\/wp-content\/uploads\/2025\/02\/cropped-nordnesrepublikken-2.png","width":1248,"height":362,"caption":"Nordnesrepublikken"},"image":{"@id":"https:\/\/nordnesrepublikken.no\/#\/schema\/logo\/image\/"}},{"@type":"Person","@id":"https:\/\/nordnesrepublikken.no\/#\/schema\/person\/2e7e81935bab77882fffb79296240ff1","name":"Ole Andersen","image":{"@type":"ImageObject","inLanguage":"nb-NO","@id":"https:\/\/nordnesrepublikken.no\/#\/schema\/person\/image\/","url":"https:\/\/nordnesrepublikken.no\/wp-content\/uploads\/2025\/02\/nordnesrepublikken-2-2-150x150.jpg","contentUrl":"https:\/\/nordnesrepublikken.no\/wp-content\/uploads\/2025\/02\/nordnesrepublikken-2-2-150x150.jpg","caption":"Ole Andersen"},"description":"Ettersom jeg vokste opp i Oslo, har jeg alltid v\u00e6rt fascinert av ordenes kraft og deres evne til \u00e5 skape endringer. Etter \u00e5 ha fullf\u00f8rt min utdannelse i kommunikasjon ved Universitetet i Bergen, fikk jeg muligheten til \u00e5 jobbe innen ulike medier, der jeg har s\u00f8kt \u00e5 belyse viktige samfunnssp\u00f8rsm\u00e5l. I dag, som redakt\u00f8r for Nordnesrepublikken, pr\u00f8ver jeg \u00e5 forene min kj\u00e6rlighet for journalistikk med min lidenskap for innovasjon og eventyr.","sameAs":["https:\/\/nordnesrepublikken.no\/"]}]}},"_links":{"self":[{"href":"https:\/\/nordnesrepublikken.no\/index.php\/wp-json\/wp\/v2\/posts\/21632","targetHints":{"allow":["GET"]}}],"collection":[{"href":"https:\/\/nordnesrepublikken.no\/index.php\/wp-json\/wp\/v2\/posts"}],"about":[{"href":"https:\/\/nordnesrepublikken.no\/index.php\/wp-json\/wp\/v2\/types\/post"}],"author":[{"embeddable":true,"href":"https:\/\/nordnesrepublikken.no\/index.php\/wp-json\/wp\/v2\/users\/1"}],"replies":[{"embeddable":true,"href":"https:\/\/nordnesrepublikken.no\/index.php\/wp-json\/wp\/v2\/comments?post=21632"}],"version-history":[{"count":1,"href":"https:\/\/nordnesrepublikken.no\/index.php\/wp-json\/wp\/v2\/posts\/21632\/revisions"}],"predecessor-version":[{"id":21634,"href":"https:\/\/nordnesrepublikken.no\/index.php\/wp-json\/wp\/v2\/posts\/21632\/revisions\/21634"}],"wp:featuredmedia":[{"embeddable":true,"href":"https:\/\/nordnesrepublikken.no\/index.php\/wp-json\/wp\/v2\/media\/21633"}],"wp:attachment":[{"href":"https:\/\/nordnesrepublikken.no\/index.php\/wp-json\/wp\/v2\/media?parent=21632"}],"wp:term":[{"taxonomy":"category","embeddable":true,"href":"https:\/\/nordnesrepublikken.no\/index.php\/wp-json\/wp\/v2\/categories?post=21632"},{"taxonomy":"post_tag","embeddable":true,"href":"https:\/\/nordnesrepublikken.no\/index.php\/wp-json\/wp\/v2\/tags?post=21632"}],"curies":[{"name":"wp","href":"https:\/\/api.w.org\/{rel}","templated":true}]}}