{"id":17714,"date":"2026-05-03T15:04:52","date_gmt":"2026-05-03T13:04:52","guid":{"rendered":"https:\/\/nordnesrepublikken.no\/index.php\/2026\/05\/03\/vasking-av-handklaer-med-toymykner-bor-unngas-fordi-det-reduserer-sugeevnen-deres-studier\/"},"modified":"2026-05-03T15:04:54","modified_gmt":"2026-05-03T13:04:54","slug":"vasking-av-handklaer-med-toymykner-bor-unngas-fordi-det-reduserer-sugeevnen-deres-studier","status":"publish","type":"post","link":"https:\/\/nordnesrepublikken.no\/index.php\/2026\/05\/03\/vasking-av-handklaer-med-toymykner-bor-unngas-fordi-det-reduserer-sugeevnen-deres-studier\/","title":{"rendered":"Vasking av h\u00e5ndkl\u00e6r med t\u00f8ymykner b\u00f8r unng\u00e5s fordi det reduserer sugeevnen deres: studier"},"content":{"rendered":"<div>\n<div class=\"cp_wrapper cp_wrapper--fw mb-30 mb-20@tablet\">\n<figure class=\"mm\"><picture class=\"img\" style=\"padding-top:56.25%\"><source  media=\"(min-width: 1024px)\"><source  media=\"(min-width: 768px)\"><\/source><\/source><\/picture><\/figure>\n<\/p><\/div>\n<p>Vi h\u00f8rer ofte at t\u00f8ymykner i vaskemaskinen b\u00f8r brukes med forsiktighet: faktisk er bruken ikke alltid anbefalt. Spesiell oppmerksomhet b\u00f8r rettes mot h\u00e5ndkl\u00e6r og ville v\u00e6re <strong>bedre \u00e5 unng\u00e5 det<\/strong>: hvordan indisk studiene publiserte p\u00e5 <em>Journal of Oleo Science <\/em>Og <em>TechConnect<\/em>det er sant at t\u00f8ymykner gj\u00f8r stoffer mykere, men samtidig <strong>reduserer deres evne til \u00e5 absorbere vann<\/strong>som er akkurat der <strong>hovedfunksjonen til et h\u00e5ndkle<\/strong>. \u00c5rsaken er kjemisk: stoffene som finnes i t\u00f8ymyknere kan danne en slags <strong>&laquo;film<\/strong> <strong>vannavst\u00f8tende<\/strong> p\u00e5 de individuelle fibrene i stoffene, noe som gj\u00f8r dem <strong>mindre fuktbar<\/strong>: Det er ikke et jevnt, sammenhengende lag, men et mikroskopisk belegg som fester seg til individuelle fibre. Resultatet? Veldig stille <strong>h\u00e5ndkleet vil miste sine absorberende egenskaper<\/strong> vann effektivt, mister over tid hovedfunksjonen og etterlater den irriterende f\u00f8lelsen av fortsatt fuktig hud.<\/p>\n<h2>Hva er t\u00f8ymykner som brukes til \u00e5 vaske kl\u00e6r fra et kjemisk synspunkt?<\/h2>\n<p>T\u00f8ymykneren ble laget for \u00e5 forbedre <strong>f\u00f8lelse ved ber\u00f8ring av stoffene<\/strong>. P\u00e5 et kjemisk niv\u00e5 inneholder den hovedsakelig <strong>kationiske overflateaktive stoffer<\/strong>molekyler &#8211; som de av s\u00e5pe &#8211; med en &laquo;hydrofil&raquo; del (som elsker vann) utstyrt med en positiv ladning og en lang &laquo;hydrofob&raquo; hale (som i stedet avviser vann).<\/p>\n<p>N\u00e5r kl\u00e6rne vaskes, blir disse molekylene <strong>holde seg til fibrene<\/strong> (spesielt kl <strong>bomull<\/strong>) og er ordnet p\u00e5 en ryddig m\u00e5te: den &laquo;ladede&raquo; delen binder seg til overflaten av stoffet, mens <strong>hydrofobe haler <\/strong>de forblir utenfor. P\u00e5 denne m\u00e5ten, med de overflateaktive stoffene plassert mellom en fiber og en annen, <strong>friksjonen mellom dem avtar <\/strong>og stoffet blir <strong>mykere\/glittere \u00e5 ta p\u00e5<\/strong>: det er som om de overflateaktive molekylene fungerte som <strong>&laquo;molekyl\u00e6rt sm\u00f8remiddel&raquo;<\/strong> mellom en stofffiber og en annen og forstyrrer ogs\u00e5 de naturlige bindingene som bomullsfibre danner mellom hverandre, slik at de flyter mer fritt. Nettopp fordi de hydrofobe haler av de overflateaktive stoffene &laquo;peker&raquo; mot utsiden av fibrene, selv <strong>stoffoverflate <\/strong>blir samtidig <strong>mer hydrofobisk<\/strong>. Enkelt sagt: mindre i stand til \u00e5 absorbere vann. Av disse grunner vil stoffet, etter flere vask i vaskemaskinen med tilsetning av mykner, v\u00e6re glattere \u00e5 ta p\u00e5 og mer behagelig, men<strong> mindre effektiv til \u00e5 absorbere vann.<\/strong><\/p>\n<h2>Fordi det ikke anbefales p\u00e5 h\u00e5ndkl\u00e6r<\/h2>\n<p>Det er her hovedfunksjonen til h\u00e5ndkleet spiller inn, dvs <strong>absorber vann raskt: <\/strong>kontinuerlig bruk av t\u00f8ymykner, <strong>over tid kompromitterer det uunng\u00e5elig denne evnen<\/strong>. Eksperimentelle studier, inkludert en publisert i <em>Journal of Oleo Science<\/em>demonstrere at den vannabsorberende kapasiteten til tekstiler, spesielt bomull, reduseres betydelig etter gjentatt bruk av t\u00f8ymykner i vaskemaskinen: jo flere overflateaktive molekyler som samler seg i stoffet, jo lavere blir h\u00e5ndkleets evne til \u00e5 absorbere vann.<\/p>\n<p>Litt etter litt dannes det en ekte hydrofob overflate som hindrer vanninntrengning i fibrene i h\u00e5ndkleet. Hvis vi s\u00e5 pr\u00f8ver \u00e5 t\u00f8rke oss etter en dusj, er ikke bare vannet tilstrekkelig &laquo;trukket fra&raquo; huden v\u00e5r, og etterlater oss litt klamme, men vi vil finne <strong>mange dr\u00e5per p\u00e5 overflaten av h\u00e5ndkleet<\/strong> og ikke tilstrekkelig &laquo;fanget&raquo; (absorbert) i den. Kort sagt en ubehagelig situasjon <strong>ufullstendig t\u00f8rking<\/strong>: forferdelig!<\/p>\n<p>Tydeligvis t\u00f8ymykneren <strong>Det er ikke &laquo;feil&raquo; i det hele tatt<\/strong>men p\u00e5 h\u00e5ndkl\u00e6r blir det kontraproduktivt. Det er klart at hvis det blir brukt ved en feil en gang <strong>du trenger ikke kaste h\u00e5ndkleet<\/strong>. F\u00f8rst av alt &#8211; som ekte forskere &#8211; en <strong>fuktbarhetstest<\/strong>! Etter dusjen pr\u00f8ver vi \u00e5 t\u00f8rke oss og observerer om badeh\u00e5ndkleet eller badek\u00e5pen v\u00e5r fortsatt utf\u00f8rer sin funksjon: t\u00f8rker de som f\u00f8r, ikke noe problem, ellers b\u00f8r vi bruke reserveh\u00e5ndkleet som vi skal ha klargjort f\u00f8r testen starter. La oss huske det <strong>det er ikke engangsbruk<\/strong> av t\u00f8ymykner som definitivt kompromitterer dens funksjon, men <strong>gjentatt bruk av t\u00f8ymykner<\/strong> <strong>p\u00e5 samme h\u00e5ndkle<\/strong>.<\/p>\n<\/p><\/div>\n","protected":false},"excerpt":{"rendered":"<p>Vi h\u00f8rer ofte at t\u00f8ymykner i vaskemaskinen b\u00f8r brukes med forsiktighet: faktisk er bruken ikke<\/p>\n","protected":false},"author":1,"featured_media":17715,"comment_status":"closed","ping_status":"open","sticky":false,"template":"","format":"standard","meta":{"footnotes":""},"categories":[24],"tags":[1629,4819,66,83,11415,79,1594,1865,11417,11416,3432,11414],"class_list":["post-17714","post","type-post","status-publish","format-standard","has-post-thumbnail","hentry","category-vitenskap","tag-bor","tag-deres","tag-det","tag-fordi","tag-handklaer","tag-med","tag-reduserer","tag-studier","tag-sugeevnen","tag-toymykner","tag-unngas","tag-vasking","generate-columns","tablet-grid-50","mobile-grid-100","grid-parent","grid-33","resize-featured-image"],"yoast_head":"<!-- This site is optimized with the Yoast SEO plugin v24.4 - https:\/\/yoast.com\/wordpress\/plugins\/seo\/ -->\n<title>Vasking av h\u00e5ndkl\u00e6r med t\u00f8ymykner b\u00f8r unng\u00e5s fordi det reduserer sugeevnen deres: studier - Nordnesrepublikken<\/title>\n<meta name=\"robots\" content=\"index, follow, max-snippet:-1, max-image-preview:large, max-video-preview:-1\" \/>\n<link rel=\"canonical\" href=\"https:\/\/nordnesrepublikken.no\/index.php\/2026\/05\/03\/vasking-av-handklaer-med-toymykner-bor-unngas-fordi-det-reduserer-sugeevnen-deres-studier\/\" \/>\n<meta property=\"og:locale\" content=\"nb_NO\" \/>\n<meta property=\"og:type\" content=\"article\" \/>\n<meta property=\"og:title\" content=\"Vasking av h\u00e5ndkl\u00e6r med t\u00f8ymykner b\u00f8r unng\u00e5s fordi det reduserer sugeevnen deres: studier - Nordnesrepublikken\" \/>\n<meta property=\"og:description\" content=\"Vi h\u00f8rer ofte at t\u00f8ymykner i vaskemaskinen b\u00f8r brukes med forsiktighet: faktisk er bruken ikke\" \/>\n<meta property=\"og:url\" content=\"https:\/\/nordnesrepublikken.no\/index.php\/2026\/05\/03\/vasking-av-handklaer-med-toymykner-bor-unngas-fordi-det-reduserer-sugeevnen-deres-studier\/\" \/>\n<meta property=\"og:site_name\" content=\"Nordnesrepublikken\" \/>\n<meta property=\"article:published_time\" content=\"2026-05-03T13:04:52+00:00\" \/>\n<meta property=\"article:modified_time\" content=\"2026-05-03T13:04:54+00:00\" \/>\n<meta property=\"og:image\" content=\"https:\/\/nordnesrepublikken.no\/wp-content\/uploads\/2026\/05\/1777813494_Vasking-av-handklaer-med-toymykner-bor-unngas-fordi-det-reduserer.jpg\" \/>\n\t<meta property=\"og:image:width\" content=\"940\" \/>\n\t<meta property=\"og:image:height\" content=\"529\" \/>\n\t<meta property=\"og:image:type\" content=\"image\/jpeg\" \/>\n<meta name=\"author\" content=\"Ole Andersen\" \/>\n<meta name=\"twitter:card\" content=\"summary_large_image\" \/>\n<meta name=\"twitter:label1\" content=\"Skrevet av\" \/>\n\t<meta name=\"twitter:data1\" content=\"Ole Andersen\" \/>\n\t<meta name=\"twitter:label2\" content=\"Ansl. lesetid\" \/>\n\t<meta name=\"twitter:data2\" content=\"3 minutter\" \/>\n<script type=\"application\/ld+json\" class=\"yoast-schema-graph\">{\"@context\":\"https:\/\/schema.org\",\"@graph\":[{\"@type\":\"Article\",\"@id\":\"https:\/\/nordnesrepublikken.no\/index.php\/2026\/05\/03\/vasking-av-handklaer-med-toymykner-bor-unngas-fordi-det-reduserer-sugeevnen-deres-studier\/#article\",\"isPartOf\":{\"@id\":\"https:\/\/nordnesrepublikken.no\/index.php\/2026\/05\/03\/vasking-av-handklaer-med-toymykner-bor-unngas-fordi-det-reduserer-sugeevnen-deres-studier\/\"},\"author\":{\"name\":\"Ole Andersen\",\"@id\":\"https:\/\/nordnesrepublikken.no\/#\/schema\/person\/2e7e81935bab77882fffb79296240ff1\"},\"headline\":\"Vasking av h\u00e5ndkl\u00e6r med t\u00f8ymykner b\u00f8r unng\u00e5s fordi det reduserer sugeevnen deres: studier\",\"datePublished\":\"2026-05-03T13:04:52+00:00\",\"dateModified\":\"2026-05-03T13:04:54+00:00\",\"mainEntityOfPage\":{\"@id\":\"https:\/\/nordnesrepublikken.no\/index.php\/2026\/05\/03\/vasking-av-handklaer-med-toymykner-bor-unngas-fordi-det-reduserer-sugeevnen-deres-studier\/\"},\"wordCount\":657,\"publisher\":{\"@id\":\"https:\/\/nordnesrepublikken.no\/#organization\"},\"image\":{\"@id\":\"https:\/\/nordnesrepublikken.no\/index.php\/2026\/05\/03\/vasking-av-handklaer-med-toymykner-bor-unngas-fordi-det-reduserer-sugeevnen-deres-studier\/#primaryimage\"},\"thumbnailUrl\":\"https:\/\/nordnesrepublikken.no\/wp-content\/uploads\/2026\/05\/1777813494_Vasking-av-handklaer-med-toymykner-bor-unngas-fordi-det-reduserer.jpg\",\"keywords\":[\"b\u00f8r\",\"deres\",\"Det\",\"Fordi\",\"h\u00e5ndkl\u00e6r\",\"med\",\"reduserer\",\"studier\",\"sugeevnen\",\"t\u00f8ymykner\",\"unng\u00e5s\",\"Vasking\"],\"articleSection\":[\"Vitenskap\"],\"inLanguage\":\"nb-NO\"},{\"@type\":\"WebPage\",\"@id\":\"https:\/\/nordnesrepublikken.no\/index.php\/2026\/05\/03\/vasking-av-handklaer-med-toymykner-bor-unngas-fordi-det-reduserer-sugeevnen-deres-studier\/\",\"url\":\"https:\/\/nordnesrepublikken.no\/index.php\/2026\/05\/03\/vasking-av-handklaer-med-toymykner-bor-unngas-fordi-det-reduserer-sugeevnen-deres-studier\/\",\"name\":\"Vasking av h\u00e5ndkl\u00e6r med t\u00f8ymykner b\u00f8r unng\u00e5s fordi det reduserer sugeevnen deres: studier - Nordnesrepublikken\",\"isPartOf\":{\"@id\":\"https:\/\/nordnesrepublikken.no\/#website\"},\"primaryImageOfPage\":{\"@id\":\"https:\/\/nordnesrepublikken.no\/index.php\/2026\/05\/03\/vasking-av-handklaer-med-toymykner-bor-unngas-fordi-det-reduserer-sugeevnen-deres-studier\/#primaryimage\"},\"image\":{\"@id\":\"https:\/\/nordnesrepublikken.no\/index.php\/2026\/05\/03\/vasking-av-handklaer-med-toymykner-bor-unngas-fordi-det-reduserer-sugeevnen-deres-studier\/#primaryimage\"},\"thumbnailUrl\":\"https:\/\/nordnesrepublikken.no\/wp-content\/uploads\/2026\/05\/1777813494_Vasking-av-handklaer-med-toymykner-bor-unngas-fordi-det-reduserer.jpg\",\"datePublished\":\"2026-05-03T13:04:52+00:00\",\"dateModified\":\"2026-05-03T13:04:54+00:00\",\"breadcrumb\":{\"@id\":\"https:\/\/nordnesrepublikken.no\/index.php\/2026\/05\/03\/vasking-av-handklaer-med-toymykner-bor-unngas-fordi-det-reduserer-sugeevnen-deres-studier\/#breadcrumb\"},\"inLanguage\":\"nb-NO\",\"potentialAction\":[{\"@type\":\"ReadAction\",\"target\":[\"https:\/\/nordnesrepublikken.no\/index.php\/2026\/05\/03\/vasking-av-handklaer-med-toymykner-bor-unngas-fordi-det-reduserer-sugeevnen-deres-studier\/\"]}]},{\"@type\":\"ImageObject\",\"inLanguage\":\"nb-NO\",\"@id\":\"https:\/\/nordnesrepublikken.no\/index.php\/2026\/05\/03\/vasking-av-handklaer-med-toymykner-bor-unngas-fordi-det-reduserer-sugeevnen-deres-studier\/#primaryimage\",\"url\":\"https:\/\/nordnesrepublikken.no\/wp-content\/uploads\/2026\/05\/1777813494_Vasking-av-handklaer-med-toymykner-bor-unngas-fordi-det-reduserer.jpg\",\"contentUrl\":\"https:\/\/nordnesrepublikken.no\/wp-content\/uploads\/2026\/05\/1777813494_Vasking-av-handklaer-med-toymykner-bor-unngas-fordi-det-reduserer.jpg\",\"width\":940,\"height\":529,\"caption\":\"Vasking av h\u00e5ndkl\u00e6r med t\u00f8ymykner b\u00f8r unng\u00e5s fordi det reduserer sugeevnen deres: studier\"},{\"@type\":\"BreadcrumbList\",\"@id\":\"https:\/\/nordnesrepublikken.no\/index.php\/2026\/05\/03\/vasking-av-handklaer-med-toymykner-bor-unngas-fordi-det-reduserer-sugeevnen-deres-studier\/#breadcrumb\",\"itemListElement\":[{\"@type\":\"ListItem\",\"position\":1,\"name\":\"Home\",\"item\":\"https:\/\/nordnesrepublikken.no\/\"},{\"@type\":\"ListItem\",\"position\":2,\"name\":\"Vasking av h\u00e5ndkl\u00e6r med t\u00f8ymykner b\u00f8r unng\u00e5s fordi det reduserer sugeevnen deres: studier\"}]},{\"@type\":\"WebSite\",\"@id\":\"https:\/\/nordnesrepublikken.no\/#website\",\"url\":\"https:\/\/nordnesrepublikken.no\/\",\"name\":\"Nordnesrepublikken\",\"description\":\"Stemmer og Visjoner fra Republikkens Hjerte\",\"publisher\":{\"@id\":\"https:\/\/nordnesrepublikken.no\/#organization\"},\"potentialAction\":[{\"@type\":\"SearchAction\",\"target\":{\"@type\":\"EntryPoint\",\"urlTemplate\":\"https:\/\/nordnesrepublikken.no\/?s={search_term_string}\"},\"query-input\":{\"@type\":\"PropertyValueSpecification\",\"valueRequired\":true,\"valueName\":\"search_term_string\"}}],\"inLanguage\":\"nb-NO\"},{\"@type\":\"Organization\",\"@id\":\"https:\/\/nordnesrepublikken.no\/#organization\",\"name\":\"Nordnesrepublikken\",\"url\":\"https:\/\/nordnesrepublikken.no\/\",\"logo\":{\"@type\":\"ImageObject\",\"inLanguage\":\"nb-NO\",\"@id\":\"https:\/\/nordnesrepublikken.no\/#\/schema\/logo\/image\/\",\"url\":\"https:\/\/nordnesrepublikken.no\/wp-content\/uploads\/2025\/02\/cropped-nordnesrepublikken-2.png\",\"contentUrl\":\"https:\/\/nordnesrepublikken.no\/wp-content\/uploads\/2025\/02\/cropped-nordnesrepublikken-2.png\",\"width\":1248,\"height\":362,\"caption\":\"Nordnesrepublikken\"},\"image\":{\"@id\":\"https:\/\/nordnesrepublikken.no\/#\/schema\/logo\/image\/\"}},{\"@type\":\"Person\",\"@id\":\"https:\/\/nordnesrepublikken.no\/#\/schema\/person\/2e7e81935bab77882fffb79296240ff1\",\"name\":\"Ole Andersen\",\"image\":{\"@type\":\"ImageObject\",\"inLanguage\":\"nb-NO\",\"@id\":\"https:\/\/nordnesrepublikken.no\/#\/schema\/person\/image\/\",\"url\":\"https:\/\/nordnesrepublikken.no\/wp-content\/uploads\/2025\/02\/nordnesrepublikken-2-2-150x150.jpg\",\"contentUrl\":\"https:\/\/nordnesrepublikken.no\/wp-content\/uploads\/2025\/02\/nordnesrepublikken-2-2-150x150.jpg\",\"caption\":\"Ole Andersen\"},\"description\":\"Ettersom jeg vokste opp i Oslo, har jeg alltid v\u00e6rt fascinert av ordenes kraft og deres evne til \u00e5 skape endringer. Etter \u00e5 ha fullf\u00f8rt min utdannelse i kommunikasjon ved Universitetet i Bergen, fikk jeg muligheten til \u00e5 jobbe innen ulike medier, der jeg har s\u00f8kt \u00e5 belyse viktige samfunnssp\u00f8rsm\u00e5l. I dag, som redakt\u00f8r for Nordnesrepublikken, pr\u00f8ver jeg \u00e5 forene min kj\u00e6rlighet for journalistikk med min lidenskap for innovasjon og eventyr.\",\"sameAs\":[\"https:\/\/nordnesrepublikken.no\/\"]}]}<\/script>\n<!-- \/ Yoast SEO plugin. -->","yoast_head_json":{"title":"Vasking av h\u00e5ndkl\u00e6r med t\u00f8ymykner b\u00f8r unng\u00e5s fordi det reduserer sugeevnen deres: studier - Nordnesrepublikken","robots":{"index":"index","follow":"follow","max-snippet":"max-snippet:-1","max-image-preview":"max-image-preview:large","max-video-preview":"max-video-preview:-1"},"canonical":"https:\/\/nordnesrepublikken.no\/index.php\/2026\/05\/03\/vasking-av-handklaer-med-toymykner-bor-unngas-fordi-det-reduserer-sugeevnen-deres-studier\/","og_locale":"nb_NO","og_type":"article","og_title":"Vasking av h\u00e5ndkl\u00e6r med t\u00f8ymykner b\u00f8r unng\u00e5s fordi det reduserer sugeevnen deres: studier - Nordnesrepublikken","og_description":"Vi h\u00f8rer ofte at t\u00f8ymykner i vaskemaskinen b\u00f8r brukes med forsiktighet: faktisk er bruken ikke","og_url":"https:\/\/nordnesrepublikken.no\/index.php\/2026\/05\/03\/vasking-av-handklaer-med-toymykner-bor-unngas-fordi-det-reduserer-sugeevnen-deres-studier\/","og_site_name":"Nordnesrepublikken","article_published_time":"2026-05-03T13:04:52+00:00","article_modified_time":"2026-05-03T13:04:54+00:00","og_image":[{"width":940,"height":529,"url":"https:\/\/nordnesrepublikken.no\/wp-content\/uploads\/2026\/05\/1777813494_Vasking-av-handklaer-med-toymykner-bor-unngas-fordi-det-reduserer.jpg","type":"image\/jpeg"}],"author":"Ole Andersen","twitter_card":"summary_large_image","twitter_misc":{"Skrevet av":"Ole Andersen","Ansl. lesetid":"3 minutter"},"schema":{"@context":"https:\/\/schema.org","@graph":[{"@type":"Article","@id":"https:\/\/nordnesrepublikken.no\/index.php\/2026\/05\/03\/vasking-av-handklaer-med-toymykner-bor-unngas-fordi-det-reduserer-sugeevnen-deres-studier\/#article","isPartOf":{"@id":"https:\/\/nordnesrepublikken.no\/index.php\/2026\/05\/03\/vasking-av-handklaer-med-toymykner-bor-unngas-fordi-det-reduserer-sugeevnen-deres-studier\/"},"author":{"name":"Ole Andersen","@id":"https:\/\/nordnesrepublikken.no\/#\/schema\/person\/2e7e81935bab77882fffb79296240ff1"},"headline":"Vasking av h\u00e5ndkl\u00e6r med t\u00f8ymykner b\u00f8r unng\u00e5s fordi det reduserer sugeevnen deres: studier","datePublished":"2026-05-03T13:04:52+00:00","dateModified":"2026-05-03T13:04:54+00:00","mainEntityOfPage":{"@id":"https:\/\/nordnesrepublikken.no\/index.php\/2026\/05\/03\/vasking-av-handklaer-med-toymykner-bor-unngas-fordi-det-reduserer-sugeevnen-deres-studier\/"},"wordCount":657,"publisher":{"@id":"https:\/\/nordnesrepublikken.no\/#organization"},"image":{"@id":"https:\/\/nordnesrepublikken.no\/index.php\/2026\/05\/03\/vasking-av-handklaer-med-toymykner-bor-unngas-fordi-det-reduserer-sugeevnen-deres-studier\/#primaryimage"},"thumbnailUrl":"https:\/\/nordnesrepublikken.no\/wp-content\/uploads\/2026\/05\/1777813494_Vasking-av-handklaer-med-toymykner-bor-unngas-fordi-det-reduserer.jpg","keywords":["b\u00f8r","deres","Det","Fordi","h\u00e5ndkl\u00e6r","med","reduserer","studier","sugeevnen","t\u00f8ymykner","unng\u00e5s","Vasking"],"articleSection":["Vitenskap"],"inLanguage":"nb-NO"},{"@type":"WebPage","@id":"https:\/\/nordnesrepublikken.no\/index.php\/2026\/05\/03\/vasking-av-handklaer-med-toymykner-bor-unngas-fordi-det-reduserer-sugeevnen-deres-studier\/","url":"https:\/\/nordnesrepublikken.no\/index.php\/2026\/05\/03\/vasking-av-handklaer-med-toymykner-bor-unngas-fordi-det-reduserer-sugeevnen-deres-studier\/","name":"Vasking av h\u00e5ndkl\u00e6r med t\u00f8ymykner b\u00f8r unng\u00e5s fordi det reduserer sugeevnen deres: studier - Nordnesrepublikken","isPartOf":{"@id":"https:\/\/nordnesrepublikken.no\/#website"},"primaryImageOfPage":{"@id":"https:\/\/nordnesrepublikken.no\/index.php\/2026\/05\/03\/vasking-av-handklaer-med-toymykner-bor-unngas-fordi-det-reduserer-sugeevnen-deres-studier\/#primaryimage"},"image":{"@id":"https:\/\/nordnesrepublikken.no\/index.php\/2026\/05\/03\/vasking-av-handklaer-med-toymykner-bor-unngas-fordi-det-reduserer-sugeevnen-deres-studier\/#primaryimage"},"thumbnailUrl":"https:\/\/nordnesrepublikken.no\/wp-content\/uploads\/2026\/05\/1777813494_Vasking-av-handklaer-med-toymykner-bor-unngas-fordi-det-reduserer.jpg","datePublished":"2026-05-03T13:04:52+00:00","dateModified":"2026-05-03T13:04:54+00:00","breadcrumb":{"@id":"https:\/\/nordnesrepublikken.no\/index.php\/2026\/05\/03\/vasking-av-handklaer-med-toymykner-bor-unngas-fordi-det-reduserer-sugeevnen-deres-studier\/#breadcrumb"},"inLanguage":"nb-NO","potentialAction":[{"@type":"ReadAction","target":["https:\/\/nordnesrepublikken.no\/index.php\/2026\/05\/03\/vasking-av-handklaer-med-toymykner-bor-unngas-fordi-det-reduserer-sugeevnen-deres-studier\/"]}]},{"@type":"ImageObject","inLanguage":"nb-NO","@id":"https:\/\/nordnesrepublikken.no\/index.php\/2026\/05\/03\/vasking-av-handklaer-med-toymykner-bor-unngas-fordi-det-reduserer-sugeevnen-deres-studier\/#primaryimage","url":"https:\/\/nordnesrepublikken.no\/wp-content\/uploads\/2026\/05\/1777813494_Vasking-av-handklaer-med-toymykner-bor-unngas-fordi-det-reduserer.jpg","contentUrl":"https:\/\/nordnesrepublikken.no\/wp-content\/uploads\/2026\/05\/1777813494_Vasking-av-handklaer-med-toymykner-bor-unngas-fordi-det-reduserer.jpg","width":940,"height":529,"caption":"Vasking av h\u00e5ndkl\u00e6r med t\u00f8ymykner b\u00f8r unng\u00e5s fordi det reduserer sugeevnen deres: studier"},{"@type":"BreadcrumbList","@id":"https:\/\/nordnesrepublikken.no\/index.php\/2026\/05\/03\/vasking-av-handklaer-med-toymykner-bor-unngas-fordi-det-reduserer-sugeevnen-deres-studier\/#breadcrumb","itemListElement":[{"@type":"ListItem","position":1,"name":"Home","item":"https:\/\/nordnesrepublikken.no\/"},{"@type":"ListItem","position":2,"name":"Vasking av h\u00e5ndkl\u00e6r med t\u00f8ymykner b\u00f8r unng\u00e5s fordi det reduserer sugeevnen deres: studier"}]},{"@type":"WebSite","@id":"https:\/\/nordnesrepublikken.no\/#website","url":"https:\/\/nordnesrepublikken.no\/","name":"Nordnesrepublikken","description":"Stemmer og Visjoner fra Republikkens Hjerte","publisher":{"@id":"https:\/\/nordnesrepublikken.no\/#organization"},"potentialAction":[{"@type":"SearchAction","target":{"@type":"EntryPoint","urlTemplate":"https:\/\/nordnesrepublikken.no\/?s={search_term_string}"},"query-input":{"@type":"PropertyValueSpecification","valueRequired":true,"valueName":"search_term_string"}}],"inLanguage":"nb-NO"},{"@type":"Organization","@id":"https:\/\/nordnesrepublikken.no\/#organization","name":"Nordnesrepublikken","url":"https:\/\/nordnesrepublikken.no\/","logo":{"@type":"ImageObject","inLanguage":"nb-NO","@id":"https:\/\/nordnesrepublikken.no\/#\/schema\/logo\/image\/","url":"https:\/\/nordnesrepublikken.no\/wp-content\/uploads\/2025\/02\/cropped-nordnesrepublikken-2.png","contentUrl":"https:\/\/nordnesrepublikken.no\/wp-content\/uploads\/2025\/02\/cropped-nordnesrepublikken-2.png","width":1248,"height":362,"caption":"Nordnesrepublikken"},"image":{"@id":"https:\/\/nordnesrepublikken.no\/#\/schema\/logo\/image\/"}},{"@type":"Person","@id":"https:\/\/nordnesrepublikken.no\/#\/schema\/person\/2e7e81935bab77882fffb79296240ff1","name":"Ole Andersen","image":{"@type":"ImageObject","inLanguage":"nb-NO","@id":"https:\/\/nordnesrepublikken.no\/#\/schema\/person\/image\/","url":"https:\/\/nordnesrepublikken.no\/wp-content\/uploads\/2025\/02\/nordnesrepublikken-2-2-150x150.jpg","contentUrl":"https:\/\/nordnesrepublikken.no\/wp-content\/uploads\/2025\/02\/nordnesrepublikken-2-2-150x150.jpg","caption":"Ole Andersen"},"description":"Ettersom jeg vokste opp i Oslo, har jeg alltid v\u00e6rt fascinert av ordenes kraft og deres evne til \u00e5 skape endringer. Etter \u00e5 ha fullf\u00f8rt min utdannelse i kommunikasjon ved Universitetet i Bergen, fikk jeg muligheten til \u00e5 jobbe innen ulike medier, der jeg har s\u00f8kt \u00e5 belyse viktige samfunnssp\u00f8rsm\u00e5l. I dag, som redakt\u00f8r for Nordnesrepublikken, pr\u00f8ver jeg \u00e5 forene min kj\u00e6rlighet for journalistikk med min lidenskap for innovasjon og eventyr.","sameAs":["https:\/\/nordnesrepublikken.no\/"]}]}},"_links":{"self":[{"href":"https:\/\/nordnesrepublikken.no\/index.php\/wp-json\/wp\/v2\/posts\/17714","targetHints":{"allow":["GET"]}}],"collection":[{"href":"https:\/\/nordnesrepublikken.no\/index.php\/wp-json\/wp\/v2\/posts"}],"about":[{"href":"https:\/\/nordnesrepublikken.no\/index.php\/wp-json\/wp\/v2\/types\/post"}],"author":[{"embeddable":true,"href":"https:\/\/nordnesrepublikken.no\/index.php\/wp-json\/wp\/v2\/users\/1"}],"replies":[{"embeddable":true,"href":"https:\/\/nordnesrepublikken.no\/index.php\/wp-json\/wp\/v2\/comments?post=17714"}],"version-history":[{"count":1,"href":"https:\/\/nordnesrepublikken.no\/index.php\/wp-json\/wp\/v2\/posts\/17714\/revisions"}],"predecessor-version":[{"id":17716,"href":"https:\/\/nordnesrepublikken.no\/index.php\/wp-json\/wp\/v2\/posts\/17714\/revisions\/17716"}],"wp:featuredmedia":[{"embeddable":true,"href":"https:\/\/nordnesrepublikken.no\/index.php\/wp-json\/wp\/v2\/media\/17715"}],"wp:attachment":[{"href":"https:\/\/nordnesrepublikken.no\/index.php\/wp-json\/wp\/v2\/media?parent=17714"}],"wp:term":[{"taxonomy":"category","embeddable":true,"href":"https:\/\/nordnesrepublikken.no\/index.php\/wp-json\/wp\/v2\/categories?post=17714"},{"taxonomy":"post_tag","embeddable":true,"href":"https:\/\/nordnesrepublikken.no\/index.php\/wp-json\/wp\/v2\/tags?post=17714"}],"curies":[{"name":"wp","href":"https:\/\/api.w.org\/{rel}","templated":true}]}}