{"id":17699,"date":"2026-05-03T06:44:16","date_gmt":"2026-05-03T04:44:16","guid":{"rendered":"https:\/\/nordnesrepublikken.no\/index.php\/2026\/05\/03\/i-3000-f-kr-begynte-dagen-pa-nilen-med-ol\/"},"modified":"2026-05-03T06:44:22","modified_gmt":"2026-05-03T04:44:22","slug":"i-3000-f-kr-begynte-dagen-pa-nilen-med-ol","status":"publish","type":"post","link":"https:\/\/nordnesrepublikken.no\/index.php\/2026\/05\/03\/i-3000-f-kr-begynte-dagen-pa-nilen-med-ol\/","title":{"rendered":"i 3000 f.Kr. begynte dagen p\u00e5 Nilen med \u00f8l"},"content":{"rendered":"<div>\n<div class=\"cp_wrapper cp_wrapper--fw mb-30 mb-20@tablet\">\n<figure class=\"mm\"><picture class=\"img\" style=\"padding-top:56.25%\"><source  media=\"(min-width: 1024px)\"><source  media=\"(min-width: 768px)\"><\/source><\/source><\/picture><\/figure>\n<\/p><\/div>\n<p>La oss forestille oss hvordan en dag i<strong>Det gamle Egypt<\/strong>fra morgenen st\u00e5r du opp og spiser frokost med <strong>br\u00f8d<\/strong> Og <strong>\u00f8l<\/strong>passerer gjennom dagliglivets tidsfordriv, som banketter og underholdning, til kvelden da Nut, nattens gudinne, svelger solen. N\u00e5r vi snakker om det gamle Egypt, refererer vi til sivilisasjonen som utviklet seg langs <strong>Nilen<\/strong>mellom elvedeltaet p\u00e5 <strong>Middelhavet<\/strong> opp til grensen til dagens Sudan.<\/p>\n<p>Sivilisasjonens begynnelse er rundt <strong>3900 f.Kr<\/strong>med den s\u00e5kalte predynastiske perioden, og utvikler seg deretter til den siste perioden av antikkens sivilisasjon, som ender med den romerske bysantinske perioden omtrent 600 \u00e5r etter Kristi f\u00f8dsel. En utvikling som det gamle Egypt s\u00e5 <strong>blomstre og forvandle,<\/strong> som strekker seg over epoker av det gamle og nye konged\u00f8mmet.<\/p>\n<h2>Boliger i det gamle Egypt<\/h2>\n<p>De <strong>sol<\/strong> reiser seg, og det gamle Egypt v\u00e5kner. Avhengig av sosial klasse kan du leve <strong>i et fleretasjes hus<\/strong> \u2013 der for eksempel embetsmenn, rike arbeidere og handelsmenn, og personligheter n\u00e6r de faraoniske klasser, som skriftl\u00e6rde bor \u2013 eller i et hus <strong>kun \u00e9n etasje<\/strong>som vanligvis er forbeholdt arbeidere i lavere klasse.<\/p>\n<p>Generelt, hjemmene til b\u00e5de folket og de aristokratiske klassene i den egyptiske perioden <strong>de er ikke m\u00f8blert <\/strong>p\u00e5 en rik m\u00e5te: fra de ikonografiske og skriftlige dokumentene som har kommet ned til oss \u2013 dvs <strong>hieroglyfer<\/strong>heldigvis, ble dechiffrert takket v\u00e6re <strong>Rosetta stein<\/strong>! \u2013 vi vet at m\u00f8blene og m\u00f8bleringen er enkel og essensiell.<\/p>\n<p>De fleste hjem har nok en<strong> kj\u00f8kkenkrok<\/strong> med redskaper, terrakotta- og metallgryter, kurver og andre gjenstander dedikert til b\u00e5de konservering og tilberedning av mat. S\u00e5 er det et omr\u00e5de som kan ligne p\u00e5 v\u00e5rt <strong>stue<\/strong>med sitteplasser og sm\u00e5m\u00f8bler, og s\u00e5 hva som kunne v\u00e6re der<strong> soveplass<\/strong>med separate soverom for menn og deretter for kvinner og barn.<\/p>\n<h2>\u00c5 spise frokost, kle p\u00e5 seg og sminke seg p\u00e5 tidspunktet for pyramidene<\/h2>\n<p>Alle starter derfor dagen i den typen hjem og omr\u00e5de i byen som passer deres rolle i samfunnet og deres arbeid, og er klare til \u00e5 gj\u00f8re <strong>frokost<\/strong>. Som? Med et m\u00e5ltid som kunne v\u00e6re basert p\u00e5 <strong>br\u00f8d<\/strong>kanskje fylt med <strong>frukt<\/strong>: vi vet at de gamle innbyggerne i Egypt <strong>de spiste br\u00f8d og frokostblandinger<\/strong> b\u00e5de takket v\u00e6re mottatt dokumentasjon og basert p\u00e5 studiet av tennene og typen tygging.<\/p>\n<p>Videre et prosjekt utviklet av <strong>Egyptisk museum i Torino<\/strong> forteller om hvordan egypterne tilberedte desserter med frukt, rosiner, honning, fiken, dadler og johannesbr\u00f8d, brukt akkurat som <strong>s\u00f8tningsmiddel<\/strong>. En annen mat konsumert i de tidlige timene av dagen av egypterne er la<strong> \u00f8l<\/strong>hentet fra bygg, som sammen med drue- og daddelvin f\u00f8lger rettene.<\/p>\n<p>Det er p\u00e5 tide<strong> kle p\u00e5 deg<\/strong>: Det vi vet om &laquo;mote&raquo; i denne historiske perioden er at de velst\u00e5ende klassene legger stor vekt p\u00e5 juveler, men mye mindre, i alle sosiale klasser, til selve kl\u00e6rne. Generelt er kl\u00e6rne like for begge kj\u00f8nn, og form\u00e5let er det <strong>dekk, men forblir frisk og lett<\/strong>. De <strong>menn<\/strong> spesielt de b\u00e6rer <em>chendjit<\/em>liksom <strong>thong<\/strong>med et skjerf surret rundt hoftene og festet i midjen med et belte, som i perioden rundt 1400 f.Kr. ble supplert med en lett tunika eller skjorte. DE&#8217;<strong>kvinnelig kjole<\/strong> den er laget av veldig fin muslin, som forblir nesten uendret gjennom den egyptiske perioden. Det legges da stor vekt p\u00e5 <strong>sminke og kosmetikk<\/strong>som har en kulturell og religi\u00f8s verdi snarere enn en rent estetisk.<\/p>\n<div class=\"cp_wrapper cp_wrapper--fw mb-50\">\n<figure class=\"mm\"><picture class=\"img\" style=\"padding-top:121.57360406091%\"><source  media=\"(min-width: 1024px)\"><source  media=\"(min-width: 768px)\"><img decoding=\"async\" loading=\"lazy\" src=\"https:\/\/nordnesrepublikken.no\/wp-content\/uploads\/2026\/05\/1777783455_670_i-3000-fKr-begynte-dagen-pa-Nilen-med-ol.jpg\" alt=\"Bilde\" width=\"1576\" height=\"1916\"\/><\/source><\/source><\/picture><\/figure>\n<\/p><\/div>\n<h2>Skal p\u00e5 jobb i 3000 f.Kr<\/h2>\n<p>Selskapet er <strong>full av roller<\/strong>: b\u00f8nder, jegere, fiskere, handelsmenn, h\u00e5ndverkere, gullsmeder, keramikere, men ogs\u00e5 arkitekter, balsamere, leger, astronomer, store l\u00e6rde. Og s\u00e5 \u00e5penbart de skriftl\u00e6rde, embetsmennene, det religi\u00f8se samfunnet og hele f\u00f8lget som graviterer rundt kongen, farao og hans kvinner og barn. Det gamle Egypt er en <strong>verden rik p\u00e5 kunnskap og ferdigheter<\/strong>og <strong>avvisning av yrker<\/strong> den er veldig artikulert gjennom hele dynastiets periode. Det er veldig viktig \u00e5 tenke p\u00e5 at sosiale klasser, i det gamle Egypt, ikke var organisert etter f\u00f8dselsforhold, men iht.<strong> karrierevei foretatt<\/strong> og derfor av <strong>tjeneste utf\u00f8rt i samfunnet<\/strong>.<\/p>\n<p>Egyptiske arbeidere, avhengig av arbeidet deres, kan bo i store byer &#8211; <strong>Memphis<\/strong>,<strong> Luxor<\/strong>,<strong> Aswan<\/strong>,<strong> Alexandria<\/strong>,<strong> Theben<\/strong>,<strong> Abydos<\/strong> bare for \u00e5 nevne noen &#8211; men ogs\u00e5 i noe som kan ligne de som senere ble &laquo;<strong>arbeiderlandsbyer<\/strong>&laquo;, dvs. steder i n\u00e6rheten av byen hvor arbeidere, arbeidere og designere bodde i den perioden som var n\u00f8dvendig for \u00e5 utf\u00f8re arbeidet. Bevis av denne typen kommer til oss fra landsbyen <strong>Deir el Medina<\/strong>n\u00e6r Luxor, hvor rundt <strong>1500 f.Kr<\/strong> h\u00e5ndverkere og arbeidere bor der: arkeologen som fant de f\u00f8rste sporene etter dette omr\u00e5det var <strong>Ernesto Schiaparelli<\/strong>egyptolog som ogs\u00e5 ledet det egyptiske museet i Torino. Et dyrebart dokument som dukket opp fra landsbyen Deir-el-Medina er ogs\u00e5 en papyrus hvor det er snakk om en <strong>en slags arbeiderstreik<\/strong>p\u00e5 grunn av suspensjon av matrasjoner p\u00e5 grunn av de \u00f8konomiske og politiske vanskelighetene i den perioden.<\/p>\n<p>Et annet interessant element \u00e5 vurdere er det i det gamle Egypt <strong>det er ingen valuta<\/strong>men arbeidet er betalt med <strong>donasjoner, utveksling og forsyninger<\/strong>: de f\u00f8rste myntene dukker faktisk opp fra 400 f.Kr. C.<\/p>\n<div class=\"cp_wrapper cp_wrapper--fw mb-50\">\n<figure class=\"mm\"><picture class=\"img\" style=\"padding-top:48.086170417388%\"><source  media=\"(min-width: 1024px)\"><source  media=\"(min-width: 768px)\"><img decoding=\"async\" loading=\"lazy\" src=\"https:\/\/nordnesrepublikken.no\/wp-content\/uploads\/2026\/05\/1777783456_790_i-3000-fKr-begynte-dagen-pa-Nilen-med-ol.jpg\" alt=\"sfinks\" width=\"5199\" height=\"2500\" class=\"js-seedtag-img\"\/><\/source><\/source><\/picture><\/figure>\n<\/p><\/div>\n<h2>I det gamle Egypt gikk folk ogs\u00e5 p\u00e5 skole (men f\u00f8rst etter 2000 f.Kr.)<\/h2>\n<p>Der<strong> oppl\u00e6ring av ungdom<\/strong> anses som sv\u00e6rt viktig: skolen, grunnlagt for \u00e5 trene de skriftl\u00e6rde, den intellektuelle klassen i landet, ble f\u00f8dt rundt 2000 f.Kr., og i dag kan vi vurdere at<strong>leseferdighet <\/strong>var sv\u00e6rt utbredt i det gamle Egypt. Vi har vitnesbyrd om en tekst \u2013 <strong><em>Yrkes satire<\/em><\/strong>papyrus bevart delvis til <em>British Museum <\/em>of London &#8211; der en far f\u00f8lger s\u00f8nnen sin til skolen, og mens han g\u00e5r, kommenterer han ironisk de forskjellige jobbene han ser dem gj\u00f8re. Til syvende og sist konkluderer han med det <strong>sorenskriveren er det yrket som anses som absolutt best<\/strong>: Ved \u00e5 studere og p\u00e5ta seg en karriere med dyp kultur kan man faktisk n\u00e5 hjertet av det kongelige palasset, og leve og arbeide i faraoens n\u00e6rv\u00e6r.<\/p>\n<p>Om morgenen g\u00e5r derfor elevene til skolen og har med seg noen <strong>br\u00f8d til snacks, <\/strong>og de l\u00e6rer det <strong>klassisk og hieratisk hieroglyfisk skrift<\/strong>i kursiv versjon, lese tekster og antologier, og forberede seg omfattende p\u00e5 bredspektrede historiske, vitenskapelige og kulturelle temaer og aspekter.<\/p>\n<h2>Egyptiske leker og feiringer<\/h2>\n<p>P\u00e5 fritiden er egypterne veldig glade i \u00e5 dedikere seg til<strong> moro<\/strong>al<strong> spill<\/strong> og kl<strong> kunst<\/strong>. Under aristokratiske banketter er det musikalsk underholdning og dans, men alle sosiale klasser har sine egne <em>underholdning<\/em>: <strong>brettspill <\/strong>(inkludert <em>senet<\/em>en slags dam, som fortsatt spilles i dag) turneringer <strong>tautrekking<\/strong>,<strong> rase<\/strong>,<strong> jeg sv\u00f8mmer<\/strong>,<strong> friidrett<\/strong>men ogs\u00e5 <strong>kamp <\/strong>Og <strong>sjonglering<\/strong>. Det er ogs\u00e5 spor etter barnespill, som f.eks <strong>dukker <\/strong>Og<strong> mekaniske spill<\/strong> med bevegelige deler. En veldig popul\u00e6r aktivitet blant barn er spillet av<strong>astragalus <\/strong>(konkave pinner som skal kastes i luften) som st\u00e5r i kontrast til den av <strong>terning<\/strong>kun forbeholdt voksne.<\/p>\n<p>Ferier var hyppige: for eksempel at av <strong>Heb-Sed <\/strong>der det trettiende \u00e5ret av en konges alder feires, eller den <strong>Opet fest<\/strong>der Amun, Thebes v\u00e6rgud, blir tilbedt, som astronomiske h\u00f8ytider er lagt til, inkludert <strong>nytt\u00e5r<\/strong>som tilsvarer stigningen av en stjerne tatt som referanse.<\/p>\n<div class=\"cp_wrapper cp_wrapper--fw mb-50\">\n<figure class=\"mm\"><picture class=\"img\" style=\"padding-top:64.646904969486%\"><source  media=\"(min-width: 1024px)\"><source  media=\"(min-width: 768px)\"><img decoding=\"async\" loading=\"lazy\" src=\"https:\/\/nordnesrepublikken.no\/wp-content\/uploads\/2026\/05\/1777783456_958_i-3000-fKr-begynte-dagen-pa-Nilen-med-ol.jpg\" alt=\"n\u00f8ttegudinne\" width=\"2294\" height=\"1483\"\/><\/source><\/source><\/picture><\/figure>\n<\/p><\/div>\n<p>Hvordan kunne en dag i det gamle Egypt ende? \u00c5 vende tilbake til sitt hjem, til det kongelige palasset, eller til haremet til faraos koner, eller til sitt ydmyke hjem som slave og vente p\u00e5 <strong>N\u00f8tt<\/strong>nattens gudinne, <strong>svelget solen<\/strong> hver solnedgang og s\u00e5 generere den igjen kl<strong> soloppgang<\/strong>.<\/p>\n<\/p><\/div>\n","protected":false},"excerpt":{"rendered":"<p>La oss forestille oss hvordan en dag iDet gamle Egyptfra morgenen st\u00e5r du opp og<\/p>\n","protected":false},"author":1,"featured_media":17700,"comment_status":"closed","ping_status":"open","sticky":false,"template":"","format":"standard","meta":{"footnotes":""},"categories":[104],"tags":[3609,3267,11404,79,10212,5506,81],"class_list":["post-17699","post","type-post","status-publish","format-standard","has-post-thumbnail","hentry","category-samfunn","tag-begynte","tag-dagen","tag-f-kr","tag-med","tag-nilen","tag-ol","tag-pa","generate-columns","tablet-grid-50","mobile-grid-100","grid-parent","grid-33","resize-featured-image"],"yoast_head":"<!-- This site is optimized with the Yoast SEO plugin v24.4 - https:\/\/yoast.com\/wordpress\/plugins\/seo\/ -->\n<title>i 3000 f.Kr. begynte dagen p\u00e5 Nilen med \u00f8l - Nordnesrepublikken<\/title>\n<meta name=\"robots\" content=\"index, follow, max-snippet:-1, max-image-preview:large, max-video-preview:-1\" \/>\n<link rel=\"canonical\" href=\"https:\/\/nordnesrepublikken.no\/index.php\/2026\/05\/03\/i-3000-f-kr-begynte-dagen-pa-nilen-med-ol\/\" \/>\n<meta property=\"og:locale\" content=\"nb_NO\" \/>\n<meta property=\"og:type\" content=\"article\" \/>\n<meta property=\"og:title\" content=\"i 3000 f.Kr. begynte dagen p\u00e5 Nilen med \u00f8l - Nordnesrepublikken\" \/>\n<meta property=\"og:description\" content=\"La oss forestille oss hvordan en dag iDet gamle Egyptfra morgenen st\u00e5r du opp og\" \/>\n<meta property=\"og:url\" content=\"https:\/\/nordnesrepublikken.no\/index.php\/2026\/05\/03\/i-3000-f-kr-begynte-dagen-pa-nilen-med-ol\/\" \/>\n<meta property=\"og:site_name\" content=\"Nordnesrepublikken\" \/>\n<meta property=\"article:published_time\" content=\"2026-05-03T04:44:16+00:00\" \/>\n<meta property=\"article:modified_time\" content=\"2026-05-03T04:44:22+00:00\" \/>\n<meta property=\"og:image\" content=\"https:\/\/nordnesrepublikken.no\/wp-content\/uploads\/2026\/05\/1777783459_i-3000-fKr-begynte-dagen-pa-Nilen-med-ol-scaled.jpg\" \/>\n\t<meta property=\"og:image:width\" content=\"2560\" \/>\n\t<meta property=\"og:image:height\" content=\"1429\" \/>\n\t<meta property=\"og:image:type\" content=\"image\/jpeg\" \/>\n<meta name=\"author\" content=\"Ole Andersen\" \/>\n<meta name=\"twitter:card\" content=\"summary_large_image\" \/>\n<meta name=\"twitter:label1\" content=\"Skrevet av\" \/>\n\t<meta name=\"twitter:data1\" content=\"Ole Andersen\" \/>\n\t<meta name=\"twitter:label2\" content=\"Ansl. lesetid\" \/>\n\t<meta name=\"twitter:data2\" content=\"6 minutter\" \/>\n<script type=\"application\/ld+json\" class=\"yoast-schema-graph\">{\"@context\":\"https:\/\/schema.org\",\"@graph\":[{\"@type\":\"Article\",\"@id\":\"https:\/\/nordnesrepublikken.no\/index.php\/2026\/05\/03\/i-3000-f-kr-begynte-dagen-pa-nilen-med-ol\/#article\",\"isPartOf\":{\"@id\":\"https:\/\/nordnesrepublikken.no\/index.php\/2026\/05\/03\/i-3000-f-kr-begynte-dagen-pa-nilen-med-ol\/\"},\"author\":{\"name\":\"Ole Andersen\",\"@id\":\"https:\/\/nordnesrepublikken.no\/#\/schema\/person\/2e7e81935bab77882fffb79296240ff1\"},\"headline\":\"i 3000 f.Kr. begynte dagen p\u00e5 Nilen med \u00f8l\",\"datePublished\":\"2026-05-03T04:44:16+00:00\",\"dateModified\":\"2026-05-03T04:44:22+00:00\",\"mainEntityOfPage\":{\"@id\":\"https:\/\/nordnesrepublikken.no\/index.php\/2026\/05\/03\/i-3000-f-kr-begynte-dagen-pa-nilen-med-ol\/\"},\"wordCount\":1253,\"publisher\":{\"@id\":\"https:\/\/nordnesrepublikken.no\/#organization\"},\"image\":{\"@id\":\"https:\/\/nordnesrepublikken.no\/index.php\/2026\/05\/03\/i-3000-f-kr-begynte-dagen-pa-nilen-med-ol\/#primaryimage\"},\"thumbnailUrl\":\"https:\/\/nordnesrepublikken.no\/wp-content\/uploads\/2026\/05\/1777783459_i-3000-fKr-begynte-dagen-pa-Nilen-med-ol-scaled.jpg\",\"keywords\":[\"begynte\",\"Dagen\",\"f.Kr\",\"med\",\"Nilen\",\"\u00f8l\",\"p\u00e5\"],\"articleSection\":[\"Samfunn\"],\"inLanguage\":\"nb-NO\"},{\"@type\":\"WebPage\",\"@id\":\"https:\/\/nordnesrepublikken.no\/index.php\/2026\/05\/03\/i-3000-f-kr-begynte-dagen-pa-nilen-med-ol\/\",\"url\":\"https:\/\/nordnesrepublikken.no\/index.php\/2026\/05\/03\/i-3000-f-kr-begynte-dagen-pa-nilen-med-ol\/\",\"name\":\"i 3000 f.Kr. begynte dagen p\u00e5 Nilen med \u00f8l - Nordnesrepublikken\",\"isPartOf\":{\"@id\":\"https:\/\/nordnesrepublikken.no\/#website\"},\"primaryImageOfPage\":{\"@id\":\"https:\/\/nordnesrepublikken.no\/index.php\/2026\/05\/03\/i-3000-f-kr-begynte-dagen-pa-nilen-med-ol\/#primaryimage\"},\"image\":{\"@id\":\"https:\/\/nordnesrepublikken.no\/index.php\/2026\/05\/03\/i-3000-f-kr-begynte-dagen-pa-nilen-med-ol\/#primaryimage\"},\"thumbnailUrl\":\"https:\/\/nordnesrepublikken.no\/wp-content\/uploads\/2026\/05\/1777783459_i-3000-fKr-begynte-dagen-pa-Nilen-med-ol-scaled.jpg\",\"datePublished\":\"2026-05-03T04:44:16+00:00\",\"dateModified\":\"2026-05-03T04:44:22+00:00\",\"breadcrumb\":{\"@id\":\"https:\/\/nordnesrepublikken.no\/index.php\/2026\/05\/03\/i-3000-f-kr-begynte-dagen-pa-nilen-med-ol\/#breadcrumb\"},\"inLanguage\":\"nb-NO\",\"potentialAction\":[{\"@type\":\"ReadAction\",\"target\":[\"https:\/\/nordnesrepublikken.no\/index.php\/2026\/05\/03\/i-3000-f-kr-begynte-dagen-pa-nilen-med-ol\/\"]}]},{\"@type\":\"ImageObject\",\"inLanguage\":\"nb-NO\",\"@id\":\"https:\/\/nordnesrepublikken.no\/index.php\/2026\/05\/03\/i-3000-f-kr-begynte-dagen-pa-nilen-med-ol\/#primaryimage\",\"url\":\"https:\/\/nordnesrepublikken.no\/wp-content\/uploads\/2026\/05\/1777783459_i-3000-fKr-begynte-dagen-pa-Nilen-med-ol-scaled.jpg\",\"contentUrl\":\"https:\/\/nordnesrepublikken.no\/wp-content\/uploads\/2026\/05\/1777783459_i-3000-fKr-begynte-dagen-pa-Nilen-med-ol-scaled.jpg\",\"width\":2560,\"height\":1429,\"caption\":\"i 3000 f.Kr. begynte dagen p\u00e5 Nilen med \u00f8l\"},{\"@type\":\"BreadcrumbList\",\"@id\":\"https:\/\/nordnesrepublikken.no\/index.php\/2026\/05\/03\/i-3000-f-kr-begynte-dagen-pa-nilen-med-ol\/#breadcrumb\",\"itemListElement\":[{\"@type\":\"ListItem\",\"position\":1,\"name\":\"Home\",\"item\":\"https:\/\/nordnesrepublikken.no\/\"},{\"@type\":\"ListItem\",\"position\":2,\"name\":\"i 3000 f.Kr. begynte dagen p\u00e5 Nilen med \u00f8l\"}]},{\"@type\":\"WebSite\",\"@id\":\"https:\/\/nordnesrepublikken.no\/#website\",\"url\":\"https:\/\/nordnesrepublikken.no\/\",\"name\":\"Nordnesrepublikken\",\"description\":\"Stemmer og Visjoner fra Republikkens Hjerte\",\"publisher\":{\"@id\":\"https:\/\/nordnesrepublikken.no\/#organization\"},\"potentialAction\":[{\"@type\":\"SearchAction\",\"target\":{\"@type\":\"EntryPoint\",\"urlTemplate\":\"https:\/\/nordnesrepublikken.no\/?s={search_term_string}\"},\"query-input\":{\"@type\":\"PropertyValueSpecification\",\"valueRequired\":true,\"valueName\":\"search_term_string\"}}],\"inLanguage\":\"nb-NO\"},{\"@type\":\"Organization\",\"@id\":\"https:\/\/nordnesrepublikken.no\/#organization\",\"name\":\"Nordnesrepublikken\",\"url\":\"https:\/\/nordnesrepublikken.no\/\",\"logo\":{\"@type\":\"ImageObject\",\"inLanguage\":\"nb-NO\",\"@id\":\"https:\/\/nordnesrepublikken.no\/#\/schema\/logo\/image\/\",\"url\":\"https:\/\/nordnesrepublikken.no\/wp-content\/uploads\/2025\/02\/cropped-nordnesrepublikken-2.png\",\"contentUrl\":\"https:\/\/nordnesrepublikken.no\/wp-content\/uploads\/2025\/02\/cropped-nordnesrepublikken-2.png\",\"width\":1248,\"height\":362,\"caption\":\"Nordnesrepublikken\"},\"image\":{\"@id\":\"https:\/\/nordnesrepublikken.no\/#\/schema\/logo\/image\/\"}},{\"@type\":\"Person\",\"@id\":\"https:\/\/nordnesrepublikken.no\/#\/schema\/person\/2e7e81935bab77882fffb79296240ff1\",\"name\":\"Ole Andersen\",\"image\":{\"@type\":\"ImageObject\",\"inLanguage\":\"nb-NO\",\"@id\":\"https:\/\/nordnesrepublikken.no\/#\/schema\/person\/image\/\",\"url\":\"https:\/\/nordnesrepublikken.no\/wp-content\/uploads\/2025\/02\/nordnesrepublikken-2-2-150x150.jpg\",\"contentUrl\":\"https:\/\/nordnesrepublikken.no\/wp-content\/uploads\/2025\/02\/nordnesrepublikken-2-2-150x150.jpg\",\"caption\":\"Ole Andersen\"},\"description\":\"Ettersom jeg vokste opp i Oslo, har jeg alltid v\u00e6rt fascinert av ordenes kraft og deres evne til \u00e5 skape endringer. Etter \u00e5 ha fullf\u00f8rt min utdannelse i kommunikasjon ved Universitetet i Bergen, fikk jeg muligheten til \u00e5 jobbe innen ulike medier, der jeg har s\u00f8kt \u00e5 belyse viktige samfunnssp\u00f8rsm\u00e5l. I dag, som redakt\u00f8r for Nordnesrepublikken, pr\u00f8ver jeg \u00e5 forene min kj\u00e6rlighet for journalistikk med min lidenskap for innovasjon og eventyr.\",\"sameAs\":[\"https:\/\/nordnesrepublikken.no\/\"]}]}<\/script>\n<!-- \/ Yoast SEO plugin. -->","yoast_head_json":{"title":"i 3000 f.Kr. begynte dagen p\u00e5 Nilen med \u00f8l - Nordnesrepublikken","robots":{"index":"index","follow":"follow","max-snippet":"max-snippet:-1","max-image-preview":"max-image-preview:large","max-video-preview":"max-video-preview:-1"},"canonical":"https:\/\/nordnesrepublikken.no\/index.php\/2026\/05\/03\/i-3000-f-kr-begynte-dagen-pa-nilen-med-ol\/","og_locale":"nb_NO","og_type":"article","og_title":"i 3000 f.Kr. begynte dagen p\u00e5 Nilen med \u00f8l - Nordnesrepublikken","og_description":"La oss forestille oss hvordan en dag iDet gamle Egyptfra morgenen st\u00e5r du opp og","og_url":"https:\/\/nordnesrepublikken.no\/index.php\/2026\/05\/03\/i-3000-f-kr-begynte-dagen-pa-nilen-med-ol\/","og_site_name":"Nordnesrepublikken","article_published_time":"2026-05-03T04:44:16+00:00","article_modified_time":"2026-05-03T04:44:22+00:00","og_image":[{"width":2560,"height":1429,"url":"https:\/\/nordnesrepublikken.no\/wp-content\/uploads\/2026\/05\/1777783459_i-3000-fKr-begynte-dagen-pa-Nilen-med-ol-scaled.jpg","type":"image\/jpeg"}],"author":"Ole Andersen","twitter_card":"summary_large_image","twitter_misc":{"Skrevet av":"Ole Andersen","Ansl. lesetid":"6 minutter"},"schema":{"@context":"https:\/\/schema.org","@graph":[{"@type":"Article","@id":"https:\/\/nordnesrepublikken.no\/index.php\/2026\/05\/03\/i-3000-f-kr-begynte-dagen-pa-nilen-med-ol\/#article","isPartOf":{"@id":"https:\/\/nordnesrepublikken.no\/index.php\/2026\/05\/03\/i-3000-f-kr-begynte-dagen-pa-nilen-med-ol\/"},"author":{"name":"Ole Andersen","@id":"https:\/\/nordnesrepublikken.no\/#\/schema\/person\/2e7e81935bab77882fffb79296240ff1"},"headline":"i 3000 f.Kr. begynte dagen p\u00e5 Nilen med \u00f8l","datePublished":"2026-05-03T04:44:16+00:00","dateModified":"2026-05-03T04:44:22+00:00","mainEntityOfPage":{"@id":"https:\/\/nordnesrepublikken.no\/index.php\/2026\/05\/03\/i-3000-f-kr-begynte-dagen-pa-nilen-med-ol\/"},"wordCount":1253,"publisher":{"@id":"https:\/\/nordnesrepublikken.no\/#organization"},"image":{"@id":"https:\/\/nordnesrepublikken.no\/index.php\/2026\/05\/03\/i-3000-f-kr-begynte-dagen-pa-nilen-med-ol\/#primaryimage"},"thumbnailUrl":"https:\/\/nordnesrepublikken.no\/wp-content\/uploads\/2026\/05\/1777783459_i-3000-fKr-begynte-dagen-pa-Nilen-med-ol-scaled.jpg","keywords":["begynte","Dagen","f.Kr","med","Nilen","\u00f8l","p\u00e5"],"articleSection":["Samfunn"],"inLanguage":"nb-NO"},{"@type":"WebPage","@id":"https:\/\/nordnesrepublikken.no\/index.php\/2026\/05\/03\/i-3000-f-kr-begynte-dagen-pa-nilen-med-ol\/","url":"https:\/\/nordnesrepublikken.no\/index.php\/2026\/05\/03\/i-3000-f-kr-begynte-dagen-pa-nilen-med-ol\/","name":"i 3000 f.Kr. begynte dagen p\u00e5 Nilen med \u00f8l - Nordnesrepublikken","isPartOf":{"@id":"https:\/\/nordnesrepublikken.no\/#website"},"primaryImageOfPage":{"@id":"https:\/\/nordnesrepublikken.no\/index.php\/2026\/05\/03\/i-3000-f-kr-begynte-dagen-pa-nilen-med-ol\/#primaryimage"},"image":{"@id":"https:\/\/nordnesrepublikken.no\/index.php\/2026\/05\/03\/i-3000-f-kr-begynte-dagen-pa-nilen-med-ol\/#primaryimage"},"thumbnailUrl":"https:\/\/nordnesrepublikken.no\/wp-content\/uploads\/2026\/05\/1777783459_i-3000-fKr-begynte-dagen-pa-Nilen-med-ol-scaled.jpg","datePublished":"2026-05-03T04:44:16+00:00","dateModified":"2026-05-03T04:44:22+00:00","breadcrumb":{"@id":"https:\/\/nordnesrepublikken.no\/index.php\/2026\/05\/03\/i-3000-f-kr-begynte-dagen-pa-nilen-med-ol\/#breadcrumb"},"inLanguage":"nb-NO","potentialAction":[{"@type":"ReadAction","target":["https:\/\/nordnesrepublikken.no\/index.php\/2026\/05\/03\/i-3000-f-kr-begynte-dagen-pa-nilen-med-ol\/"]}]},{"@type":"ImageObject","inLanguage":"nb-NO","@id":"https:\/\/nordnesrepublikken.no\/index.php\/2026\/05\/03\/i-3000-f-kr-begynte-dagen-pa-nilen-med-ol\/#primaryimage","url":"https:\/\/nordnesrepublikken.no\/wp-content\/uploads\/2026\/05\/1777783459_i-3000-fKr-begynte-dagen-pa-Nilen-med-ol-scaled.jpg","contentUrl":"https:\/\/nordnesrepublikken.no\/wp-content\/uploads\/2026\/05\/1777783459_i-3000-fKr-begynte-dagen-pa-Nilen-med-ol-scaled.jpg","width":2560,"height":1429,"caption":"i 3000 f.Kr. begynte dagen p\u00e5 Nilen med \u00f8l"},{"@type":"BreadcrumbList","@id":"https:\/\/nordnesrepublikken.no\/index.php\/2026\/05\/03\/i-3000-f-kr-begynte-dagen-pa-nilen-med-ol\/#breadcrumb","itemListElement":[{"@type":"ListItem","position":1,"name":"Home","item":"https:\/\/nordnesrepublikken.no\/"},{"@type":"ListItem","position":2,"name":"i 3000 f.Kr. begynte dagen p\u00e5 Nilen med \u00f8l"}]},{"@type":"WebSite","@id":"https:\/\/nordnesrepublikken.no\/#website","url":"https:\/\/nordnesrepublikken.no\/","name":"Nordnesrepublikken","description":"Stemmer og Visjoner fra Republikkens Hjerte","publisher":{"@id":"https:\/\/nordnesrepublikken.no\/#organization"},"potentialAction":[{"@type":"SearchAction","target":{"@type":"EntryPoint","urlTemplate":"https:\/\/nordnesrepublikken.no\/?s={search_term_string}"},"query-input":{"@type":"PropertyValueSpecification","valueRequired":true,"valueName":"search_term_string"}}],"inLanguage":"nb-NO"},{"@type":"Organization","@id":"https:\/\/nordnesrepublikken.no\/#organization","name":"Nordnesrepublikken","url":"https:\/\/nordnesrepublikken.no\/","logo":{"@type":"ImageObject","inLanguage":"nb-NO","@id":"https:\/\/nordnesrepublikken.no\/#\/schema\/logo\/image\/","url":"https:\/\/nordnesrepublikken.no\/wp-content\/uploads\/2025\/02\/cropped-nordnesrepublikken-2.png","contentUrl":"https:\/\/nordnesrepublikken.no\/wp-content\/uploads\/2025\/02\/cropped-nordnesrepublikken-2.png","width":1248,"height":362,"caption":"Nordnesrepublikken"},"image":{"@id":"https:\/\/nordnesrepublikken.no\/#\/schema\/logo\/image\/"}},{"@type":"Person","@id":"https:\/\/nordnesrepublikken.no\/#\/schema\/person\/2e7e81935bab77882fffb79296240ff1","name":"Ole Andersen","image":{"@type":"ImageObject","inLanguage":"nb-NO","@id":"https:\/\/nordnesrepublikken.no\/#\/schema\/person\/image\/","url":"https:\/\/nordnesrepublikken.no\/wp-content\/uploads\/2025\/02\/nordnesrepublikken-2-2-150x150.jpg","contentUrl":"https:\/\/nordnesrepublikken.no\/wp-content\/uploads\/2025\/02\/nordnesrepublikken-2-2-150x150.jpg","caption":"Ole Andersen"},"description":"Ettersom jeg vokste opp i Oslo, har jeg alltid v\u00e6rt fascinert av ordenes kraft og deres evne til \u00e5 skape endringer. Etter \u00e5 ha fullf\u00f8rt min utdannelse i kommunikasjon ved Universitetet i Bergen, fikk jeg muligheten til \u00e5 jobbe innen ulike medier, der jeg har s\u00f8kt \u00e5 belyse viktige samfunnssp\u00f8rsm\u00e5l. I dag, som redakt\u00f8r for Nordnesrepublikken, pr\u00f8ver jeg \u00e5 forene min kj\u00e6rlighet for journalistikk med min lidenskap for innovasjon og eventyr.","sameAs":["https:\/\/nordnesrepublikken.no\/"]}]}},"_links":{"self":[{"href":"https:\/\/nordnesrepublikken.no\/index.php\/wp-json\/wp\/v2\/posts\/17699","targetHints":{"allow":["GET"]}}],"collection":[{"href":"https:\/\/nordnesrepublikken.no\/index.php\/wp-json\/wp\/v2\/posts"}],"about":[{"href":"https:\/\/nordnesrepublikken.no\/index.php\/wp-json\/wp\/v2\/types\/post"}],"author":[{"embeddable":true,"href":"https:\/\/nordnesrepublikken.no\/index.php\/wp-json\/wp\/v2\/users\/1"}],"replies":[{"embeddable":true,"href":"https:\/\/nordnesrepublikken.no\/index.php\/wp-json\/wp\/v2\/comments?post=17699"}],"version-history":[{"count":1,"href":"https:\/\/nordnesrepublikken.no\/index.php\/wp-json\/wp\/v2\/posts\/17699\/revisions"}],"predecessor-version":[{"id":17701,"href":"https:\/\/nordnesrepublikken.no\/index.php\/wp-json\/wp\/v2\/posts\/17699\/revisions\/17701"}],"wp:featuredmedia":[{"embeddable":true,"href":"https:\/\/nordnesrepublikken.no\/index.php\/wp-json\/wp\/v2\/media\/17700"}],"wp:attachment":[{"href":"https:\/\/nordnesrepublikken.no\/index.php\/wp-json\/wp\/v2\/media?parent=17699"}],"wp:term":[{"taxonomy":"category","embeddable":true,"href":"https:\/\/nordnesrepublikken.no\/index.php\/wp-json\/wp\/v2\/categories?post=17699"},{"taxonomy":"post_tag","embeddable":true,"href":"https:\/\/nordnesrepublikken.no\/index.php\/wp-json\/wp\/v2\/tags?post=17699"}],"curies":[{"name":"wp","href":"https:\/\/api.w.org\/{rel}","templated":true}]}}