{"id":17686,"date":"2026-05-02T12:25:47","date_gmt":"2026-05-02T10:25:47","guid":{"rendered":"https:\/\/nordnesrepublikken.no\/index.php\/2026\/05\/02\/dynamikken-og-den-mulige-arsaken\/"},"modified":"2026-05-02T12:25:50","modified_gmt":"2026-05-02T10:25:50","slug":"dynamikken-og-den-mulige-arsaken","status":"publish","type":"post","link":"https:\/\/nordnesrepublikken.no\/index.php\/2026\/05\/02\/dynamikken-og-den-mulige-arsaken\/","title":{"rendered":"dynamikken og den mulige \u00e5rsaken"},"content":{"rendered":"<div>\n<div class=\"cp_wrapper cp_wrapper--fw mb-30 mb-20@tablet\">\n<figure class=\"mm\"><picture class=\"img\" style=\"padding-top:56.25%\"><source  media=\"(min-width: 1024px)\"><source  media=\"(min-width: 768px)\"><\/source><\/source><\/picture><\/figure>\n<\/p><\/div>\n<p><strong>800 hektar<\/strong> brent ned, en omkrets av <strong>17 km<\/strong>, <strong>3500 mennesker evakuert<\/strong> midt p\u00e5 natten fra Asciano, en landsby i San Giuliano Terme (PI): dette er tallene gitt av sivilbeskyttelsen i Toscana-regionen p\u00e5 skogbrannen som utviklet seg fra de siste timene av <strong>28. april<\/strong> p\u00e5 <strong>Mount Faeta<\/strong>mellom provinsene Lucca og Pisa, som heldigvis n\u00e5 er i gang <strong>avstengning og gjenvinning<\/strong>. Omkretsen av brannene er i stor grad under kontroll og de evakuerte kunne returnere til sine hjem om kvelden 1. mai, takket v\u00e6re redusert vind og inngripen fra brannvesenet og h\u00e6ren.<\/p>\n<p>If\u00f8lge den f\u00f8rste informasjonen samlet inn av ordf\u00f8reren i San Giuliano Terme, ser det ut til at brannen startet fra <strong>San Pantaleone-dalen<\/strong>i provinsen Lucca, p\u00e5 grunn av en <strong>brenning av oliventrebeskj\u00e6ringer<\/strong> \u2013 praksis forbudt p\u00e5 vindfulle dager, som erkl\u00e6rt av presidenten for Toscana-regionen <strong>Eugenio Giani<\/strong> \u2013 kom ut av kontroll. Unders\u00f8kelsene p\u00e5g\u00e5r imidlertid og svar fra rettsvesenet avventes for \u00e5 bekrefte denne hypotesen.<\/p>\n<p>Det til Monte Faeta er <strong>en av de alvorligste brannene de siste \u00e5rene i Toscana<\/strong>nest etter brannen av <strong>Mount Serra<\/strong> av 2018, hvor de gikk opp i r\u00f8yk <strong>1200 hektar<\/strong> av skog.<\/p>\n<h2>Dynamikken i brannen p\u00e5 Monte Faeta: rollen til vind og luft <em>spotting<\/em><\/h2>\n<p>Det f\u00f8rste brannutbruddet startet trolig i slutten av 28. april, men situasjonen forverret seg dagen etter. Som forventet er hypotesen &#8211; som skal bekreftes &#8211; som de f\u00f8rste rekonstruksjonene er basert p\u00e5 at en privat bonde i Lucca brente olivenbeskj\u00e6ringer da flammene gikk ut av kontroll pga. <strong>nordavind <\/strong>som bl\u00e5ste i omr\u00e5det.<\/p>\n<p>Vinden ville da ha gitt n\u00e6ring til utvidelsen av brannfronten, som allerede i en innledende fase kunne ha n\u00e5dd Pisan-siden av Monte Faeta, truende p\u00e5 dagen <strong>30. april<\/strong> noen hus i Asciano-dalen i San Giuliano Terme. P\u00e5 det tidspunktet utvidet omr\u00e5det dekket av brannene seg allerede til <strong>250 hektar<\/strong>.<\/p>\n<p>Situasjonen forverret seg utover dagen p\u00e5 grunn av en mekanisme kalt <em><strong>spotting<\/strong><\/em>. Dette skjer n\u00e5r vinden f\u00f8rer brennende gl\u00f8r utover inneslutningslinjene, der de faller ned, og antenner nye utbrudd i avstand fra hovedfronten. N\u00e5r det gjelder Monte Faeta, er det rapportert om tallrike utbrudd generert av n\u00e6re spotting-fenomener, noe som gj\u00f8r det faktisk umulig \u00e5 gripe inn p\u00e5 en enkelt front. Dette gj\u00f8r slokkeoperasjoner mye mer kompliserte og for\u00e5rsaker en ukontrollert utvidelse av brannfronten.<\/p>\n<div class=\"cp_wrapper cp_wrapper--fw mb-50\">\n<figure class=\"mm\"><picture class=\"img\" style=\"padding-top:75%\"><source  media=\"(min-width: 1024px)\"><source  media=\"(min-width: 768px)\"><img decoding=\"async\" loading=\"lazy\" src=\"https:\/\/nordnesrepublikken.no\/wp-content\/uploads\/2026\/05\/dynamikken-og-den-mulige-arsaken.jpeg\" alt=\"Mount Faeta brannomkrets\" width=\"1200\" height=\"900\"\/><\/source><\/source><\/picture><\/figure>\n<\/p><\/div>\n<p>Dette f\u00f8rte til at situasjonen forverret seg i l\u00f8pet av natten mellom 30. april og 1. mai, s\u00e5 mye at evakueringen av ca. <strong>3000 mennesker<\/strong> mellom Asciano og San Giuliano Terme. En ny evakueringsordre utvidet deretter tiltaket til andre beboere i omr\u00e5det, p\u00e5 til sammen <strong>3500 mennesker<\/strong> som m\u00e5tte forlate hjemmene sine ved hjelp av h\u00e6ren og Carabinieri.<\/p>\n<p>Intervensjonene s\u00e5 en imponerende utplassering av midler: 4 ble brukt p\u00e5 luftfronten <strong>Canadair <\/strong>og et helikopter <strong>Erickson S-64<\/strong>mens p\u00e5 bakken utf\u00f8rte 104 brannvesen totalt 85 inngrep p\u00e5 Pisan-siden, mens det p\u00e5 Lucca-siden var ansatt ytterligere 57 brannvesen. Lagene grep ogs\u00e5 inn <strong>skogbrannforebyggende system<\/strong> (AIB) i Toscana-regionen.<\/p>\n<p>De <strong>1. mai<\/strong> n\u00f8dsituasjonen begynte \u00e5 lette takket v\u00e6re en <strong>vindfall<\/strong>: opph\u00f8r av vindkast stoppet spotting-fenomenet og gjorde at intervensjonsteamene kunne konsolidere brannomkretsen og begrense flammene. Som Giani sa, a <strong>kunstig innsj\u00f8<\/strong> gjennomf\u00f8rt for noen m\u00e5neder siden, noe som gjorde at helikoptre kunne gripe raskt inn. For \u00f8yeblikket er brannene p\u00e5 Lucca-fronten slukket mens de var p\u00e5 Pisan-fronten <strong>omkretsen er inneholdt for<\/strong> <strong>70 %<\/strong>. Dette f\u00f8rte til at evakueringsordren ble opphevet natt til 1. mai, og gjenopprettet relativ ro i omr\u00e5det som ble mest ber\u00f8rt av brannen (av de 800 hektarene som ble brent av flammene, tilh\u00f8rer ca. 600 Pisan kommune).<\/p>\n<h2>Brannsesongen i Italia starter tidlig i \u00e5r igjen: EFFIS-data<\/h2>\n<p>Selv om situasjonen n\u00e5 heldigvis avtar uten \u00e5 for\u00e5rsake skader, er det fortsatt en viss bekymring for det faktum at <strong>en s\u00e5 alvorlig brann br\u00f8t ut i slutten av april<\/strong>i forkant av sommerens brannsesong. Et stadig hyppigere problem p\u00e5 grunn av klimaendringer: i fjor startet for eksempel brannsesongen tidlig i Italia.<\/p>\n<p>P\u00e5 bildet nedenfor kan vi se dataene levert av<strong>Europeisk skogbranninformasjonssystem<\/strong> <strong>(EFFIS)<\/strong> p\u00e5 trenden i antall skogbranner i Italia siden 2006, som viser en betydelig \u00f8kning i gjennomsnittet det siste ti\u00e5ret.<\/p>\n<div class=\"cp_wrapper cp_wrapper--fw mb-50\">\n<figure class=\"mm\"><picture class=\"img\" style=\"padding-top:46.793760831889%\"><source  media=\"(min-width: 1024px)\"><source  media=\"(min-width: 768px)\"><img decoding=\"async\" loading=\"lazy\" src=\"https:\/\/nordnesrepublikken.no\/wp-content\/uploads\/2026\/05\/1777717547_103_dynamikken-og-den-mulige-arsaken.jpg\" alt=\"skogbranner i Italia\" width=\"2308\" height=\"1080\" class=\"js-seedtag-img\"\/><\/source><\/source><\/picture><\/figure>\n<\/p><\/div>\n<p>Til dags dato er hektarene brent i Italia i 2026 allerede <strong>2045 <\/strong>i l\u00f8pet av <strong>20 branner<\/strong>. Dette er en verdi som vi, sammenlignet med gjennomsnittet de siste 20 \u00e5rene, kunne forvente \u00e5 v\u00e6re <strong>midten av juni<\/strong> (som vist i grafen nedenfor, opprettet med utgangspunkt i EFFIS-data), og at vi i stedet befinner oss i begynnelsen av mai, nettopp p\u00e5 grunn av brannen p\u00e5 Monte Faeta.<\/p>\n<div class=\"cp_wrapper cp_wrapper--fw mb-50\">\n<figure class=\"mm\"><picture class=\"img\" style=\"padding-top:95.575221238938%\"><source  media=\"(min-width: 1024px)\"><source  media=\"(min-width: 768px)\"><img decoding=\"async\" loading=\"lazy\" src=\"https:\/\/nordnesrepublikken.no\/wp-content\/uploads\/2026\/05\/1777717547_917_dynamikken-og-den-mulige-arsaken.jpg\" alt=\"gjennomsnittlig hektar brent i Italia\" width=\"1130\" height=\"1080\"\/><\/source><\/source><\/picture><\/figure>\n<\/p><\/div>\n<\/p><\/div>\n","protected":false},"excerpt":{"rendered":"<p>800 hektar brent ned, en omkrets av 17 km, 3500 mennesker evakuert midt p\u00e5 natten<\/p>\n","protected":false},"author":1,"featured_media":17687,"comment_status":"closed","ping_status":"open","sticky":false,"template":"","format":"standard","meta":{"footnotes":""},"categories":[104],"tags":[1871,74,1889,253],"class_list":["post-17686","post","type-post","status-publish","format-standard","has-post-thumbnail","hentry","category-samfunn","tag-arsaken","tag-den","tag-dynamikken","tag-mulige","generate-columns","tablet-grid-50","mobile-grid-100","grid-parent","grid-33","resize-featured-image"],"yoast_head":"<!-- This site is optimized with the Yoast SEO plugin v24.4 - https:\/\/yoast.com\/wordpress\/plugins\/seo\/ -->\n<title>dynamikken og den mulige \u00e5rsaken - Nordnesrepublikken<\/title>\n<meta name=\"robots\" content=\"index, follow, max-snippet:-1, max-image-preview:large, max-video-preview:-1\" \/>\n<link rel=\"canonical\" href=\"https:\/\/nordnesrepublikken.no\/index.php\/2026\/05\/02\/dynamikken-og-den-mulige-arsaken\/\" \/>\n<meta property=\"og:locale\" content=\"nb_NO\" \/>\n<meta property=\"og:type\" content=\"article\" \/>\n<meta property=\"og:title\" content=\"dynamikken og den mulige \u00e5rsaken - Nordnesrepublikken\" \/>\n<meta property=\"og:description\" content=\"800 hektar brent ned, en omkrets av 17 km, 3500 mennesker evakuert midt p\u00e5 natten\" \/>\n<meta property=\"og:url\" content=\"https:\/\/nordnesrepublikken.no\/index.php\/2026\/05\/02\/dynamikken-og-den-mulige-arsaken\/\" \/>\n<meta property=\"og:site_name\" content=\"Nordnesrepublikken\" \/>\n<meta property=\"article:published_time\" content=\"2026-05-02T10:25:47+00:00\" \/>\n<meta property=\"article:modified_time\" content=\"2026-05-02T10:25:50+00:00\" \/>\n<meta property=\"og:image\" content=\"https:\/\/nordnesrepublikken.no\/wp-content\/uploads\/2026\/05\/1777717549_dynamikken-og-den-mulige-arsaken.jpg\" \/>\n\t<meta property=\"og:image:width\" content=\"1986\" \/>\n\t<meta property=\"og:image:height\" content=\"1084\" \/>\n\t<meta property=\"og:image:type\" content=\"image\/jpeg\" \/>\n<meta name=\"author\" content=\"Ole Andersen\" \/>\n<meta name=\"twitter:card\" content=\"summary_large_image\" \/>\n<meta name=\"twitter:label1\" content=\"Skrevet av\" \/>\n\t<meta name=\"twitter:data1\" content=\"Ole Andersen\" \/>\n\t<meta name=\"twitter:label2\" content=\"Ansl. lesetid\" \/>\n\t<meta name=\"twitter:data2\" content=\"4 minutter\" \/>\n<script type=\"application\/ld+json\" class=\"yoast-schema-graph\">{\"@context\":\"https:\/\/schema.org\",\"@graph\":[{\"@type\":\"Article\",\"@id\":\"https:\/\/nordnesrepublikken.no\/index.php\/2026\/05\/02\/dynamikken-og-den-mulige-arsaken\/#article\",\"isPartOf\":{\"@id\":\"https:\/\/nordnesrepublikken.no\/index.php\/2026\/05\/02\/dynamikken-og-den-mulige-arsaken\/\"},\"author\":{\"name\":\"Ole Andersen\",\"@id\":\"https:\/\/nordnesrepublikken.no\/#\/schema\/person\/2e7e81935bab77882fffb79296240ff1\"},\"headline\":\"dynamikken og den mulige \u00e5rsaken\",\"datePublished\":\"2026-05-02T10:25:47+00:00\",\"dateModified\":\"2026-05-02T10:25:50+00:00\",\"mainEntityOfPage\":{\"@id\":\"https:\/\/nordnesrepublikken.no\/index.php\/2026\/05\/02\/dynamikken-og-den-mulige-arsaken\/\"},\"wordCount\":751,\"publisher\":{\"@id\":\"https:\/\/nordnesrepublikken.no\/#organization\"},\"image\":{\"@id\":\"https:\/\/nordnesrepublikken.no\/index.php\/2026\/05\/02\/dynamikken-og-den-mulige-arsaken\/#primaryimage\"},\"thumbnailUrl\":\"https:\/\/nordnesrepublikken.no\/wp-content\/uploads\/2026\/05\/1777717549_dynamikken-og-den-mulige-arsaken.jpg\",\"keywords\":[\"\u00e5rsaken\",\"den\",\"dynamikken\",\"mulige\"],\"articleSection\":[\"Samfunn\"],\"inLanguage\":\"nb-NO\"},{\"@type\":\"WebPage\",\"@id\":\"https:\/\/nordnesrepublikken.no\/index.php\/2026\/05\/02\/dynamikken-og-den-mulige-arsaken\/\",\"url\":\"https:\/\/nordnesrepublikken.no\/index.php\/2026\/05\/02\/dynamikken-og-den-mulige-arsaken\/\",\"name\":\"dynamikken og den mulige \u00e5rsaken - Nordnesrepublikken\",\"isPartOf\":{\"@id\":\"https:\/\/nordnesrepublikken.no\/#website\"},\"primaryImageOfPage\":{\"@id\":\"https:\/\/nordnesrepublikken.no\/index.php\/2026\/05\/02\/dynamikken-og-den-mulige-arsaken\/#primaryimage\"},\"image\":{\"@id\":\"https:\/\/nordnesrepublikken.no\/index.php\/2026\/05\/02\/dynamikken-og-den-mulige-arsaken\/#primaryimage\"},\"thumbnailUrl\":\"https:\/\/nordnesrepublikken.no\/wp-content\/uploads\/2026\/05\/1777717549_dynamikken-og-den-mulige-arsaken.jpg\",\"datePublished\":\"2026-05-02T10:25:47+00:00\",\"dateModified\":\"2026-05-02T10:25:50+00:00\",\"breadcrumb\":{\"@id\":\"https:\/\/nordnesrepublikken.no\/index.php\/2026\/05\/02\/dynamikken-og-den-mulige-arsaken\/#breadcrumb\"},\"inLanguage\":\"nb-NO\",\"potentialAction\":[{\"@type\":\"ReadAction\",\"target\":[\"https:\/\/nordnesrepublikken.no\/index.php\/2026\/05\/02\/dynamikken-og-den-mulige-arsaken\/\"]}]},{\"@type\":\"ImageObject\",\"inLanguage\":\"nb-NO\",\"@id\":\"https:\/\/nordnesrepublikken.no\/index.php\/2026\/05\/02\/dynamikken-og-den-mulige-arsaken\/#primaryimage\",\"url\":\"https:\/\/nordnesrepublikken.no\/wp-content\/uploads\/2026\/05\/1777717549_dynamikken-og-den-mulige-arsaken.jpg\",\"contentUrl\":\"https:\/\/nordnesrepublikken.no\/wp-content\/uploads\/2026\/05\/1777717549_dynamikken-og-den-mulige-arsaken.jpg\",\"width\":1986,\"height\":1084,\"caption\":\"dynamikken og den mulige \u00e5rsaken\"},{\"@type\":\"BreadcrumbList\",\"@id\":\"https:\/\/nordnesrepublikken.no\/index.php\/2026\/05\/02\/dynamikken-og-den-mulige-arsaken\/#breadcrumb\",\"itemListElement\":[{\"@type\":\"ListItem\",\"position\":1,\"name\":\"Home\",\"item\":\"https:\/\/nordnesrepublikken.no\/\"},{\"@type\":\"ListItem\",\"position\":2,\"name\":\"dynamikken og den mulige \u00e5rsaken\"}]},{\"@type\":\"WebSite\",\"@id\":\"https:\/\/nordnesrepublikken.no\/#website\",\"url\":\"https:\/\/nordnesrepublikken.no\/\",\"name\":\"Nordnesrepublikken\",\"description\":\"Stemmer og Visjoner fra Republikkens Hjerte\",\"publisher\":{\"@id\":\"https:\/\/nordnesrepublikken.no\/#organization\"},\"potentialAction\":[{\"@type\":\"SearchAction\",\"target\":{\"@type\":\"EntryPoint\",\"urlTemplate\":\"https:\/\/nordnesrepublikken.no\/?s={search_term_string}\"},\"query-input\":{\"@type\":\"PropertyValueSpecification\",\"valueRequired\":true,\"valueName\":\"search_term_string\"}}],\"inLanguage\":\"nb-NO\"},{\"@type\":\"Organization\",\"@id\":\"https:\/\/nordnesrepublikken.no\/#organization\",\"name\":\"Nordnesrepublikken\",\"url\":\"https:\/\/nordnesrepublikken.no\/\",\"logo\":{\"@type\":\"ImageObject\",\"inLanguage\":\"nb-NO\",\"@id\":\"https:\/\/nordnesrepublikken.no\/#\/schema\/logo\/image\/\",\"url\":\"https:\/\/nordnesrepublikken.no\/wp-content\/uploads\/2025\/02\/cropped-nordnesrepublikken-2.png\",\"contentUrl\":\"https:\/\/nordnesrepublikken.no\/wp-content\/uploads\/2025\/02\/cropped-nordnesrepublikken-2.png\",\"width\":1248,\"height\":362,\"caption\":\"Nordnesrepublikken\"},\"image\":{\"@id\":\"https:\/\/nordnesrepublikken.no\/#\/schema\/logo\/image\/\"}},{\"@type\":\"Person\",\"@id\":\"https:\/\/nordnesrepublikken.no\/#\/schema\/person\/2e7e81935bab77882fffb79296240ff1\",\"name\":\"Ole Andersen\",\"image\":{\"@type\":\"ImageObject\",\"inLanguage\":\"nb-NO\",\"@id\":\"https:\/\/nordnesrepublikken.no\/#\/schema\/person\/image\/\",\"url\":\"https:\/\/nordnesrepublikken.no\/wp-content\/uploads\/2025\/02\/nordnesrepublikken-2-2-150x150.jpg\",\"contentUrl\":\"https:\/\/nordnesrepublikken.no\/wp-content\/uploads\/2025\/02\/nordnesrepublikken-2-2-150x150.jpg\",\"caption\":\"Ole Andersen\"},\"description\":\"Ettersom jeg vokste opp i Oslo, har jeg alltid v\u00e6rt fascinert av ordenes kraft og deres evne til \u00e5 skape endringer. Etter \u00e5 ha fullf\u00f8rt min utdannelse i kommunikasjon ved Universitetet i Bergen, fikk jeg muligheten til \u00e5 jobbe innen ulike medier, der jeg har s\u00f8kt \u00e5 belyse viktige samfunnssp\u00f8rsm\u00e5l. I dag, som redakt\u00f8r for Nordnesrepublikken, pr\u00f8ver jeg \u00e5 forene min kj\u00e6rlighet for journalistikk med min lidenskap for innovasjon og eventyr.\",\"sameAs\":[\"https:\/\/nordnesrepublikken.no\/\"]}]}<\/script>\n<!-- \/ Yoast SEO plugin. -->","yoast_head_json":{"title":"dynamikken og den mulige \u00e5rsaken - Nordnesrepublikken","robots":{"index":"index","follow":"follow","max-snippet":"max-snippet:-1","max-image-preview":"max-image-preview:large","max-video-preview":"max-video-preview:-1"},"canonical":"https:\/\/nordnesrepublikken.no\/index.php\/2026\/05\/02\/dynamikken-og-den-mulige-arsaken\/","og_locale":"nb_NO","og_type":"article","og_title":"dynamikken og den mulige \u00e5rsaken - Nordnesrepublikken","og_description":"800 hektar brent ned, en omkrets av 17 km, 3500 mennesker evakuert midt p\u00e5 natten","og_url":"https:\/\/nordnesrepublikken.no\/index.php\/2026\/05\/02\/dynamikken-og-den-mulige-arsaken\/","og_site_name":"Nordnesrepublikken","article_published_time":"2026-05-02T10:25:47+00:00","article_modified_time":"2026-05-02T10:25:50+00:00","og_image":[{"width":1986,"height":1084,"url":"https:\/\/nordnesrepublikken.no\/wp-content\/uploads\/2026\/05\/1777717549_dynamikken-og-den-mulige-arsaken.jpg","type":"image\/jpeg"}],"author":"Ole Andersen","twitter_card":"summary_large_image","twitter_misc":{"Skrevet av":"Ole Andersen","Ansl. lesetid":"4 minutter"},"schema":{"@context":"https:\/\/schema.org","@graph":[{"@type":"Article","@id":"https:\/\/nordnesrepublikken.no\/index.php\/2026\/05\/02\/dynamikken-og-den-mulige-arsaken\/#article","isPartOf":{"@id":"https:\/\/nordnesrepublikken.no\/index.php\/2026\/05\/02\/dynamikken-og-den-mulige-arsaken\/"},"author":{"name":"Ole Andersen","@id":"https:\/\/nordnesrepublikken.no\/#\/schema\/person\/2e7e81935bab77882fffb79296240ff1"},"headline":"dynamikken og den mulige \u00e5rsaken","datePublished":"2026-05-02T10:25:47+00:00","dateModified":"2026-05-02T10:25:50+00:00","mainEntityOfPage":{"@id":"https:\/\/nordnesrepublikken.no\/index.php\/2026\/05\/02\/dynamikken-og-den-mulige-arsaken\/"},"wordCount":751,"publisher":{"@id":"https:\/\/nordnesrepublikken.no\/#organization"},"image":{"@id":"https:\/\/nordnesrepublikken.no\/index.php\/2026\/05\/02\/dynamikken-og-den-mulige-arsaken\/#primaryimage"},"thumbnailUrl":"https:\/\/nordnesrepublikken.no\/wp-content\/uploads\/2026\/05\/1777717549_dynamikken-og-den-mulige-arsaken.jpg","keywords":["\u00e5rsaken","den","dynamikken","mulige"],"articleSection":["Samfunn"],"inLanguage":"nb-NO"},{"@type":"WebPage","@id":"https:\/\/nordnesrepublikken.no\/index.php\/2026\/05\/02\/dynamikken-og-den-mulige-arsaken\/","url":"https:\/\/nordnesrepublikken.no\/index.php\/2026\/05\/02\/dynamikken-og-den-mulige-arsaken\/","name":"dynamikken og den mulige \u00e5rsaken - Nordnesrepublikken","isPartOf":{"@id":"https:\/\/nordnesrepublikken.no\/#website"},"primaryImageOfPage":{"@id":"https:\/\/nordnesrepublikken.no\/index.php\/2026\/05\/02\/dynamikken-og-den-mulige-arsaken\/#primaryimage"},"image":{"@id":"https:\/\/nordnesrepublikken.no\/index.php\/2026\/05\/02\/dynamikken-og-den-mulige-arsaken\/#primaryimage"},"thumbnailUrl":"https:\/\/nordnesrepublikken.no\/wp-content\/uploads\/2026\/05\/1777717549_dynamikken-og-den-mulige-arsaken.jpg","datePublished":"2026-05-02T10:25:47+00:00","dateModified":"2026-05-02T10:25:50+00:00","breadcrumb":{"@id":"https:\/\/nordnesrepublikken.no\/index.php\/2026\/05\/02\/dynamikken-og-den-mulige-arsaken\/#breadcrumb"},"inLanguage":"nb-NO","potentialAction":[{"@type":"ReadAction","target":["https:\/\/nordnesrepublikken.no\/index.php\/2026\/05\/02\/dynamikken-og-den-mulige-arsaken\/"]}]},{"@type":"ImageObject","inLanguage":"nb-NO","@id":"https:\/\/nordnesrepublikken.no\/index.php\/2026\/05\/02\/dynamikken-og-den-mulige-arsaken\/#primaryimage","url":"https:\/\/nordnesrepublikken.no\/wp-content\/uploads\/2026\/05\/1777717549_dynamikken-og-den-mulige-arsaken.jpg","contentUrl":"https:\/\/nordnesrepublikken.no\/wp-content\/uploads\/2026\/05\/1777717549_dynamikken-og-den-mulige-arsaken.jpg","width":1986,"height":1084,"caption":"dynamikken og den mulige \u00e5rsaken"},{"@type":"BreadcrumbList","@id":"https:\/\/nordnesrepublikken.no\/index.php\/2026\/05\/02\/dynamikken-og-den-mulige-arsaken\/#breadcrumb","itemListElement":[{"@type":"ListItem","position":1,"name":"Home","item":"https:\/\/nordnesrepublikken.no\/"},{"@type":"ListItem","position":2,"name":"dynamikken og den mulige \u00e5rsaken"}]},{"@type":"WebSite","@id":"https:\/\/nordnesrepublikken.no\/#website","url":"https:\/\/nordnesrepublikken.no\/","name":"Nordnesrepublikken","description":"Stemmer og Visjoner fra Republikkens Hjerte","publisher":{"@id":"https:\/\/nordnesrepublikken.no\/#organization"},"potentialAction":[{"@type":"SearchAction","target":{"@type":"EntryPoint","urlTemplate":"https:\/\/nordnesrepublikken.no\/?s={search_term_string}"},"query-input":{"@type":"PropertyValueSpecification","valueRequired":true,"valueName":"search_term_string"}}],"inLanguage":"nb-NO"},{"@type":"Organization","@id":"https:\/\/nordnesrepublikken.no\/#organization","name":"Nordnesrepublikken","url":"https:\/\/nordnesrepublikken.no\/","logo":{"@type":"ImageObject","inLanguage":"nb-NO","@id":"https:\/\/nordnesrepublikken.no\/#\/schema\/logo\/image\/","url":"https:\/\/nordnesrepublikken.no\/wp-content\/uploads\/2025\/02\/cropped-nordnesrepublikken-2.png","contentUrl":"https:\/\/nordnesrepublikken.no\/wp-content\/uploads\/2025\/02\/cropped-nordnesrepublikken-2.png","width":1248,"height":362,"caption":"Nordnesrepublikken"},"image":{"@id":"https:\/\/nordnesrepublikken.no\/#\/schema\/logo\/image\/"}},{"@type":"Person","@id":"https:\/\/nordnesrepublikken.no\/#\/schema\/person\/2e7e81935bab77882fffb79296240ff1","name":"Ole Andersen","image":{"@type":"ImageObject","inLanguage":"nb-NO","@id":"https:\/\/nordnesrepublikken.no\/#\/schema\/person\/image\/","url":"https:\/\/nordnesrepublikken.no\/wp-content\/uploads\/2025\/02\/nordnesrepublikken-2-2-150x150.jpg","contentUrl":"https:\/\/nordnesrepublikken.no\/wp-content\/uploads\/2025\/02\/nordnesrepublikken-2-2-150x150.jpg","caption":"Ole Andersen"},"description":"Ettersom jeg vokste opp i Oslo, har jeg alltid v\u00e6rt fascinert av ordenes kraft og deres evne til \u00e5 skape endringer. Etter \u00e5 ha fullf\u00f8rt min utdannelse i kommunikasjon ved Universitetet i Bergen, fikk jeg muligheten til \u00e5 jobbe innen ulike medier, der jeg har s\u00f8kt \u00e5 belyse viktige samfunnssp\u00f8rsm\u00e5l. I dag, som redakt\u00f8r for Nordnesrepublikken, pr\u00f8ver jeg \u00e5 forene min kj\u00e6rlighet for journalistikk med min lidenskap for innovasjon og eventyr.","sameAs":["https:\/\/nordnesrepublikken.no\/"]}]}},"_links":{"self":[{"href":"https:\/\/nordnesrepublikken.no\/index.php\/wp-json\/wp\/v2\/posts\/17686","targetHints":{"allow":["GET"]}}],"collection":[{"href":"https:\/\/nordnesrepublikken.no\/index.php\/wp-json\/wp\/v2\/posts"}],"about":[{"href":"https:\/\/nordnesrepublikken.no\/index.php\/wp-json\/wp\/v2\/types\/post"}],"author":[{"embeddable":true,"href":"https:\/\/nordnesrepublikken.no\/index.php\/wp-json\/wp\/v2\/users\/1"}],"replies":[{"embeddable":true,"href":"https:\/\/nordnesrepublikken.no\/index.php\/wp-json\/wp\/v2\/comments?post=17686"}],"version-history":[{"count":1,"href":"https:\/\/nordnesrepublikken.no\/index.php\/wp-json\/wp\/v2\/posts\/17686\/revisions"}],"predecessor-version":[{"id":17688,"href":"https:\/\/nordnesrepublikken.no\/index.php\/wp-json\/wp\/v2\/posts\/17686\/revisions\/17688"}],"wp:featuredmedia":[{"embeddable":true,"href":"https:\/\/nordnesrepublikken.no\/index.php\/wp-json\/wp\/v2\/media\/17687"}],"wp:attachment":[{"href":"https:\/\/nordnesrepublikken.no\/index.php\/wp-json\/wp\/v2\/media?parent=17686"}],"wp:term":[{"taxonomy":"category","embeddable":true,"href":"https:\/\/nordnesrepublikken.no\/index.php\/wp-json\/wp\/v2\/categories?post=17686"},{"taxonomy":"post_tag","embeddable":true,"href":"https:\/\/nordnesrepublikken.no\/index.php\/wp-json\/wp\/v2\/tags?post=17686"}],"curies":[{"name":"wp","href":"https:\/\/api.w.org\/{rel}","templated":true}]}}