{"id":17674,"date":"2026-05-02T07:34:31","date_gmt":"2026-05-02T05:34:31","guid":{"rendered":"https:\/\/nordnesrepublikken.no\/index.php\/2026\/05\/02\/den-maler-4892-meter-over-havet\/"},"modified":"2026-05-02T07:34:36","modified_gmt":"2026-05-02T05:34:36","slug":"den-maler-4892-meter-over-havet","status":"publish","type":"post","link":"https:\/\/nordnesrepublikken.no\/index.php\/2026\/05\/02\/den-maler-4892-meter-over-havet\/","title":{"rendered":"den m\u00e5ler 4892 meter over havet"},"content":{"rendered":"<div>\n<div class=\"cp_wrapper cp_wrapper--fw mb-30 mb-20@tablet\">\n<figure class=\"mm\"><picture class=\"img\" style=\"padding-top:56.25%\"><source  media=\"(min-width: 1024px)\"><source  media=\"(min-width: 768px)\"><\/source><\/source><\/picture><\/figure>\n<\/p><\/div>\n<p>Med hans <strong>4.892 meter <\/strong>over havet, den <strong>Mount Vinson<\/strong> er den h\u00f8yeste toppen i Antarktis: ligger ikke langt fra den frosne R\u00f8nnebukta \u2013 i hjertet av<strong>Vest-Antarktis<\/strong> ca. 1200 km fra Sydpolen \u2013 dette fjellet dominerer <strong>Sentinel Range<\/strong>eller den nordlige delen av <strong>Ellsworth Mountains,<\/strong> et omr\u00e5de som er hjemsted for \u00e5tte av de ti h\u00f8yeste toppene p\u00e5 kontinentet.<\/p>\n<p>Det er en av de s\u00e5kalte &laquo;<strong>Syv toppm\u00f8ter<\/strong>&laquo;, de h\u00f8yeste fjellene p\u00e5 hvert av de syv kontinentene: listen inkluderer for eksempel Everest, Kilimanjaro og faktisk Mount Vinson. Denne toppen er i realiteten ikke isolert, men er omgitt av 5 andre bemerkelsesverdige topper som til sammen utgj\u00f8r den s\u00e5kalte <em><strong>Vinson-massivet <\/strong><\/em>(Vinson Massif), en imponerende fjellblokk som strekker seg i ca <strong>21 km lang og 13 km bred<\/strong>.<\/p>\n<p>Dette massivet er preget av omfattende isbreer, bratte sn\u00f8dekte rygger og utsatte steinete topper, kjent som <em>nunatak<\/em>som stikker ut fra isen rundt.<\/p>\n<div class=\"cp_wrapper cp_wrapper--fw mb-50\">\n<figure class=\"mm\"><picture class=\"img\" style=\"padding-top:70.711550090708%\"><source  media=\"(min-width: 1024px)\"><source  media=\"(min-width: 768px)\"><img decoding=\"async\" loading=\"lazy\" src=\"https:\/\/nordnesrepublikken.no\/wp-content\/uploads\/2026\/05\/1777700071_28_den-maler-4892-meter-over-havet.jpg\" alt=\"Vinson-massivet\" width=\"4961\" height=\"3508\"\/><\/source><\/source><\/picture><\/figure>\n<\/p><\/div>\n<p>Fjellet er oppkalt etter den amerikanske kongressmannen <strong>Carl G. Vinson<\/strong>en trofast tilhenger av utforskning av Antarktis: Ellsworth-fjellene ble faktisk f\u00f8rst sett av den amerikanske flygeren <strong>Lincoln Ellsworth<\/strong> den 23. november 1935, men toppen av Mount Vinson ble ikke identifisert f\u00f8r <strong>1958<\/strong>under et rekognoseringsfly fra den amerikanske marinen. To \u00e5r senere, i 1959, ble det f\u00f8rste h\u00f8ydeanslaget gjort, som indikerte en br\u00f8nnh\u00f8yde <strong>5140 meter, <\/strong>nesten 200 meter mer enn den virkelige: det ville ha tatt ti\u00e5r med p\u00e5f\u00f8lgende unders\u00f8kelser \u00e5 sette den offisielle h\u00f8yden til 4892 meter.<\/p>\n<p>Der <strong>f\u00f8rste stigning<\/strong> av Mount Vinson skjedde i den australske sommeren mellom <strong>1966 og 1967<\/strong>under den amerikanske ekspedisjonen ledet av <strong>Nicholas Clinch: <\/strong>selv i dag byr ikke klatringen p\u00e5 spesielle tekniske vanskeligheter, men det er det<strong>ekstrem isolasjon<\/strong> gj\u00f8r Mount Vinson vanskelig \u00e5 n\u00e5.<\/p>\n<p>Selve klatringen er faktisk ikke teknisk ekstrem, men Mount Vinson er den mest <strong>fjernkontroll<\/strong> blant de syv toppm\u00f8tene, som er over 1200 km fra Sydpolen. N\u00e6rmeste flyplass ligger i det s\u00f8rlige Chile og kun lastefly n\u00e5r innlandsisen, hvor de lander p\u00e5 ski. Selv om sommeren holder gjennomsnittstemperaturene seg rundt <strong>-29\u00b0C <\/strong>og en forsendelse koster i gjennomsnitt <strong>$30 000<\/strong> per person, med det nyttige vinduet for klatring begrenset til perioden mellom desember og februar. Av disse grunner er det ansl\u00e5tt at dr\u00f8yt <strong>1100 mennesker<\/strong> har n\u00e5dd toppen siden den f\u00f8rste bestigningen, et langt f\u00e6rre antall enn de andre syv toppm\u00f8tene.<\/p>\n<\/p><\/div>\n","protected":false},"excerpt":{"rendered":"<p>Med hans 4.892 meter over havet, den Mount Vinson er den h\u00f8yeste toppen i Antarktis:<\/p>\n","protected":false},"author":1,"featured_media":17675,"comment_status":"closed","ping_status":"open","sticky":false,"template":"","format":"standard","meta":{"footnotes":""},"categories":[26],"tags":[74,1255,4064,312],"class_list":["post-17674","post","type-post","status-publish","format-standard","has-post-thumbnail","hentry","category-miljo","tag-den","tag-havet","tag-maler","tag-meter","generate-columns","tablet-grid-50","mobile-grid-100","grid-parent","grid-33"],"yoast_head":"<!-- This site is optimized with the Yoast SEO plugin v24.4 - https:\/\/yoast.com\/wordpress\/plugins\/seo\/ -->\n<title>den m\u00e5ler 4892 meter over havet - Nordnesrepublikken<\/title>\n<meta name=\"robots\" content=\"index, follow, max-snippet:-1, max-image-preview:large, max-video-preview:-1\" \/>\n<link rel=\"canonical\" href=\"https:\/\/nordnesrepublikken.no\/index.php\/2026\/05\/02\/den-maler-4892-meter-over-havet\/\" \/>\n<meta property=\"og:locale\" content=\"nb_NO\" \/>\n<meta property=\"og:type\" content=\"article\" \/>\n<meta property=\"og:title\" content=\"den m\u00e5ler 4892 meter over havet - Nordnesrepublikken\" \/>\n<meta property=\"og:description\" content=\"Med hans 4.892 meter over havet, den Mount Vinson er den h\u00f8yeste toppen i Antarktis:\" \/>\n<meta property=\"og:url\" content=\"https:\/\/nordnesrepublikken.no\/index.php\/2026\/05\/02\/den-maler-4892-meter-over-havet\/\" \/>\n<meta property=\"og:site_name\" content=\"Nordnesrepublikken\" \/>\n<meta property=\"article:published_time\" content=\"2026-05-02T05:34:31+00:00\" \/>\n<meta property=\"article:modified_time\" content=\"2026-05-02T05:34:36+00:00\" \/>\n<meta property=\"og:image\" content=\"https:\/\/nordnesrepublikken.no\/wp-content\/uploads\/2026\/05\/1777700073_den-maler-4892-meter-over-havet-scaled.jpg\" \/>\n\t<meta property=\"og:image:width\" content=\"2560\" \/>\n\t<meta property=\"og:image:height\" content=\"1597\" \/>\n\t<meta property=\"og:image:type\" content=\"image\/jpeg\" \/>\n<meta name=\"author\" content=\"Ole Andersen\" \/>\n<meta name=\"twitter:card\" content=\"summary_large_image\" \/>\n<meta name=\"twitter:label1\" content=\"Skrevet av\" \/>\n\t<meta name=\"twitter:data1\" content=\"Ole Andersen\" \/>\n\t<meta name=\"twitter:label2\" content=\"Ansl. lesetid\" \/>\n\t<meta name=\"twitter:data2\" content=\"2 minutter\" \/>\n<script type=\"application\/ld+json\" class=\"yoast-schema-graph\">{\"@context\":\"https:\/\/schema.org\",\"@graph\":[{\"@type\":\"Article\",\"@id\":\"https:\/\/nordnesrepublikken.no\/index.php\/2026\/05\/02\/den-maler-4892-meter-over-havet\/#article\",\"isPartOf\":{\"@id\":\"https:\/\/nordnesrepublikken.no\/index.php\/2026\/05\/02\/den-maler-4892-meter-over-havet\/\"},\"author\":{\"name\":\"Ole Andersen\",\"@id\":\"https:\/\/nordnesrepublikken.no\/#\/schema\/person\/2e7e81935bab77882fffb79296240ff1\"},\"headline\":\"den m\u00e5ler 4892 meter over havet\",\"datePublished\":\"2026-05-02T05:34:31+00:00\",\"dateModified\":\"2026-05-02T05:34:36+00:00\",\"mainEntityOfPage\":{\"@id\":\"https:\/\/nordnesrepublikken.no\/index.php\/2026\/05\/02\/den-maler-4892-meter-over-havet\/\"},\"wordCount\":393,\"publisher\":{\"@id\":\"https:\/\/nordnesrepublikken.no\/#organization\"},\"image\":{\"@id\":\"https:\/\/nordnesrepublikken.no\/index.php\/2026\/05\/02\/den-maler-4892-meter-over-havet\/#primaryimage\"},\"thumbnailUrl\":\"https:\/\/nordnesrepublikken.no\/wp-content\/uploads\/2026\/05\/1777700073_den-maler-4892-meter-over-havet-scaled.jpg\",\"keywords\":[\"den\",\"havet\",\"m\u00e5ler\",\"meter\"],\"articleSection\":[\"Milj\u00f8\"],\"inLanguage\":\"nb-NO\"},{\"@type\":\"WebPage\",\"@id\":\"https:\/\/nordnesrepublikken.no\/index.php\/2026\/05\/02\/den-maler-4892-meter-over-havet\/\",\"url\":\"https:\/\/nordnesrepublikken.no\/index.php\/2026\/05\/02\/den-maler-4892-meter-over-havet\/\",\"name\":\"den m\u00e5ler 4892 meter over havet - Nordnesrepublikken\",\"isPartOf\":{\"@id\":\"https:\/\/nordnesrepublikken.no\/#website\"},\"primaryImageOfPage\":{\"@id\":\"https:\/\/nordnesrepublikken.no\/index.php\/2026\/05\/02\/den-maler-4892-meter-over-havet\/#primaryimage\"},\"image\":{\"@id\":\"https:\/\/nordnesrepublikken.no\/index.php\/2026\/05\/02\/den-maler-4892-meter-over-havet\/#primaryimage\"},\"thumbnailUrl\":\"https:\/\/nordnesrepublikken.no\/wp-content\/uploads\/2026\/05\/1777700073_den-maler-4892-meter-over-havet-scaled.jpg\",\"datePublished\":\"2026-05-02T05:34:31+00:00\",\"dateModified\":\"2026-05-02T05:34:36+00:00\",\"breadcrumb\":{\"@id\":\"https:\/\/nordnesrepublikken.no\/index.php\/2026\/05\/02\/den-maler-4892-meter-over-havet\/#breadcrumb\"},\"inLanguage\":\"nb-NO\",\"potentialAction\":[{\"@type\":\"ReadAction\",\"target\":[\"https:\/\/nordnesrepublikken.no\/index.php\/2026\/05\/02\/den-maler-4892-meter-over-havet\/\"]}]},{\"@type\":\"ImageObject\",\"inLanguage\":\"nb-NO\",\"@id\":\"https:\/\/nordnesrepublikken.no\/index.php\/2026\/05\/02\/den-maler-4892-meter-over-havet\/#primaryimage\",\"url\":\"https:\/\/nordnesrepublikken.no\/wp-content\/uploads\/2026\/05\/1777700073_den-maler-4892-meter-over-havet-scaled.jpg\",\"contentUrl\":\"https:\/\/nordnesrepublikken.no\/wp-content\/uploads\/2026\/05\/1777700073_den-maler-4892-meter-over-havet-scaled.jpg\",\"width\":2560,\"height\":1597,\"caption\":\"den m\u00e5ler 4892 meter over havet\"},{\"@type\":\"BreadcrumbList\",\"@id\":\"https:\/\/nordnesrepublikken.no\/index.php\/2026\/05\/02\/den-maler-4892-meter-over-havet\/#breadcrumb\",\"itemListElement\":[{\"@type\":\"ListItem\",\"position\":1,\"name\":\"Home\",\"item\":\"https:\/\/nordnesrepublikken.no\/\"},{\"@type\":\"ListItem\",\"position\":2,\"name\":\"den m\u00e5ler 4892 meter over havet\"}]},{\"@type\":\"WebSite\",\"@id\":\"https:\/\/nordnesrepublikken.no\/#website\",\"url\":\"https:\/\/nordnesrepublikken.no\/\",\"name\":\"Nordnesrepublikken\",\"description\":\"Stemmer og Visjoner fra Republikkens Hjerte\",\"publisher\":{\"@id\":\"https:\/\/nordnesrepublikken.no\/#organization\"},\"potentialAction\":[{\"@type\":\"SearchAction\",\"target\":{\"@type\":\"EntryPoint\",\"urlTemplate\":\"https:\/\/nordnesrepublikken.no\/?s={search_term_string}\"},\"query-input\":{\"@type\":\"PropertyValueSpecification\",\"valueRequired\":true,\"valueName\":\"search_term_string\"}}],\"inLanguage\":\"nb-NO\"},{\"@type\":\"Organization\",\"@id\":\"https:\/\/nordnesrepublikken.no\/#organization\",\"name\":\"Nordnesrepublikken\",\"url\":\"https:\/\/nordnesrepublikken.no\/\",\"logo\":{\"@type\":\"ImageObject\",\"inLanguage\":\"nb-NO\",\"@id\":\"https:\/\/nordnesrepublikken.no\/#\/schema\/logo\/image\/\",\"url\":\"https:\/\/nordnesrepublikken.no\/wp-content\/uploads\/2025\/02\/cropped-nordnesrepublikken-2.png\",\"contentUrl\":\"https:\/\/nordnesrepublikken.no\/wp-content\/uploads\/2025\/02\/cropped-nordnesrepublikken-2.png\",\"width\":1248,\"height\":362,\"caption\":\"Nordnesrepublikken\"},\"image\":{\"@id\":\"https:\/\/nordnesrepublikken.no\/#\/schema\/logo\/image\/\"}},{\"@type\":\"Person\",\"@id\":\"https:\/\/nordnesrepublikken.no\/#\/schema\/person\/2e7e81935bab77882fffb79296240ff1\",\"name\":\"Ole Andersen\",\"image\":{\"@type\":\"ImageObject\",\"inLanguage\":\"nb-NO\",\"@id\":\"https:\/\/nordnesrepublikken.no\/#\/schema\/person\/image\/\",\"url\":\"https:\/\/nordnesrepublikken.no\/wp-content\/uploads\/2025\/02\/nordnesrepublikken-2-2-150x150.jpg\",\"contentUrl\":\"https:\/\/nordnesrepublikken.no\/wp-content\/uploads\/2025\/02\/nordnesrepublikken-2-2-150x150.jpg\",\"caption\":\"Ole Andersen\"},\"description\":\"Ettersom jeg vokste opp i Oslo, har jeg alltid v\u00e6rt fascinert av ordenes kraft og deres evne til \u00e5 skape endringer. Etter \u00e5 ha fullf\u00f8rt min utdannelse i kommunikasjon ved Universitetet i Bergen, fikk jeg muligheten til \u00e5 jobbe innen ulike medier, der jeg har s\u00f8kt \u00e5 belyse viktige samfunnssp\u00f8rsm\u00e5l. I dag, som redakt\u00f8r for Nordnesrepublikken, pr\u00f8ver jeg \u00e5 forene min kj\u00e6rlighet for journalistikk med min lidenskap for innovasjon og eventyr.\",\"sameAs\":[\"https:\/\/nordnesrepublikken.no\/\"]}]}<\/script>\n<!-- \/ Yoast SEO plugin. -->","yoast_head_json":{"title":"den m\u00e5ler 4892 meter over havet - Nordnesrepublikken","robots":{"index":"index","follow":"follow","max-snippet":"max-snippet:-1","max-image-preview":"max-image-preview:large","max-video-preview":"max-video-preview:-1"},"canonical":"https:\/\/nordnesrepublikken.no\/index.php\/2026\/05\/02\/den-maler-4892-meter-over-havet\/","og_locale":"nb_NO","og_type":"article","og_title":"den m\u00e5ler 4892 meter over havet - Nordnesrepublikken","og_description":"Med hans 4.892 meter over havet, den Mount Vinson er den h\u00f8yeste toppen i Antarktis:","og_url":"https:\/\/nordnesrepublikken.no\/index.php\/2026\/05\/02\/den-maler-4892-meter-over-havet\/","og_site_name":"Nordnesrepublikken","article_published_time":"2026-05-02T05:34:31+00:00","article_modified_time":"2026-05-02T05:34:36+00:00","og_image":[{"width":2560,"height":1597,"url":"https:\/\/nordnesrepublikken.no\/wp-content\/uploads\/2026\/05\/1777700073_den-maler-4892-meter-over-havet-scaled.jpg","type":"image\/jpeg"}],"author":"Ole Andersen","twitter_card":"summary_large_image","twitter_misc":{"Skrevet av":"Ole Andersen","Ansl. lesetid":"2 minutter"},"schema":{"@context":"https:\/\/schema.org","@graph":[{"@type":"Article","@id":"https:\/\/nordnesrepublikken.no\/index.php\/2026\/05\/02\/den-maler-4892-meter-over-havet\/#article","isPartOf":{"@id":"https:\/\/nordnesrepublikken.no\/index.php\/2026\/05\/02\/den-maler-4892-meter-over-havet\/"},"author":{"name":"Ole Andersen","@id":"https:\/\/nordnesrepublikken.no\/#\/schema\/person\/2e7e81935bab77882fffb79296240ff1"},"headline":"den m\u00e5ler 4892 meter over havet","datePublished":"2026-05-02T05:34:31+00:00","dateModified":"2026-05-02T05:34:36+00:00","mainEntityOfPage":{"@id":"https:\/\/nordnesrepublikken.no\/index.php\/2026\/05\/02\/den-maler-4892-meter-over-havet\/"},"wordCount":393,"publisher":{"@id":"https:\/\/nordnesrepublikken.no\/#organization"},"image":{"@id":"https:\/\/nordnesrepublikken.no\/index.php\/2026\/05\/02\/den-maler-4892-meter-over-havet\/#primaryimage"},"thumbnailUrl":"https:\/\/nordnesrepublikken.no\/wp-content\/uploads\/2026\/05\/1777700073_den-maler-4892-meter-over-havet-scaled.jpg","keywords":["den","havet","m\u00e5ler","meter"],"articleSection":["Milj\u00f8"],"inLanguage":"nb-NO"},{"@type":"WebPage","@id":"https:\/\/nordnesrepublikken.no\/index.php\/2026\/05\/02\/den-maler-4892-meter-over-havet\/","url":"https:\/\/nordnesrepublikken.no\/index.php\/2026\/05\/02\/den-maler-4892-meter-over-havet\/","name":"den m\u00e5ler 4892 meter over havet - Nordnesrepublikken","isPartOf":{"@id":"https:\/\/nordnesrepublikken.no\/#website"},"primaryImageOfPage":{"@id":"https:\/\/nordnesrepublikken.no\/index.php\/2026\/05\/02\/den-maler-4892-meter-over-havet\/#primaryimage"},"image":{"@id":"https:\/\/nordnesrepublikken.no\/index.php\/2026\/05\/02\/den-maler-4892-meter-over-havet\/#primaryimage"},"thumbnailUrl":"https:\/\/nordnesrepublikken.no\/wp-content\/uploads\/2026\/05\/1777700073_den-maler-4892-meter-over-havet-scaled.jpg","datePublished":"2026-05-02T05:34:31+00:00","dateModified":"2026-05-02T05:34:36+00:00","breadcrumb":{"@id":"https:\/\/nordnesrepublikken.no\/index.php\/2026\/05\/02\/den-maler-4892-meter-over-havet\/#breadcrumb"},"inLanguage":"nb-NO","potentialAction":[{"@type":"ReadAction","target":["https:\/\/nordnesrepublikken.no\/index.php\/2026\/05\/02\/den-maler-4892-meter-over-havet\/"]}]},{"@type":"ImageObject","inLanguage":"nb-NO","@id":"https:\/\/nordnesrepublikken.no\/index.php\/2026\/05\/02\/den-maler-4892-meter-over-havet\/#primaryimage","url":"https:\/\/nordnesrepublikken.no\/wp-content\/uploads\/2026\/05\/1777700073_den-maler-4892-meter-over-havet-scaled.jpg","contentUrl":"https:\/\/nordnesrepublikken.no\/wp-content\/uploads\/2026\/05\/1777700073_den-maler-4892-meter-over-havet-scaled.jpg","width":2560,"height":1597,"caption":"den m\u00e5ler 4892 meter over havet"},{"@type":"BreadcrumbList","@id":"https:\/\/nordnesrepublikken.no\/index.php\/2026\/05\/02\/den-maler-4892-meter-over-havet\/#breadcrumb","itemListElement":[{"@type":"ListItem","position":1,"name":"Home","item":"https:\/\/nordnesrepublikken.no\/"},{"@type":"ListItem","position":2,"name":"den m\u00e5ler 4892 meter over havet"}]},{"@type":"WebSite","@id":"https:\/\/nordnesrepublikken.no\/#website","url":"https:\/\/nordnesrepublikken.no\/","name":"Nordnesrepublikken","description":"Stemmer og Visjoner fra Republikkens Hjerte","publisher":{"@id":"https:\/\/nordnesrepublikken.no\/#organization"},"potentialAction":[{"@type":"SearchAction","target":{"@type":"EntryPoint","urlTemplate":"https:\/\/nordnesrepublikken.no\/?s={search_term_string}"},"query-input":{"@type":"PropertyValueSpecification","valueRequired":true,"valueName":"search_term_string"}}],"inLanguage":"nb-NO"},{"@type":"Organization","@id":"https:\/\/nordnesrepublikken.no\/#organization","name":"Nordnesrepublikken","url":"https:\/\/nordnesrepublikken.no\/","logo":{"@type":"ImageObject","inLanguage":"nb-NO","@id":"https:\/\/nordnesrepublikken.no\/#\/schema\/logo\/image\/","url":"https:\/\/nordnesrepublikken.no\/wp-content\/uploads\/2025\/02\/cropped-nordnesrepublikken-2.png","contentUrl":"https:\/\/nordnesrepublikken.no\/wp-content\/uploads\/2025\/02\/cropped-nordnesrepublikken-2.png","width":1248,"height":362,"caption":"Nordnesrepublikken"},"image":{"@id":"https:\/\/nordnesrepublikken.no\/#\/schema\/logo\/image\/"}},{"@type":"Person","@id":"https:\/\/nordnesrepublikken.no\/#\/schema\/person\/2e7e81935bab77882fffb79296240ff1","name":"Ole Andersen","image":{"@type":"ImageObject","inLanguage":"nb-NO","@id":"https:\/\/nordnesrepublikken.no\/#\/schema\/person\/image\/","url":"https:\/\/nordnesrepublikken.no\/wp-content\/uploads\/2025\/02\/nordnesrepublikken-2-2-150x150.jpg","contentUrl":"https:\/\/nordnesrepublikken.no\/wp-content\/uploads\/2025\/02\/nordnesrepublikken-2-2-150x150.jpg","caption":"Ole Andersen"},"description":"Ettersom jeg vokste opp i Oslo, har jeg alltid v\u00e6rt fascinert av ordenes kraft og deres evne til \u00e5 skape endringer. Etter \u00e5 ha fullf\u00f8rt min utdannelse i kommunikasjon ved Universitetet i Bergen, fikk jeg muligheten til \u00e5 jobbe innen ulike medier, der jeg har s\u00f8kt \u00e5 belyse viktige samfunnssp\u00f8rsm\u00e5l. I dag, som redakt\u00f8r for Nordnesrepublikken, pr\u00f8ver jeg \u00e5 forene min kj\u00e6rlighet for journalistikk med min lidenskap for innovasjon og eventyr.","sameAs":["https:\/\/nordnesrepublikken.no\/"]}]}},"_links":{"self":[{"href":"https:\/\/nordnesrepublikken.no\/index.php\/wp-json\/wp\/v2\/posts\/17674","targetHints":{"allow":["GET"]}}],"collection":[{"href":"https:\/\/nordnesrepublikken.no\/index.php\/wp-json\/wp\/v2\/posts"}],"about":[{"href":"https:\/\/nordnesrepublikken.no\/index.php\/wp-json\/wp\/v2\/types\/post"}],"author":[{"embeddable":true,"href":"https:\/\/nordnesrepublikken.no\/index.php\/wp-json\/wp\/v2\/users\/1"}],"replies":[{"embeddable":true,"href":"https:\/\/nordnesrepublikken.no\/index.php\/wp-json\/wp\/v2\/comments?post=17674"}],"version-history":[{"count":1,"href":"https:\/\/nordnesrepublikken.no\/index.php\/wp-json\/wp\/v2\/posts\/17674\/revisions"}],"predecessor-version":[{"id":17676,"href":"https:\/\/nordnesrepublikken.no\/index.php\/wp-json\/wp\/v2\/posts\/17674\/revisions\/17676"}],"wp:featuredmedia":[{"embeddable":true,"href":"https:\/\/nordnesrepublikken.no\/index.php\/wp-json\/wp\/v2\/media\/17675"}],"wp:attachment":[{"href":"https:\/\/nordnesrepublikken.no\/index.php\/wp-json\/wp\/v2\/media?parent=17674"}],"wp:term":[{"taxonomy":"category","embeddable":true,"href":"https:\/\/nordnesrepublikken.no\/index.php\/wp-json\/wp\/v2\/categories?post=17674"},{"taxonomy":"post_tag","embeddable":true,"href":"https:\/\/nordnesrepublikken.no\/index.php\/wp-json\/wp\/v2\/tags?post=17674"}],"curies":[{"name":"wp","href":"https:\/\/api.w.org\/{rel}","templated":true}]}}