{"id":17653,"date":"2026-05-01T12:55:23","date_gmt":"2026-05-01T10:55:23","guid":{"rendered":"https:\/\/nordnesrepublikken.no\/index.php\/2026\/05\/01\/ny-eu-bilregel-vil-fa-bremselysene-til-a-blinke-og-endre-hvordan-sjaforene-reagerer-pa-sekunder\/"},"modified":"2026-05-01T12:55:25","modified_gmt":"2026-05-01T10:55:25","slug":"ny-eu-bilregel-vil-fa-bremselysene-til-a-blinke-og-endre-hvordan-sjaforene-reagerer-pa-sekunder","status":"publish","type":"post","link":"https:\/\/nordnesrepublikken.no\/index.php\/2026\/05\/01\/ny-eu-bilregel-vil-fa-bremselysene-til-a-blinke-og-endre-hvordan-sjaforene-reagerer-pa-sekunder\/","title":{"rendered":"Ny EU-bilregel vil f\u00e5 bremselysene til \u00e5 blinke og endre hvordan sj\u00e5f\u00f8rene reagerer p\u00e5 sekunder"},"content":{"rendered":"<p><\/p>\n<div class=\"wordpress-content\">\n                    <!-- Article Start --><\/p>\n<p>Fra 7. juli 2026 vil hver ny bil som er registrert i EU m\u00e5tte komme med et sett med innebygde sikkerhetssystemer, og ett av dem er noe sj\u00e5f\u00f8rene vil oppdage med en gang. N\u00e5r et kj\u00f8ret\u00f8y bremser kraftig, vil baklysene blinke raskt i stedet for \u00e5 holde seg st\u00f8dige, noe som gir en klarere advarsel til bilen bak.<\/p>\n<p>Det h\u00f8res ut som en liten endring, men den retter seg mot en sv\u00e6rt vanlig type ulykke. For sj\u00e5f\u00f8rer i Spania og over hele Europa vil det sannsynligvis bli et kjent syn i l\u00f8pet av de neste \u00e5rene ettersom nyere biler gradvis erstatter eldre p\u00e5 veien.<\/p>\n<p>Og viktigere, ingenting endres over natten for biler som allerede er i bruk.<\/p>\n<div class=\"sra_unit\"><link rel=\"stylesheet\" id=\"block-sra\" href=\"https:\/\/euroweeklynews.com\/wp-content\/plugins\/snack-related-articles\/dist\/css\/snack-related.min.css?250312-193541\" type=\"text\/css\" media=\"all\">\n<\/div>\n<h2>Hvorfor blinkende bremselys introduseres<\/h2>\n<p>Alle som kj\u00f8rer jevnlig vet hvor lett det er \u00e5 feilvurdere bilen foran.<\/p>\n<p>I trafikkert trafikk eller p\u00e5 raske veier viser ikke alltid et standard bremselys hvor akutt situasjonen er. En sj\u00e5f\u00f8r kan trykke lett p\u00e5 bremsene eller sl\u00e5 dem hardt, og bakfra kan begge se like ut p\u00e5 et \u00f8yeblikk.<\/p>\n<p>Det er der blinkende lys kommer inn.<\/p>\n<p>N\u00e5r systemet oppdager br\u00e5 eller kraftig bremsing, blinker lysene raskt for \u00e5 signalisere at noe alvorlig skjer. Tanken er enkel. Gj\u00f8r advarselen mer tydelig, og f\u00f8reren bak reagerer raskere.<\/p>\n<p>Det ekstra \u00f8yeblikket kan v\u00e6re nok til \u00e5 unng\u00e5 en kollisjon eller i det minste redusere st\u00f8tet.<\/p>\n<p>Krasj bakfra er fortsatt en av de vanligste ulykkene p\u00e5 europeiske veier. Selv en liten forbedring i reaksjonstid kan gj\u00f8re en forskjell.<\/p>\n<h2>Andre sikkerhetsfunksjoner kommer samtidig<\/h2>\n<p>Blinkende bremselys er bare en del av et bredere sett med regler som trer i kraft samme dato.<\/p>\n<p>Fra juli 2026 m\u00e5 nye kj\u00f8ret\u00f8y ogs\u00e5 inkludere:<\/p>\n<ul>\n<li>Automatiske n\u00f8dbremsesystemer som kan tre inn hvis en kollisjon er sannsynlig<\/li>\n<li>Kj\u00f8refelthjelp for \u00e5 forhindre at du kj\u00f8rer ut av kj\u00f8refeltet<\/li>\n<li>Advarsler for f\u00f8rertr\u00f8tthet eller tap av oppmerksomhet<\/li>\n<\/ul>\n<p>Intelligent Speed \u200b\u200bAssistance, som hjelper sj\u00e5f\u00f8rene \u00e5 holde seg innenfor fartsgrensene<\/p>\n<p>En hendelsesdataopptaker som lagrer informasjon i tilfelle en ulykke. Forberedelse for alkol\u00e5ssystemer, som kan stoppe en bil fra \u00e5 starte hvis sj\u00e5f\u00f8ren har drukket. Noen av disse funksjonene finnes allerede i nyere modeller, men de vil n\u00e5 bli standard i stedet for valgfrie.<\/p>\n<p>For kj\u00f8pere betyr det at biler kommer med mer innebygd sikkerhet som en del av grunnpakken.<\/p>\n<h2>Hva sj\u00e5f\u00f8rer i Spania trenger \u00e5 vite<\/h2>\n<p>Ett poeng er verdt \u00e5 gj\u00f8re klart. Disse reglene gjelder kun for nye kj\u00f8ret\u00f8y registrert fra juli 2026 og utover. Hvis du allerede eier en bil, trenger du ikke endre noe.<\/p>\n<p>Det er ingen krav om \u00e5 ettermontere eldre kj\u00f8ret\u00f8y eller installere nye systemer. Skiftet vil skje gradvis etter hvert som folk bytter ut bilene sine over tid.<\/p>\n<p>S\u00e5 hvis du kj\u00f8rer i Spania i dag, vil du ikke plutselig se alle kj\u00f8ret\u00f8y med blinkende bremselys. Det vil ta noen \u00e5r f\u00f8r endringen blir utbredt.<\/p>\n<h2>Vil det faktisk utgj\u00f8re en forskjell<\/h2>\n<p>Det er sp\u00f8rsm\u00e5let mange sj\u00e5f\u00f8rer vil stille. I seg selv forhindrer ikke et blinkende lys ulykker. Men det forbedrer kommunikasjonen mellom sj\u00e5f\u00f8rer, og det er der verdien ligger.<\/p>\n<p>Kj\u00f8ringen er full av sm\u00e5 signaler. Blinklys, bremselys, veimerking. De hjelper alle sj\u00e5f\u00f8rer med \u00e5 forst\u00e5 hva andre gj\u00f8r. Ved \u00e5 gj\u00f8re n\u00f8dbremsing mer synlig, har systemet som m\u00e5l \u00e5 redusere forvirring i kritiske \u00f8yeblikk.<\/p>\n<p>Det handler ikke om \u00e5 endre hvordan folk kj\u00f8rer. Det handler om \u00e5 gi dem klarere informasjon n\u00e5r det betyr mest.<\/p>\n<h2>Hvordan kj\u00f8revaner kan utvikle seg<\/h2>\n<p>Til \u00e5 begynne med kunne det f\u00f8les uvanlig \u00e5 se blinkende bremselys, spesielt for de som har kj\u00f8rt i \u00e5revis. Men som mange sikkerhetsfunksjoner, vil det sannsynligvis bli normalt ganske raskt.<\/p>\n<p>Tenk p\u00e5 hvordan bilbeltevarsler eller parkeringssensorer en gang ble sett p\u00e5 som ekstrautstyr og n\u00e5 er standard.<\/p>\n<p>Det samme kan skje her. Sj\u00e5f\u00f8rer kan begynne \u00e5 gjenkjenne forskjellen mellom en svak nedkj\u00f8ring og en br\u00e5 stopp mer instinktivt, rett og slett fordi signalet er klarere.<\/p>\n<p>For nye sj\u00e5f\u00f8rer vil det v\u00e6re en del av hvordan de l\u00e6rer fra starten.<\/p>\n<h2>Del av et bredere skifte innen bilsikkerhet<\/h2>\n<p>Disse endringene er en del av en bredere innsats fra EU for \u00e5 redusere alvorlige ulykker og forbedre trafikksikkerheten. Menneskelige feil spiller fortsatt en rolle i mange krasj, enten det er p\u00e5 grunn av distraksjon, tretthet eller forsinkede reaksjoner.<\/p>\n<p>Teknologi blir i \u00f8kende grad brukt for \u00e5 st\u00f8tte sj\u00e5f\u00f8rer i disse \u00f8yeblikkene. Noen systemer advarer. Andre hjelper. Noen f\u00e5 kan til og med gripe inn.<\/p>\n<p>M\u00e5let er ikke \u00e5 ta kontrollen fra f\u00f8reren, men \u00e5 redusere sjansene for at noe g\u00e5r galt. Blinkende bremselys sitter et sted i midten. De handler ikke p\u00e5 vegne av sj\u00e5f\u00f8ren, men de gj\u00f8r handlingene deres lettere \u00e5 lese.<\/p>\n<h2>En endring du vil begynne \u00e5 merke<\/h2>\n<p>Forel\u00f8pig vil de fleste sj\u00e5f\u00f8rer ikke se noen forskjell.<\/p>\n<p>Men fra midten av 2026 og utover vil alle som kj\u00f8per en ny bil i Spania eller andre steder i EU kj\u00f8re et kj\u00f8ret\u00f8y med disse systemene allerede p\u00e5 plass.<\/p>\n<p>Og alle som f\u00f8lger etter vil begynne \u00e5 legge merke til noe nytt. Et br\u00e5stopp vil ikke lenger bare v\u00e6re et r\u00f8dt lys. Den vil blinke, og den blinken kan v\u00e6re signalet som gir deg akkurat nok tid til \u00e5 reagere.<\/p>\n<p>                    <!-- Originally published at https:\/\/euroweeklynews.com\/2026\/05\/01\/new-eu-car-rule-will-make-brake-lights-flash-and-change-how-drivers-react-in-seconds\/ on 01 May 2026 at 12:17 by Farah Mokrani --><br \/>\n                    <!-- Article End -->\n                <\/div>\n","protected":false},"excerpt":{"rendered":"<p>Fra 7. juli 2026 vil hver ny bil som er registrert i EU m\u00e5tte komme<\/p>\n","protected":false},"author":1,"featured_media":17654,"comment_status":"closed","ping_status":"open","sticky":false,"template":"","format":"standard","meta":{"footnotes":""},"categories":[105],"tags":[11374,11373,1237,10288,877,112,81,1033,1455,2396,117,149],"class_list":["post-17653","post","type-post","status-publish","format-standard","has-post-thumbnail","hentry","category-livsstil","tag-blinke","tag-bremselysene","tag-endre","tag-eubilregel","tag-fa","tag-hvordan","tag-pa","tag-reagerer","tag-sekunder","tag-sjaforene","tag-til","tag-vil","generate-columns","tablet-grid-50","mobile-grid-100","grid-parent","grid-33","resize-featured-image"],"yoast_head":"<!-- This site is optimized with the Yoast SEO plugin v24.4 - https:\/\/yoast.com\/wordpress\/plugins\/seo\/ -->\n<title>Ny EU-bilregel vil f\u00e5 bremselysene til \u00e5 blinke og endre hvordan sj\u00e5f\u00f8rene reagerer p\u00e5 sekunder - Nordnesrepublikken<\/title>\n<meta name=\"robots\" content=\"index, follow, max-snippet:-1, max-image-preview:large, max-video-preview:-1\" \/>\n<link rel=\"canonical\" href=\"https:\/\/nordnesrepublikken.no\/index.php\/2026\/05\/01\/ny-eu-bilregel-vil-fa-bremselysene-til-a-blinke-og-endre-hvordan-sjaforene-reagerer-pa-sekunder\/\" \/>\n<meta property=\"og:locale\" content=\"nb_NO\" \/>\n<meta property=\"og:type\" content=\"article\" \/>\n<meta property=\"og:title\" content=\"Ny EU-bilregel vil f\u00e5 bremselysene til \u00e5 blinke og endre hvordan sj\u00e5f\u00f8rene reagerer p\u00e5 sekunder - Nordnesrepublikken\" \/>\n<meta property=\"og:description\" content=\"Fra 7. juli 2026 vil hver ny bil som er registrert i EU m\u00e5tte komme\" \/>\n<meta property=\"og:url\" content=\"https:\/\/nordnesrepublikken.no\/index.php\/2026\/05\/01\/ny-eu-bilregel-vil-fa-bremselysene-til-a-blinke-og-endre-hvordan-sjaforene-reagerer-pa-sekunder\/\" \/>\n<meta property=\"og:site_name\" content=\"Nordnesrepublikken\" \/>\n<meta property=\"article:published_time\" content=\"2026-05-01T10:55:23+00:00\" \/>\n<meta property=\"article:modified_time\" content=\"2026-05-01T10:55:25+00:00\" \/>\n<meta property=\"og:image\" content=\"https:\/\/nordnesrepublikken.no\/wp-content\/uploads\/2026\/05\/1777632925_Ny-EU-bilregel-vil-fa-bremselysene-til-a-blinke-og-endre.jpg\" \/>\n\t<meta property=\"og:image:width\" content=\"1200\" \/>\n\t<meta property=\"og:image:height\" content=\"800\" \/>\n\t<meta property=\"og:image:type\" content=\"image\/jpeg\" \/>\n<meta name=\"author\" content=\"Ole Andersen\" \/>\n<meta name=\"twitter:card\" content=\"summary_large_image\" \/>\n<meta name=\"twitter:label1\" content=\"Skrevet av\" \/>\n\t<meta name=\"twitter:data1\" content=\"Ole Andersen\" \/>\n\t<meta name=\"twitter:label2\" content=\"Ansl. lesetid\" \/>\n\t<meta name=\"twitter:data2\" content=\"5 minutter\" \/>\n<script type=\"application\/ld+json\" class=\"yoast-schema-graph\">{\"@context\":\"https:\/\/schema.org\",\"@graph\":[{\"@type\":\"Article\",\"@id\":\"https:\/\/nordnesrepublikken.no\/index.php\/2026\/05\/01\/ny-eu-bilregel-vil-fa-bremselysene-til-a-blinke-og-endre-hvordan-sjaforene-reagerer-pa-sekunder\/#article\",\"isPartOf\":{\"@id\":\"https:\/\/nordnesrepublikken.no\/index.php\/2026\/05\/01\/ny-eu-bilregel-vil-fa-bremselysene-til-a-blinke-og-endre-hvordan-sjaforene-reagerer-pa-sekunder\/\"},\"author\":{\"name\":\"Ole Andersen\",\"@id\":\"https:\/\/nordnesrepublikken.no\/#\/schema\/person\/2e7e81935bab77882fffb79296240ff1\"},\"headline\":\"Ny EU-bilregel vil f\u00e5 bremselysene til \u00e5 blinke og endre hvordan sj\u00e5f\u00f8rene reagerer p\u00e5 sekunder\",\"datePublished\":\"2026-05-01T10:55:23+00:00\",\"dateModified\":\"2026-05-01T10:55:25+00:00\",\"mainEntityOfPage\":{\"@id\":\"https:\/\/nordnesrepublikken.no\/index.php\/2026\/05\/01\/ny-eu-bilregel-vil-fa-bremselysene-til-a-blinke-og-endre-hvordan-sjaforene-reagerer-pa-sekunder\/\"},\"wordCount\":928,\"publisher\":{\"@id\":\"https:\/\/nordnesrepublikken.no\/#organization\"},\"image\":{\"@id\":\"https:\/\/nordnesrepublikken.no\/index.php\/2026\/05\/01\/ny-eu-bilregel-vil-fa-bremselysene-til-a-blinke-og-endre-hvordan-sjaforene-reagerer-pa-sekunder\/#primaryimage\"},\"thumbnailUrl\":\"https:\/\/nordnesrepublikken.no\/wp-content\/uploads\/2026\/05\/1777632925_Ny-EU-bilregel-vil-fa-bremselysene-til-a-blinke-og-endre.jpg\",\"keywords\":[\"blinke\",\"bremselysene\",\"endre\",\"EUbilregel\",\"f\u00e5\",\"Hvordan\",\"p\u00e5\",\"reagerer\",\"sekunder\",\"sj\u00e5f\u00f8rene\",\"til\",\"vil\"],\"articleSection\":[\"Livsstil\"],\"inLanguage\":\"nb-NO\"},{\"@type\":\"WebPage\",\"@id\":\"https:\/\/nordnesrepublikken.no\/index.php\/2026\/05\/01\/ny-eu-bilregel-vil-fa-bremselysene-til-a-blinke-og-endre-hvordan-sjaforene-reagerer-pa-sekunder\/\",\"url\":\"https:\/\/nordnesrepublikken.no\/index.php\/2026\/05\/01\/ny-eu-bilregel-vil-fa-bremselysene-til-a-blinke-og-endre-hvordan-sjaforene-reagerer-pa-sekunder\/\",\"name\":\"Ny EU-bilregel vil f\u00e5 bremselysene til \u00e5 blinke og endre hvordan sj\u00e5f\u00f8rene reagerer p\u00e5 sekunder - Nordnesrepublikken\",\"isPartOf\":{\"@id\":\"https:\/\/nordnesrepublikken.no\/#website\"},\"primaryImageOfPage\":{\"@id\":\"https:\/\/nordnesrepublikken.no\/index.php\/2026\/05\/01\/ny-eu-bilregel-vil-fa-bremselysene-til-a-blinke-og-endre-hvordan-sjaforene-reagerer-pa-sekunder\/#primaryimage\"},\"image\":{\"@id\":\"https:\/\/nordnesrepublikken.no\/index.php\/2026\/05\/01\/ny-eu-bilregel-vil-fa-bremselysene-til-a-blinke-og-endre-hvordan-sjaforene-reagerer-pa-sekunder\/#primaryimage\"},\"thumbnailUrl\":\"https:\/\/nordnesrepublikken.no\/wp-content\/uploads\/2026\/05\/1777632925_Ny-EU-bilregel-vil-fa-bremselysene-til-a-blinke-og-endre.jpg\",\"datePublished\":\"2026-05-01T10:55:23+00:00\",\"dateModified\":\"2026-05-01T10:55:25+00:00\",\"breadcrumb\":{\"@id\":\"https:\/\/nordnesrepublikken.no\/index.php\/2026\/05\/01\/ny-eu-bilregel-vil-fa-bremselysene-til-a-blinke-og-endre-hvordan-sjaforene-reagerer-pa-sekunder\/#breadcrumb\"},\"inLanguage\":\"nb-NO\",\"potentialAction\":[{\"@type\":\"ReadAction\",\"target\":[\"https:\/\/nordnesrepublikken.no\/index.php\/2026\/05\/01\/ny-eu-bilregel-vil-fa-bremselysene-til-a-blinke-og-endre-hvordan-sjaforene-reagerer-pa-sekunder\/\"]}]},{\"@type\":\"ImageObject\",\"inLanguage\":\"nb-NO\",\"@id\":\"https:\/\/nordnesrepublikken.no\/index.php\/2026\/05\/01\/ny-eu-bilregel-vil-fa-bremselysene-til-a-blinke-og-endre-hvordan-sjaforene-reagerer-pa-sekunder\/#primaryimage\",\"url\":\"https:\/\/nordnesrepublikken.no\/wp-content\/uploads\/2026\/05\/1777632925_Ny-EU-bilregel-vil-fa-bremselysene-til-a-blinke-og-endre.jpg\",\"contentUrl\":\"https:\/\/nordnesrepublikken.no\/wp-content\/uploads\/2026\/05\/1777632925_Ny-EU-bilregel-vil-fa-bremselysene-til-a-blinke-og-endre.jpg\",\"width\":1200,\"height\":800,\"caption\":\"Ny EU-bilregel vil f\u00e5 bremselysene til \u00e5 blinke og endre hvordan sj\u00e5f\u00f8rene reagerer p\u00e5 sekunder\"},{\"@type\":\"BreadcrumbList\",\"@id\":\"https:\/\/nordnesrepublikken.no\/index.php\/2026\/05\/01\/ny-eu-bilregel-vil-fa-bremselysene-til-a-blinke-og-endre-hvordan-sjaforene-reagerer-pa-sekunder\/#breadcrumb\",\"itemListElement\":[{\"@type\":\"ListItem\",\"position\":1,\"name\":\"Home\",\"item\":\"https:\/\/nordnesrepublikken.no\/\"},{\"@type\":\"ListItem\",\"position\":2,\"name\":\"Ny EU-bilregel vil f\u00e5 bremselysene til \u00e5 blinke og endre hvordan sj\u00e5f\u00f8rene reagerer p\u00e5 sekunder\"}]},{\"@type\":\"WebSite\",\"@id\":\"https:\/\/nordnesrepublikken.no\/#website\",\"url\":\"https:\/\/nordnesrepublikken.no\/\",\"name\":\"Nordnesrepublikken\",\"description\":\"Stemmer og Visjoner fra Republikkens Hjerte\",\"publisher\":{\"@id\":\"https:\/\/nordnesrepublikken.no\/#organization\"},\"potentialAction\":[{\"@type\":\"SearchAction\",\"target\":{\"@type\":\"EntryPoint\",\"urlTemplate\":\"https:\/\/nordnesrepublikken.no\/?s={search_term_string}\"},\"query-input\":{\"@type\":\"PropertyValueSpecification\",\"valueRequired\":true,\"valueName\":\"search_term_string\"}}],\"inLanguage\":\"nb-NO\"},{\"@type\":\"Organization\",\"@id\":\"https:\/\/nordnesrepublikken.no\/#organization\",\"name\":\"Nordnesrepublikken\",\"url\":\"https:\/\/nordnesrepublikken.no\/\",\"logo\":{\"@type\":\"ImageObject\",\"inLanguage\":\"nb-NO\",\"@id\":\"https:\/\/nordnesrepublikken.no\/#\/schema\/logo\/image\/\",\"url\":\"https:\/\/nordnesrepublikken.no\/wp-content\/uploads\/2025\/02\/cropped-nordnesrepublikken-2.png\",\"contentUrl\":\"https:\/\/nordnesrepublikken.no\/wp-content\/uploads\/2025\/02\/cropped-nordnesrepublikken-2.png\",\"width\":1248,\"height\":362,\"caption\":\"Nordnesrepublikken\"},\"image\":{\"@id\":\"https:\/\/nordnesrepublikken.no\/#\/schema\/logo\/image\/\"}},{\"@type\":\"Person\",\"@id\":\"https:\/\/nordnesrepublikken.no\/#\/schema\/person\/2e7e81935bab77882fffb79296240ff1\",\"name\":\"Ole Andersen\",\"image\":{\"@type\":\"ImageObject\",\"inLanguage\":\"nb-NO\",\"@id\":\"https:\/\/nordnesrepublikken.no\/#\/schema\/person\/image\/\",\"url\":\"https:\/\/nordnesrepublikken.no\/wp-content\/uploads\/2025\/02\/nordnesrepublikken-2-2-150x150.jpg\",\"contentUrl\":\"https:\/\/nordnesrepublikken.no\/wp-content\/uploads\/2025\/02\/nordnesrepublikken-2-2-150x150.jpg\",\"caption\":\"Ole Andersen\"},\"description\":\"Ettersom jeg vokste opp i Oslo, har jeg alltid v\u00e6rt fascinert av ordenes kraft og deres evne til \u00e5 skape endringer. Etter \u00e5 ha fullf\u00f8rt min utdannelse i kommunikasjon ved Universitetet i Bergen, fikk jeg muligheten til \u00e5 jobbe innen ulike medier, der jeg har s\u00f8kt \u00e5 belyse viktige samfunnssp\u00f8rsm\u00e5l. I dag, som redakt\u00f8r for Nordnesrepublikken, pr\u00f8ver jeg \u00e5 forene min kj\u00e6rlighet for journalistikk med min lidenskap for innovasjon og eventyr.\",\"sameAs\":[\"https:\/\/nordnesrepublikken.no\/\"]}]}<\/script>\n<!-- \/ Yoast SEO plugin. -->","yoast_head_json":{"title":"Ny EU-bilregel vil f\u00e5 bremselysene til \u00e5 blinke og endre hvordan sj\u00e5f\u00f8rene reagerer p\u00e5 sekunder - Nordnesrepublikken","robots":{"index":"index","follow":"follow","max-snippet":"max-snippet:-1","max-image-preview":"max-image-preview:large","max-video-preview":"max-video-preview:-1"},"canonical":"https:\/\/nordnesrepublikken.no\/index.php\/2026\/05\/01\/ny-eu-bilregel-vil-fa-bremselysene-til-a-blinke-og-endre-hvordan-sjaforene-reagerer-pa-sekunder\/","og_locale":"nb_NO","og_type":"article","og_title":"Ny EU-bilregel vil f\u00e5 bremselysene til \u00e5 blinke og endre hvordan sj\u00e5f\u00f8rene reagerer p\u00e5 sekunder - Nordnesrepublikken","og_description":"Fra 7. juli 2026 vil hver ny bil som er registrert i EU m\u00e5tte komme","og_url":"https:\/\/nordnesrepublikken.no\/index.php\/2026\/05\/01\/ny-eu-bilregel-vil-fa-bremselysene-til-a-blinke-og-endre-hvordan-sjaforene-reagerer-pa-sekunder\/","og_site_name":"Nordnesrepublikken","article_published_time":"2026-05-01T10:55:23+00:00","article_modified_time":"2026-05-01T10:55:25+00:00","og_image":[{"width":1200,"height":800,"url":"https:\/\/nordnesrepublikken.no\/wp-content\/uploads\/2026\/05\/1777632925_Ny-EU-bilregel-vil-fa-bremselysene-til-a-blinke-og-endre.jpg","type":"image\/jpeg"}],"author":"Ole Andersen","twitter_card":"summary_large_image","twitter_misc":{"Skrevet av":"Ole Andersen","Ansl. lesetid":"5 minutter"},"schema":{"@context":"https:\/\/schema.org","@graph":[{"@type":"Article","@id":"https:\/\/nordnesrepublikken.no\/index.php\/2026\/05\/01\/ny-eu-bilregel-vil-fa-bremselysene-til-a-blinke-og-endre-hvordan-sjaforene-reagerer-pa-sekunder\/#article","isPartOf":{"@id":"https:\/\/nordnesrepublikken.no\/index.php\/2026\/05\/01\/ny-eu-bilregel-vil-fa-bremselysene-til-a-blinke-og-endre-hvordan-sjaforene-reagerer-pa-sekunder\/"},"author":{"name":"Ole Andersen","@id":"https:\/\/nordnesrepublikken.no\/#\/schema\/person\/2e7e81935bab77882fffb79296240ff1"},"headline":"Ny EU-bilregel vil f\u00e5 bremselysene til \u00e5 blinke og endre hvordan sj\u00e5f\u00f8rene reagerer p\u00e5 sekunder","datePublished":"2026-05-01T10:55:23+00:00","dateModified":"2026-05-01T10:55:25+00:00","mainEntityOfPage":{"@id":"https:\/\/nordnesrepublikken.no\/index.php\/2026\/05\/01\/ny-eu-bilregel-vil-fa-bremselysene-til-a-blinke-og-endre-hvordan-sjaforene-reagerer-pa-sekunder\/"},"wordCount":928,"publisher":{"@id":"https:\/\/nordnesrepublikken.no\/#organization"},"image":{"@id":"https:\/\/nordnesrepublikken.no\/index.php\/2026\/05\/01\/ny-eu-bilregel-vil-fa-bremselysene-til-a-blinke-og-endre-hvordan-sjaforene-reagerer-pa-sekunder\/#primaryimage"},"thumbnailUrl":"https:\/\/nordnesrepublikken.no\/wp-content\/uploads\/2026\/05\/1777632925_Ny-EU-bilregel-vil-fa-bremselysene-til-a-blinke-og-endre.jpg","keywords":["blinke","bremselysene","endre","EUbilregel","f\u00e5","Hvordan","p\u00e5","reagerer","sekunder","sj\u00e5f\u00f8rene","til","vil"],"articleSection":["Livsstil"],"inLanguage":"nb-NO"},{"@type":"WebPage","@id":"https:\/\/nordnesrepublikken.no\/index.php\/2026\/05\/01\/ny-eu-bilregel-vil-fa-bremselysene-til-a-blinke-og-endre-hvordan-sjaforene-reagerer-pa-sekunder\/","url":"https:\/\/nordnesrepublikken.no\/index.php\/2026\/05\/01\/ny-eu-bilregel-vil-fa-bremselysene-til-a-blinke-og-endre-hvordan-sjaforene-reagerer-pa-sekunder\/","name":"Ny EU-bilregel vil f\u00e5 bremselysene til \u00e5 blinke og endre hvordan sj\u00e5f\u00f8rene reagerer p\u00e5 sekunder - Nordnesrepublikken","isPartOf":{"@id":"https:\/\/nordnesrepublikken.no\/#website"},"primaryImageOfPage":{"@id":"https:\/\/nordnesrepublikken.no\/index.php\/2026\/05\/01\/ny-eu-bilregel-vil-fa-bremselysene-til-a-blinke-og-endre-hvordan-sjaforene-reagerer-pa-sekunder\/#primaryimage"},"image":{"@id":"https:\/\/nordnesrepublikken.no\/index.php\/2026\/05\/01\/ny-eu-bilregel-vil-fa-bremselysene-til-a-blinke-og-endre-hvordan-sjaforene-reagerer-pa-sekunder\/#primaryimage"},"thumbnailUrl":"https:\/\/nordnesrepublikken.no\/wp-content\/uploads\/2026\/05\/1777632925_Ny-EU-bilregel-vil-fa-bremselysene-til-a-blinke-og-endre.jpg","datePublished":"2026-05-01T10:55:23+00:00","dateModified":"2026-05-01T10:55:25+00:00","breadcrumb":{"@id":"https:\/\/nordnesrepublikken.no\/index.php\/2026\/05\/01\/ny-eu-bilregel-vil-fa-bremselysene-til-a-blinke-og-endre-hvordan-sjaforene-reagerer-pa-sekunder\/#breadcrumb"},"inLanguage":"nb-NO","potentialAction":[{"@type":"ReadAction","target":["https:\/\/nordnesrepublikken.no\/index.php\/2026\/05\/01\/ny-eu-bilregel-vil-fa-bremselysene-til-a-blinke-og-endre-hvordan-sjaforene-reagerer-pa-sekunder\/"]}]},{"@type":"ImageObject","inLanguage":"nb-NO","@id":"https:\/\/nordnesrepublikken.no\/index.php\/2026\/05\/01\/ny-eu-bilregel-vil-fa-bremselysene-til-a-blinke-og-endre-hvordan-sjaforene-reagerer-pa-sekunder\/#primaryimage","url":"https:\/\/nordnesrepublikken.no\/wp-content\/uploads\/2026\/05\/1777632925_Ny-EU-bilregel-vil-fa-bremselysene-til-a-blinke-og-endre.jpg","contentUrl":"https:\/\/nordnesrepublikken.no\/wp-content\/uploads\/2026\/05\/1777632925_Ny-EU-bilregel-vil-fa-bremselysene-til-a-blinke-og-endre.jpg","width":1200,"height":800,"caption":"Ny EU-bilregel vil f\u00e5 bremselysene til \u00e5 blinke og endre hvordan sj\u00e5f\u00f8rene reagerer p\u00e5 sekunder"},{"@type":"BreadcrumbList","@id":"https:\/\/nordnesrepublikken.no\/index.php\/2026\/05\/01\/ny-eu-bilregel-vil-fa-bremselysene-til-a-blinke-og-endre-hvordan-sjaforene-reagerer-pa-sekunder\/#breadcrumb","itemListElement":[{"@type":"ListItem","position":1,"name":"Home","item":"https:\/\/nordnesrepublikken.no\/"},{"@type":"ListItem","position":2,"name":"Ny EU-bilregel vil f\u00e5 bremselysene til \u00e5 blinke og endre hvordan sj\u00e5f\u00f8rene reagerer p\u00e5 sekunder"}]},{"@type":"WebSite","@id":"https:\/\/nordnesrepublikken.no\/#website","url":"https:\/\/nordnesrepublikken.no\/","name":"Nordnesrepublikken","description":"Stemmer og Visjoner fra Republikkens Hjerte","publisher":{"@id":"https:\/\/nordnesrepublikken.no\/#organization"},"potentialAction":[{"@type":"SearchAction","target":{"@type":"EntryPoint","urlTemplate":"https:\/\/nordnesrepublikken.no\/?s={search_term_string}"},"query-input":{"@type":"PropertyValueSpecification","valueRequired":true,"valueName":"search_term_string"}}],"inLanguage":"nb-NO"},{"@type":"Organization","@id":"https:\/\/nordnesrepublikken.no\/#organization","name":"Nordnesrepublikken","url":"https:\/\/nordnesrepublikken.no\/","logo":{"@type":"ImageObject","inLanguage":"nb-NO","@id":"https:\/\/nordnesrepublikken.no\/#\/schema\/logo\/image\/","url":"https:\/\/nordnesrepublikken.no\/wp-content\/uploads\/2025\/02\/cropped-nordnesrepublikken-2.png","contentUrl":"https:\/\/nordnesrepublikken.no\/wp-content\/uploads\/2025\/02\/cropped-nordnesrepublikken-2.png","width":1248,"height":362,"caption":"Nordnesrepublikken"},"image":{"@id":"https:\/\/nordnesrepublikken.no\/#\/schema\/logo\/image\/"}},{"@type":"Person","@id":"https:\/\/nordnesrepublikken.no\/#\/schema\/person\/2e7e81935bab77882fffb79296240ff1","name":"Ole Andersen","image":{"@type":"ImageObject","inLanguage":"nb-NO","@id":"https:\/\/nordnesrepublikken.no\/#\/schema\/person\/image\/","url":"https:\/\/nordnesrepublikken.no\/wp-content\/uploads\/2025\/02\/nordnesrepublikken-2-2-150x150.jpg","contentUrl":"https:\/\/nordnesrepublikken.no\/wp-content\/uploads\/2025\/02\/nordnesrepublikken-2-2-150x150.jpg","caption":"Ole Andersen"},"description":"Ettersom jeg vokste opp i Oslo, har jeg alltid v\u00e6rt fascinert av ordenes kraft og deres evne til \u00e5 skape endringer. Etter \u00e5 ha fullf\u00f8rt min utdannelse i kommunikasjon ved Universitetet i Bergen, fikk jeg muligheten til \u00e5 jobbe innen ulike medier, der jeg har s\u00f8kt \u00e5 belyse viktige samfunnssp\u00f8rsm\u00e5l. I dag, som redakt\u00f8r for Nordnesrepublikken, pr\u00f8ver jeg \u00e5 forene min kj\u00e6rlighet for journalistikk med min lidenskap for innovasjon og eventyr.","sameAs":["https:\/\/nordnesrepublikken.no\/"]}]}},"_links":{"self":[{"href":"https:\/\/nordnesrepublikken.no\/index.php\/wp-json\/wp\/v2\/posts\/17653","targetHints":{"allow":["GET"]}}],"collection":[{"href":"https:\/\/nordnesrepublikken.no\/index.php\/wp-json\/wp\/v2\/posts"}],"about":[{"href":"https:\/\/nordnesrepublikken.no\/index.php\/wp-json\/wp\/v2\/types\/post"}],"author":[{"embeddable":true,"href":"https:\/\/nordnesrepublikken.no\/index.php\/wp-json\/wp\/v2\/users\/1"}],"replies":[{"embeddable":true,"href":"https:\/\/nordnesrepublikken.no\/index.php\/wp-json\/wp\/v2\/comments?post=17653"}],"version-history":[{"count":1,"href":"https:\/\/nordnesrepublikken.no\/index.php\/wp-json\/wp\/v2\/posts\/17653\/revisions"}],"predecessor-version":[{"id":17655,"href":"https:\/\/nordnesrepublikken.no\/index.php\/wp-json\/wp\/v2\/posts\/17653\/revisions\/17655"}],"wp:featuredmedia":[{"embeddable":true,"href":"https:\/\/nordnesrepublikken.no\/index.php\/wp-json\/wp\/v2\/media\/17654"}],"wp:attachment":[{"href":"https:\/\/nordnesrepublikken.no\/index.php\/wp-json\/wp\/v2\/media?parent=17653"}],"wp:term":[{"taxonomy":"category","embeddable":true,"href":"https:\/\/nordnesrepublikken.no\/index.php\/wp-json\/wp\/v2\/categories?post=17653"},{"taxonomy":"post_tag","embeddable":true,"href":"https:\/\/nordnesrepublikken.no\/index.php\/wp-json\/wp\/v2\/tags?post=17653"}],"curies":[{"name":"wp","href":"https:\/\/api.w.org\/{rel}","templated":true}]}}