{"id":17634,"date":"2026-04-30T22:42:01","date_gmt":"2026-04-30T20:42:01","guid":{"rendered":"https:\/\/nordnesrepublikken.no\/index.php\/2026\/04\/30\/ryanair-oppfordrer-frankrike-til-a-utsette-nytt-passsystem-pa-grunn-av-frykt-for-ko-i-sommeren\/"},"modified":"2026-04-30T22:42:02","modified_gmt":"2026-04-30T20:42:02","slug":"ryanair-oppfordrer-frankrike-til-a-utsette-nytt-passsystem-pa-grunn-av-frykt-for-ko-i-sommeren","status":"publish","type":"post","link":"https:\/\/nordnesrepublikken.no\/index.php\/2026\/04\/30\/ryanair-oppfordrer-frankrike-til-a-utsette-nytt-passsystem-pa-grunn-av-frykt-for-ko-i-sommeren\/","title":{"rendered":"Ryanair oppfordrer Frankrike til \u00e5 utsette nytt passsystem p\u00e5 grunn av frykt for k\u00f8 i sommeren"},"content":{"rendered":"<p><\/p>\n<div class=\"wordpress-content\">\n                    <!-- Article Start --><\/p>\n<p>Hvis du flyr gjennom Frankrike i sommer, er det en reell sjanse for at reisen din kan bremse opp ved passkontrollen. Ryanair har bedt den franske regjeringen om \u00e5 pause det nye Entry Exit-systemet til september, og advarer om at det n\u00e5v\u00e6rende oppsettet allerede for\u00e5rsaker lange k\u00f8er og kan f\u00f8re til tapte flyreiser i \u00e5rets travleste reiseperiode.<\/p>\n<p>Flyselskapet sier at passasjerer allerede venter i opptil to timer p\u00e5 noen flyplasser. For alle som reiser fra Spania via Frankrike, eller flyr inn i landet fra utenfor EU, kan det fort bli et problem ettersom ferietrafikken \u00f8ker.<\/p>\n<p>I sentrum av problemet er et system designet for \u00e5 modernisere grenser, men enn\u00e5 ikke helt klart til \u00e5 takle sommerens ettersp\u00f8rsel.<\/p>\n<div class=\"sra_unit\"><link rel=\"stylesheet\" id=\"block-sra\" href=\"https:\/\/euroweeklynews.com\/wp-content\/plugins\/snack-related-articles\/dist\/css\/snack-related.min.css?250312-193541\" type=\"text\/css\" media=\"all\">\n<\/div>\n<h2>Hva er Entry Exit System og hvem det p\u00e5virker<\/h2>\n<p>Entry Exit System, ofte forkortet til EES, er en ny EU-grensekontrollprosess for reisende fra utenfor EU.<\/p>\n<p>I stedet for et enkelt passstempel, m\u00e5 passasjerer n\u00e5 oppgi biometriske data n\u00e5r de kommer inn i Schengen-omr\u00e5det. Det inkluderer et ansiktsbilde og fingeravtrykk, som lagres for \u00e5 spore inn- og utganger.<\/p>\n<p>P\u00e5 lang sikt er systemet ment \u00e5 erstatte manuelle kontroller og forbedre grensesikkerheten. Men akkurat n\u00e5 er utrullingen fortsatt ufullstendig.<\/p>\n<p>Flyplasser har installert selvbetjeningskiosker, men mange er ikke fullt ut i bruk. Som et resultat blir de fleste reisende fortsatt behandlet ved grenseskranker, \u00e9n etter \u00e9n, noe som tar lengre tid.<\/p>\n<p>De mest ber\u00f8rte er reisende utenfor EU, inkludert de som kommer fra Storbritannia. Selv innbyggere med gyldige tillatelser eller visum for lengre opphold kan havne i de samme k\u00f8ene, fordi de ikke alltid kan bruke automatiserte porter.<\/p>\n<p>For familier eller store grupper kan forsinkelsen \u00f8ke raskt.<\/p>\n<h2>Hvorfor flyselskaper reiser bekymringer n\u00e5<\/h2>\n<p>Ryanair stiller ikke sp\u00f8rsm\u00e5l ved selve systemet. Bekymringen er timing.<\/p>\n<p>Sommeren er h\u00f8ysesongen i Europa. Flyplasser er p\u00e5 sitt travleste, flyreisene er fulle, og enhver nedgang ved grensekontrollen kan skape en bank-effekt over hele reisen.<\/p>\n<p>Flyselskapet sier at den n\u00e5v\u00e6rende situasjonen ikke er klar for det pressniv\u00e5et.<\/p>\n<p>If\u00f8lge Ryanair har flyplasser enn\u00e5 ikke nok personell eller arbeidsutstyr til \u00e5 h\u00e5ndtere de ekstra trinnene som kreves av systemet. Resultatet er lange k\u00f8er, forvirring og \u00f8kende frustrasjon blant passasjerene.<\/p>\n<p>Frankrikes viktigste flyplassoperat\u00f8r har ogs\u00e5 advart om utrullingen, og legger til at bekymringer ikke er begrenset til flyselskaper.<\/p>\n<p>Et av de st\u00f8rste problemene er at verkt\u00f8yene som er utviklet for \u00e5 f\u00e5 fart p\u00e5 ting, ikke er fullt operative enn\u00e5. Uten dem er grensekontroller sterkt avhengige av manuell behandling.<\/p>\n<p>Det er der forsinkelsene begynner.<\/p>\n<h2>Passasjerene kjenner allerede virkningen<\/h2>\n<p>Rapporter fra reisende tyder p\u00e5 at problemet allerede er synlig. P\u00e5 flyplasser som Beauvais, Marseille og Nantes har passasjerene opplevd ventetid p\u00e5 \u00e9n til to timer ved passkontrollen. For de med tette forbindelser kan det bety tapte flyreiser eller stressende turer i siste \u00f8yeblikk gjennom terminalen.<\/p>\n<p>Det er ogs\u00e5 forvirring rundt hvilken k\u00f8 man skal v\u00e6re med. En reisende beskrev at han ble henvist til feil linje til tross for at han hadde et oppholdsdokument. Det endte med at hun ventet i timevis sammen med andre passasjerer mens biometriske kontroller ble utf\u00f8rt.<\/p>\n<p>Situasjoner som dette er ikke uvanlige n\u00e5r et nytt system introduseres, men de synliggj\u00f8r hvordan sm\u00e5 problemer fort kan bli st\u00f8rre i travle perioder.<\/p>\n<h2>Hvorfor september blir foresl\u00e5tt<\/h2>\n<p>Ryanair ber om forsinkelse til etter sommertoppen av en enkel grunn.<\/p>\n<p>Innen september faller reisevolumet og flyplassene har mer tid til \u00e5 tilpasse seg. Personalet kan trenes riktig, systemer kan testes under mindre press og eventuelle tekniske problemer kan l\u00f8ses f\u00f8r neste travle periode.<\/p>\n<p>Flyselskapet har pekt p\u00e5 Hellas, der myndighetene skal ha valgt \u00e5 utsette systemet til etter sommeren, som et eksempel p\u00e5 en mer forsiktig tiln\u00e6rming.<\/p>\n<p>EUs regler tillater land \u00e5 utsette utrullingen midlertidig hvis den risikerer \u00e5 forstyrre grenseoperasjonene. Det alternativet presses n\u00e5 frem som den mest praktiske l\u00f8sningen.<\/p>\n<p>Forel\u00f8pig har ikke Frankrike bekreftet noen endring i planene.<\/p>\n<h2>Hva reisende b\u00f8r gj\u00f8re f\u00f8r de flyr<\/h2>\n<p>Med ingen offisiell pause kunngjort, b\u00f8r reisende forberede seg p\u00e5 forsinkelser.<\/p>\n<p>\u00c5 ankomme flyplassen tidligere enn vanlig er et fornuftig skritt, spesielt for flyvninger som forlater Frankrike eller kommer inn i Schengen-omr\u00e5det fra utenfor EU.<\/p>\n<p>Det er ogs\u00e5 verdt \u00e5 sjekke dokumenter p\u00e5 forh\u00e5nd og v\u00e6re klar for biometriske kontroller ved grensen. Passasjerer med tilslutningsfly b\u00f8r tillate ekstra tid mellom ankomster og avganger der det er mulig.<\/p>\n<p>Selv om ikke alle reiser vil bli ber\u00f8rt, er risikoen for forsinkelser h\u00f8yere enn vanlig.<\/p>\n<h2>Et system som kan bli bedre, men som trenger tid<\/h2>\n<p>Entry Exit System forsvinner ikke. N\u00e5r den er fullt operativ, forventes den \u00e5 gj\u00f8re grensekontrollen mer effektiv og redusere behovet for manuelle kontroller. Men \u00e5 komme dit tar tid.<\/p>\n<p>Akkurat n\u00e5 er systemet i en overgangsfase. Noen deler er p\u00e5 plass, andre er det ikke, og flyplassene tilpasser seg fortsatt. Det er der spenningen ligger. Introduser det for tidlig, og passasjerene f\u00e5r forsinkelser. Vent for lenge, og fremdriften avtar.<\/p>\n<p>For reisende denne sommeren ligger virkeligheten et sted i midten. Systemet kommer. Den er kanskje ikke helt klar enn\u00e5.<\/p>\n<p>                    <!-- Originally published at https:\/\/euroweeklynews.com\/2026\/04\/30\/ryanair-urges-france-to-delay-new-passport-system-over-summer-queue-fears\/ on 30 Apr 2026 at 22:37 by Farah Mokrani --><br \/>\n                    <!-- Article End -->\n                <\/div>\n","protected":false},"excerpt":{"rendered":"<p>Hvis du flyr gjennom Frankrike i sommer, er det en reell sjanse for at reisen<\/p>\n","protected":false},"author":1,"featured_media":17635,"comment_status":"closed","ping_status":"open","sticky":false,"template":"","format":"standard","meta":{"footnotes":""},"categories":[105],"tags":[750,484,576,6771,2174,3383,81,11364,1079,2664,117,6318],"class_list":["post-17634","post","type-post","status-publish","format-standard","has-post-thumbnail","hentry","category-livsstil","tag-frankrike","tag-frykt","tag-grunn","tag-ko","tag-nytt","tag-oppfordrer","tag-pa","tag-passsystem","tag-ryanair","tag-sommeren","tag-til","tag-utsette","generate-columns","tablet-grid-50","mobile-grid-100","grid-parent","grid-33","resize-featured-image"],"yoast_head":"<!-- This site is optimized with the Yoast SEO plugin v24.4 - https:\/\/yoast.com\/wordpress\/plugins\/seo\/ -->\n<title>Ryanair oppfordrer Frankrike til \u00e5 utsette nytt passsystem p\u00e5 grunn av frykt for k\u00f8 i sommeren - Nordnesrepublikken<\/title>\n<meta name=\"robots\" content=\"index, follow, max-snippet:-1, max-image-preview:large, max-video-preview:-1\" \/>\n<link rel=\"canonical\" href=\"https:\/\/nordnesrepublikken.no\/index.php\/2026\/04\/30\/ryanair-oppfordrer-frankrike-til-a-utsette-nytt-passsystem-pa-grunn-av-frykt-for-ko-i-sommeren\/\" \/>\n<meta property=\"og:locale\" content=\"nb_NO\" \/>\n<meta property=\"og:type\" content=\"article\" \/>\n<meta property=\"og:title\" content=\"Ryanair oppfordrer Frankrike til \u00e5 utsette nytt passsystem p\u00e5 grunn av frykt for k\u00f8 i sommeren - Nordnesrepublikken\" \/>\n<meta property=\"og:description\" content=\"Hvis du flyr gjennom Frankrike i sommer, er det en reell sjanse for at reisen\" \/>\n<meta property=\"og:url\" content=\"https:\/\/nordnesrepublikken.no\/index.php\/2026\/04\/30\/ryanair-oppfordrer-frankrike-til-a-utsette-nytt-passsystem-pa-grunn-av-frykt-for-ko-i-sommeren\/\" \/>\n<meta property=\"og:site_name\" content=\"Nordnesrepublikken\" \/>\n<meta property=\"article:published_time\" content=\"2026-04-30T20:42:01+00:00\" \/>\n<meta property=\"article:modified_time\" content=\"2026-04-30T20:42:02+00:00\" \/>\n<meta property=\"og:image\" content=\"https:\/\/nordnesrepublikken.no\/wp-content\/uploads\/2026\/04\/1777581722_Ryanair-oppfordrer-Frankrike-til-a-utsette-nytt-passsystem-pa-grunn.jpg\" \/>\n\t<meta property=\"og:image:width\" content=\"1200\" \/>\n\t<meta property=\"og:image:height\" content=\"800\" \/>\n\t<meta property=\"og:image:type\" content=\"image\/jpeg\" \/>\n<meta name=\"author\" content=\"Ole Andersen\" \/>\n<meta name=\"twitter:card\" content=\"summary_large_image\" \/>\n<meta name=\"twitter:label1\" content=\"Skrevet av\" \/>\n\t<meta name=\"twitter:data1\" content=\"Ole Andersen\" \/>\n\t<meta name=\"twitter:label2\" content=\"Ansl. lesetid\" \/>\n\t<meta name=\"twitter:data2\" content=\"4 minutter\" \/>\n<script type=\"application\/ld+json\" class=\"yoast-schema-graph\">{\"@context\":\"https:\/\/schema.org\",\"@graph\":[{\"@type\":\"Article\",\"@id\":\"https:\/\/nordnesrepublikken.no\/index.php\/2026\/04\/30\/ryanair-oppfordrer-frankrike-til-a-utsette-nytt-passsystem-pa-grunn-av-frykt-for-ko-i-sommeren\/#article\",\"isPartOf\":{\"@id\":\"https:\/\/nordnesrepublikken.no\/index.php\/2026\/04\/30\/ryanair-oppfordrer-frankrike-til-a-utsette-nytt-passsystem-pa-grunn-av-frykt-for-ko-i-sommeren\/\"},\"author\":{\"name\":\"Ole Andersen\",\"@id\":\"https:\/\/nordnesrepublikken.no\/#\/schema\/person\/2e7e81935bab77882fffb79296240ff1\"},\"headline\":\"Ryanair oppfordrer Frankrike til \u00e5 utsette nytt passsystem p\u00e5 grunn av frykt for k\u00f8 i sommeren\",\"datePublished\":\"2026-04-30T20:42:01+00:00\",\"dateModified\":\"2026-04-30T20:42:02+00:00\",\"mainEntityOfPage\":{\"@id\":\"https:\/\/nordnesrepublikken.no\/index.php\/2026\/04\/30\/ryanair-oppfordrer-frankrike-til-a-utsette-nytt-passsystem-pa-grunn-av-frykt-for-ko-i-sommeren\/\"},\"wordCount\":866,\"publisher\":{\"@id\":\"https:\/\/nordnesrepublikken.no\/#organization\"},\"image\":{\"@id\":\"https:\/\/nordnesrepublikken.no\/index.php\/2026\/04\/30\/ryanair-oppfordrer-frankrike-til-a-utsette-nytt-passsystem-pa-grunn-av-frykt-for-ko-i-sommeren\/#primaryimage\"},\"thumbnailUrl\":\"https:\/\/nordnesrepublikken.no\/wp-content\/uploads\/2026\/04\/1777581722_Ryanair-oppfordrer-Frankrike-til-a-utsette-nytt-passsystem-pa-grunn.jpg\",\"keywords\":[\"Frankrike\",\"frykt\",\"grunn\",\"k\u00f8\",\"Nytt\",\"oppfordrer\",\"p\u00e5\",\"passsystem\",\"Ryanair\",\"sommeren\",\"til\",\"utsette\"],\"articleSection\":[\"Livsstil\"],\"inLanguage\":\"nb-NO\"},{\"@type\":\"WebPage\",\"@id\":\"https:\/\/nordnesrepublikken.no\/index.php\/2026\/04\/30\/ryanair-oppfordrer-frankrike-til-a-utsette-nytt-passsystem-pa-grunn-av-frykt-for-ko-i-sommeren\/\",\"url\":\"https:\/\/nordnesrepublikken.no\/index.php\/2026\/04\/30\/ryanair-oppfordrer-frankrike-til-a-utsette-nytt-passsystem-pa-grunn-av-frykt-for-ko-i-sommeren\/\",\"name\":\"Ryanair oppfordrer Frankrike til \u00e5 utsette nytt passsystem p\u00e5 grunn av frykt for k\u00f8 i sommeren - Nordnesrepublikken\",\"isPartOf\":{\"@id\":\"https:\/\/nordnesrepublikken.no\/#website\"},\"primaryImageOfPage\":{\"@id\":\"https:\/\/nordnesrepublikken.no\/index.php\/2026\/04\/30\/ryanair-oppfordrer-frankrike-til-a-utsette-nytt-passsystem-pa-grunn-av-frykt-for-ko-i-sommeren\/#primaryimage\"},\"image\":{\"@id\":\"https:\/\/nordnesrepublikken.no\/index.php\/2026\/04\/30\/ryanair-oppfordrer-frankrike-til-a-utsette-nytt-passsystem-pa-grunn-av-frykt-for-ko-i-sommeren\/#primaryimage\"},\"thumbnailUrl\":\"https:\/\/nordnesrepublikken.no\/wp-content\/uploads\/2026\/04\/1777581722_Ryanair-oppfordrer-Frankrike-til-a-utsette-nytt-passsystem-pa-grunn.jpg\",\"datePublished\":\"2026-04-30T20:42:01+00:00\",\"dateModified\":\"2026-04-30T20:42:02+00:00\",\"breadcrumb\":{\"@id\":\"https:\/\/nordnesrepublikken.no\/index.php\/2026\/04\/30\/ryanair-oppfordrer-frankrike-til-a-utsette-nytt-passsystem-pa-grunn-av-frykt-for-ko-i-sommeren\/#breadcrumb\"},\"inLanguage\":\"nb-NO\",\"potentialAction\":[{\"@type\":\"ReadAction\",\"target\":[\"https:\/\/nordnesrepublikken.no\/index.php\/2026\/04\/30\/ryanair-oppfordrer-frankrike-til-a-utsette-nytt-passsystem-pa-grunn-av-frykt-for-ko-i-sommeren\/\"]}]},{\"@type\":\"ImageObject\",\"inLanguage\":\"nb-NO\",\"@id\":\"https:\/\/nordnesrepublikken.no\/index.php\/2026\/04\/30\/ryanair-oppfordrer-frankrike-til-a-utsette-nytt-passsystem-pa-grunn-av-frykt-for-ko-i-sommeren\/#primaryimage\",\"url\":\"https:\/\/nordnesrepublikken.no\/wp-content\/uploads\/2026\/04\/1777581722_Ryanair-oppfordrer-Frankrike-til-a-utsette-nytt-passsystem-pa-grunn.jpg\",\"contentUrl\":\"https:\/\/nordnesrepublikken.no\/wp-content\/uploads\/2026\/04\/1777581722_Ryanair-oppfordrer-Frankrike-til-a-utsette-nytt-passsystem-pa-grunn.jpg\",\"width\":1200,\"height\":800,\"caption\":\"Ryanair oppfordrer Frankrike til \u00e5 utsette nytt passsystem p\u00e5 grunn av frykt for k\u00f8 i sommeren\"},{\"@type\":\"BreadcrumbList\",\"@id\":\"https:\/\/nordnesrepublikken.no\/index.php\/2026\/04\/30\/ryanair-oppfordrer-frankrike-til-a-utsette-nytt-passsystem-pa-grunn-av-frykt-for-ko-i-sommeren\/#breadcrumb\",\"itemListElement\":[{\"@type\":\"ListItem\",\"position\":1,\"name\":\"Home\",\"item\":\"https:\/\/nordnesrepublikken.no\/\"},{\"@type\":\"ListItem\",\"position\":2,\"name\":\"Ryanair oppfordrer Frankrike til \u00e5 utsette nytt passsystem p\u00e5 grunn av frykt for k\u00f8 i sommeren\"}]},{\"@type\":\"WebSite\",\"@id\":\"https:\/\/nordnesrepublikken.no\/#website\",\"url\":\"https:\/\/nordnesrepublikken.no\/\",\"name\":\"Nordnesrepublikken\",\"description\":\"Stemmer og Visjoner fra Republikkens Hjerte\",\"publisher\":{\"@id\":\"https:\/\/nordnesrepublikken.no\/#organization\"},\"potentialAction\":[{\"@type\":\"SearchAction\",\"target\":{\"@type\":\"EntryPoint\",\"urlTemplate\":\"https:\/\/nordnesrepublikken.no\/?s={search_term_string}\"},\"query-input\":{\"@type\":\"PropertyValueSpecification\",\"valueRequired\":true,\"valueName\":\"search_term_string\"}}],\"inLanguage\":\"nb-NO\"},{\"@type\":\"Organization\",\"@id\":\"https:\/\/nordnesrepublikken.no\/#organization\",\"name\":\"Nordnesrepublikken\",\"url\":\"https:\/\/nordnesrepublikken.no\/\",\"logo\":{\"@type\":\"ImageObject\",\"inLanguage\":\"nb-NO\",\"@id\":\"https:\/\/nordnesrepublikken.no\/#\/schema\/logo\/image\/\",\"url\":\"https:\/\/nordnesrepublikken.no\/wp-content\/uploads\/2025\/02\/cropped-nordnesrepublikken-2.png\",\"contentUrl\":\"https:\/\/nordnesrepublikken.no\/wp-content\/uploads\/2025\/02\/cropped-nordnesrepublikken-2.png\",\"width\":1248,\"height\":362,\"caption\":\"Nordnesrepublikken\"},\"image\":{\"@id\":\"https:\/\/nordnesrepublikken.no\/#\/schema\/logo\/image\/\"}},{\"@type\":\"Person\",\"@id\":\"https:\/\/nordnesrepublikken.no\/#\/schema\/person\/2e7e81935bab77882fffb79296240ff1\",\"name\":\"Ole Andersen\",\"image\":{\"@type\":\"ImageObject\",\"inLanguage\":\"nb-NO\",\"@id\":\"https:\/\/nordnesrepublikken.no\/#\/schema\/person\/image\/\",\"url\":\"https:\/\/nordnesrepublikken.no\/wp-content\/uploads\/2025\/02\/nordnesrepublikken-2-2-150x150.jpg\",\"contentUrl\":\"https:\/\/nordnesrepublikken.no\/wp-content\/uploads\/2025\/02\/nordnesrepublikken-2-2-150x150.jpg\",\"caption\":\"Ole Andersen\"},\"description\":\"Ettersom jeg vokste opp i Oslo, har jeg alltid v\u00e6rt fascinert av ordenes kraft og deres evne til \u00e5 skape endringer. Etter \u00e5 ha fullf\u00f8rt min utdannelse i kommunikasjon ved Universitetet i Bergen, fikk jeg muligheten til \u00e5 jobbe innen ulike medier, der jeg har s\u00f8kt \u00e5 belyse viktige samfunnssp\u00f8rsm\u00e5l. I dag, som redakt\u00f8r for Nordnesrepublikken, pr\u00f8ver jeg \u00e5 forene min kj\u00e6rlighet for journalistikk med min lidenskap for innovasjon og eventyr.\",\"sameAs\":[\"https:\/\/nordnesrepublikken.no\/\"]}]}<\/script>\n<!-- \/ Yoast SEO plugin. -->","yoast_head_json":{"title":"Ryanair oppfordrer Frankrike til \u00e5 utsette nytt passsystem p\u00e5 grunn av frykt for k\u00f8 i sommeren - Nordnesrepublikken","robots":{"index":"index","follow":"follow","max-snippet":"max-snippet:-1","max-image-preview":"max-image-preview:large","max-video-preview":"max-video-preview:-1"},"canonical":"https:\/\/nordnesrepublikken.no\/index.php\/2026\/04\/30\/ryanair-oppfordrer-frankrike-til-a-utsette-nytt-passsystem-pa-grunn-av-frykt-for-ko-i-sommeren\/","og_locale":"nb_NO","og_type":"article","og_title":"Ryanair oppfordrer Frankrike til \u00e5 utsette nytt passsystem p\u00e5 grunn av frykt for k\u00f8 i sommeren - Nordnesrepublikken","og_description":"Hvis du flyr gjennom Frankrike i sommer, er det en reell sjanse for at reisen","og_url":"https:\/\/nordnesrepublikken.no\/index.php\/2026\/04\/30\/ryanair-oppfordrer-frankrike-til-a-utsette-nytt-passsystem-pa-grunn-av-frykt-for-ko-i-sommeren\/","og_site_name":"Nordnesrepublikken","article_published_time":"2026-04-30T20:42:01+00:00","article_modified_time":"2026-04-30T20:42:02+00:00","og_image":[{"width":1200,"height":800,"url":"https:\/\/nordnesrepublikken.no\/wp-content\/uploads\/2026\/04\/1777581722_Ryanair-oppfordrer-Frankrike-til-a-utsette-nytt-passsystem-pa-grunn.jpg","type":"image\/jpeg"}],"author":"Ole Andersen","twitter_card":"summary_large_image","twitter_misc":{"Skrevet av":"Ole Andersen","Ansl. lesetid":"4 minutter"},"schema":{"@context":"https:\/\/schema.org","@graph":[{"@type":"Article","@id":"https:\/\/nordnesrepublikken.no\/index.php\/2026\/04\/30\/ryanair-oppfordrer-frankrike-til-a-utsette-nytt-passsystem-pa-grunn-av-frykt-for-ko-i-sommeren\/#article","isPartOf":{"@id":"https:\/\/nordnesrepublikken.no\/index.php\/2026\/04\/30\/ryanair-oppfordrer-frankrike-til-a-utsette-nytt-passsystem-pa-grunn-av-frykt-for-ko-i-sommeren\/"},"author":{"name":"Ole Andersen","@id":"https:\/\/nordnesrepublikken.no\/#\/schema\/person\/2e7e81935bab77882fffb79296240ff1"},"headline":"Ryanair oppfordrer Frankrike til \u00e5 utsette nytt passsystem p\u00e5 grunn av frykt for k\u00f8 i sommeren","datePublished":"2026-04-30T20:42:01+00:00","dateModified":"2026-04-30T20:42:02+00:00","mainEntityOfPage":{"@id":"https:\/\/nordnesrepublikken.no\/index.php\/2026\/04\/30\/ryanair-oppfordrer-frankrike-til-a-utsette-nytt-passsystem-pa-grunn-av-frykt-for-ko-i-sommeren\/"},"wordCount":866,"publisher":{"@id":"https:\/\/nordnesrepublikken.no\/#organization"},"image":{"@id":"https:\/\/nordnesrepublikken.no\/index.php\/2026\/04\/30\/ryanair-oppfordrer-frankrike-til-a-utsette-nytt-passsystem-pa-grunn-av-frykt-for-ko-i-sommeren\/#primaryimage"},"thumbnailUrl":"https:\/\/nordnesrepublikken.no\/wp-content\/uploads\/2026\/04\/1777581722_Ryanair-oppfordrer-Frankrike-til-a-utsette-nytt-passsystem-pa-grunn.jpg","keywords":["Frankrike","frykt","grunn","k\u00f8","Nytt","oppfordrer","p\u00e5","passsystem","Ryanair","sommeren","til","utsette"],"articleSection":["Livsstil"],"inLanguage":"nb-NO"},{"@type":"WebPage","@id":"https:\/\/nordnesrepublikken.no\/index.php\/2026\/04\/30\/ryanair-oppfordrer-frankrike-til-a-utsette-nytt-passsystem-pa-grunn-av-frykt-for-ko-i-sommeren\/","url":"https:\/\/nordnesrepublikken.no\/index.php\/2026\/04\/30\/ryanair-oppfordrer-frankrike-til-a-utsette-nytt-passsystem-pa-grunn-av-frykt-for-ko-i-sommeren\/","name":"Ryanair oppfordrer Frankrike til \u00e5 utsette nytt passsystem p\u00e5 grunn av frykt for k\u00f8 i sommeren - Nordnesrepublikken","isPartOf":{"@id":"https:\/\/nordnesrepublikken.no\/#website"},"primaryImageOfPage":{"@id":"https:\/\/nordnesrepublikken.no\/index.php\/2026\/04\/30\/ryanair-oppfordrer-frankrike-til-a-utsette-nytt-passsystem-pa-grunn-av-frykt-for-ko-i-sommeren\/#primaryimage"},"image":{"@id":"https:\/\/nordnesrepublikken.no\/index.php\/2026\/04\/30\/ryanair-oppfordrer-frankrike-til-a-utsette-nytt-passsystem-pa-grunn-av-frykt-for-ko-i-sommeren\/#primaryimage"},"thumbnailUrl":"https:\/\/nordnesrepublikken.no\/wp-content\/uploads\/2026\/04\/1777581722_Ryanair-oppfordrer-Frankrike-til-a-utsette-nytt-passsystem-pa-grunn.jpg","datePublished":"2026-04-30T20:42:01+00:00","dateModified":"2026-04-30T20:42:02+00:00","breadcrumb":{"@id":"https:\/\/nordnesrepublikken.no\/index.php\/2026\/04\/30\/ryanair-oppfordrer-frankrike-til-a-utsette-nytt-passsystem-pa-grunn-av-frykt-for-ko-i-sommeren\/#breadcrumb"},"inLanguage":"nb-NO","potentialAction":[{"@type":"ReadAction","target":["https:\/\/nordnesrepublikken.no\/index.php\/2026\/04\/30\/ryanair-oppfordrer-frankrike-til-a-utsette-nytt-passsystem-pa-grunn-av-frykt-for-ko-i-sommeren\/"]}]},{"@type":"ImageObject","inLanguage":"nb-NO","@id":"https:\/\/nordnesrepublikken.no\/index.php\/2026\/04\/30\/ryanair-oppfordrer-frankrike-til-a-utsette-nytt-passsystem-pa-grunn-av-frykt-for-ko-i-sommeren\/#primaryimage","url":"https:\/\/nordnesrepublikken.no\/wp-content\/uploads\/2026\/04\/1777581722_Ryanair-oppfordrer-Frankrike-til-a-utsette-nytt-passsystem-pa-grunn.jpg","contentUrl":"https:\/\/nordnesrepublikken.no\/wp-content\/uploads\/2026\/04\/1777581722_Ryanair-oppfordrer-Frankrike-til-a-utsette-nytt-passsystem-pa-grunn.jpg","width":1200,"height":800,"caption":"Ryanair oppfordrer Frankrike til \u00e5 utsette nytt passsystem p\u00e5 grunn av frykt for k\u00f8 i sommeren"},{"@type":"BreadcrumbList","@id":"https:\/\/nordnesrepublikken.no\/index.php\/2026\/04\/30\/ryanair-oppfordrer-frankrike-til-a-utsette-nytt-passsystem-pa-grunn-av-frykt-for-ko-i-sommeren\/#breadcrumb","itemListElement":[{"@type":"ListItem","position":1,"name":"Home","item":"https:\/\/nordnesrepublikken.no\/"},{"@type":"ListItem","position":2,"name":"Ryanair oppfordrer Frankrike til \u00e5 utsette nytt passsystem p\u00e5 grunn av frykt for k\u00f8 i sommeren"}]},{"@type":"WebSite","@id":"https:\/\/nordnesrepublikken.no\/#website","url":"https:\/\/nordnesrepublikken.no\/","name":"Nordnesrepublikken","description":"Stemmer og Visjoner fra Republikkens Hjerte","publisher":{"@id":"https:\/\/nordnesrepublikken.no\/#organization"},"potentialAction":[{"@type":"SearchAction","target":{"@type":"EntryPoint","urlTemplate":"https:\/\/nordnesrepublikken.no\/?s={search_term_string}"},"query-input":{"@type":"PropertyValueSpecification","valueRequired":true,"valueName":"search_term_string"}}],"inLanguage":"nb-NO"},{"@type":"Organization","@id":"https:\/\/nordnesrepublikken.no\/#organization","name":"Nordnesrepublikken","url":"https:\/\/nordnesrepublikken.no\/","logo":{"@type":"ImageObject","inLanguage":"nb-NO","@id":"https:\/\/nordnesrepublikken.no\/#\/schema\/logo\/image\/","url":"https:\/\/nordnesrepublikken.no\/wp-content\/uploads\/2025\/02\/cropped-nordnesrepublikken-2.png","contentUrl":"https:\/\/nordnesrepublikken.no\/wp-content\/uploads\/2025\/02\/cropped-nordnesrepublikken-2.png","width":1248,"height":362,"caption":"Nordnesrepublikken"},"image":{"@id":"https:\/\/nordnesrepublikken.no\/#\/schema\/logo\/image\/"}},{"@type":"Person","@id":"https:\/\/nordnesrepublikken.no\/#\/schema\/person\/2e7e81935bab77882fffb79296240ff1","name":"Ole Andersen","image":{"@type":"ImageObject","inLanguage":"nb-NO","@id":"https:\/\/nordnesrepublikken.no\/#\/schema\/person\/image\/","url":"https:\/\/nordnesrepublikken.no\/wp-content\/uploads\/2025\/02\/nordnesrepublikken-2-2-150x150.jpg","contentUrl":"https:\/\/nordnesrepublikken.no\/wp-content\/uploads\/2025\/02\/nordnesrepublikken-2-2-150x150.jpg","caption":"Ole Andersen"},"description":"Ettersom jeg vokste opp i Oslo, har jeg alltid v\u00e6rt fascinert av ordenes kraft og deres evne til \u00e5 skape endringer. Etter \u00e5 ha fullf\u00f8rt min utdannelse i kommunikasjon ved Universitetet i Bergen, fikk jeg muligheten til \u00e5 jobbe innen ulike medier, der jeg har s\u00f8kt \u00e5 belyse viktige samfunnssp\u00f8rsm\u00e5l. I dag, som redakt\u00f8r for Nordnesrepublikken, pr\u00f8ver jeg \u00e5 forene min kj\u00e6rlighet for journalistikk med min lidenskap for innovasjon og eventyr.","sameAs":["https:\/\/nordnesrepublikken.no\/"]}]}},"_links":{"self":[{"href":"https:\/\/nordnesrepublikken.no\/index.php\/wp-json\/wp\/v2\/posts\/17634","targetHints":{"allow":["GET"]}}],"collection":[{"href":"https:\/\/nordnesrepublikken.no\/index.php\/wp-json\/wp\/v2\/posts"}],"about":[{"href":"https:\/\/nordnesrepublikken.no\/index.php\/wp-json\/wp\/v2\/types\/post"}],"author":[{"embeddable":true,"href":"https:\/\/nordnesrepublikken.no\/index.php\/wp-json\/wp\/v2\/users\/1"}],"replies":[{"embeddable":true,"href":"https:\/\/nordnesrepublikken.no\/index.php\/wp-json\/wp\/v2\/comments?post=17634"}],"version-history":[{"count":1,"href":"https:\/\/nordnesrepublikken.no\/index.php\/wp-json\/wp\/v2\/posts\/17634\/revisions"}],"predecessor-version":[{"id":17636,"href":"https:\/\/nordnesrepublikken.no\/index.php\/wp-json\/wp\/v2\/posts\/17634\/revisions\/17636"}],"wp:featuredmedia":[{"embeddable":true,"href":"https:\/\/nordnesrepublikken.no\/index.php\/wp-json\/wp\/v2\/media\/17635"}],"wp:attachment":[{"href":"https:\/\/nordnesrepublikken.no\/index.php\/wp-json\/wp\/v2\/media?parent=17634"}],"wp:term":[{"taxonomy":"category","embeddable":true,"href":"https:\/\/nordnesrepublikken.no\/index.php\/wp-json\/wp\/v2\/categories?post=17634"},{"taxonomy":"post_tag","embeddable":true,"href":"https:\/\/nordnesrepublikken.no\/index.php\/wp-json\/wp\/v2\/tags?post=17634"}],"curies":[{"name":"wp","href":"https:\/\/api.w.org\/{rel}","templated":true}]}}