{"id":17616,"date":"2026-04-30T14:32:51","date_gmt":"2026-04-30T12:32:51","guid":{"rendered":"https:\/\/nordnesrepublikken.no\/index.php\/2026\/04\/30\/mai-helligdager-dgt-forbereder-seg-mens-veiene-star-overfor-stor-utvandring-i-spania\/"},"modified":"2026-04-30T14:32:53","modified_gmt":"2026-04-30T12:32:53","slug":"mai-helligdager-dgt-forbereder-seg-mens-veiene-star-overfor-stor-utvandring-i-spania","status":"publish","type":"post","link":"https:\/\/nordnesrepublikken.no\/index.php\/2026\/04\/30\/mai-helligdager-dgt-forbereder-seg-mens-veiene-star-overfor-stor-utvandring-i-spania\/","title":{"rendered":"Mai helligdager: DGT forbereder seg mens veiene st\u00e5r overfor stor utvandring i Spania"},"content":{"rendered":"<p><\/p>\n<div class=\"wordpress-content\">\n                    <!-- Article Start --><\/p>\n<p class=\"p2\">Spanias veinett forventes \u00e5 komme under betydelig press fra og med i dag 30. april ettersom Direcci\u00f3n General de Tr\u00e1fico (DGT) aktiverer sitt spesielle ferietrafikksystem for mai helligdager. Operasjonen forventes \u00e5 involvere mer enn 6,04 millioner langdistansereiser over hele landet mellom torsdag ettermiddag og s\u00f8ndag kveld.<\/p>\n<p class=\"p2\"><strong>Systemet p\u00e5 plass er en del av DGT-ene<\/strong> bredere \u201dSpesialtrafikkdrift\u201d, som brukes i store ferieperioder for \u00e5 h\u00e5ndtere store bevegelser p\u00e5 veinettet. Den f\u00f8rste avgangsfasen, kjent som <b>&laquo;<\/b>operaci\u00f3n salida&raquo;, refererer spesifikt til masseavgangen fra byer og urbane omr\u00e5der. I dette tilfellet begynner den klokken 15.00 torsdag 30. april og markerer starten p\u00e5 den travleste utreiseperioden.<\/p>\n<p class=\"p2\">Driften vil p\u00e5g\u00e5 til midnatt s\u00f8ndag 3. mai, n\u00e5r returfasen avsluttes. Gjennom denne perioden vil DGT distribuere \u00f8kte overv\u00e5kings- og trafikkkontrollressurser p\u00e5 tvers av det nasjonale motorveinettet.<\/p>\n<div class=\"sra_unit\"><link rel=\"stylesheet\" id=\"block-sra\" href=\"https:\/\/euroweeklynews.com\/wp-content\/plugins\/snack-related-articles\/dist\/css\/snack-related.min.css?250312-193541\" type=\"text\/css\" media=\"all\">\n<\/div>\n<h2 class=\"p3\"><b>Avgangsfase og utg\u00e5ende overbelastning<\/b><\/h2>\n<p class=\"p2\">Den h\u00f8yeste konsentrasjonen av trafikk er ventet under \u00aboperaci\u00f3n salida\u00bb-perioden torsdag ettermiddag og kveld. DGT identifiserer det mest intense utg\u00e5ende vinduet som \u00e5 kj\u00f8re fra 03:00 til 23:00 torsdag 30. april, n\u00e5r et stort antall bilister forlater st\u00f8rre byer.<\/p>\n<p class=\"p2\">Det forventes press p\u00e5 radielle ruter fra Madrid, inkludert motorveiene A-1, A-3, A-4, A-5 og A-6. Disse korridorene forbinder hovedstaden med nordlige, \u00f8stlige, s\u00f8rlige og vestlige regioner og har vanligvis det h\u00f8yeste volumet av ferietrafikk. Ytterligere bevegelse forventes fredag \u200b\u200b1. mai mellom kl. 08.00 og 14.00, selv om denne perioden generelt er mindre konsentrert enn torsdag kveld. Reiser i dette vinduet er knyttet til kortere reiser og forsinkede avganger etter helligdagen.<\/p>\n<h2 class=\"p3\"><b>Regional trafikkfordeling<\/b><\/h2>\n<p class=\"p2\">I Catalu\u00f1a er det forventet overbelastning p\u00e5 motorveien AP-7, spesielt i seksjoner som f\u00f8rer mot kystdestinasjoner som Costa Brava og Tarragona. I det Valencianske samfunnet vil AP-7 og A-7 sannsynligvis oppleve stor trafikk mot Alicante og Castell\u00f3n.<\/p>\n<p class=\"p2\">Andaluc\u00eda forventes \u00e5 se \u00f8kt kj\u00f8ret\u00f8ystr\u00f8m p\u00e5 A-4 mot C\u00f3rdoba og Sevilla, langs A-49 mot Huelva. I Galicia vil AP-9 sannsynligvis b\u00e6re tyngre volumer, spesielt p\u00e5 ruter mot kystomr\u00e5der. Disse rutene kombinerer langdistansereiser <strong>med regional feriebevegelse<\/strong>noe som bidrar til lavere gjennomsnittshastigheter i h\u00f8ye perioder.<\/p>\n<h2 class=\"p3\"><b>Returreiser og overbelastning p\u00e5 s\u00f8ndager<\/b><\/h2>\n<p class=\"p2\">Returfasen forventes \u00e5 generere vedvarende trafikkpress s\u00f8ndag 3. mai. Den travleste perioden er varslet mellom kl. 16.00 og 23.00, n\u00e5r reisende begynner \u00e5 returnere fra korte pauser og lengre helger.<\/p>\n<p class=\"p2\">Motorveier som f\u00f8rer inn til st\u00f8rre byomr\u00e5der som Madrid og Barcelona vil sannsynligvis oppleve overbelastning ettersom ferietrafikken smelter sammen med vanlig s\u00f8ndagskveldsbevegelse. Innfartsveier til byer forventes \u00e5 bli spesielt ber\u00f8rt i denne perioden. Tidligere p\u00e5 dagen, mellom ca. kl. 10.00 og 16.00, er det ogs\u00e5 ventet moderat k\u00f8 p\u00e5 innlandsruter ettersom noen bilister kommer tilbake f\u00f8r toppperioden.<\/p>\n<h2 class=\"p3\"><b>Trafikkstyringstiltak<\/b><\/h2>\n<p class=\"p2\">DGT vil sette inn en rekke operasjonelle tiltak gjennom &laquo;operaci\u00f3n salida&raquo; og returfasen. Disse inkluderer forbedret overv\u00e5king fra trafikksentraler, \u00f8kt h\u00e5ndhevelse av veikanten av Guardia Civil, og bruk av helikoptre, droner og variabel meldingsskilting p\u00e5 tvers av hovedruter.<\/p>\n<p class=\"p2\">Midlertidige trafikkstyringssystemer som reversible kj\u00f8refelt og ekstra kj\u00f8rebanekapasitet kan aktiveres der det er n\u00f8dvendig for \u00e5 forbedre flyten. Sj\u00e5f\u00f8rer blir bedt om \u00e5 planlegge reiser p\u00e5 forh\u00e5nd og unng\u00e5 toppavgangs- og returvinduer der det er mulig.<\/p>\n<p class=\"p2\">Standard trafikksikkerhetsh\u00e5ndhevelse vil ogs\u00e5 bli forsterket, med spesiell oppmerksomhet p\u00e5 hastighetsoverholdelse, bilbeltebruk og sj\u00e5f\u00f8rdistraksjon.<\/p>\n<h2 class=\"p3\"><b>Konklusjon<\/b><\/h2>\n<p class=\"p2\">Med mer enn seks millioner reiser forventet over fire dager, vil Spanias veinett oppleve vedvarende press i l\u00f8pet av <strong>mai helligdager<\/strong>. Den mest betydelige forstyrrelsen er forventet under &laquo;operaci\u00f3n salida&raquo; torsdag kveld og returfasen s\u00f8ndag kveld, spesielt rundt st\u00f8rre byer og viktige motorveikorridorer.<\/p>\n<p class=\"p2\">DGT-operasjonen vil forbli p\u00e5 plass til slutten av s\u00f8ndag 3. mai. med trafikkforhold som forventes \u00e5 variere betydelig avhengig av tidspunkt, rutevalg og regional ettersp\u00f8rsel.<\/p>\n<p>                    <!-- Originally published at https:\/\/euroweeklynews.com\/2026\/04\/30\/may-bank-holiday-travel-dgt-prepares-as-roads-face-major-exodus-in-spain\/ on 30 Apr 2026 at 14:25 by Molly Grace --><br \/>\n                    <!-- Article End -->\n                <\/div>\n","protected":false},"excerpt":{"rendered":"<p>Spanias veinett forventes \u00e5 komme under betydelig press fra og med i dag 30. april<\/p>\n","protected":false},"author":1,"featured_media":17617,"comment_status":"closed","ping_status":"open","sticky":false,"template":"","format":"standard","meta":{"footnotes":""},"categories":[105],"tags":[1599,4025,11357,2397,2088,387,96,529,386,1131,11358,10591],"class_list":["post-17616","post","type-post","status-publish","format-standard","has-post-thumbnail","hentry","category-livsstil","tag-dgt","tag-forbereder","tag-helligdager","tag-mai","tag-mens","tag-overfor","tag-seg","tag-spania","tag-star","tag-stor","tag-utvandring","tag-veiene","generate-columns","tablet-grid-50","mobile-grid-100","grid-parent","grid-33","resize-featured-image"],"yoast_head":"<!-- This site is optimized with the Yoast SEO plugin v24.4 - https:\/\/yoast.com\/wordpress\/plugins\/seo\/ -->\n<title>Mai helligdager: DGT forbereder seg mens veiene st\u00e5r overfor stor utvandring i Spania - Nordnesrepublikken<\/title>\n<meta name=\"robots\" content=\"index, follow, max-snippet:-1, max-image-preview:large, max-video-preview:-1\" \/>\n<link rel=\"canonical\" href=\"https:\/\/nordnesrepublikken.no\/index.php\/2026\/04\/30\/mai-helligdager-dgt-forbereder-seg-mens-veiene-star-overfor-stor-utvandring-i-spania\/\" \/>\n<meta property=\"og:locale\" content=\"nb_NO\" \/>\n<meta property=\"og:type\" content=\"article\" \/>\n<meta property=\"og:title\" content=\"Mai helligdager: DGT forbereder seg mens veiene st\u00e5r overfor stor utvandring i Spania - Nordnesrepublikken\" \/>\n<meta property=\"og:description\" content=\"Spanias veinett forventes \u00e5 komme under betydelig press fra og med i dag 30. april\" \/>\n<meta property=\"og:url\" content=\"https:\/\/nordnesrepublikken.no\/index.php\/2026\/04\/30\/mai-helligdager-dgt-forbereder-seg-mens-veiene-star-overfor-stor-utvandring-i-spania\/\" \/>\n<meta property=\"og:site_name\" content=\"Nordnesrepublikken\" \/>\n<meta property=\"article:published_time\" content=\"2026-04-30T12:32:51+00:00\" \/>\n<meta property=\"article:modified_time\" content=\"2026-04-30T12:32:53+00:00\" \/>\n<meta property=\"og:image\" content=\"https:\/\/nordnesrepublikken.no\/wp-content\/uploads\/2026\/04\/1777552372_Mai-helligdager-DGT-forbereder-seg-mens-veiene-star-overfor-stor.jpg\" \/>\n\t<meta property=\"og:image:width\" content=\"1600\" \/>\n\t<meta property=\"og:image:height\" content=\"1200\" \/>\n\t<meta property=\"og:image:type\" content=\"image\/jpeg\" \/>\n<meta name=\"author\" content=\"Ole Andersen\" \/>\n<meta name=\"twitter:card\" content=\"summary_large_image\" \/>\n<meta name=\"twitter:label1\" content=\"Skrevet av\" \/>\n\t<meta name=\"twitter:data1\" content=\"Ole Andersen\" \/>\n\t<meta name=\"twitter:label2\" content=\"Ansl. lesetid\" \/>\n\t<meta name=\"twitter:data2\" content=\"3 minutter\" \/>\n<script type=\"application\/ld+json\" class=\"yoast-schema-graph\">{\"@context\":\"https:\/\/schema.org\",\"@graph\":[{\"@type\":\"Article\",\"@id\":\"https:\/\/nordnesrepublikken.no\/index.php\/2026\/04\/30\/mai-helligdager-dgt-forbereder-seg-mens-veiene-star-overfor-stor-utvandring-i-spania\/#article\",\"isPartOf\":{\"@id\":\"https:\/\/nordnesrepublikken.no\/index.php\/2026\/04\/30\/mai-helligdager-dgt-forbereder-seg-mens-veiene-star-overfor-stor-utvandring-i-spania\/\"},\"author\":{\"name\":\"Ole Andersen\",\"@id\":\"https:\/\/nordnesrepublikken.no\/#\/schema\/person\/2e7e81935bab77882fffb79296240ff1\"},\"headline\":\"Mai helligdager: DGT forbereder seg mens veiene st\u00e5r overfor stor utvandring i Spania\",\"datePublished\":\"2026-04-30T12:32:51+00:00\",\"dateModified\":\"2026-04-30T12:32:53+00:00\",\"mainEntityOfPage\":{\"@id\":\"https:\/\/nordnesrepublikken.no\/index.php\/2026\/04\/30\/mai-helligdager-dgt-forbereder-seg-mens-veiene-star-overfor-stor-utvandring-i-spania\/\"},\"wordCount\":620,\"publisher\":{\"@id\":\"https:\/\/nordnesrepublikken.no\/#organization\"},\"image\":{\"@id\":\"https:\/\/nordnesrepublikken.no\/index.php\/2026\/04\/30\/mai-helligdager-dgt-forbereder-seg-mens-veiene-star-overfor-stor-utvandring-i-spania\/#primaryimage\"},\"thumbnailUrl\":\"https:\/\/nordnesrepublikken.no\/wp-content\/uploads\/2026\/04\/1777552372_Mai-helligdager-DGT-forbereder-seg-mens-veiene-star-overfor-stor.jpg\",\"keywords\":[\"DGT\",\"forbereder\",\"helligdager\",\"mai\",\"mens\",\"overfor\",\"seg\",\"Spania\",\"st\u00e5r\",\"stor\",\"utvandring\",\"veiene\"],\"articleSection\":[\"Livsstil\"],\"inLanguage\":\"nb-NO\"},{\"@type\":\"WebPage\",\"@id\":\"https:\/\/nordnesrepublikken.no\/index.php\/2026\/04\/30\/mai-helligdager-dgt-forbereder-seg-mens-veiene-star-overfor-stor-utvandring-i-spania\/\",\"url\":\"https:\/\/nordnesrepublikken.no\/index.php\/2026\/04\/30\/mai-helligdager-dgt-forbereder-seg-mens-veiene-star-overfor-stor-utvandring-i-spania\/\",\"name\":\"Mai helligdager: DGT forbereder seg mens veiene st\u00e5r overfor stor utvandring i Spania - Nordnesrepublikken\",\"isPartOf\":{\"@id\":\"https:\/\/nordnesrepublikken.no\/#website\"},\"primaryImageOfPage\":{\"@id\":\"https:\/\/nordnesrepublikken.no\/index.php\/2026\/04\/30\/mai-helligdager-dgt-forbereder-seg-mens-veiene-star-overfor-stor-utvandring-i-spania\/#primaryimage\"},\"image\":{\"@id\":\"https:\/\/nordnesrepublikken.no\/index.php\/2026\/04\/30\/mai-helligdager-dgt-forbereder-seg-mens-veiene-star-overfor-stor-utvandring-i-spania\/#primaryimage\"},\"thumbnailUrl\":\"https:\/\/nordnesrepublikken.no\/wp-content\/uploads\/2026\/04\/1777552372_Mai-helligdager-DGT-forbereder-seg-mens-veiene-star-overfor-stor.jpg\",\"datePublished\":\"2026-04-30T12:32:51+00:00\",\"dateModified\":\"2026-04-30T12:32:53+00:00\",\"breadcrumb\":{\"@id\":\"https:\/\/nordnesrepublikken.no\/index.php\/2026\/04\/30\/mai-helligdager-dgt-forbereder-seg-mens-veiene-star-overfor-stor-utvandring-i-spania\/#breadcrumb\"},\"inLanguage\":\"nb-NO\",\"potentialAction\":[{\"@type\":\"ReadAction\",\"target\":[\"https:\/\/nordnesrepublikken.no\/index.php\/2026\/04\/30\/mai-helligdager-dgt-forbereder-seg-mens-veiene-star-overfor-stor-utvandring-i-spania\/\"]}]},{\"@type\":\"ImageObject\",\"inLanguage\":\"nb-NO\",\"@id\":\"https:\/\/nordnesrepublikken.no\/index.php\/2026\/04\/30\/mai-helligdager-dgt-forbereder-seg-mens-veiene-star-overfor-stor-utvandring-i-spania\/#primaryimage\",\"url\":\"https:\/\/nordnesrepublikken.no\/wp-content\/uploads\/2026\/04\/1777552372_Mai-helligdager-DGT-forbereder-seg-mens-veiene-star-overfor-stor.jpg\",\"contentUrl\":\"https:\/\/nordnesrepublikken.no\/wp-content\/uploads\/2026\/04\/1777552372_Mai-helligdager-DGT-forbereder-seg-mens-veiene-star-overfor-stor.jpg\",\"width\":1600,\"height\":1200,\"caption\":\"Mai helligdager: DGT forbereder seg mens veiene st\u00e5r overfor stor utvandring i Spania\"},{\"@type\":\"BreadcrumbList\",\"@id\":\"https:\/\/nordnesrepublikken.no\/index.php\/2026\/04\/30\/mai-helligdager-dgt-forbereder-seg-mens-veiene-star-overfor-stor-utvandring-i-spania\/#breadcrumb\",\"itemListElement\":[{\"@type\":\"ListItem\",\"position\":1,\"name\":\"Home\",\"item\":\"https:\/\/nordnesrepublikken.no\/\"},{\"@type\":\"ListItem\",\"position\":2,\"name\":\"Mai helligdager: DGT forbereder seg mens veiene st\u00e5r overfor stor utvandring i Spania\"}]},{\"@type\":\"WebSite\",\"@id\":\"https:\/\/nordnesrepublikken.no\/#website\",\"url\":\"https:\/\/nordnesrepublikken.no\/\",\"name\":\"Nordnesrepublikken\",\"description\":\"Stemmer og Visjoner fra Republikkens Hjerte\",\"publisher\":{\"@id\":\"https:\/\/nordnesrepublikken.no\/#organization\"},\"potentialAction\":[{\"@type\":\"SearchAction\",\"target\":{\"@type\":\"EntryPoint\",\"urlTemplate\":\"https:\/\/nordnesrepublikken.no\/?s={search_term_string}\"},\"query-input\":{\"@type\":\"PropertyValueSpecification\",\"valueRequired\":true,\"valueName\":\"search_term_string\"}}],\"inLanguage\":\"nb-NO\"},{\"@type\":\"Organization\",\"@id\":\"https:\/\/nordnesrepublikken.no\/#organization\",\"name\":\"Nordnesrepublikken\",\"url\":\"https:\/\/nordnesrepublikken.no\/\",\"logo\":{\"@type\":\"ImageObject\",\"inLanguage\":\"nb-NO\",\"@id\":\"https:\/\/nordnesrepublikken.no\/#\/schema\/logo\/image\/\",\"url\":\"https:\/\/nordnesrepublikken.no\/wp-content\/uploads\/2025\/02\/cropped-nordnesrepublikken-2.png\",\"contentUrl\":\"https:\/\/nordnesrepublikken.no\/wp-content\/uploads\/2025\/02\/cropped-nordnesrepublikken-2.png\",\"width\":1248,\"height\":362,\"caption\":\"Nordnesrepublikken\"},\"image\":{\"@id\":\"https:\/\/nordnesrepublikken.no\/#\/schema\/logo\/image\/\"}},{\"@type\":\"Person\",\"@id\":\"https:\/\/nordnesrepublikken.no\/#\/schema\/person\/2e7e81935bab77882fffb79296240ff1\",\"name\":\"Ole Andersen\",\"image\":{\"@type\":\"ImageObject\",\"inLanguage\":\"nb-NO\",\"@id\":\"https:\/\/nordnesrepublikken.no\/#\/schema\/person\/image\/\",\"url\":\"https:\/\/nordnesrepublikken.no\/wp-content\/uploads\/2025\/02\/nordnesrepublikken-2-2-150x150.jpg\",\"contentUrl\":\"https:\/\/nordnesrepublikken.no\/wp-content\/uploads\/2025\/02\/nordnesrepublikken-2-2-150x150.jpg\",\"caption\":\"Ole Andersen\"},\"description\":\"Ettersom jeg vokste opp i Oslo, har jeg alltid v\u00e6rt fascinert av ordenes kraft og deres evne til \u00e5 skape endringer. Etter \u00e5 ha fullf\u00f8rt min utdannelse i kommunikasjon ved Universitetet i Bergen, fikk jeg muligheten til \u00e5 jobbe innen ulike medier, der jeg har s\u00f8kt \u00e5 belyse viktige samfunnssp\u00f8rsm\u00e5l. I dag, som redakt\u00f8r for Nordnesrepublikken, pr\u00f8ver jeg \u00e5 forene min kj\u00e6rlighet for journalistikk med min lidenskap for innovasjon og eventyr.\",\"sameAs\":[\"https:\/\/nordnesrepublikken.no\/\"]}]}<\/script>\n<!-- \/ Yoast SEO plugin. -->","yoast_head_json":{"title":"Mai helligdager: DGT forbereder seg mens veiene st\u00e5r overfor stor utvandring i Spania - Nordnesrepublikken","robots":{"index":"index","follow":"follow","max-snippet":"max-snippet:-1","max-image-preview":"max-image-preview:large","max-video-preview":"max-video-preview:-1"},"canonical":"https:\/\/nordnesrepublikken.no\/index.php\/2026\/04\/30\/mai-helligdager-dgt-forbereder-seg-mens-veiene-star-overfor-stor-utvandring-i-spania\/","og_locale":"nb_NO","og_type":"article","og_title":"Mai helligdager: DGT forbereder seg mens veiene st\u00e5r overfor stor utvandring i Spania - Nordnesrepublikken","og_description":"Spanias veinett forventes \u00e5 komme under betydelig press fra og med i dag 30. april","og_url":"https:\/\/nordnesrepublikken.no\/index.php\/2026\/04\/30\/mai-helligdager-dgt-forbereder-seg-mens-veiene-star-overfor-stor-utvandring-i-spania\/","og_site_name":"Nordnesrepublikken","article_published_time":"2026-04-30T12:32:51+00:00","article_modified_time":"2026-04-30T12:32:53+00:00","og_image":[{"width":1600,"height":1200,"url":"https:\/\/nordnesrepublikken.no\/wp-content\/uploads\/2026\/04\/1777552372_Mai-helligdager-DGT-forbereder-seg-mens-veiene-star-overfor-stor.jpg","type":"image\/jpeg"}],"author":"Ole Andersen","twitter_card":"summary_large_image","twitter_misc":{"Skrevet av":"Ole Andersen","Ansl. lesetid":"3 minutter"},"schema":{"@context":"https:\/\/schema.org","@graph":[{"@type":"Article","@id":"https:\/\/nordnesrepublikken.no\/index.php\/2026\/04\/30\/mai-helligdager-dgt-forbereder-seg-mens-veiene-star-overfor-stor-utvandring-i-spania\/#article","isPartOf":{"@id":"https:\/\/nordnesrepublikken.no\/index.php\/2026\/04\/30\/mai-helligdager-dgt-forbereder-seg-mens-veiene-star-overfor-stor-utvandring-i-spania\/"},"author":{"name":"Ole Andersen","@id":"https:\/\/nordnesrepublikken.no\/#\/schema\/person\/2e7e81935bab77882fffb79296240ff1"},"headline":"Mai helligdager: DGT forbereder seg mens veiene st\u00e5r overfor stor utvandring i Spania","datePublished":"2026-04-30T12:32:51+00:00","dateModified":"2026-04-30T12:32:53+00:00","mainEntityOfPage":{"@id":"https:\/\/nordnesrepublikken.no\/index.php\/2026\/04\/30\/mai-helligdager-dgt-forbereder-seg-mens-veiene-star-overfor-stor-utvandring-i-spania\/"},"wordCount":620,"publisher":{"@id":"https:\/\/nordnesrepublikken.no\/#organization"},"image":{"@id":"https:\/\/nordnesrepublikken.no\/index.php\/2026\/04\/30\/mai-helligdager-dgt-forbereder-seg-mens-veiene-star-overfor-stor-utvandring-i-spania\/#primaryimage"},"thumbnailUrl":"https:\/\/nordnesrepublikken.no\/wp-content\/uploads\/2026\/04\/1777552372_Mai-helligdager-DGT-forbereder-seg-mens-veiene-star-overfor-stor.jpg","keywords":["DGT","forbereder","helligdager","mai","mens","overfor","seg","Spania","st\u00e5r","stor","utvandring","veiene"],"articleSection":["Livsstil"],"inLanguage":"nb-NO"},{"@type":"WebPage","@id":"https:\/\/nordnesrepublikken.no\/index.php\/2026\/04\/30\/mai-helligdager-dgt-forbereder-seg-mens-veiene-star-overfor-stor-utvandring-i-spania\/","url":"https:\/\/nordnesrepublikken.no\/index.php\/2026\/04\/30\/mai-helligdager-dgt-forbereder-seg-mens-veiene-star-overfor-stor-utvandring-i-spania\/","name":"Mai helligdager: DGT forbereder seg mens veiene st\u00e5r overfor stor utvandring i Spania - Nordnesrepublikken","isPartOf":{"@id":"https:\/\/nordnesrepublikken.no\/#website"},"primaryImageOfPage":{"@id":"https:\/\/nordnesrepublikken.no\/index.php\/2026\/04\/30\/mai-helligdager-dgt-forbereder-seg-mens-veiene-star-overfor-stor-utvandring-i-spania\/#primaryimage"},"image":{"@id":"https:\/\/nordnesrepublikken.no\/index.php\/2026\/04\/30\/mai-helligdager-dgt-forbereder-seg-mens-veiene-star-overfor-stor-utvandring-i-spania\/#primaryimage"},"thumbnailUrl":"https:\/\/nordnesrepublikken.no\/wp-content\/uploads\/2026\/04\/1777552372_Mai-helligdager-DGT-forbereder-seg-mens-veiene-star-overfor-stor.jpg","datePublished":"2026-04-30T12:32:51+00:00","dateModified":"2026-04-30T12:32:53+00:00","breadcrumb":{"@id":"https:\/\/nordnesrepublikken.no\/index.php\/2026\/04\/30\/mai-helligdager-dgt-forbereder-seg-mens-veiene-star-overfor-stor-utvandring-i-spania\/#breadcrumb"},"inLanguage":"nb-NO","potentialAction":[{"@type":"ReadAction","target":["https:\/\/nordnesrepublikken.no\/index.php\/2026\/04\/30\/mai-helligdager-dgt-forbereder-seg-mens-veiene-star-overfor-stor-utvandring-i-spania\/"]}]},{"@type":"ImageObject","inLanguage":"nb-NO","@id":"https:\/\/nordnesrepublikken.no\/index.php\/2026\/04\/30\/mai-helligdager-dgt-forbereder-seg-mens-veiene-star-overfor-stor-utvandring-i-spania\/#primaryimage","url":"https:\/\/nordnesrepublikken.no\/wp-content\/uploads\/2026\/04\/1777552372_Mai-helligdager-DGT-forbereder-seg-mens-veiene-star-overfor-stor.jpg","contentUrl":"https:\/\/nordnesrepublikken.no\/wp-content\/uploads\/2026\/04\/1777552372_Mai-helligdager-DGT-forbereder-seg-mens-veiene-star-overfor-stor.jpg","width":1600,"height":1200,"caption":"Mai helligdager: DGT forbereder seg mens veiene st\u00e5r overfor stor utvandring i Spania"},{"@type":"BreadcrumbList","@id":"https:\/\/nordnesrepublikken.no\/index.php\/2026\/04\/30\/mai-helligdager-dgt-forbereder-seg-mens-veiene-star-overfor-stor-utvandring-i-spania\/#breadcrumb","itemListElement":[{"@type":"ListItem","position":1,"name":"Home","item":"https:\/\/nordnesrepublikken.no\/"},{"@type":"ListItem","position":2,"name":"Mai helligdager: DGT forbereder seg mens veiene st\u00e5r overfor stor utvandring i Spania"}]},{"@type":"WebSite","@id":"https:\/\/nordnesrepublikken.no\/#website","url":"https:\/\/nordnesrepublikken.no\/","name":"Nordnesrepublikken","description":"Stemmer og Visjoner fra Republikkens Hjerte","publisher":{"@id":"https:\/\/nordnesrepublikken.no\/#organization"},"potentialAction":[{"@type":"SearchAction","target":{"@type":"EntryPoint","urlTemplate":"https:\/\/nordnesrepublikken.no\/?s={search_term_string}"},"query-input":{"@type":"PropertyValueSpecification","valueRequired":true,"valueName":"search_term_string"}}],"inLanguage":"nb-NO"},{"@type":"Organization","@id":"https:\/\/nordnesrepublikken.no\/#organization","name":"Nordnesrepublikken","url":"https:\/\/nordnesrepublikken.no\/","logo":{"@type":"ImageObject","inLanguage":"nb-NO","@id":"https:\/\/nordnesrepublikken.no\/#\/schema\/logo\/image\/","url":"https:\/\/nordnesrepublikken.no\/wp-content\/uploads\/2025\/02\/cropped-nordnesrepublikken-2.png","contentUrl":"https:\/\/nordnesrepublikken.no\/wp-content\/uploads\/2025\/02\/cropped-nordnesrepublikken-2.png","width":1248,"height":362,"caption":"Nordnesrepublikken"},"image":{"@id":"https:\/\/nordnesrepublikken.no\/#\/schema\/logo\/image\/"}},{"@type":"Person","@id":"https:\/\/nordnesrepublikken.no\/#\/schema\/person\/2e7e81935bab77882fffb79296240ff1","name":"Ole Andersen","image":{"@type":"ImageObject","inLanguage":"nb-NO","@id":"https:\/\/nordnesrepublikken.no\/#\/schema\/person\/image\/","url":"https:\/\/nordnesrepublikken.no\/wp-content\/uploads\/2025\/02\/nordnesrepublikken-2-2-150x150.jpg","contentUrl":"https:\/\/nordnesrepublikken.no\/wp-content\/uploads\/2025\/02\/nordnesrepublikken-2-2-150x150.jpg","caption":"Ole Andersen"},"description":"Ettersom jeg vokste opp i Oslo, har jeg alltid v\u00e6rt fascinert av ordenes kraft og deres evne til \u00e5 skape endringer. Etter \u00e5 ha fullf\u00f8rt min utdannelse i kommunikasjon ved Universitetet i Bergen, fikk jeg muligheten til \u00e5 jobbe innen ulike medier, der jeg har s\u00f8kt \u00e5 belyse viktige samfunnssp\u00f8rsm\u00e5l. I dag, som redakt\u00f8r for Nordnesrepublikken, pr\u00f8ver jeg \u00e5 forene min kj\u00e6rlighet for journalistikk med min lidenskap for innovasjon og eventyr.","sameAs":["https:\/\/nordnesrepublikken.no\/"]}]}},"_links":{"self":[{"href":"https:\/\/nordnesrepublikken.no\/index.php\/wp-json\/wp\/v2\/posts\/17616","targetHints":{"allow":["GET"]}}],"collection":[{"href":"https:\/\/nordnesrepublikken.no\/index.php\/wp-json\/wp\/v2\/posts"}],"about":[{"href":"https:\/\/nordnesrepublikken.no\/index.php\/wp-json\/wp\/v2\/types\/post"}],"author":[{"embeddable":true,"href":"https:\/\/nordnesrepublikken.no\/index.php\/wp-json\/wp\/v2\/users\/1"}],"replies":[{"embeddable":true,"href":"https:\/\/nordnesrepublikken.no\/index.php\/wp-json\/wp\/v2\/comments?post=17616"}],"version-history":[{"count":1,"href":"https:\/\/nordnesrepublikken.no\/index.php\/wp-json\/wp\/v2\/posts\/17616\/revisions"}],"predecessor-version":[{"id":17618,"href":"https:\/\/nordnesrepublikken.no\/index.php\/wp-json\/wp\/v2\/posts\/17616\/revisions\/17618"}],"wp:featuredmedia":[{"embeddable":true,"href":"https:\/\/nordnesrepublikken.no\/index.php\/wp-json\/wp\/v2\/media\/17617"}],"wp:attachment":[{"href":"https:\/\/nordnesrepublikken.no\/index.php\/wp-json\/wp\/v2\/media?parent=17616"}],"wp:term":[{"taxonomy":"category","embeddable":true,"href":"https:\/\/nordnesrepublikken.no\/index.php\/wp-json\/wp\/v2\/categories?post=17616"},{"taxonomy":"post_tag","embeddable":true,"href":"https:\/\/nordnesrepublikken.no\/index.php\/wp-json\/wp\/v2\/tags?post=17616"}],"curies":[{"name":"wp","href":"https:\/\/api.w.org\/{rel}","templated":true}]}}